{"id":7360,"date":"2025-02-08T14:23:00","date_gmt":"2025-02-08T13:23:00","guid":{"rendered":"https:\/\/slams.fr\/blog\/?p=7360"},"modified":"2025-02-08T11:26:32","modified_gmt":"2025-02-08T10:26:32","slug":"la-musique-slam-une-voix-pour-exprimer-le-confinement","status":"publish","type":"post","link":"https:\/\/slams.fr\/blog\/a-la-une\/la-musique-slam-une-voix-pour-exprimer-le-confinement\/","title":{"rendered":"La musique slam : une voix pour exprimer le confinement"},"content":{"rendered":"<h2>Introduction : le slam comme refuge durant le confinement<\/h2>\n<p>Parmi les genres qui ont su vibrer au rythme de cette p\u00e9riode difficile, le slam s&rsquo;affiche comme une voix authentique pour exprimer les \u00e9motions et les luttes personnelles. Comment cette forme d&rsquo;art a-t-elle r\u00e9ussi \u00e0 capter l&rsquo;attention de ceux qui se sont sentis isol\u00e9s et d\u00e9sempar\u00e9s ?<\/p>\n<h2>Le slam : une d\u00e9finition accessible et engag\u00e9e<\/h2>\n<p>Le slam, souvent per\u00e7u comme une po\u00e9sie urbaine, se caract\u00e9rise par son rythme, sa musicalit\u00e9 et ses th\u00e9matiques fortes. C&rsquo;est une forme d&rsquo;expression artistique qui permet aux artistes de partager leur v\u00e9cu, leurs convictions et leurs r\u00e9voltes. En p\u00e9riode de confinement, le slam est devenu un moyen puissant de v\u00e9hiculer des sentiments d&rsquo;angoisse, de solitude, mais aussi d&rsquo;espoir.<\/p>\n<p>Des artistes comme Grand Corps Malade ou Keny Arkana ont su s&rsquo;approprier cette forme d&rsquo;art pour aborder des sujets contemporains. Leurs textes r\u00e9sonnent avec la r\u00e9alit\u00e9 de chacun, rendant le slam accessible et f\u00e9d\u00e9rateur.<\/p>\n<h2>L&rsquo;impact du confinement sur la cr\u00e9ation slam<\/h2>\n<p>La pand\u00e9mie a engendr\u00e9 une explosion de cr\u00e9ativit\u00e9 parmi les slameurs. Priv\u00e9s de sc\u00e8nes, ces artistes ont trouv\u00e9 refuge dans les r\u00e9seaux sociaux et les plateformes de streaming pour partager leurs \u0153uvres. Cette transition a permis de toucher un public plus large, souvent r\u00e9ceptif aux \u00e9motions brutes exprim\u00e9es \u00e0 travers les textes. La solitude du confinement a inspir\u00e9 de nouveaux morceaux, refl\u00e9tant les d\u00e9fis quotidiens et les luttes personnelles.<img decoding=\"async\" width=\"1024\" height=\"576\" src=\"https:\/\/slams.fr\/blog\/wp-content\/uploads\/2025\/02\/stability-la-musique-slam-une-voix-pour-exprimer-le-confinement-1.png\" class=\"aligncenter\" alt=\"Illustration d\u00e9taill\u00e9e sur La musique slam : une voix pour exprimer le confinement\" title=\"La musique slam : une voix pour exprimer le confinement\" loading=\"lazy\" \/><\/p>\n<p>Un exemple marquant est le projet \u00ab\u00a0Slam de confinement\u00a0\u00bb, qui a rassembl\u00e9 des artistes autour de th\u00e9matiques communes comme l&rsquo;isolement et l&rsquo;espoir. Ces cr\u00e9ations ont permis de cr\u00e9er des liens, de partager des exp\u00e9riences et de renforcer un sentiment de communaut\u00e9.<\/p>\n<h2>Les th\u00e8mes r\u00e9currents dans le slam de confinement<\/h2>\n<ul>\n<li><strong>La solitude :<\/strong> De nombreux slameurs ont \u00e9voqu\u00e9 le sentiment d&rsquo;isolement, rendant palpable la souffrance de ceux qui se sont retrouv\u00e9s seuls pendant cette p\u00e9riode.<\/li>\n<li><strong>La r\u00e9sistance :<\/strong> Le slam devient un cri de ralliement, une mani\u00e8re de revendiquer des droits et de soutenir les plus fragiles.<\/li>\n<li><strong>L&rsquo;espoir :<\/strong> Malgr\u00e9 la noirceur du contexte, de nombreux artistes ont su insuffler une note d&rsquo;espoir, invitant \u00e0 la r\u00e9silience et \u00e0 la solidarit\u00e9.<\/li>\n<\/ul>\n<h2>Exemples d&rsquo;\u0153uvres marquantes<\/h2>\n<p>Des cr\u00e9ations comme \u00ab\u00a0L&rsquo;isolement\u00a0\u00bb par un slameur anonyme ou \u00ab\u00a0Un autre jour\u00a0\u00bb par un artiste \u00e9mergent illustrent parfaitement ces th\u00e8mes. Ces textes, souvent partag\u00e9s sur YouTube, ont touch\u00e9 des milliers de personnes, prouvant que la musique slam peut transcender les barri\u00e8res physiques impos\u00e9es par le confinement.<\/p>\n<p>Voici un tableau r\u00e9capitulatif des artistes et de leurs \u0153uvres embl\u00e9matiques pendant cette p\u00e9riode :<\/p>\n<table>\n<tr>\n<th>Artiste<\/th>\n<th>\u0152uvre<\/th>\n<th>Th\u00e8me principal<\/th>\n<\/tr>\n<tr>\n<td>Grand Corps Malade<\/td>\n<td>\u201cJe te promets\u201d<\/td>\n<td>Espoir et amour<\/td>\n<\/tr>\n<tr>\n<td>Keny Arkana<\/td>\n<td>\u201cLa rage\u201d<\/td>\n<td>R\u00e9sistance<\/td>\n<\/tr>\n<tr>\n<td>Un slameur anonyme<\/td>\n<td>\u201cL&rsquo;isolement\u201d<\/td>\n<td>Solitude<\/td>\n<\/tr>\n<\/table>\n<p><iframe loading=\"lazy\" title=\"D\u00e9monstration en version am\u00e9lior\u00e9e( Slam)\" width=\"1200\" height=\"900\" src=\"https:\/\/www.youtube.com\/embed\/soNl8ijCRlE?feature=oembed\" frameborder=\"0\" allow=\"accelerometer; autoplay; clipboard-write; encrypted-media; gyroscope; picture-in-picture; web-share\" referrerpolicy=\"strict-origin-when-cross-origin\" allowfullscreen><\/iframe><\/p>\n<h2>Conclusion : le slam, une voix pour l&rsquo;avenir<\/h2>\n<p>Le slam a prouv\u00e9 sa capacit\u00e9 \u00e0 s&rsquo;adapter, \u00e0 \u00e9voluer et \u00e0 r\u00e9sonner avec un public en qu\u00eate de sens. En offrant un espace d&rsquo;expression aux \u00e9motions li\u00e9es au confinement, il est devenu un v\u00e9ritable outil de r\u00e9silience. \u00c0 l&rsquo;avenir, cette forme d&rsquo;art continuera sans aucun doute \u00e0 jouer un r\u00f4le central dans la r\u00e9invention de notre soci\u00e9t\u00e9, en abordant des enjeux contemporains et en rassemblant des voix diverses.<\/p>\n<h3>FAQ :<\/h3>\n<blockquote>\n<ul>\n<li><strong>Qu&rsquo;est-ce que le slam ?<\/strong>Le slam est une forme de po\u00e9sie perform\u00e9e qui traite de th\u00e9matiques vari\u00e9es, souvent en lien avec la r\u00e9alit\u00e9 sociale.<\/li>\n<li><strong>Comment le confinement a-t-il influenc\u00e9 le slam ?<\/strong>Le confinement a pouss\u00e9 de nombreux slameurs \u00e0 cr\u00e9er de nouvelles \u0153uvres, abordant des th\u00e8mes d&rsquo;isolement et d&rsquo;espoir.<\/li>\n<li><strong>Qui sont les artistes slam les plus influents ?<\/strong>Des artistes comme Grand Corps Malade et Keny Arkana ont marqu\u00e9 le genre par leurs textes poignants.<\/li>\n<li><strong>Comment le slam peut-il aider \u00e0 surmonter des p\u00e9riodes difficiles ?<\/strong>Il permet d&rsquo;exprimer des \u00e9motions, de partager des exp\u00e9riences et de cr\u00e9er des liens entre les individus.<\/li>\n<\/ul>\n<\/blockquote>\n","protected":false},"excerpt":{"rendered":"","protected":false},"author":34,"featured_media":7361,"comment_status":"open","ping_status":"open","sticky":false,"template":"","format":"standard","meta":{"_acf_changed":false,"manual_indexmenow":false,"indexmenow_id_project":0,"footnotes":""},"categories":[1],"tags":[4527,2608,4529,4193,4526,4528],"class_list":["post-7360","post","type-post","status-publish","format-standard","has-post-thumbnail","hentry","category-a-la-une","tag-confinement","tag-creativite","tag-espoir","tag-resistance","tag-slam","tag-solitude","generate-columns","tablet-grid-50","mobile-grid-100","grid-parent","grid-25"],"acf":[],"yoast_head":"<!-- This site is optimized with the Yoast SEO Premium plugin v21.3 (Yoast SEO v26.5) - https:\/\/yoast.com\/wordpress\/plugins\/seo\/ -->\n<title>La musique slam : une voix pour exprimer le confinement<\/title>\n<meta name=\"description\" content=\"Parmi les genres qui ont su vibrer au rythme de cette p\u00e9riode difficile, le slam s&#039;affiche comme une voix authentique pour exprimer les \u00e9motions\" \/>\n<meta name=\"robots\" content=\"index, follow, max-snippet:-1, max-image-preview:large, max-video-preview:-1\" \/>\n<link rel=\"canonical\" href=\"https:\/\/slams.fr\/blog\/a-la-une\/la-musique-slam-une-voix-pour-exprimer-le-confinement\/\" \/>\n<meta property=\"og:locale\" content=\"fr_FR\" \/>\n<meta property=\"og:type\" content=\"article\" \/>\n<meta property=\"og:title\" content=\"La musique slam : une voix pour exprimer le confinement\" \/>\n<meta property=\"og:description\" content=\"Parmi les genres qui ont su vibrer au rythme de cette p\u00e9riode difficile, le slam s&#039;affiche comme une voix authentique pour exprimer les \u00e9motions\" \/>\n<meta property=\"og:url\" content=\"https:\/\/slams.fr\/blog\/a-la-une\/la-musique-slam-une-voix-pour-exprimer-le-confinement\/\" \/>\n<meta property=\"og:site_name\" content=\"slams\" \/>\n<meta property=\"og:image\" content=\"https:\/\/slams.fr\/blog\/wp-content\/uploads\/2025\/02\/stability-la-musique-slam-une-voix-pour-exprimer-le-confinement.png\" \/>\n\t<meta property=\"og:image:width\" content=\"1024\" \/>\n\t<meta property=\"og:image:height\" content=\"576\" \/>\n\t<meta property=\"og:image:type\" content=\"image\/png\" \/>\n<meta name=\"author\" content=\"Rapha\u00ebl D.\" \/>\n<meta name=\"twitter:card\" content=\"summary_large_image\" \/>\n<script type=\"application\/ld+json\" class=\"yoast-schema-graph\">{\"@context\":\"https:\/\/schema.org\",\"@graph\":[{\"@type\":\"NewsArticle\",\"@id\":\"https:\/\/slams.fr\/blog\/a-la-une\/la-musique-slam-une-voix-pour-exprimer-le-confinement\/#article\",\"isPartOf\":{\"@id\":\"https:\/\/slams.fr\/blog\/a-la-une\/la-musique-slam-une-voix-pour-exprimer-le-confinement\/\"},\"author\":{\"name\":\"Rapha\u00ebl D.\",\"@id\":\"https:\/\/slams.fr\/blog\/#\/schema\/person\/3c864cdc320801e3db34b663e7e3f816\"},\"headline\":\"La musique slam : une voix pour exprimer le confinement\",\"datePublished\":\"2025-02-08T13:23:00+00:00\",\"mainEntityOfPage\":{\"@id\":\"https:\/\/slams.fr\/blog\/a-la-une\/la-musique-slam-une-voix-pour-exprimer-le-confinement\/\"},\"wordCount\":708,\"commentCount\":29,\"publisher\":{\"@id\":\"https:\/\/slams.fr\/blog\/#organization\"},\"image\":{\"@id\":\"https:\/\/slams.fr\/blog\/a-la-une\/la-musique-slam-une-voix-pour-exprimer-le-confinement\/#primaryimage\"},\"thumbnailUrl\":\"https:\/\/slams.fr\/blog\/wp-content\/uploads\/2025\/02\/stability-la-musique-slam-une-voix-pour-exprimer-le-confinement.png\",\"keywords\":[\"Confinement\",\"Creativit\u00e9\",\"Espoir\",\"R\u00e9sistance\",\"Slam\",\"Solitude\"],\"articleSection\":[\"\u00c0 la une\"],\"inLanguage\":\"fr-FR\",\"potentialAction\":[{\"@type\":\"CommentAction\",\"name\":\"Comment\",\"target\":[\"https:\/\/slams.fr\/blog\/a-la-une\/la-musique-slam-une-voix-pour-exprimer-le-confinement\/#respond\"]}]},{\"@type\":\"WebPage\",\"@id\":\"https:\/\/slams.fr\/blog\/a-la-une\/la-musique-slam-une-voix-pour-exprimer-le-confinement\/\",\"url\":\"https:\/\/slams.fr\/blog\/a-la-une\/la-musique-slam-une-voix-pour-exprimer-le-confinement\/\",\"name\":\"La musique slam : une voix pour exprimer le confinement\",\"isPartOf\":{\"@id\":\"https:\/\/slams.fr\/blog\/#website\"},\"primaryImageOfPage\":{\"@id\":\"https:\/\/slams.fr\/blog\/a-la-une\/la-musique-slam-une-voix-pour-exprimer-le-confinement\/#primaryimage\"},\"image\":{\"@id\":\"https:\/\/slams.fr\/blog\/a-la-une\/la-musique-slam-une-voix-pour-exprimer-le-confinement\/#primaryimage\"},\"thumbnailUrl\":\"https:\/\/slams.fr\/blog\/wp-content\/uploads\/2025\/02\/stability-la-musique-slam-une-voix-pour-exprimer-le-confinement.png\",\"datePublished\":\"2025-02-08T13:23:00+00:00\",\"description\":\"Parmi les genres qui ont su vibrer au rythme de cette p\u00e9riode difficile, le slam s'affiche comme une voix authentique pour exprimer les \u00e9motions\",\"inLanguage\":\"fr-FR\",\"potentialAction\":[{\"@type\":\"ReadAction\",\"target\":[\"https:\/\/slams.fr\/blog\/a-la-une\/la-musique-slam-une-voix-pour-exprimer-le-confinement\/\"]}]},{\"@type\":\"ImageObject\",\"inLanguage\":\"fr-FR\",\"@id\":\"https:\/\/slams.fr\/blog\/a-la-une\/la-musique-slam-une-voix-pour-exprimer-le-confinement\/#primaryimage\",\"url\":\"https:\/\/slams.fr\/blog\/wp-content\/uploads\/2025\/02\/stability-la-musique-slam-une-voix-pour-exprimer-le-confinement.png\",\"contentUrl\":\"https:\/\/slams.fr\/blog\/wp-content\/uploads\/2025\/02\/stability-la-musique-slam-une-voix-pour-exprimer-le-confinement.png\",\"width\":1024,\"height\":576},{\"@type\":\"WebSite\",\"@id\":\"https:\/\/slams.fr\/blog\/#website\",\"url\":\"https:\/\/slams.fr\/blog\/\",\"name\":\"slams.fr\",\"description\":\"Slams, l&#039;\u00e9nergie des mots en action\",\"publisher\":{\"@id\":\"https:\/\/slams.fr\/blog\/#organization\"},\"alternateName\":\"Slams, l'\u00e9nergie des mots en action\",\"potentialAction\":[{\"@type\":\"SearchAction\",\"target\":{\"@type\":\"EntryPoint\",\"urlTemplate\":\"https:\/\/slams.fr\/blog\/?s={search_term_string}\"},\"query-input\":{\"@type\":\"PropertyValueSpecification\",\"valueRequired\":true,\"valueName\":\"search_term_string\"}}],\"inLanguage\":\"fr-FR\"},{\"@type\":\"Organization\",\"@id\":\"https:\/\/slams.fr\/blog\/#organization\",\"name\":\"Foretsensations.fr\",\"url\":\"https:\/\/slams.fr\/blog\/\",\"logo\":{\"@type\":\"ImageObject\",\"inLanguage\":\"fr-FR\",\"@id\":\"https:\/\/slams.fr\/blog\/#\/schema\/logo\/image\/\",\"url\":\"https:\/\/slams.fr\/blog\/wp-content\/uploads\/2026\/07\/logo-auto-1.png\",\"contentUrl\":\"https:\/\/slams.fr\/blog\/wp-content\/uploads\/2026\/07\/logo-auto-1.png\",\"width\":1024,\"height\":1024,\"caption\":\"Foretsensations.fr\"},\"image\":{\"@id\":\"https:\/\/slams.fr\/blog\/#\/schema\/logo\/image\/\"}},{\"@type\":\"Person\",\"@id\":\"https:\/\/slams.fr\/blog\/#\/schema\/person\/3c864cdc320801e3db34b663e7e3f816\",\"name\":\"Rapha\u00ebl D.\",\"image\":{\"@type\":\"ImageObject\",\"inLanguage\":\"fr-FR\",\"@id\":\"https:\/\/slams.fr\/blog\/#\/schema\/person\/image\/\",\"url\":\"https:\/\/slams.fr\/blog\/wp-content\/uploads\/2026\/06\/persona_raphael-d-96x96.jpg\",\"contentUrl\":\"https:\/\/slams.fr\/blog\/wp-content\/uploads\/2026\/06\/persona_raphael-d-96x96.jpg\",\"caption\":\"Rapha\u00ebl D.\"},\"description\":\"La culture est mon terrain de jeu depuis une dizaine d'ann\u00e9es : arts visuels, s\u00e9ries, cr\u00e9ation et tout ce qui nourrit l'imaginaire. J'\u00e9cris aussi bien sur l'actualit\u00e9 des \u0153uvres que sur les coulisses de la cr\u00e9ation, avec l'envie de relier l'amateur curieux \u00e0 des univers parfois jug\u00e9s intimidants. J'aime analyser une s\u00e9rie ou une d\u00e9marche artistique sans p\u00e9dantisme, replacer une \u0153uvre dans son contexte et donner des cl\u00e9s de lecture accessibles. Avant de publier, je v\u00e9rifie mes r\u00e9f\u00e9rences, je recoupe les sources et je distingue clairement le fait de mon interpr\u00e9tation subjective. Je crois qu'une critique vaut surtout par les arguments qu'elle expose, pas par la sentence qu'elle rend. Mon angle : transmettre l'envie de d\u00e9couvrir, de regarder autrement et de se forger son propre go\u00fbt. La culture n'appartient pas qu'aux initi\u00e9s, et c'est tout l'enjeu de mon \u00e9criture.\",\"url\":\"https:\/\/slams.fr\/blog\/auteur\/raphael-d\/\",\"jobTitle\":\"R\u00e9dacteur en chef \u00b7 Culture & Cr\u00e9ation\",\"knowsAbout\":[\"Culture\",\"Cr\u00e9ation\"],\"email\":\"raphael.d@a-l-asso-de-l-art.fr\"}]}<\/script>\n<!-- \/ Yoast SEO Premium plugin. -->","yoast_head_json":{"title":"La musique slam : une voix pour exprimer le confinement","description":"Parmi les genres qui ont su vibrer au rythme de cette p\u00e9riode difficile, le slam s'affiche comme une voix authentique pour exprimer les \u00e9motions","robots":{"index":"index","follow":"follow","max-snippet":"max-snippet:-1","max-image-preview":"max-image-preview:large","max-video-preview":"max-video-preview:-1"},"canonical":"https:\/\/slams.fr\/blog\/a-la-une\/la-musique-slam-une-voix-pour-exprimer-le-confinement\/","og_locale":"fr_FR","og_type":"article","og_title":"La musique slam : une voix pour exprimer le confinement","og_description":"Parmi les genres qui ont su vibrer au rythme de cette p\u00e9riode difficile, le slam s'affiche comme une voix authentique pour exprimer les \u00e9motions","og_url":"https:\/\/slams.fr\/blog\/a-la-une\/la-musique-slam-une-voix-pour-exprimer-le-confinement\/","og_site_name":"slams","og_image":[{"width":1024,"height":576,"url":"https:\/\/slams.fr\/blog\/wp-content\/uploads\/2025\/02\/stability-la-musique-slam-une-voix-pour-exprimer-le-confinement.png","type":"image\/png"}],"author":"Rapha\u00ebl D.","twitter_card":"summary_large_image","schema":{"@context":"https:\/\/schema.org","@graph":[{"@type":"NewsArticle","@id":"https:\/\/slams.fr\/blog\/a-la-une\/la-musique-slam-une-voix-pour-exprimer-le-confinement\/#article","isPartOf":{"@id":"https:\/\/slams.fr\/blog\/a-la-une\/la-musique-slam-une-voix-pour-exprimer-le-confinement\/"},"author":{"name":"Rapha\u00ebl D.","@id":"https:\/\/slams.fr\/blog\/#\/schema\/person\/3c864cdc320801e3db34b663e7e3f816"},"headline":"La musique slam : une voix pour exprimer le confinement","datePublished":"2025-02-08T13:23:00+00:00","mainEntityOfPage":{"@id":"https:\/\/slams.fr\/blog\/a-la-une\/la-musique-slam-une-voix-pour-exprimer-le-confinement\/"},"wordCount":708,"commentCount":29,"publisher":{"@id":"https:\/\/slams.fr\/blog\/#organization"},"image":{"@id":"https:\/\/slams.fr\/blog\/a-la-une\/la-musique-slam-une-voix-pour-exprimer-le-confinement\/#primaryimage"},"thumbnailUrl":"https:\/\/slams.fr\/blog\/wp-content\/uploads\/2025\/02\/stability-la-musique-slam-une-voix-pour-exprimer-le-confinement.png","keywords":["Confinement","Creativit\u00e9","Espoir","R\u00e9sistance","Slam","Solitude"],"articleSection":["\u00c0 la une"],"inLanguage":"fr-FR","potentialAction":[{"@type":"CommentAction","name":"Comment","target":["https:\/\/slams.fr\/blog\/a-la-une\/la-musique-slam-une-voix-pour-exprimer-le-confinement\/#respond"]}]},{"@type":"WebPage","@id":"https:\/\/slams.fr\/blog\/a-la-une\/la-musique-slam-une-voix-pour-exprimer-le-confinement\/","url":"https:\/\/slams.fr\/blog\/a-la-une\/la-musique-slam-une-voix-pour-exprimer-le-confinement\/","name":"La musique slam : une voix pour exprimer le confinement","isPartOf":{"@id":"https:\/\/slams.fr\/blog\/#website"},"primaryImageOfPage":{"@id":"https:\/\/slams.fr\/blog\/a-la-une\/la-musique-slam-une-voix-pour-exprimer-le-confinement\/#primaryimage"},"image":{"@id":"https:\/\/slams.fr\/blog\/a-la-une\/la-musique-slam-une-voix-pour-exprimer-le-confinement\/#primaryimage"},"thumbnailUrl":"https:\/\/slams.fr\/blog\/wp-content\/uploads\/2025\/02\/stability-la-musique-slam-une-voix-pour-exprimer-le-confinement.png","datePublished":"2025-02-08T13:23:00+00:00","description":"Parmi les genres qui ont su vibrer au rythme de cette p\u00e9riode difficile, le slam s'affiche comme une voix authentique pour exprimer les \u00e9motions","inLanguage":"fr-FR","potentialAction":[{"@type":"ReadAction","target":["https:\/\/slams.fr\/blog\/a-la-une\/la-musique-slam-une-voix-pour-exprimer-le-confinement\/"]}]},{"@type":"ImageObject","inLanguage":"fr-FR","@id":"https:\/\/slams.fr\/blog\/a-la-une\/la-musique-slam-une-voix-pour-exprimer-le-confinement\/#primaryimage","url":"https:\/\/slams.fr\/blog\/wp-content\/uploads\/2025\/02\/stability-la-musique-slam-une-voix-pour-exprimer-le-confinement.png","contentUrl":"https:\/\/slams.fr\/blog\/wp-content\/uploads\/2025\/02\/stability-la-musique-slam-une-voix-pour-exprimer-le-confinement.png","width":1024,"height":576},{"@type":"WebSite","@id":"https:\/\/slams.fr\/blog\/#website","url":"https:\/\/slams.fr\/blog\/","name":"slams.fr","description":"Slams, l&#039;\u00e9nergie des mots en action","publisher":{"@id":"https:\/\/slams.fr\/blog\/#organization"},"alternateName":"Slams, l'\u00e9nergie des mots en action","potentialAction":[{"@type":"SearchAction","target":{"@type":"EntryPoint","urlTemplate":"https:\/\/slams.fr\/blog\/?s={search_term_string}"},"query-input":{"@type":"PropertyValueSpecification","valueRequired":true,"valueName":"search_term_string"}}],"inLanguage":"fr-FR"},{"@type":"Organization","@id":"https:\/\/slams.fr\/blog\/#organization","name":"Foretsensations.fr","url":"https:\/\/slams.fr\/blog\/","logo":{"@type":"ImageObject","inLanguage":"fr-FR","@id":"https:\/\/slams.fr\/blog\/#\/schema\/logo\/image\/","url":"https:\/\/slams.fr\/blog\/wp-content\/uploads\/2026\/07\/logo-auto-1.png","contentUrl":"https:\/\/slams.fr\/blog\/wp-content\/uploads\/2026\/07\/logo-auto-1.png","width":1024,"height":1024,"caption":"Foretsensations.fr"},"image":{"@id":"https:\/\/slams.fr\/blog\/#\/schema\/logo\/image\/"}},{"@type":"Person","@id":"https:\/\/slams.fr\/blog\/#\/schema\/person\/3c864cdc320801e3db34b663e7e3f816","name":"Rapha\u00ebl D.","image":{"@type":"ImageObject","inLanguage":"fr-FR","@id":"https:\/\/slams.fr\/blog\/#\/schema\/person\/image\/","url":"https:\/\/slams.fr\/blog\/wp-content\/uploads\/2026\/06\/persona_raphael-d-96x96.jpg","contentUrl":"https:\/\/slams.fr\/blog\/wp-content\/uploads\/2026\/06\/persona_raphael-d-96x96.jpg","caption":"Rapha\u00ebl D."},"description":"La culture est mon terrain de jeu depuis une dizaine d'ann\u00e9es : arts visuels, s\u00e9ries, cr\u00e9ation et tout ce qui nourrit l'imaginaire. J'\u00e9cris aussi bien sur l'actualit\u00e9 des \u0153uvres que sur les coulisses de la cr\u00e9ation, avec l'envie de relier l'amateur curieux \u00e0 des univers parfois jug\u00e9s intimidants. J'aime analyser une s\u00e9rie ou une d\u00e9marche artistique sans p\u00e9dantisme, replacer une \u0153uvre dans son contexte et donner des cl\u00e9s de lecture accessibles. Avant de publier, je v\u00e9rifie mes r\u00e9f\u00e9rences, je recoupe les sources et je distingue clairement le fait de mon interpr\u00e9tation subjective. Je crois qu'une critique vaut surtout par les arguments qu'elle expose, pas par la sentence qu'elle rend. Mon angle : transmettre l'envie de d\u00e9couvrir, de regarder autrement et de se forger son propre go\u00fbt. La culture n'appartient pas qu'aux initi\u00e9s, et c'est tout l'enjeu de mon \u00e9criture.","url":"https:\/\/slams.fr\/blog\/auteur\/raphael-d\/","jobTitle":"R\u00e9dacteur en chef \u00b7 Culture & Cr\u00e9ation","knowsAbout":["Culture","Cr\u00e9ation"],"email":"raphael.d@a-l-asso-de-l-art.fr"}]}},"_links":{"self":[{"href":"https:\/\/slams.fr\/blog\/wp-json\/wp\/v2\/posts\/7360","targetHints":{"allow":["GET"]}}],"collection":[{"href":"https:\/\/slams.fr\/blog\/wp-json\/wp\/v2\/posts"}],"about":[{"href":"https:\/\/slams.fr\/blog\/wp-json\/wp\/v2\/types\/post"}],"author":[{"embeddable":true,"href":"https:\/\/slams.fr\/blog\/wp-json\/wp\/v2\/users\/34"}],"replies":[{"embeddable":true,"href":"https:\/\/slams.fr\/blog\/wp-json\/wp\/v2\/comments?post=7360"}],"version-history":[{"count":2,"href":"https:\/\/slams.fr\/blog\/wp-json\/wp\/v2\/posts\/7360\/revisions"}],"predecessor-version":[{"id":7448,"href":"https:\/\/slams.fr\/blog\/wp-json\/wp\/v2\/posts\/7360\/revisions\/7448"}],"wp:featuredmedia":[{"embeddable":true,"href":"https:\/\/slams.fr\/blog\/wp-json\/wp\/v2\/media\/7361"}],"wp:attachment":[{"href":"https:\/\/slams.fr\/blog\/wp-json\/wp\/v2\/media?parent=7360"}],"wp:term":[{"taxonomy":"category","embeddable":true,"href":"https:\/\/slams.fr\/blog\/wp-json\/wp\/v2\/categories?post=7360"},{"taxonomy":"post_tag","embeddable":true,"href":"https:\/\/slams.fr\/blog\/wp-json\/wp\/v2\/tags?post=7360"}],"curies":[{"name":"wp","href":"https:\/\/api.w.org\/{rel}","templated":true}]}}