{"id":7364,"date":"2025-02-09T14:23:00","date_gmt":"2025-02-09T13:23:00","guid":{"rendered":"https:\/\/slams.fr\/blog\/?p=7364"},"modified":"2025-02-08T11:27:22","modified_gmt":"2025-02-08T10:27:22","slug":"decouverte-du-slam-lart-de-la-poesie-musicale-et-de-lexpression-personnelle","status":"publish","type":"post","link":"https:\/\/slams.fr\/blog\/a-la-une\/decouverte-du-slam-lart-de-la-poesie-musicale-et-de-lexpression-personnelle\/","title":{"rendered":"D\u00e9couverte du slam : l&rsquo;art de la po\u00e9sie musicale et de l&rsquo;expression personnelle"},"content":{"rendered":"<p>Cette pratique offre une plateforme unique aux artistes pour partager leurs pens\u00e9es et \u00e9motions \u00e0 travers des mots rythm\u00e9s. Que vous soyez amateur de musique ou passionn\u00e9 de litt\u00e9rature, le slam m\u00e9rite une attention particuli\u00e8re. Voyons ensemble ce qui rend cet art si captivant.<\/p>\n<h2>Qu&rsquo;est-ce que le slam ?<\/h2>\n<p>Le slam, souvent associ\u00e9 \u00e0 la po\u00e9sie urbaine, trouve ses racines dans les ann\u00e9es 1980 aux \u00c9tats-Unis. Cela consiste en des performances de po\u00e9sie sur sc\u00e8ne, o\u00f9 les participants, appel\u00e9s \u00ab\u00a0slameurs\u00a0\u00bb, r\u00e9citent leurs textes devant un public. Contrairement \u00e0 la po\u00e9sie traditionnelle, le slam privil\u00e9gie l&rsquo;\u00e9nergie, l&rsquo;interaction et l&rsquo;\u00e9motion. Ce n&rsquo;est pas seulement une question de mots ; c&rsquo;est aussi une question de pr\u00e9sence sc\u00e9nique.<\/p>\n<p>Les slameurs utilisent des techniques vari\u00e9es, comme le rythme, la rime et la r\u00e9p\u00e9tition, pour captiver leur auditoire. Les th\u00e8mes abord\u00e9s vont de l&rsquo;amour \u00e0 la critique sociale, en passant par des r\u00e9flexions personnelles. Le slam se positionne ainsi comme un puissant vecteur d&rsquo;expression et de revendication.<\/p>\n<h2>L&rsquo;impact du slam sur la culture contemporaine<\/h2>\n<p>Le slam a connu une popularit\u00e9 croissante au cours des deux derni\u00e8res d\u00e9cennies, influen\u00e7ant la musique, la litt\u00e9rature et m\u00eame le cin\u00e9ma. De nombreux artistes, comme Grand Corps Malade ou Keny Arkana en France, ont su utiliser cette forme d&rsquo;art pour toucher un large public. Leurs textes, souvent charg\u00e9s de sens, abordent des probl\u00e9matiques sociales et politiques actuelles.<img decoding=\"async\" width=\"1024\" height=\"576\" src=\"https:\/\/slams.fr\/blog\/wp-content\/uploads\/2025\/02\/stability-decouverte-du-slam-lart-de-la-poesie-musicale-et-de-lexpression-personnelle-1.png\" class=\"aligncenter\" alt=\"Illustration d\u00e9taill\u00e9e sur D\u00e9couverte du slam : l&#039;art de la po\u00e9sie musicale et de l&#039;expression personnelle\" title=\"D\u00e9couverte du slam : l&#039;art de la po\u00e9sie musicale et de l&#039;expression personnelle\" loading=\"lazy\" \/><\/p>\n<p>Cette art a aussi ouvert la voie \u00e0 de nouveaux espaces de cr\u00e9ation. Des \u00e9v\u00e9nements comme des concours de slam ou des festivals se multiplient, permettant \u00e0 des artistes \u00e9mergents de se faire conna\u00eetre. Le slam est ainsi devenu un moyen pour les voix marginalis\u00e9es d&rsquo;exprimer leurs r\u00e9alit\u00e9s.<\/p>\n<p><iframe loading=\"lazy\" title=\"Slam : &quot;Paradis perdu&quot;\" width=\"1200\" height=\"675\" src=\"https:\/\/www.youtube.com\/embed\/FfqH0jXwVaI?feature=oembed\" frameborder=\"0\" allow=\"accelerometer; autoplay; clipboard-write; encrypted-media; gyroscope; picture-in-picture; web-share\" referrerpolicy=\"strict-origin-when-cross-origin\" allowfullscreen><\/iframe><\/p>\n<h2>Comment \u00e9crire un texte de slam captivant ?<\/h2>\n<p>\u00c9crire un slam n\u00e9cessite une approche particuli\u00e8re. Voici quelques \u00e9tapes pour cr\u00e9er un texte percutant :<\/p>\n<ul>\n<li><strong>Choisissez un th\u00e8me fort :<\/strong> Votre texte doit aborder un sujet qui vous passionne ou qui vous touche personnellement.<\/li>\n<li><strong>Utilisez des images puissantes :<\/strong> Les m\u00e9taphores et les comparaisons enrichissent votre texte et aident le public \u00e0 visualiser vos id\u00e9es.<\/li>\n<li><strong>Travailler le rythme :<\/strong> Un bon slam doit avoir un rythme entra\u00eenant. N&rsquo;h\u00e9sitez pas \u00e0 jouer avec les pauses et les emphases.<\/li>\n<\/ul>\n<p>En suivant ces \u00e9tapes, vous pouvez cr\u00e9er un texte qui r\u00e9sonne avec votre auditoire et qui v\u00e9hicule votre message de mani\u00e8re impactante.<\/p>\n<h2>Exemples de slameurs influents<\/h2>\n<table>\n<tr>\n<th>Nom<\/th>\n<th>Pays<\/th>\n<th>Th\u00e8me principal<\/th>\n<\/tr>\n<tr>\n<td>Grand Corps Malade<\/td>\n<td>France<\/td>\n<td>Identit\u00e9 et amour<\/td>\n<\/tr>\n<tr>\n<td>Keny Arkana<\/td>\n<td>France<\/td>\n<td>Engagement social<\/td>\n<\/tr>\n<tr>\n<td>Sarah Kay<\/td>\n<td>USA<\/td>\n<td>\u00c9motions et exp\u00e9riences personnelles<\/td>\n<\/tr>\n<\/table>\n<blockquote><p>\n    \u00ab\u00a0Le slam est un cri, une v\u00e9rit\u00e9, une \u00e9motion.\u00a0\u00bb &#8211; Anonyme\n<\/p><\/blockquote>\n<h3>FAQ :<\/h3>\n<blockquote>\n<ul>\n<li><strong>Qu&rsquo;est-ce qui diff\u00e9rencie le slam des autres formes de po\u00e9sie ?<\/strong>Le slam se concentre sur la performance et l&rsquo;interaction avec le public, alors que la po\u00e9sie \u00e9crite peut \u00eatre plus introspective.<\/li>\n<li><strong>Comment participer \u00e0 un concours de slam ?<\/strong>Renseignez-vous sur les \u00e9v\u00e9nements locaux, pr\u00e9parez un texte et inscrivez-vous pour performer.<\/li>\n<li><strong>Peut-on slamer sur n&rsquo;importe quel sujet ?<\/strong>Oui, les th\u00e8mes sont vari\u00e9s et peuvent aborder des sujets personnels, sociaux ou politiques.<\/li>\n<li><strong>Y a-t-il des r\u00e8gles strictes pour \u00e9crire un slam ?<\/strong>Non, l&rsquo;\u00e9criture de slam est libre, mais il est conseill\u00e9 de respecter une certaine structure rythmique.<\/li>\n<\/ul>\n<\/blockquote>\n<p>Le slam, v\u00e9ritable rencontre entre la po\u00e9sie et la musique, continue d&rsquo;\u00e9voluer et d&rsquo;inspirer. Que ce soit par l&rsquo;\u00e9criture ou la performance, chacun peut trouver sa voix dans cet art vibrant. N&rsquo;h\u00e9sitez pas \u00e0 explorer cet univers et \u00e0 partager votre propre exp\u00e9rience !<\/p>\n","protected":false},"excerpt":{"rendered":"","protected":false},"author":34,"featured_media":7365,"comment_status":"open","ping_status":"open","sticky":false,"template":"","format":"standard","meta":{"_acf_changed":false,"manual_indexmenow":false,"indexmenow_id_project":0,"footnotes":""},"categories":[1],"tags":[4540,2310,4542,4537,4530,4526],"class_list":["post-7364","post","type-post","status-publish","format-standard","has-post-thumbnail","hentry","category-a-la-une","tag-emotion","tag-engagement-social","tag-identite","tag-performance","tag-poesie-urbaine","tag-slam","generate-columns","tablet-grid-50","mobile-grid-100","grid-parent","grid-25"],"acf":[],"yoast_head":"<!-- This site is optimized with the Yoast SEO Premium plugin v21.3 (Yoast SEO v26.5) - https:\/\/yoast.com\/wordpress\/plugins\/seo\/ -->\n<title>Le slam : l&#039;art de la po\u00e9sie musicale et de l&#039;expression<\/title>\n<meta name=\"description\" content=\"Cette pratique offre une plateforme unique aux artistes pour partager leurs pens\u00e9es et \u00e9motions \u00e0 travers des mots rythm\u00e9s.\" \/>\n<meta name=\"robots\" content=\"index, follow, max-snippet:-1, max-image-preview:large, max-video-preview:-1\" \/>\n<link rel=\"canonical\" href=\"https:\/\/slams.fr\/blog\/a-la-une\/decouverte-du-slam-lart-de-la-poesie-musicale-et-de-lexpression-personnelle\/\" \/>\n<meta property=\"og:locale\" content=\"fr_FR\" \/>\n<meta property=\"og:type\" content=\"article\" \/>\n<meta property=\"og:title\" content=\"Le slam : l&#039;art de la po\u00e9sie musicale et de l&#039;expression\" \/>\n<meta property=\"og:description\" content=\"Cette pratique offre une plateforme unique aux artistes pour partager leurs pens\u00e9es et \u00e9motions \u00e0 travers des mots rythm\u00e9s.\" \/>\n<meta property=\"og:url\" content=\"https:\/\/slams.fr\/blog\/a-la-une\/decouverte-du-slam-lart-de-la-poesie-musicale-et-de-lexpression-personnelle\/\" \/>\n<meta property=\"og:site_name\" content=\"slams\" \/>\n<meta property=\"og:image\" content=\"https:\/\/slams.fr\/blog\/wp-content\/uploads\/2025\/02\/stability-decouverte-du-slam-lart-de-la-poesie-musicale-et-de-lexpression-personnelle.png\" \/>\n\t<meta property=\"og:image:width\" content=\"1024\" \/>\n\t<meta property=\"og:image:height\" content=\"576\" \/>\n\t<meta property=\"og:image:type\" content=\"image\/png\" \/>\n<meta name=\"author\" content=\"Rapha\u00ebl D.\" \/>\n<meta name=\"twitter:card\" content=\"summary_large_image\" \/>\n<script type=\"application\/ld+json\" class=\"yoast-schema-graph\">{\"@context\":\"https:\/\/schema.org\",\"@graph\":[{\"@type\":\"NewsArticle\",\"@id\":\"https:\/\/slams.fr\/blog\/a-la-une\/decouverte-du-slam-lart-de-la-poesie-musicale-et-de-lexpression-personnelle\/#article\",\"isPartOf\":{\"@id\":\"https:\/\/slams.fr\/blog\/a-la-une\/decouverte-du-slam-lart-de-la-poesie-musicale-et-de-lexpression-personnelle\/\"},\"author\":{\"name\":\"Rapha\u00ebl D.\",\"@id\":\"https:\/\/slams.fr\/blog\/#\/schema\/person\/3c864cdc320801e3db34b663e7e3f816\"},\"headline\":\"D\u00e9couverte du slam : l&rsquo;art de la po\u00e9sie musicale et de l&rsquo;expression personnelle\",\"datePublished\":\"2025-02-09T13:23:00+00:00\",\"mainEntityOfPage\":{\"@id\":\"https:\/\/slams.fr\/blog\/a-la-une\/decouverte-du-slam-lart-de-la-poesie-musicale-et-de-lexpression-personnelle\/\"},\"wordCount\":643,\"commentCount\":20,\"publisher\":{\"@id\":\"https:\/\/slams.fr\/blog\/#organization\"},\"image\":{\"@id\":\"https:\/\/slams.fr\/blog\/a-la-une\/decouverte-du-slam-lart-de-la-poesie-musicale-et-de-lexpression-personnelle\/#primaryimage\"},\"thumbnailUrl\":\"https:\/\/slams.fr\/blog\/wp-content\/uploads\/2025\/02\/stability-decouverte-du-slam-lart-de-la-poesie-musicale-et-de-lexpression-personnelle.png\",\"keywords\":[\"\u00c9motion\",\"Engagement Social\",\"Identit\u00e9\",\"Performance\",\"Po\u00e9sie Urbaine\",\"Slam\"],\"articleSection\":[\"\u00c0 la une\"],\"inLanguage\":\"fr-FR\",\"potentialAction\":[{\"@type\":\"CommentAction\",\"name\":\"Comment\",\"target\":[\"https:\/\/slams.fr\/blog\/a-la-une\/decouverte-du-slam-lart-de-la-poesie-musicale-et-de-lexpression-personnelle\/#respond\"]}]},{\"@type\":\"WebPage\",\"@id\":\"https:\/\/slams.fr\/blog\/a-la-une\/decouverte-du-slam-lart-de-la-poesie-musicale-et-de-lexpression-personnelle\/\",\"url\":\"https:\/\/slams.fr\/blog\/a-la-une\/decouverte-du-slam-lart-de-la-poesie-musicale-et-de-lexpression-personnelle\/\",\"name\":\"Le slam : l'art de la po\u00e9sie musicale et de l'expression\",\"isPartOf\":{\"@id\":\"https:\/\/slams.fr\/blog\/#website\"},\"primaryImageOfPage\":{\"@id\":\"https:\/\/slams.fr\/blog\/a-la-une\/decouverte-du-slam-lart-de-la-poesie-musicale-et-de-lexpression-personnelle\/#primaryimage\"},\"image\":{\"@id\":\"https:\/\/slams.fr\/blog\/a-la-une\/decouverte-du-slam-lart-de-la-poesie-musicale-et-de-lexpression-personnelle\/#primaryimage\"},\"thumbnailUrl\":\"https:\/\/slams.fr\/blog\/wp-content\/uploads\/2025\/02\/stability-decouverte-du-slam-lart-de-la-poesie-musicale-et-de-lexpression-personnelle.png\",\"datePublished\":\"2025-02-09T13:23:00+00:00\",\"description\":\"Cette pratique offre une plateforme unique aux artistes pour partager leurs pens\u00e9es et \u00e9motions \u00e0 travers des mots rythm\u00e9s.\",\"inLanguage\":\"fr-FR\",\"potentialAction\":[{\"@type\":\"ReadAction\",\"target\":[\"https:\/\/slams.fr\/blog\/a-la-une\/decouverte-du-slam-lart-de-la-poesie-musicale-et-de-lexpression-personnelle\/\"]}]},{\"@type\":\"ImageObject\",\"inLanguage\":\"fr-FR\",\"@id\":\"https:\/\/slams.fr\/blog\/a-la-une\/decouverte-du-slam-lart-de-la-poesie-musicale-et-de-lexpression-personnelle\/#primaryimage\",\"url\":\"https:\/\/slams.fr\/blog\/wp-content\/uploads\/2025\/02\/stability-decouverte-du-slam-lart-de-la-poesie-musicale-et-de-lexpression-personnelle.png\",\"contentUrl\":\"https:\/\/slams.fr\/blog\/wp-content\/uploads\/2025\/02\/stability-decouverte-du-slam-lart-de-la-poesie-musicale-et-de-lexpression-personnelle.png\",\"width\":1024,\"height\":576},{\"@type\":\"WebSite\",\"@id\":\"https:\/\/slams.fr\/blog\/#website\",\"url\":\"https:\/\/slams.fr\/blog\/\",\"name\":\"slams.fr\",\"description\":\"Slams, l&#039;\u00e9nergie des mots en action\",\"publisher\":{\"@id\":\"https:\/\/slams.fr\/blog\/#organization\"},\"alternateName\":\"Slams, l'\u00e9nergie des mots en action\",\"potentialAction\":[{\"@type\":\"SearchAction\",\"target\":{\"@type\":\"EntryPoint\",\"urlTemplate\":\"https:\/\/slams.fr\/blog\/?s={search_term_string}\"},\"query-input\":{\"@type\":\"PropertyValueSpecification\",\"valueRequired\":true,\"valueName\":\"search_term_string\"}}],\"inLanguage\":\"fr-FR\"},{\"@type\":\"Organization\",\"@id\":\"https:\/\/slams.fr\/blog\/#organization\",\"name\":\"Foretsensations.fr\",\"url\":\"https:\/\/slams.fr\/blog\/\",\"logo\":{\"@type\":\"ImageObject\",\"inLanguage\":\"fr-FR\",\"@id\":\"https:\/\/slams.fr\/blog\/#\/schema\/logo\/image\/\",\"url\":\"https:\/\/slams.fr\/blog\/wp-content\/uploads\/2026\/07\/logo-auto-1.png\",\"contentUrl\":\"https:\/\/slams.fr\/blog\/wp-content\/uploads\/2026\/07\/logo-auto-1.png\",\"width\":1024,\"height\":1024,\"caption\":\"Foretsensations.fr\"},\"image\":{\"@id\":\"https:\/\/slams.fr\/blog\/#\/schema\/logo\/image\/\"}},{\"@type\":\"Person\",\"@id\":\"https:\/\/slams.fr\/blog\/#\/schema\/person\/3c864cdc320801e3db34b663e7e3f816\",\"name\":\"Rapha\u00ebl D.\",\"image\":{\"@type\":\"ImageObject\",\"inLanguage\":\"fr-FR\",\"@id\":\"https:\/\/slams.fr\/blog\/#\/schema\/person\/image\/\",\"url\":\"https:\/\/slams.fr\/blog\/wp-content\/uploads\/2026\/06\/persona_raphael-d-96x96.jpg\",\"contentUrl\":\"https:\/\/slams.fr\/blog\/wp-content\/uploads\/2026\/06\/persona_raphael-d-96x96.jpg\",\"caption\":\"Rapha\u00ebl D.\"},\"description\":\"La culture est mon terrain de jeu depuis une dizaine d'ann\u00e9es : arts visuels, s\u00e9ries, cr\u00e9ation et tout ce qui nourrit l'imaginaire. J'\u00e9cris aussi bien sur l'actualit\u00e9 des \u0153uvres que sur les coulisses de la cr\u00e9ation, avec l'envie de relier l'amateur curieux \u00e0 des univers parfois jug\u00e9s intimidants. J'aime analyser une s\u00e9rie ou une d\u00e9marche artistique sans p\u00e9dantisme, replacer une \u0153uvre dans son contexte et donner des cl\u00e9s de lecture accessibles. Avant de publier, je v\u00e9rifie mes r\u00e9f\u00e9rences, je recoupe les sources et je distingue clairement le fait de mon interpr\u00e9tation subjective. Je crois qu'une critique vaut surtout par les arguments qu'elle expose, pas par la sentence qu'elle rend. Mon angle : transmettre l'envie de d\u00e9couvrir, de regarder autrement et de se forger son propre go\u00fbt. La culture n'appartient pas qu'aux initi\u00e9s, et c'est tout l'enjeu de mon \u00e9criture.\",\"url\":\"https:\/\/slams.fr\/blog\/auteur\/raphael-d\/\",\"jobTitle\":\"R\u00e9dacteur en chef \u00b7 Culture & Cr\u00e9ation\",\"knowsAbout\":[\"Culture\",\"Cr\u00e9ation\"],\"email\":\"raphael.d@a-l-asso-de-l-art.fr\"}]}<\/script>\n<!-- \/ Yoast SEO Premium plugin. -->","yoast_head_json":{"title":"Le slam : l'art de la po\u00e9sie musicale et de l'expression","description":"Cette pratique offre une plateforme unique aux artistes pour partager leurs pens\u00e9es et \u00e9motions \u00e0 travers des mots rythm\u00e9s.","robots":{"index":"index","follow":"follow","max-snippet":"max-snippet:-1","max-image-preview":"max-image-preview:large","max-video-preview":"max-video-preview:-1"},"canonical":"https:\/\/slams.fr\/blog\/a-la-une\/decouverte-du-slam-lart-de-la-poesie-musicale-et-de-lexpression-personnelle\/","og_locale":"fr_FR","og_type":"article","og_title":"Le slam : l'art de la po\u00e9sie musicale et de l'expression","og_description":"Cette pratique offre une plateforme unique aux artistes pour partager leurs pens\u00e9es et \u00e9motions \u00e0 travers des mots rythm\u00e9s.","og_url":"https:\/\/slams.fr\/blog\/a-la-une\/decouverte-du-slam-lart-de-la-poesie-musicale-et-de-lexpression-personnelle\/","og_site_name":"slams","og_image":[{"width":1024,"height":576,"url":"https:\/\/slams.fr\/blog\/wp-content\/uploads\/2025\/02\/stability-decouverte-du-slam-lart-de-la-poesie-musicale-et-de-lexpression-personnelle.png","type":"image\/png"}],"author":"Rapha\u00ebl D.","twitter_card":"summary_large_image","schema":{"@context":"https:\/\/schema.org","@graph":[{"@type":"NewsArticle","@id":"https:\/\/slams.fr\/blog\/a-la-une\/decouverte-du-slam-lart-de-la-poesie-musicale-et-de-lexpression-personnelle\/#article","isPartOf":{"@id":"https:\/\/slams.fr\/blog\/a-la-une\/decouverte-du-slam-lart-de-la-poesie-musicale-et-de-lexpression-personnelle\/"},"author":{"name":"Rapha\u00ebl D.","@id":"https:\/\/slams.fr\/blog\/#\/schema\/person\/3c864cdc320801e3db34b663e7e3f816"},"headline":"D\u00e9couverte du slam : l&rsquo;art de la po\u00e9sie musicale et de l&rsquo;expression personnelle","datePublished":"2025-02-09T13:23:00+00:00","mainEntityOfPage":{"@id":"https:\/\/slams.fr\/blog\/a-la-une\/decouverte-du-slam-lart-de-la-poesie-musicale-et-de-lexpression-personnelle\/"},"wordCount":643,"commentCount":20,"publisher":{"@id":"https:\/\/slams.fr\/blog\/#organization"},"image":{"@id":"https:\/\/slams.fr\/blog\/a-la-une\/decouverte-du-slam-lart-de-la-poesie-musicale-et-de-lexpression-personnelle\/#primaryimage"},"thumbnailUrl":"https:\/\/slams.fr\/blog\/wp-content\/uploads\/2025\/02\/stability-decouverte-du-slam-lart-de-la-poesie-musicale-et-de-lexpression-personnelle.png","keywords":["\u00c9motion","Engagement Social","Identit\u00e9","Performance","Po\u00e9sie Urbaine","Slam"],"articleSection":["\u00c0 la une"],"inLanguage":"fr-FR","potentialAction":[{"@type":"CommentAction","name":"Comment","target":["https:\/\/slams.fr\/blog\/a-la-une\/decouverte-du-slam-lart-de-la-poesie-musicale-et-de-lexpression-personnelle\/#respond"]}]},{"@type":"WebPage","@id":"https:\/\/slams.fr\/blog\/a-la-une\/decouverte-du-slam-lart-de-la-poesie-musicale-et-de-lexpression-personnelle\/","url":"https:\/\/slams.fr\/blog\/a-la-une\/decouverte-du-slam-lart-de-la-poesie-musicale-et-de-lexpression-personnelle\/","name":"Le slam : l'art de la po\u00e9sie musicale et de l'expression","isPartOf":{"@id":"https:\/\/slams.fr\/blog\/#website"},"primaryImageOfPage":{"@id":"https:\/\/slams.fr\/blog\/a-la-une\/decouverte-du-slam-lart-de-la-poesie-musicale-et-de-lexpression-personnelle\/#primaryimage"},"image":{"@id":"https:\/\/slams.fr\/blog\/a-la-une\/decouverte-du-slam-lart-de-la-poesie-musicale-et-de-lexpression-personnelle\/#primaryimage"},"thumbnailUrl":"https:\/\/slams.fr\/blog\/wp-content\/uploads\/2025\/02\/stability-decouverte-du-slam-lart-de-la-poesie-musicale-et-de-lexpression-personnelle.png","datePublished":"2025-02-09T13:23:00+00:00","description":"Cette pratique offre une plateforme unique aux artistes pour partager leurs pens\u00e9es et \u00e9motions \u00e0 travers des mots rythm\u00e9s.","inLanguage":"fr-FR","potentialAction":[{"@type":"ReadAction","target":["https:\/\/slams.fr\/blog\/a-la-une\/decouverte-du-slam-lart-de-la-poesie-musicale-et-de-lexpression-personnelle\/"]}]},{"@type":"ImageObject","inLanguage":"fr-FR","@id":"https:\/\/slams.fr\/blog\/a-la-une\/decouverte-du-slam-lart-de-la-poesie-musicale-et-de-lexpression-personnelle\/#primaryimage","url":"https:\/\/slams.fr\/blog\/wp-content\/uploads\/2025\/02\/stability-decouverte-du-slam-lart-de-la-poesie-musicale-et-de-lexpression-personnelle.png","contentUrl":"https:\/\/slams.fr\/blog\/wp-content\/uploads\/2025\/02\/stability-decouverte-du-slam-lart-de-la-poesie-musicale-et-de-lexpression-personnelle.png","width":1024,"height":576},{"@type":"WebSite","@id":"https:\/\/slams.fr\/blog\/#website","url":"https:\/\/slams.fr\/blog\/","name":"slams.fr","description":"Slams, l&#039;\u00e9nergie des mots en action","publisher":{"@id":"https:\/\/slams.fr\/blog\/#organization"},"alternateName":"Slams, l'\u00e9nergie des mots en action","potentialAction":[{"@type":"SearchAction","target":{"@type":"EntryPoint","urlTemplate":"https:\/\/slams.fr\/blog\/?s={search_term_string}"},"query-input":{"@type":"PropertyValueSpecification","valueRequired":true,"valueName":"search_term_string"}}],"inLanguage":"fr-FR"},{"@type":"Organization","@id":"https:\/\/slams.fr\/blog\/#organization","name":"Foretsensations.fr","url":"https:\/\/slams.fr\/blog\/","logo":{"@type":"ImageObject","inLanguage":"fr-FR","@id":"https:\/\/slams.fr\/blog\/#\/schema\/logo\/image\/","url":"https:\/\/slams.fr\/blog\/wp-content\/uploads\/2026\/07\/logo-auto-1.png","contentUrl":"https:\/\/slams.fr\/blog\/wp-content\/uploads\/2026\/07\/logo-auto-1.png","width":1024,"height":1024,"caption":"Foretsensations.fr"},"image":{"@id":"https:\/\/slams.fr\/blog\/#\/schema\/logo\/image\/"}},{"@type":"Person","@id":"https:\/\/slams.fr\/blog\/#\/schema\/person\/3c864cdc320801e3db34b663e7e3f816","name":"Rapha\u00ebl D.","image":{"@type":"ImageObject","inLanguage":"fr-FR","@id":"https:\/\/slams.fr\/blog\/#\/schema\/person\/image\/","url":"https:\/\/slams.fr\/blog\/wp-content\/uploads\/2026\/06\/persona_raphael-d-96x96.jpg","contentUrl":"https:\/\/slams.fr\/blog\/wp-content\/uploads\/2026\/06\/persona_raphael-d-96x96.jpg","caption":"Rapha\u00ebl D."},"description":"La culture est mon terrain de jeu depuis une dizaine d'ann\u00e9es : arts visuels, s\u00e9ries, cr\u00e9ation et tout ce qui nourrit l'imaginaire. J'\u00e9cris aussi bien sur l'actualit\u00e9 des \u0153uvres que sur les coulisses de la cr\u00e9ation, avec l'envie de relier l'amateur curieux \u00e0 des univers parfois jug\u00e9s intimidants. J'aime analyser une s\u00e9rie ou une d\u00e9marche artistique sans p\u00e9dantisme, replacer une \u0153uvre dans son contexte et donner des cl\u00e9s de lecture accessibles. Avant de publier, je v\u00e9rifie mes r\u00e9f\u00e9rences, je recoupe les sources et je distingue clairement le fait de mon interpr\u00e9tation subjective. Je crois qu'une critique vaut surtout par les arguments qu'elle expose, pas par la sentence qu'elle rend. Mon angle : transmettre l'envie de d\u00e9couvrir, de regarder autrement et de se forger son propre go\u00fbt. La culture n'appartient pas qu'aux initi\u00e9s, et c'est tout l'enjeu de mon \u00e9criture.","url":"https:\/\/slams.fr\/blog\/auteur\/raphael-d\/","jobTitle":"R\u00e9dacteur en chef \u00b7 Culture & Cr\u00e9ation","knowsAbout":["Culture","Cr\u00e9ation"],"email":"raphael.d@a-l-asso-de-l-art.fr"}]}},"_links":{"self":[{"href":"https:\/\/slams.fr\/blog\/wp-json\/wp\/v2\/posts\/7364","targetHints":{"allow":["GET"]}}],"collection":[{"href":"https:\/\/slams.fr\/blog\/wp-json\/wp\/v2\/posts"}],"about":[{"href":"https:\/\/slams.fr\/blog\/wp-json\/wp\/v2\/types\/post"}],"author":[{"embeddable":true,"href":"https:\/\/slams.fr\/blog\/wp-json\/wp\/v2\/users\/34"}],"replies":[{"embeddable":true,"href":"https:\/\/slams.fr\/blog\/wp-json\/wp\/v2\/comments?post=7364"}],"version-history":[{"count":2,"href":"https:\/\/slams.fr\/blog\/wp-json\/wp\/v2\/posts\/7364\/revisions"}],"predecessor-version":[{"id":7458,"href":"https:\/\/slams.fr\/blog\/wp-json\/wp\/v2\/posts\/7364\/revisions\/7458"}],"wp:featuredmedia":[{"embeddable":true,"href":"https:\/\/slams.fr\/blog\/wp-json\/wp\/v2\/media\/7365"}],"wp:attachment":[{"href":"https:\/\/slams.fr\/blog\/wp-json\/wp\/v2\/media?parent=7364"}],"wp:term":[{"taxonomy":"category","embeddable":true,"href":"https:\/\/slams.fr\/blog\/wp-json\/wp\/v2\/categories?post=7364"},{"taxonomy":"post_tag","embeddable":true,"href":"https:\/\/slams.fr\/blog\/wp-json\/wp\/v2\/tags?post=7364"}],"curies":[{"name":"wp","href":"https:\/\/api.w.org\/{rel}","templated":true}]}}