{"id":7368,"date":"2025-02-08T12:03:00","date_gmt":"2025-02-08T11:03:00","guid":{"rendered":"https:\/\/slams.fr\/blog\/?p=7368"},"modified":"2025-02-08T11:28:08","modified_gmt":"2025-02-08T10:28:08","slug":"le-slam-une-musique-poetique-et-engagee-qui-bouscule-les-normes","status":"publish","type":"post","link":"https:\/\/slams.fr\/blog\/a-la-une\/le-slam-une-musique-poetique-et-engagee-qui-bouscule-les-normes\/","title":{"rendered":"Le slam : une musique po\u00e9tique et engag\u00e9e qui bouscule les normes"},"content":{"rendered":"<h2>Introduction : Qu&rsquo;est-ce que le slam ?<\/h2>\n<p>Souvent associ\u00e9 \u00e0 la po\u00e9sie, le slam se distingue par son style oral et sa capacit\u00e9 \u00e0 toucher des th\u00e8mes vari\u00e9s tels que la soci\u00e9t\u00e9, l&rsquo;amour ou la r\u00e9sistance. Comment ce genre musical, \u00e0 la crois\u00e9e des chemins entre po\u00e9sie et performance, a-t-il r\u00e9ussi \u00e0 captiver des milliers d&rsquo;adeptes \u00e0 travers le monde ?<\/p>\n<h2>Origines et \u00e9volution du slam<\/h2>\n<p>Le slam trouve ses racines dans les caf\u00e9s litt\u00e9raires et les sc\u00e8nes de po\u00e9sie aux \u00c9tats-Unis. Marc Smith, un po\u00e8te de Chicago, a \u00e9t\u00e9 l&rsquo;un des pionniers de ce mouvement en introduisant des comp\u00e9titions de po\u00e9sie o\u00f9 les artistes s&rsquo;affrontaient sur sc\u00e8ne. Cette approche novatrice a permis d&rsquo;attirer un public diversifi\u00e9, transformant ainsi la po\u00e9sie en un spectacle vivant.<\/p>\n<p>Au fil des ans, le slam a \u00e9volu\u00e9 et s&rsquo;est r\u00e9pandu \u00e0 l&rsquo;international. En France, des figures embl\u00e9matiques comme Grand Corps Malade et Abd Al Malik ont su populariser ce genre musical, le rendant accessible \u00e0 un large public. Aujourd&rsquo;hui, le slam s&rsquo;exprime dans des festivals, des comp\u00e9titions et m\u00eame des \u00e9coles, t\u00e9moignant de son impact culturel.<\/p>\n<p><iframe loading=\"lazy\" title=\"Lisette Lomb\u00e9 : Po\u00e9sie et luttes\" width=\"1200\" height=\"675\" src=\"https:\/\/www.youtube.com\/embed\/AxMxLzjgAd4?feature=oembed\" frameborder=\"0\" allow=\"accelerometer; autoplay; clipboard-write; encrypted-media; gyroscope; picture-in-picture; web-share\" referrerpolicy=\"strict-origin-when-cross-origin\" allowfullscreen><\/iframe><\/p>\n<h2>Les caract\u00e9ristiques du slam<\/h2>\n<p>Le slam se d\u00e9marque par plusieurs \u00e9l\u00e9ments cl\u00e9s :<img decoding=\"async\" width=\"1024\" height=\"576\" src=\"https:\/\/slams.fr\/blog\/wp-content\/uploads\/2025\/02\/stability-le-slam-une-musique-poetique-et-engagee-qui-bouscule-les-normes-1.png\" class=\"aligncenter\" alt=\"Illustration d\u00e9taill\u00e9e sur Le slam : une musique po\u00e9tique et engag\u00e9e qui bouscule les normes\" title=\"Le slam : une musique po\u00e9tique et engag\u00e9e qui bouscule les normes\" loading=\"lazy\" \/><\/p>\n<ul>\n<li><strong>Performativit\u00e9 :<\/strong> Le slam se joue sur sc\u00e8ne. L&rsquo;artiste utilise sa voix, son corps et ses \u00e9motions pour transmettre un message fort.<\/li>\n<li><strong>Accessibilit\u00e9 :<\/strong> Contrairement \u00e0 la po\u00e9sie traditionnelle, le slam ne n\u00e9cessite pas de formation sp\u00e9cifique. Tout le monde peut s&rsquo;y essayer.<\/li>\n<li><strong>Th\u00e8mes vari\u00e9s :<\/strong> Les sujets abord\u00e9s sont vastes : de l&rsquo;engagement social \u00e0 l&rsquo;intime, chaque po\u00e8te apporte sa propre vision du monde.<\/li>\n<\/ul>\n<p>Ces caract\u00e9ristiques font du slam un outil puissant pour exprimer des sentiments, des luttes et des r\u00e9alit\u00e9s personnelles ou soci\u00e9tales.<\/p>\n<h2>Impact et port\u00e9e du slam<\/h2>\n<p>Le slam joue un r\u00f4le essentiel dans la culture contemporaine. Il devient un espace de libre expression, permettant \u00e0 des voix souvent marginalis\u00e9es de se faire entendre. Cela se traduit par des th\u00e8mes abord\u00e9s tels que la discrimination, l&rsquo;identit\u00e9 et la justice sociale. Les slameurs, en partageant leur v\u00e9cu, incitent \u00e0 la r\u00e9flexion et \u00e0 la prise de conscience.<\/p>\n<p>Des \u00e9v\u00e9nements comme le <strong>Championnat de France de Slam<\/strong> ou les <strong> soir\u00e9es de slam<\/strong> organis\u00e9es dans diff\u00e9rents lieux t\u00e9moignent de l&rsquo;engouement croissant pour cette forme d&rsquo;art. Les slameurs, par leur engagement, influencent les jeunes g\u00e9n\u00e9rations, les incitant \u00e0 s&rsquo;exprimer et \u00e0 d\u00e9fendre leurs id\u00e9es.<\/p>\n<h2>Tableau r\u00e9capitulatif des grands slameurs<\/h2>\n<table>\n<tr>\n<th>Nom<\/th>\n<th>Pays<\/th>\n<th>Th\u00e8me principal<\/th>\n<\/tr>\n<tr>\n<td>Grand Corps Malade<\/td>\n<td>France<\/td>\n<td>Identit\u00e9 et amour<\/td>\n<\/tr>\n<tr>\n<td>Abd Al Malik<\/td>\n<td>France<\/td>\n<td>Engagement social<\/td>\n<\/tr>\n<tr>\n<td>Sarah Kay<\/td>\n<td>\u00c9tats-Unis<\/td>\n<td>Empowerment et f\u00e9minisme<\/td>\n<\/tr>\n<\/table>\n<h2>FAQ :<\/h2>\n<blockquote>\n<ul>\n<li><strong>Qu&rsquo;est-ce qu&rsquo;un slam ?<\/strong>Un slam est une performance de po\u00e9sie orale o\u00f9 les artistes s&rsquo;expriment \u00e0 travers des textes souvent engag\u00e9s.<\/li>\n<li><strong>Comment participer \u00e0 un concours de slam ?<\/strong>Il suffit g\u00e9n\u00e9ralement de s&rsquo;inscrire \u00e0 l&rsquo;avance et de pr\u00e9parer un texte de 3 minutes maximum \u00e0 pr\u00e9senter devant un jury.<\/li>\n<li><strong>Le slam est-il accessible \u00e0 tous ?<\/strong>Oui, le slam est ouvert \u00e0 tous, sans pr\u00e9requis sp\u00e9cifiques.<\/li>\n<li><strong>Quels sont les th\u00e8mes courants dans le slam ?<\/strong>Les th\u00e8mes varient, mais incluent souvent des luttes sociales, des exp\u00e9riences personnelles et des r\u00e9flexions sur la soci\u00e9t\u00e9.<\/li>\n<\/ul>\n<\/blockquote>\n<h2>Conclusion : Le slam, un art vivant et engag\u00e9<\/h2>\n<p>Le slam repr\u00e9sente bien plus qu&rsquo;une simple forme de po\u00e9sie. C&rsquo;est un mouvement culturel qui invite \u00e0 la r\u00e9flexion et \u00e0 l&rsquo;engagement. En offrant une plateforme aux voix diverses, il contribue \u00e0 enrichir le paysage artistique contemporain. Que vous soyez novice ou passionn\u00e9, laissez-vous emporter par l&rsquo;\u00e9motion et la puissance des mots des slameurs. Le slam est l\u00e0 pour rester, vous invitant \u00e0 \u00e9couter et \u00e0 partager vos propres histoires.<\/p>\n","protected":false},"excerpt":{"rendered":"","protected":false},"author":34,"featured_media":7369,"comment_status":"open","ping_status":"open","sticky":false,"template":"","format":"standard","meta":{"_acf_changed":false,"manual_indexmenow":false,"indexmenow_id_project":0,"footnotes":""},"categories":[1],"tags":[4556,2310,4542,4535,4534,4526],"class_list":["post-7368","post","type-post","status-publish","format-standard","has-post-thumbnail","hentry","category-a-la-une","tag-accessibilite","tag-engagement-social","tag-identite","tag-performativite","tag-poesie","tag-slam","generate-columns","tablet-grid-50","mobile-grid-100","grid-parent","grid-25"],"acf":[],"yoast_head":"<!-- This site is optimized with the Yoast SEO Premium plugin v21.3 (Yoast SEO v26.5) - https:\/\/yoast.com\/wordpress\/plugins\/seo\/ -->\n<title>Le slam : une musique po\u00e9tique et engag\u00e9e<\/title>\n<meta name=\"description\" content=\"Souvent associ\u00e9 \u00e0 la po\u00e9sie, le slam se distingue par son style oral et sa capacit\u00e9 \u00e0 toucher des th\u00e8mes vari\u00e9s tels que la soci\u00e9t\u00e9, l&#039;amour\" \/>\n<meta name=\"robots\" content=\"index, follow, max-snippet:-1, max-image-preview:large, max-video-preview:-1\" \/>\n<link rel=\"canonical\" href=\"https:\/\/slams.fr\/blog\/a-la-une\/le-slam-une-musique-poetique-et-engagee-qui-bouscule-les-normes\/\" \/>\n<meta property=\"og:locale\" content=\"fr_FR\" \/>\n<meta property=\"og:type\" content=\"article\" \/>\n<meta property=\"og:title\" content=\"Le slam : une musique po\u00e9tique et engag\u00e9e\" \/>\n<meta property=\"og:description\" content=\"Souvent associ\u00e9 \u00e0 la po\u00e9sie, le slam se distingue par son style oral et sa capacit\u00e9 \u00e0 toucher des th\u00e8mes vari\u00e9s tels que la soci\u00e9t\u00e9, l&#039;amour\" \/>\n<meta property=\"og:url\" content=\"https:\/\/slams.fr\/blog\/a-la-une\/le-slam-une-musique-poetique-et-engagee-qui-bouscule-les-normes\/\" \/>\n<meta property=\"og:site_name\" content=\"slams\" \/>\n<meta property=\"og:image\" content=\"https:\/\/slams.fr\/blog\/wp-content\/uploads\/2025\/02\/stability-le-slam-une-musique-poetique-et-engagee-qui-bouscule-les-normes.png\" \/>\n\t<meta property=\"og:image:width\" content=\"1024\" \/>\n\t<meta property=\"og:image:height\" content=\"576\" \/>\n\t<meta property=\"og:image:type\" content=\"image\/png\" \/>\n<meta name=\"author\" content=\"Rapha\u00ebl D.\" \/>\n<meta name=\"twitter:card\" content=\"summary_large_image\" \/>\n<script type=\"application\/ld+json\" class=\"yoast-schema-graph\">{\"@context\":\"https:\/\/schema.org\",\"@graph\":[{\"@type\":\"NewsArticle\",\"@id\":\"https:\/\/slams.fr\/blog\/a-la-une\/le-slam-une-musique-poetique-et-engagee-qui-bouscule-les-normes\/#article\",\"isPartOf\":{\"@id\":\"https:\/\/slams.fr\/blog\/a-la-une\/le-slam-une-musique-poetique-et-engagee-qui-bouscule-les-normes\/\"},\"author\":{\"name\":\"Rapha\u00ebl D.\",\"@id\":\"https:\/\/slams.fr\/blog\/#\/schema\/person\/3c864cdc320801e3db34b663e7e3f816\"},\"headline\":\"Le slam : une musique po\u00e9tique et engag\u00e9e qui bouscule les normes\",\"datePublished\":\"2025-02-08T11:03:00+00:00\",\"mainEntityOfPage\":{\"@id\":\"https:\/\/slams.fr\/blog\/a-la-une\/le-slam-une-musique-poetique-et-engagee-qui-bouscule-les-normes\/\"},\"wordCount\":669,\"commentCount\":15,\"publisher\":{\"@id\":\"https:\/\/slams.fr\/blog\/#organization\"},\"image\":{\"@id\":\"https:\/\/slams.fr\/blog\/a-la-une\/le-slam-une-musique-poetique-et-engagee-qui-bouscule-les-normes\/#primaryimage\"},\"thumbnailUrl\":\"https:\/\/slams.fr\/blog\/wp-content\/uploads\/2025\/02\/stability-le-slam-une-musique-poetique-et-engagee-qui-bouscule-les-normes.png\",\"keywords\":[\"Accessibilit\u00e9\",\"Engagement Social\",\"Identit\u00e9\",\"Performativit\u00e9\",\"Po\u00e9sie\",\"Slam\"],\"articleSection\":[\"\u00c0 la une\"],\"inLanguage\":\"fr-FR\",\"potentialAction\":[{\"@type\":\"CommentAction\",\"name\":\"Comment\",\"target\":[\"https:\/\/slams.fr\/blog\/a-la-une\/le-slam-une-musique-poetique-et-engagee-qui-bouscule-les-normes\/#respond\"]}]},{\"@type\":\"WebPage\",\"@id\":\"https:\/\/slams.fr\/blog\/a-la-une\/le-slam-une-musique-poetique-et-engagee-qui-bouscule-les-normes\/\",\"url\":\"https:\/\/slams.fr\/blog\/a-la-une\/le-slam-une-musique-poetique-et-engagee-qui-bouscule-les-normes\/\",\"name\":\"Le slam : une musique po\u00e9tique et engag\u00e9e\",\"isPartOf\":{\"@id\":\"https:\/\/slams.fr\/blog\/#website\"},\"primaryImageOfPage\":{\"@id\":\"https:\/\/slams.fr\/blog\/a-la-une\/le-slam-une-musique-poetique-et-engagee-qui-bouscule-les-normes\/#primaryimage\"},\"image\":{\"@id\":\"https:\/\/slams.fr\/blog\/a-la-une\/le-slam-une-musique-poetique-et-engagee-qui-bouscule-les-normes\/#primaryimage\"},\"thumbnailUrl\":\"https:\/\/slams.fr\/blog\/wp-content\/uploads\/2025\/02\/stability-le-slam-une-musique-poetique-et-engagee-qui-bouscule-les-normes.png\",\"datePublished\":\"2025-02-08T11:03:00+00:00\",\"description\":\"Souvent associ\u00e9 \u00e0 la po\u00e9sie, le slam se distingue par son style oral et sa capacit\u00e9 \u00e0 toucher des th\u00e8mes vari\u00e9s tels que la soci\u00e9t\u00e9, l'amour\",\"inLanguage\":\"fr-FR\",\"potentialAction\":[{\"@type\":\"ReadAction\",\"target\":[\"https:\/\/slams.fr\/blog\/a-la-une\/le-slam-une-musique-poetique-et-engagee-qui-bouscule-les-normes\/\"]}]},{\"@type\":\"ImageObject\",\"inLanguage\":\"fr-FR\",\"@id\":\"https:\/\/slams.fr\/blog\/a-la-une\/le-slam-une-musique-poetique-et-engagee-qui-bouscule-les-normes\/#primaryimage\",\"url\":\"https:\/\/slams.fr\/blog\/wp-content\/uploads\/2025\/02\/stability-le-slam-une-musique-poetique-et-engagee-qui-bouscule-les-normes.png\",\"contentUrl\":\"https:\/\/slams.fr\/blog\/wp-content\/uploads\/2025\/02\/stability-le-slam-une-musique-poetique-et-engagee-qui-bouscule-les-normes.png\",\"width\":1024,\"height\":576},{\"@type\":\"WebSite\",\"@id\":\"https:\/\/slams.fr\/blog\/#website\",\"url\":\"https:\/\/slams.fr\/blog\/\",\"name\":\"slams.fr\",\"description\":\"Slams, l&#039;\u00e9nergie des mots en action\",\"publisher\":{\"@id\":\"https:\/\/slams.fr\/blog\/#organization\"},\"alternateName\":\"Slams, l'\u00e9nergie des mots en action\",\"potentialAction\":[{\"@type\":\"SearchAction\",\"target\":{\"@type\":\"EntryPoint\",\"urlTemplate\":\"https:\/\/slams.fr\/blog\/?s={search_term_string}\"},\"query-input\":{\"@type\":\"PropertyValueSpecification\",\"valueRequired\":true,\"valueName\":\"search_term_string\"}}],\"inLanguage\":\"fr-FR\"},{\"@type\":\"Organization\",\"@id\":\"https:\/\/slams.fr\/blog\/#organization\",\"name\":\"Foretsensations.fr\",\"url\":\"https:\/\/slams.fr\/blog\/\",\"logo\":{\"@type\":\"ImageObject\",\"inLanguage\":\"fr-FR\",\"@id\":\"https:\/\/slams.fr\/blog\/#\/schema\/logo\/image\/\",\"url\":\"https:\/\/slams.fr\/blog\/wp-content\/uploads\/2026\/07\/logo-auto-1.png\",\"contentUrl\":\"https:\/\/slams.fr\/blog\/wp-content\/uploads\/2026\/07\/logo-auto-1.png\",\"width\":1024,\"height\":1024,\"caption\":\"Foretsensations.fr\"},\"image\":{\"@id\":\"https:\/\/slams.fr\/blog\/#\/schema\/logo\/image\/\"}},{\"@type\":\"Person\",\"@id\":\"https:\/\/slams.fr\/blog\/#\/schema\/person\/3c864cdc320801e3db34b663e7e3f816\",\"name\":\"Rapha\u00ebl D.\",\"image\":{\"@type\":\"ImageObject\",\"inLanguage\":\"fr-FR\",\"@id\":\"https:\/\/slams.fr\/blog\/#\/schema\/person\/image\/\",\"url\":\"https:\/\/slams.fr\/blog\/wp-content\/uploads\/2026\/06\/persona_raphael-d-96x96.jpg\",\"contentUrl\":\"https:\/\/slams.fr\/blog\/wp-content\/uploads\/2026\/06\/persona_raphael-d-96x96.jpg\",\"caption\":\"Rapha\u00ebl D.\"},\"description\":\"La culture est mon terrain de jeu depuis une dizaine d'ann\u00e9es : arts visuels, s\u00e9ries, cr\u00e9ation et tout ce qui nourrit l'imaginaire. J'\u00e9cris aussi bien sur l'actualit\u00e9 des \u0153uvres que sur les coulisses de la cr\u00e9ation, avec l'envie de relier l'amateur curieux \u00e0 des univers parfois jug\u00e9s intimidants. J'aime analyser une s\u00e9rie ou une d\u00e9marche artistique sans p\u00e9dantisme, replacer une \u0153uvre dans son contexte et donner des cl\u00e9s de lecture accessibles. Avant de publier, je v\u00e9rifie mes r\u00e9f\u00e9rences, je recoupe les sources et je distingue clairement le fait de mon interpr\u00e9tation subjective. Je crois qu'une critique vaut surtout par les arguments qu'elle expose, pas par la sentence qu'elle rend. Mon angle : transmettre l'envie de d\u00e9couvrir, de regarder autrement et de se forger son propre go\u00fbt. La culture n'appartient pas qu'aux initi\u00e9s, et c'est tout l'enjeu de mon \u00e9criture.\",\"url\":\"https:\/\/slams.fr\/blog\/auteur\/raphael-d\/\",\"jobTitle\":\"R\u00e9dacteur en chef \u00b7 Culture & Cr\u00e9ation\",\"knowsAbout\":[\"Culture\",\"Cr\u00e9ation\"],\"email\":\"raphael.d@a-l-asso-de-l-art.fr\"}]}<\/script>\n<!-- \/ Yoast SEO Premium plugin. -->","yoast_head_json":{"title":"Le slam : une musique po\u00e9tique et engag\u00e9e","description":"Souvent associ\u00e9 \u00e0 la po\u00e9sie, le slam se distingue par son style oral et sa capacit\u00e9 \u00e0 toucher des th\u00e8mes vari\u00e9s tels que la soci\u00e9t\u00e9, l'amour","robots":{"index":"index","follow":"follow","max-snippet":"max-snippet:-1","max-image-preview":"max-image-preview:large","max-video-preview":"max-video-preview:-1"},"canonical":"https:\/\/slams.fr\/blog\/a-la-une\/le-slam-une-musique-poetique-et-engagee-qui-bouscule-les-normes\/","og_locale":"fr_FR","og_type":"article","og_title":"Le slam : une musique po\u00e9tique et engag\u00e9e","og_description":"Souvent associ\u00e9 \u00e0 la po\u00e9sie, le slam se distingue par son style oral et sa capacit\u00e9 \u00e0 toucher des th\u00e8mes vari\u00e9s tels que la soci\u00e9t\u00e9, l'amour","og_url":"https:\/\/slams.fr\/blog\/a-la-une\/le-slam-une-musique-poetique-et-engagee-qui-bouscule-les-normes\/","og_site_name":"slams","og_image":[{"width":1024,"height":576,"url":"https:\/\/slams.fr\/blog\/wp-content\/uploads\/2025\/02\/stability-le-slam-une-musique-poetique-et-engagee-qui-bouscule-les-normes.png","type":"image\/png"}],"author":"Rapha\u00ebl D.","twitter_card":"summary_large_image","schema":{"@context":"https:\/\/schema.org","@graph":[{"@type":"NewsArticle","@id":"https:\/\/slams.fr\/blog\/a-la-une\/le-slam-une-musique-poetique-et-engagee-qui-bouscule-les-normes\/#article","isPartOf":{"@id":"https:\/\/slams.fr\/blog\/a-la-une\/le-slam-une-musique-poetique-et-engagee-qui-bouscule-les-normes\/"},"author":{"name":"Rapha\u00ebl D.","@id":"https:\/\/slams.fr\/blog\/#\/schema\/person\/3c864cdc320801e3db34b663e7e3f816"},"headline":"Le slam : une musique po\u00e9tique et engag\u00e9e qui bouscule les normes","datePublished":"2025-02-08T11:03:00+00:00","mainEntityOfPage":{"@id":"https:\/\/slams.fr\/blog\/a-la-une\/le-slam-une-musique-poetique-et-engagee-qui-bouscule-les-normes\/"},"wordCount":669,"commentCount":15,"publisher":{"@id":"https:\/\/slams.fr\/blog\/#organization"},"image":{"@id":"https:\/\/slams.fr\/blog\/a-la-une\/le-slam-une-musique-poetique-et-engagee-qui-bouscule-les-normes\/#primaryimage"},"thumbnailUrl":"https:\/\/slams.fr\/blog\/wp-content\/uploads\/2025\/02\/stability-le-slam-une-musique-poetique-et-engagee-qui-bouscule-les-normes.png","keywords":["Accessibilit\u00e9","Engagement Social","Identit\u00e9","Performativit\u00e9","Po\u00e9sie","Slam"],"articleSection":["\u00c0 la une"],"inLanguage":"fr-FR","potentialAction":[{"@type":"CommentAction","name":"Comment","target":["https:\/\/slams.fr\/blog\/a-la-une\/le-slam-une-musique-poetique-et-engagee-qui-bouscule-les-normes\/#respond"]}]},{"@type":"WebPage","@id":"https:\/\/slams.fr\/blog\/a-la-une\/le-slam-une-musique-poetique-et-engagee-qui-bouscule-les-normes\/","url":"https:\/\/slams.fr\/blog\/a-la-une\/le-slam-une-musique-poetique-et-engagee-qui-bouscule-les-normes\/","name":"Le slam : une musique po\u00e9tique et engag\u00e9e","isPartOf":{"@id":"https:\/\/slams.fr\/blog\/#website"},"primaryImageOfPage":{"@id":"https:\/\/slams.fr\/blog\/a-la-une\/le-slam-une-musique-poetique-et-engagee-qui-bouscule-les-normes\/#primaryimage"},"image":{"@id":"https:\/\/slams.fr\/blog\/a-la-une\/le-slam-une-musique-poetique-et-engagee-qui-bouscule-les-normes\/#primaryimage"},"thumbnailUrl":"https:\/\/slams.fr\/blog\/wp-content\/uploads\/2025\/02\/stability-le-slam-une-musique-poetique-et-engagee-qui-bouscule-les-normes.png","datePublished":"2025-02-08T11:03:00+00:00","description":"Souvent associ\u00e9 \u00e0 la po\u00e9sie, le slam se distingue par son style oral et sa capacit\u00e9 \u00e0 toucher des th\u00e8mes vari\u00e9s tels que la soci\u00e9t\u00e9, l'amour","inLanguage":"fr-FR","potentialAction":[{"@type":"ReadAction","target":["https:\/\/slams.fr\/blog\/a-la-une\/le-slam-une-musique-poetique-et-engagee-qui-bouscule-les-normes\/"]}]},{"@type":"ImageObject","inLanguage":"fr-FR","@id":"https:\/\/slams.fr\/blog\/a-la-une\/le-slam-une-musique-poetique-et-engagee-qui-bouscule-les-normes\/#primaryimage","url":"https:\/\/slams.fr\/blog\/wp-content\/uploads\/2025\/02\/stability-le-slam-une-musique-poetique-et-engagee-qui-bouscule-les-normes.png","contentUrl":"https:\/\/slams.fr\/blog\/wp-content\/uploads\/2025\/02\/stability-le-slam-une-musique-poetique-et-engagee-qui-bouscule-les-normes.png","width":1024,"height":576},{"@type":"WebSite","@id":"https:\/\/slams.fr\/blog\/#website","url":"https:\/\/slams.fr\/blog\/","name":"slams.fr","description":"Slams, l&#039;\u00e9nergie des mots en action","publisher":{"@id":"https:\/\/slams.fr\/blog\/#organization"},"alternateName":"Slams, l'\u00e9nergie des mots en action","potentialAction":[{"@type":"SearchAction","target":{"@type":"EntryPoint","urlTemplate":"https:\/\/slams.fr\/blog\/?s={search_term_string}"},"query-input":{"@type":"PropertyValueSpecification","valueRequired":true,"valueName":"search_term_string"}}],"inLanguage":"fr-FR"},{"@type":"Organization","@id":"https:\/\/slams.fr\/blog\/#organization","name":"Foretsensations.fr","url":"https:\/\/slams.fr\/blog\/","logo":{"@type":"ImageObject","inLanguage":"fr-FR","@id":"https:\/\/slams.fr\/blog\/#\/schema\/logo\/image\/","url":"https:\/\/slams.fr\/blog\/wp-content\/uploads\/2026\/07\/logo-auto-1.png","contentUrl":"https:\/\/slams.fr\/blog\/wp-content\/uploads\/2026\/07\/logo-auto-1.png","width":1024,"height":1024,"caption":"Foretsensations.fr"},"image":{"@id":"https:\/\/slams.fr\/blog\/#\/schema\/logo\/image\/"}},{"@type":"Person","@id":"https:\/\/slams.fr\/blog\/#\/schema\/person\/3c864cdc320801e3db34b663e7e3f816","name":"Rapha\u00ebl D.","image":{"@type":"ImageObject","inLanguage":"fr-FR","@id":"https:\/\/slams.fr\/blog\/#\/schema\/person\/image\/","url":"https:\/\/slams.fr\/blog\/wp-content\/uploads\/2026\/06\/persona_raphael-d-96x96.jpg","contentUrl":"https:\/\/slams.fr\/blog\/wp-content\/uploads\/2026\/06\/persona_raphael-d-96x96.jpg","caption":"Rapha\u00ebl D."},"description":"La culture est mon terrain de jeu depuis une dizaine d'ann\u00e9es : arts visuels, s\u00e9ries, cr\u00e9ation et tout ce qui nourrit l'imaginaire. J'\u00e9cris aussi bien sur l'actualit\u00e9 des \u0153uvres que sur les coulisses de la cr\u00e9ation, avec l'envie de relier l'amateur curieux \u00e0 des univers parfois jug\u00e9s intimidants. J'aime analyser une s\u00e9rie ou une d\u00e9marche artistique sans p\u00e9dantisme, replacer une \u0153uvre dans son contexte et donner des cl\u00e9s de lecture accessibles. Avant de publier, je v\u00e9rifie mes r\u00e9f\u00e9rences, je recoupe les sources et je distingue clairement le fait de mon interpr\u00e9tation subjective. Je crois qu'une critique vaut surtout par les arguments qu'elle expose, pas par la sentence qu'elle rend. Mon angle : transmettre l'envie de d\u00e9couvrir, de regarder autrement et de se forger son propre go\u00fbt. La culture n'appartient pas qu'aux initi\u00e9s, et c'est tout l'enjeu de mon \u00e9criture.","url":"https:\/\/slams.fr\/blog\/auteur\/raphael-d\/","jobTitle":"R\u00e9dacteur en chef \u00b7 Culture & Cr\u00e9ation","knowsAbout":["Culture","Cr\u00e9ation"],"email":"raphael.d@a-l-asso-de-l-art.fr"}]}},"_links":{"self":[{"href":"https:\/\/slams.fr\/blog\/wp-json\/wp\/v2\/posts\/7368","targetHints":{"allow":["GET"]}}],"collection":[{"href":"https:\/\/slams.fr\/blog\/wp-json\/wp\/v2\/posts"}],"about":[{"href":"https:\/\/slams.fr\/blog\/wp-json\/wp\/v2\/types\/post"}],"author":[{"embeddable":true,"href":"https:\/\/slams.fr\/blog\/wp-json\/wp\/v2\/users\/34"}],"replies":[{"embeddable":true,"href":"https:\/\/slams.fr\/blog\/wp-json\/wp\/v2\/comments?post=7368"}],"version-history":[{"count":2,"href":"https:\/\/slams.fr\/blog\/wp-json\/wp\/v2\/posts\/7368\/revisions"}],"predecessor-version":[{"id":7441,"href":"https:\/\/slams.fr\/blog\/wp-json\/wp\/v2\/posts\/7368\/revisions\/7441"}],"wp:featuredmedia":[{"embeddable":true,"href":"https:\/\/slams.fr\/blog\/wp-json\/wp\/v2\/media\/7369"}],"wp:attachment":[{"href":"https:\/\/slams.fr\/blog\/wp-json\/wp\/v2\/media?parent=7368"}],"wp:term":[{"taxonomy":"category","embeddable":true,"href":"https:\/\/slams.fr\/blog\/wp-json\/wp\/v2\/categories?post=7368"},{"taxonomy":"post_tag","embeddable":true,"href":"https:\/\/slams.fr\/blog\/wp-json\/wp\/v2\/tags?post=7368"}],"curies":[{"name":"wp","href":"https:\/\/api.w.org\/{rel}","templated":true}]}}