{"id":7372,"date":"2025-02-09T12:03:00","date_gmt":"2025-02-09T11:03:00","guid":{"rendered":"https:\/\/slams.fr\/blog\/?p=7372"},"modified":"2025-02-08T11:28:54","modified_gmt":"2025-02-08T10:28:54","slug":"tout-savoir-sur-le-slam-une-musique-de-paroles-et-demotions","status":"publish","type":"post","link":"https:\/\/slams.fr\/blog\/a-la-une\/tout-savoir-sur-le-slam-une-musique-de-paroles-et-demotions\/","title":{"rendered":"Tout savoir sur le slam : une musique de paroles et d&rsquo;\u00e9motions"},"content":{"rendered":"<h2>Introduction au slam<\/h2>\n<p>Il s&rsquo;agit d&rsquo;une forme d&rsquo;expression artistique qui marie po\u00e9sie et performance, captivant des auditoires \u00e0 travers le monde. Comment cette pratique a-t-elle \u00e9volu\u00e9 ? Quelles sont ses origines et ses influences ? Cet article vous plonge au c\u0153ur de l&rsquo;univers du slam, une musique qui se nourrit de mots et d&rsquo;\u00e9motions.<\/p>\n<h2>Origines et \u00e9volution du slam<\/h2>\n<p>Le slam trouve ses racines dans les caf\u00e9s-lecture am\u00e9ricains des ann\u00e9es 1980, notamment \u00e0 Chicago. Marc Smith, un po\u00e8te, y introduit des comp\u00e9titions o\u00f9 les participants peuvent exprimer leurs pens\u00e9es et leurs sentiments. Ce format participatif s&rsquo;est rapidement r\u00e9pandu, traversant les fronti\u00e8res pour toucher des pays comme la France, o\u00f9 il a rencontr\u00e9 un \u00e9cho particulier dans les ann\u00e9es 1990.<\/p>\n<p>Ce mouvement s&rsquo;inscrit dans une tradition po\u00e9tique plus large. La musique rap, la po\u00e9sie orale et m\u00eame le th\u00e9\u00e2tre influencent le slam, cr\u00e9ant un m\u00e9lange unique. Les slameurs, souvent issus de milieux divers, utilisent leurs exp\u00e9riences personnelles pour aborder des th\u00e8mes universels comme l&rsquo;amour, la col\u00e8re, la soci\u00e9t\u00e9 et l&rsquo;identit\u00e9.<\/p>\n<h2>Les caract\u00e9ristiques du slam<\/h2>\n<p>Le slam se distingue par plusieurs \u00e9l\u00e9ments cl\u00e9s qui en font une forme d&rsquo;art unique :<img decoding=\"async\" width=\"1024\" height=\"576\" src=\"https:\/\/slams.fr\/blog\/wp-content\/uploads\/2025\/02\/stability-tout-savoir-sur-le-slam-une-musique-de-paroles-et-demotions-1.png\" class=\"aligncenter\" alt=\"Illustration d\u00e9taill\u00e9e sur Tout savoir sur le slam : une musique de paroles et d&#039;\u00e9motions\" title=\"Tout savoir sur le slam : une musique de paroles et d&#039;\u00e9motions\" loading=\"lazy\" \/><\/p>\n<ul>\n<li><strong>Performativit\u00e9 :<\/strong> Chaque performance est une exp\u00e9rience vivante, o\u00f9 le slameur transmet une \u00e9nergie palpable.<\/li>\n<li><strong>Accessibilit\u00e9 :<\/strong> Le slam est ouvert \u00e0 tous, sans barri\u00e8res d&rsquo;\u00e2ge, de sexe ou d&rsquo;origine, permettant \u00e0 chacun de s&rsquo;exprimer.<\/li>\n<li><strong>Th\u00e9matiques vari\u00e9es :<\/strong> Les sujets abord\u00e9s sont aussi divers que les artistes eux-m\u00eames, allant de la critique sociale aux r\u00e9flexions personnelles.<\/li>\n<\/ul>\n<p>Ces caract\u00e9ristiques rendent le slam accessible et engageant, attirant un public vari\u00e9 qui se reconna\u00eet dans les mots et les \u00e9motions des artistes.<\/p>\n<h2>Impact et port\u00e9e du slam<\/h2>\n<p>Le slam a un impact significatif sur la culture contemporaine. Il permet une nouvelle forme de dialogue sur des sujets souvent tabous, offrant une plateforme aux voix marginalis\u00e9es. Des \u00e9v\u00e9nements comme les comp\u00e9titions de slam, qui se d\u00e9roulent dans les caf\u00e9s, les th\u00e9\u00e2tres et m\u00eame en ligne, favorisent l&rsquo;\u00e9change et l&rsquo;\u00e9coute.<\/p>\n<p>En France, le slam a influenc\u00e9 la litt\u00e9rature, la musique et m\u00eame le cin\u00e9ma. Des artistes comme Grand Corps Malade et Keny Arkana ont su populariser ce style, le rendant accessible \u00e0 un large public. Leur succ\u00e8s a ouvert la voie \u00e0 de nombreux jeunes artistes cherchant \u00e0 se faire entendre, \u00e0 partager leurs exp\u00e9riences et \u00e0 revendiquer leur place dans la soci\u00e9t\u00e9.<\/p>\n<p><iframe loading=\"lazy\" title=\"Slam - Technique pour jouer avec les mots\" width=\"1200\" height=\"675\" src=\"https:\/\/www.youtube.com\/embed\/IrGOhJSifS4?feature=oembed\" frameborder=\"0\" allow=\"accelerometer; autoplay; clipboard-write; encrypted-media; gyroscope; picture-in-picture; web-share\" referrerpolicy=\"strict-origin-when-cross-origin\" allowfullscreen><\/iframe><\/p>\n<h2>Exemples de slameurs influents<\/h2>\n<table>\n<tr>\n<th>Artiste<\/th>\n<th>Origine<\/th>\n<th>\u0152uvre embl\u00e9matique<\/th>\n<\/tr>\n<tr>\n<td>Grand Corps Malade<\/td>\n<td>France<\/td>\n<td>\u201cMidi 20\u201d<\/td>\n<\/tr>\n<tr>\n<td>Keny Arkana<\/td>\n<td>France<\/td>\n<td>\u201cEntre ciment et belle \u00e9toile\u201d<\/td>\n<\/tr>\n<tr>\n<td>Slam de po\u00e9sie<\/td>\n<td>\u00c9tats-Unis<\/td>\n<td>\u201cThe Moth\u201d<\/td>\n<\/tr>\n<\/table>\n<blockquote>\n<p>\u201cLe slam, c&rsquo;est une fa\u00e7on de se lib\u00e9rer et de faire entendre sa voix.\u201d &#8211; Marc Smith<\/p>\n<\/blockquote>\n<h3>FAQ :<\/h3>\n<blockquote>\n<ul>\n<li><strong>Qu&rsquo;est-ce que le slam ?<\/strong>Le slam est une forme de performance po\u00e9tique o\u00f9 les participants expriment leurs \u00e9motions \u00e0 travers des textes r\u00e9cit\u00e9s.<\/li>\n<li><strong>Comment le slam a-t-il \u00e9volu\u00e9 ?<\/strong>Le slam a \u00e9volu\u00e9 depuis ses d\u00e9buts dans les caf\u00e9s de Chicago vers une sc\u00e8ne mondiale, influen\u00e7ant la musique et la po\u00e9sie.<\/li>\n<li><strong>Qui sont les slameurs c\u00e9l\u00e8bres ?<\/strong>Des artistes comme Grand Corps Malade et Keny Arkana ont popularis\u00e9 le slam en France.<\/li>\n<li><strong>Est-il possible de participer \u00e0 des comp\u00e9titions de slam ?<\/strong>Oui, de nombreux \u00e9v\u00e9nements de slam sont ouverts \u00e0 tous, permettant \u00e0 chacun de partager sa voix.<\/li>\n<\/ul>\n<\/blockquote>\n<p>Le slam, en tant que forme d&rsquo;art, continue de cro\u00eetre et d&rsquo;\u00e9voluer. Il offre un espace s\u00fbr pour la cr\u00e9ativit\u00e9 et l&rsquo;expression personnelle. Que vous soyez un auditeur passionn\u00e9 ou un potentiel slameur, cet univers vibrant vous attend, pr\u00eat \u00e0 vous \u00e9mouvoir et \u00e0 vous inspirer.<\/p>\n","protected":false},"excerpt":{"rendered":"","protected":false},"author":34,"featured_media":7373,"comment_status":"open","ping_status":"open","sticky":false,"template":"","format":"standard","meta":{"_acf_changed":false,"manual_indexmenow":false,"indexmenow_id_project":0,"footnotes":""},"categories":[1],"tags":[4556,4559,4557,4535,4526,4558],"class_list":["post-7372","post","type-post","status-publish","format-standard","has-post-thumbnail","hentry","category-a-la-une","tag-accessibilite","tag-artistes","tag-introduction","tag-performativite","tag-slam","tag-thematiques","generate-columns","tablet-grid-50","mobile-grid-100","grid-parent","grid-25"],"acf":[],"yoast_head":"<!-- This site is optimized with the Yoast SEO Premium plugin v21.3 (Yoast SEO v26.5) - https:\/\/yoast.com\/wordpress\/plugins\/seo\/ -->\n<title>Le slam : une musique de paroles et d&#039;\u00e9motions<\/title>\n<meta name=\"description\" content=\"Il s&#039;agit d&#039;une forme d&#039;expression artistique qui marie po\u00e9sie et performance, captivant des auditoires \u00e0 travers le monde.\" \/>\n<meta name=\"robots\" content=\"index, follow, max-snippet:-1, max-image-preview:large, max-video-preview:-1\" \/>\n<link rel=\"canonical\" href=\"https:\/\/slams.fr\/blog\/a-la-une\/tout-savoir-sur-le-slam-une-musique-de-paroles-et-demotions\/\" \/>\n<meta property=\"og:locale\" content=\"fr_FR\" \/>\n<meta property=\"og:type\" content=\"article\" \/>\n<meta property=\"og:title\" content=\"Le slam : une musique de paroles et d&#039;\u00e9motions\" \/>\n<meta property=\"og:description\" content=\"Il s&#039;agit d&#039;une forme d&#039;expression artistique qui marie po\u00e9sie et performance, captivant des auditoires \u00e0 travers le monde.\" \/>\n<meta property=\"og:url\" content=\"https:\/\/slams.fr\/blog\/a-la-une\/tout-savoir-sur-le-slam-une-musique-de-paroles-et-demotions\/\" \/>\n<meta property=\"og:site_name\" content=\"slams\" \/>\n<meta property=\"og:image\" content=\"https:\/\/slams.fr\/blog\/wp-content\/uploads\/2025\/02\/stability-tout-savoir-sur-le-slam-une-musique-de-paroles-et-demotions.png\" \/>\n\t<meta property=\"og:image:width\" content=\"1024\" \/>\n\t<meta property=\"og:image:height\" content=\"576\" \/>\n\t<meta property=\"og:image:type\" content=\"image\/png\" \/>\n<meta name=\"author\" content=\"Rapha\u00ebl D.\" \/>\n<meta name=\"twitter:card\" content=\"summary_large_image\" \/>\n<script type=\"application\/ld+json\" class=\"yoast-schema-graph\">{\"@context\":\"https:\/\/schema.org\",\"@graph\":[{\"@type\":\"NewsArticle\",\"@id\":\"https:\/\/slams.fr\/blog\/a-la-une\/tout-savoir-sur-le-slam-une-musique-de-paroles-et-demotions\/#article\",\"isPartOf\":{\"@id\":\"https:\/\/slams.fr\/blog\/a-la-une\/tout-savoir-sur-le-slam-une-musique-de-paroles-et-demotions\/\"},\"author\":{\"name\":\"Rapha\u00ebl D.\",\"@id\":\"https:\/\/slams.fr\/blog\/#\/schema\/person\/3c864cdc320801e3db34b663e7e3f816\"},\"headline\":\"Tout savoir sur le slam : une musique de paroles et d&rsquo;\u00e9motions\",\"datePublished\":\"2025-02-09T11:03:00+00:00\",\"mainEntityOfPage\":{\"@id\":\"https:\/\/slams.fr\/blog\/a-la-une\/tout-savoir-sur-le-slam-une-musique-de-paroles-et-demotions\/\"},\"wordCount\":654,\"commentCount\":19,\"publisher\":{\"@id\":\"https:\/\/slams.fr\/blog\/#organization\"},\"image\":{\"@id\":\"https:\/\/slams.fr\/blog\/a-la-une\/tout-savoir-sur-le-slam-une-musique-de-paroles-et-demotions\/#primaryimage\"},\"thumbnailUrl\":\"https:\/\/slams.fr\/blog\/wp-content\/uploads\/2025\/02\/stability-tout-savoir-sur-le-slam-une-musique-de-paroles-et-demotions.png\",\"keywords\":[\"Accessibilit\u00e9\",\"Artistes\",\"Introduction\",\"Performativit\u00e9\",\"Slam\",\"Th\u00e9matiques\"],\"articleSection\":[\"\u00c0 la une\"],\"inLanguage\":\"fr-FR\",\"potentialAction\":[{\"@type\":\"CommentAction\",\"name\":\"Comment\",\"target\":[\"https:\/\/slams.fr\/blog\/a-la-une\/tout-savoir-sur-le-slam-une-musique-de-paroles-et-demotions\/#respond\"]}]},{\"@type\":\"WebPage\",\"@id\":\"https:\/\/slams.fr\/blog\/a-la-une\/tout-savoir-sur-le-slam-une-musique-de-paroles-et-demotions\/\",\"url\":\"https:\/\/slams.fr\/blog\/a-la-une\/tout-savoir-sur-le-slam-une-musique-de-paroles-et-demotions\/\",\"name\":\"Le slam : une musique de paroles et d'\u00e9motions\",\"isPartOf\":{\"@id\":\"https:\/\/slams.fr\/blog\/#website\"},\"primaryImageOfPage\":{\"@id\":\"https:\/\/slams.fr\/blog\/a-la-une\/tout-savoir-sur-le-slam-une-musique-de-paroles-et-demotions\/#primaryimage\"},\"image\":{\"@id\":\"https:\/\/slams.fr\/blog\/a-la-une\/tout-savoir-sur-le-slam-une-musique-de-paroles-et-demotions\/#primaryimage\"},\"thumbnailUrl\":\"https:\/\/slams.fr\/blog\/wp-content\/uploads\/2025\/02\/stability-tout-savoir-sur-le-slam-une-musique-de-paroles-et-demotions.png\",\"datePublished\":\"2025-02-09T11:03:00+00:00\",\"description\":\"Il s'agit d'une forme d'expression artistique qui marie po\u00e9sie et performance, captivant des auditoires \u00e0 travers le monde.\",\"inLanguage\":\"fr-FR\",\"potentialAction\":[{\"@type\":\"ReadAction\",\"target\":[\"https:\/\/slams.fr\/blog\/a-la-une\/tout-savoir-sur-le-slam-une-musique-de-paroles-et-demotions\/\"]}]},{\"@type\":\"ImageObject\",\"inLanguage\":\"fr-FR\",\"@id\":\"https:\/\/slams.fr\/blog\/a-la-une\/tout-savoir-sur-le-slam-une-musique-de-paroles-et-demotions\/#primaryimage\",\"url\":\"https:\/\/slams.fr\/blog\/wp-content\/uploads\/2025\/02\/stability-tout-savoir-sur-le-slam-une-musique-de-paroles-et-demotions.png\",\"contentUrl\":\"https:\/\/slams.fr\/blog\/wp-content\/uploads\/2025\/02\/stability-tout-savoir-sur-le-slam-une-musique-de-paroles-et-demotions.png\",\"width\":1024,\"height\":576},{\"@type\":\"WebSite\",\"@id\":\"https:\/\/slams.fr\/blog\/#website\",\"url\":\"https:\/\/slams.fr\/blog\/\",\"name\":\"slams.fr\",\"description\":\"Slams, l&#039;\u00e9nergie des mots en action\",\"publisher\":{\"@id\":\"https:\/\/slams.fr\/blog\/#organization\"},\"alternateName\":\"Slams, l'\u00e9nergie des mots en action\",\"potentialAction\":[{\"@type\":\"SearchAction\",\"target\":{\"@type\":\"EntryPoint\",\"urlTemplate\":\"https:\/\/slams.fr\/blog\/?s={search_term_string}\"},\"query-input\":{\"@type\":\"PropertyValueSpecification\",\"valueRequired\":true,\"valueName\":\"search_term_string\"}}],\"inLanguage\":\"fr-FR\"},{\"@type\":\"Organization\",\"@id\":\"https:\/\/slams.fr\/blog\/#organization\",\"name\":\"Foretsensations.fr\",\"url\":\"https:\/\/slams.fr\/blog\/\",\"logo\":{\"@type\":\"ImageObject\",\"inLanguage\":\"fr-FR\",\"@id\":\"https:\/\/slams.fr\/blog\/#\/schema\/logo\/image\/\",\"url\":\"https:\/\/slams.fr\/blog\/wp-content\/uploads\/2026\/07\/logo-auto-1.png\",\"contentUrl\":\"https:\/\/slams.fr\/blog\/wp-content\/uploads\/2026\/07\/logo-auto-1.png\",\"width\":1024,\"height\":1024,\"caption\":\"Foretsensations.fr\"},\"image\":{\"@id\":\"https:\/\/slams.fr\/blog\/#\/schema\/logo\/image\/\"}},{\"@type\":\"Person\",\"@id\":\"https:\/\/slams.fr\/blog\/#\/schema\/person\/3c864cdc320801e3db34b663e7e3f816\",\"name\":\"Rapha\u00ebl D.\",\"image\":{\"@type\":\"ImageObject\",\"inLanguage\":\"fr-FR\",\"@id\":\"https:\/\/slams.fr\/blog\/#\/schema\/person\/image\/\",\"url\":\"https:\/\/slams.fr\/blog\/wp-content\/uploads\/2026\/06\/persona_raphael-d-96x96.jpg\",\"contentUrl\":\"https:\/\/slams.fr\/blog\/wp-content\/uploads\/2026\/06\/persona_raphael-d-96x96.jpg\",\"caption\":\"Rapha\u00ebl D.\"},\"description\":\"La culture est mon terrain de jeu depuis une dizaine d'ann\u00e9es : arts visuels, s\u00e9ries, cr\u00e9ation et tout ce qui nourrit l'imaginaire. J'\u00e9cris aussi bien sur l'actualit\u00e9 des \u0153uvres que sur les coulisses de la cr\u00e9ation, avec l'envie de relier l'amateur curieux \u00e0 des univers parfois jug\u00e9s intimidants. J'aime analyser une s\u00e9rie ou une d\u00e9marche artistique sans p\u00e9dantisme, replacer une \u0153uvre dans son contexte et donner des cl\u00e9s de lecture accessibles. Avant de publier, je v\u00e9rifie mes r\u00e9f\u00e9rences, je recoupe les sources et je distingue clairement le fait de mon interpr\u00e9tation subjective. Je crois qu'une critique vaut surtout par les arguments qu'elle expose, pas par la sentence qu'elle rend. Mon angle : transmettre l'envie de d\u00e9couvrir, de regarder autrement et de se forger son propre go\u00fbt. La culture n'appartient pas qu'aux initi\u00e9s, et c'est tout l'enjeu de mon \u00e9criture.\",\"url\":\"https:\/\/slams.fr\/blog\/auteur\/raphael-d\/\",\"jobTitle\":\"R\u00e9dacteur en chef \u00b7 Culture & Cr\u00e9ation\",\"knowsAbout\":[\"Culture\",\"Cr\u00e9ation\"],\"email\":\"raphael.d@a-l-asso-de-l-art.fr\"}]}<\/script>\n<!-- \/ Yoast SEO Premium plugin. -->","yoast_head_json":{"title":"Le slam : une musique de paroles et d'\u00e9motions","description":"Il s'agit d'une forme d'expression artistique qui marie po\u00e9sie et performance, captivant des auditoires \u00e0 travers le monde.","robots":{"index":"index","follow":"follow","max-snippet":"max-snippet:-1","max-image-preview":"max-image-preview:large","max-video-preview":"max-video-preview:-1"},"canonical":"https:\/\/slams.fr\/blog\/a-la-une\/tout-savoir-sur-le-slam-une-musique-de-paroles-et-demotions\/","og_locale":"fr_FR","og_type":"article","og_title":"Le slam : une musique de paroles et d'\u00e9motions","og_description":"Il s'agit d'une forme d'expression artistique qui marie po\u00e9sie et performance, captivant des auditoires \u00e0 travers le monde.","og_url":"https:\/\/slams.fr\/blog\/a-la-une\/tout-savoir-sur-le-slam-une-musique-de-paroles-et-demotions\/","og_site_name":"slams","og_image":[{"width":1024,"height":576,"url":"https:\/\/slams.fr\/blog\/wp-content\/uploads\/2025\/02\/stability-tout-savoir-sur-le-slam-une-musique-de-paroles-et-demotions.png","type":"image\/png"}],"author":"Rapha\u00ebl D.","twitter_card":"summary_large_image","schema":{"@context":"https:\/\/schema.org","@graph":[{"@type":"NewsArticle","@id":"https:\/\/slams.fr\/blog\/a-la-une\/tout-savoir-sur-le-slam-une-musique-de-paroles-et-demotions\/#article","isPartOf":{"@id":"https:\/\/slams.fr\/blog\/a-la-une\/tout-savoir-sur-le-slam-une-musique-de-paroles-et-demotions\/"},"author":{"name":"Rapha\u00ebl D.","@id":"https:\/\/slams.fr\/blog\/#\/schema\/person\/3c864cdc320801e3db34b663e7e3f816"},"headline":"Tout savoir sur le slam : une musique de paroles et d&rsquo;\u00e9motions","datePublished":"2025-02-09T11:03:00+00:00","mainEntityOfPage":{"@id":"https:\/\/slams.fr\/blog\/a-la-une\/tout-savoir-sur-le-slam-une-musique-de-paroles-et-demotions\/"},"wordCount":654,"commentCount":19,"publisher":{"@id":"https:\/\/slams.fr\/blog\/#organization"},"image":{"@id":"https:\/\/slams.fr\/blog\/a-la-une\/tout-savoir-sur-le-slam-une-musique-de-paroles-et-demotions\/#primaryimage"},"thumbnailUrl":"https:\/\/slams.fr\/blog\/wp-content\/uploads\/2025\/02\/stability-tout-savoir-sur-le-slam-une-musique-de-paroles-et-demotions.png","keywords":["Accessibilit\u00e9","Artistes","Introduction","Performativit\u00e9","Slam","Th\u00e9matiques"],"articleSection":["\u00c0 la une"],"inLanguage":"fr-FR","potentialAction":[{"@type":"CommentAction","name":"Comment","target":["https:\/\/slams.fr\/blog\/a-la-une\/tout-savoir-sur-le-slam-une-musique-de-paroles-et-demotions\/#respond"]}]},{"@type":"WebPage","@id":"https:\/\/slams.fr\/blog\/a-la-une\/tout-savoir-sur-le-slam-une-musique-de-paroles-et-demotions\/","url":"https:\/\/slams.fr\/blog\/a-la-une\/tout-savoir-sur-le-slam-une-musique-de-paroles-et-demotions\/","name":"Le slam : une musique de paroles et d'\u00e9motions","isPartOf":{"@id":"https:\/\/slams.fr\/blog\/#website"},"primaryImageOfPage":{"@id":"https:\/\/slams.fr\/blog\/a-la-une\/tout-savoir-sur-le-slam-une-musique-de-paroles-et-demotions\/#primaryimage"},"image":{"@id":"https:\/\/slams.fr\/blog\/a-la-une\/tout-savoir-sur-le-slam-une-musique-de-paroles-et-demotions\/#primaryimage"},"thumbnailUrl":"https:\/\/slams.fr\/blog\/wp-content\/uploads\/2025\/02\/stability-tout-savoir-sur-le-slam-une-musique-de-paroles-et-demotions.png","datePublished":"2025-02-09T11:03:00+00:00","description":"Il s'agit d'une forme d'expression artistique qui marie po\u00e9sie et performance, captivant des auditoires \u00e0 travers le monde.","inLanguage":"fr-FR","potentialAction":[{"@type":"ReadAction","target":["https:\/\/slams.fr\/blog\/a-la-une\/tout-savoir-sur-le-slam-une-musique-de-paroles-et-demotions\/"]}]},{"@type":"ImageObject","inLanguage":"fr-FR","@id":"https:\/\/slams.fr\/blog\/a-la-une\/tout-savoir-sur-le-slam-une-musique-de-paroles-et-demotions\/#primaryimage","url":"https:\/\/slams.fr\/blog\/wp-content\/uploads\/2025\/02\/stability-tout-savoir-sur-le-slam-une-musique-de-paroles-et-demotions.png","contentUrl":"https:\/\/slams.fr\/blog\/wp-content\/uploads\/2025\/02\/stability-tout-savoir-sur-le-slam-une-musique-de-paroles-et-demotions.png","width":1024,"height":576},{"@type":"WebSite","@id":"https:\/\/slams.fr\/blog\/#website","url":"https:\/\/slams.fr\/blog\/","name":"slams.fr","description":"Slams, l&#039;\u00e9nergie des mots en action","publisher":{"@id":"https:\/\/slams.fr\/blog\/#organization"},"alternateName":"Slams, l'\u00e9nergie des mots en action","potentialAction":[{"@type":"SearchAction","target":{"@type":"EntryPoint","urlTemplate":"https:\/\/slams.fr\/blog\/?s={search_term_string}"},"query-input":{"@type":"PropertyValueSpecification","valueRequired":true,"valueName":"search_term_string"}}],"inLanguage":"fr-FR"},{"@type":"Organization","@id":"https:\/\/slams.fr\/blog\/#organization","name":"Foretsensations.fr","url":"https:\/\/slams.fr\/blog\/","logo":{"@type":"ImageObject","inLanguage":"fr-FR","@id":"https:\/\/slams.fr\/blog\/#\/schema\/logo\/image\/","url":"https:\/\/slams.fr\/blog\/wp-content\/uploads\/2026\/07\/logo-auto-1.png","contentUrl":"https:\/\/slams.fr\/blog\/wp-content\/uploads\/2026\/07\/logo-auto-1.png","width":1024,"height":1024,"caption":"Foretsensations.fr"},"image":{"@id":"https:\/\/slams.fr\/blog\/#\/schema\/logo\/image\/"}},{"@type":"Person","@id":"https:\/\/slams.fr\/blog\/#\/schema\/person\/3c864cdc320801e3db34b663e7e3f816","name":"Rapha\u00ebl D.","image":{"@type":"ImageObject","inLanguage":"fr-FR","@id":"https:\/\/slams.fr\/blog\/#\/schema\/person\/image\/","url":"https:\/\/slams.fr\/blog\/wp-content\/uploads\/2026\/06\/persona_raphael-d-96x96.jpg","contentUrl":"https:\/\/slams.fr\/blog\/wp-content\/uploads\/2026\/06\/persona_raphael-d-96x96.jpg","caption":"Rapha\u00ebl D."},"description":"La culture est mon terrain de jeu depuis une dizaine d'ann\u00e9es : arts visuels, s\u00e9ries, cr\u00e9ation et tout ce qui nourrit l'imaginaire. J'\u00e9cris aussi bien sur l'actualit\u00e9 des \u0153uvres que sur les coulisses de la cr\u00e9ation, avec l'envie de relier l'amateur curieux \u00e0 des univers parfois jug\u00e9s intimidants. J'aime analyser une s\u00e9rie ou une d\u00e9marche artistique sans p\u00e9dantisme, replacer une \u0153uvre dans son contexte et donner des cl\u00e9s de lecture accessibles. Avant de publier, je v\u00e9rifie mes r\u00e9f\u00e9rences, je recoupe les sources et je distingue clairement le fait de mon interpr\u00e9tation subjective. Je crois qu'une critique vaut surtout par les arguments qu'elle expose, pas par la sentence qu'elle rend. Mon angle : transmettre l'envie de d\u00e9couvrir, de regarder autrement et de se forger son propre go\u00fbt. La culture n'appartient pas qu'aux initi\u00e9s, et c'est tout l'enjeu de mon \u00e9criture.","url":"https:\/\/slams.fr\/blog\/auteur\/raphael-d\/","jobTitle":"R\u00e9dacteur en chef \u00b7 Culture & Cr\u00e9ation","knowsAbout":["Culture","Cr\u00e9ation"],"email":"raphael.d@a-l-asso-de-l-art.fr"}]}},"_links":{"self":[{"href":"https:\/\/slams.fr\/blog\/wp-json\/wp\/v2\/posts\/7372","targetHints":{"allow":["GET"]}}],"collection":[{"href":"https:\/\/slams.fr\/blog\/wp-json\/wp\/v2\/posts"}],"about":[{"href":"https:\/\/slams.fr\/blog\/wp-json\/wp\/v2\/types\/post"}],"author":[{"embeddable":true,"href":"https:\/\/slams.fr\/blog\/wp-json\/wp\/v2\/users\/34"}],"replies":[{"embeddable":true,"href":"https:\/\/slams.fr\/blog\/wp-json\/wp\/v2\/comments?post=7372"}],"version-history":[{"count":2,"href":"https:\/\/slams.fr\/blog\/wp-json\/wp\/v2\/posts\/7372\/revisions"}],"predecessor-version":[{"id":7451,"href":"https:\/\/slams.fr\/blog\/wp-json\/wp\/v2\/posts\/7372\/revisions\/7451"}],"wp:featuredmedia":[{"embeddable":true,"href":"https:\/\/slams.fr\/blog\/wp-json\/wp\/v2\/media\/7373"}],"wp:attachment":[{"href":"https:\/\/slams.fr\/blog\/wp-json\/wp\/v2\/media?parent=7372"}],"wp:term":[{"taxonomy":"category","embeddable":true,"href":"https:\/\/slams.fr\/blog\/wp-json\/wp\/v2\/categories?post=7372"},{"taxonomy":"post_tag","embeddable":true,"href":"https:\/\/slams.fr\/blog\/wp-json\/wp\/v2\/tags?post=7372"}],"curies":[{"name":"wp","href":"https:\/\/api.w.org\/{rel}","templated":true}]}}