{"id":7392,"date":"2025-02-08T13:43:00","date_gmt":"2025-02-08T12:43:00","guid":{"rendered":"https:\/\/slams.fr\/blog\/?p=7392"},"modified":"2025-02-08T11:33:01","modified_gmt":"2025-02-08T10:33:01","slug":"decouverte-du-slam-une-musique-de-parole-qui-touche-les-coeurs","status":"publish","type":"post","link":"https:\/\/slams.fr\/blog\/a-la-une\/decouverte-du-slam-une-musique-de-parole-qui-touche-les-coeurs\/","title":{"rendered":"D\u00e9couverte du slam : une musique de parole qui touche les c\u0153urs"},"content":{"rendered":"<h2>Qu&rsquo;est-ce que le slam ?<\/h2>\n<p>Il repose sur la r\u00e9citation de textes, souvent engag\u00e9s, qui abordent des th\u00e8mes vari\u00e9s tels que l&rsquo;amour, la soci\u00e9t\u00e9, et les luttes personnelles. Popularis\u00e9 dans les ann\u00e9es 1980 aux \u00c9tats-Unis, le slam s&rsquo;est rapidement r\u00e9pandu \u00e0 travers le monde, attirant un public toujours plus large. Les slameurs utilisent leur voix, leur gestuelle et leur pr\u00e9sence sc\u00e9nique pour transmettre des \u00e9motions puissantes.<\/p>\n<p><iframe loading=\"lazy\" title=\"Slam Francophonie 2016 - Slam qui touche le coeur\" width=\"1200\" height=\"675\" src=\"https:\/\/www.youtube.com\/embed\/E0GAqFWYdzk?feature=oembed\" frameborder=\"0\" allow=\"accelerometer; autoplay; clipboard-write; encrypted-media; gyroscope; picture-in-picture; web-share\" referrerpolicy=\"strict-origin-when-cross-origin\" allowfullscreen><\/iframe><\/p>\n<h2>Les diff\u00e9rences entre le slam et d&rsquo;autres genres musicaux<\/h2>\n<p>Le slam se distingue de nombreux styles musicaux par son approche ax\u00e9e sur la parole. Contrairement au rap, qui utilise souvent des beats et des rythmes complexes, le slam privil\u00e9gie la narration et l&rsquo;expression personnelle. Voici quelques comparaisons cl\u00e9s :<\/p>\n<ul>\n<li><strong>Slam vs Rap :<\/strong> Le slam se concentre sur la po\u00e9sie et la performance, tandis que le rap met davantage l&rsquo;accent sur le rythme et la musicalit\u00e9.<\/li>\n<li><strong>Slam vs Chanson :<\/strong> Les chansons int\u00e8grent souvent des m\u00e9lodies, alors que le slam peut \u00eatre r\u00e9cit\u00e9 sans accompagnement musical.<\/li>\n<li><strong>Slam vs Th\u00e9\u00e2tre :<\/strong> Bien que le slam utilise des \u00e9l\u00e9ments th\u00e9\u00e2traux, il est principalement centr\u00e9 sur la po\u00e9sie et la narration.<\/li>\n<\/ul>\n<h2>Pourquoi le slam est-il si populaire ?<\/h2>\n<p>La popularit\u00e9 du slam repose sur plusieurs facteurs. Premi\u00e8rement, il offre une plateforme d&rsquo;expression unique pour ceux qui souhaitent partager leurs histoires et leurs luttes. Deuxi\u00e8mement, le slam est souvent associ\u00e9 \u00e0 des \u00e9v\u00e9nements communautaires, ce qui cr\u00e9e un sentiment d&rsquo;appartenance et de solidarit\u00e9. Voici quelques impacts notables :<img width=\"1024\" height=\"576\" src=\"https:\/\/slams.fr\/blog\/wp-content\/uploads\/2025\/02\/stability-decouverte-du-slam-une-musique-de-parole-qui-touche-les-coeurs-1.png\" class=\"aligncenter\" alt=\"Illustration d\u00e9taill\u00e9e sur D\u00e9couverte du slam : une musique de parole qui touche les c\u0153urs\" title=\"D\u00e9couverte du slam : une musique de parole qui touche les c\u0153urs\" decoding=\"async\" loading=\"lazy\" \/><\/p>\n<blockquote><p>\n    \u00ab\u00a0Le slam est une voix pour ceux qui n&rsquo;en ont pas.\u00a0\u00bb \u2013 Un slameur engag\u00e9\n<\/p><\/blockquote>\n<p>Cette citation illustre parfaitement l&rsquo;impact du slam sur les communaut\u00e9s marginalis\u00e9es. En permettant \u00e0 chacun de s&rsquo;exprimer, le slam favorise la diversit\u00e9 des voix et des exp\u00e9riences.<\/p>\n<h2>Comment se lancer dans le slam ? Un guide pratique<\/h2>\n<p>D\u00e9cider de se lancer dans le slam peut \u00eatre intimidant, mais c&rsquo;est une exp\u00e9rience enrichissante. Voici quelques \u00e9tapes pour d\u00e9buter :<\/p>\n<ul>\n<li><strong>\u00c9crire des textes :<\/strong> Commencez par \u00e9crire des po\u00e8mes ou des r\u00e9cits bas\u00e9s sur vos exp\u00e9riences personnelles.<\/li>\n<li><strong>Pratiquer la performance :<\/strong> Entra\u00eenez-vous \u00e0 r\u00e9citer vos textes \u00e0 voix haute, en jouant avec le ton et l&rsquo;intonation.<\/li>\n<li><strong>Participer \u00e0 des ateliers :<\/strong> Rejoignez des groupes de slam ou des ateliers pour recevoir des retours et am\u00e9liorer vos comp\u00e9tences.<\/li>\n<li><strong>Se produire sur sc\u00e8ne :<\/strong> Cherchez des \u00e9v\u00e9nements de slam locaux o\u00f9 vous pouvez partager votre travail avec un public.<\/li>\n<\/ul>\n<h2>Tableau r\u00e9capitulatif des \u00e9l\u00e9ments cl\u00e9s du slam<\/h2>\n<table>\n<tr>\n<th>\u00c9l\u00e9ment<\/th>\n<th>Description<\/th>\n<th>Impact<\/th>\n<\/tr>\n<tr>\n<td>Texte<\/td>\n<td>Po\u00e9sie ou r\u00e9cit narratif<\/td>\n<td>Exprime des \u00e9motions et des luttes<\/td>\n<\/tr>\n<tr>\n<td>Performance<\/td>\n<td>R\u00e9citation orale avec gestuelle<\/td>\n<td>Renforce l&rsquo;impact \u00e9motionnel<\/td>\n<\/tr>\n<tr>\n<td>Communaut\u00e9<\/td>\n<td>\u00c9v\u00e9nements ouverts \u00e0 tous<\/td>\n<td>Favorise l&rsquo;appartenance et la solidarit\u00e9<\/td>\n<\/tr>\n<\/table>\n<h3>FAQ :<\/h3>\n<blockquote>\n<ul>\n<li><strong>Quelle est l&rsquo;origine du slam ?<\/strong>Le slam a \u00e9merg\u00e9 dans les ann\u00e9es 1980 aux \u00c9tats-Unis, inspir\u00e9 par des po\u00e8tes et des artistes engag\u00e9s.<\/li>\n<li><strong>Peut-on slamer sans musique ?<\/strong>Oui, le slam peut se faire sans musique, l&rsquo;accent \u00e9tant mis sur la performance et le texte.<\/li>\n<li><strong>Comment participer \u00e0 un \u00e9v\u00e9nement de slam ?<\/strong>Renseignez-vous sur les \u00e9v\u00e9nements locaux et inscrivez-vous pour vous produire.<\/li>\n<li><strong>Y a-t-il des comp\u00e9titions de slam ?<\/strong>Oui, de nombreuses comp\u00e9titions existent, offrant des opportunit\u00e9s de se faire conna\u00eetre.<\/li>\n<\/ul>\n<\/blockquote>\n<p>Le slam est bien plus qu&rsquo;un simple genre musical. C&rsquo;est un moyen d&rsquo;expression qui touche des c\u0153urs, qui unit des personnes et qui donne une voix \u00e0 ceux qui en ont besoin. Que vous soyez auditeur ou artiste, le slam offre une exp\u00e9rience unique et enrichissante.<\/p>\n","protected":false},"excerpt":{"rendered":"","protected":false},"author":34,"featured_media":7393,"comment_status":"open","ping_status":"open","sticky":false,"template":"","format":"standard","meta":{"_acf_changed":false,"manual_indexmenow":false,"indexmenow_id_project":0,"footnotes":""},"categories":[1],"tags":[4547,4540,4565,4537,4534,4526],"class_list":["post-7392","post","type-post","status-publish","format-standard","has-post-thumbnail","hentry","category-a-la-une","tag-communaute","tag-emotion","tag-expression","tag-performance","tag-poesie","tag-slam","generate-columns","tablet-grid-50","mobile-grid-100","grid-parent","grid-25"],"acf":[],"yoast_head":"<!-- This site is optimized with the Yoast SEO Premium plugin v21.3 (Yoast SEO v26.5) - https:\/\/yoast.com\/wordpress\/plugins\/seo\/ -->\n<title>Le slam : une musique de parole qui touche les c\u0153urs<\/title>\n<meta name=\"description\" content=\"Il repose sur la r\u00e9citation de textes, souvent engag\u00e9s, qui abordent des th\u00e8mes vari\u00e9s tels que l&#039;amour, la soci\u00e9t\u00e9, et les luttes personnelles.\" \/>\n<meta name=\"robots\" content=\"index, follow, max-snippet:-1, max-image-preview:large, max-video-preview:-1\" \/>\n<link rel=\"canonical\" href=\"https:\/\/slams.fr\/blog\/a-la-une\/decouverte-du-slam-une-musique-de-parole-qui-touche-les-coeurs\/\" \/>\n<meta property=\"og:locale\" content=\"fr_FR\" \/>\n<meta property=\"og:type\" content=\"article\" \/>\n<meta property=\"og:title\" content=\"Le slam : une musique de parole qui touche les c\u0153urs\" \/>\n<meta property=\"og:description\" content=\"Il repose sur la r\u00e9citation de textes, souvent engag\u00e9s, qui abordent des th\u00e8mes vari\u00e9s tels que l&#039;amour, la soci\u00e9t\u00e9, et les luttes personnelles.\" \/>\n<meta property=\"og:url\" content=\"https:\/\/slams.fr\/blog\/a-la-une\/decouverte-du-slam-une-musique-de-parole-qui-touche-les-coeurs\/\" \/>\n<meta property=\"og:site_name\" content=\"slams\" \/>\n<meta property=\"og:image\" content=\"https:\/\/slams.fr\/blog\/wp-content\/uploads\/2025\/02\/stability-decouverte-du-slam-une-musique-de-parole-qui-touche-les-coeurs.png\" \/>\n\t<meta property=\"og:image:width\" content=\"1024\" \/>\n\t<meta property=\"og:image:height\" content=\"576\" \/>\n\t<meta property=\"og:image:type\" content=\"image\/png\" \/>\n<meta name=\"author\" content=\"Rapha\u00ebl D.\" \/>\n<meta name=\"twitter:card\" content=\"summary_large_image\" \/>\n<script type=\"application\/ld+json\" class=\"yoast-schema-graph\">{\"@context\":\"https:\/\/schema.org\",\"@graph\":[{\"@type\":\"NewsArticle\",\"@id\":\"https:\/\/slams.fr\/blog\/a-la-une\/decouverte-du-slam-une-musique-de-parole-qui-touche-les-coeurs\/#article\",\"isPartOf\":{\"@id\":\"https:\/\/slams.fr\/blog\/a-la-une\/decouverte-du-slam-une-musique-de-parole-qui-touche-les-coeurs\/\"},\"author\":{\"name\":\"Rapha\u00ebl D.\",\"@id\":\"https:\/\/slams.fr\/blog\/#\/schema\/person\/3c864cdc320801e3db34b663e7e3f816\"},\"headline\":\"D\u00e9couverte du slam : une musique de parole qui touche les c\u0153urs\",\"datePublished\":\"2025-02-08T12:43:00+00:00\",\"mainEntityOfPage\":{\"@id\":\"https:\/\/slams.fr\/blog\/a-la-une\/decouverte-du-slam-une-musique-de-parole-qui-touche-les-coeurs\/\"},\"wordCount\":628,\"commentCount\":19,\"publisher\":{\"@id\":\"https:\/\/slams.fr\/blog\/#organization\"},\"image\":{\"@id\":\"https:\/\/slams.fr\/blog\/a-la-une\/decouverte-du-slam-une-musique-de-parole-qui-touche-les-coeurs\/#primaryimage\"},\"thumbnailUrl\":\"https:\/\/slams.fr\/blog\/wp-content\/uploads\/2025\/02\/stability-decouverte-du-slam-une-musique-de-parole-qui-touche-les-coeurs.png\",\"keywords\":[\"Communaut\u00e9\",\"\u00c9motion\",\"Expression\",\"Performance\",\"Po\u00e9sie\",\"Slam\"],\"articleSection\":[\"\u00c0 la une\"],\"inLanguage\":\"fr-FR\",\"potentialAction\":[{\"@type\":\"CommentAction\",\"name\":\"Comment\",\"target\":[\"https:\/\/slams.fr\/blog\/a-la-une\/decouverte-du-slam-une-musique-de-parole-qui-touche-les-coeurs\/#respond\"]}]},{\"@type\":\"WebPage\",\"@id\":\"https:\/\/slams.fr\/blog\/a-la-une\/decouverte-du-slam-une-musique-de-parole-qui-touche-les-coeurs\/\",\"url\":\"https:\/\/slams.fr\/blog\/a-la-une\/decouverte-du-slam-une-musique-de-parole-qui-touche-les-coeurs\/\",\"name\":\"Le slam : une musique de parole qui touche les c\u0153urs\",\"isPartOf\":{\"@id\":\"https:\/\/slams.fr\/blog\/#website\"},\"primaryImageOfPage\":{\"@id\":\"https:\/\/slams.fr\/blog\/a-la-une\/decouverte-du-slam-une-musique-de-parole-qui-touche-les-coeurs\/#primaryimage\"},\"image\":{\"@id\":\"https:\/\/slams.fr\/blog\/a-la-une\/decouverte-du-slam-une-musique-de-parole-qui-touche-les-coeurs\/#primaryimage\"},\"thumbnailUrl\":\"https:\/\/slams.fr\/blog\/wp-content\/uploads\/2025\/02\/stability-decouverte-du-slam-une-musique-de-parole-qui-touche-les-coeurs.png\",\"datePublished\":\"2025-02-08T12:43:00+00:00\",\"description\":\"Il repose sur la r\u00e9citation de textes, souvent engag\u00e9s, qui abordent des th\u00e8mes vari\u00e9s tels que l'amour, la soci\u00e9t\u00e9, et les luttes personnelles.\",\"inLanguage\":\"fr-FR\",\"potentialAction\":[{\"@type\":\"ReadAction\",\"target\":[\"https:\/\/slams.fr\/blog\/a-la-une\/decouverte-du-slam-une-musique-de-parole-qui-touche-les-coeurs\/\"]}]},{\"@type\":\"ImageObject\",\"inLanguage\":\"fr-FR\",\"@id\":\"https:\/\/slams.fr\/blog\/a-la-une\/decouverte-du-slam-une-musique-de-parole-qui-touche-les-coeurs\/#primaryimage\",\"url\":\"https:\/\/slams.fr\/blog\/wp-content\/uploads\/2025\/02\/stability-decouverte-du-slam-une-musique-de-parole-qui-touche-les-coeurs.png\",\"contentUrl\":\"https:\/\/slams.fr\/blog\/wp-content\/uploads\/2025\/02\/stability-decouverte-du-slam-une-musique-de-parole-qui-touche-les-coeurs.png\",\"width\":1024,\"height\":576},{\"@type\":\"WebSite\",\"@id\":\"https:\/\/slams.fr\/blog\/#website\",\"url\":\"https:\/\/slams.fr\/blog\/\",\"name\":\"slams.fr\",\"description\":\"Slams, l&#039;\u00e9nergie des mots en action\",\"publisher\":{\"@id\":\"https:\/\/slams.fr\/blog\/#organization\"},\"alternateName\":\"Slams, l'\u00e9nergie des mots en action\",\"potentialAction\":[{\"@type\":\"SearchAction\",\"target\":{\"@type\":\"EntryPoint\",\"urlTemplate\":\"https:\/\/slams.fr\/blog\/?s={search_term_string}\"},\"query-input\":{\"@type\":\"PropertyValueSpecification\",\"valueRequired\":true,\"valueName\":\"search_term_string\"}}],\"inLanguage\":\"fr-FR\"},{\"@type\":\"Organization\",\"@id\":\"https:\/\/slams.fr\/blog\/#organization\",\"name\":\"Foretsensations.fr\",\"url\":\"https:\/\/slams.fr\/blog\/\",\"logo\":{\"@type\":\"ImageObject\",\"inLanguage\":\"fr-FR\",\"@id\":\"https:\/\/slams.fr\/blog\/#\/schema\/logo\/image\/\",\"url\":\"https:\/\/slams.fr\/blog\/wp-content\/uploads\/2026\/07\/logo-auto-1.png\",\"contentUrl\":\"https:\/\/slams.fr\/blog\/wp-content\/uploads\/2026\/07\/logo-auto-1.png\",\"width\":1024,\"height\":1024,\"caption\":\"Foretsensations.fr\"},\"image\":{\"@id\":\"https:\/\/slams.fr\/blog\/#\/schema\/logo\/image\/\"}},{\"@type\":\"Person\",\"@id\":\"https:\/\/slams.fr\/blog\/#\/schema\/person\/3c864cdc320801e3db34b663e7e3f816\",\"name\":\"Rapha\u00ebl D.\",\"image\":{\"@type\":\"ImageObject\",\"inLanguage\":\"fr-FR\",\"@id\":\"https:\/\/slams.fr\/blog\/#\/schema\/person\/image\/\",\"url\":\"https:\/\/slams.fr\/blog\/wp-content\/uploads\/2026\/06\/persona_raphael-d-96x96.jpg\",\"contentUrl\":\"https:\/\/slams.fr\/blog\/wp-content\/uploads\/2026\/06\/persona_raphael-d-96x96.jpg\",\"caption\":\"Rapha\u00ebl D.\"},\"description\":\"La culture est mon terrain de jeu depuis une dizaine d'ann\u00e9es : arts visuels, s\u00e9ries, cr\u00e9ation et tout ce qui nourrit l'imaginaire. J'\u00e9cris aussi bien sur l'actualit\u00e9 des \u0153uvres que sur les coulisses de la cr\u00e9ation, avec l'envie de relier l'amateur curieux \u00e0 des univers parfois jug\u00e9s intimidants. J'aime analyser une s\u00e9rie ou une d\u00e9marche artistique sans p\u00e9dantisme, replacer une \u0153uvre dans son contexte et donner des cl\u00e9s de lecture accessibles. Avant de publier, je v\u00e9rifie mes r\u00e9f\u00e9rences, je recoupe les sources et je distingue clairement le fait de mon interpr\u00e9tation subjective. Je crois qu'une critique vaut surtout par les arguments qu'elle expose, pas par la sentence qu'elle rend. Mon angle : transmettre l'envie de d\u00e9couvrir, de regarder autrement et de se forger son propre go\u00fbt. La culture n'appartient pas qu'aux initi\u00e9s, et c'est tout l'enjeu de mon \u00e9criture.\",\"url\":\"https:\/\/slams.fr\/blog\/auteur\/raphael-d\/\",\"jobTitle\":\"R\u00e9dacteur en chef \u00b7 Culture & Cr\u00e9ation\",\"knowsAbout\":[\"Culture\",\"Cr\u00e9ation\"],\"email\":\"raphael.d@a-l-asso-de-l-art.fr\"}]}<\/script>\n<!-- \/ Yoast SEO Premium plugin. -->","yoast_head_json":{"title":"Le slam : une musique de parole qui touche les c\u0153urs","description":"Il repose sur la r\u00e9citation de textes, souvent engag\u00e9s, qui abordent des th\u00e8mes vari\u00e9s tels que l'amour, la soci\u00e9t\u00e9, et les luttes personnelles.","robots":{"index":"index","follow":"follow","max-snippet":"max-snippet:-1","max-image-preview":"max-image-preview:large","max-video-preview":"max-video-preview:-1"},"canonical":"https:\/\/slams.fr\/blog\/a-la-une\/decouverte-du-slam-une-musique-de-parole-qui-touche-les-coeurs\/","og_locale":"fr_FR","og_type":"article","og_title":"Le slam : une musique de parole qui touche les c\u0153urs","og_description":"Il repose sur la r\u00e9citation de textes, souvent engag\u00e9s, qui abordent des th\u00e8mes vari\u00e9s tels que l'amour, la soci\u00e9t\u00e9, et les luttes personnelles.","og_url":"https:\/\/slams.fr\/blog\/a-la-une\/decouverte-du-slam-une-musique-de-parole-qui-touche-les-coeurs\/","og_site_name":"slams","og_image":[{"width":1024,"height":576,"url":"https:\/\/slams.fr\/blog\/wp-content\/uploads\/2025\/02\/stability-decouverte-du-slam-une-musique-de-parole-qui-touche-les-coeurs.png","type":"image\/png"}],"author":"Rapha\u00ebl D.","twitter_card":"summary_large_image","schema":{"@context":"https:\/\/schema.org","@graph":[{"@type":"NewsArticle","@id":"https:\/\/slams.fr\/blog\/a-la-une\/decouverte-du-slam-une-musique-de-parole-qui-touche-les-coeurs\/#article","isPartOf":{"@id":"https:\/\/slams.fr\/blog\/a-la-une\/decouverte-du-slam-une-musique-de-parole-qui-touche-les-coeurs\/"},"author":{"name":"Rapha\u00ebl D.","@id":"https:\/\/slams.fr\/blog\/#\/schema\/person\/3c864cdc320801e3db34b663e7e3f816"},"headline":"D\u00e9couverte du slam : une musique de parole qui touche les c\u0153urs","datePublished":"2025-02-08T12:43:00+00:00","mainEntityOfPage":{"@id":"https:\/\/slams.fr\/blog\/a-la-une\/decouverte-du-slam-une-musique-de-parole-qui-touche-les-coeurs\/"},"wordCount":628,"commentCount":19,"publisher":{"@id":"https:\/\/slams.fr\/blog\/#organization"},"image":{"@id":"https:\/\/slams.fr\/blog\/a-la-une\/decouverte-du-slam-une-musique-de-parole-qui-touche-les-coeurs\/#primaryimage"},"thumbnailUrl":"https:\/\/slams.fr\/blog\/wp-content\/uploads\/2025\/02\/stability-decouverte-du-slam-une-musique-de-parole-qui-touche-les-coeurs.png","keywords":["Communaut\u00e9","\u00c9motion","Expression","Performance","Po\u00e9sie","Slam"],"articleSection":["\u00c0 la une"],"inLanguage":"fr-FR","potentialAction":[{"@type":"CommentAction","name":"Comment","target":["https:\/\/slams.fr\/blog\/a-la-une\/decouverte-du-slam-une-musique-de-parole-qui-touche-les-coeurs\/#respond"]}]},{"@type":"WebPage","@id":"https:\/\/slams.fr\/blog\/a-la-une\/decouverte-du-slam-une-musique-de-parole-qui-touche-les-coeurs\/","url":"https:\/\/slams.fr\/blog\/a-la-une\/decouverte-du-slam-une-musique-de-parole-qui-touche-les-coeurs\/","name":"Le slam : une musique de parole qui touche les c\u0153urs","isPartOf":{"@id":"https:\/\/slams.fr\/blog\/#website"},"primaryImageOfPage":{"@id":"https:\/\/slams.fr\/blog\/a-la-une\/decouverte-du-slam-une-musique-de-parole-qui-touche-les-coeurs\/#primaryimage"},"image":{"@id":"https:\/\/slams.fr\/blog\/a-la-une\/decouverte-du-slam-une-musique-de-parole-qui-touche-les-coeurs\/#primaryimage"},"thumbnailUrl":"https:\/\/slams.fr\/blog\/wp-content\/uploads\/2025\/02\/stability-decouverte-du-slam-une-musique-de-parole-qui-touche-les-coeurs.png","datePublished":"2025-02-08T12:43:00+00:00","description":"Il repose sur la r\u00e9citation de textes, souvent engag\u00e9s, qui abordent des th\u00e8mes vari\u00e9s tels que l'amour, la soci\u00e9t\u00e9, et les luttes personnelles.","inLanguage":"fr-FR","potentialAction":[{"@type":"ReadAction","target":["https:\/\/slams.fr\/blog\/a-la-une\/decouverte-du-slam-une-musique-de-parole-qui-touche-les-coeurs\/"]}]},{"@type":"ImageObject","inLanguage":"fr-FR","@id":"https:\/\/slams.fr\/blog\/a-la-une\/decouverte-du-slam-une-musique-de-parole-qui-touche-les-coeurs\/#primaryimage","url":"https:\/\/slams.fr\/blog\/wp-content\/uploads\/2025\/02\/stability-decouverte-du-slam-une-musique-de-parole-qui-touche-les-coeurs.png","contentUrl":"https:\/\/slams.fr\/blog\/wp-content\/uploads\/2025\/02\/stability-decouverte-du-slam-une-musique-de-parole-qui-touche-les-coeurs.png","width":1024,"height":576},{"@type":"WebSite","@id":"https:\/\/slams.fr\/blog\/#website","url":"https:\/\/slams.fr\/blog\/","name":"slams.fr","description":"Slams, l&#039;\u00e9nergie des mots en action","publisher":{"@id":"https:\/\/slams.fr\/blog\/#organization"},"alternateName":"Slams, l'\u00e9nergie des mots en action","potentialAction":[{"@type":"SearchAction","target":{"@type":"EntryPoint","urlTemplate":"https:\/\/slams.fr\/blog\/?s={search_term_string}"},"query-input":{"@type":"PropertyValueSpecification","valueRequired":true,"valueName":"search_term_string"}}],"inLanguage":"fr-FR"},{"@type":"Organization","@id":"https:\/\/slams.fr\/blog\/#organization","name":"Foretsensations.fr","url":"https:\/\/slams.fr\/blog\/","logo":{"@type":"ImageObject","inLanguage":"fr-FR","@id":"https:\/\/slams.fr\/blog\/#\/schema\/logo\/image\/","url":"https:\/\/slams.fr\/blog\/wp-content\/uploads\/2026\/07\/logo-auto-1.png","contentUrl":"https:\/\/slams.fr\/blog\/wp-content\/uploads\/2026\/07\/logo-auto-1.png","width":1024,"height":1024,"caption":"Foretsensations.fr"},"image":{"@id":"https:\/\/slams.fr\/blog\/#\/schema\/logo\/image\/"}},{"@type":"Person","@id":"https:\/\/slams.fr\/blog\/#\/schema\/person\/3c864cdc320801e3db34b663e7e3f816","name":"Rapha\u00ebl D.","image":{"@type":"ImageObject","inLanguage":"fr-FR","@id":"https:\/\/slams.fr\/blog\/#\/schema\/person\/image\/","url":"https:\/\/slams.fr\/blog\/wp-content\/uploads\/2026\/06\/persona_raphael-d-96x96.jpg","contentUrl":"https:\/\/slams.fr\/blog\/wp-content\/uploads\/2026\/06\/persona_raphael-d-96x96.jpg","caption":"Rapha\u00ebl D."},"description":"La culture est mon terrain de jeu depuis une dizaine d'ann\u00e9es : arts visuels, s\u00e9ries, cr\u00e9ation et tout ce qui nourrit l'imaginaire. J'\u00e9cris aussi bien sur l'actualit\u00e9 des \u0153uvres que sur les coulisses de la cr\u00e9ation, avec l'envie de relier l'amateur curieux \u00e0 des univers parfois jug\u00e9s intimidants. J'aime analyser une s\u00e9rie ou une d\u00e9marche artistique sans p\u00e9dantisme, replacer une \u0153uvre dans son contexte et donner des cl\u00e9s de lecture accessibles. Avant de publier, je v\u00e9rifie mes r\u00e9f\u00e9rences, je recoupe les sources et je distingue clairement le fait de mon interpr\u00e9tation subjective. Je crois qu'une critique vaut surtout par les arguments qu'elle expose, pas par la sentence qu'elle rend. Mon angle : transmettre l'envie de d\u00e9couvrir, de regarder autrement et de se forger son propre go\u00fbt. La culture n'appartient pas qu'aux initi\u00e9s, et c'est tout l'enjeu de mon \u00e9criture.","url":"https:\/\/slams.fr\/blog\/auteur\/raphael-d\/","jobTitle":"R\u00e9dacteur en chef \u00b7 Culture & Cr\u00e9ation","knowsAbout":["Culture","Cr\u00e9ation"],"email":"raphael.d@a-l-asso-de-l-art.fr"}]}},"_links":{"self":[{"href":"https:\/\/slams.fr\/blog\/wp-json\/wp\/v2\/posts\/7392","targetHints":{"allow":["GET"]}}],"collection":[{"href":"https:\/\/slams.fr\/blog\/wp-json\/wp\/v2\/posts"}],"about":[{"href":"https:\/\/slams.fr\/blog\/wp-json\/wp\/v2\/types\/post"}],"author":[{"embeddable":true,"href":"https:\/\/slams.fr\/blog\/wp-json\/wp\/v2\/users\/34"}],"replies":[{"embeddable":true,"href":"https:\/\/slams.fr\/blog\/wp-json\/wp\/v2\/comments?post=7392"}],"version-history":[{"count":2,"href":"https:\/\/slams.fr\/blog\/wp-json\/wp\/v2\/posts\/7392\/revisions"}],"predecessor-version":[{"id":7446,"href":"https:\/\/slams.fr\/blog\/wp-json\/wp\/v2\/posts\/7392\/revisions\/7446"}],"wp:featuredmedia":[{"embeddable":true,"href":"https:\/\/slams.fr\/blog\/wp-json\/wp\/v2\/media\/7393"}],"wp:attachment":[{"href":"https:\/\/slams.fr\/blog\/wp-json\/wp\/v2\/media?parent=7392"}],"wp:term":[{"taxonomy":"category","embeddable":true,"href":"https:\/\/slams.fr\/blog\/wp-json\/wp\/v2\/categories?post=7392"},{"taxonomy":"post_tag","embeddable":true,"href":"https:\/\/slams.fr\/blog\/wp-json\/wp\/v2\/tags?post=7392"}],"curies":[{"name":"wp","href":"https:\/\/api.w.org\/{rel}","templated":true}]}}