{"id":7400,"date":"2026-05-19T14:07:46","date_gmt":"2026-05-19T12:07:46","guid":{"rendered":"https:\/\/slams.fr\/blog\/?p=7400"},"modified":"2026-05-19T14:07:46","modified_gmt":"2026-05-19T12:07:46","slug":"le-slam-quand-la-musique-rencontre-la-parole-engagee","status":"publish","type":"post","link":"https:\/\/slams.fr\/blog\/a-la-une\/le-slam-quand-la-musique-rencontre-la-parole-engagee\/","title":{"rendered":"Le slam : quand la musique rencontre la parole engag\u00e9e"},"content":{"rendered":"<div style=\"background:linear-gradient(135deg,#f5f0fa 0%,#ede4f5 100%);border-left:4px solid #3a2a4d;padding:24px 28px;margin:0 0 32px;border-radius:6px;\">\n<div style=\"font-size:11px;letter-spacing:2px;text-transform:uppercase;color:#3a2a4d;font-weight:700;margin-bottom:10px;\">Dossier \u00b7 Po\u00e9sie sc\u00e9nique<\/div>\n<div style=\"font-size:17px;line-height:1.6;color:#2a1f38;\">N\u00e9 dans un bar de Chicago \u00e0 la fin des ann\u00e9es 1980, le slam s&rsquo;est impos\u00e9 comme une voie d&rsquo;expression hybride entre <strong>po\u00e9sie orale, musique et engagement<\/strong>. Plus qu&rsquo;une mode, c&rsquo;est aujourd&rsquo;hui un v\u00e9ritable mouvement culturel transversal qui irrigue sc\u00e8nes, classes et plateformes.<\/div>\n<\/div>\n<h2>Introduction au slam<\/h2>\n<p>Souvent per\u00e7u comme un cri de r\u00e9volte, il permet de transmettre des \u00e9motions, des histoires et des r\u00e9flexions sur la soci\u00e9t\u00e9 contemporaine. Mais qu&rsquo;est-ce qui rend cette pratique si captivante et pertinente aujourd&rsquo;hui ?<\/p>\n<div style=\"background:#fafafa;border:1px solid #e8e0f0;border-radius:8px;padding:22px 26px;margin:28px 0;\">\n<div style=\"display:flex;align-items:center;gap:12px;margin-bottom:14px;\">\n<div style=\"width:32px;height:32px;border-radius:50%;background:#3a2a4d;color:#fff;display:inline-flex;align-items:center;justify-content:center;font-weight:700;font-size:14px;\">i<\/div>\n<div style=\"font-size:13px;letter-spacing:1.5px;text-transform:uppercase;color:#3a2a4d;font-weight:600;\">En bref<\/div>\n<\/div>\n<ul style=\"margin:0;padding-left:20px;line-height:1.75;\">\n<li><strong>Origine :<\/strong> Chicago, 1984, fond\u00e9 par Marc Smith au Green Mill Lounge.<\/li>\n<li><strong>Format :<\/strong> texte r\u00e9cit\u00e9 a cappella, 3 minutes maximum, sans accessoires.<\/li>\n<li><strong>Public :<\/strong> jury tir\u00e9 au hasard parmi la salle, note de 0 \u00e0 10.<\/li>\n<li><strong>Diffusion :<\/strong> plus de 60 pays accueillent d\u00e9sormais des sc\u00e8nes ouvertes r\u00e9guli\u00e8res.<\/li>\n<\/ul>\n<\/div>\n<p><iframe loading=\"lazy\" title=\"Slam &quot;REGARDE TA VIE&quot; par Mikanaka\" width=\"1200\" height=\"900\" src=\"https:\/\/www.youtube.com\/embed\/nqB1f1uq7gI?feature=oembed\" frameborder=\"0\" allow=\"accelerometer; autoplay; clipboard-write; encrypted-media; gyroscope; picture-in-picture; web-share\" referrerpolicy=\"strict-origin-when-cross-origin\" allowfullscreen><\/iframe><\/p>\n<h2>D\u00e9finition et origines du slam<\/h2>\n<p>Le terme \u00ab\u00a0slam\u00a0\u00bb d\u00e9signe une forme de performance po\u00e9tique o\u00f9 les participants r\u00e9citent leurs textes devant un public, souvent dans un cadre comp\u00e9titif. Cette pratique a \u00e9merg\u00e9 dans les ann\u00e9es 1980 aux \u00c9tats-Unis, gr\u00e2ce \u00e0 des figures comme Marc Smith, qui souhaitait d\u00e9mocratiser la po\u00e9sie. Le slam s&rsquo;est rapidement r\u00e9pandu \u00e0 travers le monde, s&rsquo;adaptant aux cultures locales tout en conservant son essence.<\/p>\n<p>Le slam se distingue par son accessibilit\u00e9. N&rsquo;importe qui peut monter sur sc\u00e8ne et partager son texte, ind\u00e9pendamment de son parcours ou de ses comp\u00e9tences litt\u00e9raires. Cette approche inclusive cr\u00e9e un espace o\u00f9 les voix marginalis\u00e9es peuvent s&rsquo;exprimer et \u00eatre entendues.<\/p>\n<div style=\"display:grid;grid-template-columns:repeat(auto-fit,minmax(220px,1fr));gap:16px;margin:28px 0;\">\n<div style=\"background:#fff;border:1px solid #e0d4eb;border-top:3px solid #3a2a4d;padding:20px;border-radius:6px;\">\n<div style=\"font-size:28px;font-weight:800;color:#3a2a4d;line-height:1;\">1984<\/div>\n<div style=\"font-size:13px;color:#5a4870;margin-top:6px;\">Premi\u00e8re sc\u00e8ne slam organis\u00e9e par Marc Smith \u00e0 Chicago<\/div>\n<\/div>\n<div style=\"background:#fff;border:1px solid #e0d4eb;border-top:3px solid #3a2a4d;padding:20px;border-radius:6px;\">\n<div style=\"font-size:28px;font-weight:800;color:#3a2a4d;line-height:1;\">3 min<\/div>\n<div style=\"font-size:13px;color:#5a4870;margin-top:6px;\">Dur\u00e9e maximale d&rsquo;une performance sc\u00e9nique en comp\u00e9tition<\/div>\n<\/div>\n<div style=\"background:#fff;border:1px solid #e0d4eb;border-top:3px solid #3a2a4d;padding:20px;border-radius:6px;\">\n<div style=\"font-size:28px;font-weight:800;color:#3a2a4d;line-height:1;\">5 jur\u00e9s<\/div>\n<div style=\"font-size:13px;color:#5a4870;margin-top:6px;\">Tir\u00e9s au sort dans le public, ils notent chaque passage<\/div>\n<\/div>\n<div style=\"background:#fff;border:1px solid #e0d4eb;border-top:3px solid #3a2a4d;padding:20px;border-radius:6px;\">\n<div style=\"font-size:28px;font-weight:800;color:#3a2a4d;line-height:1;\">60+ pays<\/div>\n<div style=\"font-size:13px;color:#5a4870;margin-top:6px;\">Accueillent aujourd&rsquo;hui des soir\u00e9es slam r\u00e9guli\u00e8res<\/div>\n<\/div>\n<\/div>\n<h2>L&rsquo;impact social du slam<\/h2>\n<p>Le slam a un pouvoir inestimable pour toucher les c\u0153urs et \u00e9veiller les consciences. Les th\u00e8mes abord\u00e9s sont vari\u00e9s : l&rsquo;amour, la souffrance, les injustices sociales, et l&rsquo;identit\u00e9. Les slameurs, tels des po\u00e8tes modernes, utilisent leurs mots pour provoquer des r\u00e9flexions et des d\u00e9bats.<img width=\"1024\" height=\"576\" src=\"https:\/\/slams.fr\/blog\/wp-content\/uploads\/2025\/02\/stability-le-slam-quand-la-musique-rencontre-la-parole-engagee-1.png\" class=\"aligncenter\" alt=\"Illustration d\u00e9taill\u00e9e sur Le slam : quand la musique rencontre la parole engag\u00e9e\" title=\"Le slam : quand la musique rencontre la parole engag\u00e9e\" decoding=\"async\" loading=\"lazy\" \/><\/p>\n<ul>\n<li><strong>\u00c9veil des consciences :<\/strong> Les textes de slam souvent critiques incitent \u00e0 r\u00e9fl\u00e9chir sur des probl\u00e9matiques soci\u00e9tales.<\/li>\n<li><strong>Cr\u00e9ation de liens :<\/strong> Le slam favorise la rencontre entre diff\u00e9rents publics, permettant des \u00e9changes enrichissants.<\/li>\n<li><strong>D\u00e9mocratisation de la culture :<\/strong> En rendant la po\u00e9sie accessible, le slam encourage la cr\u00e9ation artistique chez tous.<\/li>\n<\/ul>\n<div style=\"background:#3a2a4d;color:#f5f0fa;padding:30px 32px;border-radius:8px;margin:32px 0;\">\n<div style=\"font-size:11px;letter-spacing:2.5px;text-transform:uppercase;color:#c4a8e0;font-weight:600;margin-bottom:14px;\">Rep\u00e8re \u00b7 Th\u00e9matiques r\u00e9currentes<\/div>\n<div style=\"display:grid;grid-template-columns:repeat(auto-fit,minmax(160px,1fr));gap:18px;\">\n<div>\n<div style=\"font-size:15px;font-weight:700;color:#fff;\">Identit\u00e9<\/div>\n<div style=\"font-size:13px;line-height:1.5;color:#d4c4e8;margin-top:4px;\">Origines, double culture, place dans la soci\u00e9t\u00e9.<\/div>\n<\/div>\n<div>\n<div style=\"font-size:15px;font-weight:700;color:#fff;\">Engagement<\/div>\n<div style=\"font-size:13px;line-height:1.5;color:#d4c4e8;margin-top:4px;\">Justice sociale, \u00e9cologie, m\u00e9moire collective.<\/div>\n<\/div>\n<div>\n<div style=\"font-size:15px;font-weight:700;color:#fff;\">Intime<\/div>\n<div style=\"font-size:13px;line-height:1.5;color:#d4c4e8;margin-top:4px;\">Amour, deuil, famille, travers\u00e9es personnelles.<\/div>\n<\/div>\n<div>\n<div style=\"font-size:15px;font-weight:700;color:#fff;\">Langue<\/div>\n<div style=\"font-size:13px;line-height:1.5;color:#d4c4e8;margin-top:4px;\">Jeux de mots, rimes int\u00e9rieures, oralit\u00e9 brute.<\/div>\n<\/div>\n<\/div>\n<\/div>\n<h2>Les \u00e9l\u00e9ments cl\u00e9s d&rsquo;une performance de slam r\u00e9ussie<\/h2>\n<p>Pour captiver un public, un slameur doit ma\u00eetriser plusieurs \u00e9l\u00e9ments. La performance ne repose pas uniquement sur les mots, mais aussi sur la mani\u00e8re de les livrer. Voici les aspects essentiels :<\/p>\n<table>\n<tr>\n<th>\u00c9l\u00e9ment<\/th>\n<th>Description<\/th>\n<th>Importance<\/th>\n<\/tr>\n<tr>\n<td>Texte<\/td>\n<td>Le contenu po\u00e9tique doit \u00eatre percutant et authentique.<\/td>\n<td>Rassemble l&rsquo;audience autour d&rsquo;\u00e9motions communes.<\/td>\n<\/tr>\n<tr>\n<td>Interpr\u00e9tation<\/td>\n<td>La mani\u00e8re de d\u00e9livrer le texte (intonation, rythme, gestes).<\/td>\n<td>Renforce l&rsquo;impact \u00e9motionnel et engage le public.<\/td>\n<\/tr>\n<tr>\n<td>Interaction<\/td>\n<td>\u00c9tablir un lien avec le public (regards, r\u00e9ponses).<\/td>\n<td>Cr\u00e9e une atmosph\u00e8re d&rsquo;\u00e9change et de complicit\u00e9.<\/td>\n<\/tr>\n<\/table>\n<div style=\"border:1px dashed #3a2a4d;background:#faf7fd;padding:24px 28px;margin:28px 0;border-radius:6px;\">\n<div style=\"font-size:12px;letter-spacing:1.8px;text-transform:uppercase;color:#3a2a4d;font-weight:700;margin-bottom:14px;\">M\u00e9thode \u00b7 Pr\u00e9parer sa premi\u00e8re sc\u00e8ne ouverte<\/div>\n<ol style=\"margin:0;padding-left:22px;line-height:1.85;color:#2a1f38;\">\n<li><strong>\u00c9crire dans la voix qu&rsquo;on a<\/strong> \u2014 pas de pose litt\u00e9raire, pas de vocabulaire d&#8217;emprunt. La sinc\u00e9rit\u00e9 prime sur la virtuosit\u00e9.<\/li>\n<li><strong>Tester le texte \u00e0 voix haute<\/strong> \u2014 chronom\u00e9trer, rep\u00e9rer les passages qui s&rsquo;essoufflent, retravailler le rythme.<\/li>\n<li><strong>Apprendre par c\u0153ur<\/strong> \u2014 le slam s&rsquo;interpr\u00e8te sans feuille, c&rsquo;est une r\u00e8gle commune \u00e0 la quasi-totalit\u00e9 des sc\u00e8nes.<\/li>\n<li><strong>Ancrer le corps<\/strong> \u2014 pieds parall\u00e8les, respiration basse, regard qui circule. La pr\u00e9sence physique fait la moiti\u00e9 du texte.<\/li>\n<li><strong>Assumer le silence<\/strong> \u2014 un blanc bien plac\u00e9 p\u00e8se plus qu&rsquo;une rime forc\u00e9e.<\/li>\n<\/ol>\n<\/div>\n<h2>Le slam dans le paysage musical actuel<\/h2>\n<p>Dans un contexte musical en constante \u00e9volution, le slam trouve sa place aux c\u00f4t\u00e9s d&rsquo;autres genres tels que le rap, la chanson fran\u00e7aise ou la musique \u00e9lectronique. Des artistes comme Grand Corps Malade et Keny Arkana ont su populariser cette forme d&rsquo;art, la rendant accessible \u00e0 un public plus large.<\/p>\n<p>Le slam s&rsquo;inscrit \u00e9galement dans des mouvements plus larges, tels que la po\u00e9sie urbaine. En m\u00ealant paroles percutantes et m\u00e9lodies entra\u00eenantes, il continue d&rsquo;\u00e9voluer, attirant un nouveau public et inspirant de jeunes artistes \u00e0 travers le monde.<\/p>\n<div style=\"background:#faf7fd;border:1px solid #e0d4eb;border-radius:8px;padding:26px 30px;margin:30px 0;\">\n<div style=\"font-size:11px;letter-spacing:2px;text-transform:uppercase;color:#3a2a4d;font-weight:700;margin-bottom:14px;\">D\u00e9cryptage \u00b7 Pourquoi le slam s\u00e9duit une nouvelle g\u00e9n\u00e9ration<\/div>\n<p style=\"margin:0 0 14px;line-height:1.7;color:#2a1f38;\">L\u00e0 o\u00f9 la chanson exige un timbre, le rap une cadence et la po\u00e9sie un \u00e9diteur, le slam ne demande qu&rsquo;une chose : <strong>quelque chose \u00e0 dire<\/strong>. Cette gratuit\u00e9 formelle explique son retour en force depuis le milieu des ann\u00e9es 2010, notamment chez les 15-25 ans en qu\u00eate de prises de parole non m\u00e9diatis\u00e9es par un algorithme.<\/p>\n<p style=\"margin:0;line-height:1.7;color:#2a1f38;\">Les sc\u00e8nes ouvertes en biblioth\u00e8que, en MJC ou en bar associatif fonctionnent comme des laboratoires d&rsquo;expression \u00e0 tr\u00e8s faible co\u00fbt d&rsquo;entr\u00e9e. On peut \u00e9crire l&rsquo;apr\u00e8s-midi et passer le soir m\u00eame. Cette imm\u00e9diatet\u00e9 contraste radicalement avec les circuits de validation classiques du monde culturel \u2014 \u00e9dition, label, audition \u2014 et c&rsquo;est pr\u00e9cis\u00e9ment ce qui donne au slam sa puissance d\u00e9mocratique.<\/p>\n<\/div>\n<div style=\"display:grid;grid-template-columns:repeat(auto-fit,minmax(240px,1fr));gap:20px;margin:28px 0;\">\n<div style=\"background:#fff;border:1px solid #e0d4eb;border-radius:8px;padding:22px;\">\n<div style=\"font-size:11px;letter-spacing:1.8px;text-transform:uppercase;color:#3a2a4d;font-weight:700;margin-bottom:10px;\">\u00c0 \u00e9couter<\/div>\n<div style=\"font-weight:700;color:#2a1f38;font-size:15px;margin-bottom:6px;\">Les classiques pour entrer<\/div>\n<div style=\"font-size:13.5px;line-height:1.65;color:#5a4870;\">D\u00e9marrer par <em>Midi 20<\/em>, l&rsquo;album fondateur de Grand Corps Malade, puis explorer la veine plus politique de Keny Arkana avec <em>L&rsquo;Esquisse<\/em>.<\/div>\n<\/div>\n<div style=\"background:#fff;border:1px solid #e0d4eb;border-radius:8px;padding:22px;\">\n<div style=\"font-size:11px;letter-spacing:1.8px;text-transform:uppercase;color:#3a2a4d;font-weight:700;margin-bottom:10px;\">\u00c0 voir<\/div>\n<div style=\"font-weight:700;color:#2a1f38;font-size:15px;margin-bottom:6px;\">Les sc\u00e8nes ouvertes<\/div>\n<div style=\"font-size:13.5px;line-height:1.65;color:#5a4870;\">Cherchez les soir\u00e9es de la <strong>Ligue Slam de France<\/strong> ou de collectifs locaux : entr\u00e9e libre ou prix conscient, ambiance bienveillante garantie.<\/div>\n<\/div>\n<div style=\"background:#fff;border:1px solid #e0d4eb;border-radius:8px;padding:22px;\">\n<div style=\"font-size:11px;letter-spacing:1.8px;text-transform:uppercase;color:#3a2a4d;font-weight:700;margin-bottom:10px;\">\u00c0 lire<\/div>\n<div style=\"font-weight:700;color:#2a1f38;font-size:15px;margin-bottom:6px;\">Les anthologies<\/div>\n<div style=\"font-size:13.5px;line-height:1.65;color:#5a4870;\">Les recueils \u00e9dit\u00e9s par Bruno Doucey et Le Temps des Cerises permettent de d\u00e9couvrir la pluralit\u00e9 des \u00e9critures slam contemporaines.<\/div>\n<\/div>\n<\/div>\n<div style=\"background:#fff;border:1px solid #e0d4eb;border-radius:8px;padding:0;overflow:hidden;margin:28px 0;\">\n<div style=\"background:#3a2a4d;color:#fff;padding:14px 22px;font-size:12px;letter-spacing:2px;text-transform:uppercase;font-weight:700;\">Voix qui ont fait le slam francophone<\/div>\n<div style=\"padding:22px 26px;\">\n<div style=\"display:grid;gap:16px;\">\n<div style=\"border-left:3px solid #3a2a4d;padding-left:16px;\">\n<div style=\"font-weight:700;color:#2a1f38;\">Grand Corps Malade<\/div>\n<div style=\"font-size:14px;color:#5a4870;line-height:1.6;margin-top:4px;\">Pionnier de la diffusion grand public en France, il fait basculer le slam vers une esth\u00e9tique musicale plus produite tout en gardant la primaut\u00e9 du texte.<\/div>\n<\/div>\n<div style=\"border-left:3px solid #3a2a4d;padding-left:16px;\">\n<div style=\"font-weight:700;color:#2a1f38;\">Keny Arkana<\/div>\n<div style=\"font-size:14px;color:#5a4870;line-height:1.6;margin-top:4px;\">\u00c0 la fronti\u00e8re rap\/slam, elle incarne la veine politique et altermondialiste, avec un d\u00e9bit dense et une \u00e9criture ancr\u00e9e dans les marges urbaines.<\/div>\n<\/div>\n<div style=\"border-left:3px solid #3a2a4d;padding-left:16px;\">\n<div style=\"font-weight:700;color:#2a1f38;\">Souleymane Diamanka<\/div>\n<div style=\"font-size:14px;color:#5a4870;line-height:1.6;margin-top:4px;\">Slam d&rsquo;orf\u00e8vre, h\u00e9ritage peul et oralit\u00e9 africaine convoqu\u00e9s pour une langue d&rsquo;une grande musicalit\u00e9, exigeante et apais\u00e9e.<\/div>\n<\/div>\n<\/div>\n<\/div>\n<\/div>\n<div style=\"background:#fafafa;border-left:4px solid #3a2a4d;padding:26px 32px;margin:32px 0;border-radius:0 8px 8px 0;\">\n<div style=\"font-size:11px;letter-spacing:2px;text-transform:uppercase;color:#3a2a4d;font-weight:700;margin-bottom:14px;\">Anatomie d&rsquo;une sc\u00e8ne ouverte<\/div>\n<p style=\"margin:0 0 12px;line-height:1.7;color:#2a1f38;\">Une soir\u00e9e slam type dure environ <strong>deux heures<\/strong>. Elle s&rsquo;ouvre sur un mot d&rsquo;accueil de l&rsquo;animateur, qui rappelle les r\u00e8gles : trois minutes maximum, voix nue, pas d&rsquo;accessoires, pas de costume. Cinq jur\u00e9s sont tir\u00e9s au sort dans le public juste avant le premier passage. Le tour d&rsquo;ouverture, appel\u00e9 <em>sacrifice<\/em>, sert \u00e0 calibrer la notation des jur\u00e9s sans compter au classement.<\/p>\n<p style=\"margin:0;line-height:1.7;color:#2a1f38;\">Suivent ensuite deux ou trois manches \u00e9liminatoires, ponctu\u00e9es de respirations musicales ou de pauses bar. La finale oppose les deux ou trois finalistes sur un dernier texte. Le gagnant repart parfois avec un livre, une bouteille ou simplement le rituel de signer le carnet de la sc\u00e8ne. Le classement compte peu : ce qui reste, c&rsquo;est le partage du texte et la promesse de revenir le mois suivant.<\/p>\n<\/div>\n<blockquote><p>\n  \u00ab\u00a0Le slam est la voix de ceux qui n&rsquo;ont pas voix.\u00a0\u00bb &#8211; Marc Smith\n<\/p><\/blockquote>\n<div style=\"background:linear-gradient(180deg,#faf7fd 0%,#f5f0fa 100%);border-radius:8px;padding:28px 30px;margin:32px 0;\">\n<div style=\"font-size:11px;letter-spacing:2px;text-transform:uppercase;color:#3a2a4d;font-weight:700;margin-bottom:18px;\">Comparatif \u00b7 Slam, rap, po\u00e9sie \u00e9crite<\/div>\n<table style=\"width:100%;border-collapse:collapse;background:transparent;\">\n<tr style=\"background:#3a2a4d;color:#fff;\">\n<th style=\"padding:10px 12px;text-align:left;font-size:12px;letter-spacing:1px;\">Crit\u00e8re<\/th>\n<th style=\"padding:10px 12px;text-align:left;font-size:12px;letter-spacing:1px;\">Slam<\/th>\n<th style=\"padding:10px 12px;text-align:left;font-size:12px;letter-spacing:1px;\">Rap<\/th>\n<th style=\"padding:10px 12px;text-align:left;font-size:12px;letter-spacing:1px;\">Po\u00e9sie \u00e9crite<\/th>\n<\/tr>\n<tr style=\"background:#fff;\">\n<td style=\"padding:10px 12px;border-bottom:1px solid #e8e0f0;\"><strong>Support<\/strong><\/td>\n<td style=\"padding:10px 12px;border-bottom:1px solid #e8e0f0;\">Voix nue, sc\u00e8ne<\/td>\n<td style=\"padding:10px 12px;border-bottom:1px solid #e8e0f0;\">Beat, studio<\/td>\n<td style=\"padding:10px 12px;border-bottom:1px solid #e8e0f0;\">Page imprim\u00e9e<\/td>\n<\/tr>\n<tr style=\"background:#faf7fd;\">\n<td style=\"padding:10px 12px;border-bottom:1px solid #e8e0f0;\"><strong>Rapport au public<\/strong><\/td>\n<td style=\"padding:10px 12px;border-bottom:1px solid #e8e0f0;\">Direct, jury improvis\u00e9<\/td>\n<td style=\"padding:10px 12px;border-bottom:1px solid #e8e0f0;\">M\u00e9diatis\u00e9, diff\u00e9r\u00e9<\/td>\n<td style=\"padding:10px 12px;border-bottom:1px solid #e8e0f0;\">Solitaire, intime<\/td>\n<\/tr>\n<tr style=\"background:#fff;\">\n<td style=\"padding:10px 12px;\"><strong>\u00c9conomie<\/strong><\/td>\n<td style=\"padding:10px 12px;\">B\u00e9n\u00e9vole, associative<\/td>\n<td style=\"padding:10px 12px;\">Industrielle<\/td>\n<td style=\"padding:10px 12px;\">\u00c9ditoriale<\/td>\n<\/tr>\n<\/table>\n<\/div>\n<div style=\"background:#fff;border:1px solid #e0d4eb;border-radius:8px;padding:0;overflow:hidden;margin:32px 0;\">\n<div style=\"display:grid;grid-template-columns:1fr 1fr;\">\n<div style=\"background:#3a2a4d;color:#fff;padding:24px 28px;\">\n<div style=\"font-size:11px;letter-spacing:2px;text-transform:uppercase;color:#c4a8e0;font-weight:600;margin-bottom:10px;\">Id\u00e9e re\u00e7ue<\/div>\n<div style=\"font-size:17px;line-height:1.55;font-weight:600;\">\u00ab\u00a0Le slam, c&rsquo;est juste du rap sans musique.\u00a0\u00bb<\/div>\n<\/div>\n<div style=\"padding:24px 28px;\">\n<div style=\"font-size:11px;letter-spacing:2px;text-transform:uppercase;color:#3a2a4d;font-weight:600;margin-bottom:10px;\">R\u00e9alit\u00e9<\/div>\n<div style=\"font-size:14.5px;line-height:1.65;color:#2a1f38;\">Le slam pr\u00e9c\u00e8de l&rsquo;arriv\u00e9e du rap en France et ob\u00e9it \u00e0 des r\u00e8gles formelles propres : absence d&rsquo;instrumentale, dur\u00e9e chronom\u00e9tr\u00e9e, jury improvis\u00e9. C&rsquo;est avant tout une <strong>\u00e9criture pour la voix<\/strong>, pas une variante all\u00e9g\u00e9e d&rsquo;un autre genre.<\/div>\n<\/div>\n<\/div>\n<\/div>\n<h3>FAQ :<\/h3>\n<blockquote>\n<ul>\n<li><strong>Qu&rsquo;est-ce que le slam ?<\/strong>C&rsquo;est une forme de performance po\u00e9tique o\u00f9 l&rsquo;on r\u00e9cite des textes devant un public.<\/li>\n<li><strong>Qui peut participer \u00e0 un slam ?<\/strong>Toute personne d\u00e9sireuse de partager sa po\u00e9sie, ind\u00e9pendamment de son exp\u00e9rience.<\/li>\n<li><strong>Quels th\u00e8mes sont abord\u00e9s dans le slam ?<\/strong>Des sujets vari\u00e9s comme l&rsquo;amour, la soci\u00e9t\u00e9, les injustices, et l&rsquo;identit\u00e9.<\/li>\n<li><strong>Le slam est-il comp\u00e9titif ?<\/strong>Oui, de nombreux \u00e9v\u00e9nements de slam prennent la forme de comp\u00e9titions.<\/li>\n<\/ul>\n<\/blockquote>\n<div style=\"background:#3a2a4d;color:#fff;padding:28px 32px;border-radius:8px;margin:32px 0;text-align:center;\">\n<div style=\"font-size:11px;letter-spacing:3px;text-transform:uppercase;color:#c4a8e0;margin-bottom:10px;font-weight:600;\">\u00c0 retenir<\/div>\n<div style=\"font-size:19px;line-height:1.55;color:#fff;font-weight:500;\">Le slam n&rsquo;est ni un genre musical ni un sous-rap : c&rsquo;est une <strong>discipline d&rsquo;oralit\u00e9 po\u00e9tique<\/strong> qui redonne au texte sa charge corporelle et au public sa place de juge sensible.<\/div>\n<\/div>\n<p>En conclusion, le slam se positionne comme un vecteur de changement et d&rsquo;expression pour de nombreuses voix dans notre soci\u00e9t\u00e9. Que ce soit sur sc\u00e8ne ou dans le quotidien, il rappelle \u00e0 chacun l&rsquo;importance de la parole et du partage. Alors, pr\u00eat \u00e0 d\u00e9couvrir cette forme d&rsquo;art captivante ?<\/p>\n","protected":false},"excerpt":{"rendered":"","protected":false},"author":34,"featured_media":7401,"comment_status":"open","ping_status":"open","sticky":false,"template":"","format":"standard","meta":{"_acf_changed":false,"manual_indexmenow":false,"indexmenow_id_project":0,"footnotes":""},"categories":[1],"tags":[4570,4542,4569,4557,4537,4526],"class_list":["post-7400","post","type-post","status-publish","format-standard","has-post-thumbnail","hentry","category-a-la-une","tag-democratisation","tag-identite","tag-impact-social","tag-introduction","tag-performance","tag-slam","generate-columns","tablet-grid-50","mobile-grid-100","grid-parent","grid-25"],"acf":[],"yoast_head":"<!-- This site is optimized with the Yoast SEO Premium plugin v21.3 (Yoast SEO v26.5) - https:\/\/yoast.com\/wordpress\/plugins\/seo\/ -->\n<title>Le slam en musique : d\u00e9finition et diff\u00e9rence avec le rap<\/title>\n<meta name=\"description\" content=\"Le slam est-il de la musique ? D\u00e9finition, origines \u00e0 Chicago, lien avec le rap et le spoken word, et ce qui rend ce genre unique. Tout comprendre.\" \/>\n<meta name=\"robots\" content=\"index, follow, max-snippet:-1, max-image-preview:large, max-video-preview:-1\" \/>\n<link rel=\"canonical\" href=\"https:\/\/slams.fr\/blog\/a-la-une\/le-slam-quand-la-musique-rencontre-la-parole-engagee\/\" \/>\n<meta property=\"og:locale\" content=\"fr_FR\" \/>\n<meta property=\"og:type\" content=\"article\" \/>\n<meta property=\"og:title\" content=\"Le slam en musique : d\u00e9finition et diff\u00e9rence avec le rap\" \/>\n<meta property=\"og:description\" content=\"Le slam est-il de la musique ? D\u00e9finition, origines \u00e0 Chicago, lien avec le rap et le spoken word, et ce qui rend ce genre unique. Tout comprendre.\" \/>\n<meta property=\"og:url\" content=\"https:\/\/slams.fr\/blog\/a-la-une\/le-slam-quand-la-musique-rencontre-la-parole-engagee\/\" \/>\n<meta property=\"og:site_name\" content=\"slams\" \/>\n<meta property=\"og:image\" content=\"https:\/\/slams.fr\/blog\/wp-content\/uploads\/2025\/02\/stability-le-slam-quand-la-musique-rencontre-la-parole-engagee.png\" \/>\n\t<meta property=\"og:image:width\" content=\"1024\" \/>\n\t<meta property=\"og:image:height\" content=\"576\" \/>\n\t<meta property=\"og:image:type\" content=\"image\/png\" \/>\n<meta name=\"author\" content=\"Rapha\u00ebl D.\" \/>\n<meta name=\"twitter:card\" content=\"summary_large_image\" \/>\n<script type=\"application\/ld+json\" class=\"yoast-schema-graph\">{\"@context\":\"https:\/\/schema.org\",\"@graph\":[{\"@type\":\"NewsArticle\",\"@id\":\"https:\/\/slams.fr\/blog\/a-la-une\/le-slam-quand-la-musique-rencontre-la-parole-engagee\/#article\",\"isPartOf\":{\"@id\":\"https:\/\/slams.fr\/blog\/a-la-une\/le-slam-quand-la-musique-rencontre-la-parole-engagee\/\"},\"author\":{\"name\":\"Rapha\u00ebl D.\",\"@id\":\"https:\/\/slams.fr\/blog\/#\/schema\/person\/3c864cdc320801e3db34b663e7e3f816\"},\"headline\":\"Le slam : quand la musique rencontre la parole engag\u00e9e\",\"datePublished\":\"2026-05-19T12:07:46+00:00\",\"mainEntityOfPage\":{\"@id\":\"https:\/\/slams.fr\/blog\/a-la-une\/le-slam-quand-la-musique-rencontre-la-parole-engagee\/\"},\"wordCount\":1558,\"commentCount\":23,\"publisher\":{\"@id\":\"https:\/\/slams.fr\/blog\/#organization\"},\"image\":{\"@id\":\"https:\/\/slams.fr\/blog\/a-la-une\/le-slam-quand-la-musique-rencontre-la-parole-engagee\/#primaryimage\"},\"thumbnailUrl\":\"https:\/\/slams.fr\/blog\/wp-content\/uploads\/2025\/02\/stability-le-slam-quand-la-musique-rencontre-la-parole-engagee.png\",\"keywords\":[\"D\u00e9mocratisation\",\"Identit\u00e9\",\"Impact Social\",\"Introduction\",\"Performance\",\"Slam\"],\"articleSection\":[\"\u00c0 la une\"],\"inLanguage\":\"fr-FR\",\"potentialAction\":[{\"@type\":\"CommentAction\",\"name\":\"Comment\",\"target\":[\"https:\/\/slams.fr\/blog\/a-la-une\/le-slam-quand-la-musique-rencontre-la-parole-engagee\/#respond\"]}]},{\"@type\":\"WebPage\",\"@id\":\"https:\/\/slams.fr\/blog\/a-la-une\/le-slam-quand-la-musique-rencontre-la-parole-engagee\/\",\"url\":\"https:\/\/slams.fr\/blog\/a-la-une\/le-slam-quand-la-musique-rencontre-la-parole-engagee\/\",\"name\":\"Le slam en musique : d\u00e9finition et diff\u00e9rence avec le rap\",\"isPartOf\":{\"@id\":\"https:\/\/slams.fr\/blog\/#website\"},\"primaryImageOfPage\":{\"@id\":\"https:\/\/slams.fr\/blog\/a-la-une\/le-slam-quand-la-musique-rencontre-la-parole-engagee\/#primaryimage\"},\"image\":{\"@id\":\"https:\/\/slams.fr\/blog\/a-la-une\/le-slam-quand-la-musique-rencontre-la-parole-engagee\/#primaryimage\"},\"thumbnailUrl\":\"https:\/\/slams.fr\/blog\/wp-content\/uploads\/2025\/02\/stability-le-slam-quand-la-musique-rencontre-la-parole-engagee.png\",\"datePublished\":\"2026-05-19T12:07:46+00:00\",\"description\":\"Le slam est-il de la musique ? D\u00e9finition, origines \u00e0 Chicago, lien avec le rap et le spoken word, et ce qui rend ce genre unique. Tout comprendre.\",\"inLanguage\":\"fr-FR\",\"potentialAction\":[{\"@type\":\"ReadAction\",\"target\":[\"https:\/\/slams.fr\/blog\/a-la-une\/le-slam-quand-la-musique-rencontre-la-parole-engagee\/\"]}]},{\"@type\":\"ImageObject\",\"inLanguage\":\"fr-FR\",\"@id\":\"https:\/\/slams.fr\/blog\/a-la-une\/le-slam-quand-la-musique-rencontre-la-parole-engagee\/#primaryimage\",\"url\":\"https:\/\/slams.fr\/blog\/wp-content\/uploads\/2025\/02\/stability-le-slam-quand-la-musique-rencontre-la-parole-engagee.png\",\"contentUrl\":\"https:\/\/slams.fr\/blog\/wp-content\/uploads\/2025\/02\/stability-le-slam-quand-la-musique-rencontre-la-parole-engagee.png\",\"width\":1024,\"height\":576},{\"@type\":\"WebSite\",\"@id\":\"https:\/\/slams.fr\/blog\/#website\",\"url\":\"https:\/\/slams.fr\/blog\/\",\"name\":\"slams.fr\",\"description\":\"Slams, l&#039;\u00e9nergie des mots en action\",\"publisher\":{\"@id\":\"https:\/\/slams.fr\/blog\/#organization\"},\"alternateName\":\"Slams, l'\u00e9nergie des mots en action\",\"potentialAction\":[{\"@type\":\"SearchAction\",\"target\":{\"@type\":\"EntryPoint\",\"urlTemplate\":\"https:\/\/slams.fr\/blog\/?s={search_term_string}\"},\"query-input\":{\"@type\":\"PropertyValueSpecification\",\"valueRequired\":true,\"valueName\":\"search_term_string\"}}],\"inLanguage\":\"fr-FR\"},{\"@type\":\"Organization\",\"@id\":\"https:\/\/slams.fr\/blog\/#organization\",\"name\":\"Foretsensations.fr\",\"url\":\"https:\/\/slams.fr\/blog\/\",\"logo\":{\"@type\":\"ImageObject\",\"inLanguage\":\"fr-FR\",\"@id\":\"https:\/\/slams.fr\/blog\/#\/schema\/logo\/image\/\",\"url\":\"https:\/\/slams.fr\/blog\/wp-content\/uploads\/2026\/07\/logo-auto-1.png\",\"contentUrl\":\"https:\/\/slams.fr\/blog\/wp-content\/uploads\/2026\/07\/logo-auto-1.png\",\"width\":1024,\"height\":1024,\"caption\":\"Foretsensations.fr\"},\"image\":{\"@id\":\"https:\/\/slams.fr\/blog\/#\/schema\/logo\/image\/\"}},{\"@type\":\"Person\",\"@id\":\"https:\/\/slams.fr\/blog\/#\/schema\/person\/3c864cdc320801e3db34b663e7e3f816\",\"name\":\"Rapha\u00ebl D.\",\"image\":{\"@type\":\"ImageObject\",\"inLanguage\":\"fr-FR\",\"@id\":\"https:\/\/slams.fr\/blog\/#\/schema\/person\/image\/\",\"url\":\"https:\/\/slams.fr\/blog\/wp-content\/uploads\/2026\/06\/persona_raphael-d-96x96.jpg\",\"contentUrl\":\"https:\/\/slams.fr\/blog\/wp-content\/uploads\/2026\/06\/persona_raphael-d-96x96.jpg\",\"caption\":\"Rapha\u00ebl D.\"},\"description\":\"La culture est mon terrain de jeu depuis une dizaine d'ann\u00e9es : arts visuels, s\u00e9ries, cr\u00e9ation et tout ce qui nourrit l'imaginaire. J'\u00e9cris aussi bien sur l'actualit\u00e9 des \u0153uvres que sur les coulisses de la cr\u00e9ation, avec l'envie de relier l'amateur curieux \u00e0 des univers parfois jug\u00e9s intimidants. J'aime analyser une s\u00e9rie ou une d\u00e9marche artistique sans p\u00e9dantisme, replacer une \u0153uvre dans son contexte et donner des cl\u00e9s de lecture accessibles. Avant de publier, je v\u00e9rifie mes r\u00e9f\u00e9rences, je recoupe les sources et je distingue clairement le fait de mon interpr\u00e9tation subjective. Je crois qu'une critique vaut surtout par les arguments qu'elle expose, pas par la sentence qu'elle rend. Mon angle : transmettre l'envie de d\u00e9couvrir, de regarder autrement et de se forger son propre go\u00fbt. La culture n'appartient pas qu'aux initi\u00e9s, et c'est tout l'enjeu de mon \u00e9criture.\",\"url\":\"https:\/\/slams.fr\/blog\/auteur\/raphael-d\/\",\"jobTitle\":\"R\u00e9dacteur en chef \u00b7 Culture & Cr\u00e9ation\",\"knowsAbout\":[\"Culture\",\"Cr\u00e9ation\"],\"email\":\"raphael.d@a-l-asso-de-l-art.fr\"}]}<\/script>\n<!-- \/ Yoast SEO Premium plugin. -->","yoast_head_json":{"title":"Le slam en musique : d\u00e9finition et diff\u00e9rence avec le rap","description":"Le slam est-il de la musique ? D\u00e9finition, origines \u00e0 Chicago, lien avec le rap et le spoken word, et ce qui rend ce genre unique. Tout comprendre.","robots":{"index":"index","follow":"follow","max-snippet":"max-snippet:-1","max-image-preview":"max-image-preview:large","max-video-preview":"max-video-preview:-1"},"canonical":"https:\/\/slams.fr\/blog\/a-la-une\/le-slam-quand-la-musique-rencontre-la-parole-engagee\/","og_locale":"fr_FR","og_type":"article","og_title":"Le slam en musique : d\u00e9finition et diff\u00e9rence avec le rap","og_description":"Le slam est-il de la musique ? D\u00e9finition, origines \u00e0 Chicago, lien avec le rap et le spoken word, et ce qui rend ce genre unique. Tout comprendre.","og_url":"https:\/\/slams.fr\/blog\/a-la-une\/le-slam-quand-la-musique-rencontre-la-parole-engagee\/","og_site_name":"slams","og_image":[{"width":1024,"height":576,"url":"https:\/\/slams.fr\/blog\/wp-content\/uploads\/2025\/02\/stability-le-slam-quand-la-musique-rencontre-la-parole-engagee.png","type":"image\/png"}],"author":"Rapha\u00ebl D.","twitter_card":"summary_large_image","schema":{"@context":"https:\/\/schema.org","@graph":[{"@type":"NewsArticle","@id":"https:\/\/slams.fr\/blog\/a-la-une\/le-slam-quand-la-musique-rencontre-la-parole-engagee\/#article","isPartOf":{"@id":"https:\/\/slams.fr\/blog\/a-la-une\/le-slam-quand-la-musique-rencontre-la-parole-engagee\/"},"author":{"name":"Rapha\u00ebl D.","@id":"https:\/\/slams.fr\/blog\/#\/schema\/person\/3c864cdc320801e3db34b663e7e3f816"},"headline":"Le slam : quand la musique rencontre la parole engag\u00e9e","datePublished":"2026-05-19T12:07:46+00:00","mainEntityOfPage":{"@id":"https:\/\/slams.fr\/blog\/a-la-une\/le-slam-quand-la-musique-rencontre-la-parole-engagee\/"},"wordCount":1558,"commentCount":23,"publisher":{"@id":"https:\/\/slams.fr\/blog\/#organization"},"image":{"@id":"https:\/\/slams.fr\/blog\/a-la-une\/le-slam-quand-la-musique-rencontre-la-parole-engagee\/#primaryimage"},"thumbnailUrl":"https:\/\/slams.fr\/blog\/wp-content\/uploads\/2025\/02\/stability-le-slam-quand-la-musique-rencontre-la-parole-engagee.png","keywords":["D\u00e9mocratisation","Identit\u00e9","Impact Social","Introduction","Performance","Slam"],"articleSection":["\u00c0 la une"],"inLanguage":"fr-FR","potentialAction":[{"@type":"CommentAction","name":"Comment","target":["https:\/\/slams.fr\/blog\/a-la-une\/le-slam-quand-la-musique-rencontre-la-parole-engagee\/#respond"]}]},{"@type":"WebPage","@id":"https:\/\/slams.fr\/blog\/a-la-une\/le-slam-quand-la-musique-rencontre-la-parole-engagee\/","url":"https:\/\/slams.fr\/blog\/a-la-une\/le-slam-quand-la-musique-rencontre-la-parole-engagee\/","name":"Le slam en musique : d\u00e9finition et diff\u00e9rence avec le rap","isPartOf":{"@id":"https:\/\/slams.fr\/blog\/#website"},"primaryImageOfPage":{"@id":"https:\/\/slams.fr\/blog\/a-la-une\/le-slam-quand-la-musique-rencontre-la-parole-engagee\/#primaryimage"},"image":{"@id":"https:\/\/slams.fr\/blog\/a-la-une\/le-slam-quand-la-musique-rencontre-la-parole-engagee\/#primaryimage"},"thumbnailUrl":"https:\/\/slams.fr\/blog\/wp-content\/uploads\/2025\/02\/stability-le-slam-quand-la-musique-rencontre-la-parole-engagee.png","datePublished":"2026-05-19T12:07:46+00:00","description":"Le slam est-il de la musique ? D\u00e9finition, origines \u00e0 Chicago, lien avec le rap et le spoken word, et ce qui rend ce genre unique. Tout comprendre.","inLanguage":"fr-FR","potentialAction":[{"@type":"ReadAction","target":["https:\/\/slams.fr\/blog\/a-la-une\/le-slam-quand-la-musique-rencontre-la-parole-engagee\/"]}]},{"@type":"ImageObject","inLanguage":"fr-FR","@id":"https:\/\/slams.fr\/blog\/a-la-une\/le-slam-quand-la-musique-rencontre-la-parole-engagee\/#primaryimage","url":"https:\/\/slams.fr\/blog\/wp-content\/uploads\/2025\/02\/stability-le-slam-quand-la-musique-rencontre-la-parole-engagee.png","contentUrl":"https:\/\/slams.fr\/blog\/wp-content\/uploads\/2025\/02\/stability-le-slam-quand-la-musique-rencontre-la-parole-engagee.png","width":1024,"height":576},{"@type":"WebSite","@id":"https:\/\/slams.fr\/blog\/#website","url":"https:\/\/slams.fr\/blog\/","name":"slams.fr","description":"Slams, l&#039;\u00e9nergie des mots en action","publisher":{"@id":"https:\/\/slams.fr\/blog\/#organization"},"alternateName":"Slams, l'\u00e9nergie des mots en action","potentialAction":[{"@type":"SearchAction","target":{"@type":"EntryPoint","urlTemplate":"https:\/\/slams.fr\/blog\/?s={search_term_string}"},"query-input":{"@type":"PropertyValueSpecification","valueRequired":true,"valueName":"search_term_string"}}],"inLanguage":"fr-FR"},{"@type":"Organization","@id":"https:\/\/slams.fr\/blog\/#organization","name":"Foretsensations.fr","url":"https:\/\/slams.fr\/blog\/","logo":{"@type":"ImageObject","inLanguage":"fr-FR","@id":"https:\/\/slams.fr\/blog\/#\/schema\/logo\/image\/","url":"https:\/\/slams.fr\/blog\/wp-content\/uploads\/2026\/07\/logo-auto-1.png","contentUrl":"https:\/\/slams.fr\/blog\/wp-content\/uploads\/2026\/07\/logo-auto-1.png","width":1024,"height":1024,"caption":"Foretsensations.fr"},"image":{"@id":"https:\/\/slams.fr\/blog\/#\/schema\/logo\/image\/"}},{"@type":"Person","@id":"https:\/\/slams.fr\/blog\/#\/schema\/person\/3c864cdc320801e3db34b663e7e3f816","name":"Rapha\u00ebl D.","image":{"@type":"ImageObject","inLanguage":"fr-FR","@id":"https:\/\/slams.fr\/blog\/#\/schema\/person\/image\/","url":"https:\/\/slams.fr\/blog\/wp-content\/uploads\/2026\/06\/persona_raphael-d-96x96.jpg","contentUrl":"https:\/\/slams.fr\/blog\/wp-content\/uploads\/2026\/06\/persona_raphael-d-96x96.jpg","caption":"Rapha\u00ebl D."},"description":"La culture est mon terrain de jeu depuis une dizaine d'ann\u00e9es : arts visuels, s\u00e9ries, cr\u00e9ation et tout ce qui nourrit l'imaginaire. J'\u00e9cris aussi bien sur l'actualit\u00e9 des \u0153uvres que sur les coulisses de la cr\u00e9ation, avec l'envie de relier l'amateur curieux \u00e0 des univers parfois jug\u00e9s intimidants. J'aime analyser une s\u00e9rie ou une d\u00e9marche artistique sans p\u00e9dantisme, replacer une \u0153uvre dans son contexte et donner des cl\u00e9s de lecture accessibles. Avant de publier, je v\u00e9rifie mes r\u00e9f\u00e9rences, je recoupe les sources et je distingue clairement le fait de mon interpr\u00e9tation subjective. Je crois qu'une critique vaut surtout par les arguments qu'elle expose, pas par la sentence qu'elle rend. Mon angle : transmettre l'envie de d\u00e9couvrir, de regarder autrement et de se forger son propre go\u00fbt. La culture n'appartient pas qu'aux initi\u00e9s, et c'est tout l'enjeu de mon \u00e9criture.","url":"https:\/\/slams.fr\/blog\/auteur\/raphael-d\/","jobTitle":"R\u00e9dacteur en chef \u00b7 Culture & Cr\u00e9ation","knowsAbout":["Culture","Cr\u00e9ation"],"email":"raphael.d@a-l-asso-de-l-art.fr"}]}},"_links":{"self":[{"href":"https:\/\/slams.fr\/blog\/wp-json\/wp\/v2\/posts\/7400","targetHints":{"allow":["GET"]}}],"collection":[{"href":"https:\/\/slams.fr\/blog\/wp-json\/wp\/v2\/posts"}],"about":[{"href":"https:\/\/slams.fr\/blog\/wp-json\/wp\/v2\/types\/post"}],"author":[{"embeddable":true,"href":"https:\/\/slams.fr\/blog\/wp-json\/wp\/v2\/users\/34"}],"replies":[{"embeddable":true,"href":"https:\/\/slams.fr\/blog\/wp-json\/wp\/v2\/comments?post=7400"}],"version-history":[{"count":3,"href":"https:\/\/slams.fr\/blog\/wp-json\/wp\/v2\/posts\/7400\/revisions"}],"predecessor-version":[{"id":7785,"href":"https:\/\/slams.fr\/blog\/wp-json\/wp\/v2\/posts\/7400\/revisions\/7785"}],"wp:featuredmedia":[{"embeddable":true,"href":"https:\/\/slams.fr\/blog\/wp-json\/wp\/v2\/media\/7401"}],"wp:attachment":[{"href":"https:\/\/slams.fr\/blog\/wp-json\/wp\/v2\/media?parent=7400"}],"wp:term":[{"taxonomy":"category","embeddable":true,"href":"https:\/\/slams.fr\/blog\/wp-json\/wp\/v2\/categories?post=7400"},{"taxonomy":"post_tag","embeddable":true,"href":"https:\/\/slams.fr\/blog\/wp-json\/wp\/v2\/tags?post=7400"}],"curies":[{"name":"wp","href":"https:\/\/api.w.org\/{rel}","templated":true}]}}