{"id":7404,"date":"2025-02-09T12:43:00","date_gmt":"2025-02-09T11:43:00","guid":{"rendered":"https:\/\/slams.fr\/blog\/?p=7404"},"modified":"2025-02-08T11:35:49","modified_gmt":"2025-02-08T10:35:49","slug":"slam-et-musique-classique-une-fusion-creative-captivante","status":"publish","type":"post","link":"https:\/\/slams.fr\/blog\/a-la-une\/slam-et-musique-classique-une-fusion-creative-captivante\/","title":{"rendered":"Slam et musique classique : une fusion cr\u00e9ative captivante"},"content":{"rendered":"<h2>La rencontre entre slam et musique classique<\/h2>\n<p>Cette forme d&rsquo;expression po\u00e9tique, souvent li\u00e9e \u00e0 la culture urbaine, trouve un \u00e9cho surprenant dans l&rsquo;univers de la musique classique. En quoi cette association enrichit-elle les deux genres ?<\/p>\n<p>La musique classique, avec ses harmonies complexes et ses \u00e9motions profondes, offre un cadre id\u00e9al pour les slameurs qui cherchent \u00e0 transmettre des messages forts. En int\u00e9grant des \u00e9l\u00e9ments classiques, les artistes de slam parviennent \u00e0 toucher des publics vari\u00e9s, cr\u00e9ant ainsi un dialogue entre tradition et modernit\u00e9.<\/p>\n<h2>Les artistes qui font bouger les lignes<\/h2>\n<p>Plusieurs artistes se distinguent dans cette fusion. Par exemple, <strong>Grand Corps Malade<\/strong>, l&rsquo;un des slameurs les plus connus en France, a collabor\u00e9 avec des musiciens classiques pour cr\u00e9er des \u0153uvres m\u00ealant po\u00e9sie et orchestration. Son album \u201cFunambule\u201d illustre parfaitement cette synergie, o\u00f9 chaque texte r\u00e9sonne avec la profondeur des arrangements classiques.<img width=\"1024\" height=\"576\" src=\"https:\/\/slams.fr\/blog\/wp-content\/uploads\/2025\/02\/stability-slam-et-musique-classique-une-fusion-creative-captivante-1.png\" class=\"aligncenter\" alt=\"Illustration d\u00e9taill\u00e9e sur Slam et musique classique : une fusion cr\u00e9ative captivante\" title=\"Slam et musique classique : une fusion cr\u00e9ative captivante\" decoding=\"async\" loading=\"lazy\" \/><\/p>\n<p>D&rsquo;autres slameurs, comme <strong>Keny Arkana<\/strong>, ont \u00e9galement explor\u00e9 cette voie, utilisant des m\u00e9lodies classiques pour renforcer l&rsquo;impact de leurs paroles engag\u00e9es. Ces collaborations permettent de red\u00e9finir les fronti\u00e8res des genres musicaux, offrant aux auditeurs une exp\u00e9rience enrichissante.<\/p>\n<p><iframe loading=\"lazy\" title=\"Comment Trouver sa voie en POESIE, CHANT et MUSIQUE ?\" width=\"1200\" height=\"675\" src=\"https:\/\/www.youtube.com\/embed\/Id6BwsDbAFI?feature=oembed\" frameborder=\"0\" allow=\"accelerometer; autoplay; clipboard-write; encrypted-media; gyroscope; picture-in-picture; web-share\" referrerpolicy=\"strict-origin-when-cross-origin\" allowfullscreen><\/iframe><\/p>\n<h2>Les b\u00e9n\u00e9fices de cette hybridation<\/h2>\n<p>La fusion du slam et de la musique classique pr\u00e9sente plusieurs avantages. Tout d&rsquo;abord, elle permet d&rsquo;\u00e9largir le public pour les deux genres. Les amateurs de musique classique d\u00e9couvrent la po\u00e9sie du slam, tandis que les fans de slam sont introduits \u00e0 des compositions raffin\u00e9es. Cette dynamique favorise \u00e9galement une meilleure appr\u00e9ciation des nuances de chaque forme artistique.<\/p>\n<p>En outre, cette hybridation permet d&rsquo;explorer des th\u00e8mes universels sous des angles nouveaux. Les slameurs abordent des sujets vari\u00e9s tels que l&rsquo;amour, la soci\u00e9t\u00e9, l&rsquo;identit\u00e9, mais avec une profondeur que la musique classique accentue. Ce m\u00e9lange offre une plateforme pour des discussions importantes sur des enjeux contemporains.<\/p>\n<h2>Tableau r\u00e9capitulatif des artistes et de leurs \u0153uvres<\/h2>\n<table>\n<tr>\n<th>Artiste<\/th>\n<th>\u0152uvre<\/th>\n<th>Collaboration<\/th>\n<\/tr>\n<tr>\n<td>Grand Corps Malade<\/td>\n<td>Funambule<\/td>\n<td>Orchestre symphonique<\/td>\n<\/tr>\n<tr>\n<td>Keny Arkana<\/td>\n<td>Entre ciment et belle \u00e9toile<\/td>\n<td>Piano classique<\/td>\n<\/tr>\n<tr>\n<td>Rim K<\/td>\n<td>La voix des sans voix<\/td>\n<td>Quatuor \u00e0 cordes<\/td>\n<\/tr>\n<\/table>\n<h3>FAQ :<\/h3>\n<blockquote>\n<ul>\n<li><strong>Qu&rsquo;est-ce que le slam ?<\/strong>Le slam est une forme de po\u00e9sie d\u00e9clam\u00e9e, souvent associ\u00e9e \u00e0 des performances sc\u00e9niques.<\/li>\n<li><strong>Comment le slam s&rsquo;int\u00e8gre-t-il dans la musique classique ?<\/strong>Il utilise des compositions classiques pour enrichir le contenu po\u00e9tique des textes.<\/li>\n<li><strong>Quels artistes c\u00e9l\u00e8bres m\u00e9langent slam et musique classique ?<\/strong>Grand Corps Malade et Keny Arkana sont des exemples marquants.<\/li>\n<li><strong>Quels sont les avantages de cette fusion ?<\/strong>Elle permet d&rsquo;\u00e9largir les publics et d&rsquo;enrichir les th\u00e8mes abord\u00e9s par les artistes.<\/li>\n<\/ul>\n<\/blockquote>\n<h2>Conclusion : une \u00e9volution prometteuse<\/h2>\n<p>La fusion du slam et de la musique classique ouvre des perspectives nouvelles et passionnantes. En se croisant, ces deux mondes enrichissent l&rsquo;exp\u00e9rience artistique, et les artistes continuent d&rsquo;explorer des territoires in\u00e9dits. \u00c0 l&rsquo;avenir, cette collaboration pourrait bien devenir une norme, apportant une nouvelle dimension \u00e0 l&rsquo;art de la performance.<\/p>\n","protected":false},"excerpt":{"rendered":"","protected":false},"author":34,"featured_media":7405,"comment_status":"open","ping_status":"open","sticky":false,"template":"","format":"standard","meta":{"_acf_changed":false,"manual_indexmenow":false,"indexmenow_id_project":0,"footnotes":""},"categories":[1],"tags":[4559,4571,4572,4552,4534,4526],"class_list":["post-7404","post","type-post","status-publish","format-standard","has-post-thumbnail","hentry","category-a-la-une","tag-artistes","tag-fusion","tag-hybride","tag-musique-classique","tag-poesie","tag-slam","generate-columns","tablet-grid-50","mobile-grid-100","grid-parent","grid-25"],"acf":[],"yoast_head":"<!-- This site is optimized with the Yoast SEO Premium plugin v21.3 (Yoast SEO v26.5) - https:\/\/yoast.com\/wordpress\/plugins\/seo\/ -->\n<title>Slam et musique classique : une fusion cr\u00e9ative captivante<\/title>\n<meta name=\"description\" content=\"Cette forme d&#039;expression po\u00e9tique, souvent li\u00e9e \u00e0 la culture urbaine, trouve un \u00e9cho surprenant dans l&#039;univers de la musique classique.\" \/>\n<meta name=\"robots\" content=\"index, follow, max-snippet:-1, max-image-preview:large, max-video-preview:-1\" \/>\n<link rel=\"canonical\" href=\"https:\/\/slams.fr\/blog\/a-la-une\/slam-et-musique-classique-une-fusion-creative-captivante\/\" \/>\n<meta property=\"og:locale\" content=\"fr_FR\" \/>\n<meta property=\"og:type\" content=\"article\" \/>\n<meta property=\"og:title\" content=\"Slam et musique classique : une fusion cr\u00e9ative captivante\" \/>\n<meta property=\"og:description\" content=\"Cette forme d&#039;expression po\u00e9tique, souvent li\u00e9e \u00e0 la culture urbaine, trouve un \u00e9cho surprenant dans l&#039;univers de la musique classique.\" \/>\n<meta property=\"og:url\" content=\"https:\/\/slams.fr\/blog\/a-la-une\/slam-et-musique-classique-une-fusion-creative-captivante\/\" \/>\n<meta property=\"og:site_name\" content=\"slams\" \/>\n<meta property=\"og:image\" content=\"https:\/\/slams.fr\/blog\/wp-content\/uploads\/2025\/02\/stability-slam-et-musique-classique-une-fusion-creative-captivante.png\" \/>\n\t<meta property=\"og:image:width\" content=\"1024\" \/>\n\t<meta property=\"og:image:height\" content=\"576\" \/>\n\t<meta property=\"og:image:type\" content=\"image\/png\" \/>\n<meta name=\"author\" content=\"Rapha\u00ebl D.\" \/>\n<meta name=\"twitter:card\" content=\"summary_large_image\" \/>\n<script type=\"application\/ld+json\" class=\"yoast-schema-graph\">{\"@context\":\"https:\/\/schema.org\",\"@graph\":[{\"@type\":\"NewsArticle\",\"@id\":\"https:\/\/slams.fr\/blog\/a-la-une\/slam-et-musique-classique-une-fusion-creative-captivante\/#article\",\"isPartOf\":{\"@id\":\"https:\/\/slams.fr\/blog\/a-la-une\/slam-et-musique-classique-une-fusion-creative-captivante\/\"},\"author\":{\"name\":\"Rapha\u00ebl D.\",\"@id\":\"https:\/\/slams.fr\/blog\/#\/schema\/person\/3c864cdc320801e3db34b663e7e3f816\"},\"headline\":\"Slam et musique classique : une fusion cr\u00e9ative captivante\",\"datePublished\":\"2025-02-09T11:43:00+00:00\",\"mainEntityOfPage\":{\"@id\":\"https:\/\/slams.fr\/blog\/a-la-une\/slam-et-musique-classique-une-fusion-creative-captivante\/\"},\"wordCount\":521,\"commentCount\":19,\"publisher\":{\"@id\":\"https:\/\/slams.fr\/blog\/#organization\"},\"image\":{\"@id\":\"https:\/\/slams.fr\/blog\/a-la-une\/slam-et-musique-classique-une-fusion-creative-captivante\/#primaryimage\"},\"thumbnailUrl\":\"https:\/\/slams.fr\/blog\/wp-content\/uploads\/2025\/02\/stability-slam-et-musique-classique-une-fusion-creative-captivante.png\",\"keywords\":[\"Artistes\",\"Fusion\",\"Hybride\",\"Musique Classique\",\"Po\u00e9sie\",\"Slam\"],\"articleSection\":[\"\u00c0 la une\"],\"inLanguage\":\"fr-FR\",\"potentialAction\":[{\"@type\":\"CommentAction\",\"name\":\"Comment\",\"target\":[\"https:\/\/slams.fr\/blog\/a-la-une\/slam-et-musique-classique-une-fusion-creative-captivante\/#respond\"]}]},{\"@type\":\"WebPage\",\"@id\":\"https:\/\/slams.fr\/blog\/a-la-une\/slam-et-musique-classique-une-fusion-creative-captivante\/\",\"url\":\"https:\/\/slams.fr\/blog\/a-la-une\/slam-et-musique-classique-une-fusion-creative-captivante\/\",\"name\":\"Slam et musique classique : une fusion cr\u00e9ative captivante\",\"isPartOf\":{\"@id\":\"https:\/\/slams.fr\/blog\/#website\"},\"primaryImageOfPage\":{\"@id\":\"https:\/\/slams.fr\/blog\/a-la-une\/slam-et-musique-classique-une-fusion-creative-captivante\/#primaryimage\"},\"image\":{\"@id\":\"https:\/\/slams.fr\/blog\/a-la-une\/slam-et-musique-classique-une-fusion-creative-captivante\/#primaryimage\"},\"thumbnailUrl\":\"https:\/\/slams.fr\/blog\/wp-content\/uploads\/2025\/02\/stability-slam-et-musique-classique-une-fusion-creative-captivante.png\",\"datePublished\":\"2025-02-09T11:43:00+00:00\",\"description\":\"Cette forme d'expression po\u00e9tique, souvent li\u00e9e \u00e0 la culture urbaine, trouve un \u00e9cho surprenant dans l'univers de la musique classique.\",\"inLanguage\":\"fr-FR\",\"potentialAction\":[{\"@type\":\"ReadAction\",\"target\":[\"https:\/\/slams.fr\/blog\/a-la-une\/slam-et-musique-classique-une-fusion-creative-captivante\/\"]}]},{\"@type\":\"ImageObject\",\"inLanguage\":\"fr-FR\",\"@id\":\"https:\/\/slams.fr\/blog\/a-la-une\/slam-et-musique-classique-une-fusion-creative-captivante\/#primaryimage\",\"url\":\"https:\/\/slams.fr\/blog\/wp-content\/uploads\/2025\/02\/stability-slam-et-musique-classique-une-fusion-creative-captivante.png\",\"contentUrl\":\"https:\/\/slams.fr\/blog\/wp-content\/uploads\/2025\/02\/stability-slam-et-musique-classique-une-fusion-creative-captivante.png\",\"width\":1024,\"height\":576},{\"@type\":\"WebSite\",\"@id\":\"https:\/\/slams.fr\/blog\/#website\",\"url\":\"https:\/\/slams.fr\/blog\/\",\"name\":\"slams.fr\",\"description\":\"Slams, l&#039;\u00e9nergie des mots en action\",\"publisher\":{\"@id\":\"https:\/\/slams.fr\/blog\/#organization\"},\"alternateName\":\"Slams, l'\u00e9nergie des mots en action\",\"potentialAction\":[{\"@type\":\"SearchAction\",\"target\":{\"@type\":\"EntryPoint\",\"urlTemplate\":\"https:\/\/slams.fr\/blog\/?s={search_term_string}\"},\"query-input\":{\"@type\":\"PropertyValueSpecification\",\"valueRequired\":true,\"valueName\":\"search_term_string\"}}],\"inLanguage\":\"fr-FR\"},{\"@type\":\"Organization\",\"@id\":\"https:\/\/slams.fr\/blog\/#organization\",\"name\":\"Foretsensations.fr\",\"url\":\"https:\/\/slams.fr\/blog\/\",\"logo\":{\"@type\":\"ImageObject\",\"inLanguage\":\"fr-FR\",\"@id\":\"https:\/\/slams.fr\/blog\/#\/schema\/logo\/image\/\",\"url\":\"https:\/\/slams.fr\/blog\/wp-content\/uploads\/2026\/07\/logo-auto-1.png\",\"contentUrl\":\"https:\/\/slams.fr\/blog\/wp-content\/uploads\/2026\/07\/logo-auto-1.png\",\"width\":1024,\"height\":1024,\"caption\":\"Foretsensations.fr\"},\"image\":{\"@id\":\"https:\/\/slams.fr\/blog\/#\/schema\/logo\/image\/\"}},{\"@type\":\"Person\",\"@id\":\"https:\/\/slams.fr\/blog\/#\/schema\/person\/3c864cdc320801e3db34b663e7e3f816\",\"name\":\"Rapha\u00ebl D.\",\"image\":{\"@type\":\"ImageObject\",\"inLanguage\":\"fr-FR\",\"@id\":\"https:\/\/slams.fr\/blog\/#\/schema\/person\/image\/\",\"url\":\"https:\/\/slams.fr\/blog\/wp-content\/uploads\/2026\/06\/persona_raphael-d-96x96.jpg\",\"contentUrl\":\"https:\/\/slams.fr\/blog\/wp-content\/uploads\/2026\/06\/persona_raphael-d-96x96.jpg\",\"caption\":\"Rapha\u00ebl D.\"},\"description\":\"La culture est mon terrain de jeu depuis une dizaine d'ann\u00e9es : arts visuels, s\u00e9ries, cr\u00e9ation et tout ce qui nourrit l'imaginaire. J'\u00e9cris aussi bien sur l'actualit\u00e9 des \u0153uvres que sur les coulisses de la cr\u00e9ation, avec l'envie de relier l'amateur curieux \u00e0 des univers parfois jug\u00e9s intimidants. J'aime analyser une s\u00e9rie ou une d\u00e9marche artistique sans p\u00e9dantisme, replacer une \u0153uvre dans son contexte et donner des cl\u00e9s de lecture accessibles. Avant de publier, je v\u00e9rifie mes r\u00e9f\u00e9rences, je recoupe les sources et je distingue clairement le fait de mon interpr\u00e9tation subjective. Je crois qu'une critique vaut surtout par les arguments qu'elle expose, pas par la sentence qu'elle rend. Mon angle : transmettre l'envie de d\u00e9couvrir, de regarder autrement et de se forger son propre go\u00fbt. La culture n'appartient pas qu'aux initi\u00e9s, et c'est tout l'enjeu de mon \u00e9criture.\",\"url\":\"https:\/\/slams.fr\/blog\/auteur\/raphael-d\/\",\"jobTitle\":\"R\u00e9dacteur en chef \u00b7 Culture & Cr\u00e9ation\",\"knowsAbout\":[\"Culture\",\"Cr\u00e9ation\"],\"email\":\"raphael.d@a-l-asso-de-l-art.fr\"}]}<\/script>\n<!-- \/ Yoast SEO Premium plugin. -->","yoast_head_json":{"title":"Slam et musique classique : une fusion cr\u00e9ative captivante","description":"Cette forme d'expression po\u00e9tique, souvent li\u00e9e \u00e0 la culture urbaine, trouve un \u00e9cho surprenant dans l'univers de la musique classique.","robots":{"index":"index","follow":"follow","max-snippet":"max-snippet:-1","max-image-preview":"max-image-preview:large","max-video-preview":"max-video-preview:-1"},"canonical":"https:\/\/slams.fr\/blog\/a-la-une\/slam-et-musique-classique-une-fusion-creative-captivante\/","og_locale":"fr_FR","og_type":"article","og_title":"Slam et musique classique : une fusion cr\u00e9ative captivante","og_description":"Cette forme d'expression po\u00e9tique, souvent li\u00e9e \u00e0 la culture urbaine, trouve un \u00e9cho surprenant dans l'univers de la musique classique.","og_url":"https:\/\/slams.fr\/blog\/a-la-une\/slam-et-musique-classique-une-fusion-creative-captivante\/","og_site_name":"slams","og_image":[{"width":1024,"height":576,"url":"https:\/\/slams.fr\/blog\/wp-content\/uploads\/2025\/02\/stability-slam-et-musique-classique-une-fusion-creative-captivante.png","type":"image\/png"}],"author":"Rapha\u00ebl D.","twitter_card":"summary_large_image","schema":{"@context":"https:\/\/schema.org","@graph":[{"@type":"NewsArticle","@id":"https:\/\/slams.fr\/blog\/a-la-une\/slam-et-musique-classique-une-fusion-creative-captivante\/#article","isPartOf":{"@id":"https:\/\/slams.fr\/blog\/a-la-une\/slam-et-musique-classique-une-fusion-creative-captivante\/"},"author":{"name":"Rapha\u00ebl D.","@id":"https:\/\/slams.fr\/blog\/#\/schema\/person\/3c864cdc320801e3db34b663e7e3f816"},"headline":"Slam et musique classique : une fusion cr\u00e9ative captivante","datePublished":"2025-02-09T11:43:00+00:00","mainEntityOfPage":{"@id":"https:\/\/slams.fr\/blog\/a-la-une\/slam-et-musique-classique-une-fusion-creative-captivante\/"},"wordCount":521,"commentCount":19,"publisher":{"@id":"https:\/\/slams.fr\/blog\/#organization"},"image":{"@id":"https:\/\/slams.fr\/blog\/a-la-une\/slam-et-musique-classique-une-fusion-creative-captivante\/#primaryimage"},"thumbnailUrl":"https:\/\/slams.fr\/blog\/wp-content\/uploads\/2025\/02\/stability-slam-et-musique-classique-une-fusion-creative-captivante.png","keywords":["Artistes","Fusion","Hybride","Musique Classique","Po\u00e9sie","Slam"],"articleSection":["\u00c0 la une"],"inLanguage":"fr-FR","potentialAction":[{"@type":"CommentAction","name":"Comment","target":["https:\/\/slams.fr\/blog\/a-la-une\/slam-et-musique-classique-une-fusion-creative-captivante\/#respond"]}]},{"@type":"WebPage","@id":"https:\/\/slams.fr\/blog\/a-la-une\/slam-et-musique-classique-une-fusion-creative-captivante\/","url":"https:\/\/slams.fr\/blog\/a-la-une\/slam-et-musique-classique-une-fusion-creative-captivante\/","name":"Slam et musique classique : une fusion cr\u00e9ative captivante","isPartOf":{"@id":"https:\/\/slams.fr\/blog\/#website"},"primaryImageOfPage":{"@id":"https:\/\/slams.fr\/blog\/a-la-une\/slam-et-musique-classique-une-fusion-creative-captivante\/#primaryimage"},"image":{"@id":"https:\/\/slams.fr\/blog\/a-la-une\/slam-et-musique-classique-une-fusion-creative-captivante\/#primaryimage"},"thumbnailUrl":"https:\/\/slams.fr\/blog\/wp-content\/uploads\/2025\/02\/stability-slam-et-musique-classique-une-fusion-creative-captivante.png","datePublished":"2025-02-09T11:43:00+00:00","description":"Cette forme d'expression po\u00e9tique, souvent li\u00e9e \u00e0 la culture urbaine, trouve un \u00e9cho surprenant dans l'univers de la musique classique.","inLanguage":"fr-FR","potentialAction":[{"@type":"ReadAction","target":["https:\/\/slams.fr\/blog\/a-la-une\/slam-et-musique-classique-une-fusion-creative-captivante\/"]}]},{"@type":"ImageObject","inLanguage":"fr-FR","@id":"https:\/\/slams.fr\/blog\/a-la-une\/slam-et-musique-classique-une-fusion-creative-captivante\/#primaryimage","url":"https:\/\/slams.fr\/blog\/wp-content\/uploads\/2025\/02\/stability-slam-et-musique-classique-une-fusion-creative-captivante.png","contentUrl":"https:\/\/slams.fr\/blog\/wp-content\/uploads\/2025\/02\/stability-slam-et-musique-classique-une-fusion-creative-captivante.png","width":1024,"height":576},{"@type":"WebSite","@id":"https:\/\/slams.fr\/blog\/#website","url":"https:\/\/slams.fr\/blog\/","name":"slams.fr","description":"Slams, l&#039;\u00e9nergie des mots en action","publisher":{"@id":"https:\/\/slams.fr\/blog\/#organization"},"alternateName":"Slams, l'\u00e9nergie des mots en action","potentialAction":[{"@type":"SearchAction","target":{"@type":"EntryPoint","urlTemplate":"https:\/\/slams.fr\/blog\/?s={search_term_string}"},"query-input":{"@type":"PropertyValueSpecification","valueRequired":true,"valueName":"search_term_string"}}],"inLanguage":"fr-FR"},{"@type":"Organization","@id":"https:\/\/slams.fr\/blog\/#organization","name":"Foretsensations.fr","url":"https:\/\/slams.fr\/blog\/","logo":{"@type":"ImageObject","inLanguage":"fr-FR","@id":"https:\/\/slams.fr\/blog\/#\/schema\/logo\/image\/","url":"https:\/\/slams.fr\/blog\/wp-content\/uploads\/2026\/07\/logo-auto-1.png","contentUrl":"https:\/\/slams.fr\/blog\/wp-content\/uploads\/2026\/07\/logo-auto-1.png","width":1024,"height":1024,"caption":"Foretsensations.fr"},"image":{"@id":"https:\/\/slams.fr\/blog\/#\/schema\/logo\/image\/"}},{"@type":"Person","@id":"https:\/\/slams.fr\/blog\/#\/schema\/person\/3c864cdc320801e3db34b663e7e3f816","name":"Rapha\u00ebl D.","image":{"@type":"ImageObject","inLanguage":"fr-FR","@id":"https:\/\/slams.fr\/blog\/#\/schema\/person\/image\/","url":"https:\/\/slams.fr\/blog\/wp-content\/uploads\/2026\/06\/persona_raphael-d-96x96.jpg","contentUrl":"https:\/\/slams.fr\/blog\/wp-content\/uploads\/2026\/06\/persona_raphael-d-96x96.jpg","caption":"Rapha\u00ebl D."},"description":"La culture est mon terrain de jeu depuis une dizaine d'ann\u00e9es : arts visuels, s\u00e9ries, cr\u00e9ation et tout ce qui nourrit l'imaginaire. J'\u00e9cris aussi bien sur l'actualit\u00e9 des \u0153uvres que sur les coulisses de la cr\u00e9ation, avec l'envie de relier l'amateur curieux \u00e0 des univers parfois jug\u00e9s intimidants. J'aime analyser une s\u00e9rie ou une d\u00e9marche artistique sans p\u00e9dantisme, replacer une \u0153uvre dans son contexte et donner des cl\u00e9s de lecture accessibles. Avant de publier, je v\u00e9rifie mes r\u00e9f\u00e9rences, je recoupe les sources et je distingue clairement le fait de mon interpr\u00e9tation subjective. Je crois qu'une critique vaut surtout par les arguments qu'elle expose, pas par la sentence qu'elle rend. Mon angle : transmettre l'envie de d\u00e9couvrir, de regarder autrement et de se forger son propre go\u00fbt. La culture n'appartient pas qu'aux initi\u00e9s, et c'est tout l'enjeu de mon \u00e9criture.","url":"https:\/\/slams.fr\/blog\/auteur\/raphael-d\/","jobTitle":"R\u00e9dacteur en chef \u00b7 Culture & Cr\u00e9ation","knowsAbout":["Culture","Cr\u00e9ation"],"email":"raphael.d@a-l-asso-de-l-art.fr"}]}},"_links":{"self":[{"href":"https:\/\/slams.fr\/blog\/wp-json\/wp\/v2\/posts\/7404","targetHints":{"allow":["GET"]}}],"collection":[{"href":"https:\/\/slams.fr\/blog\/wp-json\/wp\/v2\/posts"}],"about":[{"href":"https:\/\/slams.fr\/blog\/wp-json\/wp\/v2\/types\/post"}],"author":[{"embeddable":true,"href":"https:\/\/slams.fr\/blog\/wp-json\/wp\/v2\/users\/34"}],"replies":[{"embeddable":true,"href":"https:\/\/slams.fr\/blog\/wp-json\/wp\/v2\/comments?post=7404"}],"version-history":[{"count":2,"href":"https:\/\/slams.fr\/blog\/wp-json\/wp\/v2\/posts\/7404\/revisions"}],"predecessor-version":[{"id":7453,"href":"https:\/\/slams.fr\/blog\/wp-json\/wp\/v2\/posts\/7404\/revisions\/7453"}],"wp:featuredmedia":[{"embeddable":true,"href":"https:\/\/slams.fr\/blog\/wp-json\/wp\/v2\/media\/7405"}],"wp:attachment":[{"href":"https:\/\/slams.fr\/blog\/wp-json\/wp\/v2\/media?parent=7404"}],"wp:term":[{"taxonomy":"category","embeddable":true,"href":"https:\/\/slams.fr\/blog\/wp-json\/wp\/v2\/categories?post=7404"},{"taxonomy":"post_tag","embeddable":true,"href":"https:\/\/slams.fr\/blog\/wp-json\/wp\/v2\/tags?post=7404"}],"curies":[{"name":"wp","href":"https:\/\/api.w.org\/{rel}","templated":true}]}}