{"id":7416,"date":"2025-02-08T13:03:00","date_gmt":"2025-02-08T12:03:00","guid":{"rendered":"https:\/\/slams.fr\/blog\/?p=7416"},"modified":"2025-02-08T11:38:51","modified_gmt":"2025-02-08T10:38:51","slug":"grand-corps-malade-le-slam-comme-art-et-engagement-social","status":"publish","type":"post","link":"https:\/\/slams.fr\/blog\/a-la-une\/grand-corps-malade-le-slam-comme-art-et-engagement-social\/","title":{"rendered":"Grand Corps Malade : Le Slam comme Art et Engagement Social"},"content":{"rendered":"<h2>Introduction au slam et \u00e0 Grand Corps Malade<\/h2>\n<p>Au c\u0153ur de ce mouvement se trouve <strong>Grand Corps Malade<\/strong>, un po\u00e8te et slameur fran\u00e7ais dont les mots r\u00e9sonnent avec force et sensibilit\u00e9. Comment cet artiste a-t-il su capturer l&rsquo;attention du public et faire du slam un vecteur de r\u00e9flexion sur des sujets soci\u00e9taux ?<\/p>\n<h2>L&rsquo;ascension de Grand Corps Malade<\/h2>\n<p>Grand Corps Malade, de son vrai nom <strong>Fabien Marsaud<\/strong>, a d\u00e9but\u00e9 sa carri\u00e8re dans un contexte qui lui est propre. Apr\u00e8s un accident qui le laisse en fauteuil roulant, il transforme son \u00e9preuve en force cr\u00e9atrice. Ses textes, empreints d&rsquo;\u00e9motions, abordent la vie, l&rsquo;amour, le handicap, et la soci\u00e9t\u00e9 avec une finesse rare.<\/p>\n<p>Ses premi\u00e8res performances dans des caf\u00e9s-th\u00e9\u00e2tres et des sc\u00e8nes ouvertes lui permettent de se faire conna\u00eetre. En 2006, son album \u00ab <strong>Midi 20<\/strong> \u00bb le propulse sur le devant de la sc\u00e8ne. Cet opus, avec des titres embl\u00e9matiques comme \u00ab <strong>Les Voyageurs<\/strong> \u00bb et \u00ab <strong>Rom\u00e9o et Juliette<\/strong> \u00bb, lui vaut une reconnaissance imm\u00e9diate.<\/p>\n<h2>Le slam : un art engag\u00e9<\/h2>\n<p>Le slam ne se limite pas \u00e0 une simple performance po\u00e9tique. C&rsquo;est un art engag\u00e9 qui touche \u00e0 des questions de soci\u00e9t\u00e9. Grand Corps Malade utilise sa voix pour aborder des th\u00e9matiques vari\u00e9es telles que le handicap, l&rsquo;amour, la solitude, et l&rsquo;espoir. Ses textes r\u00e9sonnent avec une r\u00e9alit\u00e9 palpable, permettant aux auditeurs de s&rsquo;identifier \u00e0 ses paroles.<\/p>\n<p>Voici quelques \u00e9l\u00e9ments cl\u00e9s qui illustrent l&rsquo;impact du slam :<img width=\"1024\" height=\"576\" src=\"https:\/\/slams.fr\/blog\/wp-content\/uploads\/2025\/02\/stability-grand-corps-malade-le-slam-comme-art-et-engagement-social-1.png\" class=\"aligncenter\" alt=\"Illustration d\u00e9taill\u00e9e sur Grand Corps Malade : Le Slam comme Art et Engagement Social\" title=\"Grand Corps Malade : Le Slam comme Art et Engagement Social\" decoding=\"async\" loading=\"lazy\" \/><\/p>\n<ul>\n<li><strong>\u00c9motion<\/strong> : Les performances de Grand Corps Malade sont charg\u00e9es d&rsquo;\u00e9motion, touchant le c\u0153ur du public.<\/li>\n<li><strong>Accessibilit\u00e9<\/strong> : Le slam est accessible \u00e0 tous, encourageant la participation et la diversit\u00e9.<\/li>\n<li><strong>Engagement<\/strong> : Ses \u00e9crits invitent \u00e0 la r\u00e9flexion et \u00e0 l&rsquo;engagement social.<\/li>\n<\/ul>\n<h2>Impacts et cons\u00e9quences du slam<\/h2>\n<p>Le succ\u00e8s de Grand Corps Malade a contribu\u00e9 \u00e0 d\u00e9mocratiser le slam en France et \u00e0 l&rsquo;international. En partageant son exp\u00e9rience personnelle, il ouvre la voie \u00e0 d&rsquo;autres artistes qui souhaitent s&rsquo;exprimer \u00e0 travers cette forme d&rsquo;art. De plus, ses interventions dans des \u00e9tablissements scolaires t\u00e9moignent de la volont\u00e9 d&rsquo;utiliser le slam comme outil p\u00e9dagogique.<\/p>\n<blockquote class=\"wp-embedded-content\" data-secret=\"7zCq0B722K\"><p><a href=\"https:\/\/slams.fr\/blog\/a-la-une\/slam-musique-une-forme-dart-qui-resonne-dans-nos-vies\/\">Slam musique : une forme d&rsquo;art qui r\u00e9sonne dans nos vies<\/a><\/p><\/blockquote>\n<p><iframe loading=\"lazy\" class=\"wp-embedded-content\" sandbox=\"allow-scripts\" security=\"restricted\" style=\"position: absolute; visibility: hidden;\" title=\"\u00ab\u00a0Slam musique : une forme d&rsquo;art qui r\u00e9sonne dans nos vies\u00a0\u00bb &#8212; slams\" src=\"https:\/\/slams.fr\/blog\/a-la-une\/slam-musique-une-forme-dart-qui-resonne-dans-nos-vies\/embed\/#?secret=DMjNEgfZ2t#?secret=7zCq0B722K\" data-secret=\"7zCq0B722K\" width=\"600\" height=\"338\" frameborder=\"0\" marginwidth=\"0\" marginheight=\"0\" scrolling=\"no\"><\/iframe><\/p>\n<p>Les concerts de Grand Corps Malade ne se contentent pas d&rsquo;\u00eatre des spectacles. Ils deviennent des moments de partage et de connexion. Le public, en \u00e9coutant les paroles, se retrouve souvent en r\u00e9flexion sur sa propre vie.<\/p>\n<p><iframe loading=\"lazy\" title=\"Kery James - Lettre \u00e0 la R\u00e9publique (Clip officiel)\" width=\"1200\" height=\"675\" src=\"https:\/\/www.youtube.com\/embed\/gp3XZDK7Lw4?feature=oembed\" frameborder=\"0\" allow=\"accelerometer; autoplay; clipboard-write; encrypted-media; gyroscope; picture-in-picture; web-share\" referrerpolicy=\"strict-origin-when-cross-origin\" allowfullscreen><\/iframe><\/p>\n<h2>Un style unique et reconnaissable<\/h2>\n<p>Le style de Grand Corps Malade se distingue par son rythme, sa musicalit\u00e9, et son utilisation de la langue fran\u00e7aise. Il m\u00eale habilement po\u00e9sie et narration, cr\u00e9ant des textes qui captivent et interrogent. Son timbre de voix, profond et charismatique, ajoute une dimension suppl\u00e9mentaire \u00e0 ses performances.<\/p>\n<p>Les th\u00e8mes r\u00e9currents dans ses \u0153uvres sont souvent li\u00e9s \u00e0 la vie quotidienne. Par exemple, dans \u00ab <strong>Insolent<\/strong> \u00bb, il aborde la question de l&rsquo;acceptation de soi et de la diff\u00e9rence. Cette capacit\u00e9 \u00e0 parler de sujets universels tout en restant personnel fait de lui un slameur appr\u00e9ci\u00e9 par un large public.<\/p>\n<blockquote>\n<p>\u00ab La po\u00e9sie est une arme, elle peut changer le monde. \u00bb &#8211; Grand Corps Malade<\/p>\n<\/blockquote>\n<h3>FAQ :<\/h3>\n<blockquote>\n<ul>\n<li><strong>Quelle est la signification du terme slam ?<\/strong>Le slam est une forme de po\u00e9sie performative, souvent pr\u00e9sent\u00e9e lors de comp\u00e9titions, o\u00f9 les po\u00e8tes se produisent en direct devant un public.<\/li>\n<li><strong>Comment Grand Corps Malade a-t-il commenc\u00e9 sa carri\u00e8re ?<\/strong>Apr\u00e8s un accident qui l&rsquo;a rendu handicap\u00e9, il a commenc\u00e9 \u00e0 \u00e9crire et \u00e0 performer dans des sc\u00e8nes ouvertes, ce qui a lanc\u00e9 sa carri\u00e8re.<\/li>\n<li><strong>Quels sont les th\u00e8mes principaux abord\u00e9s dans ses textes ?<\/strong>Il aborde des th\u00e8mes tels que le handicap, l&rsquo;amour, la solitude et la soci\u00e9t\u00e9.<\/li>\n<li><strong>Quel est l&rsquo;impact du slam sur la sc\u00e8ne culturelle ?<\/strong>Le slam a permis \u00e0 de nombreux artistes de s&rsquo;exprimer et a contribu\u00e9 \u00e0 une plus grande diversit\u00e9 dans la po\u00e9sie contemporaine.<\/li>\n<\/ul>\n<\/blockquote>\n<h2>Conclusion<\/h2>\n<p>Grand Corps Malade incarne l&rsquo;essence m\u00eame du slam : une voix authentique qui r\u00e9sonne au-del\u00e0 des fronti\u00e8res. Son engagement, sa sensibilit\u00e9 et son talent font de lui un artiste \u00e0 part enti\u00e8re, capable d&rsquo;inspirer des g\u00e9n\u00e9rations. \u00c0 travers ses mots, il continue d&rsquo;\u00e9lever le slam au rang d&rsquo;art v\u00e9ritable et de v\u00e9hicule de changement social.<\/p>\n<table>\n<tr>\n<th>Album<\/th>\n<th>Ann\u00e9e<\/th>\n<th>Chanson phare<\/th>\n<\/tr>\n<tr>\n<td>Midi 20<\/td>\n<td>2006<\/td>\n<td>Les Voyageurs<\/td>\n<\/tr>\n<tr>\n<td>Les yeux plus gros que le monde<\/td>\n<td>2010<\/td>\n<td>Je me souviens<\/td>\n<\/tr>\n<tr>\n<td>Funambule<\/td>\n<td>2013<\/td>\n<td>Insolent<\/td>\n<\/tr>\n<\/table>\n","protected":false},"excerpt":{"rendered":"","protected":false},"author":34,"featured_media":7417,"comment_status":"open","ping_status":"open","sticky":false,"template":"","format":"standard","meta":{"_acf_changed":false,"manual_indexmenow":false,"indexmenow_id_project":0,"footnotes":""},"categories":[1],"tags":[4540,4560,4553,4574,4575,4526],"class_list":["post-7416","post","type-post","status-publish","format-standard","has-post-thumbnail","hentry","category-a-la-une","tag-emotion","tag-engagement","tag-grand-corps-malade","tag-handicap","tag-musicalite","tag-slam","generate-columns","tablet-grid-50","mobile-grid-100","grid-parent","grid-25"],"acf":[],"yoast_head":"<!-- This site is optimized with the Yoast SEO Premium plugin v21.3 (Yoast SEO v26.5) - https:\/\/yoast.com\/wordpress\/plugins\/seo\/ -->\n<title>Grand Corps Malade : Le Slam comme Art et Engagement Social<\/title>\n<meta name=\"description\" content=\"Au c\u0153ur de ce mouvement se trouve Grand Corps Malade, un po\u00e8te et slameur fran\u00e7ais dont les mots r\u00e9sonnent avec force et sensibilit\u00e9.\" \/>\n<meta name=\"robots\" content=\"index, follow, max-snippet:-1, max-image-preview:large, max-video-preview:-1\" \/>\n<link rel=\"canonical\" href=\"https:\/\/slams.fr\/blog\/a-la-une\/grand-corps-malade-le-slam-comme-art-et-engagement-social\/\" \/>\n<meta property=\"og:locale\" content=\"fr_FR\" \/>\n<meta property=\"og:type\" content=\"article\" \/>\n<meta property=\"og:title\" content=\"Grand Corps Malade : Le Slam comme Art et Engagement Social\" \/>\n<meta property=\"og:description\" content=\"Au c\u0153ur de ce mouvement se trouve Grand Corps Malade, un po\u00e8te et slameur fran\u00e7ais dont les mots r\u00e9sonnent avec force et sensibilit\u00e9.\" \/>\n<meta property=\"og:url\" content=\"https:\/\/slams.fr\/blog\/a-la-une\/grand-corps-malade-le-slam-comme-art-et-engagement-social\/\" \/>\n<meta property=\"og:site_name\" content=\"slams\" \/>\n<meta property=\"og:image\" content=\"https:\/\/slams.fr\/blog\/wp-content\/uploads\/2025\/02\/stability-grand-corps-malade-le-slam-comme-art-et-engagement-social.png\" \/>\n\t<meta property=\"og:image:width\" content=\"1024\" \/>\n\t<meta property=\"og:image:height\" content=\"576\" \/>\n\t<meta property=\"og:image:type\" content=\"image\/png\" \/>\n<meta name=\"author\" content=\"Rapha\u00ebl D.\" \/>\n<meta name=\"twitter:card\" content=\"summary_large_image\" \/>\n<script type=\"application\/ld+json\" class=\"yoast-schema-graph\">{\"@context\":\"https:\/\/schema.org\",\"@graph\":[{\"@type\":\"NewsArticle\",\"@id\":\"https:\/\/slams.fr\/blog\/a-la-une\/grand-corps-malade-le-slam-comme-art-et-engagement-social\/#article\",\"isPartOf\":{\"@id\":\"https:\/\/slams.fr\/blog\/a-la-une\/grand-corps-malade-le-slam-comme-art-et-engagement-social\/\"},\"author\":{\"name\":\"Rapha\u00ebl D.\",\"@id\":\"https:\/\/slams.fr\/blog\/#\/schema\/person\/3c864cdc320801e3db34b663e7e3f816\"},\"headline\":\"Grand Corps Malade : Le Slam comme Art et Engagement Social\",\"datePublished\":\"2025-02-08T12:03:00+00:00\",\"mainEntityOfPage\":{\"@id\":\"https:\/\/slams.fr\/blog\/a-la-une\/grand-corps-malade-le-slam-comme-art-et-engagement-social\/\"},\"wordCount\":772,\"commentCount\":18,\"publisher\":{\"@id\":\"https:\/\/slams.fr\/blog\/#organization\"},\"image\":{\"@id\":\"https:\/\/slams.fr\/blog\/a-la-une\/grand-corps-malade-le-slam-comme-art-et-engagement-social\/#primaryimage\"},\"thumbnailUrl\":\"https:\/\/slams.fr\/blog\/wp-content\/uploads\/2025\/02\/stability-grand-corps-malade-le-slam-comme-art-et-engagement-social.png\",\"keywords\":[\"\u00c9motion\",\"Engagement\",\"Grand Corps Malade\",\"Handicap\",\"Musicalit\u00e9\",\"Slam\"],\"articleSection\":[\"\u00c0 la une\"],\"inLanguage\":\"fr-FR\",\"potentialAction\":[{\"@type\":\"CommentAction\",\"name\":\"Comment\",\"target\":[\"https:\/\/slams.fr\/blog\/a-la-une\/grand-corps-malade-le-slam-comme-art-et-engagement-social\/#respond\"]}]},{\"@type\":\"WebPage\",\"@id\":\"https:\/\/slams.fr\/blog\/a-la-une\/grand-corps-malade-le-slam-comme-art-et-engagement-social\/\",\"url\":\"https:\/\/slams.fr\/blog\/a-la-une\/grand-corps-malade-le-slam-comme-art-et-engagement-social\/\",\"name\":\"Grand Corps Malade : Le Slam comme Art et Engagement Social\",\"isPartOf\":{\"@id\":\"https:\/\/slams.fr\/blog\/#website\"},\"primaryImageOfPage\":{\"@id\":\"https:\/\/slams.fr\/blog\/a-la-une\/grand-corps-malade-le-slam-comme-art-et-engagement-social\/#primaryimage\"},\"image\":{\"@id\":\"https:\/\/slams.fr\/blog\/a-la-une\/grand-corps-malade-le-slam-comme-art-et-engagement-social\/#primaryimage\"},\"thumbnailUrl\":\"https:\/\/slams.fr\/blog\/wp-content\/uploads\/2025\/02\/stability-grand-corps-malade-le-slam-comme-art-et-engagement-social.png\",\"datePublished\":\"2025-02-08T12:03:00+00:00\",\"description\":\"Au c\u0153ur de ce mouvement se trouve Grand Corps Malade, un po\u00e8te et slameur fran\u00e7ais dont les mots r\u00e9sonnent avec force et sensibilit\u00e9.\",\"inLanguage\":\"fr-FR\",\"potentialAction\":[{\"@type\":\"ReadAction\",\"target\":[\"https:\/\/slams.fr\/blog\/a-la-une\/grand-corps-malade-le-slam-comme-art-et-engagement-social\/\"]}]},{\"@type\":\"ImageObject\",\"inLanguage\":\"fr-FR\",\"@id\":\"https:\/\/slams.fr\/blog\/a-la-une\/grand-corps-malade-le-slam-comme-art-et-engagement-social\/#primaryimage\",\"url\":\"https:\/\/slams.fr\/blog\/wp-content\/uploads\/2025\/02\/stability-grand-corps-malade-le-slam-comme-art-et-engagement-social.png\",\"contentUrl\":\"https:\/\/slams.fr\/blog\/wp-content\/uploads\/2025\/02\/stability-grand-corps-malade-le-slam-comme-art-et-engagement-social.png\",\"width\":1024,\"height\":576},{\"@type\":\"WebSite\",\"@id\":\"https:\/\/slams.fr\/blog\/#website\",\"url\":\"https:\/\/slams.fr\/blog\/\",\"name\":\"slams.fr\",\"description\":\"Slams, l&#039;\u00e9nergie des mots en action\",\"publisher\":{\"@id\":\"https:\/\/slams.fr\/blog\/#organization\"},\"alternateName\":\"Slams, l'\u00e9nergie des mots en action\",\"potentialAction\":[{\"@type\":\"SearchAction\",\"target\":{\"@type\":\"EntryPoint\",\"urlTemplate\":\"https:\/\/slams.fr\/blog\/?s={search_term_string}\"},\"query-input\":{\"@type\":\"PropertyValueSpecification\",\"valueRequired\":true,\"valueName\":\"search_term_string\"}}],\"inLanguage\":\"fr-FR\"},{\"@type\":\"Organization\",\"@id\":\"https:\/\/slams.fr\/blog\/#organization\",\"name\":\"Foretsensations.fr\",\"url\":\"https:\/\/slams.fr\/blog\/\",\"logo\":{\"@type\":\"ImageObject\",\"inLanguage\":\"fr-FR\",\"@id\":\"https:\/\/slams.fr\/blog\/#\/schema\/logo\/image\/\",\"url\":\"https:\/\/slams.fr\/blog\/wp-content\/uploads\/2026\/07\/logo-auto-1.png\",\"contentUrl\":\"https:\/\/slams.fr\/blog\/wp-content\/uploads\/2026\/07\/logo-auto-1.png\",\"width\":1024,\"height\":1024,\"caption\":\"Foretsensations.fr\"},\"image\":{\"@id\":\"https:\/\/slams.fr\/blog\/#\/schema\/logo\/image\/\"}},{\"@type\":\"Person\",\"@id\":\"https:\/\/slams.fr\/blog\/#\/schema\/person\/3c864cdc320801e3db34b663e7e3f816\",\"name\":\"Rapha\u00ebl D.\",\"image\":{\"@type\":\"ImageObject\",\"inLanguage\":\"fr-FR\",\"@id\":\"https:\/\/slams.fr\/blog\/#\/schema\/person\/image\/\",\"url\":\"https:\/\/slams.fr\/blog\/wp-content\/uploads\/2026\/06\/persona_raphael-d-96x96.jpg\",\"contentUrl\":\"https:\/\/slams.fr\/blog\/wp-content\/uploads\/2026\/06\/persona_raphael-d-96x96.jpg\",\"caption\":\"Rapha\u00ebl D.\"},\"description\":\"La culture est mon terrain de jeu depuis une dizaine d'ann\u00e9es : arts visuels, s\u00e9ries, cr\u00e9ation et tout ce qui nourrit l'imaginaire. J'\u00e9cris aussi bien sur l'actualit\u00e9 des \u0153uvres que sur les coulisses de la cr\u00e9ation, avec l'envie de relier l'amateur curieux \u00e0 des univers parfois jug\u00e9s intimidants. J'aime analyser une s\u00e9rie ou une d\u00e9marche artistique sans p\u00e9dantisme, replacer une \u0153uvre dans son contexte et donner des cl\u00e9s de lecture accessibles. Avant de publier, je v\u00e9rifie mes r\u00e9f\u00e9rences, je recoupe les sources et je distingue clairement le fait de mon interpr\u00e9tation subjective. Je crois qu'une critique vaut surtout par les arguments qu'elle expose, pas par la sentence qu'elle rend. Mon angle : transmettre l'envie de d\u00e9couvrir, de regarder autrement et de se forger son propre go\u00fbt. La culture n'appartient pas qu'aux initi\u00e9s, et c'est tout l'enjeu de mon \u00e9criture.\",\"url\":\"https:\/\/slams.fr\/blog\/auteur\/raphael-d\/\",\"jobTitle\":\"R\u00e9dacteur en chef \u00b7 Culture & Cr\u00e9ation\",\"knowsAbout\":[\"Culture\",\"Cr\u00e9ation\"],\"email\":\"raphael.d@a-l-asso-de-l-art.fr\"}]}<\/script>\n<!-- \/ Yoast SEO Premium plugin. -->","yoast_head_json":{"title":"Grand Corps Malade : Le Slam comme Art et Engagement Social","description":"Au c\u0153ur de ce mouvement se trouve Grand Corps Malade, un po\u00e8te et slameur fran\u00e7ais dont les mots r\u00e9sonnent avec force et sensibilit\u00e9.","robots":{"index":"index","follow":"follow","max-snippet":"max-snippet:-1","max-image-preview":"max-image-preview:large","max-video-preview":"max-video-preview:-1"},"canonical":"https:\/\/slams.fr\/blog\/a-la-une\/grand-corps-malade-le-slam-comme-art-et-engagement-social\/","og_locale":"fr_FR","og_type":"article","og_title":"Grand Corps Malade : Le Slam comme Art et Engagement Social","og_description":"Au c\u0153ur de ce mouvement se trouve Grand Corps Malade, un po\u00e8te et slameur fran\u00e7ais dont les mots r\u00e9sonnent avec force et sensibilit\u00e9.","og_url":"https:\/\/slams.fr\/blog\/a-la-une\/grand-corps-malade-le-slam-comme-art-et-engagement-social\/","og_site_name":"slams","og_image":[{"width":1024,"height":576,"url":"https:\/\/slams.fr\/blog\/wp-content\/uploads\/2025\/02\/stability-grand-corps-malade-le-slam-comme-art-et-engagement-social.png","type":"image\/png"}],"author":"Rapha\u00ebl D.","twitter_card":"summary_large_image","schema":{"@context":"https:\/\/schema.org","@graph":[{"@type":"NewsArticle","@id":"https:\/\/slams.fr\/blog\/a-la-une\/grand-corps-malade-le-slam-comme-art-et-engagement-social\/#article","isPartOf":{"@id":"https:\/\/slams.fr\/blog\/a-la-une\/grand-corps-malade-le-slam-comme-art-et-engagement-social\/"},"author":{"name":"Rapha\u00ebl D.","@id":"https:\/\/slams.fr\/blog\/#\/schema\/person\/3c864cdc320801e3db34b663e7e3f816"},"headline":"Grand Corps Malade : Le Slam comme Art et Engagement Social","datePublished":"2025-02-08T12:03:00+00:00","mainEntityOfPage":{"@id":"https:\/\/slams.fr\/blog\/a-la-une\/grand-corps-malade-le-slam-comme-art-et-engagement-social\/"},"wordCount":772,"commentCount":18,"publisher":{"@id":"https:\/\/slams.fr\/blog\/#organization"},"image":{"@id":"https:\/\/slams.fr\/blog\/a-la-une\/grand-corps-malade-le-slam-comme-art-et-engagement-social\/#primaryimage"},"thumbnailUrl":"https:\/\/slams.fr\/blog\/wp-content\/uploads\/2025\/02\/stability-grand-corps-malade-le-slam-comme-art-et-engagement-social.png","keywords":["\u00c9motion","Engagement","Grand Corps Malade","Handicap","Musicalit\u00e9","Slam"],"articleSection":["\u00c0 la une"],"inLanguage":"fr-FR","potentialAction":[{"@type":"CommentAction","name":"Comment","target":["https:\/\/slams.fr\/blog\/a-la-une\/grand-corps-malade-le-slam-comme-art-et-engagement-social\/#respond"]}]},{"@type":"WebPage","@id":"https:\/\/slams.fr\/blog\/a-la-une\/grand-corps-malade-le-slam-comme-art-et-engagement-social\/","url":"https:\/\/slams.fr\/blog\/a-la-une\/grand-corps-malade-le-slam-comme-art-et-engagement-social\/","name":"Grand Corps Malade : Le Slam comme Art et Engagement Social","isPartOf":{"@id":"https:\/\/slams.fr\/blog\/#website"},"primaryImageOfPage":{"@id":"https:\/\/slams.fr\/blog\/a-la-une\/grand-corps-malade-le-slam-comme-art-et-engagement-social\/#primaryimage"},"image":{"@id":"https:\/\/slams.fr\/blog\/a-la-une\/grand-corps-malade-le-slam-comme-art-et-engagement-social\/#primaryimage"},"thumbnailUrl":"https:\/\/slams.fr\/blog\/wp-content\/uploads\/2025\/02\/stability-grand-corps-malade-le-slam-comme-art-et-engagement-social.png","datePublished":"2025-02-08T12:03:00+00:00","description":"Au c\u0153ur de ce mouvement se trouve Grand Corps Malade, un po\u00e8te et slameur fran\u00e7ais dont les mots r\u00e9sonnent avec force et sensibilit\u00e9.","inLanguage":"fr-FR","potentialAction":[{"@type":"ReadAction","target":["https:\/\/slams.fr\/blog\/a-la-une\/grand-corps-malade-le-slam-comme-art-et-engagement-social\/"]}]},{"@type":"ImageObject","inLanguage":"fr-FR","@id":"https:\/\/slams.fr\/blog\/a-la-une\/grand-corps-malade-le-slam-comme-art-et-engagement-social\/#primaryimage","url":"https:\/\/slams.fr\/blog\/wp-content\/uploads\/2025\/02\/stability-grand-corps-malade-le-slam-comme-art-et-engagement-social.png","contentUrl":"https:\/\/slams.fr\/blog\/wp-content\/uploads\/2025\/02\/stability-grand-corps-malade-le-slam-comme-art-et-engagement-social.png","width":1024,"height":576},{"@type":"WebSite","@id":"https:\/\/slams.fr\/blog\/#website","url":"https:\/\/slams.fr\/blog\/","name":"slams.fr","description":"Slams, l&#039;\u00e9nergie des mots en action","publisher":{"@id":"https:\/\/slams.fr\/blog\/#organization"},"alternateName":"Slams, l'\u00e9nergie des mots en action","potentialAction":[{"@type":"SearchAction","target":{"@type":"EntryPoint","urlTemplate":"https:\/\/slams.fr\/blog\/?s={search_term_string}"},"query-input":{"@type":"PropertyValueSpecification","valueRequired":true,"valueName":"search_term_string"}}],"inLanguage":"fr-FR"},{"@type":"Organization","@id":"https:\/\/slams.fr\/blog\/#organization","name":"Foretsensations.fr","url":"https:\/\/slams.fr\/blog\/","logo":{"@type":"ImageObject","inLanguage":"fr-FR","@id":"https:\/\/slams.fr\/blog\/#\/schema\/logo\/image\/","url":"https:\/\/slams.fr\/blog\/wp-content\/uploads\/2026\/07\/logo-auto-1.png","contentUrl":"https:\/\/slams.fr\/blog\/wp-content\/uploads\/2026\/07\/logo-auto-1.png","width":1024,"height":1024,"caption":"Foretsensations.fr"},"image":{"@id":"https:\/\/slams.fr\/blog\/#\/schema\/logo\/image\/"}},{"@type":"Person","@id":"https:\/\/slams.fr\/blog\/#\/schema\/person\/3c864cdc320801e3db34b663e7e3f816","name":"Rapha\u00ebl D.","image":{"@type":"ImageObject","inLanguage":"fr-FR","@id":"https:\/\/slams.fr\/blog\/#\/schema\/person\/image\/","url":"https:\/\/slams.fr\/blog\/wp-content\/uploads\/2026\/06\/persona_raphael-d-96x96.jpg","contentUrl":"https:\/\/slams.fr\/blog\/wp-content\/uploads\/2026\/06\/persona_raphael-d-96x96.jpg","caption":"Rapha\u00ebl D."},"description":"La culture est mon terrain de jeu depuis une dizaine d'ann\u00e9es : arts visuels, s\u00e9ries, cr\u00e9ation et tout ce qui nourrit l'imaginaire. J'\u00e9cris aussi bien sur l'actualit\u00e9 des \u0153uvres que sur les coulisses de la cr\u00e9ation, avec l'envie de relier l'amateur curieux \u00e0 des univers parfois jug\u00e9s intimidants. J'aime analyser une s\u00e9rie ou une d\u00e9marche artistique sans p\u00e9dantisme, replacer une \u0153uvre dans son contexte et donner des cl\u00e9s de lecture accessibles. Avant de publier, je v\u00e9rifie mes r\u00e9f\u00e9rences, je recoupe les sources et je distingue clairement le fait de mon interpr\u00e9tation subjective. Je crois qu'une critique vaut surtout par les arguments qu'elle expose, pas par la sentence qu'elle rend. Mon angle : transmettre l'envie de d\u00e9couvrir, de regarder autrement et de se forger son propre go\u00fbt. La culture n'appartient pas qu'aux initi\u00e9s, et c'est tout l'enjeu de mon \u00e9criture.","url":"https:\/\/slams.fr\/blog\/auteur\/raphael-d\/","jobTitle":"R\u00e9dacteur en chef \u00b7 Culture & Cr\u00e9ation","knowsAbout":["Culture","Cr\u00e9ation"],"email":"raphael.d@a-l-asso-de-l-art.fr"}]}},"_links":{"self":[{"href":"https:\/\/slams.fr\/blog\/wp-json\/wp\/v2\/posts\/7416","targetHints":{"allow":["GET"]}}],"collection":[{"href":"https:\/\/slams.fr\/blog\/wp-json\/wp\/v2\/posts"}],"about":[{"href":"https:\/\/slams.fr\/blog\/wp-json\/wp\/v2\/types\/post"}],"author":[{"embeddable":true,"href":"https:\/\/slams.fr\/blog\/wp-json\/wp\/v2\/users\/34"}],"replies":[{"embeddable":true,"href":"https:\/\/slams.fr\/blog\/wp-json\/wp\/v2\/comments?post=7416"}],"version-history":[{"count":2,"href":"https:\/\/slams.fr\/blog\/wp-json\/wp\/v2\/posts\/7416\/revisions"}],"predecessor-version":[{"id":7444,"href":"https:\/\/slams.fr\/blog\/wp-json\/wp\/v2\/posts\/7416\/revisions\/7444"}],"wp:featuredmedia":[{"embeddable":true,"href":"https:\/\/slams.fr\/blog\/wp-json\/wp\/v2\/media\/7417"}],"wp:attachment":[{"href":"https:\/\/slams.fr\/blog\/wp-json\/wp\/v2\/media?parent=7416"}],"wp:term":[{"taxonomy":"category","embeddable":true,"href":"https:\/\/slams.fr\/blog\/wp-json\/wp\/v2\/categories?post=7416"},{"taxonomy":"post_tag","embeddable":true,"href":"https:\/\/slams.fr\/blog\/wp-json\/wp\/v2\/tags?post=7416"}],"curies":[{"name":"wp","href":"https:\/\/api.w.org\/{rel}","templated":true}]}}