{"id":7420,"date":"2025-02-09T13:03:00","date_gmt":"2025-02-09T12:03:00","guid":{"rendered":"https:\/\/slams.fr\/blog\/?p=7420"},"modified":"2025-02-08T11:39:33","modified_gmt":"2025-02-08T10:39:33","slug":"comprendre-le-slam-une-musique-engagee-et-poetique","status":"publish","type":"post","link":"https:\/\/slams.fr\/blog\/a-la-une\/comprendre-le-slam-une-musique-engagee-et-poetique\/","title":{"rendered":"Comprendre le slam : une musique engag\u00e9e et po\u00e9tique"},"content":{"rendered":"<h2>Introduction au slam<\/h2>\n<p>N\u00e9 dans les ann\u00e9es 1980 aux \u00c9tats-Unis, il trouve ses racines dans la tradition orale et la po\u00e9sie engag\u00e9e. Mais qu&rsquo;est-ce qui rend le slam si unique et pourquoi attire-t-il tant de passion ? Cet article explore les caract\u00e9ristiques essentielles du slam, son impact sur la soci\u00e9t\u00e9 et son \u00e9volution \u00e0 travers le temps.<\/p>\n<h2>D\u00e9finition du slam : une forme d&rsquo;expression artistique<\/h2>\n<p>Le slam se d\u00e9finit comme une performance po\u00e9tique o\u00f9 les artistes, appel\u00e9s slameurs, d\u00e9clament leurs textes devant un public. Contrairement \u00e0 la po\u00e9sie classique, le slam se veut interactif et souvent comp\u00e9titif. Les performances se d\u00e9roulent g\u00e9n\u00e9ralement dans des lieux publics, tels que des caf\u00e9s ou des th\u00e9\u00e2tres, cr\u00e9ant ainsi un espace d&rsquo;\u00e9change culturel.<\/p>\n<p>Les slameurs abordent des th\u00e8mes vari\u00e9s allant de l&rsquo;amour \u00e0 la politique, en passant par des r\u00e9flexions personnelles. <strong>Le slam est avant tout une voix pour ceux qui souvent ne sont pas entendus.<\/strong> Il permet d&rsquo;exprimer des \u00e9motions brutes et des opinions sur des sujets sensibles, ce qui en fait un outil puissant de changement social.<\/p>\n<h2>Les caract\u00e9ristiques du slam : un m\u00e9lange de po\u00e9sie et de performance<\/h2>\n<ul>\n<li><strong>Improvisation :<\/strong> De nombreux slameurs int\u00e8grent des \u00e9l\u00e9ments d&rsquo;improvisation, ce qui rend chaque performance unique.<\/li>\n<li><strong>Rythme et musicalit\u00e9 :<\/strong> Le slam utilise des jeux de mots et des rythmes vari\u00e9s, ce qui le rapproche de la musique.<\/li>\n<li><strong>Engagement social :<\/strong> Les slameurs s&rsquo;expriment souvent sur des th\u00e8mes sociaux, politiques et culturels, incitant \u00e0 la r\u00e9flexion.<\/li>\n<\/ul>\n<p>Ces caract\u00e9ristiques font du slam un art vivant qui \u00e9volue avec son temps. Par ailleurs, les performances de slam sont souvent accompagn\u00e9es de musique, ajoutant une dimension suppl\u00e9mentaire \u00e0 l&rsquo;exp\u00e9rience. <strong>La fusion de la po\u00e9sie et de la musique cr\u00e9e une ambiance captivante.<\/strong><img width=\"1024\" height=\"576\" src=\"https:\/\/slams.fr\/blog\/wp-content\/uploads\/2025\/02\/stability-comprendre-le-slam-une-musique-engagee-et-poetique-1.png\" class=\"aligncenter\" alt=\"Illustration d\u00e9taill\u00e9e sur Comprendre le slam : une musique engag\u00e9e et po\u00e9tique\" title=\"Comprendre le slam : une musique engag\u00e9e et po\u00e9tique\" decoding=\"async\" loading=\"lazy\" \/><\/p>\n<blockquote class=\"wp-embedded-content\" data-secret=\"fWGGQr4Na3\"><p><a href=\"https:\/\/slams.fr\/blog\/a-la-une\/slam-musique-une-forme-dart-qui-resonne-dans-nos-vies\/\">Slam musique : une forme d&rsquo;art qui r\u00e9sonne dans nos vies<\/a><\/p><\/blockquote>\n<p><iframe loading=\"lazy\" class=\"wp-embedded-content\" sandbox=\"allow-scripts\" security=\"restricted\" style=\"position: absolute; visibility: hidden;\" title=\"\u00ab\u00a0Slam musique : une forme d&rsquo;art qui r\u00e9sonne dans nos vies\u00a0\u00bb &#8212; slams\" src=\"https:\/\/slams.fr\/blog\/a-la-une\/slam-musique-une-forme-dart-qui-resonne-dans-nos-vies\/embed\/#?secret=VGr409wPYL#?secret=fWGGQr4Na3\" data-secret=\"fWGGQr4Na3\" width=\"600\" height=\"338\" frameborder=\"0\" marginwidth=\"0\" marginheight=\"0\" scrolling=\"no\"><\/iframe><\/p>\n<h2>Le slam en tant qu&rsquo;outil de changement social<\/h2>\n<p>Le slam a su s&rsquo;imposer comme un v\u00e9ritable mouvement culturel \u00e0 travers le monde. En France, des \u00e9v\u00e9nements comme le <strong>Championnat de France de Slam<\/strong> ont vu le jour, rassemblant des slameurs de divers horizons. Ces comp\u00e9titions permettent \u00e0 de nouveaux talents de se faire conna\u00eetre tout en abordant des probl\u00e9matiques de soci\u00e9t\u00e9.<\/p>\n<p>Par exemple, de nombreux slameurs \u00e9voquent des sujets tels que le racisme, la pauvret\u00e9 ou encore la lutte pour les droits des femmes. Leurs mots r\u00e9sonnent comme un appel \u00e0 l&rsquo;action, incitant les auditeurs \u00e0 r\u00e9fl\u00e9chir et \u00e0 agir. <strong>Le slam devient ainsi un vecteur de messages puissants et percutants.<\/strong><\/p>\n<table>\n<tr>\n<th>\u00c9v\u00e9nements<\/th>\n<th>Ann\u00e9e de cr\u00e9ation<\/th>\n<th>Lieu<\/th>\n<\/tr>\n<tr>\n<td>Championnat de France de Slam<\/td>\n<td>2003<\/td>\n<td>France<\/td>\n<\/tr>\n<tr>\n<td>Slam de la R\u00e9union<\/td>\n<td>2015<\/td>\n<td>La R\u00e9union<\/td>\n<\/tr>\n<tr>\n<td>Slam Festival<\/td>\n<td>2010<\/td>\n<td>Montr\u00e9al<\/td>\n<\/tr>\n<\/table>\n<p>https:\/\/youtu.be\/xKkpvw9i0iw<\/p>\n<h2>\u00c9volution du slam : d&rsquo;hier \u00e0 aujourd&rsquo;hui<\/h2>\n<p>Depuis ses d\u00e9buts, le slam a \u00e9volu\u00e9 en int\u00e9grant de nouvelles influences et en touchant un public de plus en plus large. Avec l&rsquo;av\u00e8nement des r\u00e9seaux sociaux, de nombreux slameurs partagent d\u00e9sormais leurs performances en ligne, atteignant ainsi des audiences mondiales. Les plateformes comme YouTube ou Instagram jouent un r\u00f4le crucial dans la diffusion de cette forme d&rsquo;art.<\/p>\n<p>De plus, le slam s&rsquo;est diversifi\u00e9 avec l&rsquo;apparition de sous-genres. Certains slameurs allient leur art \u00e0 des genres musicaux comme le hip-hop, le jazz ou m\u00eame le rock, cr\u00e9ant des performances encore plus dynamiques. <strong>Cette \u00e9volution montre que le slam est un art en constante transformation.<\/strong><\/p>\n<h3>FAQ :<\/h3>\n<blockquote>\n<ul>\n<li><strong>Qu&rsquo;est-ce que le slam ?<\/strong>Le slam est une forme de po\u00e9sie performative, souvent pr\u00e9sent\u00e9e dans des comp\u00e9titions.<\/li>\n<li><strong>Quels th\u00e8mes sont abord\u00e9s dans le slam ?<\/strong>Les slameurs abordent des th\u00e8mes vari\u00e9s tels que l&rsquo;amour, la soci\u00e9t\u00e9 et la politique.<\/li>\n<li><strong>Comment le slam se distingue-t-il des autres formes de po\u00e9sie ?<\/strong>Le slam se caract\u00e9rise par son c\u00f4t\u00e9 interactif et comp\u00e9titif, ainsi que par son rythme musical.<\/li>\n<li><strong>O\u00f9 peut-on d\u00e9couvrir des performances de slam ?<\/strong>Les performances de slam se d\u00e9roulent souvent dans des caf\u00e9s, des th\u00e9\u00e2tres ou lors d&rsquo;\u00e9v\u00e9nements sp\u00e9cialis\u00e9s.<\/li>\n<\/ul>\n<\/blockquote>\n","protected":false},"excerpt":{"rendered":"","protected":false},"author":34,"featured_media":7421,"comment_status":"open","ping_status":"open","sticky":false,"template":"","format":"standard","meta":{"_acf_changed":false,"manual_indexmenow":false,"indexmenow_id_project":0,"footnotes":""},"categories":[1],"tags":[4576,4560,4577,4537,4534,4526],"class_list":["post-7420","post","type-post","status-publish","format-standard","has-post-thumbnail","hentry","category-a-la-une","tag-changement-social","tag-engagement","tag-improvisation","tag-performance","tag-poesie","tag-slam","generate-columns","tablet-grid-50","mobile-grid-100","grid-parent","grid-25"],"acf":[],"yoast_head":"<!-- This site is optimized with the Yoast SEO Premium plugin v21.3 (Yoast SEO v26.5) - https:\/\/yoast.com\/wordpress\/plugins\/seo\/ -->\n<title>Comprendre le slam : une musique engag\u00e9e et po\u00e9tique<\/title>\n<meta name=\"description\" content=\"N\u00e9 dans les ann\u00e9es 1980 aux \u00c9tats-Unis, il trouve ses racines dans la tradition orale et la po\u00e9sie engag\u00e9e.\" \/>\n<meta name=\"robots\" content=\"index, follow, max-snippet:-1, max-image-preview:large, max-video-preview:-1\" \/>\n<link rel=\"canonical\" href=\"https:\/\/slams.fr\/blog\/a-la-une\/comprendre-le-slam-une-musique-engagee-et-poetique\/\" \/>\n<meta property=\"og:locale\" content=\"fr_FR\" \/>\n<meta property=\"og:type\" content=\"article\" \/>\n<meta property=\"og:title\" content=\"Comprendre le slam : une musique engag\u00e9e et po\u00e9tique\" \/>\n<meta property=\"og:description\" content=\"N\u00e9 dans les ann\u00e9es 1980 aux \u00c9tats-Unis, il trouve ses racines dans la tradition orale et la po\u00e9sie engag\u00e9e.\" \/>\n<meta property=\"og:url\" content=\"https:\/\/slams.fr\/blog\/a-la-une\/comprendre-le-slam-une-musique-engagee-et-poetique\/\" \/>\n<meta property=\"og:site_name\" content=\"slams\" \/>\n<meta property=\"og:image\" content=\"https:\/\/slams.fr\/blog\/wp-content\/uploads\/2025\/02\/stability-comprendre-le-slam-une-musique-engagee-et-poetique.png\" \/>\n\t<meta property=\"og:image:width\" content=\"1024\" \/>\n\t<meta property=\"og:image:height\" content=\"576\" \/>\n\t<meta property=\"og:image:type\" content=\"image\/png\" \/>\n<meta name=\"author\" content=\"Rapha\u00ebl D.\" \/>\n<meta name=\"twitter:card\" content=\"summary_large_image\" \/>\n<script type=\"application\/ld+json\" class=\"yoast-schema-graph\">{\"@context\":\"https:\/\/schema.org\",\"@graph\":[{\"@type\":\"NewsArticle\",\"@id\":\"https:\/\/slams.fr\/blog\/a-la-une\/comprendre-le-slam-une-musique-engagee-et-poetique\/#article\",\"isPartOf\":{\"@id\":\"https:\/\/slams.fr\/blog\/a-la-une\/comprendre-le-slam-une-musique-engagee-et-poetique\/\"},\"author\":{\"name\":\"Rapha\u00ebl D.\",\"@id\":\"https:\/\/slams.fr\/blog\/#\/schema\/person\/3c864cdc320801e3db34b663e7e3f816\"},\"headline\":\"Comprendre le slam : une musique engag\u00e9e et po\u00e9tique\",\"datePublished\":\"2025-02-09T12:03:00+00:00\",\"mainEntityOfPage\":{\"@id\":\"https:\/\/slams.fr\/blog\/a-la-une\/comprendre-le-slam-une-musique-engagee-et-poetique\/\"},\"wordCount\":715,\"commentCount\":22,\"publisher\":{\"@id\":\"https:\/\/slams.fr\/blog\/#organization\"},\"image\":{\"@id\":\"https:\/\/slams.fr\/blog\/a-la-une\/comprendre-le-slam-une-musique-engagee-et-poetique\/#primaryimage\"},\"thumbnailUrl\":\"https:\/\/slams.fr\/blog\/wp-content\/uploads\/2025\/02\/stability-comprendre-le-slam-une-musique-engagee-et-poetique.png\",\"keywords\":[\"Changement social\",\"Engagement\",\"Improvisation\",\"Performance\",\"Po\u00e9sie\",\"Slam\"],\"articleSection\":[\"\u00c0 la une\"],\"inLanguage\":\"fr-FR\",\"potentialAction\":[{\"@type\":\"CommentAction\",\"name\":\"Comment\",\"target\":[\"https:\/\/slams.fr\/blog\/a-la-une\/comprendre-le-slam-une-musique-engagee-et-poetique\/#respond\"]}]},{\"@type\":\"WebPage\",\"@id\":\"https:\/\/slams.fr\/blog\/a-la-une\/comprendre-le-slam-une-musique-engagee-et-poetique\/\",\"url\":\"https:\/\/slams.fr\/blog\/a-la-une\/comprendre-le-slam-une-musique-engagee-et-poetique\/\",\"name\":\"Comprendre le slam : une musique engag\u00e9e et po\u00e9tique\",\"isPartOf\":{\"@id\":\"https:\/\/slams.fr\/blog\/#website\"},\"primaryImageOfPage\":{\"@id\":\"https:\/\/slams.fr\/blog\/a-la-une\/comprendre-le-slam-une-musique-engagee-et-poetique\/#primaryimage\"},\"image\":{\"@id\":\"https:\/\/slams.fr\/blog\/a-la-une\/comprendre-le-slam-une-musique-engagee-et-poetique\/#primaryimage\"},\"thumbnailUrl\":\"https:\/\/slams.fr\/blog\/wp-content\/uploads\/2025\/02\/stability-comprendre-le-slam-une-musique-engagee-et-poetique.png\",\"datePublished\":\"2025-02-09T12:03:00+00:00\",\"description\":\"N\u00e9 dans les ann\u00e9es 1980 aux \u00c9tats-Unis, il trouve ses racines dans la tradition orale et la po\u00e9sie engag\u00e9e.\",\"inLanguage\":\"fr-FR\",\"potentialAction\":[{\"@type\":\"ReadAction\",\"target\":[\"https:\/\/slams.fr\/blog\/a-la-une\/comprendre-le-slam-une-musique-engagee-et-poetique\/\"]}]},{\"@type\":\"ImageObject\",\"inLanguage\":\"fr-FR\",\"@id\":\"https:\/\/slams.fr\/blog\/a-la-une\/comprendre-le-slam-une-musique-engagee-et-poetique\/#primaryimage\",\"url\":\"https:\/\/slams.fr\/blog\/wp-content\/uploads\/2025\/02\/stability-comprendre-le-slam-une-musique-engagee-et-poetique.png\",\"contentUrl\":\"https:\/\/slams.fr\/blog\/wp-content\/uploads\/2025\/02\/stability-comprendre-le-slam-une-musique-engagee-et-poetique.png\",\"width\":1024,\"height\":576},{\"@type\":\"WebSite\",\"@id\":\"https:\/\/slams.fr\/blog\/#website\",\"url\":\"https:\/\/slams.fr\/blog\/\",\"name\":\"slams.fr\",\"description\":\"Slams, l&#039;\u00e9nergie des mots en action\",\"publisher\":{\"@id\":\"https:\/\/slams.fr\/blog\/#organization\"},\"alternateName\":\"Slams, l'\u00e9nergie des mots en action\",\"potentialAction\":[{\"@type\":\"SearchAction\",\"target\":{\"@type\":\"EntryPoint\",\"urlTemplate\":\"https:\/\/slams.fr\/blog\/?s={search_term_string}\"},\"query-input\":{\"@type\":\"PropertyValueSpecification\",\"valueRequired\":true,\"valueName\":\"search_term_string\"}}],\"inLanguage\":\"fr-FR\"},{\"@type\":\"Organization\",\"@id\":\"https:\/\/slams.fr\/blog\/#organization\",\"name\":\"Foretsensations.fr\",\"url\":\"https:\/\/slams.fr\/blog\/\",\"logo\":{\"@type\":\"ImageObject\",\"inLanguage\":\"fr-FR\",\"@id\":\"https:\/\/slams.fr\/blog\/#\/schema\/logo\/image\/\",\"url\":\"https:\/\/slams.fr\/blog\/wp-content\/uploads\/2026\/07\/logo-auto-1.png\",\"contentUrl\":\"https:\/\/slams.fr\/blog\/wp-content\/uploads\/2026\/07\/logo-auto-1.png\",\"width\":1024,\"height\":1024,\"caption\":\"Foretsensations.fr\"},\"image\":{\"@id\":\"https:\/\/slams.fr\/blog\/#\/schema\/logo\/image\/\"}},{\"@type\":\"Person\",\"@id\":\"https:\/\/slams.fr\/blog\/#\/schema\/person\/3c864cdc320801e3db34b663e7e3f816\",\"name\":\"Rapha\u00ebl D.\",\"image\":{\"@type\":\"ImageObject\",\"inLanguage\":\"fr-FR\",\"@id\":\"https:\/\/slams.fr\/blog\/#\/schema\/person\/image\/\",\"url\":\"https:\/\/slams.fr\/blog\/wp-content\/uploads\/2026\/06\/persona_raphael-d-96x96.jpg\",\"contentUrl\":\"https:\/\/slams.fr\/blog\/wp-content\/uploads\/2026\/06\/persona_raphael-d-96x96.jpg\",\"caption\":\"Rapha\u00ebl D.\"},\"description\":\"La culture est mon terrain de jeu depuis une dizaine d'ann\u00e9es : arts visuels, s\u00e9ries, cr\u00e9ation et tout ce qui nourrit l'imaginaire. J'\u00e9cris aussi bien sur l'actualit\u00e9 des \u0153uvres que sur les coulisses de la cr\u00e9ation, avec l'envie de relier l'amateur curieux \u00e0 des univers parfois jug\u00e9s intimidants. J'aime analyser une s\u00e9rie ou une d\u00e9marche artistique sans p\u00e9dantisme, replacer une \u0153uvre dans son contexte et donner des cl\u00e9s de lecture accessibles. Avant de publier, je v\u00e9rifie mes r\u00e9f\u00e9rences, je recoupe les sources et je distingue clairement le fait de mon interpr\u00e9tation subjective. Je crois qu'une critique vaut surtout par les arguments qu'elle expose, pas par la sentence qu'elle rend. Mon angle : transmettre l'envie de d\u00e9couvrir, de regarder autrement et de se forger son propre go\u00fbt. La culture n'appartient pas qu'aux initi\u00e9s, et c'est tout l'enjeu de mon \u00e9criture.\",\"url\":\"https:\/\/slams.fr\/blog\/auteur\/raphael-d\/\",\"jobTitle\":\"R\u00e9dacteur en chef \u00b7 Culture & Cr\u00e9ation\",\"knowsAbout\":[\"Culture\",\"Cr\u00e9ation\"],\"email\":\"raphael.d@a-l-asso-de-l-art.fr\"}]}<\/script>\n<!-- \/ Yoast SEO Premium plugin. -->","yoast_head_json":{"title":"Comprendre le slam : une musique engag\u00e9e et po\u00e9tique","description":"N\u00e9 dans les ann\u00e9es 1980 aux \u00c9tats-Unis, il trouve ses racines dans la tradition orale et la po\u00e9sie engag\u00e9e.","robots":{"index":"index","follow":"follow","max-snippet":"max-snippet:-1","max-image-preview":"max-image-preview:large","max-video-preview":"max-video-preview:-1"},"canonical":"https:\/\/slams.fr\/blog\/a-la-une\/comprendre-le-slam-une-musique-engagee-et-poetique\/","og_locale":"fr_FR","og_type":"article","og_title":"Comprendre le slam : une musique engag\u00e9e et po\u00e9tique","og_description":"N\u00e9 dans les ann\u00e9es 1980 aux \u00c9tats-Unis, il trouve ses racines dans la tradition orale et la po\u00e9sie engag\u00e9e.","og_url":"https:\/\/slams.fr\/blog\/a-la-une\/comprendre-le-slam-une-musique-engagee-et-poetique\/","og_site_name":"slams","og_image":[{"width":1024,"height":576,"url":"https:\/\/slams.fr\/blog\/wp-content\/uploads\/2025\/02\/stability-comprendre-le-slam-une-musique-engagee-et-poetique.png","type":"image\/png"}],"author":"Rapha\u00ebl D.","twitter_card":"summary_large_image","schema":{"@context":"https:\/\/schema.org","@graph":[{"@type":"NewsArticle","@id":"https:\/\/slams.fr\/blog\/a-la-une\/comprendre-le-slam-une-musique-engagee-et-poetique\/#article","isPartOf":{"@id":"https:\/\/slams.fr\/blog\/a-la-une\/comprendre-le-slam-une-musique-engagee-et-poetique\/"},"author":{"name":"Rapha\u00ebl D.","@id":"https:\/\/slams.fr\/blog\/#\/schema\/person\/3c864cdc320801e3db34b663e7e3f816"},"headline":"Comprendre le slam : une musique engag\u00e9e et po\u00e9tique","datePublished":"2025-02-09T12:03:00+00:00","mainEntityOfPage":{"@id":"https:\/\/slams.fr\/blog\/a-la-une\/comprendre-le-slam-une-musique-engagee-et-poetique\/"},"wordCount":715,"commentCount":22,"publisher":{"@id":"https:\/\/slams.fr\/blog\/#organization"},"image":{"@id":"https:\/\/slams.fr\/blog\/a-la-une\/comprendre-le-slam-une-musique-engagee-et-poetique\/#primaryimage"},"thumbnailUrl":"https:\/\/slams.fr\/blog\/wp-content\/uploads\/2025\/02\/stability-comprendre-le-slam-une-musique-engagee-et-poetique.png","keywords":["Changement social","Engagement","Improvisation","Performance","Po\u00e9sie","Slam"],"articleSection":["\u00c0 la une"],"inLanguage":"fr-FR","potentialAction":[{"@type":"CommentAction","name":"Comment","target":["https:\/\/slams.fr\/blog\/a-la-une\/comprendre-le-slam-une-musique-engagee-et-poetique\/#respond"]}]},{"@type":"WebPage","@id":"https:\/\/slams.fr\/blog\/a-la-une\/comprendre-le-slam-une-musique-engagee-et-poetique\/","url":"https:\/\/slams.fr\/blog\/a-la-une\/comprendre-le-slam-une-musique-engagee-et-poetique\/","name":"Comprendre le slam : une musique engag\u00e9e et po\u00e9tique","isPartOf":{"@id":"https:\/\/slams.fr\/blog\/#website"},"primaryImageOfPage":{"@id":"https:\/\/slams.fr\/blog\/a-la-une\/comprendre-le-slam-une-musique-engagee-et-poetique\/#primaryimage"},"image":{"@id":"https:\/\/slams.fr\/blog\/a-la-une\/comprendre-le-slam-une-musique-engagee-et-poetique\/#primaryimage"},"thumbnailUrl":"https:\/\/slams.fr\/blog\/wp-content\/uploads\/2025\/02\/stability-comprendre-le-slam-une-musique-engagee-et-poetique.png","datePublished":"2025-02-09T12:03:00+00:00","description":"N\u00e9 dans les ann\u00e9es 1980 aux \u00c9tats-Unis, il trouve ses racines dans la tradition orale et la po\u00e9sie engag\u00e9e.","inLanguage":"fr-FR","potentialAction":[{"@type":"ReadAction","target":["https:\/\/slams.fr\/blog\/a-la-une\/comprendre-le-slam-une-musique-engagee-et-poetique\/"]}]},{"@type":"ImageObject","inLanguage":"fr-FR","@id":"https:\/\/slams.fr\/blog\/a-la-une\/comprendre-le-slam-une-musique-engagee-et-poetique\/#primaryimage","url":"https:\/\/slams.fr\/blog\/wp-content\/uploads\/2025\/02\/stability-comprendre-le-slam-une-musique-engagee-et-poetique.png","contentUrl":"https:\/\/slams.fr\/blog\/wp-content\/uploads\/2025\/02\/stability-comprendre-le-slam-une-musique-engagee-et-poetique.png","width":1024,"height":576},{"@type":"WebSite","@id":"https:\/\/slams.fr\/blog\/#website","url":"https:\/\/slams.fr\/blog\/","name":"slams.fr","description":"Slams, l&#039;\u00e9nergie des mots en action","publisher":{"@id":"https:\/\/slams.fr\/blog\/#organization"},"alternateName":"Slams, l'\u00e9nergie des mots en action","potentialAction":[{"@type":"SearchAction","target":{"@type":"EntryPoint","urlTemplate":"https:\/\/slams.fr\/blog\/?s={search_term_string}"},"query-input":{"@type":"PropertyValueSpecification","valueRequired":true,"valueName":"search_term_string"}}],"inLanguage":"fr-FR"},{"@type":"Organization","@id":"https:\/\/slams.fr\/blog\/#organization","name":"Foretsensations.fr","url":"https:\/\/slams.fr\/blog\/","logo":{"@type":"ImageObject","inLanguage":"fr-FR","@id":"https:\/\/slams.fr\/blog\/#\/schema\/logo\/image\/","url":"https:\/\/slams.fr\/blog\/wp-content\/uploads\/2026\/07\/logo-auto-1.png","contentUrl":"https:\/\/slams.fr\/blog\/wp-content\/uploads\/2026\/07\/logo-auto-1.png","width":1024,"height":1024,"caption":"Foretsensations.fr"},"image":{"@id":"https:\/\/slams.fr\/blog\/#\/schema\/logo\/image\/"}},{"@type":"Person","@id":"https:\/\/slams.fr\/blog\/#\/schema\/person\/3c864cdc320801e3db34b663e7e3f816","name":"Rapha\u00ebl D.","image":{"@type":"ImageObject","inLanguage":"fr-FR","@id":"https:\/\/slams.fr\/blog\/#\/schema\/person\/image\/","url":"https:\/\/slams.fr\/blog\/wp-content\/uploads\/2026\/06\/persona_raphael-d-96x96.jpg","contentUrl":"https:\/\/slams.fr\/blog\/wp-content\/uploads\/2026\/06\/persona_raphael-d-96x96.jpg","caption":"Rapha\u00ebl D."},"description":"La culture est mon terrain de jeu depuis une dizaine d'ann\u00e9es : arts visuels, s\u00e9ries, cr\u00e9ation et tout ce qui nourrit l'imaginaire. J'\u00e9cris aussi bien sur l'actualit\u00e9 des \u0153uvres que sur les coulisses de la cr\u00e9ation, avec l'envie de relier l'amateur curieux \u00e0 des univers parfois jug\u00e9s intimidants. J'aime analyser une s\u00e9rie ou une d\u00e9marche artistique sans p\u00e9dantisme, replacer une \u0153uvre dans son contexte et donner des cl\u00e9s de lecture accessibles. Avant de publier, je v\u00e9rifie mes r\u00e9f\u00e9rences, je recoupe les sources et je distingue clairement le fait de mon interpr\u00e9tation subjective. Je crois qu'une critique vaut surtout par les arguments qu'elle expose, pas par la sentence qu'elle rend. Mon angle : transmettre l'envie de d\u00e9couvrir, de regarder autrement et de se forger son propre go\u00fbt. La culture n'appartient pas qu'aux initi\u00e9s, et c'est tout l'enjeu de mon \u00e9criture.","url":"https:\/\/slams.fr\/blog\/auteur\/raphael-d\/","jobTitle":"R\u00e9dacteur en chef \u00b7 Culture & Cr\u00e9ation","knowsAbout":["Culture","Cr\u00e9ation"],"email":"raphael.d@a-l-asso-de-l-art.fr"}]}},"_links":{"self":[{"href":"https:\/\/slams.fr\/blog\/wp-json\/wp\/v2\/posts\/7420","targetHints":{"allow":["GET"]}}],"collection":[{"href":"https:\/\/slams.fr\/blog\/wp-json\/wp\/v2\/posts"}],"about":[{"href":"https:\/\/slams.fr\/blog\/wp-json\/wp\/v2\/types\/post"}],"author":[{"embeddable":true,"href":"https:\/\/slams.fr\/blog\/wp-json\/wp\/v2\/users\/34"}],"replies":[{"embeddable":true,"href":"https:\/\/slams.fr\/blog\/wp-json\/wp\/v2\/comments?post=7420"}],"version-history":[{"count":2,"href":"https:\/\/slams.fr\/blog\/wp-json\/wp\/v2\/posts\/7420\/revisions"}],"predecessor-version":[{"id":7454,"href":"https:\/\/slams.fr\/blog\/wp-json\/wp\/v2\/posts\/7420\/revisions\/7454"}],"wp:featuredmedia":[{"embeddable":true,"href":"https:\/\/slams.fr\/blog\/wp-json\/wp\/v2\/media\/7421"}],"wp:attachment":[{"href":"https:\/\/slams.fr\/blog\/wp-json\/wp\/v2\/media?parent=7420"}],"wp:term":[{"taxonomy":"category","embeddable":true,"href":"https:\/\/slams.fr\/blog\/wp-json\/wp\/v2\/categories?post=7420"},{"taxonomy":"post_tag","embeddable":true,"href":"https:\/\/slams.fr\/blog\/wp-json\/wp\/v2\/tags?post=7420"}],"curies":[{"name":"wp","href":"https:\/\/api.w.org\/{rel}","templated":true}]}}