{"id":7424,"date":"2025-02-08T14:03:00","date_gmt":"2025-02-08T13:03:00","guid":{"rendered":"https:\/\/slams.fr\/blog\/?p=7424"},"modified":"2025-02-08T11:40:16","modified_gmt":"2025-02-08T10:40:16","slug":"le-slam-musical-en-2018-evolution-et-impact-sur-la-scene-artistique","status":"publish","type":"post","link":"https:\/\/slams.fr\/blog\/a-la-une\/le-slam-musical-en-2018-evolution-et-impact-sur-la-scene-artistique\/","title":{"rendered":"Le slam musical en 2018 : \u00c9volution et impact sur la sc\u00e8ne artistique"},"content":{"rendered":"<h2>Introduction : Le slam, un art en pleine \u00e9volution<\/h2>\n<p>De nombreux artistes ont \u00e9merg\u00e9, apportant des styles vari\u00e9s et des messages puissants. Comment cet art, n\u00e9 dans les rues, a-t-il \u00e9volu\u00e9 pour toucher un public de plus en plus large ?<\/p>\n<p><iframe loading=\"lazy\" title=\"Webinaire \u00ab Les 12 \u00e9tapes du passeur de po\u00e8mes \u00bb - Concours Slam ta motivation\" width=\"1200\" height=\"675\" src=\"https:\/\/www.youtube.com\/embed\/TlSrz0lk-kk?feature=oembed\" frameborder=\"0\" allow=\"accelerometer; autoplay; clipboard-write; encrypted-media; gyroscope; picture-in-picture; web-share\" referrerpolicy=\"strict-origin-when-cross-origin\" allowfullscreen><\/iframe><\/p>\n<h2>Une d\u00e9finition enrichie du slam<\/h2>\n<p>Le slam est une forme de po\u00e9sie orale qui se caract\u00e9rise par sa mise en sc\u00e8ne et son interaction avec le public. Ce genre artistique permet aux po\u00e8tes de partager leurs \u00e9motions, leurs luttes et leurs espoirs \u00e0 travers des performances captivantes. En 2018, des \u00e9v\u00e9nements comme des comp\u00e9titions de slam ont pris de l&rsquo;ampleur, attirant des artistes de divers horizons.<\/p>\n<p>Ce ph\u00e9nom\u00e8ne d\u00e9passe les simples performances artistiques. Il incarne aussi un moyen d&rsquo;expression pour des voix souvent marginalis\u00e9es. Les th\u00e8mes abord\u00e9s vont de la lutte sociale \u00e0 l&rsquo;amour, en passant par les injustices. Cette diversit\u00e9 th\u00e9matique en fait un art vivant et pertinent.<img width=\"1024\" height=\"576\" src=\"https:\/\/slams.fr\/blog\/wp-content\/uploads\/2025\/02\/stability-le-slam-musical-en-2018-evolution-et-impact-sur-la-scene-artistique-1.png\" class=\"aligncenter\" alt=\"Illustration d\u00e9taill\u00e9e sur Le slam musical en 2018 : \u00c9volution et impact sur la sc\u00e8ne artistique\" title=\"Le slam musical en 2018 : \u00c9volution et impact sur la sc\u00e8ne artistique\" decoding=\"async\" loading=\"lazy\" \/><\/p>\n<h2>Les tendances marquantes du slam en 2018<\/h2>\n<p>En 2018, le slam a connu plusieurs tendances notables qui ont fa\u00e7onn\u00e9 son \u00e9volution :<\/p>\n<blockquote class=\"wp-embedded-content\" data-secret=\"TEGX5s2dId\"><p><a href=\"https:\/\/slams.fr\/blog\/a-la-une\/slam-musique-une-forme-dart-qui-resonne-dans-nos-vies\/\">Slam musique : une forme d&rsquo;art qui r\u00e9sonne dans nos vies<\/a><\/p><\/blockquote>\n<p><iframe loading=\"lazy\" class=\"wp-embedded-content\" sandbox=\"allow-scripts\" security=\"restricted\" style=\"position: absolute; visibility: hidden;\" title=\"\u00ab\u00a0Slam musique : une forme d&rsquo;art qui r\u00e9sonne dans nos vies\u00a0\u00bb &#8212; slams\" src=\"https:\/\/slams.fr\/blog\/a-la-une\/slam-musique-une-forme-dart-qui-resonne-dans-nos-vies\/embed\/#?secret=pFXcwLsDmG#?secret=TEGX5s2dId\" data-secret=\"TEGX5s2dId\" width=\"600\" height=\"338\" frameborder=\"0\" marginwidth=\"0\" marginheight=\"0\" scrolling=\"no\"><\/iframe><\/p>\n<ul>\n<li><strong>Fusion des genres :<\/strong> De nombreux slameurs ont commenc\u00e9 \u00e0 int\u00e9grer des \u00e9l\u00e9ments de musique urbaine, de jazz ou m\u00eame de rock, rendant leurs performances plus dynamiques.<\/li>\n<li><strong>Utilisation des r\u00e9seaux sociaux :<\/strong> Les artistes ont largement utilis\u00e9 des plateformes comme Instagram et YouTube pour partager leurs cr\u00e9ations, touchant ainsi un public international.<\/li>\n<li><strong>Engagement politique :<\/strong> Plusieurs slameurs ont utilis\u00e9 leur art pour exprimer des opinions politiques fortes, abordant des sujets comme l&rsquo;immigration et la lutte contre les in\u00e9galit\u00e9s.<\/li>\n<\/ul>\n<h2>Impact et cons\u00e9quence sur la culture musicale<\/h2>\n<p>Le slam a profond\u00e9ment influenc\u00e9 la culture musicale en 2018. Sa popularit\u00e9 croissante a permis \u00e0 de nombreux artistes de se faire conna\u00eetre et a ouvert la voie \u00e0 des collaborations inattendues. Des festivals de musique ont commenc\u00e9 \u00e0 inclure des comp\u00e9titions de slam, attirant ainsi des foules toujours plus nombreuses.<\/p>\n<p>Cette visibilit\u00e9 accrue a \u00e9galement permis de red\u00e9finir la po\u00e9sie contemporaine. Le slam a d\u00e9montr\u00e9 que la po\u00e9sie pouvait \u00eatre accessible et engageante, rompant avec l&rsquo;image traditionnelle souvent per\u00e7ue comme \u00e9litiste. Des \u00e9coles et des universit\u00e9s ont m\u00eame int\u00e9gr\u00e9 des ateliers de slam dans leurs programmes, offrant aux jeunes un moyen d&rsquo;exprimer leur cr\u00e9ativit\u00e9.<\/p>\n<h2>Tableau r\u00e9capitulatif des artistes marquants de 2018<\/h2>\n<table>\n<tr>\n<th>Artiste<\/th>\n<th>Album\/Performance<\/th>\n<th>Sujet abord\u00e9<\/th>\n<\/tr>\n<tr>\n<td>Grand Corps Malade<\/td>\n<td>\u00ab Plan B \u00bb<\/td>\n<td>R\u00e9silience et espoir<\/td>\n<\/tr>\n<tr>\n<td>Souleymane Diamanka<\/td>\n<td>\u00ab Le bruit de l\u2019ombre \u00bb<\/td>\n<td>Identit\u00e9 et culture<\/td>\n<\/tr>\n<tr>\n<td>John G<\/td>\n<td>\u00ab Les mots pour le dire \u00bb<\/td>\n<td>Amour et relations<\/td>\n<\/tr>\n<\/table>\n<h2>FAQ :<\/h2>\n<blockquote>\n<ul>\n<li><strong>Quelle est l&rsquo;origine du slam ?<\/strong>Le slam trouve ses racines dans les caf\u00e9s-th\u00e9\u00e2tres am\u00e9ricains des ann\u00e9es 1980, avant de se r\u00e9pandre \u00e0 l&rsquo;\u00e9chelle mondiale.<\/li>\n<li><strong>Comment participer \u00e0 un slam ?<\/strong>Pour participer, il suffit de s&rsquo;inscrire \u00e0 un \u00e9v\u00e9nement de slam local et de pr\u00e9parer un texte original \u00e0 pr\u00e9senter.<\/li>\n<li><strong>Le slam est-il uniquement vocal ?<\/strong>Bien que le slam soit principalement une performance vocale, certains artistes int\u00e8grent des \u00e9l\u00e9ments visuels et musicaux.<\/li>\n<li><strong>Quels sont les plus grands festivals de slam ?<\/strong>Des \u00e9v\u00e9nements comme le \u00ab Grand Slam de Paris \u00bb et le \u00ab Festival de Slam de la Rochelle \u00bb attirent des talents du monde entier.<\/li>\n<\/ul>\n<\/blockquote>\n<h2>Conclusion : Un avenir prometteur pour le slam<\/h2>\n<p>Le slam a su s&rsquo;imposer en 2018, tant par sa diversit\u00e9 que par son engagement. Cet art continue de cro\u00eetre, attirant de nouveaux artistes et un public toujours plus large. Avec sa capacit\u00e9 \u00e0 aborder des th\u00e8mes vari\u00e9s et \u00e0 toucher des \u00e9motions profondes, le slam semble pr\u00eat \u00e0 jouer un r\u00f4le central dans la culture musicale des ann\u00e9es \u00e0 venir.<\/p>\n","protected":false},"excerpt":{"rendered":"","protected":false},"author":34,"featured_media":7425,"comment_status":"open","ping_status":"open","sticky":false,"template":"","format":"standard","meta":{"_acf_changed":false,"manual_indexmenow":false,"indexmenow_id_project":0,"footnotes":""},"categories":[1],"tags":[4536,4221,4560,2204,4534,4526],"class_list":["post-7424","post","type-post","status-publish","format-standard","has-post-thumbnail","hentry","category-a-la-une","tag-art","tag-culture","tag-engagement","tag-musique","tag-poesie","tag-slam","generate-columns","tablet-grid-50","mobile-grid-100","grid-parent","grid-25"],"acf":[],"yoast_head":"<!-- This site is optimized with the Yoast SEO Premium plugin v21.3 (Yoast SEO v26.5) - https:\/\/yoast.com\/wordpress\/plugins\/seo\/ -->\n<title>Le slam musical en 2018 : \u00e9volution et impact<\/title>\n<meta name=\"description\" content=\"De nombreux artistes ont \u00e9merg\u00e9, apportant des styles vari\u00e9s et des messages puissants.\" \/>\n<meta name=\"robots\" content=\"index, follow, max-snippet:-1, max-image-preview:large, max-video-preview:-1\" \/>\n<link rel=\"canonical\" href=\"https:\/\/slams.fr\/blog\/a-la-une\/le-slam-musical-en-2018-evolution-et-impact-sur-la-scene-artistique\/\" \/>\n<meta property=\"og:locale\" content=\"fr_FR\" \/>\n<meta property=\"og:type\" content=\"article\" \/>\n<meta property=\"og:title\" content=\"Le slam musical en 2018 : \u00e9volution et impact\" \/>\n<meta property=\"og:description\" content=\"De nombreux artistes ont \u00e9merg\u00e9, apportant des styles vari\u00e9s et des messages puissants.\" \/>\n<meta property=\"og:url\" content=\"https:\/\/slams.fr\/blog\/a-la-une\/le-slam-musical-en-2018-evolution-et-impact-sur-la-scene-artistique\/\" \/>\n<meta property=\"og:site_name\" content=\"slams\" \/>\n<meta property=\"og:image\" content=\"https:\/\/slams.fr\/blog\/wp-content\/uploads\/2025\/02\/stability-le-slam-musical-en-2018-evolution-et-impact-sur-la-scene-artistique.png\" \/>\n\t<meta property=\"og:image:width\" content=\"1024\" \/>\n\t<meta property=\"og:image:height\" content=\"576\" \/>\n\t<meta property=\"og:image:type\" content=\"image\/png\" \/>\n<meta name=\"author\" content=\"Rapha\u00ebl D.\" \/>\n<meta name=\"twitter:card\" content=\"summary_large_image\" \/>\n<script type=\"application\/ld+json\" class=\"yoast-schema-graph\">{\"@context\":\"https:\/\/schema.org\",\"@graph\":[{\"@type\":\"NewsArticle\",\"@id\":\"https:\/\/slams.fr\/blog\/a-la-une\/le-slam-musical-en-2018-evolution-et-impact-sur-la-scene-artistique\/#article\",\"isPartOf\":{\"@id\":\"https:\/\/slams.fr\/blog\/a-la-une\/le-slam-musical-en-2018-evolution-et-impact-sur-la-scene-artistique\/\"},\"author\":{\"name\":\"Rapha\u00ebl D.\",\"@id\":\"https:\/\/slams.fr\/blog\/#\/schema\/person\/3c864cdc320801e3db34b663e7e3f816\"},\"headline\":\"Le slam musical en 2018 : \u00c9volution et impact sur la sc\u00e8ne artistique\",\"datePublished\":\"2025-02-08T13:03:00+00:00\",\"mainEntityOfPage\":{\"@id\":\"https:\/\/slams.fr\/blog\/a-la-une\/le-slam-musical-en-2018-evolution-et-impact-sur-la-scene-artistique\/\"},\"wordCount\":633,\"commentCount\":25,\"publisher\":{\"@id\":\"https:\/\/slams.fr\/blog\/#organization\"},\"image\":{\"@id\":\"https:\/\/slams.fr\/blog\/a-la-une\/le-slam-musical-en-2018-evolution-et-impact-sur-la-scene-artistique\/#primaryimage\"},\"thumbnailUrl\":\"https:\/\/slams.fr\/blog\/wp-content\/uploads\/2025\/02\/stability-le-slam-musical-en-2018-evolution-et-impact-sur-la-scene-artistique.png\",\"keywords\":[\"Art\",\"Culture\",\"Engagement\",\"Musique\",\"Po\u00e9sie\",\"Slam\"],\"articleSection\":[\"\u00c0 la une\"],\"inLanguage\":\"fr-FR\",\"potentialAction\":[{\"@type\":\"CommentAction\",\"name\":\"Comment\",\"target\":[\"https:\/\/slams.fr\/blog\/a-la-une\/le-slam-musical-en-2018-evolution-et-impact-sur-la-scene-artistique\/#respond\"]}]},{\"@type\":\"WebPage\",\"@id\":\"https:\/\/slams.fr\/blog\/a-la-une\/le-slam-musical-en-2018-evolution-et-impact-sur-la-scene-artistique\/\",\"url\":\"https:\/\/slams.fr\/blog\/a-la-une\/le-slam-musical-en-2018-evolution-et-impact-sur-la-scene-artistique\/\",\"name\":\"Le slam musical en 2018 : \u00e9volution et impact\",\"isPartOf\":{\"@id\":\"https:\/\/slams.fr\/blog\/#website\"},\"primaryImageOfPage\":{\"@id\":\"https:\/\/slams.fr\/blog\/a-la-une\/le-slam-musical-en-2018-evolution-et-impact-sur-la-scene-artistique\/#primaryimage\"},\"image\":{\"@id\":\"https:\/\/slams.fr\/blog\/a-la-une\/le-slam-musical-en-2018-evolution-et-impact-sur-la-scene-artistique\/#primaryimage\"},\"thumbnailUrl\":\"https:\/\/slams.fr\/blog\/wp-content\/uploads\/2025\/02\/stability-le-slam-musical-en-2018-evolution-et-impact-sur-la-scene-artistique.png\",\"datePublished\":\"2025-02-08T13:03:00+00:00\",\"description\":\"De nombreux artistes ont \u00e9merg\u00e9, apportant des styles vari\u00e9s et des messages puissants.\",\"inLanguage\":\"fr-FR\",\"potentialAction\":[{\"@type\":\"ReadAction\",\"target\":[\"https:\/\/slams.fr\/blog\/a-la-une\/le-slam-musical-en-2018-evolution-et-impact-sur-la-scene-artistique\/\"]}]},{\"@type\":\"ImageObject\",\"inLanguage\":\"fr-FR\",\"@id\":\"https:\/\/slams.fr\/blog\/a-la-une\/le-slam-musical-en-2018-evolution-et-impact-sur-la-scene-artistique\/#primaryimage\",\"url\":\"https:\/\/slams.fr\/blog\/wp-content\/uploads\/2025\/02\/stability-le-slam-musical-en-2018-evolution-et-impact-sur-la-scene-artistique.png\",\"contentUrl\":\"https:\/\/slams.fr\/blog\/wp-content\/uploads\/2025\/02\/stability-le-slam-musical-en-2018-evolution-et-impact-sur-la-scene-artistique.png\",\"width\":1024,\"height\":576},{\"@type\":\"WebSite\",\"@id\":\"https:\/\/slams.fr\/blog\/#website\",\"url\":\"https:\/\/slams.fr\/blog\/\",\"name\":\"slams.fr\",\"description\":\"Slams, l&#039;\u00e9nergie des mots en action\",\"publisher\":{\"@id\":\"https:\/\/slams.fr\/blog\/#organization\"},\"alternateName\":\"Slams, l'\u00e9nergie des mots en action\",\"potentialAction\":[{\"@type\":\"SearchAction\",\"target\":{\"@type\":\"EntryPoint\",\"urlTemplate\":\"https:\/\/slams.fr\/blog\/?s={search_term_string}\"},\"query-input\":{\"@type\":\"PropertyValueSpecification\",\"valueRequired\":true,\"valueName\":\"search_term_string\"}}],\"inLanguage\":\"fr-FR\"},{\"@type\":\"Organization\",\"@id\":\"https:\/\/slams.fr\/blog\/#organization\",\"name\":\"Foretsensations.fr\",\"url\":\"https:\/\/slams.fr\/blog\/\",\"logo\":{\"@type\":\"ImageObject\",\"inLanguage\":\"fr-FR\",\"@id\":\"https:\/\/slams.fr\/blog\/#\/schema\/logo\/image\/\",\"url\":\"https:\/\/slams.fr\/blog\/wp-content\/uploads\/2026\/07\/logo-auto-1.png\",\"contentUrl\":\"https:\/\/slams.fr\/blog\/wp-content\/uploads\/2026\/07\/logo-auto-1.png\",\"width\":1024,\"height\":1024,\"caption\":\"Foretsensations.fr\"},\"image\":{\"@id\":\"https:\/\/slams.fr\/blog\/#\/schema\/logo\/image\/\"}},{\"@type\":\"Person\",\"@id\":\"https:\/\/slams.fr\/blog\/#\/schema\/person\/3c864cdc320801e3db34b663e7e3f816\",\"name\":\"Rapha\u00ebl D.\",\"image\":{\"@type\":\"ImageObject\",\"inLanguage\":\"fr-FR\",\"@id\":\"https:\/\/slams.fr\/blog\/#\/schema\/person\/image\/\",\"url\":\"https:\/\/slams.fr\/blog\/wp-content\/uploads\/2026\/06\/persona_raphael-d-96x96.jpg\",\"contentUrl\":\"https:\/\/slams.fr\/blog\/wp-content\/uploads\/2026\/06\/persona_raphael-d-96x96.jpg\",\"caption\":\"Rapha\u00ebl D.\"},\"description\":\"La culture est mon terrain de jeu depuis une dizaine d'ann\u00e9es : arts visuels, s\u00e9ries, cr\u00e9ation et tout ce qui nourrit l'imaginaire. J'\u00e9cris aussi bien sur l'actualit\u00e9 des \u0153uvres que sur les coulisses de la cr\u00e9ation, avec l'envie de relier l'amateur curieux \u00e0 des univers parfois jug\u00e9s intimidants. J'aime analyser une s\u00e9rie ou une d\u00e9marche artistique sans p\u00e9dantisme, replacer une \u0153uvre dans son contexte et donner des cl\u00e9s de lecture accessibles. Avant de publier, je v\u00e9rifie mes r\u00e9f\u00e9rences, je recoupe les sources et je distingue clairement le fait de mon interpr\u00e9tation subjective. Je crois qu'une critique vaut surtout par les arguments qu'elle expose, pas par la sentence qu'elle rend. Mon angle : transmettre l'envie de d\u00e9couvrir, de regarder autrement et de se forger son propre go\u00fbt. La culture n'appartient pas qu'aux initi\u00e9s, et c'est tout l'enjeu de mon \u00e9criture.\",\"url\":\"https:\/\/slams.fr\/blog\/auteur\/raphael-d\/\",\"jobTitle\":\"R\u00e9dacteur en chef \u00b7 Culture & Cr\u00e9ation\",\"knowsAbout\":[\"Culture\",\"Cr\u00e9ation\"],\"email\":\"raphael.d@a-l-asso-de-l-art.fr\"}]}<\/script>\n<!-- \/ Yoast SEO Premium plugin. -->","yoast_head_json":{"title":"Le slam musical en 2018 : \u00e9volution et impact","description":"De nombreux artistes ont \u00e9merg\u00e9, apportant des styles vari\u00e9s et des messages puissants.","robots":{"index":"index","follow":"follow","max-snippet":"max-snippet:-1","max-image-preview":"max-image-preview:large","max-video-preview":"max-video-preview:-1"},"canonical":"https:\/\/slams.fr\/blog\/a-la-une\/le-slam-musical-en-2018-evolution-et-impact-sur-la-scene-artistique\/","og_locale":"fr_FR","og_type":"article","og_title":"Le slam musical en 2018 : \u00e9volution et impact","og_description":"De nombreux artistes ont \u00e9merg\u00e9, apportant des styles vari\u00e9s et des messages puissants.","og_url":"https:\/\/slams.fr\/blog\/a-la-une\/le-slam-musical-en-2018-evolution-et-impact-sur-la-scene-artistique\/","og_site_name":"slams","og_image":[{"width":1024,"height":576,"url":"https:\/\/slams.fr\/blog\/wp-content\/uploads\/2025\/02\/stability-le-slam-musical-en-2018-evolution-et-impact-sur-la-scene-artistique.png","type":"image\/png"}],"author":"Rapha\u00ebl D.","twitter_card":"summary_large_image","schema":{"@context":"https:\/\/schema.org","@graph":[{"@type":"NewsArticle","@id":"https:\/\/slams.fr\/blog\/a-la-une\/le-slam-musical-en-2018-evolution-et-impact-sur-la-scene-artistique\/#article","isPartOf":{"@id":"https:\/\/slams.fr\/blog\/a-la-une\/le-slam-musical-en-2018-evolution-et-impact-sur-la-scene-artistique\/"},"author":{"name":"Rapha\u00ebl D.","@id":"https:\/\/slams.fr\/blog\/#\/schema\/person\/3c864cdc320801e3db34b663e7e3f816"},"headline":"Le slam musical en 2018 : \u00c9volution et impact sur la sc\u00e8ne artistique","datePublished":"2025-02-08T13:03:00+00:00","mainEntityOfPage":{"@id":"https:\/\/slams.fr\/blog\/a-la-une\/le-slam-musical-en-2018-evolution-et-impact-sur-la-scene-artistique\/"},"wordCount":633,"commentCount":25,"publisher":{"@id":"https:\/\/slams.fr\/blog\/#organization"},"image":{"@id":"https:\/\/slams.fr\/blog\/a-la-une\/le-slam-musical-en-2018-evolution-et-impact-sur-la-scene-artistique\/#primaryimage"},"thumbnailUrl":"https:\/\/slams.fr\/blog\/wp-content\/uploads\/2025\/02\/stability-le-slam-musical-en-2018-evolution-et-impact-sur-la-scene-artistique.png","keywords":["Art","Culture","Engagement","Musique","Po\u00e9sie","Slam"],"articleSection":["\u00c0 la une"],"inLanguage":"fr-FR","potentialAction":[{"@type":"CommentAction","name":"Comment","target":["https:\/\/slams.fr\/blog\/a-la-une\/le-slam-musical-en-2018-evolution-et-impact-sur-la-scene-artistique\/#respond"]}]},{"@type":"WebPage","@id":"https:\/\/slams.fr\/blog\/a-la-une\/le-slam-musical-en-2018-evolution-et-impact-sur-la-scene-artistique\/","url":"https:\/\/slams.fr\/blog\/a-la-une\/le-slam-musical-en-2018-evolution-et-impact-sur-la-scene-artistique\/","name":"Le slam musical en 2018 : \u00e9volution et impact","isPartOf":{"@id":"https:\/\/slams.fr\/blog\/#website"},"primaryImageOfPage":{"@id":"https:\/\/slams.fr\/blog\/a-la-une\/le-slam-musical-en-2018-evolution-et-impact-sur-la-scene-artistique\/#primaryimage"},"image":{"@id":"https:\/\/slams.fr\/blog\/a-la-une\/le-slam-musical-en-2018-evolution-et-impact-sur-la-scene-artistique\/#primaryimage"},"thumbnailUrl":"https:\/\/slams.fr\/blog\/wp-content\/uploads\/2025\/02\/stability-le-slam-musical-en-2018-evolution-et-impact-sur-la-scene-artistique.png","datePublished":"2025-02-08T13:03:00+00:00","description":"De nombreux artistes ont \u00e9merg\u00e9, apportant des styles vari\u00e9s et des messages puissants.","inLanguage":"fr-FR","potentialAction":[{"@type":"ReadAction","target":["https:\/\/slams.fr\/blog\/a-la-une\/le-slam-musical-en-2018-evolution-et-impact-sur-la-scene-artistique\/"]}]},{"@type":"ImageObject","inLanguage":"fr-FR","@id":"https:\/\/slams.fr\/blog\/a-la-une\/le-slam-musical-en-2018-evolution-et-impact-sur-la-scene-artistique\/#primaryimage","url":"https:\/\/slams.fr\/blog\/wp-content\/uploads\/2025\/02\/stability-le-slam-musical-en-2018-evolution-et-impact-sur-la-scene-artistique.png","contentUrl":"https:\/\/slams.fr\/blog\/wp-content\/uploads\/2025\/02\/stability-le-slam-musical-en-2018-evolution-et-impact-sur-la-scene-artistique.png","width":1024,"height":576},{"@type":"WebSite","@id":"https:\/\/slams.fr\/blog\/#website","url":"https:\/\/slams.fr\/blog\/","name":"slams.fr","description":"Slams, l&#039;\u00e9nergie des mots en action","publisher":{"@id":"https:\/\/slams.fr\/blog\/#organization"},"alternateName":"Slams, l'\u00e9nergie des mots en action","potentialAction":[{"@type":"SearchAction","target":{"@type":"EntryPoint","urlTemplate":"https:\/\/slams.fr\/blog\/?s={search_term_string}"},"query-input":{"@type":"PropertyValueSpecification","valueRequired":true,"valueName":"search_term_string"}}],"inLanguage":"fr-FR"},{"@type":"Organization","@id":"https:\/\/slams.fr\/blog\/#organization","name":"Foretsensations.fr","url":"https:\/\/slams.fr\/blog\/","logo":{"@type":"ImageObject","inLanguage":"fr-FR","@id":"https:\/\/slams.fr\/blog\/#\/schema\/logo\/image\/","url":"https:\/\/slams.fr\/blog\/wp-content\/uploads\/2026\/07\/logo-auto-1.png","contentUrl":"https:\/\/slams.fr\/blog\/wp-content\/uploads\/2026\/07\/logo-auto-1.png","width":1024,"height":1024,"caption":"Foretsensations.fr"},"image":{"@id":"https:\/\/slams.fr\/blog\/#\/schema\/logo\/image\/"}},{"@type":"Person","@id":"https:\/\/slams.fr\/blog\/#\/schema\/person\/3c864cdc320801e3db34b663e7e3f816","name":"Rapha\u00ebl D.","image":{"@type":"ImageObject","inLanguage":"fr-FR","@id":"https:\/\/slams.fr\/blog\/#\/schema\/person\/image\/","url":"https:\/\/slams.fr\/blog\/wp-content\/uploads\/2026\/06\/persona_raphael-d-96x96.jpg","contentUrl":"https:\/\/slams.fr\/blog\/wp-content\/uploads\/2026\/06\/persona_raphael-d-96x96.jpg","caption":"Rapha\u00ebl D."},"description":"La culture est mon terrain de jeu depuis une dizaine d'ann\u00e9es : arts visuels, s\u00e9ries, cr\u00e9ation et tout ce qui nourrit l'imaginaire. J'\u00e9cris aussi bien sur l'actualit\u00e9 des \u0153uvres que sur les coulisses de la cr\u00e9ation, avec l'envie de relier l'amateur curieux \u00e0 des univers parfois jug\u00e9s intimidants. J'aime analyser une s\u00e9rie ou une d\u00e9marche artistique sans p\u00e9dantisme, replacer une \u0153uvre dans son contexte et donner des cl\u00e9s de lecture accessibles. Avant de publier, je v\u00e9rifie mes r\u00e9f\u00e9rences, je recoupe les sources et je distingue clairement le fait de mon interpr\u00e9tation subjective. Je crois qu'une critique vaut surtout par les arguments qu'elle expose, pas par la sentence qu'elle rend. Mon angle : transmettre l'envie de d\u00e9couvrir, de regarder autrement et de se forger son propre go\u00fbt. La culture n'appartient pas qu'aux initi\u00e9s, et c'est tout l'enjeu de mon \u00e9criture.","url":"https:\/\/slams.fr\/blog\/auteur\/raphael-d\/","jobTitle":"R\u00e9dacteur en chef \u00b7 Culture & Cr\u00e9ation","knowsAbout":["Culture","Cr\u00e9ation"],"email":"raphael.d@a-l-asso-de-l-art.fr"}]}},"_links":{"self":[{"href":"https:\/\/slams.fr\/blog\/wp-json\/wp\/v2\/posts\/7424","targetHints":{"allow":["GET"]}}],"collection":[{"href":"https:\/\/slams.fr\/blog\/wp-json\/wp\/v2\/posts"}],"about":[{"href":"https:\/\/slams.fr\/blog\/wp-json\/wp\/v2\/types\/post"}],"author":[{"embeddable":true,"href":"https:\/\/slams.fr\/blog\/wp-json\/wp\/v2\/users\/34"}],"replies":[{"embeddable":true,"href":"https:\/\/slams.fr\/blog\/wp-json\/wp\/v2\/comments?post=7424"}],"version-history":[{"count":2,"href":"https:\/\/slams.fr\/blog\/wp-json\/wp\/v2\/posts\/7424\/revisions"}],"predecessor-version":[{"id":7447,"href":"https:\/\/slams.fr\/blog\/wp-json\/wp\/v2\/posts\/7424\/revisions\/7447"}],"wp:featuredmedia":[{"embeddable":true,"href":"https:\/\/slams.fr\/blog\/wp-json\/wp\/v2\/media\/7425"}],"wp:attachment":[{"href":"https:\/\/slams.fr\/blog\/wp-json\/wp\/v2\/media?parent=7424"}],"wp:term":[{"taxonomy":"category","embeddable":true,"href":"https:\/\/slams.fr\/blog\/wp-json\/wp\/v2\/categories?post=7424"},{"taxonomy":"post_tag","embeddable":true,"href":"https:\/\/slams.fr\/blog\/wp-json\/wp\/v2\/tags?post=7424"}],"curies":[{"name":"wp","href":"https:\/\/api.w.org\/{rel}","templated":true}]}}