{"id":7432,"date":"2025-02-08T11:43:00","date_gmt":"2025-02-08T10:43:00","guid":{"rendered":"https:\/\/slams.fr\/blog\/?p=7432"},"modified":"2025-02-08T11:41:47","modified_gmt":"2025-02-08T10:41:47","slug":"decouverte-du-slam-un-art-de-la-parole-en-musique","status":"publish","type":"post","link":"https:\/\/slams.fr\/blog\/a-la-une\/decouverte-du-slam-un-art-de-la-parole-en-musique\/","title":{"rendered":"D\u00e9couverte du slam : un art de la parole en musique"},"content":{"rendered":"<p>Mais qu&rsquo;est-ce que le slam exactement et comment s&rsquo;est-il impos\u00e9 dans le paysage musical contemporain ? Cet article explore les origines, les caract\u00e9ristiques et les exemples embl\u00e9matiques du slam, tout en mettant en lumi\u00e8re son impact sur la culture moderne.<\/p>\n<h2>Qu&rsquo;est-ce que le slam ?<\/h2>\n<p>Le slam est une forme de po\u00e9sie perform\u00e9e, souvent en comp\u00e9tition, o\u00f9 les participants r\u00e9citent leurs textes devant un public. Ce style est n\u00e9 dans les ann\u00e9es 1980 aux \u00c9tats-Unis, principalement gr\u00e2ce \u00e0 Marc Smith, un po\u00e8te et enseignant qui a voulu redonner vie \u00e0 la po\u00e9sie en l&rsquo;associant \u00e0 la performance sc\u00e9nique. Le slam se distingue par son rythme, son engagement et son accessibilit\u00e9, permettant \u00e0 chacun de s&rsquo;exprimer.<\/p>\n<p>Cette forme d&rsquo;art a rapidement gagn\u00e9 en popularit\u00e9, s&rsquo;\u00e9tendant au-del\u00e0 des fronti\u00e8res am\u00e9ricaines pour toucher des pays comme la France, o\u00f9 des \u00e9v\u00e9nements comme les \u00ab\u00a0Slam Sessions\u00a0\u00bb se sont multipli\u00e9s. Au-del\u00e0 de la simple performance, le slam est souvent un moyen d&rsquo;aborder des sujets sociaux, politiques ou personnels, permettant aux artistes de partager leurs luttes et leurs espoirs.<\/p>\n<p><iframe loading=\"lazy\" title=\"Slam Francophonie 2016 - Slam qui touche le coeur\" width=\"1200\" height=\"675\" src=\"https:\/\/www.youtube.com\/embed\/E0GAqFWYdzk?feature=oembed\" frameborder=\"0\" allow=\"accelerometer; autoplay; clipboard-write; encrypted-media; gyroscope; picture-in-picture; web-share\" referrerpolicy=\"strict-origin-when-cross-origin\" allowfullscreen><\/iframe><\/p>\n<h2>Les caract\u00e9ristiques du slam<\/h2>\n<p>Le slam se distingue par plusieurs \u00e9l\u00e9ments cl\u00e9s qui lui conf\u00e8rent son identit\u00e9 unique :<\/p>\n<ul>\n<li><strong>Rythme et musicalit\u00e9 :<\/strong> Le slam int\u00e8gre souvent des \u00e9l\u00e9ments musicaux, cr\u00e9ant une ambiance captivante qui accompagne les mots.<\/li>\n<li><strong>Engagement :<\/strong> Les th\u00e8mes abord\u00e9s dans les slams sont souvent d&rsquo;actualit\u00e9 et refl\u00e8tent les pr\u00e9occupations de la soci\u00e9t\u00e9.<\/li>\n<li><strong>Comp\u00e9tition :<\/strong> De nombreux slams se d\u00e9roulent sous forme de concours, o\u00f9 les participants sont jug\u00e9s par le public ou par un panel de jur\u00e9s.<\/li>\n<\/ul>\n<p>Ces caract\u00e9ristiques font du slam un art vivant et dynamique, capable de toucher les c\u0153urs et les esprits. La connexion entre le slameur et son public est essentielle, chaque performance \u00e9tant une occasion de dialogue et d&rsquo;interaction.<img width=\"1024\" height=\"576\" src=\"https:\/\/slams.fr\/blog\/wp-content\/uploads\/2025\/02\/stability-decouverte-du-slam-un-art-de-la-parole-en-musique-1.png\" class=\"aligncenter\" alt=\"Illustration d\u00e9taill\u00e9e sur D\u00e9couverte du slam : un art de la parole en musique\" title=\"D\u00e9couverte du slam : un art de la parole en musique\" decoding=\"async\" loading=\"lazy\" \/><\/p>\n<h2>Exemples embl\u00e9matiques de slam<\/h2>\n<p>Parmi les artistes de slam les plus connus, on peut citer <strong>Grand Corps Malade<\/strong>, un slameur fran\u00e7ais qui a su populariser ce genre avec des titres tels que \u00ab\u00a0Les Voyageurs\u00a0\u00bb. Son style, \u00e0 la fois po\u00e9tique et accessible, a permis de faire d\u00e9couvrir le slam \u00e0 un large public.<\/p>\n<blockquote class=\"wp-embedded-content\" data-secret=\"0nfVxOoJAS\"><p><a href=\"https:\/\/slams.fr\/blog\/a-la-une\/slam-musique-une-forme-dart-qui-resonne-dans-nos-vies\/\">Slam musique : une forme d&rsquo;art qui r\u00e9sonne dans nos vies<\/a><\/p><\/blockquote>\n<p><iframe loading=\"lazy\" class=\"wp-embedded-content\" sandbox=\"allow-scripts\" security=\"restricted\" style=\"position: absolute; visibility: hidden;\" title=\"\u00ab\u00a0Slam musique : une forme d&rsquo;art qui r\u00e9sonne dans nos vies\u00a0\u00bb &#8212; slams\" src=\"https:\/\/slams.fr\/blog\/a-la-une\/slam-musique-une-forme-dart-qui-resonne-dans-nos-vies\/embed\/#?secret=6JYlqa9OnM#?secret=0nfVxOoJAS\" data-secret=\"0nfVxOoJAS\" width=\"600\" height=\"338\" frameborder=\"0\" marginwidth=\"0\" marginheight=\"0\" scrolling=\"no\"><\/iframe><\/p>\n<p>Un autre exemple marquant est <strong>Keny Arkana<\/strong>, dont les textes engag\u00e9s abordent des th\u00e8mes sociaux et politiques, r\u00e9sonnant particuli\u00e8rement avec la jeunesse. Ses performances captivantes en font une figure embl\u00e9matique du slam francophone.<\/p>\n<p>En dehors de la sc\u00e8ne fran\u00e7aise, <strong>Saul Williams<\/strong>, un po\u00e8te et acteur am\u00e9ricain, a \u00e9galement laiss\u00e9 une empreinte ind\u00e9l\u00e9bile sur le slam avec son m\u00e9lange unique de po\u00e9sie et de musique, abordant des sujets comme l&rsquo;identit\u00e9 et la r\u00e9sistance.<\/p>\n<h2>Impact du slam sur la culture moderne<\/h2>\n<p>Le slam a largement influenc\u00e9 la culture contemporaine, en particulier chez les jeunes. En offrant une plateforme d&rsquo;expression, il permet de briser les barri\u00e8res linguistiques et culturelles. De nombreux festivals de slam sont organis\u00e9s \u00e0 travers le monde, encourageant la cr\u00e9ativit\u00e9 et la diversit\u00e9.<\/p>\n<p>En parall\u00e8le, le slam a \u00e9galement inspir\u00e9 d&rsquo;autres formes artistiques, comme le hip-hop, la musique \u00e9lectronique et m\u00eame le th\u00e9\u00e2tre. Son influence se ressent dans des \u0153uvres litt\u00e9raires, des spectacles et des projets communautaires qui promeuvent la parole libre et l&rsquo;engagement social.<\/p>\n<blockquote>\n<p>\u00ab\u00a0Le slam est un cri, un souffle, une r\u00e9volte.\u00a0\u00bb &#8211; Grand Corps Malade<\/p>\n<\/blockquote>\n<h2>FAQ :<\/h2>\n<blockquote>\n<ul>\n<li><strong>Quelles sont les origines du slam ?<\/strong> Le slam est n\u00e9 aux \u00c9tats-Unis dans les ann\u00e9es 1980 gr\u00e2ce \u00e0 Marc Smith.<\/li>\n<li><strong>Comment se d\u00e9roule une comp\u00e9tition de slam ?<\/strong> Les participants r\u00e9citent leurs textes devant un public qui les juge sur la performance et le contenu.<\/li>\n<li><strong>Quels th\u00e8mes sont abord\u00e9s dans le slam ?<\/strong> Les th\u00e8mes varient, mais incluent souvent des questions sociales, politiques et personnelles.<\/li>\n<li><strong>Peut-on pratiquer le slam sans \u00eatre un artiste professionnel ?<\/strong> Oui, le slam est accessible \u00e0 tous, ind\u00e9pendamment du niveau de comp\u00e9tence.<\/li>\n<\/ul>\n<\/blockquote>\n<h2>Conclusion<\/h2>\n<p>Le slam est bien plus qu&rsquo;un simple genre musical ; c&rsquo;est un moyen d&rsquo;expression puissant qui permet \u00e0 chacun de partager ses pens\u00e9es et ses \u00e9motions. En c\u00e9l\u00e9brant la diversit\u00e9 et la cr\u00e9ativit\u00e9, le slam continue d&rsquo;\u00e9voluer et d&rsquo;inspirer de nouvelles g\u00e9n\u00e9rations d&rsquo;artistes. Que vous soyez slameur ou simple auditeur, cette forme d&rsquo;art vous invite \u00e0 explorer le monde des mots et des sons, \u00e0 ressentir et \u00e0 r\u00e9fl\u00e9chir sur notre soci\u00e9t\u00e9.<\/p>\n","protected":false},"excerpt":{"rendered":"","protected":false},"author":34,"featured_media":7433,"comment_status":"open","ping_status":"open","sticky":false,"template":"","format":"standard","meta":{"_acf_changed":false,"manual_indexmenow":false,"indexmenow_id_project":0,"footnotes":""},"categories":[1],"tags":[4536,4221,4560,4579,4534,4526],"class_list":["post-7432","post","type-post","status-publish","format-standard","has-post-thumbnail","hentry","category-a-la-une","tag-art","tag-culture","tag-engagement","tag-performances","tag-poesie","tag-slam","generate-columns","tablet-grid-50","mobile-grid-100","grid-parent","grid-25"],"acf":[],"yoast_head":"<!-- This site is optimized with the Yoast SEO Premium plugin v21.3 (Yoast SEO v26.5) - https:\/\/yoast.com\/wordpress\/plugins\/seo\/ -->\n<title>D\u00e9couverte du slam : un art de la parole en musique<\/title>\n<meta name=\"description\" content=\"Mais qu&#039;est-ce que le slam exactement et comment s&#039;est-il impos\u00e9 dans le paysage musical contemporain ?\" \/>\n<meta name=\"robots\" content=\"index, follow, max-snippet:-1, max-image-preview:large, max-video-preview:-1\" \/>\n<link rel=\"canonical\" href=\"https:\/\/slams.fr\/blog\/a-la-une\/decouverte-du-slam-un-art-de-la-parole-en-musique\/\" \/>\n<meta property=\"og:locale\" content=\"fr_FR\" \/>\n<meta property=\"og:type\" content=\"article\" \/>\n<meta property=\"og:title\" content=\"D\u00e9couverte du slam : un art de la parole en musique\" \/>\n<meta property=\"og:description\" content=\"Mais qu&#039;est-ce que le slam exactement et comment s&#039;est-il impos\u00e9 dans le paysage musical contemporain ?\" \/>\n<meta property=\"og:url\" content=\"https:\/\/slams.fr\/blog\/a-la-une\/decouverte-du-slam-un-art-de-la-parole-en-musique\/\" \/>\n<meta property=\"og:site_name\" content=\"slams\" \/>\n<meta property=\"og:image\" content=\"https:\/\/slams.fr\/blog\/wp-content\/uploads\/2025\/02\/stability-decouverte-du-slam-un-art-de-la-parole-en-musique.png\" \/>\n\t<meta property=\"og:image:width\" content=\"1024\" \/>\n\t<meta property=\"og:image:height\" content=\"576\" \/>\n\t<meta property=\"og:image:type\" content=\"image\/png\" \/>\n<meta name=\"author\" content=\"Rapha\u00ebl D.\" \/>\n<meta name=\"twitter:card\" content=\"summary_large_image\" \/>\n<script type=\"application\/ld+json\" class=\"yoast-schema-graph\">{\"@context\":\"https:\/\/schema.org\",\"@graph\":[{\"@type\":\"NewsArticle\",\"@id\":\"https:\/\/slams.fr\/blog\/a-la-une\/decouverte-du-slam-un-art-de-la-parole-en-musique\/#article\",\"isPartOf\":{\"@id\":\"https:\/\/slams.fr\/blog\/a-la-une\/decouverte-du-slam-un-art-de-la-parole-en-musique\/\"},\"author\":{\"name\":\"Rapha\u00ebl D.\",\"@id\":\"https:\/\/slams.fr\/blog\/#\/schema\/person\/3c864cdc320801e3db34b663e7e3f816\"},\"headline\":\"D\u00e9couverte du slam : un art de la parole en musique\",\"datePublished\":\"2025-02-08T10:43:00+00:00\",\"mainEntityOfPage\":{\"@id\":\"https:\/\/slams.fr\/blog\/a-la-une\/decouverte-du-slam-un-art-de-la-parole-en-musique\/\"},\"wordCount\":780,\"commentCount\":21,\"publisher\":{\"@id\":\"https:\/\/slams.fr\/blog\/#organization\"},\"image\":{\"@id\":\"https:\/\/slams.fr\/blog\/a-la-une\/decouverte-du-slam-un-art-de-la-parole-en-musique\/#primaryimage\"},\"thumbnailUrl\":\"https:\/\/slams.fr\/blog\/wp-content\/uploads\/2025\/02\/stability-decouverte-du-slam-un-art-de-la-parole-en-musique.png\",\"keywords\":[\"Art\",\"Culture\",\"Engagement\",\"Performances\",\"Po\u00e9sie\",\"Slam\"],\"articleSection\":[\"\u00c0 la une\"],\"inLanguage\":\"fr-FR\",\"potentialAction\":[{\"@type\":\"CommentAction\",\"name\":\"Comment\",\"target\":[\"https:\/\/slams.fr\/blog\/a-la-une\/decouverte-du-slam-un-art-de-la-parole-en-musique\/#respond\"]}]},{\"@type\":\"WebPage\",\"@id\":\"https:\/\/slams.fr\/blog\/a-la-une\/decouverte-du-slam-un-art-de-la-parole-en-musique\/\",\"url\":\"https:\/\/slams.fr\/blog\/a-la-une\/decouverte-du-slam-un-art-de-la-parole-en-musique\/\",\"name\":\"D\u00e9couverte du slam : un art de la parole en musique\",\"isPartOf\":{\"@id\":\"https:\/\/slams.fr\/blog\/#website\"},\"primaryImageOfPage\":{\"@id\":\"https:\/\/slams.fr\/blog\/a-la-une\/decouverte-du-slam-un-art-de-la-parole-en-musique\/#primaryimage\"},\"image\":{\"@id\":\"https:\/\/slams.fr\/blog\/a-la-une\/decouverte-du-slam-un-art-de-la-parole-en-musique\/#primaryimage\"},\"thumbnailUrl\":\"https:\/\/slams.fr\/blog\/wp-content\/uploads\/2025\/02\/stability-decouverte-du-slam-un-art-de-la-parole-en-musique.png\",\"datePublished\":\"2025-02-08T10:43:00+00:00\",\"description\":\"Mais qu'est-ce que le slam exactement et comment s'est-il impos\u00e9 dans le paysage musical contemporain ?\",\"inLanguage\":\"fr-FR\",\"potentialAction\":[{\"@type\":\"ReadAction\",\"target\":[\"https:\/\/slams.fr\/blog\/a-la-une\/decouverte-du-slam-un-art-de-la-parole-en-musique\/\"]}]},{\"@type\":\"ImageObject\",\"inLanguage\":\"fr-FR\",\"@id\":\"https:\/\/slams.fr\/blog\/a-la-une\/decouverte-du-slam-un-art-de-la-parole-en-musique\/#primaryimage\",\"url\":\"https:\/\/slams.fr\/blog\/wp-content\/uploads\/2025\/02\/stability-decouverte-du-slam-un-art-de-la-parole-en-musique.png\",\"contentUrl\":\"https:\/\/slams.fr\/blog\/wp-content\/uploads\/2025\/02\/stability-decouverte-du-slam-un-art-de-la-parole-en-musique.png\",\"width\":1024,\"height\":576},{\"@type\":\"WebSite\",\"@id\":\"https:\/\/slams.fr\/blog\/#website\",\"url\":\"https:\/\/slams.fr\/blog\/\",\"name\":\"slams.fr\",\"description\":\"Slams, l&#039;\u00e9nergie des mots en action\",\"publisher\":{\"@id\":\"https:\/\/slams.fr\/blog\/#organization\"},\"alternateName\":\"Slams, l'\u00e9nergie des mots en action\",\"potentialAction\":[{\"@type\":\"SearchAction\",\"target\":{\"@type\":\"EntryPoint\",\"urlTemplate\":\"https:\/\/slams.fr\/blog\/?s={search_term_string}\"},\"query-input\":{\"@type\":\"PropertyValueSpecification\",\"valueRequired\":true,\"valueName\":\"search_term_string\"}}],\"inLanguage\":\"fr-FR\"},{\"@type\":\"Organization\",\"@id\":\"https:\/\/slams.fr\/blog\/#organization\",\"name\":\"Foretsensations.fr\",\"url\":\"https:\/\/slams.fr\/blog\/\",\"logo\":{\"@type\":\"ImageObject\",\"inLanguage\":\"fr-FR\",\"@id\":\"https:\/\/slams.fr\/blog\/#\/schema\/logo\/image\/\",\"url\":\"https:\/\/slams.fr\/blog\/wp-content\/uploads\/2026\/07\/logo-auto-1.png\",\"contentUrl\":\"https:\/\/slams.fr\/blog\/wp-content\/uploads\/2026\/07\/logo-auto-1.png\",\"width\":1024,\"height\":1024,\"caption\":\"Foretsensations.fr\"},\"image\":{\"@id\":\"https:\/\/slams.fr\/blog\/#\/schema\/logo\/image\/\"}},{\"@type\":\"Person\",\"@id\":\"https:\/\/slams.fr\/blog\/#\/schema\/person\/3c864cdc320801e3db34b663e7e3f816\",\"name\":\"Rapha\u00ebl D.\",\"image\":{\"@type\":\"ImageObject\",\"inLanguage\":\"fr-FR\",\"@id\":\"https:\/\/slams.fr\/blog\/#\/schema\/person\/image\/\",\"url\":\"https:\/\/slams.fr\/blog\/wp-content\/uploads\/2026\/06\/persona_raphael-d-96x96.jpg\",\"contentUrl\":\"https:\/\/slams.fr\/blog\/wp-content\/uploads\/2026\/06\/persona_raphael-d-96x96.jpg\",\"caption\":\"Rapha\u00ebl D.\"},\"description\":\"La culture est mon terrain de jeu depuis une dizaine d'ann\u00e9es : arts visuels, s\u00e9ries, cr\u00e9ation et tout ce qui nourrit l'imaginaire. J'\u00e9cris aussi bien sur l'actualit\u00e9 des \u0153uvres que sur les coulisses de la cr\u00e9ation, avec l'envie de relier l'amateur curieux \u00e0 des univers parfois jug\u00e9s intimidants. J'aime analyser une s\u00e9rie ou une d\u00e9marche artistique sans p\u00e9dantisme, replacer une \u0153uvre dans son contexte et donner des cl\u00e9s de lecture accessibles. Avant de publier, je v\u00e9rifie mes r\u00e9f\u00e9rences, je recoupe les sources et je distingue clairement le fait de mon interpr\u00e9tation subjective. Je crois qu'une critique vaut surtout par les arguments qu'elle expose, pas par la sentence qu'elle rend. Mon angle : transmettre l'envie de d\u00e9couvrir, de regarder autrement et de se forger son propre go\u00fbt. La culture n'appartient pas qu'aux initi\u00e9s, et c'est tout l'enjeu de mon \u00e9criture.\",\"url\":\"https:\/\/slams.fr\/blog\/auteur\/raphael-d\/\",\"jobTitle\":\"R\u00e9dacteur en chef \u00b7 Culture & Cr\u00e9ation\",\"knowsAbout\":[\"Culture\",\"Cr\u00e9ation\"],\"email\":\"raphael.d@a-l-asso-de-l-art.fr\"}]}<\/script>\n<!-- \/ Yoast SEO Premium plugin. -->","yoast_head_json":{"title":"D\u00e9couverte du slam : un art de la parole en musique","description":"Mais qu'est-ce que le slam exactement et comment s'est-il impos\u00e9 dans le paysage musical contemporain ?","robots":{"index":"index","follow":"follow","max-snippet":"max-snippet:-1","max-image-preview":"max-image-preview:large","max-video-preview":"max-video-preview:-1"},"canonical":"https:\/\/slams.fr\/blog\/a-la-une\/decouverte-du-slam-un-art-de-la-parole-en-musique\/","og_locale":"fr_FR","og_type":"article","og_title":"D\u00e9couverte du slam : un art de la parole en musique","og_description":"Mais qu'est-ce que le slam exactement et comment s'est-il impos\u00e9 dans le paysage musical contemporain ?","og_url":"https:\/\/slams.fr\/blog\/a-la-une\/decouverte-du-slam-un-art-de-la-parole-en-musique\/","og_site_name":"slams","og_image":[{"width":1024,"height":576,"url":"https:\/\/slams.fr\/blog\/wp-content\/uploads\/2025\/02\/stability-decouverte-du-slam-un-art-de-la-parole-en-musique.png","type":"image\/png"}],"author":"Rapha\u00ebl D.","twitter_card":"summary_large_image","schema":{"@context":"https:\/\/schema.org","@graph":[{"@type":"NewsArticle","@id":"https:\/\/slams.fr\/blog\/a-la-une\/decouverte-du-slam-un-art-de-la-parole-en-musique\/#article","isPartOf":{"@id":"https:\/\/slams.fr\/blog\/a-la-une\/decouverte-du-slam-un-art-de-la-parole-en-musique\/"},"author":{"name":"Rapha\u00ebl D.","@id":"https:\/\/slams.fr\/blog\/#\/schema\/person\/3c864cdc320801e3db34b663e7e3f816"},"headline":"D\u00e9couverte du slam : un art de la parole en musique","datePublished":"2025-02-08T10:43:00+00:00","mainEntityOfPage":{"@id":"https:\/\/slams.fr\/blog\/a-la-une\/decouverte-du-slam-un-art-de-la-parole-en-musique\/"},"wordCount":780,"commentCount":21,"publisher":{"@id":"https:\/\/slams.fr\/blog\/#organization"},"image":{"@id":"https:\/\/slams.fr\/blog\/a-la-une\/decouverte-du-slam-un-art-de-la-parole-en-musique\/#primaryimage"},"thumbnailUrl":"https:\/\/slams.fr\/blog\/wp-content\/uploads\/2025\/02\/stability-decouverte-du-slam-un-art-de-la-parole-en-musique.png","keywords":["Art","Culture","Engagement","Performances","Po\u00e9sie","Slam"],"articleSection":["\u00c0 la une"],"inLanguage":"fr-FR","potentialAction":[{"@type":"CommentAction","name":"Comment","target":["https:\/\/slams.fr\/blog\/a-la-une\/decouverte-du-slam-un-art-de-la-parole-en-musique\/#respond"]}]},{"@type":"WebPage","@id":"https:\/\/slams.fr\/blog\/a-la-une\/decouverte-du-slam-un-art-de-la-parole-en-musique\/","url":"https:\/\/slams.fr\/blog\/a-la-une\/decouverte-du-slam-un-art-de-la-parole-en-musique\/","name":"D\u00e9couverte du slam : un art de la parole en musique","isPartOf":{"@id":"https:\/\/slams.fr\/blog\/#website"},"primaryImageOfPage":{"@id":"https:\/\/slams.fr\/blog\/a-la-une\/decouverte-du-slam-un-art-de-la-parole-en-musique\/#primaryimage"},"image":{"@id":"https:\/\/slams.fr\/blog\/a-la-une\/decouverte-du-slam-un-art-de-la-parole-en-musique\/#primaryimage"},"thumbnailUrl":"https:\/\/slams.fr\/blog\/wp-content\/uploads\/2025\/02\/stability-decouverte-du-slam-un-art-de-la-parole-en-musique.png","datePublished":"2025-02-08T10:43:00+00:00","description":"Mais qu'est-ce que le slam exactement et comment s'est-il impos\u00e9 dans le paysage musical contemporain ?","inLanguage":"fr-FR","potentialAction":[{"@type":"ReadAction","target":["https:\/\/slams.fr\/blog\/a-la-une\/decouverte-du-slam-un-art-de-la-parole-en-musique\/"]}]},{"@type":"ImageObject","inLanguage":"fr-FR","@id":"https:\/\/slams.fr\/blog\/a-la-une\/decouverte-du-slam-un-art-de-la-parole-en-musique\/#primaryimage","url":"https:\/\/slams.fr\/blog\/wp-content\/uploads\/2025\/02\/stability-decouverte-du-slam-un-art-de-la-parole-en-musique.png","contentUrl":"https:\/\/slams.fr\/blog\/wp-content\/uploads\/2025\/02\/stability-decouverte-du-slam-un-art-de-la-parole-en-musique.png","width":1024,"height":576},{"@type":"WebSite","@id":"https:\/\/slams.fr\/blog\/#website","url":"https:\/\/slams.fr\/blog\/","name":"slams.fr","description":"Slams, l&#039;\u00e9nergie des mots en action","publisher":{"@id":"https:\/\/slams.fr\/blog\/#organization"},"alternateName":"Slams, l'\u00e9nergie des mots en action","potentialAction":[{"@type":"SearchAction","target":{"@type":"EntryPoint","urlTemplate":"https:\/\/slams.fr\/blog\/?s={search_term_string}"},"query-input":{"@type":"PropertyValueSpecification","valueRequired":true,"valueName":"search_term_string"}}],"inLanguage":"fr-FR"},{"@type":"Organization","@id":"https:\/\/slams.fr\/blog\/#organization","name":"Foretsensations.fr","url":"https:\/\/slams.fr\/blog\/","logo":{"@type":"ImageObject","inLanguage":"fr-FR","@id":"https:\/\/slams.fr\/blog\/#\/schema\/logo\/image\/","url":"https:\/\/slams.fr\/blog\/wp-content\/uploads\/2026\/07\/logo-auto-1.png","contentUrl":"https:\/\/slams.fr\/blog\/wp-content\/uploads\/2026\/07\/logo-auto-1.png","width":1024,"height":1024,"caption":"Foretsensations.fr"},"image":{"@id":"https:\/\/slams.fr\/blog\/#\/schema\/logo\/image\/"}},{"@type":"Person","@id":"https:\/\/slams.fr\/blog\/#\/schema\/person\/3c864cdc320801e3db34b663e7e3f816","name":"Rapha\u00ebl D.","image":{"@type":"ImageObject","inLanguage":"fr-FR","@id":"https:\/\/slams.fr\/blog\/#\/schema\/person\/image\/","url":"https:\/\/slams.fr\/blog\/wp-content\/uploads\/2026\/06\/persona_raphael-d-96x96.jpg","contentUrl":"https:\/\/slams.fr\/blog\/wp-content\/uploads\/2026\/06\/persona_raphael-d-96x96.jpg","caption":"Rapha\u00ebl D."},"description":"La culture est mon terrain de jeu depuis une dizaine d'ann\u00e9es : arts visuels, s\u00e9ries, cr\u00e9ation et tout ce qui nourrit l'imaginaire. J'\u00e9cris aussi bien sur l'actualit\u00e9 des \u0153uvres que sur les coulisses de la cr\u00e9ation, avec l'envie de relier l'amateur curieux \u00e0 des univers parfois jug\u00e9s intimidants. J'aime analyser une s\u00e9rie ou une d\u00e9marche artistique sans p\u00e9dantisme, replacer une \u0153uvre dans son contexte et donner des cl\u00e9s de lecture accessibles. Avant de publier, je v\u00e9rifie mes r\u00e9f\u00e9rences, je recoupe les sources et je distingue clairement le fait de mon interpr\u00e9tation subjective. Je crois qu'une critique vaut surtout par les arguments qu'elle expose, pas par la sentence qu'elle rend. Mon angle : transmettre l'envie de d\u00e9couvrir, de regarder autrement et de se forger son propre go\u00fbt. La culture n'appartient pas qu'aux initi\u00e9s, et c'est tout l'enjeu de mon \u00e9criture.","url":"https:\/\/slams.fr\/blog\/auteur\/raphael-d\/","jobTitle":"R\u00e9dacteur en chef \u00b7 Culture & Cr\u00e9ation","knowsAbout":["Culture","Cr\u00e9ation"],"email":"raphael.d@a-l-asso-de-l-art.fr"}]}},"_links":{"self":[{"href":"https:\/\/slams.fr\/blog\/wp-json\/wp\/v2\/posts\/7432","targetHints":{"allow":["GET"]}}],"collection":[{"href":"https:\/\/slams.fr\/blog\/wp-json\/wp\/v2\/posts"}],"about":[{"href":"https:\/\/slams.fr\/blog\/wp-json\/wp\/v2\/types\/post"}],"author":[{"embeddable":true,"href":"https:\/\/slams.fr\/blog\/wp-json\/wp\/v2\/users\/34"}],"replies":[{"embeddable":true,"href":"https:\/\/slams.fr\/blog\/wp-json\/wp\/v2\/comments?post=7432"}],"version-history":[{"count":2,"href":"https:\/\/slams.fr\/blog\/wp-json\/wp\/v2\/posts\/7432\/revisions"}],"predecessor-version":[{"id":7440,"href":"https:\/\/slams.fr\/blog\/wp-json\/wp\/v2\/posts\/7432\/revisions\/7440"}],"wp:featuredmedia":[{"embeddable":true,"href":"https:\/\/slams.fr\/blog\/wp-json\/wp\/v2\/media\/7433"}],"wp:attachment":[{"href":"https:\/\/slams.fr\/blog\/wp-json\/wp\/v2\/media?parent=7432"}],"wp:term":[{"taxonomy":"category","embeddable":true,"href":"https:\/\/slams.fr\/blog\/wp-json\/wp\/v2\/categories?post=7432"},{"taxonomy":"post_tag","embeddable":true,"href":"https:\/\/slams.fr\/blog\/wp-json\/wp\/v2\/tags?post=7432"}],"curies":[{"name":"wp","href":"https:\/\/api.w.org\/{rel}","templated":true}]}}