{"id":7462,"date":"2025-05-20T19:18:43","date_gmt":"2025-05-20T17:18:43","guid":{"rendered":"https:\/\/slams.fr\/blog\/?p=7462"},"modified":"2025-05-20T19:18:43","modified_gmt":"2025-05-20T17:18:43","slug":"societe-de-production-audiovisuelle","status":"publish","type":"post","link":"https:\/\/slams.fr\/blog\/a-la-une\/societe-de-production-audiovisuelle\/","title":{"rendered":"Soci\u00e9t\u00e9 de production audiovisuelle"},"content":{"rendered":"<p>Nous les consommons \u00e0 travers les r\u00e9seaux sociaux, la t\u00e9l\u00e9vision, les plateformes de streaming ou encore lors d\u2019\u00e9v\u00e9nements d\u2019entreprise. Mais derri\u00e8re chaque film d\u2019entreprise, documentaire ou spot publicitaire, il existe une <u>structure sp\u00e9cialis\u00e9e<\/u> qui orchestre toutes les \u00e9tapes de leur cr\u00e9ation : la <strong>soci\u00e9t\u00e9 de production audiovisuelle<\/strong>. Comprendre le fonctionnement de ces entreprises, leur organisation et leurs missions, permet de mieux appr\u00e9hender l\u2019impact strat\u00e9gique que la vid\u00e9o apporte \u00e0 la <strong>communication visuelle<\/strong>. Passons \u00e0 une analyse d\u00e9taill\u00e9e du concept d\u2019une entreprise audiovisuelle.<\/p>\n<h2>Comprendre le concept d&rsquo;une entreprise audiovisuelle<\/h2>\n<p>Une <strong>soci\u00e9t\u00e9 de production audiovisuelle<\/strong> est une entreprise d\u00e9di\u00e9e \u00e0 la <u>conception<\/u> et \u00e0 la <u>fabrication d\u2019\u0153uvres<\/u> comme les films, \u00e9missions de t\u00e9l\u00e9vision, vid\u00e9os promotionnelles, documentaires et autres contenus visuels ou audio. Sa vocation principale consiste \u00e0 transformer une id\u00e9e cr\u00e9ative en produit fini, pr\u00eat \u00e0 \u00eatre diffus\u00e9 ou exploit\u00e9 commercialement .<\/p>\n<p>Nous distinguons plusieurs types de productions :<\/p>\n<ul>\n<li><strong>Films d\u2019entreprise<\/strong> : valorisation de marque employeur ou communication interne\/externe<\/li>\n<li><strong>Spots publicitaires<\/strong> : visibilit\u00e9 accrue pour les produits et services<\/li>\n<li><strong>Documentaires<\/strong> et <strong>films de sensibilisation<\/strong> : engagement soci\u00e9tal ou RSE<\/li>\n<li><strong>Captations d\u2019\u00e9v\u00e9nements<\/strong> (conf\u00e9rences, concerts, s\u00e9minaires)<\/li>\n<li>Motion design, animation, contenus pour <strong>r\u00e9seaux sociaux<\/strong><\/li>\n<\/ul>\n<p>Dans l\u2019univers du divertissement et de la <strong>communication d\u2019entreprise<\/strong>, la diversit\u00e9 des contenus r\u00e9alis\u00e9s par ces studios r\u00e9pond \u00e0 la fois \u00e0 des enjeux strat\u00e9giques et \u00e0 une demande croissante de <u>cr\u00e9ativit\u00e9 audiovisuelle<\/u>.<\/p>\n<h2>Les missions fondamentales d&rsquo;un studio de production<\/h2>\n<p>La <strong>mission premi\u00e8re<\/strong> d\u2019un studio de production consiste \u00e0 mener \u00e0 bien chaque \u00e9tape du processus audiovisuel : de la <u>sc\u00e9narisation<\/u> \u00e0 la post-production, en passant par la gestion des \u00e9quipes et la ma\u00eetrise des budgets. Nous assurons :<\/p>\n<ul>\n<li><strong>D\u00e9veloppement de projets<\/strong> : analyse des besoins, \u00e9criture de sc\u00e9narios, \u00e9laboration de story-boards<\/li>\n<li><strong>Recherche de financements<\/strong> et optimisation des ressources<\/li>\n<li><strong>Coordination<\/strong> d\u2019\u00e9quipes techniques et artistiques : r\u00e9alisateurs, techniciens, monteurs, acteurs<\/li>\n<li>Gestion logistique du <strong>tournage<\/strong> : mat\u00e9riel, planning, organisation des d\u00e9placements<\/li>\n<li>Supervision de la <strong>post-production<\/strong> (montage, \u00e9talonnage, effets sp\u00e9ciaux, motion design)<\/li>\n<li>Optimisation pour la diffusion web et r\u00e9seaux sociaux<\/li>\n<\/ul>\n<p>Notre valeur ajout\u00e9e r\u00e9side dans la capacit\u00e9 \u00e0 transformer une id\u00e9e brute en contenu audiovisuel percutant, gr\u00e2ce \u00e0 une m\u00e9thodologie rigoureuse et \u00e0 un <u>accompagnement sur-mesure<\/u> \u00e0 chaque \u00e9tape.<\/p>\n<h2>Organisation interne d&rsquo;une maison de production<\/h2>\n<p>Pour garantir l\u2019efficacit\u00e9 de la <strong>production audiovisuelle<\/strong>, chaque soci\u00e9t\u00e9 s\u2019appuie g\u00e9n\u00e9ralement sur trois d\u00e9partements cl\u00e9s :<\/p>\n<table style=\"border-collapse: collapse; margin-bottom: 15px;\" border=\"1\" cellpadding=\"6\">\n<tbody>\n<tr>\n<td><strong>D\u00e9partement<\/strong><\/td>\n<td><strong>R\u00f4le principal<\/strong><\/td>\n<td><strong>Enjeux majeurs<\/strong><\/td>\n<\/tr>\n<tr>\n<td><u>\u00c9quipe commerciale<\/u><\/td>\n<td>Prospection, gestion client\u00e8le, d\u00e9veloppement de portefeuille<\/td>\n<td>Compr\u00e9hension des besoins, fid\u00e9lisation, devis<\/td>\n<\/tr>\n<tr>\n<td><u>\u00c9quipe administrative<\/u><\/td>\n<td>Gestion des aspects juridiques, financiers et RH<\/td>\n<td>Respect des <strong>budgets de production<\/strong>, conformit\u00e9 r\u00e9glementaire<\/td>\n<\/tr>\n<tr>\n<td><u>\u00c9quipe de production<\/u><\/td>\n<td>Direction de projet, supervision technique et artistique<\/td>\n<td>Qualit\u00e9 finale, coordination des intervenants, respect des d\u00e9lais<\/td>\n<\/tr>\n<\/tbody>\n<\/table>\n<p>La synergie entre ces p\u00f4les permet d\u2019aboutir \u00e0 des <strong>productions audiovisuelles<\/strong> coh\u00e9rentes, cr\u00e9atives et conformes aux attentes du client.<\/p>\n<h2>Statuts juridiques pour cr\u00e9er son entreprise audiovisuelle<\/h2>\n<p>Le choix du <strong>statut juridique<\/strong> est d\u00e9terminant pour structurer votre projet audiovisuel. Nous disposons de plusieurs options, chacune pr\u00e9sentant des avantages sp\u00e9cifiques selon la taille de la structure, le niveau d\u2019investissement et la volont\u00e9 de s\u2019associer ou non :<\/p>\n<table style=\"border-collapse: collapse; margin-bottom: 15px;\" border=\"1\" cellpadding=\"6\">\n<tbody>\n<tr>\n<td><strong>Statut<\/strong><\/td>\n<td><strong>Avantages<\/strong><\/td>\n<td><strong>Inconv\u00e9nients<\/strong><\/td>\n<\/tr>\n<tr>\n<td>Microentreprise<\/td>\n<td>Simplicit\u00e9, charges sociales all\u00e9g\u00e9es<\/td>\n<td>Chiffre d\u2019affaires limit\u00e9, peu adapt\u00e9 aux gros projets<\/td>\n<\/tr>\n<tr>\n<td>Entreprise individuelle<\/td>\n<td>Gestion simple, autonomie<\/td>\n<td>Responsabilit\u00e9 illimit\u00e9e de l&rsquo;entrepreneur<\/td>\n<\/tr>\n<tr>\n<td>SARL \/ EURL<\/td>\n<td>Structure s\u00e9curis\u00e9e, adapt\u00e9 \u00e0 plusieurs associ\u00e9s<\/td>\n<td>Gestion administrative plus lourde, cadre r\u00e9glementaire strict<\/td>\n<\/tr>\n<tr>\n<td>SAS \/ SASU<\/td>\n<td>Souplesse de fonctionnement, protection sociale dirigeant<\/td>\n<td>Frais de cr\u00e9ation plus \u00e9lev\u00e9s, formalisme \u00e0 respecter<\/td>\n<\/tr>\n<\/tbody>\n<\/table>\n<p>Ce choix impacte l&rsquo;acc\u00e8s \u00e0 certains financements, la flexibilit\u00e9 de gestion et la possibilit\u00e9 de s\u2019entourer d\u2019associ\u00e9s ou d\u2019investisseurs.<\/p>\n<h2>L&rsquo;option associative pour les projets collaboratifs<\/h2>\n<p>Au-del\u00e0 des mod\u00e8les traditionnels, l\u2019<strong>association<\/strong> repr\u00e9sente une alternative pertinente, notamment pour des projets collectifs ou \u00e0 but non lucratif. Nous y recourons souvent lorsque l\u2019objectif principal est la <u>cr\u00e9ation artistique<\/u> ou la <u>sensibilisation<\/u>.<\/p>\n<ul>\n<li><strong>Avantages :<\/strong> libert\u00e9 de fonctionnement, gouvernance partag\u00e9e, possibilit\u00e9 de recevoir subventions et aides<\/li>\n<li><strong>Limites :<\/strong> impossibilit\u00e9 de distribuer les b\u00e9n\u00e9fices, contraintes sur la commercialisation<\/li>\n<\/ul>\n<p>Cette solution convient parfaitement pour des <strong>films de sensibilisation<\/strong>, des ateliers d\u2019\u00e9ducation \u00e0 l\u2019image ou des actions culturelles collectives.<\/p>\n<h2>\u00c9tapes cl\u00e9s pour lancer son studio audiovisuel<\/h2>\n<p>La cr\u00e9ation d\u2019une soci\u00e9t\u00e9 de production n\u00e9cessite une planification rigoureuse. Nous recommandons de suivre ces \u00e9tapes :<\/p>\n<ul>\n<li>D\u00e9finition claire du projet et de la <u>ligne \u00e9ditoriale<\/u><\/li>\n<li>\u00c9tude de march\u00e9 pour \u00e9valuer la concurrence et les besoins clients<\/li>\n<li>Choix du <strong>statut juridique<\/strong> adapt\u00e9<\/li>\n<li>\u00c9laboration d\u2019un business plan solide<\/li>\n<li>Recherche de financements : pr\u00eats, subventions, investisseurs priv\u00e9s<\/li>\n<li>Constitution d\u2019une <strong>\u00e9quipe de production<\/strong> comp\u00e9tente<\/li>\n<li>Acquisition du <u>mat\u00e9riel de production<\/u> (cam\u00e9ras, \u00e9clairage, logiciels de montage)<\/li>\n<\/ul>\n<p>Chaque \u00e9tape influence la viabilit\u00e9 de la future <a href=\"https:\/\/societe-production-audiovisuelle.fr\" target=\"_blank\" rel=\"noopener\">Soci\u00e9t\u00e9 de production audiovisuelle<\/a> et sa capacit\u00e9 \u00e0 r\u00e9pondre aux attentes du march\u00e9.<\/p>\n<h2>Les d\u00e9fis actuels du secteur de la production<\/h2>\n<p>Le secteur de la <strong>production audiovisuelle<\/strong> est confront\u00e9 \u00e0 des \u00e9volutions majeures :<\/p>\n<ul>\n<li>Mutation des plateformes de diffusion : explosion du streaming et des formats courts pour <strong>r\u00e9seaux sociaux<\/strong><\/li>\n<li>Adoption de <u>technologies innovantes<\/u> : IA, r\u00e9alit\u00e9 augment\u00e9e, vid\u00e9o interactive<\/li>\n<li>Concurrence accrue entre acteurs traditionnels et nouveaux venus ind\u00e9pendants<\/li>\n<li>Changements dans les habitudes de consommation des contenus : mobilit\u00e9, instantan\u00e9it\u00e9, personnalisation<\/li>\n<\/ul>\n<p>Pour perdurer, il est imp\u00e9ratif de suivre une <strong>veille technologique<\/strong> constante et d\u2019adapter sa strat\u00e9gie, tant sur la <u>cr\u00e9ativit\u00e9<\/u> des productions que sur la diversit\u00e9 des formats.<\/p>\n<h2>R\u00e9ussir dans l&rsquo;industrie audiovisuelle<\/h2>\n<p>Se d\u00e9marquer dans le secteur des <strong>productions audiovisuelles<\/strong> requiert une strat\u00e9gie aff\u00fbt\u00e9e :<\/p>\n<ul>\n<li>Se sp\u00e9cialiser sur un segment : <strong>film d\u2019entreprise<\/strong>, <strong>film promotionnel<\/strong>, motion design ou captation live<\/li>\n<li>Construire un <u>r\u00e9seau professionnel<\/u> solide \u2013 r\u00e9alisateurs, techniciens, directeurs de la photographie, consultants<\/li>\n<li>Veiller aux innovations et exp\u00e9rimenter de nouveaux formats (vid\u00e9os interactives, verticales, AR)<\/li>\n<li>Adopter une approche personnalis\u00e9e et consultative aupr\u00e8s de vos clients<\/li>\n<\/ul>\n<p>En misant sur la <strong>cr\u00e9ativit\u00e9 audiovisuelle<\/strong>, la capacit\u00e9 d\u2019adaptation et l\u2019accompagnement sur-mesure, nous maximisons l\u2019impact de chaque <u>strat\u00e9gie de communication vid\u00e9o<\/u>.<\/p>\n<h2>Conclusion<\/h2>\n<p>La <strong>soci\u00e9t\u00e9 de production audiovisuelle<\/strong> joue un r\u00f4le cl\u00e9 dans la r\u00e9ussite des strat\u00e9gies de communication modernes, \u00e0 travers des services vari\u00e9s \u2013 de la conception \u00e0 la diffusion de contenus sur-mesure. Que vous soyez une entreprise, une institution ou un cr\u00e9ateur ind\u00e9pendant, collaborer avec un partenaire exp\u00e9riment\u00e9 tel que <a href=\"https:\/\/societe-production-audiovisuelle.fr\" target=\"_blank\" rel=\"noopener\">Soci\u00e9t\u00e9 de production audiovisuelle<\/a> vous garantit expertise, cr\u00e9ativit\u00e9 et accompagnement sur toute la cha\u00eene de valeur. Dans un univers en \u00e9volution permanente, investir dans une vid\u00e9o de qualit\u00e9 reste le meilleur levier pour se distinguer et renforcer l\u2019engagement de vos publics.<\/p>\n","protected":false},"excerpt":{"rendered":"","protected":false},"author":34,"featured_media":7464,"comment_status":"open","ping_status":"open","sticky":false,"template":"","format":"standard","meta":{"_acf_changed":false,"manual_indexmenow":false,"indexmenow_id_project":0,"footnotes":""},"categories":[1],"tags":[],"class_list":["post-7462","post","type-post","status-publish","format-standard","has-post-thumbnail","hentry","category-a-la-une","generate-columns","tablet-grid-50","mobile-grid-100","grid-parent","grid-25"],"acf":[],"yoast_head":"<!-- This site is optimized with the Yoast SEO Premium plugin v21.3 (Yoast SEO v26.5) - https:\/\/yoast.com\/wordpress\/plugins\/seo\/ -->\n<title>Soci\u00e9t\u00e9 de production audiovisuelle<\/title>\n<meta name=\"description\" content=\"Nous les consommons \u00e0 travers les r\u00e9seaux sociaux, la t\u00e9l\u00e9vision, les plateformes de streaming ou encore lors d\u2019\u00e9v\u00e9nements d\u2019entreprise.\" \/>\n<meta name=\"robots\" content=\"index, follow, max-snippet:-1, max-image-preview:large, max-video-preview:-1\" \/>\n<link rel=\"canonical\" href=\"https:\/\/slams.fr\/blog\/a-la-une\/societe-de-production-audiovisuelle\/\" \/>\n<meta property=\"og:locale\" content=\"fr_FR\" \/>\n<meta property=\"og:type\" content=\"article\" \/>\n<meta property=\"og:title\" content=\"Soci\u00e9t\u00e9 de production audiovisuelle\" \/>\n<meta property=\"og:description\" content=\"Nous les consommons \u00e0 travers les r\u00e9seaux sociaux, la t\u00e9l\u00e9vision, les plateformes de streaming ou encore lors d\u2019\u00e9v\u00e9nements d\u2019entreprise.\" \/>\n<meta property=\"og:url\" content=\"https:\/\/slams.fr\/blog\/a-la-une\/societe-de-production-audiovisuelle\/\" \/>\n<meta property=\"og:site_name\" content=\"slams\" \/>\n<meta property=\"og:image\" content=\"https:\/\/slams.fr\/blog\/wp-content\/uploads\/2025\/05\/sdxl-1040fb614e71603b1b495d55d4a923a5-scaled.png\" \/>\n\t<meta property=\"og:image:width\" content=\"1200\" \/>\n\t<meta property=\"og:image:height\" content=\"500\" \/>\n\t<meta property=\"og:image:type\" content=\"image\/png\" \/>\n<meta name=\"author\" content=\"Rapha\u00ebl D.\" \/>\n<meta name=\"twitter:card\" content=\"summary_large_image\" \/>\n<script type=\"application\/ld+json\" class=\"yoast-schema-graph\">{\"@context\":\"https:\/\/schema.org\",\"@graph\":[{\"@type\":\"NewsArticle\",\"@id\":\"https:\/\/slams.fr\/blog\/a-la-une\/societe-de-production-audiovisuelle\/#article\",\"isPartOf\":{\"@id\":\"https:\/\/slams.fr\/blog\/a-la-une\/societe-de-production-audiovisuelle\/\"},\"author\":{\"name\":\"Rapha\u00ebl D.\",\"@id\":\"https:\/\/slams.fr\/blog\/#\/schema\/person\/3c864cdc320801e3db34b663e7e3f816\"},\"headline\":\"Soci\u00e9t\u00e9 de production audiovisuelle\",\"datePublished\":\"2025-05-20T17:18:43+00:00\",\"mainEntityOfPage\":{\"@id\":\"https:\/\/slams.fr\/blog\/a-la-une\/societe-de-production-audiovisuelle\/\"},\"wordCount\":1155,\"commentCount\":0,\"publisher\":{\"@id\":\"https:\/\/slams.fr\/blog\/#organization\"},\"image\":{\"@id\":\"https:\/\/slams.fr\/blog\/a-la-une\/societe-de-production-audiovisuelle\/#primaryimage\"},\"thumbnailUrl\":\"https:\/\/slams.fr\/blog\/wp-content\/uploads\/2025\/05\/sdxl-1040fb614e71603b1b495d55d4a923a5-scaled.png\",\"articleSection\":[\"\u00c0 la une\"],\"inLanguage\":\"fr-FR\",\"potentialAction\":[{\"@type\":\"CommentAction\",\"name\":\"Comment\",\"target\":[\"https:\/\/slams.fr\/blog\/a-la-une\/societe-de-production-audiovisuelle\/#respond\"]}]},{\"@type\":\"WebPage\",\"@id\":\"https:\/\/slams.fr\/blog\/a-la-une\/societe-de-production-audiovisuelle\/\",\"url\":\"https:\/\/slams.fr\/blog\/a-la-une\/societe-de-production-audiovisuelle\/\",\"name\":\"Soci\u00e9t\u00e9 de production audiovisuelle\",\"isPartOf\":{\"@id\":\"https:\/\/slams.fr\/blog\/#website\"},\"primaryImageOfPage\":{\"@id\":\"https:\/\/slams.fr\/blog\/a-la-une\/societe-de-production-audiovisuelle\/#primaryimage\"},\"image\":{\"@id\":\"https:\/\/slams.fr\/blog\/a-la-une\/societe-de-production-audiovisuelle\/#primaryimage\"},\"thumbnailUrl\":\"https:\/\/slams.fr\/blog\/wp-content\/uploads\/2025\/05\/sdxl-1040fb614e71603b1b495d55d4a923a5-scaled.png\",\"datePublished\":\"2025-05-20T17:18:43+00:00\",\"description\":\"Nous les consommons \u00e0 travers les r\u00e9seaux sociaux, la t\u00e9l\u00e9vision, les plateformes de streaming ou encore lors d\u2019\u00e9v\u00e9nements d\u2019entreprise.\",\"inLanguage\":\"fr-FR\",\"potentialAction\":[{\"@type\":\"ReadAction\",\"target\":[\"https:\/\/slams.fr\/blog\/a-la-une\/societe-de-production-audiovisuelle\/\"]}]},{\"@type\":\"ImageObject\",\"inLanguage\":\"fr-FR\",\"@id\":\"https:\/\/slams.fr\/blog\/a-la-une\/societe-de-production-audiovisuelle\/#primaryimage\",\"url\":\"https:\/\/slams.fr\/blog\/wp-content\/uploads\/2025\/05\/sdxl-1040fb614e71603b1b495d55d4a923a5-scaled.png\",\"contentUrl\":\"https:\/\/slams.fr\/blog\/wp-content\/uploads\/2025\/05\/sdxl-1040fb614e71603b1b495d55d4a923a5-scaled.png\",\"width\":1200,\"height\":500},{\"@type\":\"WebSite\",\"@id\":\"https:\/\/slams.fr\/blog\/#website\",\"url\":\"https:\/\/slams.fr\/blog\/\",\"name\":\"slams.fr\",\"description\":\"Slams, l&#039;\u00e9nergie des mots en action\",\"publisher\":{\"@id\":\"https:\/\/slams.fr\/blog\/#organization\"},\"alternateName\":\"Slams, l'\u00e9nergie des mots en action\",\"potentialAction\":[{\"@type\":\"SearchAction\",\"target\":{\"@type\":\"EntryPoint\",\"urlTemplate\":\"https:\/\/slams.fr\/blog\/?s={search_term_string}\"},\"query-input\":{\"@type\":\"PropertyValueSpecification\",\"valueRequired\":true,\"valueName\":\"search_term_string\"}}],\"inLanguage\":\"fr-FR\"},{\"@type\":\"Organization\",\"@id\":\"https:\/\/slams.fr\/blog\/#organization\",\"name\":\"Foretsensations.fr\",\"url\":\"https:\/\/slams.fr\/blog\/\",\"logo\":{\"@type\":\"ImageObject\",\"inLanguage\":\"fr-FR\",\"@id\":\"https:\/\/slams.fr\/blog\/#\/schema\/logo\/image\/\",\"url\":\"https:\/\/slams.fr\/blog\/wp-content\/uploads\/2026\/07\/logo-auto-1.png\",\"contentUrl\":\"https:\/\/slams.fr\/blog\/wp-content\/uploads\/2026\/07\/logo-auto-1.png\",\"width\":1024,\"height\":1024,\"caption\":\"Foretsensations.fr\"},\"image\":{\"@id\":\"https:\/\/slams.fr\/blog\/#\/schema\/logo\/image\/\"}},{\"@type\":\"Person\",\"@id\":\"https:\/\/slams.fr\/blog\/#\/schema\/person\/3c864cdc320801e3db34b663e7e3f816\",\"name\":\"Rapha\u00ebl D.\",\"image\":{\"@type\":\"ImageObject\",\"inLanguage\":\"fr-FR\",\"@id\":\"https:\/\/slams.fr\/blog\/#\/schema\/person\/image\/\",\"url\":\"https:\/\/slams.fr\/blog\/wp-content\/uploads\/2026\/06\/persona_raphael-d-96x96.jpg\",\"contentUrl\":\"https:\/\/slams.fr\/blog\/wp-content\/uploads\/2026\/06\/persona_raphael-d-96x96.jpg\",\"caption\":\"Rapha\u00ebl D.\"},\"description\":\"La culture est mon terrain de jeu depuis une dizaine d'ann\u00e9es : arts visuels, s\u00e9ries, cr\u00e9ation et tout ce qui nourrit l'imaginaire. J'\u00e9cris aussi bien sur l'actualit\u00e9 des \u0153uvres que sur les coulisses de la cr\u00e9ation, avec l'envie de relier l'amateur curieux \u00e0 des univers parfois jug\u00e9s intimidants. J'aime analyser une s\u00e9rie ou une d\u00e9marche artistique sans p\u00e9dantisme, replacer une \u0153uvre dans son contexte et donner des cl\u00e9s de lecture accessibles. Avant de publier, je v\u00e9rifie mes r\u00e9f\u00e9rences, je recoupe les sources et je distingue clairement le fait de mon interpr\u00e9tation subjective. Je crois qu'une critique vaut surtout par les arguments qu'elle expose, pas par la sentence qu'elle rend. Mon angle : transmettre l'envie de d\u00e9couvrir, de regarder autrement et de se forger son propre go\u00fbt. La culture n'appartient pas qu'aux initi\u00e9s, et c'est tout l'enjeu de mon \u00e9criture.\",\"url\":\"https:\/\/slams.fr\/blog\/auteur\/raphael-d\/\",\"jobTitle\":\"R\u00e9dacteur en chef \u00b7 Culture & Cr\u00e9ation\",\"knowsAbout\":[\"Culture\",\"Cr\u00e9ation\"],\"email\":\"raphael.d@a-l-asso-de-l-art.fr\"}]}<\/script>\n<!-- \/ Yoast SEO Premium plugin. -->","yoast_head_json":{"title":"Soci\u00e9t\u00e9 de production audiovisuelle","description":"Nous les consommons \u00e0 travers les r\u00e9seaux sociaux, la t\u00e9l\u00e9vision, les plateformes de streaming ou encore lors d\u2019\u00e9v\u00e9nements d\u2019entreprise.","robots":{"index":"index","follow":"follow","max-snippet":"max-snippet:-1","max-image-preview":"max-image-preview:large","max-video-preview":"max-video-preview:-1"},"canonical":"https:\/\/slams.fr\/blog\/a-la-une\/societe-de-production-audiovisuelle\/","og_locale":"fr_FR","og_type":"article","og_title":"Soci\u00e9t\u00e9 de production audiovisuelle","og_description":"Nous les consommons \u00e0 travers les r\u00e9seaux sociaux, la t\u00e9l\u00e9vision, les plateformes de streaming ou encore lors d\u2019\u00e9v\u00e9nements d\u2019entreprise.","og_url":"https:\/\/slams.fr\/blog\/a-la-une\/societe-de-production-audiovisuelle\/","og_site_name":"slams","og_image":[{"width":1200,"height":500,"url":"https:\/\/slams.fr\/blog\/wp-content\/uploads\/2025\/05\/sdxl-1040fb614e71603b1b495d55d4a923a5-scaled.png","type":"image\/png"}],"author":"Rapha\u00ebl D.","twitter_card":"summary_large_image","schema":{"@context":"https:\/\/schema.org","@graph":[{"@type":"NewsArticle","@id":"https:\/\/slams.fr\/blog\/a-la-une\/societe-de-production-audiovisuelle\/#article","isPartOf":{"@id":"https:\/\/slams.fr\/blog\/a-la-une\/societe-de-production-audiovisuelle\/"},"author":{"name":"Rapha\u00ebl D.","@id":"https:\/\/slams.fr\/blog\/#\/schema\/person\/3c864cdc320801e3db34b663e7e3f816"},"headline":"Soci\u00e9t\u00e9 de production audiovisuelle","datePublished":"2025-05-20T17:18:43+00:00","mainEntityOfPage":{"@id":"https:\/\/slams.fr\/blog\/a-la-une\/societe-de-production-audiovisuelle\/"},"wordCount":1155,"commentCount":0,"publisher":{"@id":"https:\/\/slams.fr\/blog\/#organization"},"image":{"@id":"https:\/\/slams.fr\/blog\/a-la-une\/societe-de-production-audiovisuelle\/#primaryimage"},"thumbnailUrl":"https:\/\/slams.fr\/blog\/wp-content\/uploads\/2025\/05\/sdxl-1040fb614e71603b1b495d55d4a923a5-scaled.png","articleSection":["\u00c0 la une"],"inLanguage":"fr-FR","potentialAction":[{"@type":"CommentAction","name":"Comment","target":["https:\/\/slams.fr\/blog\/a-la-une\/societe-de-production-audiovisuelle\/#respond"]}]},{"@type":"WebPage","@id":"https:\/\/slams.fr\/blog\/a-la-une\/societe-de-production-audiovisuelle\/","url":"https:\/\/slams.fr\/blog\/a-la-une\/societe-de-production-audiovisuelle\/","name":"Soci\u00e9t\u00e9 de production audiovisuelle","isPartOf":{"@id":"https:\/\/slams.fr\/blog\/#website"},"primaryImageOfPage":{"@id":"https:\/\/slams.fr\/blog\/a-la-une\/societe-de-production-audiovisuelle\/#primaryimage"},"image":{"@id":"https:\/\/slams.fr\/blog\/a-la-une\/societe-de-production-audiovisuelle\/#primaryimage"},"thumbnailUrl":"https:\/\/slams.fr\/blog\/wp-content\/uploads\/2025\/05\/sdxl-1040fb614e71603b1b495d55d4a923a5-scaled.png","datePublished":"2025-05-20T17:18:43+00:00","description":"Nous les consommons \u00e0 travers les r\u00e9seaux sociaux, la t\u00e9l\u00e9vision, les plateformes de streaming ou encore lors d\u2019\u00e9v\u00e9nements d\u2019entreprise.","inLanguage":"fr-FR","potentialAction":[{"@type":"ReadAction","target":["https:\/\/slams.fr\/blog\/a-la-une\/societe-de-production-audiovisuelle\/"]}]},{"@type":"ImageObject","inLanguage":"fr-FR","@id":"https:\/\/slams.fr\/blog\/a-la-une\/societe-de-production-audiovisuelle\/#primaryimage","url":"https:\/\/slams.fr\/blog\/wp-content\/uploads\/2025\/05\/sdxl-1040fb614e71603b1b495d55d4a923a5-scaled.png","contentUrl":"https:\/\/slams.fr\/blog\/wp-content\/uploads\/2025\/05\/sdxl-1040fb614e71603b1b495d55d4a923a5-scaled.png","width":1200,"height":500},{"@type":"WebSite","@id":"https:\/\/slams.fr\/blog\/#website","url":"https:\/\/slams.fr\/blog\/","name":"slams.fr","description":"Slams, l&#039;\u00e9nergie des mots en action","publisher":{"@id":"https:\/\/slams.fr\/blog\/#organization"},"alternateName":"Slams, l'\u00e9nergie des mots en action","potentialAction":[{"@type":"SearchAction","target":{"@type":"EntryPoint","urlTemplate":"https:\/\/slams.fr\/blog\/?s={search_term_string}"},"query-input":{"@type":"PropertyValueSpecification","valueRequired":true,"valueName":"search_term_string"}}],"inLanguage":"fr-FR"},{"@type":"Organization","@id":"https:\/\/slams.fr\/blog\/#organization","name":"Foretsensations.fr","url":"https:\/\/slams.fr\/blog\/","logo":{"@type":"ImageObject","inLanguage":"fr-FR","@id":"https:\/\/slams.fr\/blog\/#\/schema\/logo\/image\/","url":"https:\/\/slams.fr\/blog\/wp-content\/uploads\/2026\/07\/logo-auto-1.png","contentUrl":"https:\/\/slams.fr\/blog\/wp-content\/uploads\/2026\/07\/logo-auto-1.png","width":1024,"height":1024,"caption":"Foretsensations.fr"},"image":{"@id":"https:\/\/slams.fr\/blog\/#\/schema\/logo\/image\/"}},{"@type":"Person","@id":"https:\/\/slams.fr\/blog\/#\/schema\/person\/3c864cdc320801e3db34b663e7e3f816","name":"Rapha\u00ebl D.","image":{"@type":"ImageObject","inLanguage":"fr-FR","@id":"https:\/\/slams.fr\/blog\/#\/schema\/person\/image\/","url":"https:\/\/slams.fr\/blog\/wp-content\/uploads\/2026\/06\/persona_raphael-d-96x96.jpg","contentUrl":"https:\/\/slams.fr\/blog\/wp-content\/uploads\/2026\/06\/persona_raphael-d-96x96.jpg","caption":"Rapha\u00ebl D."},"description":"La culture est mon terrain de jeu depuis une dizaine d'ann\u00e9es : arts visuels, s\u00e9ries, cr\u00e9ation et tout ce qui nourrit l'imaginaire. J'\u00e9cris aussi bien sur l'actualit\u00e9 des \u0153uvres que sur les coulisses de la cr\u00e9ation, avec l'envie de relier l'amateur curieux \u00e0 des univers parfois jug\u00e9s intimidants. J'aime analyser une s\u00e9rie ou une d\u00e9marche artistique sans p\u00e9dantisme, replacer une \u0153uvre dans son contexte et donner des cl\u00e9s de lecture accessibles. Avant de publier, je v\u00e9rifie mes r\u00e9f\u00e9rences, je recoupe les sources et je distingue clairement le fait de mon interpr\u00e9tation subjective. Je crois qu'une critique vaut surtout par les arguments qu'elle expose, pas par la sentence qu'elle rend. Mon angle : transmettre l'envie de d\u00e9couvrir, de regarder autrement et de se forger son propre go\u00fbt. La culture n'appartient pas qu'aux initi\u00e9s, et c'est tout l'enjeu de mon \u00e9criture.","url":"https:\/\/slams.fr\/blog\/auteur\/raphael-d\/","jobTitle":"R\u00e9dacteur en chef \u00b7 Culture & Cr\u00e9ation","knowsAbout":["Culture","Cr\u00e9ation"],"email":"raphael.d@a-l-asso-de-l-art.fr"}]}},"_links":{"self":[{"href":"https:\/\/slams.fr\/blog\/wp-json\/wp\/v2\/posts\/7462","targetHints":{"allow":["GET"]}}],"collection":[{"href":"https:\/\/slams.fr\/blog\/wp-json\/wp\/v2\/posts"}],"about":[{"href":"https:\/\/slams.fr\/blog\/wp-json\/wp\/v2\/types\/post"}],"author":[{"embeddable":true,"href":"https:\/\/slams.fr\/blog\/wp-json\/wp\/v2\/users\/34"}],"replies":[{"embeddable":true,"href":"https:\/\/slams.fr\/blog\/wp-json\/wp\/v2\/comments?post=7462"}],"version-history":[{"count":1,"href":"https:\/\/slams.fr\/blog\/wp-json\/wp\/v2\/posts\/7462\/revisions"}],"predecessor-version":[{"id":7463,"href":"https:\/\/slams.fr\/blog\/wp-json\/wp\/v2\/posts\/7462\/revisions\/7463"}],"wp:featuredmedia":[{"embeddable":true,"href":"https:\/\/slams.fr\/blog\/wp-json\/wp\/v2\/media\/7464"}],"wp:attachment":[{"href":"https:\/\/slams.fr\/blog\/wp-json\/wp\/v2\/media?parent=7462"}],"wp:term":[{"taxonomy":"category","embeddable":true,"href":"https:\/\/slams.fr\/blog\/wp-json\/wp\/v2\/categories?post=7462"},{"taxonomy":"post_tag","embeddable":true,"href":"https:\/\/slams.fr\/blog\/wp-json\/wp\/v2\/tags?post=7462"}],"curies":[{"name":"wp","href":"https:\/\/api.w.org\/{rel}","templated":true}]}}