{"id":7467,"date":"2025-06-14T22:16:32","date_gmt":"2025-06-14T20:16:32","guid":{"rendered":"https:\/\/slams.fr\/blog\/a-la-une\/choisir-un-lieu-inspirant-pour-un-atelier-ou-une-formation-de-slam-strategies-et-criteres-cles\/"},"modified":"2025-06-14T22:16:32","modified_gmt":"2025-06-14T20:16:32","slug":"choisir-un-lieu-inspirant-pour-un-atelier-ou-une-formation-de-slam-strategies-et-criteres-cles","status":"publish","type":"post","link":"https:\/\/slams.fr\/blog\/a-la-une\/choisir-un-lieu-inspirant-pour-un-atelier-ou-une-formation-de-slam-strategies-et-criteres-cles\/","title":{"rendered":"Choisir un lieu inspirant pour un atelier ou une formation de slam : strat\u00e9gies et crit\u00e8res cl\u00e9s"},"content":{"rendered":"<h1>Choisir un lieu inspirant pour un atelier ou une formation de slam : strat\u00e9gies et crit\u00e8res cl\u00e9s<\/h1>\n<h2>Adapter l\u2019espace \u00e0 la dynamique orale et sc\u00e9nique du slam<\/h2>\n<p>\n    Un <strong>atelier de slam<\/strong> s\u2019appuie sur la <u>restitution orale<\/u> et la <strong>pr\u00e9sence sc\u00e9nique<\/strong>, cr\u00e9ant ainsi un espace de libert\u00e9 o\u00f9 la parole se projette et se partage. Le choix du site doit encourager l\u2019expression corporelle et verbale. Les <strong>espaces ouverts<\/strong>, pourvus d\u2019une <u>acoustique ma\u00eetris\u00e9e<\/u> et modulables selon la taille du groupe, permettent une circulation fluide des participants. Cette mobilit\u00e9 est d\u00e9terminante pour les phases de mise en voix, d\u2019improvisation ou de restitution collective.<\/p>\n<ul>\n<li>En 2022, la Biblioth\u00e8que municipale de Lyon a r\u00e9am\u00e9nag\u00e9 l\u2019ensemble de sa salle polyvalente avec un syst\u00e8me de gradins mobiles et un traitement acoustique sur-mesure lors du festival Slam 69, facilitant la circulation, l\u2019\u00e9coute et l\u2019expression sc\u00e9nique.<\/li>\n<li>La sc\u00e8ne du Caf\u00e9 Culturel Saint-So \u00e0 Lille propose un espace sc\u00e9nique central, entour\u00e9 de places assises, permettant aux slameurs de s\u2019adresser facilement \u00e0 l\u2019ensemble du public et de favoriser une interaction imm\u00e9diate.<\/li>\n<li>Les \u00e9tablissements scolaires comme le Lyc\u00e9e Paul Val\u00e9ry \u00e0 Paris privil\u00e9gient des salles de th\u00e9\u00e2tre modulables, offrant aux \u00e9l\u00e8ves la possibilit\u00e9 d\u2019exp\u00e9rimenter la distance au public et la gestion du micro, essentielle pour la projection vocale.<\/li>\n<\/ul>\n<p>\n    Soulignons que l\u2019environnement doit aussi permettre l\u2019installation d\u2019accessoires \u2013 micros, pupitres, syst\u00e8mes de captation \u2013 tout en pr\u00e9servant la spontan\u00e9it\u00e9 et la convivialit\u00e9 propre au slam. L\u2019adaptabilit\u00e9 du mobilier et la libert\u00e9 d\u2019agencement constituent par cons\u00e9quent des atouts majeurs pour toute structure souhaitant accueillir ce type d\u2019atelier.\n  <\/p>\n<h2>Valoriser le caract\u00e8re inclusif et la convivialit\u00e9 du site<\/h2>\n<p>\n    Le <strong>slam<\/strong> s\u2019adresse \u00e0 tous les profils, transcendant les barri\u00e8res g\u00e9n\u00e9rationnelles et sociales. <u>Assurer l\u2019accessibilit\u00e9 universelle<\/u> du site \u00e0 tous les participants, y compris aux personnes \u00e0 mobilit\u00e9 r\u00e9duite ou en situation de handicap, s\u2019av\u00e8re donc incontournable. L\u2019accueil doit se faire dans un environnement \u00e0 la fois rassurant, chaleureux et propice \u00e0 la confiance mutuelle.<\/p>\n<ul>\n<li>En 2023, la Maison de la Po\u00e9sie de Nantes a mis en place des rampes d\u2019acc\u00e8s temporaires et un accueil multilingue pour des ateliers slam interg\u00e9n\u00e9rationnels.<\/li>\n<li>La m\u00e9diath\u00e8que Boris Vian \u00e0 Villeurbanne s\u2019est distingu\u00e9e en am\u00e9nageant un coin d\u00e9tente avec boissons chaudes et espace lounge, renfor\u00e7ant ainsi la convivialit\u00e9 et l\u2019\u00e9change avant et apr\u00e8s les sessions orales.<\/li>\n<li>Le Centre Social Simone Veil de Roubaix a opt\u00e9 pour des formats de cercle et l\u2019absence de sc\u00e8ne sur\u00e9lev\u00e9e, encourageant l\u2019\u00e9galit\u00e9 de parole entre novices et artistes confirm\u00e9s et diminuant l\u2019appr\u00e9hension des premiers passages.<\/li>\n<\/ul>\n<p>\n    L\u2019exp\u00e9rience montre qu\u2019en favorisant un climat d\u2019entraide et d\u2019\u00e9coute, les participants\u2014qu\u2019ils soient adolescents d\u00e9couvrant le slam ou adultes souhaitant perfectionner leur art\u2014prennent plus facilement des risques cr\u00e9atifs et s\u2019engagent dans un v\u00e9ritable processus collectif. Ce param\u00e8tre constitue selon nous un vecteur d\u00e9cisif de r\u00e9ussite, tant sur le plan individuel que communautaire.\n  <\/p>\n<h2>Prendre en compte la localisation et le contexte culturel<\/h2>\n<p>\n    Le <strong>contexte g\u00e9ographique<\/strong> influence notablement la port\u00e9e de l\u2019atelier. S\u2019ancrer dans un quartier embl\u00e9matique, un tiers-lieu culturel ou une structure associative reconnue, c\u2019est multiplier les synergies et ancrer la pratique slam dans la vie de la cit\u00e9. La localisation influe sur la diversit\u00e9 du public, la communication autour de l\u2019\u00e9v\u00e9nement et la capacit\u00e9 \u00e0 tisser du lien social et interg\u00e9n\u00e9rationnel.\n  <\/p>\n<ul>\n<li>Le Centre Paris Anim\u2019 Ken Saro-Wiwa, implant\u00e9 \u00e0 Belleville, attire un public cosmopolite et b\u00e9n\u00e9ficie du soutien associatif local pour ses formations de slam ouvertes aux jeunes des quartiers prioritaires.<\/li>\n<li>\u00c0 Dakar, la Maison de la Culture Douta Seck propose des ateliers ax\u00e9s sur le slam plurilingue, cr\u00e9ant une passerelle entre cultures francophone et wolof, et stimulant l\u2019\u00e9change interculturel.<\/li>\n<li>En 2024, l\u2019Institut fran\u00e7ais d\u2019Agadir a int\u00e9gr\u00e9 un volet slam \u00e0 ses Rencontres internationales, favorisant la participation de cr\u00e9ateurs d\u2019Afrique du Nord, d\u2019Europe et du Moyen-Orient, et valorisant ainsi l\u2019interculturalit\u00e9 dans les restitutions finales.<\/li>\n<\/ul>\n<p>\n    Choisir un site en coh\u00e9rence avec le tissu culturel local\u2014tout en adaptant les contenus aux <strong>sp\u00e9cificit\u00e9s linguistiques<\/strong> ou sociales\u2014amplifie l\u2019impact et l\u2019adh\u00e9sion des participants. Selon notre exp\u00e9rience, cette approche augmente l\u2019engagement du public et diversifie les repr\u00e9sentations, deux leviers majeurs pour l\u2019essor du slam dans toutes ses dimensions.\n  <\/p>\n<h2>\u00c9valuer la logistique, les \u00e9quipements et la modularit\u00e9<\/h2>\n<p>\n    L\u2019organisation d\u2019un atelier performant impose une \u00e9valuation rigoureuse des <strong>\u00e9quipements techniques<\/strong> et de la <u>logistique au sens large<\/u>. Un cadre bien am\u00e9nag\u00e9 facilite la fluidit\u00e9 des activit\u00e9s et s\u00e9curise le d\u00e9roulement de chaque \u00e9tape du projet, du travail individuel en petits groupes aux restitutions publiques.\n  <\/p>\n<ul>\n<li>La salle Polyvalente de la Maison des Arts de Cr\u00e9teil propose un syst\u00e8me audio professionnel, une estrade mobile et des espaces annexes \u00e9quip\u00e9s pour l\u2019\u00e9criture collaborative, permettant facilement de passer d\u2019ateliers intimes \u00e0 des performances ouvertes.<\/li>\n<li>Le Th\u00e9\u00e2tre de l\u2019Aliz\u00e9 \u00e0 Morlaix dispose d\u2019un syst\u00e8me d\u2019\u00e9clairage adaptable et d\u2019un r\u00e9gisseur attitr\u00e9 d\u00e9di\u00e9 \u00e0 chaque session slam, assurant la qualit\u00e9 technique des captations audio et vid\u00e9o r\u00e9alis\u00e9es lors des performances.<\/li>\n<li>Sur le campus universitaire Grenoble Alpes, le P\u00f4le Culture a install\u00e9 des \u00e9crans interactifs et fourni des tablettes num\u00e9riques pour des sessions d\u2019\u00e9criture assist\u00e9e, tout en offrant un espace modulable favorisant l\u2019\u00e9change en petits groupes comme en pl\u00e9ni\u00e8re.<\/li>\n<\/ul>\n<p>\n    Prendre en compte la nature des ateliers, la fr\u00e9quence des restitutions et la taille des groupes participe \u00e0 l\u2019optimisation des ressources mat\u00e9rielles. \u00c0 notre avis, un espace flexible, \u00e9quip\u00e9 et facilement reconfigurable permet de garantir la qualit\u00e9 p\u00e9dagogique et technique attendue dans un contexte professionnel ou associatif.\n  <\/p>\n<h2>Penser la diffusion et la restitution des performances<\/h2>\n<p>\n    L\u2019un des objectifs majeurs d\u2019un atelier ou d\u2019une formation de slam demeure la <strong>valorisation des cr\u00e9ations orales<\/strong> dans un cadre public. La possibilit\u00e9 de restituer les \u0153uvres, sous la forme de tournoi, de sc\u00e8ne ouverte ou de captation audio\/vid\u00e9o, dynamise l\u2019investissement des participants et leur permet de mesurer concr\u00e8tement la port\u00e9e de leur parole.<\/p>\n<ul>\n<li>Au Printemps des Po\u00e8tes 2024, la Maison de la Po\u00e9sie de Paris a organis\u00e9 des sc\u00e8nes ouvertes hybrides, associant public pr\u00e9sent et diffusion en streaming, offrant ainsi une visibilit\u00e9 accrue aux jeunes slameurs.<\/li>\n<li>La Salle des F\u00eates de Montreuil a nou\u00e9 un partenariat avec la radio associative locale pour enregistrer et diffuser les performances du cycle d\u2019ateliers \u00ab Slam et Identit\u00e9s \u00bb, touchant un public bien au-del\u00e0 de la salle.<\/li>\n<li>Le Centre culturel de Namur en Belgique a syst\u00e9matis\u00e9 la publication de recueils num\u00e9riques post-atelier, regroupant les textes oraux et les enregistrements des participants, inscrivant ainsi la m\u00e9moire collective du projet dans la dur\u00e9e.<\/li>\n<\/ul>\n<p>\n    Miser sur un espace adoss\u00e9 \u00e0 une institution culturelle, une salle municipale ou \u00e9quip\u00e9 d\u2019un dispositif de captation professionnelle, c\u2019est offrir un tremplin \u00e0 la cr\u00e9ation et inscrire durablement le slam dans la vie locale. Nous recommandons vivement ce type de dispositif pour amplifier l\u2019exp\u00e9rience et f\u00e9d\u00e9rer les participants autour d\u2019un projet valorisant.\n  <\/p>\n<h2>Int\u00e9grer le format virtuel : crit\u00e8res sp\u00e9cifiques<\/h2>\n<p>\n    L\u2019essor du distanciel a ouvert de nouveaux horizons au <strong>slam<\/strong>. S\u2019appuyer sur une <u>plateforme de visioconf\u00e9rence robuste<\/u> et des outils collaboratifs performants garantit la continuit\u00e9 des \u00e9changes et la cr\u00e9ativit\u00e9 du groupe, m\u00eame \u00e0 distance. Le soutien technique s\u2019av\u00e8re capital pour que chaque voix puisse s\u2019exprimer en temps r\u00e9el, quelles que soient les contraintes g\u00e9ographiques.\n  <\/p>\n<ul>\n<li>Depuis 2021, la plateforme Zoom SLAM propose des ateliers hebdomadaires ouverts, avec partage de texte en direct et gestion de la prise de parole via mod\u00e9ration professionnelle.<\/li>\n<li>La F\u00e9d\u00e9ration francophone du slam a con\u00e7u un dispositif via Teams int\u00e9grant une fonctionnalit\u00e9 de rooms pour les sous-groupes, permettant de travailler sur l\u2019\u00e9criture collaborative avant restitution en grand groupe.<\/li>\n<li>L\u2019outil Discord SlamUrbain Labs, utilis\u00e9 \u00e0 Montr\u00e9al, offre un espace hybride m\u00ealant salons vocaux et partages vid\u00e9o, accompagn\u00e9s d\u2019un support technique r\u00e9actif, ce qui favorise la synergie m\u00eame lors de sessions multi-fus\u00e9es (plus de 80 participants connect\u00e9s en simultan\u00e9).<\/li>\n<\/ul>\n<p>\n    Nous soulignons que l\u2019accompagnement des participants \u00e0 l\u2019utilisation de ces outils et la clart\u00e9 de la mod\u00e9ration sont des facteurs d\u00e9terminants pour assurer une exp\u00e9rience virtuelle fluide, conviviale et propice \u00e0 l\u2019expression po\u00e9tique. Le choix de la solution num\u00e9rique doit s\u2019appuyer sur la qualit\u00e9 de la bande passante, l\u2019interactivit\u00e9 et la simplicit\u00e9 d\u2019acc\u00e8s propos\u00e9e \u00e0 l\u2019ensemble des publics cibl\u00e9s.\n  <\/p>\n","protected":false},"excerpt":{"rendered":"","protected":false},"author":34,"featured_media":7607,"comment_status":"open","ping_status":"open","sticky":false,"template":"","format":"standard","meta":{"_acf_changed":false,"manual_indexmenow":false,"indexmenow_id_project":0,"footnotes":""},"categories":[1],"tags":[4585,4586,4584],"class_list":["post-7467","post","type-post","status-publish","format-standard","has-post-thumbnail","hentry","category-a-la-une","tag-atelier-slam","tag-formation","tag-lieu-inspirant","generate-columns","tablet-grid-50","mobile-grid-100","grid-parent","grid-25"],"acf":[],"yoast_head":"<!-- This site is optimized with the Yoast SEO Premium plugin v21.3 (Yoast SEO v26.5) - https:\/\/yoast.com\/wordpress\/plugins\/seo\/ -->\n<title>Choisir un lieu pour un atelier ou une formation de slam<\/title>\n<meta name=\"description\" content=\"Un atelier de slam s\u2019appuie sur la restitution orale et la pr\u00e9sence sc\u00e9nique, cr\u00e9ant ainsi un espace de libert\u00e9 o\u00f9 la parole se projette et se partage.\" \/>\n<meta name=\"robots\" content=\"index, follow, max-snippet:-1, max-image-preview:large, max-video-preview:-1\" \/>\n<link rel=\"canonical\" href=\"https:\/\/slams.fr\/blog\/a-la-une\/choisir-un-lieu-inspirant-pour-un-atelier-ou-une-formation-de-slam-strategies-et-criteres-cles\/\" \/>\n<meta property=\"og:locale\" content=\"fr_FR\" \/>\n<meta property=\"og:type\" content=\"article\" \/>\n<meta property=\"og:title\" content=\"Choisir un lieu pour un atelier ou une formation de slam\" \/>\n<meta property=\"og:description\" content=\"Un atelier de slam s\u2019appuie sur la restitution orale et la pr\u00e9sence sc\u00e9nique, cr\u00e9ant ainsi un espace de libert\u00e9 o\u00f9 la parole se projette et se partage.\" \/>\n<meta property=\"og:url\" content=\"https:\/\/slams.fr\/blog\/a-la-une\/choisir-un-lieu-inspirant-pour-un-atelier-ou-une-formation-de-slam-strategies-et-criteres-cles\/\" \/>\n<meta property=\"og:site_name\" content=\"slams\" \/>\n<meta property=\"og:image\" content=\"https:\/\/slams.fr\/blog\/wp-content\/uploads\/2025\/07\/sdxl-5e5d094bfca5a99f950d0b5d46fad306-scaled.png\" \/>\n\t<meta property=\"og:image:width\" content=\"1200\" \/>\n\t<meta property=\"og:image:height\" content=\"500\" \/>\n\t<meta property=\"og:image:type\" content=\"image\/png\" \/>\n<meta name=\"author\" content=\"Rapha\u00ebl D.\" \/>\n<meta name=\"twitter:card\" content=\"summary_large_image\" \/>\n<script type=\"application\/ld+json\" class=\"yoast-schema-graph\">{\"@context\":\"https:\/\/schema.org\",\"@graph\":[{\"@type\":\"NewsArticle\",\"@id\":\"https:\/\/slams.fr\/blog\/a-la-une\/choisir-un-lieu-inspirant-pour-un-atelier-ou-une-formation-de-slam-strategies-et-criteres-cles\/#article\",\"isPartOf\":{\"@id\":\"https:\/\/slams.fr\/blog\/a-la-une\/choisir-un-lieu-inspirant-pour-un-atelier-ou-une-formation-de-slam-strategies-et-criteres-cles\/\"},\"author\":{\"name\":\"Rapha\u00ebl D.\",\"@id\":\"https:\/\/slams.fr\/blog\/#\/schema\/person\/3c864cdc320801e3db34b663e7e3f816\"},\"headline\":\"Choisir un lieu inspirant pour un atelier ou une formation de slam : strat\u00e9gies et crit\u00e8res cl\u00e9s\",\"datePublished\":\"2025-06-14T20:16:32+00:00\",\"mainEntityOfPage\":{\"@id\":\"https:\/\/slams.fr\/blog\/a-la-une\/choisir-un-lieu-inspirant-pour-un-atelier-ou-une-formation-de-slam-strategies-et-criteres-cles\/\"},\"wordCount\":1525,\"commentCount\":0,\"publisher\":{\"@id\":\"https:\/\/slams.fr\/blog\/#organization\"},\"image\":{\"@id\":\"https:\/\/slams.fr\/blog\/a-la-une\/choisir-un-lieu-inspirant-pour-un-atelier-ou-une-formation-de-slam-strategies-et-criteres-cles\/#primaryimage\"},\"thumbnailUrl\":\"https:\/\/slams.fr\/blog\/wp-content\/uploads\/2025\/07\/sdxl-5e5d094bfca5a99f950d0b5d46fad306-scaled.png\",\"keywords\":[\"atelier slam\",\"formation\",\"lieu inspirant\"],\"articleSection\":[\"\u00c0 la une\"],\"inLanguage\":\"fr-FR\",\"potentialAction\":[{\"@type\":\"CommentAction\",\"name\":\"Comment\",\"target\":[\"https:\/\/slams.fr\/blog\/a-la-une\/choisir-un-lieu-inspirant-pour-un-atelier-ou-une-formation-de-slam-strategies-et-criteres-cles\/#respond\"]}]},{\"@type\":\"WebPage\",\"@id\":\"https:\/\/slams.fr\/blog\/a-la-une\/choisir-un-lieu-inspirant-pour-un-atelier-ou-une-formation-de-slam-strategies-et-criteres-cles\/\",\"url\":\"https:\/\/slams.fr\/blog\/a-la-une\/choisir-un-lieu-inspirant-pour-un-atelier-ou-une-formation-de-slam-strategies-et-criteres-cles\/\",\"name\":\"Choisir un lieu pour un atelier ou une formation de slam\",\"isPartOf\":{\"@id\":\"https:\/\/slams.fr\/blog\/#website\"},\"primaryImageOfPage\":{\"@id\":\"https:\/\/slams.fr\/blog\/a-la-une\/choisir-un-lieu-inspirant-pour-un-atelier-ou-une-formation-de-slam-strategies-et-criteres-cles\/#primaryimage\"},\"image\":{\"@id\":\"https:\/\/slams.fr\/blog\/a-la-une\/choisir-un-lieu-inspirant-pour-un-atelier-ou-une-formation-de-slam-strategies-et-criteres-cles\/#primaryimage\"},\"thumbnailUrl\":\"https:\/\/slams.fr\/blog\/wp-content\/uploads\/2025\/07\/sdxl-5e5d094bfca5a99f950d0b5d46fad306-scaled.png\",\"datePublished\":\"2025-06-14T20:16:32+00:00\",\"description\":\"Un atelier de slam s\u2019appuie sur la restitution orale et la pr\u00e9sence sc\u00e9nique, cr\u00e9ant ainsi un espace de libert\u00e9 o\u00f9 la parole se projette et se partage.\",\"inLanguage\":\"fr-FR\",\"potentialAction\":[{\"@type\":\"ReadAction\",\"target\":[\"https:\/\/slams.fr\/blog\/a-la-une\/choisir-un-lieu-inspirant-pour-un-atelier-ou-une-formation-de-slam-strategies-et-criteres-cles\/\"]}]},{\"@type\":\"ImageObject\",\"inLanguage\":\"fr-FR\",\"@id\":\"https:\/\/slams.fr\/blog\/a-la-une\/choisir-un-lieu-inspirant-pour-un-atelier-ou-une-formation-de-slam-strategies-et-criteres-cles\/#primaryimage\",\"url\":\"https:\/\/slams.fr\/blog\/wp-content\/uploads\/2025\/07\/sdxl-5e5d094bfca5a99f950d0b5d46fad306-scaled.png\",\"contentUrl\":\"https:\/\/slams.fr\/blog\/wp-content\/uploads\/2025\/07\/sdxl-5e5d094bfca5a99f950d0b5d46fad306-scaled.png\",\"width\":1200,\"height\":500},{\"@type\":\"WebSite\",\"@id\":\"https:\/\/slams.fr\/blog\/#website\",\"url\":\"https:\/\/slams.fr\/blog\/\",\"name\":\"slams.fr\",\"description\":\"Slams, l&#039;\u00e9nergie des mots en action\",\"publisher\":{\"@id\":\"https:\/\/slams.fr\/blog\/#organization\"},\"alternateName\":\"Slams, l'\u00e9nergie des mots en action\",\"potentialAction\":[{\"@type\":\"SearchAction\",\"target\":{\"@type\":\"EntryPoint\",\"urlTemplate\":\"https:\/\/slams.fr\/blog\/?s={search_term_string}\"},\"query-input\":{\"@type\":\"PropertyValueSpecification\",\"valueRequired\":true,\"valueName\":\"search_term_string\"}}],\"inLanguage\":\"fr-FR\"},{\"@type\":\"Organization\",\"@id\":\"https:\/\/slams.fr\/blog\/#organization\",\"name\":\"Foretsensations.fr\",\"url\":\"https:\/\/slams.fr\/blog\/\",\"logo\":{\"@type\":\"ImageObject\",\"inLanguage\":\"fr-FR\",\"@id\":\"https:\/\/slams.fr\/blog\/#\/schema\/logo\/image\/\",\"url\":\"https:\/\/slams.fr\/blog\/wp-content\/uploads\/2026\/07\/logo-auto-1.png\",\"contentUrl\":\"https:\/\/slams.fr\/blog\/wp-content\/uploads\/2026\/07\/logo-auto-1.png\",\"width\":1024,\"height\":1024,\"caption\":\"Foretsensations.fr\"},\"image\":{\"@id\":\"https:\/\/slams.fr\/blog\/#\/schema\/logo\/image\/\"}},{\"@type\":\"Person\",\"@id\":\"https:\/\/slams.fr\/blog\/#\/schema\/person\/3c864cdc320801e3db34b663e7e3f816\",\"name\":\"Rapha\u00ebl D.\",\"image\":{\"@type\":\"ImageObject\",\"inLanguage\":\"fr-FR\",\"@id\":\"https:\/\/slams.fr\/blog\/#\/schema\/person\/image\/\",\"url\":\"https:\/\/slams.fr\/blog\/wp-content\/uploads\/2026\/06\/persona_raphael-d-96x96.jpg\",\"contentUrl\":\"https:\/\/slams.fr\/blog\/wp-content\/uploads\/2026\/06\/persona_raphael-d-96x96.jpg\",\"caption\":\"Rapha\u00ebl D.\"},\"description\":\"La culture est mon terrain de jeu depuis une dizaine d'ann\u00e9es : arts visuels, s\u00e9ries, cr\u00e9ation et tout ce qui nourrit l'imaginaire. J'\u00e9cris aussi bien sur l'actualit\u00e9 des \u0153uvres que sur les coulisses de la cr\u00e9ation, avec l'envie de relier l'amateur curieux \u00e0 des univers parfois jug\u00e9s intimidants. J'aime analyser une s\u00e9rie ou une d\u00e9marche artistique sans p\u00e9dantisme, replacer une \u0153uvre dans son contexte et donner des cl\u00e9s de lecture accessibles. Avant de publier, je v\u00e9rifie mes r\u00e9f\u00e9rences, je recoupe les sources et je distingue clairement le fait de mon interpr\u00e9tation subjective. Je crois qu'une critique vaut surtout par les arguments qu'elle expose, pas par la sentence qu'elle rend. Mon angle : transmettre l'envie de d\u00e9couvrir, de regarder autrement et de se forger son propre go\u00fbt. La culture n'appartient pas qu'aux initi\u00e9s, et c'est tout l'enjeu de mon \u00e9criture.\",\"url\":\"https:\/\/slams.fr\/blog\/auteur\/raphael-d\/\",\"jobTitle\":\"R\u00e9dacteur en chef \u00b7 Culture & Cr\u00e9ation\",\"knowsAbout\":[\"Culture\",\"Cr\u00e9ation\"],\"email\":\"raphael.d@a-l-asso-de-l-art.fr\"}]}<\/script>\n<!-- \/ Yoast SEO Premium plugin. -->","yoast_head_json":{"title":"Choisir un lieu pour un atelier ou une formation de slam","description":"Un atelier de slam s\u2019appuie sur la restitution orale et la pr\u00e9sence sc\u00e9nique, cr\u00e9ant ainsi un espace de libert\u00e9 o\u00f9 la parole se projette et se partage.","robots":{"index":"index","follow":"follow","max-snippet":"max-snippet:-1","max-image-preview":"max-image-preview:large","max-video-preview":"max-video-preview:-1"},"canonical":"https:\/\/slams.fr\/blog\/a-la-une\/choisir-un-lieu-inspirant-pour-un-atelier-ou-une-formation-de-slam-strategies-et-criteres-cles\/","og_locale":"fr_FR","og_type":"article","og_title":"Choisir un lieu pour un atelier ou une formation de slam","og_description":"Un atelier de slam s\u2019appuie sur la restitution orale et la pr\u00e9sence sc\u00e9nique, cr\u00e9ant ainsi un espace de libert\u00e9 o\u00f9 la parole se projette et se partage.","og_url":"https:\/\/slams.fr\/blog\/a-la-une\/choisir-un-lieu-inspirant-pour-un-atelier-ou-une-formation-de-slam-strategies-et-criteres-cles\/","og_site_name":"slams","og_image":[{"width":1200,"height":500,"url":"https:\/\/slams.fr\/blog\/wp-content\/uploads\/2025\/07\/sdxl-5e5d094bfca5a99f950d0b5d46fad306-scaled.png","type":"image\/png"}],"author":"Rapha\u00ebl D.","twitter_card":"summary_large_image","schema":{"@context":"https:\/\/schema.org","@graph":[{"@type":"NewsArticle","@id":"https:\/\/slams.fr\/blog\/a-la-une\/choisir-un-lieu-inspirant-pour-un-atelier-ou-une-formation-de-slam-strategies-et-criteres-cles\/#article","isPartOf":{"@id":"https:\/\/slams.fr\/blog\/a-la-une\/choisir-un-lieu-inspirant-pour-un-atelier-ou-une-formation-de-slam-strategies-et-criteres-cles\/"},"author":{"name":"Rapha\u00ebl D.","@id":"https:\/\/slams.fr\/blog\/#\/schema\/person\/3c864cdc320801e3db34b663e7e3f816"},"headline":"Choisir un lieu inspirant pour un atelier ou une formation de slam : strat\u00e9gies et crit\u00e8res cl\u00e9s","datePublished":"2025-06-14T20:16:32+00:00","mainEntityOfPage":{"@id":"https:\/\/slams.fr\/blog\/a-la-une\/choisir-un-lieu-inspirant-pour-un-atelier-ou-une-formation-de-slam-strategies-et-criteres-cles\/"},"wordCount":1525,"commentCount":0,"publisher":{"@id":"https:\/\/slams.fr\/blog\/#organization"},"image":{"@id":"https:\/\/slams.fr\/blog\/a-la-une\/choisir-un-lieu-inspirant-pour-un-atelier-ou-une-formation-de-slam-strategies-et-criteres-cles\/#primaryimage"},"thumbnailUrl":"https:\/\/slams.fr\/blog\/wp-content\/uploads\/2025\/07\/sdxl-5e5d094bfca5a99f950d0b5d46fad306-scaled.png","keywords":["atelier slam","formation","lieu inspirant"],"articleSection":["\u00c0 la une"],"inLanguage":"fr-FR","potentialAction":[{"@type":"CommentAction","name":"Comment","target":["https:\/\/slams.fr\/blog\/a-la-une\/choisir-un-lieu-inspirant-pour-un-atelier-ou-une-formation-de-slam-strategies-et-criteres-cles\/#respond"]}]},{"@type":"WebPage","@id":"https:\/\/slams.fr\/blog\/a-la-une\/choisir-un-lieu-inspirant-pour-un-atelier-ou-une-formation-de-slam-strategies-et-criteres-cles\/","url":"https:\/\/slams.fr\/blog\/a-la-une\/choisir-un-lieu-inspirant-pour-un-atelier-ou-une-formation-de-slam-strategies-et-criteres-cles\/","name":"Choisir un lieu pour un atelier ou une formation de slam","isPartOf":{"@id":"https:\/\/slams.fr\/blog\/#website"},"primaryImageOfPage":{"@id":"https:\/\/slams.fr\/blog\/a-la-une\/choisir-un-lieu-inspirant-pour-un-atelier-ou-une-formation-de-slam-strategies-et-criteres-cles\/#primaryimage"},"image":{"@id":"https:\/\/slams.fr\/blog\/a-la-une\/choisir-un-lieu-inspirant-pour-un-atelier-ou-une-formation-de-slam-strategies-et-criteres-cles\/#primaryimage"},"thumbnailUrl":"https:\/\/slams.fr\/blog\/wp-content\/uploads\/2025\/07\/sdxl-5e5d094bfca5a99f950d0b5d46fad306-scaled.png","datePublished":"2025-06-14T20:16:32+00:00","description":"Un atelier de slam s\u2019appuie sur la restitution orale et la pr\u00e9sence sc\u00e9nique, cr\u00e9ant ainsi un espace de libert\u00e9 o\u00f9 la parole se projette et se partage.","inLanguage":"fr-FR","potentialAction":[{"@type":"ReadAction","target":["https:\/\/slams.fr\/blog\/a-la-une\/choisir-un-lieu-inspirant-pour-un-atelier-ou-une-formation-de-slam-strategies-et-criteres-cles\/"]}]},{"@type":"ImageObject","inLanguage":"fr-FR","@id":"https:\/\/slams.fr\/blog\/a-la-une\/choisir-un-lieu-inspirant-pour-un-atelier-ou-une-formation-de-slam-strategies-et-criteres-cles\/#primaryimage","url":"https:\/\/slams.fr\/blog\/wp-content\/uploads\/2025\/07\/sdxl-5e5d094bfca5a99f950d0b5d46fad306-scaled.png","contentUrl":"https:\/\/slams.fr\/blog\/wp-content\/uploads\/2025\/07\/sdxl-5e5d094bfca5a99f950d0b5d46fad306-scaled.png","width":1200,"height":500},{"@type":"WebSite","@id":"https:\/\/slams.fr\/blog\/#website","url":"https:\/\/slams.fr\/blog\/","name":"slams.fr","description":"Slams, l&#039;\u00e9nergie des mots en action","publisher":{"@id":"https:\/\/slams.fr\/blog\/#organization"},"alternateName":"Slams, l'\u00e9nergie des mots en action","potentialAction":[{"@type":"SearchAction","target":{"@type":"EntryPoint","urlTemplate":"https:\/\/slams.fr\/blog\/?s={search_term_string}"},"query-input":{"@type":"PropertyValueSpecification","valueRequired":true,"valueName":"search_term_string"}}],"inLanguage":"fr-FR"},{"@type":"Organization","@id":"https:\/\/slams.fr\/blog\/#organization","name":"Foretsensations.fr","url":"https:\/\/slams.fr\/blog\/","logo":{"@type":"ImageObject","inLanguage":"fr-FR","@id":"https:\/\/slams.fr\/blog\/#\/schema\/logo\/image\/","url":"https:\/\/slams.fr\/blog\/wp-content\/uploads\/2026\/07\/logo-auto-1.png","contentUrl":"https:\/\/slams.fr\/blog\/wp-content\/uploads\/2026\/07\/logo-auto-1.png","width":1024,"height":1024,"caption":"Foretsensations.fr"},"image":{"@id":"https:\/\/slams.fr\/blog\/#\/schema\/logo\/image\/"}},{"@type":"Person","@id":"https:\/\/slams.fr\/blog\/#\/schema\/person\/3c864cdc320801e3db34b663e7e3f816","name":"Rapha\u00ebl D.","image":{"@type":"ImageObject","inLanguage":"fr-FR","@id":"https:\/\/slams.fr\/blog\/#\/schema\/person\/image\/","url":"https:\/\/slams.fr\/blog\/wp-content\/uploads\/2026\/06\/persona_raphael-d-96x96.jpg","contentUrl":"https:\/\/slams.fr\/blog\/wp-content\/uploads\/2026\/06\/persona_raphael-d-96x96.jpg","caption":"Rapha\u00ebl D."},"description":"La culture est mon terrain de jeu depuis une dizaine d'ann\u00e9es : arts visuels, s\u00e9ries, cr\u00e9ation et tout ce qui nourrit l'imaginaire. J'\u00e9cris aussi bien sur l'actualit\u00e9 des \u0153uvres que sur les coulisses de la cr\u00e9ation, avec l'envie de relier l'amateur curieux \u00e0 des univers parfois jug\u00e9s intimidants. J'aime analyser une s\u00e9rie ou une d\u00e9marche artistique sans p\u00e9dantisme, replacer une \u0153uvre dans son contexte et donner des cl\u00e9s de lecture accessibles. Avant de publier, je v\u00e9rifie mes r\u00e9f\u00e9rences, je recoupe les sources et je distingue clairement le fait de mon interpr\u00e9tation subjective. Je crois qu'une critique vaut surtout par les arguments qu'elle expose, pas par la sentence qu'elle rend. Mon angle : transmettre l'envie de d\u00e9couvrir, de regarder autrement et de se forger son propre go\u00fbt. La culture n'appartient pas qu'aux initi\u00e9s, et c'est tout l'enjeu de mon \u00e9criture.","url":"https:\/\/slams.fr\/blog\/auteur\/raphael-d\/","jobTitle":"R\u00e9dacteur en chef \u00b7 Culture & Cr\u00e9ation","knowsAbout":["Culture","Cr\u00e9ation"],"email":"raphael.d@a-l-asso-de-l-art.fr"}]}},"_links":{"self":[{"href":"https:\/\/slams.fr\/blog\/wp-json\/wp\/v2\/posts\/7467","targetHints":{"allow":["GET"]}}],"collection":[{"href":"https:\/\/slams.fr\/blog\/wp-json\/wp\/v2\/posts"}],"about":[{"href":"https:\/\/slams.fr\/blog\/wp-json\/wp\/v2\/types\/post"}],"author":[{"embeddable":true,"href":"https:\/\/slams.fr\/blog\/wp-json\/wp\/v2\/users\/34"}],"replies":[{"embeddable":true,"href":"https:\/\/slams.fr\/blog\/wp-json\/wp\/v2\/comments?post=7467"}],"version-history":[{"count":0,"href":"https:\/\/slams.fr\/blog\/wp-json\/wp\/v2\/posts\/7467\/revisions"}],"wp:featuredmedia":[{"embeddable":true,"href":"https:\/\/slams.fr\/blog\/wp-json\/wp\/v2\/media\/7607"}],"wp:attachment":[{"href":"https:\/\/slams.fr\/blog\/wp-json\/wp\/v2\/media?parent=7467"}],"wp:term":[{"taxonomy":"category","embeddable":true,"href":"https:\/\/slams.fr\/blog\/wp-json\/wp\/v2\/categories?post=7467"},{"taxonomy":"post_tag","embeddable":true,"href":"https:\/\/slams.fr\/blog\/wp-json\/wp\/v2\/tags?post=7467"}],"curies":[{"name":"wp","href":"https:\/\/api.w.org\/{rel}","templated":true}]}}