{"id":7468,"date":"2025-06-14T22:16:42","date_gmt":"2025-06-14T20:16:42","guid":{"rendered":"https:\/\/slams.fr\/blog\/a-la-une\/choisir-un-lieu-inspirant-pour-un-atelier-ou-une-formation-de-slam-strategies-et-criteres-cles-2\/"},"modified":"2025-06-14T22:16:42","modified_gmt":"2025-06-14T20:16:42","slug":"choisir-un-lieu-inspirant-pour-un-atelier-ou-une-formation-de-slam-strategies-et-criteres-cles-2","status":"publish","type":"post","link":"https:\/\/slams.fr\/blog\/a-la-une\/choisir-un-lieu-inspirant-pour-un-atelier-ou-une-formation-de-slam-strategies-et-criteres-cles-2\/","title":{"rendered":"Choisir un lieu inspirant pour un atelier ou une formation de slam : strat\u00e9gies et crit\u00e8res cl\u00e9s"},"content":{"rendered":"<h1>Choisir un lieu inspirant pour un atelier ou une formation de slam : strat\u00e9gies et crit\u00e8res cl\u00e9s<\/h1>\n<h2>Adapter l\u2019espace \u00e0 la dynamique orale et sc\u00e9nique du slam<\/h2>\n<p>\n        Le <strong>slam<\/strong> repose sur l\u2019<u>oralit\u00e9 vivante<\/u>, la puissance de la voix, l\u2019incarnation physique du texte. Ainsi, le site retenu doit offrir les conditions id\u00e9ales pour explorer la <strong>pr\u00e9sence sc\u00e9nique<\/strong> et la <strong>projection vocale<\/strong>. \u00c9loignons-nous des salles de classe fig\u00e9es ou des amphith\u00e9\u00e2tres impersonnels. Privil\u00e9gions des lieux ouverts, modulables, \u00e0 l\u2019acoustique soign\u00e9e, o\u00f9 la circulation et la disposition du mobilier peuvent \u00eatre ajust\u00e9es au gr\u00e9 des exercices collectifs et des jeux de sc\u00e8ne.\n    <\/p>\n<p>\n        Durant la session 2022 de \u00ab <strong>\u00c9crire et Dire<\/strong> \u00bb men\u00e9e par le collectif 129H \u00e0 Paris, la r\u00e9organisation d\u2019un studio de r\u00e9p\u00e9tition en cercle, sans estrade, a permis de briser la distance entre participants et animateur, lib\u00e9rant une \u00e9nergie nouvelle. Ce type d\u2019agencement favorise l\u2019expression corporelle, l\u2019\u00e9coute mutuelle et la prise de parole spontan\u00e9e.\n    <\/p>\n<ul>\n<li>\n            Espaces artistiques comme la <strong>Maison de la Po\u00e9sie<\/strong> \u00e0 Paris : configuration flexible, lumi\u00e8re modulable, mobilier sur roulettes.\n        <\/li>\n<li>\n            <strong>Salles polyvalentes<\/strong> de centres culturels : possibilit\u00e9 de cr\u00e9er plusieurs zones, estrade amovible pour restitutions collectives.\n        <\/li>\n<li>\n            Ateliers organis\u00e9s dans un <strong>caf\u00e9-th\u00e9\u00e2tre<\/strong> \u00e0 Lyon : favorisent la circulation des voix et la proximit\u00e9 public-artiste.\n        <\/li>\n<\/ul>\n<h2>Valoriser le caract\u00e8re inclusif et la convivialit\u00e9 du site<\/h2>\n<p>\n        Toute <strong>programmation d\u2019atelier de slam<\/strong> gagne \u00e0 se d\u00e9rouler dans un cadre inclusif, o\u00f9 chaque voix s\u2019affirme sans crainte du jugement. L\u2019<u>accessibilit\u00e9 universelle<\/u> et l\u2019atmosph\u00e8re de confiance priment, en particulier aupr\u00e8s d\u2019un public mixte, allant des lyc\u00e9ens en qu\u00eate d\u2019expression \u00e0 des s\u00e9niors explorant la po\u00e9sie urbaine.\n    <\/p>\n<p>\n        L\u2019\u00e9dition 2023 de l\u2019<strong>atelier interg\u00e9n\u00e9rationnel de slam \u00e0 la M\u00e9diath\u00e8que de Toulouse<\/strong> a d\u00e9montr\u00e9 l\u2019impact d\u2019un environnement accueillant : rampes d\u2019acc\u00e8s, signal\u00e9tique claire, zones de d\u00e9tente propices \u00e0 l\u2019\u00e9change informel. Les participants, qu\u2019ils soient d\u00e9butants ou exp\u00e9riment\u00e9s, ont pu s\u2019immerger sans barri\u00e8re dans la cr\u00e9ation collective, soutenus par une \u00e9quipe attentive \u00e0 chaque besoin sp\u00e9cifique.\n    <\/p>\n<ul>\n<li>\n            <strong>M\u00e9diath\u00e8ques et biblioth\u00e8ques<\/strong> : contexte paisible, personnel form\u00e9 \u00e0 l\u2019accueil de groupes h\u00e9t\u00e9rog\u00e8nes, pr\u00eat de mat\u00e9riel.\n        <\/li>\n<li>\n            <strong>Associations d\u2019insertion<\/strong> : dispositifs d\u2019accompagnement pour publics \u00e9loign\u00e9s de l\u2019offre culturelle, ateliers adapt\u00e9s.\n        <\/li>\n<li>\n            <strong>\u00c9tablissements scolaires<\/strong> : int\u00e9gration au sein d\u2019un projet plus vaste, ambiance s\u00e9curisante gr\u00e2ce \u00e0 un cadre institutionnel.\n        <\/li>\n<\/ul>\n<h2>Prendre en compte la localisation et le contexte culturel<\/h2>\n<p>\n        Le choix du site doit s\u2019ancrer dans le tissu <strong>socio-culturel local<\/strong> pour garantir un engagement fort et une r\u00e9elle synergie avec la communaut\u00e9. Animer un atelier dans un quartier populaire embl\u00e9matique, dans un centre artistique reconnu, ou au sein d\u2019une structure associative, peut modifier profond\u00e9ment la dynamique de participation et enrichir le contenu des textes produits.\n    <\/p>\n<p>\n        En 2024, l\u2019atelier de slam lanc\u00e9 au <strong>Centre Social Mistral \u00e0 Marseille<\/strong> a permis de f\u00e9d\u00e9rer des jeunes issus d\u2019horizons diff\u00e9rents autour d\u2019un projet d\u2019\u00e9criture collective valorisant la pluralit\u00e9 culturelle du quartier. Sur la sc\u00e8ne internationale, l\u2019\u00e9quipe du collectif <strong>Slam\u2019Afrique<\/strong> adapte m\u00e9thodiquement ses ateliers aux sp\u00e9cificit\u00e9s linguistiques, en organisant des sessions distinctes pour les francophones et les locuteurs de langues locales, favorisant ainsi un dialogue interculturel et l\u2019expression d\u2019identit\u00e9s multiples.\n    <\/p>\n<ul>\n<li>\n            <strong>Quartiers prioritaires de la ville<\/strong> : ancrage territorial renforc\u00e9, participation massive, impact social tangible.\n        <\/li>\n<li>\n            <strong>Espaces francophones \u00e0 l\u2019\u00e9tranger<\/strong> : ateliers bilingues, adaptation culturelle des contenus, soutien des institutions locales.\n        <\/li>\n<li>\n            <strong>Maisons de quartier<\/strong> : implication des familles, articulation avec des partenaires sociaux ou \u00e9ducatifs.\n        <\/li>\n<\/ul>\n<h2>\u00c9valuer la logistique, les \u00e9quipements et la modularit\u00e9<\/h2>\n<p>\n        La r\u00e9ussite d\u2019un atelier de slam s\u2019appuie sur la disponibilit\u00e9 de <strong>mat\u00e9riels professionnels et d\u2019espaces modulables<\/strong>. L\u2019absence de syst\u00e8me de sonorisation ou d\u2019espace d\u00e9di\u00e9 \u00e0 la captation peut rapidement freiner la cr\u00e9ativit\u00e9. Il s\u2019agit de garantir un environnement o\u00f9 chaque \u00e9tape, de l\u2019\u00e9criture \u00e0 la performance, trouve sa place.\n    <\/p>\n<p>\n        Lors du <strong>stage r\u00e9gional \u201cSlam et Oralit\u00e9\u201d de Lille en 2023<\/strong>, la pr\u00e9sence d\u2019une estrade mobile, d\u2019un syst\u00e8me audio performant et de cabines d\u2019enregistrement a permis d\u2019alterner entre ateliers d\u2019\u00e9criture en petits groupes et performances publiques, tout en conservant des archives audio pour un recueil collectif.\n    <\/p>\n<ul>\n<li>\n            <strong>Syst\u00e8mes de micro HF et amplis portatifs<\/strong> : essentiels pour les sc\u00e8nes ouvertes ou interventions itin\u00e9rantes.\n        <\/li>\n<li>\n            <strong>Mobilier mobile<\/strong> : tables pliantes, fauteuils modulaires, pour recomposer l\u2019espace \u00e0 chaque s\u00e9quence.\n        <\/li>\n<li>\n            <strong>Espaces annexes<\/strong> : salles isol\u00e9es pour travail en duo, salons pour \u00e9changes informels.\n        <\/li>\n<li>\n            <strong>Ressources num\u00e9riques<\/strong> : ordinateurs pour \u00e9criture collaborative, vid\u00e9oprojecteur pour diffusion de textes ou captation vid\u00e9o.\n        <\/li>\n<\/ul>\n<h2>Penser la diffusion et la restitution des performances<\/h2>\n<p>\n        Pour inscrire l\u2019atelier de slam dans une temporalit\u00e9 longue et valoriser r\u00e9ellement les cr\u00e9ations, il est judicieux d\u2019int\u00e9grer la notion de <strong>restitution publique<\/strong> et de <strong>diffusion<\/strong>. Associer un atelier \u00e0 un tournoi local, une sc\u00e8ne ouverte municipale ou la r\u00e9alisation d\u2019un recueil audio dynamise la motivation des participants et contribue \u00e0 la visibilit\u00e9 du projet.\n    <\/p>\n<p>\n        Lors du <strong>festival \u201cParoles Urbaines\u201d de Bruxelles 2024<\/strong>, la restitution finale en salle municipale a r\u00e9uni publics scolaires, artistes et familles, faisant \u00e9merger des collaborations in\u00e9dites et propulsant certains slameurs sur la sc\u00e8ne nationale. Ce type d\u2019initiative tisse des liens durables avec le public et les institutions, tout en inscrivant le projet dans le paysage culturel local.\n    <\/p>\n<ul>\n<li>\n            <strong>Sc\u00e8nes culturelles locales<\/strong> : rayonnement m\u00e9diatique, int\u00e9gration aux saisons artistiques.\n        <\/li>\n<li>\n            <strong>Captations audio-vid\u00e9o<\/strong> : cr\u00e9ation d\u2019albums collectifs, podcasts ou webdocs, diffusion sur les r\u00e9seaux communautaires.\n        <\/li>\n<li>\n            <strong>Partenariats institutionnels<\/strong> : financements, relais communication, p\u00e9rennisation de l\u2019action.\n        <\/li>\n<\/ul>\n<h2>Int\u00e9grer le format virtuel : crit\u00e8res sp\u00e9cifiques<\/h2>\n<p>\n        Les <strong>ateliers de slam en ligne<\/strong> connaissent un essor significatif, permettant de toucher un public \u00e9largi, sur des territoires isol\u00e9s ou \u00e0 l\u2019international. La r\u00e9ussite de ces formats repose sur la <strong>qualit\u00e9 technique de la plateforme<\/strong>, la fluidit\u00e9 des interactions et la capacit\u00e9 \u00e0 recr\u00e9er un esprit de groupe malgr\u00e9 la distance g\u00e9ographique.\n    <\/p>\n<p>\n        En 2023, le <strong>MOOC \u201c\u00c9crire et Performer le Slam\u201d d\u00e9velopp\u00e9 par la plateforme Verbaludik<\/strong> a d\u00e9montr\u00e9 l\u2019impact d\u2019un accompagnement technique solide : visioconf\u00e9rence HD, outils collaboratifs interactifs, animateurs form\u00e9s au num\u00e9rique, assistance en temps r\u00e9el. La dynamique de groupe s\u2019est maintenue gr\u00e2ce \u00e0 la r\u00e9partition des participants en sous-groupes, la mise en place de d\u00e9fis cr\u00e9atifs synchrones et la publication r\u00e9guli\u00e8re des performances sur un serveur partag\u00e9.\n    <\/p>\n<ul>\n<li>\n            <strong>Plateformes de visioconf\u00e9rence robustes<\/strong> (Zoom, Teams, BigBlueButton) : gestion optimale de la prise de parole, possibilit\u00e9 de cr\u00e9er des salles priv\u00e9es.\n        <\/li>\n<li>\n            <strong>Outils d\u2019\u00e9criture collaborative<\/strong> (Google Docs, Padlet) : enrichissement collectif des textes, suivi des versions.\n        <\/li>\n<li>\n            <strong>Assistance technique d\u00e9di\u00e9e<\/strong> : tutoriels vid\u00e9o, hotline, mod\u00e9ration active des sessions.\n        <\/li>\n<li>\n            <strong>Archivage et diffusion num\u00e9rique<\/strong> : partage des captations, galeries audio-visuelles priv\u00e9es ou publiques.\n        <\/li>\n<\/ul>\n<h2>Conclusion : B\u00e2tir des exp\u00e9riences slam uniques gr\u00e2ce au choix du site<\/h2>\n<p>\n        Opter pour un site appropri\u00e9 lors de la planification d\u2019un atelier ou d\u2019une formation de slam influence consid\u00e9rablement l\u2019efficacit\u00e9 p\u00e9dagogique, l\u2019implication des participants et la richesse des restitutions. Les retours d\u2019exp\u00e9rience des principaux acteurs du secteur t\u00e9moignent de l\u2019importance de conjuguer <strong>modularit\u00e9 spatiale<\/strong>, <strong>inclusivit\u00e9<\/strong>, <strong>contextualisation culturelle<\/strong> et <strong>ad\u00e9quation technique<\/strong> pour r\u00e9v\u00e9ler la pleine puissance cr\u00e9ative du slam.\n    <\/p>\n<p>\n        Nous recommandons vivement de privil\u00e9gier des lieux o\u00f9 la voix de chacun peut s\u2019\u00e9lever dans un climat de confiance, de conjuguer restitution publique et innovations num\u00e9riques, et d\u2019ancrer chaque projet dans une dynamique locale forte. Cette d\u00e9marche garantit la p\u00e9rennit\u00e9 du mouvement slam, la diversit\u00e9 des cr\u00e9ations et une ouverture sur de nouveaux publics, en France comme \u00e0 l\u2019international.\n    <\/p>\n","protected":false},"excerpt":{"rendered":"","protected":false},"author":34,"featured_media":7606,"comment_status":"open","ping_status":"open","sticky":false,"template":"","format":"standard","meta":{"_acf_changed":false,"manual_indexmenow":false,"indexmenow_id_project":0,"footnotes":""},"categories":[1],"tags":[4585,4586,4584],"class_list":["post-7468","post","type-post","status-publish","format-standard","has-post-thumbnail","hentry","category-a-la-une","tag-atelier-slam","tag-formation","tag-lieu-inspirant","generate-columns","tablet-grid-50","mobile-grid-100","grid-parent","grid-25"],"acf":[],"yoast_head":"<!-- This site is optimized with the Yoast SEO Premium plugin v21.3 (Yoast SEO v26.5) - https:\/\/yoast.com\/wordpress\/plugins\/seo\/ -->\n<title>Choisir un lieu pour un atelier ou une formation de slam<\/title>\n<meta name=\"description\" content=\"Le slam repose sur l\u2019oralit\u00e9 vivante, la puissance de la voix, l\u2019incarnation physique du texte.\" \/>\n<meta name=\"robots\" content=\"index, follow, max-snippet:-1, max-image-preview:large, max-video-preview:-1\" \/>\n<link rel=\"canonical\" href=\"https:\/\/slams.fr\/blog\/a-la-une\/choisir-un-lieu-inspirant-pour-un-atelier-ou-une-formation-de-slam-strategies-et-criteres-cles-2\/\" \/>\n<meta property=\"og:locale\" content=\"fr_FR\" \/>\n<meta property=\"og:type\" content=\"article\" \/>\n<meta property=\"og:title\" content=\"Choisir un lieu pour un atelier ou une formation de slam\" \/>\n<meta property=\"og:description\" content=\"Le slam repose sur l\u2019oralit\u00e9 vivante, la puissance de la voix, l\u2019incarnation physique du texte.\" \/>\n<meta property=\"og:url\" content=\"https:\/\/slams.fr\/blog\/a-la-une\/choisir-un-lieu-inspirant-pour-un-atelier-ou-une-formation-de-slam-strategies-et-criteres-cles-2\/\" \/>\n<meta property=\"og:site_name\" content=\"slams\" \/>\n<meta property=\"og:image\" content=\"https:\/\/slams.fr\/blog\/wp-content\/uploads\/2025\/07\/sdxl-6321aa480e765dc80554a1806d8dd08e-scaled.png\" \/>\n\t<meta property=\"og:image:width\" content=\"1200\" \/>\n\t<meta property=\"og:image:height\" content=\"500\" \/>\n\t<meta property=\"og:image:type\" content=\"image\/png\" \/>\n<meta name=\"author\" content=\"Rapha\u00ebl D.\" \/>\n<meta name=\"twitter:card\" content=\"summary_large_image\" \/>\n<script type=\"application\/ld+json\" class=\"yoast-schema-graph\">{\"@context\":\"https:\/\/schema.org\",\"@graph\":[{\"@type\":\"NewsArticle\",\"@id\":\"https:\/\/slams.fr\/blog\/a-la-une\/choisir-un-lieu-inspirant-pour-un-atelier-ou-une-formation-de-slam-strategies-et-criteres-cles-2\/#article\",\"isPartOf\":{\"@id\":\"https:\/\/slams.fr\/blog\/a-la-une\/choisir-un-lieu-inspirant-pour-un-atelier-ou-une-formation-de-slam-strategies-et-criteres-cles-2\/\"},\"author\":{\"name\":\"Rapha\u00ebl D.\",\"@id\":\"https:\/\/slams.fr\/blog\/#\/schema\/person\/3c864cdc320801e3db34b663e7e3f816\"},\"headline\":\"Choisir un lieu inspirant pour un atelier ou une formation de slam : strat\u00e9gies et crit\u00e8res cl\u00e9s\",\"datePublished\":\"2025-06-14T20:16:42+00:00\",\"mainEntityOfPage\":{\"@id\":\"https:\/\/slams.fr\/blog\/a-la-une\/choisir-un-lieu-inspirant-pour-un-atelier-ou-une-formation-de-slam-strategies-et-criteres-cles-2\/\"},\"wordCount\":1347,\"commentCount\":0,\"publisher\":{\"@id\":\"https:\/\/slams.fr\/blog\/#organization\"},\"image\":{\"@id\":\"https:\/\/slams.fr\/blog\/a-la-une\/choisir-un-lieu-inspirant-pour-un-atelier-ou-une-formation-de-slam-strategies-et-criteres-cles-2\/#primaryimage\"},\"thumbnailUrl\":\"https:\/\/slams.fr\/blog\/wp-content\/uploads\/2025\/07\/sdxl-6321aa480e765dc80554a1806d8dd08e-scaled.png\",\"keywords\":[\"atelier slam\",\"formation\",\"lieu inspirant\"],\"articleSection\":[\"\u00c0 la une\"],\"inLanguage\":\"fr-FR\",\"potentialAction\":[{\"@type\":\"CommentAction\",\"name\":\"Comment\",\"target\":[\"https:\/\/slams.fr\/blog\/a-la-une\/choisir-un-lieu-inspirant-pour-un-atelier-ou-une-formation-de-slam-strategies-et-criteres-cles-2\/#respond\"]}]},{\"@type\":\"WebPage\",\"@id\":\"https:\/\/slams.fr\/blog\/a-la-une\/choisir-un-lieu-inspirant-pour-un-atelier-ou-une-formation-de-slam-strategies-et-criteres-cles-2\/\",\"url\":\"https:\/\/slams.fr\/blog\/a-la-une\/choisir-un-lieu-inspirant-pour-un-atelier-ou-une-formation-de-slam-strategies-et-criteres-cles-2\/\",\"name\":\"Choisir un lieu pour un atelier ou une formation de slam\",\"isPartOf\":{\"@id\":\"https:\/\/slams.fr\/blog\/#website\"},\"primaryImageOfPage\":{\"@id\":\"https:\/\/slams.fr\/blog\/a-la-une\/choisir-un-lieu-inspirant-pour-un-atelier-ou-une-formation-de-slam-strategies-et-criteres-cles-2\/#primaryimage\"},\"image\":{\"@id\":\"https:\/\/slams.fr\/blog\/a-la-une\/choisir-un-lieu-inspirant-pour-un-atelier-ou-une-formation-de-slam-strategies-et-criteres-cles-2\/#primaryimage\"},\"thumbnailUrl\":\"https:\/\/slams.fr\/blog\/wp-content\/uploads\/2025\/07\/sdxl-6321aa480e765dc80554a1806d8dd08e-scaled.png\",\"datePublished\":\"2025-06-14T20:16:42+00:00\",\"description\":\"Le slam repose sur l\u2019oralit\u00e9 vivante, la puissance de la voix, l\u2019incarnation physique du texte.\",\"inLanguage\":\"fr-FR\",\"potentialAction\":[{\"@type\":\"ReadAction\",\"target\":[\"https:\/\/slams.fr\/blog\/a-la-une\/choisir-un-lieu-inspirant-pour-un-atelier-ou-une-formation-de-slam-strategies-et-criteres-cles-2\/\"]}]},{\"@type\":\"ImageObject\",\"inLanguage\":\"fr-FR\",\"@id\":\"https:\/\/slams.fr\/blog\/a-la-une\/choisir-un-lieu-inspirant-pour-un-atelier-ou-une-formation-de-slam-strategies-et-criteres-cles-2\/#primaryimage\",\"url\":\"https:\/\/slams.fr\/blog\/wp-content\/uploads\/2025\/07\/sdxl-6321aa480e765dc80554a1806d8dd08e-scaled.png\",\"contentUrl\":\"https:\/\/slams.fr\/blog\/wp-content\/uploads\/2025\/07\/sdxl-6321aa480e765dc80554a1806d8dd08e-scaled.png\",\"width\":1200,\"height\":500},{\"@type\":\"WebSite\",\"@id\":\"https:\/\/slams.fr\/blog\/#website\",\"url\":\"https:\/\/slams.fr\/blog\/\",\"name\":\"slams.fr\",\"description\":\"Slams, l&#039;\u00e9nergie des mots en action\",\"publisher\":{\"@id\":\"https:\/\/slams.fr\/blog\/#organization\"},\"alternateName\":\"Slams, l'\u00e9nergie des mots en action\",\"potentialAction\":[{\"@type\":\"SearchAction\",\"target\":{\"@type\":\"EntryPoint\",\"urlTemplate\":\"https:\/\/slams.fr\/blog\/?s={search_term_string}\"},\"query-input\":{\"@type\":\"PropertyValueSpecification\",\"valueRequired\":true,\"valueName\":\"search_term_string\"}}],\"inLanguage\":\"fr-FR\"},{\"@type\":\"Organization\",\"@id\":\"https:\/\/slams.fr\/blog\/#organization\",\"name\":\"Foretsensations.fr\",\"url\":\"https:\/\/slams.fr\/blog\/\",\"logo\":{\"@type\":\"ImageObject\",\"inLanguage\":\"fr-FR\",\"@id\":\"https:\/\/slams.fr\/blog\/#\/schema\/logo\/image\/\",\"url\":\"https:\/\/slams.fr\/blog\/wp-content\/uploads\/2026\/07\/logo-auto-1.png\",\"contentUrl\":\"https:\/\/slams.fr\/blog\/wp-content\/uploads\/2026\/07\/logo-auto-1.png\",\"width\":1024,\"height\":1024,\"caption\":\"Foretsensations.fr\"},\"image\":{\"@id\":\"https:\/\/slams.fr\/blog\/#\/schema\/logo\/image\/\"}},{\"@type\":\"Person\",\"@id\":\"https:\/\/slams.fr\/blog\/#\/schema\/person\/3c864cdc320801e3db34b663e7e3f816\",\"name\":\"Rapha\u00ebl D.\",\"image\":{\"@type\":\"ImageObject\",\"inLanguage\":\"fr-FR\",\"@id\":\"https:\/\/slams.fr\/blog\/#\/schema\/person\/image\/\",\"url\":\"https:\/\/slams.fr\/blog\/wp-content\/uploads\/2026\/06\/persona_raphael-d-96x96.jpg\",\"contentUrl\":\"https:\/\/slams.fr\/blog\/wp-content\/uploads\/2026\/06\/persona_raphael-d-96x96.jpg\",\"caption\":\"Rapha\u00ebl D.\"},\"description\":\"La culture est mon terrain de jeu depuis une dizaine d'ann\u00e9es : arts visuels, s\u00e9ries, cr\u00e9ation et tout ce qui nourrit l'imaginaire. J'\u00e9cris aussi bien sur l'actualit\u00e9 des \u0153uvres que sur les coulisses de la cr\u00e9ation, avec l'envie de relier l'amateur curieux \u00e0 des univers parfois jug\u00e9s intimidants. J'aime analyser une s\u00e9rie ou une d\u00e9marche artistique sans p\u00e9dantisme, replacer une \u0153uvre dans son contexte et donner des cl\u00e9s de lecture accessibles. Avant de publier, je v\u00e9rifie mes r\u00e9f\u00e9rences, je recoupe les sources et je distingue clairement le fait de mon interpr\u00e9tation subjective. Je crois qu'une critique vaut surtout par les arguments qu'elle expose, pas par la sentence qu'elle rend. Mon angle : transmettre l'envie de d\u00e9couvrir, de regarder autrement et de se forger son propre go\u00fbt. La culture n'appartient pas qu'aux initi\u00e9s, et c'est tout l'enjeu de mon \u00e9criture.\",\"url\":\"https:\/\/slams.fr\/blog\/auteur\/raphael-d\/\",\"jobTitle\":\"R\u00e9dacteur en chef \u00b7 Culture & Cr\u00e9ation\",\"knowsAbout\":[\"Culture\",\"Cr\u00e9ation\"],\"email\":\"raphael.d@a-l-asso-de-l-art.fr\"}]}<\/script>\n<!-- \/ Yoast SEO Premium plugin. -->","yoast_head_json":{"title":"Choisir un lieu pour un atelier ou une formation de slam","description":"Le slam repose sur l\u2019oralit\u00e9 vivante, la puissance de la voix, l\u2019incarnation physique du texte.","robots":{"index":"index","follow":"follow","max-snippet":"max-snippet:-1","max-image-preview":"max-image-preview:large","max-video-preview":"max-video-preview:-1"},"canonical":"https:\/\/slams.fr\/blog\/a-la-une\/choisir-un-lieu-inspirant-pour-un-atelier-ou-une-formation-de-slam-strategies-et-criteres-cles-2\/","og_locale":"fr_FR","og_type":"article","og_title":"Choisir un lieu pour un atelier ou une formation de slam","og_description":"Le slam repose sur l\u2019oralit\u00e9 vivante, la puissance de la voix, l\u2019incarnation physique du texte.","og_url":"https:\/\/slams.fr\/blog\/a-la-une\/choisir-un-lieu-inspirant-pour-un-atelier-ou-une-formation-de-slam-strategies-et-criteres-cles-2\/","og_site_name":"slams","og_image":[{"width":1200,"height":500,"url":"https:\/\/slams.fr\/blog\/wp-content\/uploads\/2025\/07\/sdxl-6321aa480e765dc80554a1806d8dd08e-scaled.png","type":"image\/png"}],"author":"Rapha\u00ebl D.","twitter_card":"summary_large_image","schema":{"@context":"https:\/\/schema.org","@graph":[{"@type":"NewsArticle","@id":"https:\/\/slams.fr\/blog\/a-la-une\/choisir-un-lieu-inspirant-pour-un-atelier-ou-une-formation-de-slam-strategies-et-criteres-cles-2\/#article","isPartOf":{"@id":"https:\/\/slams.fr\/blog\/a-la-une\/choisir-un-lieu-inspirant-pour-un-atelier-ou-une-formation-de-slam-strategies-et-criteres-cles-2\/"},"author":{"name":"Rapha\u00ebl D.","@id":"https:\/\/slams.fr\/blog\/#\/schema\/person\/3c864cdc320801e3db34b663e7e3f816"},"headline":"Choisir un lieu inspirant pour un atelier ou une formation de slam : strat\u00e9gies et crit\u00e8res cl\u00e9s","datePublished":"2025-06-14T20:16:42+00:00","mainEntityOfPage":{"@id":"https:\/\/slams.fr\/blog\/a-la-une\/choisir-un-lieu-inspirant-pour-un-atelier-ou-une-formation-de-slam-strategies-et-criteres-cles-2\/"},"wordCount":1347,"commentCount":0,"publisher":{"@id":"https:\/\/slams.fr\/blog\/#organization"},"image":{"@id":"https:\/\/slams.fr\/blog\/a-la-une\/choisir-un-lieu-inspirant-pour-un-atelier-ou-une-formation-de-slam-strategies-et-criteres-cles-2\/#primaryimage"},"thumbnailUrl":"https:\/\/slams.fr\/blog\/wp-content\/uploads\/2025\/07\/sdxl-6321aa480e765dc80554a1806d8dd08e-scaled.png","keywords":["atelier slam","formation","lieu inspirant"],"articleSection":["\u00c0 la une"],"inLanguage":"fr-FR","potentialAction":[{"@type":"CommentAction","name":"Comment","target":["https:\/\/slams.fr\/blog\/a-la-une\/choisir-un-lieu-inspirant-pour-un-atelier-ou-une-formation-de-slam-strategies-et-criteres-cles-2\/#respond"]}]},{"@type":"WebPage","@id":"https:\/\/slams.fr\/blog\/a-la-une\/choisir-un-lieu-inspirant-pour-un-atelier-ou-une-formation-de-slam-strategies-et-criteres-cles-2\/","url":"https:\/\/slams.fr\/blog\/a-la-une\/choisir-un-lieu-inspirant-pour-un-atelier-ou-une-formation-de-slam-strategies-et-criteres-cles-2\/","name":"Choisir un lieu pour un atelier ou une formation de slam","isPartOf":{"@id":"https:\/\/slams.fr\/blog\/#website"},"primaryImageOfPage":{"@id":"https:\/\/slams.fr\/blog\/a-la-une\/choisir-un-lieu-inspirant-pour-un-atelier-ou-une-formation-de-slam-strategies-et-criteres-cles-2\/#primaryimage"},"image":{"@id":"https:\/\/slams.fr\/blog\/a-la-une\/choisir-un-lieu-inspirant-pour-un-atelier-ou-une-formation-de-slam-strategies-et-criteres-cles-2\/#primaryimage"},"thumbnailUrl":"https:\/\/slams.fr\/blog\/wp-content\/uploads\/2025\/07\/sdxl-6321aa480e765dc80554a1806d8dd08e-scaled.png","datePublished":"2025-06-14T20:16:42+00:00","description":"Le slam repose sur l\u2019oralit\u00e9 vivante, la puissance de la voix, l\u2019incarnation physique du texte.","inLanguage":"fr-FR","potentialAction":[{"@type":"ReadAction","target":["https:\/\/slams.fr\/blog\/a-la-une\/choisir-un-lieu-inspirant-pour-un-atelier-ou-une-formation-de-slam-strategies-et-criteres-cles-2\/"]}]},{"@type":"ImageObject","inLanguage":"fr-FR","@id":"https:\/\/slams.fr\/blog\/a-la-une\/choisir-un-lieu-inspirant-pour-un-atelier-ou-une-formation-de-slam-strategies-et-criteres-cles-2\/#primaryimage","url":"https:\/\/slams.fr\/blog\/wp-content\/uploads\/2025\/07\/sdxl-6321aa480e765dc80554a1806d8dd08e-scaled.png","contentUrl":"https:\/\/slams.fr\/blog\/wp-content\/uploads\/2025\/07\/sdxl-6321aa480e765dc80554a1806d8dd08e-scaled.png","width":1200,"height":500},{"@type":"WebSite","@id":"https:\/\/slams.fr\/blog\/#website","url":"https:\/\/slams.fr\/blog\/","name":"slams.fr","description":"Slams, l&#039;\u00e9nergie des mots en action","publisher":{"@id":"https:\/\/slams.fr\/blog\/#organization"},"alternateName":"Slams, l'\u00e9nergie des mots en action","potentialAction":[{"@type":"SearchAction","target":{"@type":"EntryPoint","urlTemplate":"https:\/\/slams.fr\/blog\/?s={search_term_string}"},"query-input":{"@type":"PropertyValueSpecification","valueRequired":true,"valueName":"search_term_string"}}],"inLanguage":"fr-FR"},{"@type":"Organization","@id":"https:\/\/slams.fr\/blog\/#organization","name":"Foretsensations.fr","url":"https:\/\/slams.fr\/blog\/","logo":{"@type":"ImageObject","inLanguage":"fr-FR","@id":"https:\/\/slams.fr\/blog\/#\/schema\/logo\/image\/","url":"https:\/\/slams.fr\/blog\/wp-content\/uploads\/2026\/07\/logo-auto-1.png","contentUrl":"https:\/\/slams.fr\/blog\/wp-content\/uploads\/2026\/07\/logo-auto-1.png","width":1024,"height":1024,"caption":"Foretsensations.fr"},"image":{"@id":"https:\/\/slams.fr\/blog\/#\/schema\/logo\/image\/"}},{"@type":"Person","@id":"https:\/\/slams.fr\/blog\/#\/schema\/person\/3c864cdc320801e3db34b663e7e3f816","name":"Rapha\u00ebl D.","image":{"@type":"ImageObject","inLanguage":"fr-FR","@id":"https:\/\/slams.fr\/blog\/#\/schema\/person\/image\/","url":"https:\/\/slams.fr\/blog\/wp-content\/uploads\/2026\/06\/persona_raphael-d-96x96.jpg","contentUrl":"https:\/\/slams.fr\/blog\/wp-content\/uploads\/2026\/06\/persona_raphael-d-96x96.jpg","caption":"Rapha\u00ebl D."},"description":"La culture est mon terrain de jeu depuis une dizaine d'ann\u00e9es : arts visuels, s\u00e9ries, cr\u00e9ation et tout ce qui nourrit l'imaginaire. J'\u00e9cris aussi bien sur l'actualit\u00e9 des \u0153uvres que sur les coulisses de la cr\u00e9ation, avec l'envie de relier l'amateur curieux \u00e0 des univers parfois jug\u00e9s intimidants. J'aime analyser une s\u00e9rie ou une d\u00e9marche artistique sans p\u00e9dantisme, replacer une \u0153uvre dans son contexte et donner des cl\u00e9s de lecture accessibles. Avant de publier, je v\u00e9rifie mes r\u00e9f\u00e9rences, je recoupe les sources et je distingue clairement le fait de mon interpr\u00e9tation subjective. Je crois qu'une critique vaut surtout par les arguments qu'elle expose, pas par la sentence qu'elle rend. Mon angle : transmettre l'envie de d\u00e9couvrir, de regarder autrement et de se forger son propre go\u00fbt. La culture n'appartient pas qu'aux initi\u00e9s, et c'est tout l'enjeu de mon \u00e9criture.","url":"https:\/\/slams.fr\/blog\/auteur\/raphael-d\/","jobTitle":"R\u00e9dacteur en chef \u00b7 Culture & Cr\u00e9ation","knowsAbout":["Culture","Cr\u00e9ation"],"email":"raphael.d@a-l-asso-de-l-art.fr"}]}},"_links":{"self":[{"href":"https:\/\/slams.fr\/blog\/wp-json\/wp\/v2\/posts\/7468","targetHints":{"allow":["GET"]}}],"collection":[{"href":"https:\/\/slams.fr\/blog\/wp-json\/wp\/v2\/posts"}],"about":[{"href":"https:\/\/slams.fr\/blog\/wp-json\/wp\/v2\/types\/post"}],"author":[{"embeddable":true,"href":"https:\/\/slams.fr\/blog\/wp-json\/wp\/v2\/users\/34"}],"replies":[{"embeddable":true,"href":"https:\/\/slams.fr\/blog\/wp-json\/wp\/v2\/comments?post=7468"}],"version-history":[{"count":0,"href":"https:\/\/slams.fr\/blog\/wp-json\/wp\/v2\/posts\/7468\/revisions"}],"wp:featuredmedia":[{"embeddable":true,"href":"https:\/\/slams.fr\/blog\/wp-json\/wp\/v2\/media\/7606"}],"wp:attachment":[{"href":"https:\/\/slams.fr\/blog\/wp-json\/wp\/v2\/media?parent=7468"}],"wp:term":[{"taxonomy":"category","embeddable":true,"href":"https:\/\/slams.fr\/blog\/wp-json\/wp\/v2\/categories?post=7468"},{"taxonomy":"post_tag","embeddable":true,"href":"https:\/\/slams.fr\/blog\/wp-json\/wp\/v2\/tags?post=7468"}],"curies":[{"name":"wp","href":"https:\/\/api.w.org\/{rel}","templated":true}]}}