{"id":7472,"date":"2025-06-14T22:18:33","date_gmt":"2025-06-14T20:18:33","guid":{"rendered":"https:\/\/slams.fr\/blog\/a-la-une\/slam-et-festivals-les-rendez-vous-incontournables-a-vivre-chaque-annee\/"},"modified":"2025-06-14T22:18:33","modified_gmt":"2025-06-14T20:18:33","slug":"slam-et-festivals-les-rendez-vous-incontournables-a-vivre-chaque-annee","status":"publish","type":"post","link":"https:\/\/slams.fr\/blog\/a-la-une\/slam-et-festivals-les-rendez-vous-incontournables-a-vivre-chaque-annee\/","title":{"rendered":"Slam et festivals : Les rendez-vous incontournables \u00e0 vivre chaque ann\u00e9e"},"content":{"rendered":"<h1>Slam et festivals : Les rendez-vous incontournables \u00e0 vivre chaque ann\u00e9e<\/h1>\n<h2>Les festivals de slam les plus embl\u00e9matiques en Europe<\/h2>\n<p>\nLes sc\u00e8nes europ\u00e9ennes accueillent une diversit\u00e9 d\u2019\u00e9v\u00e9nements qui fa\u00e7onnent la <u>culture slam<\/u> et permettent aux artistes de s\u2019affirmer. Certains festivals se distinguent par leur <strong>envergure<\/strong> et leur capacit\u00e9 \u00e0 r\u00e9unir des figures majeures du spoken word, tout en ouvrant la voie \u00e0 de jeunes talents \u00e9mergents.\n<\/p>\n<ul>\n<li>\n        Le <strong>Slam Dunk Festival<\/strong> s\u2019illustre comme un v\u00e9ritable carrefour de la sc\u00e8ne slam contemporaine, se d\u00e9clinant chaque ann\u00e9e dans plusieurs villes d\u2019Europe. En 2025, les villes de Lyon, Zurich, Milan, Anvers et Utrecht en sont les \u00e9picentres. Ce festival est reconnu pour sa programmation \u00e9clectique, m\u00ealant t\u00eates d\u2019affiche internationales et d\u00e9couvertes prometteuses, dans une atmosph\u00e8re \u00e0 la fois festive et intense.\n    <\/li>\n<li>\n        L\u2019<strong>aura du Slam Dunk Festival<\/strong> s\u2019\u00e9tend bien au-del\u00e0 de ses fronti\u00e8res initiales au Royaume-Uni, affirmant son statut \u00e0 travers des collaborations avec des artistes issus de divers horizons musicaux et po\u00e9tiques. Son succ\u00e8s repose sur son esprit f\u00e9d\u00e9rateur et la qualit\u00e9 de ses performances sc\u00e9niques, qui attirent chaque ann\u00e9e un public nombreux et passionn\u00e9.\n    <\/li>\n<\/ul>\n<p>\nCette dynamique europ\u00e9enne encourage la circulation des id\u00e9es et des styles, donnant lieu \u00e0 des \u00e9changes riches et \u00e0 des moments de cr\u00e9ation collective qui marquent durablement l\u2019\u00e9volution du slam.\n<\/p>\n<h2>Focus sur le Slam Dunk Festival et ses d\u00e9clinaisons<\/h2>\n<p>\nAu sein de la galaxie des festivals, le <strong>Slam Dunk Festival<\/strong> occupe une place singuli\u00e8re gr\u00e2ce \u00e0 son mod\u00e8le itin\u00e9rant et sa palette artistique vari\u00e9e. L\u2019\u00e9dition 2025 ne d\u00e9roge pas \u00e0 la r\u00e8gle, r\u00e9unissant \u00e0 Lyon des groupes phares comme <strong>A Day To Remember<\/strong>, <strong>Landmvrks<\/strong>, <strong>New Found Glory<\/strong> ou <strong>Neck Deep<\/strong>. La programmation s\u2019enrichit \u00e0 chaque escale, int\u00e9grant de nouveaux artistes selon les villes, tout en conservant une ligne directrice r\u00e9solument moderne.\n<\/p>\n<ul>\n<li>\n        \u00c0 <strong>Lyon<\/strong>, le festival mise sur le croisement entre <u>slam, punk rock et spoken word<\/u>, r\u00e9v\u00e9lant une sc\u00e8ne ouverte aux exp\u00e9rimentations et \u00e0 l\u2019hybridation musicale.\n    <\/li>\n<li>\n        <strong>Zurich<\/strong> et <strong>Milan<\/strong> apportent leur propre couleur locale, tout en accueillant des groupes majeurs tels que <strong>New Found Glory<\/strong> et <strong>The Used<\/strong>, instaurant une dynamique plurielle.\n    <\/li>\n<li>\n        Ces \u00e9ditions favorisent la rencontre entre publics et artistes gr\u00e2ce \u00e0 une logistique bien rod\u00e9e : acc\u00e8s facilit\u00e9, after-parties, espaces de d\u00e9couverte et merchandising sp\u00e9cifique, autant d\u2019initiatives qui rendent chaque \u00e9tape unique.\n    <\/li>\n<\/ul>\n<p>\nL\u2019impact du Slam Dunk Festival sur le paysage europ\u00e9en est ind\u00e9niable. Non seulement il valorise la diversit\u00e9 des formes d\u2019expression, mais il conforte le slam comme art vivant et f\u00e9d\u00e9rateur, apte \u00e0 rassembler des g\u00e9n\u00e9rations et des sensibilit\u00e9s multiples.\n<\/p>\n<h2>La sc\u00e8ne slam francophone : traditions et innovation<\/h2>\n<p>\nLa <strong>francophonie<\/strong> poss\u00e8de une tradition slam fortement ancr\u00e9e dans la libert\u00e9 d\u2019expression et la cr\u00e9ativit\u00e9 populaire. Cette dynamique se manifeste \u00e0 travers de multiples festivals et sc\u00e8nes ouvertes, aussi bien en France qu\u2019en Belgique, en Suisse et au Qu\u00e9bec, qui perp\u00e9tuent l\u2019esprit participatif du mouvement.\n<\/p>\n<ul>\n<li>\n        En <strong>France<\/strong>, des festivals comme le <strong>Grand Slam National<\/strong> ou les <strong>Rencontres Po\u00e9tiques de Paris<\/strong> mettent en avant des concours spectaculaires, des <u>ateliers d\u2019\u00e9criture<\/u> et des \u00e9changes interg\u00e9n\u00e9rationnels, favorisant la <strong>transmission orale<\/strong> et la d\u00e9couverte de nouvelles voix.\n    <\/li>\n<li>\n        La <strong>Sc\u00e8ne Slam de Bruxelles<\/strong> s\u2019impose comme l\u2019une des plus innovantes, int\u00e9grant r\u00e9guli\u00e8rement des formes d\u2019art num\u00e9rique et des collaborations avec des musiciens contemporains.\n    <\/li>\n<li>\n        En <strong>Suisse romande<\/strong>, le <strong>Slam \u00d4 d\u2019Ouchy<\/strong> \u00e0 Lausanne et le <strong>Festival du Printemps de la Po\u00e9sie<\/strong> \u00e0 Gen\u00e8ve offrent des espaces privil\u00e9gi\u00e9s o\u00f9 le slam rencontre les arts visuels et la performance sc\u00e9nique.\n    <\/li>\n<\/ul>\n<p>\nCette vitalit\u00e9 francophone contribue \u00e0 renouveler l\u2019image du slam et \u00e0 \u00e9largir son public, tout en reposant sur des valeurs d\u2019inclusion, de diversit\u00e9 et d\u2019inventivit\u00e9.\n<\/p>\n<h2>L\u2019impact des festivals sur l\u2019\u00e9volution du slam contemporain<\/h2>\n<p>\nLes <strong>festivals de slam<\/strong> sont bien plus que des vitrines artistiques ; ils sont de v\u00e9ritables catalyseurs de changement pour le genre. Leur capacit\u00e9 \u00e0 renouveler les pratiques et \u00e0 questionner les codes \u00e9tablis g\u00e9n\u00e8re un bouillonnement cr\u00e9atif et social sans cesse r\u00e9invent\u00e9.\n<\/p>\n<ul>\n<li>\n        <u>L\u2019int\u00e9gration de disciplines voisines, comme la musique, la danse ou les arts visuels<\/u>, encourage l\u2019apparition de <strong>formes hybrides<\/strong> de slam, qui s\u2019\u00e9loignent des sentiers battus pour toucher de nouveaux publics.\n    <\/li>\n<li>\n        <u>Les sc\u00e8nes ouvertes et les concours<\/u>, v\u00e9ritables tremplins pour les jeunes artistes, favorisent l\u2019\u00e9mergence de nouvelles figures et cr\u00e9ent une dynamique de renouvellement continu.\n    <\/li>\n<li>\n        <strong>Les workshops et les masterclasses gratuits<\/strong> offrent un espace de transmission, renfor\u00e7ant la dimension collective du slam et stimulant la cr\u00e9ativit\u00e9 de chacun.\n    <\/li>\n<\/ul>\n<p>\nAujourd\u2019hui, les festivals contribuent \u00e0 consolider une communaut\u00e9 internationale autour d\u2019une parole partag\u00e9e, ouverte \u00e0 la diversit\u00e9 des exp\u00e9riences et des sensibilit\u00e9s. Leur r\u00f4le de laboratoire d\u2019id\u00e9es et leur impact sur la sc\u00e8ne contemporaine sont ind\u00e9niables, structurant l\u2019avenir du slam tout en respectant ses racines.\n<\/p>\n<h2>Comment bien pr\u00e9parer sa participation \u00e0 un festival de slam<\/h2>\n<p>\nPr\u00e9voir sa participation \u00e0 un festival de slam requiert une organisation minutieuse pour profiter pleinement de l\u2019exp\u00e9rience offerte. Chaque \u00e9v\u00e9nement pr\u00e9sente une configuration singuli\u00e8re, rythm\u00e9e par des sc\u00e8nes officielles, des ateliers et des espaces d\u2019\u00e9change spontan\u00e9s.\n<\/p>\n<ul>\n<li>\n        <u>Consultez la programmation<\/u> d\u00e8s sa publication pour rep\u00e9rer les temps forts, les t\u00eates d\u2019affiche et les th\u00e9matiques abord\u00e9es. L\u2019identification pr\u00e9alable des artistes et des sc\u00e8nes ouvertes permet d\u2019optimiser son parcours.\n    <\/li>\n<li>\n        <u>Pr\u00e9parez vos textes ou interventions<\/u> si vous souhaitez slamer : certains festivals offrent des concours d\u2019improvisation, d\u2019autres privil\u00e9gient la performance \u00e9crite ou la collaboration interdisciplinaire.\n    <\/li>\n<li>\n        <u>Profitez des moments de networking et des workshops<\/u> propos\u00e9s sur place pour enrichir votre exp\u00e9rience, renforcer votre r\u00e9seau et perfectionner votre pratique de la sc\u00e8ne orale.\n    <\/li>\n<li>\n        <u>Explorez les espaces hors-sc\u00e8ne<\/u> : librairies \u00e9ph\u00e9m\u00e8res, stands de disques, expositions et after-parties compl\u00e8tent l\u2019exp\u00e9rience immersive.\n    <\/li>\n<\/ul>\n<p>\nCes conseils pratiques vous permettront de vous immerger dans l\u2019ambiance tout en multipliant les occasions de rencontres et d\u2019apprentissage, que vous soyez passionn\u00e9.e de longue date ou nouveau venu dans l\u2019univers du slam.\n<\/p>\n<h2>Les nouvelles tendances et l\u2019avenir des festivals de slam<\/h2>\n<p>\nL\u2019avenir des festivals de slam se dessine \u00e0 travers des \u00e9volutions majeures, directement influenc\u00e9es par l\u2019innovation et la mondialisation. Nous observons une acc\u00e9l\u00e9ration des \u00e9changes transnationaux et une volont\u00e9 de repousser sans cesse les limites du genre, tout en restant fid\u00e8le \u00e0 ses valeurs fondamentales.\n<\/p>\n<ul>\n<li>\n        <strong>L\u2019int\u00e9gration du num\u00e9rique<\/strong> transforme radicalement la diffusion et l\u2019acc\u00e8s aux performances. Les lives streaming, plateformes de partage et formats interactifs permettent aujourd\u2019hui \u00e0 un public international de participer aux festivals, m\u00eame \u00e0 distance.\n    <\/li>\n<li>\n        <strong>Les collaborations interdisciplinaires<\/strong> avec la danse, la vid\u00e9o ou les arts visuels cr\u00e9ent des exp\u00e9riences immersives in\u00e9dites. Les \u00e9v\u00e9nements hybrides, m\u00ealant musique, po\u00e9sie et performance, refl\u00e8tent l\u2019inventivit\u00e9 du mouvement contemporain.\n    <\/li>\n<li>\n        <strong>La mont\u00e9e en puissance de la diversit\u00e9<\/strong> des voix et des esth\u00e9tiques est manifeste : inclusion des langues r\u00e9gionales, des th\u00e9matiques sociales, et ouverture \u00e0 des formes d\u2019expression issues de cultures vari\u00e9es.\n    <\/li>\n<\/ul>\n<p>\nFace \u00e0 ces mutations, il appara\u00eet \u00e9vident que les festivals de slam resteront des lieux d\u2019exp\u00e9rimentation privil\u00e9gi\u00e9s, capables de s\u2019adapter aux nouvelles attentes du public et de stimuler en permanence la cr\u00e9ativit\u00e9 de la sc\u00e8ne po\u00e9tique contemporaine.<\/p>\n","protected":false},"excerpt":{"rendered":"","protected":false},"author":34,"featured_media":7642,"comment_status":"open","ping_status":"open","sticky":false,"template":"","format":"standard","meta":{"_acf_changed":false,"manual_indexmenow":false,"indexmenow_id_project":0,"footnotes":""},"categories":[1],"tags":[4597,4596,4526],"class_list":["post-7472","post","type-post","status-publish","format-standard","has-post-thumbnail","hentry","category-a-la-une","tag-evenementiel","tag-festivals","tag-slam","generate-columns","tablet-grid-50","mobile-grid-100","grid-parent","grid-25"],"acf":[],"yoast_head":"<!-- This site is optimized with the Yoast SEO Premium plugin v21.3 (Yoast SEO v26.5) - https:\/\/yoast.com\/wordpress\/plugins\/seo\/ -->\n<title>Slam et festivals : les rendez-vous \u00e0 vivre chaque ann\u00e9e<\/title>\n<meta name=\"description\" content=\"Les sc\u00e8nes europ\u00e9ennes accueillent une diversit\u00e9 d\u2019\u00e9v\u00e9nements qui fa\u00e7onnent la culture slam et permettent aux artistes de s\u2019affirmer.\" \/>\n<meta name=\"robots\" content=\"index, follow, max-snippet:-1, max-image-preview:large, max-video-preview:-1\" \/>\n<link rel=\"canonical\" href=\"https:\/\/slams.fr\/blog\/a-la-une\/slam-et-festivals-les-rendez-vous-incontournables-a-vivre-chaque-annee\/\" \/>\n<meta property=\"og:locale\" content=\"fr_FR\" \/>\n<meta property=\"og:type\" content=\"article\" \/>\n<meta property=\"og:title\" content=\"Slam et festivals : les rendez-vous \u00e0 vivre chaque ann\u00e9e\" \/>\n<meta property=\"og:description\" content=\"Les sc\u00e8nes europ\u00e9ennes accueillent une diversit\u00e9 d\u2019\u00e9v\u00e9nements qui fa\u00e7onnent la culture slam et permettent aux artistes de s\u2019affirmer.\" \/>\n<meta property=\"og:url\" content=\"https:\/\/slams.fr\/blog\/a-la-une\/slam-et-festivals-les-rendez-vous-incontournables-a-vivre-chaque-annee\/\" \/>\n<meta property=\"og:site_name\" content=\"slams\" \/>\n<meta property=\"og:image\" content=\"https:\/\/slams.fr\/blog\/wp-content\/uploads\/2025\/07\/sdxl-a4dc261eb20733d017f3510a35b0ebe9-scaled.png\" \/>\n\t<meta property=\"og:image:width\" content=\"1200\" \/>\n\t<meta property=\"og:image:height\" content=\"500\" \/>\n\t<meta property=\"og:image:type\" content=\"image\/png\" \/>\n<meta name=\"author\" content=\"Rapha\u00ebl D.\" \/>\n<meta name=\"twitter:card\" content=\"summary_large_image\" \/>\n<script type=\"application\/ld+json\" class=\"yoast-schema-graph\">{\"@context\":\"https:\/\/schema.org\",\"@graph\":[{\"@type\":\"NewsArticle\",\"@id\":\"https:\/\/slams.fr\/blog\/a-la-une\/slam-et-festivals-les-rendez-vous-incontournables-a-vivre-chaque-annee\/#article\",\"isPartOf\":{\"@id\":\"https:\/\/slams.fr\/blog\/a-la-une\/slam-et-festivals-les-rendez-vous-incontournables-a-vivre-chaque-annee\/\"},\"author\":{\"name\":\"Rapha\u00ebl D.\",\"@id\":\"https:\/\/slams.fr\/blog\/#\/schema\/person\/3c864cdc320801e3db34b663e7e3f816\"},\"headline\":\"Slam et festivals : Les rendez-vous incontournables \u00e0 vivre chaque ann\u00e9e\",\"datePublished\":\"2025-06-14T20:18:33+00:00\",\"mainEntityOfPage\":{\"@id\":\"https:\/\/slams.fr\/blog\/a-la-une\/slam-et-festivals-les-rendez-vous-incontournables-a-vivre-chaque-annee\/\"},\"wordCount\":1294,\"commentCount\":0,\"publisher\":{\"@id\":\"https:\/\/slams.fr\/blog\/#organization\"},\"image\":{\"@id\":\"https:\/\/slams.fr\/blog\/a-la-une\/slam-et-festivals-les-rendez-vous-incontournables-a-vivre-chaque-annee\/#primaryimage\"},\"thumbnailUrl\":\"https:\/\/slams.fr\/blog\/wp-content\/uploads\/2025\/07\/sdxl-a4dc261eb20733d017f3510a35b0ebe9-scaled.png\",\"keywords\":[\"evenementiel\",\"festivals\",\"Slam\"],\"articleSection\":[\"\u00c0 la une\"],\"inLanguage\":\"fr-FR\",\"potentialAction\":[{\"@type\":\"CommentAction\",\"name\":\"Comment\",\"target\":[\"https:\/\/slams.fr\/blog\/a-la-une\/slam-et-festivals-les-rendez-vous-incontournables-a-vivre-chaque-annee\/#respond\"]}]},{\"@type\":\"WebPage\",\"@id\":\"https:\/\/slams.fr\/blog\/a-la-une\/slam-et-festivals-les-rendez-vous-incontournables-a-vivre-chaque-annee\/\",\"url\":\"https:\/\/slams.fr\/blog\/a-la-une\/slam-et-festivals-les-rendez-vous-incontournables-a-vivre-chaque-annee\/\",\"name\":\"Slam et festivals : les rendez-vous \u00e0 vivre chaque ann\u00e9e\",\"isPartOf\":{\"@id\":\"https:\/\/slams.fr\/blog\/#website\"},\"primaryImageOfPage\":{\"@id\":\"https:\/\/slams.fr\/blog\/a-la-une\/slam-et-festivals-les-rendez-vous-incontournables-a-vivre-chaque-annee\/#primaryimage\"},\"image\":{\"@id\":\"https:\/\/slams.fr\/blog\/a-la-une\/slam-et-festivals-les-rendez-vous-incontournables-a-vivre-chaque-annee\/#primaryimage\"},\"thumbnailUrl\":\"https:\/\/slams.fr\/blog\/wp-content\/uploads\/2025\/07\/sdxl-a4dc261eb20733d017f3510a35b0ebe9-scaled.png\",\"datePublished\":\"2025-06-14T20:18:33+00:00\",\"description\":\"Les sc\u00e8nes europ\u00e9ennes accueillent une diversit\u00e9 d\u2019\u00e9v\u00e9nements qui fa\u00e7onnent la culture slam et permettent aux artistes de s\u2019affirmer.\",\"inLanguage\":\"fr-FR\",\"potentialAction\":[{\"@type\":\"ReadAction\",\"target\":[\"https:\/\/slams.fr\/blog\/a-la-une\/slam-et-festivals-les-rendez-vous-incontournables-a-vivre-chaque-annee\/\"]}]},{\"@type\":\"ImageObject\",\"inLanguage\":\"fr-FR\",\"@id\":\"https:\/\/slams.fr\/blog\/a-la-une\/slam-et-festivals-les-rendez-vous-incontournables-a-vivre-chaque-annee\/#primaryimage\",\"url\":\"https:\/\/slams.fr\/blog\/wp-content\/uploads\/2025\/07\/sdxl-a4dc261eb20733d017f3510a35b0ebe9-scaled.png\",\"contentUrl\":\"https:\/\/slams.fr\/blog\/wp-content\/uploads\/2025\/07\/sdxl-a4dc261eb20733d017f3510a35b0ebe9-scaled.png\",\"width\":1200,\"height\":500},{\"@type\":\"WebSite\",\"@id\":\"https:\/\/slams.fr\/blog\/#website\",\"url\":\"https:\/\/slams.fr\/blog\/\",\"name\":\"slams.fr\",\"description\":\"Slams, l&#039;\u00e9nergie des mots en action\",\"publisher\":{\"@id\":\"https:\/\/slams.fr\/blog\/#organization\"},\"alternateName\":\"Slams, l'\u00e9nergie des mots en action\",\"potentialAction\":[{\"@type\":\"SearchAction\",\"target\":{\"@type\":\"EntryPoint\",\"urlTemplate\":\"https:\/\/slams.fr\/blog\/?s={search_term_string}\"},\"query-input\":{\"@type\":\"PropertyValueSpecification\",\"valueRequired\":true,\"valueName\":\"search_term_string\"}}],\"inLanguage\":\"fr-FR\"},{\"@type\":\"Organization\",\"@id\":\"https:\/\/slams.fr\/blog\/#organization\",\"name\":\"Foretsensations.fr\",\"url\":\"https:\/\/slams.fr\/blog\/\",\"logo\":{\"@type\":\"ImageObject\",\"inLanguage\":\"fr-FR\",\"@id\":\"https:\/\/slams.fr\/blog\/#\/schema\/logo\/image\/\",\"url\":\"https:\/\/slams.fr\/blog\/wp-content\/uploads\/2026\/07\/logo-auto-1.png\",\"contentUrl\":\"https:\/\/slams.fr\/blog\/wp-content\/uploads\/2026\/07\/logo-auto-1.png\",\"width\":1024,\"height\":1024,\"caption\":\"Foretsensations.fr\"},\"image\":{\"@id\":\"https:\/\/slams.fr\/blog\/#\/schema\/logo\/image\/\"}},{\"@type\":\"Person\",\"@id\":\"https:\/\/slams.fr\/blog\/#\/schema\/person\/3c864cdc320801e3db34b663e7e3f816\",\"name\":\"Rapha\u00ebl D.\",\"image\":{\"@type\":\"ImageObject\",\"inLanguage\":\"fr-FR\",\"@id\":\"https:\/\/slams.fr\/blog\/#\/schema\/person\/image\/\",\"url\":\"https:\/\/slams.fr\/blog\/wp-content\/uploads\/2026\/06\/persona_raphael-d-96x96.jpg\",\"contentUrl\":\"https:\/\/slams.fr\/blog\/wp-content\/uploads\/2026\/06\/persona_raphael-d-96x96.jpg\",\"caption\":\"Rapha\u00ebl D.\"},\"description\":\"La culture est mon terrain de jeu depuis une dizaine d'ann\u00e9es : arts visuels, s\u00e9ries, cr\u00e9ation et tout ce qui nourrit l'imaginaire. J'\u00e9cris aussi bien sur l'actualit\u00e9 des \u0153uvres que sur les coulisses de la cr\u00e9ation, avec l'envie de relier l'amateur curieux \u00e0 des univers parfois jug\u00e9s intimidants. J'aime analyser une s\u00e9rie ou une d\u00e9marche artistique sans p\u00e9dantisme, replacer une \u0153uvre dans son contexte et donner des cl\u00e9s de lecture accessibles. Avant de publier, je v\u00e9rifie mes r\u00e9f\u00e9rences, je recoupe les sources et je distingue clairement le fait de mon interpr\u00e9tation subjective. Je crois qu'une critique vaut surtout par les arguments qu'elle expose, pas par la sentence qu'elle rend. Mon angle : transmettre l'envie de d\u00e9couvrir, de regarder autrement et de se forger son propre go\u00fbt. La culture n'appartient pas qu'aux initi\u00e9s, et c'est tout l'enjeu de mon \u00e9criture.\",\"url\":\"https:\/\/slams.fr\/blog\/auteur\/raphael-d\/\",\"jobTitle\":\"R\u00e9dacteur en chef \u00b7 Culture & Cr\u00e9ation\",\"knowsAbout\":[\"Culture\",\"Cr\u00e9ation\"],\"email\":\"raphael.d@a-l-asso-de-l-art.fr\"}]}<\/script>\n<!-- \/ Yoast SEO Premium plugin. -->","yoast_head_json":{"title":"Slam et festivals : les rendez-vous \u00e0 vivre chaque ann\u00e9e","description":"Les sc\u00e8nes europ\u00e9ennes accueillent une diversit\u00e9 d\u2019\u00e9v\u00e9nements qui fa\u00e7onnent la culture slam et permettent aux artistes de s\u2019affirmer.","robots":{"index":"index","follow":"follow","max-snippet":"max-snippet:-1","max-image-preview":"max-image-preview:large","max-video-preview":"max-video-preview:-1"},"canonical":"https:\/\/slams.fr\/blog\/a-la-une\/slam-et-festivals-les-rendez-vous-incontournables-a-vivre-chaque-annee\/","og_locale":"fr_FR","og_type":"article","og_title":"Slam et festivals : les rendez-vous \u00e0 vivre chaque ann\u00e9e","og_description":"Les sc\u00e8nes europ\u00e9ennes accueillent une diversit\u00e9 d\u2019\u00e9v\u00e9nements qui fa\u00e7onnent la culture slam et permettent aux artistes de s\u2019affirmer.","og_url":"https:\/\/slams.fr\/blog\/a-la-une\/slam-et-festivals-les-rendez-vous-incontournables-a-vivre-chaque-annee\/","og_site_name":"slams","og_image":[{"width":1200,"height":500,"url":"https:\/\/slams.fr\/blog\/wp-content\/uploads\/2025\/07\/sdxl-a4dc261eb20733d017f3510a35b0ebe9-scaled.png","type":"image\/png"}],"author":"Rapha\u00ebl D.","twitter_card":"summary_large_image","schema":{"@context":"https:\/\/schema.org","@graph":[{"@type":"NewsArticle","@id":"https:\/\/slams.fr\/blog\/a-la-une\/slam-et-festivals-les-rendez-vous-incontournables-a-vivre-chaque-annee\/#article","isPartOf":{"@id":"https:\/\/slams.fr\/blog\/a-la-une\/slam-et-festivals-les-rendez-vous-incontournables-a-vivre-chaque-annee\/"},"author":{"name":"Rapha\u00ebl D.","@id":"https:\/\/slams.fr\/blog\/#\/schema\/person\/3c864cdc320801e3db34b663e7e3f816"},"headline":"Slam et festivals : Les rendez-vous incontournables \u00e0 vivre chaque ann\u00e9e","datePublished":"2025-06-14T20:18:33+00:00","mainEntityOfPage":{"@id":"https:\/\/slams.fr\/blog\/a-la-une\/slam-et-festivals-les-rendez-vous-incontournables-a-vivre-chaque-annee\/"},"wordCount":1294,"commentCount":0,"publisher":{"@id":"https:\/\/slams.fr\/blog\/#organization"},"image":{"@id":"https:\/\/slams.fr\/blog\/a-la-une\/slam-et-festivals-les-rendez-vous-incontournables-a-vivre-chaque-annee\/#primaryimage"},"thumbnailUrl":"https:\/\/slams.fr\/blog\/wp-content\/uploads\/2025\/07\/sdxl-a4dc261eb20733d017f3510a35b0ebe9-scaled.png","keywords":["evenementiel","festivals","Slam"],"articleSection":["\u00c0 la une"],"inLanguage":"fr-FR","potentialAction":[{"@type":"CommentAction","name":"Comment","target":["https:\/\/slams.fr\/blog\/a-la-une\/slam-et-festivals-les-rendez-vous-incontournables-a-vivre-chaque-annee\/#respond"]}]},{"@type":"WebPage","@id":"https:\/\/slams.fr\/blog\/a-la-une\/slam-et-festivals-les-rendez-vous-incontournables-a-vivre-chaque-annee\/","url":"https:\/\/slams.fr\/blog\/a-la-une\/slam-et-festivals-les-rendez-vous-incontournables-a-vivre-chaque-annee\/","name":"Slam et festivals : les rendez-vous \u00e0 vivre chaque ann\u00e9e","isPartOf":{"@id":"https:\/\/slams.fr\/blog\/#website"},"primaryImageOfPage":{"@id":"https:\/\/slams.fr\/blog\/a-la-une\/slam-et-festivals-les-rendez-vous-incontournables-a-vivre-chaque-annee\/#primaryimage"},"image":{"@id":"https:\/\/slams.fr\/blog\/a-la-une\/slam-et-festivals-les-rendez-vous-incontournables-a-vivre-chaque-annee\/#primaryimage"},"thumbnailUrl":"https:\/\/slams.fr\/blog\/wp-content\/uploads\/2025\/07\/sdxl-a4dc261eb20733d017f3510a35b0ebe9-scaled.png","datePublished":"2025-06-14T20:18:33+00:00","description":"Les sc\u00e8nes europ\u00e9ennes accueillent une diversit\u00e9 d\u2019\u00e9v\u00e9nements qui fa\u00e7onnent la culture slam et permettent aux artistes de s\u2019affirmer.","inLanguage":"fr-FR","potentialAction":[{"@type":"ReadAction","target":["https:\/\/slams.fr\/blog\/a-la-une\/slam-et-festivals-les-rendez-vous-incontournables-a-vivre-chaque-annee\/"]}]},{"@type":"ImageObject","inLanguage":"fr-FR","@id":"https:\/\/slams.fr\/blog\/a-la-une\/slam-et-festivals-les-rendez-vous-incontournables-a-vivre-chaque-annee\/#primaryimage","url":"https:\/\/slams.fr\/blog\/wp-content\/uploads\/2025\/07\/sdxl-a4dc261eb20733d017f3510a35b0ebe9-scaled.png","contentUrl":"https:\/\/slams.fr\/blog\/wp-content\/uploads\/2025\/07\/sdxl-a4dc261eb20733d017f3510a35b0ebe9-scaled.png","width":1200,"height":500},{"@type":"WebSite","@id":"https:\/\/slams.fr\/blog\/#website","url":"https:\/\/slams.fr\/blog\/","name":"slams.fr","description":"Slams, l&#039;\u00e9nergie des mots en action","publisher":{"@id":"https:\/\/slams.fr\/blog\/#organization"},"alternateName":"Slams, l'\u00e9nergie des mots en action","potentialAction":[{"@type":"SearchAction","target":{"@type":"EntryPoint","urlTemplate":"https:\/\/slams.fr\/blog\/?s={search_term_string}"},"query-input":{"@type":"PropertyValueSpecification","valueRequired":true,"valueName":"search_term_string"}}],"inLanguage":"fr-FR"},{"@type":"Organization","@id":"https:\/\/slams.fr\/blog\/#organization","name":"Foretsensations.fr","url":"https:\/\/slams.fr\/blog\/","logo":{"@type":"ImageObject","inLanguage":"fr-FR","@id":"https:\/\/slams.fr\/blog\/#\/schema\/logo\/image\/","url":"https:\/\/slams.fr\/blog\/wp-content\/uploads\/2026\/07\/logo-auto-1.png","contentUrl":"https:\/\/slams.fr\/blog\/wp-content\/uploads\/2026\/07\/logo-auto-1.png","width":1024,"height":1024,"caption":"Foretsensations.fr"},"image":{"@id":"https:\/\/slams.fr\/blog\/#\/schema\/logo\/image\/"}},{"@type":"Person","@id":"https:\/\/slams.fr\/blog\/#\/schema\/person\/3c864cdc320801e3db34b663e7e3f816","name":"Rapha\u00ebl D.","image":{"@type":"ImageObject","inLanguage":"fr-FR","@id":"https:\/\/slams.fr\/blog\/#\/schema\/person\/image\/","url":"https:\/\/slams.fr\/blog\/wp-content\/uploads\/2026\/06\/persona_raphael-d-96x96.jpg","contentUrl":"https:\/\/slams.fr\/blog\/wp-content\/uploads\/2026\/06\/persona_raphael-d-96x96.jpg","caption":"Rapha\u00ebl D."},"description":"La culture est mon terrain de jeu depuis une dizaine d'ann\u00e9es : arts visuels, s\u00e9ries, cr\u00e9ation et tout ce qui nourrit l'imaginaire. J'\u00e9cris aussi bien sur l'actualit\u00e9 des \u0153uvres que sur les coulisses de la cr\u00e9ation, avec l'envie de relier l'amateur curieux \u00e0 des univers parfois jug\u00e9s intimidants. J'aime analyser une s\u00e9rie ou une d\u00e9marche artistique sans p\u00e9dantisme, replacer une \u0153uvre dans son contexte et donner des cl\u00e9s de lecture accessibles. Avant de publier, je v\u00e9rifie mes r\u00e9f\u00e9rences, je recoupe les sources et je distingue clairement le fait de mon interpr\u00e9tation subjective. Je crois qu'une critique vaut surtout par les arguments qu'elle expose, pas par la sentence qu'elle rend. Mon angle : transmettre l'envie de d\u00e9couvrir, de regarder autrement et de se forger son propre go\u00fbt. La culture n'appartient pas qu'aux initi\u00e9s, et c'est tout l'enjeu de mon \u00e9criture.","url":"https:\/\/slams.fr\/blog\/auteur\/raphael-d\/","jobTitle":"R\u00e9dacteur en chef \u00b7 Culture & Cr\u00e9ation","knowsAbout":["Culture","Cr\u00e9ation"],"email":"raphael.d@a-l-asso-de-l-art.fr"}]}},"_links":{"self":[{"href":"https:\/\/slams.fr\/blog\/wp-json\/wp\/v2\/posts\/7472","targetHints":{"allow":["GET"]}}],"collection":[{"href":"https:\/\/slams.fr\/blog\/wp-json\/wp\/v2\/posts"}],"about":[{"href":"https:\/\/slams.fr\/blog\/wp-json\/wp\/v2\/types\/post"}],"author":[{"embeddable":true,"href":"https:\/\/slams.fr\/blog\/wp-json\/wp\/v2\/users\/34"}],"replies":[{"embeddable":true,"href":"https:\/\/slams.fr\/blog\/wp-json\/wp\/v2\/comments?post=7472"}],"version-history":[{"count":0,"href":"https:\/\/slams.fr\/blog\/wp-json\/wp\/v2\/posts\/7472\/revisions"}],"wp:featuredmedia":[{"embeddable":true,"href":"https:\/\/slams.fr\/blog\/wp-json\/wp\/v2\/media\/7642"}],"wp:attachment":[{"href":"https:\/\/slams.fr\/blog\/wp-json\/wp\/v2\/media?parent=7472"}],"wp:term":[{"taxonomy":"category","embeddable":true,"href":"https:\/\/slams.fr\/blog\/wp-json\/wp\/v2\/categories?post=7472"},{"taxonomy":"post_tag","embeddable":true,"href":"https:\/\/slams.fr\/blog\/wp-json\/wp\/v2\/tags?post=7472"}],"curies":[{"name":"wp","href":"https:\/\/api.w.org\/{rel}","templated":true}]}}