{"id":7473,"date":"2026-06-16T14:28:41","date_gmt":"2026-06-16T12:28:41","guid":{"rendered":"https:\/\/slams.fr\/blog\/a-la-une\/slam-et-festivals-les-rendez-vous-incontournables-a-vivre-chaque-annee-2\/"},"modified":"2026-06-16T14:28:41","modified_gmt":"2026-06-16T12:28:41","slug":"slam-et-festivals-les-rendez-vous-incontournables-a-vivre-chaque-annee-2","status":"publish","type":"post","link":"https:\/\/slams.fr\/blog\/a-la-une\/slam-et-festivals-les-rendez-vous-incontournables-a-vivre-chaque-annee-2\/","title":{"rendered":"Slam et festivals : Les rendez-vous incontournables \u00e0 vivre chaque ann\u00e9e"},"content":{"rendered":"<link rel=\"stylesheet\" href=\"https:\/\/fonts.googleapis.com\/css2?family=Fraunces:opsz,wght@9..144,500;9..144,600;9..144,800;9..144,900&#038;family=Inter:wght@400;500;600&#038;family=JetBrains+Mono:wght@500&#038;display=swap\">\n<style>\n.slm-listicle-wrap{font-family:'Inter',-apple-system,BlinkMacSystemFont,sans-serif;color:#241a2e;line-height:1.65;font-size:17px;max-width:820px;margin:0 auto;}\n.slm-listicle-wrap h1{font-family:'Fraunces',Georgia,serif;font-weight:900;font-size:clamp(30px,5vw,46px);line-height:1.08;letter-spacing:-0.02em;color:#1b1224;margin:0 0 8px;}\n.slm-listicle-wrap h2{font-family:'Fraunces',Georgia,serif;font-weight:800;font-size:clamp(24px,3.3vw,34px);line-height:1.15;letter-spacing:-0.015em;color:#1b1224;margin:52px 0 16px;}\n.slm-listicle-wrap h3{font-family:'Fraunces',Georgia,serif;font-weight:600;font-size:20px;color:#1b1224;margin:24px 0 8px;}\n.slm-listicle-wrap p{margin:0 0 18px;}\n.slm-listicle-kicker{font-family:'JetBrains Mono',monospace;font-size:12px;font-weight:500;text-transform:uppercase;letter-spacing:3px;color:#7c3aa8;display:block;margin-bottom:10px;}\n.slm-listicle-lead{font-size:20px;line-height:1.55;color:#3a2c47;font-weight:500;margin:0 0 28px;}\n.slm-listicle-toc{background:#f6f1fa;border:1px solid #e6d8f1;border-left:5px solid #7c3aa8;border-radius:10px;padding:22px 26px;margin:0 0 36px;}\n.slm-listicle-toc .slm-listicle-kicker{margin-bottom:14px;}\n.slm-listicle-toc ol{margin:0;padding-left:22px;font-size:15px;line-height:1.9;color:#3a2c47;}\n.slm-listicle-toc a{color:#5e2885;text-decoration:none;border-bottom:1px solid #d3b8e6;}\n.slm-listicle-toc a:hover{border-bottom-color:#7c3aa8;}\n.slm-listicle-grid{display:grid;grid-template-columns:repeat(auto-fit,minmax(240px,1fr));gap:16px;margin:26px 0;}\n.slm-listicle-card{background:#fff;border:1px solid #ece2f4;border-top:3px solid #7c3aa8;border-radius:10px;padding:20px 22px;transition:.25s ease;box-shadow:0 1px 2px rgba(40,16,56,.05),0 12px 28px -18px rgba(40,16,56,.22);}\n.slm-listicle-card:hover{transform:translateY(-3px);box-shadow:0 1px 2px rgba(40,16,56,.06),0 18px 34px -16px rgba(40,16,56,.3);}\n.slm-listicle-card h3{margin:0 0 6px;font-size:17px;font-weight:700;font-family:'Inter',sans-serif;letter-spacing:-0.01em;}\n.slm-listicle-card span{font-size:14.5px;line-height:1.55;color:#4d3d5e;display:block;}\n.slm-listicle-card .slm-listicle-tag{font-family:'JetBrains Mono',monospace;font-size:11px;letter-spacing:1.5px;text-transform:uppercase;color:#9a5cc0;display:block;margin-bottom:8px;}\n.slm-listicle-answer{background:#f6f1fa;border:1px solid #e6d8f1;border-left:5px solid #7c3aa8;border-radius:10px;padding:22px 26px;margin:0 0 30px;}\n.slm-listicle-answer .slm-listicle-kicker{margin-bottom:10px;}\n.slm-listicle-answer div{font-size:17px;line-height:1.6;color:#2c2138;}\n.slm-listicle-answer ul{margin:14px 0 0;padding-left:20px;font-size:15px;line-height:1.7;color:#3a2c47;}\n.slm-listicle-quote{margin:40px auto;padding:26px 24px;text-align:center;border-top:1px solid #1b1224;border-bottom:1px solid #1b1224;max-width:660px;position:relative;}\n.slm-listicle-quote blockquote{margin:0;font-family:'Fraunces',Georgia,serif;font-style:italic;font-size:24px;line-height:1.45;color:#1b1224;}\n.slm-listicle-quote .slm-listicle-qmark{position:absolute;top:-22px;left:50%;transform:translateX(-50%);background:#fff;padding:0 14px;font-family:'Fraunces',Georgia,serif;font-size:52px;line-height:1;color:#7c3aa8;}\n.slm-listicle-retenir{background:#1b1224;border-radius:12px;padding:26px 28px;margin:44px 0;}\n.slm-listicle-retenir .slm-listicle-kicker{color:#c79be4;margin-bottom:16px;}\n.slm-listicle-retenir .slm-listicle-rgrid{display:grid;grid-template-columns:repeat(auto-fit,minmax(240px,1fr));gap:10px;}\n.slm-listicle-ritem{display:flex;gap:12px;align-items:flex-start;background:#251733;border:1px solid #38264a;padding:13px 15px;border-radius:8px;}\n.slm-listicle-ritem b{flex:0 0 26px;width:26px;height:26px;background:#7c3aa8;color:#fff;border-radius:50%;display:inline-flex;align-items:center;justify-content:center;font-size:12px;font-weight:700;font-family:'JetBrains Mono',monospace;}\n.slm-listicle-ritem span{font-size:14px;line-height:1.5;color:#ede4f5;}\n.slm-listicle-faq{margin:40px 0;}\n.slm-listicle-faq>div{border-top:1px solid #e0d2ee;}\n.slm-listicle-faq details{border-bottom:1px solid #e0d2ee;}\n.slm-listicle-faq summary{cursor:pointer;padding:16px 0;font-family:'Fraunces',Georgia,serif;font-size:18px;font-weight:600;color:#1b1224;list-style:none;display:flex;justify-content:space-between;align-items:center;gap:14px;}\n.slm-listicle-faq summary::-webkit-details-marker{display:none;}\n.slm-listicle-faq summary .slm-listicle-plus{font-size:24px;font-weight:300;color:#7c3aa8;line-height:1;transition:.2s;}\n.slm-listicle-faq details[open] summary .slm-listicle-plus{transform:rotate(45deg);}\n.slm-listicle-faq details>div{padding:0 0 18px;font-size:15.5px;line-height:1.7;color:#4d3d5e;}\n.slm-listicle-wrap strong{color:#3a1f50;}\n\/*RENDERFIX2*\/.slm-listicle-retenir{color:#eef3f9!important}.slm-listicle-retenir p,.slm-listicle-retenir li,.slm-listicle-retenir strong,.slm-listicle-retenir em,.slm-listicle-retenir a,.slm-listicle-retenir span,.slm-listicle-retenir b,.slm-listicle-retenir td,.slm-listicle-retenir th,.slm-listicle-retenir h2,.slm-listicle-retenir h3,.slm-listicle-retenir h4{color:#eef3f9!important}.slm-listicle-retenir strong,.slm-listicle-retenir b{color:#ffffff!important}.slm-listicle-ritem{color:#eef3f9!important}.slm-listicle-ritem p,.slm-listicle-ritem li,.slm-listicle-ritem strong,.slm-listicle-ritem em,.slm-listicle-ritem a,.slm-listicle-ritem span,.slm-listicle-ritem b,.slm-listicle-ritem td,.slm-listicle-ritem th,.slm-listicle-ritem h2,.slm-listicle-ritem h3,.slm-listicle-ritem h4{color:#eef3f9!important}.slm-listicle-ritem strong,.slm-listicle-ritem b{color:#ffffff!important}.slm-listicle-ritem b{color:#eef3f9!important}.slm-listicle-ritem b p,.slm-listicle-ritem b li,.slm-listicle-ritem b strong,.slm-listicle-ritem b em,.slm-listicle-ritem b a,.slm-listicle-ritem b span,.slm-listicle-ritem b b,.slm-listicle-ritem b td,.slm-listicle-ritem b th,.slm-listicle-ritem b h2,.slm-listicle-ritem b h3,.slm-listicle-ritem b h4{color:#eef3f9!important}.slm-listicle-ritem b strong,.slm-listicle-ritem b b{color:#ffffff!important}<\/style>\n<div class=\"slm-listicle-wrap\">\n<h1>Slam et festivals : Les rendez-vous incontournables \u00e0 vivre chaque ann\u00e9e<\/h1>\n<p><span class=\"slm-listicle-kicker\">Culture &middot; Sc\u00e8nes slam<\/span><\/p>\n<div class=\"slm-listicle-lead\">Du Slam Dunk Festival qui sillonne l&rsquo;Europe aux Rencontres nationales hexagonales, la plan\u00e8te slam vibre chaque ann\u00e9e au rythme de rendez-vous o\u00f9 la po\u00e9sie se fait sc\u00e8ne vivante. Voici la s\u00e9lection des festivals \u00e0 ne pas manquer, sc\u00e8ne par sc\u00e8ne.<\/div>\n<div class=\"slm-listicle-toc\">\n  <span class=\"slm-listicle-kicker\">Au programme<\/span><\/p>\n<ol>\n<li><a href=\"#slm-festivals-europe\">Les festivals de slam les plus embl\u00e9matiques en Europe<\/a><\/li>\n<li><a href=\"#slm-slam-dunk\">Focus sur le Slam Dunk Festival et ses d\u00e9clinaisons<\/a><\/li>\n<li><a href=\"#slm-francophone\">La sc\u00e8ne slam francophone : traditions et innovation<\/a><\/li>\n<li><a href=\"#slm-impact\">L&rsquo;impact des festivals sur l&rsquo;\u00e9volution du slam contemporain<\/a><\/li>\n<li><a href=\"#slm-preparer\">Comment bien pr\u00e9parer sa participation \u00e0 un festival de slam<\/a><\/li>\n<li><a href=\"#slm-avenir\">Les nouvelles tendances et l&rsquo;avenir des festivals de slam<\/a><\/li>\n<\/ol>\n<\/div>\n<div class=\"slm-listicle-answer\">\n  <span class=\"slm-listicle-kicker\">L&rsquo;essentiel en bref<\/span><\/p>\n<div>La sc\u00e8ne slam se vit en festivals r\u00e9currents qui reviennent chaque ann\u00e9e : en Europe, le <strong>Slam Dunk Festival<\/strong> circule entre Lyon, Zurich, Milan, Anvers et Utrecht, m\u00ealant po\u00e9sie sc\u00e9nique et musique alternative ; en France, les <strong>Rencontres nationales du slam<\/strong> et les <strong>Sc\u00e8nes Slam de Paris<\/strong> font vivre sc\u00e8nes ouvertes, battles et ateliers d&rsquo;\u00e9criture.<\/div>\n<ul>\n<li>Une programmation internationale et itin\u00e9rante, renouvel\u00e9e d&rsquo;ann\u00e9e en ann\u00e9e.<\/li>\n<li>Des formats hybrides o\u00f9 le slam dialogue avec musique, danse et image.<\/li>\n<li>Des sc\u00e8nes ouvertes et open mics qui font \u00e9merger de nouveaux talents.<\/li>\n<\/ul>\n<\/div>\n<h2 id=\"slm-festivals-europe\">Les festivals de slam les plus embl\u00e9matiques en Europe<\/h2>\n<p>L&rsquo;Europe, mosa\u00efque de cultures et de langues, a vu \u00e9merger ces derni\u00e8res ann\u00e9es des rendez-vous incontournables d\u00e9di\u00e9s au slam. Parmi ceux-ci, le <strong>Slam Dunk Festival<\/strong> s&rsquo;impose comme un \u00e9v\u00e9nement structurant, articul\u00e9 autour d&rsquo;escales strat\u00e9giques \u00e0 Lyon, Zurich, Milan, Anvers et Utrecht, o\u00f9 chaque \u00e9dition compose un m\u00e9lange unique de <strong>po\u00e9sie sc\u00e9nique<\/strong> et de <strong>musique alternative<\/strong>. La programmation, r\u00e9guli\u00e8rement ponctu\u00e9e par des t\u00eates d&rsquo;affiche et des artistes montants, fait la part belle \u00e0 la <u>diversit\u00e9 cr\u00e9ative<\/u> et \u00e0 la <u>rencontre interdisciplinaire<\/u>.<\/p>\n<div class=\"slm-listicle-grid\">\n<article class=\"slm-listicle-card\">\n    <span class=\"slm-listicle-tag\">Europe &middot; Itin\u00e9rant<\/span><\/p>\n<h3>Slam Dunk Festival<\/h3>\n<p>    <span>Point de convergence du slam et du spoken word, pr\u00e9sent dans cinq grandes villes europ\u00e9ennes chaque printemps.<\/span><br \/>\n  <\/article>\n<article class=\"slm-listicle-card\">\n    <span class=\"slm-listicle-tag\">France &middot; Lyon<\/span><\/p>\n<h3>Rencontres Slam de Lyon<\/h3>\n<p>    <span>\u00c9v\u00e9nement-phare du spoken word en France, r\u00e9put\u00e9 pour ses sc\u00e8nes ouvertes et ses battles.<\/span><br \/>\n  <\/article>\n<article class=\"slm-listicle-card\">\n    <span class=\"slm-listicle-tag\">Pays-Bas &middot; Utrecht<\/span><\/p>\n<h3>Spoken Word Utrecht<\/h3>\n<p>    <span>Festival n\u00e9erlandais ax\u00e9 sur la collaboration entre po\u00e9sie, musique et arts visuels.<\/span><br \/>\n  <\/article>\n<article class=\"slm-listicle-card\">\n    <span class=\"slm-listicle-tag\">Belgique &middot; Anvers<\/span><\/p>\n<h3>Slam Anvers<\/h3>\n<p>    <span>Plateforme belge mettant en lumi\u00e8re la nouvelle g\u00e9n\u00e9ration d&rsquo;auteurs-interpr\u00e8tes.<\/span><br \/>\n  <\/article>\n<article class=\"slm-listicle-card\">\n    <span class=\"slm-listicle-tag\">Italie &middot; Milan<\/span><\/p>\n<h3>Milan Slam Experience<\/h3>\n<p>    <span>Exploration du slam et de ses ramifications dans la culture urbaine italienne.<\/span><br \/>\n  <\/article>\n<\/div>\n<p>Chaque festival europ\u00e9en s&rsquo;appuie sur une <strong>programmation internationale<\/strong> qui permet au public de d\u00e9couvrir des performances in\u00e9gal\u00e9es et de s&rsquo;enrichir au contact de <strong>styles d&rsquo;expression vari\u00e9s<\/strong>. En 2025, nous constatons une pr\u00e9sence renforc\u00e9e des <u>arts hybrides<\/u>, o\u00f9 le slam dialogue avec la musique, la danse et l&rsquo;image sur des sc\u00e8nes embl\u00e9matiques, telles que L&rsquo;Amphith\u00e9\u00e2tre 3000 \u00e0 Lyon ou le Komplex 457 \u00e0 Zurich.<\/p>\n<h2 id=\"slm-slam-dunk\">Focus sur le Slam Dunk Festival et ses d\u00e9clinaisons<\/h2>\n<p>Le <strong>Slam Dunk Festival<\/strong> a su construire une identit\u00e9 forte, notamment gr\u00e2ce \u00e0 sa dimension itin\u00e9rante et \u00e0 la diversit\u00e9 de ses participants. Cet \u00e9v\u00e9nement s&rsquo;\u00e9tend sur plusieurs pays, marquant les esprits par sa capacit\u00e9 \u00e0 rassembler un public \u00e9clectique autour des valeurs du <strong>partage<\/strong> et de la <strong>cr\u00e9ation collective<\/strong>. En 2025, la programmation met \u00e0 l&rsquo;honneur des groupes de renomm\u00e9e internationale comme A Day To Remember, Landmvrks, New Found Glory, The Used, Neck Deep, et Zebrahead, tout en donnant une place pr\u00e9pond\u00e9rante au <u>spoken word contemporain<\/u>.<\/p>\n<div class=\"slm-listicle-grid\">\n<article class=\"slm-listicle-card\">\n    <span class=\"slm-listicle-tag\">Lyon<\/span><\/p>\n<h3>L&rsquo;Amphith\u00e9\u00e2tre 3000<\/h3>\n<p>    <span>Accueille des performances crois\u00e9es entre slam, punk rock et po\u00e9sie urbaine, attirant un public jeune et passionn\u00e9.<\/span><br \/>\n  <\/article>\n<article class=\"slm-listicle-card\">\n    <span class=\"slm-listicle-tag\">Anvers &middot; Utrecht<\/span><\/p>\n<h3>Trix &amp; TivoliVredenburg<\/h3>\n<p>    <span>Sc\u00e8nes o\u00f9 la confrontation des styles et des univers cr\u00e9e une dynamique unique, propice \u00e0 la d\u00e9couverte.<\/span><br \/>\n  <\/article>\n<article class=\"slm-listicle-card\">\n    <span class=\"slm-listicle-tag\">Zurich<\/span><\/p>\n<h3>Komplex 457<\/h3>\n<p>    <span>Lieu embl\u00e9matique pour la sc\u00e8ne alternative suisse, o\u00f9 l&rsquo;\u00e9nergie du festival s&rsquo;imbrique dans l&rsquo;identit\u00e9 locale.<\/span><br \/>\n  <\/article>\n<article class=\"slm-listicle-card\">\n    <span class=\"slm-listicle-tag\">Milan<\/span><\/p>\n<h3>Carroponte<\/h3>\n<p>    <span>Fusion du rock, du slam, et de l&rsquo;art visuel, tout en c\u00e9l\u00e9brant la vitalit\u00e9 de la diversit\u00e9 italienne.<\/span><br \/>\n  <\/article>\n<\/div>\n<p>Le caract\u00e8re itin\u00e9rant du festival permet une <strong>transculturalit\u00e9<\/strong> qui fait la richesse de chaque \u00e9dition. Les publics se rencontrent, les artistes collaborent, cr\u00e9ant une atmosph\u00e8re f\u00e9d\u00e9ratrice o\u00f9 la <u>parole sc\u00e9nique<\/u> acquiert une dimension nouvelle, \u00e0 la crois\u00e9e du spectacle vivant et de la performance po\u00e9tique. Chaque d\u00e9clinaison locale apporte une touche sp\u00e9cifique, tant dans l&rsquo;accueil du public que dans la s\u00e9lection des artistes, garantissant une exp\u00e9rience renouvel\u00e9e d&rsquo;ann\u00e9e en ann\u00e9e.<\/p>\n<figure class=\"slm-listicle-quote\">\n  <span class=\"slm-listicle-qmark\">&laquo;<\/span><\/p>\n<blockquote><p>La parole sc\u00e9nique acquiert une dimension nouvelle, \u00e0 la crois\u00e9e du spectacle vivant et de la performance po\u00e9tique.<\/p><\/blockquote>\n<\/figure>\n<h2 id=\"slm-francophone\">La sc\u00e8ne slam francophone : traditions et innovation<\/h2>\n<p>La France s&rsquo;affirme comme un bastion du slam avec une tradition solidement ancr\u00e9e dans l&rsquo;<strong>expression libre<\/strong> et la <strong>d\u00e9mocratisation de la parole<\/strong>. Les festivals hexagonaux, tels que les <strong>Rencontres nationales du slam<\/strong> et les <strong>Sc\u00e8nes Slam de Paris<\/strong>, proposent des concours, des sc\u00e8nes ouvertes, des ateliers d&rsquo;\u00e9criture et des moments de partage interg\u00e9n\u00e9rationnels. Ces initiatives favorisent l&rsquo;\u00e9mergence de <u>talents in\u00e9dits<\/u> et le renouvellement des formes, tout en pr\u00e9servant le lien avec l&rsquo;h\u00e9ritage po\u00e9tique historique.<\/p>\n<div class=\"slm-listicle-grid\">\n<article class=\"slm-listicle-card\">\n    <span class=\"slm-listicle-tag\">Paris &middot; Toulouse &middot; Lyon<\/span><\/p>\n<h3>Rencontres nationales du slam<\/h3>\n<p>    <span>Rendez-vous annuel des collectifs francophones, ax\u00e9 sur l&rsquo;\u00e9change et la co-cr\u00e9ation.<\/span><br \/>\n  <\/article>\n<article class=\"slm-listicle-card\">\n    <span class=\"slm-listicle-tag\">Marseille<\/span><\/p>\n<h3>Festival Slam d&rsquo;Afrique<\/h3>\n<p>    <span>T\u00e9moignage du dialogue entre cultures orales et francophonie mondiale.<\/span><br \/>\n  <\/article>\n<article class=\"slm-listicle-card\">\n    <span class=\"slm-listicle-tag\">Bordeaux<\/span><\/p>\n<h3>Slam \u00d4 F\u00e9minin<\/h3>\n<p>    <span>Valorisation des voix f\u00e9minines et des th\u00e9matiques d&rsquo;actualit\u00e9 sur sc\u00e8ne.<\/span><br \/>\n  <\/article>\n<\/div>\n<p>Les festivals francophones privil\u00e9gient une <strong>alternance entre tradition et innovation<\/strong> : les sc\u00e8nes ouvertes c\u00f4toient des spectacles conceptuels, les ateliers d&rsquo;\u00e9criture s&rsquo;enrichissent de collaborations avec des musiciens ou des vid\u00e9astes. Ce brassage d&rsquo;id\u00e9es et de formats assure la vitalit\u00e9 du genre, attirant un public curieux, avide de rencontres humaines et de d\u00e9couvertes artistiques.<\/p>\n<h2 id=\"slm-impact\">L&rsquo;impact des festivals sur l&rsquo;\u00e9volution du slam contemporain<\/h2>\n<p>Les <strong>festivals de slam<\/strong> jouent un r\u00f4le moteur dans la <u>dynamique d&rsquo;\u00e9volution du genre<\/u>. Ils facilitent l&rsquo;acc\u00e8s \u00e0 la sc\u00e8ne pour de nouveaux talents et cr\u00e9ent des espaces de dialogue entre g\u00e9n\u00e9rations, disciplines et cultures. Ces \u00e9v\u00e9nements, par leur capacit\u00e9 \u00e0 f\u00e9d\u00e9rer artistes, amateurs et curieux, deviennent de v\u00e9ritables incubateurs d&rsquo;innovations po\u00e9tiques.<\/p>\n<div class=\"slm-listicle-grid\">\n<article class=\"slm-listicle-card\">\n    <span class=\"slm-listicle-tag\">Cr\u00e9ation<\/span><\/p>\n<h3>Collaborations in\u00e9dites<\/h3>\n<p>    <span>Associations entre slameurs, musiciens, danseurs, et vid\u00e9astes durant les \u00e9ditions r\u00e9centes, donnant lieu \u00e0 des cr\u00e9ations hybrides remarqu\u00e9es.<\/span><br \/>\n  <\/article>\n<article class=\"slm-listicle-card\">\n    <span class=\"slm-listicle-tag\">R\u00e9seaux<\/span><\/p>\n<h3>Tourn\u00e9es transnationales<\/h3>\n<p>    <span>Construction de r\u00e9seaux europ\u00e9ens qui favorisent l&rsquo;\u00e9mergence d&rsquo;une communaut\u00e9 slam transfrontali\u00e8re.<\/span><br \/>\n  <\/article>\n<article class=\"slm-listicle-card\">\n    <span class=\"slm-listicle-tag\">R\u00e9flexion<\/span><\/p>\n<h3>D\u00e9bats et tables rondes<\/h3>\n<p>    <span>Promotion de la r\u00e9flexion sur le statut de la parole, les enjeux soci\u00e9taux, et la place du slam dans le paysage artistique contemporain.<\/span><br \/>\n  <\/article>\n<\/div>\n<p>Ces manifestations contribuent \u00e0 moderniser la pratique, renouvelant les formats de performance et dynamisant le rapport \u00e0 la sc\u00e8ne. Elles favorisent une prise de parole inclusive, qui transcende les barri\u00e8res linguistiques et les codes traditionnels, offrant au slam une visibilit\u00e9 accrue dans le secteur culturel.<\/p>\n<h2 id=\"slm-preparer\">Comment bien pr\u00e9parer sa participation \u00e0 un festival de slam<\/h2>\n<p>Prendre part \u00e0 un <strong>festival de slam<\/strong> constitue une exp\u00e9rience immersive, autant pour les spectateurs que pour les artistes. Une pr\u00e9paration en amont garantit de tirer le meilleur parti de ces rassemblements rares et intenses. L&rsquo;anticipation de la programmation, la s\u00e9lection des temps forts et la planification des ateliers d&rsquo;\u00e9criture ou workshops font partie des incontournables \u00e0 ne pas n\u00e9gliger.<\/p>\n<div class=\"slm-listicle-grid\">\n<article class=\"slm-listicle-card\">\n    <span class=\"slm-listicle-tag\">\u00c9tape 01<\/span><\/p>\n<h3>Consulter le programme officiel<\/h3>\n<p>    <span>Pour rep\u00e9rer les t\u00eates d&rsquo;affiche, les battles et les sc\u00e8nes ouvertes.<\/span><br \/>\n  <\/article>\n<article class=\"slm-listicle-card\">\n    <span class=\"slm-listicle-tag\">\u00c9tape 02<\/span><\/p>\n<h3>Pr\u00e9parer ses textes<\/h3>\n<p>    <span>Et s&rsquo;inscrire aux open mics pour une participation active.<\/span><br \/>\n  <\/article>\n<article class=\"slm-listicle-card\">\n    <span class=\"slm-listicle-tag\">\u00c9tape 03<\/span><\/p>\n<h3>Prendre part aux ateliers collaboratifs<\/h3>\n<p>    <span>Propos\u00e9s pour affiner son style et enrichir sa technique.<\/span><br \/>\n  <\/article>\n<article class=\"slm-listicle-card\">\n    <span class=\"slm-listicle-tag\">\u00c9tape 04<\/span><\/p>\n<h3>Se familiariser avec les artistes et collectifs invit\u00e9s<\/h3>\n<p>    <span>Pour identifier les rencontres cl\u00e9s.<\/span><br \/>\n  <\/article>\n<article class=\"slm-listicle-card\">\n    <span class=\"slm-listicle-tag\">\u00c9tape 05<\/span><\/p>\n<h3>Partager ses propres cr\u00e9ations<\/h3>\n<p>    <span>Sur les plateformes num\u00e9riques associ\u00e9es aux festivals.<\/span><br \/>\n  <\/article>\n<\/div>\n<p>L&rsquo;exp\u00e9rience se r\u00e9v\u00e8le d&rsquo;autant plus enrichissante que l&rsquo;on s&rsquo;immerge dans la <u>communaut\u00e9 slam<\/u>, qu&rsquo;on \u00e9change avec les auteurs, les performeurs, les animateurs et le public, afin de savourer la dimension interactive et f\u00e9d\u00e9ratrice de ces \u00e9v\u00e9nements hors du commun.<\/p>\n<h2 id=\"slm-avenir\">Les nouvelles tendances et l&rsquo;avenir des festivals de slam<\/h2>\n<p>Le paysage du <strong>slam<\/strong> est en pleine mutation, port\u00e9 par des innovations qui t\u00e9moignent d&rsquo;un foisonnement cr\u00e9atif sans pr\u00e9c\u00e9dent. Les festivals int\u00e8grent de plus en plus le num\u00e9rique : retransmission des sc\u00e8nes en streaming, concours digitaux, et workshops en ligne ouvrent de nouvelles perspectives, rendant la po\u00e9sie vivante accessible \u00e0 un public \u00e9largi et diversifi\u00e9.<\/p>\n<div class=\"slm-listicle-grid\">\n<article class=\"slm-listicle-card\">\n    <span class=\"slm-listicle-tag\">Formats<\/span><\/p>\n<h3>Formats hybrides<\/h3>\n<p>    <span>Mariage entre slam et musique \u00e9lectronique, arts visuels, ou danse contemporaine pour des performances singuli\u00e8res.<\/span><br \/>\n  <\/article>\n<article class=\"slm-listicle-card\">\n    <span class=\"slm-listicle-tag\">International<\/span><\/p>\n<h3>Collaborations internationales<\/h3>\n<p>    <span>Plateformes transfrontali\u00e8res permettant \u00e0 des artistes de diff\u00e9rents continents de se produire ensemble, m\u00eame \u00e0 distance.<\/span><br \/>\n  <\/article>\n<article class=\"slm-listicle-card\">\n    <span class=\"slm-listicle-tag\">Lieux<\/span><\/p>\n<h3>Nouveaux espaces d&rsquo;expression<\/h3>\n<p>    <span>Int\u00e9gration des sc\u00e8nes slam dans des festivals pluridisciplinaires, mus\u00e9es ou espaces urbains atypiques.<\/span><br \/>\n  <\/article>\n<\/div>\n<p>Le futur du slam s&rsquo;annonce r\u00e9solument ouvert, innovant et inclusif. Les festivals majeurs comme le <strong>Slam Dunk<\/strong> ou les <strong>Rencontres nationales<\/strong> devraient continuer \u00e0 jouer un r\u00f4le moteur dans cette \u00e9volution, tout en cultivant leur sp\u00e9cificit\u00e9 locale et la richesse de leur programmation. Nous pouvons d\u00e9j\u00e0 anticiper que l&rsquo;avenir du slam se dessinera \u00e0 travers de nouvelles collaborations, des exp\u00e9riences immersives in\u00e9dites et l&rsquo;affirmation d&rsquo;une parole toujours plus libre et inventive sur les sc\u00e8nes europ\u00e9ennes et mondiales.<\/p>\n<div class=\"slm-listicle-retenir\">\n  <span class=\"slm-listicle-kicker\">\u00c0 retenir<\/span><\/p>\n<div class=\"slm-listicle-rgrid\">\n<div class=\"slm-listicle-ritem\"><b>1<\/b><span>Le Slam Dunk Festival est le rendez-vous itin\u00e9rant phare, entre Lyon, Zurich, Milan, Anvers et Utrecht.<\/span><\/div>\n<div class=\"slm-listicle-ritem\"><b>2<\/b><span>La sc\u00e8ne francophone (Rencontres nationales, Sc\u00e8nes Slam de Paris) marie tradition et innovation.<\/span><\/div>\n<div class=\"slm-listicle-ritem\"><b>3<\/b><span>Les festivals sont des incubateurs : sc\u00e8nes ouvertes, ateliers et collaborations font \u00e9merger les talents.<\/span><\/div>\n<div class=\"slm-listicle-ritem\"><b>4<\/b><span>Pr\u00e9parer sa venue (programme, textes, open mics) d\u00e9cuple l&rsquo;exp\u00e9rience, sur sc\u00e8ne comme dans le public.<\/span><\/div>\n<div class=\"slm-listicle-ritem\"><b>5<\/b><span>L&rsquo;avenir se joue sur l&rsquo;hybride, le num\u00e9rique et les collaborations transfrontali\u00e8res.<\/span><\/div>\n<\/p><\/div>\n<\/div>\n<section class=\"slm-listicle-faq\">\n<h2 style=\"margin-top:0;\">Questions fr\u00e9quentes<\/h2>\n<div>\n<details>\n<summary><span>Quels sont les principaux festivals de slam en Europe ?<\/span><span class=\"slm-listicle-plus\">+<\/span><\/summary>\n<div>Le Slam Dunk Festival, itin\u00e9rant entre Lyon, Zurich, Milan, Anvers et Utrecht, figure parmi les plus embl\u00e9matiques. S&rsquo;y ajoutent les Rencontres Slam de Lyon, Spoken Word Utrecht, Slam Anvers et la Milan Slam Experience, chacun avec sa couleur locale.<\/div>\n<\/details>\n<details>\n<summary><span>O\u00f9 se vit la sc\u00e8ne slam francophone ?<\/span><span class=\"slm-listicle-plus\">+<\/span><\/summary>\n<div>Notamment lors des Rencontres nationales du slam (Paris, Toulouse, Lyon), des Sc\u00e8nes Slam de Paris, du Festival Slam d&rsquo;Afrique \u00e0 Marseille et de Slam \u00d4 F\u00e9minin \u00e0 Bordeaux, qui m\u00ealent concours, sc\u00e8nes ouvertes et ateliers d&rsquo;\u00e9criture.<\/div>\n<\/details>\n<details>\n<summary><span>Faut-il \u00eatre slameur pour participer \u00e0 un festival de slam ?<\/span><span class=\"slm-listicle-plus\">+<\/span><\/summary>\n<div>Non. Ces festivals s&rsquo;adressent autant aux spectateurs qu&rsquo;aux artistes : on peut simplement assister aux performances, ou s&rsquo;inscrire aux open mics et ateliers collaboratifs pour monter \u00e0 son tour sur sc\u00e8ne.<\/div>\n<\/details>\n<details>\n<summary><span>Comment bien pr\u00e9parer sa participation \u00e0 un festival de slam ?<\/span><span class=\"slm-listicle-plus\">+<\/span><\/summary>\n<div>Consultez le programme officiel pour rep\u00e9rer les temps forts, pr\u00e9parez vos textes et inscrivez-vous aux open mics, prenez part aux ateliers collaboratifs, familiarisez-vous avec les artistes invit\u00e9s et partagez vos cr\u00e9ations sur les plateformes associ\u00e9es.<\/div>\n<\/details>\n<details>\n<summary><span>Quelles sont les tendances qui dessinent l&rsquo;avenir du slam ?<\/span><span class=\"slm-listicle-plus\">+<\/span><\/summary>\n<div>Les formats hybrides (slam m\u00eal\u00e9 \u00e0 la musique \u00e9lectronique, aux arts visuels ou \u00e0 la danse), les collaborations internationales transfrontali\u00e8res et l&rsquo;int\u00e9gration du num\u00e9rique \u2014 streaming, concours digitaux, workshops en ligne \u2014 rendent la po\u00e9sie vivante accessible \u00e0 un public \u00e9largi.<\/div>\n<\/details><\/div>\n<\/section>\n<\/div>\n","protected":false},"excerpt":{"rendered":"","protected":false},"author":34,"featured_media":7641,"comment_status":"open","ping_status":"open","sticky":false,"template":"","format":"standard","meta":{"_acf_changed":false,"manual_indexmenow":false,"indexmenow_id_project":0,"footnotes":""},"categories":[1],"tags":[4599,4600,4598],"class_list":["post-7473","post","type-post","status-publish","format-standard","has-post-thumbnail","hentry","category-a-la-une","tag-festivals-musique","tag-scene-live","tag-slam-poesie","generate-columns","tablet-grid-50","mobile-grid-100","grid-parent","grid-25"],"acf":[],"yoast_head":"<!-- This site is optimized with the Yoast SEO Premium plugin v21.3 (Yoast SEO v26.5) - https:\/\/yoast.com\/wordpress\/plugins\/seo\/ -->\n<title>Slam et festivals : les rendez-vous \u00e0 vivre chaque ann\u00e9e<\/title>\n<meta name=\"description\" content=\"L&#039;Europe, mosa\u00efque de cultures et de langues, a vu \u00e9merger ces derni\u00e8res ann\u00e9es des rendez-vous incontournables d\u00e9di\u00e9s au slam.\" \/>\n<meta name=\"robots\" content=\"index, follow, max-snippet:-1, max-image-preview:large, max-video-preview:-1\" \/>\n<link rel=\"canonical\" href=\"https:\/\/slams.fr\/blog\/a-la-une\/slam-et-festivals-les-rendez-vous-incontournables-a-vivre-chaque-annee-2\/\" \/>\n<meta property=\"og:locale\" content=\"fr_FR\" \/>\n<meta property=\"og:type\" content=\"article\" \/>\n<meta property=\"og:title\" content=\"Slam et festivals : les rendez-vous \u00e0 vivre chaque ann\u00e9e\" \/>\n<meta property=\"og:description\" content=\"L&#039;Europe, mosa\u00efque de cultures et de langues, a vu \u00e9merger ces derni\u00e8res ann\u00e9es des rendez-vous incontournables d\u00e9di\u00e9s au slam.\" \/>\n<meta property=\"og:url\" content=\"https:\/\/slams.fr\/blog\/a-la-une\/slam-et-festivals-les-rendez-vous-incontournables-a-vivre-chaque-annee-2\/\" \/>\n<meta property=\"og:site_name\" content=\"slams\" \/>\n<meta property=\"og:image\" content=\"https:\/\/slams.fr\/blog\/wp-content\/uploads\/2025\/07\/sdxl-60d9c858e5bf5a9170f68c921da9446b-scaled.png\" \/>\n\t<meta property=\"og:image:width\" content=\"1200\" \/>\n\t<meta property=\"og:image:height\" content=\"500\" \/>\n\t<meta property=\"og:image:type\" content=\"image\/png\" \/>\n<meta name=\"author\" content=\"Rapha\u00ebl D.\" \/>\n<meta name=\"twitter:card\" content=\"summary_large_image\" \/>\n<script type=\"application\/ld+json\" class=\"yoast-schema-graph\">{\"@context\":\"https:\/\/schema.org\",\"@graph\":[{\"@type\":\"NewsArticle\",\"@id\":\"https:\/\/slams.fr\/blog\/a-la-une\/slam-et-festivals-les-rendez-vous-incontournables-a-vivre-chaque-annee-2\/#article\",\"isPartOf\":{\"@id\":\"https:\/\/slams.fr\/blog\/a-la-une\/slam-et-festivals-les-rendez-vous-incontournables-a-vivre-chaque-annee-2\/\"},\"author\":{\"name\":\"Rapha\u00ebl D.\",\"@id\":\"https:\/\/slams.fr\/blog\/#\/schema\/person\/3c864cdc320801e3db34b663e7e3f816\"},\"headline\":\"Slam et festivals : Les rendez-vous incontournables \u00e0 vivre chaque ann\u00e9e\",\"datePublished\":\"2026-06-16T12:28:41+00:00\",\"mainEntityOfPage\":{\"@id\":\"https:\/\/slams.fr\/blog\/a-la-une\/slam-et-festivals-les-rendez-vous-incontournables-a-vivre-chaque-annee-2\/\"},\"wordCount\":1989,\"commentCount\":0,\"publisher\":{\"@id\":\"https:\/\/slams.fr\/blog\/#organization\"},\"image\":{\"@id\":\"https:\/\/slams.fr\/blog\/a-la-une\/slam-et-festivals-les-rendez-vous-incontournables-a-vivre-chaque-annee-2\/#primaryimage\"},\"thumbnailUrl\":\"https:\/\/slams.fr\/blog\/wp-content\/uploads\/2025\/07\/sdxl-60d9c858e5bf5a9170f68c921da9446b-scaled.png\",\"keywords\":[\"festivals musique\",\"scene live\",\"slam poesie\"],\"articleSection\":[\"\u00c0 la une\"],\"inLanguage\":\"fr-FR\",\"potentialAction\":[{\"@type\":\"CommentAction\",\"name\":\"Comment\",\"target\":[\"https:\/\/slams.fr\/blog\/a-la-une\/slam-et-festivals-les-rendez-vous-incontournables-a-vivre-chaque-annee-2\/#respond\"]}]},{\"@type\":\"WebPage\",\"@id\":\"https:\/\/slams.fr\/blog\/a-la-une\/slam-et-festivals-les-rendez-vous-incontournables-a-vivre-chaque-annee-2\/\",\"url\":\"https:\/\/slams.fr\/blog\/a-la-une\/slam-et-festivals-les-rendez-vous-incontournables-a-vivre-chaque-annee-2\/\",\"name\":\"Slam et festivals : les rendez-vous \u00e0 vivre chaque ann\u00e9e\",\"isPartOf\":{\"@id\":\"https:\/\/slams.fr\/blog\/#website\"},\"primaryImageOfPage\":{\"@id\":\"https:\/\/slams.fr\/blog\/a-la-une\/slam-et-festivals-les-rendez-vous-incontournables-a-vivre-chaque-annee-2\/#primaryimage\"},\"image\":{\"@id\":\"https:\/\/slams.fr\/blog\/a-la-une\/slam-et-festivals-les-rendez-vous-incontournables-a-vivre-chaque-annee-2\/#primaryimage\"},\"thumbnailUrl\":\"https:\/\/slams.fr\/blog\/wp-content\/uploads\/2025\/07\/sdxl-60d9c858e5bf5a9170f68c921da9446b-scaled.png\",\"datePublished\":\"2026-06-16T12:28:41+00:00\",\"description\":\"L'Europe, mosa\u00efque de cultures et de langues, a vu \u00e9merger ces derni\u00e8res ann\u00e9es des rendez-vous incontournables d\u00e9di\u00e9s au slam.\",\"inLanguage\":\"fr-FR\",\"potentialAction\":[{\"@type\":\"ReadAction\",\"target\":[\"https:\/\/slams.fr\/blog\/a-la-une\/slam-et-festivals-les-rendez-vous-incontournables-a-vivre-chaque-annee-2\/\"]}]},{\"@type\":\"ImageObject\",\"inLanguage\":\"fr-FR\",\"@id\":\"https:\/\/slams.fr\/blog\/a-la-une\/slam-et-festivals-les-rendez-vous-incontournables-a-vivre-chaque-annee-2\/#primaryimage\",\"url\":\"https:\/\/slams.fr\/blog\/wp-content\/uploads\/2025\/07\/sdxl-60d9c858e5bf5a9170f68c921da9446b-scaled.png\",\"contentUrl\":\"https:\/\/slams.fr\/blog\/wp-content\/uploads\/2025\/07\/sdxl-60d9c858e5bf5a9170f68c921da9446b-scaled.png\",\"width\":1200,\"height\":500},{\"@type\":\"WebSite\",\"@id\":\"https:\/\/slams.fr\/blog\/#website\",\"url\":\"https:\/\/slams.fr\/blog\/\",\"name\":\"slams.fr\",\"description\":\"Slams, l&#039;\u00e9nergie des mots en action\",\"publisher\":{\"@id\":\"https:\/\/slams.fr\/blog\/#organization\"},\"alternateName\":\"Slams, l'\u00e9nergie des mots en action\",\"potentialAction\":[{\"@type\":\"SearchAction\",\"target\":{\"@type\":\"EntryPoint\",\"urlTemplate\":\"https:\/\/slams.fr\/blog\/?s={search_term_string}\"},\"query-input\":{\"@type\":\"PropertyValueSpecification\",\"valueRequired\":true,\"valueName\":\"search_term_string\"}}],\"inLanguage\":\"fr-FR\"},{\"@type\":\"Organization\",\"@id\":\"https:\/\/slams.fr\/blog\/#organization\",\"name\":\"Foretsensations.fr\",\"url\":\"https:\/\/slams.fr\/blog\/\",\"logo\":{\"@type\":\"ImageObject\",\"inLanguage\":\"fr-FR\",\"@id\":\"https:\/\/slams.fr\/blog\/#\/schema\/logo\/image\/\",\"url\":\"https:\/\/slams.fr\/blog\/wp-content\/uploads\/2026\/07\/logo-auto-1.png\",\"contentUrl\":\"https:\/\/slams.fr\/blog\/wp-content\/uploads\/2026\/07\/logo-auto-1.png\",\"width\":1024,\"height\":1024,\"caption\":\"Foretsensations.fr\"},\"image\":{\"@id\":\"https:\/\/slams.fr\/blog\/#\/schema\/logo\/image\/\"}},{\"@type\":\"Person\",\"@id\":\"https:\/\/slams.fr\/blog\/#\/schema\/person\/3c864cdc320801e3db34b663e7e3f816\",\"name\":\"Rapha\u00ebl D.\",\"image\":{\"@type\":\"ImageObject\",\"inLanguage\":\"fr-FR\",\"@id\":\"https:\/\/slams.fr\/blog\/#\/schema\/person\/image\/\",\"url\":\"https:\/\/slams.fr\/blog\/wp-content\/uploads\/2026\/06\/persona_raphael-d-96x96.jpg\",\"contentUrl\":\"https:\/\/slams.fr\/blog\/wp-content\/uploads\/2026\/06\/persona_raphael-d-96x96.jpg\",\"caption\":\"Rapha\u00ebl D.\"},\"description\":\"La culture est mon terrain de jeu depuis une dizaine d'ann\u00e9es : arts visuels, s\u00e9ries, cr\u00e9ation et tout ce qui nourrit l'imaginaire. J'\u00e9cris aussi bien sur l'actualit\u00e9 des \u0153uvres que sur les coulisses de la cr\u00e9ation, avec l'envie de relier l'amateur curieux \u00e0 des univers parfois jug\u00e9s intimidants. J'aime analyser une s\u00e9rie ou une d\u00e9marche artistique sans p\u00e9dantisme, replacer une \u0153uvre dans son contexte et donner des cl\u00e9s de lecture accessibles. Avant de publier, je v\u00e9rifie mes r\u00e9f\u00e9rences, je recoupe les sources et je distingue clairement le fait de mon interpr\u00e9tation subjective. Je crois qu'une critique vaut surtout par les arguments qu'elle expose, pas par la sentence qu'elle rend. Mon angle : transmettre l'envie de d\u00e9couvrir, de regarder autrement et de se forger son propre go\u00fbt. La culture n'appartient pas qu'aux initi\u00e9s, et c'est tout l'enjeu de mon \u00e9criture.\",\"url\":\"https:\/\/slams.fr\/blog\/auteur\/raphael-d\/\",\"jobTitle\":\"R\u00e9dacteur en chef \u00b7 Culture & Cr\u00e9ation\",\"knowsAbout\":[\"Culture\",\"Cr\u00e9ation\"],\"email\":\"raphael.d@a-l-asso-de-l-art.fr\"}]}<\/script>\n<!-- \/ Yoast SEO Premium plugin. -->","yoast_head_json":{"title":"Slam et festivals : les rendez-vous \u00e0 vivre chaque ann\u00e9e","description":"L'Europe, mosa\u00efque de cultures et de langues, a vu \u00e9merger ces derni\u00e8res ann\u00e9es des rendez-vous incontournables d\u00e9di\u00e9s au slam.","robots":{"index":"index","follow":"follow","max-snippet":"max-snippet:-1","max-image-preview":"max-image-preview:large","max-video-preview":"max-video-preview:-1"},"canonical":"https:\/\/slams.fr\/blog\/a-la-une\/slam-et-festivals-les-rendez-vous-incontournables-a-vivre-chaque-annee-2\/","og_locale":"fr_FR","og_type":"article","og_title":"Slam et festivals : les rendez-vous \u00e0 vivre chaque ann\u00e9e","og_description":"L'Europe, mosa\u00efque de cultures et de langues, a vu \u00e9merger ces derni\u00e8res ann\u00e9es des rendez-vous incontournables d\u00e9di\u00e9s au slam.","og_url":"https:\/\/slams.fr\/blog\/a-la-une\/slam-et-festivals-les-rendez-vous-incontournables-a-vivre-chaque-annee-2\/","og_site_name":"slams","og_image":[{"width":1200,"height":500,"url":"https:\/\/slams.fr\/blog\/wp-content\/uploads\/2025\/07\/sdxl-60d9c858e5bf5a9170f68c921da9446b-scaled.png","type":"image\/png"}],"author":"Rapha\u00ebl D.","twitter_card":"summary_large_image","schema":{"@context":"https:\/\/schema.org","@graph":[{"@type":"NewsArticle","@id":"https:\/\/slams.fr\/blog\/a-la-une\/slam-et-festivals-les-rendez-vous-incontournables-a-vivre-chaque-annee-2\/#article","isPartOf":{"@id":"https:\/\/slams.fr\/blog\/a-la-une\/slam-et-festivals-les-rendez-vous-incontournables-a-vivre-chaque-annee-2\/"},"author":{"name":"Rapha\u00ebl D.","@id":"https:\/\/slams.fr\/blog\/#\/schema\/person\/3c864cdc320801e3db34b663e7e3f816"},"headline":"Slam et festivals : Les rendez-vous incontournables \u00e0 vivre chaque ann\u00e9e","datePublished":"2026-06-16T12:28:41+00:00","mainEntityOfPage":{"@id":"https:\/\/slams.fr\/blog\/a-la-une\/slam-et-festivals-les-rendez-vous-incontournables-a-vivre-chaque-annee-2\/"},"wordCount":1989,"commentCount":0,"publisher":{"@id":"https:\/\/slams.fr\/blog\/#organization"},"image":{"@id":"https:\/\/slams.fr\/blog\/a-la-une\/slam-et-festivals-les-rendez-vous-incontournables-a-vivre-chaque-annee-2\/#primaryimage"},"thumbnailUrl":"https:\/\/slams.fr\/blog\/wp-content\/uploads\/2025\/07\/sdxl-60d9c858e5bf5a9170f68c921da9446b-scaled.png","keywords":["festivals musique","scene live","slam poesie"],"articleSection":["\u00c0 la une"],"inLanguage":"fr-FR","potentialAction":[{"@type":"CommentAction","name":"Comment","target":["https:\/\/slams.fr\/blog\/a-la-une\/slam-et-festivals-les-rendez-vous-incontournables-a-vivre-chaque-annee-2\/#respond"]}]},{"@type":"WebPage","@id":"https:\/\/slams.fr\/blog\/a-la-une\/slam-et-festivals-les-rendez-vous-incontournables-a-vivre-chaque-annee-2\/","url":"https:\/\/slams.fr\/blog\/a-la-une\/slam-et-festivals-les-rendez-vous-incontournables-a-vivre-chaque-annee-2\/","name":"Slam et festivals : les rendez-vous \u00e0 vivre chaque ann\u00e9e","isPartOf":{"@id":"https:\/\/slams.fr\/blog\/#website"},"primaryImageOfPage":{"@id":"https:\/\/slams.fr\/blog\/a-la-une\/slam-et-festivals-les-rendez-vous-incontournables-a-vivre-chaque-annee-2\/#primaryimage"},"image":{"@id":"https:\/\/slams.fr\/blog\/a-la-une\/slam-et-festivals-les-rendez-vous-incontournables-a-vivre-chaque-annee-2\/#primaryimage"},"thumbnailUrl":"https:\/\/slams.fr\/blog\/wp-content\/uploads\/2025\/07\/sdxl-60d9c858e5bf5a9170f68c921da9446b-scaled.png","datePublished":"2026-06-16T12:28:41+00:00","description":"L'Europe, mosa\u00efque de cultures et de langues, a vu \u00e9merger ces derni\u00e8res ann\u00e9es des rendez-vous incontournables d\u00e9di\u00e9s au slam.","inLanguage":"fr-FR","potentialAction":[{"@type":"ReadAction","target":["https:\/\/slams.fr\/blog\/a-la-une\/slam-et-festivals-les-rendez-vous-incontournables-a-vivre-chaque-annee-2\/"]}]},{"@type":"ImageObject","inLanguage":"fr-FR","@id":"https:\/\/slams.fr\/blog\/a-la-une\/slam-et-festivals-les-rendez-vous-incontournables-a-vivre-chaque-annee-2\/#primaryimage","url":"https:\/\/slams.fr\/blog\/wp-content\/uploads\/2025\/07\/sdxl-60d9c858e5bf5a9170f68c921da9446b-scaled.png","contentUrl":"https:\/\/slams.fr\/blog\/wp-content\/uploads\/2025\/07\/sdxl-60d9c858e5bf5a9170f68c921da9446b-scaled.png","width":1200,"height":500},{"@type":"WebSite","@id":"https:\/\/slams.fr\/blog\/#website","url":"https:\/\/slams.fr\/blog\/","name":"slams.fr","description":"Slams, l&#039;\u00e9nergie des mots en action","publisher":{"@id":"https:\/\/slams.fr\/blog\/#organization"},"alternateName":"Slams, l'\u00e9nergie des mots en action","potentialAction":[{"@type":"SearchAction","target":{"@type":"EntryPoint","urlTemplate":"https:\/\/slams.fr\/blog\/?s={search_term_string}"},"query-input":{"@type":"PropertyValueSpecification","valueRequired":true,"valueName":"search_term_string"}}],"inLanguage":"fr-FR"},{"@type":"Organization","@id":"https:\/\/slams.fr\/blog\/#organization","name":"Foretsensations.fr","url":"https:\/\/slams.fr\/blog\/","logo":{"@type":"ImageObject","inLanguage":"fr-FR","@id":"https:\/\/slams.fr\/blog\/#\/schema\/logo\/image\/","url":"https:\/\/slams.fr\/blog\/wp-content\/uploads\/2026\/07\/logo-auto-1.png","contentUrl":"https:\/\/slams.fr\/blog\/wp-content\/uploads\/2026\/07\/logo-auto-1.png","width":1024,"height":1024,"caption":"Foretsensations.fr"},"image":{"@id":"https:\/\/slams.fr\/blog\/#\/schema\/logo\/image\/"}},{"@type":"Person","@id":"https:\/\/slams.fr\/blog\/#\/schema\/person\/3c864cdc320801e3db34b663e7e3f816","name":"Rapha\u00ebl D.","image":{"@type":"ImageObject","inLanguage":"fr-FR","@id":"https:\/\/slams.fr\/blog\/#\/schema\/person\/image\/","url":"https:\/\/slams.fr\/blog\/wp-content\/uploads\/2026\/06\/persona_raphael-d-96x96.jpg","contentUrl":"https:\/\/slams.fr\/blog\/wp-content\/uploads\/2026\/06\/persona_raphael-d-96x96.jpg","caption":"Rapha\u00ebl D."},"description":"La culture est mon terrain de jeu depuis une dizaine d'ann\u00e9es : arts visuels, s\u00e9ries, cr\u00e9ation et tout ce qui nourrit l'imaginaire. J'\u00e9cris aussi bien sur l'actualit\u00e9 des \u0153uvres que sur les coulisses de la cr\u00e9ation, avec l'envie de relier l'amateur curieux \u00e0 des univers parfois jug\u00e9s intimidants. J'aime analyser une s\u00e9rie ou une d\u00e9marche artistique sans p\u00e9dantisme, replacer une \u0153uvre dans son contexte et donner des cl\u00e9s de lecture accessibles. Avant de publier, je v\u00e9rifie mes r\u00e9f\u00e9rences, je recoupe les sources et je distingue clairement le fait de mon interpr\u00e9tation subjective. Je crois qu'une critique vaut surtout par les arguments qu'elle expose, pas par la sentence qu'elle rend. Mon angle : transmettre l'envie de d\u00e9couvrir, de regarder autrement et de se forger son propre go\u00fbt. La culture n'appartient pas qu'aux initi\u00e9s, et c'est tout l'enjeu de mon \u00e9criture.","url":"https:\/\/slams.fr\/blog\/auteur\/raphael-d\/","jobTitle":"R\u00e9dacteur en chef \u00b7 Culture & Cr\u00e9ation","knowsAbout":["Culture","Cr\u00e9ation"],"email":"raphael.d@a-l-asso-de-l-art.fr"}]}},"_links":{"self":[{"href":"https:\/\/slams.fr\/blog\/wp-json\/wp\/v2\/posts\/7473","targetHints":{"allow":["GET"]}}],"collection":[{"href":"https:\/\/slams.fr\/blog\/wp-json\/wp\/v2\/posts"}],"about":[{"href":"https:\/\/slams.fr\/blog\/wp-json\/wp\/v2\/types\/post"}],"author":[{"embeddable":true,"href":"https:\/\/slams.fr\/blog\/wp-json\/wp\/v2\/users\/34"}],"replies":[{"embeddable":true,"href":"https:\/\/slams.fr\/blog\/wp-json\/wp\/v2\/comments?post=7473"}],"version-history":[{"count":2,"href":"https:\/\/slams.fr\/blog\/wp-json\/wp\/v2\/posts\/7473\/revisions"}],"predecessor-version":[{"id":7801,"href":"https:\/\/slams.fr\/blog\/wp-json\/wp\/v2\/posts\/7473\/revisions\/7801"}],"wp:featuredmedia":[{"embeddable":true,"href":"https:\/\/slams.fr\/blog\/wp-json\/wp\/v2\/media\/7641"}],"wp:attachment":[{"href":"https:\/\/slams.fr\/blog\/wp-json\/wp\/v2\/media?parent=7473"}],"wp:term":[{"taxonomy":"category","embeddable":true,"href":"https:\/\/slams.fr\/blog\/wp-json\/wp\/v2\/categories?post=7473"},{"taxonomy":"post_tag","embeddable":true,"href":"https:\/\/slams.fr\/blog\/wp-json\/wp\/v2\/tags?post=7473"}],"curies":[{"name":"wp","href":"https:\/\/api.w.org\/{rel}","templated":true}]}}