{"id":7474,"date":"2025-06-14T22:19:19","date_gmt":"2025-06-14T20:19:19","guid":{"rendered":"https:\/\/slams.fr\/blog\/a-la-une\/ou-trouver-des-soirees-slam-locales-et-vibrer-pres-de-chez-soi\/"},"modified":"2025-06-14T22:19:19","modified_gmt":"2025-06-14T20:19:19","slug":"ou-trouver-des-soirees-slam-locales-et-vibrer-pres-de-chez-soi","status":"publish","type":"post","link":"https:\/\/slams.fr\/blog\/a-la-une\/ou-trouver-des-soirees-slam-locales-et-vibrer-pres-de-chez-soi\/","title":{"rendered":"O\u00f9 trouver des soir\u00e9es slam locales et vibrer pr\u00e8s de chez soi"},"content":{"rendered":"<h1>O\u00f9 trouver des soir\u00e9es slam locales et vibrer pr\u00e8s de chez soi<\/h1>\n<h2>Explorer les hauts lieux du slam dans votre r\u00e9gion<\/h2>\n<p>\n        La plupart des grandes villes et certains territoires ruraux accueillent des <strong>salles embl\u00e9matiques<\/strong> d\u00e9di\u00e9es \u00e0 la <u>sc\u00e8ne slam<\/u>. Ces endroits, souvent r\u00e9put\u00e9s pour leur soutien \u00e0 la cr\u00e9ation, favorisent la rencontre entre <strong>artistes amateurs<\/strong> et <strong>public curieux<\/strong>. Citons le <strong>Caf\u00e9 de la Danse<\/strong> \u00e0 Paris, v\u00e9ritable institution o\u00f9 se croisent r\u00e9guli\u00e8rement les plus grandes plumes de la capitale, ou le <strong>Cabaret Po\u00e9sie<\/strong> \u00e0 Montr\u00e9al, reconnu pour ses <u>open mics<\/u> chaleureux. Au Maroc, l&rsquo;<strong>Institut Fran\u00e7ais de Rabat<\/strong> organise, chaque ann\u00e9e, la <strong>Grande Soir\u00e9e du Slam Francophone<\/strong>, rassemblant des performeurs venus de toute la francophonie pour c\u00e9l\u00e9brer la diversit\u00e9 des approches et des styles po\u00e9tiques[5].\n    <\/p>\n<ul>\n<li><strong>L\u2019Antipode MJC \u00e0 Rennes<\/strong> : c\u00e9l\u00e8bre pour ses <strong>sc\u00e8nes ouvertes<\/strong> o\u00f9 les nouveaux venus c\u00f4toient les champions locaux.<\/li>\n<li><strong>Le Cinqui\u00e8me Bar \u00e0 Lausanne<\/strong> : r\u00e9f\u00e9rence incontournable de la sc\u00e8ne suisse o\u00f9 se programmment des <strong>battles de slam<\/strong> et des soir\u00e9es th\u00e9matiques.<\/li>\n<li><strong>Librairie La Lucarne des \u00c9crivains \u00e0 Paris<\/strong> : espace intimiste r\u00e9put\u00e9 pour ses <strong>ateliers d\u2019\u00e9criture<\/strong> et ses rencontres slam mensuelles.<\/li>\n<\/ul>\n<p>\n        Pour rep\u00e9rer les adresses dynamiques, nous recommandons de consulter les affiches culturelles locales, d\u2019observer les vitrines de librairies ind\u00e9pendantes ou de s\u2019int\u00e9resser \u00e0 la programmation de certains bars engag\u00e9s, souvent moteurs de la vie slam. L\u2019exp\u00e9rience prouve que ces lieux ancr\u00e9s dans le tissu urbain sont propices \u00e0 la d\u00e9couverte d\u2019une parole vivante et renouvel\u00e9e.\n    <\/p>\n<h2>D\u00e9crypter les r\u00e9seaux sociaux et plateformes d\u00e9di\u00e9es au slam<\/h2>\n<p>\n        Les <strong>r\u00e9seaux sociaux<\/strong> constituent aujourd\u2019hui un levier majeur pour s\u2019informer sur les prochaines <strong>soir\u00e9es slam<\/strong>. Sur <u>Instagram<\/u>, nombre de collectifs, artistes ou salles annoncent leurs \u00e9v\u00e9nements via des <strong>stories<\/strong> et des <strong>posts r\u00e9guliers<\/strong> agr\u00e9ment\u00e9s des hashtags #soireeslam #openmic. Sur <u>Facebook<\/u>, il existe des groupes sp\u00e9cialis\u00e9s comme <strong>Slam en France<\/strong> ou <strong>Sc\u00e8ne Slam Paris<\/strong> o\u00f9 l\u2019on \u00e9change sur les dates \u00e0 venir, partage des vid\u00e9os et se donne rendez-vous pour aller ensemble \u00e0 une sc\u00e8ne ouverte.\n    <\/p>\n<ul>\n<li><strong>TikTok<\/strong> est devenu un carrefour incontournable : des cr\u00e9ateurs y partagent des extraits de leurs passages en live, des invitations \u00e0 des battles et des <strong>initiatives collectives<\/strong> telles que la #NuitDuSlam ou la <strong>Journ\u00e9e mondiale du slam<\/strong>.<\/li>\n<li>Des \u00e9v\u00e9nements sont souvent annonc\u00e9s sur les pages officiels des lieux comme le <strong>French Library<\/strong> de Boston ou lors de <u>La Soir\u00e9e Francophonie<\/u> organis\u00e9e par diverses institutions culturelles francophones (voir l\u2019\u00e9dition 2025 \u00e0 Rabat[5]).<\/li>\n<\/ul>\n<p>\n        Utiliser ces plateformes permet non seulement d\u2019\u00eatre inform\u00e9 rapidement des rendez-vous, mais aussi d\u2019entrer en contact avec des artistes, d\u2019int\u00e9grer un r\u00e9seau, et de se motiver \u00e0 franchir le pas en montant sur sc\u00e8ne pour la premi\u00e8re fois. Notre exp\u00e9rience montre que l\u2019imm\u00e9diatet\u00e9 des \u00e9changes et la proximit\u00e9 avec la communaut\u00e9 constituent un atout pr\u00e9cieux pour qui veut s\u2019ouvrir aux nouvelles propositions po\u00e9tiques.\n    <\/p>\n<h2>Consulter les agendas culturels et sites \u00e9v\u00e9nementiels locaux<\/h2>\n<p>\n        Pour ne manquer aucune <strong>soir\u00e9e slam<\/strong> pr\u00e8s de chez soi, s\u2019appuyer sur des <strong>agendas culturels sp\u00e9cialis\u00e9s<\/strong> demeure une solution fiable et efficace. Les sites tels que <strong>lecalendrier.fr<\/strong>, <strong>sortirici.fr<\/strong> en France, ou <strong>montreal.ca\/culture<\/strong> au Qu\u00e9bec recensent souvent les \u00e9v\u00e9nements par cat\u00e9gorie, localisation et date. Ces plateformes offrent la possibilit\u00e9 de filtrer selon le genre (slam, spoken word, open mic), le public cibl\u00e9 ou encore le type de salle accueillante.\n    <\/p>\n<ul>\n<li><strong>Guichet.com<\/strong> et la billetterie de l\u2019Institut Fran\u00e7ais<\/li>\n<li><strong>Applications \u00e9v\u00e9nementielles<\/strong> telles que Meetup ou Eventbrite, o\u00f9 de nombreux collectifs postent leurs prochaines sc\u00e8nes<\/li>\n<li><strong>Sites d\u2019associations po\u00e9tiques locales<\/strong>, souvent tr\u00e8s actifs pour relayer les sc\u00e8nes slam ind\u00e9pendantes<\/li>\n<\/ul>\n<p>\n        Nous recommandons de s\u2019abonner aux newsletters ou de param\u00e9trer des alertes pour recevoir automatiquement les nouveaut\u00e9s en fonction de sa ville ou de ses centres d\u2019int\u00e9r\u00eat. Ce r\u00e9flexe permet d\u2019anticiper les programmations, de rep\u00e9rer les festivals saisonniers ou les happenings po\u00e9tiques comme ceux diffus\u00e9s en streaming lors d\u2019\u00e9v\u00e9nements majeurs.\n    <\/p>\n<h2>Rencontrer les collectifs et associations de slameurs<\/h2>\n<p>\n        S\u2019immerger au sein d\u2019un <strong>collectif de slameurs<\/strong> offre une perspective enrichissante sur la diversit\u00e9 des styles et l\u2019\u00e9nergie collaborative de la <u>sc\u00e8ne slam<\/u>. Ces groupes sont \u00e0 la base de nombreuses initiatives : organisation de <strong>sc\u00e8nes ouvertes<\/strong>, animation d\u2019<strong>ateliers d\u2019\u00e9criture<\/strong>, cr\u00e9ation de <strong>festivals<\/strong> ou participations \u00e0 des concours internationaux. L\u2019exemple du <strong>Collectif 129H<\/strong> \u00e0 Lyon ou du collectif <strong>Spoken Word Paris<\/strong> t\u00e9moigne de la force des r\u00e9seaux associatifs qui accueillent r\u00e9guli\u00e8rement des nouveaux venus et mettent \u00e0 disposition des outils pour progresser.\n    <\/p>\n<ul>\n<li><strong>La SLAM SESSION<\/strong> de Bruxelles, un rendez-vous mensuel reconnu pour son ouverture \u00e0 tous<\/li>\n<li><strong>Les Ateliers Slam.com \u00e0 Marseille<\/strong>, offrant un accompagnement personnalis\u00e9 pour s\u2019initier \u00e0 l\u2019\u00e9criture perform\u00e9e<\/li>\n<li><strong>L\u2019association Slam Connexion en \u00cele-de-France<\/strong>, pivot de nombreux \u00e9v\u00e9nements dans la r\u00e9gion parisienne<\/li>\n<\/ul>\n<p>\n        Int\u00e9grer ces groupes permet d\u2019acc\u00e9der \u00e0 un vivier de conseils pratiques, de b\u00e9n\u00e9ficier du regard des pairs, et d\u2019\u00eatre encourag\u00e9 sur le chemin de la performance sc\u00e9nique. Nous encourageons vivement \u00e0 \u00e9couter, observer puis prendre part \u00e0 la dynamique collective, cl\u00e9 d\u2019une progression rapide et durable sur la sc\u00e8ne slam.\n    <\/p>\n<h2>Participer \u00e0 une premi\u00e8re sc\u00e8ne slam : mode d\u2019emploi<\/h2>\n<p>\n        S\u2019initier \u00e0 une <strong>premi\u00e8re sc\u00e8ne slam<\/strong> se d\u00e9roule en plusieurs \u00e9tapes structurantes. Nous conseillons de commencer par assister \u00e0 plusieurs soir\u00e9es, afin de s\u2019impr\u00e9gner du rythme de la sc\u00e8ne, de se familiariser avec l\u2019accueil des organisateurs et d\u2019appr\u00e9hender le d\u00e9roul\u00e9 type : inscription \u00e0 l\u2019entr\u00e9e, passage chronom\u00e9tr\u00e9 et \u00e9changes apr\u00e8s la performance. L\u2019\u00e9coute attentive des intervenants pr\u00e9c\u00e9dents affine la compr\u00e9hension des codes et des attentes du public.\n    <\/p>\n<ul>\n<li>Arriver en avance pour rep\u00e9rer l\u2019ambiance, \u00e9changer avec les b\u00e9n\u00e9voles et s\u2019inscrire sereinement sur la liste de passage<\/li>\n<li>Pr\u00e9parer un texte de moins de trois minutes, comme il est d\u2019usage dans la majorit\u00e9 des <strong>open mics<\/strong><\/li>\n<li>Oser se lancer m\u00eame sans exp\u00e9rience sc\u00e9nique, la bienveillance pr\u00e9domine sur la grande majorit\u00e9 des soir\u00e9es slam, tant dans les bars engag\u00e9s que dans les espaces institutionnels comme \u00e0 Rabat lors de la <strong>Grande Soir\u00e9e du Slam Francophone<\/strong>[5]<\/li>\n<\/ul>\n<p>\n        M\u00eame en simple auditeur, la soir\u00e9e offre une exp\u00e9rience immersive, propice \u00e0 de futures envies d\u2019\u00e9criture ou de prise de parole. Nous croyons que toute tentative, m\u00eame timide, permet d\u2019\u00e9difier une confiance nouvelle, tant l\u2019\u00e9nergie partag\u00e9e lors de ces moments sc\u00e9niques reste contagieuse et inspirante.\n    <\/p>\n<h2>La sc\u00e8ne slam : entre nouveaut\u00e9s et \u00e9v\u00e9nements incontournables<\/h2>\n<p>\n        De nombreuses villes mettent en avant des <strong>soir\u00e9es slam annuelles<\/strong> ou accueillent des <strong>festivals urbains<\/strong> majeurs, telles que la <strong>Nuit du Slam<\/strong>, pr\u00e9sente dans plusieurs agglom\u00e9rations chaque printemps, ou la <strong>Grande Soir\u00e9e du Slam Francophone<\/strong> de l\u2019Institut Fran\u00e7ais \u00e0 Rabat, qui r\u00e9unit, chaque mois de mars, des slameurs de Belgique, du Qu\u00e9bec, du Maroc, de Suisse et du S\u00e9n\u00e9gal[5]. \u00c0 Montr\u00e9al, le <strong>Grand Slam National<\/strong> rassemble r\u00e9guli\u00e8rement les meilleures \u00e9quipes du Canada francophone. En France, les <strong>Battles de la Ligue Slam de France<\/strong> font vibrer le public de Lyon \u00e0 Bordeaux.\n    <\/p>\n<ul>\n<li><strong>Slam Mania<\/strong> sur YouTube, une \u00e9mission hebdomadaire d\u00e9di\u00e9e \u00e0 la culture slam, met en avant les nouveaux talents et retransmet de grands moments de sc\u00e8ne[3].<\/li>\n<li>Les <strong>slams th\u00e9matiques<\/strong> se multiplient, traitant de sujets d\u2019actualit\u00e9 (\u00e9galit\u00e9, \u00e9cologie, diversit\u00e9) et offrent des formats originaux, souvent hybrides avec musique ou arts visuels.<\/li>\n<li>La g\u00e9n\u00e9ralisation des <strong>sc\u00e8nes connect\u00e9es<\/strong>, o\u00f9 des \u00e9v\u00e9nements sont diffus\u00e9s en direct, permet d\u2019assister \u00e0 des performances depuis chez soi et de toucher un public international.<\/li>\n<\/ul>\n<p>\n        Cette vitalit\u00e9 et ces innovations t\u00e9moignent de la capacit\u00e9 du <strong>slam francophone<\/strong> \u00e0 se renouveler et \u00e0 s\u2019adapter aux nouveaux usages num\u00e9riques. Nous observons une nette mont\u00e9e en puissance de la <u>dimension participative<\/u> et <u>inclusive<\/u> de la sc\u00e8ne slam, confirmant que le mouvement se nourrit autant de ses racines communautaires que de l\u2019\u00e9lan apport\u00e9 par la technologie et l\u2019ouverture \u00e0 de nouveaux publics.\n    <\/p>\n","protected":false},"excerpt":{"rendered":"","protected":false},"author":34,"featured_media":7640,"comment_status":"open","ping_status":"open","sticky":false,"template":"","format":"standard","meta":{"_acf_changed":false,"manual_indexmenow":false,"indexmenow_id_project":0,"footnotes":""},"categories":[1],"tags":[4603,4601,4602],"class_list":["post-7474","post","type-post","status-publish","format-standard","has-post-thumbnail","hentry","category-a-la-une","tag-evenement-proche","tag-slam-poetry","tag-soirees-locales","generate-columns","tablet-grid-50","mobile-grid-100","grid-parent","grid-25"],"acf":[],"yoast_head":"<!-- This site is optimized with the Yoast SEO Premium plugin v21.3 (Yoast SEO v26.5) - https:\/\/yoast.com\/wordpress\/plugins\/seo\/ -->\n<title>O\u00f9 trouver des soir\u00e9es slam locales pr\u00e8s de chez soi<\/title>\n<meta name=\"description\" content=\"La plupart des grandes villes et certains territoires ruraux accueillent des salles embl\u00e9matiques d\u00e9di\u00e9es \u00e0 la sc\u00e8ne slam.\" \/>\n<meta name=\"robots\" content=\"index, follow, max-snippet:-1, max-image-preview:large, max-video-preview:-1\" \/>\n<link rel=\"canonical\" href=\"https:\/\/slams.fr\/blog\/a-la-une\/ou-trouver-des-soirees-slam-locales-et-vibrer-pres-de-chez-soi\/\" \/>\n<meta property=\"og:locale\" content=\"fr_FR\" \/>\n<meta property=\"og:type\" content=\"article\" \/>\n<meta property=\"og:title\" content=\"O\u00f9 trouver des soir\u00e9es slam locales pr\u00e8s de chez soi\" \/>\n<meta property=\"og:description\" content=\"La plupart des grandes villes et certains territoires ruraux accueillent des salles embl\u00e9matiques d\u00e9di\u00e9es \u00e0 la sc\u00e8ne slam.\" \/>\n<meta property=\"og:url\" content=\"https:\/\/slams.fr\/blog\/a-la-une\/ou-trouver-des-soirees-slam-locales-et-vibrer-pres-de-chez-soi\/\" \/>\n<meta property=\"og:site_name\" content=\"slams\" \/>\n<meta property=\"og:image\" content=\"https:\/\/slams.fr\/blog\/wp-content\/uploads\/2025\/07\/sdxl-8586325712dba30c75cdb66c36b43741-scaled.png\" \/>\n\t<meta property=\"og:image:width\" content=\"1200\" \/>\n\t<meta property=\"og:image:height\" content=\"500\" \/>\n\t<meta property=\"og:image:type\" content=\"image\/png\" \/>\n<meta name=\"author\" content=\"Rapha\u00ebl D.\" \/>\n<meta name=\"twitter:card\" content=\"summary_large_image\" \/>\n<script type=\"application\/ld+json\" class=\"yoast-schema-graph\">{\"@context\":\"https:\/\/schema.org\",\"@graph\":[{\"@type\":\"NewsArticle\",\"@id\":\"https:\/\/slams.fr\/blog\/a-la-une\/ou-trouver-des-soirees-slam-locales-et-vibrer-pres-de-chez-soi\/#article\",\"isPartOf\":{\"@id\":\"https:\/\/slams.fr\/blog\/a-la-une\/ou-trouver-des-soirees-slam-locales-et-vibrer-pres-de-chez-soi\/\"},\"author\":{\"name\":\"Rapha\u00ebl D.\",\"@id\":\"https:\/\/slams.fr\/blog\/#\/schema\/person\/3c864cdc320801e3db34b663e7e3f816\"},\"headline\":\"O\u00f9 trouver des soir\u00e9es slam locales et vibrer pr\u00e8s de chez soi\",\"datePublished\":\"2025-06-14T20:19:19+00:00\",\"mainEntityOfPage\":{\"@id\":\"https:\/\/slams.fr\/blog\/a-la-une\/ou-trouver-des-soirees-slam-locales-et-vibrer-pres-de-chez-soi\/\"},\"wordCount\":1429,\"commentCount\":0,\"publisher\":{\"@id\":\"https:\/\/slams.fr\/blog\/#organization\"},\"image\":{\"@id\":\"https:\/\/slams.fr\/blog\/a-la-une\/ou-trouver-des-soirees-slam-locales-et-vibrer-pres-de-chez-soi\/#primaryimage\"},\"thumbnailUrl\":\"https:\/\/slams.fr\/blog\/wp-content\/uploads\/2025\/07\/sdxl-8586325712dba30c75cdb66c36b43741-scaled.png\",\"keywords\":[\"evenement proche\",\"slam poetry\",\"soirees locales\"],\"articleSection\":[\"\u00c0 la une\"],\"inLanguage\":\"fr-FR\",\"potentialAction\":[{\"@type\":\"CommentAction\",\"name\":\"Comment\",\"target\":[\"https:\/\/slams.fr\/blog\/a-la-une\/ou-trouver-des-soirees-slam-locales-et-vibrer-pres-de-chez-soi\/#respond\"]}]},{\"@type\":\"WebPage\",\"@id\":\"https:\/\/slams.fr\/blog\/a-la-une\/ou-trouver-des-soirees-slam-locales-et-vibrer-pres-de-chez-soi\/\",\"url\":\"https:\/\/slams.fr\/blog\/a-la-une\/ou-trouver-des-soirees-slam-locales-et-vibrer-pres-de-chez-soi\/\",\"name\":\"O\u00f9 trouver des soir\u00e9es slam locales pr\u00e8s de chez soi\",\"isPartOf\":{\"@id\":\"https:\/\/slams.fr\/blog\/#website\"},\"primaryImageOfPage\":{\"@id\":\"https:\/\/slams.fr\/blog\/a-la-une\/ou-trouver-des-soirees-slam-locales-et-vibrer-pres-de-chez-soi\/#primaryimage\"},\"image\":{\"@id\":\"https:\/\/slams.fr\/blog\/a-la-une\/ou-trouver-des-soirees-slam-locales-et-vibrer-pres-de-chez-soi\/#primaryimage\"},\"thumbnailUrl\":\"https:\/\/slams.fr\/blog\/wp-content\/uploads\/2025\/07\/sdxl-8586325712dba30c75cdb66c36b43741-scaled.png\",\"datePublished\":\"2025-06-14T20:19:19+00:00\",\"description\":\"La plupart des grandes villes et certains territoires ruraux accueillent des salles embl\u00e9matiques d\u00e9di\u00e9es \u00e0 la sc\u00e8ne slam.\",\"inLanguage\":\"fr-FR\",\"potentialAction\":[{\"@type\":\"ReadAction\",\"target\":[\"https:\/\/slams.fr\/blog\/a-la-une\/ou-trouver-des-soirees-slam-locales-et-vibrer-pres-de-chez-soi\/\"]}]},{\"@type\":\"ImageObject\",\"inLanguage\":\"fr-FR\",\"@id\":\"https:\/\/slams.fr\/blog\/a-la-une\/ou-trouver-des-soirees-slam-locales-et-vibrer-pres-de-chez-soi\/#primaryimage\",\"url\":\"https:\/\/slams.fr\/blog\/wp-content\/uploads\/2025\/07\/sdxl-8586325712dba30c75cdb66c36b43741-scaled.png\",\"contentUrl\":\"https:\/\/slams.fr\/blog\/wp-content\/uploads\/2025\/07\/sdxl-8586325712dba30c75cdb66c36b43741-scaled.png\",\"width\":1200,\"height\":500},{\"@type\":\"WebSite\",\"@id\":\"https:\/\/slams.fr\/blog\/#website\",\"url\":\"https:\/\/slams.fr\/blog\/\",\"name\":\"slams.fr\",\"description\":\"Slams, l&#039;\u00e9nergie des mots en action\",\"publisher\":{\"@id\":\"https:\/\/slams.fr\/blog\/#organization\"},\"alternateName\":\"Slams, l'\u00e9nergie des mots en action\",\"potentialAction\":[{\"@type\":\"SearchAction\",\"target\":{\"@type\":\"EntryPoint\",\"urlTemplate\":\"https:\/\/slams.fr\/blog\/?s={search_term_string}\"},\"query-input\":{\"@type\":\"PropertyValueSpecification\",\"valueRequired\":true,\"valueName\":\"search_term_string\"}}],\"inLanguage\":\"fr-FR\"},{\"@type\":\"Organization\",\"@id\":\"https:\/\/slams.fr\/blog\/#organization\",\"name\":\"Foretsensations.fr\",\"url\":\"https:\/\/slams.fr\/blog\/\",\"logo\":{\"@type\":\"ImageObject\",\"inLanguage\":\"fr-FR\",\"@id\":\"https:\/\/slams.fr\/blog\/#\/schema\/logo\/image\/\",\"url\":\"https:\/\/slams.fr\/blog\/wp-content\/uploads\/2026\/07\/logo-auto-1.png\",\"contentUrl\":\"https:\/\/slams.fr\/blog\/wp-content\/uploads\/2026\/07\/logo-auto-1.png\",\"width\":1024,\"height\":1024,\"caption\":\"Foretsensations.fr\"},\"image\":{\"@id\":\"https:\/\/slams.fr\/blog\/#\/schema\/logo\/image\/\"}},{\"@type\":\"Person\",\"@id\":\"https:\/\/slams.fr\/blog\/#\/schema\/person\/3c864cdc320801e3db34b663e7e3f816\",\"name\":\"Rapha\u00ebl D.\",\"image\":{\"@type\":\"ImageObject\",\"inLanguage\":\"fr-FR\",\"@id\":\"https:\/\/slams.fr\/blog\/#\/schema\/person\/image\/\",\"url\":\"https:\/\/slams.fr\/blog\/wp-content\/uploads\/2026\/06\/persona_raphael-d-96x96.jpg\",\"contentUrl\":\"https:\/\/slams.fr\/blog\/wp-content\/uploads\/2026\/06\/persona_raphael-d-96x96.jpg\",\"caption\":\"Rapha\u00ebl D.\"},\"description\":\"La culture est mon terrain de jeu depuis une dizaine d'ann\u00e9es : arts visuels, s\u00e9ries, cr\u00e9ation et tout ce qui nourrit l'imaginaire. J'\u00e9cris aussi bien sur l'actualit\u00e9 des \u0153uvres que sur les coulisses de la cr\u00e9ation, avec l'envie de relier l'amateur curieux \u00e0 des univers parfois jug\u00e9s intimidants. J'aime analyser une s\u00e9rie ou une d\u00e9marche artistique sans p\u00e9dantisme, replacer une \u0153uvre dans son contexte et donner des cl\u00e9s de lecture accessibles. Avant de publier, je v\u00e9rifie mes r\u00e9f\u00e9rences, je recoupe les sources et je distingue clairement le fait de mon interpr\u00e9tation subjective. Je crois qu'une critique vaut surtout par les arguments qu'elle expose, pas par la sentence qu'elle rend. Mon angle : transmettre l'envie de d\u00e9couvrir, de regarder autrement et de se forger son propre go\u00fbt. La culture n'appartient pas qu'aux initi\u00e9s, et c'est tout l'enjeu de mon \u00e9criture.\",\"url\":\"https:\/\/slams.fr\/blog\/auteur\/raphael-d\/\",\"jobTitle\":\"R\u00e9dacteur en chef \u00b7 Culture & Cr\u00e9ation\",\"knowsAbout\":[\"Culture\",\"Cr\u00e9ation\"],\"email\":\"raphael.d@a-l-asso-de-l-art.fr\"}]}<\/script>\n<!-- \/ Yoast SEO Premium plugin. -->","yoast_head_json":{"title":"O\u00f9 trouver des soir\u00e9es slam locales pr\u00e8s de chez soi","description":"La plupart des grandes villes et certains territoires ruraux accueillent des salles embl\u00e9matiques d\u00e9di\u00e9es \u00e0 la sc\u00e8ne slam.","robots":{"index":"index","follow":"follow","max-snippet":"max-snippet:-1","max-image-preview":"max-image-preview:large","max-video-preview":"max-video-preview:-1"},"canonical":"https:\/\/slams.fr\/blog\/a-la-une\/ou-trouver-des-soirees-slam-locales-et-vibrer-pres-de-chez-soi\/","og_locale":"fr_FR","og_type":"article","og_title":"O\u00f9 trouver des soir\u00e9es slam locales pr\u00e8s de chez soi","og_description":"La plupart des grandes villes et certains territoires ruraux accueillent des salles embl\u00e9matiques d\u00e9di\u00e9es \u00e0 la sc\u00e8ne slam.","og_url":"https:\/\/slams.fr\/blog\/a-la-une\/ou-trouver-des-soirees-slam-locales-et-vibrer-pres-de-chez-soi\/","og_site_name":"slams","og_image":[{"width":1200,"height":500,"url":"https:\/\/slams.fr\/blog\/wp-content\/uploads\/2025\/07\/sdxl-8586325712dba30c75cdb66c36b43741-scaled.png","type":"image\/png"}],"author":"Rapha\u00ebl D.","twitter_card":"summary_large_image","schema":{"@context":"https:\/\/schema.org","@graph":[{"@type":"NewsArticle","@id":"https:\/\/slams.fr\/blog\/a-la-une\/ou-trouver-des-soirees-slam-locales-et-vibrer-pres-de-chez-soi\/#article","isPartOf":{"@id":"https:\/\/slams.fr\/blog\/a-la-une\/ou-trouver-des-soirees-slam-locales-et-vibrer-pres-de-chez-soi\/"},"author":{"name":"Rapha\u00ebl D.","@id":"https:\/\/slams.fr\/blog\/#\/schema\/person\/3c864cdc320801e3db34b663e7e3f816"},"headline":"O\u00f9 trouver des soir\u00e9es slam locales et vibrer pr\u00e8s de chez soi","datePublished":"2025-06-14T20:19:19+00:00","mainEntityOfPage":{"@id":"https:\/\/slams.fr\/blog\/a-la-une\/ou-trouver-des-soirees-slam-locales-et-vibrer-pres-de-chez-soi\/"},"wordCount":1429,"commentCount":0,"publisher":{"@id":"https:\/\/slams.fr\/blog\/#organization"},"image":{"@id":"https:\/\/slams.fr\/blog\/a-la-une\/ou-trouver-des-soirees-slam-locales-et-vibrer-pres-de-chez-soi\/#primaryimage"},"thumbnailUrl":"https:\/\/slams.fr\/blog\/wp-content\/uploads\/2025\/07\/sdxl-8586325712dba30c75cdb66c36b43741-scaled.png","keywords":["evenement proche","slam poetry","soirees locales"],"articleSection":["\u00c0 la une"],"inLanguage":"fr-FR","potentialAction":[{"@type":"CommentAction","name":"Comment","target":["https:\/\/slams.fr\/blog\/a-la-une\/ou-trouver-des-soirees-slam-locales-et-vibrer-pres-de-chez-soi\/#respond"]}]},{"@type":"WebPage","@id":"https:\/\/slams.fr\/blog\/a-la-une\/ou-trouver-des-soirees-slam-locales-et-vibrer-pres-de-chez-soi\/","url":"https:\/\/slams.fr\/blog\/a-la-une\/ou-trouver-des-soirees-slam-locales-et-vibrer-pres-de-chez-soi\/","name":"O\u00f9 trouver des soir\u00e9es slam locales pr\u00e8s de chez soi","isPartOf":{"@id":"https:\/\/slams.fr\/blog\/#website"},"primaryImageOfPage":{"@id":"https:\/\/slams.fr\/blog\/a-la-une\/ou-trouver-des-soirees-slam-locales-et-vibrer-pres-de-chez-soi\/#primaryimage"},"image":{"@id":"https:\/\/slams.fr\/blog\/a-la-une\/ou-trouver-des-soirees-slam-locales-et-vibrer-pres-de-chez-soi\/#primaryimage"},"thumbnailUrl":"https:\/\/slams.fr\/blog\/wp-content\/uploads\/2025\/07\/sdxl-8586325712dba30c75cdb66c36b43741-scaled.png","datePublished":"2025-06-14T20:19:19+00:00","description":"La plupart des grandes villes et certains territoires ruraux accueillent des salles embl\u00e9matiques d\u00e9di\u00e9es \u00e0 la sc\u00e8ne slam.","inLanguage":"fr-FR","potentialAction":[{"@type":"ReadAction","target":["https:\/\/slams.fr\/blog\/a-la-une\/ou-trouver-des-soirees-slam-locales-et-vibrer-pres-de-chez-soi\/"]}]},{"@type":"ImageObject","inLanguage":"fr-FR","@id":"https:\/\/slams.fr\/blog\/a-la-une\/ou-trouver-des-soirees-slam-locales-et-vibrer-pres-de-chez-soi\/#primaryimage","url":"https:\/\/slams.fr\/blog\/wp-content\/uploads\/2025\/07\/sdxl-8586325712dba30c75cdb66c36b43741-scaled.png","contentUrl":"https:\/\/slams.fr\/blog\/wp-content\/uploads\/2025\/07\/sdxl-8586325712dba30c75cdb66c36b43741-scaled.png","width":1200,"height":500},{"@type":"WebSite","@id":"https:\/\/slams.fr\/blog\/#website","url":"https:\/\/slams.fr\/blog\/","name":"slams.fr","description":"Slams, l&#039;\u00e9nergie des mots en action","publisher":{"@id":"https:\/\/slams.fr\/blog\/#organization"},"alternateName":"Slams, l'\u00e9nergie des mots en action","potentialAction":[{"@type":"SearchAction","target":{"@type":"EntryPoint","urlTemplate":"https:\/\/slams.fr\/blog\/?s={search_term_string}"},"query-input":{"@type":"PropertyValueSpecification","valueRequired":true,"valueName":"search_term_string"}}],"inLanguage":"fr-FR"},{"@type":"Organization","@id":"https:\/\/slams.fr\/blog\/#organization","name":"Foretsensations.fr","url":"https:\/\/slams.fr\/blog\/","logo":{"@type":"ImageObject","inLanguage":"fr-FR","@id":"https:\/\/slams.fr\/blog\/#\/schema\/logo\/image\/","url":"https:\/\/slams.fr\/blog\/wp-content\/uploads\/2026\/07\/logo-auto-1.png","contentUrl":"https:\/\/slams.fr\/blog\/wp-content\/uploads\/2026\/07\/logo-auto-1.png","width":1024,"height":1024,"caption":"Foretsensations.fr"},"image":{"@id":"https:\/\/slams.fr\/blog\/#\/schema\/logo\/image\/"}},{"@type":"Person","@id":"https:\/\/slams.fr\/blog\/#\/schema\/person\/3c864cdc320801e3db34b663e7e3f816","name":"Rapha\u00ebl D.","image":{"@type":"ImageObject","inLanguage":"fr-FR","@id":"https:\/\/slams.fr\/blog\/#\/schema\/person\/image\/","url":"https:\/\/slams.fr\/blog\/wp-content\/uploads\/2026\/06\/persona_raphael-d-96x96.jpg","contentUrl":"https:\/\/slams.fr\/blog\/wp-content\/uploads\/2026\/06\/persona_raphael-d-96x96.jpg","caption":"Rapha\u00ebl D."},"description":"La culture est mon terrain de jeu depuis une dizaine d'ann\u00e9es : arts visuels, s\u00e9ries, cr\u00e9ation et tout ce qui nourrit l'imaginaire. J'\u00e9cris aussi bien sur l'actualit\u00e9 des \u0153uvres que sur les coulisses de la cr\u00e9ation, avec l'envie de relier l'amateur curieux \u00e0 des univers parfois jug\u00e9s intimidants. J'aime analyser une s\u00e9rie ou une d\u00e9marche artistique sans p\u00e9dantisme, replacer une \u0153uvre dans son contexte et donner des cl\u00e9s de lecture accessibles. Avant de publier, je v\u00e9rifie mes r\u00e9f\u00e9rences, je recoupe les sources et je distingue clairement le fait de mon interpr\u00e9tation subjective. Je crois qu'une critique vaut surtout par les arguments qu'elle expose, pas par la sentence qu'elle rend. Mon angle : transmettre l'envie de d\u00e9couvrir, de regarder autrement et de se forger son propre go\u00fbt. La culture n'appartient pas qu'aux initi\u00e9s, et c'est tout l'enjeu de mon \u00e9criture.","url":"https:\/\/slams.fr\/blog\/auteur\/raphael-d\/","jobTitle":"R\u00e9dacteur en chef \u00b7 Culture & Cr\u00e9ation","knowsAbout":["Culture","Cr\u00e9ation"],"email":"raphael.d@a-l-asso-de-l-art.fr"}]}},"_links":{"self":[{"href":"https:\/\/slams.fr\/blog\/wp-json\/wp\/v2\/posts\/7474","targetHints":{"allow":["GET"]}}],"collection":[{"href":"https:\/\/slams.fr\/blog\/wp-json\/wp\/v2\/posts"}],"about":[{"href":"https:\/\/slams.fr\/blog\/wp-json\/wp\/v2\/types\/post"}],"author":[{"embeddable":true,"href":"https:\/\/slams.fr\/blog\/wp-json\/wp\/v2\/users\/34"}],"replies":[{"embeddable":true,"href":"https:\/\/slams.fr\/blog\/wp-json\/wp\/v2\/comments?post=7474"}],"version-history":[{"count":0,"href":"https:\/\/slams.fr\/blog\/wp-json\/wp\/v2\/posts\/7474\/revisions"}],"wp:featuredmedia":[{"embeddable":true,"href":"https:\/\/slams.fr\/blog\/wp-json\/wp\/v2\/media\/7640"}],"wp:attachment":[{"href":"https:\/\/slams.fr\/blog\/wp-json\/wp\/v2\/media?parent=7474"}],"wp:term":[{"taxonomy":"category","embeddable":true,"href":"https:\/\/slams.fr\/blog\/wp-json\/wp\/v2\/categories?post=7474"},{"taxonomy":"post_tag","embeddable":true,"href":"https:\/\/slams.fr\/blog\/wp-json\/wp\/v2\/tags?post=7474"}],"curies":[{"name":"wp","href":"https:\/\/api.w.org\/{rel}","templated":true}]}}