{"id":7475,"date":"2025-06-14T22:19:27","date_gmt":"2025-06-14T20:19:27","guid":{"rendered":"https:\/\/slams.fr\/blog\/a-la-une\/ou-trouver-des-soirees-slam-locales-et-vibrer-pres-de-chez-soi-2\/"},"modified":"2025-06-14T22:19:27","modified_gmt":"2025-06-14T20:19:27","slug":"ou-trouver-des-soirees-slam-locales-et-vibrer-pres-de-chez-soi-2","status":"publish","type":"post","link":"https:\/\/slams.fr\/blog\/a-la-une\/ou-trouver-des-soirees-slam-locales-et-vibrer-pres-de-chez-soi-2\/","title":{"rendered":"O\u00f9 trouver des soir\u00e9es slam locales et vibrer pr\u00e8s de chez soi"},"content":{"rendered":"<h1>O\u00f9 trouver des soir\u00e9es slam locales et vibrer pr\u00e8s de chez soi<\/h1>\n<h2>Explorer les hauts lieux du slam dans votre r\u00e9gion<\/h2>\n<p>\n        La sc\u00e8ne slam s\u2019\u00e9panouit dans des espaces o\u00f9 la parole devient spectacle vivant : <strong>caf\u00e9s culturels, bars associatifs, librairies ind\u00e9pendantes et salles pluridisciplinaires<\/strong> multiplient les initiatives autour de la po\u00e9sie orale, proposant r\u00e9guli\u00e8rement des <u>open mic<\/u>, battles rythm\u00e9s et soir\u00e9es de d\u00e9couvertes po\u00e9tiques. Il s\u2019agit souvent de lieux anim\u00e9s par une communaut\u00e9 investie et une programmation ouverte, permettant \u00e0 tous d\u2019exprimer leur voix, d\u00e9butant comme confirm\u00e9.\n    <\/p>\n<ul>\n<li>\u00c0 Paris, <strong>La Maison de la Po\u00e9sie<\/strong> rassemble chaque saison une programmation slam ambitieuse, associant figures du spoken word et jeunes talents.<\/li>\n<li>\u00c0 Lyon, <strong>Le P\u00e9riscope<\/strong> accueille les <u>sc\u00e8nes ouvertes Slam Tribu<\/u>, tandis que <strong>La Clef de Vo\u00fbte<\/strong> invite r\u00e9guli\u00e8rement des collectifs de slameurs \u00e0 se produire.<\/li>\n<li>\u00c0 Toulouse, <strong>L\u2019Espace Allegria<\/strong> propose mensuellement des soir\u00e9es slam anim\u00e9es par des collectifs engag\u00e9s dans la po\u00e9sie urbaine.<\/li>\n<li>Les librairies ind\u00e9pendantes telles que <strong>Le Monte-en-l\u2019air<\/strong> \u00e0 Paris ou <strong>La Machine \u00e0 Lire<\/strong> \u00e0 Bordeaux organisent ponctuellement des sc\u00e8nes slam, co-anim\u00e9es avec des ateliers d\u2019\u00e9criture.<\/li>\n<li>En 2025, <strong>La Grande Soir\u00e9e du Slam Francophone<\/strong> \u00e0 l\u2019Institut Fran\u00e7ais de Rabat rassemble slameurs de tous horizons lors du mois de la francophonie, valorisant la diversit\u00e9 et la richesse de la cr\u00e9ation orale francophone.<\/li>\n<\/ul>\n<p>\n        Pour rep\u00e9rer ces hauts lieux, il s\u2019av\u00e8re judicieux d\u2019observer les programmations culturelles locales, de discuter avec les habitu\u00e9s ou de se rendre sur place lors d\u2019un \u00e9v\u00e9nement, souvent annonc\u00e9 par affichage en vitrine ou sur les r\u00e9seaux des \u00e9tablissements. <u>L\u2019ancrage local du slam<\/u> garantit une exp\u00e9rience authentique, porteuse de rencontres et d\u2019\u00e9changes in\u00e9dits.\n    <\/p>\n<h2>D\u00e9crypter les r\u00e9seaux sociaux et plateformes d\u00e9di\u00e9es au slam<\/h2>\n<p>\n        <strong>Les r\u00e9seaux sociaux constituent des relais incontournables<\/strong> pour suivre l\u2019actualit\u00e9 des sc\u00e8nes slam, d\u00e9couvrir des collectifs et acc\u00e9der rapidement aux annonces des prochaines soir\u00e9es open mic. <u>Instagram<\/u> et <u>Facebook<\/u> demeurent les plateformes phares pour s\u2019abonner \u00e0 des pages, rep\u00e9rer des groupes locaux ou nationaux, ou encore interagir directement avec les organisateurs et artistes.\n    <\/p>\n<ul>\n<li>La page <strong>Slam Mania<\/strong> sur YouTube et Instagram propose des extraits de performances, ainsi qu\u2019une veille r\u00e9guli\u00e8re sur les \u00e9v\u00e9nements \u00e0 venir.<\/li>\n<li>Des groupes Facebook comme <strong>Slam France<\/strong>, <strong>Slam Po\u00e9sie Francophone<\/strong> ou <strong>Slam Paris \u00cele-de-France<\/strong> recensent les appels \u00e0 sc\u00e8ne, battles et rendez-vous associatifs partout en France et dans la francophonie.<\/li>\n<li>Sur TikTok, de nombreux slameurs partagent des extraits de sc\u00e8nes et des invitations \u00e0 participer \u00e0 leurs soir\u00e9es th\u00e9matiques, accentuant la proximit\u00e9 avec le public et la viralit\u00e9 de la discipline.<\/li>\n<li>Certains collectifs diffusent leurs \u00e9v\u00e9nements en direct ou en replay, permettant de vivre \u00e0 distance les plus grandes sc\u00e8nes, comme celles de la <strong>Grande Soir\u00e9e du Slam Francophone<\/strong>.<\/li>\n<\/ul>\n<p>\n        Rejointes par des discussions anim\u00e9es, ces communaut\u00e9s en ligne offrent <strong>une passerelle directe pour rencontrer d\u2019autres passionn\u00e9s<\/strong> et \u00eatre inform\u00e9 en temps r\u00e9el des nouveaut\u00e9s. <u>L\u2019utilisation avis\u00e9e des hashtags \u00ab slam \u00bb, \u00ab openmic \u00bb, \u00ab spokenword \u00bb<\/u> facilite \u00e9galement la d\u00e9couverte des \u00e9v\u00e9nements g\u00e9olocalis\u00e9s et l\u2019immersion dans la culture slam contemporaine.\n    <\/p>\n<h2>Consulter les agendas culturels et sites \u00e9v\u00e9nementiels locaux<\/h2>\n<p>\n        Pour ne manquer aucune soir\u00e9e slam, il existe <strong>une interconnexion d\u2019agendas culturels et de sites \u00e9v\u00e9nementiels sp\u00e9cialis\u00e9s<\/strong> qui actualisent constamment les programmations slam sur le territoire. Ces outils num\u00e9riques facilitent le rep\u00e9rage g\u00e9ographique, la personnalisation des alertes et l\u2019inscription aux \u00e9v\u00e9nements selon vos pr\u00e9f\u00e9rences.\n    <\/p>\n<ul>\n<li>Des plateformes telles que <strong>sortiraparis.com<\/strong>, <strong>lebonbon.fr<\/strong>, ou encore <strong>l\u2019Agenda Culturel<\/strong> centralisent les dates et lieux des sc\u00e8nes slam dans les grandes agglom\u00e9rations.<\/li>\n<li>L\u2019application <strong>Mapstr<\/strong> permet de cartographier les adresses de lieux culturels et de s\u2019abonner \u00e0 leurs notifications, pla\u00e7ant l\u2019actualit\u00e9 slam \u00e0 port\u00e9e de main.<\/li>\n<li>Les sites d\u2019associations comme <strong>Slam Tribu<\/strong> ou <strong>La F\u00e9d\u00e9ration Fran\u00e7aise de Slam Po\u00e9sie<\/strong> proposent un calendrier des rencontres, en ligne ou en pr\u00e9sentiel, et des newsletters pour recevoir l\u2019agenda mensuel personnalis\u00e9.<\/li>\n<li>La billetterie <strong>Guichet.com<\/strong>, partenaire de grands \u00e9v\u00e9nements, centralise la vente et la r\u00e9servation des places pour les soir\u00e9es majeures, notamment lors de festivals urbains ou c\u00e9l\u00e9brations nationales.<\/li>\n<\/ul>\n<p>\n        <u>La consultation r\u00e9guli\u00e8re de ces ressources web<\/u> demeure la strat\u00e9gie la plus fiable pour organiser son agenda slam, s\u2019assurer de la tenue des \u00e9v\u00e9nements, et filtrer les propositions selon ses envies (open mic, battles, ateliers, etc.). Nos recommandations s\u2019oriente vers l\u2019abonnement aux alertes et l\u2019inscription aux newsletters, garantissant une veille active sur toutes les opportunit\u00e9s pr\u00e8s de chez soi.\n    <\/p>\n<h2>Rencontrer les collectifs et associations de slameurs<\/h2>\n<p>\n        <strong>Le tissu associatif constitue le c\u0153ur battant des sc\u00e8nes slam<\/strong>. Les <u>collectifs de slameurs<\/u> organisent r\u00e9guli\u00e8rement des ateliers d\u2019\u00e9criture, sc\u00e8nes ouvertes et rencontres conviviales favorisant l\u2019int\u00e9gration des nouveaux venus. Ces groupes affichent une forte ouverture \u00e0 la diversit\u00e9 des profils et valorisent l\u2019expression libre, l\u2019\u00e9coute et l\u2019entraide au sein de la communaut\u00e9.\n    <\/p>\n<ul>\n<li><strong>Le Collectif 129H<\/strong> \u00e0 Lille anime des sc\u00e8nes ouvertes mensuelles, accessibles \u00e0 tous les niveaux.<\/li>\n<li><strong>Les Amis du Slam<\/strong> \u00e0 Marseille structurent leur calendrier autour d\u2019ateliers de perfectionnement et de soir\u00e9es th\u00e9matiques r\u00e9unissant auteurs, musiciens et plasticiens.<\/li>\n<li><strong>Slam Tribu<\/strong> \u00e0 Lyon organise de nombreux \u00e9v\u00e9nements interg\u00e9n\u00e9rationnels, invitant le public \u00e0 participer non seulement en tant que spectateurs, mais aussi en tant qu\u2019artistes.<\/li>\n<li>\u00c0 Bruxelles, le collectif <strong>Slam \u00d4 F\u00e9minin<\/strong> met en lumi\u00e8re les voix f\u00e9minines lors de sc\u00e8nes participatives c\u00e9l\u00e9brant la francophonie po\u00e9tique.<\/li>\n<\/ul>\n<p>\n        Se rapprocher de ces collectifs offre l\u2019avantage de participer \u00e0 des ateliers de formation, d\u2019\u00eatre accompagn\u00e9 dans ses premiers pas sur sc\u00e8ne et de tisser des liens solides avec des passionn\u00e9s chevronn\u00e9s. <u>Ce r\u00e9seau d\u2019associations<\/u>, souvent en lien avec les institutions culturelles et les \u00e9coles, dynamise la sc\u00e8ne locale et favorise l\u2019\u00e9mergence de nouveaux talents.\n    <\/p>\n<h2>Participer \u00e0 une premi\u00e8re sc\u00e8ne slam : mode d\u2019emploi<\/h2>\n<p>\n        S\u2019aventurer pour la premi\u00e8re fois sur une sc\u00e8ne slam requiert pr\u00e9paration et enthousiasme. Que vous souhaitiez d\u00e9clamer un texte ou simplement \u00e9couter, <strong>int\u00e9grer une soir\u00e9e slam suit un rituel d\u2019accueil ouvert \u00e0 tous<\/strong>. L\u2019essentiel demeure de respecter les codes de la sc\u00e8ne slam : bienveillance, \u00e9coute et spontan\u00e9it\u00e9.\n    <\/p>\n<ul>\n<li>Rep\u00e9rer la date de la soir\u00e9e via les r\u00e9seaux ou l\u2019agenda local, puis arriver en avance pour \u00e9changer avec les organisateurs et se familiariser avec le lieu.<\/li>\n<li>Inscrivez-vous, sur place ou en ligne lorsqu\u2019un open mic est propos\u00e9. Beaucoup de sc\u00e8nes s\u00e9lectionnent les intervenants dans l\u2019ordre d\u2019inscription ou par tirage au sort, garantissant une \u00e9quit\u00e9 d\u2019acc\u00e8s \u00e0 la parole.<\/li>\n<li>Pr\u00e9parez un ou deux textes courts, accessibles et m\u00e9moris\u00e9s, en veillant \u00e0 respecter la dur\u00e9e impos\u00e9e (souvent de 3 \u00e0 5 minutes).<\/li>\n<li>Prenez le temps d\u2019\u00e9couter les autres performeurs, d\u2019applaudir, et, si l\u2019envie s\u2019en fait sentir, partagez votre texte devant un public bienveillant.<\/li>\n<li>Discutez ensuite avec les membres du collectif ou les autres artistes afin de recueillir des retours constructifs et multiplier les perspectives de progression.<\/li>\n<\/ul>\n<p>\n        <u>L\u2019exp\u00e9rience immersive d\u2019une premi\u00e8re sc\u00e8ne slam<\/u> marque souvent le point de d\u00e9part d\u2019un attachement durable \u00e0 la discipline, port\u00e9e par une atmosph\u00e8re chaleureuse et inclusive. Selon nous, oser franchir le pas repr\u00e9sente un formidable acte de partage, ouvrant la voie \u00e0 des \u00e9changes sinc\u00e8res et spontan\u00e9s autour de la po\u00e9sie vivante.\n    <\/p>\n<h2>La sc\u00e8ne slam : entre nouveaut\u00e9s et \u00e9v\u00e9nements incontournables<\/h2>\n<p>\n        <strong>Le paysage du slam francophone se renouvelle constamment<\/strong>, tirant profit des innovations num\u00e9riques et de la cr\u00e9ativit\u00e9 des organisateurs d\u2019\u00e9v\u00e9nements. Les rendez-vous annuels, les festivals urbains et les happenings majeurs rythment la saison des amateurs et professionnels de la po\u00e9sie orale, tout en s\u2019ouvrant vers de nouveaux publics gr\u00e2ce \u00e0 la diffusion digitale.\n    <\/p>\n<ul>\n<li><strong>La Grande Soir\u00e9e du Slam Francophone<\/strong> en 2025 \u00e0 Rabat, organis\u00e9e par l\u2019Institut Fran\u00e7ais, illustre l\u2019ancrage international du slam francophone et son r\u00f4le dans la valorisation de la diversit\u00e9 linguistique et culturelle.<\/li>\n<li><strong>Le Printemps des Po\u00e8tes<\/strong> en France convie chaque ann\u00e9e des slameurs \u00e0 intervenir dans des lieux publics ou insolites, cr\u00e9ant des ponts entre g\u00e9n\u00e9rations et disciplines artistiques.<\/li>\n<li>Des festivals tels que <strong>Urban Poetry Fest<\/strong> \u00e0 Bruxelles ou <strong>Slam \u00e0 l\u2019Ouest<\/strong> \u00e0 Rennes exp\u00e9rimentent de nouveaux formats, int\u00e9grant des slams th\u00e9matiques et des collaborations avec la danse, le street-art ou la musique urbaine.<\/li>\n<li>La mont\u00e9e en puissance des <u>sc\u00e8nes connect\u00e9es<\/u>, retransmises sur YouTube, Vimeo ou via les r\u00e9seaux sociaux, permet aujourd\u2019hui \u00e0 des centaines de spectateurs de suivre une soir\u00e9e slam en direct, \u00e0 l\u2019image des \u00e9missions \u00ab Slam Mania \u00bb ou \u00ab Les Nuits de la Po\u00e9sie \u00bb.<\/li>\n<li>L\u2019embellie des <strong>slams \u00e0 th\u00e8me<\/strong> (\u00e9cologie, identit\u00e9, inclusion) ou des <strong>cr\u00e9ations hybrides<\/strong> enrichit encore la discipline et offre une place \u00e0 toutes les sensibilit\u00e9s.<\/li>\n<\/ul>\n<p>\n        <u>La vitalit\u00e9 des \u00e9v\u00e9nements incontournables et l\u2019apparition de formats innovants<\/u> t\u00e9moignent de l\u2019extraordinaire adaptabilit\u00e9 du slam face aux \u00e9volutions soci\u00e9tales. Selon notre perspective, la capacit\u00e9 des organisateurs \u00e0 m\u00ealer tradition et modernit\u00e9, proximit\u00e9 et accessibilit\u00e9 digitale explique la r\u00e9silience et l\u2019impact grandissant de la sc\u00e8ne slam francophone aujourd\u2019hui.\n    <\/p>\n","protected":false},"excerpt":{"rendered":"","protected":false},"author":34,"featured_media":7604,"comment_status":"open","ping_status":"open","sticky":false,"template":"","format":"standard","meta":{"_acf_changed":false,"manual_indexmenow":false,"indexmenow_id_project":0,"footnotes":""},"categories":[1],"tags":[4605,4598,4604],"class_list":["post-7475","post","type-post","status-publish","format-standard","has-post-thumbnail","hentry","category-a-la-une","tag-scene-ouverte","tag-slam-poesie","tag-soiree-locale","generate-columns","tablet-grid-50","mobile-grid-100","grid-parent","grid-25"],"acf":[],"yoast_head":"<!-- This site is optimized with the Yoast SEO Premium plugin v21.3 (Yoast SEO v26.5) - https:\/\/yoast.com\/wordpress\/plugins\/seo\/ -->\n<title>O\u00f9 trouver des soir\u00e9es slam locales pr\u00e8s de chez soi<\/title>\n<meta name=\"description\" content=\"La sc\u00e8ne slam s\u2019\u00e9panouit dans des espaces o\u00f9 la parole devient spectacle vivant : caf\u00e9s culturels, bars associatifs, librairies ind\u00e9pendantes et salles\" \/>\n<meta name=\"robots\" content=\"index, follow, max-snippet:-1, max-image-preview:large, max-video-preview:-1\" \/>\n<link rel=\"canonical\" href=\"https:\/\/slams.fr\/blog\/a-la-une\/ou-trouver-des-soirees-slam-locales-et-vibrer-pres-de-chez-soi-2\/\" \/>\n<meta property=\"og:locale\" content=\"fr_FR\" \/>\n<meta property=\"og:type\" content=\"article\" \/>\n<meta property=\"og:title\" content=\"O\u00f9 trouver des soir\u00e9es slam locales pr\u00e8s de chez soi\" \/>\n<meta property=\"og:description\" content=\"La sc\u00e8ne slam s\u2019\u00e9panouit dans des espaces o\u00f9 la parole devient spectacle vivant : caf\u00e9s culturels, bars associatifs, librairies ind\u00e9pendantes et salles\" \/>\n<meta property=\"og:url\" content=\"https:\/\/slams.fr\/blog\/a-la-une\/ou-trouver-des-soirees-slam-locales-et-vibrer-pres-de-chez-soi-2\/\" \/>\n<meta property=\"og:site_name\" content=\"slams\" \/>\n<meta property=\"og:image\" content=\"https:\/\/slams.fr\/blog\/wp-content\/uploads\/2025\/07\/sdxl-4028813256b8fd2acbec23c0194129ef-scaled.png\" \/>\n\t<meta property=\"og:image:width\" content=\"1200\" \/>\n\t<meta property=\"og:image:height\" content=\"500\" \/>\n\t<meta property=\"og:image:type\" content=\"image\/png\" \/>\n<meta name=\"author\" content=\"Rapha\u00ebl D.\" \/>\n<meta name=\"twitter:card\" content=\"summary_large_image\" \/>\n<script type=\"application\/ld+json\" class=\"yoast-schema-graph\">{\"@context\":\"https:\/\/schema.org\",\"@graph\":[{\"@type\":\"NewsArticle\",\"@id\":\"https:\/\/slams.fr\/blog\/a-la-une\/ou-trouver-des-soirees-slam-locales-et-vibrer-pres-de-chez-soi-2\/#article\",\"isPartOf\":{\"@id\":\"https:\/\/slams.fr\/blog\/a-la-une\/ou-trouver-des-soirees-slam-locales-et-vibrer-pres-de-chez-soi-2\/\"},\"author\":{\"name\":\"Rapha\u00ebl D.\",\"@id\":\"https:\/\/slams.fr\/blog\/#\/schema\/person\/3c864cdc320801e3db34b663e7e3f816\"},\"headline\":\"O\u00f9 trouver des soir\u00e9es slam locales et vibrer pr\u00e8s de chez soi\",\"datePublished\":\"2025-06-14T20:19:27+00:00\",\"mainEntityOfPage\":{\"@id\":\"https:\/\/slams.fr\/blog\/a-la-une\/ou-trouver-des-soirees-slam-locales-et-vibrer-pres-de-chez-soi-2\/\"},\"wordCount\":1623,\"commentCount\":0,\"publisher\":{\"@id\":\"https:\/\/slams.fr\/blog\/#organization\"},\"image\":{\"@id\":\"https:\/\/slams.fr\/blog\/a-la-une\/ou-trouver-des-soirees-slam-locales-et-vibrer-pres-de-chez-soi-2\/#primaryimage\"},\"thumbnailUrl\":\"https:\/\/slams.fr\/blog\/wp-content\/uploads\/2025\/07\/sdxl-4028813256b8fd2acbec23c0194129ef-scaled.png\",\"keywords\":[\"scene ouverte\",\"slam poesie\",\"soiree locale\"],\"articleSection\":[\"\u00c0 la une\"],\"inLanguage\":\"fr-FR\",\"potentialAction\":[{\"@type\":\"CommentAction\",\"name\":\"Comment\",\"target\":[\"https:\/\/slams.fr\/blog\/a-la-une\/ou-trouver-des-soirees-slam-locales-et-vibrer-pres-de-chez-soi-2\/#respond\"]}]},{\"@type\":\"WebPage\",\"@id\":\"https:\/\/slams.fr\/blog\/a-la-une\/ou-trouver-des-soirees-slam-locales-et-vibrer-pres-de-chez-soi-2\/\",\"url\":\"https:\/\/slams.fr\/blog\/a-la-une\/ou-trouver-des-soirees-slam-locales-et-vibrer-pres-de-chez-soi-2\/\",\"name\":\"O\u00f9 trouver des soir\u00e9es slam locales pr\u00e8s de chez soi\",\"isPartOf\":{\"@id\":\"https:\/\/slams.fr\/blog\/#website\"},\"primaryImageOfPage\":{\"@id\":\"https:\/\/slams.fr\/blog\/a-la-une\/ou-trouver-des-soirees-slam-locales-et-vibrer-pres-de-chez-soi-2\/#primaryimage\"},\"image\":{\"@id\":\"https:\/\/slams.fr\/blog\/a-la-une\/ou-trouver-des-soirees-slam-locales-et-vibrer-pres-de-chez-soi-2\/#primaryimage\"},\"thumbnailUrl\":\"https:\/\/slams.fr\/blog\/wp-content\/uploads\/2025\/07\/sdxl-4028813256b8fd2acbec23c0194129ef-scaled.png\",\"datePublished\":\"2025-06-14T20:19:27+00:00\",\"description\":\"La sc\u00e8ne slam s\u2019\u00e9panouit dans des espaces o\u00f9 la parole devient spectacle vivant : caf\u00e9s culturels, bars associatifs, librairies ind\u00e9pendantes et salles\",\"inLanguage\":\"fr-FR\",\"potentialAction\":[{\"@type\":\"ReadAction\",\"target\":[\"https:\/\/slams.fr\/blog\/a-la-une\/ou-trouver-des-soirees-slam-locales-et-vibrer-pres-de-chez-soi-2\/\"]}]},{\"@type\":\"ImageObject\",\"inLanguage\":\"fr-FR\",\"@id\":\"https:\/\/slams.fr\/blog\/a-la-une\/ou-trouver-des-soirees-slam-locales-et-vibrer-pres-de-chez-soi-2\/#primaryimage\",\"url\":\"https:\/\/slams.fr\/blog\/wp-content\/uploads\/2025\/07\/sdxl-4028813256b8fd2acbec23c0194129ef-scaled.png\",\"contentUrl\":\"https:\/\/slams.fr\/blog\/wp-content\/uploads\/2025\/07\/sdxl-4028813256b8fd2acbec23c0194129ef-scaled.png\",\"width\":1200,\"height\":500},{\"@type\":\"WebSite\",\"@id\":\"https:\/\/slams.fr\/blog\/#website\",\"url\":\"https:\/\/slams.fr\/blog\/\",\"name\":\"slams.fr\",\"description\":\"Slams, l&#039;\u00e9nergie des mots en action\",\"publisher\":{\"@id\":\"https:\/\/slams.fr\/blog\/#organization\"},\"alternateName\":\"Slams, l'\u00e9nergie des mots en action\",\"potentialAction\":[{\"@type\":\"SearchAction\",\"target\":{\"@type\":\"EntryPoint\",\"urlTemplate\":\"https:\/\/slams.fr\/blog\/?s={search_term_string}\"},\"query-input\":{\"@type\":\"PropertyValueSpecification\",\"valueRequired\":true,\"valueName\":\"search_term_string\"}}],\"inLanguage\":\"fr-FR\"},{\"@type\":\"Organization\",\"@id\":\"https:\/\/slams.fr\/blog\/#organization\",\"name\":\"Foretsensations.fr\",\"url\":\"https:\/\/slams.fr\/blog\/\",\"logo\":{\"@type\":\"ImageObject\",\"inLanguage\":\"fr-FR\",\"@id\":\"https:\/\/slams.fr\/blog\/#\/schema\/logo\/image\/\",\"url\":\"https:\/\/slams.fr\/blog\/wp-content\/uploads\/2026\/07\/logo-auto-1.png\",\"contentUrl\":\"https:\/\/slams.fr\/blog\/wp-content\/uploads\/2026\/07\/logo-auto-1.png\",\"width\":1024,\"height\":1024,\"caption\":\"Foretsensations.fr\"},\"image\":{\"@id\":\"https:\/\/slams.fr\/blog\/#\/schema\/logo\/image\/\"}},{\"@type\":\"Person\",\"@id\":\"https:\/\/slams.fr\/blog\/#\/schema\/person\/3c864cdc320801e3db34b663e7e3f816\",\"name\":\"Rapha\u00ebl D.\",\"image\":{\"@type\":\"ImageObject\",\"inLanguage\":\"fr-FR\",\"@id\":\"https:\/\/slams.fr\/blog\/#\/schema\/person\/image\/\",\"url\":\"https:\/\/slams.fr\/blog\/wp-content\/uploads\/2026\/06\/persona_raphael-d-96x96.jpg\",\"contentUrl\":\"https:\/\/slams.fr\/blog\/wp-content\/uploads\/2026\/06\/persona_raphael-d-96x96.jpg\",\"caption\":\"Rapha\u00ebl D.\"},\"description\":\"La culture est mon terrain de jeu depuis une dizaine d'ann\u00e9es : arts visuels, s\u00e9ries, cr\u00e9ation et tout ce qui nourrit l'imaginaire. J'\u00e9cris aussi bien sur l'actualit\u00e9 des \u0153uvres que sur les coulisses de la cr\u00e9ation, avec l'envie de relier l'amateur curieux \u00e0 des univers parfois jug\u00e9s intimidants. J'aime analyser une s\u00e9rie ou une d\u00e9marche artistique sans p\u00e9dantisme, replacer une \u0153uvre dans son contexte et donner des cl\u00e9s de lecture accessibles. Avant de publier, je v\u00e9rifie mes r\u00e9f\u00e9rences, je recoupe les sources et je distingue clairement le fait de mon interpr\u00e9tation subjective. Je crois qu'une critique vaut surtout par les arguments qu'elle expose, pas par la sentence qu'elle rend. Mon angle : transmettre l'envie de d\u00e9couvrir, de regarder autrement et de se forger son propre go\u00fbt. La culture n'appartient pas qu'aux initi\u00e9s, et c'est tout l'enjeu de mon \u00e9criture.\",\"url\":\"https:\/\/slams.fr\/blog\/auteur\/raphael-d\/\",\"jobTitle\":\"R\u00e9dacteur en chef \u00b7 Culture & Cr\u00e9ation\",\"knowsAbout\":[\"Culture\",\"Cr\u00e9ation\"],\"email\":\"raphael.d@a-l-asso-de-l-art.fr\"}]}<\/script>\n<!-- \/ Yoast SEO Premium plugin. -->","yoast_head_json":{"title":"O\u00f9 trouver des soir\u00e9es slam locales pr\u00e8s de chez soi","description":"La sc\u00e8ne slam s\u2019\u00e9panouit dans des espaces o\u00f9 la parole devient spectacle vivant : caf\u00e9s culturels, bars associatifs, librairies ind\u00e9pendantes et salles","robots":{"index":"index","follow":"follow","max-snippet":"max-snippet:-1","max-image-preview":"max-image-preview:large","max-video-preview":"max-video-preview:-1"},"canonical":"https:\/\/slams.fr\/blog\/a-la-une\/ou-trouver-des-soirees-slam-locales-et-vibrer-pres-de-chez-soi-2\/","og_locale":"fr_FR","og_type":"article","og_title":"O\u00f9 trouver des soir\u00e9es slam locales pr\u00e8s de chez soi","og_description":"La sc\u00e8ne slam s\u2019\u00e9panouit dans des espaces o\u00f9 la parole devient spectacle vivant : caf\u00e9s culturels, bars associatifs, librairies ind\u00e9pendantes et salles","og_url":"https:\/\/slams.fr\/blog\/a-la-une\/ou-trouver-des-soirees-slam-locales-et-vibrer-pres-de-chez-soi-2\/","og_site_name":"slams","og_image":[{"width":1200,"height":500,"url":"https:\/\/slams.fr\/blog\/wp-content\/uploads\/2025\/07\/sdxl-4028813256b8fd2acbec23c0194129ef-scaled.png","type":"image\/png"}],"author":"Rapha\u00ebl D.","twitter_card":"summary_large_image","schema":{"@context":"https:\/\/schema.org","@graph":[{"@type":"NewsArticle","@id":"https:\/\/slams.fr\/blog\/a-la-une\/ou-trouver-des-soirees-slam-locales-et-vibrer-pres-de-chez-soi-2\/#article","isPartOf":{"@id":"https:\/\/slams.fr\/blog\/a-la-une\/ou-trouver-des-soirees-slam-locales-et-vibrer-pres-de-chez-soi-2\/"},"author":{"name":"Rapha\u00ebl D.","@id":"https:\/\/slams.fr\/blog\/#\/schema\/person\/3c864cdc320801e3db34b663e7e3f816"},"headline":"O\u00f9 trouver des soir\u00e9es slam locales et vibrer pr\u00e8s de chez soi","datePublished":"2025-06-14T20:19:27+00:00","mainEntityOfPage":{"@id":"https:\/\/slams.fr\/blog\/a-la-une\/ou-trouver-des-soirees-slam-locales-et-vibrer-pres-de-chez-soi-2\/"},"wordCount":1623,"commentCount":0,"publisher":{"@id":"https:\/\/slams.fr\/blog\/#organization"},"image":{"@id":"https:\/\/slams.fr\/blog\/a-la-une\/ou-trouver-des-soirees-slam-locales-et-vibrer-pres-de-chez-soi-2\/#primaryimage"},"thumbnailUrl":"https:\/\/slams.fr\/blog\/wp-content\/uploads\/2025\/07\/sdxl-4028813256b8fd2acbec23c0194129ef-scaled.png","keywords":["scene ouverte","slam poesie","soiree locale"],"articleSection":["\u00c0 la une"],"inLanguage":"fr-FR","potentialAction":[{"@type":"CommentAction","name":"Comment","target":["https:\/\/slams.fr\/blog\/a-la-une\/ou-trouver-des-soirees-slam-locales-et-vibrer-pres-de-chez-soi-2\/#respond"]}]},{"@type":"WebPage","@id":"https:\/\/slams.fr\/blog\/a-la-une\/ou-trouver-des-soirees-slam-locales-et-vibrer-pres-de-chez-soi-2\/","url":"https:\/\/slams.fr\/blog\/a-la-une\/ou-trouver-des-soirees-slam-locales-et-vibrer-pres-de-chez-soi-2\/","name":"O\u00f9 trouver des soir\u00e9es slam locales pr\u00e8s de chez soi","isPartOf":{"@id":"https:\/\/slams.fr\/blog\/#website"},"primaryImageOfPage":{"@id":"https:\/\/slams.fr\/blog\/a-la-une\/ou-trouver-des-soirees-slam-locales-et-vibrer-pres-de-chez-soi-2\/#primaryimage"},"image":{"@id":"https:\/\/slams.fr\/blog\/a-la-une\/ou-trouver-des-soirees-slam-locales-et-vibrer-pres-de-chez-soi-2\/#primaryimage"},"thumbnailUrl":"https:\/\/slams.fr\/blog\/wp-content\/uploads\/2025\/07\/sdxl-4028813256b8fd2acbec23c0194129ef-scaled.png","datePublished":"2025-06-14T20:19:27+00:00","description":"La sc\u00e8ne slam s\u2019\u00e9panouit dans des espaces o\u00f9 la parole devient spectacle vivant : caf\u00e9s culturels, bars associatifs, librairies ind\u00e9pendantes et salles","inLanguage":"fr-FR","potentialAction":[{"@type":"ReadAction","target":["https:\/\/slams.fr\/blog\/a-la-une\/ou-trouver-des-soirees-slam-locales-et-vibrer-pres-de-chez-soi-2\/"]}]},{"@type":"ImageObject","inLanguage":"fr-FR","@id":"https:\/\/slams.fr\/blog\/a-la-une\/ou-trouver-des-soirees-slam-locales-et-vibrer-pres-de-chez-soi-2\/#primaryimage","url":"https:\/\/slams.fr\/blog\/wp-content\/uploads\/2025\/07\/sdxl-4028813256b8fd2acbec23c0194129ef-scaled.png","contentUrl":"https:\/\/slams.fr\/blog\/wp-content\/uploads\/2025\/07\/sdxl-4028813256b8fd2acbec23c0194129ef-scaled.png","width":1200,"height":500},{"@type":"WebSite","@id":"https:\/\/slams.fr\/blog\/#website","url":"https:\/\/slams.fr\/blog\/","name":"slams.fr","description":"Slams, l&#039;\u00e9nergie des mots en action","publisher":{"@id":"https:\/\/slams.fr\/blog\/#organization"},"alternateName":"Slams, l'\u00e9nergie des mots en action","potentialAction":[{"@type":"SearchAction","target":{"@type":"EntryPoint","urlTemplate":"https:\/\/slams.fr\/blog\/?s={search_term_string}"},"query-input":{"@type":"PropertyValueSpecification","valueRequired":true,"valueName":"search_term_string"}}],"inLanguage":"fr-FR"},{"@type":"Organization","@id":"https:\/\/slams.fr\/blog\/#organization","name":"Foretsensations.fr","url":"https:\/\/slams.fr\/blog\/","logo":{"@type":"ImageObject","inLanguage":"fr-FR","@id":"https:\/\/slams.fr\/blog\/#\/schema\/logo\/image\/","url":"https:\/\/slams.fr\/blog\/wp-content\/uploads\/2026\/07\/logo-auto-1.png","contentUrl":"https:\/\/slams.fr\/blog\/wp-content\/uploads\/2026\/07\/logo-auto-1.png","width":1024,"height":1024,"caption":"Foretsensations.fr"},"image":{"@id":"https:\/\/slams.fr\/blog\/#\/schema\/logo\/image\/"}},{"@type":"Person","@id":"https:\/\/slams.fr\/blog\/#\/schema\/person\/3c864cdc320801e3db34b663e7e3f816","name":"Rapha\u00ebl D.","image":{"@type":"ImageObject","inLanguage":"fr-FR","@id":"https:\/\/slams.fr\/blog\/#\/schema\/person\/image\/","url":"https:\/\/slams.fr\/blog\/wp-content\/uploads\/2026\/06\/persona_raphael-d-96x96.jpg","contentUrl":"https:\/\/slams.fr\/blog\/wp-content\/uploads\/2026\/06\/persona_raphael-d-96x96.jpg","caption":"Rapha\u00ebl D."},"description":"La culture est mon terrain de jeu depuis une dizaine d'ann\u00e9es : arts visuels, s\u00e9ries, cr\u00e9ation et tout ce qui nourrit l'imaginaire. J'\u00e9cris aussi bien sur l'actualit\u00e9 des \u0153uvres que sur les coulisses de la cr\u00e9ation, avec l'envie de relier l'amateur curieux \u00e0 des univers parfois jug\u00e9s intimidants. J'aime analyser une s\u00e9rie ou une d\u00e9marche artistique sans p\u00e9dantisme, replacer une \u0153uvre dans son contexte et donner des cl\u00e9s de lecture accessibles. Avant de publier, je v\u00e9rifie mes r\u00e9f\u00e9rences, je recoupe les sources et je distingue clairement le fait de mon interpr\u00e9tation subjective. Je crois qu'une critique vaut surtout par les arguments qu'elle expose, pas par la sentence qu'elle rend. Mon angle : transmettre l'envie de d\u00e9couvrir, de regarder autrement et de se forger son propre go\u00fbt. La culture n'appartient pas qu'aux initi\u00e9s, et c'est tout l'enjeu de mon \u00e9criture.","url":"https:\/\/slams.fr\/blog\/auteur\/raphael-d\/","jobTitle":"R\u00e9dacteur en chef \u00b7 Culture & Cr\u00e9ation","knowsAbout":["Culture","Cr\u00e9ation"],"email":"raphael.d@a-l-asso-de-l-art.fr"}]}},"_links":{"self":[{"href":"https:\/\/slams.fr\/blog\/wp-json\/wp\/v2\/posts\/7475","targetHints":{"allow":["GET"]}}],"collection":[{"href":"https:\/\/slams.fr\/blog\/wp-json\/wp\/v2\/posts"}],"about":[{"href":"https:\/\/slams.fr\/blog\/wp-json\/wp\/v2\/types\/post"}],"author":[{"embeddable":true,"href":"https:\/\/slams.fr\/blog\/wp-json\/wp\/v2\/users\/34"}],"replies":[{"embeddable":true,"href":"https:\/\/slams.fr\/blog\/wp-json\/wp\/v2\/comments?post=7475"}],"version-history":[{"count":0,"href":"https:\/\/slams.fr\/blog\/wp-json\/wp\/v2\/posts\/7475\/revisions"}],"wp:featuredmedia":[{"embeddable":true,"href":"https:\/\/slams.fr\/blog\/wp-json\/wp\/v2\/media\/7604"}],"wp:attachment":[{"href":"https:\/\/slams.fr\/blog\/wp-json\/wp\/v2\/media?parent=7475"}],"wp:term":[{"taxonomy":"category","embeddable":true,"href":"https:\/\/slams.fr\/blog\/wp-json\/wp\/v2\/categories?post=7475"},{"taxonomy":"post_tag","embeddable":true,"href":"https:\/\/slams.fr\/blog\/wp-json\/wp\/v2\/tags?post=7475"}],"curies":[{"name":"wp","href":"https:\/\/api.w.org\/{rel}","templated":true}]}}