{"id":7480,"date":"2025-06-14T22:21:37","date_gmt":"2025-06-14T20:21:37","guid":{"rendered":"https:\/\/slams.fr\/blog\/a-la-une\/ou-denicher-des-collaborations-entre-musiciens-et-slameurs-francophones\/"},"modified":"2025-06-14T22:21:37","modified_gmt":"2025-06-14T20:21:37","slug":"ou-denicher-des-collaborations-entre-musiciens-et-slameurs-francophones","status":"publish","type":"post","link":"https:\/\/slams.fr\/blog\/a-la-une\/ou-denicher-des-collaborations-entre-musiciens-et-slameurs-francophones\/","title":{"rendered":"O\u00f9 d\u00e9nicher des collaborations entre musiciens et slameurs francophones"},"content":{"rendered":"<h1>O\u00f9 d\u00e9nicher des collaborations entre musiciens et slameurs francophones<\/h1>\n<h2>Rep\u00e9rer les collectifs et compagnies d\u00e9di\u00e9s \u00e0 la fusion slam-musique<\/h2>\n<p>\n        L\u2019\u00e9mergence de <strong>collectifs sp\u00e9cialis\u00e9s<\/strong> dans la fusion entre <strong>slam<\/strong> et <strong>musique<\/strong> t\u00e9moigne d\u2019un mouvement artistique majeur au sein de la francophonie. Ces organisations structurent l\u2019\u00e9cosyst\u00e8me, f\u00e9d\u00e8rent des artistes confirm\u00e9s et favorisent le croisement des disciplines dans des cadres t\u00e2tonnants ou professionnels.\n    <\/p>\n<ul>\n<li><strong>Uppercut Prod<\/strong>, bas\u00e9 \u00e0 Paris, organise chaque ann\u00e9e des <strong>r\u00e9sidences artistiques<\/strong> et des <strong>appels \u00e0 projets<\/strong> o\u00f9 musiciens et slameurs se rencontrent pour concevoir des spectacles collectifs. Leurs \u00e9v\u00e9nements rassemblent des instrumentistes, des beatmakers, et des po\u00e8tes de la sc\u00e8ne urbaine.<\/li>\n<li><strong>La Meute Slam<\/strong> propose r\u00e9guli\u00e8rement des ateliers collaboratifs, m\u00ealant l\u2019\u00e9criture du texte \u00e0 l\u2019improvisation musicale, tout en structurant une sc\u00e8ne ouverte \u00e0 la participation des artistes issus de multiples horizons.<\/li>\n<li>La <strong>Tribut du Verbe<\/strong>, tr\u00e8s active \u00e0 Lyon, a mis en place une s\u00e9rie de \u00ab jams po\u00e9tiques \u00bb o\u00f9 se c\u00f4toient guitaristes, percussionnistes, MC et slameurs autour de projets communs, avec une programmation relay\u00e9e sur les r\u00e9seaux sociaux sp\u00e9cialis\u00e9s.<\/li>\n<li>Le <strong>Collectif Fusion<\/strong> (Paris) s\u2019appuie sur des musiciens issus des musiques actuelles et des slameurs franciliens pour cr\u00e9er des spectacles hybrides <u>film\u00e9s et diffus\u00e9s en ligne<\/u>, offrant une vitrine \u00e0 ceux qui cherchent \u00e0 s\u2019associer dans la dur\u00e9e.<\/li>\n<\/ul>\n<p>\n        S\u2019investir dans ces collectifs permet d\u2019acc\u00e9der \u00e0 des <strong>projets concrets<\/strong> et de b\u00e9n\u00e9ficier du soutien de structures reconnues pour leur capacit\u00e9 \u00e0 organiser des \u00e9v\u00e9nements f\u00e9d\u00e9rateurs. Les collaborations qui en \u00e9mergent donnent souvent naissance \u00e0 des spectacles originaux et \u00e0 des albums collectifs, mis en avant sur les plateformes num\u00e9riques ou lors de festivals sp\u00e9cialis\u00e9s.\n    <\/p>\n<h2>Participer aux sc\u00e8nes ouvertes et ateliers crois\u00e9s<\/h2>\n<p>\n        Les <strong>sc\u00e8nes ouvertes<\/strong> et les <strong>ateliers crois\u00e9s<\/strong> constituent des laboratoires privil\u00e9gi\u00e9s pour tester de nouveaux formats et identifier des partenaires motiv\u00e9s. Les grandes agglom\u00e9rations fran\u00e7aises, telles que Paris, Lyon, Marseille ou Toulouse, accueillent chaque mois des soir\u00e9es d\u00e9di\u00e9es \u00e0 la rencontre entre <strong>musique live<\/strong> et <strong>slam<\/strong>.\n    <\/p>\n<ul>\n<li>\u00c0 Paris, les \u00e9v\u00e9nements r\u00e9guliers du collectif <strong>Slam Music<\/strong> rassemblent slameurs, chanteurs et instrumentistes dans un esprit de <u>cr\u00e9ation spontan\u00e9e<\/u>. Chaque session permet \u00e0 des bin\u00f4mes ou trios \u00e9ph\u00e9m\u00e8res d\u2019exp\u00e9rimenter des morceaux in\u00e9dits devant un public averti.<\/li>\n<li>\u00c0 Lille, l\u2019association <strong>Flow d\u2019encre<\/strong> multiplie les <strong>ateliers d\u2019\u00e9criture collective<\/strong> et les <strong>jams<\/strong>, o\u00f9 l\u2019accompagnement musical (guitare, basse, percussions) stimule la co-cr\u00e9ation entre slameurs et musiciens.<\/li>\n<li>\u00c0 Grenoble, la <strong>Compagnie 129H<\/strong> met en place des formats \u00ab sc\u00e8ne ouverte crois\u00e9e \u00bb associant danse, po\u00e9sie urbaine et improvisation musicale, dans une volont\u00e9 d\u2019ouverture \u00e0 tous les styles.<\/li>\n<\/ul>\n<p>\n        L\u2019exp\u00e9rience de la sc\u00e8ne permet d\u2019affiner ses collaborations, de rencontrer d\u2019autres cr\u00e9ateurs et de s\u2019int\u00e9grer \u00e0 une communaut\u00e9 active. L\u2019atmosph\u00e8re de ces rencontres favorise la recherche de synergies artistiques et la constitution de collectifs informels, souvent \u00e0 l\u2019origine des projets les plus novateurs.\n    <\/p>\n<h2>S\u2019int\u00e9grer aux r\u00e9seaux associatifs sp\u00e9cialis\u00e9s<\/h2>\n<p>\n        Les <strong>r\u00e9seaux associatifs<\/strong> jouent un r\u00f4le d\u00e9terminant dans la structuration des rencontres entre slameurs et musiciens. En France, la <strong>Ligue Slam de France<\/strong> f\u00e9d\u00e8re des dizaines d\u2019initiatives locales et anime <strong>festivals, r\u00e9sidences et formations<\/strong> \u00e0 travers tout le territoire.\n    <\/p>\n<ul>\n<li>La Ligue Slam de France coordonne la <strong>Coupe de la Ligue<\/strong>, une comp\u00e9tition nationale o\u00f9 de nombreux participants associent leur texte \u00e0 des instrumentistes, favorisant ainsi les contacts durables entre disciplines.<\/li>\n<li>\u00c0 Lyon, <strong>La Tribut du Verbe<\/strong> propose des cycles d\u2019ateliers sp\u00e9cialis\u00e9s m\u00ealant coaching vocal et accompagnement musical, permettant aux participants de d\u00e9velopper une approche compl\u00e8te de la <u>performance sc\u00e9nique<\/u>.<\/li>\n<li>Des structures comme <strong>Le Grand Slam National<\/strong> et <strong>Le Printemps des Po\u00e8tes<\/strong> multiplient les \u00e9v\u00e9nements m\u00ealant texte parl\u00e9 et cr\u00e9ation musicale, offrant une tribune \u00e0 ceux qui souhaitent s\u2019immerger dans ce type de projet.<\/li>\n<\/ul>\n<p>\n        Adh\u00e9rer \u00e0 ces r\u00e9seaux, c\u2019est b\u00e9n\u00e9ficier d\u2019un <strong>accompagnement structur\u00e9<\/strong>, d\u2019un acc\u00e8s \u00e0 des appels \u00e0 projets, et d\u2019une visibilit\u00e9 accrue lors de grands rendez-vous. Cela constitue \u00e0 notre sens l\u2019un des moyens les plus efficaces et enrichissants de b\u00e2tir des collaborations durables et reconnues.\n    <\/p>\n<h2>Explorer les \u00e9v\u00e9nements et rencontres francophones<\/h2>\n<p>\n        Si les sc\u00e8nes nationales offrent de nombreuses possibilit\u00e9s, les <strong>rencontres internationales<\/strong> et les <strong>festivals francophones<\/strong> \u00e9largissent les perspectives et favorisent les \u00e9changes transfrontaliers. Nous recommandons vivement de s\u2019int\u00e9resser \u00e0 ces \u00e9v\u00e9nements pour ouvrir son r\u00e9seau et enrichir son regard artistique.\n    <\/p>\n<ul>\n<li>La <strong>French Slam Connection<\/strong> r\u00e9unit annuellement \u00e0 Paris des slameurs et musiciens du monde entier. L\u2019\u00e9dition 2024 a accueilli des artistes du Qu\u00e9bec, de Suisse, du Maghreb et d\u2019Afrique de l\u2019Ouest, permettant l\u2019\u00e9closion de collaborations in\u00e9dites.<\/li>\n<li>Le festival <strong>Slam sur la Langue<\/strong>, organis\u00e9 en Belgique et diffus\u00e9 par la francophonie, associe ateliers de cr\u00e9ation, concerts et comp\u00e9titions bilingues. Il s\u2019agit d\u2019une r\u00e9f\u00e9rence pour ceux cherchant \u00e0 s\u2019immerger dans un espace d\u2019innovation m\u00ealant musique et po\u00e9sie engag\u00e9e.<\/li>\n<li>L\u2019\u00e9v\u00e9nement <strong>Op\u00e9ra en Fusion<\/strong> \u00e0 Li\u00e8ge (2024) a mobilis\u00e9 une centaine de jeunes artistes autour d\u2019une <u>cr\u00e9ation pluridisciplinaire<\/u> o\u00f9 rappeurs, slameurs, chanteurs lyriques et musiciens ont b\u00e2ti ensemble une performance unique, salu\u00e9e par la presse culturelle.<\/li>\n<\/ul>\n<p>\n        Ces rendez-vous offrent des temps forts pour nouer des contacts au-del\u00e0 des fronti\u00e8res, rencontrer des programmateurs et acc\u00e9der \u00e0 des march\u00e9s artistiques diversifi\u00e9s. Participer \u00e0 de tels \u00e9v\u00e9nements acc\u00e9l\u00e8re l\u2019int\u00e9gration dans les r\u00e9seaux actifs et inspire la cr\u00e9ation de projets collaboratifs ambitieux.\n    <\/p>\n<h2>Utiliser les plateformes num\u00e9riques et r\u00e9seaux sociaux d\u00e9di\u00e9s<\/h2>\n<p>\n        Le num\u00e9rique r\u00e9volutionne la mani\u00e8re dont musiciens et slameurs se rencontrent et collaborent. Les <strong>sites sp\u00e9cialis\u00e9s<\/strong>, <strong>groupes Facebook<\/strong>, et <strong>plateformes associatives<\/strong> constituent des ressources incontournables pour initier ou rejoindre des projets collectifs.\n    <\/p>\n<ul>\n<li>Le site <strong>SLAM.fr<\/strong> diffuse r\u00e9guli\u00e8rement des <u>appels \u00e0 collaboration<\/u>, propose des forums et publie des annonces pour des r\u00e9sidences ou ateliers m\u00ealant musique et slam.<\/li>\n<li>Des groupes comme <strong>Slam et Po\u00e9sie Francophone<\/strong> sur Facebook rassemblent plus de 12 000 membres actifs qui partagent conseils, propositions de projets, liens vers des sc\u00e8nes ouvertes, et vid\u00e9os de performances collaboratives.<\/li>\n<li>La plateforme <strong>Collectif Fusion<\/strong> diffuse ses captations de spectacles hybrides sur YouTube et anime un espace d\u2019\u00e9changes entre musiciens et po\u00e8tes francophones.<\/li>\n<li>Des initiatives telles que <strong>La Soupe aux Mots<\/strong> publient en ligne des listes de contacts, agendas d\u2019\u00e9v\u00e9nements et annonces de laboratoires interdisciplinaires dans toute la francophonie.<\/li>\n<\/ul>\n<p>\n        S\u2019appuyer sur ces outils permet d\u2019entrer rapidement en relation avec des artistes ouverts \u00e0 la cr\u00e9ation partag\u00e9e, de diffuser ses propres projets, et de dynamiser sa visibilit\u00e9 artistique. Nous conseillons fortement d\u2019investir ces espaces pour mat\u00e9rialiser des projets \u00e0 distance ou prolonger des rencontres faites sur sc\u00e8ne.\n    <\/p>\n<h2>Chercher l\u2019innovation via les ateliers et stages interdisciplinaires<\/h2>\n<p>\n        L\u2019innovation na\u00eet souvent lors d\u2019ateliers de <strong>cr\u00e9ation interdisciplinaire<\/strong> o\u00f9 se conjuguent \u00e9criture, improvisation musicale et performance orale. Certaines associations et institutions d\u00e9ploient chaque saison des <strong>stages collectifs<\/strong> et des <strong>laboratoires artistiques<\/strong> destin\u00e9s \u00e0 forger de nouveaux formats.\n    <\/p>\n<ul>\n<li>\u00c0 Montpellier, <strong>Slam Music<\/strong> organise depuis 2022 des <u>laboratoires de fusion<\/u> o\u00f9 \u00e9crivains, musiciens et slameurs con\u00e7oivent ensemble des morceaux, encadr\u00e9s par des professionnels de la sc\u00e8ne hip-hop et chanson fran\u00e7aise.<\/li>\n<li>Dans le cadre du <strong>Festival d\u2019Avignon OFF<\/strong>, plusieurs compagnies invitent chaque ann\u00e9e des slameurs \u00e0 int\u00e9grer des ateliers de performance m\u00ealant musique live, th\u00e9\u00e2tre et vid\u00e9o, aboutissant souvent \u00e0 des cr\u00e9ations collectives programm\u00e9es.<\/li>\n<li>L\u2019atelier \u00ab <strong>Slam, fusion des mots et des sons \u00e0 l\u2019\u00e8re du num\u00e9rique<\/strong> \u00bb propos\u00e9 par R\u00e9seau Canop\u00e9 (2025) invite enseignants, auteurs et musiciens \u00e0 exp\u00e9rimenter les interactions entre texte parl\u00e9 et composition sonore, avec des modules en ligne accessibles partout en France.<\/li>\n<\/ul>\n<p>\n        Ces dispositifs offrent un cadre structurant o\u00f9 l\u2019exp\u00e9rimentation collective demeure centrale. Les participants y d\u00e9veloppent de r\u00e9elles comp\u00e9tences collaboratives, affinent leur style et repartent avec des productions artistiques abouties, pr\u00eates \u00e0 \u00eatre diffus\u00e9es au sein des r\u00e9seaux de la francophonie.\n    <\/p>\n<h2>Conclusion : Strat\u00e9gies et conseils pour r\u00e9ussir sa collaboration<\/h2>\n<p>\n        S\u2019impliquer dans la <strong>rencontre entre musiciens et slameurs<\/strong> suppose curiosit\u00e9, ouverture et d\u00e9marche proactive. L\u2019exp\u00e9rience nous montre que la multiplication des r\u00e9seaux, la diversit\u00e9 des formats d\u2019ateliers et l\u2019internationalisation des \u00e9changes ouvrent d\u2019immenses perspectives cr\u00e9atives \u00e0 celles et ceux souhaitant renouveler leur pratique.\n    <\/p>\n<ul>\n<li>Privil\u00e9gier les <strong>collectifs reconnus<\/strong> pour b\u00e9n\u00e9ficier d\u2019outils, de conseils et d\u2019une diffusion professionnelle.<\/li>\n<li>Alterner participation \u00e0 des <strong>sc\u00e8nes ouvertes<\/strong> et \u00e0 des ateliers crois\u00e9s pour \u00e9largir son r\u00e9seau, explorer de nouveaux styles et identifier des partenaires fiables.<\/li>\n<li>S\u2019int\u00e9grer \u00e0 des <strong>r\u00e9seaux associatifs<\/strong> structur\u00e9s afin de profiter d\u2019une dynamique collective et d\u2019acc\u00e9der \u00e0 des opportunit\u00e9s \u00e0 fort potentiel.<\/li>\n<li>Explorer sans rel\u00e2che les <strong>\u00e9v\u00e9nements transfrontaliers<\/strong> et festivals pour \u00e9largir sa pratique et s\u2019ouvrir \u00e0 l\u2019influence d\u2019autres cultures.<\/li>\n<li>Utiliser les <strong>plateformes num\u00e9riques<\/strong> pour acc\u00e9l\u00e9rer la prise de contact et diffuser ses projets sur des espaces \u00e0 forte audience.<\/li>\n<li>Oser la <strong>cr\u00e9ation interdisciplinaire<\/strong> en participant \u00e0 des stages et laboratoires o\u00f9 la confrontation des univers artistiques stimule l\u2019inventivit\u00e9.<\/li>\n<\/ul>\n<p>\n        L\u2019avenir du <u>slam musical<\/u> francophone se dessine \u00e0 la crois\u00e9e de ces initiatives multiples. Nouer des collaborations p\u00e9rennes exige une implication constante, une veille r\u00e9guli\u00e8re et un sens aigu du partage. Les dispositifs, collectifs et \u00e9v\u00e9nements pr\u00e9sent\u00e9s ici constituent le socle id\u00e9al pour initier ou renforcer des projets hybrides, dont la richesse contribue \u00e0 renouveler profond\u00e9ment le paysage artistique francophone.\n    <\/p>\n","protected":false},"excerpt":{"rendered":"","protected":false},"author":34,"featured_media":7654,"comment_status":"open","ping_status":"open","sticky":false,"template":"","format":"standard","meta":{"_acf_changed":false,"manual_indexmenow":false,"indexmenow_id_project":0,"footnotes":""},"categories":[1],"tags":[4614,4615,4581],"class_list":["post-7480","post","type-post","status-publish","format-standard","has-post-thumbnail","hentry","category-a-la-une","tag-collaboration-musicale","tag-musiciens","tag-slam-francophone","generate-columns","tablet-grid-50","mobile-grid-100","grid-parent","grid-25"],"acf":[],"yoast_head":"<!-- This site is optimized with the Yoast SEO Premium plugin v21.3 (Yoast SEO v26.5) - https:\/\/yoast.com\/wordpress\/plugins\/seo\/ -->\n<title>Collaborations entre musiciens et slameurs francophones<\/title>\n<meta name=\"description\" content=\"L\u2019\u00e9mergence de collectifs sp\u00e9cialis\u00e9s dans la fusion entre slam et musique t\u00e9moigne d\u2019un mouvement artistique majeur au sein de la francophonie.\" \/>\n<meta name=\"robots\" content=\"index, follow, max-snippet:-1, max-image-preview:large, max-video-preview:-1\" \/>\n<link rel=\"canonical\" href=\"https:\/\/slams.fr\/blog\/a-la-une\/ou-denicher-des-collaborations-entre-musiciens-et-slameurs-francophones\/\" \/>\n<meta property=\"og:locale\" content=\"fr_FR\" \/>\n<meta property=\"og:type\" content=\"article\" \/>\n<meta property=\"og:title\" content=\"Collaborations entre musiciens et slameurs francophones\" \/>\n<meta property=\"og:description\" content=\"L\u2019\u00e9mergence de collectifs sp\u00e9cialis\u00e9s dans la fusion entre slam et musique t\u00e9moigne d\u2019un mouvement artistique majeur au sein de la francophonie.\" \/>\n<meta property=\"og:url\" content=\"https:\/\/slams.fr\/blog\/a-la-une\/ou-denicher-des-collaborations-entre-musiciens-et-slameurs-francophones\/\" \/>\n<meta property=\"og:site_name\" content=\"slams\" \/>\n<meta property=\"og:image\" content=\"https:\/\/slams.fr\/blog\/wp-content\/uploads\/2025\/07\/sdxl-5963359a9ed6e1767323d1a97bd33c63-scaled.png\" \/>\n\t<meta property=\"og:image:width\" content=\"1200\" \/>\n\t<meta property=\"og:image:height\" content=\"500\" \/>\n\t<meta property=\"og:image:type\" content=\"image\/png\" \/>\n<meta name=\"author\" content=\"Rapha\u00ebl D.\" \/>\n<meta name=\"twitter:card\" content=\"summary_large_image\" \/>\n<script type=\"application\/ld+json\" class=\"yoast-schema-graph\">{\"@context\":\"https:\/\/schema.org\",\"@graph\":[{\"@type\":\"NewsArticle\",\"@id\":\"https:\/\/slams.fr\/blog\/a-la-une\/ou-denicher-des-collaborations-entre-musiciens-et-slameurs-francophones\/#article\",\"isPartOf\":{\"@id\":\"https:\/\/slams.fr\/blog\/a-la-une\/ou-denicher-des-collaborations-entre-musiciens-et-slameurs-francophones\/\"},\"author\":{\"name\":\"Rapha\u00ebl D.\",\"@id\":\"https:\/\/slams.fr\/blog\/#\/schema\/person\/3c864cdc320801e3db34b663e7e3f816\"},\"headline\":\"O\u00f9 d\u00e9nicher des collaborations entre musiciens et slameurs francophones\",\"datePublished\":\"2025-06-14T20:21:37+00:00\",\"mainEntityOfPage\":{\"@id\":\"https:\/\/slams.fr\/blog\/a-la-une\/ou-denicher-des-collaborations-entre-musiciens-et-slameurs-francophones\/\"},\"wordCount\":1667,\"commentCount\":0,\"publisher\":{\"@id\":\"https:\/\/slams.fr\/blog\/#organization\"},\"image\":{\"@id\":\"https:\/\/slams.fr\/blog\/a-la-une\/ou-denicher-des-collaborations-entre-musiciens-et-slameurs-francophones\/#primaryimage\"},\"thumbnailUrl\":\"https:\/\/slams.fr\/blog\/wp-content\/uploads\/2025\/07\/sdxl-5963359a9ed6e1767323d1a97bd33c63-scaled.png\",\"keywords\":[\"collaboration musicale\",\"musiciens\",\"slam francophone\"],\"articleSection\":[\"\u00c0 la une\"],\"inLanguage\":\"fr-FR\",\"potentialAction\":[{\"@type\":\"CommentAction\",\"name\":\"Comment\",\"target\":[\"https:\/\/slams.fr\/blog\/a-la-une\/ou-denicher-des-collaborations-entre-musiciens-et-slameurs-francophones\/#respond\"]}]},{\"@type\":\"WebPage\",\"@id\":\"https:\/\/slams.fr\/blog\/a-la-une\/ou-denicher-des-collaborations-entre-musiciens-et-slameurs-francophones\/\",\"url\":\"https:\/\/slams.fr\/blog\/a-la-une\/ou-denicher-des-collaborations-entre-musiciens-et-slameurs-francophones\/\",\"name\":\"Collaborations entre musiciens et slameurs francophones\",\"isPartOf\":{\"@id\":\"https:\/\/slams.fr\/blog\/#website\"},\"primaryImageOfPage\":{\"@id\":\"https:\/\/slams.fr\/blog\/a-la-une\/ou-denicher-des-collaborations-entre-musiciens-et-slameurs-francophones\/#primaryimage\"},\"image\":{\"@id\":\"https:\/\/slams.fr\/blog\/a-la-une\/ou-denicher-des-collaborations-entre-musiciens-et-slameurs-francophones\/#primaryimage\"},\"thumbnailUrl\":\"https:\/\/slams.fr\/blog\/wp-content\/uploads\/2025\/07\/sdxl-5963359a9ed6e1767323d1a97bd33c63-scaled.png\",\"datePublished\":\"2025-06-14T20:21:37+00:00\",\"description\":\"L\u2019\u00e9mergence de collectifs sp\u00e9cialis\u00e9s dans la fusion entre slam et musique t\u00e9moigne d\u2019un mouvement artistique majeur au sein de la francophonie.\",\"inLanguage\":\"fr-FR\",\"potentialAction\":[{\"@type\":\"ReadAction\",\"target\":[\"https:\/\/slams.fr\/blog\/a-la-une\/ou-denicher-des-collaborations-entre-musiciens-et-slameurs-francophones\/\"]}]},{\"@type\":\"ImageObject\",\"inLanguage\":\"fr-FR\",\"@id\":\"https:\/\/slams.fr\/blog\/a-la-une\/ou-denicher-des-collaborations-entre-musiciens-et-slameurs-francophones\/#primaryimage\",\"url\":\"https:\/\/slams.fr\/blog\/wp-content\/uploads\/2025\/07\/sdxl-5963359a9ed6e1767323d1a97bd33c63-scaled.png\",\"contentUrl\":\"https:\/\/slams.fr\/blog\/wp-content\/uploads\/2025\/07\/sdxl-5963359a9ed6e1767323d1a97bd33c63-scaled.png\",\"width\":1200,\"height\":500},{\"@type\":\"WebSite\",\"@id\":\"https:\/\/slams.fr\/blog\/#website\",\"url\":\"https:\/\/slams.fr\/blog\/\",\"name\":\"slams.fr\",\"description\":\"Slams, l&#039;\u00e9nergie des mots en action\",\"publisher\":{\"@id\":\"https:\/\/slams.fr\/blog\/#organization\"},\"alternateName\":\"Slams, l'\u00e9nergie des mots en action\",\"potentialAction\":[{\"@type\":\"SearchAction\",\"target\":{\"@type\":\"EntryPoint\",\"urlTemplate\":\"https:\/\/slams.fr\/blog\/?s={search_term_string}\"},\"query-input\":{\"@type\":\"PropertyValueSpecification\",\"valueRequired\":true,\"valueName\":\"search_term_string\"}}],\"inLanguage\":\"fr-FR\"},{\"@type\":\"Organization\",\"@id\":\"https:\/\/slams.fr\/blog\/#organization\",\"name\":\"Foretsensations.fr\",\"url\":\"https:\/\/slams.fr\/blog\/\",\"logo\":{\"@type\":\"ImageObject\",\"inLanguage\":\"fr-FR\",\"@id\":\"https:\/\/slams.fr\/blog\/#\/schema\/logo\/image\/\",\"url\":\"https:\/\/slams.fr\/blog\/wp-content\/uploads\/2026\/07\/logo-auto-1.png\",\"contentUrl\":\"https:\/\/slams.fr\/blog\/wp-content\/uploads\/2026\/07\/logo-auto-1.png\",\"width\":1024,\"height\":1024,\"caption\":\"Foretsensations.fr\"},\"image\":{\"@id\":\"https:\/\/slams.fr\/blog\/#\/schema\/logo\/image\/\"}},{\"@type\":\"Person\",\"@id\":\"https:\/\/slams.fr\/blog\/#\/schema\/person\/3c864cdc320801e3db34b663e7e3f816\",\"name\":\"Rapha\u00ebl D.\",\"image\":{\"@type\":\"ImageObject\",\"inLanguage\":\"fr-FR\",\"@id\":\"https:\/\/slams.fr\/blog\/#\/schema\/person\/image\/\",\"url\":\"https:\/\/slams.fr\/blog\/wp-content\/uploads\/2026\/06\/persona_raphael-d-96x96.jpg\",\"contentUrl\":\"https:\/\/slams.fr\/blog\/wp-content\/uploads\/2026\/06\/persona_raphael-d-96x96.jpg\",\"caption\":\"Rapha\u00ebl D.\"},\"description\":\"La culture est mon terrain de jeu depuis une dizaine d'ann\u00e9es : arts visuels, s\u00e9ries, cr\u00e9ation et tout ce qui nourrit l'imaginaire. J'\u00e9cris aussi bien sur l'actualit\u00e9 des \u0153uvres que sur les coulisses de la cr\u00e9ation, avec l'envie de relier l'amateur curieux \u00e0 des univers parfois jug\u00e9s intimidants. J'aime analyser une s\u00e9rie ou une d\u00e9marche artistique sans p\u00e9dantisme, replacer une \u0153uvre dans son contexte et donner des cl\u00e9s de lecture accessibles. Avant de publier, je v\u00e9rifie mes r\u00e9f\u00e9rences, je recoupe les sources et je distingue clairement le fait de mon interpr\u00e9tation subjective. Je crois qu'une critique vaut surtout par les arguments qu'elle expose, pas par la sentence qu'elle rend. Mon angle : transmettre l'envie de d\u00e9couvrir, de regarder autrement et de se forger son propre go\u00fbt. La culture n'appartient pas qu'aux initi\u00e9s, et c'est tout l'enjeu de mon \u00e9criture.\",\"url\":\"https:\/\/slams.fr\/blog\/auteur\/raphael-d\/\",\"jobTitle\":\"R\u00e9dacteur en chef \u00b7 Culture & Cr\u00e9ation\",\"knowsAbout\":[\"Culture\",\"Cr\u00e9ation\"],\"email\":\"raphael.d@a-l-asso-de-l-art.fr\"}]}<\/script>\n<!-- \/ Yoast SEO Premium plugin. -->","yoast_head_json":{"title":"Collaborations entre musiciens et slameurs francophones","description":"L\u2019\u00e9mergence de collectifs sp\u00e9cialis\u00e9s dans la fusion entre slam et musique t\u00e9moigne d\u2019un mouvement artistique majeur au sein de la francophonie.","robots":{"index":"index","follow":"follow","max-snippet":"max-snippet:-1","max-image-preview":"max-image-preview:large","max-video-preview":"max-video-preview:-1"},"canonical":"https:\/\/slams.fr\/blog\/a-la-une\/ou-denicher-des-collaborations-entre-musiciens-et-slameurs-francophones\/","og_locale":"fr_FR","og_type":"article","og_title":"Collaborations entre musiciens et slameurs francophones","og_description":"L\u2019\u00e9mergence de collectifs sp\u00e9cialis\u00e9s dans la fusion entre slam et musique t\u00e9moigne d\u2019un mouvement artistique majeur au sein de la francophonie.","og_url":"https:\/\/slams.fr\/blog\/a-la-une\/ou-denicher-des-collaborations-entre-musiciens-et-slameurs-francophones\/","og_site_name":"slams","og_image":[{"width":1200,"height":500,"url":"https:\/\/slams.fr\/blog\/wp-content\/uploads\/2025\/07\/sdxl-5963359a9ed6e1767323d1a97bd33c63-scaled.png","type":"image\/png"}],"author":"Rapha\u00ebl D.","twitter_card":"summary_large_image","schema":{"@context":"https:\/\/schema.org","@graph":[{"@type":"NewsArticle","@id":"https:\/\/slams.fr\/blog\/a-la-une\/ou-denicher-des-collaborations-entre-musiciens-et-slameurs-francophones\/#article","isPartOf":{"@id":"https:\/\/slams.fr\/blog\/a-la-une\/ou-denicher-des-collaborations-entre-musiciens-et-slameurs-francophones\/"},"author":{"name":"Rapha\u00ebl D.","@id":"https:\/\/slams.fr\/blog\/#\/schema\/person\/3c864cdc320801e3db34b663e7e3f816"},"headline":"O\u00f9 d\u00e9nicher des collaborations entre musiciens et slameurs francophones","datePublished":"2025-06-14T20:21:37+00:00","mainEntityOfPage":{"@id":"https:\/\/slams.fr\/blog\/a-la-une\/ou-denicher-des-collaborations-entre-musiciens-et-slameurs-francophones\/"},"wordCount":1667,"commentCount":0,"publisher":{"@id":"https:\/\/slams.fr\/blog\/#organization"},"image":{"@id":"https:\/\/slams.fr\/blog\/a-la-une\/ou-denicher-des-collaborations-entre-musiciens-et-slameurs-francophones\/#primaryimage"},"thumbnailUrl":"https:\/\/slams.fr\/blog\/wp-content\/uploads\/2025\/07\/sdxl-5963359a9ed6e1767323d1a97bd33c63-scaled.png","keywords":["collaboration musicale","musiciens","slam francophone"],"articleSection":["\u00c0 la une"],"inLanguage":"fr-FR","potentialAction":[{"@type":"CommentAction","name":"Comment","target":["https:\/\/slams.fr\/blog\/a-la-une\/ou-denicher-des-collaborations-entre-musiciens-et-slameurs-francophones\/#respond"]}]},{"@type":"WebPage","@id":"https:\/\/slams.fr\/blog\/a-la-une\/ou-denicher-des-collaborations-entre-musiciens-et-slameurs-francophones\/","url":"https:\/\/slams.fr\/blog\/a-la-une\/ou-denicher-des-collaborations-entre-musiciens-et-slameurs-francophones\/","name":"Collaborations entre musiciens et slameurs francophones","isPartOf":{"@id":"https:\/\/slams.fr\/blog\/#website"},"primaryImageOfPage":{"@id":"https:\/\/slams.fr\/blog\/a-la-une\/ou-denicher-des-collaborations-entre-musiciens-et-slameurs-francophones\/#primaryimage"},"image":{"@id":"https:\/\/slams.fr\/blog\/a-la-une\/ou-denicher-des-collaborations-entre-musiciens-et-slameurs-francophones\/#primaryimage"},"thumbnailUrl":"https:\/\/slams.fr\/blog\/wp-content\/uploads\/2025\/07\/sdxl-5963359a9ed6e1767323d1a97bd33c63-scaled.png","datePublished":"2025-06-14T20:21:37+00:00","description":"L\u2019\u00e9mergence de collectifs sp\u00e9cialis\u00e9s dans la fusion entre slam et musique t\u00e9moigne d\u2019un mouvement artistique majeur au sein de la francophonie.","inLanguage":"fr-FR","potentialAction":[{"@type":"ReadAction","target":["https:\/\/slams.fr\/blog\/a-la-une\/ou-denicher-des-collaborations-entre-musiciens-et-slameurs-francophones\/"]}]},{"@type":"ImageObject","inLanguage":"fr-FR","@id":"https:\/\/slams.fr\/blog\/a-la-une\/ou-denicher-des-collaborations-entre-musiciens-et-slameurs-francophones\/#primaryimage","url":"https:\/\/slams.fr\/blog\/wp-content\/uploads\/2025\/07\/sdxl-5963359a9ed6e1767323d1a97bd33c63-scaled.png","contentUrl":"https:\/\/slams.fr\/blog\/wp-content\/uploads\/2025\/07\/sdxl-5963359a9ed6e1767323d1a97bd33c63-scaled.png","width":1200,"height":500},{"@type":"WebSite","@id":"https:\/\/slams.fr\/blog\/#website","url":"https:\/\/slams.fr\/blog\/","name":"slams.fr","description":"Slams, l&#039;\u00e9nergie des mots en action","publisher":{"@id":"https:\/\/slams.fr\/blog\/#organization"},"alternateName":"Slams, l'\u00e9nergie des mots en action","potentialAction":[{"@type":"SearchAction","target":{"@type":"EntryPoint","urlTemplate":"https:\/\/slams.fr\/blog\/?s={search_term_string}"},"query-input":{"@type":"PropertyValueSpecification","valueRequired":true,"valueName":"search_term_string"}}],"inLanguage":"fr-FR"},{"@type":"Organization","@id":"https:\/\/slams.fr\/blog\/#organization","name":"Foretsensations.fr","url":"https:\/\/slams.fr\/blog\/","logo":{"@type":"ImageObject","inLanguage":"fr-FR","@id":"https:\/\/slams.fr\/blog\/#\/schema\/logo\/image\/","url":"https:\/\/slams.fr\/blog\/wp-content\/uploads\/2026\/07\/logo-auto-1.png","contentUrl":"https:\/\/slams.fr\/blog\/wp-content\/uploads\/2026\/07\/logo-auto-1.png","width":1024,"height":1024,"caption":"Foretsensations.fr"},"image":{"@id":"https:\/\/slams.fr\/blog\/#\/schema\/logo\/image\/"}},{"@type":"Person","@id":"https:\/\/slams.fr\/blog\/#\/schema\/person\/3c864cdc320801e3db34b663e7e3f816","name":"Rapha\u00ebl D.","image":{"@type":"ImageObject","inLanguage":"fr-FR","@id":"https:\/\/slams.fr\/blog\/#\/schema\/person\/image\/","url":"https:\/\/slams.fr\/blog\/wp-content\/uploads\/2026\/06\/persona_raphael-d-96x96.jpg","contentUrl":"https:\/\/slams.fr\/blog\/wp-content\/uploads\/2026\/06\/persona_raphael-d-96x96.jpg","caption":"Rapha\u00ebl D."},"description":"La culture est mon terrain de jeu depuis une dizaine d'ann\u00e9es : arts visuels, s\u00e9ries, cr\u00e9ation et tout ce qui nourrit l'imaginaire. J'\u00e9cris aussi bien sur l'actualit\u00e9 des \u0153uvres que sur les coulisses de la cr\u00e9ation, avec l'envie de relier l'amateur curieux \u00e0 des univers parfois jug\u00e9s intimidants. J'aime analyser une s\u00e9rie ou une d\u00e9marche artistique sans p\u00e9dantisme, replacer une \u0153uvre dans son contexte et donner des cl\u00e9s de lecture accessibles. Avant de publier, je v\u00e9rifie mes r\u00e9f\u00e9rences, je recoupe les sources et je distingue clairement le fait de mon interpr\u00e9tation subjective. Je crois qu'une critique vaut surtout par les arguments qu'elle expose, pas par la sentence qu'elle rend. Mon angle : transmettre l'envie de d\u00e9couvrir, de regarder autrement et de se forger son propre go\u00fbt. La culture n'appartient pas qu'aux initi\u00e9s, et c'est tout l'enjeu de mon \u00e9criture.","url":"https:\/\/slams.fr\/blog\/auteur\/raphael-d\/","jobTitle":"R\u00e9dacteur en chef \u00b7 Culture & Cr\u00e9ation","knowsAbout":["Culture","Cr\u00e9ation"],"email":"raphael.d@a-l-asso-de-l-art.fr"}]}},"_links":{"self":[{"href":"https:\/\/slams.fr\/blog\/wp-json\/wp\/v2\/posts\/7480","targetHints":{"allow":["GET"]}}],"collection":[{"href":"https:\/\/slams.fr\/blog\/wp-json\/wp\/v2\/posts"}],"about":[{"href":"https:\/\/slams.fr\/blog\/wp-json\/wp\/v2\/types\/post"}],"author":[{"embeddable":true,"href":"https:\/\/slams.fr\/blog\/wp-json\/wp\/v2\/users\/34"}],"replies":[{"embeddable":true,"href":"https:\/\/slams.fr\/blog\/wp-json\/wp\/v2\/comments?post=7480"}],"version-history":[{"count":0,"href":"https:\/\/slams.fr\/blog\/wp-json\/wp\/v2\/posts\/7480\/revisions"}],"wp:featuredmedia":[{"embeddable":true,"href":"https:\/\/slams.fr\/blog\/wp-json\/wp\/v2\/media\/7654"}],"wp:attachment":[{"href":"https:\/\/slams.fr\/blog\/wp-json\/wp\/v2\/media?parent=7480"}],"wp:term":[{"taxonomy":"category","embeddable":true,"href":"https:\/\/slams.fr\/blog\/wp-json\/wp\/v2\/categories?post=7480"},{"taxonomy":"post_tag","embeddable":true,"href":"https:\/\/slams.fr\/blog\/wp-json\/wp\/v2\/tags?post=7480"}],"curies":[{"name":"wp","href":"https:\/\/api.w.org\/{rel}","templated":true}]}}