{"id":7483,"date":"2025-06-14T22:22:13","date_gmt":"2025-06-14T20:22:13","guid":{"rendered":"https:\/\/slams.fr\/blog\/a-la-une\/les-7-meilleures-radios-en-ligne-pour-vibrer-au-rythme-du-slam-et-du-spoken-word\/"},"modified":"2025-06-14T22:22:13","modified_gmt":"2025-06-14T20:22:13","slug":"les-7-meilleures-radios-en-ligne-pour-vibrer-au-rythme-du-slam-et-du-spoken-word","status":"publish","type":"post","link":"https:\/\/slams.fr\/blog\/a-la-une\/les-7-meilleures-radios-en-ligne-pour-vibrer-au-rythme-du-slam-et-du-spoken-word\/","title":{"rendered":"Les 7 meilleures radios en ligne pour vibrer au rythme du slam et du spoken word"},"content":{"rendered":"<h1>Les 7 meilleures radios en ligne pour vibrer au rythme du slam et du spoken word<\/h1>\n<h2>Panorama du mouvement slam et spoken word dans l\u2019univers radiophonique<\/h2>\n<p>L\u2019essor du <strong>slam<\/strong> et du <strong>spoken word<\/strong> bouleverse le paysage radiophonique, en offrant un espace in\u00e9dit d\u2019expression par la parole. Loin des formats conventionnels, ces genres valorisent l\u2019<u>\u00e9criture perform\u00e9e<\/u>, alternant po\u00e9sie a cappella, improvisation et narration port\u00e9e par le rythme des mots ou la musicalit\u00e9 de l\u2019instant. Les radios en ligne d\u00e9di\u00e9es \u00e0 ces genres se distinguent par des <strong>programmes ax\u00e9s sur la d\u00e9couverte de la sc\u00e8ne \u00e9mergente<\/strong>, favorisant la diffusion de textes in\u00e9dits et d\u2019artistes en qu\u00eate de reconnaissance.<\/p>\n<ul>\n<li>Les radios sp\u00e9cialis\u00e9es proposent des sessions de <strong>micros ouverts<\/strong> pour valoriser la diversit\u00e9 des voix<\/li>\n<li>Beaucoup d\u2019entre elles archivent des performances, cr\u00e9ant une m\u00e9moire vivante des \u00e9volutions stylistiques<\/li>\n<li>La rencontre entre po\u00e8tes, MCs et auditeurs donne naissance \u00e0 une <strong>communaut\u00e9 dynamique<\/strong> o\u00f9 l\u2019\u00e9change reste au c\u0153ur de la d\u00e9marche<\/li>\n<\/ul>\n<p>Nous observons que ces plateformes jouent un r\u00f4le central dans le rayonnement des nouvelles \u00e9critures, en ouvrant la sc\u00e8ne \u00e0 des talents pluriels et en favorisant l\u2019\u00e9closion d\u2019une <u>culture orale contemporaine<\/u> qui ne cesse de se renouveler.<\/p>\n<h2>SLAM! Radio\u00a0: la r\u00e9f\u00e9rence europ\u00e9enne du format<\/h2>\n<p>Parmi les radios qui s\u2019imposent comme des r\u00e9f\u00e9rences majeures, <strong>SLAM! Radio<\/strong> se taille une place de choix sur la sc\u00e8ne europ\u00e9enne. Bas\u00e9e aux Pays-Bas et disponible en ligne gratuitement, elle propose une grille vari\u00e9e qui conjugue <u>sessions de slam en direct<\/u>, <strong>house<\/strong> contemporaine et <strong>pop urbaine<\/strong>. Sa programmation est con\u00e7ue pour refl\u00e9ter la vitalit\u00e9 de la sc\u00e8ne slam, en offrant aussi bien des morceaux musicaux que des plages enti\u00e8rement consacr\u00e9es \u00e0 la po\u00e9sie d\u00e9clam\u00e9e.<\/p>\n<ul>\n<li><strong>SLAM! NON STOP<\/strong>\u00a0: un canal d\u00e9di\u00e9 \u00e0 la diffusion continue de cr\u00e9ations slam et spoken word<\/li>\n<li>Des \u00e9missions sp\u00e9ciales ax\u00e9es sur les nouveaut\u00e9s et les performances d\u2019artistes internationaux<\/li>\n<li>Une interface intuitive permettant de naviguer ais\u00e9ment entre les diff\u00e9rents genres et ambiances<\/li>\n<\/ul>\n<p>S\u2019appuyant sur une direction artistique ambitieuse, SLAM! Radio se distingue par sa capacit\u00e9 \u00e0 cr\u00e9er des ponts entre cultures et g\u00e9n\u00e9rations, en rendant accessible un <u>panorama \u00e9clectique du slam europ\u00e9en<\/u>. Son rayonnement s\u2019\u00e9tend au-del\u00e0 des fronti\u00e8res, faisant d\u2019elle un point d\u2019entr\u00e9e incontournable pour toute personne souhaitant explorer cet univers sonore.<\/p>\n<h2>Kiosk Radio et la sc\u00e8ne spoken word \u00e9mergente<\/h2>\n<p>Bruxelles occupe une place singuli\u00e8re dans la diffusion du spoken word gr\u00e2ce \u00e0 <strong>Kiosk Radio<\/strong>. Cette station, implant\u00e9e dans le parc Royal, met l\u2019accent sur les <u>\u00e9critures po\u00e9tiques perform\u00e9es<\/u> \u00e0 travers des rendez-vous comme \u00ab\u00a0<strong>Slow Ye Down<\/strong>\u00a0\u00bb ou \u00ab\u00a0<strong>Lunch Poems<\/strong>\u00a0\u00bb. Ces \u00e9missions r\u00e9unissent des personnalit\u00e9s vari\u00e9es, allant de figures reconnues \u00e0 des voix montantes issues de la sc\u00e8ne urbaine europ\u00e9enne.<\/p>\n<ul>\n<li>La programmation valorise l\u2019exp\u00e9rimentation entre texte et musique, souvent en pr\u00e9sence d\u2019invit\u00e9s prestiges<\/li>\n<li>Des sessions en direct permettent de capter l\u2019\u00e9nergie du <strong>spoken word<\/strong> contemporain, ponctu\u00e9es d\u2019improvisations et de lectures engag\u00e9es<\/li>\n<li>Un espace d\u2019exposition pour les jeunes auteurs et autrices, qui trouvent sur Kiosk Radio une vitrine avant-gardiste<\/li>\n<\/ul>\n<p>Ce positionnement unique fait de Kiosk Radio un incubateur de tendances, o\u00f9 la <u>pluralit\u00e9 des approches narrative et musicale<\/u> nourrit l\u2019innovation stylistique et donne naissance \u00e0 de nouveaux modes de diffusion po\u00e9tique.<\/p>\n<h2>La diversit\u00e9 des styles\u00a0: radios th\u00e9matiques et genre fusion<\/h2>\n<p>Le paysage radiophonique d\u00e9di\u00e9 au <strong>slam<\/strong> et au <strong>spoken word<\/strong> s\u2019enrichit de plateformes qui mettent \u00e0 l\u2019honneur le m\u00e9tissage artistique. Ces radios, conscientes de la porosit\u00e9 entre les genres, privil\u00e9gient une programmation o\u00f9 l\u2019on croise aussi bien des prestations a cappella, que des collaborations musicales audacieuses.<\/p>\n<ul>\n<li>Des playlists hybrides qui associent <strong>\u00e9chantillonnages, musiques \u00e9lectroniques et improvisation vocale<\/strong><\/li>\n<li>La diffusion de <u>performances live<\/u> issues de festivals mondiaux, m\u00ealant po\u00e9sie, stand-up et cr\u00e9ation sonore<\/li>\n<li>Des espaces de d\u00e9couverte pour des formes in\u00e9dites\u00a0: slam jazz, spoken word \u00e9lectronique, po\u00e9sie urbaine symphonique<\/li>\n<\/ul>\n<p>Nous saluons ce pari \u00e9ditorial, v\u00e9ritable levier pour la valorisation de la cr\u00e9ation contemporaine, qui d\u00e9mocratise l\u2019acc\u00e8s \u00e0 une <strong>palette d\u2019univers sonores<\/strong> riches et mouvants. Un terrain d\u2019exploration in\u00e9puisable pour les auditeurs curieux de franchir les fronti\u00e8res des genres \u00e9tablis.<\/p>\n<h2>Les plateformes internationales \u00e0 la conqu\u00eate du slam<\/h2>\n<p>Face \u00e0 la mondialisation du spoken word et du slam, certaines radios se positionnent en v\u00e9ritables <u>carrefours culturels<\/u>. Gr\u00e2ce \u00e0 une offre multilingue et \u00e0 des partenariats avec des collectifs de po\u00e8tes, ces plateformes exposent la diversit\u00e9 des pratiques et favorisent la circulation des \u0153uvres entre continents.<\/p>\n<ul>\n<li>Des reportages exclusifs sur les <strong>championnats internationaux de slam<\/strong>, avec d\u00e9cryptage des tendances \u00e9mergentes<\/li>\n<li>La diffusion d\u2019enregistrements issus de sc\u00e8nes ouvertes new-yorkaises, berlinoises ou francophones<\/li>\n<li>Des d\u00e9bats th\u00e9matiques sur l\u2019\u00e9volution du <strong>spoken word<\/strong>, son ancrage dans l\u2019actualit\u00e9 sociale et politique<\/li>\n<\/ul>\n<p>Ce regard transversal donne \u00e0 entendre la richesse d\u2019un mouvement qui s\u2019exporte, tout en mettant en lumi\u00e8re les singularit\u00e9s r\u00e9gionales et les croisements de styles qui font la vitalit\u00e9 du slam mondial. Nous consid\u00e9rons ces plateformes comme des relais essentiels pour l\u2019\u00e9change interculturel et la valorisation de la <u>cr\u00e9ation po\u00e9tique globale<\/u>.<\/p>\n<h2>Communaut\u00e9s radiophoniques et sc\u00e8nes ouvertes num\u00e9riques<\/h2>\n<p>L\u2019un des atouts majeurs des radios en ligne r\u00e9side dans leur capacit\u00e9 \u00e0 f\u00e9d\u00e9rer des <strong>communaut\u00e9s interactives<\/strong>. Plusieurs sites offrent des espaces participatifs o\u00f9 chaque slameur ou slameuse peut soumettre ses textes, partager ses cr\u00e9ations audio, voire intervenir directement en direct lors de sessions de sc\u00e8ne ouverte.<\/p>\n<ul>\n<li>Des concours r\u00e9guliers invitent les nouveaux talents \u00e0 se confronter aux artistes confirm\u00e9s<\/li>\n<li>Des ateliers d\u2019\u00e9criture et d\u2019improvisation sont organis\u00e9s, anim\u00e9s par des mentors issus du milieu<\/li>\n<li>La critique constructive et l\u2019\u00e9change de retours personnalis\u00e9s encouragent la progression de chaque membre<\/li>\n<\/ul>\n<p>Ces initiatives participatives contribuent \u00e0 la formation de r\u00e9seaux engag\u00e9s, o\u00f9 l\u2019entraide domine, tout en garantissant la vitalit\u00e9 et le renouvellement constant de la sc\u00e8ne. Nous percevons dans cette ouverture num\u00e9rique une cl\u00e9 du succ\u00e8s pour l\u2019\u00e9mergence de nouvelles g\u00e9n\u00e9rations d\u2019auteurs et l\u2019affirmation d\u2019une <u>culture orale plurielle et inclusive<\/u>.<\/p>\n<h2>L\u2019impact des radios en ligne sur la reconnaissance du slam<\/h2>\n<p>Les radios sp\u00e9cialis\u00e9es jouent un r\u00f4le structurant dans la l\u00e9gitimation du <strong>slam<\/strong> et du <strong>spoken word<\/strong> en tant que formes d\u2019art majeures, au m\u00eame titre que le rap ou la po\u00e9sie \u00e9crite. Par la diffusion continue de <u>cr\u00e9ations originales<\/u> et de <strong>playlists th\u00e9matiques<\/strong>, elles offrent une visibilit\u00e9 accrue aux artistes et contribuent \u00e0 la professionnalisation des pratiques.<\/p>\n<ul>\n<li>La m\u00e9diatisation de performances \u00e9claire des parcours atypiques et incite \u00e0 la d\u00e9couverte de nouveaux horizons stylistiques<\/li>\n<li>Les collaborations avec des festivals et institutions culturelles renforcent la pr\u00e9sence du slam sur la sc\u00e8ne publique<\/li>\n<li>L\u2019acc\u00e8s facilit\u00e9 \u00e0 des archives sonores et \u00e0 des podcasts sp\u00e9cialis\u00e9s enrichit la compr\u00e9hension du mouvement et de son \u00e9volution<\/li>\n<\/ul>\n<p>Nous estimons que cette dynamique de reconnaissance s\u2019appuie sur l\u2019engagement continu des plateformes, qui cr\u00e9ent un lien fort entre les artistes, leurs publics et les acteurs du secteur culturel. L\u2019impact de ces radios se mesure aussi \u00e0 leur capacit\u00e9 \u00e0 faire du slam un vecteur de transformation sociale et d\u2019<u>expression citoyenne<\/u>, tout en r\u00e9veillant le go\u00fbt des mots et la puissance de la parole partag\u00e9e.<\/p>\n","protected":false},"excerpt":{"rendered":"","protected":false},"author":34,"featured_media":7651,"comment_status":"open","ping_status":"open","sticky":false,"template":"","format":"standard","meta":{"_acf_changed":false,"manual_indexmenow":false,"indexmenow_id_project":0,"footnotes":""},"categories":[1],"tags":[4620,4601,4608],"class_list":["post-7483","post","type-post","status-publish","format-standard","has-post-thumbnail","hentry","category-a-la-une","tag-radios-en-ligne","tag-slam-poetry","tag-spoken-word","generate-columns","tablet-grid-50","mobile-grid-100","grid-parent","grid-25"],"acf":[],"yoast_head":"<!-- This site is optimized with the Yoast SEO Premium plugin v21.3 (Yoast SEO v26.5) - https:\/\/yoast.com\/wordpress\/plugins\/seo\/ -->\n<title>7 radios en ligne pour le slam et le spoken word<\/title>\n<meta name=\"description\" content=\"L\u2019essor du slam et du spoken word bouleverse le paysage radiophonique, en offrant un espace in\u00e9dit d\u2019expression par la parole.\" \/>\n<meta name=\"robots\" content=\"index, follow, max-snippet:-1, max-image-preview:large, max-video-preview:-1\" \/>\n<link rel=\"canonical\" href=\"https:\/\/slams.fr\/blog\/a-la-une\/les-7-meilleures-radios-en-ligne-pour-vibrer-au-rythme-du-slam-et-du-spoken-word\/\" \/>\n<meta property=\"og:locale\" content=\"fr_FR\" \/>\n<meta property=\"og:type\" content=\"article\" \/>\n<meta property=\"og:title\" content=\"7 radios en ligne pour le slam et le spoken word\" \/>\n<meta property=\"og:description\" content=\"L\u2019essor du slam et du spoken word bouleverse le paysage radiophonique, en offrant un espace in\u00e9dit d\u2019expression par la parole.\" \/>\n<meta property=\"og:url\" content=\"https:\/\/slams.fr\/blog\/a-la-une\/les-7-meilleures-radios-en-ligne-pour-vibrer-au-rythme-du-slam-et-du-spoken-word\/\" \/>\n<meta property=\"og:site_name\" content=\"slams\" \/>\n<meta property=\"og:image\" content=\"https:\/\/slams.fr\/blog\/wp-content\/uploads\/2025\/07\/sdxl-beb124df28aa203355ef8d63e114885d-scaled.png\" \/>\n\t<meta property=\"og:image:width\" content=\"1200\" \/>\n\t<meta property=\"og:image:height\" content=\"500\" \/>\n\t<meta property=\"og:image:type\" content=\"image\/png\" \/>\n<meta name=\"author\" content=\"Rapha\u00ebl D.\" \/>\n<meta name=\"twitter:card\" content=\"summary_large_image\" \/>\n<script type=\"application\/ld+json\" class=\"yoast-schema-graph\">{\"@context\":\"https:\/\/schema.org\",\"@graph\":[{\"@type\":\"NewsArticle\",\"@id\":\"https:\/\/slams.fr\/blog\/a-la-une\/les-7-meilleures-radios-en-ligne-pour-vibrer-au-rythme-du-slam-et-du-spoken-word\/#article\",\"isPartOf\":{\"@id\":\"https:\/\/slams.fr\/blog\/a-la-une\/les-7-meilleures-radios-en-ligne-pour-vibrer-au-rythme-du-slam-et-du-spoken-word\/\"},\"author\":{\"name\":\"Rapha\u00ebl D.\",\"@id\":\"https:\/\/slams.fr\/blog\/#\/schema\/person\/3c864cdc320801e3db34b663e7e3f816\"},\"headline\":\"Les 7 meilleures radios en ligne pour vibrer au rythme du slam et du spoken word\",\"datePublished\":\"2025-06-14T20:22:13+00:00\",\"mainEntityOfPage\":{\"@id\":\"https:\/\/slams.fr\/blog\/a-la-une\/les-7-meilleures-radios-en-ligne-pour-vibrer-au-rythme-du-slam-et-du-spoken-word\/\"},\"wordCount\":1301,\"commentCount\":0,\"publisher\":{\"@id\":\"https:\/\/slams.fr\/blog\/#organization\"},\"image\":{\"@id\":\"https:\/\/slams.fr\/blog\/a-la-une\/les-7-meilleures-radios-en-ligne-pour-vibrer-au-rythme-du-slam-et-du-spoken-word\/#primaryimage\"},\"thumbnailUrl\":\"https:\/\/slams.fr\/blog\/wp-content\/uploads\/2025\/07\/sdxl-beb124df28aa203355ef8d63e114885d-scaled.png\",\"keywords\":[\"radios en ligne\",\"slam poetry\",\"spoken word\"],\"articleSection\":[\"\u00c0 la une\"],\"inLanguage\":\"fr-FR\",\"potentialAction\":[{\"@type\":\"CommentAction\",\"name\":\"Comment\",\"target\":[\"https:\/\/slams.fr\/blog\/a-la-une\/les-7-meilleures-radios-en-ligne-pour-vibrer-au-rythme-du-slam-et-du-spoken-word\/#respond\"]}]},{\"@type\":\"WebPage\",\"@id\":\"https:\/\/slams.fr\/blog\/a-la-une\/les-7-meilleures-radios-en-ligne-pour-vibrer-au-rythme-du-slam-et-du-spoken-word\/\",\"url\":\"https:\/\/slams.fr\/blog\/a-la-une\/les-7-meilleures-radios-en-ligne-pour-vibrer-au-rythme-du-slam-et-du-spoken-word\/\",\"name\":\"7 radios en ligne pour le slam et le spoken word\",\"isPartOf\":{\"@id\":\"https:\/\/slams.fr\/blog\/#website\"},\"primaryImageOfPage\":{\"@id\":\"https:\/\/slams.fr\/blog\/a-la-une\/les-7-meilleures-radios-en-ligne-pour-vibrer-au-rythme-du-slam-et-du-spoken-word\/#primaryimage\"},\"image\":{\"@id\":\"https:\/\/slams.fr\/blog\/a-la-une\/les-7-meilleures-radios-en-ligne-pour-vibrer-au-rythme-du-slam-et-du-spoken-word\/#primaryimage\"},\"thumbnailUrl\":\"https:\/\/slams.fr\/blog\/wp-content\/uploads\/2025\/07\/sdxl-beb124df28aa203355ef8d63e114885d-scaled.png\",\"datePublished\":\"2025-06-14T20:22:13+00:00\",\"description\":\"L\u2019essor du slam et du spoken word bouleverse le paysage radiophonique, en offrant un espace in\u00e9dit d\u2019expression par la parole.\",\"inLanguage\":\"fr-FR\",\"potentialAction\":[{\"@type\":\"ReadAction\",\"target\":[\"https:\/\/slams.fr\/blog\/a-la-une\/les-7-meilleures-radios-en-ligne-pour-vibrer-au-rythme-du-slam-et-du-spoken-word\/\"]}]},{\"@type\":\"ImageObject\",\"inLanguage\":\"fr-FR\",\"@id\":\"https:\/\/slams.fr\/blog\/a-la-une\/les-7-meilleures-radios-en-ligne-pour-vibrer-au-rythme-du-slam-et-du-spoken-word\/#primaryimage\",\"url\":\"https:\/\/slams.fr\/blog\/wp-content\/uploads\/2025\/07\/sdxl-beb124df28aa203355ef8d63e114885d-scaled.png\",\"contentUrl\":\"https:\/\/slams.fr\/blog\/wp-content\/uploads\/2025\/07\/sdxl-beb124df28aa203355ef8d63e114885d-scaled.png\",\"width\":1200,\"height\":500},{\"@type\":\"WebSite\",\"@id\":\"https:\/\/slams.fr\/blog\/#website\",\"url\":\"https:\/\/slams.fr\/blog\/\",\"name\":\"slams.fr\",\"description\":\"Slams, l&#039;\u00e9nergie des mots en action\",\"publisher\":{\"@id\":\"https:\/\/slams.fr\/blog\/#organization\"},\"alternateName\":\"Slams, l'\u00e9nergie des mots en action\",\"potentialAction\":[{\"@type\":\"SearchAction\",\"target\":{\"@type\":\"EntryPoint\",\"urlTemplate\":\"https:\/\/slams.fr\/blog\/?s={search_term_string}\"},\"query-input\":{\"@type\":\"PropertyValueSpecification\",\"valueRequired\":true,\"valueName\":\"search_term_string\"}}],\"inLanguage\":\"fr-FR\"},{\"@type\":\"Organization\",\"@id\":\"https:\/\/slams.fr\/blog\/#organization\",\"name\":\"Foretsensations.fr\",\"url\":\"https:\/\/slams.fr\/blog\/\",\"logo\":{\"@type\":\"ImageObject\",\"inLanguage\":\"fr-FR\",\"@id\":\"https:\/\/slams.fr\/blog\/#\/schema\/logo\/image\/\",\"url\":\"https:\/\/slams.fr\/blog\/wp-content\/uploads\/2026\/07\/logo-auto-1.png\",\"contentUrl\":\"https:\/\/slams.fr\/blog\/wp-content\/uploads\/2026\/07\/logo-auto-1.png\",\"width\":1024,\"height\":1024,\"caption\":\"Foretsensations.fr\"},\"image\":{\"@id\":\"https:\/\/slams.fr\/blog\/#\/schema\/logo\/image\/\"}},{\"@type\":\"Person\",\"@id\":\"https:\/\/slams.fr\/blog\/#\/schema\/person\/3c864cdc320801e3db34b663e7e3f816\",\"name\":\"Rapha\u00ebl D.\",\"image\":{\"@type\":\"ImageObject\",\"inLanguage\":\"fr-FR\",\"@id\":\"https:\/\/slams.fr\/blog\/#\/schema\/person\/image\/\",\"url\":\"https:\/\/slams.fr\/blog\/wp-content\/uploads\/2026\/06\/persona_raphael-d-96x96.jpg\",\"contentUrl\":\"https:\/\/slams.fr\/blog\/wp-content\/uploads\/2026\/06\/persona_raphael-d-96x96.jpg\",\"caption\":\"Rapha\u00ebl D.\"},\"description\":\"La culture est mon terrain de jeu depuis une dizaine d'ann\u00e9es : arts visuels, s\u00e9ries, cr\u00e9ation et tout ce qui nourrit l'imaginaire. J'\u00e9cris aussi bien sur l'actualit\u00e9 des \u0153uvres que sur les coulisses de la cr\u00e9ation, avec l'envie de relier l'amateur curieux \u00e0 des univers parfois jug\u00e9s intimidants. J'aime analyser une s\u00e9rie ou une d\u00e9marche artistique sans p\u00e9dantisme, replacer une \u0153uvre dans son contexte et donner des cl\u00e9s de lecture accessibles. Avant de publier, je v\u00e9rifie mes r\u00e9f\u00e9rences, je recoupe les sources et je distingue clairement le fait de mon interpr\u00e9tation subjective. Je crois qu'une critique vaut surtout par les arguments qu'elle expose, pas par la sentence qu'elle rend. Mon angle : transmettre l'envie de d\u00e9couvrir, de regarder autrement et de se forger son propre go\u00fbt. La culture n'appartient pas qu'aux initi\u00e9s, et c'est tout l'enjeu de mon \u00e9criture.\",\"url\":\"https:\/\/slams.fr\/blog\/auteur\/raphael-d\/\",\"jobTitle\":\"R\u00e9dacteur en chef \u00b7 Culture & Cr\u00e9ation\",\"knowsAbout\":[\"Culture\",\"Cr\u00e9ation\"],\"email\":\"raphael.d@a-l-asso-de-l-art.fr\"}]}<\/script>\n<!-- \/ Yoast SEO Premium plugin. -->","yoast_head_json":{"title":"7 radios en ligne pour le slam et le spoken word","description":"L\u2019essor du slam et du spoken word bouleverse le paysage radiophonique, en offrant un espace in\u00e9dit d\u2019expression par la parole.","robots":{"index":"index","follow":"follow","max-snippet":"max-snippet:-1","max-image-preview":"max-image-preview:large","max-video-preview":"max-video-preview:-1"},"canonical":"https:\/\/slams.fr\/blog\/a-la-une\/les-7-meilleures-radios-en-ligne-pour-vibrer-au-rythme-du-slam-et-du-spoken-word\/","og_locale":"fr_FR","og_type":"article","og_title":"7 radios en ligne pour le slam et le spoken word","og_description":"L\u2019essor du slam et du spoken word bouleverse le paysage radiophonique, en offrant un espace in\u00e9dit d\u2019expression par la parole.","og_url":"https:\/\/slams.fr\/blog\/a-la-une\/les-7-meilleures-radios-en-ligne-pour-vibrer-au-rythme-du-slam-et-du-spoken-word\/","og_site_name":"slams","og_image":[{"width":1200,"height":500,"url":"https:\/\/slams.fr\/blog\/wp-content\/uploads\/2025\/07\/sdxl-beb124df28aa203355ef8d63e114885d-scaled.png","type":"image\/png"}],"author":"Rapha\u00ebl D.","twitter_card":"summary_large_image","schema":{"@context":"https:\/\/schema.org","@graph":[{"@type":"NewsArticle","@id":"https:\/\/slams.fr\/blog\/a-la-une\/les-7-meilleures-radios-en-ligne-pour-vibrer-au-rythme-du-slam-et-du-spoken-word\/#article","isPartOf":{"@id":"https:\/\/slams.fr\/blog\/a-la-une\/les-7-meilleures-radios-en-ligne-pour-vibrer-au-rythme-du-slam-et-du-spoken-word\/"},"author":{"name":"Rapha\u00ebl D.","@id":"https:\/\/slams.fr\/blog\/#\/schema\/person\/3c864cdc320801e3db34b663e7e3f816"},"headline":"Les 7 meilleures radios en ligne pour vibrer au rythme du slam et du spoken word","datePublished":"2025-06-14T20:22:13+00:00","mainEntityOfPage":{"@id":"https:\/\/slams.fr\/blog\/a-la-une\/les-7-meilleures-radios-en-ligne-pour-vibrer-au-rythme-du-slam-et-du-spoken-word\/"},"wordCount":1301,"commentCount":0,"publisher":{"@id":"https:\/\/slams.fr\/blog\/#organization"},"image":{"@id":"https:\/\/slams.fr\/blog\/a-la-une\/les-7-meilleures-radios-en-ligne-pour-vibrer-au-rythme-du-slam-et-du-spoken-word\/#primaryimage"},"thumbnailUrl":"https:\/\/slams.fr\/blog\/wp-content\/uploads\/2025\/07\/sdxl-beb124df28aa203355ef8d63e114885d-scaled.png","keywords":["radios en ligne","slam poetry","spoken word"],"articleSection":["\u00c0 la une"],"inLanguage":"fr-FR","potentialAction":[{"@type":"CommentAction","name":"Comment","target":["https:\/\/slams.fr\/blog\/a-la-une\/les-7-meilleures-radios-en-ligne-pour-vibrer-au-rythme-du-slam-et-du-spoken-word\/#respond"]}]},{"@type":"WebPage","@id":"https:\/\/slams.fr\/blog\/a-la-une\/les-7-meilleures-radios-en-ligne-pour-vibrer-au-rythme-du-slam-et-du-spoken-word\/","url":"https:\/\/slams.fr\/blog\/a-la-une\/les-7-meilleures-radios-en-ligne-pour-vibrer-au-rythme-du-slam-et-du-spoken-word\/","name":"7 radios en ligne pour le slam et le spoken word","isPartOf":{"@id":"https:\/\/slams.fr\/blog\/#website"},"primaryImageOfPage":{"@id":"https:\/\/slams.fr\/blog\/a-la-une\/les-7-meilleures-radios-en-ligne-pour-vibrer-au-rythme-du-slam-et-du-spoken-word\/#primaryimage"},"image":{"@id":"https:\/\/slams.fr\/blog\/a-la-une\/les-7-meilleures-radios-en-ligne-pour-vibrer-au-rythme-du-slam-et-du-spoken-word\/#primaryimage"},"thumbnailUrl":"https:\/\/slams.fr\/blog\/wp-content\/uploads\/2025\/07\/sdxl-beb124df28aa203355ef8d63e114885d-scaled.png","datePublished":"2025-06-14T20:22:13+00:00","description":"L\u2019essor du slam et du spoken word bouleverse le paysage radiophonique, en offrant un espace in\u00e9dit d\u2019expression par la parole.","inLanguage":"fr-FR","potentialAction":[{"@type":"ReadAction","target":["https:\/\/slams.fr\/blog\/a-la-une\/les-7-meilleures-radios-en-ligne-pour-vibrer-au-rythme-du-slam-et-du-spoken-word\/"]}]},{"@type":"ImageObject","inLanguage":"fr-FR","@id":"https:\/\/slams.fr\/blog\/a-la-une\/les-7-meilleures-radios-en-ligne-pour-vibrer-au-rythme-du-slam-et-du-spoken-word\/#primaryimage","url":"https:\/\/slams.fr\/blog\/wp-content\/uploads\/2025\/07\/sdxl-beb124df28aa203355ef8d63e114885d-scaled.png","contentUrl":"https:\/\/slams.fr\/blog\/wp-content\/uploads\/2025\/07\/sdxl-beb124df28aa203355ef8d63e114885d-scaled.png","width":1200,"height":500},{"@type":"WebSite","@id":"https:\/\/slams.fr\/blog\/#website","url":"https:\/\/slams.fr\/blog\/","name":"slams.fr","description":"Slams, l&#039;\u00e9nergie des mots en action","publisher":{"@id":"https:\/\/slams.fr\/blog\/#organization"},"alternateName":"Slams, l'\u00e9nergie des mots en action","potentialAction":[{"@type":"SearchAction","target":{"@type":"EntryPoint","urlTemplate":"https:\/\/slams.fr\/blog\/?s={search_term_string}"},"query-input":{"@type":"PropertyValueSpecification","valueRequired":true,"valueName":"search_term_string"}}],"inLanguage":"fr-FR"},{"@type":"Organization","@id":"https:\/\/slams.fr\/blog\/#organization","name":"Foretsensations.fr","url":"https:\/\/slams.fr\/blog\/","logo":{"@type":"ImageObject","inLanguage":"fr-FR","@id":"https:\/\/slams.fr\/blog\/#\/schema\/logo\/image\/","url":"https:\/\/slams.fr\/blog\/wp-content\/uploads\/2026\/07\/logo-auto-1.png","contentUrl":"https:\/\/slams.fr\/blog\/wp-content\/uploads\/2026\/07\/logo-auto-1.png","width":1024,"height":1024,"caption":"Foretsensations.fr"},"image":{"@id":"https:\/\/slams.fr\/blog\/#\/schema\/logo\/image\/"}},{"@type":"Person","@id":"https:\/\/slams.fr\/blog\/#\/schema\/person\/3c864cdc320801e3db34b663e7e3f816","name":"Rapha\u00ebl D.","image":{"@type":"ImageObject","inLanguage":"fr-FR","@id":"https:\/\/slams.fr\/blog\/#\/schema\/person\/image\/","url":"https:\/\/slams.fr\/blog\/wp-content\/uploads\/2026\/06\/persona_raphael-d-96x96.jpg","contentUrl":"https:\/\/slams.fr\/blog\/wp-content\/uploads\/2026\/06\/persona_raphael-d-96x96.jpg","caption":"Rapha\u00ebl D."},"description":"La culture est mon terrain de jeu depuis une dizaine d'ann\u00e9es : arts visuels, s\u00e9ries, cr\u00e9ation et tout ce qui nourrit l'imaginaire. J'\u00e9cris aussi bien sur l'actualit\u00e9 des \u0153uvres que sur les coulisses de la cr\u00e9ation, avec l'envie de relier l'amateur curieux \u00e0 des univers parfois jug\u00e9s intimidants. J'aime analyser une s\u00e9rie ou une d\u00e9marche artistique sans p\u00e9dantisme, replacer une \u0153uvre dans son contexte et donner des cl\u00e9s de lecture accessibles. Avant de publier, je v\u00e9rifie mes r\u00e9f\u00e9rences, je recoupe les sources et je distingue clairement le fait de mon interpr\u00e9tation subjective. Je crois qu'une critique vaut surtout par les arguments qu'elle expose, pas par la sentence qu'elle rend. Mon angle : transmettre l'envie de d\u00e9couvrir, de regarder autrement et de se forger son propre go\u00fbt. La culture n'appartient pas qu'aux initi\u00e9s, et c'est tout l'enjeu de mon \u00e9criture.","url":"https:\/\/slams.fr\/blog\/auteur\/raphael-d\/","jobTitle":"R\u00e9dacteur en chef \u00b7 Culture & Cr\u00e9ation","knowsAbout":["Culture","Cr\u00e9ation"],"email":"raphael.d@a-l-asso-de-l-art.fr"}]}},"_links":{"self":[{"href":"https:\/\/slams.fr\/blog\/wp-json\/wp\/v2\/posts\/7483","targetHints":{"allow":["GET"]}}],"collection":[{"href":"https:\/\/slams.fr\/blog\/wp-json\/wp\/v2\/posts"}],"about":[{"href":"https:\/\/slams.fr\/blog\/wp-json\/wp\/v2\/types\/post"}],"author":[{"embeddable":true,"href":"https:\/\/slams.fr\/blog\/wp-json\/wp\/v2\/users\/34"}],"replies":[{"embeddable":true,"href":"https:\/\/slams.fr\/blog\/wp-json\/wp\/v2\/comments?post=7483"}],"version-history":[{"count":0,"href":"https:\/\/slams.fr\/blog\/wp-json\/wp\/v2\/posts\/7483\/revisions"}],"wp:featuredmedia":[{"embeddable":true,"href":"https:\/\/slams.fr\/blog\/wp-json\/wp\/v2\/media\/7651"}],"wp:attachment":[{"href":"https:\/\/slams.fr\/blog\/wp-json\/wp\/v2\/media?parent=7483"}],"wp:term":[{"taxonomy":"category","embeddable":true,"href":"https:\/\/slams.fr\/blog\/wp-json\/wp\/v2\/categories?post=7483"},{"taxonomy":"post_tag","embeddable":true,"href":"https:\/\/slams.fr\/blog\/wp-json\/wp\/v2\/tags?post=7483"}],"curies":[{"name":"wp","href":"https:\/\/api.w.org\/{rel}","templated":true}]}}