{"id":7486,"date":"2025-06-14T22:22:52","date_gmt":"2025-06-14T20:22:52","guid":{"rendered":"https:\/\/slams.fr\/blog\/a-la-une\/les-7-meilleures-radios-en-ligne-pour-vibrer-au-rythme-du-slam-et-du-spoken-word-2\/"},"modified":"2025-06-14T22:22:52","modified_gmt":"2025-06-14T20:22:52","slug":"les-7-meilleures-radios-en-ligne-pour-vibrer-au-rythme-du-slam-et-du-spoken-word-2","status":"publish","type":"post","link":"https:\/\/slams.fr\/blog\/a-la-une\/les-7-meilleures-radios-en-ligne-pour-vibrer-au-rythme-du-slam-et-du-spoken-word-2\/","title":{"rendered":"Les 7 meilleures radios en ligne pour vibrer au rythme du slam et du spoken word"},"content":{"rendered":"<h1>Les 7 meilleures radios en ligne pour vibrer au rythme du slam et du spoken word<\/h1>\n<h2>Panorama du mouvement slam et spoken word dans l\u2019univers radiophonique<\/h2>\n<p>Le <strong>slam<\/strong> et le <strong>spoken word<\/strong> occupent une place \u00e0 part au sein des <strong>radios en ligne<\/strong> sp\u00e9cialis\u00e9es. Ces genres trouvent leur essence dans l\u2019<u>art de la performance po\u00e9tique<\/u> \u2014 le <strong>slam<\/strong> privil\u00e9giant la force du texte \u00e0 voix nue et le <strong>spoken word<\/strong> fusionnant le r\u00e9cit avec l\u2019univers sonore. Les radios d\u00e9di\u00e9es, loin de n\u2019\u00eatre que des diffuseurs passifs, deviennent de v\u00e9ritables plateformes actives, propulsant les cr\u00e9ations de <strong>po\u00e8tes contemporains<\/strong> et d\u2019<strong>artistes de la parole<\/strong> sur la sc\u00e8ne num\u00e9rique. <\/p>\n<ul>\n<li><strong>Transmission des textes contemporains<\/strong> : ces radios offrent une large place \u00e0 l\u2019innovation textuelle et sonore, valorisant les \u00e9critures urbaines.<\/li>\n<li><strong>Sc\u00e8nes \u00e9mergentes<\/strong> : elles offrent aux jeunes talents et collectifs la possibilit\u00e9 d\u2019acc\u00e9der \u00e0 une audience internationale.<\/li>\n<li><strong>Archives vivantes<\/strong> : leur programmation contribue \u00e0 pr\u00e9server la m\u00e9moire des voix et des textes de la sc\u00e8ne actuelle.<\/li>\n<\/ul>\n<p><u>Ce dynamisme radiophonique<\/u> participe \u00e0 faire \u00e9voluer les perceptions de ces genres, tout en offrant des opportunit\u00e9s in\u00e9dites \u00e0 des artistes \u00e9loign\u00e9s des circuits traditionnels.<\/p>\n<h2>SLAM! Radio\u00a0: la r\u00e9f\u00e9rence europ\u00e9enne du format<\/h2>\n<p>Difficile de passer \u00e0 c\u00f4t\u00e9 de <strong>SLAM! Radio<\/strong>, reconnue comme une r\u00e9f\u00e9rence majeure en Europe. Gr\u00e2ce \u00e0 un format ouvert et des playlists \u00e9clectiques, la station propose une immersion dans la diversit\u00e9 du <strong>slam international<\/strong>. Bas\u00e9e aux Pays-Bas, elle a su s\u00e9duire un large public, amateur de <strong>musique urbaine<\/strong> et de <strong>performances po\u00e9tiques<\/strong>. Sa force\u00a0? Un \u00e9ventail de canaux sp\u00e9cialis\u00e9s, parmi lesquels <strong>SLAM! NON STOP<\/strong>, qui diffuse sans interruption des sessions m\u00ealant house, pop urbaine et passages d\u00e9di\u00e9s \u00e0 la po\u00e9sie scand\u00e9e.<\/p>\n<ul>\n<li><strong>Programmation vari\u00e9e<\/strong> \u2013 du <strong>slam pur<\/strong> jusqu\u2019aux exp\u00e9rimentations spoken word set sur des beats \u00e9lectroniques<\/li>\n<li><strong>Valorisation de la sc\u00e8ne n\u00e9erlandaise<\/strong> \u2013 tout en offrant une tribune aux artistes europ\u00e9ens et internationaux<\/li>\n<li><strong>Accessibilit\u00e9<\/strong> \u2013 \u00e9coute facilit\u00e9e sur ordinateur, mobile ou tablette, via diff\u00e9rents sites partenaires<\/li>\n<\/ul>\n<p><u>SLAM! Radio<\/u> brille par sa capacit\u00e9 \u00e0 servir de vitrine vivante pour les acteurs du slam contemporain, et \u00e0 faire rayonner ces voix dans tout l\u2019espace europ\u00e9en.<\/p>\n<h2>Kiosk Radio et la sc\u00e8ne spoken word \u00e9mergente<\/h2>\n<p><strong>Kiosk Radio<\/strong>, install\u00e9e \u00e0 Bruxelles, se distingue par une programmation curat\u00e9e autour de la <strong>cr\u00e9ation sonore<\/strong>, de la <strong>po\u00e9sie performative<\/strong> et du <strong>spoken word<\/strong>. L\u2019originalit\u00e9 de la station r\u00e9side dans son approche \u00e9ditoriale, ax\u00e9e sur l\u2019\u00e9clectisme et la mise en avant d\u2019artistes \u00e9mergents ou confirm\u00e9s. Des rendez-vous tels que \u00ab\u00a0<strong>Slow Ye Down<\/strong>\u00a0\u00bb ou \u00ab\u00a0<strong>Lunch Poems<\/strong>\u00a0\u00bb illustrent toute la richesse du genre\u00a0: chaque \u00e9mission est l\u2019occasion de d\u00e9couvrir des textes envo\u00fbtants, des collaborations in\u00e9dites et des influences puis\u00e9es tant dans la musique que dans la litt\u00e9rature contemporaine.<\/p>\n<ul>\n<li><strong>\u00c9missions sp\u00e9cialis\u00e9es<\/strong> \u2013 orient\u00e9es <u>spoken word pur<\/u> ou hybridations po\u00e9tiques musicales<\/li>\n<li><strong>D\u00e9couverte de collectifs<\/strong> \u2013 permettant \u00e0 des communaut\u00e9s d\u2019artistes de se construire et s\u2019exprimer<\/li>\n<li><strong>Ouverture internationale<\/strong> \u2013 la station accueille des voix du monde entier, favorisant l\u2019\u00e9mergence d\u2019une sc\u00e8ne transfrontali\u00e8re<\/li>\n<\/ul>\n<p>En proposant une <u>programmation exigeante, ancr\u00e9e dans l\u2019actualit\u00e9 de la sc\u00e8ne slam<\/u>, <strong>Kiosk Radio<\/strong> s\u2019impose comme un acteur cl\u00e9 pour tous ceux qui souhaitent explorer la diversit\u00e9 des expressions orales.<\/p>\n<h2>La diversit\u00e9 des styles\u00a0: radios th\u00e9matiques et genre fusion<\/h2>\n<p>Les <strong>radios th\u00e9matiques<\/strong> d\u00e9di\u00e9es au slam et au spoken word se d\u00e9marquent par leur capacit\u00e9 \u00e0 d\u00e9cloisonner le genre. Au fil de leur programmation, elles pr\u00e9sentent des prestations a cappella, des cr\u00e9ations musicales in\u00e9dites o\u00f9 la parole scand\u00e9e s\u2019entrelace \u00e0 l\u2019instrumentation, et des hybridations entre slam, jazz, hip-hop ou \u00e9lectro. Ce m\u00e9tissage, loin d\u2019\u00eatre superficiel, permet d\u2019explorer la <u>fronti\u00e8re poreuse entre r\u00e9cit et musique<\/u>, mettant en valeur la cr\u00e9ativit\u00e9 des artistes et la richesse des \u00e9critures urbaines.<\/p>\n<ul>\n<li><strong>Sessions live<\/strong> \u2013 enregistrement de performances en direct, immersion totale dans l\u2019intensit\u00e9 du moment<\/li>\n<li><strong>Compositions studio in\u00e9dites<\/strong> \u2013 d\u00e9couvertes de projets exp\u00e9rimentaux, explorant de nouveaux territoires sonores<\/li>\n<li><strong>Playlists hybrides<\/strong> \u2013 alternance entre spoken word pur, slam musicalis\u00e9, et morceaux instrumentaux inspir\u00e9s par la po\u00e9sie urbaine<\/li>\n<\/ul>\n<p>Ce travail de curation contribue \u00e0 \u00e9largir l\u2019audience du <strong>slam<\/strong>, tout en sensibilisant le public \u00e0 la richesse de ses diff\u00e9rentes facettes stylistiques.<\/p>\n<h2>Les plateformes internationales \u00e0 la conqu\u00eate du slam<\/h2>\n<p>Loin de se limiter \u00e0 un cadre local, les <strong>radios en ligne<\/strong> s\u2019affirment comme des ponts entre diff\u00e9rentes sc\u00e8nes nationales et internationales. \u00c0 travers leur grille de programmes, elles valorisent la <strong>diversit\u00e9 linguistique<\/strong> et culturelle du slam et du spoken word, permettant aux auditeurs de d\u00e9couvrir des championnats internationaux, des productions exclusives ou des interviews de figures majeures du mouvement.<\/p>\n<ul>\n<li><strong>Reportages sur des championnats<\/strong> \u2013 compte-rendus des \u00e9v\u00e9nements et performances marquantes \u00e0 travers le monde<\/li>\n<li><strong>Diffusion de cr\u00e9ations in\u00e9dites<\/strong> \u2013 opportunit\u00e9 de d\u00e9couvrir des textes rarement accessibles sur les plateformes classiques<\/li>\n<li><strong>D\u00e9bats sp\u00e9cialis\u00e9s<\/strong> \u2013 discussion sur les enjeux artistiques, l\u2019\u00e9volution du genre et ses perspectives<\/li>\n<\/ul>\n<p>Nous appr\u00e9cions particuli\u00e8rement cet aspect internationaliste, qui r\u00e9v\u00e8le la capacit\u00e9 des plateformes \u00e0 f\u00e9d\u00e9rer une communaut\u00e9 mondiale autour de la <u>po\u00e9sie vivante<\/u> et \u00e0 reconna\u00eetre la vitalit\u00e9 du genre au-del\u00e0 des fronti\u00e8res.<\/p>\n<h2>Communaut\u00e9s radiophoniques et sc\u00e8nes ouvertes num\u00e9riques<\/h2>\n<p>Certaines radios et sites web sp\u00e9cialis\u00e9s \u00e9largissent leur mission en proposant des <strong>sc\u00e8nes ouvertes virtuelles<\/strong>. Ces espaces invitent po\u00e8tes, slameurs et auditeurs \u00e0 participer activement \u00e0 la construction du contenu, via la soumission de textes ou l\u2019enregistrement de prestations pour diffusion \u00e0 l\u2019antenne. Il en r\u00e9sulte une dynamisation de la communaut\u00e9, une circulation acc\u00e9l\u00e9r\u00e9e des \u0153uvres et un enrichissement collectif des pratiques oratoires.<\/p>\n<ul>\n<li><strong>Appels \u00e0 projets<\/strong> \u2013 campagnes de r\u00e9colte de textes et performances, renouvelant sans cesse la programmation<\/li>\n<li><strong>Espaces interactifs<\/strong> \u2013 forums et groupes d\u2019\u00e9changes, facilitant le dialogue entre auteurs et public<\/li>\n<li><strong>Critiques constructives<\/strong> \u2013 retours sur les cr\u00e9ations, inspirant de nouvelles formes d\u2019\u00e9criture<\/li>\n<\/ul>\n<p><u>Cette dimension participative<\/u> s\u2019av\u00e8re essentielle pour garantir le renouvellement et l\u2019originalit\u00e9 du slam, tout en consolidant la solidarit\u00e9 entre passionn\u00e9s de la parole.<\/p>\n<h2>L\u2019impact des radios en ligne sur la reconnaissance du slam<\/h2>\n<p>L\u2019essor des <strong>radios en ligne<\/strong> d\u00e9di\u00e9es au slam et au spoken word a profond\u00e9ment transform\u00e9 la reconnaissance de ces arts. En diffusant en continu des <strong>cr\u00e9ations originales<\/strong>, des <strong>concerts exclusifs<\/strong> et des <strong>playlists th\u00e9matiques<\/strong>, elles contribuent \u00e0 faire du slam une forme artistique centrale des <u>\u00e9critures urbaines contemporaines<\/u>. Ce r\u00f4le de m\u00e9diation et de l\u00e9gitimation ouvre, selon nous, de nouveaux horizons aux artistes, tout en d\u00e9mocratisant l\u2019acc\u00e8s \u00e0 ce patrimoine sonore.<\/p>\n<ul>\n<li><strong>Soutien \u00e0 l\u2019\u00e9mergence de nouvelles voix<\/strong> \u2013 mise en avant des jeunes talents et des collectifs innovants<\/li>\n<li><strong>D\u00e9mocratisation de l\u2019acc\u00e8s<\/strong> \u2013 acc\u00e8s facilit\u00e9 pour le public non initi\u00e9 et les amateurs avertis<\/li>\n<li><strong>Renforcement du mouvement<\/strong> \u2013 dynamisation constante de la sc\u00e8ne, renouvellement des codes et des pratiques<\/li>\n<\/ul>\n<p>Le <u>r\u00f4le structurant<\/u> de ces radios ne fait plus d\u00e9bat\u00a0: elles sont d\u00e9sormais des acteurs incontournables du d\u00e9veloppement et de l\u2019affirmation du <strong>slam<\/strong> et du <strong>spoken word<\/strong> comme arts majeurs des grandes m\u00e9tropoles et des territoires \u00e9mergents.<\/p>\n","protected":false},"excerpt":{"rendered":"","protected":false},"author":34,"featured_media":7598,"comment_status":"open","ping_status":"open","sticky":false,"template":"","format":"standard","meta":{"_acf_changed":false,"manual_indexmenow":false,"indexmenow_id_project":0,"footnotes":""},"categories":[1],"tags":[4623,4526,4608],"class_list":["post-7486","post","type-post","status-publish","format-standard","has-post-thumbnail","hentry","category-a-la-une","tag-radio-en-ligne","tag-slam","tag-spoken-word","generate-columns","tablet-grid-50","mobile-grid-100","grid-parent","grid-25"],"acf":[],"yoast_head":"<!-- This site is optimized with the Yoast SEO Premium plugin v21.3 (Yoast SEO v26.5) - https:\/\/yoast.com\/wordpress\/plugins\/seo\/ -->\n<title>7 radios en ligne pour le slam et le spoken word<\/title>\n<meta name=\"description\" content=\"Le slam et le spoken word occupent une place \u00e0 part au sein des radios en ligne sp\u00e9cialis\u00e9es.\" \/>\n<meta name=\"robots\" content=\"index, follow, max-snippet:-1, max-image-preview:large, max-video-preview:-1\" \/>\n<link rel=\"canonical\" href=\"https:\/\/slams.fr\/blog\/a-la-une\/les-7-meilleures-radios-en-ligne-pour-vibrer-au-rythme-du-slam-et-du-spoken-word-2\/\" \/>\n<meta property=\"og:locale\" content=\"fr_FR\" \/>\n<meta property=\"og:type\" content=\"article\" \/>\n<meta property=\"og:title\" content=\"7 radios en ligne pour le slam et le spoken word\" \/>\n<meta property=\"og:description\" content=\"Le slam et le spoken word occupent une place \u00e0 part au sein des radios en ligne sp\u00e9cialis\u00e9es.\" \/>\n<meta property=\"og:url\" content=\"https:\/\/slams.fr\/blog\/a-la-une\/les-7-meilleures-radios-en-ligne-pour-vibrer-au-rythme-du-slam-et-du-spoken-word-2\/\" \/>\n<meta property=\"og:site_name\" content=\"slams\" \/>\n<meta property=\"og:image\" content=\"https:\/\/slams.fr\/blog\/wp-content\/uploads\/2025\/07\/sdxl-01a4df038a240fc3b338623999f16be0-scaled.png\" \/>\n\t<meta property=\"og:image:width\" content=\"1200\" \/>\n\t<meta property=\"og:image:height\" content=\"500\" \/>\n\t<meta property=\"og:image:type\" content=\"image\/png\" \/>\n<meta name=\"author\" content=\"Rapha\u00ebl D.\" \/>\n<meta name=\"twitter:card\" content=\"summary_large_image\" \/>\n<script type=\"application\/ld+json\" class=\"yoast-schema-graph\">{\"@context\":\"https:\/\/schema.org\",\"@graph\":[{\"@type\":\"NewsArticle\",\"@id\":\"https:\/\/slams.fr\/blog\/a-la-une\/les-7-meilleures-radios-en-ligne-pour-vibrer-au-rythme-du-slam-et-du-spoken-word-2\/#article\",\"isPartOf\":{\"@id\":\"https:\/\/slams.fr\/blog\/a-la-une\/les-7-meilleures-radios-en-ligne-pour-vibrer-au-rythme-du-slam-et-du-spoken-word-2\/\"},\"author\":{\"name\":\"Rapha\u00ebl D.\",\"@id\":\"https:\/\/slams.fr\/blog\/#\/schema\/person\/3c864cdc320801e3db34b663e7e3f816\"},\"headline\":\"Les 7 meilleures radios en ligne pour vibrer au rythme du slam et du spoken word\",\"datePublished\":\"2025-06-14T20:22:52+00:00\",\"mainEntityOfPage\":{\"@id\":\"https:\/\/slams.fr\/blog\/a-la-une\/les-7-meilleures-radios-en-ligne-pour-vibrer-au-rythme-du-slam-et-du-spoken-word-2\/\"},\"wordCount\":1252,\"commentCount\":0,\"publisher\":{\"@id\":\"https:\/\/slams.fr\/blog\/#organization\"},\"image\":{\"@id\":\"https:\/\/slams.fr\/blog\/a-la-une\/les-7-meilleures-radios-en-ligne-pour-vibrer-au-rythme-du-slam-et-du-spoken-word-2\/#primaryimage\"},\"thumbnailUrl\":\"https:\/\/slams.fr\/blog\/wp-content\/uploads\/2025\/07\/sdxl-01a4df038a240fc3b338623999f16be0-scaled.png\",\"keywords\":[\"radio en ligne\",\"Slam\",\"spoken word\"],\"articleSection\":[\"\u00c0 la une\"],\"inLanguage\":\"fr-FR\",\"potentialAction\":[{\"@type\":\"CommentAction\",\"name\":\"Comment\",\"target\":[\"https:\/\/slams.fr\/blog\/a-la-une\/les-7-meilleures-radios-en-ligne-pour-vibrer-au-rythme-du-slam-et-du-spoken-word-2\/#respond\"]}]},{\"@type\":\"WebPage\",\"@id\":\"https:\/\/slams.fr\/blog\/a-la-une\/les-7-meilleures-radios-en-ligne-pour-vibrer-au-rythme-du-slam-et-du-spoken-word-2\/\",\"url\":\"https:\/\/slams.fr\/blog\/a-la-une\/les-7-meilleures-radios-en-ligne-pour-vibrer-au-rythme-du-slam-et-du-spoken-word-2\/\",\"name\":\"7 radios en ligne pour le slam et le spoken word\",\"isPartOf\":{\"@id\":\"https:\/\/slams.fr\/blog\/#website\"},\"primaryImageOfPage\":{\"@id\":\"https:\/\/slams.fr\/blog\/a-la-une\/les-7-meilleures-radios-en-ligne-pour-vibrer-au-rythme-du-slam-et-du-spoken-word-2\/#primaryimage\"},\"image\":{\"@id\":\"https:\/\/slams.fr\/blog\/a-la-une\/les-7-meilleures-radios-en-ligne-pour-vibrer-au-rythme-du-slam-et-du-spoken-word-2\/#primaryimage\"},\"thumbnailUrl\":\"https:\/\/slams.fr\/blog\/wp-content\/uploads\/2025\/07\/sdxl-01a4df038a240fc3b338623999f16be0-scaled.png\",\"datePublished\":\"2025-06-14T20:22:52+00:00\",\"description\":\"Le slam et le spoken word occupent une place \u00e0 part au sein des radios en ligne sp\u00e9cialis\u00e9es.\",\"inLanguage\":\"fr-FR\",\"potentialAction\":[{\"@type\":\"ReadAction\",\"target\":[\"https:\/\/slams.fr\/blog\/a-la-une\/les-7-meilleures-radios-en-ligne-pour-vibrer-au-rythme-du-slam-et-du-spoken-word-2\/\"]}]},{\"@type\":\"ImageObject\",\"inLanguage\":\"fr-FR\",\"@id\":\"https:\/\/slams.fr\/blog\/a-la-une\/les-7-meilleures-radios-en-ligne-pour-vibrer-au-rythme-du-slam-et-du-spoken-word-2\/#primaryimage\",\"url\":\"https:\/\/slams.fr\/blog\/wp-content\/uploads\/2025\/07\/sdxl-01a4df038a240fc3b338623999f16be0-scaled.png\",\"contentUrl\":\"https:\/\/slams.fr\/blog\/wp-content\/uploads\/2025\/07\/sdxl-01a4df038a240fc3b338623999f16be0-scaled.png\",\"width\":1200,\"height\":500},{\"@type\":\"WebSite\",\"@id\":\"https:\/\/slams.fr\/blog\/#website\",\"url\":\"https:\/\/slams.fr\/blog\/\",\"name\":\"slams.fr\",\"description\":\"Slams, l&#039;\u00e9nergie des mots en action\",\"publisher\":{\"@id\":\"https:\/\/slams.fr\/blog\/#organization\"},\"alternateName\":\"Slams, l'\u00e9nergie des mots en action\",\"potentialAction\":[{\"@type\":\"SearchAction\",\"target\":{\"@type\":\"EntryPoint\",\"urlTemplate\":\"https:\/\/slams.fr\/blog\/?s={search_term_string}\"},\"query-input\":{\"@type\":\"PropertyValueSpecification\",\"valueRequired\":true,\"valueName\":\"search_term_string\"}}],\"inLanguage\":\"fr-FR\"},{\"@type\":\"Organization\",\"@id\":\"https:\/\/slams.fr\/blog\/#organization\",\"name\":\"Foretsensations.fr\",\"url\":\"https:\/\/slams.fr\/blog\/\",\"logo\":{\"@type\":\"ImageObject\",\"inLanguage\":\"fr-FR\",\"@id\":\"https:\/\/slams.fr\/blog\/#\/schema\/logo\/image\/\",\"url\":\"https:\/\/slams.fr\/blog\/wp-content\/uploads\/2026\/07\/logo-auto-1.png\",\"contentUrl\":\"https:\/\/slams.fr\/blog\/wp-content\/uploads\/2026\/07\/logo-auto-1.png\",\"width\":1024,\"height\":1024,\"caption\":\"Foretsensations.fr\"},\"image\":{\"@id\":\"https:\/\/slams.fr\/blog\/#\/schema\/logo\/image\/\"}},{\"@type\":\"Person\",\"@id\":\"https:\/\/slams.fr\/blog\/#\/schema\/person\/3c864cdc320801e3db34b663e7e3f816\",\"name\":\"Rapha\u00ebl D.\",\"image\":{\"@type\":\"ImageObject\",\"inLanguage\":\"fr-FR\",\"@id\":\"https:\/\/slams.fr\/blog\/#\/schema\/person\/image\/\",\"url\":\"https:\/\/slams.fr\/blog\/wp-content\/uploads\/2026\/06\/persona_raphael-d-96x96.jpg\",\"contentUrl\":\"https:\/\/slams.fr\/blog\/wp-content\/uploads\/2026\/06\/persona_raphael-d-96x96.jpg\",\"caption\":\"Rapha\u00ebl D.\"},\"description\":\"La culture est mon terrain de jeu depuis une dizaine d'ann\u00e9es : arts visuels, s\u00e9ries, cr\u00e9ation et tout ce qui nourrit l'imaginaire. J'\u00e9cris aussi bien sur l'actualit\u00e9 des \u0153uvres que sur les coulisses de la cr\u00e9ation, avec l'envie de relier l'amateur curieux \u00e0 des univers parfois jug\u00e9s intimidants. J'aime analyser une s\u00e9rie ou une d\u00e9marche artistique sans p\u00e9dantisme, replacer une \u0153uvre dans son contexte et donner des cl\u00e9s de lecture accessibles. Avant de publier, je v\u00e9rifie mes r\u00e9f\u00e9rences, je recoupe les sources et je distingue clairement le fait de mon interpr\u00e9tation subjective. Je crois qu'une critique vaut surtout par les arguments qu'elle expose, pas par la sentence qu'elle rend. Mon angle : transmettre l'envie de d\u00e9couvrir, de regarder autrement et de se forger son propre go\u00fbt. La culture n'appartient pas qu'aux initi\u00e9s, et c'est tout l'enjeu de mon \u00e9criture.\",\"url\":\"https:\/\/slams.fr\/blog\/auteur\/raphael-d\/\",\"jobTitle\":\"R\u00e9dacteur en chef \u00b7 Culture & Cr\u00e9ation\",\"knowsAbout\":[\"Culture\",\"Cr\u00e9ation\"],\"email\":\"raphael.d@a-l-asso-de-l-art.fr\"}]}<\/script>\n<!-- \/ Yoast SEO Premium plugin. -->","yoast_head_json":{"title":"7 radios en ligne pour le slam et le spoken word","description":"Le slam et le spoken word occupent une place \u00e0 part au sein des radios en ligne sp\u00e9cialis\u00e9es.","robots":{"index":"index","follow":"follow","max-snippet":"max-snippet:-1","max-image-preview":"max-image-preview:large","max-video-preview":"max-video-preview:-1"},"canonical":"https:\/\/slams.fr\/blog\/a-la-une\/les-7-meilleures-radios-en-ligne-pour-vibrer-au-rythme-du-slam-et-du-spoken-word-2\/","og_locale":"fr_FR","og_type":"article","og_title":"7 radios en ligne pour le slam et le spoken word","og_description":"Le slam et le spoken word occupent une place \u00e0 part au sein des radios en ligne sp\u00e9cialis\u00e9es.","og_url":"https:\/\/slams.fr\/blog\/a-la-une\/les-7-meilleures-radios-en-ligne-pour-vibrer-au-rythme-du-slam-et-du-spoken-word-2\/","og_site_name":"slams","og_image":[{"width":1200,"height":500,"url":"https:\/\/slams.fr\/blog\/wp-content\/uploads\/2025\/07\/sdxl-01a4df038a240fc3b338623999f16be0-scaled.png","type":"image\/png"}],"author":"Rapha\u00ebl D.","twitter_card":"summary_large_image","schema":{"@context":"https:\/\/schema.org","@graph":[{"@type":"NewsArticle","@id":"https:\/\/slams.fr\/blog\/a-la-une\/les-7-meilleures-radios-en-ligne-pour-vibrer-au-rythme-du-slam-et-du-spoken-word-2\/#article","isPartOf":{"@id":"https:\/\/slams.fr\/blog\/a-la-une\/les-7-meilleures-radios-en-ligne-pour-vibrer-au-rythme-du-slam-et-du-spoken-word-2\/"},"author":{"name":"Rapha\u00ebl D.","@id":"https:\/\/slams.fr\/blog\/#\/schema\/person\/3c864cdc320801e3db34b663e7e3f816"},"headline":"Les 7 meilleures radios en ligne pour vibrer au rythme du slam et du spoken word","datePublished":"2025-06-14T20:22:52+00:00","mainEntityOfPage":{"@id":"https:\/\/slams.fr\/blog\/a-la-une\/les-7-meilleures-radios-en-ligne-pour-vibrer-au-rythme-du-slam-et-du-spoken-word-2\/"},"wordCount":1252,"commentCount":0,"publisher":{"@id":"https:\/\/slams.fr\/blog\/#organization"},"image":{"@id":"https:\/\/slams.fr\/blog\/a-la-une\/les-7-meilleures-radios-en-ligne-pour-vibrer-au-rythme-du-slam-et-du-spoken-word-2\/#primaryimage"},"thumbnailUrl":"https:\/\/slams.fr\/blog\/wp-content\/uploads\/2025\/07\/sdxl-01a4df038a240fc3b338623999f16be0-scaled.png","keywords":["radio en ligne","Slam","spoken word"],"articleSection":["\u00c0 la une"],"inLanguage":"fr-FR","potentialAction":[{"@type":"CommentAction","name":"Comment","target":["https:\/\/slams.fr\/blog\/a-la-une\/les-7-meilleures-radios-en-ligne-pour-vibrer-au-rythme-du-slam-et-du-spoken-word-2\/#respond"]}]},{"@type":"WebPage","@id":"https:\/\/slams.fr\/blog\/a-la-une\/les-7-meilleures-radios-en-ligne-pour-vibrer-au-rythme-du-slam-et-du-spoken-word-2\/","url":"https:\/\/slams.fr\/blog\/a-la-une\/les-7-meilleures-radios-en-ligne-pour-vibrer-au-rythme-du-slam-et-du-spoken-word-2\/","name":"7 radios en ligne pour le slam et le spoken word","isPartOf":{"@id":"https:\/\/slams.fr\/blog\/#website"},"primaryImageOfPage":{"@id":"https:\/\/slams.fr\/blog\/a-la-une\/les-7-meilleures-radios-en-ligne-pour-vibrer-au-rythme-du-slam-et-du-spoken-word-2\/#primaryimage"},"image":{"@id":"https:\/\/slams.fr\/blog\/a-la-une\/les-7-meilleures-radios-en-ligne-pour-vibrer-au-rythme-du-slam-et-du-spoken-word-2\/#primaryimage"},"thumbnailUrl":"https:\/\/slams.fr\/blog\/wp-content\/uploads\/2025\/07\/sdxl-01a4df038a240fc3b338623999f16be0-scaled.png","datePublished":"2025-06-14T20:22:52+00:00","description":"Le slam et le spoken word occupent une place \u00e0 part au sein des radios en ligne sp\u00e9cialis\u00e9es.","inLanguage":"fr-FR","potentialAction":[{"@type":"ReadAction","target":["https:\/\/slams.fr\/blog\/a-la-une\/les-7-meilleures-radios-en-ligne-pour-vibrer-au-rythme-du-slam-et-du-spoken-word-2\/"]}]},{"@type":"ImageObject","inLanguage":"fr-FR","@id":"https:\/\/slams.fr\/blog\/a-la-une\/les-7-meilleures-radios-en-ligne-pour-vibrer-au-rythme-du-slam-et-du-spoken-word-2\/#primaryimage","url":"https:\/\/slams.fr\/blog\/wp-content\/uploads\/2025\/07\/sdxl-01a4df038a240fc3b338623999f16be0-scaled.png","contentUrl":"https:\/\/slams.fr\/blog\/wp-content\/uploads\/2025\/07\/sdxl-01a4df038a240fc3b338623999f16be0-scaled.png","width":1200,"height":500},{"@type":"WebSite","@id":"https:\/\/slams.fr\/blog\/#website","url":"https:\/\/slams.fr\/blog\/","name":"slams.fr","description":"Slams, l&#039;\u00e9nergie des mots en action","publisher":{"@id":"https:\/\/slams.fr\/blog\/#organization"},"alternateName":"Slams, l'\u00e9nergie des mots en action","potentialAction":[{"@type":"SearchAction","target":{"@type":"EntryPoint","urlTemplate":"https:\/\/slams.fr\/blog\/?s={search_term_string}"},"query-input":{"@type":"PropertyValueSpecification","valueRequired":true,"valueName":"search_term_string"}}],"inLanguage":"fr-FR"},{"@type":"Organization","@id":"https:\/\/slams.fr\/blog\/#organization","name":"Foretsensations.fr","url":"https:\/\/slams.fr\/blog\/","logo":{"@type":"ImageObject","inLanguage":"fr-FR","@id":"https:\/\/slams.fr\/blog\/#\/schema\/logo\/image\/","url":"https:\/\/slams.fr\/blog\/wp-content\/uploads\/2026\/07\/logo-auto-1.png","contentUrl":"https:\/\/slams.fr\/blog\/wp-content\/uploads\/2026\/07\/logo-auto-1.png","width":1024,"height":1024,"caption":"Foretsensations.fr"},"image":{"@id":"https:\/\/slams.fr\/blog\/#\/schema\/logo\/image\/"}},{"@type":"Person","@id":"https:\/\/slams.fr\/blog\/#\/schema\/person\/3c864cdc320801e3db34b663e7e3f816","name":"Rapha\u00ebl D.","image":{"@type":"ImageObject","inLanguage":"fr-FR","@id":"https:\/\/slams.fr\/blog\/#\/schema\/person\/image\/","url":"https:\/\/slams.fr\/blog\/wp-content\/uploads\/2026\/06\/persona_raphael-d-96x96.jpg","contentUrl":"https:\/\/slams.fr\/blog\/wp-content\/uploads\/2026\/06\/persona_raphael-d-96x96.jpg","caption":"Rapha\u00ebl D."},"description":"La culture est mon terrain de jeu depuis une dizaine d'ann\u00e9es : arts visuels, s\u00e9ries, cr\u00e9ation et tout ce qui nourrit l'imaginaire. J'\u00e9cris aussi bien sur l'actualit\u00e9 des \u0153uvres que sur les coulisses de la cr\u00e9ation, avec l'envie de relier l'amateur curieux \u00e0 des univers parfois jug\u00e9s intimidants. J'aime analyser une s\u00e9rie ou une d\u00e9marche artistique sans p\u00e9dantisme, replacer une \u0153uvre dans son contexte et donner des cl\u00e9s de lecture accessibles. Avant de publier, je v\u00e9rifie mes r\u00e9f\u00e9rences, je recoupe les sources et je distingue clairement le fait de mon interpr\u00e9tation subjective. Je crois qu'une critique vaut surtout par les arguments qu'elle expose, pas par la sentence qu'elle rend. Mon angle : transmettre l'envie de d\u00e9couvrir, de regarder autrement et de se forger son propre go\u00fbt. La culture n'appartient pas qu'aux initi\u00e9s, et c'est tout l'enjeu de mon \u00e9criture.","url":"https:\/\/slams.fr\/blog\/auteur\/raphael-d\/","jobTitle":"R\u00e9dacteur en chef \u00b7 Culture & Cr\u00e9ation","knowsAbout":["Culture","Cr\u00e9ation"],"email":"raphael.d@a-l-asso-de-l-art.fr"}]}},"_links":{"self":[{"href":"https:\/\/slams.fr\/blog\/wp-json\/wp\/v2\/posts\/7486","targetHints":{"allow":["GET"]}}],"collection":[{"href":"https:\/\/slams.fr\/blog\/wp-json\/wp\/v2\/posts"}],"about":[{"href":"https:\/\/slams.fr\/blog\/wp-json\/wp\/v2\/types\/post"}],"author":[{"embeddable":true,"href":"https:\/\/slams.fr\/blog\/wp-json\/wp\/v2\/users\/34"}],"replies":[{"embeddable":true,"href":"https:\/\/slams.fr\/blog\/wp-json\/wp\/v2\/comments?post=7486"}],"version-history":[{"count":0,"href":"https:\/\/slams.fr\/blog\/wp-json\/wp\/v2\/posts\/7486\/revisions"}],"wp:featuredmedia":[{"embeddable":true,"href":"https:\/\/slams.fr\/blog\/wp-json\/wp\/v2\/media\/7598"}],"wp:attachment":[{"href":"https:\/\/slams.fr\/blog\/wp-json\/wp\/v2\/media?parent=7486"}],"wp:term":[{"taxonomy":"category","embeddable":true,"href":"https:\/\/slams.fr\/blog\/wp-json\/wp\/v2\/categories?post=7486"},{"taxonomy":"post_tag","embeddable":true,"href":"https:\/\/slams.fr\/blog\/wp-json\/wp\/v2\/tags?post=7486"}],"curies":[{"name":"wp","href":"https:\/\/api.w.org\/{rel}","templated":true}]}}