{"id":7489,"date":"2025-06-14T22:24:07","date_gmt":"2025-06-14T20:24:07","guid":{"rendered":"https:\/\/slams.fr\/blog\/a-la-une\/comment-choisir-un-portail-performant-pour-la-transcription-et-lannotation-de-slams\/"},"modified":"2025-06-14T22:24:07","modified_gmt":"2025-06-14T20:24:07","slug":"comment-choisir-un-portail-performant-pour-la-transcription-et-lannotation-de-slams","status":"publish","type":"post","link":"https:\/\/slams.fr\/blog\/a-la-une\/comment-choisir-un-portail-performant-pour-la-transcription-et-lannotation-de-slams\/","title":{"rendered":"Comment choisir un portail performant pour la transcription et l\u2019annotation de slams"},"content":{"rendered":"<h1>Comment choisir un portail performant pour la transcription et l\u2019annotation de slams<\/h1>\n<h2>Crit\u00e8res fondamentaux pour l\u2019\u00e9valuation des solutions d\u00e9di\u00e9es au slam<\/h2>\n<p>\n    L\u2019\u00e9valuation rigoureuse d\u2019un portail de transcription et d\u2019annotation d\u00e9bute par l\u2019identification de crit\u00e8res techniques et fonctionnels adapt\u00e9s \u00e0 la <strong>complexit\u00e9 linguistique et rythmique du slam<\/strong>. L\u2019<u>analyse automatique du rythme<\/u> demeure centrale, car les textes slam\u00e9s se distinguent par une prosodie marqu\u00e9e, un d\u00e9bit variable, des jeux de pauses et des accentuations non conventionnelles. Les outils comme <strong>TranscribeMe<\/strong> et <strong>Deepgram<\/strong> d\u00e9montrent une capacit\u00e9 \u00e0 extraire la structure rythmique, mais leur performance varie selon la qualit\u00e9 de l\u2019audio, le timbre vocal et la multiplicit\u00e9 des voix.\n  <\/p>\n<p>\n    Pour r\u00e9pondre aux particularit\u00e9s du slam, il s\u2019av\u00e8re essentiel de porter une attention particuli\u00e8re \u00e0 la <strong>gestion des disfluences<\/strong> (h\u00e9sitations, coupures, reprises), \u00e0 la <strong>segmentation<\/strong> des unit\u00e9s d\u2019\u00e9nonciation, ainsi qu\u2019\u00e0 la possibilit\u00e9 d\u2019annoter plusieurs niveaux d\u2019analyse, de la syllabe au vers. Les plateformes de r\u00e9f\u00e9rence int\u00e8grent souvent :<\/p>\n<ul>\n<li>Des options de <strong>d\u00e9tection automatique des pauses et accentuations<\/strong>, essentielles pour restituer la rythmique propre au slam.<\/li>\n<li>Une <strong>reconnaissance des marques d\u2019emphase<\/strong> et d\u2019intensit\u00e9 vocale, pr\u00e9cieuse pour l\u2019analyse stylistique.<\/li>\n<li>Des <strong>moteurs d\u2019annotation multi-niveaux<\/strong> (par exemple, possibilit\u00e9 de baliser syllabes, mots, unit\u00e9s prosodiques, segments s\u00e9mantiques).<\/li>\n<li>Une <strong>transcription fid\u00e8le aux variations dialectales<\/strong> ou \u00e0 l\u2019argot, typiques du slam urbain.<\/li>\n<\/ul>\n<p>    \u00c0 notre sens, l\u2019absence d\u2019un balisage pr\u00e9cis des niveaux rythmiques et d\u2019une analyse fine des disfluences constitue un frein lorsqu\u2019on vise une exploitation scientifique ou artistique aboutie.\n  <\/p>\n<h2>Richesse des annotations : au-del\u00e0 de la simple transcription textuelle<\/h2>\n<p>\n    Privil\u00e9gier un portail performant implique de s\u2019assurer qu\u2019il ne se limite pas \u00e0 la conversion audio-textuelle, mais propose des <strong>options avanc\u00e9es d\u2019annotation<\/strong>. Ainsi, des solutions telles que <strong>Trint<\/strong> ou <strong>TranscribeMe<\/strong> se distinguent par leur capacit\u00e9 \u00e0 identifier et annoter les <u>syllabes accentu\u00e9es<\/u>, \u00e0 <strong>balisser les r\u00e9p\u00e9titions<\/strong> et <strong>h\u00e9sitations<\/strong>, ou encore \u00e0 <strong>diff\u00e9rencier les intentions discursives<\/strong> (question, affirmation, exclamation).\n  <\/p>\n<p>\n    L\u2019apport de tels modules d\u2019annotation enrichit consid\u00e9rablement la compr\u00e9hension et l\u2019analyse du slam, ouvrant la voie \u00e0 des \u00e9tudes fines sur :<\/p>\n<ul>\n<li>La <strong>variation de rythme<\/strong> et l\u2019influence de l\u2019emphase sur la perception du texte.<\/li>\n<li>La <strong>fr\u00e9quence des h\u00e9sitations et auto-corrections<\/strong>, r\u00e9v\u00e9latrices de l\u2019improvisation ou de l\u2019intensit\u00e9 \u00e9motionnelle.<\/li>\n<li>La <strong>structuration des interventions<\/strong> (prise de parole multiple, interaction avec le public).<\/li>\n<\/ul>\n<p>    Ce type d\u2019annotation, largement exploit\u00e9 dans des \u00e9tudes r\u00e9centes sur le spoken word et les corpus oraux, permet de distinguer des styles d\u2019interpr\u00e9tation, de quantifier le degr\u00e9 d\u2019improvisation et de mieux comprendre les choix expressifs des slameurs.\n  <\/p>\n<h2>Flexibilit\u00e9 et personnalisation des portails de traitement du slam<\/h2>\n<p>\n    L\u2019une des exigences majeures exprim\u00e9es par les communaut\u00e9s artistiques et scientifiques r\u00e9side dans la <strong>possibilit\u00e9 de personnaliser les consignes de transcription et d\u2019annotation<\/strong>. Les portails modernes, tels que <strong>Sonix<\/strong> ou <strong>Descript<\/strong>, mettent l\u2019accent sur des interfaces qui permettent de <u>configurer le style de restitution<\/u> : annotation d\u00e9taill\u00e9e des \u00e9motions, int\u00e9gration de tags pour marquer des effets ou figures de style, choix entre une restitution litt\u00e9rale ou adapt\u00e9e au format \u00e9crit.\n  <\/p>\n<p>\n    Cette flexibilit\u00e9 se mat\u00e9rialise concr\u00e8tement par :<\/p>\n<ul>\n<li>La <strong>d\u00e9finition personnalis\u00e9e des cat\u00e9gories d\u2019annotation<\/strong> (ex : niveau d\u2019intensit\u00e9, sentiment, r\u00e9f\u00e9rence culturelle).<\/li>\n<li>L\u2019<strong>importation de profils d\u2019annotation<\/strong> ou de grilles analytiques sp\u00e9cifiques \u00e0 un projet ou \u00e0 un collectif.<\/li>\n<li>Le <strong>contr\u00f4le du niveau de d\u00e9tail<\/strong>, permettant de choisir la granularit\u00e9 (mot, phrase, macro-unit\u00e9s po\u00e9tiques).<\/li>\n<\/ul>\n<p>    \u00c0 notre exp\u00e9rience, la capacit\u00e9 \u00e0 moduler l\u2019annotation selon les objectifs \u2013 qu\u2019ils soient artistiques, analytiques ou p\u00e9dagogiques \u2013 repr\u00e9sente un atout d\u00e9cisif, notamment dans des contextes de recherche-action ou de cr\u00e9ation collective.\n  <\/p>\n<h2>Interop\u00e9rabilit\u00e9 et exploitation des donn\u00e9es pour des projets collectifs<\/h2>\n<p>\n    Pour les projets collaboratifs ou multi-sites, la question de l\u2019<strong>interop\u00e9rabilit\u00e9<\/strong> s\u2019av\u00e8re structurante. Les plateformes efficaces proposent des <u>formats d\u2019exportation multiples et standards<\/u> (txt, XML, JSON, CSV), facilitant la r\u00e9utilisation et l\u2019analyse crois\u00e9e avec d\u2019autres outils sp\u00e9cialis\u00e9s (visualisation, linguistique computationnelle, analyse sonore).\n  <\/p>\n<p>\n    Les portails comme <strong>Trint<\/strong> ou les solutions s\u2019int\u00e9grant au workflow des laboratoires universitaires mettent un point d\u2019honneur \u00e0 permettre :<\/p>\n<ul>\n<li>L\u2019<strong>export des corpus annot\u00e9s<\/strong> vers des environnements d\u2019analyse statistique ou de data visualisation.<\/li>\n<li>La <strong>gestion collaborative<\/strong> des annotations avec suivi des modifications, commentaires, et attribution par annotateur.<\/li>\n<li>La <strong>compatibilit\u00e9 avec des plateformes de diffusion ou d\u2019archivage<\/strong> (archives ouvertes, plateformes num\u00e9riques de valorisation du patrimoine oral).<\/li>\n<\/ul>\n<p>    Selon nous, la facilit\u00e9 d\u2019int\u00e9gration avec des outils tiers, la gestion des droits et la possibilit\u00e9 de partager des corpus annot\u00e9s sous licences adapt\u00e9es conditionnent largement la r\u00e9ussite des initiatives de valorisation collective du slam.\n  <\/p>\n<h2>Valorisation des productions slam : impacts pour la recherche et la cr\u00e9ation<\/h2>\n<p>\n    S\u2019appuyer sur une <strong>technologie d\u2019annotation avanc\u00e9e<\/strong> change la donne tant pour la recherche que pour la cr\u00e9ation slam\u00e9e. Les plateformes d\u00e9di\u00e9es \u2013 d\u00e8s lors qu\u2019elles permettent d\u2019<u>objectiver le rythme, la structure et la port\u00e9e expressive<\/u> \u2013 offrent un levier puissant pour documenter des ph\u00e9nom\u00e8nes comme le code-switching, la co-construction de la performance, ou la circulation de l\u2019identit\u00e9 dans des contextes plurilingues.\n  <\/p>\n<p>\n    Plusieurs \u00e9tudes r\u00e9centes exploitent des portails d\u2019annotation pour cartographier :<\/p>\n<ul>\n<li>La <strong>distribution temporelle des accentuations et pauses<\/strong> sur un corpus de slams francophones recueillis lors du Grand Slam National 2023.<\/li>\n<li>Les <strong>variations stylistiques et l\u2019influence du public<\/strong> sur la construction de la performance dans un panel de sc\u00e8nes slam \u00e0 Montr\u00e9al et Paris.<\/li>\n<li>L\u2019<strong>\u00e9volution lexicale<\/strong> des slams de concours, analys\u00e9e gr\u00e2ce au suivi automatis\u00e9 de l\u2019apparition de nouvelles expressions ou tournures.<\/li>\n<\/ul>\n<p>    \u00c0 notre avis, la capacit\u00e9 d\u2019un portail \u00e0 restituer la richesse sonore et prosodique du slam, assortie de fonctionnalit\u00e9s \u00e9ditoriales (extraction de segments marquants, mise en valeur de la cr\u00e9ativit\u00e9 linguistique), transforme radicalement l\u2019acc\u00e8s \u00e0 ces performances. Pour la p\u00e9dagogie, cela ouvre l\u2019opportunit\u00e9 de concevoir des ateliers interactifs o\u00f9 l\u2019analyse stylistique s\u2019appuie sur des donn\u00e9es objectives, renfor\u00e7ant ainsi la transmission et le renouvellement des pratiques.\n  <\/p>\n<p>\u00ab\u00a0`<\/p>\n","protected":false},"excerpt":{"rendered":"","protected":false},"author":34,"featured_media":7595,"comment_status":"open","ping_status":"open","sticky":false,"template":"","format":"standard","meta":{"_acf_changed":false,"manual_indexmenow":false,"indexmenow_id_project":0,"footnotes":""},"categories":[1],"tags":[4626,4627,4625],"class_list":["post-7489","post","type-post","status-publish","format-standard","has-post-thumbnail","hentry","category-a-la-une","tag-annotation-audio","tag-portail-performant","tag-transcription-slam","generate-columns","tablet-grid-50","mobile-grid-100","grid-parent","grid-25"],"acf":[],"yoast_head":"<!-- This site is optimized with the Yoast SEO Premium plugin v21.3 (Yoast SEO v26.5) - https:\/\/yoast.com\/wordpress\/plugins\/seo\/ -->\n<title>Portails de transcription et d&#039;annotation de slams<\/title>\n<meta name=\"description\" content=\"L\u2019\u00e9valuation rigoureuse d\u2019un portail de transcription et d\u2019annotation d\u00e9bute par l\u2019identification de crit\u00e8res techniques et fonctionnels adapt\u00e9s\" \/>\n<meta name=\"robots\" content=\"index, follow, max-snippet:-1, max-image-preview:large, max-video-preview:-1\" \/>\n<link rel=\"canonical\" href=\"https:\/\/slams.fr\/blog\/a-la-une\/comment-choisir-un-portail-performant-pour-la-transcription-et-lannotation-de-slams\/\" \/>\n<meta property=\"og:locale\" content=\"fr_FR\" \/>\n<meta property=\"og:type\" content=\"article\" \/>\n<meta property=\"og:title\" content=\"Portails de transcription et d&#039;annotation de slams\" \/>\n<meta property=\"og:description\" content=\"L\u2019\u00e9valuation rigoureuse d\u2019un portail de transcription et d\u2019annotation d\u00e9bute par l\u2019identification de crit\u00e8res techniques et fonctionnels adapt\u00e9s\" \/>\n<meta property=\"og:url\" content=\"https:\/\/slams.fr\/blog\/a-la-une\/comment-choisir-un-portail-performant-pour-la-transcription-et-lannotation-de-slams\/\" \/>\n<meta property=\"og:site_name\" content=\"slams\" \/>\n<meta property=\"og:image\" content=\"https:\/\/slams.fr\/blog\/wp-content\/uploads\/2025\/07\/sdxl-b24bed86e544c314a4fa19b294bd027b-scaled.png\" \/>\n\t<meta property=\"og:image:width\" content=\"1200\" \/>\n\t<meta property=\"og:image:height\" content=\"500\" \/>\n\t<meta property=\"og:image:type\" content=\"image\/png\" \/>\n<meta name=\"author\" content=\"Rapha\u00ebl D.\" \/>\n<meta name=\"twitter:card\" content=\"summary_large_image\" \/>\n<script type=\"application\/ld+json\" class=\"yoast-schema-graph\">{\"@context\":\"https:\/\/schema.org\",\"@graph\":[{\"@type\":\"NewsArticle\",\"@id\":\"https:\/\/slams.fr\/blog\/a-la-une\/comment-choisir-un-portail-performant-pour-la-transcription-et-lannotation-de-slams\/#article\",\"isPartOf\":{\"@id\":\"https:\/\/slams.fr\/blog\/a-la-une\/comment-choisir-un-portail-performant-pour-la-transcription-et-lannotation-de-slams\/\"},\"author\":{\"name\":\"Rapha\u00ebl D.\",\"@id\":\"https:\/\/slams.fr\/blog\/#\/schema\/person\/3c864cdc320801e3db34b663e7e3f816\"},\"headline\":\"Comment choisir un portail performant pour la transcription et l\u2019annotation de slams\",\"datePublished\":\"2025-06-14T20:24:07+00:00\",\"mainEntityOfPage\":{\"@id\":\"https:\/\/slams.fr\/blog\/a-la-une\/comment-choisir-un-portail-performant-pour-la-transcription-et-lannotation-de-slams\/\"},\"wordCount\":1072,\"commentCount\":0,\"publisher\":{\"@id\":\"https:\/\/slams.fr\/blog\/#organization\"},\"image\":{\"@id\":\"https:\/\/slams.fr\/blog\/a-la-une\/comment-choisir-un-portail-performant-pour-la-transcription-et-lannotation-de-slams\/#primaryimage\"},\"thumbnailUrl\":\"https:\/\/slams.fr\/blog\/wp-content\/uploads\/2025\/07\/sdxl-b24bed86e544c314a4fa19b294bd027b-scaled.png\",\"keywords\":[\"annotation audio\",\"portail performant\",\"transcription slam\"],\"articleSection\":[\"\u00c0 la une\"],\"inLanguage\":\"fr-FR\",\"potentialAction\":[{\"@type\":\"CommentAction\",\"name\":\"Comment\",\"target\":[\"https:\/\/slams.fr\/blog\/a-la-une\/comment-choisir-un-portail-performant-pour-la-transcription-et-lannotation-de-slams\/#respond\"]}]},{\"@type\":\"WebPage\",\"@id\":\"https:\/\/slams.fr\/blog\/a-la-une\/comment-choisir-un-portail-performant-pour-la-transcription-et-lannotation-de-slams\/\",\"url\":\"https:\/\/slams.fr\/blog\/a-la-une\/comment-choisir-un-portail-performant-pour-la-transcription-et-lannotation-de-slams\/\",\"name\":\"Portails de transcription et d'annotation de slams\",\"isPartOf\":{\"@id\":\"https:\/\/slams.fr\/blog\/#website\"},\"primaryImageOfPage\":{\"@id\":\"https:\/\/slams.fr\/blog\/a-la-une\/comment-choisir-un-portail-performant-pour-la-transcription-et-lannotation-de-slams\/#primaryimage\"},\"image\":{\"@id\":\"https:\/\/slams.fr\/blog\/a-la-une\/comment-choisir-un-portail-performant-pour-la-transcription-et-lannotation-de-slams\/#primaryimage\"},\"thumbnailUrl\":\"https:\/\/slams.fr\/blog\/wp-content\/uploads\/2025\/07\/sdxl-b24bed86e544c314a4fa19b294bd027b-scaled.png\",\"datePublished\":\"2025-06-14T20:24:07+00:00\",\"description\":\"L\u2019\u00e9valuation rigoureuse d\u2019un portail de transcription et d\u2019annotation d\u00e9bute par l\u2019identification de crit\u00e8res techniques et fonctionnels adapt\u00e9s\",\"inLanguage\":\"fr-FR\",\"potentialAction\":[{\"@type\":\"ReadAction\",\"target\":[\"https:\/\/slams.fr\/blog\/a-la-une\/comment-choisir-un-portail-performant-pour-la-transcription-et-lannotation-de-slams\/\"]}]},{\"@type\":\"ImageObject\",\"inLanguage\":\"fr-FR\",\"@id\":\"https:\/\/slams.fr\/blog\/a-la-une\/comment-choisir-un-portail-performant-pour-la-transcription-et-lannotation-de-slams\/#primaryimage\",\"url\":\"https:\/\/slams.fr\/blog\/wp-content\/uploads\/2025\/07\/sdxl-b24bed86e544c314a4fa19b294bd027b-scaled.png\",\"contentUrl\":\"https:\/\/slams.fr\/blog\/wp-content\/uploads\/2025\/07\/sdxl-b24bed86e544c314a4fa19b294bd027b-scaled.png\",\"width\":1200,\"height\":500},{\"@type\":\"WebSite\",\"@id\":\"https:\/\/slams.fr\/blog\/#website\",\"url\":\"https:\/\/slams.fr\/blog\/\",\"name\":\"slams.fr\",\"description\":\"Slams, l&#039;\u00e9nergie des mots en action\",\"publisher\":{\"@id\":\"https:\/\/slams.fr\/blog\/#organization\"},\"alternateName\":\"Slams, l'\u00e9nergie des mots en action\",\"potentialAction\":[{\"@type\":\"SearchAction\",\"target\":{\"@type\":\"EntryPoint\",\"urlTemplate\":\"https:\/\/slams.fr\/blog\/?s={search_term_string}\"},\"query-input\":{\"@type\":\"PropertyValueSpecification\",\"valueRequired\":true,\"valueName\":\"search_term_string\"}}],\"inLanguage\":\"fr-FR\"},{\"@type\":\"Organization\",\"@id\":\"https:\/\/slams.fr\/blog\/#organization\",\"name\":\"Foretsensations.fr\",\"url\":\"https:\/\/slams.fr\/blog\/\",\"logo\":{\"@type\":\"ImageObject\",\"inLanguage\":\"fr-FR\",\"@id\":\"https:\/\/slams.fr\/blog\/#\/schema\/logo\/image\/\",\"url\":\"https:\/\/slams.fr\/blog\/wp-content\/uploads\/2026\/07\/logo-auto-1.png\",\"contentUrl\":\"https:\/\/slams.fr\/blog\/wp-content\/uploads\/2026\/07\/logo-auto-1.png\",\"width\":1024,\"height\":1024,\"caption\":\"Foretsensations.fr\"},\"image\":{\"@id\":\"https:\/\/slams.fr\/blog\/#\/schema\/logo\/image\/\"}},{\"@type\":\"Person\",\"@id\":\"https:\/\/slams.fr\/blog\/#\/schema\/person\/3c864cdc320801e3db34b663e7e3f816\",\"name\":\"Rapha\u00ebl D.\",\"image\":{\"@type\":\"ImageObject\",\"inLanguage\":\"fr-FR\",\"@id\":\"https:\/\/slams.fr\/blog\/#\/schema\/person\/image\/\",\"url\":\"https:\/\/slams.fr\/blog\/wp-content\/uploads\/2026\/06\/persona_raphael-d-96x96.jpg\",\"contentUrl\":\"https:\/\/slams.fr\/blog\/wp-content\/uploads\/2026\/06\/persona_raphael-d-96x96.jpg\",\"caption\":\"Rapha\u00ebl D.\"},\"description\":\"La culture est mon terrain de jeu depuis une dizaine d'ann\u00e9es : arts visuels, s\u00e9ries, cr\u00e9ation et tout ce qui nourrit l'imaginaire. J'\u00e9cris aussi bien sur l'actualit\u00e9 des \u0153uvres que sur les coulisses de la cr\u00e9ation, avec l'envie de relier l'amateur curieux \u00e0 des univers parfois jug\u00e9s intimidants. J'aime analyser une s\u00e9rie ou une d\u00e9marche artistique sans p\u00e9dantisme, replacer une \u0153uvre dans son contexte et donner des cl\u00e9s de lecture accessibles. Avant de publier, je v\u00e9rifie mes r\u00e9f\u00e9rences, je recoupe les sources et je distingue clairement le fait de mon interpr\u00e9tation subjective. Je crois qu'une critique vaut surtout par les arguments qu'elle expose, pas par la sentence qu'elle rend. Mon angle : transmettre l'envie de d\u00e9couvrir, de regarder autrement et de se forger son propre go\u00fbt. La culture n'appartient pas qu'aux initi\u00e9s, et c'est tout l'enjeu de mon \u00e9criture.\",\"url\":\"https:\/\/slams.fr\/blog\/auteur\/raphael-d\/\",\"jobTitle\":\"R\u00e9dacteur en chef \u00b7 Culture & Cr\u00e9ation\",\"knowsAbout\":[\"Culture\",\"Cr\u00e9ation\"],\"email\":\"raphael.d@a-l-asso-de-l-art.fr\"}]}<\/script>\n<!-- \/ Yoast SEO Premium plugin. -->","yoast_head_json":{"title":"Portails de transcription et d'annotation de slams","description":"L\u2019\u00e9valuation rigoureuse d\u2019un portail de transcription et d\u2019annotation d\u00e9bute par l\u2019identification de crit\u00e8res techniques et fonctionnels adapt\u00e9s","robots":{"index":"index","follow":"follow","max-snippet":"max-snippet:-1","max-image-preview":"max-image-preview:large","max-video-preview":"max-video-preview:-1"},"canonical":"https:\/\/slams.fr\/blog\/a-la-une\/comment-choisir-un-portail-performant-pour-la-transcription-et-lannotation-de-slams\/","og_locale":"fr_FR","og_type":"article","og_title":"Portails de transcription et d'annotation de slams","og_description":"L\u2019\u00e9valuation rigoureuse d\u2019un portail de transcription et d\u2019annotation d\u00e9bute par l\u2019identification de crit\u00e8res techniques et fonctionnels adapt\u00e9s","og_url":"https:\/\/slams.fr\/blog\/a-la-une\/comment-choisir-un-portail-performant-pour-la-transcription-et-lannotation-de-slams\/","og_site_name":"slams","og_image":[{"width":1200,"height":500,"url":"https:\/\/slams.fr\/blog\/wp-content\/uploads\/2025\/07\/sdxl-b24bed86e544c314a4fa19b294bd027b-scaled.png","type":"image\/png"}],"author":"Rapha\u00ebl D.","twitter_card":"summary_large_image","schema":{"@context":"https:\/\/schema.org","@graph":[{"@type":"NewsArticle","@id":"https:\/\/slams.fr\/blog\/a-la-une\/comment-choisir-un-portail-performant-pour-la-transcription-et-lannotation-de-slams\/#article","isPartOf":{"@id":"https:\/\/slams.fr\/blog\/a-la-une\/comment-choisir-un-portail-performant-pour-la-transcription-et-lannotation-de-slams\/"},"author":{"name":"Rapha\u00ebl D.","@id":"https:\/\/slams.fr\/blog\/#\/schema\/person\/3c864cdc320801e3db34b663e7e3f816"},"headline":"Comment choisir un portail performant pour la transcription et l\u2019annotation de slams","datePublished":"2025-06-14T20:24:07+00:00","mainEntityOfPage":{"@id":"https:\/\/slams.fr\/blog\/a-la-une\/comment-choisir-un-portail-performant-pour-la-transcription-et-lannotation-de-slams\/"},"wordCount":1072,"commentCount":0,"publisher":{"@id":"https:\/\/slams.fr\/blog\/#organization"},"image":{"@id":"https:\/\/slams.fr\/blog\/a-la-une\/comment-choisir-un-portail-performant-pour-la-transcription-et-lannotation-de-slams\/#primaryimage"},"thumbnailUrl":"https:\/\/slams.fr\/blog\/wp-content\/uploads\/2025\/07\/sdxl-b24bed86e544c314a4fa19b294bd027b-scaled.png","keywords":["annotation audio","portail performant","transcription slam"],"articleSection":["\u00c0 la une"],"inLanguage":"fr-FR","potentialAction":[{"@type":"CommentAction","name":"Comment","target":["https:\/\/slams.fr\/blog\/a-la-une\/comment-choisir-un-portail-performant-pour-la-transcription-et-lannotation-de-slams\/#respond"]}]},{"@type":"WebPage","@id":"https:\/\/slams.fr\/blog\/a-la-une\/comment-choisir-un-portail-performant-pour-la-transcription-et-lannotation-de-slams\/","url":"https:\/\/slams.fr\/blog\/a-la-une\/comment-choisir-un-portail-performant-pour-la-transcription-et-lannotation-de-slams\/","name":"Portails de transcription et d'annotation de slams","isPartOf":{"@id":"https:\/\/slams.fr\/blog\/#website"},"primaryImageOfPage":{"@id":"https:\/\/slams.fr\/blog\/a-la-une\/comment-choisir-un-portail-performant-pour-la-transcription-et-lannotation-de-slams\/#primaryimage"},"image":{"@id":"https:\/\/slams.fr\/blog\/a-la-une\/comment-choisir-un-portail-performant-pour-la-transcription-et-lannotation-de-slams\/#primaryimage"},"thumbnailUrl":"https:\/\/slams.fr\/blog\/wp-content\/uploads\/2025\/07\/sdxl-b24bed86e544c314a4fa19b294bd027b-scaled.png","datePublished":"2025-06-14T20:24:07+00:00","description":"L\u2019\u00e9valuation rigoureuse d\u2019un portail de transcription et d\u2019annotation d\u00e9bute par l\u2019identification de crit\u00e8res techniques et fonctionnels adapt\u00e9s","inLanguage":"fr-FR","potentialAction":[{"@type":"ReadAction","target":["https:\/\/slams.fr\/blog\/a-la-une\/comment-choisir-un-portail-performant-pour-la-transcription-et-lannotation-de-slams\/"]}]},{"@type":"ImageObject","inLanguage":"fr-FR","@id":"https:\/\/slams.fr\/blog\/a-la-une\/comment-choisir-un-portail-performant-pour-la-transcription-et-lannotation-de-slams\/#primaryimage","url":"https:\/\/slams.fr\/blog\/wp-content\/uploads\/2025\/07\/sdxl-b24bed86e544c314a4fa19b294bd027b-scaled.png","contentUrl":"https:\/\/slams.fr\/blog\/wp-content\/uploads\/2025\/07\/sdxl-b24bed86e544c314a4fa19b294bd027b-scaled.png","width":1200,"height":500},{"@type":"WebSite","@id":"https:\/\/slams.fr\/blog\/#website","url":"https:\/\/slams.fr\/blog\/","name":"slams.fr","description":"Slams, l&#039;\u00e9nergie des mots en action","publisher":{"@id":"https:\/\/slams.fr\/blog\/#organization"},"alternateName":"Slams, l'\u00e9nergie des mots en action","potentialAction":[{"@type":"SearchAction","target":{"@type":"EntryPoint","urlTemplate":"https:\/\/slams.fr\/blog\/?s={search_term_string}"},"query-input":{"@type":"PropertyValueSpecification","valueRequired":true,"valueName":"search_term_string"}}],"inLanguage":"fr-FR"},{"@type":"Organization","@id":"https:\/\/slams.fr\/blog\/#organization","name":"Foretsensations.fr","url":"https:\/\/slams.fr\/blog\/","logo":{"@type":"ImageObject","inLanguage":"fr-FR","@id":"https:\/\/slams.fr\/blog\/#\/schema\/logo\/image\/","url":"https:\/\/slams.fr\/blog\/wp-content\/uploads\/2026\/07\/logo-auto-1.png","contentUrl":"https:\/\/slams.fr\/blog\/wp-content\/uploads\/2026\/07\/logo-auto-1.png","width":1024,"height":1024,"caption":"Foretsensations.fr"},"image":{"@id":"https:\/\/slams.fr\/blog\/#\/schema\/logo\/image\/"}},{"@type":"Person","@id":"https:\/\/slams.fr\/blog\/#\/schema\/person\/3c864cdc320801e3db34b663e7e3f816","name":"Rapha\u00ebl D.","image":{"@type":"ImageObject","inLanguage":"fr-FR","@id":"https:\/\/slams.fr\/blog\/#\/schema\/person\/image\/","url":"https:\/\/slams.fr\/blog\/wp-content\/uploads\/2026\/06\/persona_raphael-d-96x96.jpg","contentUrl":"https:\/\/slams.fr\/blog\/wp-content\/uploads\/2026\/06\/persona_raphael-d-96x96.jpg","caption":"Rapha\u00ebl D."},"description":"La culture est mon terrain de jeu depuis une dizaine d'ann\u00e9es : arts visuels, s\u00e9ries, cr\u00e9ation et tout ce qui nourrit l'imaginaire. J'\u00e9cris aussi bien sur l'actualit\u00e9 des \u0153uvres que sur les coulisses de la cr\u00e9ation, avec l'envie de relier l'amateur curieux \u00e0 des univers parfois jug\u00e9s intimidants. J'aime analyser une s\u00e9rie ou une d\u00e9marche artistique sans p\u00e9dantisme, replacer une \u0153uvre dans son contexte et donner des cl\u00e9s de lecture accessibles. Avant de publier, je v\u00e9rifie mes r\u00e9f\u00e9rences, je recoupe les sources et je distingue clairement le fait de mon interpr\u00e9tation subjective. Je crois qu'une critique vaut surtout par les arguments qu'elle expose, pas par la sentence qu'elle rend. Mon angle : transmettre l'envie de d\u00e9couvrir, de regarder autrement et de se forger son propre go\u00fbt. La culture n'appartient pas qu'aux initi\u00e9s, et c'est tout l'enjeu de mon \u00e9criture.","url":"https:\/\/slams.fr\/blog\/auteur\/raphael-d\/","jobTitle":"R\u00e9dacteur en chef \u00b7 Culture & Cr\u00e9ation","knowsAbout":["Culture","Cr\u00e9ation"],"email":"raphael.d@a-l-asso-de-l-art.fr"}]}},"_links":{"self":[{"href":"https:\/\/slams.fr\/blog\/wp-json\/wp\/v2\/posts\/7489","targetHints":{"allow":["GET"]}}],"collection":[{"href":"https:\/\/slams.fr\/blog\/wp-json\/wp\/v2\/posts"}],"about":[{"href":"https:\/\/slams.fr\/blog\/wp-json\/wp\/v2\/types\/post"}],"author":[{"embeddable":true,"href":"https:\/\/slams.fr\/blog\/wp-json\/wp\/v2\/users\/34"}],"replies":[{"embeddable":true,"href":"https:\/\/slams.fr\/blog\/wp-json\/wp\/v2\/comments?post=7489"}],"version-history":[{"count":0,"href":"https:\/\/slams.fr\/blog\/wp-json\/wp\/v2\/posts\/7489\/revisions"}],"wp:featuredmedia":[{"embeddable":true,"href":"https:\/\/slams.fr\/blog\/wp-json\/wp\/v2\/media\/7595"}],"wp:attachment":[{"href":"https:\/\/slams.fr\/blog\/wp-json\/wp\/v2\/media?parent=7489"}],"wp:term":[{"taxonomy":"category","embeddable":true,"href":"https:\/\/slams.fr\/blog\/wp-json\/wp\/v2\/categories?post=7489"},{"taxonomy":"post_tag","embeddable":true,"href":"https:\/\/slams.fr\/blog\/wp-json\/wp\/v2\/tags?post=7489"}],"curies":[{"name":"wp","href":"https:\/\/api.w.org\/{rel}","templated":true}]}}