{"id":7493,"date":"2025-06-14T22:24:54","date_gmt":"2025-06-14T20:24:54","guid":{"rendered":"https:\/\/slams.fr\/blog\/a-la-une\/ou-acheter-de-la-poesie-et-des-recueils-de-slameurs-panorama-des-meilleurs-portails-de-vente-2\/"},"modified":"2025-06-14T22:24:54","modified_gmt":"2025-06-14T20:24:54","slug":"ou-acheter-de-la-poesie-et-des-recueils-de-slameurs-panorama-des-meilleurs-portails-de-vente-2","status":"publish","type":"post","link":"https:\/\/slams.fr\/blog\/a-la-une\/ou-acheter-de-la-poesie-et-des-recueils-de-slameurs-panorama-des-meilleurs-portails-de-vente-2\/","title":{"rendered":"O\u00f9 acheter de la po\u00e9sie et des recueils de slameurs\u00a0: panorama des meilleurs portails de vente"},"content":{"rendered":"<h1>O\u00f9 acheter de la po\u00e9sie et des recueils de slameurs\u00a0: panorama des meilleurs portails de vente<\/h1>\n<h2>Les librairies en ligne g\u00e9n\u00e9ralistes\u00a0: diversit\u00e9 et accessibilit\u00e9<\/h2>\n<p>La recherche de <strong>recueils de slam<\/strong> et de <strong>po\u00e9sie contemporaine<\/strong> passe fr\u00e9quemment par les <strong>librairies en ligne g\u00e9n\u00e9ralistes<\/strong>, qui se distinguent par leur catalogue \u00e9tendu embrassant toutes les formes d\u2019expression litt\u00e9raire.<\/p>\n<ul>\n<li>\n      La <strong>Fnac<\/strong> met en avant des titres devenus embl\u00e9matiques tels que le <em>Recueil de slam et de po\u00e9sie<\/em> d\u2019Elise Boyer, reflet d\u2019une hybridation entre l\u2019\u00e9criture po\u00e9tique et le spoken word, o\u00f9 la cr\u00e9ativit\u00e9 s\u2019exprime par le jeu sur les mots et l\u2019oralit\u00e9 revisit\u00e9e.\n    <\/li>\n<li>\n      <strong>Rakuten<\/strong> permet de d\u00e9couvrir de nombreux mod\u00e8les de recueils, favorisant l\u2019acc\u00e8s imm\u00e9diat \u00e0 des \u0153uvres vari\u00e9es, neuves ou de seconde main, et propose r\u00e9guli\u00e8rement des \u00e9ditions num\u00e9riques permettant une lecture instantan\u00e9e.\n    <\/li>\n<li>\n      <strong>Eyrolles<\/strong>, bien implant\u00e9e sur la po\u00e9sie contemporaine, distribue aussi des ouvrages hybrides, souvent s\u00e9lectionn\u00e9s pour leur qualit\u00e9 litt\u00e9raire et leur engagement dans la modernit\u00e9 po\u00e9tique.\n    <\/li>\n<\/ul>\n<p>L\u2019acc\u00e8s facilit\u00e9 \u00e0 ces plateformes offre aux lecteurs une navigation par th\u00e9matiques, une recherche intelligente par auteurs et une possibilit\u00e9 quasi imm\u00e9diate de comparer des \u0153uvres vari\u00e9es. On constate que m\u00eame les auteurs \u00e9mergents y b\u00e9n\u00e9ficient d\u2019une tr\u00e8s bonne visibilit\u00e9, notamment via les syst\u00e8mes de recommandations automatis\u00e9es, les s\u00e9lections th\u00e9matiques et les rubriques consacr\u00e9es aux nouveaut\u00e9s. L\u2019atout majeur reste la possibilit\u00e9 d\u2019alterner entre formats papier et num\u00e9rique, en fonction des pr\u00e9f\u00e9rences de chaque lecteur et des modalit\u00e9s de diffusion souhait\u00e9es par les auteurs.<\/p>\n<h2>\u00c9diteurs sp\u00e9cialis\u00e9s et plateformes d\u2019auteurs<\/h2>\n<p>Certains <strong>\u00e9diteurs ind\u00e9pendants<\/strong> jouent un r\u00f4le d\u00e9terminant dans la circulation de la po\u00e9sie contemporaine et du slam, choisissant de privil\u00e9gier des voix hybrides et authentiques, parfois en marge des circuits traditionnels.<\/p>\n<ul>\n<li>\n      <u>Universlam \u00e9ditions<\/u> s\u2019impose comme le leader dans l\u2019\u00e9dition d\u2019\u0153uvres de slam et de po\u00e9sie vivante : la collection \u201cEntre Guillemets\u201d incarne ce souffle nouveau, o\u00f9 l\u2019oralit\u00e9 s\u2019ancre dans l\u2019\u00e9crit pour offrir une exp\u00e9rience litt\u00e9raire imm\u00e9diate et percutante. Les recueils, souvent \u00e9crits par des slameurs r\u00e9put\u00e9s ou en devenir, refl\u00e8tent la pluralit\u00e9 des styles et des approches th\u00e9matiques.\n    <\/li>\n<li>\n      <strong>Le Lys Bleu \u00c9ditions<\/strong> publie de nombreux recueils contemporains, misant sur la diversit\u00e9 des styles et sur l\u2019originalit\u00e9 de la d\u00e9marche litt\u00e9raire de ses auteurs. La vente directe via leur site favorise l\u2019engagement du lecteur et la r\u00e9mun\u00e9ration \u00e9quitable des cr\u00e9ateurs.\n    <\/li>\n<li>\n      <strong>\u00c9ditions du Panth\u00e9on<\/strong> se d\u00e9marque par des ouvrages ax\u00e9s sur l\u2019exploration litt\u00e9raire, souvent \u00e0 la fronti\u00e8re du slam, de la po\u00e9sie et du r\u00e9cit urbain, privil\u00e9giant une relation directe entre auteur et lecteur au travers de la vente en ligne.\n    <\/li>\n<\/ul>\n<p>\n    Acheter sur ces plateformes, c\u2019est soutenir une d\u00e9marche \u00e9ditoriale engag\u00e9e, participant activement \u00e0 la vitalit\u00e9 de la sc\u00e8ne po\u00e9tique contemporaine. Les \u00e9diteurs sp\u00e9cialis\u00e9s consacrent en outre une rubrique \u00e0 la pr\u00e9sentation d\u00e9taill\u00e9e des auteurs, \u00e0 la mise en avant de recueils collectifs ou de collaborations in\u00e9dites, et proposent fr\u00e9quemment des extraits en acc\u00e8s libre pour se faire une id\u00e9e de la qualit\u00e9 des textes publi\u00e9s.\n  <\/p>\n<h2>March\u00e9s et portails pour les collectifs de slameurs<\/h2>\n<p>Le <strong>slam<\/strong> se distingue par son ancrage dans le collectif, la collaboration et l\u2019expression plurielle, caract\u00e9ristiques que l\u2019on retrouve dans certains portails sp\u00e9cialis\u00e9s h\u00e9bergeant les projets d\u2019ateliers, d\u2019associations ou de sc\u00e8nes ouvertes.<\/p>\n<ul>\n<li>\n      Les <strong>Maisons de la Po\u00e9sie<\/strong> \u00e0 Paris et en Wallonie-Bruxelles servent de vitrines et de lieux de vente pour de nombreux recueils issus de collectifs de slameurs, souvent \u00e0 l\u2019issue de r\u00e9sidences ou de projets participatifs.\n    <\/li>\n<li>\n      La plateforme <u>Printemps des Po\u00e8tes<\/u> propose r\u00e9guli\u00e8rement des anthologies et recueils collectifs, donnant \u00e0 entendre la diversit\u00e9 des voix issues des sc\u00e8nes ouvertes, des festivals ou des concours.\n    <\/li>\n<li>\n      L\u2019univers du slam universitaire n\u2019est pas en reste, des projets comme ceux anim\u00e9s par l\u2019association Universlam permettent de publier des recueils collectifs r\u00e9unissant des \u00e9tudiants, enseignants et artistes, porteurs d\u2019une vision engag\u00e9e et contemporaine du texte oral.\n    <\/li>\n<\/ul>\n<p>La force de ces espaces r\u00e9side dans leur capacit\u00e9 \u00e0 promouvoir des textes in\u00e9dits, n\u00e9s de l\u2019exp\u00e9rience partag\u00e9e, donnant une place centrale \u00e0 l\u2019oralit\u00e9 et \u00e0 l\u2019exp\u00e9rimentation litt\u00e9raire. Les portails associatifs et universitaires valorisent ainsi une approche inclusive et accessible de la po\u00e9sie, tout en s\u2019inscrivant dans une d\u00e9marche de documentation et de transmission du patrimoine po\u00e9tique vivant.<\/p>\n<h2>Exp\u00e9rience utilisateur et crit\u00e8res de choix d\u2019un portail de vente<\/h2>\n<p>Le choix du <strong>portail de vente<\/strong> d\u00e9pend de nombreux facteurs, parmi lesquels la richesse du catalogue, la facilit\u00e9 de navigation et le respect du lecteur dans sa qu\u00eate d\u2019une exp\u00e9rience d\u2019achat enrichissante.<\/p>\n<ul>\n<li>\n      La pr\u00e9sence d\u2019<strong>extraits \u00e0 feuilleter<\/strong> s\u2019av\u00e8re d\u00e9terminante pour choisir un ouvrage, permettant de s\u2019impr\u00e9gner de la plume de l\u2019auteur ou de la dynamique d\u2019un collectif avant l\u2019achat.\n    <\/li>\n<li>\n      Les <u>pr\u00e9sentations d\u00e9taill\u00e9es des auteurs<\/u> et les fiches descriptives favorisent la d\u00e9couverte de styles vari\u00e9s et facilitent la s\u00e9lection selon les sensibilit\u00e9s de chaque lecteur.\n    <\/li>\n<li>\n      Les <strong>recommandations communautaires<\/strong>, l\u2019\u00e9valuation par les lecteurs et les listes de suggestions personnalis\u00e9es enrichissent l\u2019exp\u00e9rience en ouvrant la porte \u00e0 des univers po\u00e9tiques insoup\u00e7onn\u00e9s.\n    <\/li>\n<li>\n      La <strong>diversit\u00e9 des modalit\u00e9s de livraison<\/strong> (t\u00e9l\u00e9chargement imm\u00e9diat, livraison classique ou Click &#038; Collect) optimise la r\u00e9ception des ouvrages selon les contraintes et attentes de chacun.\n    <\/li>\n<\/ul>\n<p>Nous avons constat\u00e9 que les plateformes proposant une <u>interface intuitive<\/u>, la possibilit\u00e9 de cr\u00e9er des paniers th\u00e9matiques, ou l\u2019acc\u00e8s \u00e0 des extraits audio et vid\u00e9o issus des performances live offrent une exp\u00e9rience plus immersive et fid\u00e8le \u00e0 l\u2019esprit du slam et de la po\u00e9sie contemporaine. Les sites g\u00e9n\u00e9ralistes comme sp\u00e9cialis\u00e9s s\u2019attachent \u00e0 proposer des modalit\u00e9s de paiement s\u00e9curis\u00e9es, une livraison rapide et des supports client r\u00e9actifs, gages d\u2019une confiance durable pour les lecteurs exigeants.<\/p>\n<h2>Valorisation des voix \u00e9mergentes et engagement des lecteurs<\/h2>\n<p>La mont\u00e9e en puissance de la <strong>po\u00e9sie urbaine<\/strong> et du <strong>slam contemporain<\/strong> s\u2019accompagne d\u2019une politique \u00e9ditoriale favorisant l\u2019\u00e9mergence de nouveaux talents, souvent relay\u00e9s par des portails engag\u00e9s dans la d\u00e9couverte de voix audacieuses.<\/p>\n<ul>\n<li>\n      Des sites tels qu\u2019<strong>Universlam \u00e9ditions<\/strong> ou les plateformes associatives list\u00e9es par Sandra Dulier jouent un r\u00f4le de rep\u00e9rage et de mise en avant des jeunes po\u00e8tes, leur offrant une vitrine num\u00e9rique et une possibilit\u00e9 de se faire conna\u00eetre aupr\u00e8s d\u2019un vaste public.\n    <\/li>\n<li>\n      Les <u>anthologies issues de festivals<\/u> ou de concours th\u00e9matiques, accessibles sur les sites du Printemps des Po\u00e8tes ou sur UnJourUnPoeme.fr, proposent une s\u00e9lection exigeante d\u2019\u0153uvres in\u00e9dites, incarnant la diversit\u00e9 et la vitalit\u00e9 du genre.\n    <\/li>\n<li>\n      Les r\u00e9seaux sociaux participent de plus en plus \u00e0 la diffusion et \u00e0 la valorisation de ces nouveaux talents, relayant les performances, les titres publi\u00e9s et les coups de c\u0153ur de la communaut\u00e9.\n    <\/li>\n<\/ul>\n<p>Soutenir ces plateformes, c\u2019est participer activement \u00e0 l\u2019essor de la <strong>sc\u00e8ne litt\u00e9raire contemporaine<\/strong>, favoriser la r\u00e9mun\u00e9ration des auteurs \u00e9mergents et encourager le renouvellement perp\u00e9tuel des th\u00e8mes, formes et proc\u00e9d\u00e9s po\u00e9tiques. L\u2019achat consciencieux sur ces portails sp\u00e9cialis\u00e9s contribue \u00e0 l\u2019\u00e9closion de nouvelles voix, tout en renfor\u00e7ant le lien entre cr\u00e9ateurs et lecteurs.<\/p>\n<h2>Tableau comparatif des principaux portails de vente de po\u00e9sie et de slam<\/h2>\n<table border=\"1\" cellpadding=\"5\" cellspacing=\"0\">\n<tr>\n<th>Portail<\/th>\n<th>Sp\u00e9cificit\u00e9s<\/th>\n<th>Points forts<\/th>\n<th>Valeur ajout\u00e9e<\/th>\n<\/tr>\n<tr>\n<td>Fnac<\/td>\n<td>Librairie g\u00e9n\u00e9raliste, sections th\u00e9matiques diversifi\u00e9es<\/td>\n<td>Catalogue exhaustif, disponibilit\u00e9 imm\u00e9diate, pr\u00e9sence de classiques et de nouveaut\u00e9s<\/td>\n<td>Recommandations, extraits et avis communautaires int\u00e9gr\u00e9s<\/td>\n<\/tr>\n<tr>\n<td>Rakuten<\/td>\n<td>Vente de livres neufs et d\u2019occasion, nombreuses \u00e9ditions num\u00e9riques<\/td>\n<td>Prix attractifs, offre vari\u00e9e, approvisionnement rapide<\/td>\n<td>Acc\u00e8s \u00e0 des ouvrages rares ou \u00e9puis\u00e9s<\/td>\n<\/tr>\n<tr>\n<td>Eyrolles<\/td>\n<td>Forte s\u00e9lection en litt\u00e9rature contemporaine et po\u00e9sie moderne<\/td>\n<td>Crit\u00e8res de qualit\u00e9 \u00e9ditoriale, choix pointus<\/td>\n<td>Orientation vers l\u2019innovation litt\u00e9raire<\/td>\n<\/tr>\n<tr>\n<td>Universlam \u00e9ditions<\/td>\n<td>\u00c9diteur de slam et po\u00e9sie vivante<\/td>\n<td>Recueils d\u2019auteurs reconnus et \u00e9mergents, exp\u00e9rience orale et \u00e9crite<\/td>\n<td>Engagement direct, soutien aux auteurs et collectifs<\/td>\n<\/tr>\n<tr>\n<td>Le Lys Bleu \u00c9ditions<\/td>\n<td>\u00c9diteur ind\u00e9pendant ax\u00e9 sur la cr\u00e9ation contemporaine<\/td>\n<td>Publie des recueils in\u00e9dits, diversit\u00e9 des voix<\/td>\n<td>Vente directe, engagement litt\u00e9raire fort<\/td>\n<\/tr>\n<tr>\n<td>Maisons de la Po\u00e9sie<\/td>\n<td>Portails culturels et sc\u00e9niques, \u00e9ditions collectives<\/td>\n<td>Recueils issus d\u2019ateliers et de sc\u00e8nes ouvertes<\/td>\n<td>Mise en avant de la cr\u00e9ation plurielle et \u00e9ph\u00e9m\u00e8re<\/td>\n<\/tr>\n<tr>\n<td>Printemps des Po\u00e8tes<\/td>\n<td>\u00c9v\u00e9nements nationaux et \u00e9ditions anthologiques<\/td>\n<td>Diffusion de textes in\u00e9dits, valorisation des nouveaux talents<\/td>\n<td>Rayonnement national et francophone<\/td>\n<\/tr>\n<\/table>\n<h2>Conclusion\u00a0: Choisir le bon portail, soutenir la cr\u00e9ation<\/h2>\n<p>\n    L\u2019offre de <strong>po\u00e9sie contemporaine<\/strong> et de <strong>recueils de slameurs<\/strong> n\u2019a jamais \u00e9t\u00e9 aussi riche qu\u2019aujourd\u2019hui, port\u00e9e par des portails innovants, des \u00e9diteurs engag\u00e9s et des collectifs cr\u00e9atifs. La diversit\u00e9 des approches \u00e9ditoriales, la qualit\u00e9 des exp\u00e9riences utilisateur et la valorisation des voix \u00e9mergentes rendent chaque plateforme singuli\u00e8re.\n  <\/p>\n<ul>\n<li>\n      Privil\u00e9gier les \u00e9diteurs sp\u00e9cialis\u00e9s et les collectifs, c\u2019est faire le choix d\u2019une <strong>litt\u00e9rature vivante<\/strong> et d\u2019une d\u00e9marche \u00e9thique favorisant la reconnaissance des talents \u00e9mergents.\n    <\/li>\n<li>\n      Explorer les librairies en ligne g\u00e9n\u00e9ralistes assure une <u>vari\u00e9t\u00e9 d\u2019ouvrages<\/u> et facilite la d\u00e9couverte de nouvelles plumes, gr\u00e2ce \u00e0 des outils de recommandation performants.\n    <\/li>\n<li>\n      Soutenir les d\u00e9marches associatives et universitaires contribue \u00e0 la transmission et au renouvellement du patrimoine po\u00e9tique, tout en offrant une fen\u00eatre sur l\u2019actualit\u00e9 de la sc\u00e8ne slam.\n    <\/li>\n<li>\n      Opter pour les plateformes valorisant l\u2019<strong>exp\u00e9rience utilisateur<\/strong> garantit un parcours d\u2019achat fluide et stimulant, propice \u00e0 l\u2019exploration de styles nouveaux et \u00e0 la fid\u00e9lisation du lecteur.\n    <\/li>\n<\/ul>\n<p>\n    \u00c0 l\u2019heure o\u00f9 la po\u00e9sie et le slam s\u2019inscrivent r\u00e9solument dans la modernit\u00e9, choisir le bon portail, c\u2019est non seulement enrichir sa biblioth\u00e8que, mais aussi s\u2019engager dans une dynamique de soutien \u00e0 la cr\u00e9ativit\u00e9 litt\u00e9raire contemporaine. Ce panorama invite \u00e0 cultiver la curiosit\u00e9, \u00e0 privil\u00e9gier la diversit\u00e9 et \u00e0 se faire l\u2019\u00e9cho des voix qui fa\u00e7onnent la litt\u00e9rature d\u2019aujourd\u2019hui et de demain.\n  <\/p>\n","protected":false},"excerpt":{"rendered":"","protected":false},"author":34,"featured_media":7626,"comment_status":"open","ping_status":"open","sticky":false,"template":"","format":"standard","meta":{"_acf_changed":false,"manual_indexmenow":false,"indexmenow_id_project":0,"footnotes":""},"categories":[1],"tags":[4633,4534,4526],"class_list":["post-7493","post","type-post","status-publish","format-standard","has-post-thumbnail","hentry","category-a-la-une","tag-librairie","tag-poesie","tag-slam","generate-columns","tablet-grid-50","mobile-grid-100","grid-parent","grid-25"],"acf":[],"yoast_head":"<!-- This site is optimized with the Yoast SEO Premium plugin v21.3 (Yoast SEO v26.5) - https:\/\/yoast.com\/wordpress\/plugins\/seo\/ -->\n<title>O\u00f9 acheter de la po\u00e9sie et des recueils de slameurs<\/title>\n<meta name=\"description\" content=\"La recherche de recueils de slam et de po\u00e9sie contemporaine passe fr\u00e9quemment par les librairies en ligne g\u00e9n\u00e9ralistes, qui se distinguent\" \/>\n<meta name=\"robots\" content=\"index, follow, max-snippet:-1, max-image-preview:large, max-video-preview:-1\" \/>\n<link rel=\"canonical\" href=\"https:\/\/slams.fr\/blog\/a-la-une\/ou-acheter-de-la-poesie-et-des-recueils-de-slameurs-panorama-des-meilleurs-portails-de-vente-2\/\" \/>\n<meta property=\"og:locale\" content=\"fr_FR\" \/>\n<meta property=\"og:type\" content=\"article\" \/>\n<meta property=\"og:title\" content=\"O\u00f9 acheter de la po\u00e9sie et des recueils de slameurs\" \/>\n<meta property=\"og:description\" content=\"La recherche de recueils de slam et de po\u00e9sie contemporaine passe fr\u00e9quemment par les librairies en ligne g\u00e9n\u00e9ralistes, qui se distinguent\" \/>\n<meta property=\"og:url\" content=\"https:\/\/slams.fr\/blog\/a-la-une\/ou-acheter-de-la-poesie-et-des-recueils-de-slameurs-panorama-des-meilleurs-portails-de-vente-2\/\" \/>\n<meta property=\"og:site_name\" content=\"slams\" \/>\n<meta property=\"og:image\" content=\"https:\/\/slams.fr\/blog\/wp-content\/uploads\/2025\/07\/sdxl-f65fb40d8bec36ebdf8568f76a62c86f-scaled.png\" \/>\n\t<meta property=\"og:image:width\" content=\"1200\" \/>\n\t<meta property=\"og:image:height\" content=\"500\" \/>\n\t<meta property=\"og:image:type\" content=\"image\/png\" \/>\n<meta name=\"author\" content=\"Rapha\u00ebl D.\" \/>\n<meta name=\"twitter:card\" content=\"summary_large_image\" \/>\n<script type=\"application\/ld+json\" class=\"yoast-schema-graph\">{\"@context\":\"https:\/\/schema.org\",\"@graph\":[{\"@type\":\"NewsArticle\",\"@id\":\"https:\/\/slams.fr\/blog\/a-la-une\/ou-acheter-de-la-poesie-et-des-recueils-de-slameurs-panorama-des-meilleurs-portails-de-vente-2\/#article\",\"isPartOf\":{\"@id\":\"https:\/\/slams.fr\/blog\/a-la-une\/ou-acheter-de-la-poesie-et-des-recueils-de-slameurs-panorama-des-meilleurs-portails-de-vente-2\/\"},\"author\":{\"name\":\"Rapha\u00ebl D.\",\"@id\":\"https:\/\/slams.fr\/blog\/#\/schema\/person\/3c864cdc320801e3db34b663e7e3f816\"},\"headline\":\"O\u00f9 acheter de la po\u00e9sie et des recueils de slameurs\u00a0: panorama des meilleurs portails de vente\",\"datePublished\":\"2025-06-14T20:24:54+00:00\",\"mainEntityOfPage\":{\"@id\":\"https:\/\/slams.fr\/blog\/a-la-une\/ou-acheter-de-la-poesie-et-des-recueils-de-slameurs-panorama-des-meilleurs-portails-de-vente-2\/\"},\"wordCount\":1810,\"commentCount\":0,\"publisher\":{\"@id\":\"https:\/\/slams.fr\/blog\/#organization\"},\"image\":{\"@id\":\"https:\/\/slams.fr\/blog\/a-la-une\/ou-acheter-de-la-poesie-et-des-recueils-de-slameurs-panorama-des-meilleurs-portails-de-vente-2\/#primaryimage\"},\"thumbnailUrl\":\"https:\/\/slams.fr\/blog\/wp-content\/uploads\/2025\/07\/sdxl-f65fb40d8bec36ebdf8568f76a62c86f-scaled.png\",\"keywords\":[\"librairie\",\"Po\u00e9sie\",\"Slam\"],\"articleSection\":[\"\u00c0 la une\"],\"inLanguage\":\"fr-FR\",\"potentialAction\":[{\"@type\":\"CommentAction\",\"name\":\"Comment\",\"target\":[\"https:\/\/slams.fr\/blog\/a-la-une\/ou-acheter-de-la-poesie-et-des-recueils-de-slameurs-panorama-des-meilleurs-portails-de-vente-2\/#respond\"]}]},{\"@type\":\"WebPage\",\"@id\":\"https:\/\/slams.fr\/blog\/a-la-une\/ou-acheter-de-la-poesie-et-des-recueils-de-slameurs-panorama-des-meilleurs-portails-de-vente-2\/\",\"url\":\"https:\/\/slams.fr\/blog\/a-la-une\/ou-acheter-de-la-poesie-et-des-recueils-de-slameurs-panorama-des-meilleurs-portails-de-vente-2\/\",\"name\":\"O\u00f9 acheter de la po\u00e9sie et des recueils de slameurs\",\"isPartOf\":{\"@id\":\"https:\/\/slams.fr\/blog\/#website\"},\"primaryImageOfPage\":{\"@id\":\"https:\/\/slams.fr\/blog\/a-la-une\/ou-acheter-de-la-poesie-et-des-recueils-de-slameurs-panorama-des-meilleurs-portails-de-vente-2\/#primaryimage\"},\"image\":{\"@id\":\"https:\/\/slams.fr\/blog\/a-la-une\/ou-acheter-de-la-poesie-et-des-recueils-de-slameurs-panorama-des-meilleurs-portails-de-vente-2\/#primaryimage\"},\"thumbnailUrl\":\"https:\/\/slams.fr\/blog\/wp-content\/uploads\/2025\/07\/sdxl-f65fb40d8bec36ebdf8568f76a62c86f-scaled.png\",\"datePublished\":\"2025-06-14T20:24:54+00:00\",\"description\":\"La recherche de recueils de slam et de po\u00e9sie contemporaine passe fr\u00e9quemment par les librairies en ligne g\u00e9n\u00e9ralistes, qui se distinguent\",\"inLanguage\":\"fr-FR\",\"potentialAction\":[{\"@type\":\"ReadAction\",\"target\":[\"https:\/\/slams.fr\/blog\/a-la-une\/ou-acheter-de-la-poesie-et-des-recueils-de-slameurs-panorama-des-meilleurs-portails-de-vente-2\/\"]}]},{\"@type\":\"ImageObject\",\"inLanguage\":\"fr-FR\",\"@id\":\"https:\/\/slams.fr\/blog\/a-la-une\/ou-acheter-de-la-poesie-et-des-recueils-de-slameurs-panorama-des-meilleurs-portails-de-vente-2\/#primaryimage\",\"url\":\"https:\/\/slams.fr\/blog\/wp-content\/uploads\/2025\/07\/sdxl-f65fb40d8bec36ebdf8568f76a62c86f-scaled.png\",\"contentUrl\":\"https:\/\/slams.fr\/blog\/wp-content\/uploads\/2025\/07\/sdxl-f65fb40d8bec36ebdf8568f76a62c86f-scaled.png\",\"width\":1200,\"height\":500},{\"@type\":\"WebSite\",\"@id\":\"https:\/\/slams.fr\/blog\/#website\",\"url\":\"https:\/\/slams.fr\/blog\/\",\"name\":\"slams.fr\",\"description\":\"Slams, l&#039;\u00e9nergie des mots en action\",\"publisher\":{\"@id\":\"https:\/\/slams.fr\/blog\/#organization\"},\"alternateName\":\"Slams, l'\u00e9nergie des mots en action\",\"potentialAction\":[{\"@type\":\"SearchAction\",\"target\":{\"@type\":\"EntryPoint\",\"urlTemplate\":\"https:\/\/slams.fr\/blog\/?s={search_term_string}\"},\"query-input\":{\"@type\":\"PropertyValueSpecification\",\"valueRequired\":true,\"valueName\":\"search_term_string\"}}],\"inLanguage\":\"fr-FR\"},{\"@type\":\"Organization\",\"@id\":\"https:\/\/slams.fr\/blog\/#organization\",\"name\":\"Foretsensations.fr\",\"url\":\"https:\/\/slams.fr\/blog\/\",\"logo\":{\"@type\":\"ImageObject\",\"inLanguage\":\"fr-FR\",\"@id\":\"https:\/\/slams.fr\/blog\/#\/schema\/logo\/image\/\",\"url\":\"https:\/\/slams.fr\/blog\/wp-content\/uploads\/2026\/07\/logo-auto-1.png\",\"contentUrl\":\"https:\/\/slams.fr\/blog\/wp-content\/uploads\/2026\/07\/logo-auto-1.png\",\"width\":1024,\"height\":1024,\"caption\":\"Foretsensations.fr\"},\"image\":{\"@id\":\"https:\/\/slams.fr\/blog\/#\/schema\/logo\/image\/\"}},{\"@type\":\"Person\",\"@id\":\"https:\/\/slams.fr\/blog\/#\/schema\/person\/3c864cdc320801e3db34b663e7e3f816\",\"name\":\"Rapha\u00ebl D.\",\"image\":{\"@type\":\"ImageObject\",\"inLanguage\":\"fr-FR\",\"@id\":\"https:\/\/slams.fr\/blog\/#\/schema\/person\/image\/\",\"url\":\"https:\/\/slams.fr\/blog\/wp-content\/uploads\/2026\/06\/persona_raphael-d-96x96.jpg\",\"contentUrl\":\"https:\/\/slams.fr\/blog\/wp-content\/uploads\/2026\/06\/persona_raphael-d-96x96.jpg\",\"caption\":\"Rapha\u00ebl D.\"},\"description\":\"La culture est mon terrain de jeu depuis une dizaine d'ann\u00e9es : arts visuels, s\u00e9ries, cr\u00e9ation et tout ce qui nourrit l'imaginaire. J'\u00e9cris aussi bien sur l'actualit\u00e9 des \u0153uvres que sur les coulisses de la cr\u00e9ation, avec l'envie de relier l'amateur curieux \u00e0 des univers parfois jug\u00e9s intimidants. J'aime analyser une s\u00e9rie ou une d\u00e9marche artistique sans p\u00e9dantisme, replacer une \u0153uvre dans son contexte et donner des cl\u00e9s de lecture accessibles. Avant de publier, je v\u00e9rifie mes r\u00e9f\u00e9rences, je recoupe les sources et je distingue clairement le fait de mon interpr\u00e9tation subjective. Je crois qu'une critique vaut surtout par les arguments qu'elle expose, pas par la sentence qu'elle rend. Mon angle : transmettre l'envie de d\u00e9couvrir, de regarder autrement et de se forger son propre go\u00fbt. La culture n'appartient pas qu'aux initi\u00e9s, et c'est tout l'enjeu de mon \u00e9criture.\",\"url\":\"https:\/\/slams.fr\/blog\/auteur\/raphael-d\/\",\"jobTitle\":\"R\u00e9dacteur en chef \u00b7 Culture & Cr\u00e9ation\",\"knowsAbout\":[\"Culture\",\"Cr\u00e9ation\"],\"email\":\"raphael.d@a-l-asso-de-l-art.fr\"}]}<\/script>\n<!-- \/ Yoast SEO Premium plugin. -->","yoast_head_json":{"title":"O\u00f9 acheter de la po\u00e9sie et des recueils de slameurs","description":"La recherche de recueils de slam et de po\u00e9sie contemporaine passe fr\u00e9quemment par les librairies en ligne g\u00e9n\u00e9ralistes, qui se distinguent","robots":{"index":"index","follow":"follow","max-snippet":"max-snippet:-1","max-image-preview":"max-image-preview:large","max-video-preview":"max-video-preview:-1"},"canonical":"https:\/\/slams.fr\/blog\/a-la-une\/ou-acheter-de-la-poesie-et-des-recueils-de-slameurs-panorama-des-meilleurs-portails-de-vente-2\/","og_locale":"fr_FR","og_type":"article","og_title":"O\u00f9 acheter de la po\u00e9sie et des recueils de slameurs","og_description":"La recherche de recueils de slam et de po\u00e9sie contemporaine passe fr\u00e9quemment par les librairies en ligne g\u00e9n\u00e9ralistes, qui se distinguent","og_url":"https:\/\/slams.fr\/blog\/a-la-une\/ou-acheter-de-la-poesie-et-des-recueils-de-slameurs-panorama-des-meilleurs-portails-de-vente-2\/","og_site_name":"slams","og_image":[{"width":1200,"height":500,"url":"https:\/\/slams.fr\/blog\/wp-content\/uploads\/2025\/07\/sdxl-f65fb40d8bec36ebdf8568f76a62c86f-scaled.png","type":"image\/png"}],"author":"Rapha\u00ebl D.","twitter_card":"summary_large_image","schema":{"@context":"https:\/\/schema.org","@graph":[{"@type":"NewsArticle","@id":"https:\/\/slams.fr\/blog\/a-la-une\/ou-acheter-de-la-poesie-et-des-recueils-de-slameurs-panorama-des-meilleurs-portails-de-vente-2\/#article","isPartOf":{"@id":"https:\/\/slams.fr\/blog\/a-la-une\/ou-acheter-de-la-poesie-et-des-recueils-de-slameurs-panorama-des-meilleurs-portails-de-vente-2\/"},"author":{"name":"Rapha\u00ebl D.","@id":"https:\/\/slams.fr\/blog\/#\/schema\/person\/3c864cdc320801e3db34b663e7e3f816"},"headline":"O\u00f9 acheter de la po\u00e9sie et des recueils de slameurs\u00a0: panorama des meilleurs portails de vente","datePublished":"2025-06-14T20:24:54+00:00","mainEntityOfPage":{"@id":"https:\/\/slams.fr\/blog\/a-la-une\/ou-acheter-de-la-poesie-et-des-recueils-de-slameurs-panorama-des-meilleurs-portails-de-vente-2\/"},"wordCount":1810,"commentCount":0,"publisher":{"@id":"https:\/\/slams.fr\/blog\/#organization"},"image":{"@id":"https:\/\/slams.fr\/blog\/a-la-une\/ou-acheter-de-la-poesie-et-des-recueils-de-slameurs-panorama-des-meilleurs-portails-de-vente-2\/#primaryimage"},"thumbnailUrl":"https:\/\/slams.fr\/blog\/wp-content\/uploads\/2025\/07\/sdxl-f65fb40d8bec36ebdf8568f76a62c86f-scaled.png","keywords":["librairie","Po\u00e9sie","Slam"],"articleSection":["\u00c0 la une"],"inLanguage":"fr-FR","potentialAction":[{"@type":"CommentAction","name":"Comment","target":["https:\/\/slams.fr\/blog\/a-la-une\/ou-acheter-de-la-poesie-et-des-recueils-de-slameurs-panorama-des-meilleurs-portails-de-vente-2\/#respond"]}]},{"@type":"WebPage","@id":"https:\/\/slams.fr\/blog\/a-la-une\/ou-acheter-de-la-poesie-et-des-recueils-de-slameurs-panorama-des-meilleurs-portails-de-vente-2\/","url":"https:\/\/slams.fr\/blog\/a-la-une\/ou-acheter-de-la-poesie-et-des-recueils-de-slameurs-panorama-des-meilleurs-portails-de-vente-2\/","name":"O\u00f9 acheter de la po\u00e9sie et des recueils de slameurs","isPartOf":{"@id":"https:\/\/slams.fr\/blog\/#website"},"primaryImageOfPage":{"@id":"https:\/\/slams.fr\/blog\/a-la-une\/ou-acheter-de-la-poesie-et-des-recueils-de-slameurs-panorama-des-meilleurs-portails-de-vente-2\/#primaryimage"},"image":{"@id":"https:\/\/slams.fr\/blog\/a-la-une\/ou-acheter-de-la-poesie-et-des-recueils-de-slameurs-panorama-des-meilleurs-portails-de-vente-2\/#primaryimage"},"thumbnailUrl":"https:\/\/slams.fr\/blog\/wp-content\/uploads\/2025\/07\/sdxl-f65fb40d8bec36ebdf8568f76a62c86f-scaled.png","datePublished":"2025-06-14T20:24:54+00:00","description":"La recherche de recueils de slam et de po\u00e9sie contemporaine passe fr\u00e9quemment par les librairies en ligne g\u00e9n\u00e9ralistes, qui se distinguent","inLanguage":"fr-FR","potentialAction":[{"@type":"ReadAction","target":["https:\/\/slams.fr\/blog\/a-la-une\/ou-acheter-de-la-poesie-et-des-recueils-de-slameurs-panorama-des-meilleurs-portails-de-vente-2\/"]}]},{"@type":"ImageObject","inLanguage":"fr-FR","@id":"https:\/\/slams.fr\/blog\/a-la-une\/ou-acheter-de-la-poesie-et-des-recueils-de-slameurs-panorama-des-meilleurs-portails-de-vente-2\/#primaryimage","url":"https:\/\/slams.fr\/blog\/wp-content\/uploads\/2025\/07\/sdxl-f65fb40d8bec36ebdf8568f76a62c86f-scaled.png","contentUrl":"https:\/\/slams.fr\/blog\/wp-content\/uploads\/2025\/07\/sdxl-f65fb40d8bec36ebdf8568f76a62c86f-scaled.png","width":1200,"height":500},{"@type":"WebSite","@id":"https:\/\/slams.fr\/blog\/#website","url":"https:\/\/slams.fr\/blog\/","name":"slams.fr","description":"Slams, l&#039;\u00e9nergie des mots en action","publisher":{"@id":"https:\/\/slams.fr\/blog\/#organization"},"alternateName":"Slams, l'\u00e9nergie des mots en action","potentialAction":[{"@type":"SearchAction","target":{"@type":"EntryPoint","urlTemplate":"https:\/\/slams.fr\/blog\/?s={search_term_string}"},"query-input":{"@type":"PropertyValueSpecification","valueRequired":true,"valueName":"search_term_string"}}],"inLanguage":"fr-FR"},{"@type":"Organization","@id":"https:\/\/slams.fr\/blog\/#organization","name":"Foretsensations.fr","url":"https:\/\/slams.fr\/blog\/","logo":{"@type":"ImageObject","inLanguage":"fr-FR","@id":"https:\/\/slams.fr\/blog\/#\/schema\/logo\/image\/","url":"https:\/\/slams.fr\/blog\/wp-content\/uploads\/2026\/07\/logo-auto-1.png","contentUrl":"https:\/\/slams.fr\/blog\/wp-content\/uploads\/2026\/07\/logo-auto-1.png","width":1024,"height":1024,"caption":"Foretsensations.fr"},"image":{"@id":"https:\/\/slams.fr\/blog\/#\/schema\/logo\/image\/"}},{"@type":"Person","@id":"https:\/\/slams.fr\/blog\/#\/schema\/person\/3c864cdc320801e3db34b663e7e3f816","name":"Rapha\u00ebl D.","image":{"@type":"ImageObject","inLanguage":"fr-FR","@id":"https:\/\/slams.fr\/blog\/#\/schema\/person\/image\/","url":"https:\/\/slams.fr\/blog\/wp-content\/uploads\/2026\/06\/persona_raphael-d-96x96.jpg","contentUrl":"https:\/\/slams.fr\/blog\/wp-content\/uploads\/2026\/06\/persona_raphael-d-96x96.jpg","caption":"Rapha\u00ebl D."},"description":"La culture est mon terrain de jeu depuis une dizaine d'ann\u00e9es : arts visuels, s\u00e9ries, cr\u00e9ation et tout ce qui nourrit l'imaginaire. J'\u00e9cris aussi bien sur l'actualit\u00e9 des \u0153uvres que sur les coulisses de la cr\u00e9ation, avec l'envie de relier l'amateur curieux \u00e0 des univers parfois jug\u00e9s intimidants. J'aime analyser une s\u00e9rie ou une d\u00e9marche artistique sans p\u00e9dantisme, replacer une \u0153uvre dans son contexte et donner des cl\u00e9s de lecture accessibles. Avant de publier, je v\u00e9rifie mes r\u00e9f\u00e9rences, je recoupe les sources et je distingue clairement le fait de mon interpr\u00e9tation subjective. Je crois qu'une critique vaut surtout par les arguments qu'elle expose, pas par la sentence qu'elle rend. Mon angle : transmettre l'envie de d\u00e9couvrir, de regarder autrement et de se forger son propre go\u00fbt. La culture n'appartient pas qu'aux initi\u00e9s, et c'est tout l'enjeu de mon \u00e9criture.","url":"https:\/\/slams.fr\/blog\/auteur\/raphael-d\/","jobTitle":"R\u00e9dacteur en chef \u00b7 Culture & Cr\u00e9ation","knowsAbout":["Culture","Cr\u00e9ation"],"email":"raphael.d@a-l-asso-de-l-art.fr"}]}},"_links":{"self":[{"href":"https:\/\/slams.fr\/blog\/wp-json\/wp\/v2\/posts\/7493","targetHints":{"allow":["GET"]}}],"collection":[{"href":"https:\/\/slams.fr\/blog\/wp-json\/wp\/v2\/posts"}],"about":[{"href":"https:\/\/slams.fr\/blog\/wp-json\/wp\/v2\/types\/post"}],"author":[{"embeddable":true,"href":"https:\/\/slams.fr\/blog\/wp-json\/wp\/v2\/users\/34"}],"replies":[{"embeddable":true,"href":"https:\/\/slams.fr\/blog\/wp-json\/wp\/v2\/comments?post=7493"}],"version-history":[{"count":0,"href":"https:\/\/slams.fr\/blog\/wp-json\/wp\/v2\/posts\/7493\/revisions"}],"wp:featuredmedia":[{"embeddable":true,"href":"https:\/\/slams.fr\/blog\/wp-json\/wp\/v2\/media\/7626"}],"wp:attachment":[{"href":"https:\/\/slams.fr\/blog\/wp-json\/wp\/v2\/media?parent=7493"}],"wp:term":[{"taxonomy":"category","embeddable":true,"href":"https:\/\/slams.fr\/blog\/wp-json\/wp\/v2\/categories?post=7493"},{"taxonomy":"post_tag","embeddable":true,"href":"https:\/\/slams.fr\/blog\/wp-json\/wp\/v2\/tags?post=7493"}],"curies":[{"name":"wp","href":"https:\/\/api.w.org\/{rel}","templated":true}]}}