{"id":7499,"date":"2025-06-14T22:27:12","date_gmt":"2025-06-14T20:27:12","guid":{"rendered":"https:\/\/slams.fr\/blog\/a-la-une\/selectionner-les-lieux-emblematiques-pour-des-battles-internationales-de-slam\/"},"modified":"2025-06-14T22:27:12","modified_gmt":"2025-06-14T20:27:12","slug":"selectionner-les-lieux-emblematiques-pour-des-battles-internationales-de-slam","status":"publish","type":"post","link":"https:\/\/slams.fr\/blog\/a-la-une\/selectionner-les-lieux-emblematiques-pour-des-battles-internationales-de-slam\/","title":{"rendered":"S\u00e9lectionner les Lieux Embl\u00e9matiques pour des Battles Internationales de Slam"},"content":{"rendered":"<h1>S\u00e9lectionner les Lieux Embl\u00e9matiques pour des Battles Internationales de Slam<\/h1>\n<h2>Caract\u00e9ristiques techniques des espaces adapt\u00e9s au slam<\/h2>\n<p>Pour garantir des <strong>performances de qualit\u00e9<\/strong> lors d\u2019un battle international de slam, la <strong>configuration du lieu<\/strong> occupe une place centrale. Un espace appropri\u00e9 doit offrir une <u>acoustique irr\u00e9prochable<\/u>, favorisant la clart\u00e9 des voix sans saturation ni r\u00e9verb\u00e9ration excessive. En 2019, la <strong>Grande Halle de la Villette<\/strong> \u00e0 Paris a accueilli l\u2019\u00ab\u00a0International Illest Battle 100% Krump\u00a0\u00bb\u00a0: ce choix illustre parfaitement l\u2019importance d\u2019un \u00e9quipement sonore professionnel et d\u2019une sc\u00e8ne visible sous diff\u00e9rents angles pour le public, tout en assurant la s\u00e9curit\u00e9 des artistes et la fluidit\u00e9 des changements de plateau.<\/p>\n<ul>\n<li><strong>Acoustique ma\u00eetris\u00e9e<\/strong> et absence de bruits parasites<\/li>\n<li><strong>Sc\u00e8ne centrale<\/strong> permettant une interaction immersive avec le public<\/li>\n<li><strong>Capacit\u00e9 d\u2019accueil<\/strong> modulable afin d\u2019accueillir aussi bien des comp\u00e9titions mondiales que des finales plus intimistes<\/li>\n<li><strong>Loges \u00e9quip\u00e9es<\/strong> pour les artistes et \u00e9quipes techniques<\/li>\n<li><strong>Accessibilit\u00e9 pour tous<\/strong>\u00a0: rampes d\u2019acc\u00e8s, signal\u00e9tique adapt\u00e9e, espaces pour personnes \u00e0 mobilit\u00e9 r\u00e9duite<\/li>\n<\/ul>\n<p>\u00c0 Bruxelles, le <strong>Th\u00e9\u00e2tre de la Vie<\/strong> ainsi que l\u2019<strong>Espace Magh<\/strong> se distinguent \u00e9galement par leur modernit\u00e9 technique, offrant aux slameurs une sc\u00e8ne \u00e0 la hauteur des exigences internationales, tout en pr\u00e9servant un lien de proximit\u00e9 avec le public, caract\u00e9ristique incontournable des rencontres de slam.<u>Le choix d\u2019un espace d\u00e9di\u00e9 n\u2019est jamais anodin\u00a0: il conditionne la port\u00e9e \u00e9motionnelle et la pr\u00e9cision des restitutions po\u00e9tiques.<\/u><\/p>\n<h2>R\u00e9sonance culturelle et symbolique du site retenu<\/h2>\n<p>Nous observons que la <strong>dimension symbolique<\/strong> du lieu participe activement \u00e0 l\u2019aura de l\u2019\u00e9v\u00e9nement. Chaque battle de slam acquiert une part de son identit\u00e9 par l\u2019histoire, la r\u00e9putation ou l\u2019ancrage urbain de son espace d\u2019accueil. En 2011 \u00e0 Bruxelles, la remise des <strong>Prix Paroles Urbaines<\/strong> au Botanique t\u00e9moigne de cette recherche d\u2019une l\u00e9gitimit\u00e9 \u00e0 travers le choix d\u2019un site charg\u00e9 de m\u00e9moire artistique. S\u2019installer dans une salle embl\u00e9matique, telle que la <strong>Maison de la Po\u00e9sie<\/strong> \u00e0 Paris ou le <strong>Botanique<\/strong> \u00e0 Bruxelles, place l\u2019\u00e9v\u00e9nement dans une filiation culturelle forte, tout en attirant des publics issus de divers horizons. Certains festivals misent sur des sites marqu\u00e9s par l\u2019histoire des cultures urbaines, comme l\u2019ancienne caserne de la <strong>Friche Belle de Mai<\/strong> \u00e0 Marseille, transform\u00e9e en sc\u00e8ne vivante pour accueillir le dynamisme du slam.<\/p>\n<ul>\n<li>Salles historiques \u00e0 la renomm\u00e9e internationale<\/li>\n<li>Lieux ancr\u00e9s dans la m\u00e9moire populaire ou militante<\/li>\n<li>Espaces urbains r\u00e9investis par les artistes<\/li>\n<\/ul>\n<p><u>S\u00e9lectionner un site, c\u2019est donner \u00e0 chaque battle une profondeur suppl\u00e9mentaire\u00a0: celle d\u2019un dialogue entre l\u2019art oratoire et l\u2019histoire de la ville h\u00f4te.<\/u><\/p>\n<h2>Visibilit\u00e9 m\u00e9diatique et retomb\u00e9es internationales<\/h2>\n<p>La <strong>visibilit\u00e9 m\u00e9diatique<\/strong> offerte par le site d\u2019une battle internationale de slam influence directement le rayonnement de l\u2019\u00e9v\u00e9nement, la notori\u00e9t\u00e9 des artistes et l\u2019\u00e9volution du mouvement slam \u00e0 l\u2019\u00e9chelle globale. Les organisateurs privil\u00e9gient souvent des espaces b\u00e9n\u00e9ficiant d\u2019une forte exposition, comme le <strong>Grand Rex<\/strong> \u00e0 Paris, afin de garantir une couverture presse optimale et un acc\u00e8s facilit\u00e9 aux m\u00e9dias audiovisuels. \u00c0 Bruxelles, l\u2019<strong>Espace Magh<\/strong> est fr\u00e9quemment choisi pour ses partenariats avec des radios et t\u00e9l\u00e9visions locales, qui relayent largement les performances.<\/p>\n<ul>\n<li>Lieu \u00e9vocateur facilitant la mobilisation des journalistes, photographes et vid\u00e9astes<\/li>\n<li>Capacit\u00e9 \u00e0 accueillir des dispositifs de diffusion en direct (streaming, r\u00e9seaux sociaux)<\/li>\n<li>Effet de levier sur la notori\u00e9t\u00e9 des slameurs et la cr\u00e9ation de communaut\u00e9s internationales<\/li>\n<\/ul>\n<p>L\u2019exp\u00e9rience montre que l\u2019impact m\u00e9diatique d\u2019un battle d\u00e9passe les murs de la salle\u00a0: la retransmission en streaming, comme cela a \u00e9t\u00e9 le cas pour la <strong>Slam World Cup<\/strong> organis\u00e9e \u00e0 Paris, permet de f\u00e9d\u00e9rer un public mondial et d\u2019inscrire la performance dans la m\u00e9moire collective. <u>Le choix du lieu devient ainsi un moteur strat\u00e9gique pour l\u2019exportation du slam et la consolidation de r\u00e9seaux artistiques transnationaux.<\/u><\/p>\n<h2>Capacit\u00e9 d\u2019accueil et exp\u00e9rience spectateur<\/h2>\n<p>Le <strong>confort du public<\/strong> constitue un enjeu majeur pour l\u2019organisation de battles internationales. Les sites retenus doivent \u00eatre capables d\u2019accueillir un nombre cons\u00e9quent de spectateurs tout en pr\u00e9servant la dimension intime et \u00e9lectrisante du slam. \u00c0 Montr\u00e9al, le <strong>Cabaret Mado<\/strong> adapte r\u00e9guli\u00e8rement sa configuration int\u00e9rieure pour maintenir la proximit\u00e9 entre artistes et spectateurs, condition essentielle \u00e0 l\u2019authenticit\u00e9 du slam.<\/p>\n<ul>\n<li>Espaces modulables pour s\u2019ajuster aux affluences attendues<\/li>\n<li>Sc\u00e9nographie immersive qui renforce l\u2019impact visuel des performances<\/li>\n<li>Circulation fluide du public, avec un acc\u00e8s facilit\u00e9 aux bars, sanitaires et zones de repos<\/li>\n<li>Diffusion en direct permettant l\u2019inclusion d\u2019un public international<\/li>\n<\/ul>\n<p>En Guyane, le concours d\u2019\u00e9loquence organis\u00e9 par l\u2019Acad\u00e9mie privil\u00e9gie chaque ann\u00e9e des salles polyvalentes qui garantissent \u00e0 la fois la s\u00e9curit\u00e9, l\u2019accessibilit\u00e9 et la visibilit\u00e9, tout en favorisant l\u2019\u00e9motion brute de la confrontation verbale. <u>Faire le choix d\u2019un espace s\u2019adaptant \u00e0 la nature du slam, c\u2019est placer l\u2019exp\u00e9rience spectateur au c\u0153ur de la r\u00e9ussite de l\u2019\u00e9v\u00e9nement.<\/u><\/p>\n<h2>Partenariats locaux et impact sur le tissu urbain<\/h2>\n<p>La r\u00e9ussite d\u2019une battle internationale de slam repose largement sur la capacit\u00e9 \u00e0 tisser des <strong>partenariats locaux solides<\/strong>. Les collaborations avec les collectivit\u00e9s, centres culturels et associations permettent non seulement de mutualiser les ressources, mais aussi d\u2019enraciner l\u2019\u00e9v\u00e9nement dans la ville h\u00f4te. \u00c0 Bruxelles, l\u2019association <strong>Lezarts Urbains<\/strong> s\u2019engage depuis plusieurs ann\u00e9es aupr\u00e8s de festivals de slam, contribuant \u00e0 la transformation d\u2019espaces urbains en v\u00e9ritables sc\u00e8nes d\u2019expression pour la jeunesse.<\/p>\n<ul>\n<li>Co-construction d\u2019\u00e9v\u00e9nements avec des acteurs locaux reconnus<\/li>\n<li>Dynamisation du quartier ou de la ville par l\u2019affluence de publics nouveaux<\/li>\n<li>Mise en valeur de la diversit\u00e9 artistique et linguistique des participants<\/li>\n<\/ul>\n<p>Un exemple frappant r\u00e9side dans l\u2019occupation temporaire de l\u2019ancienne gare de <strong>Li\u00e8ge-Guillemins<\/strong>, r\u00e9am\u00e9nag\u00e9e pour accueillir des rencontres de slam et des ateliers d\u2019\u00e9criture. L\u2019impact positif sur la vie locale se mesure \u00e0 la multiplication d\u2019initiatives culturelles et \u00e0 l\u2019\u00e9mergence de nouveaux espaces de rencontre pour la communaut\u00e9. <u>Un \u00e9v\u00e9nement de cette ampleur devient alors un catalyseur d\u2019innovation et de coh\u00e9sion urbaine.<\/u><\/p>\n<h2>Gestion des flux et s\u00e9curit\u00e9 des participants<\/h2>\n<p>Garantir la <strong>s\u00e9curit\u00e9<\/strong> et la <strong>gestion optimale des flux<\/strong> de personnes s\u2019impose comme une exigence non n\u00e9gociable. Les organisateurs \u00e9valuent scrupuleusement la capacit\u00e9 du site \u00e0 g\u00e9rer de grandes affluences, souvent sup\u00e9rieures \u00e0 mille personnes, tout en respectant la r\u00e9glementation internationale sur les rassemblements, les plans d\u2019\u00e9vacuation et l\u2019accessibilit\u00e9 des secours. Lors des grandes comp\u00e9titions \u00e0 Paris ou Bruxelles, la collaboration avec les forces de s\u00e9curit\u00e9, services de sant\u00e9 et prestataires techniques est syst\u00e9matique.<\/p>\n<ul>\n<li>Syst\u00e8mes de vid\u00e9osurveillance et pr\u00e9sence de personnel form\u00e9 \u00e0 la gestion des foules<\/li>\n<li>Contr\u00f4les d\u2019acc\u00e8s s\u00e9curis\u00e9s et circuits fluides pour \u00e9viter tout engorgement<\/li>\n<li>Mise en place d\u2019\u00e9quipes d\u2019intervention rapide en cas d\u2019urgence<\/li>\n<\/ul>\n<p>\u00c0 la <strong>Z\u00e9nith Arena<\/strong> de Lille, qui a accueilli plusieurs \u00e9v\u00e9nements d\u2019ampleur, le dispositif de s\u00e9curit\u00e9 associe contr\u00f4le des flux, gestion des files d\u2019attente et anticipation des pics d\u2019affluence pendant les pauses. <u>Cette vigilance constante pr\u00e9serve la dimension conviviale et inspirante propre au slam tout en assurant la s\u00e9r\u00e9nit\u00e9 des artistes et du public.<\/u><\/p>\n<h2>Conclusion\u00a0: Vers une sc\u00e9nographie mondiale du slam<\/h2>\n<p>\u00c0 travers l\u2019analyse de ces crit\u00e8res et l\u2019observation attentive des pratiques internationales, nous constatons que s\u00e9lectionner un site pour une battle mondiale de slam ne r\u00e9sulte jamais du hasard. Chaque choix refl\u00e8te un \u00e9quilibre subtil entre exigences techniques, h\u00e9ritage culturel et strat\u00e9gie de diffusion. \u00c0 notre sens, la r\u00e9ussite d\u2019un \u00e9v\u00e9nement r\u00e9side dans sa capacit\u00e9 \u00e0 s\u2019int\u00e9grer \u00e0 la fois dans l\u2019histoire locale et sur la carte du slam mondial, permettant l\u2019\u00e9mergence de nouveaux talents tout en renouvelant les formes d\u2019expressions orales contemporaines.<\/p>\n<ul>\n<li><strong>Qualit\u00e9s techniques<\/strong> et <strong>infrastructures adapt\u00e9es<\/strong> comme socle de la performance<\/li>\n<li><strong>Dimension culturelle<\/strong> et <strong>symbolique<\/strong> qui nourrit l\u2019identit\u00e9 de chaque battle<\/li>\n<li><strong>Rayonnement m\u00e9diatique<\/strong> et <strong>partenariats<\/strong> garants d\u2019une visibilit\u00e9 plan\u00e9taire<\/li>\n<li><strong>Engagement urbain<\/strong> transformant chaque rencontre en \u00e9v\u00e9nement f\u00e9d\u00e9rateur pour la ville h\u00f4te<\/li>\n<\/ul>\n<p>Nous estimons que cette exigence de s\u00e9lection contribue \u00e0 \u00e9lever la pratique du slam en art majeur, capable de porter la voix des po\u00e8tes du monde entier vers de nouveaux horizons. Loin d\u2019\u00eatre un simple \u00e9crin, le site d\u2019accueil devient ainsi le c\u0153ur battant de la performance, le point d\u2019ancrage d\u2019une communaut\u00e9 en mouvement perp\u00e9tuel.<\/p>\n","protected":false},"excerpt":{"rendered":"","protected":false},"author":34,"featured_media":7590,"comment_status":"open","ping_status":"open","sticky":false,"template":"","format":"standard","meta":{"_acf_changed":false,"manual_indexmenow":false,"indexmenow_id_project":0,"footnotes":""},"categories":[1],"tags":[4643,4644,4634],"class_list":["post-7499","post","type-post","status-publish","format-standard","has-post-thumbnail","hentry","category-a-la-une","tag-lieux-emblematiques","tag-poetry-battle","tag-slam-international","generate-columns","tablet-grid-50","mobile-grid-100","grid-parent","grid-25"],"acf":[],"yoast_head":"<!-- This site is optimized with the Yoast SEO Premium plugin v21.3 (Yoast SEO v26.5) - https:\/\/yoast.com\/wordpress\/plugins\/seo\/ -->\n<title>Les lieux embl\u00e9matiques des battles de slam<\/title>\n<meta name=\"description\" content=\"Pour garantir des performances de qualit\u00e9 lors d\u2019un battle international de slam, la configuration du lieu occupe une place centrale.\" \/>\n<meta name=\"robots\" content=\"index, follow, max-snippet:-1, max-image-preview:large, max-video-preview:-1\" \/>\n<link rel=\"canonical\" href=\"https:\/\/slams.fr\/blog\/a-la-une\/selectionner-les-lieux-emblematiques-pour-des-battles-internationales-de-slam\/\" \/>\n<meta property=\"og:locale\" content=\"fr_FR\" \/>\n<meta property=\"og:type\" content=\"article\" \/>\n<meta property=\"og:title\" content=\"Les lieux embl\u00e9matiques des battles de slam\" \/>\n<meta property=\"og:description\" content=\"Pour garantir des performances de qualit\u00e9 lors d\u2019un battle international de slam, la configuration du lieu occupe une place centrale.\" \/>\n<meta property=\"og:url\" content=\"https:\/\/slams.fr\/blog\/a-la-une\/selectionner-les-lieux-emblematiques-pour-des-battles-internationales-de-slam\/\" \/>\n<meta property=\"og:site_name\" content=\"slams\" \/>\n<meta property=\"og:image\" content=\"https:\/\/slams.fr\/blog\/wp-content\/uploads\/2025\/07\/sdxl-8248f2344ee9f9d47e8e85d0b636be33-scaled.png\" \/>\n\t<meta property=\"og:image:width\" content=\"1200\" \/>\n\t<meta property=\"og:image:height\" content=\"500\" \/>\n\t<meta property=\"og:image:type\" content=\"image\/png\" \/>\n<meta name=\"author\" content=\"Rapha\u00ebl D.\" \/>\n<meta name=\"twitter:card\" content=\"summary_large_image\" \/>\n<script type=\"application\/ld+json\" class=\"yoast-schema-graph\">{\"@context\":\"https:\/\/schema.org\",\"@graph\":[{\"@type\":\"NewsArticle\",\"@id\":\"https:\/\/slams.fr\/blog\/a-la-une\/selectionner-les-lieux-emblematiques-pour-des-battles-internationales-de-slam\/#article\",\"isPartOf\":{\"@id\":\"https:\/\/slams.fr\/blog\/a-la-une\/selectionner-les-lieux-emblematiques-pour-des-battles-internationales-de-slam\/\"},\"author\":{\"name\":\"Rapha\u00ebl D.\",\"@id\":\"https:\/\/slams.fr\/blog\/#\/schema\/person\/3c864cdc320801e3db34b663e7e3f816\"},\"headline\":\"S\u00e9lectionner les Lieux Embl\u00e9matiques pour des Battles Internationales de Slam\",\"datePublished\":\"2025-06-14T20:27:12+00:00\",\"mainEntityOfPage\":{\"@id\":\"https:\/\/slams.fr\/blog\/a-la-une\/selectionner-les-lieux-emblematiques-pour-des-battles-internationales-de-slam\/\"},\"wordCount\":1485,\"commentCount\":0,\"publisher\":{\"@id\":\"https:\/\/slams.fr\/blog\/#organization\"},\"image\":{\"@id\":\"https:\/\/slams.fr\/blog\/a-la-une\/selectionner-les-lieux-emblematiques-pour-des-battles-internationales-de-slam\/#primaryimage\"},\"thumbnailUrl\":\"https:\/\/slams.fr\/blog\/wp-content\/uploads\/2025\/07\/sdxl-8248f2344ee9f9d47e8e85d0b636be33-scaled.png\",\"keywords\":[\"lieux emblematiques\",\"poetry battle\",\"slam international\"],\"articleSection\":[\"\u00c0 la une\"],\"inLanguage\":\"fr-FR\",\"potentialAction\":[{\"@type\":\"CommentAction\",\"name\":\"Comment\",\"target\":[\"https:\/\/slams.fr\/blog\/a-la-une\/selectionner-les-lieux-emblematiques-pour-des-battles-internationales-de-slam\/#respond\"]}]},{\"@type\":\"WebPage\",\"@id\":\"https:\/\/slams.fr\/blog\/a-la-une\/selectionner-les-lieux-emblematiques-pour-des-battles-internationales-de-slam\/\",\"url\":\"https:\/\/slams.fr\/blog\/a-la-une\/selectionner-les-lieux-emblematiques-pour-des-battles-internationales-de-slam\/\",\"name\":\"Les lieux embl\u00e9matiques des battles de slam\",\"isPartOf\":{\"@id\":\"https:\/\/slams.fr\/blog\/#website\"},\"primaryImageOfPage\":{\"@id\":\"https:\/\/slams.fr\/blog\/a-la-une\/selectionner-les-lieux-emblematiques-pour-des-battles-internationales-de-slam\/#primaryimage\"},\"image\":{\"@id\":\"https:\/\/slams.fr\/blog\/a-la-une\/selectionner-les-lieux-emblematiques-pour-des-battles-internationales-de-slam\/#primaryimage\"},\"thumbnailUrl\":\"https:\/\/slams.fr\/blog\/wp-content\/uploads\/2025\/07\/sdxl-8248f2344ee9f9d47e8e85d0b636be33-scaled.png\",\"datePublished\":\"2025-06-14T20:27:12+00:00\",\"description\":\"Pour garantir des performances de qualit\u00e9 lors d\u2019un battle international de slam, la configuration du lieu occupe une place centrale.\",\"inLanguage\":\"fr-FR\",\"potentialAction\":[{\"@type\":\"ReadAction\",\"target\":[\"https:\/\/slams.fr\/blog\/a-la-une\/selectionner-les-lieux-emblematiques-pour-des-battles-internationales-de-slam\/\"]}]},{\"@type\":\"ImageObject\",\"inLanguage\":\"fr-FR\",\"@id\":\"https:\/\/slams.fr\/blog\/a-la-une\/selectionner-les-lieux-emblematiques-pour-des-battles-internationales-de-slam\/#primaryimage\",\"url\":\"https:\/\/slams.fr\/blog\/wp-content\/uploads\/2025\/07\/sdxl-8248f2344ee9f9d47e8e85d0b636be33-scaled.png\",\"contentUrl\":\"https:\/\/slams.fr\/blog\/wp-content\/uploads\/2025\/07\/sdxl-8248f2344ee9f9d47e8e85d0b636be33-scaled.png\",\"width\":1200,\"height\":500},{\"@type\":\"WebSite\",\"@id\":\"https:\/\/slams.fr\/blog\/#website\",\"url\":\"https:\/\/slams.fr\/blog\/\",\"name\":\"slams.fr\",\"description\":\"Slams, l&#039;\u00e9nergie des mots en action\",\"publisher\":{\"@id\":\"https:\/\/slams.fr\/blog\/#organization\"},\"alternateName\":\"Slams, l'\u00e9nergie des mots en action\",\"potentialAction\":[{\"@type\":\"SearchAction\",\"target\":{\"@type\":\"EntryPoint\",\"urlTemplate\":\"https:\/\/slams.fr\/blog\/?s={search_term_string}\"},\"query-input\":{\"@type\":\"PropertyValueSpecification\",\"valueRequired\":true,\"valueName\":\"search_term_string\"}}],\"inLanguage\":\"fr-FR\"},{\"@type\":\"Organization\",\"@id\":\"https:\/\/slams.fr\/blog\/#organization\",\"name\":\"Foretsensations.fr\",\"url\":\"https:\/\/slams.fr\/blog\/\",\"logo\":{\"@type\":\"ImageObject\",\"inLanguage\":\"fr-FR\",\"@id\":\"https:\/\/slams.fr\/blog\/#\/schema\/logo\/image\/\",\"url\":\"https:\/\/slams.fr\/blog\/wp-content\/uploads\/2026\/07\/logo-auto-1.png\",\"contentUrl\":\"https:\/\/slams.fr\/blog\/wp-content\/uploads\/2026\/07\/logo-auto-1.png\",\"width\":1024,\"height\":1024,\"caption\":\"Foretsensations.fr\"},\"image\":{\"@id\":\"https:\/\/slams.fr\/blog\/#\/schema\/logo\/image\/\"}},{\"@type\":\"Person\",\"@id\":\"https:\/\/slams.fr\/blog\/#\/schema\/person\/3c864cdc320801e3db34b663e7e3f816\",\"name\":\"Rapha\u00ebl D.\",\"image\":{\"@type\":\"ImageObject\",\"inLanguage\":\"fr-FR\",\"@id\":\"https:\/\/slams.fr\/blog\/#\/schema\/person\/image\/\",\"url\":\"https:\/\/slams.fr\/blog\/wp-content\/uploads\/2026\/06\/persona_raphael-d-96x96.jpg\",\"contentUrl\":\"https:\/\/slams.fr\/blog\/wp-content\/uploads\/2026\/06\/persona_raphael-d-96x96.jpg\",\"caption\":\"Rapha\u00ebl D.\"},\"description\":\"La culture est mon terrain de jeu depuis une dizaine d'ann\u00e9es : arts visuels, s\u00e9ries, cr\u00e9ation et tout ce qui nourrit l'imaginaire. J'\u00e9cris aussi bien sur l'actualit\u00e9 des \u0153uvres que sur les coulisses de la cr\u00e9ation, avec l'envie de relier l'amateur curieux \u00e0 des univers parfois jug\u00e9s intimidants. J'aime analyser une s\u00e9rie ou une d\u00e9marche artistique sans p\u00e9dantisme, replacer une \u0153uvre dans son contexte et donner des cl\u00e9s de lecture accessibles. Avant de publier, je v\u00e9rifie mes r\u00e9f\u00e9rences, je recoupe les sources et je distingue clairement le fait de mon interpr\u00e9tation subjective. Je crois qu'une critique vaut surtout par les arguments qu'elle expose, pas par la sentence qu'elle rend. Mon angle : transmettre l'envie de d\u00e9couvrir, de regarder autrement et de se forger son propre go\u00fbt. La culture n'appartient pas qu'aux initi\u00e9s, et c'est tout l'enjeu de mon \u00e9criture.\",\"url\":\"https:\/\/slams.fr\/blog\/auteur\/raphael-d\/\",\"jobTitle\":\"R\u00e9dacteur en chef \u00b7 Culture & Cr\u00e9ation\",\"knowsAbout\":[\"Culture\",\"Cr\u00e9ation\"],\"email\":\"raphael.d@a-l-asso-de-l-art.fr\"}]}<\/script>\n<!-- \/ Yoast SEO Premium plugin. -->","yoast_head_json":{"title":"Les lieux embl\u00e9matiques des battles de slam","description":"Pour garantir des performances de qualit\u00e9 lors d\u2019un battle international de slam, la configuration du lieu occupe une place centrale.","robots":{"index":"index","follow":"follow","max-snippet":"max-snippet:-1","max-image-preview":"max-image-preview:large","max-video-preview":"max-video-preview:-1"},"canonical":"https:\/\/slams.fr\/blog\/a-la-une\/selectionner-les-lieux-emblematiques-pour-des-battles-internationales-de-slam\/","og_locale":"fr_FR","og_type":"article","og_title":"Les lieux embl\u00e9matiques des battles de slam","og_description":"Pour garantir des performances de qualit\u00e9 lors d\u2019un battle international de slam, la configuration du lieu occupe une place centrale.","og_url":"https:\/\/slams.fr\/blog\/a-la-une\/selectionner-les-lieux-emblematiques-pour-des-battles-internationales-de-slam\/","og_site_name":"slams","og_image":[{"width":1200,"height":500,"url":"https:\/\/slams.fr\/blog\/wp-content\/uploads\/2025\/07\/sdxl-8248f2344ee9f9d47e8e85d0b636be33-scaled.png","type":"image\/png"}],"author":"Rapha\u00ebl D.","twitter_card":"summary_large_image","schema":{"@context":"https:\/\/schema.org","@graph":[{"@type":"NewsArticle","@id":"https:\/\/slams.fr\/blog\/a-la-une\/selectionner-les-lieux-emblematiques-pour-des-battles-internationales-de-slam\/#article","isPartOf":{"@id":"https:\/\/slams.fr\/blog\/a-la-une\/selectionner-les-lieux-emblematiques-pour-des-battles-internationales-de-slam\/"},"author":{"name":"Rapha\u00ebl D.","@id":"https:\/\/slams.fr\/blog\/#\/schema\/person\/3c864cdc320801e3db34b663e7e3f816"},"headline":"S\u00e9lectionner les Lieux Embl\u00e9matiques pour des Battles Internationales de Slam","datePublished":"2025-06-14T20:27:12+00:00","mainEntityOfPage":{"@id":"https:\/\/slams.fr\/blog\/a-la-une\/selectionner-les-lieux-emblematiques-pour-des-battles-internationales-de-slam\/"},"wordCount":1485,"commentCount":0,"publisher":{"@id":"https:\/\/slams.fr\/blog\/#organization"},"image":{"@id":"https:\/\/slams.fr\/blog\/a-la-une\/selectionner-les-lieux-emblematiques-pour-des-battles-internationales-de-slam\/#primaryimage"},"thumbnailUrl":"https:\/\/slams.fr\/blog\/wp-content\/uploads\/2025\/07\/sdxl-8248f2344ee9f9d47e8e85d0b636be33-scaled.png","keywords":["lieux emblematiques","poetry battle","slam international"],"articleSection":["\u00c0 la une"],"inLanguage":"fr-FR","potentialAction":[{"@type":"CommentAction","name":"Comment","target":["https:\/\/slams.fr\/blog\/a-la-une\/selectionner-les-lieux-emblematiques-pour-des-battles-internationales-de-slam\/#respond"]}]},{"@type":"WebPage","@id":"https:\/\/slams.fr\/blog\/a-la-une\/selectionner-les-lieux-emblematiques-pour-des-battles-internationales-de-slam\/","url":"https:\/\/slams.fr\/blog\/a-la-une\/selectionner-les-lieux-emblematiques-pour-des-battles-internationales-de-slam\/","name":"Les lieux embl\u00e9matiques des battles de slam","isPartOf":{"@id":"https:\/\/slams.fr\/blog\/#website"},"primaryImageOfPage":{"@id":"https:\/\/slams.fr\/blog\/a-la-une\/selectionner-les-lieux-emblematiques-pour-des-battles-internationales-de-slam\/#primaryimage"},"image":{"@id":"https:\/\/slams.fr\/blog\/a-la-une\/selectionner-les-lieux-emblematiques-pour-des-battles-internationales-de-slam\/#primaryimage"},"thumbnailUrl":"https:\/\/slams.fr\/blog\/wp-content\/uploads\/2025\/07\/sdxl-8248f2344ee9f9d47e8e85d0b636be33-scaled.png","datePublished":"2025-06-14T20:27:12+00:00","description":"Pour garantir des performances de qualit\u00e9 lors d\u2019un battle international de slam, la configuration du lieu occupe une place centrale.","inLanguage":"fr-FR","potentialAction":[{"@type":"ReadAction","target":["https:\/\/slams.fr\/blog\/a-la-une\/selectionner-les-lieux-emblematiques-pour-des-battles-internationales-de-slam\/"]}]},{"@type":"ImageObject","inLanguage":"fr-FR","@id":"https:\/\/slams.fr\/blog\/a-la-une\/selectionner-les-lieux-emblematiques-pour-des-battles-internationales-de-slam\/#primaryimage","url":"https:\/\/slams.fr\/blog\/wp-content\/uploads\/2025\/07\/sdxl-8248f2344ee9f9d47e8e85d0b636be33-scaled.png","contentUrl":"https:\/\/slams.fr\/blog\/wp-content\/uploads\/2025\/07\/sdxl-8248f2344ee9f9d47e8e85d0b636be33-scaled.png","width":1200,"height":500},{"@type":"WebSite","@id":"https:\/\/slams.fr\/blog\/#website","url":"https:\/\/slams.fr\/blog\/","name":"slams.fr","description":"Slams, l&#039;\u00e9nergie des mots en action","publisher":{"@id":"https:\/\/slams.fr\/blog\/#organization"},"alternateName":"Slams, l'\u00e9nergie des mots en action","potentialAction":[{"@type":"SearchAction","target":{"@type":"EntryPoint","urlTemplate":"https:\/\/slams.fr\/blog\/?s={search_term_string}"},"query-input":{"@type":"PropertyValueSpecification","valueRequired":true,"valueName":"search_term_string"}}],"inLanguage":"fr-FR"},{"@type":"Organization","@id":"https:\/\/slams.fr\/blog\/#organization","name":"Foretsensations.fr","url":"https:\/\/slams.fr\/blog\/","logo":{"@type":"ImageObject","inLanguage":"fr-FR","@id":"https:\/\/slams.fr\/blog\/#\/schema\/logo\/image\/","url":"https:\/\/slams.fr\/blog\/wp-content\/uploads\/2026\/07\/logo-auto-1.png","contentUrl":"https:\/\/slams.fr\/blog\/wp-content\/uploads\/2026\/07\/logo-auto-1.png","width":1024,"height":1024,"caption":"Foretsensations.fr"},"image":{"@id":"https:\/\/slams.fr\/blog\/#\/schema\/logo\/image\/"}},{"@type":"Person","@id":"https:\/\/slams.fr\/blog\/#\/schema\/person\/3c864cdc320801e3db34b663e7e3f816","name":"Rapha\u00ebl D.","image":{"@type":"ImageObject","inLanguage":"fr-FR","@id":"https:\/\/slams.fr\/blog\/#\/schema\/person\/image\/","url":"https:\/\/slams.fr\/blog\/wp-content\/uploads\/2026\/06\/persona_raphael-d-96x96.jpg","contentUrl":"https:\/\/slams.fr\/blog\/wp-content\/uploads\/2026\/06\/persona_raphael-d-96x96.jpg","caption":"Rapha\u00ebl D."},"description":"La culture est mon terrain de jeu depuis une dizaine d'ann\u00e9es : arts visuels, s\u00e9ries, cr\u00e9ation et tout ce qui nourrit l'imaginaire. J'\u00e9cris aussi bien sur l'actualit\u00e9 des \u0153uvres que sur les coulisses de la cr\u00e9ation, avec l'envie de relier l'amateur curieux \u00e0 des univers parfois jug\u00e9s intimidants. J'aime analyser une s\u00e9rie ou une d\u00e9marche artistique sans p\u00e9dantisme, replacer une \u0153uvre dans son contexte et donner des cl\u00e9s de lecture accessibles. Avant de publier, je v\u00e9rifie mes r\u00e9f\u00e9rences, je recoupe les sources et je distingue clairement le fait de mon interpr\u00e9tation subjective. Je crois qu'une critique vaut surtout par les arguments qu'elle expose, pas par la sentence qu'elle rend. Mon angle : transmettre l'envie de d\u00e9couvrir, de regarder autrement et de se forger son propre go\u00fbt. La culture n'appartient pas qu'aux initi\u00e9s, et c'est tout l'enjeu de mon \u00e9criture.","url":"https:\/\/slams.fr\/blog\/auteur\/raphael-d\/","jobTitle":"R\u00e9dacteur en chef \u00b7 Culture & Cr\u00e9ation","knowsAbout":["Culture","Cr\u00e9ation"],"email":"raphael.d@a-l-asso-de-l-art.fr"}]}},"_links":{"self":[{"href":"https:\/\/slams.fr\/blog\/wp-json\/wp\/v2\/posts\/7499","targetHints":{"allow":["GET"]}}],"collection":[{"href":"https:\/\/slams.fr\/blog\/wp-json\/wp\/v2\/posts"}],"about":[{"href":"https:\/\/slams.fr\/blog\/wp-json\/wp\/v2\/types\/post"}],"author":[{"embeddable":true,"href":"https:\/\/slams.fr\/blog\/wp-json\/wp\/v2\/users\/34"}],"replies":[{"embeddable":true,"href":"https:\/\/slams.fr\/blog\/wp-json\/wp\/v2\/comments?post=7499"}],"version-history":[{"count":0,"href":"https:\/\/slams.fr\/blog\/wp-json\/wp\/v2\/posts\/7499\/revisions"}],"wp:featuredmedia":[{"embeddable":true,"href":"https:\/\/slams.fr\/blog\/wp-json\/wp\/v2\/media\/7590"}],"wp:attachment":[{"href":"https:\/\/slams.fr\/blog\/wp-json\/wp\/v2\/media?parent=7499"}],"wp:term":[{"taxonomy":"category","embeddable":true,"href":"https:\/\/slams.fr\/blog\/wp-json\/wp\/v2\/categories?post=7499"},{"taxonomy":"post_tag","embeddable":true,"href":"https:\/\/slams.fr\/blog\/wp-json\/wp\/v2\/tags?post=7499"}],"curies":[{"name":"wp","href":"https:\/\/api.w.org\/{rel}","templated":true}]}}