{"id":7500,"date":"2025-06-14T22:27:42","date_gmt":"2025-06-14T20:27:42","guid":{"rendered":"https:\/\/slams.fr\/blog\/a-la-une\/les-tournees-de-slam-itinerant-qui-reinventent-la-scene-poetique\/"},"modified":"2025-06-14T22:27:42","modified_gmt":"2025-06-14T20:27:42","slug":"les-tournees-de-slam-itinerant-qui-reinventent-la-scene-poetique","status":"publish","type":"post","link":"https:\/\/slams.fr\/blog\/a-la-une\/les-tournees-de-slam-itinerant-qui-reinventent-la-scene-poetique\/","title":{"rendered":"Les tourn\u00e9es de slam itin\u00e9rant qui r\u00e9inventent la sc\u00e8ne po\u00e9tique"},"content":{"rendered":"<h1>Les tourn\u00e9es de slam itin\u00e9rant qui r\u00e9inventent la sc\u00e8ne po\u00e9tique<\/h1>\n<h2>Coupe de la Ligue Slam de France : une tourn\u00e9e coop\u00e9rative \u00e0 travers l\u2019Hexagone<\/h2>\n<p>\nLa <strong>Coupe de la Ligue Slam de France<\/strong> s\u2019impose comme une r\u00e9f\u00e9rence nationale, transformant la rencontre entre po\u00e8tes en comp\u00e9tition itin\u00e9rante et participative. <u>Lanc\u00e9e par des collectifs de slameurs<\/u> d\u00e9sireux de cr\u00e9er un espace alternatif aux sc\u00e8nes fixes, cette coupe s\u2019appuie sur un format <strong>coop\u00e9ratif<\/strong> et sur une circulation d\u2019\u00e9tapes \u00e0 travers l\u2019Hexagone.\n<\/p>\n<ul>\n<li>En 2025, la <strong>12e \u00e9dition<\/strong> choisit le <strong>Grand Th\u00e9\u00e2tre de Tours<\/strong> pour ses finales, symbole de la rotation constante des villes-h\u00f4tes chaque ann\u00e9e.<\/li>\n<li>Les villes de Marseille, Lyon, Lille, et r\u00e9cemment Nice, ont successivement accueilli les \u00e9tapes, impliquant \u00e0 chaque fois des <strong>associations locales<\/strong> pour organiser, animer et mobiliser des publics vari\u00e9s.<\/li>\n<li><strong>Chaque \u00e9tape<\/strong> g\u00e9n\u00e8re une s\u00e9rie d\u2019\u00e9v\u00e8nements satellites : ateliers d\u2019\u00e9criture, sc\u00e8nes ouvertes, conf\u00e9rences et rencontres interg\u00e9n\u00e9rationnelles, consolidant le lien entre le slam et les communaut\u00e9s locales.<\/li>\n<\/ul>\n<p>\nCe mod\u00e8le d\u2019itin\u00e9rance favorise l\u2019essaimage des pratiques po\u00e9tiques et assure un rayonnement national in\u00e9gal\u00e9. La <strong>mont\u00e9e en puissance<\/strong> du format se v\u00e9rifie par une participation record des po\u00e8tes et collectifs, qui voient dans la Coupe un outil de <strong>visibilit\u00e9 et de partage<\/strong> pour la po\u00e9sie vivante. <u>La f\u00e9d\u00e9ration autour d\u2019une parole plurielle<\/u> s\u2019incarne dans l\u2019accueil de talents issus de milieux, d\u2019\u00e2ges et de styles distincts. Le format comp\u00e9titif, m\u00eal\u00e9 \u00e0 la convivialit\u00e9 des rencontres, a permis d\u2019ancrer durablement la Coupe dans les agendas culturels r\u00e9gionaux tout au long de l\u2019ann\u00e9e.\n<\/p>\n<h2>Nuits du Slam : le festival nomade qui \u00e9lectrise les territoires<\/h2>\n<p>\nLes <strong>Nuits du Slam<\/strong> illustrent la force du mod\u00e8le festivalier nomade appliqu\u00e9 \u00e0 la po\u00e9sie urbaine. Cr\u00e9\u00e9 pour donner une visibilit\u00e9 nationale au slam et ouvrir de nouveaux espaces d\u2019expression, ce festival s\u2019invite chaque printemps dans <u>des dizaines de lieux<\/u> diff\u00e9rents, des centres culturels jusqu\u2019\u00e0 des appartements transform\u00e9s en sc\u00e8nes d\u2019un soir.\n<\/p>\n<ul>\n<li>En 2024, la manifestation a investi les villes de Grenoble, Toulouse, Nantes, mais aussi Montlu\u00e7on ou Angers, \u00e9largissant la sc\u00e8ne \u00e0 des bassins non m\u00e9tropolitains.<\/li>\n<li>Les <strong>sc\u00e8nes ouvertes<\/strong> permettent \u00e0 tout un chacun, amateur ou confirm\u00e9, de monter sur sc\u00e8ne pour partager son texte, abolissant la barri\u00e8re entre artistes invit\u00e9s et public.<\/li>\n<li>Les <strong>ateliers d\u2019\u00e9criture<\/strong> et les moments de \u201cslam sauvage\u201d favorisent l\u2019\u00e9mergence de nouvelles voix et la cr\u00e9ation spontan\u00e9e, en dehors de toute comp\u00e9tition.<\/li>\n<\/ul>\n<p>\nL\u2019ambiance des <strong>Nuits du Slam<\/strong> m\u00eale festival populaire et laboratoire de cr\u00e9ation collective. <u>De nombreuses restitutions d\u2019ateliers<\/u> font d\u00e9couvrir les talents locaux, tandis que les invit\u00e9s de renom c\u00f4toient la rel\u00e8ve. Ces Nuits incarnent l\u2019ouverture, la pluralit\u00e9 et la convivialit\u00e9 qui fondent l\u2019ADN du slam fran\u00e7ais. La dynamique de festival itin\u00e9rant \u00e9largit l\u2019audience et permet au slam de s\u2019implanter durablement sur des territoires en dehors des grandes capitales culturelles.\n<\/p>\n<h2>Collectifs itin\u00e9rants et sc\u00e8nes mobiles : moteurs de la culture slam<\/h2>\n<p>\nLes <strong>collectifs d\u2019organisation<\/strong> jouent un r\u00f4le de catalyseur dans le d\u00e9veloppement du slam itin\u00e9rant. Leur action se caract\u00e9rise par une approche inventive de la diffusion \u2014 organiser, d\u00e9placer, capter, diffuser \u2014 pour toucher de nouveaux publics et investir des espaces parfois inattendus.\n<\/p>\n<ul>\n<li>Le collectif \u201c<strong>On a Slam\u00e9 sur la Lune<\/strong>\u201d propose des sc\u00e8nes radiophoniques et des tourn\u00e9es enregistr\u00e9es, portant la po\u00e9sie jusque dans les ondes et sur Internet.<\/li>\n<li>L\u2019association \u201cLa Traverse\u201d a initi\u00e9 des s\u00e9ries de \u201ccroisi\u00e8res slam\u201d sur la Loire, transportant artistes et publics le temps d\u2019une sc\u00e8ne flottante.<\/li>\n<li>Des bus transform\u00e9s en sc\u00e8nes mobiles sillonnent depuis 2022 les routes d\u2019Occitanie et de Bretagne, installant des micros ouverts sur les places de villages et lors de festivals de rue.<\/li>\n<\/ul>\n<p>\n<u>Ces strat\u00e9gies itin\u00e9rantes<\/u> permettent de d\u00e9multiplier les points de contact avec le public et de d\u00e9mocratiser l\u2019acc\u00e8s \u00e0 l\u2019expression po\u00e9tique. La capacit\u00e9 \u00e0 investir des <strong>espaces atypiques<\/strong> \u2014 friches, quais, march\u00e9s ou \u00e9tablissements scolaires \u2014 illustre la vitalit\u00e9 de ce mouvement. <strong>L\u2019enregistrement et la diffusion en direct<\/strong> via les plateformes num\u00e9riques assurent la p\u00e9rennit\u00e9 et l\u2019archivage des performances, tout en d\u00e9veloppant une communaut\u00e9 nationale de passionn\u00e9s.\n<\/p>\n<h2>L\u2019innovation sc\u00e9nique au service du slam itin\u00e9rant<\/h2>\n<p>\nLa sc\u00e8ne slam souhaite repousser les fronti\u00e8res traditionnelles en explorant des formats hybrides et des collaborations interdisciplinaires. <u>L\u2019innovation sc\u00e9nique<\/u> devient un levier d\u2019attractivit\u00e9, permettant de r\u00e9inventer la repr\u00e9sentation du texte po\u00e9tique.\n<\/p>\n<ul>\n<li>Le spectacle \u201c<strong>SLAM!<\/strong>\u201d, cr\u00e9\u00e9 en 2023 par la Cie Les Anges au Plafond, associe th\u00e9\u00e2tre d\u2019ombres, num\u00e9ros circassiens et match po\u00e9tique, fusionnant les langages artistiques.<\/li>\n<li>Certains collectifs, comme \u201cPo\u00e9sie Nomade Urbaine\u201d \u00e0 Bordeaux, proposent des installations immersives o\u00f9 le public circule entre les po\u00e8tes, red\u00e9finissant la fronti\u00e8re sc\u00e8ne\/spectateurs.<\/li>\n<li>Les collaborations avec des musiciens, vid\u00e9astes ou plasticiens se multiplient pour enrichir la <strong>mise en sc\u00e8ne<\/strong> et la <strong>sc\u00e9nographie<\/strong> des tourn\u00e9es, rendant chaque \u00e9tape unique.<\/li>\n<\/ul>\n<p>\nLa <strong>transversalit\u00e9<\/strong> artistique, moteur de ces innovations, attire de nouveaux publics en qu\u00eate d\u2019exp\u00e9riences in\u00e9dites et stimule la cr\u00e9ativit\u00e9 des slameurs. <u>La narration po\u00e9tique s\u2019enrichit<\/u> de nouveaux supports et techniques, permettant au slam itin\u00e9rant d\u2019explorer tous les registres, du spoken word \u00e0 la performance visuelle.\n<\/p>\n<h2>L\u2019impact social et culturel des tourn\u00e9es de slam nomade<\/h2>\n<p>\nLes tourn\u00e9es de slam itin\u00e9rant g\u00e9n\u00e8rent des transformations profondes, tant sur le plan social que culturel. <strong>L\u2019accessibilit\u00e9 artistique<\/strong> et la capacit\u00e9 \u00e0 f\u00e9d\u00e9rer de nouveaux publics constituent des atouts majeurs de ces circuits mouvants.\n<\/p>\n<ul>\n<li>Dans les quartiers p\u00e9riph\u00e9riques de Lyon en 2024, la venue de la Coupe de la Ligue Slam a permis \u00e0 plusieurs lyc\u00e9ens et primo-arrivants de faire leurs premi\u00e8res armes sur sc\u00e8ne, r\u00e9v\u00e9lant des talents jusque-l\u00e0 invisibles.<\/li>\n<li>\u00c0 Limoges, les Nuits du Slam ont favoris\u00e9 la cr\u00e9ation d\u2019un collectif local r\u00e9unissant adultes et adolescents, dynamisant ainsi la vie culturelle hors des r\u00e9seaux institutionnels.<\/li>\n<li>La dimension inclusive de ces tourn\u00e9es se refl\u00e8te dans l\u2019absence de pr\u00e9s\u00e9lection ou de censure : la sc\u00e8ne reste accessible \u00e0 toutes les voix et r\u00e9cits, catalysant la diversit\u00e9 des identit\u00e9s r\u00e9gionales.<\/li>\n<\/ul>\n<p>\n<u>Le r\u00f4le f\u00e9d\u00e9rateur du slam itin\u00e9rant<\/u> se manifeste dans la fa\u00e7on dont il valorise les histoires locales, encourage l\u2019\u00e9change interg\u00e9n\u00e9rationnel et stimule l\u2019\u00e9mergence de nouveaux collectifs. Cette po\u00e9sie \u201cen mouvement\u201d revitalise la vie culturelle dans des territoires parfois d\u00e9laiss\u00e9s, offrant une alternative aux pratiques artistiques les plus institutionnalis\u00e9es. En \u201cfaisant vibrer les territoires\u201d, le slam itin\u00e9rant s\u2019impose comme un vecteur de lien social, d\u2019inclusion et de renouvellement des imaginaires.<\/p>\n","protected":false},"excerpt":{"rendered":"","protected":false},"author":34,"featured_media":7639,"comment_status":"open","ping_status":"open","sticky":false,"template":"","format":"standard","meta":{"_acf_changed":false,"manual_indexmenow":false,"indexmenow_id_project":0,"footnotes":""},"categories":[1],"tags":[4645,4598,4646],"class_list":["post-7500","post","type-post","status-publish","format-standard","has-post-thumbnail","hentry","category-a-la-une","tag-scene-itinrante","tag-slam-poesie","tag-spectacle-oral","generate-columns","tablet-grid-50","mobile-grid-100","grid-parent","grid-25"],"acf":[],"yoast_head":"<!-- This site is optimized with the Yoast SEO Premium plugin v21.3 (Yoast SEO v26.5) - https:\/\/yoast.com\/wordpress\/plugins\/seo\/ -->\n<title>Les tourn\u00e9es de slam itin\u00e9rant qui r\u00e9inventent la sc\u00e8ne<\/title>\n<meta name=\"description\" content=\"La Coupe de la Ligue Slam de France s\u2019impose comme une r\u00e9f\u00e9rence nationale, transformant la rencontre entre po\u00e8tes en comp\u00e9tition itin\u00e9rante\" \/>\n<meta name=\"robots\" content=\"index, follow, max-snippet:-1, max-image-preview:large, max-video-preview:-1\" \/>\n<link rel=\"canonical\" href=\"https:\/\/slams.fr\/blog\/a-la-une\/les-tournees-de-slam-itinerant-qui-reinventent-la-scene-poetique\/\" \/>\n<meta property=\"og:locale\" content=\"fr_FR\" \/>\n<meta property=\"og:type\" content=\"article\" \/>\n<meta property=\"og:title\" content=\"Les tourn\u00e9es de slam itin\u00e9rant qui r\u00e9inventent la sc\u00e8ne\" \/>\n<meta property=\"og:description\" content=\"La Coupe de la Ligue Slam de France s\u2019impose comme une r\u00e9f\u00e9rence nationale, transformant la rencontre entre po\u00e8tes en comp\u00e9tition itin\u00e9rante\" \/>\n<meta property=\"og:url\" content=\"https:\/\/slams.fr\/blog\/a-la-une\/les-tournees-de-slam-itinerant-qui-reinventent-la-scene-poetique\/\" \/>\n<meta property=\"og:site_name\" content=\"slams\" \/>\n<meta property=\"og:image\" content=\"https:\/\/slams.fr\/blog\/wp-content\/uploads\/2025\/07\/sdxl-794518efe80d253cec5078d8addcf2f2-scaled.png\" \/>\n\t<meta property=\"og:image:width\" content=\"1200\" \/>\n\t<meta property=\"og:image:height\" content=\"500\" \/>\n\t<meta property=\"og:image:type\" content=\"image\/png\" \/>\n<meta name=\"author\" content=\"Rapha\u00ebl D.\" \/>\n<meta name=\"twitter:card\" content=\"summary_large_image\" \/>\n<script type=\"application\/ld+json\" class=\"yoast-schema-graph\">{\"@context\":\"https:\/\/schema.org\",\"@graph\":[{\"@type\":\"NewsArticle\",\"@id\":\"https:\/\/slams.fr\/blog\/a-la-une\/les-tournees-de-slam-itinerant-qui-reinventent-la-scene-poetique\/#article\",\"isPartOf\":{\"@id\":\"https:\/\/slams.fr\/blog\/a-la-une\/les-tournees-de-slam-itinerant-qui-reinventent-la-scene-poetique\/\"},\"author\":{\"name\":\"Rapha\u00ebl D.\",\"@id\":\"https:\/\/slams.fr\/blog\/#\/schema\/person\/3c864cdc320801e3db34b663e7e3f816\"},\"headline\":\"Les tourn\u00e9es de slam itin\u00e9rant qui r\u00e9inventent la sc\u00e8ne po\u00e9tique\",\"datePublished\":\"2025-06-14T20:27:42+00:00\",\"mainEntityOfPage\":{\"@id\":\"https:\/\/slams.fr\/blog\/a-la-une\/les-tournees-de-slam-itinerant-qui-reinventent-la-scene-poetique\/\"},\"wordCount\":1205,\"commentCount\":0,\"publisher\":{\"@id\":\"https:\/\/slams.fr\/blog\/#organization\"},\"image\":{\"@id\":\"https:\/\/slams.fr\/blog\/a-la-une\/les-tournees-de-slam-itinerant-qui-reinventent-la-scene-poetique\/#primaryimage\"},\"thumbnailUrl\":\"https:\/\/slams.fr\/blog\/wp-content\/uploads\/2025\/07\/sdxl-794518efe80d253cec5078d8addcf2f2-scaled.png\",\"keywords\":[\"scene itinrante\",\"slam poesie\",\"spectacle oral\"],\"articleSection\":[\"\u00c0 la une\"],\"inLanguage\":\"fr-FR\",\"potentialAction\":[{\"@type\":\"CommentAction\",\"name\":\"Comment\",\"target\":[\"https:\/\/slams.fr\/blog\/a-la-une\/les-tournees-de-slam-itinerant-qui-reinventent-la-scene-poetique\/#respond\"]}]},{\"@type\":\"WebPage\",\"@id\":\"https:\/\/slams.fr\/blog\/a-la-une\/les-tournees-de-slam-itinerant-qui-reinventent-la-scene-poetique\/\",\"url\":\"https:\/\/slams.fr\/blog\/a-la-une\/les-tournees-de-slam-itinerant-qui-reinventent-la-scene-poetique\/\",\"name\":\"Les tourn\u00e9es de slam itin\u00e9rant qui r\u00e9inventent la sc\u00e8ne\",\"isPartOf\":{\"@id\":\"https:\/\/slams.fr\/blog\/#website\"},\"primaryImageOfPage\":{\"@id\":\"https:\/\/slams.fr\/blog\/a-la-une\/les-tournees-de-slam-itinerant-qui-reinventent-la-scene-poetique\/#primaryimage\"},\"image\":{\"@id\":\"https:\/\/slams.fr\/blog\/a-la-une\/les-tournees-de-slam-itinerant-qui-reinventent-la-scene-poetique\/#primaryimage\"},\"thumbnailUrl\":\"https:\/\/slams.fr\/blog\/wp-content\/uploads\/2025\/07\/sdxl-794518efe80d253cec5078d8addcf2f2-scaled.png\",\"datePublished\":\"2025-06-14T20:27:42+00:00\",\"description\":\"La Coupe de la Ligue Slam de France s\u2019impose comme une r\u00e9f\u00e9rence nationale, transformant la rencontre entre po\u00e8tes en comp\u00e9tition itin\u00e9rante\",\"inLanguage\":\"fr-FR\",\"potentialAction\":[{\"@type\":\"ReadAction\",\"target\":[\"https:\/\/slams.fr\/blog\/a-la-une\/les-tournees-de-slam-itinerant-qui-reinventent-la-scene-poetique\/\"]}]},{\"@type\":\"ImageObject\",\"inLanguage\":\"fr-FR\",\"@id\":\"https:\/\/slams.fr\/blog\/a-la-une\/les-tournees-de-slam-itinerant-qui-reinventent-la-scene-poetique\/#primaryimage\",\"url\":\"https:\/\/slams.fr\/blog\/wp-content\/uploads\/2025\/07\/sdxl-794518efe80d253cec5078d8addcf2f2-scaled.png\",\"contentUrl\":\"https:\/\/slams.fr\/blog\/wp-content\/uploads\/2025\/07\/sdxl-794518efe80d253cec5078d8addcf2f2-scaled.png\",\"width\":1200,\"height\":500},{\"@type\":\"WebSite\",\"@id\":\"https:\/\/slams.fr\/blog\/#website\",\"url\":\"https:\/\/slams.fr\/blog\/\",\"name\":\"slams.fr\",\"description\":\"Slams, l&#039;\u00e9nergie des mots en action\",\"publisher\":{\"@id\":\"https:\/\/slams.fr\/blog\/#organization\"},\"alternateName\":\"Slams, l'\u00e9nergie des mots en action\",\"potentialAction\":[{\"@type\":\"SearchAction\",\"target\":{\"@type\":\"EntryPoint\",\"urlTemplate\":\"https:\/\/slams.fr\/blog\/?s={search_term_string}\"},\"query-input\":{\"@type\":\"PropertyValueSpecification\",\"valueRequired\":true,\"valueName\":\"search_term_string\"}}],\"inLanguage\":\"fr-FR\"},{\"@type\":\"Organization\",\"@id\":\"https:\/\/slams.fr\/blog\/#organization\",\"name\":\"Foretsensations.fr\",\"url\":\"https:\/\/slams.fr\/blog\/\",\"logo\":{\"@type\":\"ImageObject\",\"inLanguage\":\"fr-FR\",\"@id\":\"https:\/\/slams.fr\/blog\/#\/schema\/logo\/image\/\",\"url\":\"https:\/\/slams.fr\/blog\/wp-content\/uploads\/2026\/07\/logo-auto-1.png\",\"contentUrl\":\"https:\/\/slams.fr\/blog\/wp-content\/uploads\/2026\/07\/logo-auto-1.png\",\"width\":1024,\"height\":1024,\"caption\":\"Foretsensations.fr\"},\"image\":{\"@id\":\"https:\/\/slams.fr\/blog\/#\/schema\/logo\/image\/\"}},{\"@type\":\"Person\",\"@id\":\"https:\/\/slams.fr\/blog\/#\/schema\/person\/3c864cdc320801e3db34b663e7e3f816\",\"name\":\"Rapha\u00ebl D.\",\"image\":{\"@type\":\"ImageObject\",\"inLanguage\":\"fr-FR\",\"@id\":\"https:\/\/slams.fr\/blog\/#\/schema\/person\/image\/\",\"url\":\"https:\/\/slams.fr\/blog\/wp-content\/uploads\/2026\/06\/persona_raphael-d-96x96.jpg\",\"contentUrl\":\"https:\/\/slams.fr\/blog\/wp-content\/uploads\/2026\/06\/persona_raphael-d-96x96.jpg\",\"caption\":\"Rapha\u00ebl D.\"},\"description\":\"La culture est mon terrain de jeu depuis une dizaine d'ann\u00e9es : arts visuels, s\u00e9ries, cr\u00e9ation et tout ce qui nourrit l'imaginaire. J'\u00e9cris aussi bien sur l'actualit\u00e9 des \u0153uvres que sur les coulisses de la cr\u00e9ation, avec l'envie de relier l'amateur curieux \u00e0 des univers parfois jug\u00e9s intimidants. J'aime analyser une s\u00e9rie ou une d\u00e9marche artistique sans p\u00e9dantisme, replacer une \u0153uvre dans son contexte et donner des cl\u00e9s de lecture accessibles. Avant de publier, je v\u00e9rifie mes r\u00e9f\u00e9rences, je recoupe les sources et je distingue clairement le fait de mon interpr\u00e9tation subjective. Je crois qu'une critique vaut surtout par les arguments qu'elle expose, pas par la sentence qu'elle rend. Mon angle : transmettre l'envie de d\u00e9couvrir, de regarder autrement et de se forger son propre go\u00fbt. La culture n'appartient pas qu'aux initi\u00e9s, et c'est tout l'enjeu de mon \u00e9criture.\",\"url\":\"https:\/\/slams.fr\/blog\/auteur\/raphael-d\/\",\"jobTitle\":\"R\u00e9dacteur en chef \u00b7 Culture & Cr\u00e9ation\",\"knowsAbout\":[\"Culture\",\"Cr\u00e9ation\"],\"email\":\"raphael.d@a-l-asso-de-l-art.fr\"}]}<\/script>\n<!-- \/ Yoast SEO Premium plugin. -->","yoast_head_json":{"title":"Les tourn\u00e9es de slam itin\u00e9rant qui r\u00e9inventent la sc\u00e8ne","description":"La Coupe de la Ligue Slam de France s\u2019impose comme une r\u00e9f\u00e9rence nationale, transformant la rencontre entre po\u00e8tes en comp\u00e9tition itin\u00e9rante","robots":{"index":"index","follow":"follow","max-snippet":"max-snippet:-1","max-image-preview":"max-image-preview:large","max-video-preview":"max-video-preview:-1"},"canonical":"https:\/\/slams.fr\/blog\/a-la-une\/les-tournees-de-slam-itinerant-qui-reinventent-la-scene-poetique\/","og_locale":"fr_FR","og_type":"article","og_title":"Les tourn\u00e9es de slam itin\u00e9rant qui r\u00e9inventent la sc\u00e8ne","og_description":"La Coupe de la Ligue Slam de France s\u2019impose comme une r\u00e9f\u00e9rence nationale, transformant la rencontre entre po\u00e8tes en comp\u00e9tition itin\u00e9rante","og_url":"https:\/\/slams.fr\/blog\/a-la-une\/les-tournees-de-slam-itinerant-qui-reinventent-la-scene-poetique\/","og_site_name":"slams","og_image":[{"width":1200,"height":500,"url":"https:\/\/slams.fr\/blog\/wp-content\/uploads\/2025\/07\/sdxl-794518efe80d253cec5078d8addcf2f2-scaled.png","type":"image\/png"}],"author":"Rapha\u00ebl D.","twitter_card":"summary_large_image","schema":{"@context":"https:\/\/schema.org","@graph":[{"@type":"NewsArticle","@id":"https:\/\/slams.fr\/blog\/a-la-une\/les-tournees-de-slam-itinerant-qui-reinventent-la-scene-poetique\/#article","isPartOf":{"@id":"https:\/\/slams.fr\/blog\/a-la-une\/les-tournees-de-slam-itinerant-qui-reinventent-la-scene-poetique\/"},"author":{"name":"Rapha\u00ebl D.","@id":"https:\/\/slams.fr\/blog\/#\/schema\/person\/3c864cdc320801e3db34b663e7e3f816"},"headline":"Les tourn\u00e9es de slam itin\u00e9rant qui r\u00e9inventent la sc\u00e8ne po\u00e9tique","datePublished":"2025-06-14T20:27:42+00:00","mainEntityOfPage":{"@id":"https:\/\/slams.fr\/blog\/a-la-une\/les-tournees-de-slam-itinerant-qui-reinventent-la-scene-poetique\/"},"wordCount":1205,"commentCount":0,"publisher":{"@id":"https:\/\/slams.fr\/blog\/#organization"},"image":{"@id":"https:\/\/slams.fr\/blog\/a-la-une\/les-tournees-de-slam-itinerant-qui-reinventent-la-scene-poetique\/#primaryimage"},"thumbnailUrl":"https:\/\/slams.fr\/blog\/wp-content\/uploads\/2025\/07\/sdxl-794518efe80d253cec5078d8addcf2f2-scaled.png","keywords":["scene itinrante","slam poesie","spectacle oral"],"articleSection":["\u00c0 la une"],"inLanguage":"fr-FR","potentialAction":[{"@type":"CommentAction","name":"Comment","target":["https:\/\/slams.fr\/blog\/a-la-une\/les-tournees-de-slam-itinerant-qui-reinventent-la-scene-poetique\/#respond"]}]},{"@type":"WebPage","@id":"https:\/\/slams.fr\/blog\/a-la-une\/les-tournees-de-slam-itinerant-qui-reinventent-la-scene-poetique\/","url":"https:\/\/slams.fr\/blog\/a-la-une\/les-tournees-de-slam-itinerant-qui-reinventent-la-scene-poetique\/","name":"Les tourn\u00e9es de slam itin\u00e9rant qui r\u00e9inventent la sc\u00e8ne","isPartOf":{"@id":"https:\/\/slams.fr\/blog\/#website"},"primaryImageOfPage":{"@id":"https:\/\/slams.fr\/blog\/a-la-une\/les-tournees-de-slam-itinerant-qui-reinventent-la-scene-poetique\/#primaryimage"},"image":{"@id":"https:\/\/slams.fr\/blog\/a-la-une\/les-tournees-de-slam-itinerant-qui-reinventent-la-scene-poetique\/#primaryimage"},"thumbnailUrl":"https:\/\/slams.fr\/blog\/wp-content\/uploads\/2025\/07\/sdxl-794518efe80d253cec5078d8addcf2f2-scaled.png","datePublished":"2025-06-14T20:27:42+00:00","description":"La Coupe de la Ligue Slam de France s\u2019impose comme une r\u00e9f\u00e9rence nationale, transformant la rencontre entre po\u00e8tes en comp\u00e9tition itin\u00e9rante","inLanguage":"fr-FR","potentialAction":[{"@type":"ReadAction","target":["https:\/\/slams.fr\/blog\/a-la-une\/les-tournees-de-slam-itinerant-qui-reinventent-la-scene-poetique\/"]}]},{"@type":"ImageObject","inLanguage":"fr-FR","@id":"https:\/\/slams.fr\/blog\/a-la-une\/les-tournees-de-slam-itinerant-qui-reinventent-la-scene-poetique\/#primaryimage","url":"https:\/\/slams.fr\/blog\/wp-content\/uploads\/2025\/07\/sdxl-794518efe80d253cec5078d8addcf2f2-scaled.png","contentUrl":"https:\/\/slams.fr\/blog\/wp-content\/uploads\/2025\/07\/sdxl-794518efe80d253cec5078d8addcf2f2-scaled.png","width":1200,"height":500},{"@type":"WebSite","@id":"https:\/\/slams.fr\/blog\/#website","url":"https:\/\/slams.fr\/blog\/","name":"slams.fr","description":"Slams, l&#039;\u00e9nergie des mots en action","publisher":{"@id":"https:\/\/slams.fr\/blog\/#organization"},"alternateName":"Slams, l'\u00e9nergie des mots en action","potentialAction":[{"@type":"SearchAction","target":{"@type":"EntryPoint","urlTemplate":"https:\/\/slams.fr\/blog\/?s={search_term_string}"},"query-input":{"@type":"PropertyValueSpecification","valueRequired":true,"valueName":"search_term_string"}}],"inLanguage":"fr-FR"},{"@type":"Organization","@id":"https:\/\/slams.fr\/blog\/#organization","name":"Foretsensations.fr","url":"https:\/\/slams.fr\/blog\/","logo":{"@type":"ImageObject","inLanguage":"fr-FR","@id":"https:\/\/slams.fr\/blog\/#\/schema\/logo\/image\/","url":"https:\/\/slams.fr\/blog\/wp-content\/uploads\/2026\/07\/logo-auto-1.png","contentUrl":"https:\/\/slams.fr\/blog\/wp-content\/uploads\/2026\/07\/logo-auto-1.png","width":1024,"height":1024,"caption":"Foretsensations.fr"},"image":{"@id":"https:\/\/slams.fr\/blog\/#\/schema\/logo\/image\/"}},{"@type":"Person","@id":"https:\/\/slams.fr\/blog\/#\/schema\/person\/3c864cdc320801e3db34b663e7e3f816","name":"Rapha\u00ebl D.","image":{"@type":"ImageObject","inLanguage":"fr-FR","@id":"https:\/\/slams.fr\/blog\/#\/schema\/person\/image\/","url":"https:\/\/slams.fr\/blog\/wp-content\/uploads\/2026\/06\/persona_raphael-d-96x96.jpg","contentUrl":"https:\/\/slams.fr\/blog\/wp-content\/uploads\/2026\/06\/persona_raphael-d-96x96.jpg","caption":"Rapha\u00ebl D."},"description":"La culture est mon terrain de jeu depuis une dizaine d'ann\u00e9es : arts visuels, s\u00e9ries, cr\u00e9ation et tout ce qui nourrit l'imaginaire. J'\u00e9cris aussi bien sur l'actualit\u00e9 des \u0153uvres que sur les coulisses de la cr\u00e9ation, avec l'envie de relier l'amateur curieux \u00e0 des univers parfois jug\u00e9s intimidants. J'aime analyser une s\u00e9rie ou une d\u00e9marche artistique sans p\u00e9dantisme, replacer une \u0153uvre dans son contexte et donner des cl\u00e9s de lecture accessibles. Avant de publier, je v\u00e9rifie mes r\u00e9f\u00e9rences, je recoupe les sources et je distingue clairement le fait de mon interpr\u00e9tation subjective. Je crois qu'une critique vaut surtout par les arguments qu'elle expose, pas par la sentence qu'elle rend. Mon angle : transmettre l'envie de d\u00e9couvrir, de regarder autrement et de se forger son propre go\u00fbt. La culture n'appartient pas qu'aux initi\u00e9s, et c'est tout l'enjeu de mon \u00e9criture.","url":"https:\/\/slams.fr\/blog\/auteur\/raphael-d\/","jobTitle":"R\u00e9dacteur en chef \u00b7 Culture & Cr\u00e9ation","knowsAbout":["Culture","Cr\u00e9ation"],"email":"raphael.d@a-l-asso-de-l-art.fr"}]}},"_links":{"self":[{"href":"https:\/\/slams.fr\/blog\/wp-json\/wp\/v2\/posts\/7500","targetHints":{"allow":["GET"]}}],"collection":[{"href":"https:\/\/slams.fr\/blog\/wp-json\/wp\/v2\/posts"}],"about":[{"href":"https:\/\/slams.fr\/blog\/wp-json\/wp\/v2\/types\/post"}],"author":[{"embeddable":true,"href":"https:\/\/slams.fr\/blog\/wp-json\/wp\/v2\/users\/34"}],"replies":[{"embeddable":true,"href":"https:\/\/slams.fr\/blog\/wp-json\/wp\/v2\/comments?post=7500"}],"version-history":[{"count":0,"href":"https:\/\/slams.fr\/blog\/wp-json\/wp\/v2\/posts\/7500\/revisions"}],"wp:featuredmedia":[{"embeddable":true,"href":"https:\/\/slams.fr\/blog\/wp-json\/wp\/v2\/media\/7639"}],"wp:attachment":[{"href":"https:\/\/slams.fr\/blog\/wp-json\/wp\/v2\/media?parent=7500"}],"wp:term":[{"taxonomy":"category","embeddable":true,"href":"https:\/\/slams.fr\/blog\/wp-json\/wp\/v2\/categories?post=7500"},{"taxonomy":"post_tag","embeddable":true,"href":"https:\/\/slams.fr\/blog\/wp-json\/wp\/v2\/tags?post=7500"}],"curies":[{"name":"wp","href":"https:\/\/api.w.org\/{rel}","templated":true}]}}