{"id":7505,"date":"2025-06-14T22:29:56","date_gmt":"2025-06-14T20:29:56","guid":{"rendered":"https:\/\/slams.fr\/blog\/a-la-une\/portails-incontournables-pour-le-slam-engage-et-la-poesie-militante-espaces-dexpression-et-leviers-de-transformation\/"},"modified":"2025-06-14T22:29:56","modified_gmt":"2025-06-14T20:29:56","slug":"portails-incontournables-pour-le-slam-engage-et-la-poesie-militante-espaces-dexpression-et-leviers-de-transformation","status":"publish","type":"post","link":"https:\/\/slams.fr\/blog\/a-la-une\/portails-incontournables-pour-le-slam-engage-et-la-poesie-militante-espaces-dexpression-et-leviers-de-transformation\/","title":{"rendered":"Portails incontournables pour le slam engag\u00e9 et la po\u00e9sie militante : espaces d\u2019expression et leviers de transformation"},"content":{"rendered":"<h1>Portails incontournables pour le slam engag\u00e9 et la po\u00e9sie militante : espaces d\u2019expression et leviers de transformation<\/h1>\n<h2>Panorama des sites sp\u00e9cialis\u00e9s dans le slam engag\u00e9<\/h2>\n<p>\nLe paysage francophone du <strong>slam d\u2019engagement<\/strong> s\u2019est \u00e9toff\u00e9 autour de sites et collectifs qui se distinguent par leur <u>ouverture \u00e0 la participation citoyenne<\/u>. Nous retrouvons par exemple <strong>Po\u00e8tes du Slam<\/strong>, plateforme collaborative o\u00f9 l\u2019on publie et commente po\u00e8mes, manifestes et performances film\u00e9es. Quant \u00e0 <strong>Grand Slam National<\/strong>, il f\u00e9d\u00e8re des dizaines d\u2019associations et de collectifs, propose un <strong>agenda exhaustif des comp\u00e9titions<\/strong> et relaie des sc\u00e8nes ouvertes dans tout l\u2019espace francophone. Ces portails se sont impos\u00e9s comme des <strong>vitrines de la diversit\u00e9<\/strong> des styles et des causes d\u00e9fendues au fil des ann\u00e9es.\n<\/p>\n<ul>\n<li><strong>Slam Production<\/strong> propose un annuaire de concours et d\u2019ateliers, aliment\u00e9 en permanence par la sc\u00e8ne \u00e9mergente.<\/li>\n<li><strong>SpokenWord Paris<\/strong> diffuse les textes des sessions hebdomadaires et ouvre la porte \u00e0 l\u2019internationalisation du mouvement.<\/li>\n<li><strong>Zone d\u2019Expression Prioritaire<\/strong> favorise la publication de textes in\u00e9dits issus des quartiers populaires.<\/li>\n<\/ul>\n<p>\nL\u2019interactivit\u00e9 est au c\u0153ur du fonctionnement : forums de discussion sur l\u2019actualit\u00e9 politique, outils de co-\u00e9criture et espaces de retours critiques permettent l\u2019\u00e9mergence de <strong>nouveaux talents<\/strong>, tout en servant de caisse de r\u00e9sonance aux luttes sociales, f\u00e9ministes, antiracistes ou \u00e9cologiques. C\u2019est sur ces plateformes que se fa\u00e7onnent les grandes voix militantes de demain, et que s\u2019exp\u00e9rimentent de nouveaux formats de prise de parole.\n<\/p>\n<h2>La po\u00e9sie militante en ligne : entre manifestes, ateliers et transmission<\/h2>\n<p>\nL\u2019\u00e9cosyst\u00e8me num\u00e9rique de la <strong>po\u00e9sie contestataire<\/strong> s\u2019est diversifi\u00e9, investissant des formats hybrides o\u00f9 le manifeste c\u00f4toie l\u2019archive sonore et vid\u00e9ographique. Ainsi, <strong>La Zone d\u2019Expression Prioritaire<\/strong> h\u00e9berge une <u>collection d\u2019archives<\/u> de performances et de textes abordant les luttes sociales. Des initiatives telles que <strong>Le Printemps des Po\u00e8tes<\/strong> proposent des <strong>ateliers d\u2019\u00e9criture<\/strong> destin\u00e9s \u00e0 des publics souvent \u00e9loign\u00e9s de la culture classique, comme les jeunes en milieu scolaire, personnes migrantes ou d\u00e9tenues, en privil\u00e9giant toujours une p\u00e9dagogie inclusive.\n<\/p>\n<ul>\n<li>Le <strong>Collectif Manifeste!<\/strong> met \u00e0 disposition des manifestes en ligne, offrant une tribune aux causes en manque de visibilit\u00e9 m\u00e9diatique.<\/li>\n<li><strong>Slam Tribu<\/strong> anime des ateliers interg\u00e9n\u00e9rationnels dans l\u2019espace francophone, publiant en ligne les cr\u00e9ations collectives issues des sessions.<\/li>\n<li>Des portails comme <strong>Poesie-slam.org<\/strong> r\u00e9pertorient et valorisent la m\u00e9moire du slam engag\u00e9, cr\u00e9ant ainsi un r\u00e9servoir de textes \u00e0 la port\u00e9e de tous.<\/li>\n<\/ul>\n<p>\nCes plateformes d\u00e9passent la simple diffusion en proposant de v\u00e9ritables <strong>outils p\u00e9dagogiques<\/strong> pour que la parole militante s\u2019approprie l\u2019histoire, la transmission et la transformation sociale. La convivialit\u00e9 num\u00e9rique ouvre la voie \u00e0 une prise de parole d\u00e9cloisonn\u00e9e, brisant les barri\u00e8res g\u00e9ographiques, sociales et g\u00e9n\u00e9rationnelles.\n<\/p>\n<h2>Slam et paroles invisibles : donner la voix \u00e0 ceux qu\u2019on n\u2019entend pas<\/h2>\n<p>\nCertains portails se sp\u00e9cialisent dans l\u2019\u00e9mergence de voix trop souvent r\u00e9duites au silence dans l\u2019espace public fran\u00e7ais et francophone. <strong>Zone d\u2019Expression Prioritaire<\/strong> s\u2019\u00e9rige en lieu-m\u00e9dia des paroles minor\u00e9es issues des banlieues, tandis que le collectif <strong>Paroles d\u2019Hommes<\/strong> accompagne des jeunes issus de l\u2019immigration \u00e0 publier et performer leurs textes dans un cadre valorisant. L\u2019impact de figures telles que <strong>Clotilde de Brito<\/strong>, reconnue pour sa po\u00e9sie engag\u00e9e sur les droits et la dignit\u00e9, t\u00e9moigne de cette dynamique.\n<\/p>\n<ul>\n<li><strong>Nuits du Slam<\/strong> organise chaque ann\u00e9e des rencontres o\u00f9 les paroles de personnes sans-abri, r\u00e9fugi\u00e9s, d\u00e9tenus ou travailleurs pr\u00e9caires sont mises en sc\u00e8ne, revendiquant leur droit \u00e0 exister et \u00e0 \u00eatre entendus.<\/li>\n<li>Le portail <strong>Slam Connexion<\/strong> relie artistes et \u00e9ducateurs pour soutenir des ateliers dans les quartiers populaires.<\/li>\n<li>Des associations comme <strong>Voix d\u2019Exil<\/strong> archivent et diffusent les cr\u00e9ations des personnes en situation d\u2019exclusion sociale.<\/li>\n<\/ul>\n<p>\nCe foisonnement d\u2019initiatives met en lumi\u00e8re la capacit\u00e9 du slam \u00e0 devenir un <u>moyen d\u2019\u00e9mancipation, de reconnaissance et de transmission m\u00e9morielle<\/u>. Gr\u00e2ce \u00e0 ces portails, des histoires, exp\u00e9riences et revendications longtemps invisibilis\u00e9es trouvent \u00e9cho et l\u00e9gitimit\u00e9 sur la sc\u00e8ne litt\u00e9raire, faisant du <strong>slam engag\u00e9<\/strong> un outil central de transformation sociale.\n<\/p>\n<h2>R\u00e9seaux sociaux et nouvelles formes de militance po\u00e9tique<\/h2>\n<p>\nL\u2019essor des <strong>r\u00e9seaux sociaux<\/strong> et de l\u2019<strong>instapo\u00e9sie<\/strong> a d\u00e9multipli\u00e9 la viralit\u00e9 des textes militants, m\u00e9tamorphosant la circulation des \u0153uvres et la structuration des communaut\u00e9s. Sur Instagram, des comptes comme <strong>@poetesslam<\/strong> ou <strong>@slamcitoyen<\/strong> mobilisent chaque jour des milliers d\u2019abonn\u00e9s autour de causes vari\u00e9es par des posts courts, incisifs, illustr\u00e9s ou perform\u00e9s en vid\u00e9o. Twitter (X) devient le th\u00e9\u00e2tre de <u>micro-manifestes po\u00e9tiques<\/u>, tandis que sur YouTube, la po\u00e9tesse <strong>Lisette Lomb\u00e9<\/strong> rayonne par ses performances engag\u00e9es.\n<\/p>\n<ul>\n<li>La <strong>campagne #SlamForJustice<\/strong> a f\u00e9d\u00e9r\u00e9 une centaine d\u2019artistes francophones en ligne pour soutenir les manifestations contre les violences polici\u00e8res.<\/li>\n<li>Des collectifs tels que <strong>Po\u00e9sie Maintenant<\/strong> organisent des battles virtuelles, rendant la po\u00e9sie militante accessible \u00e0 tous les internautes francophones.<\/li>\n<li>L\u2019\u00e9mergence de voix internationales, issues de la diaspora africaine ou maghr\u00e9bine, enrichit le prisme des th\u00e8mes abord\u00e9s et contribue \u00e0 une <u>creolisation des esth\u00e9tiques po\u00e9tiques<\/u>.<\/li>\n<\/ul>\n<p>\nCette nouvelle militance po\u00e9tique, n\u00e9e du num\u00e9rique, favorise la naissance de communaut\u00e9s d\u2019action transnationales, capable de faire bouger les lignes sur les questions d\u2019in\u00e9galit\u00e9s, de justice sociale ou d\u2019\u00e9cologie. La rapidit\u00e9 de diffusion des messages, la possibilit\u00e9 de relayer des causes en temps r\u00e9el, transforment le rapport du public \u00e0 la po\u00e9sie contestataire, offrant au militantisme litt\u00e9raire une force d\u2019impact in\u00e9dite.\n<\/p>\n<h2>Rencontres, sc\u00e8nes et \u00e9v\u00e9nements phares relay\u00e9s par les portails<\/h2>\n<p>\nLes grands portails sp\u00e9cialis\u00e9s sont le principal relais des <strong>rencontres et \u00e9v\u00e9nements majeurs<\/strong> de la sc\u00e8ne slam engag\u00e9e. Les <strong>sc\u00e8nes ouvertes<\/strong> comme celles du <strong>Grand Slam National<\/strong> ou des <strong>Nuits du Slam<\/strong> r\u00e9unissent chaque ann\u00e9e un public large, offrant aux po\u00e8tes la possibilit\u00e9 de porter leur message au c\u0153ur des villes, festivals ou forums sociaux. Ces rendez-vous sont essentiels pour la visibilit\u00e9 des mouvements et la consolidation d\u2019un <u>r\u00e9seau d\u2019entraide cr\u00e9atif<\/u>.\n<\/p>\n<ul>\n<li><strong>La Coupe du Monde de Slam Po\u00e9sie<\/strong> \u00e0 Paris, av\u00e8nement annuel du genre, met en comp\u00e9tition des artistes de tous horizons, catalysant la diversit\u00e9 des engagements et des styles.[2]<\/li>\n<li>Le <strong>Printemps des Po\u00e8tes<\/strong> consacre chaque \u00e9dition \u00e0 une th\u00e9matique d\u2019actualit\u00e9 sociale, relay\u00e9e sur tous les portails consacr\u00e9s au slam et \u00e0 la po\u00e9sie militante.<\/li>\n<li>Des \u00e9v\u00e9nements itin\u00e9rants comme <strong>Slam Tribu Tour<\/strong> sillonnent l\u2019espace francophone pour toucher de nouveaux publics et ouvrir des sc\u00e8nes \u00e0 la rel\u00e8ve.<\/li>\n<\/ul>\n<p>\nCes manifestations jouent un r\u00f4le d\u00e9cisif dans la <u>structuration de la sc\u00e8ne francophone<\/u> du slam engag\u00e9, favorisant la transmission interg\u00e9n\u00e9rationnelle et la d\u00e9couverte de nouveaux talents, tout en permettant la diffusion des causes militantes au sein de la culture populaire.\n<\/p>\n<h2>Impact et mutations : le slam engag\u00e9, moteur de transformations soci\u00e9tales<\/h2>\n<p>\nLes portails num\u00e9riques d\u00e9di\u00e9s au <strong>slam militant<\/strong> agissent comme des <strong>laboratoires d\u2019innovation sociale<\/strong>, amplifiant la port\u00e9e d\u2019\u0153uvres percutantes. Ils multiplient les espaces o\u00f9 la <u>cr\u00e9ation po\u00e9tique devient acte politique<\/u>, r\u00e9v\u00e9lant des enjeux comme le racisme structurel, l\u2019\u00e9cologie radicale ou les violences faites aux femmes. La capacit\u00e9 du slam \u00e0 r\u00e9-inventer les codes et \u00e0 se nourrir d\u2019influences multiples favorise la <u>cr\u00e9olisation des cultures<\/u>, pr\u00e9figurant une soci\u00e9t\u00e9 plus inclusive et plurielle.[3][5]\n<\/p>\n<ul>\n<li>Des campagnes nationales, relay\u00e9es par les portails, ont permis de sensibiliser massivement \u00e0 la question du harc\u00e8lement scolaire ou des discriminations, donnant la parole directement aux jeunes concern\u00e9s.<\/li>\n<li>L\u2019exp\u00e9rience de collectifs transfrontaliers, comme ceux des r\u00e9gions frontali\u00e8res en France, Belgique ou Suisse, montre comment le slam devient un instrument d\u2019\u00e9mancipation dans des contextes de pr\u00e9carit\u00e9 linguistique ou culturelle.[5]<\/li>\n<li>Les plateformes d\u2019archives cr\u00e9ent une m\u00e9moire vivante de la r\u00e9sistance litt\u00e9raire et permettent de transmettre les luttes aux g\u00e9n\u00e9rations futures.<\/li>\n<\/ul>\n<p>\n\u00c0 travers la diffusion num\u00e9rique, les artistes et militants du slam bousculent les fronti\u00e8res traditionnelles du champ litt\u00e9raire, font \u00e9merger de nouvelles formes de <strong>r\u00e9sistance culturelle<\/strong> et red\u00e9finissent les contours de l\u2019engagement citoyen, rendant la po\u00e9sie vivante, collective et r\u00e9solument tourn\u00e9e vers la transformation du r\u00e9el.<\/p>\n","protected":false},"excerpt":{"rendered":"","protected":false},"author":34,"featured_media":7589,"comment_status":"open","ping_status":"open","sticky":false,"template":"","format":"standard","meta":{"_acf_changed":false,"manual_indexmenow":false,"indexmenow_id_project":0,"footnotes":""},"categories":[1],"tags":[4660,4659,4658],"class_list":["post-7505","post","type-post","status-publish","format-standard","has-post-thumbnail","hentry","category-a-la-une","tag-expression-collective","tag-posie-militante","tag-slam-engag","generate-columns","tablet-grid-50","mobile-grid-100","grid-parent","grid-25"],"acf":[],"yoast_head":"<!-- This site is optimized with the Yoast SEO Premium plugin v21.3 (Yoast SEO v26.5) - https:\/\/yoast.com\/wordpress\/plugins\/seo\/ -->\n<title>Portails du slam engag\u00e9 et de la po\u00e9sie militante<\/title>\n<meta name=\"description\" content=\"Le paysage francophone du slam d\u2019engagement s\u2019est \u00e9toff\u00e9 autour de sites et collectifs qui se distinguent par leur ouverture \u00e0 la participation citoyenne.\" \/>\n<meta name=\"robots\" content=\"index, follow, max-snippet:-1, max-image-preview:large, max-video-preview:-1\" \/>\n<link rel=\"canonical\" href=\"https:\/\/slams.fr\/blog\/a-la-une\/portails-incontournables-pour-le-slam-engage-et-la-poesie-militante-espaces-dexpression-et-leviers-de-transformation\/\" \/>\n<meta property=\"og:locale\" content=\"fr_FR\" \/>\n<meta property=\"og:type\" content=\"article\" \/>\n<meta property=\"og:title\" content=\"Portails du slam engag\u00e9 et de la po\u00e9sie militante\" \/>\n<meta property=\"og:description\" content=\"Le paysage francophone du slam d\u2019engagement s\u2019est \u00e9toff\u00e9 autour de sites et collectifs qui se distinguent par leur ouverture \u00e0 la participation citoyenne.\" \/>\n<meta property=\"og:url\" content=\"https:\/\/slams.fr\/blog\/a-la-une\/portails-incontournables-pour-le-slam-engage-et-la-poesie-militante-espaces-dexpression-et-leviers-de-transformation\/\" \/>\n<meta property=\"og:site_name\" content=\"slams\" \/>\n<meta property=\"og:image\" content=\"https:\/\/slams.fr\/blog\/wp-content\/uploads\/2025\/07\/sdxl-7ccb7e12049e9937b69ab711ac776512-scaled.png\" \/>\n\t<meta property=\"og:image:width\" content=\"1200\" \/>\n\t<meta property=\"og:image:height\" content=\"500\" \/>\n\t<meta property=\"og:image:type\" content=\"image\/png\" \/>\n<meta name=\"author\" content=\"Rapha\u00ebl D.\" \/>\n<meta name=\"twitter:card\" content=\"summary_large_image\" \/>\n<script type=\"application\/ld+json\" class=\"yoast-schema-graph\">{\"@context\":\"https:\/\/schema.org\",\"@graph\":[{\"@type\":\"NewsArticle\",\"@id\":\"https:\/\/slams.fr\/blog\/a-la-une\/portails-incontournables-pour-le-slam-engage-et-la-poesie-militante-espaces-dexpression-et-leviers-de-transformation\/#article\",\"isPartOf\":{\"@id\":\"https:\/\/slams.fr\/blog\/a-la-une\/portails-incontournables-pour-le-slam-engage-et-la-poesie-militante-espaces-dexpression-et-leviers-de-transformation\/\"},\"author\":{\"name\":\"Rapha\u00ebl D.\",\"@id\":\"https:\/\/slams.fr\/blog\/#\/schema\/person\/3c864cdc320801e3db34b663e7e3f816\"},\"headline\":\"Portails incontournables pour le slam engag\u00e9 et la po\u00e9sie militante : espaces d\u2019expression et leviers de transformation\",\"datePublished\":\"2025-06-14T20:29:56+00:00\",\"mainEntityOfPage\":{\"@id\":\"https:\/\/slams.fr\/blog\/a-la-une\/portails-incontournables-pour-le-slam-engage-et-la-poesie-militante-espaces-dexpression-et-leviers-de-transformation\/\"},\"wordCount\":1453,\"commentCount\":0,\"publisher\":{\"@id\":\"https:\/\/slams.fr\/blog\/#organization\"},\"image\":{\"@id\":\"https:\/\/slams.fr\/blog\/a-la-une\/portails-incontournables-pour-le-slam-engage-et-la-poesie-militante-espaces-dexpression-et-leviers-de-transformation\/#primaryimage\"},\"thumbnailUrl\":\"https:\/\/slams.fr\/blog\/wp-content\/uploads\/2025\/07\/sdxl-7ccb7e12049e9937b69ab711ac776512-scaled.png\",\"keywords\":[\"expression collective\",\"posie militante\",\"slam engag\"],\"articleSection\":[\"\u00c0 la une\"],\"inLanguage\":\"fr-FR\",\"potentialAction\":[{\"@type\":\"CommentAction\",\"name\":\"Comment\",\"target\":[\"https:\/\/slams.fr\/blog\/a-la-une\/portails-incontournables-pour-le-slam-engage-et-la-poesie-militante-espaces-dexpression-et-leviers-de-transformation\/#respond\"]}]},{\"@type\":\"WebPage\",\"@id\":\"https:\/\/slams.fr\/blog\/a-la-une\/portails-incontournables-pour-le-slam-engage-et-la-poesie-militante-espaces-dexpression-et-leviers-de-transformation\/\",\"url\":\"https:\/\/slams.fr\/blog\/a-la-une\/portails-incontournables-pour-le-slam-engage-et-la-poesie-militante-espaces-dexpression-et-leviers-de-transformation\/\",\"name\":\"Portails du slam engag\u00e9 et de la po\u00e9sie militante\",\"isPartOf\":{\"@id\":\"https:\/\/slams.fr\/blog\/#website\"},\"primaryImageOfPage\":{\"@id\":\"https:\/\/slams.fr\/blog\/a-la-une\/portails-incontournables-pour-le-slam-engage-et-la-poesie-militante-espaces-dexpression-et-leviers-de-transformation\/#primaryimage\"},\"image\":{\"@id\":\"https:\/\/slams.fr\/blog\/a-la-une\/portails-incontournables-pour-le-slam-engage-et-la-poesie-militante-espaces-dexpression-et-leviers-de-transformation\/#primaryimage\"},\"thumbnailUrl\":\"https:\/\/slams.fr\/blog\/wp-content\/uploads\/2025\/07\/sdxl-7ccb7e12049e9937b69ab711ac776512-scaled.png\",\"datePublished\":\"2025-06-14T20:29:56+00:00\",\"description\":\"Le paysage francophone du slam d\u2019engagement s\u2019est \u00e9toff\u00e9 autour de sites et collectifs qui se distinguent par leur ouverture \u00e0 la participation citoyenne.\",\"inLanguage\":\"fr-FR\",\"potentialAction\":[{\"@type\":\"ReadAction\",\"target\":[\"https:\/\/slams.fr\/blog\/a-la-une\/portails-incontournables-pour-le-slam-engage-et-la-poesie-militante-espaces-dexpression-et-leviers-de-transformation\/\"]}]},{\"@type\":\"ImageObject\",\"inLanguage\":\"fr-FR\",\"@id\":\"https:\/\/slams.fr\/blog\/a-la-une\/portails-incontournables-pour-le-slam-engage-et-la-poesie-militante-espaces-dexpression-et-leviers-de-transformation\/#primaryimage\",\"url\":\"https:\/\/slams.fr\/blog\/wp-content\/uploads\/2025\/07\/sdxl-7ccb7e12049e9937b69ab711ac776512-scaled.png\",\"contentUrl\":\"https:\/\/slams.fr\/blog\/wp-content\/uploads\/2025\/07\/sdxl-7ccb7e12049e9937b69ab711ac776512-scaled.png\",\"width\":1200,\"height\":500},{\"@type\":\"WebSite\",\"@id\":\"https:\/\/slams.fr\/blog\/#website\",\"url\":\"https:\/\/slams.fr\/blog\/\",\"name\":\"slams.fr\",\"description\":\"Slams, l&#039;\u00e9nergie des mots en action\",\"publisher\":{\"@id\":\"https:\/\/slams.fr\/blog\/#organization\"},\"alternateName\":\"Slams, l'\u00e9nergie des mots en action\",\"potentialAction\":[{\"@type\":\"SearchAction\",\"target\":{\"@type\":\"EntryPoint\",\"urlTemplate\":\"https:\/\/slams.fr\/blog\/?s={search_term_string}\"},\"query-input\":{\"@type\":\"PropertyValueSpecification\",\"valueRequired\":true,\"valueName\":\"search_term_string\"}}],\"inLanguage\":\"fr-FR\"},{\"@type\":\"Organization\",\"@id\":\"https:\/\/slams.fr\/blog\/#organization\",\"name\":\"Foretsensations.fr\",\"url\":\"https:\/\/slams.fr\/blog\/\",\"logo\":{\"@type\":\"ImageObject\",\"inLanguage\":\"fr-FR\",\"@id\":\"https:\/\/slams.fr\/blog\/#\/schema\/logo\/image\/\",\"url\":\"https:\/\/slams.fr\/blog\/wp-content\/uploads\/2026\/07\/logo-auto-1.png\",\"contentUrl\":\"https:\/\/slams.fr\/blog\/wp-content\/uploads\/2026\/07\/logo-auto-1.png\",\"width\":1024,\"height\":1024,\"caption\":\"Foretsensations.fr\"},\"image\":{\"@id\":\"https:\/\/slams.fr\/blog\/#\/schema\/logo\/image\/\"}},{\"@type\":\"Person\",\"@id\":\"https:\/\/slams.fr\/blog\/#\/schema\/person\/3c864cdc320801e3db34b663e7e3f816\",\"name\":\"Rapha\u00ebl D.\",\"image\":{\"@type\":\"ImageObject\",\"inLanguage\":\"fr-FR\",\"@id\":\"https:\/\/slams.fr\/blog\/#\/schema\/person\/image\/\",\"url\":\"https:\/\/slams.fr\/blog\/wp-content\/uploads\/2026\/06\/persona_raphael-d-96x96.jpg\",\"contentUrl\":\"https:\/\/slams.fr\/blog\/wp-content\/uploads\/2026\/06\/persona_raphael-d-96x96.jpg\",\"caption\":\"Rapha\u00ebl D.\"},\"description\":\"La culture est mon terrain de jeu depuis une dizaine d'ann\u00e9es : arts visuels, s\u00e9ries, cr\u00e9ation et tout ce qui nourrit l'imaginaire. J'\u00e9cris aussi bien sur l'actualit\u00e9 des \u0153uvres que sur les coulisses de la cr\u00e9ation, avec l'envie de relier l'amateur curieux \u00e0 des univers parfois jug\u00e9s intimidants. J'aime analyser une s\u00e9rie ou une d\u00e9marche artistique sans p\u00e9dantisme, replacer une \u0153uvre dans son contexte et donner des cl\u00e9s de lecture accessibles. Avant de publier, je v\u00e9rifie mes r\u00e9f\u00e9rences, je recoupe les sources et je distingue clairement le fait de mon interpr\u00e9tation subjective. Je crois qu'une critique vaut surtout par les arguments qu'elle expose, pas par la sentence qu'elle rend. Mon angle : transmettre l'envie de d\u00e9couvrir, de regarder autrement et de se forger son propre go\u00fbt. La culture n'appartient pas qu'aux initi\u00e9s, et c'est tout l'enjeu de mon \u00e9criture.\",\"url\":\"https:\/\/slams.fr\/blog\/auteur\/raphael-d\/\",\"jobTitle\":\"R\u00e9dacteur en chef \u00b7 Culture & Cr\u00e9ation\",\"knowsAbout\":[\"Culture\",\"Cr\u00e9ation\"],\"email\":\"raphael.d@a-l-asso-de-l-art.fr\"}]}<\/script>\n<!-- \/ Yoast SEO Premium plugin. -->","yoast_head_json":{"title":"Portails du slam engag\u00e9 et de la po\u00e9sie militante","description":"Le paysage francophone du slam d\u2019engagement s\u2019est \u00e9toff\u00e9 autour de sites et collectifs qui se distinguent par leur ouverture \u00e0 la participation citoyenne.","robots":{"index":"index","follow":"follow","max-snippet":"max-snippet:-1","max-image-preview":"max-image-preview:large","max-video-preview":"max-video-preview:-1"},"canonical":"https:\/\/slams.fr\/blog\/a-la-une\/portails-incontournables-pour-le-slam-engage-et-la-poesie-militante-espaces-dexpression-et-leviers-de-transformation\/","og_locale":"fr_FR","og_type":"article","og_title":"Portails du slam engag\u00e9 et de la po\u00e9sie militante","og_description":"Le paysage francophone du slam d\u2019engagement s\u2019est \u00e9toff\u00e9 autour de sites et collectifs qui se distinguent par leur ouverture \u00e0 la participation citoyenne.","og_url":"https:\/\/slams.fr\/blog\/a-la-une\/portails-incontournables-pour-le-slam-engage-et-la-poesie-militante-espaces-dexpression-et-leviers-de-transformation\/","og_site_name":"slams","og_image":[{"width":1200,"height":500,"url":"https:\/\/slams.fr\/blog\/wp-content\/uploads\/2025\/07\/sdxl-7ccb7e12049e9937b69ab711ac776512-scaled.png","type":"image\/png"}],"author":"Rapha\u00ebl D.","twitter_card":"summary_large_image","schema":{"@context":"https:\/\/schema.org","@graph":[{"@type":"NewsArticle","@id":"https:\/\/slams.fr\/blog\/a-la-une\/portails-incontournables-pour-le-slam-engage-et-la-poesie-militante-espaces-dexpression-et-leviers-de-transformation\/#article","isPartOf":{"@id":"https:\/\/slams.fr\/blog\/a-la-une\/portails-incontournables-pour-le-slam-engage-et-la-poesie-militante-espaces-dexpression-et-leviers-de-transformation\/"},"author":{"name":"Rapha\u00ebl D.","@id":"https:\/\/slams.fr\/blog\/#\/schema\/person\/3c864cdc320801e3db34b663e7e3f816"},"headline":"Portails incontournables pour le slam engag\u00e9 et la po\u00e9sie militante : espaces d\u2019expression et leviers de transformation","datePublished":"2025-06-14T20:29:56+00:00","mainEntityOfPage":{"@id":"https:\/\/slams.fr\/blog\/a-la-une\/portails-incontournables-pour-le-slam-engage-et-la-poesie-militante-espaces-dexpression-et-leviers-de-transformation\/"},"wordCount":1453,"commentCount":0,"publisher":{"@id":"https:\/\/slams.fr\/blog\/#organization"},"image":{"@id":"https:\/\/slams.fr\/blog\/a-la-une\/portails-incontournables-pour-le-slam-engage-et-la-poesie-militante-espaces-dexpression-et-leviers-de-transformation\/#primaryimage"},"thumbnailUrl":"https:\/\/slams.fr\/blog\/wp-content\/uploads\/2025\/07\/sdxl-7ccb7e12049e9937b69ab711ac776512-scaled.png","keywords":["expression collective","posie militante","slam engag"],"articleSection":["\u00c0 la une"],"inLanguage":"fr-FR","potentialAction":[{"@type":"CommentAction","name":"Comment","target":["https:\/\/slams.fr\/blog\/a-la-une\/portails-incontournables-pour-le-slam-engage-et-la-poesie-militante-espaces-dexpression-et-leviers-de-transformation\/#respond"]}]},{"@type":"WebPage","@id":"https:\/\/slams.fr\/blog\/a-la-une\/portails-incontournables-pour-le-slam-engage-et-la-poesie-militante-espaces-dexpression-et-leviers-de-transformation\/","url":"https:\/\/slams.fr\/blog\/a-la-une\/portails-incontournables-pour-le-slam-engage-et-la-poesie-militante-espaces-dexpression-et-leviers-de-transformation\/","name":"Portails du slam engag\u00e9 et de la po\u00e9sie militante","isPartOf":{"@id":"https:\/\/slams.fr\/blog\/#website"},"primaryImageOfPage":{"@id":"https:\/\/slams.fr\/blog\/a-la-une\/portails-incontournables-pour-le-slam-engage-et-la-poesie-militante-espaces-dexpression-et-leviers-de-transformation\/#primaryimage"},"image":{"@id":"https:\/\/slams.fr\/blog\/a-la-une\/portails-incontournables-pour-le-slam-engage-et-la-poesie-militante-espaces-dexpression-et-leviers-de-transformation\/#primaryimage"},"thumbnailUrl":"https:\/\/slams.fr\/blog\/wp-content\/uploads\/2025\/07\/sdxl-7ccb7e12049e9937b69ab711ac776512-scaled.png","datePublished":"2025-06-14T20:29:56+00:00","description":"Le paysage francophone du slam d\u2019engagement s\u2019est \u00e9toff\u00e9 autour de sites et collectifs qui se distinguent par leur ouverture \u00e0 la participation citoyenne.","inLanguage":"fr-FR","potentialAction":[{"@type":"ReadAction","target":["https:\/\/slams.fr\/blog\/a-la-une\/portails-incontournables-pour-le-slam-engage-et-la-poesie-militante-espaces-dexpression-et-leviers-de-transformation\/"]}]},{"@type":"ImageObject","inLanguage":"fr-FR","@id":"https:\/\/slams.fr\/blog\/a-la-une\/portails-incontournables-pour-le-slam-engage-et-la-poesie-militante-espaces-dexpression-et-leviers-de-transformation\/#primaryimage","url":"https:\/\/slams.fr\/blog\/wp-content\/uploads\/2025\/07\/sdxl-7ccb7e12049e9937b69ab711ac776512-scaled.png","contentUrl":"https:\/\/slams.fr\/blog\/wp-content\/uploads\/2025\/07\/sdxl-7ccb7e12049e9937b69ab711ac776512-scaled.png","width":1200,"height":500},{"@type":"WebSite","@id":"https:\/\/slams.fr\/blog\/#website","url":"https:\/\/slams.fr\/blog\/","name":"slams.fr","description":"Slams, l&#039;\u00e9nergie des mots en action","publisher":{"@id":"https:\/\/slams.fr\/blog\/#organization"},"alternateName":"Slams, l'\u00e9nergie des mots en action","potentialAction":[{"@type":"SearchAction","target":{"@type":"EntryPoint","urlTemplate":"https:\/\/slams.fr\/blog\/?s={search_term_string}"},"query-input":{"@type":"PropertyValueSpecification","valueRequired":true,"valueName":"search_term_string"}}],"inLanguage":"fr-FR"},{"@type":"Organization","@id":"https:\/\/slams.fr\/blog\/#organization","name":"Foretsensations.fr","url":"https:\/\/slams.fr\/blog\/","logo":{"@type":"ImageObject","inLanguage":"fr-FR","@id":"https:\/\/slams.fr\/blog\/#\/schema\/logo\/image\/","url":"https:\/\/slams.fr\/blog\/wp-content\/uploads\/2026\/07\/logo-auto-1.png","contentUrl":"https:\/\/slams.fr\/blog\/wp-content\/uploads\/2026\/07\/logo-auto-1.png","width":1024,"height":1024,"caption":"Foretsensations.fr"},"image":{"@id":"https:\/\/slams.fr\/blog\/#\/schema\/logo\/image\/"}},{"@type":"Person","@id":"https:\/\/slams.fr\/blog\/#\/schema\/person\/3c864cdc320801e3db34b663e7e3f816","name":"Rapha\u00ebl D.","image":{"@type":"ImageObject","inLanguage":"fr-FR","@id":"https:\/\/slams.fr\/blog\/#\/schema\/person\/image\/","url":"https:\/\/slams.fr\/blog\/wp-content\/uploads\/2026\/06\/persona_raphael-d-96x96.jpg","contentUrl":"https:\/\/slams.fr\/blog\/wp-content\/uploads\/2026\/06\/persona_raphael-d-96x96.jpg","caption":"Rapha\u00ebl D."},"description":"La culture est mon terrain de jeu depuis une dizaine d'ann\u00e9es : arts visuels, s\u00e9ries, cr\u00e9ation et tout ce qui nourrit l'imaginaire. J'\u00e9cris aussi bien sur l'actualit\u00e9 des \u0153uvres que sur les coulisses de la cr\u00e9ation, avec l'envie de relier l'amateur curieux \u00e0 des univers parfois jug\u00e9s intimidants. J'aime analyser une s\u00e9rie ou une d\u00e9marche artistique sans p\u00e9dantisme, replacer une \u0153uvre dans son contexte et donner des cl\u00e9s de lecture accessibles. Avant de publier, je v\u00e9rifie mes r\u00e9f\u00e9rences, je recoupe les sources et je distingue clairement le fait de mon interpr\u00e9tation subjective. Je crois qu'une critique vaut surtout par les arguments qu'elle expose, pas par la sentence qu'elle rend. Mon angle : transmettre l'envie de d\u00e9couvrir, de regarder autrement et de se forger son propre go\u00fbt. La culture n'appartient pas qu'aux initi\u00e9s, et c'est tout l'enjeu de mon \u00e9criture.","url":"https:\/\/slams.fr\/blog\/auteur\/raphael-d\/","jobTitle":"R\u00e9dacteur en chef \u00b7 Culture & Cr\u00e9ation","knowsAbout":["Culture","Cr\u00e9ation"],"email":"raphael.d@a-l-asso-de-l-art.fr"}]}},"_links":{"self":[{"href":"https:\/\/slams.fr\/blog\/wp-json\/wp\/v2\/posts\/7505","targetHints":{"allow":["GET"]}}],"collection":[{"href":"https:\/\/slams.fr\/blog\/wp-json\/wp\/v2\/posts"}],"about":[{"href":"https:\/\/slams.fr\/blog\/wp-json\/wp\/v2\/types\/post"}],"author":[{"embeddable":true,"href":"https:\/\/slams.fr\/blog\/wp-json\/wp\/v2\/users\/34"}],"replies":[{"embeddable":true,"href":"https:\/\/slams.fr\/blog\/wp-json\/wp\/v2\/comments?post=7505"}],"version-history":[{"count":0,"href":"https:\/\/slams.fr\/blog\/wp-json\/wp\/v2\/posts\/7505\/revisions"}],"wp:featuredmedia":[{"embeddable":true,"href":"https:\/\/slams.fr\/blog\/wp-json\/wp\/v2\/media\/7589"}],"wp:attachment":[{"href":"https:\/\/slams.fr\/blog\/wp-json\/wp\/v2\/media?parent=7505"}],"wp:term":[{"taxonomy":"category","embeddable":true,"href":"https:\/\/slams.fr\/blog\/wp-json\/wp\/v2\/categories?post=7505"},{"taxonomy":"post_tag","embeddable":true,"href":"https:\/\/slams.fr\/blog\/wp-json\/wp\/v2\/tags?post=7505"}],"curies":[{"name":"wp","href":"https:\/\/api.w.org\/{rel}","templated":true}]}}