{"id":7507,"date":"2025-06-14T22:30:22","date_gmt":"2025-06-14T20:30:22","guid":{"rendered":"https:\/\/slams.fr\/blog\/a-la-une\/ou-trouver-les-meilleures-offres-de-coaching-vocal-pour-slameurs-et-artistes-du-verbe\/"},"modified":"2025-06-14T22:30:22","modified_gmt":"2025-06-14T20:30:22","slug":"ou-trouver-les-meilleures-offres-de-coaching-vocal-pour-slameurs-et-artistes-du-verbe","status":"publish","type":"post","link":"https:\/\/slams.fr\/blog\/a-la-une\/ou-trouver-les-meilleures-offres-de-coaching-vocal-pour-slameurs-et-artistes-du-verbe\/","title":{"rendered":"O\u00f9 trouver les meilleures offres de coaching vocal pour slameurs et artistes du verbe"},"content":{"rendered":"<h1>O\u00f9 trouver les meilleures offres de coaching vocal pour slameurs et artistes du verbe<\/h1>\n<h2>Plateformes d\u00e9di\u00e9es aux coachs vocaux pour slameurs<\/h2>\n<p>\n    Le monde du coaching vocal s\u2019ouvre d\u00e9sormais \u00e0 des profils ayant une exp\u00e9rience directe dans le secteur du <strong>slam<\/strong> et des <strong>musiques urbaines<\/strong>, avec une attention particuli\u00e8re port\u00e9e \u00e0 la <u>ma\u00eetrise du flow<\/u>, \u00e0 la <u>diction<\/u> et \u00e0 l\u2019<u>expression sc\u00e9nique<\/u>. Les plateformes sp\u00e9cialis\u00e9es constituent de v\u00e9ritables carrefours pour rep\u00e9rer ces comp\u00e9tences pointues.\n  <\/p>\n<ul>\n<li>\n      <strong>Superprof<\/strong> met en avant des coachs ayant accompagn\u00e9 des slameurs lors de sc\u00e8nes ouvertes et de concours nationaux, capables de guider sur le souffle, la modulation d\u2019intensit\u00e9 vocale et l\u2019interpr\u00e9tation po\u00e9tique.\n    <\/li>\n<li>\n      <strong>Apprentus<\/strong> recense plus de 200 enseignants, dont certains issus du th\u00e9\u00e2tre et de la sc\u00e8ne slam, proposant des approches hybrides entre chant, po\u00e9sie et performance orale, adapt\u00e9es \u00e0 divers styles \u2013 du spoken word traditionnel \u00e0 la fusion slam-rap[4].\n    <\/li>\n<li>\n      La plateforme <strong>H\u00e9lo\u00efse French Coach<\/strong> a d\u00e9velopp\u00e9 une expertise dans l\u2019accompagnement de chanteurs et po\u00e8tes, mettant l\u2019accent sur la <u>puissance du texte<\/u> et le travail affin\u00e9 sur la r\u00e9sonance vocale, crucial pour les performances sans amplification[2].\n    <\/li>\n<li>\n      <strong>Katja Chevallier<\/strong>, au Val d\u2019Europe, propose une m\u00e9thode fond\u00e9e sur la connaissance approfondie de la physiologie vocale, id\u00e9ale pour les slameurs souhaitant explorer la subtilit\u00e9 de leur instrument tout en consolidant la projection et la clart\u00e9 du message[1].\n    <\/li>\n<\/ul>\n<p>\n    <u>Choisir une plateforme reconnue permet non seulement de comparer les profils et expertises, mais aussi d\u2019acc\u00e9der \u00e0 des avis d\u2019\u00e9l\u00e8ves ayant d\u00e9j\u00e0 d\u00e9velopp\u00e9 leur style au contact de coachs sp\u00e9cialis\u00e9s.<\/u>\n  <\/p>\n<h2>Coaching vocal personnalis\u00e9 et accompagnement sur mesure<\/h2>\n<p>\n    Le sur-mesure s\u2019impose pour qui vise l\u2019excellence vocale dans le slam : chaque voix porte une histoire, chaque flow poss\u00e8de une rythmique subtile. Des professionnels tels que <strong>Cynthia Colombo<\/strong> et <strong>Lisa Baumann<\/strong> \u2013 toutes deux connues pour avoir form\u00e9 des artistes du spoken word sur des sc\u00e8nes francophones \u2013 proposent un suivi individualis\u00e9, int\u00e9grant la <u>gestion du stress<\/u>, la <u>pr\u00e9sence sc\u00e9nique<\/u> et le <u>d\u00e9veloppement de la personnalit\u00e9 vocale<\/u>[4].\n  <\/p>\n<ul>\n<li>\n      Les modules int\u00e8grent souvent : une identification des forces naturelles de la voix, une adaptation du r\u00e9pertoire po\u00e9tique, et un accompagnement sp\u00e9cifique lors de la pr\u00e9paration d\u2019auditions ou de sessions en studio.\n    <\/li>\n<li>\n      Certains coachs, tels que <strong>Philippe<\/strong> \u00e0 Nice, valorisent un travail sur le <strong>d\u00e9veloppement de la confiance<\/strong> et la <strong>projection de la voix<\/strong>, pour lib\u00e9rer tant l\u2019\u00e9nergie brute que l\u2019\u00e9motion contenue, essentielle au slam[4].\n    <\/li>\n<\/ul>\n<p>\n    \u00c0 notre avis, l\u2019accompagnement personnalis\u00e9 repr\u00e9sente la voie la plus efficace pour franchir des paliers, chaque session permettant d\u2019aborder les difficult\u00e9s sp\u00e9cifiques telles que l\u2019articulation sur tempo rapide, ou la gestion de la fatigue vocale lors de sets prolong\u00e9s.\n  <\/p>\n<h2>Coaching vocal \u00e0 distance\u00a0: flexibilit\u00e9 pour tous les slameurs<\/h2>\n<p>\n    La digitalisation du coaching vocal a boulevers\u00e9 les habitudes des artistes du verbe. La flexibilit\u00e9 offerte par les formats \u00e0 distance s\u00e9duit un public de plus en plus mobile, d\u00e9sireux de progresser depuis son home-studio ou entre deux sc\u00e8nes ouvertes. Les coachs sp\u00e9cialis\u00e9s dans le spoken word exploitent aujourd\u2019hui la visioconf\u00e9rence pour \u00e9laborer des sessions interactives, m\u00ealant exercices pratiques et retours imm\u00e9diats[2][4].\n  <\/p>\n<ul>\n<li>\n      L\u2019acc\u00e8s \u00e0 un <strong>coach francophone<\/strong>, o\u00f9 que l\u2019on se trouve, \u00e9limine les barri\u00e8res r\u00e9gionales et permet une constance de suivi, sur le long terme.\n    <\/li>\n<li>\n      Les outils num\u00e9riques (enregistrements partag\u00e9s, grilles d\u2019analyse, feedback vid\u00e9o diff\u00e9r\u00e9) d\u00e9multiplient les opportunit\u00e9s d\u2019affiner sa technique, de travailler sur des maquettes en cours ou d\u2019int\u00e9grer des conseils pr\u00e9cis avant une performance.\n    <\/li>\n<\/ul>\n<p>\n    Selon nous, l\u2019offre en ligne constitue une r\u00e9ponse efficace pour tous ceux qui cherchent \u00e0 progresser \u00e0 leur rythme, tout en profitant de l\u2019expertise de coachs habitu\u00e9s \u00e0 la sc\u00e8ne slam, m\u00eame hors des grands centres urbains.\n  <\/p>\n<h2>Masterclass sp\u00e9cifiques slam et ateliers collectifs<\/h2>\n<p>\n    Les <strong>masterclass<\/strong> d\u00e9di\u00e9es au slam, organis\u00e9es par des \u00e9coles de chant ou des collectifs d\u2019artistes, offrent un espace d\u2019\u00e9change unique, o\u00f9 l\u2019on peut conjuguer apprentissage vocal, travail du texte, et pratique de la sc\u00e8ne. Ces rendez-vous ponctuels, souvent soutenus par des structures telles que des studios d\u2019enregistrement ou des festivals de spoken word, sont particuli\u00e8rement formateurs[1].\n  <\/p>\n<ul>\n<li>\n      Le <strong>Singing Retreat<\/strong> du studio Art of Voice en France int\u00e8gre, par exemple, des modules de coaching sc\u00e9nique anim\u00e9s par des intervenants ayant une exp\u00e9rience dans le slam et le th\u00e9\u00e2tre musical, permettant d\u2019exp\u00e9rimenter la projection dans des environnements vari\u00e9s[3].\n    <\/li>\n<li>\n      Des ateliers collectifs, comme ceux men\u00e9s \u00e0 Paris, valorisent le <strong>feedback crois\u00e9<\/strong> entre pairs, l\u2019\u00e9criture collaborative, et la confrontation bienveillante des styles et des univers, essentiels \u00e0 une progression technique et artistique authentique.\n    <\/li>\n<\/ul>\n<p>\n    Nous estimons que le passage par ces formations collectives est d\u00e9cisif pour tout slameur d\u00e9sireux de sortir de sa zone de confort, d\u2019\u00e9largir sa palette expressive, et de b\u00e9n\u00e9ficier de l\u2019\u00e9mulation d\u2019un groupe passionn\u00e9 par les musiques \u00e0 texte.\n  <\/p>\n<h2>Rep\u00e9rer les crit\u00e8res d\u2019un coach vocal adapt\u00e9 au slam<\/h2>\n<p>\n    Le choix d\u2019un coach ne saurait se limiter \u00e0 l\u2019exp\u00e9rience g\u00e9n\u00e9rale du chant ou de la com\u00e9die musicale. Pour le slam, <u>l\u2019expertise dans les musiques urbaines<\/u> et la capacit\u00e9 \u00e0 s\u2019immerger dans des univers po\u00e9tiques vari\u00e9s s\u2019av\u00e8rent cruciales. Plusieurs crit\u00e8res m\u00e9ritent attention lors du rep\u00e9rage du bon accompagnant :\n  <\/p>\n<ul>\n<li><strong>Passif de collaborations avec des slameurs<\/strong> connus ou la participation \u00e0 des productions spoken word<\/li>\n<li><strong>Ma\u00eetrise des techniques de respiration<\/strong> et de l\u2019articulation sur tempo variable<\/li>\n<li>Comp\u00e9tence \u00e0 <strong>g\u00e9rer l\u2019improvisation<\/strong> et \u00e0 transmettre une <strong>posture sc\u00e9nique<\/strong> cr\u00e9dible<\/li>\n<li>Capacit\u00e9 \u00e0 <strong>adapter la progression<\/strong> \u00e0 des objectifs sc\u00e9niques, enregistrement ou comp\u00e9tition<\/li>\n<li>Sensibilit\u00e9 \u00e0 la <strong>cr\u00e9ativit\u00e9 individuelle<\/strong> et \u00e0 l\u2019accompagnement psychologique dans la gestion du trac<\/li>\n<\/ul>\n<p>\n    Nous recommandons de privil\u00e9gier les coachs ayant anim\u00e9 des sessions pour des collectifs slam, particip\u00e9 \u00e0 des jurys de battles, ou collabor\u00e9 \u00e0 l\u2019\u00e9criture de performances collectives. L\u2019originalit\u00e9 du slam appelle un partenaire capable de saisir la sp\u00e9cificit\u00e9 de chaque projet artistique.\n  <\/p>\n<h2>Se lancer\u00a0: pr\u00e9parer son premier contact avec un coach sp\u00e9cialis\u00e9<\/h2>\n<p>\n    Maximiser l\u2019efficacit\u00e9 du coaching vocal commence par une pr\u00e9paration soigneuse avant la prise de contact. Un \u00e9change approfondi sur vos influences \u2013 d\u2019Abd al Malik \u00e0 Grand Corps Malade \u2013, vos attentes (projection sc\u00e9nique, endurance vocale, colorations stylistiques), ainsi que vos points de blocage, facilite grandement la personnalisation de la d\u00e9marche.\n  <\/p>\n<ul>\n<li>Formuler clairement vos objectifs artistiques (\u00e9criture d\u2019un EP, pr\u00e9paration de sc\u00e8nes slam, concours)<\/li>\n<li>Pr\u00e9parer un extrait vid\u00e9o ou audio de votre travail pour illustrer vos besoins<\/li>\n<li>Questionner le coach sur sa m\u00e9thodologie, sa p\u00e9dagogie et sa r\u00e9activit\u00e9 en cas de doute ou de probl\u00e8me technique<\/li>\n<li>V\u00e9rifier la disponibilit\u00e9 pour un suivi r\u00e9gulier et la possibilit\u00e9 d\u2019int\u00e9grer des sessions d\u2019\u00e9coute ou d\u2019\u00e9valuation collective<\/li>\n<\/ul>\n<p>\n    Selon notre exp\u00e9rience, la r\u00e9ussite du coaching tient en grande partie \u00e0 la qualit\u00e9 de la communication et \u00e0 l\u2019ouverture sur l\u2019exp\u00e9rimentation. Les coachs les plus efficaces ne s\u2019enferment pas dans une m\u00e9thode unique, mais adaptent chaque session aux d\u00e9fis et aux objectifs \u00e9volutifs propres \u00e0 chaque slameur.\n  <\/p>\n","protected":false},"excerpt":{"rendered":"","protected":false},"author":34,"featured_media":7587,"comment_status":"open","ping_status":"open","sticky":false,"template":"","format":"standard","meta":{"_acf_changed":false,"manual_indexmenow":false,"indexmenow_id_project":0,"footnotes":""},"categories":[1],"tags":[4559,4656,4526],"class_list":["post-7507","post","type-post","status-publish","format-standard","has-post-thumbnail","hentry","category-a-la-une","tag-artistes","tag-coaching-vocal","tag-slam","generate-columns","tablet-grid-50","mobile-grid-100","grid-parent","grid-25"],"acf":[],"yoast_head":"<!-- This site is optimized with the Yoast SEO Premium plugin v21.3 (Yoast SEO v26.5) - https:\/\/yoast.com\/wordpress\/plugins\/seo\/ -->\n<title>Coaching vocal pour slameurs et artistes du verbe<\/title>\n<meta name=\"description\" content=\"Le monde du coaching vocal s\u2019ouvre d\u00e9sormais \u00e0 des profils ayant une exp\u00e9rience directe dans le secteur du slam et des musiques urbaines\" \/>\n<meta name=\"robots\" content=\"index, follow, max-snippet:-1, max-image-preview:large, max-video-preview:-1\" \/>\n<link rel=\"canonical\" href=\"https:\/\/slams.fr\/blog\/a-la-une\/ou-trouver-les-meilleures-offres-de-coaching-vocal-pour-slameurs-et-artistes-du-verbe\/\" \/>\n<meta property=\"og:locale\" content=\"fr_FR\" \/>\n<meta property=\"og:type\" content=\"article\" \/>\n<meta property=\"og:title\" content=\"Coaching vocal pour slameurs et artistes du verbe\" \/>\n<meta property=\"og:description\" content=\"Le monde du coaching vocal s\u2019ouvre d\u00e9sormais \u00e0 des profils ayant une exp\u00e9rience directe dans le secteur du slam et des musiques urbaines\" \/>\n<meta property=\"og:url\" content=\"https:\/\/slams.fr\/blog\/a-la-une\/ou-trouver-les-meilleures-offres-de-coaching-vocal-pour-slameurs-et-artistes-du-verbe\/\" \/>\n<meta property=\"og:site_name\" content=\"slams\" \/>\n<meta property=\"og:image\" content=\"https:\/\/slams.fr\/blog\/wp-content\/uploads\/2025\/07\/sdxl-924d651a5f3108ffeab4d90c14f5339a-scaled.png\" \/>\n\t<meta property=\"og:image:width\" content=\"1200\" \/>\n\t<meta property=\"og:image:height\" content=\"500\" \/>\n\t<meta property=\"og:image:type\" content=\"image\/png\" \/>\n<meta name=\"author\" content=\"Rapha\u00ebl D.\" \/>\n<meta name=\"twitter:card\" content=\"summary_large_image\" \/>\n<script type=\"application\/ld+json\" class=\"yoast-schema-graph\">{\"@context\":\"https:\/\/schema.org\",\"@graph\":[{\"@type\":\"NewsArticle\",\"@id\":\"https:\/\/slams.fr\/blog\/a-la-une\/ou-trouver-les-meilleures-offres-de-coaching-vocal-pour-slameurs-et-artistes-du-verbe\/#article\",\"isPartOf\":{\"@id\":\"https:\/\/slams.fr\/blog\/a-la-une\/ou-trouver-les-meilleures-offres-de-coaching-vocal-pour-slameurs-et-artistes-du-verbe\/\"},\"author\":{\"name\":\"Rapha\u00ebl D.\",\"@id\":\"https:\/\/slams.fr\/blog\/#\/schema\/person\/3c864cdc320801e3db34b663e7e3f816\"},\"headline\":\"O\u00f9 trouver les meilleures offres de coaching vocal pour slameurs et artistes du verbe\",\"datePublished\":\"2025-06-14T20:30:22+00:00\",\"mainEntityOfPage\":{\"@id\":\"https:\/\/slams.fr\/blog\/a-la-une\/ou-trouver-les-meilleures-offres-de-coaching-vocal-pour-slameurs-et-artistes-du-verbe\/\"},\"wordCount\":1258,\"commentCount\":0,\"publisher\":{\"@id\":\"https:\/\/slams.fr\/blog\/#organization\"},\"image\":{\"@id\":\"https:\/\/slams.fr\/blog\/a-la-une\/ou-trouver-les-meilleures-offres-de-coaching-vocal-pour-slameurs-et-artistes-du-verbe\/#primaryimage\"},\"thumbnailUrl\":\"https:\/\/slams.fr\/blog\/wp-content\/uploads\/2025\/07\/sdxl-924d651a5f3108ffeab4d90c14f5339a-scaled.png\",\"keywords\":[\"Artistes\",\"coaching vocal\",\"Slam\"],\"articleSection\":[\"\u00c0 la une\"],\"inLanguage\":\"fr-FR\",\"potentialAction\":[{\"@type\":\"CommentAction\",\"name\":\"Comment\",\"target\":[\"https:\/\/slams.fr\/blog\/a-la-une\/ou-trouver-les-meilleures-offres-de-coaching-vocal-pour-slameurs-et-artistes-du-verbe\/#respond\"]}]},{\"@type\":\"WebPage\",\"@id\":\"https:\/\/slams.fr\/blog\/a-la-une\/ou-trouver-les-meilleures-offres-de-coaching-vocal-pour-slameurs-et-artistes-du-verbe\/\",\"url\":\"https:\/\/slams.fr\/blog\/a-la-une\/ou-trouver-les-meilleures-offres-de-coaching-vocal-pour-slameurs-et-artistes-du-verbe\/\",\"name\":\"Coaching vocal pour slameurs et artistes du verbe\",\"isPartOf\":{\"@id\":\"https:\/\/slams.fr\/blog\/#website\"},\"primaryImageOfPage\":{\"@id\":\"https:\/\/slams.fr\/blog\/a-la-une\/ou-trouver-les-meilleures-offres-de-coaching-vocal-pour-slameurs-et-artistes-du-verbe\/#primaryimage\"},\"image\":{\"@id\":\"https:\/\/slams.fr\/blog\/a-la-une\/ou-trouver-les-meilleures-offres-de-coaching-vocal-pour-slameurs-et-artistes-du-verbe\/#primaryimage\"},\"thumbnailUrl\":\"https:\/\/slams.fr\/blog\/wp-content\/uploads\/2025\/07\/sdxl-924d651a5f3108ffeab4d90c14f5339a-scaled.png\",\"datePublished\":\"2025-06-14T20:30:22+00:00\",\"description\":\"Le monde du coaching vocal s\u2019ouvre d\u00e9sormais \u00e0 des profils ayant une exp\u00e9rience directe dans le secteur du slam et des musiques urbaines\",\"inLanguage\":\"fr-FR\",\"potentialAction\":[{\"@type\":\"ReadAction\",\"target\":[\"https:\/\/slams.fr\/blog\/a-la-une\/ou-trouver-les-meilleures-offres-de-coaching-vocal-pour-slameurs-et-artistes-du-verbe\/\"]}]},{\"@type\":\"ImageObject\",\"inLanguage\":\"fr-FR\",\"@id\":\"https:\/\/slams.fr\/blog\/a-la-une\/ou-trouver-les-meilleures-offres-de-coaching-vocal-pour-slameurs-et-artistes-du-verbe\/#primaryimage\",\"url\":\"https:\/\/slams.fr\/blog\/wp-content\/uploads\/2025\/07\/sdxl-924d651a5f3108ffeab4d90c14f5339a-scaled.png\",\"contentUrl\":\"https:\/\/slams.fr\/blog\/wp-content\/uploads\/2025\/07\/sdxl-924d651a5f3108ffeab4d90c14f5339a-scaled.png\",\"width\":1200,\"height\":500},{\"@type\":\"WebSite\",\"@id\":\"https:\/\/slams.fr\/blog\/#website\",\"url\":\"https:\/\/slams.fr\/blog\/\",\"name\":\"slams.fr\",\"description\":\"Slams, l&#039;\u00e9nergie des mots en action\",\"publisher\":{\"@id\":\"https:\/\/slams.fr\/blog\/#organization\"},\"alternateName\":\"Slams, l'\u00e9nergie des mots en action\",\"potentialAction\":[{\"@type\":\"SearchAction\",\"target\":{\"@type\":\"EntryPoint\",\"urlTemplate\":\"https:\/\/slams.fr\/blog\/?s={search_term_string}\"},\"query-input\":{\"@type\":\"PropertyValueSpecification\",\"valueRequired\":true,\"valueName\":\"search_term_string\"}}],\"inLanguage\":\"fr-FR\"},{\"@type\":\"Organization\",\"@id\":\"https:\/\/slams.fr\/blog\/#organization\",\"name\":\"Foretsensations.fr\",\"url\":\"https:\/\/slams.fr\/blog\/\",\"logo\":{\"@type\":\"ImageObject\",\"inLanguage\":\"fr-FR\",\"@id\":\"https:\/\/slams.fr\/blog\/#\/schema\/logo\/image\/\",\"url\":\"https:\/\/slams.fr\/blog\/wp-content\/uploads\/2026\/07\/logo-auto-1.png\",\"contentUrl\":\"https:\/\/slams.fr\/blog\/wp-content\/uploads\/2026\/07\/logo-auto-1.png\",\"width\":1024,\"height\":1024,\"caption\":\"Foretsensations.fr\"},\"image\":{\"@id\":\"https:\/\/slams.fr\/blog\/#\/schema\/logo\/image\/\"}},{\"@type\":\"Person\",\"@id\":\"https:\/\/slams.fr\/blog\/#\/schema\/person\/3c864cdc320801e3db34b663e7e3f816\",\"name\":\"Rapha\u00ebl D.\",\"image\":{\"@type\":\"ImageObject\",\"inLanguage\":\"fr-FR\",\"@id\":\"https:\/\/slams.fr\/blog\/#\/schema\/person\/image\/\",\"url\":\"https:\/\/slams.fr\/blog\/wp-content\/uploads\/2026\/06\/persona_raphael-d-96x96.jpg\",\"contentUrl\":\"https:\/\/slams.fr\/blog\/wp-content\/uploads\/2026\/06\/persona_raphael-d-96x96.jpg\",\"caption\":\"Rapha\u00ebl D.\"},\"description\":\"La culture est mon terrain de jeu depuis une dizaine d'ann\u00e9es : arts visuels, s\u00e9ries, cr\u00e9ation et tout ce qui nourrit l'imaginaire. J'\u00e9cris aussi bien sur l'actualit\u00e9 des \u0153uvres que sur les coulisses de la cr\u00e9ation, avec l'envie de relier l'amateur curieux \u00e0 des univers parfois jug\u00e9s intimidants. J'aime analyser une s\u00e9rie ou une d\u00e9marche artistique sans p\u00e9dantisme, replacer une \u0153uvre dans son contexte et donner des cl\u00e9s de lecture accessibles. Avant de publier, je v\u00e9rifie mes r\u00e9f\u00e9rences, je recoupe les sources et je distingue clairement le fait de mon interpr\u00e9tation subjective. Je crois qu'une critique vaut surtout par les arguments qu'elle expose, pas par la sentence qu'elle rend. Mon angle : transmettre l'envie de d\u00e9couvrir, de regarder autrement et de se forger son propre go\u00fbt. La culture n'appartient pas qu'aux initi\u00e9s, et c'est tout l'enjeu de mon \u00e9criture.\",\"url\":\"https:\/\/slams.fr\/blog\/auteur\/raphael-d\/\",\"jobTitle\":\"R\u00e9dacteur en chef \u00b7 Culture & Cr\u00e9ation\",\"knowsAbout\":[\"Culture\",\"Cr\u00e9ation\"],\"email\":\"raphael.d@a-l-asso-de-l-art.fr\"}]}<\/script>\n<!-- \/ Yoast SEO Premium plugin. -->","yoast_head_json":{"title":"Coaching vocal pour slameurs et artistes du verbe","description":"Le monde du coaching vocal s\u2019ouvre d\u00e9sormais \u00e0 des profils ayant une exp\u00e9rience directe dans le secteur du slam et des musiques urbaines","robots":{"index":"index","follow":"follow","max-snippet":"max-snippet:-1","max-image-preview":"max-image-preview:large","max-video-preview":"max-video-preview:-1"},"canonical":"https:\/\/slams.fr\/blog\/a-la-une\/ou-trouver-les-meilleures-offres-de-coaching-vocal-pour-slameurs-et-artistes-du-verbe\/","og_locale":"fr_FR","og_type":"article","og_title":"Coaching vocal pour slameurs et artistes du verbe","og_description":"Le monde du coaching vocal s\u2019ouvre d\u00e9sormais \u00e0 des profils ayant une exp\u00e9rience directe dans le secteur du slam et des musiques urbaines","og_url":"https:\/\/slams.fr\/blog\/a-la-une\/ou-trouver-les-meilleures-offres-de-coaching-vocal-pour-slameurs-et-artistes-du-verbe\/","og_site_name":"slams","og_image":[{"width":1200,"height":500,"url":"https:\/\/slams.fr\/blog\/wp-content\/uploads\/2025\/07\/sdxl-924d651a5f3108ffeab4d90c14f5339a-scaled.png","type":"image\/png"}],"author":"Rapha\u00ebl D.","twitter_card":"summary_large_image","schema":{"@context":"https:\/\/schema.org","@graph":[{"@type":"NewsArticle","@id":"https:\/\/slams.fr\/blog\/a-la-une\/ou-trouver-les-meilleures-offres-de-coaching-vocal-pour-slameurs-et-artistes-du-verbe\/#article","isPartOf":{"@id":"https:\/\/slams.fr\/blog\/a-la-une\/ou-trouver-les-meilleures-offres-de-coaching-vocal-pour-slameurs-et-artistes-du-verbe\/"},"author":{"name":"Rapha\u00ebl D.","@id":"https:\/\/slams.fr\/blog\/#\/schema\/person\/3c864cdc320801e3db34b663e7e3f816"},"headline":"O\u00f9 trouver les meilleures offres de coaching vocal pour slameurs et artistes du verbe","datePublished":"2025-06-14T20:30:22+00:00","mainEntityOfPage":{"@id":"https:\/\/slams.fr\/blog\/a-la-une\/ou-trouver-les-meilleures-offres-de-coaching-vocal-pour-slameurs-et-artistes-du-verbe\/"},"wordCount":1258,"commentCount":0,"publisher":{"@id":"https:\/\/slams.fr\/blog\/#organization"},"image":{"@id":"https:\/\/slams.fr\/blog\/a-la-une\/ou-trouver-les-meilleures-offres-de-coaching-vocal-pour-slameurs-et-artistes-du-verbe\/#primaryimage"},"thumbnailUrl":"https:\/\/slams.fr\/blog\/wp-content\/uploads\/2025\/07\/sdxl-924d651a5f3108ffeab4d90c14f5339a-scaled.png","keywords":["Artistes","coaching vocal","Slam"],"articleSection":["\u00c0 la une"],"inLanguage":"fr-FR","potentialAction":[{"@type":"CommentAction","name":"Comment","target":["https:\/\/slams.fr\/blog\/a-la-une\/ou-trouver-les-meilleures-offres-de-coaching-vocal-pour-slameurs-et-artistes-du-verbe\/#respond"]}]},{"@type":"WebPage","@id":"https:\/\/slams.fr\/blog\/a-la-une\/ou-trouver-les-meilleures-offres-de-coaching-vocal-pour-slameurs-et-artistes-du-verbe\/","url":"https:\/\/slams.fr\/blog\/a-la-une\/ou-trouver-les-meilleures-offres-de-coaching-vocal-pour-slameurs-et-artistes-du-verbe\/","name":"Coaching vocal pour slameurs et artistes du verbe","isPartOf":{"@id":"https:\/\/slams.fr\/blog\/#website"},"primaryImageOfPage":{"@id":"https:\/\/slams.fr\/blog\/a-la-une\/ou-trouver-les-meilleures-offres-de-coaching-vocal-pour-slameurs-et-artistes-du-verbe\/#primaryimage"},"image":{"@id":"https:\/\/slams.fr\/blog\/a-la-une\/ou-trouver-les-meilleures-offres-de-coaching-vocal-pour-slameurs-et-artistes-du-verbe\/#primaryimage"},"thumbnailUrl":"https:\/\/slams.fr\/blog\/wp-content\/uploads\/2025\/07\/sdxl-924d651a5f3108ffeab4d90c14f5339a-scaled.png","datePublished":"2025-06-14T20:30:22+00:00","description":"Le monde du coaching vocal s\u2019ouvre d\u00e9sormais \u00e0 des profils ayant une exp\u00e9rience directe dans le secteur du slam et des musiques urbaines","inLanguage":"fr-FR","potentialAction":[{"@type":"ReadAction","target":["https:\/\/slams.fr\/blog\/a-la-une\/ou-trouver-les-meilleures-offres-de-coaching-vocal-pour-slameurs-et-artistes-du-verbe\/"]}]},{"@type":"ImageObject","inLanguage":"fr-FR","@id":"https:\/\/slams.fr\/blog\/a-la-une\/ou-trouver-les-meilleures-offres-de-coaching-vocal-pour-slameurs-et-artistes-du-verbe\/#primaryimage","url":"https:\/\/slams.fr\/blog\/wp-content\/uploads\/2025\/07\/sdxl-924d651a5f3108ffeab4d90c14f5339a-scaled.png","contentUrl":"https:\/\/slams.fr\/blog\/wp-content\/uploads\/2025\/07\/sdxl-924d651a5f3108ffeab4d90c14f5339a-scaled.png","width":1200,"height":500},{"@type":"WebSite","@id":"https:\/\/slams.fr\/blog\/#website","url":"https:\/\/slams.fr\/blog\/","name":"slams.fr","description":"Slams, l&#039;\u00e9nergie des mots en action","publisher":{"@id":"https:\/\/slams.fr\/blog\/#organization"},"alternateName":"Slams, l'\u00e9nergie des mots en action","potentialAction":[{"@type":"SearchAction","target":{"@type":"EntryPoint","urlTemplate":"https:\/\/slams.fr\/blog\/?s={search_term_string}"},"query-input":{"@type":"PropertyValueSpecification","valueRequired":true,"valueName":"search_term_string"}}],"inLanguage":"fr-FR"},{"@type":"Organization","@id":"https:\/\/slams.fr\/blog\/#organization","name":"Foretsensations.fr","url":"https:\/\/slams.fr\/blog\/","logo":{"@type":"ImageObject","inLanguage":"fr-FR","@id":"https:\/\/slams.fr\/blog\/#\/schema\/logo\/image\/","url":"https:\/\/slams.fr\/blog\/wp-content\/uploads\/2026\/07\/logo-auto-1.png","contentUrl":"https:\/\/slams.fr\/blog\/wp-content\/uploads\/2026\/07\/logo-auto-1.png","width":1024,"height":1024,"caption":"Foretsensations.fr"},"image":{"@id":"https:\/\/slams.fr\/blog\/#\/schema\/logo\/image\/"}},{"@type":"Person","@id":"https:\/\/slams.fr\/blog\/#\/schema\/person\/3c864cdc320801e3db34b663e7e3f816","name":"Rapha\u00ebl D.","image":{"@type":"ImageObject","inLanguage":"fr-FR","@id":"https:\/\/slams.fr\/blog\/#\/schema\/person\/image\/","url":"https:\/\/slams.fr\/blog\/wp-content\/uploads\/2026\/06\/persona_raphael-d-96x96.jpg","contentUrl":"https:\/\/slams.fr\/blog\/wp-content\/uploads\/2026\/06\/persona_raphael-d-96x96.jpg","caption":"Rapha\u00ebl D."},"description":"La culture est mon terrain de jeu depuis une dizaine d'ann\u00e9es : arts visuels, s\u00e9ries, cr\u00e9ation et tout ce qui nourrit l'imaginaire. J'\u00e9cris aussi bien sur l'actualit\u00e9 des \u0153uvres que sur les coulisses de la cr\u00e9ation, avec l'envie de relier l'amateur curieux \u00e0 des univers parfois jug\u00e9s intimidants. J'aime analyser une s\u00e9rie ou une d\u00e9marche artistique sans p\u00e9dantisme, replacer une \u0153uvre dans son contexte et donner des cl\u00e9s de lecture accessibles. Avant de publier, je v\u00e9rifie mes r\u00e9f\u00e9rences, je recoupe les sources et je distingue clairement le fait de mon interpr\u00e9tation subjective. Je crois qu'une critique vaut surtout par les arguments qu'elle expose, pas par la sentence qu'elle rend. Mon angle : transmettre l'envie de d\u00e9couvrir, de regarder autrement et de se forger son propre go\u00fbt. La culture n'appartient pas qu'aux initi\u00e9s, et c'est tout l'enjeu de mon \u00e9criture.","url":"https:\/\/slams.fr\/blog\/auteur\/raphael-d\/","jobTitle":"R\u00e9dacteur en chef \u00b7 Culture & Cr\u00e9ation","knowsAbout":["Culture","Cr\u00e9ation"],"email":"raphael.d@a-l-asso-de-l-art.fr"}]}},"_links":{"self":[{"href":"https:\/\/slams.fr\/blog\/wp-json\/wp\/v2\/posts\/7507","targetHints":{"allow":["GET"]}}],"collection":[{"href":"https:\/\/slams.fr\/blog\/wp-json\/wp\/v2\/posts"}],"about":[{"href":"https:\/\/slams.fr\/blog\/wp-json\/wp\/v2\/types\/post"}],"author":[{"embeddable":true,"href":"https:\/\/slams.fr\/blog\/wp-json\/wp\/v2\/users\/34"}],"replies":[{"embeddable":true,"href":"https:\/\/slams.fr\/blog\/wp-json\/wp\/v2\/comments?post=7507"}],"version-history":[{"count":0,"href":"https:\/\/slams.fr\/blog\/wp-json\/wp\/v2\/posts\/7507\/revisions"}],"wp:featuredmedia":[{"embeddable":true,"href":"https:\/\/slams.fr\/blog\/wp-json\/wp\/v2\/media\/7587"}],"wp:attachment":[{"href":"https:\/\/slams.fr\/blog\/wp-json\/wp\/v2\/media?parent=7507"}],"wp:term":[{"taxonomy":"category","embeddable":true,"href":"https:\/\/slams.fr\/blog\/wp-json\/wp\/v2\/categories?post=7507"},{"taxonomy":"post_tag","embeddable":true,"href":"https:\/\/slams.fr\/blog\/wp-json\/wp\/v2\/tags?post=7507"}],"curies":[{"name":"wp","href":"https:\/\/api.w.org\/{rel}","templated":true}]}}