{"id":7509,"date":"2025-06-14T22:31:19","date_gmt":"2025-06-14T20:31:19","guid":{"rendered":"https:\/\/slams.fr\/blog\/a-la-une\/ou-denicher-des-animations-slam-adaptees-aux-centres-culturels-et-aux-ecoles\/"},"modified":"2025-06-14T22:31:19","modified_gmt":"2025-06-14T20:31:19","slug":"ou-denicher-des-animations-slam-adaptees-aux-centres-culturels-et-aux-ecoles","status":"publish","type":"post","link":"https:\/\/slams.fr\/blog\/a-la-une\/ou-denicher-des-animations-slam-adaptees-aux-centres-culturels-et-aux-ecoles\/","title":{"rendered":"O\u00f9 d\u00e9nicher des animations slam adapt\u00e9es aux centres culturels et aux \u00e9coles ?"},"content":{"rendered":"<h1>O\u00f9 d\u00e9nicher des animations slam adapt\u00e9es aux centres culturels et aux \u00e9coles ?<\/h1>\n<h2>Identifier les r\u00e9seaux et collectifs sp\u00e9cialis\u00e9s dans le slam<\/h2>\n<p>Le <strong>slam<\/strong> s\u2019appuie sur un maillage de <u>r\u00e9seaux r\u00e9gionaux et nationaux<\/u> qui f\u00e9d\u00e8rent des collectifs, associations et professionnels pr\u00eats \u00e0 intervenir partout en France et \u00e0 l\u2019international. En particulier, la <strong>Ligue Slam de France<\/strong> joue un r\u00f4le central : elle structure la sc\u00e8ne nationale, propose des ressources p\u00e9dagogiques et met \u00e0 disposition un annuaire d\u2019artistes-intervenants aguerris, tous form\u00e9s \u00e0 la <strong>m\u00e9diation culturelle<\/strong> et \u00e0 l\u2019encadrement d\u2019ateliers adapt\u00e9s \u00e0 tous les publics.<\/p>\n<ul>\n<li>La <strong>Ligue Slam de France<\/strong> accompagne des initiatives comme <u>Slam-\u00e0-l\u2019\u00c9cole<\/u>, un projet qui vise \u00e0 p\u00e9renniser la discipline comme support p\u00e9dagogique en coll\u00e8ge et lyc\u00e9e, tout en favorisant la <strong>d\u00e9couverte de la parole po\u00e9tique<\/strong> et l\u2019estime de soi.<\/li>\n<li>Des collectifs implant\u00e9s localement, tels que <strong>129H<\/strong> \u00e0 Paris, assurent une <u>pr\u00e9sence active sur les territoires<\/u>, proposant \u00e0 la fois ateliers r\u00e9guliers, \u00e9v\u00e9nements annuels et interventions sur demande, avec un ancrage solide dans l\u2019espace francophone (France, Belgique, Suisse, Afrique, Am\u00e9rique du Sud, etc.).<\/li>\n<li>\u00c0 l\u2019\u00e9chelle internationale, des associations partenaires collaborent avec les <strong>Instituts fran\u00e7ais<\/strong> et des structures \u00e9ducatives pour d\u00e9ployer des projets slam de plusieurs semaines, adapt\u00e9s \u00e0 des contextes multiculturels.<\/li>\n<\/ul>\n<p>Le recours \u00e0 ces r\u00e9seaux garantit une <u>expertise valid\u00e9e<\/u> et une connaissance approfondie des enjeux \u00e9ducatifs, tout en permettant d\u2019harmoniser les propositions selon l\u2019\u00e2ge, le niveau du public et les objectifs p\u00e9dagogiques vis\u00e9s.<\/p>\n<h2>Rep\u00e9rer les artistes professionnels qui interviennent en milieu scolaire ou culturel<\/h2>\n<p>Certains slameurs, devenus des r\u00e9f\u00e9rences, se sont sp\u00e9cialis\u00e9s dans la <strong>transmission du slam en milieu scolaire<\/strong> et culturel. Ils con\u00e7oivent des ateliers d\u2019\u00e9criture, d\u2019initiation \u00e0 la sc\u00e8ne et de prise de parole, pens\u00e9s pour des groupes d\u2019\u00e9l\u00e8ves ou des publics vari\u00e9s.<\/p>\n<ul>\n<li><strong>Grand Corps Malade<\/strong> s\u2019investit depuis de nombreuses ann\u00e9es dans la promotion du slam et la mise en place de projets \u00e9ducatifs, notamment \u00e0 travers des partenariats avec des lyc\u00e9es franciliens et l\u2019animation de masterclasses.<\/li>\n<li><strong>Ga\u00ebl Faye<\/strong> conjugue sa carri\u00e8re musicale et litt\u00e9raire avec des interventions ponctuelles, o\u00f9 il partage son exp\u00e9rience et sa d\u00e9marche d\u2019\u00e9criture avec des jeunes publics.<\/li>\n<li><strong>Eur\u00eaka<\/strong>, slameur professionnel et \u00e9ducateur reconnu, intervient partout en France aupr\u00e8s des \u00e9coles, coll\u00e8ges, lyc\u00e9es et grandes \u00e9coles : ses ateliers sont \u00e9ligibles aux dispositifs de financement, comme <strong>Pass Culture<\/strong> et <strong>Adage<\/strong>.<br \/>\nSa prestation phare, <u>Le Meilleur pour la Fin<\/u>, combine concert p\u00e9dagogique, rencontre-d\u00e9bat et intervention personnalis\u00e9e, favorisant une immersion pluridisciplinaire.<\/li>\n<\/ul>\n<p>Il suffit de consulter le site officiel de ces artistes ou de contacter leurs associations pour organiser des <u>sessions sur mesure<\/u>, adapt\u00e9es \u00e0 des projets innovants ou \u00e0 des temps forts scolaires et culturels.<\/p>\n<h2>Explorer les \u00e9v\u00e9nements et festivals consacr\u00e9s au slam<\/h2>\n<p>Les grands <strong>\u00e9v\u00e9nements slam<\/strong> constituent des plateformes propices \u00e0 la rencontre d\u2019intervenants qualifi\u00e9s, \u00e0 la d\u00e9couverte des tendances actuelles et \u00e0 la s\u00e9lection de prestataires pour des ateliers hors festival. Les <u>festivals sp\u00e9cialis\u00e9s<\/u> proposent non seulement des sc\u00e8nes ouvertes et spectacles, mais aussi des animations d\u00e9di\u00e9es au jeune public et \u00e0 la <strong>m\u00e9diation culturelle<\/strong>.<\/p>\n<ul>\n<li>Les <strong>Nuits du Slam<\/strong>, festival national f\u00e9d\u00e9rateur, invitent chaque ann\u00e9e des slameurs issus de toute la francophonie, tout en mettant en avant des actions en milieu scolaire, des concours d\u2019\u00e9criture et des ateliers participatifs.<\/li>\n<li>Le festival <strong>Grand Slam National<\/strong> \u00e0 Paris, ou ses d\u00e9clinaisons r\u00e9gionales, sont propices \u00e0 la constitution de r\u00e9seaux et \u00e0 la d\u00e9tection des animateurs les plus actifs, qui proposent souvent des <u>interventions personnalis\u00e9es<\/u> en dehors des dates officielles.<\/li>\n<li>Des manifestations telles que les <strong>Troph\u00e9es Slam-\u00e0-l\u2019\u00c9cole<\/strong> r\u00e9unissent des \u00e9l\u00e8ves de plusieurs \u00e9tablissements pour des cycles de cr\u00e9ation, suivis d\u2019une restitution publique et d\u2019activit\u00e9s de coh\u00e9sion autour de l\u2019\u00e9criture po\u00e9tique, \u00e0 l\u2019image de l\u2019\u00e9dition 2022 o\u00f9 780 coll\u00e9giens issus de 22 coll\u00e8ges ont particip\u00e9 \u00e0 des ateliers et rencontres anim\u00e9s par des professionnels.<\/li>\n<\/ul>\n<p>Participer ou assister \u00e0 ces festivals permet d\u2019identifier, d\u2019approcher et de s\u00e9lectionner les intervenants les plus adapt\u00e9s \u00e0 chaque projet, tout en s\u2019assurant de la qualit\u00e9 \u00e9ducative et artistique de leur approche.<\/p>\n<h2>S\u2019appuyer sur les dispositifs d\u2019\u00e9ducation artistique et culturelle<\/h2>\n<p>La mise en place d\u2019animations slam dans les \u00e9tablissements scolaires et les centres culturels est aujourd\u2019hui facilit\u00e9e par plusieurs <strong>dispositifs institutionnels de financement et d\u2019accompagnement p\u00e9dagogique<\/strong>.<\/p>\n<ul>\n<li>Le dispositif <strong>Pass Culture<\/strong> permet de financer la venue d\u2019un slameur professionnel et la mise en place d\u2019ateliers d\u2019initiation ou de perfectionnement, en toute conformit\u00e9 avec les parcours \u00e9ducatifs valoris\u00e9s par l\u2019\u00c9ducation nationale.<\/li>\n<li><strong>Adage<\/strong>, plateforme officielle, recense les propositions d\u2019ateliers artistiques accessibles aux enseignants et responsables d\u2019\u00e9tablissements, facilitant l\u2019organisation et la gestion administrative des prestations.<\/li>\n<li>Les <strong>projets EAC<\/strong> (\u00c9ducation Artistique et Culturelle) inscrivent le slam dans des parcours pluriels : cycles longs, projets interdisciplinaires, int\u00e9gration d\u2019\u00e9valuations orales au bac de fran\u00e7ais (notamment en 2024 avec la s\u00e9lection de textes de slam au programme), etc.<\/li>\n<\/ul>\n<p>Ces dispositifs garantissent la <u>qualit\u00e9 p\u00e9dagogique<\/u> et offrent un encadrement s\u00e9curis\u00e9, tant pour les enseignants que pour les animateurs culturels, tout en optimisant le financement via des ressources publiques.<\/p>\n<h2>Rechercher des partenariats locaux et des associations actives sur le territoire<\/h2>\n<p>Au-del\u00e0 des r\u00e9seaux nationaux, une multitude d\u2019associations locales s\u2019investissent dans la diffusion du slam, avec une connaissance fine des besoins des territoires, des publics et des \u00e9quipes \u00e9ducatives. Ces acteurs privil\u00e9gient des projets adapt\u00e9s, ancr\u00e9s dans la vie locale.<\/p>\n<ul>\n<li>Des associations comme <strong>129H<\/strong> \u00e0 Paris, <strong>Po\u00e9sie Is Not Dead<\/strong> \u00e0 Grenoble, ou <strong>Slam Tribu<\/strong> \u00e0 Lyon, coordonnent r\u00e9guli\u00e8rement des cycles d\u2019ateliers dans les \u00e9coles primaires, coll\u00e8ges, m\u00e9diath\u00e8ques et centres sociaux, tout en valorisant la <u>parole de chacun<\/u>.<\/li>\n<li>Les MJC (Maisons des Jeunes et de la Culture) et centres sociaux s\u2019associent fr\u00e9quemment \u00e0 des slameurs professionnels pour co-construire des projets sp\u00e9cifiques, int\u00e9grant parfois des restitutions publiques ou des tournois inter-\u00e9tablissements.<\/li>\n<li>Les biblioth\u00e8ques municipales, en lien avec les programmateurs culturels, initient des rencontres slam, des r\u00e9sidences d\u2019artistes et des cycles p\u00e9dagogiques en partenariat avec les \u00e9quipes enseignantes.<\/li>\n<\/ul>\n<p>La d\u00e9marche partenariale permet de <u>personnaliser l\u2019intervention<\/u> selon le contexte, le niveau et l\u2019objectif du projet, tout en favorisant l\u2019inclusion, la mixit\u00e9 sociale et l\u2019expression individuelle sur des th\u00e9matiques actuelles ou citoyennes.<\/p>\n<h2>Contact direct avec des slameurs et propositions sur mesure<\/h2>\n<p>Une autre voie consiste \u00e0 nouer un <strong>contact direct<\/strong> avec les artistes, qui d\u00e9taillent sur leur site officiel l\u2019ensemble des prestations propos\u00e9es et leurs modalit\u00e9s pratiques. Cette approche favorise un dialogue personnalis\u00e9, la construction de projets sur mesure et la souplesse d\u2019organisation.<\/p>\n<ul>\n<li><strong>Eur\u00eaka<\/strong> pr\u00e9sente des formats vari\u00e9s, adapt\u00e9s \u00e0 tous les niveaux : ateliers-d\u00e9couverte, performances interactives, projets de classe, interventions lors de journ\u00e9es \u00e9v\u00e9nementielles ou cycles de cr\u00e9ation sur plusieurs semaines. Les <u>informations pratiques<\/u> (tarifs, contenus, d\u00e9roulement) sont directement disponibles et t\u00e9l\u00e9chargeables en ligne, permettant une pr\u00e9paration efficace et un accompagnement sur mesure.<\/li>\n<li>Certains artistes proposent un suivi en ligne, des ressources p\u00e9dagogiques et des tutoriels pour prolonger l\u2019aventure slam au-del\u00e0 de l\u2019atelier initial.<\/li>\n<li>Cette personnalisation garantit une <strong>exp\u00e9rience immersive<\/strong> qui stimule non seulement la cr\u00e9ativit\u00e9 mais renforce aussi la coh\u00e9sion de groupe et la confiance individuelle.<\/li>\n<\/ul>\n<p>En optant pour ce mode de collaboration, nous nous assurons de b\u00e9n\u00e9ficier de l\u2019engagement direct de l\u2019artiste, d\u2019une adaptation pr\u00e9cise aux besoins exprim\u00e9s, et d\u2019une grande r\u00e9activit\u00e9 dans la coordination du projet.<\/p>\n<h2>Tableau r\u00e9capitulatif des principaux acteurs et formats d\u2019animations slam<\/h2>\n<table>\n<thead>\n<tr>\n<th><strong>Organisme \/ Artiste<\/strong><\/th>\n<th><strong>Zone d\u2019intervention<\/strong><\/th>\n<th><strong>Formats propos\u00e9s<\/strong><\/th>\n<th><strong>Modalit\u00e9s de contact<\/strong><\/th>\n<\/tr>\n<\/thead>\n<tbody>\n<tr>\n<td><strong>Ligue Slam de France<\/strong><\/td>\n<td>France enti\u00e8re<\/td>\n<td>Ateliers scolaires, cycles slam, concours, formations<\/td>\n<td>Site officiel, annuaire, prise de rendez-vous en ligne<\/td>\n<\/tr>\n<tr>\n<td><strong>Collectif 129H<\/strong><\/td>\n<td>\u00cele-de-France et international<\/td>\n<td>Ateliers r\u00e9guliers, \u00e9v\u00e9nements, projets sur mesure<\/td>\n<td>Contact via site, partenariat associatif<\/td>\n<\/tr>\n<tr>\n<td><strong>Eur\u00eaka<\/strong><\/td>\n<td>Toute la France<\/td>\n<td>Ateliers-d\u00e9couverte, concerts p\u00e9dagogiques, projets de classe<\/td>\n<td>Site web officiel, formulaire de r\u00e9servation<\/td>\n<\/tr>\n<tr>\n<td><strong>Grand Corps Malade<\/strong><\/td>\n<td>France, intervention ponctuelle<\/td>\n<td>Masterclass, ateliers d\u2019\u00e9criture, performances<\/td>\n<td>Contact via \u00e9quipe de production, associations partenaires<\/td>\n<\/tr>\n<tr>\n<td><strong>Slam Tribu<\/strong><\/td>\n<td>Lyon et alentours<\/td>\n<td>Ateliers pour scolaires, m\u00e9diations culturelles<\/td>\n<td>Site, r\u00e9seaux sociaux, partenaires locaux<\/td>\n<\/tr>\n<\/tbody>\n<\/table>\n<h2>Avantages et sp\u00e9cificit\u00e9s des animations slam pour les centres culturels et \u00e9coles<\/h2>\n<p>La mise en place d\u2019<strong>animations slam<\/strong> pr\u00e9sente de nombreux atouts p\u00e9dagogiques, sociaux et artistiques, tant pour les \u00e9tablissements que pour les participants.<\/p>\n<ul>\n<li><u>Renforcement de la confiance en soi<\/u> et de l\u2019expression orale gr\u00e2ce \u00e0 des exercices ludiques, interactifs et inclusifs.<\/li>\n<li><u>D\u00e9couverte de la po\u00e9sie contemporaine<\/u> et des formes d\u2019expression nouvelles, loin des formats scolaires traditionnels.<\/li>\n<li><u>Coh\u00e9sion de groupe<\/u> : les ateliers favorisent la rencontre, l\u2019\u00e9coute de l\u2019autre, et la valorisation de la parole individuelle.<\/li>\n<li><u>D\u00e9veloppement de comp\u00e9tences transversales<\/u> : \u00e9criture cr\u00e9ative, capacit\u00e9 \u00e0 prendre la parole en public, analyse de textes, expression corporelle et pr\u00e9sence sc\u00e9nique.<\/li>\n<li><u>Adaptabilit\u00e9<\/u> : chaque animation peut \u00eatre calibr\u00e9e selon le niveau, l\u2019\u00e2ge, le nombre de participants et l\u2019objectif fix\u00e9.<\/li>\n<\/ul>\n<p>Ces interventions r\u00e9pondent \u00e0 un besoin croissant de <strong>p\u00e9dagogies actives<\/strong> et participatives, port\u00e9es par des professionnels aguerris et passionn\u00e9s, capables de s\u2019adapter en permanence au contexte et aux attentes des \u00e9tablissements.<\/p>\n<h2>Conseils pratiques pour organiser une animation slam dans son \u00e9tablissement<\/h2>\n<p>Pour r\u00e9ussir l\u2019int\u00e9gration du <strong>slam<\/strong> dans le projet global d\u2019un centre culturel ou d\u2019une \u00e9cole, il convient de structurer la d\u00e9marche en amont et de s\u2019appuyer sur des ressources fiables.<\/p>\n<ul>\n<li>Identifier clairement l\u2019objectif de l\u2019atelier (d\u00e9couverte, cr\u00e9ation, restitution publique, etc.) et le profil des participants (\u00e2ge, effectif, niveau d\u2019expression).<\/li>\n<li>Recueillir les besoins des \u00e9quipes p\u00e9dagogiques ou culturelles afin de co-construire un programme adapt\u00e9, en lien avec l\u2019intervenant.<\/li>\n<li>V\u00e9rifier l\u2019\u00e9ligibilit\u00e9 aux dispositifs de financement (Pass Culture, Adage, partenariats locaux) pour optimiser le co\u00fbt et s\u00e9curiser l\u2019organisation.<\/li>\n<li>Prendre contact suffisamment \u00e0 l\u2019avance, notamment en p\u00e9riode de forte demande (rentr\u00e9e scolaire, semaine de la po\u00e9sie, festivals).<\/li>\n<li>Pr\u00e9voir un temps de restitution ou d\u2019\u00e9change public pour valoriser la cr\u00e9ation et encourager l\u2019implication de tous.<\/li>\n<\/ul>\n<p>L\u2019exp\u00e9rience montre que la qualit\u00e9 du projet d\u00e9pend largement de l\u2019investissement conjoint de toutes les parties : coordinateurs, artistes, enseignants et participants.<\/p>\n<h2>Conclusion : Opter pour le slam, un choix d\u2019avenir pour l\u2019\u00e9ducation et la culture<\/h2>\n<p>S\u2019orienter vers des <strong>animations slam<\/strong>, c\u2019est parier sur une forme d\u2019expression ancr\u00e9e dans son \u00e9poque, qui encourage \u00e0 la fois la cr\u00e9ativit\u00e9, l\u2019esprit critique et la prise de parole citoyenne. En choisissant un <u>organisme reconnu<\/u>, un <u>artiste exp\u00e9riment\u00e9<\/u> ou un <u>partenaire local engag\u00e9<\/u>, nous garantissons \u00e0 chaque public une exp\u00e9rience enrichissante, unique et adapt\u00e9e, \u00e0 m\u00eame de transformer durablement le rapport \u00e0 la po\u00e9sie et \u00e0 l\u2019expression orale. Les d\u00e9marches et dispositifs existants assurent une accessibilit\u00e9 accrue, tout en favorisant la cr\u00e9ation de passerelles entre l\u2019\u00e9cole, la culture et la soci\u00e9t\u00e9. Le slam s\u2019impose comme une ressource p\u00e9dagogique et artistique incontournable, capable de r\u00e9pondre aux d\u00e9fis \u00e9ducatifs et culturels d\u2019aujourd\u2019hui \u2013 et de demain.<\/p>\n","protected":false},"excerpt":{"rendered":"","protected":false},"author":34,"featured_media":7585,"comment_status":"open","ping_status":"open","sticky":false,"template":"","format":"standard","meta":{"_acf_changed":false,"manual_indexmenow":false,"indexmenow_id_project":0,"footnotes":""},"categories":[1],"tags":[4666,4667,4526],"class_list":["post-7509","post","type-post","status-publish","format-standard","has-post-thumbnail","hentry","category-a-la-une","tag-animation-scolaire","tag-centre-culturel","tag-slam","generate-columns","tablet-grid-50","mobile-grid-100","grid-parent","grid-25"],"acf":[],"yoast_head":"<!-- This site is optimized with the Yoast SEO Premium plugin v21.3 (Yoast SEO v26.5) - https:\/\/yoast.com\/wordpress\/plugins\/seo\/ -->\n<title>Animations slam pour centres culturels et \u00e9coles<\/title>\n<meta name=\"description\" content=\"Le slam s\u2019appuie sur un maillage de r\u00e9seaux r\u00e9gionaux et nationaux qui f\u00e9d\u00e8rent des collectifs, associations et professionnels pr\u00eats \u00e0 intervenir partout\" \/>\n<meta name=\"robots\" content=\"index, follow, max-snippet:-1, max-image-preview:large, max-video-preview:-1\" \/>\n<link rel=\"canonical\" href=\"https:\/\/slams.fr\/blog\/a-la-une\/ou-denicher-des-animations-slam-adaptees-aux-centres-culturels-et-aux-ecoles\/\" \/>\n<meta property=\"og:locale\" content=\"fr_FR\" \/>\n<meta property=\"og:type\" content=\"article\" \/>\n<meta property=\"og:title\" content=\"Animations slam pour centres culturels et \u00e9coles\" \/>\n<meta property=\"og:description\" content=\"Le slam s\u2019appuie sur un maillage de r\u00e9seaux r\u00e9gionaux et nationaux qui f\u00e9d\u00e8rent des collectifs, associations et professionnels pr\u00eats \u00e0 intervenir partout\" \/>\n<meta property=\"og:url\" content=\"https:\/\/slams.fr\/blog\/a-la-une\/ou-denicher-des-animations-slam-adaptees-aux-centres-culturels-et-aux-ecoles\/\" \/>\n<meta property=\"og:site_name\" content=\"slams\" \/>\n<meta property=\"og:image\" content=\"https:\/\/slams.fr\/blog\/wp-content\/uploads\/2025\/07\/sdxl-0ff43200a4326ab94b414585ef1f0e1a-scaled.png\" \/>\n\t<meta property=\"og:image:width\" content=\"1200\" \/>\n\t<meta property=\"og:image:height\" content=\"500\" \/>\n\t<meta property=\"og:image:type\" content=\"image\/png\" \/>\n<meta name=\"author\" content=\"Rapha\u00ebl D.\" \/>\n<meta name=\"twitter:card\" content=\"summary_large_image\" \/>\n<script type=\"application\/ld+json\" class=\"yoast-schema-graph\">{\"@context\":\"https:\/\/schema.org\",\"@graph\":[{\"@type\":\"NewsArticle\",\"@id\":\"https:\/\/slams.fr\/blog\/a-la-une\/ou-denicher-des-animations-slam-adaptees-aux-centres-culturels-et-aux-ecoles\/#article\",\"isPartOf\":{\"@id\":\"https:\/\/slams.fr\/blog\/a-la-une\/ou-denicher-des-animations-slam-adaptees-aux-centres-culturels-et-aux-ecoles\/\"},\"author\":{\"name\":\"Rapha\u00ebl D.\",\"@id\":\"https:\/\/slams.fr\/blog\/#\/schema\/person\/3c864cdc320801e3db34b663e7e3f816\"},\"headline\":\"O\u00f9 d\u00e9nicher des animations slam adapt\u00e9es aux centres culturels et aux \u00e9coles ?\",\"datePublished\":\"2025-06-14T20:31:19+00:00\",\"mainEntityOfPage\":{\"@id\":\"https:\/\/slams.fr\/blog\/a-la-une\/ou-denicher-des-animations-slam-adaptees-aux-centres-culturels-et-aux-ecoles\/\"},\"wordCount\":1957,\"commentCount\":0,\"publisher\":{\"@id\":\"https:\/\/slams.fr\/blog\/#organization\"},\"image\":{\"@id\":\"https:\/\/slams.fr\/blog\/a-la-une\/ou-denicher-des-animations-slam-adaptees-aux-centres-culturels-et-aux-ecoles\/#primaryimage\"},\"thumbnailUrl\":\"https:\/\/slams.fr\/blog\/wp-content\/uploads\/2025\/07\/sdxl-0ff43200a4326ab94b414585ef1f0e1a-scaled.png\",\"keywords\":[\"animation scolaire\",\"centre culturel\",\"Slam\"],\"articleSection\":[\"\u00c0 la une\"],\"inLanguage\":\"fr-FR\",\"potentialAction\":[{\"@type\":\"CommentAction\",\"name\":\"Comment\",\"target\":[\"https:\/\/slams.fr\/blog\/a-la-une\/ou-denicher-des-animations-slam-adaptees-aux-centres-culturels-et-aux-ecoles\/#respond\"]}]},{\"@type\":\"WebPage\",\"@id\":\"https:\/\/slams.fr\/blog\/a-la-une\/ou-denicher-des-animations-slam-adaptees-aux-centres-culturels-et-aux-ecoles\/\",\"url\":\"https:\/\/slams.fr\/blog\/a-la-une\/ou-denicher-des-animations-slam-adaptees-aux-centres-culturels-et-aux-ecoles\/\",\"name\":\"Animations slam pour centres culturels et \u00e9coles\",\"isPartOf\":{\"@id\":\"https:\/\/slams.fr\/blog\/#website\"},\"primaryImageOfPage\":{\"@id\":\"https:\/\/slams.fr\/blog\/a-la-une\/ou-denicher-des-animations-slam-adaptees-aux-centres-culturels-et-aux-ecoles\/#primaryimage\"},\"image\":{\"@id\":\"https:\/\/slams.fr\/blog\/a-la-une\/ou-denicher-des-animations-slam-adaptees-aux-centres-culturels-et-aux-ecoles\/#primaryimage\"},\"thumbnailUrl\":\"https:\/\/slams.fr\/blog\/wp-content\/uploads\/2025\/07\/sdxl-0ff43200a4326ab94b414585ef1f0e1a-scaled.png\",\"datePublished\":\"2025-06-14T20:31:19+00:00\",\"description\":\"Le slam s\u2019appuie sur un maillage de r\u00e9seaux r\u00e9gionaux et nationaux qui f\u00e9d\u00e8rent des collectifs, associations et professionnels pr\u00eats \u00e0 intervenir partout\",\"inLanguage\":\"fr-FR\",\"potentialAction\":[{\"@type\":\"ReadAction\",\"target\":[\"https:\/\/slams.fr\/blog\/a-la-une\/ou-denicher-des-animations-slam-adaptees-aux-centres-culturels-et-aux-ecoles\/\"]}]},{\"@type\":\"ImageObject\",\"inLanguage\":\"fr-FR\",\"@id\":\"https:\/\/slams.fr\/blog\/a-la-une\/ou-denicher-des-animations-slam-adaptees-aux-centres-culturels-et-aux-ecoles\/#primaryimage\",\"url\":\"https:\/\/slams.fr\/blog\/wp-content\/uploads\/2025\/07\/sdxl-0ff43200a4326ab94b414585ef1f0e1a-scaled.png\",\"contentUrl\":\"https:\/\/slams.fr\/blog\/wp-content\/uploads\/2025\/07\/sdxl-0ff43200a4326ab94b414585ef1f0e1a-scaled.png\",\"width\":1200,\"height\":500},{\"@type\":\"WebSite\",\"@id\":\"https:\/\/slams.fr\/blog\/#website\",\"url\":\"https:\/\/slams.fr\/blog\/\",\"name\":\"slams.fr\",\"description\":\"Slams, l&#039;\u00e9nergie des mots en action\",\"publisher\":{\"@id\":\"https:\/\/slams.fr\/blog\/#organization\"},\"alternateName\":\"Slams, l'\u00e9nergie des mots en action\",\"potentialAction\":[{\"@type\":\"SearchAction\",\"target\":{\"@type\":\"EntryPoint\",\"urlTemplate\":\"https:\/\/slams.fr\/blog\/?s={search_term_string}\"},\"query-input\":{\"@type\":\"PropertyValueSpecification\",\"valueRequired\":true,\"valueName\":\"search_term_string\"}}],\"inLanguage\":\"fr-FR\"},{\"@type\":\"Organization\",\"@id\":\"https:\/\/slams.fr\/blog\/#organization\",\"name\":\"Foretsensations.fr\",\"url\":\"https:\/\/slams.fr\/blog\/\",\"logo\":{\"@type\":\"ImageObject\",\"inLanguage\":\"fr-FR\",\"@id\":\"https:\/\/slams.fr\/blog\/#\/schema\/logo\/image\/\",\"url\":\"https:\/\/slams.fr\/blog\/wp-content\/uploads\/2026\/07\/logo-auto-1.png\",\"contentUrl\":\"https:\/\/slams.fr\/blog\/wp-content\/uploads\/2026\/07\/logo-auto-1.png\",\"width\":1024,\"height\":1024,\"caption\":\"Foretsensations.fr\"},\"image\":{\"@id\":\"https:\/\/slams.fr\/blog\/#\/schema\/logo\/image\/\"}},{\"@type\":\"Person\",\"@id\":\"https:\/\/slams.fr\/blog\/#\/schema\/person\/3c864cdc320801e3db34b663e7e3f816\",\"name\":\"Rapha\u00ebl D.\",\"image\":{\"@type\":\"ImageObject\",\"inLanguage\":\"fr-FR\",\"@id\":\"https:\/\/slams.fr\/blog\/#\/schema\/person\/image\/\",\"url\":\"https:\/\/slams.fr\/blog\/wp-content\/uploads\/2026\/06\/persona_raphael-d-96x96.jpg\",\"contentUrl\":\"https:\/\/slams.fr\/blog\/wp-content\/uploads\/2026\/06\/persona_raphael-d-96x96.jpg\",\"caption\":\"Rapha\u00ebl D.\"},\"description\":\"La culture est mon terrain de jeu depuis une dizaine d'ann\u00e9es : arts visuels, s\u00e9ries, cr\u00e9ation et tout ce qui nourrit l'imaginaire. J'\u00e9cris aussi bien sur l'actualit\u00e9 des \u0153uvres que sur les coulisses de la cr\u00e9ation, avec l'envie de relier l'amateur curieux \u00e0 des univers parfois jug\u00e9s intimidants. J'aime analyser une s\u00e9rie ou une d\u00e9marche artistique sans p\u00e9dantisme, replacer une \u0153uvre dans son contexte et donner des cl\u00e9s de lecture accessibles. Avant de publier, je v\u00e9rifie mes r\u00e9f\u00e9rences, je recoupe les sources et je distingue clairement le fait de mon interpr\u00e9tation subjective. Je crois qu'une critique vaut surtout par les arguments qu'elle expose, pas par la sentence qu'elle rend. Mon angle : transmettre l'envie de d\u00e9couvrir, de regarder autrement et de se forger son propre go\u00fbt. La culture n'appartient pas qu'aux initi\u00e9s, et c'est tout l'enjeu de mon \u00e9criture.\",\"url\":\"https:\/\/slams.fr\/blog\/auteur\/raphael-d\/\",\"jobTitle\":\"R\u00e9dacteur en chef \u00b7 Culture & Cr\u00e9ation\",\"knowsAbout\":[\"Culture\",\"Cr\u00e9ation\"],\"email\":\"raphael.d@a-l-asso-de-l-art.fr\"}]}<\/script>\n<!-- \/ Yoast SEO Premium plugin. -->","yoast_head_json":{"title":"Animations slam pour centres culturels et \u00e9coles","description":"Le slam s\u2019appuie sur un maillage de r\u00e9seaux r\u00e9gionaux et nationaux qui f\u00e9d\u00e8rent des collectifs, associations et professionnels pr\u00eats \u00e0 intervenir partout","robots":{"index":"index","follow":"follow","max-snippet":"max-snippet:-1","max-image-preview":"max-image-preview:large","max-video-preview":"max-video-preview:-1"},"canonical":"https:\/\/slams.fr\/blog\/a-la-une\/ou-denicher-des-animations-slam-adaptees-aux-centres-culturels-et-aux-ecoles\/","og_locale":"fr_FR","og_type":"article","og_title":"Animations slam pour centres culturels et \u00e9coles","og_description":"Le slam s\u2019appuie sur un maillage de r\u00e9seaux r\u00e9gionaux et nationaux qui f\u00e9d\u00e8rent des collectifs, associations et professionnels pr\u00eats \u00e0 intervenir partout","og_url":"https:\/\/slams.fr\/blog\/a-la-une\/ou-denicher-des-animations-slam-adaptees-aux-centres-culturels-et-aux-ecoles\/","og_site_name":"slams","og_image":[{"width":1200,"height":500,"url":"https:\/\/slams.fr\/blog\/wp-content\/uploads\/2025\/07\/sdxl-0ff43200a4326ab94b414585ef1f0e1a-scaled.png","type":"image\/png"}],"author":"Rapha\u00ebl D.","twitter_card":"summary_large_image","schema":{"@context":"https:\/\/schema.org","@graph":[{"@type":"NewsArticle","@id":"https:\/\/slams.fr\/blog\/a-la-une\/ou-denicher-des-animations-slam-adaptees-aux-centres-culturels-et-aux-ecoles\/#article","isPartOf":{"@id":"https:\/\/slams.fr\/blog\/a-la-une\/ou-denicher-des-animations-slam-adaptees-aux-centres-culturels-et-aux-ecoles\/"},"author":{"name":"Rapha\u00ebl D.","@id":"https:\/\/slams.fr\/blog\/#\/schema\/person\/3c864cdc320801e3db34b663e7e3f816"},"headline":"O\u00f9 d\u00e9nicher des animations slam adapt\u00e9es aux centres culturels et aux \u00e9coles ?","datePublished":"2025-06-14T20:31:19+00:00","mainEntityOfPage":{"@id":"https:\/\/slams.fr\/blog\/a-la-une\/ou-denicher-des-animations-slam-adaptees-aux-centres-culturels-et-aux-ecoles\/"},"wordCount":1957,"commentCount":0,"publisher":{"@id":"https:\/\/slams.fr\/blog\/#organization"},"image":{"@id":"https:\/\/slams.fr\/blog\/a-la-une\/ou-denicher-des-animations-slam-adaptees-aux-centres-culturels-et-aux-ecoles\/#primaryimage"},"thumbnailUrl":"https:\/\/slams.fr\/blog\/wp-content\/uploads\/2025\/07\/sdxl-0ff43200a4326ab94b414585ef1f0e1a-scaled.png","keywords":["animation scolaire","centre culturel","Slam"],"articleSection":["\u00c0 la une"],"inLanguage":"fr-FR","potentialAction":[{"@type":"CommentAction","name":"Comment","target":["https:\/\/slams.fr\/blog\/a-la-une\/ou-denicher-des-animations-slam-adaptees-aux-centres-culturels-et-aux-ecoles\/#respond"]}]},{"@type":"WebPage","@id":"https:\/\/slams.fr\/blog\/a-la-une\/ou-denicher-des-animations-slam-adaptees-aux-centres-culturels-et-aux-ecoles\/","url":"https:\/\/slams.fr\/blog\/a-la-une\/ou-denicher-des-animations-slam-adaptees-aux-centres-culturels-et-aux-ecoles\/","name":"Animations slam pour centres culturels et \u00e9coles","isPartOf":{"@id":"https:\/\/slams.fr\/blog\/#website"},"primaryImageOfPage":{"@id":"https:\/\/slams.fr\/blog\/a-la-une\/ou-denicher-des-animations-slam-adaptees-aux-centres-culturels-et-aux-ecoles\/#primaryimage"},"image":{"@id":"https:\/\/slams.fr\/blog\/a-la-une\/ou-denicher-des-animations-slam-adaptees-aux-centres-culturels-et-aux-ecoles\/#primaryimage"},"thumbnailUrl":"https:\/\/slams.fr\/blog\/wp-content\/uploads\/2025\/07\/sdxl-0ff43200a4326ab94b414585ef1f0e1a-scaled.png","datePublished":"2025-06-14T20:31:19+00:00","description":"Le slam s\u2019appuie sur un maillage de r\u00e9seaux r\u00e9gionaux et nationaux qui f\u00e9d\u00e8rent des collectifs, associations et professionnels pr\u00eats \u00e0 intervenir partout","inLanguage":"fr-FR","potentialAction":[{"@type":"ReadAction","target":["https:\/\/slams.fr\/blog\/a-la-une\/ou-denicher-des-animations-slam-adaptees-aux-centres-culturels-et-aux-ecoles\/"]}]},{"@type":"ImageObject","inLanguage":"fr-FR","@id":"https:\/\/slams.fr\/blog\/a-la-une\/ou-denicher-des-animations-slam-adaptees-aux-centres-culturels-et-aux-ecoles\/#primaryimage","url":"https:\/\/slams.fr\/blog\/wp-content\/uploads\/2025\/07\/sdxl-0ff43200a4326ab94b414585ef1f0e1a-scaled.png","contentUrl":"https:\/\/slams.fr\/blog\/wp-content\/uploads\/2025\/07\/sdxl-0ff43200a4326ab94b414585ef1f0e1a-scaled.png","width":1200,"height":500},{"@type":"WebSite","@id":"https:\/\/slams.fr\/blog\/#website","url":"https:\/\/slams.fr\/blog\/","name":"slams.fr","description":"Slams, l&#039;\u00e9nergie des mots en action","publisher":{"@id":"https:\/\/slams.fr\/blog\/#organization"},"alternateName":"Slams, l'\u00e9nergie des mots en action","potentialAction":[{"@type":"SearchAction","target":{"@type":"EntryPoint","urlTemplate":"https:\/\/slams.fr\/blog\/?s={search_term_string}"},"query-input":{"@type":"PropertyValueSpecification","valueRequired":true,"valueName":"search_term_string"}}],"inLanguage":"fr-FR"},{"@type":"Organization","@id":"https:\/\/slams.fr\/blog\/#organization","name":"Foretsensations.fr","url":"https:\/\/slams.fr\/blog\/","logo":{"@type":"ImageObject","inLanguage":"fr-FR","@id":"https:\/\/slams.fr\/blog\/#\/schema\/logo\/image\/","url":"https:\/\/slams.fr\/blog\/wp-content\/uploads\/2026\/07\/logo-auto-1.png","contentUrl":"https:\/\/slams.fr\/blog\/wp-content\/uploads\/2026\/07\/logo-auto-1.png","width":1024,"height":1024,"caption":"Foretsensations.fr"},"image":{"@id":"https:\/\/slams.fr\/blog\/#\/schema\/logo\/image\/"}},{"@type":"Person","@id":"https:\/\/slams.fr\/blog\/#\/schema\/person\/3c864cdc320801e3db34b663e7e3f816","name":"Rapha\u00ebl D.","image":{"@type":"ImageObject","inLanguage":"fr-FR","@id":"https:\/\/slams.fr\/blog\/#\/schema\/person\/image\/","url":"https:\/\/slams.fr\/blog\/wp-content\/uploads\/2026\/06\/persona_raphael-d-96x96.jpg","contentUrl":"https:\/\/slams.fr\/blog\/wp-content\/uploads\/2026\/06\/persona_raphael-d-96x96.jpg","caption":"Rapha\u00ebl D."},"description":"La culture est mon terrain de jeu depuis une dizaine d'ann\u00e9es : arts visuels, s\u00e9ries, cr\u00e9ation et tout ce qui nourrit l'imaginaire. J'\u00e9cris aussi bien sur l'actualit\u00e9 des \u0153uvres que sur les coulisses de la cr\u00e9ation, avec l'envie de relier l'amateur curieux \u00e0 des univers parfois jug\u00e9s intimidants. J'aime analyser une s\u00e9rie ou une d\u00e9marche artistique sans p\u00e9dantisme, replacer une \u0153uvre dans son contexte et donner des cl\u00e9s de lecture accessibles. Avant de publier, je v\u00e9rifie mes r\u00e9f\u00e9rences, je recoupe les sources et je distingue clairement le fait de mon interpr\u00e9tation subjective. Je crois qu'une critique vaut surtout par les arguments qu'elle expose, pas par la sentence qu'elle rend. Mon angle : transmettre l'envie de d\u00e9couvrir, de regarder autrement et de se forger son propre go\u00fbt. La culture n'appartient pas qu'aux initi\u00e9s, et c'est tout l'enjeu de mon \u00e9criture.","url":"https:\/\/slams.fr\/blog\/auteur\/raphael-d\/","jobTitle":"R\u00e9dacteur en chef \u00b7 Culture & Cr\u00e9ation","knowsAbout":["Culture","Cr\u00e9ation"],"email":"raphael.d@a-l-asso-de-l-art.fr"}]}},"_links":{"self":[{"href":"https:\/\/slams.fr\/blog\/wp-json\/wp\/v2\/posts\/7509","targetHints":{"allow":["GET"]}}],"collection":[{"href":"https:\/\/slams.fr\/blog\/wp-json\/wp\/v2\/posts"}],"about":[{"href":"https:\/\/slams.fr\/blog\/wp-json\/wp\/v2\/types\/post"}],"author":[{"embeddable":true,"href":"https:\/\/slams.fr\/blog\/wp-json\/wp\/v2\/users\/34"}],"replies":[{"embeddable":true,"href":"https:\/\/slams.fr\/blog\/wp-json\/wp\/v2\/comments?post=7509"}],"version-history":[{"count":0,"href":"https:\/\/slams.fr\/blog\/wp-json\/wp\/v2\/posts\/7509\/revisions"}],"wp:featuredmedia":[{"embeddable":true,"href":"https:\/\/slams.fr\/blog\/wp-json\/wp\/v2\/media\/7585"}],"wp:attachment":[{"href":"https:\/\/slams.fr\/blog\/wp-json\/wp\/v2\/media?parent=7509"}],"wp:term":[{"taxonomy":"category","embeddable":true,"href":"https:\/\/slams.fr\/blog\/wp-json\/wp\/v2\/categories?post=7509"},{"taxonomy":"post_tag","embeddable":true,"href":"https:\/\/slams.fr\/blog\/wp-json\/wp\/v2\/tags?post=7509"}],"curies":[{"name":"wp","href":"https:\/\/api.w.org\/{rel}","templated":true}]}}