{"id":7510,"date":"2025-06-14T22:31:28","date_gmt":"2025-06-14T20:31:28","guid":{"rendered":"https:\/\/slams.fr\/blog\/a-la-une\/top-5-des-plateformes-incontournables-pour-le-slam-et-la-poesie-urbaine\/"},"modified":"2025-06-14T22:31:28","modified_gmt":"2025-06-14T20:31:28","slug":"top-5-des-plateformes-incontournables-pour-le-slam-et-la-poesie-urbaine","status":"publish","type":"post","link":"https:\/\/slams.fr\/blog\/a-la-une\/top-5-des-plateformes-incontournables-pour-le-slam-et-la-poesie-urbaine\/","title":{"rendered":"Top 5 des plateformes incontournables pour le slam et la po\u00e9sie urbaine"},"content":{"rendered":"<h1>Top 5 des plateformes incontournables pour le slam et la po\u00e9sie urbaine<\/h1>\n<h2>Les sc\u00e8nes virtuelles et agendas des \u00e9v\u00e9nements slam<\/h2>\n<p>\nL\u2019acc\u00e8s aux <strong>sc\u00e8nes ouvertes<\/strong> et aux <strong>\u00e9v\u00e9nements slam<\/strong> s\u2019est consid\u00e9rablement d\u00e9mocratis\u00e9 gr\u00e2ce au d\u00e9ploiement de syst\u00e8mes d\u2019agendas en ligne. En 2025, la plateforme de l\u2019association Les Mots libres, soutenue par la Ville de Courbevoie, propose une centralisation de plus de 80 \u00e9v\u00e9nements sur le mois de juin, illustrant la vitalit\u00e9 et la r\u00e9gularit\u00e9 des rencontres de <strong>slam<\/strong> et <strong>po\u00e9sie urbaine<\/strong> \u00e0 travers l\u2019Hexagone[1]. Ce type de calendrier interactif permet aux amateurs de localiser rapidement les sc\u00e8nes dans leur ville, d\u2019identifier les festivals majeurs ou de s\u2019inscrire en ligne pour participer \u00e0 des comp\u00e9titions ou ateliers.<\/p>\n<ul>\n<li><strong>Les Mots libres<\/strong> : r\u00e9f\u00e9rence en mati\u00e8re de programmation slam, met en avant des programmations vari\u00e9es (sc\u00e8nes jeunes, soir\u00e9es mixtes, et \u00e9v\u00e9nements th\u00e9matiques).<\/li>\n<li><strong>Grand Poetry Slam<\/strong> : propose chaque ann\u00e9e un rassemblement de grande ampleur pour rep\u00e9rer les talents montants et suivre les r\u00e9seaux de la discipline.<\/li>\n<\/ul>\n<p>\nLa mont\u00e9e en puissance de ces outils \u00e9v\u00e9nementiels a red\u00e9fini les pratiques\u202f: il est d\u00e9sormais possible de construire un itin\u00e9raire culturel transversal, reliant diff\u00e9rentes villes et collectifs, tout en restant inform\u00e9 des nouveaut\u00e9s ou des figures majeures de la sc\u00e8ne contemporaine. Nous constatons que la facilit\u00e9 d\u2019acc\u00e8s favorise la diversification des publics, le croisement des univers et la transmission des codes de l\u2019oralit\u00e9 urbaine \u00e0 des g\u00e9n\u00e9rations enti\u00e8res.\n<\/p>\n<h2>Plateformes communautaires centr\u00e9es sur la pratique et l\u2019oralit\u00e9<\/h2>\n<p>\nLa croissance du slam a g\u00e9n\u00e9r\u00e9 l\u2019apparition de v\u00e9ritables <strong>plateformes communautaires<\/strong>, fond\u00e9es sur l\u2019\u00e9change, la mutualisation des textes et la promotion de la <u>performance orale<\/u>. Ces espaces, riches en fonctionnalit\u00e9s, sont con\u00e7us pour stimuler la cr\u00e9ativit\u00e9 et encourager le partage d\u2019exp\u00e9riences, que l\u2019on soit slameur aguerri ou d\u00e9butant.\n<\/p>\n<ul>\n<li><strong>Strophe.fr<\/strong> : magazine en ligne devenu espace f\u00e9d\u00e9rateur, il publie des textes, des interviews, des chroniques et des comptes rendus de sc\u00e8nes. R\u00e9el carrefour pour l\u2019actualit\u00e9 et l\u2019analyse de la po\u00e9sie orale, il accueille une diversit\u00e9 d\u2019auteurs, allant des voix \u00e9mergentes aux r\u00e9f\u00e9rences nationales[5].<\/li>\n<li><strong>Po\u00e9sie Urbaine Online<\/strong> : forum ouvert, ce site invite \u00e0 poster ses cr\u00e9ations, d\u00e9couvrir les \u0153uvres des autres membres et \u00e9changer sur les \u00e9volutions du genre. Les d\u00e9bats sur les nouvelles tendances de la sc\u00e8ne orale y sont particuli\u00e8rement suivis.<\/li>\n<\/ul>\n<p>\nLa dimension communautaire de ces sites se retrouve dans l\u2019entraide autour de l\u2019\u00e9criture, l\u2019organisation de discussions th\u00e9matiques et la r\u00e9alisation de projets collaboratifs (anthologies, podcasts, performances collectives). Ce cadre favorise la <u>mise en r\u00e9seau<\/u> des artistes, tout en \u00e9largissant l\u2019audience du slam au-del\u00e0 de la sph\u00e8re urbaine traditionnelle. \u00c0 notre sens, ces plateformes jouent un r\u00f4le cl\u00e9 dans la structuration et la p\u00e9rennisation de la sc\u00e8ne contemporaine.\n<\/p>\n<h2>Ressources pour ateliers, formations et accompagnement artistique<\/h2>\n<p>\nL\u2019accompagnement des cr\u00e9ateurs, qu\u2019il soit ponctuel ou sur le long terme, constitue un pilier du d\u00e9veloppement du slam. De nombreux acteurs reconnus misent d\u00e9sormais sur la <strong>formation artistique<\/strong> en ligne ou en pr\u00e9sentiel, la transmission des techniques d\u2019oralit\u00e9 et l\u2019animation d\u2019ateliers collectifs. En 2025, le slameur \u00c9l\u00e9mo illustre cette tendance avec ses ateliers itin\u00e9rants et ses sessions en ligne, qui accompagnent les novices comme les confirm\u00e9s, de la r\u00e9daction \u00e0 la sc\u00e8ne[2].\n<\/p>\n<ul>\n<li><strong>Ateliers \u00c9l\u00e9mo<\/strong> : formation \u00e0 la cr\u00e9ation slam, coaching personnalis\u00e9, conseils sur la prosodie et la posture sc\u00e9nique, accessibles en ligne ou \u00e0 travers des interventions scolaires.<\/li>\n<li><strong>Formations Slam France<\/strong> : cursus structur\u00e9s, masterclass destin\u00e9es \u00e0 faire \u00e9merger le potentiel de chaque participant, tout en sensibilisant aux enjeux de l\u2019expression po\u00e9tique contemporaine.<\/li>\n<\/ul>\n<p>\n\u00c0 travers ces dispositifs, les po\u00e8tes urbains b\u00e9n\u00e9ficient d\u2019outils p\u00e9dagogiques avanc\u00e9s : coaching, retours personnalis\u00e9s, exercices d\u2019\u00e9criture guid\u00e9s, simulations de performances publiques. Cette offre p\u00e9dagogique contribue \u00e0 l\u2019\u00e9mergence d\u2019une nouvelle g\u00e9n\u00e9ration de slameurs, sensibles \u00e0 la qualit\u00e9 litt\u00e9raire comme \u00e0 la puissance du message. Nous remarquons que la multiplication des formats (stages, webinaires, modules vid\u00e9o) ouvre des perspectives in\u00e9dites pour la professionnalisation et le rayonnement du slam francophone.\n<\/p>\n<h2>Archives et m\u00e9diath\u00e8ques num\u00e9riques sur la po\u00e9sie contestataire<\/h2>\n<p>\nLa construction d\u2019une m\u00e9moire partag\u00e9e de la po\u00e9sie urbaine serait incompl\u00e8te sans l\u2019apport des <strong>archives num\u00e9riques<\/strong> et des <strong>m\u00e9diath\u00e8ques sp\u00e9cialis\u00e9es<\/strong>. Ces ressources compilent les \u00e9volutions, les exp\u00e9rimentations formelles et l\u2019ancrage social de la po\u00e9sie orale depuis ses premiers d\u00e9veloppements \u00e0 Chicago dans les ann\u00e9es 1980, jusqu\u2019\u00e0 sa diffusion en France dans les ann\u00e9es 1990 et sa diversification actuelle[3].\n<\/p>\n<ul>\n<li><strong>Anthologies \u00e9dit\u00e9es<\/strong> : ouvrages de r\u00e9f\u00e9rence comme \u00ab Slam, po\u00e9sie urbaine \u00bb de Jean Faucheur, accompagn\u00e9 de CD audio, permettent d\u2019appr\u00e9hender les codes, les styles et les enjeux port\u00e9s par le mouvement[3][4].<\/li>\n<li><strong>Podcasts et documentaires<\/strong> : s\u00e9lection de cr\u00e9ations sonores retra\u00e7ant l\u2019histoire des sc\u00e8nes, les portraits de figures embl\u00e9matiques et l\u2019exploration de th\u00e9matiques sociales centrales (discrimination, identit\u00e9, r\u00e9sistance).<\/li>\n<li><strong>M\u00e9diath\u00e8que num\u00e9rique Slam.fr<\/strong> : acc\u00e8s \u00e0 une s\u00e9lection de textes fondateurs, enregistrements live, archives iconographiques et analyses critiques pour comprendre l\u2019\u00e9volution du slam sur plusieurs d\u00e9cennies.<\/li>\n<\/ul>\n<p>\nL\u2019acc\u00e8s \u00e0 ces ressources joue un r\u00f4le \u00e9minent dans la reconnaissance patrimoniale du slam et la transmission des luttes symboliques port\u00e9es par ses acteurs. Les m\u00e9diath\u00e8ques en ligne constituent un r\u00e9servoir pr\u00e9cieux pour les universitaires, les enseignants et les slameurs d\u00e9sireux de s\u2019inscrire dans la continuit\u00e9 des grandes figures du verbe urbain. Notre avis est que cet ancrage historique, alli\u00e9 \u00e0 l\u2019agilit\u00e9 du support num\u00e9rique, renforce la l\u00e9gitimit\u00e9 du mouvement et son pouvoir d\u2019invention.\n<\/p>\n<h2>Vitrines artistiques et promotion des sc\u00e8nes locales<\/h2>\n<p>\nL\u2019essor du slam doit beaucoup \u00e0 la multitude de <strong>vitrines artistiques<\/strong> qui valorisent la sc\u00e8ne locale, investissent le web et produisent des contenus in\u00e9dits consacr\u00e9s aux collectifs urbains. Ces plateformes jouent un r\u00f4le de diffusion et de promotion d\u00e9cisif, reliant les r\u00e9seaux associatifs, les sc\u00e8nes ind\u00e9pendantes et les m\u00e9dias sp\u00e9cialis\u00e9s[5].\n<\/p>\n<ul>\n<li><strong>Strophe.fr<\/strong> : au-del\u00e0 de son volet communautaire, la plateforme publie des reportages, portraits d\u2019artistes et vid\u00e9os de performances, offrant un panorama actualis\u00e9 des dynamiques en France et \u00e0 l\u2019international.<\/li>\n<li><strong>Slam Production<\/strong> : webzine engag\u00e9, il relaie les initiatives de collectifs, met en avant l\u2019\u00e9mergence de voix singuli\u00e8res, propose des interviews et analyse les tendances stylistiques du moment.<\/li>\n<li><strong>Po\u00e9sie-Slam TV<\/strong> : cha\u00eene audiovisuelle d\u00e9di\u00e9e \u00e0 la captation et la diffusion des sc\u00e8nes locales, elle archive les performances marquantes, rendant visible la pluralit\u00e9 des talents issus des banlieues, m\u00e9tropoles et territoires ultramarins.<\/li>\n<\/ul>\n<p>\nCe travail de mise en lumi\u00e8re contribue non seulement \u00e0 la reconnaissance des artistes mais aussi \u00e0 la cartographie des influences, des innovations et des pratiques hybrides qui traversent la discipline. Les focus r\u00e9guliers sur les collectifs (Grand Poetry Slam, Les Mots libres, ateliers urbains) t\u00e9moignent d\u2019une capacit\u00e9 d\u2019auto-organisation remarquable. Nous observons que ces vitrines garantissent une visibilit\u00e9 accrue au slam en dehors des cercles initi\u00e9s, participant \u00e0 son int\u00e9gration au c\u0153ur de la culture populaire.\n<\/p>\n<h2>Comparatif synth\u00e9tique des 5 plateformes majeures<\/h2>\n<table border=\"1\" cellpadding=\"6\" cellspacing=\"0\">\n<tr>\n<th>Nom de la plateforme<\/th>\n<th>Sp\u00e9cificit\u00e9<\/th>\n<th>Ressources propos\u00e9es<\/th>\n<th>Ouverture \u00e0 l\u2019international<\/th>\n<\/tr>\n<tr>\n<td><strong>Les Mots libres<\/strong><\/td>\n<td><u>Agenda et centralisation d\u2019\u00e9v\u00e9nements<\/u><\/td>\n<td>Calendrier des sc\u00e8nes, inscriptions, programmation th\u00e9matique<\/td>\n<td>France, ouverture sur francophonie<\/td>\n<\/tr>\n<tr>\n<td><strong>Strophe.fr<\/strong><\/td>\n<td><u>Magazine, communaut\u00e9, \u00e9v\u00e8nements<\/u><\/td>\n<td>Articles, chroniques, portraits, vid\u00e9os, focus sur collectifs<\/td>\n<td>France, Europe<\/td>\n<\/tr>\n<tr>\n<td><strong>Ateliers \u00c9l\u00e9mo<\/strong><\/td>\n<td><u>Formation, coaching, ateliers en ligne<\/u><\/td>\n<td>Ateliers, masterclass, accompagnement artistique personnalis\u00e9<\/td>\n<td>France, Belgique, Qu\u00e9bec, Allemagne, Autriche<\/td>\n<\/tr>\n<tr>\n<td><strong>M\u00e9diath\u00e8que Slam.fr<\/strong><\/td>\n<td><u>Archives historiques et patrimoniales<\/u><\/td>\n<td>Textes, enregistrements, podcasts, anthologies, analyses<\/td>\n<td>International, ressources multilingues<\/td>\n<\/tr>\n<tr>\n<td><strong>Slam Production\/Po\u00e9sie-Slam TV<\/strong><\/td>\n<td><u>Vitrine artistique et promotion de sc\u00e8nes locales<\/u><\/td>\n<td>Captations vid\u00e9o, interviews, reportages, diffusion de performances<\/td>\n<td>France, r\u00e9seaux francophones<\/td>\n<\/tr>\n<\/table>\n<h2>Vers une communaut\u00e9 cr\u00e9ative et un mouvement en constante mutation<\/h2>\n<p>\nLe dynamisme du slam et de la po\u00e9sie urbaine s\u2019exprime \u00e0 travers l\u2019hybridation des genres, la multiplication des formats et la mont\u00e9e en puissance des outils num\u00e9riques. Ces cinq plateformes, en couvrant tous les besoins \u2013 de la participation aux \u00e9v\u00e9nements \u00e0 la formation, en passant par la documentation patrimoniale et la mise en valeur des artistes \u2013 structurent un \u00e9cosyst\u00e8me fertile et ouvert \u00e0 toutes les exp\u00e9rimentations.<\/p>\n<ul>\n<li><strong>Accessibilit\u00e9<\/strong>\u202f: la diversit\u00e9 des supports \u00e9largit le public et facilite l\u2019acc\u00e8s \u00e0 la cr\u00e9ation, quel que soit le niveau ou la situation g\u00e9ographique.<\/li>\n<li><strong>Transmission<\/strong>\u202f: la vari\u00e9t\u00e9 des ressources p\u00e9dagogiques garantit la continuit\u00e9 et la qualit\u00e9 de la sc\u00e8ne slam, tout en favorisant l\u2019\u00e9closion de nouveaux talents.<\/li>\n<li><strong>Visibilit\u00e9<\/strong>\u202f: les vitrines num\u00e9riques assurent la diffusion d\u2019une parole po\u00e9tique renouvel\u00e9e, ancr\u00e9e dans l\u2019actualit\u00e9 sociale et les revendications contemporaines.<\/li>\n<\/ul>\n<p>\nNous sommes convaincus que le d\u00e9veloppement de ces espaces num\u00e9riques refl\u00e8te la capacit\u00e9 du mouvement \u00e0 se r\u00e9inventer et \u00e0 s\u2019imposer comme un acteur central de la culture jeune et engag\u00e9e. L\u2019enjeu pour les ann\u00e9es \u00e0 venir sera d\u2019assurer la circulation des \u0153uvres, la valorisation des voix singuli\u00e8res et la transmission des h\u00e9ritages, afin de faire du slam une r\u00e9f\u00e9rence incontournable du paysage po\u00e9tique mondial.<\/p>\n","protected":false},"excerpt":{"rendered":"","protected":false},"author":34,"featured_media":7624,"comment_status":"open","ping_status":"open","sticky":false,"template":"","format":"standard","meta":{"_acf_changed":false,"manual_indexmenow":false,"indexmenow_id_project":0,"footnotes":""},"categories":[1],"tags":[4668,4530,4526],"class_list":["post-7510","post","type-post","status-publish","format-standard","has-post-thumbnail","hentry","category-a-la-une","tag-plateforme","tag-poesie-urbaine","tag-slam","generate-columns","tablet-grid-50","mobile-grid-100","grid-parent","grid-25"],"acf":[],"yoast_head":"<!-- This site is optimized with the Yoast SEO Premium plugin v21.3 (Yoast SEO v26.5) - https:\/\/yoast.com\/wordpress\/plugins\/seo\/ -->\n<title>Top 5 des plateformes de slam et de po\u00e9sie urbaine<\/title>\n<meta name=\"description\" content=\"L\u2019acc\u00e8s aux sc\u00e8nes ouvertes et aux \u00e9v\u00e9nements slam s\u2019est consid\u00e9rablement d\u00e9mocratis\u00e9 gr\u00e2ce au d\u00e9ploiement de syst\u00e8mes d\u2019agendas en ligne.\" \/>\n<meta name=\"robots\" content=\"index, follow, max-snippet:-1, max-image-preview:large, max-video-preview:-1\" \/>\n<link rel=\"canonical\" href=\"https:\/\/slams.fr\/blog\/a-la-une\/top-5-des-plateformes-incontournables-pour-le-slam-et-la-poesie-urbaine\/\" \/>\n<meta property=\"og:locale\" content=\"fr_FR\" \/>\n<meta property=\"og:type\" content=\"article\" \/>\n<meta property=\"og:title\" content=\"Top 5 des plateformes de slam et de po\u00e9sie urbaine\" \/>\n<meta property=\"og:description\" content=\"L\u2019acc\u00e8s aux sc\u00e8nes ouvertes et aux \u00e9v\u00e9nements slam s\u2019est consid\u00e9rablement d\u00e9mocratis\u00e9 gr\u00e2ce au d\u00e9ploiement de syst\u00e8mes d\u2019agendas en ligne.\" \/>\n<meta property=\"og:url\" content=\"https:\/\/slams.fr\/blog\/a-la-une\/top-5-des-plateformes-incontournables-pour-le-slam-et-la-poesie-urbaine\/\" \/>\n<meta property=\"og:site_name\" content=\"slams\" \/>\n<meta property=\"og:image\" content=\"https:\/\/slams.fr\/blog\/wp-content\/uploads\/2025\/07\/sdxl-225a1744dd695da09f600b52f75d5fbf-scaled.png\" \/>\n\t<meta property=\"og:image:width\" content=\"1200\" \/>\n\t<meta property=\"og:image:height\" content=\"500\" \/>\n\t<meta property=\"og:image:type\" content=\"image\/png\" \/>\n<meta name=\"author\" content=\"Rapha\u00ebl D.\" \/>\n<meta name=\"twitter:card\" content=\"summary_large_image\" \/>\n<script type=\"application\/ld+json\" class=\"yoast-schema-graph\">{\"@context\":\"https:\/\/schema.org\",\"@graph\":[{\"@type\":\"NewsArticle\",\"@id\":\"https:\/\/slams.fr\/blog\/a-la-une\/top-5-des-plateformes-incontournables-pour-le-slam-et-la-poesie-urbaine\/#article\",\"isPartOf\":{\"@id\":\"https:\/\/slams.fr\/blog\/a-la-une\/top-5-des-plateformes-incontournables-pour-le-slam-et-la-poesie-urbaine\/\"},\"author\":{\"name\":\"Rapha\u00ebl D.\",\"@id\":\"https:\/\/slams.fr\/blog\/#\/schema\/person\/3c864cdc320801e3db34b663e7e3f816\"},\"headline\":\"Top 5 des plateformes incontournables pour le slam et la po\u00e9sie urbaine\",\"datePublished\":\"2025-06-14T20:31:28+00:00\",\"mainEntityOfPage\":{\"@id\":\"https:\/\/slams.fr\/blog\/a-la-une\/top-5-des-plateformes-incontournables-pour-le-slam-et-la-poesie-urbaine\/\"},\"wordCount\":1624,\"commentCount\":0,\"publisher\":{\"@id\":\"https:\/\/slams.fr\/blog\/#organization\"},\"image\":{\"@id\":\"https:\/\/slams.fr\/blog\/a-la-une\/top-5-des-plateformes-incontournables-pour-le-slam-et-la-poesie-urbaine\/#primaryimage\"},\"thumbnailUrl\":\"https:\/\/slams.fr\/blog\/wp-content\/uploads\/2025\/07\/sdxl-225a1744dd695da09f600b52f75d5fbf-scaled.png\",\"keywords\":[\"plateforme\",\"Po\u00e9sie Urbaine\",\"Slam\"],\"articleSection\":[\"\u00c0 la une\"],\"inLanguage\":\"fr-FR\",\"potentialAction\":[{\"@type\":\"CommentAction\",\"name\":\"Comment\",\"target\":[\"https:\/\/slams.fr\/blog\/a-la-une\/top-5-des-plateformes-incontournables-pour-le-slam-et-la-poesie-urbaine\/#respond\"]}]},{\"@type\":\"WebPage\",\"@id\":\"https:\/\/slams.fr\/blog\/a-la-une\/top-5-des-plateformes-incontournables-pour-le-slam-et-la-poesie-urbaine\/\",\"url\":\"https:\/\/slams.fr\/blog\/a-la-une\/top-5-des-plateformes-incontournables-pour-le-slam-et-la-poesie-urbaine\/\",\"name\":\"Top 5 des plateformes de slam et de po\u00e9sie urbaine\",\"isPartOf\":{\"@id\":\"https:\/\/slams.fr\/blog\/#website\"},\"primaryImageOfPage\":{\"@id\":\"https:\/\/slams.fr\/blog\/a-la-une\/top-5-des-plateformes-incontournables-pour-le-slam-et-la-poesie-urbaine\/#primaryimage\"},\"image\":{\"@id\":\"https:\/\/slams.fr\/blog\/a-la-une\/top-5-des-plateformes-incontournables-pour-le-slam-et-la-poesie-urbaine\/#primaryimage\"},\"thumbnailUrl\":\"https:\/\/slams.fr\/blog\/wp-content\/uploads\/2025\/07\/sdxl-225a1744dd695da09f600b52f75d5fbf-scaled.png\",\"datePublished\":\"2025-06-14T20:31:28+00:00\",\"description\":\"L\u2019acc\u00e8s aux sc\u00e8nes ouvertes et aux \u00e9v\u00e9nements slam s\u2019est consid\u00e9rablement d\u00e9mocratis\u00e9 gr\u00e2ce au d\u00e9ploiement de syst\u00e8mes d\u2019agendas en ligne.\",\"inLanguage\":\"fr-FR\",\"potentialAction\":[{\"@type\":\"ReadAction\",\"target\":[\"https:\/\/slams.fr\/blog\/a-la-une\/top-5-des-plateformes-incontournables-pour-le-slam-et-la-poesie-urbaine\/\"]}]},{\"@type\":\"ImageObject\",\"inLanguage\":\"fr-FR\",\"@id\":\"https:\/\/slams.fr\/blog\/a-la-une\/top-5-des-plateformes-incontournables-pour-le-slam-et-la-poesie-urbaine\/#primaryimage\",\"url\":\"https:\/\/slams.fr\/blog\/wp-content\/uploads\/2025\/07\/sdxl-225a1744dd695da09f600b52f75d5fbf-scaled.png\",\"contentUrl\":\"https:\/\/slams.fr\/blog\/wp-content\/uploads\/2025\/07\/sdxl-225a1744dd695da09f600b52f75d5fbf-scaled.png\",\"width\":1200,\"height\":500},{\"@type\":\"WebSite\",\"@id\":\"https:\/\/slams.fr\/blog\/#website\",\"url\":\"https:\/\/slams.fr\/blog\/\",\"name\":\"slams.fr\",\"description\":\"Slams, l&#039;\u00e9nergie des mots en action\",\"publisher\":{\"@id\":\"https:\/\/slams.fr\/blog\/#organization\"},\"alternateName\":\"Slams, l'\u00e9nergie des mots en action\",\"potentialAction\":[{\"@type\":\"SearchAction\",\"target\":{\"@type\":\"EntryPoint\",\"urlTemplate\":\"https:\/\/slams.fr\/blog\/?s={search_term_string}\"},\"query-input\":{\"@type\":\"PropertyValueSpecification\",\"valueRequired\":true,\"valueName\":\"search_term_string\"}}],\"inLanguage\":\"fr-FR\"},{\"@type\":\"Organization\",\"@id\":\"https:\/\/slams.fr\/blog\/#organization\",\"name\":\"Foretsensations.fr\",\"url\":\"https:\/\/slams.fr\/blog\/\",\"logo\":{\"@type\":\"ImageObject\",\"inLanguage\":\"fr-FR\",\"@id\":\"https:\/\/slams.fr\/blog\/#\/schema\/logo\/image\/\",\"url\":\"https:\/\/slams.fr\/blog\/wp-content\/uploads\/2026\/07\/logo-auto-1.png\",\"contentUrl\":\"https:\/\/slams.fr\/blog\/wp-content\/uploads\/2026\/07\/logo-auto-1.png\",\"width\":1024,\"height\":1024,\"caption\":\"Foretsensations.fr\"},\"image\":{\"@id\":\"https:\/\/slams.fr\/blog\/#\/schema\/logo\/image\/\"}},{\"@type\":\"Person\",\"@id\":\"https:\/\/slams.fr\/blog\/#\/schema\/person\/3c864cdc320801e3db34b663e7e3f816\",\"name\":\"Rapha\u00ebl D.\",\"image\":{\"@type\":\"ImageObject\",\"inLanguage\":\"fr-FR\",\"@id\":\"https:\/\/slams.fr\/blog\/#\/schema\/person\/image\/\",\"url\":\"https:\/\/slams.fr\/blog\/wp-content\/uploads\/2026\/06\/persona_raphael-d-96x96.jpg\",\"contentUrl\":\"https:\/\/slams.fr\/blog\/wp-content\/uploads\/2026\/06\/persona_raphael-d-96x96.jpg\",\"caption\":\"Rapha\u00ebl D.\"},\"description\":\"La culture est mon terrain de jeu depuis une dizaine d'ann\u00e9es : arts visuels, s\u00e9ries, cr\u00e9ation et tout ce qui nourrit l'imaginaire. J'\u00e9cris aussi bien sur l'actualit\u00e9 des \u0153uvres que sur les coulisses de la cr\u00e9ation, avec l'envie de relier l'amateur curieux \u00e0 des univers parfois jug\u00e9s intimidants. J'aime analyser une s\u00e9rie ou une d\u00e9marche artistique sans p\u00e9dantisme, replacer une \u0153uvre dans son contexte et donner des cl\u00e9s de lecture accessibles. Avant de publier, je v\u00e9rifie mes r\u00e9f\u00e9rences, je recoupe les sources et je distingue clairement le fait de mon interpr\u00e9tation subjective. Je crois qu'une critique vaut surtout par les arguments qu'elle expose, pas par la sentence qu'elle rend. Mon angle : transmettre l'envie de d\u00e9couvrir, de regarder autrement et de se forger son propre go\u00fbt. La culture n'appartient pas qu'aux initi\u00e9s, et c'est tout l'enjeu de mon \u00e9criture.\",\"url\":\"https:\/\/slams.fr\/blog\/auteur\/raphael-d\/\",\"jobTitle\":\"R\u00e9dacteur en chef \u00b7 Culture & Cr\u00e9ation\",\"knowsAbout\":[\"Culture\",\"Cr\u00e9ation\"],\"email\":\"raphael.d@a-l-asso-de-l-art.fr\"}]}<\/script>\n<!-- \/ Yoast SEO Premium plugin. -->","yoast_head_json":{"title":"Top 5 des plateformes de slam et de po\u00e9sie urbaine","description":"L\u2019acc\u00e8s aux sc\u00e8nes ouvertes et aux \u00e9v\u00e9nements slam s\u2019est consid\u00e9rablement d\u00e9mocratis\u00e9 gr\u00e2ce au d\u00e9ploiement de syst\u00e8mes d\u2019agendas en ligne.","robots":{"index":"index","follow":"follow","max-snippet":"max-snippet:-1","max-image-preview":"max-image-preview:large","max-video-preview":"max-video-preview:-1"},"canonical":"https:\/\/slams.fr\/blog\/a-la-une\/top-5-des-plateformes-incontournables-pour-le-slam-et-la-poesie-urbaine\/","og_locale":"fr_FR","og_type":"article","og_title":"Top 5 des plateformes de slam et de po\u00e9sie urbaine","og_description":"L\u2019acc\u00e8s aux sc\u00e8nes ouvertes et aux \u00e9v\u00e9nements slam s\u2019est consid\u00e9rablement d\u00e9mocratis\u00e9 gr\u00e2ce au d\u00e9ploiement de syst\u00e8mes d\u2019agendas en ligne.","og_url":"https:\/\/slams.fr\/blog\/a-la-une\/top-5-des-plateformes-incontournables-pour-le-slam-et-la-poesie-urbaine\/","og_site_name":"slams","og_image":[{"width":1200,"height":500,"url":"https:\/\/slams.fr\/blog\/wp-content\/uploads\/2025\/07\/sdxl-225a1744dd695da09f600b52f75d5fbf-scaled.png","type":"image\/png"}],"author":"Rapha\u00ebl D.","twitter_card":"summary_large_image","schema":{"@context":"https:\/\/schema.org","@graph":[{"@type":"NewsArticle","@id":"https:\/\/slams.fr\/blog\/a-la-une\/top-5-des-plateformes-incontournables-pour-le-slam-et-la-poesie-urbaine\/#article","isPartOf":{"@id":"https:\/\/slams.fr\/blog\/a-la-une\/top-5-des-plateformes-incontournables-pour-le-slam-et-la-poesie-urbaine\/"},"author":{"name":"Rapha\u00ebl D.","@id":"https:\/\/slams.fr\/blog\/#\/schema\/person\/3c864cdc320801e3db34b663e7e3f816"},"headline":"Top 5 des plateformes incontournables pour le slam et la po\u00e9sie urbaine","datePublished":"2025-06-14T20:31:28+00:00","mainEntityOfPage":{"@id":"https:\/\/slams.fr\/blog\/a-la-une\/top-5-des-plateformes-incontournables-pour-le-slam-et-la-poesie-urbaine\/"},"wordCount":1624,"commentCount":0,"publisher":{"@id":"https:\/\/slams.fr\/blog\/#organization"},"image":{"@id":"https:\/\/slams.fr\/blog\/a-la-une\/top-5-des-plateformes-incontournables-pour-le-slam-et-la-poesie-urbaine\/#primaryimage"},"thumbnailUrl":"https:\/\/slams.fr\/blog\/wp-content\/uploads\/2025\/07\/sdxl-225a1744dd695da09f600b52f75d5fbf-scaled.png","keywords":["plateforme","Po\u00e9sie Urbaine","Slam"],"articleSection":["\u00c0 la une"],"inLanguage":"fr-FR","potentialAction":[{"@type":"CommentAction","name":"Comment","target":["https:\/\/slams.fr\/blog\/a-la-une\/top-5-des-plateformes-incontournables-pour-le-slam-et-la-poesie-urbaine\/#respond"]}]},{"@type":"WebPage","@id":"https:\/\/slams.fr\/blog\/a-la-une\/top-5-des-plateformes-incontournables-pour-le-slam-et-la-poesie-urbaine\/","url":"https:\/\/slams.fr\/blog\/a-la-une\/top-5-des-plateformes-incontournables-pour-le-slam-et-la-poesie-urbaine\/","name":"Top 5 des plateformes de slam et de po\u00e9sie urbaine","isPartOf":{"@id":"https:\/\/slams.fr\/blog\/#website"},"primaryImageOfPage":{"@id":"https:\/\/slams.fr\/blog\/a-la-une\/top-5-des-plateformes-incontournables-pour-le-slam-et-la-poesie-urbaine\/#primaryimage"},"image":{"@id":"https:\/\/slams.fr\/blog\/a-la-une\/top-5-des-plateformes-incontournables-pour-le-slam-et-la-poesie-urbaine\/#primaryimage"},"thumbnailUrl":"https:\/\/slams.fr\/blog\/wp-content\/uploads\/2025\/07\/sdxl-225a1744dd695da09f600b52f75d5fbf-scaled.png","datePublished":"2025-06-14T20:31:28+00:00","description":"L\u2019acc\u00e8s aux sc\u00e8nes ouvertes et aux \u00e9v\u00e9nements slam s\u2019est consid\u00e9rablement d\u00e9mocratis\u00e9 gr\u00e2ce au d\u00e9ploiement de syst\u00e8mes d\u2019agendas en ligne.","inLanguage":"fr-FR","potentialAction":[{"@type":"ReadAction","target":["https:\/\/slams.fr\/blog\/a-la-une\/top-5-des-plateformes-incontournables-pour-le-slam-et-la-poesie-urbaine\/"]}]},{"@type":"ImageObject","inLanguage":"fr-FR","@id":"https:\/\/slams.fr\/blog\/a-la-une\/top-5-des-plateformes-incontournables-pour-le-slam-et-la-poesie-urbaine\/#primaryimage","url":"https:\/\/slams.fr\/blog\/wp-content\/uploads\/2025\/07\/sdxl-225a1744dd695da09f600b52f75d5fbf-scaled.png","contentUrl":"https:\/\/slams.fr\/blog\/wp-content\/uploads\/2025\/07\/sdxl-225a1744dd695da09f600b52f75d5fbf-scaled.png","width":1200,"height":500},{"@type":"WebSite","@id":"https:\/\/slams.fr\/blog\/#website","url":"https:\/\/slams.fr\/blog\/","name":"slams.fr","description":"Slams, l&#039;\u00e9nergie des mots en action","publisher":{"@id":"https:\/\/slams.fr\/blog\/#organization"},"alternateName":"Slams, l'\u00e9nergie des mots en action","potentialAction":[{"@type":"SearchAction","target":{"@type":"EntryPoint","urlTemplate":"https:\/\/slams.fr\/blog\/?s={search_term_string}"},"query-input":{"@type":"PropertyValueSpecification","valueRequired":true,"valueName":"search_term_string"}}],"inLanguage":"fr-FR"},{"@type":"Organization","@id":"https:\/\/slams.fr\/blog\/#organization","name":"Foretsensations.fr","url":"https:\/\/slams.fr\/blog\/","logo":{"@type":"ImageObject","inLanguage":"fr-FR","@id":"https:\/\/slams.fr\/blog\/#\/schema\/logo\/image\/","url":"https:\/\/slams.fr\/blog\/wp-content\/uploads\/2026\/07\/logo-auto-1.png","contentUrl":"https:\/\/slams.fr\/blog\/wp-content\/uploads\/2026\/07\/logo-auto-1.png","width":1024,"height":1024,"caption":"Foretsensations.fr"},"image":{"@id":"https:\/\/slams.fr\/blog\/#\/schema\/logo\/image\/"}},{"@type":"Person","@id":"https:\/\/slams.fr\/blog\/#\/schema\/person\/3c864cdc320801e3db34b663e7e3f816","name":"Rapha\u00ebl D.","image":{"@type":"ImageObject","inLanguage":"fr-FR","@id":"https:\/\/slams.fr\/blog\/#\/schema\/person\/image\/","url":"https:\/\/slams.fr\/blog\/wp-content\/uploads\/2026\/06\/persona_raphael-d-96x96.jpg","contentUrl":"https:\/\/slams.fr\/blog\/wp-content\/uploads\/2026\/06\/persona_raphael-d-96x96.jpg","caption":"Rapha\u00ebl D."},"description":"La culture est mon terrain de jeu depuis une dizaine d'ann\u00e9es : arts visuels, s\u00e9ries, cr\u00e9ation et tout ce qui nourrit l'imaginaire. J'\u00e9cris aussi bien sur l'actualit\u00e9 des \u0153uvres que sur les coulisses de la cr\u00e9ation, avec l'envie de relier l'amateur curieux \u00e0 des univers parfois jug\u00e9s intimidants. J'aime analyser une s\u00e9rie ou une d\u00e9marche artistique sans p\u00e9dantisme, replacer une \u0153uvre dans son contexte et donner des cl\u00e9s de lecture accessibles. Avant de publier, je v\u00e9rifie mes r\u00e9f\u00e9rences, je recoupe les sources et je distingue clairement le fait de mon interpr\u00e9tation subjective. Je crois qu'une critique vaut surtout par les arguments qu'elle expose, pas par la sentence qu'elle rend. Mon angle : transmettre l'envie de d\u00e9couvrir, de regarder autrement et de se forger son propre go\u00fbt. La culture n'appartient pas qu'aux initi\u00e9s, et c'est tout l'enjeu de mon \u00e9criture.","url":"https:\/\/slams.fr\/blog\/auteur\/raphael-d\/","jobTitle":"R\u00e9dacteur en chef \u00b7 Culture & Cr\u00e9ation","knowsAbout":["Culture","Cr\u00e9ation"],"email":"raphael.d@a-l-asso-de-l-art.fr"}]}},"_links":{"self":[{"href":"https:\/\/slams.fr\/blog\/wp-json\/wp\/v2\/posts\/7510","targetHints":{"allow":["GET"]}}],"collection":[{"href":"https:\/\/slams.fr\/blog\/wp-json\/wp\/v2\/posts"}],"about":[{"href":"https:\/\/slams.fr\/blog\/wp-json\/wp\/v2\/types\/post"}],"author":[{"embeddable":true,"href":"https:\/\/slams.fr\/blog\/wp-json\/wp\/v2\/users\/34"}],"replies":[{"embeddable":true,"href":"https:\/\/slams.fr\/blog\/wp-json\/wp\/v2\/comments?post=7510"}],"version-history":[{"count":0,"href":"https:\/\/slams.fr\/blog\/wp-json\/wp\/v2\/posts\/7510\/revisions"}],"wp:featuredmedia":[{"embeddable":true,"href":"https:\/\/slams.fr\/blog\/wp-json\/wp\/v2\/media\/7624"}],"wp:attachment":[{"href":"https:\/\/slams.fr\/blog\/wp-json\/wp\/v2\/media?parent=7510"}],"wp:term":[{"taxonomy":"category","embeddable":true,"href":"https:\/\/slams.fr\/blog\/wp-json\/wp\/v2\/categories?post=7510"},{"taxonomy":"post_tag","embeddable":true,"href":"https:\/\/slams.fr\/blog\/wp-json\/wp\/v2\/tags?post=7510"}],"curies":[{"name":"wp","href":"https:\/\/api.w.org\/{rel}","templated":true}]}}