{"id":7511,"date":"2025-06-14T22:31:52","date_gmt":"2025-06-14T20:31:52","guid":{"rendered":"https:\/\/slams.fr\/blog\/a-la-une\/top-5-des-plateformes-incontournables-pour-le-slam-et-la-poesie-urbaine-2\/"},"modified":"2025-06-14T22:31:52","modified_gmt":"2025-06-14T20:31:52","slug":"top-5-des-plateformes-incontournables-pour-le-slam-et-la-poesie-urbaine-2","status":"publish","type":"post","link":"https:\/\/slams.fr\/blog\/a-la-une\/top-5-des-plateformes-incontournables-pour-le-slam-et-la-poesie-urbaine-2\/","title":{"rendered":"Top 5 des plateformes incontournables pour le slam et la po\u00e9sie urbaine"},"content":{"rendered":"<h1>Top 5 des plateformes incontournables pour le slam et la po\u00e9sie urbaine<\/h1>\n<h2>Les sc\u00e8nes virtuelles et agendas des \u00e9v\u00e9nements slam<\/h2>\n<p>\n        Gr\u00e2ce \u00e0 l\u2019essor des <strong>sc\u00e8nes en ligne<\/strong> et des <strong>agendas sp\u00e9cialis\u00e9s<\/strong>, la cartographie du slam se dessine \u00e0 l\u2019\u00e9chelle nationale. Certains portails centralisent la totalit\u00e9 des rendez-vous majeurs, allant des <strong>sc\u00e8nes ouvertes<\/strong> aux <strong>festivals embl\u00e9matiques<\/strong>.<br \/>\n        L\u2019\u00e9v\u00e9nement <u>Les Mots libres de Courbevoie<\/u>, d\u00e9sormais r\u00e9f\u00e9rence, propose par exemple plus de 80 rencontres o\u00f9 le slam, la po\u00e9sie et l\u2019oralit\u00e9 se croisent\u202f: d\u00e9bats, spectacles, ateliers prennent place sur cinq sites principaux, cr\u00e9ant un espace o\u00f9 <strong>la cr\u00e9ativit\u00e9 collective s\u2019exprime sans limites<\/strong>. Le <u>boulevard des Mots<\/u> offre une immersion totale au c\u0153ur des nouvelles formes d\u2019oralit\u00e9, conjuguant l\u2019h\u00e9ritage litt\u00e9raire \u00e0 la vitalit\u00e9 de la sc\u00e8ne urbaine.\n    <\/p>\n<ul>\n<li>\n            <strong>Strophe.fr<\/strong>\u202f: ce magazine r\u00e9f\u00e9rence pour toutes les po\u00e9sies propose un agenda d\u00e9taill\u00e9 des sc\u00e8nes slam en France, couvrant aussi bien les rendez-vous r\u00e9guliers que les grands \u00e9v\u00e9nements comme le <u>Grand Poetry Slam<\/u>.\n        <\/li>\n<li>\n            <strong>Slam Productions<\/strong> (site officiel)\u202f: il recense des sc\u00e8nes participatives dans de nombreuses r\u00e9gions, d\u00e9taillant les dates, intervenants et formats, et permet une mise en relation rapide entre artistes et organisateurs.\n        <\/li>\n<\/ul>\n<p>\n        Nous invitons \u00e0 consulter ces plateformes avant chaque d\u00e9placement, tant <u>l\u2019offre \u00e9v\u00e9nementielle \u00e9volue rapidement<\/u> et attire chaque ann\u00e9e de nouveaux acteurs. Un acc\u00e8s facilit\u00e9 \u00e0 cette information encourage une participation vivante, renfor\u00e7ant le tissu culturel local et national.\n    <\/p>\n<h2>Plateformes communautaires centr\u00e9es sur la pratique et l\u2019oralit\u00e9<\/h2>\n<p>\n        La <u>dimension communautaire<\/u> s\u2019impose comme un pilier essentiel du mouvement slam. Des sites d\u00e9di\u00e9s, \u00e0 l&rsquo;instar de <strong>Strophe.fr<\/strong>, f\u00e9d\u00e8rent les amateurs de po\u00e9sie urbaine autour d\u2019espaces d\u2019\u00e9change, o\u00f9 chaque membre publie ses propres cr\u00e9ations, commente ou s\u2019inspire de celles des autres. L\u2019acc\u00e8s aux performances, souvent sous forme de vid\u00e9os ou de podcasts, donne corps \u00e0 la <strong>po\u00e9sie vivante<\/strong> que porte le slam.\n    <\/p>\n<ul>\n<li>\n            <strong>Strophe.fr<\/strong>\u202f: propose des rubriques d\u00e9di\u00e9es \u00e0 l\u2019\u00e9coute de performances, \u00e0 la publication de textes originaux, et \u00e0 la d\u00e9couverte de nouveaux auteurs \u00e0 travers des interviews et des critiques.\n        <\/li>\n<li>\n            <strong>Po\u00e8tes &#038; Slameurs<\/strong> (groupe Facebook officiel)\u202f: lieu d\u2019\u00e9change o\u00f9 la communaut\u00e9 partage ses meilleurs textes, ses actualit\u00e9s et ses coups de c\u0153ur, tout en tissant un r\u00e9seau d\u2019entraide.\n        <\/li>\n<li>\n            <strong>Slam Po\u00e9sie Paris<\/strong>\u202f: portail mettant en avant les sc\u00e8nes locales, les initiatives associatives et la vie concr\u00e8te des collectifs urbains, tout en favorisant l\u2019expression orale.\n        <\/li>\n<\/ul>\n<p>\n        Ces plateformes repr\u00e9sentent des relais cruciaux pour l\u2019\u00e9volution collective du slam, insufflant une \u00e9nergie nouvelle \u00e0 chaque texte partag\u00e9 et ouvrant, pour notre g\u00e9n\u00e9ration, de v\u00e9ritables laboratoires de la parole.\n    <\/p>\n<h2>Ressources pour ateliers, formations et accompagnement artistique<\/h2>\n<p>\n        Plusieurs sites investissent le champ de la <strong>formation<\/strong> et de l\u2019<strong>accompagnement artistique<\/strong>, proposant des <u>ateliers d\u2019\u00e9criture<\/u>, des stages, ou un suivi individualis\u00e9 pour perfectionner sa pratique. Le slameur <strong>\u00c9l\u00e9mo<\/strong> illustre cette dynamique\u202f: ses ateliers, aussi bien en pr\u00e9sentiel qu\u2019en ligne, touchent un public international (Qu\u00e9bec, France, Allemagne, Autriche), et s\u2019adressent \u00e0 la fois aux novices et aux artistes confirm\u00e9s en qu\u00eate de nouveaux outils pour affiner leur parole.\n    <\/p>\n<ul>\n<li>\n            <strong>Marcolivierslam.com<\/strong>\u202f: propose un accompagnement sur mesure, des masterclass, des spectacles sur demande et des parcours personnalis\u00e9s, avec un focus sur l\u2019interpr\u00e9tation, la diction et la sc\u00e9nique.\n        <\/li>\n<li>\n            <strong>Le Cercle Slam<\/strong>\u202f: plateforme qui met en lien les formateurs sp\u00e9cialis\u00e9s et les structures \u00e9ducatives, en vue d\u2019interventions, d\u2019ateliers et de r\u00e9sidences artistiques.\n        <\/li>\n<li>\n            <strong>La F\u00e9d\u00e9ration Fran\u00e7aise de Slam Po\u00e9sie (FFSP)<\/strong>\u202f: recense les animateurs de r\u00e9f\u00e9rence, publie les offres de stage, et propose des ressources p\u00e9dagogiques pour accompagner le d\u00e9veloppement professionnel des slameurs.\n        <\/li>\n<\/ul>\n<p>\n        Nous recommandons \u00e0 ceux qui souhaitent approfondir leur d\u00e9marche de privil\u00e9gier ces ressources de qualit\u00e9, o\u00f9 l\u2019exp\u00e9rience collective nourrit une v\u00e9ritable progression individuelle.\n    <\/p>\n<h2>Archives et m\u00e9diath\u00e8ques num\u00e9riques sur la po\u00e9sie contestataire<\/h2>\n<p>\n        Les <strong>archives sp\u00e9cialis\u00e9es<\/strong> et <strong>m\u00e9diath\u00e8ques num\u00e9riques<\/strong> jouent un r\u00f4le d\u00e9terminant pour conserver la m\u00e9moire de la po\u00e9sie urbaine et comprendre ses mutations. Plusieurs sites proposent des fonds uniques, o\u00f9 l\u2019on retrouve\u00a0: <\/p>\n<ul>\n<li>\n                <strong>Anthologies papier et num\u00e9riques<\/strong>, notamment l\u2019ouvrage \u00ab SLAM, PO\u00c9SIE URBAINE \u00bb de Jean Faucheur, qui retrace les origines du mouvement \u2013 arriv\u00e9 en France dans les ann\u00e9es 1990 \u2013 et documente ses influences.\n            <\/li>\n<li>\n                <strong>CD, podcasts, documentaires<\/strong> sur les pionniers du genre et les \u00e9volutions stylistiques de la sc\u00e8ne francophone.\n            <\/li>\n<li>\n                <strong>Fonctions de recherche<\/strong> avanc\u00e9e pour naviguer dans les archives selon la th\u00e9matique, l\u2019auteur ou la p\u00e9riode.\n            <\/li>\n<\/ul>\n<p>        <u>La documentation historique et artistique<\/u> accessible en ligne jette un pont entre la cr\u00e9ation actuelle et l\u2019activisme des g\u00e9n\u00e9rations ant\u00e9rieures, offrant \u00e0 chaque lecteur une perspective renouvel\u00e9e sur le r\u00f4le du slam dans la soci\u00e9t\u00e9.\n    <\/p>\n<p>\n        Parmi les plateformes majeures, notons\u202f:<\/p>\n<ul>\n<li>\n                <strong>La FNAC<\/strong> et <strong>Amazon<\/strong>\u202f: distribution de supports physiques et num\u00e9riques d\u00e9di\u00e9s \u00e0 la po\u00e9sie urbaine, dont des collections exclusives et des \u00e9ditions limit\u00e9es.\n            <\/li>\n<li>\n                <strong>Strophe.fr<\/strong>\u202f: rubrique d\u00e9di\u00e9e aux archives et \u00e0 la revue de presse, permettant d\u2019acc\u00e9der aux travaux de recherche et aux interviews d\u2019acteurs majeurs du mouvement.\n            <\/li>\n<\/ul>\n<p>        S\u2019immerger dans ces ressources permet de d\u00e9crypter les m\u00e9canismes de diffusion de la parole contestataire, et d\u2019en saisir toute la richesse lexicale et politique.\n    <\/p>\n<h2>Vitrines artistiques et promotion des sc\u00e8nes locales<\/h2>\n<p>\n        Plusieurs acteurs se sont impos\u00e9s comme des <strong>vitrines incontournables<\/strong>, mettant en avant des artistes \u00e9mergents, des portraits approfondis et des focus sur les <u>dynamiques locales<\/u> du slam. Ces plateformes se distinguent par leur capacit\u00e9 \u00e0 faire le lien entre la sc\u00e8ne fran\u00e7aise et les r\u00e9seaux internationaux, tout en relayant les initiatives associatives et les projets collaboratifs.\n    <\/p>\n<ul>\n<li>\n            <strong>Strophe.fr<\/strong>\u202f: en plus de ses articles, le site propose des vid\u00e9os immersives de sc\u00e8nes ouvertes, des interviews d\u2019artistes et des comptes rendus de festivals majeurs comme le Grand Poetry Slam.\n        <\/li>\n<li>\n            <strong>Le Printemps des Po\u00e8tes<\/strong>\u202f: met \u00e0 disposition une s\u00e9lection de performances vid\u00e9o, valorisant le croisement des genres (slam, rap, po\u00e9sie classique) et la vitalit\u00e9 des collectifs.\n        <\/li>\n<li>\n            <strong>Slam Tribu<\/strong>\u202f: plateforme collaborative qui offre aux slameurs r\u00e9gionaux une visibilit\u00e9 accrue, \u00e0 travers des podcasts, des entretiens et un panorama des collectifs actifs.\n        <\/li>\n<\/ul>\n<p>\n        Cette dynamique de promotion b\u00e9n\u00e9ficie autant aux artistes confirm\u00e9s qu\u2019aux nouveaux venus, cr\u00e9ant un cercle vertueux o\u00f9 la diversit\u00e9 des approches et des styles enrichit durablement la sc\u00e8ne.\n    <\/p>\n<h2>Tableau comparatif des plateformes phares du slam et de la po\u00e9sie urbaine<\/h2>\n<table border=\"1\" cellpadding=\"6\" cellspacing=\"0\">\n<thead>\n<tr>\n<th>Plateforme<\/th>\n<th>Fonction principale<\/th>\n<th>Public cible<\/th>\n<th>Exemples de contenus<\/th>\n<\/tr>\n<\/thead>\n<tbody>\n<tr>\n<td><strong>Strophe.fr<\/strong><\/td>\n<td><u>Magazine, agenda, revue de presse<\/u><\/td>\n<td>Slameurs, po\u00e8tes urbains, amateurs<\/td>\n<td>Interviews, critiques, agenda, vid\u00e9os, podcasts<\/td>\n<\/tr>\n<tr>\n<td><strong>Marcolivierslam.com<\/strong><\/td>\n<td><u>Ateliers, accompagnement, formation<\/u><\/td>\n<td>D\u00e9butants, \u00e9tablissements scolaires, artistes<\/td>\n<td>Masterclass, coaching, conseils d\u2019\u00e9criture et d\u2019oralit\u00e9<\/td>\n<\/tr>\n<tr>\n<td><strong>Po\u00e8tes &#038; Slameurs<\/strong><\/td>\n<td><u>Communaut\u00e9, \u00e9changes, publication<\/u><\/td>\n<td>Communaut\u00e9 active, cr\u00e9ateurs, passionn\u00e9s<\/td>\n<td>Textes partag\u00e9s, discussions, retour critique<\/td>\n<\/tr>\n<tr>\n<td><strong>La FNAC \/ Amazon<\/strong><\/td>\n<td><u>Distribution d\u2019archives, anthologies<\/u><\/td>\n<td>Lecteurs, historiens, enseignants<\/td>\n<td>Livres, CD, recueils, m\u00e9diath\u00e8que num\u00e9rique<\/td>\n<\/tr>\n<tr>\n<td><strong>Slam Tribu<\/strong><\/td>\n<td><u>Promotion locale, focus artiste<\/u><\/td>\n<td>Collectifs r\u00e9gionaux, nouveaux talents<\/td>\n<td>Portraits, podcasts, agenda localis\u00e9<\/td>\n<\/tr>\n<\/tbody>\n<\/table>\n<h2>Conclusion\u202f: l\u2019\u00e9cosyst\u00e8me num\u00e9rique du slam, moteur de cr\u00e9ativit\u00e9 collective<\/h2>\n<p>\n        L\u2019essor des plateformes d\u00e9di\u00e9es au <strong>slam<\/strong> et \u00e0 la <strong>po\u00e9sie urbaine<\/strong> r\u00e9v\u00e8le une diversit\u00e9 de pratiques et d\u2019approches, o\u00f9 chaque acteur joue un r\u00f4le cl\u00e9\u202f: <\/p>\n<ul>\n<li>\n                Les <strong>sc\u00e8nes virtuelles<\/strong> facilitent l\u2019acc\u00e8s au direct, injectant une vitalit\u00e9 nouvelle \u00e0 la discipline.\n            <\/li>\n<li>\n                Les <strong>communaut\u00e9s num\u00e9riques<\/strong> favorisent l\u2019\u00e9mergence de voix singuli\u00e8res et l\u2019\u00e9change cr\u00e9atif.\n            <\/li>\n<li>\n                Les <strong>ressources de formation<\/strong> accompagnent le d\u00e9veloppement d\u2019un art \u00e0 la fois exigeant et inclusif.\n            <\/li>\n<li>\n                Les <strong>archives num\u00e9riques<\/strong> assurent la transmission de la m\u00e9moire po\u00e9tique urbaine.\n            <\/li>\n<li>\n                Les <strong>vitrines artistiques<\/strong> valorisent l\u2019ancrage dans les territoires et le dialogue avec la sc\u00e8ne internationale.\n            <\/li>\n<\/ul>\n<p>        Nous constatons que la force du mouvement repose sur <u>la compl\u00e9mentarit\u00e9 de ces outils<\/u>. Se saisir de ces opportunit\u00e9s, c\u2019est contribuer \u00e0 \u00e9crire la po\u00e9sie urbaine d\u2019aujourd\u2019hui et de demain, car chaque plateforme enrichit le paysage d\u2019une couleur singuli\u00e8re. Vos textes, vos voix, vos prises de parole y trouvent naturellement leur place, \u00e0 l\u2019\u00e9coute d\u2019un mouvement dont la vitalit\u00e9 ne cesse de grandir.\n    <\/p>\n","protected":false},"excerpt":{"rendered":"","protected":false},"author":34,"featured_media":7623,"comment_status":"open","ping_status":"open","sticky":false,"template":"","format":"standard","meta":{"_acf_changed":false,"manual_indexmenow":false,"indexmenow_id_project":0,"footnotes":""},"categories":[1],"tags":[4670,4669,4598],"class_list":["post-7511","post","type-post","status-publish","format-standard","has-post-thumbnail","hentry","category-a-la-une","tag-culture-urbaine","tag-plateforme-artistique","tag-slam-poesie","generate-columns","tablet-grid-50","mobile-grid-100","grid-parent","grid-25"],"acf":[],"yoast_head":"<!-- This site is optimized with the Yoast SEO Premium plugin v21.3 (Yoast SEO v26.5) - https:\/\/yoast.com\/wordpress\/plugins\/seo\/ -->\n<title>Top 5 des plateformes de slam et de po\u00e9sie urbaine<\/title>\n<meta name=\"description\" content=\"Gr\u00e2ce \u00e0 l\u2019essor des sc\u00e8nes en ligne et des agendas sp\u00e9cialis\u00e9s, la cartographie du slam se dessine \u00e0 l\u2019\u00e9chelle nationale.\" \/>\n<meta name=\"robots\" content=\"index, follow, max-snippet:-1, max-image-preview:large, max-video-preview:-1\" \/>\n<link rel=\"canonical\" href=\"https:\/\/slams.fr\/blog\/a-la-une\/top-5-des-plateformes-incontournables-pour-le-slam-et-la-poesie-urbaine-2\/\" \/>\n<meta property=\"og:locale\" content=\"fr_FR\" \/>\n<meta property=\"og:type\" content=\"article\" \/>\n<meta property=\"og:title\" content=\"Top 5 des plateformes de slam et de po\u00e9sie urbaine\" \/>\n<meta property=\"og:description\" content=\"Gr\u00e2ce \u00e0 l\u2019essor des sc\u00e8nes en ligne et des agendas sp\u00e9cialis\u00e9s, la cartographie du slam se dessine \u00e0 l\u2019\u00e9chelle nationale.\" \/>\n<meta property=\"og:url\" content=\"https:\/\/slams.fr\/blog\/a-la-une\/top-5-des-plateformes-incontournables-pour-le-slam-et-la-poesie-urbaine-2\/\" \/>\n<meta property=\"og:site_name\" content=\"slams\" \/>\n<meta property=\"og:image\" content=\"https:\/\/slams.fr\/blog\/wp-content\/uploads\/2025\/07\/sdxl-a9b1e02522ba8bd6b9391be4e8131cff-scaled.png\" \/>\n\t<meta property=\"og:image:width\" content=\"1200\" \/>\n\t<meta property=\"og:image:height\" content=\"500\" \/>\n\t<meta property=\"og:image:type\" content=\"image\/png\" \/>\n<meta name=\"author\" content=\"Rapha\u00ebl D.\" \/>\n<meta name=\"twitter:card\" content=\"summary_large_image\" \/>\n<script type=\"application\/ld+json\" class=\"yoast-schema-graph\">{\"@context\":\"https:\/\/schema.org\",\"@graph\":[{\"@type\":\"NewsArticle\",\"@id\":\"https:\/\/slams.fr\/blog\/a-la-une\/top-5-des-plateformes-incontournables-pour-le-slam-et-la-poesie-urbaine-2\/#article\",\"isPartOf\":{\"@id\":\"https:\/\/slams.fr\/blog\/a-la-une\/top-5-des-plateformes-incontournables-pour-le-slam-et-la-poesie-urbaine-2\/\"},\"author\":{\"name\":\"Rapha\u00ebl D.\",\"@id\":\"https:\/\/slams.fr\/blog\/#\/schema\/person\/3c864cdc320801e3db34b663e7e3f816\"},\"headline\":\"Top 5 des plateformes incontournables pour le slam et la po\u00e9sie urbaine\",\"datePublished\":\"2025-06-14T20:31:52+00:00\",\"mainEntityOfPage\":{\"@id\":\"https:\/\/slams.fr\/blog\/a-la-une\/top-5-des-plateformes-incontournables-pour-le-slam-et-la-poesie-urbaine-2\/\"},\"wordCount\":1435,\"commentCount\":0,\"publisher\":{\"@id\":\"https:\/\/slams.fr\/blog\/#organization\"},\"image\":{\"@id\":\"https:\/\/slams.fr\/blog\/a-la-une\/top-5-des-plateformes-incontournables-pour-le-slam-et-la-poesie-urbaine-2\/#primaryimage\"},\"thumbnailUrl\":\"https:\/\/slams.fr\/blog\/wp-content\/uploads\/2025\/07\/sdxl-a9b1e02522ba8bd6b9391be4e8131cff-scaled.png\",\"keywords\":[\"culture urbaine\",\"plateforme artistique\",\"slam poesie\"],\"articleSection\":[\"\u00c0 la une\"],\"inLanguage\":\"fr-FR\",\"potentialAction\":[{\"@type\":\"CommentAction\",\"name\":\"Comment\",\"target\":[\"https:\/\/slams.fr\/blog\/a-la-une\/top-5-des-plateformes-incontournables-pour-le-slam-et-la-poesie-urbaine-2\/#respond\"]}]},{\"@type\":\"WebPage\",\"@id\":\"https:\/\/slams.fr\/blog\/a-la-une\/top-5-des-plateformes-incontournables-pour-le-slam-et-la-poesie-urbaine-2\/\",\"url\":\"https:\/\/slams.fr\/blog\/a-la-une\/top-5-des-plateformes-incontournables-pour-le-slam-et-la-poesie-urbaine-2\/\",\"name\":\"Top 5 des plateformes de slam et de po\u00e9sie urbaine\",\"isPartOf\":{\"@id\":\"https:\/\/slams.fr\/blog\/#website\"},\"primaryImageOfPage\":{\"@id\":\"https:\/\/slams.fr\/blog\/a-la-une\/top-5-des-plateformes-incontournables-pour-le-slam-et-la-poesie-urbaine-2\/#primaryimage\"},\"image\":{\"@id\":\"https:\/\/slams.fr\/blog\/a-la-une\/top-5-des-plateformes-incontournables-pour-le-slam-et-la-poesie-urbaine-2\/#primaryimage\"},\"thumbnailUrl\":\"https:\/\/slams.fr\/blog\/wp-content\/uploads\/2025\/07\/sdxl-a9b1e02522ba8bd6b9391be4e8131cff-scaled.png\",\"datePublished\":\"2025-06-14T20:31:52+00:00\",\"description\":\"Gr\u00e2ce \u00e0 l\u2019essor des sc\u00e8nes en ligne et des agendas sp\u00e9cialis\u00e9s, la cartographie du slam se dessine \u00e0 l\u2019\u00e9chelle nationale.\",\"inLanguage\":\"fr-FR\",\"potentialAction\":[{\"@type\":\"ReadAction\",\"target\":[\"https:\/\/slams.fr\/blog\/a-la-une\/top-5-des-plateformes-incontournables-pour-le-slam-et-la-poesie-urbaine-2\/\"]}]},{\"@type\":\"ImageObject\",\"inLanguage\":\"fr-FR\",\"@id\":\"https:\/\/slams.fr\/blog\/a-la-une\/top-5-des-plateformes-incontournables-pour-le-slam-et-la-poesie-urbaine-2\/#primaryimage\",\"url\":\"https:\/\/slams.fr\/blog\/wp-content\/uploads\/2025\/07\/sdxl-a9b1e02522ba8bd6b9391be4e8131cff-scaled.png\",\"contentUrl\":\"https:\/\/slams.fr\/blog\/wp-content\/uploads\/2025\/07\/sdxl-a9b1e02522ba8bd6b9391be4e8131cff-scaled.png\",\"width\":1200,\"height\":500},{\"@type\":\"WebSite\",\"@id\":\"https:\/\/slams.fr\/blog\/#website\",\"url\":\"https:\/\/slams.fr\/blog\/\",\"name\":\"slams.fr\",\"description\":\"Slams, l&#039;\u00e9nergie des mots en action\",\"publisher\":{\"@id\":\"https:\/\/slams.fr\/blog\/#organization\"},\"alternateName\":\"Slams, l'\u00e9nergie des mots en action\",\"potentialAction\":[{\"@type\":\"SearchAction\",\"target\":{\"@type\":\"EntryPoint\",\"urlTemplate\":\"https:\/\/slams.fr\/blog\/?s={search_term_string}\"},\"query-input\":{\"@type\":\"PropertyValueSpecification\",\"valueRequired\":true,\"valueName\":\"search_term_string\"}}],\"inLanguage\":\"fr-FR\"},{\"@type\":\"Organization\",\"@id\":\"https:\/\/slams.fr\/blog\/#organization\",\"name\":\"Foretsensations.fr\",\"url\":\"https:\/\/slams.fr\/blog\/\",\"logo\":{\"@type\":\"ImageObject\",\"inLanguage\":\"fr-FR\",\"@id\":\"https:\/\/slams.fr\/blog\/#\/schema\/logo\/image\/\",\"url\":\"https:\/\/slams.fr\/blog\/wp-content\/uploads\/2026\/07\/logo-auto-1.png\",\"contentUrl\":\"https:\/\/slams.fr\/blog\/wp-content\/uploads\/2026\/07\/logo-auto-1.png\",\"width\":1024,\"height\":1024,\"caption\":\"Foretsensations.fr\"},\"image\":{\"@id\":\"https:\/\/slams.fr\/blog\/#\/schema\/logo\/image\/\"}},{\"@type\":\"Person\",\"@id\":\"https:\/\/slams.fr\/blog\/#\/schema\/person\/3c864cdc320801e3db34b663e7e3f816\",\"name\":\"Rapha\u00ebl D.\",\"image\":{\"@type\":\"ImageObject\",\"inLanguage\":\"fr-FR\",\"@id\":\"https:\/\/slams.fr\/blog\/#\/schema\/person\/image\/\",\"url\":\"https:\/\/slams.fr\/blog\/wp-content\/uploads\/2026\/06\/persona_raphael-d-96x96.jpg\",\"contentUrl\":\"https:\/\/slams.fr\/blog\/wp-content\/uploads\/2026\/06\/persona_raphael-d-96x96.jpg\",\"caption\":\"Rapha\u00ebl D.\"},\"description\":\"La culture est mon terrain de jeu depuis une dizaine d'ann\u00e9es : arts visuels, s\u00e9ries, cr\u00e9ation et tout ce qui nourrit l'imaginaire. J'\u00e9cris aussi bien sur l'actualit\u00e9 des \u0153uvres que sur les coulisses de la cr\u00e9ation, avec l'envie de relier l'amateur curieux \u00e0 des univers parfois jug\u00e9s intimidants. J'aime analyser une s\u00e9rie ou une d\u00e9marche artistique sans p\u00e9dantisme, replacer une \u0153uvre dans son contexte et donner des cl\u00e9s de lecture accessibles. Avant de publier, je v\u00e9rifie mes r\u00e9f\u00e9rences, je recoupe les sources et je distingue clairement le fait de mon interpr\u00e9tation subjective. Je crois qu'une critique vaut surtout par les arguments qu'elle expose, pas par la sentence qu'elle rend. Mon angle : transmettre l'envie de d\u00e9couvrir, de regarder autrement et de se forger son propre go\u00fbt. La culture n'appartient pas qu'aux initi\u00e9s, et c'est tout l'enjeu de mon \u00e9criture.\",\"url\":\"https:\/\/slams.fr\/blog\/auteur\/raphael-d\/\",\"jobTitle\":\"R\u00e9dacteur en chef \u00b7 Culture & Cr\u00e9ation\",\"knowsAbout\":[\"Culture\",\"Cr\u00e9ation\"],\"email\":\"raphael.d@a-l-asso-de-l-art.fr\"}]}<\/script>\n<!-- \/ Yoast SEO Premium plugin. -->","yoast_head_json":{"title":"Top 5 des plateformes de slam et de po\u00e9sie urbaine","description":"Gr\u00e2ce \u00e0 l\u2019essor des sc\u00e8nes en ligne et des agendas sp\u00e9cialis\u00e9s, la cartographie du slam se dessine \u00e0 l\u2019\u00e9chelle nationale.","robots":{"index":"index","follow":"follow","max-snippet":"max-snippet:-1","max-image-preview":"max-image-preview:large","max-video-preview":"max-video-preview:-1"},"canonical":"https:\/\/slams.fr\/blog\/a-la-une\/top-5-des-plateformes-incontournables-pour-le-slam-et-la-poesie-urbaine-2\/","og_locale":"fr_FR","og_type":"article","og_title":"Top 5 des plateformes de slam et de po\u00e9sie urbaine","og_description":"Gr\u00e2ce \u00e0 l\u2019essor des sc\u00e8nes en ligne et des agendas sp\u00e9cialis\u00e9s, la cartographie du slam se dessine \u00e0 l\u2019\u00e9chelle nationale.","og_url":"https:\/\/slams.fr\/blog\/a-la-une\/top-5-des-plateformes-incontournables-pour-le-slam-et-la-poesie-urbaine-2\/","og_site_name":"slams","og_image":[{"width":1200,"height":500,"url":"https:\/\/slams.fr\/blog\/wp-content\/uploads\/2025\/07\/sdxl-a9b1e02522ba8bd6b9391be4e8131cff-scaled.png","type":"image\/png"}],"author":"Rapha\u00ebl D.","twitter_card":"summary_large_image","schema":{"@context":"https:\/\/schema.org","@graph":[{"@type":"NewsArticle","@id":"https:\/\/slams.fr\/blog\/a-la-une\/top-5-des-plateformes-incontournables-pour-le-slam-et-la-poesie-urbaine-2\/#article","isPartOf":{"@id":"https:\/\/slams.fr\/blog\/a-la-une\/top-5-des-plateformes-incontournables-pour-le-slam-et-la-poesie-urbaine-2\/"},"author":{"name":"Rapha\u00ebl D.","@id":"https:\/\/slams.fr\/blog\/#\/schema\/person\/3c864cdc320801e3db34b663e7e3f816"},"headline":"Top 5 des plateformes incontournables pour le slam et la po\u00e9sie urbaine","datePublished":"2025-06-14T20:31:52+00:00","mainEntityOfPage":{"@id":"https:\/\/slams.fr\/blog\/a-la-une\/top-5-des-plateformes-incontournables-pour-le-slam-et-la-poesie-urbaine-2\/"},"wordCount":1435,"commentCount":0,"publisher":{"@id":"https:\/\/slams.fr\/blog\/#organization"},"image":{"@id":"https:\/\/slams.fr\/blog\/a-la-une\/top-5-des-plateformes-incontournables-pour-le-slam-et-la-poesie-urbaine-2\/#primaryimage"},"thumbnailUrl":"https:\/\/slams.fr\/blog\/wp-content\/uploads\/2025\/07\/sdxl-a9b1e02522ba8bd6b9391be4e8131cff-scaled.png","keywords":["culture urbaine","plateforme artistique","slam poesie"],"articleSection":["\u00c0 la une"],"inLanguage":"fr-FR","potentialAction":[{"@type":"CommentAction","name":"Comment","target":["https:\/\/slams.fr\/blog\/a-la-une\/top-5-des-plateformes-incontournables-pour-le-slam-et-la-poesie-urbaine-2\/#respond"]}]},{"@type":"WebPage","@id":"https:\/\/slams.fr\/blog\/a-la-une\/top-5-des-plateformes-incontournables-pour-le-slam-et-la-poesie-urbaine-2\/","url":"https:\/\/slams.fr\/blog\/a-la-une\/top-5-des-plateformes-incontournables-pour-le-slam-et-la-poesie-urbaine-2\/","name":"Top 5 des plateformes de slam et de po\u00e9sie urbaine","isPartOf":{"@id":"https:\/\/slams.fr\/blog\/#website"},"primaryImageOfPage":{"@id":"https:\/\/slams.fr\/blog\/a-la-une\/top-5-des-plateformes-incontournables-pour-le-slam-et-la-poesie-urbaine-2\/#primaryimage"},"image":{"@id":"https:\/\/slams.fr\/blog\/a-la-une\/top-5-des-plateformes-incontournables-pour-le-slam-et-la-poesie-urbaine-2\/#primaryimage"},"thumbnailUrl":"https:\/\/slams.fr\/blog\/wp-content\/uploads\/2025\/07\/sdxl-a9b1e02522ba8bd6b9391be4e8131cff-scaled.png","datePublished":"2025-06-14T20:31:52+00:00","description":"Gr\u00e2ce \u00e0 l\u2019essor des sc\u00e8nes en ligne et des agendas sp\u00e9cialis\u00e9s, la cartographie du slam se dessine \u00e0 l\u2019\u00e9chelle nationale.","inLanguage":"fr-FR","potentialAction":[{"@type":"ReadAction","target":["https:\/\/slams.fr\/blog\/a-la-une\/top-5-des-plateformes-incontournables-pour-le-slam-et-la-poesie-urbaine-2\/"]}]},{"@type":"ImageObject","inLanguage":"fr-FR","@id":"https:\/\/slams.fr\/blog\/a-la-une\/top-5-des-plateformes-incontournables-pour-le-slam-et-la-poesie-urbaine-2\/#primaryimage","url":"https:\/\/slams.fr\/blog\/wp-content\/uploads\/2025\/07\/sdxl-a9b1e02522ba8bd6b9391be4e8131cff-scaled.png","contentUrl":"https:\/\/slams.fr\/blog\/wp-content\/uploads\/2025\/07\/sdxl-a9b1e02522ba8bd6b9391be4e8131cff-scaled.png","width":1200,"height":500},{"@type":"WebSite","@id":"https:\/\/slams.fr\/blog\/#website","url":"https:\/\/slams.fr\/blog\/","name":"slams.fr","description":"Slams, l&#039;\u00e9nergie des mots en action","publisher":{"@id":"https:\/\/slams.fr\/blog\/#organization"},"alternateName":"Slams, l'\u00e9nergie des mots en action","potentialAction":[{"@type":"SearchAction","target":{"@type":"EntryPoint","urlTemplate":"https:\/\/slams.fr\/blog\/?s={search_term_string}"},"query-input":{"@type":"PropertyValueSpecification","valueRequired":true,"valueName":"search_term_string"}}],"inLanguage":"fr-FR"},{"@type":"Organization","@id":"https:\/\/slams.fr\/blog\/#organization","name":"Foretsensations.fr","url":"https:\/\/slams.fr\/blog\/","logo":{"@type":"ImageObject","inLanguage":"fr-FR","@id":"https:\/\/slams.fr\/blog\/#\/schema\/logo\/image\/","url":"https:\/\/slams.fr\/blog\/wp-content\/uploads\/2026\/07\/logo-auto-1.png","contentUrl":"https:\/\/slams.fr\/blog\/wp-content\/uploads\/2026\/07\/logo-auto-1.png","width":1024,"height":1024,"caption":"Foretsensations.fr"},"image":{"@id":"https:\/\/slams.fr\/blog\/#\/schema\/logo\/image\/"}},{"@type":"Person","@id":"https:\/\/slams.fr\/blog\/#\/schema\/person\/3c864cdc320801e3db34b663e7e3f816","name":"Rapha\u00ebl D.","image":{"@type":"ImageObject","inLanguage":"fr-FR","@id":"https:\/\/slams.fr\/blog\/#\/schema\/person\/image\/","url":"https:\/\/slams.fr\/blog\/wp-content\/uploads\/2026\/06\/persona_raphael-d-96x96.jpg","contentUrl":"https:\/\/slams.fr\/blog\/wp-content\/uploads\/2026\/06\/persona_raphael-d-96x96.jpg","caption":"Rapha\u00ebl D."},"description":"La culture est mon terrain de jeu depuis une dizaine d'ann\u00e9es : arts visuels, s\u00e9ries, cr\u00e9ation et tout ce qui nourrit l'imaginaire. J'\u00e9cris aussi bien sur l'actualit\u00e9 des \u0153uvres que sur les coulisses de la cr\u00e9ation, avec l'envie de relier l'amateur curieux \u00e0 des univers parfois jug\u00e9s intimidants. J'aime analyser une s\u00e9rie ou une d\u00e9marche artistique sans p\u00e9dantisme, replacer une \u0153uvre dans son contexte et donner des cl\u00e9s de lecture accessibles. Avant de publier, je v\u00e9rifie mes r\u00e9f\u00e9rences, je recoupe les sources et je distingue clairement le fait de mon interpr\u00e9tation subjective. Je crois qu'une critique vaut surtout par les arguments qu'elle expose, pas par la sentence qu'elle rend. Mon angle : transmettre l'envie de d\u00e9couvrir, de regarder autrement et de se forger son propre go\u00fbt. La culture n'appartient pas qu'aux initi\u00e9s, et c'est tout l'enjeu de mon \u00e9criture.","url":"https:\/\/slams.fr\/blog\/auteur\/raphael-d\/","jobTitle":"R\u00e9dacteur en chef \u00b7 Culture & Cr\u00e9ation","knowsAbout":["Culture","Cr\u00e9ation"],"email":"raphael.d@a-l-asso-de-l-art.fr"}]}},"_links":{"self":[{"href":"https:\/\/slams.fr\/blog\/wp-json\/wp\/v2\/posts\/7511","targetHints":{"allow":["GET"]}}],"collection":[{"href":"https:\/\/slams.fr\/blog\/wp-json\/wp\/v2\/posts"}],"about":[{"href":"https:\/\/slams.fr\/blog\/wp-json\/wp\/v2\/types\/post"}],"author":[{"embeddable":true,"href":"https:\/\/slams.fr\/blog\/wp-json\/wp\/v2\/users\/34"}],"replies":[{"embeddable":true,"href":"https:\/\/slams.fr\/blog\/wp-json\/wp\/v2\/comments?post=7511"}],"version-history":[{"count":0,"href":"https:\/\/slams.fr\/blog\/wp-json\/wp\/v2\/posts\/7511\/revisions"}],"wp:featuredmedia":[{"embeddable":true,"href":"https:\/\/slams.fr\/blog\/wp-json\/wp\/v2\/media\/7623"}],"wp:attachment":[{"href":"https:\/\/slams.fr\/blog\/wp-json\/wp\/v2\/media?parent=7511"}],"wp:term":[{"taxonomy":"category","embeddable":true,"href":"https:\/\/slams.fr\/blog\/wp-json\/wp\/v2\/categories?post=7511"},{"taxonomy":"post_tag","embeddable":true,"href":"https:\/\/slams.fr\/blog\/wp-json\/wp\/v2\/tags?post=7511"}],"curies":[{"name":"wp","href":"https:\/\/api.w.org\/{rel}","templated":true}]}}