{"id":7514,"date":"2025-06-14T22:32:30","date_gmt":"2025-06-14T20:32:30","guid":{"rendered":"https:\/\/slams.fr\/blog\/a-la-une\/panorama-des-collectifs-et-associations-de-slam-locaux-dynamiser-lart-oratoire-dans-chaque-territoire\/"},"modified":"2025-06-14T22:32:30","modified_gmt":"2025-06-14T20:32:30","slug":"panorama-des-collectifs-et-associations-de-slam-locaux-dynamiser-lart-oratoire-dans-chaque-territoire","status":"publish","type":"post","link":"https:\/\/slams.fr\/blog\/a-la-une\/panorama-des-collectifs-et-associations-de-slam-locaux-dynamiser-lart-oratoire-dans-chaque-territoire\/","title":{"rendered":"Panorama des collectifs et associations de slam locaux : dynamiser l\u2019art oratoire dans chaque territoire"},"content":{"rendered":"<h1>Panorama des collectifs et associations de slam locaux : dynamiser l\u2019art oratoire dans chaque territoire<\/h1>\n<h2>Cartographie des r\u00e9seaux structurants et f\u00e9d\u00e9rations nationales<\/h2>\n<p>\nLa <strong>Ligue Slam de France<\/strong> s\u2019impose comme la principale <strong>f\u00e9d\u00e9ration nationale<\/strong> encadrant le d\u00e9veloppement du slam dans l\u2019Hexagone. Fond\u00e9e avec l\u2019ambition de rassembler les \u00e9nergies, elle f\u00e9d\u00e8re une constellation d\u2019acteurs : collectifs, associations, slameurs ind\u00e9pendants et animateurs d\u2019ateliers, constituant un socle solide pour l\u2019organisation du mouvement slam au niveau national. L\u2019action de la Ligue repose sur la <u>mise en r\u00e9seau des initiatives locales<\/u>, la coordination de grands \u00e9v\u00e9nements f\u00e9d\u00e9rateurs, et l\u2019octroi d\u2019une repr\u00e9sentativit\u00e9 nationale \u00e0 tous les acteurs affili\u00e9s.<\/p>\n<ul>\n<li>Les <strong>collectifs adh\u00e9rents<\/strong> b\u00e9n\u00e9ficient d\u2019un acc\u00e8s \u00e0 une <strong>vitrine m\u00e9diatique nationale et internationale<\/strong>, d\u2019un accompagnement en mati\u00e8re de communication et de relais vers des partenaires locaux pour toute prestation ou animation.<\/li>\n<li>\u00catre membre de la Ligue permet de faire conna\u00eetre sa sc\u00e8ne slam, d\u2019obtenir un relai de diffusion des informations, d\u2019int\u00e9grer le centre d\u2019information national et de participer \u00e0 la <strong>Coupe de la Ligue Slam de France<\/strong>, \u00e9v\u00e9nement f\u00e9d\u00e9rateur qui rythme la vie associative.<\/li>\n<li>Les structures et artistes y trouvent une voix \u00e0 l\u2019assembl\u00e9e g\u00e9n\u00e9rale, ainsi que des <strong>tarifs privil\u00e9gi\u00e9s<\/strong> sur les \u00e9v\u00e9nements et prestations propos\u00e9s, ce qui favorise la mutualisation des ressources et le d\u00e9veloppement de projets d\u2019envergure.<\/li>\n<\/ul>\n<p>\nLa Ligue Slam de France a su, au fil des ann\u00e9es, structurer un espace in\u00e9dit d\u2019\u00e9mulation collective, impulsant p\u00e9riodiquement de nouveaux r\u00e9seaux \u00e0 l\u2019\u00e9chelle des r\u00e9gions et favorisant une synergie entre les entit\u00e9s membres. Son mod\u00e8le de fonctionnement, bas\u00e9 sur l\u2019assembl\u00e9e g\u00e9n\u00e9rale, la prise de d\u00e9cision coll\u00e9giale et l\u2019accompagnement des initiatives, concourt \u00e0 la reconnaissance du <strong>slam<\/strong> comme discipline artistique \u00e0 part enti\u00e8re, tant aupr\u00e8s des institutions nationales que du grand public.\n<\/p>\n<h2>Implantation r\u00e9gionale : diversit\u00e9 et sp\u00e9cificit\u00e9s des collectifs locaux<\/h2>\n<p>\nPartout en France, le tissu associatif du slam se caract\u00e9rise par une grande diversit\u00e9 de projets, qui s\u2019illustrent au travers de structures embl\u00e9matiques. \u00c0 Paris, <strong>129 H Productions<\/strong> anime depuis 2002 des ateliers slam innovants, avec une forte implantation dans le 20e arrondissement et une programmation annuelle dense aux <strong>Plateaux Sauvages<\/strong>. Ce collectif s\u2019appuie sur un partenariat actif avec des \u00e9tablissements culturels, scolaires et des associations pour d\u00e9ployer une dynamique de territoire reconnue.\n<\/p>\n<ul>\n<li><strong>Slam Connexion<\/strong>, bas\u00e9e en r\u00e9gion Auvergne-Rh\u00f4ne-Alpes, f\u00e9d\u00e8re plusieurs sc\u00e8nes et ateliers mensuels et participe r\u00e9guli\u00e8rement \u00e0 des grands rendez-vous nationaux, incarnant une forte approche collaborative et interr\u00e9gionale.<\/li>\n<li><strong>La Meute Slam<\/strong> s\u2019illustre en Bourgogne-Franche-Comt\u00e9 par son engagement en faveur de la jeunesse et de la transmission via l\u2019organisation d\u2019ateliers en milieu scolaire et de festivals locaux.<\/li>\n<li><strong>Uppercut Prod<\/strong> porte quant \u00e0 elle la voix du slam dans les Hauts-de-France avec des formats originaux de sc\u00e8nes ouvertes et des r\u00e9sidences artistiques en partenariat avec les acteurs culturels locaux.<\/li>\n<li><strong>Les Ateliers Slam.com<\/strong> \u0153uvrent dans l\u2019arc m\u00e9diterran\u00e9en, associant compagnies th\u00e9\u00e2trales, \u00e9coles et collectivit\u00e9s dans un dialogue constant autour de la parole et du partage cr\u00e9atif.<\/li>\n<\/ul>\n<p>\nCes collectifs, dont la liste s\u2019\u00e9tend de <strong>La Slameuse<\/strong> en Occitanie \u00e0 <strong>La Tribut du Verbe<\/strong> en Nouvelle-Aquitaine, incarnent la <u>richesse du maillage associatif<\/u> et montrent \u00e0 quel point la dynamique locale structure et renouvelle la sc\u00e8ne slam, chaque structure s\u2019adaptant aux sp\u00e9cificit\u00e9s de son territoire qu\u2019il soit urbain, p\u00e9riurbain ou rural.\n<\/p>\n<h2>Missions et actions au c\u0153ur des territoires<\/h2>\n<p>\nLe r\u00f4le des associations slam va bien au-del\u00e0 de l\u2019organisation d\u2019\u00e9v\u00e9nements. Elles insufflent une dynamique culturelle, sociale et \u00e9ducative \u00e0 travers de multiples axes d\u2019intervention, contribuant \u00e0 une r\u00e9elle <strong>d\u00e9mocratisation de la parole<\/strong>.\n<\/p>\n<ul>\n<li><strong>Sc\u00e8nes ouvertes<\/strong> : piliers du slam associatif, ces rendez-vous r\u00e9guliers offrent \u00e0 chacun l\u2019opportunit\u00e9 de monter sur sc\u00e8ne, d\u2019exprimer sa voix et de d\u00e9couvrir la richesse des univers po\u00e9tiques qui composent la communaut\u00e9.<\/li>\n<li><strong>Ateliers d\u2019\u00e9criture<\/strong> : anim\u00e9s en partenariat avec les \u00e9tablissements scolaires, les centres sociaux ou les biblioth\u00e8ques, ces ateliers visent \u00e0 d\u00e9velopper chez les participants des comp\u00e9tences de prise de parole, d\u2019\u00e9coute et d\u2019expression litt\u00e9raire.<\/li>\n<li><strong>Cr\u00e9ation d\u2019\u00e9v\u00e9nements f\u00e9d\u00e9rateurs<\/strong> : festivals, tournois, rencontres inter-collectifs, ces manifestations renforcent la visibilit\u00e9 du slam, stimulent les \u00e9changes et initient de nouvelles vocations.<\/li>\n<li><strong>Accompagnement des jeunes slameurs<\/strong> : la transmission occupe une place centrale, avec une attention particuli\u00e8re port\u00e9e \u00e0 l\u2019int\u00e9gration des nouveaux venus, l\u2019accompagnement dans l\u2019\u00e9criture, la pr\u00e9paration aux concours et la valorisation des talents \u00e9mergents.<\/li>\n<\/ul>\n<p>\nNous constatons que cette multiplicit\u00e9 d\u2019actions contribue fortement \u00e0 l\u2019enracinement du slam dans les pratiques culturelles locales et \u00e0 la formation d\u2019un public fid\u00e8le, sensibilis\u00e9 \u00e0 la richesse de la parole vivante et \u00e0 l\u2019importance du dialogue interg\u00e9n\u00e9rationnel. Ce mod\u00e8le associatif se r\u00e9v\u00e8le particuli\u00e8rement efficace pour cr\u00e9er des passerelles entre publics vari\u00e9s et garantir l\u2019accessibilit\u00e9 \u00e0 l\u2019art oratoire, quels que soient l\u2019\u00e2ge ou l\u2019origine sociale.\n<\/p>\n<h2>Le r\u00f4le des associations de slam dans l\u2019\u00e9ducation et le lien social<\/h2>\n<p>\nLes enjeux \u00e9ducatifs et sociaux du slam sont aujourd\u2019hui largement reconnus. Nombre de collectifs collaborent \u00e9troitement avec l\u2019\u00c9ducation nationale, les centres sociaux, les institutions culturelles et m\u00e9dico-sociales. En t\u00e9moignent les initiatives men\u00e9es par <strong>129 H Productions<\/strong> ou <strong>Slam Connexion<\/strong> qui, par le biais d\u2019ateliers en coll\u00e8ge, lyc\u00e9e, maison d\u2019arr\u00eat ou centre d\u2019accueil, favorisent l\u2019expression des jeunes, stimulent la confiance en soi et contribuent \u00e0 la lutte contre l\u2019exclusion.\n<\/p>\n<ul>\n<li><strong>Interventions scolaires agr\u00e9\u00e9es<\/strong> : la <strong>Ligue Slam de France<\/strong> et ses membres sont officiellement agr\u00e9\u00e9s pour intervenir dans les \u00e9tablissements scolaires sur tout le territoire, un gage de qualit\u00e9 des contenus \u00e9ducatifs propos\u00e9s.<\/li>\n<li><strong>Actions aupr\u00e8s de publics sp\u00e9cifiques<\/strong> : la pratique du slam est utilis\u00e9e comme levier d\u2019int\u00e9gration aupr\u00e8s des publics en situation de handicap, des personnes en r\u00e9insertion ou des jeunes en rupture scolaire.<\/li>\n<li><strong>Renforcement de la coh\u00e9sion sociale<\/strong> : le format collectif du slam, la valorisation de la parole individuelle au sein d\u2019un groupe, nourrit le sentiment d\u2019appartenance et permet la construction d\u2019une identit\u00e9 partag\u00e9e autour de la cr\u00e9ation artistique.<\/li>\n<\/ul>\n<p>\nNous observons que l\u2019impact du slam sur la <strong>confiance en soi<\/strong>, la <u>prise de parole en public<\/u> et la capacit\u00e9 \u00e0 formuler un message personnel est consid\u00e9rable. Ces exp\u00e9riences favorisent un dialogue interculturel, cr\u00e9ent du lien social et contribuent directement aux politiques culturelles locales, notamment \u00e0 travers des programmes men\u00e9s en lien avec les <strong>collectivit\u00e9s territoriales<\/strong> et les dispositifs d&rsquo;inclusion.\n<\/p>\n<h2>Comment rejoindre ou soutenir une association de slam pr\u00e8s de chez soi<\/h2>\n<p>\nD\u00e9couvrir l\u2019univers du slam et s\u2019y engager concr\u00e8tement n\u00e9cessite quelques d\u00e9marches simples, qui ouvrent la porte \u00e0 une <strong>exp\u00e9rience artistique et humaine<\/strong> enrichissante. Vous pouvez en quelques \u00e9tapes identifier la structure qui r\u00e9pondra le mieux \u00e0 vos attentes et \u00e0 vos envies de contribution.\n<\/p>\n<ul>\n<li><u>Rep\u00e9rer les collectifs locaux<\/u> : consultez le <strong>site de la Ligue Slam de France<\/strong> qui r\u00e9pertorie par r\u00e9gion l\u2019ensemble des associations, sc\u00e8nes ouvertes et ateliers, avec contacts et actualit\u00e9s d\u00e9taill\u00e9es.<\/li>\n<li><u>Participer \u00e0 une sc\u00e8ne ouverte<\/u> : chaque collectif propose r\u00e9guli\u00e8rement une sc\u00e8ne, g\u00e9n\u00e9ralement gratuite ou \u00e0 prix libre, o\u00f9 le public est accueilli sans pr\u00e9requis ; une premi\u00e8re immersion pour saisir la diversit\u00e9 de l\u2019expression slam.<\/li>\n<li><u>Prendre part \u00e0 un atelier<\/u> : les ateliers d\u2019\u00e9criture et d\u2019interpr\u00e9tation, anim\u00e9s par des slameurs exp\u00e9riment\u00e9s, sont accessibles \u00e0 tous niveaux. Certains proposent des cycles r\u00e9guliers, d\u2019autres des sessions ponctuelles, notamment lors de festivals.<\/li>\n<li><u>Proposer ses services comme b\u00e9n\u00e9vole<\/u> : gestion d\u2019\u00e9v\u00e9nements, communication, animation des ateliers, m\u00e9diation, les besoins sont vari\u00e9s, et chaque comp\u00e9tence trouve sa place dans une association de slam.<\/li>\n<li><u>Lancer un collectif en zone non couverte<\/u> : la Ligue Slam de France propose des ressources pour la cr\u00e9ation de nouveaux collectifs (statuts types, accompagnement, conseils), facilitant l\u2019\u00e9mergence de sc\u00e8nes l\u00e0 o\u00f9 elles manquent encore.<\/li>\n<\/ul>\n<p>\nNous encourageons vivement \u00e0 franchir le pas, tant les structures existantes sont accueillantes et structur\u00e9es, offrant \u00e0 la fois un espace d\u2019expression, un r\u00e9seau de solidarit\u00e9 et un acc\u00e8s privil\u00e9gi\u00e9 \u00e0 la sc\u00e8ne artistique locale. Le dynamisme des groupes pr\u00e9sents assure une transmission efficace de la passion du slam et de ses valeurs de partage, d\u2019\u00e9coute et d\u2019invention.<\/p>\n","protected":false},"excerpt":{"rendered":"","protected":false},"author":34,"featured_media":7620,"comment_status":"open","ping_status":"open","sticky":false,"template":"","format":"standard","meta":{"_acf_changed":false,"manual_indexmenow":false,"indexmenow_id_project":0,"footnotes":""},"categories":[1],"tags":[4676,4675,4526],"class_list":["post-7514","post","type-post","status-publish","format-standard","has-post-thumbnail","hentry","category-a-la-une","tag-art-oratoire","tag-associations-locales","tag-slam","generate-columns","tablet-grid-50","mobile-grid-100","grid-parent","grid-25"],"acf":[],"yoast_head":"<!-- This site is optimized with the Yoast SEO Premium plugin v21.3 (Yoast SEO v26.5) - https:\/\/yoast.com\/wordpress\/plugins\/seo\/ -->\n<title>Les collectifs et associations de slam locaux<\/title>\n<meta name=\"description\" content=\"La Ligue Slam de France s\u2019impose comme la principale f\u00e9d\u00e9ration nationale encadrant le d\u00e9veloppement du slam dans l\u2019Hexagone.\" \/>\n<meta name=\"robots\" content=\"index, follow, max-snippet:-1, max-image-preview:large, max-video-preview:-1\" \/>\n<link rel=\"canonical\" href=\"https:\/\/slams.fr\/blog\/a-la-une\/panorama-des-collectifs-et-associations-de-slam-locaux-dynamiser-lart-oratoire-dans-chaque-territoire\/\" \/>\n<meta property=\"og:locale\" content=\"fr_FR\" \/>\n<meta property=\"og:type\" content=\"article\" \/>\n<meta property=\"og:title\" content=\"Les collectifs et associations de slam locaux\" \/>\n<meta property=\"og:description\" content=\"La Ligue Slam de France s\u2019impose comme la principale f\u00e9d\u00e9ration nationale encadrant le d\u00e9veloppement du slam dans l\u2019Hexagone.\" \/>\n<meta property=\"og:url\" content=\"https:\/\/slams.fr\/blog\/a-la-une\/panorama-des-collectifs-et-associations-de-slam-locaux-dynamiser-lart-oratoire-dans-chaque-territoire\/\" \/>\n<meta property=\"og:site_name\" content=\"slams\" \/>\n<meta property=\"og:image\" content=\"https:\/\/slams.fr\/blog\/wp-content\/uploads\/2025\/07\/sdxl-387c82a217833ba43a2881d283d13eb0-scaled.png\" \/>\n\t<meta property=\"og:image:width\" content=\"1200\" \/>\n\t<meta property=\"og:image:height\" content=\"500\" \/>\n\t<meta property=\"og:image:type\" content=\"image\/png\" \/>\n<meta name=\"author\" content=\"Rapha\u00ebl D.\" \/>\n<meta name=\"twitter:card\" content=\"summary_large_image\" \/>\n<script type=\"application\/ld+json\" class=\"yoast-schema-graph\">{\"@context\":\"https:\/\/schema.org\",\"@graph\":[{\"@type\":\"NewsArticle\",\"@id\":\"https:\/\/slams.fr\/blog\/a-la-une\/panorama-des-collectifs-et-associations-de-slam-locaux-dynamiser-lart-oratoire-dans-chaque-territoire\/#article\",\"isPartOf\":{\"@id\":\"https:\/\/slams.fr\/blog\/a-la-une\/panorama-des-collectifs-et-associations-de-slam-locaux-dynamiser-lart-oratoire-dans-chaque-territoire\/\"},\"author\":{\"name\":\"Rapha\u00ebl D.\",\"@id\":\"https:\/\/slams.fr\/blog\/#\/schema\/person\/3c864cdc320801e3db34b663e7e3f816\"},\"headline\":\"Panorama des collectifs et associations de slam locaux : dynamiser l\u2019art oratoire dans chaque territoire\",\"datePublished\":\"2025-06-14T20:32:30+00:00\",\"mainEntityOfPage\":{\"@id\":\"https:\/\/slams.fr\/blog\/a-la-une\/panorama-des-collectifs-et-associations-de-slam-locaux-dynamiser-lart-oratoire-dans-chaque-territoire\/\"},\"wordCount\":1486,\"commentCount\":0,\"publisher\":{\"@id\":\"https:\/\/slams.fr\/blog\/#organization\"},\"image\":{\"@id\":\"https:\/\/slams.fr\/blog\/a-la-une\/panorama-des-collectifs-et-associations-de-slam-locaux-dynamiser-lart-oratoire-dans-chaque-territoire\/#primaryimage\"},\"thumbnailUrl\":\"https:\/\/slams.fr\/blog\/wp-content\/uploads\/2025\/07\/sdxl-387c82a217833ba43a2881d283d13eb0-scaled.png\",\"keywords\":[\"art oratoire\",\"associations locales\",\"Slam\"],\"articleSection\":[\"\u00c0 la une\"],\"inLanguage\":\"fr-FR\",\"potentialAction\":[{\"@type\":\"CommentAction\",\"name\":\"Comment\",\"target\":[\"https:\/\/slams.fr\/blog\/a-la-une\/panorama-des-collectifs-et-associations-de-slam-locaux-dynamiser-lart-oratoire-dans-chaque-territoire\/#respond\"]}]},{\"@type\":\"WebPage\",\"@id\":\"https:\/\/slams.fr\/blog\/a-la-une\/panorama-des-collectifs-et-associations-de-slam-locaux-dynamiser-lart-oratoire-dans-chaque-territoire\/\",\"url\":\"https:\/\/slams.fr\/blog\/a-la-une\/panorama-des-collectifs-et-associations-de-slam-locaux-dynamiser-lart-oratoire-dans-chaque-territoire\/\",\"name\":\"Les collectifs et associations de slam locaux\",\"isPartOf\":{\"@id\":\"https:\/\/slams.fr\/blog\/#website\"},\"primaryImageOfPage\":{\"@id\":\"https:\/\/slams.fr\/blog\/a-la-une\/panorama-des-collectifs-et-associations-de-slam-locaux-dynamiser-lart-oratoire-dans-chaque-territoire\/#primaryimage\"},\"image\":{\"@id\":\"https:\/\/slams.fr\/blog\/a-la-une\/panorama-des-collectifs-et-associations-de-slam-locaux-dynamiser-lart-oratoire-dans-chaque-territoire\/#primaryimage\"},\"thumbnailUrl\":\"https:\/\/slams.fr\/blog\/wp-content\/uploads\/2025\/07\/sdxl-387c82a217833ba43a2881d283d13eb0-scaled.png\",\"datePublished\":\"2025-06-14T20:32:30+00:00\",\"description\":\"La Ligue Slam de France s\u2019impose comme la principale f\u00e9d\u00e9ration nationale encadrant le d\u00e9veloppement du slam dans l\u2019Hexagone.\",\"inLanguage\":\"fr-FR\",\"potentialAction\":[{\"@type\":\"ReadAction\",\"target\":[\"https:\/\/slams.fr\/blog\/a-la-une\/panorama-des-collectifs-et-associations-de-slam-locaux-dynamiser-lart-oratoire-dans-chaque-territoire\/\"]}]},{\"@type\":\"ImageObject\",\"inLanguage\":\"fr-FR\",\"@id\":\"https:\/\/slams.fr\/blog\/a-la-une\/panorama-des-collectifs-et-associations-de-slam-locaux-dynamiser-lart-oratoire-dans-chaque-territoire\/#primaryimage\",\"url\":\"https:\/\/slams.fr\/blog\/wp-content\/uploads\/2025\/07\/sdxl-387c82a217833ba43a2881d283d13eb0-scaled.png\",\"contentUrl\":\"https:\/\/slams.fr\/blog\/wp-content\/uploads\/2025\/07\/sdxl-387c82a217833ba43a2881d283d13eb0-scaled.png\",\"width\":1200,\"height\":500},{\"@type\":\"WebSite\",\"@id\":\"https:\/\/slams.fr\/blog\/#website\",\"url\":\"https:\/\/slams.fr\/blog\/\",\"name\":\"slams.fr\",\"description\":\"Slams, l&#039;\u00e9nergie des mots en action\",\"publisher\":{\"@id\":\"https:\/\/slams.fr\/blog\/#organization\"},\"alternateName\":\"Slams, l'\u00e9nergie des mots en action\",\"potentialAction\":[{\"@type\":\"SearchAction\",\"target\":{\"@type\":\"EntryPoint\",\"urlTemplate\":\"https:\/\/slams.fr\/blog\/?s={search_term_string}\"},\"query-input\":{\"@type\":\"PropertyValueSpecification\",\"valueRequired\":true,\"valueName\":\"search_term_string\"}}],\"inLanguage\":\"fr-FR\"},{\"@type\":\"Organization\",\"@id\":\"https:\/\/slams.fr\/blog\/#organization\",\"name\":\"Foretsensations.fr\",\"url\":\"https:\/\/slams.fr\/blog\/\",\"logo\":{\"@type\":\"ImageObject\",\"inLanguage\":\"fr-FR\",\"@id\":\"https:\/\/slams.fr\/blog\/#\/schema\/logo\/image\/\",\"url\":\"https:\/\/slams.fr\/blog\/wp-content\/uploads\/2026\/07\/logo-auto-1.png\",\"contentUrl\":\"https:\/\/slams.fr\/blog\/wp-content\/uploads\/2026\/07\/logo-auto-1.png\",\"width\":1024,\"height\":1024,\"caption\":\"Foretsensations.fr\"},\"image\":{\"@id\":\"https:\/\/slams.fr\/blog\/#\/schema\/logo\/image\/\"}},{\"@type\":\"Person\",\"@id\":\"https:\/\/slams.fr\/blog\/#\/schema\/person\/3c864cdc320801e3db34b663e7e3f816\",\"name\":\"Rapha\u00ebl D.\",\"image\":{\"@type\":\"ImageObject\",\"inLanguage\":\"fr-FR\",\"@id\":\"https:\/\/slams.fr\/blog\/#\/schema\/person\/image\/\",\"url\":\"https:\/\/slams.fr\/blog\/wp-content\/uploads\/2026\/06\/persona_raphael-d-96x96.jpg\",\"contentUrl\":\"https:\/\/slams.fr\/blog\/wp-content\/uploads\/2026\/06\/persona_raphael-d-96x96.jpg\",\"caption\":\"Rapha\u00ebl D.\"},\"description\":\"La culture est mon terrain de jeu depuis une dizaine d'ann\u00e9es : arts visuels, s\u00e9ries, cr\u00e9ation et tout ce qui nourrit l'imaginaire. J'\u00e9cris aussi bien sur l'actualit\u00e9 des \u0153uvres que sur les coulisses de la cr\u00e9ation, avec l'envie de relier l'amateur curieux \u00e0 des univers parfois jug\u00e9s intimidants. J'aime analyser une s\u00e9rie ou une d\u00e9marche artistique sans p\u00e9dantisme, replacer une \u0153uvre dans son contexte et donner des cl\u00e9s de lecture accessibles. Avant de publier, je v\u00e9rifie mes r\u00e9f\u00e9rences, je recoupe les sources et je distingue clairement le fait de mon interpr\u00e9tation subjective. Je crois qu'une critique vaut surtout par les arguments qu'elle expose, pas par la sentence qu'elle rend. Mon angle : transmettre l'envie de d\u00e9couvrir, de regarder autrement et de se forger son propre go\u00fbt. La culture n'appartient pas qu'aux initi\u00e9s, et c'est tout l'enjeu de mon \u00e9criture.\",\"url\":\"https:\/\/slams.fr\/blog\/auteur\/raphael-d\/\",\"jobTitle\":\"R\u00e9dacteur en chef \u00b7 Culture & Cr\u00e9ation\",\"knowsAbout\":[\"Culture\",\"Cr\u00e9ation\"],\"email\":\"raphael.d@a-l-asso-de-l-art.fr\"}]}<\/script>\n<!-- \/ Yoast SEO Premium plugin. -->","yoast_head_json":{"title":"Les collectifs et associations de slam locaux","description":"La Ligue Slam de France s\u2019impose comme la principale f\u00e9d\u00e9ration nationale encadrant le d\u00e9veloppement du slam dans l\u2019Hexagone.","robots":{"index":"index","follow":"follow","max-snippet":"max-snippet:-1","max-image-preview":"max-image-preview:large","max-video-preview":"max-video-preview:-1"},"canonical":"https:\/\/slams.fr\/blog\/a-la-une\/panorama-des-collectifs-et-associations-de-slam-locaux-dynamiser-lart-oratoire-dans-chaque-territoire\/","og_locale":"fr_FR","og_type":"article","og_title":"Les collectifs et associations de slam locaux","og_description":"La Ligue Slam de France s\u2019impose comme la principale f\u00e9d\u00e9ration nationale encadrant le d\u00e9veloppement du slam dans l\u2019Hexagone.","og_url":"https:\/\/slams.fr\/blog\/a-la-une\/panorama-des-collectifs-et-associations-de-slam-locaux-dynamiser-lart-oratoire-dans-chaque-territoire\/","og_site_name":"slams","og_image":[{"width":1200,"height":500,"url":"https:\/\/slams.fr\/blog\/wp-content\/uploads\/2025\/07\/sdxl-387c82a217833ba43a2881d283d13eb0-scaled.png","type":"image\/png"}],"author":"Rapha\u00ebl D.","twitter_card":"summary_large_image","schema":{"@context":"https:\/\/schema.org","@graph":[{"@type":"NewsArticle","@id":"https:\/\/slams.fr\/blog\/a-la-une\/panorama-des-collectifs-et-associations-de-slam-locaux-dynamiser-lart-oratoire-dans-chaque-territoire\/#article","isPartOf":{"@id":"https:\/\/slams.fr\/blog\/a-la-une\/panorama-des-collectifs-et-associations-de-slam-locaux-dynamiser-lart-oratoire-dans-chaque-territoire\/"},"author":{"name":"Rapha\u00ebl D.","@id":"https:\/\/slams.fr\/blog\/#\/schema\/person\/3c864cdc320801e3db34b663e7e3f816"},"headline":"Panorama des collectifs et associations de slam locaux : dynamiser l\u2019art oratoire dans chaque territoire","datePublished":"2025-06-14T20:32:30+00:00","mainEntityOfPage":{"@id":"https:\/\/slams.fr\/blog\/a-la-une\/panorama-des-collectifs-et-associations-de-slam-locaux-dynamiser-lart-oratoire-dans-chaque-territoire\/"},"wordCount":1486,"commentCount":0,"publisher":{"@id":"https:\/\/slams.fr\/blog\/#organization"},"image":{"@id":"https:\/\/slams.fr\/blog\/a-la-une\/panorama-des-collectifs-et-associations-de-slam-locaux-dynamiser-lart-oratoire-dans-chaque-territoire\/#primaryimage"},"thumbnailUrl":"https:\/\/slams.fr\/blog\/wp-content\/uploads\/2025\/07\/sdxl-387c82a217833ba43a2881d283d13eb0-scaled.png","keywords":["art oratoire","associations locales","Slam"],"articleSection":["\u00c0 la une"],"inLanguage":"fr-FR","potentialAction":[{"@type":"CommentAction","name":"Comment","target":["https:\/\/slams.fr\/blog\/a-la-une\/panorama-des-collectifs-et-associations-de-slam-locaux-dynamiser-lart-oratoire-dans-chaque-territoire\/#respond"]}]},{"@type":"WebPage","@id":"https:\/\/slams.fr\/blog\/a-la-une\/panorama-des-collectifs-et-associations-de-slam-locaux-dynamiser-lart-oratoire-dans-chaque-territoire\/","url":"https:\/\/slams.fr\/blog\/a-la-une\/panorama-des-collectifs-et-associations-de-slam-locaux-dynamiser-lart-oratoire-dans-chaque-territoire\/","name":"Les collectifs et associations de slam locaux","isPartOf":{"@id":"https:\/\/slams.fr\/blog\/#website"},"primaryImageOfPage":{"@id":"https:\/\/slams.fr\/blog\/a-la-une\/panorama-des-collectifs-et-associations-de-slam-locaux-dynamiser-lart-oratoire-dans-chaque-territoire\/#primaryimage"},"image":{"@id":"https:\/\/slams.fr\/blog\/a-la-une\/panorama-des-collectifs-et-associations-de-slam-locaux-dynamiser-lart-oratoire-dans-chaque-territoire\/#primaryimage"},"thumbnailUrl":"https:\/\/slams.fr\/blog\/wp-content\/uploads\/2025\/07\/sdxl-387c82a217833ba43a2881d283d13eb0-scaled.png","datePublished":"2025-06-14T20:32:30+00:00","description":"La Ligue Slam de France s\u2019impose comme la principale f\u00e9d\u00e9ration nationale encadrant le d\u00e9veloppement du slam dans l\u2019Hexagone.","inLanguage":"fr-FR","potentialAction":[{"@type":"ReadAction","target":["https:\/\/slams.fr\/blog\/a-la-une\/panorama-des-collectifs-et-associations-de-slam-locaux-dynamiser-lart-oratoire-dans-chaque-territoire\/"]}]},{"@type":"ImageObject","inLanguage":"fr-FR","@id":"https:\/\/slams.fr\/blog\/a-la-une\/panorama-des-collectifs-et-associations-de-slam-locaux-dynamiser-lart-oratoire-dans-chaque-territoire\/#primaryimage","url":"https:\/\/slams.fr\/blog\/wp-content\/uploads\/2025\/07\/sdxl-387c82a217833ba43a2881d283d13eb0-scaled.png","contentUrl":"https:\/\/slams.fr\/blog\/wp-content\/uploads\/2025\/07\/sdxl-387c82a217833ba43a2881d283d13eb0-scaled.png","width":1200,"height":500},{"@type":"WebSite","@id":"https:\/\/slams.fr\/blog\/#website","url":"https:\/\/slams.fr\/blog\/","name":"slams.fr","description":"Slams, l&#039;\u00e9nergie des mots en action","publisher":{"@id":"https:\/\/slams.fr\/blog\/#organization"},"alternateName":"Slams, l'\u00e9nergie des mots en action","potentialAction":[{"@type":"SearchAction","target":{"@type":"EntryPoint","urlTemplate":"https:\/\/slams.fr\/blog\/?s={search_term_string}"},"query-input":{"@type":"PropertyValueSpecification","valueRequired":true,"valueName":"search_term_string"}}],"inLanguage":"fr-FR"},{"@type":"Organization","@id":"https:\/\/slams.fr\/blog\/#organization","name":"Foretsensations.fr","url":"https:\/\/slams.fr\/blog\/","logo":{"@type":"ImageObject","inLanguage":"fr-FR","@id":"https:\/\/slams.fr\/blog\/#\/schema\/logo\/image\/","url":"https:\/\/slams.fr\/blog\/wp-content\/uploads\/2026\/07\/logo-auto-1.png","contentUrl":"https:\/\/slams.fr\/blog\/wp-content\/uploads\/2026\/07\/logo-auto-1.png","width":1024,"height":1024,"caption":"Foretsensations.fr"},"image":{"@id":"https:\/\/slams.fr\/blog\/#\/schema\/logo\/image\/"}},{"@type":"Person","@id":"https:\/\/slams.fr\/blog\/#\/schema\/person\/3c864cdc320801e3db34b663e7e3f816","name":"Rapha\u00ebl D.","image":{"@type":"ImageObject","inLanguage":"fr-FR","@id":"https:\/\/slams.fr\/blog\/#\/schema\/person\/image\/","url":"https:\/\/slams.fr\/blog\/wp-content\/uploads\/2026\/06\/persona_raphael-d-96x96.jpg","contentUrl":"https:\/\/slams.fr\/blog\/wp-content\/uploads\/2026\/06\/persona_raphael-d-96x96.jpg","caption":"Rapha\u00ebl D."},"description":"La culture est mon terrain de jeu depuis une dizaine d'ann\u00e9es : arts visuels, s\u00e9ries, cr\u00e9ation et tout ce qui nourrit l'imaginaire. J'\u00e9cris aussi bien sur l'actualit\u00e9 des \u0153uvres que sur les coulisses de la cr\u00e9ation, avec l'envie de relier l'amateur curieux \u00e0 des univers parfois jug\u00e9s intimidants. J'aime analyser une s\u00e9rie ou une d\u00e9marche artistique sans p\u00e9dantisme, replacer une \u0153uvre dans son contexte et donner des cl\u00e9s de lecture accessibles. Avant de publier, je v\u00e9rifie mes r\u00e9f\u00e9rences, je recoupe les sources et je distingue clairement le fait de mon interpr\u00e9tation subjective. Je crois qu'une critique vaut surtout par les arguments qu'elle expose, pas par la sentence qu'elle rend. Mon angle : transmettre l'envie de d\u00e9couvrir, de regarder autrement et de se forger son propre go\u00fbt. La culture n'appartient pas qu'aux initi\u00e9s, et c'est tout l'enjeu de mon \u00e9criture.","url":"https:\/\/slams.fr\/blog\/auteur\/raphael-d\/","jobTitle":"R\u00e9dacteur en chef \u00b7 Culture & Cr\u00e9ation","knowsAbout":["Culture","Cr\u00e9ation"],"email":"raphael.d@a-l-asso-de-l-art.fr"}]}},"_links":{"self":[{"href":"https:\/\/slams.fr\/blog\/wp-json\/wp\/v2\/posts\/7514","targetHints":{"allow":["GET"]}}],"collection":[{"href":"https:\/\/slams.fr\/blog\/wp-json\/wp\/v2\/posts"}],"about":[{"href":"https:\/\/slams.fr\/blog\/wp-json\/wp\/v2\/types\/post"}],"author":[{"embeddable":true,"href":"https:\/\/slams.fr\/blog\/wp-json\/wp\/v2\/users\/34"}],"replies":[{"embeddable":true,"href":"https:\/\/slams.fr\/blog\/wp-json\/wp\/v2\/comments?post=7514"}],"version-history":[{"count":0,"href":"https:\/\/slams.fr\/blog\/wp-json\/wp\/v2\/posts\/7514\/revisions"}],"wp:featuredmedia":[{"embeddable":true,"href":"https:\/\/slams.fr\/blog\/wp-json\/wp\/v2\/media\/7620"}],"wp:attachment":[{"href":"https:\/\/slams.fr\/blog\/wp-json\/wp\/v2\/media?parent=7514"}],"wp:term":[{"taxonomy":"category","embeddable":true,"href":"https:\/\/slams.fr\/blog\/wp-json\/wp\/v2\/categories?post=7514"},{"taxonomy":"post_tag","embeddable":true,"href":"https:\/\/slams.fr\/blog\/wp-json\/wp\/v2\/tags?post=7514"}],"curies":[{"name":"wp","href":"https:\/\/api.w.org\/{rel}","templated":true}]}}