{"id":7515,"date":"2025-06-14T22:32:44","date_gmt":"2025-06-14T20:32:44","guid":{"rendered":"https:\/\/slams.fr\/blog\/a-la-une\/pages-instagram-incontournables-pour-sinspirer-du-slam-visuel\/"},"modified":"2025-06-14T22:32:44","modified_gmt":"2025-06-14T20:32:44","slug":"pages-instagram-incontournables-pour-sinspirer-du-slam-visuel","status":"publish","type":"post","link":"https:\/\/slams.fr\/blog\/a-la-une\/pages-instagram-incontournables-pour-sinspirer-du-slam-visuel\/","title":{"rendered":"Pages Instagram incontournables pour s\u2019inspirer du slam visuel"},"content":{"rendered":"<h1>Pages Instagram incontournables pour s\u2019inspirer du slam visuel<\/h1>\n<h2>Rep\u00e9rer les comptes qui fusionnent art visuel et po\u00e9sie<\/h2>\n<p>Pour trouver les pages o\u00f9 le <strong>texte po\u00e9tique<\/strong> et l\u2019image dialoguent en synergie, il convient d\u2019observer la fa\u00e7on dont la <strong>mise en sc\u00e8ne graphique<\/strong> sublime la rythmique du slam. Ces comptes privil\u00e9gient une authentique interaction entre les mots et le support visuel, offrant des exp\u00e9riences immersives in\u00e9dites. <u>La fusion du texte et de la photographie<\/u> est particuli\u00e8rement remarquable sur le compte de <strong>Gregorinho<\/strong>, photographe amateur marseillais, qui accompagne ses clich\u00e9s pris au smartphone de textes cisel\u00e9s proches du slam. Son regard po\u00e9tique sur Marseille m\u00eale sensibilit\u00e9 urbaine et authenticit\u00e9, d\u00e9montrant qu\u2019un simple appareil suffit pour cr\u00e9er de v\u00e9ritables \u0153uvres hybrides o\u00f9 chaque strophe se d\u00e9ploie \u00e0 travers la lumi\u00e8re et le cadre.<\/p>\n<ul>\n<li><strong>\u00c9l\u00e9mo (@marcolivierslam)<\/strong> s\u00e9duit par ses cr\u00e9ations o\u00f9 le jeu des mots s\u2019accorde \u00e0 des animations ou des s\u00e9quences photographiques rythm\u00e9es, renfor\u00e7ant la port\u00e9e de chaque performance.<\/li>\n<li>Certains collectifs tel que <strong>Slam Out Loud<\/strong> privil\u00e9gient la <u>sc\u00e9nographie photographique<\/u> pour donner vie \u00e0 leur po\u00e9sie, valorisant la voix, le geste et la cr\u00e9ativit\u00e9 dans une d\u00e9marche de transmission et de partage renouvel\u00e9e.<\/li>\n<\/ul>\n<p>L\u2019expertise de ces pages r\u00e9side dans la capacit\u00e9 \u00e0 <u>faire vibrer le texte par l\u2019image<\/u> et \u00e0 g\u00e9n\u00e9rer des \u00e9motions \u00e0 travers une esth\u00e9tique recherch\u00e9e. La s\u00e9lection de ces profils permet d\u2019\u00e9largir notre perception du slam, qui devient exp\u00e9rience sensorielle et visuelle unique.<\/p>\n<h2>Identifier les collectifs de slam explorant l\u2019expression visuelle<\/h2>\n<p>Certains comptes collectifs se distinguent par une approche collaborative et transdisciplinaire. Ils transforment le slam en v\u00e9ritable <strong>exp\u00e9rience immersive<\/strong>, o\u00f9 la po\u00e9sie sort du cadre strict de la sc\u00e8ne pour investir l\u2019espace visuel et digital. <strong>Slam Academy<\/strong> incarne cette dynamique en proposant des ateliers, des performances et des partages o\u00f9 la <u>musicalit\u00e9 des mots<\/u> rencontre la <strong>mati\u00e8re plastique<\/strong>. Sur leur page Instagram, la diversit\u00e9 des formats \u2013 vid\u00e9os, affiches, extraits illustr\u00e9s \u2013 t\u00e9moigne d\u2019une volont\u00e9 de renouveler sans cesse les codes esth\u00e9tiques.<\/p>\n<ul>\n<li>Des collectifs <strong>internationaux<\/strong> exp\u00e9rimentent la calligraphie num\u00e9rique, balayant les fronti\u00e8res entre \u00e9criture et dessin, comme on le voit dans certaines publications de l\u2019<strong>Institut Fran\u00e7ais du Togo<\/strong> o\u00f9 photographie et slam fusionnent au profit de th\u00e9matiques engag\u00e9es.<\/li>\n<li>La <strong>pluralit\u00e9 des approches<\/strong> \u2013 de la captation sc\u00e9nique live \u00e0 la cr\u00e9ation graphique \u2013 stimule le dialogue entre g\u00e9n\u00e9ration et participe \u00e0 d\u00e9mocratiser l\u2019acc\u00e8s \u00e0 la po\u00e9sie contemporaine.<\/li>\n<\/ul>\n<p>L\u2019int\u00e9r\u00eat de s\u2019abonner \u00e0 ces groupes, au-del\u00e0 d\u2019une veille artistique, r\u00e9side dans la richesse des collaborations propos\u00e9es. L\u2019innovation na\u00eet ici de l\u2019\u00e9change constant entre slameurs, graphistes, vid\u00e9astes et musiciens, bouleversant les codes classiques de la performance orale.<\/p>\n<h2>Analyser l\u2019impact visuel \u00e0 travers la mise en page et l\u2019esth\u00e9tique<\/h2>\n<p>L\u2019efficacit\u00e9 d\u2019un compte inspirant d\u00e9pend en grande partie de l\u2019attention port\u00e9e \u00e0 chaque d\u00e9tail esth\u00e9tique. La <strong>composition<\/strong> globale, le choix strat\u00e9gique des couleurs, la <strong>typographie<\/strong> et la gestion de l\u2019espace sont des signes distinctifs des pages abouties. Sur Instagram, l\u2019accroche visuelle devient un param\u00e8tre central\u202f: plus le contenu est soign\u00e9, plus il invite \u00e0 la contemplation et stimule l\u2019imaginaire.<\/p>\n<ul>\n<li>Le compte <strong>@slamlejeuoff<\/strong>, officiel de l\u2019\u00e9mission Slam, propose r\u00e9guli\u00e8rement des visuels dynamiques o\u00f9 la typographie vient ponctuer la parole, cr\u00e9ant un rythme graphique en \u00e9cho aux textes r\u00e9cit\u00e9s.<\/li>\n<li><strong>Slam Out Loud<\/strong> s\u2019illustre par une coh\u00e9rence esth\u00e9tique, en accordant un soin particulier \u00e0 la couleur, \u00e0 la structuration du texte dans l\u2019image et \u00e0 l\u2019harmonisation du feed, ce qui renforce l\u2019identit\u00e9 visuelle du collectif.<\/li>\n<\/ul>\n<p>Nous recommandons de privil\u00e9gier les profils o\u00f9 chaque publication semble pens\u00e9e comme une micro-\u0153uvre graphique, invitant \u00e0 la r\u00e9flexion par le d\u00e9tail harmonieux de chaque \u00e9l\u00e9ment. Une esth\u00e9tique ma\u00eetris\u00e9e augmente sensiblement la port\u00e9e du message, favorisant la m\u00e9morisation et l\u2019adh\u00e9sion du public.<\/p>\n<h2>Favoriser les comptes engag\u00e9s et porteurs de sens<\/h2>\n<p>Un crit\u00e8re d\u00e9cisif de s\u00e9lection repose sur l\u2019engagement et la dimension sociale des pages. Les comptes qui utilisent le <strong>slam visuel<\/strong> pour d\u00e9fendre une cause, donner la parole \u00e0 des minorit\u00e9s ou accompagner l\u2019\u00e9panouissement personnel ont un impact durable et marquant. C\u2019est la d\u00e9marche de <strong>Slam Out Loud<\/strong>, reconnu pour son implication dans l\u2019inclusion et la valorisation de l\u2019expression individuelle par la po\u00e9sie et l\u2019image. \u00c0 travers des ateliers num\u00e9riques, ce collectif encourage l\u2019\u00e9mergence des voix sous-repr\u00e9sent\u00e9es, permettant \u00e0 chacun de trouver sa place sur la sc\u00e8ne cr\u00e9ative et digitale.<\/p>\n<ul>\n<li>Certains slameurs ind\u00e9pendants placent la notion de <strong>message<\/strong> au c\u0153ur de leurs cr\u00e9ations, abordant des th\u00e9matiques comme la justice sociale, la diversit\u00e9 culturelle ou le vivre-ensemble, en s\u2019appuyant sur la puissance de l\u2019image pour renforcer la port\u00e9e de leurs textes.<\/li>\n<li>La <u>dimension \u00e9ducative<\/u> ou th\u00e9rapeutique appara\u00eet aussi sur certains comptes, qui encouragent le d\u00e9veloppement de comp\u00e9tences \u00e9motionnelles et la prise de parole par des formats ludiques et interactifs.<\/li>\n<\/ul>\n<p>Nous sommes convaincus que soutenir ces cr\u00e9ateurs, c\u2019est participer \u00e0 une dynamique collective o\u00f9 le <strong>slam<\/strong> ne se r\u00e9duit pas au jeu verbal, mais devient outil de transformation, de m\u00e9diation et d\u2019ouverture sur le monde.<\/p>\n<h2>Explorer l\u2019innovation visuelle dans le slam digital<\/h2>\n<p>Le potentiel cr\u00e9atif du <strong>slam digital<\/strong> explose lorsque les artistes osent des hybridations in\u00e9dites. Sur Instagram, les pages pionni\u00e8res int\u00e8grent des techniques d\u2019animation, le collage num\u00e9rique, ou s\u2019entourent de collaborateurs venus d\u2019horizons vari\u00e9s \u2013 graphistes, musiciens, vid\u00e9astes. Cette convergence donne naissance \u00e0 des formats disruptifs, dont l\u2019impact d\u00e9passe largement le cadre de la po\u00e9sie sc\u00e9nique classique.<\/p>\n<ul>\n<li>Les exp\u00e9riences de <strong>r\u00e9alit\u00e9 augment\u00e9e<\/strong>, d\u2019animation typographique ou d\u2019\u00e9dition interactive sont visibles sur des comptes innovants, qui utilisent la puissance du digital pour renouveler la narration po\u00e9tique.<\/li>\n<li>Des collaborations \u00e9ph\u00e9m\u00e8res entre slameurs et plasticiens viennent souvent enrichir le contenu, offrant aux abonn\u00e9s des cr\u00e9ations exclusives et surprenantes, tout en \u00e9largissant la port\u00e9e de la discipline.<\/li>\n<\/ul>\n<p>\u00c0 travers cette exploration du <u>slam augment\u00e9<\/u>, nous d\u00e9couvrons un laboratoire d\u2019innovation o\u00f9 chaque publication devient une invitation \u00e0 tester, d\u00e9tourner, d\u00e9construire et r\u00e9inventer la po\u00e9sie. Cette dynamique nous pousse \u00e0 envisager le slam comme une forme d\u2019art totale, o\u00f9 le texte, le son et l\u2019image avancent ensemble vers l\u2019exp\u00e9rimentation esth\u00e9tique.<\/p>\n<h2>Comptes Instagram de r\u00e9f\u00e9rence en slam visuel : s\u00e9lection illustr\u00e9e<\/h2>\n<p>Nous avons regroup\u00e9 dans le tableau ci-dessous les profils qui incarnent le mieux l\u2019excellence et la diversit\u00e9 du slam visuel sur Instagram, en tenant compte des crit\u00e8res pr\u00e9c\u00e9demment expos\u00e9s.<\/p>\n<table border=\"1\" cellpadding=\"5\" cellspacing=\"0\">\n<thead>\n<tr>\n<th><strong>Compte<\/strong><\/th>\n<th><strong>Sp\u00e9cificit\u00e9<\/strong><\/th>\n<th><strong>Pourquoi s\u2019abonner ?<\/strong><\/th>\n<\/tr>\n<\/thead>\n<tbody>\n<tr>\n<td><strong>@slamlejeuoff<\/strong><\/td>\n<td><u>\u00c9mission Slam<\/u> \u2013 Visuels, extraits et performances sur France 3.<\/td>\n<td>D\u00e9couvrir la <strong>po\u00e9sie sc\u00e9nique<\/strong> en version num\u00e9rique et profiter d\u2019une esth\u00e9tique soign\u00e9e, alternant typographie et photographie.<\/td>\n<\/tr>\n<tr>\n<td><strong>@marcolivierslam (\u00c9l\u00e9mo)<\/strong><\/td>\n<td><u>Slameur, animateur<\/u> \u2013 Cr\u00e9ations m\u00ealant mots et images.<\/td>\n<td>Observer comment la <strong>mise en sc\u00e8ne<\/strong> photographique amplifie l\u2019\u00e9motion po\u00e9tique, gr\u00e2ce \u00e0 une \u00e9criture dynamique et innovante.<\/td>\n<\/tr>\n<tr>\n<td><strong>@slamoutloud<\/strong><\/td>\n<td><u>Collectif engag\u00e9<\/u> pour l\u2019\u00e9ducation et la diversit\u00e9.<\/td>\n<td>Soutenir un <strong>mouvement social<\/strong> o\u00f9 la po\u00e9sie visuelle favorise l\u2019inclusion et le d\u00e9veloppement personnel via des contenus interactifs.<\/td>\n<\/tr>\n<tr>\n<td><strong>Gregorinho<\/strong><\/td>\n<td><u>Photographe amateur<\/u> \u2013 Textes slam\u00e9s sur photos de Marseille.<\/td>\n<td>S\u2019inspirer d\u2019une <strong>authenticit\u00e9<\/strong> urbaine, avec un regard singulier sur la ville et ses habitants, mis en mots avec subtilit\u00e9.<\/td>\n<\/tr>\n<tr>\n<td><strong>@slamacademy<\/strong><\/td>\n<td><u>Collectif p\u00e9dagogique<\/u> \u2013 Ateliers, cr\u00e9ations hybrides.<\/td>\n<td>Plonger dans un univers p\u00e9dagogique o\u00f9 <strong>musique, mots et image<\/strong> se conjuguent pour r\u00e9inventer le slam.<\/td>\n<\/tr>\n<\/tbody>\n<\/table>\n<h2>Conclusion\u00a0: s\u00e9lectionner, s\u2019inspirer, cr\u00e9er<\/h2>\n<p>Explorer le <strong>slam visuel<\/strong> sur Instagram, c\u2019est s\u2019ouvrir aux multiples r\u00e9inventions de la po\u00e9sie contemporaine \u2013 visuelle, sensorielle et engag\u00e9e. Les comptes rep\u00e9r\u00e9s offrent des perspectives riches\u2009: la fusion des codes, l\u2019engagement social, l\u2019exigence esth\u00e9tique ou encore l\u2019innovation digitale nourrissent sans cesse la discipline. La tendance actuelle r\u00e9v\u00e8le une belle vitalit\u00e9 de la sc\u00e8ne slam, port\u00e9e par une g\u00e9n\u00e9ration de cr\u00e9ateurs qui d\u00e9passent les fronti\u00e8res du texte pour explorer de nouveaux territoires narratifs. Pour renouveler votre <strong>pratique artistique<\/strong>, votre r\u00e9flexion ou simplement vibrer au contact d\u2019\u0153uvres originales, suivre ces pages s\u2019av\u00e8re un choix judicieux et stimulant.<\/p>\n","protected":false},"excerpt":{"rendered":"","protected":false},"author":34,"featured_media":7584,"comment_status":"open","ping_status":"open","sticky":false,"template":"","format":"standard","meta":{"_acf_changed":false,"manual_indexmenow":false,"indexmenow_id_project":0,"footnotes":""},"categories":[1],"tags":[4679,4677,4678],"class_list":["post-7515","post","type-post","status-publish","format-standard","has-post-thumbnail","hentry","category-a-la-une","tag-inspiration","tag-instagram","tag-slam-visuel","generate-columns","tablet-grid-50","mobile-grid-100","grid-parent","grid-25"],"acf":[],"yoast_head":"<!-- This site is optimized with the Yoast SEO Premium plugin v21.3 (Yoast SEO v26.5) - https:\/\/yoast.com\/wordpress\/plugins\/seo\/ -->\n<title>Pages Instagram pour s&#039;inspirer du slam visuel<\/title>\n<meta name=\"description\" content=\"Pour trouver les pages o\u00f9 le texte po\u00e9tique et l\u2019image dialoguent en synergie, il convient d\u2019observer la fa\u00e7on dont la mise en sc\u00e8ne graphique sublime\" \/>\n<meta name=\"robots\" content=\"index, follow, max-snippet:-1, max-image-preview:large, max-video-preview:-1\" \/>\n<link rel=\"canonical\" href=\"https:\/\/slams.fr\/blog\/a-la-une\/pages-instagram-incontournables-pour-sinspirer-du-slam-visuel\/\" \/>\n<meta property=\"og:locale\" content=\"fr_FR\" \/>\n<meta property=\"og:type\" content=\"article\" \/>\n<meta property=\"og:title\" content=\"Pages Instagram pour s&#039;inspirer du slam visuel\" \/>\n<meta property=\"og:description\" content=\"Pour trouver les pages o\u00f9 le texte po\u00e9tique et l\u2019image dialoguent en synergie, il convient d\u2019observer la fa\u00e7on dont la mise en sc\u00e8ne graphique sublime\" \/>\n<meta property=\"og:url\" content=\"https:\/\/slams.fr\/blog\/a-la-une\/pages-instagram-incontournables-pour-sinspirer-du-slam-visuel\/\" \/>\n<meta property=\"og:site_name\" content=\"slams\" \/>\n<meta property=\"og:image\" content=\"https:\/\/slams.fr\/blog\/wp-content\/uploads\/2025\/07\/sdxl-919dfa701dba38875019a1607bc9dada-scaled.png\" \/>\n\t<meta property=\"og:image:width\" content=\"1200\" \/>\n\t<meta property=\"og:image:height\" content=\"500\" \/>\n\t<meta property=\"og:image:type\" content=\"image\/png\" \/>\n<meta name=\"author\" content=\"Rapha\u00ebl D.\" \/>\n<meta name=\"twitter:card\" content=\"summary_large_image\" \/>\n<script type=\"application\/ld+json\" class=\"yoast-schema-graph\">{\"@context\":\"https:\/\/schema.org\",\"@graph\":[{\"@type\":\"NewsArticle\",\"@id\":\"https:\/\/slams.fr\/blog\/a-la-une\/pages-instagram-incontournables-pour-sinspirer-du-slam-visuel\/#article\",\"isPartOf\":{\"@id\":\"https:\/\/slams.fr\/blog\/a-la-une\/pages-instagram-incontournables-pour-sinspirer-du-slam-visuel\/\"},\"author\":{\"name\":\"Rapha\u00ebl D.\",\"@id\":\"https:\/\/slams.fr\/blog\/#\/schema\/person\/3c864cdc320801e3db34b663e7e3f816\"},\"headline\":\"Pages Instagram incontournables pour s\u2019inspirer du slam visuel\",\"datePublished\":\"2025-06-14T20:32:44+00:00\",\"mainEntityOfPage\":{\"@id\":\"https:\/\/slams.fr\/blog\/a-la-une\/pages-instagram-incontournables-pour-sinspirer-du-slam-visuel\/\"},\"wordCount\":1475,\"commentCount\":0,\"publisher\":{\"@id\":\"https:\/\/slams.fr\/blog\/#organization\"},\"image\":{\"@id\":\"https:\/\/slams.fr\/blog\/a-la-une\/pages-instagram-incontournables-pour-sinspirer-du-slam-visuel\/#primaryimage\"},\"thumbnailUrl\":\"https:\/\/slams.fr\/blog\/wp-content\/uploads\/2025\/07\/sdxl-919dfa701dba38875019a1607bc9dada-scaled.png\",\"keywords\":[\"inspiration\",\"instagram\",\"slam visuel\"],\"articleSection\":[\"\u00c0 la une\"],\"inLanguage\":\"fr-FR\",\"potentialAction\":[{\"@type\":\"CommentAction\",\"name\":\"Comment\",\"target\":[\"https:\/\/slams.fr\/blog\/a-la-une\/pages-instagram-incontournables-pour-sinspirer-du-slam-visuel\/#respond\"]}]},{\"@type\":\"WebPage\",\"@id\":\"https:\/\/slams.fr\/blog\/a-la-une\/pages-instagram-incontournables-pour-sinspirer-du-slam-visuel\/\",\"url\":\"https:\/\/slams.fr\/blog\/a-la-une\/pages-instagram-incontournables-pour-sinspirer-du-slam-visuel\/\",\"name\":\"Pages Instagram pour s'inspirer du slam visuel\",\"isPartOf\":{\"@id\":\"https:\/\/slams.fr\/blog\/#website\"},\"primaryImageOfPage\":{\"@id\":\"https:\/\/slams.fr\/blog\/a-la-une\/pages-instagram-incontournables-pour-sinspirer-du-slam-visuel\/#primaryimage\"},\"image\":{\"@id\":\"https:\/\/slams.fr\/blog\/a-la-une\/pages-instagram-incontournables-pour-sinspirer-du-slam-visuel\/#primaryimage\"},\"thumbnailUrl\":\"https:\/\/slams.fr\/blog\/wp-content\/uploads\/2025\/07\/sdxl-919dfa701dba38875019a1607bc9dada-scaled.png\",\"datePublished\":\"2025-06-14T20:32:44+00:00\",\"description\":\"Pour trouver les pages o\u00f9 le texte po\u00e9tique et l\u2019image dialoguent en synergie, il convient d\u2019observer la fa\u00e7on dont la mise en sc\u00e8ne graphique sublime\",\"inLanguage\":\"fr-FR\",\"potentialAction\":[{\"@type\":\"ReadAction\",\"target\":[\"https:\/\/slams.fr\/blog\/a-la-une\/pages-instagram-incontournables-pour-sinspirer-du-slam-visuel\/\"]}]},{\"@type\":\"ImageObject\",\"inLanguage\":\"fr-FR\",\"@id\":\"https:\/\/slams.fr\/blog\/a-la-une\/pages-instagram-incontournables-pour-sinspirer-du-slam-visuel\/#primaryimage\",\"url\":\"https:\/\/slams.fr\/blog\/wp-content\/uploads\/2025\/07\/sdxl-919dfa701dba38875019a1607bc9dada-scaled.png\",\"contentUrl\":\"https:\/\/slams.fr\/blog\/wp-content\/uploads\/2025\/07\/sdxl-919dfa701dba38875019a1607bc9dada-scaled.png\",\"width\":1200,\"height\":500},{\"@type\":\"WebSite\",\"@id\":\"https:\/\/slams.fr\/blog\/#website\",\"url\":\"https:\/\/slams.fr\/blog\/\",\"name\":\"slams.fr\",\"description\":\"Slams, l&#039;\u00e9nergie des mots en action\",\"publisher\":{\"@id\":\"https:\/\/slams.fr\/blog\/#organization\"},\"alternateName\":\"Slams, l'\u00e9nergie des mots en action\",\"potentialAction\":[{\"@type\":\"SearchAction\",\"target\":{\"@type\":\"EntryPoint\",\"urlTemplate\":\"https:\/\/slams.fr\/blog\/?s={search_term_string}\"},\"query-input\":{\"@type\":\"PropertyValueSpecification\",\"valueRequired\":true,\"valueName\":\"search_term_string\"}}],\"inLanguage\":\"fr-FR\"},{\"@type\":\"Organization\",\"@id\":\"https:\/\/slams.fr\/blog\/#organization\",\"name\":\"Foretsensations.fr\",\"url\":\"https:\/\/slams.fr\/blog\/\",\"logo\":{\"@type\":\"ImageObject\",\"inLanguage\":\"fr-FR\",\"@id\":\"https:\/\/slams.fr\/blog\/#\/schema\/logo\/image\/\",\"url\":\"https:\/\/slams.fr\/blog\/wp-content\/uploads\/2026\/07\/logo-auto-1.png\",\"contentUrl\":\"https:\/\/slams.fr\/blog\/wp-content\/uploads\/2026\/07\/logo-auto-1.png\",\"width\":1024,\"height\":1024,\"caption\":\"Foretsensations.fr\"},\"image\":{\"@id\":\"https:\/\/slams.fr\/blog\/#\/schema\/logo\/image\/\"}},{\"@type\":\"Person\",\"@id\":\"https:\/\/slams.fr\/blog\/#\/schema\/person\/3c864cdc320801e3db34b663e7e3f816\",\"name\":\"Rapha\u00ebl D.\",\"image\":{\"@type\":\"ImageObject\",\"inLanguage\":\"fr-FR\",\"@id\":\"https:\/\/slams.fr\/blog\/#\/schema\/person\/image\/\",\"url\":\"https:\/\/slams.fr\/blog\/wp-content\/uploads\/2026\/06\/persona_raphael-d-96x96.jpg\",\"contentUrl\":\"https:\/\/slams.fr\/blog\/wp-content\/uploads\/2026\/06\/persona_raphael-d-96x96.jpg\",\"caption\":\"Rapha\u00ebl D.\"},\"description\":\"La culture est mon terrain de jeu depuis une dizaine d'ann\u00e9es : arts visuels, s\u00e9ries, cr\u00e9ation et tout ce qui nourrit l'imaginaire. J'\u00e9cris aussi bien sur l'actualit\u00e9 des \u0153uvres que sur les coulisses de la cr\u00e9ation, avec l'envie de relier l'amateur curieux \u00e0 des univers parfois jug\u00e9s intimidants. J'aime analyser une s\u00e9rie ou une d\u00e9marche artistique sans p\u00e9dantisme, replacer une \u0153uvre dans son contexte et donner des cl\u00e9s de lecture accessibles. Avant de publier, je v\u00e9rifie mes r\u00e9f\u00e9rences, je recoupe les sources et je distingue clairement le fait de mon interpr\u00e9tation subjective. Je crois qu'une critique vaut surtout par les arguments qu'elle expose, pas par la sentence qu'elle rend. Mon angle : transmettre l'envie de d\u00e9couvrir, de regarder autrement et de se forger son propre go\u00fbt. La culture n'appartient pas qu'aux initi\u00e9s, et c'est tout l'enjeu de mon \u00e9criture.\",\"url\":\"https:\/\/slams.fr\/blog\/auteur\/raphael-d\/\",\"jobTitle\":\"R\u00e9dacteur en chef \u00b7 Culture & Cr\u00e9ation\",\"knowsAbout\":[\"Culture\",\"Cr\u00e9ation\"],\"email\":\"raphael.d@a-l-asso-de-l-art.fr\"}]}<\/script>\n<!-- \/ Yoast SEO Premium plugin. -->","yoast_head_json":{"title":"Pages Instagram pour s'inspirer du slam visuel","description":"Pour trouver les pages o\u00f9 le texte po\u00e9tique et l\u2019image dialoguent en synergie, il convient d\u2019observer la fa\u00e7on dont la mise en sc\u00e8ne graphique sublime","robots":{"index":"index","follow":"follow","max-snippet":"max-snippet:-1","max-image-preview":"max-image-preview:large","max-video-preview":"max-video-preview:-1"},"canonical":"https:\/\/slams.fr\/blog\/a-la-une\/pages-instagram-incontournables-pour-sinspirer-du-slam-visuel\/","og_locale":"fr_FR","og_type":"article","og_title":"Pages Instagram pour s'inspirer du slam visuel","og_description":"Pour trouver les pages o\u00f9 le texte po\u00e9tique et l\u2019image dialoguent en synergie, il convient d\u2019observer la fa\u00e7on dont la mise en sc\u00e8ne graphique sublime","og_url":"https:\/\/slams.fr\/blog\/a-la-une\/pages-instagram-incontournables-pour-sinspirer-du-slam-visuel\/","og_site_name":"slams","og_image":[{"width":1200,"height":500,"url":"https:\/\/slams.fr\/blog\/wp-content\/uploads\/2025\/07\/sdxl-919dfa701dba38875019a1607bc9dada-scaled.png","type":"image\/png"}],"author":"Rapha\u00ebl D.","twitter_card":"summary_large_image","schema":{"@context":"https:\/\/schema.org","@graph":[{"@type":"NewsArticle","@id":"https:\/\/slams.fr\/blog\/a-la-une\/pages-instagram-incontournables-pour-sinspirer-du-slam-visuel\/#article","isPartOf":{"@id":"https:\/\/slams.fr\/blog\/a-la-une\/pages-instagram-incontournables-pour-sinspirer-du-slam-visuel\/"},"author":{"name":"Rapha\u00ebl D.","@id":"https:\/\/slams.fr\/blog\/#\/schema\/person\/3c864cdc320801e3db34b663e7e3f816"},"headline":"Pages Instagram incontournables pour s\u2019inspirer du slam visuel","datePublished":"2025-06-14T20:32:44+00:00","mainEntityOfPage":{"@id":"https:\/\/slams.fr\/blog\/a-la-une\/pages-instagram-incontournables-pour-sinspirer-du-slam-visuel\/"},"wordCount":1475,"commentCount":0,"publisher":{"@id":"https:\/\/slams.fr\/blog\/#organization"},"image":{"@id":"https:\/\/slams.fr\/blog\/a-la-une\/pages-instagram-incontournables-pour-sinspirer-du-slam-visuel\/#primaryimage"},"thumbnailUrl":"https:\/\/slams.fr\/blog\/wp-content\/uploads\/2025\/07\/sdxl-919dfa701dba38875019a1607bc9dada-scaled.png","keywords":["inspiration","instagram","slam visuel"],"articleSection":["\u00c0 la une"],"inLanguage":"fr-FR","potentialAction":[{"@type":"CommentAction","name":"Comment","target":["https:\/\/slams.fr\/blog\/a-la-une\/pages-instagram-incontournables-pour-sinspirer-du-slam-visuel\/#respond"]}]},{"@type":"WebPage","@id":"https:\/\/slams.fr\/blog\/a-la-une\/pages-instagram-incontournables-pour-sinspirer-du-slam-visuel\/","url":"https:\/\/slams.fr\/blog\/a-la-une\/pages-instagram-incontournables-pour-sinspirer-du-slam-visuel\/","name":"Pages Instagram pour s'inspirer du slam visuel","isPartOf":{"@id":"https:\/\/slams.fr\/blog\/#website"},"primaryImageOfPage":{"@id":"https:\/\/slams.fr\/blog\/a-la-une\/pages-instagram-incontournables-pour-sinspirer-du-slam-visuel\/#primaryimage"},"image":{"@id":"https:\/\/slams.fr\/blog\/a-la-une\/pages-instagram-incontournables-pour-sinspirer-du-slam-visuel\/#primaryimage"},"thumbnailUrl":"https:\/\/slams.fr\/blog\/wp-content\/uploads\/2025\/07\/sdxl-919dfa701dba38875019a1607bc9dada-scaled.png","datePublished":"2025-06-14T20:32:44+00:00","description":"Pour trouver les pages o\u00f9 le texte po\u00e9tique et l\u2019image dialoguent en synergie, il convient d\u2019observer la fa\u00e7on dont la mise en sc\u00e8ne graphique sublime","inLanguage":"fr-FR","potentialAction":[{"@type":"ReadAction","target":["https:\/\/slams.fr\/blog\/a-la-une\/pages-instagram-incontournables-pour-sinspirer-du-slam-visuel\/"]}]},{"@type":"ImageObject","inLanguage":"fr-FR","@id":"https:\/\/slams.fr\/blog\/a-la-une\/pages-instagram-incontournables-pour-sinspirer-du-slam-visuel\/#primaryimage","url":"https:\/\/slams.fr\/blog\/wp-content\/uploads\/2025\/07\/sdxl-919dfa701dba38875019a1607bc9dada-scaled.png","contentUrl":"https:\/\/slams.fr\/blog\/wp-content\/uploads\/2025\/07\/sdxl-919dfa701dba38875019a1607bc9dada-scaled.png","width":1200,"height":500},{"@type":"WebSite","@id":"https:\/\/slams.fr\/blog\/#website","url":"https:\/\/slams.fr\/blog\/","name":"slams.fr","description":"Slams, l&#039;\u00e9nergie des mots en action","publisher":{"@id":"https:\/\/slams.fr\/blog\/#organization"},"alternateName":"Slams, l'\u00e9nergie des mots en action","potentialAction":[{"@type":"SearchAction","target":{"@type":"EntryPoint","urlTemplate":"https:\/\/slams.fr\/blog\/?s={search_term_string}"},"query-input":{"@type":"PropertyValueSpecification","valueRequired":true,"valueName":"search_term_string"}}],"inLanguage":"fr-FR"},{"@type":"Organization","@id":"https:\/\/slams.fr\/blog\/#organization","name":"Foretsensations.fr","url":"https:\/\/slams.fr\/blog\/","logo":{"@type":"ImageObject","inLanguage":"fr-FR","@id":"https:\/\/slams.fr\/blog\/#\/schema\/logo\/image\/","url":"https:\/\/slams.fr\/blog\/wp-content\/uploads\/2026\/07\/logo-auto-1.png","contentUrl":"https:\/\/slams.fr\/blog\/wp-content\/uploads\/2026\/07\/logo-auto-1.png","width":1024,"height":1024,"caption":"Foretsensations.fr"},"image":{"@id":"https:\/\/slams.fr\/blog\/#\/schema\/logo\/image\/"}},{"@type":"Person","@id":"https:\/\/slams.fr\/blog\/#\/schema\/person\/3c864cdc320801e3db34b663e7e3f816","name":"Rapha\u00ebl D.","image":{"@type":"ImageObject","inLanguage":"fr-FR","@id":"https:\/\/slams.fr\/blog\/#\/schema\/person\/image\/","url":"https:\/\/slams.fr\/blog\/wp-content\/uploads\/2026\/06\/persona_raphael-d-96x96.jpg","contentUrl":"https:\/\/slams.fr\/blog\/wp-content\/uploads\/2026\/06\/persona_raphael-d-96x96.jpg","caption":"Rapha\u00ebl D."},"description":"La culture est mon terrain de jeu depuis une dizaine d'ann\u00e9es : arts visuels, s\u00e9ries, cr\u00e9ation et tout ce qui nourrit l'imaginaire. J'\u00e9cris aussi bien sur l'actualit\u00e9 des \u0153uvres que sur les coulisses de la cr\u00e9ation, avec l'envie de relier l'amateur curieux \u00e0 des univers parfois jug\u00e9s intimidants. J'aime analyser une s\u00e9rie ou une d\u00e9marche artistique sans p\u00e9dantisme, replacer une \u0153uvre dans son contexte et donner des cl\u00e9s de lecture accessibles. Avant de publier, je v\u00e9rifie mes r\u00e9f\u00e9rences, je recoupe les sources et je distingue clairement le fait de mon interpr\u00e9tation subjective. Je crois qu'une critique vaut surtout par les arguments qu'elle expose, pas par la sentence qu'elle rend. Mon angle : transmettre l'envie de d\u00e9couvrir, de regarder autrement et de se forger son propre go\u00fbt. La culture n'appartient pas qu'aux initi\u00e9s, et c'est tout l'enjeu de mon \u00e9criture.","url":"https:\/\/slams.fr\/blog\/auteur\/raphael-d\/","jobTitle":"R\u00e9dacteur en chef \u00b7 Culture & Cr\u00e9ation","knowsAbout":["Culture","Cr\u00e9ation"],"email":"raphael.d@a-l-asso-de-l-art.fr"}]}},"_links":{"self":[{"href":"https:\/\/slams.fr\/blog\/wp-json\/wp\/v2\/posts\/7515","targetHints":{"allow":["GET"]}}],"collection":[{"href":"https:\/\/slams.fr\/blog\/wp-json\/wp\/v2\/posts"}],"about":[{"href":"https:\/\/slams.fr\/blog\/wp-json\/wp\/v2\/types\/post"}],"author":[{"embeddable":true,"href":"https:\/\/slams.fr\/blog\/wp-json\/wp\/v2\/users\/34"}],"replies":[{"embeddable":true,"href":"https:\/\/slams.fr\/blog\/wp-json\/wp\/v2\/comments?post=7515"}],"version-history":[{"count":0,"href":"https:\/\/slams.fr\/blog\/wp-json\/wp\/v2\/posts\/7515\/revisions"}],"wp:featuredmedia":[{"embeddable":true,"href":"https:\/\/slams.fr\/blog\/wp-json\/wp\/v2\/media\/7584"}],"wp:attachment":[{"href":"https:\/\/slams.fr\/blog\/wp-json\/wp\/v2\/media?parent=7515"}],"wp:term":[{"taxonomy":"category","embeddable":true,"href":"https:\/\/slams.fr\/blog\/wp-json\/wp\/v2\/categories?post=7515"},{"taxonomy":"post_tag","embeddable":true,"href":"https:\/\/slams.fr\/blog\/wp-json\/wp\/v2\/tags?post=7515"}],"curies":[{"name":"wp","href":"https:\/\/api.w.org\/{rel}","templated":true}]}}