{"id":7516,"date":"2025-06-14T22:32:53","date_gmt":"2025-06-14T20:32:53","guid":{"rendered":"https:\/\/slams.fr\/blog\/a-la-une\/panorama-des-collectifs-et-associations-de-slam-locaux-dynamiser-lart-oratoire-dans-chaque-territoire-2\/"},"modified":"2025-06-14T22:32:53","modified_gmt":"2025-06-14T20:32:53","slug":"panorama-des-collectifs-et-associations-de-slam-locaux-dynamiser-lart-oratoire-dans-chaque-territoire-2","status":"publish","type":"post","link":"https:\/\/slams.fr\/blog\/a-la-une\/panorama-des-collectifs-et-associations-de-slam-locaux-dynamiser-lart-oratoire-dans-chaque-territoire-2\/","title":{"rendered":"Panorama des collectifs et associations de slam locaux : dynamiser l\u2019art oratoire dans chaque territoire"},"content":{"rendered":"<h1>Panorama des collectifs et associations de slam locaux : dynamiser l\u2019art oratoire dans chaque territoire<\/h1>\n<h2>Cartographie des r\u00e9seaux structurants et f\u00e9d\u00e9rations nationales<\/h2>\n<p>\n    Le paysage du slam fran\u00e7ais est coordonn\u00e9 par plusieurs <strong>structures f\u00e9d\u00e9ratrices<\/strong> incontournables. Celles-ci agissent comme des pivots, f\u00e9d\u00e9rant les initiatives locales, accompagnant les projets et consolidant la place du slam dans le secteur culturel. <\/p>\n<ul>\n<li><strong>Ligue Slam de France (LSF)<\/strong>\u00a0: <u>Principale f\u00e9d\u00e9ration nationale<\/u>, la LSF recense, accompagne et relie les collectifs, associations et artistes ind\u00e9pendants \u00e0 travers tout le territoire. Elle propose un centre d\u2019information centralis\u00e9, assure la visibilit\u00e9 des membres, coordonne la <strong>Coupe de la Ligue Slam de France<\/strong> et offre un relais m\u00e9diatique puissant dont b\u00e9n\u00e9ficient ses adh\u00e9rents. Sa gouvernance accorde une voix \u00e0 chaque structure ou artiste membre lors de ses assembl\u00e9es g\u00e9n\u00e9rales, garantissant ainsi une repr\u00e9sentation \u00e9quitable et d\u00e9mocratique.<\/li>\n<li><strong>R\u00e9seau d\u2019associations membres<\/strong>\u00a0: Parmi les organisations int\u00e9gr\u00e9es \u00e0 la LSF, citons <strong>Slam Connexion<\/strong>, <strong>La Meute Slam<\/strong>, <strong>Uppercut Prod<\/strong>, <strong>Les Ateliers Slam.com<\/strong> et <strong>129 H Productions<\/strong>. Ces collectifs entretiennent avec la Ligue une relation de mutualisation, b\u00e9n\u00e9ficiant d\u2019un accompagnement logistique, de formations et d\u2019occasions pour pr\u00e9senter des spectacles ou organiser des tournois.<\/li>\n<li><strong>F\u00e9d\u00e9rations multi-acteurs<\/strong>\u00a0: Bien que centr\u00e9e sur le slam, la LSF s\u2019int\u00e8gre \u00e9galement \u00e0 des r\u00e9seaux nationaux de promotion de la culture et de l\u2019\u00e9ducation, travaillant avec d\u2019autres f\u00e9d\u00e9rations telles que la <strong>F\u00e9d\u00e9ration nationale des Francas<\/strong> ou la <strong>LICRA<\/strong>, assurant ainsi un rayonnement transversal et un ancrage dans de nombreuses politiques publiques.<\/li>\n<\/ul>\n<p>\n    L\u2019histoire de ces r\u00e9seaux illustre la mont\u00e9e en puissance du slam depuis les ann\u00e9es 2000, son int\u00e9gration progressive \u00e0 la vie culturelle institutionnelle, et l\u2019\u00e9volution de ses missions vers une professionnalisation accrue, tout en pr\u00e9servant l\u2019esprit participatif et citoyen originel. Leur r\u00f4le s\u2019av\u00e8re d\u00e9cisif\u00a0: ils garantissent une structuration coh\u00e9rente de la fili\u00e8re, facilitent la circulation des artistes, la mutualisation des ressources et la visibilit\u00e9 des dynamiques \u00e9mergentes sur l\u2019ensemble du territoire.\n  <\/p>\n<h2>Implantation r\u00e9gionale\u00a0: diversit\u00e9 et sp\u00e9cificit\u00e9s des collectifs locaux<\/h2>\n<p>\n    Les <strong>collectifs de slam<\/strong> incarnent une diversit\u00e9 remarquable, tant en termes d\u2019approches artistiques que de modes de fonctionnement. Chaque association ou collectif porte une identit\u00e9 propre, fa\u00e7onn\u00e9e par son territoire, ses fondateurs et la composition de son public. Nous observons une v\u00e9ritable mosa\u00efque d\u2019acteurs \u00e0 travers la France, dont l\u2019impact local est consid\u00e9rable.\n  <\/p>\n<ul>\n<li><strong>Slam Connexion (\u00cele-de-France)<\/strong>\u00a0: Implant\u00e9e au c\u0153ur de la r\u00e9gion parisienne, cette structure multiplie sc\u00e8nes ouvertes, ateliers d\u2019\u00e9criture et actions aupr\u00e8s de publics \u00e9loign\u00e9s de l\u2019offre culturelle. Forte de son histoire, elle irrigue la capitale et ses environs d\u2019initiatives originales, participant \u00e0 la vitalit\u00e9 de la sc\u00e8ne urbaine.<\/li>\n<li><strong>La Meute Slam (Grand Est)<\/strong>\u00a0: Ancr\u00e9e \u00e0 Reims, La Meute Slam s\u2019est impos\u00e9e comme un acteur cl\u00e9 de la culture r\u00e9gionale. Ce collectif organise r\u00e9guli\u00e8rement des tournois, accompagne les jeunes talents et anime des ateliers dans les centres sociaux et \u00e9tablissements scolaires, dynamisant ainsi la po\u00e9sie orale dans l\u2019Aube et la Marne.<\/li>\n<li><strong>Uppercut Prod (Occitanie)<\/strong>\u00a0: Cette structure toulousaine, n\u00e9e de la volont\u00e9 de cr\u00e9er des espaces d\u2019expression dans les quartiers populaires, s\u2019engage dans l\u2019organisation de festivals, la diffusion de spectacles de slam et l\u2019accompagnement professionnel des artistes. Elle s\u2019illustre par son savoir-faire en mati\u00e8re de production et sa capacit\u00e9 \u00e0 toucher un public interg\u00e9n\u00e9rationnel.<\/li>\n<li><strong>Les Ateliers Slam.com (Nouvelle-Aquitaine)<\/strong>\u00a0: Pr\u00e9sents \u00e0 Bordeaux et dans les villes satellites, Les Ateliers Slam.com misent sur la transmission interg\u00e9n\u00e9rationnelle, l\u2019animation de sc\u00e8nes r\u00e9guli\u00e8res et un maillage scolaire tr\u00e8s dense, d\u00e9veloppant un tissu relationnel solide entre artistes, \u00e9ducateurs et institutions locales.<\/li>\n<li><strong>129 H Productions (\u00cele-de-France)<\/strong>\u00a0: Install\u00e9e dans le 20e arrondissement de Paris, cette association rayonne sur la capitale via ses ateliers r\u00e9guliers, son tournoi annuel aux Plateaux Sauvages et de nombreux partenariats culturels. Elle intervient aussi bien dans des structures \u00e9ducatives que des espaces culturels ind\u00e9pendants, t\u00e9moignant d\u2019un ancrage territorial profond et d\u2019une large capacit\u00e9 d\u2019innovation.<\/li>\n<\/ul>\n<p>\n    Ces exemples d\u00e9montrent que les dynamiques diff\u00e8rent selon les contextes urbains ou ruraux. Certaines associations privil\u00e9gient le maillage des quartiers, d\u2019autres investissent les zones p\u00e9riurbaines ou les petites communes, s\u2019appuyant sur des r\u00e9seaux d\u2019acteurs sociaux et \u00e9ducatifs pour irriguer le territoire. Cette pluralit\u00e9 garantit une pr\u00e9sence r\u00e9siliente du slam, capable de s\u2019adapter aux sp\u00e9cificit\u00e9s r\u00e9gionales tout en maintenant l\u2019exigence artistique et la convivialit\u00e9 qui caract\u00e9risent ce mouvement.\n  <\/p>\n<h2>Missions et actions au c\u0153ur des territoires<\/h2>\n<p>\n    Les missions port\u00e9es par les collectifs et associations de slam s\u2019articulent autour de plusieurs axes principaux, r\u00e9pondant \u00e0 la fois \u00e0 des enjeux d\u2019acc\u00e8s \u00e0 la culture, de formation des publics et de structuration de la fili\u00e8re artistique. Voici les principales actions concr\u00e8tes men\u00e9es\u00a0:<\/p>\n<ul>\n<li><strong>Organisation de sc\u00e8nes ouvertes<\/strong> : Ces soir\u00e9es permettent \u00e0 tous, d\u00e9butants comme confirm\u00e9s, de s\u2019essayer \u00e0 la sc\u00e8ne, de partager leur cr\u00e9ation et de rencontrer d\u2019autres passionn\u00e9s. L\u2019exp\u00e9rience v\u00e9cue sur sc\u00e8ne favorise la prise de parole, la confiance en soi et l\u2019enrichissement mutuel.<\/li>\n<li><strong>Ateliers d\u2019\u00e9criture et d\u2019oralit\u00e9<\/strong> : Anim\u00e9s par des <strong>slammasters<\/strong> exp\u00e9riment\u00e9s, ces ateliers initient les participants aux techniques de l\u2019\u00e9criture po\u00e9tique, \u00e0 la performance sc\u00e9nique et \u00e0 l\u2019improvisation. On y apprend \u00e0 jouer avec les mots, \u00e0 canaliser ses \u00e9motions et \u00e0 structurer ses textes pour marquer l\u2019auditoire.<\/li>\n<li><strong>Cr\u00e9ation d\u2019\u00e9v\u00e9nements f\u00e9d\u00e9rateurs<\/strong> : Festivals, tournois r\u00e9gionaux ou nationaux, journ\u00e9es de la parole libre\u2026 Les associations orchestrent de grands rendez-vous, catalyseurs de rencontres et vitrines de la sc\u00e8ne locale. Ces \u00e9v\u00e9nements contribuent \u00e0 forger une identit\u00e9 collective, tout en offrant une visibilit\u00e9 aux artistes \u00e9mergents.<\/li>\n<li><strong>Accompagnement des jeunes slameurs<\/strong> : Plusieurs collectifs mettent en place des dispositifs de rep\u00e9rage et de mentorat, permettant aux jeunes talents de b\u00e9n\u00e9ficier d\u2019un suivi artistique et de conseils personnalis\u00e9s pour d\u00e9velopper leur potentiel.<\/li>\n<\/ul>\n<p>\n    Ces missions se d\u00e9ploient en partenariat avec de nombreux acteurs\u00a0: institutions \u00e9ducatives, centres sociaux, maisons de quartier, biblioth\u00e8ques ou festivals partenaires. La capacit\u00e9 des associations \u00e0 mobiliser ces r\u00e9seaux locaux explique le succ\u00e8s du slam comme outil d\u2019\u00e9ducation populaire, mais aussi son ancrage dans la vie quotidienne des territoires.\n  <\/p>\n<h2>Le r\u00f4le des associations de slam dans l\u2019\u00e9ducation et le lien social<\/h2>\n<p>\n    L\u2019engagement des associations de slam en faveur de l\u2019\u00e9ducation et du lien social se traduit par une multitude d\u2019initiatives cibl\u00e9es, structur\u00e9es et reconnues par les pouvoirs publics. Les collaborations avec l\u2019\u00c9ducation nationale ou les collectivit\u00e9s territoriales permettent d\u2019amplifier la port\u00e9e de leurs actions et de toucher une grande diversit\u00e9 de publics.<\/p>\n<ul>\n<li><strong>Projets dans les \u00e9tablissements scolaires<\/strong>\u00a0: De nombreuses associations, \u00e0 l\u2019instar de <strong>129 H Productions<\/strong>, interviennent dans les \u00e9coles, coll\u00e8ges ou lyc\u00e9es pour animer des ateliers de slam adapt\u00e9s \u00e0 chaque niveau d\u2019\u00e2ge. L\u2019accent est mis sur l\u2019apprentissage de la prise de parole, le d\u00e9veloppement de la pens\u00e9e critique et la lutte contre les discriminations par le biais de la cr\u00e9ation po\u00e9tique.<\/li>\n<li><strong>Actions aupr\u00e8s des structures sociales<\/strong>\u00a0: Certains collectifs, tels que <strong>Uppercut Prod<\/strong> ou <strong>La Meute Slam<\/strong>, travaillent maintenant avec les centres sociaux, les maisons d\u2019arr\u00eat, les h\u00f4pitaux ou les foyers d\u2019accueil, r\u00e9inventant sans cesse le format des ateliers pour favoriser l\u2019estime de soi, la communication entre g\u00e9n\u00e9rations et l\u2019inclusion des personnes \u00e9loign\u00e9es de l\u2019offre culturelle traditionnelle.<\/li>\n<li><strong>Participation aux politiques culturelles locales<\/strong>\u00a0: Le slam figure dans de nombreux projets d\u2019\u00e9ducation artistique et culturelle port\u00e9s par les villes, intercommunalit\u00e9s ou d\u00e9partements, b\u00e9n\u00e9ficiant d\u2019un label ou d\u2019un agr\u00e9ment officiel, notamment aupr\u00e8s de l\u2019\u00c9ducation nationale ou de f\u00e9d\u00e9rations partenaires. Ce statut favorise la p\u00e9rennisation des actions et leur ancrage institutionnel.<\/li>\n<\/ul>\n<p>\n    L\u2019impact social du slam se mesure \u00e0 la capacit\u00e9 de ces initiatives \u00e0 cr\u00e9er du lien, \u00e0 r\u00e9\u00e9quilibrer les rapports sociaux et \u00e0 susciter <u>la confiance en soi<\/u>. Les ateliers men\u00e9s en milieux scolaires ou sociaux incarnent un formidable levier de <strong>d\u00e9mocratisation culturelle<\/strong>\u00a0: ils permettent aux participants d\u2019oser s\u2019exprimer, de valoriser leur histoire et de se sentir entendus, quelles que soient leurs origines ou leurs parcours. \u00c0 nos yeux, ce travail de terrain justifie pleinement la reconnaissance institutionnelle progressive dont b\u00e9n\u00e9ficient aujourd\u2019hui de nombreuses associations.\n  <\/p>\n<h2>Comment rejoindre ou soutenir une association de slam pr\u00e8s de chez soi<\/h2>\n<p>\n    S\u2019engager dans le slam, c\u2019est choisir de participer activement \u00e0 la vie culturelle de son territoire, tout en s\u2019ouvrant \u00e0 des exp\u00e9riences humaines riches et vari\u00e9es. Rejoindre un collectif ou soutenir une association peut se faire de multiples fa\u00e7ons, adapt\u00e9es \u00e0 vos envies et \u00e0 vos disponibilit\u00e9s.<\/p>\n<ul>\n<li><strong>Rechercher une structure active<\/strong>\u00a0: Plusieurs plateformes, dont le site de la <strong>Ligue Slam de France<\/strong>, recensent les collectifs, associations et sc\u00e8nes locales. Il suffit de consulter la carte ou l\u2019annuaire pour trouver la structure la plus proche de chez vous, ainsi que ses coordonn\u00e9es pour prendre contact.<\/li>\n<li><strong>Participer aux ateliers ou sc\u00e8nes ouvertes<\/strong>\u00a0: La grande majorit\u00e9 des associations proposent des ateliers hebdomadaires ou des soir\u00e9es slam accessibles \u00e0 tous, sans pr\u00e9requis. S\u2019inscrire \u00e0 une premi\u00e8re s\u00e9ance permet de d\u00e9couvrir l\u2019ambiance du collectif, d\u2019\u00e9changer avec les membres et de se familiariser avec les codes du slam.<\/li>\n<li><strong>S\u2019impliquer comme b\u00e9n\u00e9vole<\/strong>\u00a0: Outre la pratique artistique, les associations recherchent souvent des soutiens logistiques, techniques ou administratifs. Vous pouvez aider \u00e0 l\u2019organisation d\u2019\u00e9v\u00e9nements, \u00e0 la gestion de la communication ou \u00e0 l\u2019accompagnement des nouveaux membres.<\/li>\n<li><strong>Lancer son propre collectif<\/strong>\u00a0: Si aucune structure n\u2019existe dans votre localit\u00e9, il est possible de fonder un collectif en s\u2019appuyant sur les ressources mises \u00e0 disposition par les f\u00e9d\u00e9rations nationales. Des guides pratiques, des formations et un accompagnement personnalis\u00e9 sont propos\u00e9s pour assurer la viabilit\u00e9 du projet.<\/li>\n<\/ul>\n<p>\n    Selon notre exp\u00e9rience, s\u2019engager dans une association de slam s\u2019av\u00e8re particuli\u00e8rement enrichissant et stimulant. Vous y trouverez une communaut\u00e9 soud\u00e9e, pr\u00eate \u00e0 vous soutenir dans vos d\u00e9marches cr\u00e9atives et \u00e0 vous offrir des opportunit\u00e9s de formation et de diffusion. L\u2019acc\u00e8s \u00e0 un r\u00e9seau national, la participation \u00e0 des \u00e9v\u00e9nements majeurs et la possibilit\u00e9 de contribuer \u00e0 la vie culturelle locale constituent autant d\u2019avantages, renfor\u00e7ant votre ancrage dans la sc\u00e8ne slam fran\u00e7aise. Pour ceux d\u00e9sireux d\u2019aller plus loin, la cr\u00e9ation d\u2019un collectif repr\u00e9sente un projet valorisant, \u00e0 la fois pour soi et pour sa communaut\u00e9.\n  <\/p>\n","protected":false},"excerpt":{"rendered":"","protected":false},"author":34,"featured_media":7583,"comment_status":"open","ping_status":"open","sticky":false,"template":"","format":"standard","meta":{"_acf_changed":false,"manual_indexmenow":false,"indexmenow_id_project":0,"footnotes":""},"categories":[1],"tags":[4676,4680,4526],"class_list":["post-7516","post","type-post","status-publish","format-standard","has-post-thumbnail","hentry","category-a-la-une","tag-art-oratoire","tag-associations","tag-slam","generate-columns","tablet-grid-50","mobile-grid-100","grid-parent","grid-25"],"acf":[],"yoast_head":"<!-- This site is optimized with the Yoast SEO Premium plugin v21.3 (Yoast SEO v26.5) - https:\/\/yoast.com\/wordpress\/plugins\/seo\/ -->\n<title>Les collectifs et associations de slam locaux<\/title>\n<meta name=\"description\" content=\"Le paysage du slam fran\u00e7ais est coordonn\u00e9 par plusieurs structures f\u00e9d\u00e9ratrices incontournables.\" \/>\n<meta name=\"robots\" content=\"index, follow, max-snippet:-1, max-image-preview:large, max-video-preview:-1\" \/>\n<link rel=\"canonical\" href=\"https:\/\/slams.fr\/blog\/a-la-une\/panorama-des-collectifs-et-associations-de-slam-locaux-dynamiser-lart-oratoire-dans-chaque-territoire-2\/\" \/>\n<meta property=\"og:locale\" content=\"fr_FR\" \/>\n<meta property=\"og:type\" content=\"article\" \/>\n<meta property=\"og:title\" content=\"Les collectifs et associations de slam locaux\" \/>\n<meta property=\"og:description\" content=\"Le paysage du slam fran\u00e7ais est coordonn\u00e9 par plusieurs structures f\u00e9d\u00e9ratrices incontournables.\" \/>\n<meta property=\"og:url\" content=\"https:\/\/slams.fr\/blog\/a-la-une\/panorama-des-collectifs-et-associations-de-slam-locaux-dynamiser-lart-oratoire-dans-chaque-territoire-2\/\" \/>\n<meta property=\"og:site_name\" content=\"slams\" \/>\n<meta property=\"og:image\" content=\"https:\/\/slams.fr\/blog\/wp-content\/uploads\/2025\/07\/sdxl-24c195731775e32567da37efdf5bc48c-scaled.png\" \/>\n\t<meta property=\"og:image:width\" content=\"1200\" \/>\n\t<meta property=\"og:image:height\" content=\"500\" \/>\n\t<meta property=\"og:image:type\" content=\"image\/png\" \/>\n<meta name=\"author\" content=\"Rapha\u00ebl D.\" \/>\n<meta name=\"twitter:card\" content=\"summary_large_image\" \/>\n<script type=\"application\/ld+json\" class=\"yoast-schema-graph\">{\"@context\":\"https:\/\/schema.org\",\"@graph\":[{\"@type\":\"NewsArticle\",\"@id\":\"https:\/\/slams.fr\/blog\/a-la-une\/panorama-des-collectifs-et-associations-de-slam-locaux-dynamiser-lart-oratoire-dans-chaque-territoire-2\/#article\",\"isPartOf\":{\"@id\":\"https:\/\/slams.fr\/blog\/a-la-une\/panorama-des-collectifs-et-associations-de-slam-locaux-dynamiser-lart-oratoire-dans-chaque-territoire-2\/\"},\"author\":{\"name\":\"Rapha\u00ebl D.\",\"@id\":\"https:\/\/slams.fr\/blog\/#\/schema\/person\/3c864cdc320801e3db34b663e7e3f816\"},\"headline\":\"Panorama des collectifs et associations de slam locaux : dynamiser l\u2019art oratoire dans chaque territoire\",\"datePublished\":\"2025-06-14T20:32:53+00:00\",\"mainEntityOfPage\":{\"@id\":\"https:\/\/slams.fr\/blog\/a-la-une\/panorama-des-collectifs-et-associations-de-slam-locaux-dynamiser-lart-oratoire-dans-chaque-territoire-2\/\"},\"wordCount\":1855,\"commentCount\":0,\"publisher\":{\"@id\":\"https:\/\/slams.fr\/blog\/#organization\"},\"image\":{\"@id\":\"https:\/\/slams.fr\/blog\/a-la-une\/panorama-des-collectifs-et-associations-de-slam-locaux-dynamiser-lart-oratoire-dans-chaque-territoire-2\/#primaryimage\"},\"thumbnailUrl\":\"https:\/\/slams.fr\/blog\/wp-content\/uploads\/2025\/07\/sdxl-24c195731775e32567da37efdf5bc48c-scaled.png\",\"keywords\":[\"art oratoire\",\"associations\",\"Slam\"],\"articleSection\":[\"\u00c0 la une\"],\"inLanguage\":\"fr-FR\",\"potentialAction\":[{\"@type\":\"CommentAction\",\"name\":\"Comment\",\"target\":[\"https:\/\/slams.fr\/blog\/a-la-une\/panorama-des-collectifs-et-associations-de-slam-locaux-dynamiser-lart-oratoire-dans-chaque-territoire-2\/#respond\"]}]},{\"@type\":\"WebPage\",\"@id\":\"https:\/\/slams.fr\/blog\/a-la-une\/panorama-des-collectifs-et-associations-de-slam-locaux-dynamiser-lart-oratoire-dans-chaque-territoire-2\/\",\"url\":\"https:\/\/slams.fr\/blog\/a-la-une\/panorama-des-collectifs-et-associations-de-slam-locaux-dynamiser-lart-oratoire-dans-chaque-territoire-2\/\",\"name\":\"Les collectifs et associations de slam locaux\",\"isPartOf\":{\"@id\":\"https:\/\/slams.fr\/blog\/#website\"},\"primaryImageOfPage\":{\"@id\":\"https:\/\/slams.fr\/blog\/a-la-une\/panorama-des-collectifs-et-associations-de-slam-locaux-dynamiser-lart-oratoire-dans-chaque-territoire-2\/#primaryimage\"},\"image\":{\"@id\":\"https:\/\/slams.fr\/blog\/a-la-une\/panorama-des-collectifs-et-associations-de-slam-locaux-dynamiser-lart-oratoire-dans-chaque-territoire-2\/#primaryimage\"},\"thumbnailUrl\":\"https:\/\/slams.fr\/blog\/wp-content\/uploads\/2025\/07\/sdxl-24c195731775e32567da37efdf5bc48c-scaled.png\",\"datePublished\":\"2025-06-14T20:32:53+00:00\",\"description\":\"Le paysage du slam fran\u00e7ais est coordonn\u00e9 par plusieurs structures f\u00e9d\u00e9ratrices incontournables.\",\"inLanguage\":\"fr-FR\",\"potentialAction\":[{\"@type\":\"ReadAction\",\"target\":[\"https:\/\/slams.fr\/blog\/a-la-une\/panorama-des-collectifs-et-associations-de-slam-locaux-dynamiser-lart-oratoire-dans-chaque-territoire-2\/\"]}]},{\"@type\":\"ImageObject\",\"inLanguage\":\"fr-FR\",\"@id\":\"https:\/\/slams.fr\/blog\/a-la-une\/panorama-des-collectifs-et-associations-de-slam-locaux-dynamiser-lart-oratoire-dans-chaque-territoire-2\/#primaryimage\",\"url\":\"https:\/\/slams.fr\/blog\/wp-content\/uploads\/2025\/07\/sdxl-24c195731775e32567da37efdf5bc48c-scaled.png\",\"contentUrl\":\"https:\/\/slams.fr\/blog\/wp-content\/uploads\/2025\/07\/sdxl-24c195731775e32567da37efdf5bc48c-scaled.png\",\"width\":1200,\"height\":500},{\"@type\":\"WebSite\",\"@id\":\"https:\/\/slams.fr\/blog\/#website\",\"url\":\"https:\/\/slams.fr\/blog\/\",\"name\":\"slams.fr\",\"description\":\"Slams, l&#039;\u00e9nergie des mots en action\",\"publisher\":{\"@id\":\"https:\/\/slams.fr\/blog\/#organization\"},\"alternateName\":\"Slams, l'\u00e9nergie des mots en action\",\"potentialAction\":[{\"@type\":\"SearchAction\",\"target\":{\"@type\":\"EntryPoint\",\"urlTemplate\":\"https:\/\/slams.fr\/blog\/?s={search_term_string}\"},\"query-input\":{\"@type\":\"PropertyValueSpecification\",\"valueRequired\":true,\"valueName\":\"search_term_string\"}}],\"inLanguage\":\"fr-FR\"},{\"@type\":\"Organization\",\"@id\":\"https:\/\/slams.fr\/blog\/#organization\",\"name\":\"Foretsensations.fr\",\"url\":\"https:\/\/slams.fr\/blog\/\",\"logo\":{\"@type\":\"ImageObject\",\"inLanguage\":\"fr-FR\",\"@id\":\"https:\/\/slams.fr\/blog\/#\/schema\/logo\/image\/\",\"url\":\"https:\/\/slams.fr\/blog\/wp-content\/uploads\/2026\/07\/logo-auto-1.png\",\"contentUrl\":\"https:\/\/slams.fr\/blog\/wp-content\/uploads\/2026\/07\/logo-auto-1.png\",\"width\":1024,\"height\":1024,\"caption\":\"Foretsensations.fr\"},\"image\":{\"@id\":\"https:\/\/slams.fr\/blog\/#\/schema\/logo\/image\/\"}},{\"@type\":\"Person\",\"@id\":\"https:\/\/slams.fr\/blog\/#\/schema\/person\/3c864cdc320801e3db34b663e7e3f816\",\"name\":\"Rapha\u00ebl D.\",\"image\":{\"@type\":\"ImageObject\",\"inLanguage\":\"fr-FR\",\"@id\":\"https:\/\/slams.fr\/blog\/#\/schema\/person\/image\/\",\"url\":\"https:\/\/slams.fr\/blog\/wp-content\/uploads\/2026\/06\/persona_raphael-d-96x96.jpg\",\"contentUrl\":\"https:\/\/slams.fr\/blog\/wp-content\/uploads\/2026\/06\/persona_raphael-d-96x96.jpg\",\"caption\":\"Rapha\u00ebl D.\"},\"description\":\"La culture est mon terrain de jeu depuis une dizaine d'ann\u00e9es : arts visuels, s\u00e9ries, cr\u00e9ation et tout ce qui nourrit l'imaginaire. J'\u00e9cris aussi bien sur l'actualit\u00e9 des \u0153uvres que sur les coulisses de la cr\u00e9ation, avec l'envie de relier l'amateur curieux \u00e0 des univers parfois jug\u00e9s intimidants. J'aime analyser une s\u00e9rie ou une d\u00e9marche artistique sans p\u00e9dantisme, replacer une \u0153uvre dans son contexte et donner des cl\u00e9s de lecture accessibles. Avant de publier, je v\u00e9rifie mes r\u00e9f\u00e9rences, je recoupe les sources et je distingue clairement le fait de mon interpr\u00e9tation subjective. Je crois qu'une critique vaut surtout par les arguments qu'elle expose, pas par la sentence qu'elle rend. Mon angle : transmettre l'envie de d\u00e9couvrir, de regarder autrement et de se forger son propre go\u00fbt. La culture n'appartient pas qu'aux initi\u00e9s, et c'est tout l'enjeu de mon \u00e9criture.\",\"url\":\"https:\/\/slams.fr\/blog\/auteur\/raphael-d\/\",\"jobTitle\":\"R\u00e9dacteur en chef \u00b7 Culture & Cr\u00e9ation\",\"knowsAbout\":[\"Culture\",\"Cr\u00e9ation\"],\"email\":\"raphael.d@a-l-asso-de-l-art.fr\"}]}<\/script>\n<!-- \/ Yoast SEO Premium plugin. -->","yoast_head_json":{"title":"Les collectifs et associations de slam locaux","description":"Le paysage du slam fran\u00e7ais est coordonn\u00e9 par plusieurs structures f\u00e9d\u00e9ratrices incontournables.","robots":{"index":"index","follow":"follow","max-snippet":"max-snippet:-1","max-image-preview":"max-image-preview:large","max-video-preview":"max-video-preview:-1"},"canonical":"https:\/\/slams.fr\/blog\/a-la-une\/panorama-des-collectifs-et-associations-de-slam-locaux-dynamiser-lart-oratoire-dans-chaque-territoire-2\/","og_locale":"fr_FR","og_type":"article","og_title":"Les collectifs et associations de slam locaux","og_description":"Le paysage du slam fran\u00e7ais est coordonn\u00e9 par plusieurs structures f\u00e9d\u00e9ratrices incontournables.","og_url":"https:\/\/slams.fr\/blog\/a-la-une\/panorama-des-collectifs-et-associations-de-slam-locaux-dynamiser-lart-oratoire-dans-chaque-territoire-2\/","og_site_name":"slams","og_image":[{"width":1200,"height":500,"url":"https:\/\/slams.fr\/blog\/wp-content\/uploads\/2025\/07\/sdxl-24c195731775e32567da37efdf5bc48c-scaled.png","type":"image\/png"}],"author":"Rapha\u00ebl D.","twitter_card":"summary_large_image","schema":{"@context":"https:\/\/schema.org","@graph":[{"@type":"NewsArticle","@id":"https:\/\/slams.fr\/blog\/a-la-une\/panorama-des-collectifs-et-associations-de-slam-locaux-dynamiser-lart-oratoire-dans-chaque-territoire-2\/#article","isPartOf":{"@id":"https:\/\/slams.fr\/blog\/a-la-une\/panorama-des-collectifs-et-associations-de-slam-locaux-dynamiser-lart-oratoire-dans-chaque-territoire-2\/"},"author":{"name":"Rapha\u00ebl D.","@id":"https:\/\/slams.fr\/blog\/#\/schema\/person\/3c864cdc320801e3db34b663e7e3f816"},"headline":"Panorama des collectifs et associations de slam locaux : dynamiser l\u2019art oratoire dans chaque territoire","datePublished":"2025-06-14T20:32:53+00:00","mainEntityOfPage":{"@id":"https:\/\/slams.fr\/blog\/a-la-une\/panorama-des-collectifs-et-associations-de-slam-locaux-dynamiser-lart-oratoire-dans-chaque-territoire-2\/"},"wordCount":1855,"commentCount":0,"publisher":{"@id":"https:\/\/slams.fr\/blog\/#organization"},"image":{"@id":"https:\/\/slams.fr\/blog\/a-la-une\/panorama-des-collectifs-et-associations-de-slam-locaux-dynamiser-lart-oratoire-dans-chaque-territoire-2\/#primaryimage"},"thumbnailUrl":"https:\/\/slams.fr\/blog\/wp-content\/uploads\/2025\/07\/sdxl-24c195731775e32567da37efdf5bc48c-scaled.png","keywords":["art oratoire","associations","Slam"],"articleSection":["\u00c0 la une"],"inLanguage":"fr-FR","potentialAction":[{"@type":"CommentAction","name":"Comment","target":["https:\/\/slams.fr\/blog\/a-la-une\/panorama-des-collectifs-et-associations-de-slam-locaux-dynamiser-lart-oratoire-dans-chaque-territoire-2\/#respond"]}]},{"@type":"WebPage","@id":"https:\/\/slams.fr\/blog\/a-la-une\/panorama-des-collectifs-et-associations-de-slam-locaux-dynamiser-lart-oratoire-dans-chaque-territoire-2\/","url":"https:\/\/slams.fr\/blog\/a-la-une\/panorama-des-collectifs-et-associations-de-slam-locaux-dynamiser-lart-oratoire-dans-chaque-territoire-2\/","name":"Les collectifs et associations de slam locaux","isPartOf":{"@id":"https:\/\/slams.fr\/blog\/#website"},"primaryImageOfPage":{"@id":"https:\/\/slams.fr\/blog\/a-la-une\/panorama-des-collectifs-et-associations-de-slam-locaux-dynamiser-lart-oratoire-dans-chaque-territoire-2\/#primaryimage"},"image":{"@id":"https:\/\/slams.fr\/blog\/a-la-une\/panorama-des-collectifs-et-associations-de-slam-locaux-dynamiser-lart-oratoire-dans-chaque-territoire-2\/#primaryimage"},"thumbnailUrl":"https:\/\/slams.fr\/blog\/wp-content\/uploads\/2025\/07\/sdxl-24c195731775e32567da37efdf5bc48c-scaled.png","datePublished":"2025-06-14T20:32:53+00:00","description":"Le paysage du slam fran\u00e7ais est coordonn\u00e9 par plusieurs structures f\u00e9d\u00e9ratrices incontournables.","inLanguage":"fr-FR","potentialAction":[{"@type":"ReadAction","target":["https:\/\/slams.fr\/blog\/a-la-une\/panorama-des-collectifs-et-associations-de-slam-locaux-dynamiser-lart-oratoire-dans-chaque-territoire-2\/"]}]},{"@type":"ImageObject","inLanguage":"fr-FR","@id":"https:\/\/slams.fr\/blog\/a-la-une\/panorama-des-collectifs-et-associations-de-slam-locaux-dynamiser-lart-oratoire-dans-chaque-territoire-2\/#primaryimage","url":"https:\/\/slams.fr\/blog\/wp-content\/uploads\/2025\/07\/sdxl-24c195731775e32567da37efdf5bc48c-scaled.png","contentUrl":"https:\/\/slams.fr\/blog\/wp-content\/uploads\/2025\/07\/sdxl-24c195731775e32567da37efdf5bc48c-scaled.png","width":1200,"height":500},{"@type":"WebSite","@id":"https:\/\/slams.fr\/blog\/#website","url":"https:\/\/slams.fr\/blog\/","name":"slams.fr","description":"Slams, l&#039;\u00e9nergie des mots en action","publisher":{"@id":"https:\/\/slams.fr\/blog\/#organization"},"alternateName":"Slams, l'\u00e9nergie des mots en action","potentialAction":[{"@type":"SearchAction","target":{"@type":"EntryPoint","urlTemplate":"https:\/\/slams.fr\/blog\/?s={search_term_string}"},"query-input":{"@type":"PropertyValueSpecification","valueRequired":true,"valueName":"search_term_string"}}],"inLanguage":"fr-FR"},{"@type":"Organization","@id":"https:\/\/slams.fr\/blog\/#organization","name":"Foretsensations.fr","url":"https:\/\/slams.fr\/blog\/","logo":{"@type":"ImageObject","inLanguage":"fr-FR","@id":"https:\/\/slams.fr\/blog\/#\/schema\/logo\/image\/","url":"https:\/\/slams.fr\/blog\/wp-content\/uploads\/2026\/07\/logo-auto-1.png","contentUrl":"https:\/\/slams.fr\/blog\/wp-content\/uploads\/2026\/07\/logo-auto-1.png","width":1024,"height":1024,"caption":"Foretsensations.fr"},"image":{"@id":"https:\/\/slams.fr\/blog\/#\/schema\/logo\/image\/"}},{"@type":"Person","@id":"https:\/\/slams.fr\/blog\/#\/schema\/person\/3c864cdc320801e3db34b663e7e3f816","name":"Rapha\u00ebl D.","image":{"@type":"ImageObject","inLanguage":"fr-FR","@id":"https:\/\/slams.fr\/blog\/#\/schema\/person\/image\/","url":"https:\/\/slams.fr\/blog\/wp-content\/uploads\/2026\/06\/persona_raphael-d-96x96.jpg","contentUrl":"https:\/\/slams.fr\/blog\/wp-content\/uploads\/2026\/06\/persona_raphael-d-96x96.jpg","caption":"Rapha\u00ebl D."},"description":"La culture est mon terrain de jeu depuis une dizaine d'ann\u00e9es : arts visuels, s\u00e9ries, cr\u00e9ation et tout ce qui nourrit l'imaginaire. J'\u00e9cris aussi bien sur l'actualit\u00e9 des \u0153uvres que sur les coulisses de la cr\u00e9ation, avec l'envie de relier l'amateur curieux \u00e0 des univers parfois jug\u00e9s intimidants. J'aime analyser une s\u00e9rie ou une d\u00e9marche artistique sans p\u00e9dantisme, replacer une \u0153uvre dans son contexte et donner des cl\u00e9s de lecture accessibles. Avant de publier, je v\u00e9rifie mes r\u00e9f\u00e9rences, je recoupe les sources et je distingue clairement le fait de mon interpr\u00e9tation subjective. Je crois qu'une critique vaut surtout par les arguments qu'elle expose, pas par la sentence qu'elle rend. Mon angle : transmettre l'envie de d\u00e9couvrir, de regarder autrement et de se forger son propre go\u00fbt. La culture n'appartient pas qu'aux initi\u00e9s, et c'est tout l'enjeu de mon \u00e9criture.","url":"https:\/\/slams.fr\/blog\/auteur\/raphael-d\/","jobTitle":"R\u00e9dacteur en chef \u00b7 Culture & Cr\u00e9ation","knowsAbout":["Culture","Cr\u00e9ation"],"email":"raphael.d@a-l-asso-de-l-art.fr"}]}},"_links":{"self":[{"href":"https:\/\/slams.fr\/blog\/wp-json\/wp\/v2\/posts\/7516","targetHints":{"allow":["GET"]}}],"collection":[{"href":"https:\/\/slams.fr\/blog\/wp-json\/wp\/v2\/posts"}],"about":[{"href":"https:\/\/slams.fr\/blog\/wp-json\/wp\/v2\/types\/post"}],"author":[{"embeddable":true,"href":"https:\/\/slams.fr\/blog\/wp-json\/wp\/v2\/users\/34"}],"replies":[{"embeddable":true,"href":"https:\/\/slams.fr\/blog\/wp-json\/wp\/v2\/comments?post=7516"}],"version-history":[{"count":0,"href":"https:\/\/slams.fr\/blog\/wp-json\/wp\/v2\/posts\/7516\/revisions"}],"wp:featuredmedia":[{"embeddable":true,"href":"https:\/\/slams.fr\/blog\/wp-json\/wp\/v2\/media\/7583"}],"wp:attachment":[{"href":"https:\/\/slams.fr\/blog\/wp-json\/wp\/v2\/media?parent=7516"}],"wp:term":[{"taxonomy":"category","embeddable":true,"href":"https:\/\/slams.fr\/blog\/wp-json\/wp\/v2\/categories?post=7516"},{"taxonomy":"post_tag","embeddable":true,"href":"https:\/\/slams.fr\/blog\/wp-json\/wp\/v2\/tags?post=7516"}],"curies":[{"name":"wp","href":"https:\/\/api.w.org\/{rel}","templated":true}]}}