{"id":7517,"date":"2025-06-14T22:33:23","date_gmt":"2025-06-14T20:33:23","guid":{"rendered":"https:\/\/slams.fr\/blog\/a-la-une\/ou-denicher-des-animations-slam-adaptees-aux-centres-culturels-et-aux-ecoles-2\/"},"modified":"2025-06-14T22:33:23","modified_gmt":"2025-06-14T20:33:23","slug":"ou-denicher-des-animations-slam-adaptees-aux-centres-culturels-et-aux-ecoles-2","status":"publish","type":"post","link":"https:\/\/slams.fr\/blog\/a-la-une\/ou-denicher-des-animations-slam-adaptees-aux-centres-culturels-et-aux-ecoles-2\/","title":{"rendered":"O\u00f9 d\u00e9nicher des animations slam adapt\u00e9es aux centres culturels et aux \u00e9coles ?"},"content":{"rendered":"<h1>O\u00f9 d\u00e9nicher des animations slam adapt\u00e9es aux centres culturels et aux \u00e9coles ?<\/h1>\n<h2>Identifier les r\u00e9seaux et collectifs sp\u00e9cialis\u00e9s dans le slam<\/h2>\n<p>Les porteurs de projets engag\u00e9s pour l\u2019art du slam s\u2019appuient sur des <u>r\u00e9seaux r\u00e9gionaux et nationaux<\/u> qui structurent la discipline, f\u00e9d\u00e8rent les acteurs et proposent des interventions cl\u00e9s en main. La <strong>Ligue Slam de France<\/strong> reste \u00e0 ce jour le p\u00f4le de r\u00e9f\u00e9rence, avec un maillage d&rsquo;associations et d\u2019artistes ancr\u00e9s sur tout le territoire. En 2022, la fondation Culture &amp; Diversit\u00e9 recensait 22 coll\u00e8ges r\u00e9partis dans l\u2019Hexagone ayant b\u00e9n\u00e9fici\u00e9 du programme \u00ab Slam-\u00e0-l\u2019\u00c9cole \u00bb, attestant du dynamisme de ce type d\u2019intervention.<\/p>\n<ul>\n<li><strong>Ligue Slam de France<\/strong> : f\u00e9d\u00e8re associations, artistes et intervenants, offrant des ateliers, spectacles et formations pour tous types d\u2019\u00e9tablissements.<\/li>\n<li><strong>Collectif 129H<\/strong> : groupe incontournable \u00e0 Paris, anime des cycles d\u2019ateliers et organise chaque ann\u00e9e un tournoi de slam aux Plateaux Sauvages, touchant aussi bien les jeunes que les adultes.<\/li>\n<li>Implantations locales : \u00e0 Rennes, l\u2019association <strong>Slam Connexion<\/strong> ou \u00e0 Toulouse, <strong>Contre Courant<\/strong> sont actives aupr\u00e8s des coll\u00e8ges, attestant de la vitalit\u00e9 des r\u00e9seaux de proximit\u00e9.<\/li>\n<\/ul>\n<p>Nous constatons que ces r\u00e9seaux assurent la coordination entre intervenants et \u00e9tablissements, mais aussi la professionnalisation de l\u2019offre, gr\u00e2ce \u00e0 une formation adapt\u00e9e \u00e0 la m\u00e9diation culturelle et au travail avec les jeunes publics. Le fait que ces collectifs soient reconnus par les institutions t\u00e9moigne de la solidit\u00e9 de leur ancrage et de la pertinence de leur accompagnement.<\/p>\n<h2>Rep\u00e9rer les artistes professionnels qui interviennent en milieu scolaire ou culturel<\/h2>\n<p>Les figures embl\u00e9matiques du slam, telles que <strong>Grand Corps Malade<\/strong> ou <strong>Ga\u00ebl Faye<\/strong>, ont beaucoup \u0153uvr\u00e9 \u00e0 sa popularisation. Aujourd\u2019hui, des slameurs professionnels mettent leurs comp\u00e9tences au service d\u2019ateliers d\u00e9di\u00e9s aux \u00e9coles, coll\u00e8ges, lyc\u00e9es, m\u00e9diath\u00e8ques ou centres culturels. Un exemple particuli\u00e8rement instructif est celui d\u2019<strong>Eur\u00eaka<\/strong>, artiste intervenant partout en France et structurant ses propositions autour d\u2019ateliers d\u2019\u00e9criture, spectacles et rencontres interactives.<\/p>\n<ul>\n<li><strong>Eur\u00eaka<\/strong> : propose des interventions dans les \u00e9coles financ\u00e9es par le <u>Pass Culture<\/u>, m\u00ealant d\u00e9couverte, \u00e9criture et performances. Son approche est personnalis\u00e9e, chaque s\u00e9ance tenant compte du public, de l\u2019\u00e2ge et du niveau.<\/li>\n<li><strong>Laurent \u00c9tienne<\/strong> du collectif <strong>Les ateliers Slam.com<\/strong> : anime des ateliers au Coll\u00e8ge Thibaud de Champagne (Acad\u00e9mie de Reims), favorisant l\u2019expression orale et la prise de confiance chez les adolescents.<\/li>\n<li><strong>Zedrine<\/strong> (association Contre Courant) : intervient au coll\u00e8ge Joliet Curie \u00e0 Toulouse, en mettant l\u2019accent sur la dimension sc\u00e9nique et la cr\u00e9ativit\u00e9 collective.<\/li>\n<\/ul>\n<p>Ce que nous retenons, c\u2019est l\u2019importance de choisir des intervenants exp\u00e9riment\u00e9s, capables de s\u2019adapter \u00e0 la diversit\u00e9 des publics et des projets. Les \u00e9chos recueillis lors de la restitution des Troph\u00e9es Slam-\u00e0-l\u2019\u00c9cole au Th\u00e9\u00e2tre du Petit Saint-Martin en 2022 soulignent l\u2019impact positif des animations port\u00e9es par des professionnels reconnus, autant pour l\u2019engouement suscit\u00e9 que pour la qualit\u00e9 p\u00e9dagogique des ateliers.<\/p>\n<h2>Explorer les \u00e9v\u00e9nements et festivals consacr\u00e9s au slam<\/h2>\n<p>Les festivals repr\u00e9sentent des carrefours strat\u00e9giques pour identifier des intervenants qualifi\u00e9s et observer in situ la force de la p\u00e9dagogie slam. <u>Les Nuits du Slam<\/u> se positionnent comme un rendez-vous phare, r\u00e9unissant chaque ann\u00e9e animateurs, artistes, collectifs et publics scolaires autour de spectacles, sc\u00e8nes et ateliers participatifs.<\/p>\n<ul>\n<li>En 2022, les <strong>Troph\u00e9es Slam-\u00e0-l\u2019\u00c9cole<\/strong> ont rassembl\u00e9 780 coll\u00e9giens de 22 \u00e9tablissements dans un programme de trois jours \u00e0 Paris, m\u00ealant ateliers, visites culturelles et restitutions sc\u00e9niques devant un jury de professionnels du spectacle.<\/li>\n<li>Les <strong>rendez-vous jeunesse<\/strong> des festivals tels que \u00ab Paroles Indigo \u00bb \u00e0 Arles ou \u00ab Urbanit\u00e9s \u00bb \u00e0 Saint-Denis pr\u00e9voient des cr\u00e9neaux d\u00e9di\u00e9s pour les enseignants et les animateurs souhaitant nouer un contact avec les intervenants.<\/li>\n<\/ul>\n<p>Les \u00e9v\u00e9nements permettent non seulement d\u2019apercevoir le travail des animateurs, mais aussi d\u2019initier des partenariats p\u00e9rennes, avec des projets con\u00e7us sur mesure pour les \u00e9coles ou \u00e9tablissements culturels. La diversit\u00e9 des formats propos\u00e9s \u2013 concours, ateliers marathon, sc\u00e8nes ouvertes \u2013 offre une vitrine pr\u00e9cieuse pour rep\u00e9rer les animations les plus adapt\u00e9es \u00e0 vos besoins.<\/p>\n<h2>S\u2019appuyer sur les dispositifs d\u2019\u00e9ducation artistique et culturelle<\/h2>\n<p>Plusieurs financements institutionnels facilitent la mise en place d\u2019animations slam, en garantissant un haut niveau d\u2019exigence p\u00e9dagogique et organisationnelle. Le <strong>Pass Culture<\/strong>, dispositif d\u00e9ploy\u00e9 sur tout le territoire, permet de r\u00e9server et financer des ateliers slam dans le cadre scolaire ou extra-scolaire. Ce syst\u00e8me est largement utilis\u00e9 par les artistes ind\u00e9pendants comme par les collectifs structur\u00e9s.<\/p>\n<ul>\n<li><strong>Pass Culture et Pass R\u00e9gion<\/strong> : ouvrent l\u2019acc\u00e8s au financement des ateliers slam et encouragent la diversit\u00e9 des offres culturelles \u00e0 destination des jeunes.<\/li>\n<li><strong>Projets \u00c9ducation nationale<\/strong> : via le parcours d\u2019\u00e9ducation artistique et culturelle (PEAC), nombre d\u2019\u00e9tablissements int\u00e8grent le slam dans des EPI (enseignements pratiques interdisciplinaires), favorisant un travail collectif et interdisciplinaire autour de la parole po\u00e9tique.<\/li>\n<li>Les <strong>institutions partenaires<\/strong> comme le Minist\u00e8re de la Culture r\u00e9f\u00e9rencent r\u00e9guli\u00e8rement des prestataires sp\u00e9cialis\u00e9s, garantissant la qualit\u00e9 et la conformit\u00e9 des interventions aux attentes p\u00e9dagogiques.<\/li>\n<\/ul>\n<p>L\u2019avantage de ces dispositifs r\u00e9side dans l\u2019accompagnement assur\u00e9 tout au long du projet, la s\u00e9curisation du financement et la conformit\u00e9 aux cahiers des charges \u00e9ducatifs. Nous conseillons vivement de s\u2019appuyer sur ces outils pour structurer une programmation slam \u00e0 la fois ambitieuse et accessible.<\/p>\n<h2>Rechercher des partenariats locaux et des associations actives sur le territoire<\/h2>\n<p>Les dynamiques locales jouent un r\u00f4le cl\u00e9 dans la diffusion du slam \u00e0 l\u2019\u00e9cole ou au sein d\u2019un centre culturel. De nombreuses associations implant\u00e9es dans les quartiers, souvent en lien avec des maisons de quartier, biblioth\u00e8ques ou m\u00e9diath\u00e8ques, d\u00e9veloppent des cycles d\u2019animations r\u00e9guli\u00e8res \u00e0 destination de tous les publics.<\/p>\n<ul>\n<li>\u00c0 Paris, le collectif <strong>129H<\/strong> anime des ateliers dans le 20\u00e8me arrondissement et coorganise un tournoi annuel avec les Plateaux Sauvages, impliquant des jeunes de toutes origines.<\/li>\n<li>En Rennes, <strong>Slam Connexion<\/strong> propose des interventions aupr\u00e8s du public scolaire et favorise les passerelles avec les acteurs culturels locaux.<\/li>\n<li>En r\u00e9gion PACA, <strong>Aux Pieds des Lettres<\/strong> conduit des projets d\u2019\u00e9criture slam au coll\u00e8ge Lakanal \u00e0 Aubagne et dans diverses structures culturelles du secteur.<\/li>\n<\/ul>\n<p>Ces partenaires connaissent les r\u00e9alit\u00e9s du terrain, adaptent leurs offres selon les besoins sp\u00e9cifiques des \u00e9tablissements et privil\u00e9gient la co-construction des projets. Les collaborations locales permettent souvent d\u2019impliquer les familles, d\u2019ancrer la pratique dans la dur\u00e9e et d\u2019\u00e9largir la port\u00e9e des ateliers au-del\u00e0 du cadre institutionnel initial. Cette logique territoriale favorise l\u2019inclusion, la valorisation de la parole et la co-cr\u00e9ation interg\u00e9n\u00e9rationnelle.<\/p>\n<h2>Contact direct avec des slameurs et propositions sur mesure<\/h2>\n<p>La plupart des artistes ou collectifs s\u00e9rieusement investis dans la m\u00e9diation slam proposent, via leur site officiel, des formulaires de contact, des descriptifs d\u2019ateliers et un calendrier de disponibilit\u00e9s. C\u2019est le cas d\u2019<strong>Eur\u00eaka<\/strong>, dont le site d\u00e9taille diff\u00e9rentes formules adapt\u00e9es \u00e0 chaque public et chaque projet p\u00e9dagogique.<\/p>\n<ul>\n<li>Le site <strong>eureka-officiel.com<\/strong> recense des interventions personnalis\u00e9es dans les \u00e9coles, avec financement possible via <u>Pass Culture<\/u> et adaptation du format selon les besoins.<\/li>\n<li>Nombre d\u2019artistes ind\u00e9pendants, comme <strong>Lyor<\/strong> (Collectif 129H), collaborent directement avec des enseignants ou m\u00e9diateurs culturels pour concevoir des projets \u00ab sur mesure \u00bb, qu\u2019il s\u2019agisse de cycles courts ou de dispositifs sur l\u2019ann\u00e9e scolaire.<\/li>\n<\/ul>\n<p>Nous recommandons de privil\u00e9gier une prise de contact directe pour exposer vos attentes et vos contraintes, afin de co-construire un projet r\u00e9ellement align\u00e9 sur vos objectifs \u00e9ducatifs ou culturels. Les artistes les plus exp\u00e9riment\u00e9s savent ajuster leurs prestations \u2013 qu\u2019il s\u2019agisse d\u2019ateliers-d\u00e9couverte, de performances interactives ou de projets th\u00e9matiques \u2013 pour garantir une exp\u00e9rience immersive, cr\u00e9ative et collective.<\/p>\n<h2>Bilan comparatif des solutions pour organiser une animation slam<\/h2>\n<p>Pour choisir le mode d\u2019intervention le plus pertinent, il convient d\u2019identifier la nature du projet, le public vis\u00e9 et les ressources disponibles. Voici un tableau comparatif des principales solutions recens\u00e9es :<\/p>\n<table border=\"1\">\n<tr>\n<th>Solution<\/th>\n<th>Points forts<\/th>\n<th>Exemple concret<\/th>\n<\/tr>\n<tr>\n<td>R\u00e9seaux nationaux (Ligue Slam de France, Collectif 129H)<\/td>\n<td>Qualit\u00e9, coordination nationale, accompagnement p\u00e9dagogique<\/td>\n<td>Ateliers r\u00e9guliers dans 22 coll\u00e8ges lors de la saison 2021-2022, tournoi aux Plateaux Sauvages<\/td>\n<\/tr>\n<tr>\n<td>Artistes ind\u00e9pendants<\/td>\n<td>Flexibilit\u00e9, approche personnalis\u00e9e, rapidit\u00e9 de mise en \u0153uvre<\/td>\n<td>Interventions d\u2019Eur\u00eaka dans des classes de primaire et coll\u00e8ge via Pass Culture<\/td>\n<\/tr>\n<tr>\n<td>Associations locales<\/td>\n<td>Ancrage territorial, connaissance des publics, projets sur mesure<\/td>\n<td>Cycle d\u2019ateliers de Slam Connexion au coll\u00e8ge de Crevin, M\u00e9diath\u00e8que de Rennes<\/td>\n<\/tr>\n<tr>\n<td>Festivals et \u00e9v\u00e9nements<\/td>\n<td>D\u00e9couverte, visibilit\u00e9, opportunit\u00e9s de rencontres et de partenariats<\/td>\n<td>Participation de coll\u00e9giens aux Troph\u00e9es Slam-\u00e0-l\u2019\u00c9cole lors des Nuits du Slam \u00e0 Paris<\/td>\n<\/tr>\n<\/table>\n<h2>Conseils pratiques pour r\u00e9ussir votre projet slam<\/h2>\n<p>Pour concr\u00e9tiser un projet d\u2019animation slam, il s\u2019av\u00e8re utile d\u2019anticiper certains points cl\u00e9s afin de mobiliser les ressources ad\u00e9quates, garantir la qualit\u00e9 de l\u2019intervention et favoriser la participation active des publics.<\/p>\n<ul>\n<li><strong>D\u00e9finir clairement les objectifs<\/strong> : soulignez si le projet vise la coh\u00e9sion de groupe, l\u2019aisance orale, l\u2019\u00e9veil \u00e0 la po\u00e9sie ou un objectif interdisciplinaire.<\/li>\n<li><strong>Consulter syst\u00e9matiquement les offres labellis\u00e9es<\/strong> (Pass Culture, PEAC, r\u00e9seaux nationaux) pour acc\u00e9der \u00e0 des intervenants reconnus.<\/li>\n<li><strong>Prendre en compte la diversit\u00e9 du public<\/strong> : adapter formats et niveaux pour garantir l\u2019inclusion de tous les participants, de l\u2019\u00e9cole \u00e9l\u00e9mentaire au public adulte.<\/li>\n<li>Mobiliser l\u2019\u00e9quipe p\u00e9dagogique ou les animateurs culturels autour du projet d\u00e8s la conception, afin de renforcer l\u2019accompagnement des jeunes dans la dur\u00e9e.<\/li>\n<li>Privil\u00e9gier une restitution sc\u00e9nique (spectacle, sc\u00e8ne ouverte) qui valorise le travail r\u00e9alis\u00e9 et renforce l\u2019estime de soi des participants.<\/li>\n<\/ul>\n<h2>Pour aller plus loin : retours d\u2019exp\u00e9rience et impacts observ\u00e9s<\/h2>\n<p>Les \u00e9valuations r\u00e9alis\u00e9es dans le cadre des cycles <strong>Slam-\u00e0-l\u2019\u00c9cole<\/strong> r\u00e9v\u00e8lent des b\u00e9n\u00e9fices notables sur la confiance en soi, la prise de parole en public et la cr\u00e9ativit\u00e9 des jeunes. En mai 2022, la restitution nationale au Th\u00e9\u00e2tre du Petit Saint-Martin a permis \u00e0 50 coll\u00e9giens, laur\u00e9ats de toute la France, de d\u00e9clamer leurs textes devant un jury compos\u00e9 de professionnels, dont des repr\u00e9sentants du minist\u00e8re de l\u2019\u00c9ducation nationale.<\/p>\n<ul>\n<li>\u00c0 l\u2019issue du programme, des enseignants signalent une nette am\u00e9lioration de la participation orale en classe, une meilleure gestion des \u00e9motions face au public et une appropriation accrue de la langue fran\u00e7aise.<\/li>\n<li>Les ateliers anim\u00e9s par des collectifs tels que <strong>129H<\/strong> int\u00e8grent syst\u00e9matiquement des retours individualis\u00e9s, renfor\u00e7ant la dimension formative des interventions.<\/li>\n<li>Les participants valorisent le climat de confiance et le plaisir li\u00e9 \u00e0 l\u2019expression libre, facteurs essentiels d\u2019\u00e9mancipation et d\u2019inclusion.<\/li>\n<\/ul>\n<p>Ces retours d\u2019exp\u00e9rience soulignent la pertinence de s\u2019orienter vers des intervenants exp\u00e9riment\u00e9s, capables de conjuguer exigence artistique et adaptation au contexte \u00e9ducatif. Nous sommes convaincus que l\u2019introduction du slam dans votre \u00e9tablissement repr\u00e9sente une source d\u2019enrichissement collectif et une formidable opportunit\u00e9 d\u2019innovation p\u00e9dagogique.<\/p>\n","protected":false},"excerpt":{"rendered":"","protected":false},"author":34,"featured_media":7582,"comment_status":"open","ping_status":"open","sticky":false,"template":"","format":"standard","meta":{"_acf_changed":false,"manual_indexmenow":false,"indexmenow_id_project":0,"footnotes":""},"categories":[1],"tags":[4681,4682,4526],"class_list":["post-7517","post","type-post","status-publish","format-standard","has-post-thumbnail","hentry","category-a-la-une","tag-animation-culturelle","tag-ateliers-scolaires","tag-slam","generate-columns","tablet-grid-50","mobile-grid-100","grid-parent","grid-25"],"acf":[],"yoast_head":"<!-- This site is optimized with the Yoast SEO Premium plugin v21.3 (Yoast SEO v26.5) - https:\/\/yoast.com\/wordpress\/plugins\/seo\/ -->\n<title>Animations slam pour centres culturels et \u00e9coles<\/title>\n<meta name=\"description\" content=\"Les porteurs de projets engag\u00e9s pour l\u2019art du slam s\u2019appuient sur des r\u00e9seaux r\u00e9gionaux et nationaux qui structurent la discipline, f\u00e9d\u00e8rent les acteurs\" \/>\n<meta name=\"robots\" content=\"index, follow, max-snippet:-1, max-image-preview:large, max-video-preview:-1\" \/>\n<link rel=\"canonical\" href=\"https:\/\/slams.fr\/blog\/a-la-une\/ou-denicher-des-animations-slam-adaptees-aux-centres-culturels-et-aux-ecoles-2\/\" \/>\n<meta property=\"og:locale\" content=\"fr_FR\" \/>\n<meta property=\"og:type\" content=\"article\" \/>\n<meta property=\"og:title\" content=\"Animations slam pour centres culturels et \u00e9coles\" \/>\n<meta property=\"og:description\" content=\"Les porteurs de projets engag\u00e9s pour l\u2019art du slam s\u2019appuient sur des r\u00e9seaux r\u00e9gionaux et nationaux qui structurent la discipline, f\u00e9d\u00e8rent les acteurs\" \/>\n<meta property=\"og:url\" content=\"https:\/\/slams.fr\/blog\/a-la-une\/ou-denicher-des-animations-slam-adaptees-aux-centres-culturels-et-aux-ecoles-2\/\" \/>\n<meta property=\"og:site_name\" content=\"slams\" \/>\n<meta property=\"og:image\" content=\"https:\/\/slams.fr\/blog\/wp-content\/uploads\/2025\/07\/sdxl-cfc0d373e8ca287b6d459785c89ae9b0-scaled.png\" \/>\n\t<meta property=\"og:image:width\" content=\"1200\" \/>\n\t<meta property=\"og:image:height\" content=\"500\" \/>\n\t<meta property=\"og:image:type\" content=\"image\/png\" \/>\n<meta name=\"author\" content=\"Rapha\u00ebl D.\" \/>\n<meta name=\"twitter:card\" content=\"summary_large_image\" \/>\n<script type=\"application\/ld+json\" class=\"yoast-schema-graph\">{\"@context\":\"https:\/\/schema.org\",\"@graph\":[{\"@type\":\"NewsArticle\",\"@id\":\"https:\/\/slams.fr\/blog\/a-la-une\/ou-denicher-des-animations-slam-adaptees-aux-centres-culturels-et-aux-ecoles-2\/#article\",\"isPartOf\":{\"@id\":\"https:\/\/slams.fr\/blog\/a-la-une\/ou-denicher-des-animations-slam-adaptees-aux-centres-culturels-et-aux-ecoles-2\/\"},\"author\":{\"name\":\"Rapha\u00ebl D.\",\"@id\":\"https:\/\/slams.fr\/blog\/#\/schema\/person\/3c864cdc320801e3db34b663e7e3f816\"},\"headline\":\"O\u00f9 d\u00e9nicher des animations slam adapt\u00e9es aux centres culturels et aux \u00e9coles ?\",\"datePublished\":\"2025-06-14T20:33:23+00:00\",\"mainEntityOfPage\":{\"@id\":\"https:\/\/slams.fr\/blog\/a-la-une\/ou-denicher-des-animations-slam-adaptees-aux-centres-culturels-et-aux-ecoles-2\/\"},\"wordCount\":1918,\"commentCount\":0,\"publisher\":{\"@id\":\"https:\/\/slams.fr\/blog\/#organization\"},\"image\":{\"@id\":\"https:\/\/slams.fr\/blog\/a-la-une\/ou-denicher-des-animations-slam-adaptees-aux-centres-culturels-et-aux-ecoles-2\/#primaryimage\"},\"thumbnailUrl\":\"https:\/\/slams.fr\/blog\/wp-content\/uploads\/2025\/07\/sdxl-cfc0d373e8ca287b6d459785c89ae9b0-scaled.png\",\"keywords\":[\"animation culturelle\",\"ateliers scolaires\",\"Slam\"],\"articleSection\":[\"\u00c0 la une\"],\"inLanguage\":\"fr-FR\",\"potentialAction\":[{\"@type\":\"CommentAction\",\"name\":\"Comment\",\"target\":[\"https:\/\/slams.fr\/blog\/a-la-une\/ou-denicher-des-animations-slam-adaptees-aux-centres-culturels-et-aux-ecoles-2\/#respond\"]}]},{\"@type\":\"WebPage\",\"@id\":\"https:\/\/slams.fr\/blog\/a-la-une\/ou-denicher-des-animations-slam-adaptees-aux-centres-culturels-et-aux-ecoles-2\/\",\"url\":\"https:\/\/slams.fr\/blog\/a-la-une\/ou-denicher-des-animations-slam-adaptees-aux-centres-culturels-et-aux-ecoles-2\/\",\"name\":\"Animations slam pour centres culturels et \u00e9coles\",\"isPartOf\":{\"@id\":\"https:\/\/slams.fr\/blog\/#website\"},\"primaryImageOfPage\":{\"@id\":\"https:\/\/slams.fr\/blog\/a-la-une\/ou-denicher-des-animations-slam-adaptees-aux-centres-culturels-et-aux-ecoles-2\/#primaryimage\"},\"image\":{\"@id\":\"https:\/\/slams.fr\/blog\/a-la-une\/ou-denicher-des-animations-slam-adaptees-aux-centres-culturels-et-aux-ecoles-2\/#primaryimage\"},\"thumbnailUrl\":\"https:\/\/slams.fr\/blog\/wp-content\/uploads\/2025\/07\/sdxl-cfc0d373e8ca287b6d459785c89ae9b0-scaled.png\",\"datePublished\":\"2025-06-14T20:33:23+00:00\",\"description\":\"Les porteurs de projets engag\u00e9s pour l\u2019art du slam s\u2019appuient sur des r\u00e9seaux r\u00e9gionaux et nationaux qui structurent la discipline, f\u00e9d\u00e8rent les acteurs\",\"inLanguage\":\"fr-FR\",\"potentialAction\":[{\"@type\":\"ReadAction\",\"target\":[\"https:\/\/slams.fr\/blog\/a-la-une\/ou-denicher-des-animations-slam-adaptees-aux-centres-culturels-et-aux-ecoles-2\/\"]}]},{\"@type\":\"ImageObject\",\"inLanguage\":\"fr-FR\",\"@id\":\"https:\/\/slams.fr\/blog\/a-la-une\/ou-denicher-des-animations-slam-adaptees-aux-centres-culturels-et-aux-ecoles-2\/#primaryimage\",\"url\":\"https:\/\/slams.fr\/blog\/wp-content\/uploads\/2025\/07\/sdxl-cfc0d373e8ca287b6d459785c89ae9b0-scaled.png\",\"contentUrl\":\"https:\/\/slams.fr\/blog\/wp-content\/uploads\/2025\/07\/sdxl-cfc0d373e8ca287b6d459785c89ae9b0-scaled.png\",\"width\":1200,\"height\":500},{\"@type\":\"WebSite\",\"@id\":\"https:\/\/slams.fr\/blog\/#website\",\"url\":\"https:\/\/slams.fr\/blog\/\",\"name\":\"slams.fr\",\"description\":\"Slams, l&#039;\u00e9nergie des mots en action\",\"publisher\":{\"@id\":\"https:\/\/slams.fr\/blog\/#organization\"},\"alternateName\":\"Slams, l'\u00e9nergie des mots en action\",\"potentialAction\":[{\"@type\":\"SearchAction\",\"target\":{\"@type\":\"EntryPoint\",\"urlTemplate\":\"https:\/\/slams.fr\/blog\/?s={search_term_string}\"},\"query-input\":{\"@type\":\"PropertyValueSpecification\",\"valueRequired\":true,\"valueName\":\"search_term_string\"}}],\"inLanguage\":\"fr-FR\"},{\"@type\":\"Organization\",\"@id\":\"https:\/\/slams.fr\/blog\/#organization\",\"name\":\"Foretsensations.fr\",\"url\":\"https:\/\/slams.fr\/blog\/\",\"logo\":{\"@type\":\"ImageObject\",\"inLanguage\":\"fr-FR\",\"@id\":\"https:\/\/slams.fr\/blog\/#\/schema\/logo\/image\/\",\"url\":\"https:\/\/slams.fr\/blog\/wp-content\/uploads\/2026\/07\/logo-auto-1.png\",\"contentUrl\":\"https:\/\/slams.fr\/blog\/wp-content\/uploads\/2026\/07\/logo-auto-1.png\",\"width\":1024,\"height\":1024,\"caption\":\"Foretsensations.fr\"},\"image\":{\"@id\":\"https:\/\/slams.fr\/blog\/#\/schema\/logo\/image\/\"}},{\"@type\":\"Person\",\"@id\":\"https:\/\/slams.fr\/blog\/#\/schema\/person\/3c864cdc320801e3db34b663e7e3f816\",\"name\":\"Rapha\u00ebl D.\",\"image\":{\"@type\":\"ImageObject\",\"inLanguage\":\"fr-FR\",\"@id\":\"https:\/\/slams.fr\/blog\/#\/schema\/person\/image\/\",\"url\":\"https:\/\/slams.fr\/blog\/wp-content\/uploads\/2026\/06\/persona_raphael-d-96x96.jpg\",\"contentUrl\":\"https:\/\/slams.fr\/blog\/wp-content\/uploads\/2026\/06\/persona_raphael-d-96x96.jpg\",\"caption\":\"Rapha\u00ebl D.\"},\"description\":\"La culture est mon terrain de jeu depuis une dizaine d'ann\u00e9es : arts visuels, s\u00e9ries, cr\u00e9ation et tout ce qui nourrit l'imaginaire. J'\u00e9cris aussi bien sur l'actualit\u00e9 des \u0153uvres que sur les coulisses de la cr\u00e9ation, avec l'envie de relier l'amateur curieux \u00e0 des univers parfois jug\u00e9s intimidants. J'aime analyser une s\u00e9rie ou une d\u00e9marche artistique sans p\u00e9dantisme, replacer une \u0153uvre dans son contexte et donner des cl\u00e9s de lecture accessibles. Avant de publier, je v\u00e9rifie mes r\u00e9f\u00e9rences, je recoupe les sources et je distingue clairement le fait de mon interpr\u00e9tation subjective. Je crois qu'une critique vaut surtout par les arguments qu'elle expose, pas par la sentence qu'elle rend. Mon angle : transmettre l'envie de d\u00e9couvrir, de regarder autrement et de se forger son propre go\u00fbt. La culture n'appartient pas qu'aux initi\u00e9s, et c'est tout l'enjeu de mon \u00e9criture.\",\"url\":\"https:\/\/slams.fr\/blog\/auteur\/raphael-d\/\",\"jobTitle\":\"R\u00e9dacteur en chef \u00b7 Culture & Cr\u00e9ation\",\"knowsAbout\":[\"Culture\",\"Cr\u00e9ation\"],\"email\":\"raphael.d@a-l-asso-de-l-art.fr\"}]}<\/script>\n<!-- \/ Yoast SEO Premium plugin. -->","yoast_head_json":{"title":"Animations slam pour centres culturels et \u00e9coles","description":"Les porteurs de projets engag\u00e9s pour l\u2019art du slam s\u2019appuient sur des r\u00e9seaux r\u00e9gionaux et nationaux qui structurent la discipline, f\u00e9d\u00e8rent les acteurs","robots":{"index":"index","follow":"follow","max-snippet":"max-snippet:-1","max-image-preview":"max-image-preview:large","max-video-preview":"max-video-preview:-1"},"canonical":"https:\/\/slams.fr\/blog\/a-la-une\/ou-denicher-des-animations-slam-adaptees-aux-centres-culturels-et-aux-ecoles-2\/","og_locale":"fr_FR","og_type":"article","og_title":"Animations slam pour centres culturels et \u00e9coles","og_description":"Les porteurs de projets engag\u00e9s pour l\u2019art du slam s\u2019appuient sur des r\u00e9seaux r\u00e9gionaux et nationaux qui structurent la discipline, f\u00e9d\u00e8rent les acteurs","og_url":"https:\/\/slams.fr\/blog\/a-la-une\/ou-denicher-des-animations-slam-adaptees-aux-centres-culturels-et-aux-ecoles-2\/","og_site_name":"slams","og_image":[{"width":1200,"height":500,"url":"https:\/\/slams.fr\/blog\/wp-content\/uploads\/2025\/07\/sdxl-cfc0d373e8ca287b6d459785c89ae9b0-scaled.png","type":"image\/png"}],"author":"Rapha\u00ebl D.","twitter_card":"summary_large_image","schema":{"@context":"https:\/\/schema.org","@graph":[{"@type":"NewsArticle","@id":"https:\/\/slams.fr\/blog\/a-la-une\/ou-denicher-des-animations-slam-adaptees-aux-centres-culturels-et-aux-ecoles-2\/#article","isPartOf":{"@id":"https:\/\/slams.fr\/blog\/a-la-une\/ou-denicher-des-animations-slam-adaptees-aux-centres-culturels-et-aux-ecoles-2\/"},"author":{"name":"Rapha\u00ebl D.","@id":"https:\/\/slams.fr\/blog\/#\/schema\/person\/3c864cdc320801e3db34b663e7e3f816"},"headline":"O\u00f9 d\u00e9nicher des animations slam adapt\u00e9es aux centres culturels et aux \u00e9coles ?","datePublished":"2025-06-14T20:33:23+00:00","mainEntityOfPage":{"@id":"https:\/\/slams.fr\/blog\/a-la-une\/ou-denicher-des-animations-slam-adaptees-aux-centres-culturels-et-aux-ecoles-2\/"},"wordCount":1918,"commentCount":0,"publisher":{"@id":"https:\/\/slams.fr\/blog\/#organization"},"image":{"@id":"https:\/\/slams.fr\/blog\/a-la-une\/ou-denicher-des-animations-slam-adaptees-aux-centres-culturels-et-aux-ecoles-2\/#primaryimage"},"thumbnailUrl":"https:\/\/slams.fr\/blog\/wp-content\/uploads\/2025\/07\/sdxl-cfc0d373e8ca287b6d459785c89ae9b0-scaled.png","keywords":["animation culturelle","ateliers scolaires","Slam"],"articleSection":["\u00c0 la une"],"inLanguage":"fr-FR","potentialAction":[{"@type":"CommentAction","name":"Comment","target":["https:\/\/slams.fr\/blog\/a-la-une\/ou-denicher-des-animations-slam-adaptees-aux-centres-culturels-et-aux-ecoles-2\/#respond"]}]},{"@type":"WebPage","@id":"https:\/\/slams.fr\/blog\/a-la-une\/ou-denicher-des-animations-slam-adaptees-aux-centres-culturels-et-aux-ecoles-2\/","url":"https:\/\/slams.fr\/blog\/a-la-une\/ou-denicher-des-animations-slam-adaptees-aux-centres-culturels-et-aux-ecoles-2\/","name":"Animations slam pour centres culturels et \u00e9coles","isPartOf":{"@id":"https:\/\/slams.fr\/blog\/#website"},"primaryImageOfPage":{"@id":"https:\/\/slams.fr\/blog\/a-la-une\/ou-denicher-des-animations-slam-adaptees-aux-centres-culturels-et-aux-ecoles-2\/#primaryimage"},"image":{"@id":"https:\/\/slams.fr\/blog\/a-la-une\/ou-denicher-des-animations-slam-adaptees-aux-centres-culturels-et-aux-ecoles-2\/#primaryimage"},"thumbnailUrl":"https:\/\/slams.fr\/blog\/wp-content\/uploads\/2025\/07\/sdxl-cfc0d373e8ca287b6d459785c89ae9b0-scaled.png","datePublished":"2025-06-14T20:33:23+00:00","description":"Les porteurs de projets engag\u00e9s pour l\u2019art du slam s\u2019appuient sur des r\u00e9seaux r\u00e9gionaux et nationaux qui structurent la discipline, f\u00e9d\u00e8rent les acteurs","inLanguage":"fr-FR","potentialAction":[{"@type":"ReadAction","target":["https:\/\/slams.fr\/blog\/a-la-une\/ou-denicher-des-animations-slam-adaptees-aux-centres-culturels-et-aux-ecoles-2\/"]}]},{"@type":"ImageObject","inLanguage":"fr-FR","@id":"https:\/\/slams.fr\/blog\/a-la-une\/ou-denicher-des-animations-slam-adaptees-aux-centres-culturels-et-aux-ecoles-2\/#primaryimage","url":"https:\/\/slams.fr\/blog\/wp-content\/uploads\/2025\/07\/sdxl-cfc0d373e8ca287b6d459785c89ae9b0-scaled.png","contentUrl":"https:\/\/slams.fr\/blog\/wp-content\/uploads\/2025\/07\/sdxl-cfc0d373e8ca287b6d459785c89ae9b0-scaled.png","width":1200,"height":500},{"@type":"WebSite","@id":"https:\/\/slams.fr\/blog\/#website","url":"https:\/\/slams.fr\/blog\/","name":"slams.fr","description":"Slams, l&#039;\u00e9nergie des mots en action","publisher":{"@id":"https:\/\/slams.fr\/blog\/#organization"},"alternateName":"Slams, l'\u00e9nergie des mots en action","potentialAction":[{"@type":"SearchAction","target":{"@type":"EntryPoint","urlTemplate":"https:\/\/slams.fr\/blog\/?s={search_term_string}"},"query-input":{"@type":"PropertyValueSpecification","valueRequired":true,"valueName":"search_term_string"}}],"inLanguage":"fr-FR"},{"@type":"Organization","@id":"https:\/\/slams.fr\/blog\/#organization","name":"Foretsensations.fr","url":"https:\/\/slams.fr\/blog\/","logo":{"@type":"ImageObject","inLanguage":"fr-FR","@id":"https:\/\/slams.fr\/blog\/#\/schema\/logo\/image\/","url":"https:\/\/slams.fr\/blog\/wp-content\/uploads\/2026\/07\/logo-auto-1.png","contentUrl":"https:\/\/slams.fr\/blog\/wp-content\/uploads\/2026\/07\/logo-auto-1.png","width":1024,"height":1024,"caption":"Foretsensations.fr"},"image":{"@id":"https:\/\/slams.fr\/blog\/#\/schema\/logo\/image\/"}},{"@type":"Person","@id":"https:\/\/slams.fr\/blog\/#\/schema\/person\/3c864cdc320801e3db34b663e7e3f816","name":"Rapha\u00ebl D.","image":{"@type":"ImageObject","inLanguage":"fr-FR","@id":"https:\/\/slams.fr\/blog\/#\/schema\/person\/image\/","url":"https:\/\/slams.fr\/blog\/wp-content\/uploads\/2026\/06\/persona_raphael-d-96x96.jpg","contentUrl":"https:\/\/slams.fr\/blog\/wp-content\/uploads\/2026\/06\/persona_raphael-d-96x96.jpg","caption":"Rapha\u00ebl D."},"description":"La culture est mon terrain de jeu depuis une dizaine d'ann\u00e9es : arts visuels, s\u00e9ries, cr\u00e9ation et tout ce qui nourrit l'imaginaire. J'\u00e9cris aussi bien sur l'actualit\u00e9 des \u0153uvres que sur les coulisses de la cr\u00e9ation, avec l'envie de relier l'amateur curieux \u00e0 des univers parfois jug\u00e9s intimidants. J'aime analyser une s\u00e9rie ou une d\u00e9marche artistique sans p\u00e9dantisme, replacer une \u0153uvre dans son contexte et donner des cl\u00e9s de lecture accessibles. Avant de publier, je v\u00e9rifie mes r\u00e9f\u00e9rences, je recoupe les sources et je distingue clairement le fait de mon interpr\u00e9tation subjective. Je crois qu'une critique vaut surtout par les arguments qu'elle expose, pas par la sentence qu'elle rend. Mon angle : transmettre l'envie de d\u00e9couvrir, de regarder autrement et de se forger son propre go\u00fbt. La culture n'appartient pas qu'aux initi\u00e9s, et c'est tout l'enjeu de mon \u00e9criture.","url":"https:\/\/slams.fr\/blog\/auteur\/raphael-d\/","jobTitle":"R\u00e9dacteur en chef \u00b7 Culture & Cr\u00e9ation","knowsAbout":["Culture","Cr\u00e9ation"],"email":"raphael.d@a-l-asso-de-l-art.fr"}]}},"_links":{"self":[{"href":"https:\/\/slams.fr\/blog\/wp-json\/wp\/v2\/posts\/7517","targetHints":{"allow":["GET"]}}],"collection":[{"href":"https:\/\/slams.fr\/blog\/wp-json\/wp\/v2\/posts"}],"about":[{"href":"https:\/\/slams.fr\/blog\/wp-json\/wp\/v2\/types\/post"}],"author":[{"embeddable":true,"href":"https:\/\/slams.fr\/blog\/wp-json\/wp\/v2\/users\/34"}],"replies":[{"embeddable":true,"href":"https:\/\/slams.fr\/blog\/wp-json\/wp\/v2\/comments?post=7517"}],"version-history":[{"count":0,"href":"https:\/\/slams.fr\/blog\/wp-json\/wp\/v2\/posts\/7517\/revisions"}],"wp:featuredmedia":[{"embeddable":true,"href":"https:\/\/slams.fr\/blog\/wp-json\/wp\/v2\/media\/7582"}],"wp:attachment":[{"href":"https:\/\/slams.fr\/blog\/wp-json\/wp\/v2\/media?parent=7517"}],"wp:term":[{"taxonomy":"category","embeddable":true,"href":"https:\/\/slams.fr\/blog\/wp-json\/wp\/v2\/categories?post=7517"},{"taxonomy":"post_tag","embeddable":true,"href":"https:\/\/slams.fr\/blog\/wp-json\/wp\/v2\/tags?post=7517"}],"curies":[{"name":"wp","href":"https:\/\/api.w.org\/{rel}","templated":true}]}}