{"id":7520,"date":"2025-06-14T22:34:06","date_gmt":"2025-06-14T20:34:06","guid":{"rendered":"https:\/\/slams.fr\/blog\/a-la-une\/les-incontournables-archives-pour-explorer-lhistoire-du-mouvement-slam\/"},"modified":"2025-06-14T22:34:06","modified_gmt":"2025-06-14T20:34:06","slug":"les-incontournables-archives-pour-explorer-lhistoire-du-mouvement-slam","status":"publish","type":"post","link":"https:\/\/slams.fr\/blog\/a-la-une\/les-incontournables-archives-pour-explorer-lhistoire-du-mouvement-slam\/","title":{"rendered":"Les incontournables archives pour explorer l\u2019histoire du mouvement slam"},"content":{"rendered":"<h1>Les incontournables archives pour explorer l\u2019histoire du mouvement slam<\/h1>\n<h2>Portails d\u2019archives num\u00e9riques d\u00e9di\u00e9s \u00e0 la po\u00e9sie slam<\/h2>\n<p>\nLes <strong>portails sp\u00e9cialis\u00e9s<\/strong> rassemblent une documentation inestimable sur l\u2019histoire et la pratique du slam. Ces fonds num\u00e9riques, issus d\u2019initiatives ind\u00e9pendantes autant que de collectifs, permettent d\u2019acc\u00e9der \u00e0 des <strong>textes originaux<\/strong>, des <strong>vid\u00e9os de performances historiques<\/strong> ainsi que des <strong>enregistrements audio<\/strong> rarement diffus\u00e9s.\n<\/p>\n<ul>\n<li>\n    Le site <strong>onizuka-slam.fr<\/strong> propose une <u>archive th\u00e9matique sur l\u2019histoire du slam en France<\/u>, mettant \u00e0 disposition des articles in\u00e9dits, des interviews de figures telles que <strong>Marc Smith<\/strong> (fondateur du Slam Poetry \u00e0 Chicago) et des captations de sc\u00e8nes embl\u00e9matiques depuis les ann\u00e9es 1990.\n  <\/li>\n<li>\n    Les <strong>fonds audiovisuels du Grand Slam National<\/strong> (notamment via <strong>Vimeo<\/strong> ou <strong>YouTube<\/strong>), centralisent les captations vid\u00e9os des finales et soir\u00e9es majeures, illustrant la diversit\u00e9 des styles et des g\u00e9n\u00e9rations de slameurs et slameuses.\n  <\/li>\n<li>\n    Sur <strong>wikislam.fr<\/strong>, les visiteurs retrouvent des biographies d\u00e9taill\u00e9es, des bibliographies comment\u00e9es et des archives multim\u00e9dias concernant les artistes majeurs du mouvement, des pionniers jusqu\u2019aux nouvelles vagues.\n  <\/li>\n<\/ul>\n<p>\n\u00c0 travers ces portails, nous acc\u00e9dons \u00e0 un panorama global, parcourant la m\u00e9moire des <strong>sc\u00e8nes ouvertes<\/strong>, des <strong>tournois fondateurs<\/strong> et des premi\u00e8res anthologies collectives. Ces plateformes sont, \u00e0 notre sens, une ressource pr\u00e9cieuse pour toute recherche approfondie ou d\u00e9marche documentaire exigeante sur le slam.\n<\/p>\n<h2>Ressources historiques sur l\u2019\u00e9mergence et l\u2019\u00e9volution du slam<\/h2>\n<p>\nLes <strong>ressources historiques<\/strong> \u00e9tayent l\u2019\u00e9volution du slam, de ses racines nord-am\u00e9ricaines \u00e0 sa diffusion en Europe francophone. Elles s\u2019appuient sur des archives de presse, des entretiens, ainsi que des extraits de bulletins sp\u00e9cialis\u00e9s tels que <u>Le Bouquiniste Fran\u00e7ais<\/u> et le <u>Bulletin de la Librairie Ancienne et Moderne<\/u>, qui constituent des sources inestimables pour cartographier l\u2019essor du mouvement.\n<\/p>\n<ul>\n<li>\n    Sur le site <strong>ILAB.org<\/strong>, une \u00e9tude document\u00e9e retrace la p\u00e9riode fondatrice 1914-1934, pr\u00e9cisant que <u>Le Bouquiniste Fran\u00e7ais<\/u> n\u2019a vu le jour qu\u2019en <strong>1920<\/strong>, soit sept ans apr\u00e8s la fondation du premier syndicat d\u2019auteurs, r\u00e9v\u00e9lant la lente constitution d\u2019une m\u00e9moire \u00e9ditoriale du slam po\u00e9tique.\n  <\/li>\n<li>\n    <strong>Wikipedia<\/strong> d\u00e9taille la trajectoire du slam en France, soulignant l\u2019apparition des premiers tournois, la structuration des sc\u00e8nes ouvertes, et la perc\u00e9e m\u00e9diatique de figures telles que <strong>Grand Corps Malade<\/strong> (dont l\u2019album <u>Midi 20<\/u> paru en 2006 reste un jalon).<\/li>\n<li>\n    Les grandes \u00e9tapes de l\u2019arriv\u00e9e du slam dans l\u2019hexagone, l\u2019essor de clubs fondateurs (Club Club \u00e0 Paris), la cr\u00e9ation de <u>rencontres interr\u00e9gionales<\/u> majeures comme le Grand Slam National ou la <u>Nuit du Slam<\/u> sont document\u00e9es de mani\u00e8re exhaustive.\n  <\/li>\n<\/ul>\n<p>\nNous retenons de cette partie la n\u00e9cessit\u00e9 d\u2019ancrer toute recherche sur le slam dans une <strong>d\u00e9marche chronologique rigoureuse<\/strong>, en croisant des <strong>sources primaires<\/strong> (archives de presse, bulletins d\u2019\u00e9poque) et <strong>analyses r\u00e9centes<\/strong> sur les axes d\u2019expansion et d\u2019hybridation du genre. L\u2019apport des <strong>historiens du livre<\/strong> et des collecteurs de m\u00e9moires \u00e9crites donne une profondeur essentielle \u00e0 l\u2019\u00e9tude du mouvement.\n<\/p>\n<h2>Archives institutionnelles et bases de donn\u00e9es universitaires<\/h2>\n<p>\nPour analyser les mutations du slam et son impact social, <strong>les bases de donn\u00e9es institutionnelles<\/strong> s\u2019imposent comme des outils de r\u00e9f\u00e9rence. Elles permettent d\u2019acc\u00e9der \u00e0 des <strong>fonds publics et universitaires<\/strong> incluant archives administratives, dossiers documentaires, actes de colloques scientifiques et r\u00e9f\u00e9rences bibliographiques exhaustives.\n<\/p>\n<ul>\n<li>\n    <strong>FranceArchives<\/strong> centralise l\u2019acc\u00e8s aux archives nationales fran\u00e7aises, r\u00e9f\u00e9ren\u00e7ant les dossiers relatifs aux festivals, aux grandes figures du slam, ainsi que des traces d\u2019\u00e9v\u00e9nements marquants ou de mouvements associatifs ayant port\u00e9 la discipline jusque dans les universit\u00e9s.<\/li>\n<li>\n    Les <strong>biblioth\u00e8ques universitaires<\/strong> de villes telles que Paris, Lyon ou Lille conservent des <u>fonds sp\u00e9cialis\u00e9s sur la po\u00e9sie sc\u00e9nique<\/u>, comprenant programmes de festivals, proc\u00e8s-verbaux de jurys, m\u00e9moires de master ou th\u00e8ses traitant du slam ou du <strong>spoken word<\/strong>.\n  <\/li>\n<li>\n    Les bases <strong>HAL-SHS<\/strong> et <strong>Cairn.info<\/strong> recensent des \u00e9tudes scientifiques et actes de colloques portant sur le slam, analysant ses dimensions linguistiques, sociologiques ou \u00e9ducatives.\n  <\/li>\n<\/ul>\n<p>\nL\u2019exploitation de ces ressources assure \u00e0 chaque recherche une <strong>validation acad\u00e9mique<\/strong> et un acc\u00e8s privil\u00e9gi\u00e9 \u00e0 des analyses r\u00e9centes, enrichies par la collaboration de chercheurs en <strong>sciences humaines<\/strong> et en <strong>litt\u00e9rature compar\u00e9e<\/strong>.\n<\/p>\n<h2>Sites associatifs et collectifs de sc\u00e8nes slam r\u00e9gionales<\/h2>\n<p>\nL\u2019un des atouts majeurs du mouvement r\u00e9side dans la vivacit\u00e9 de ses <strong>r\u00e9seaux associatifs<\/strong> et <strong>collectifs locaux<\/strong>, qui tiennent \u00e0 jour des archives vivantes sur les dynamiques de chaque r\u00e9gion.\n<\/p>\n<ul>\n<li>\n    La <strong>Ligue Slam de France<\/strong> (ligueslamdefrance.fr) archive les comptes rendus de tournois, les palmar\u00e8s annuels et les biographies de figures influentes, tout en offrant une <u>cartographie pr\u00e9cise<\/u> des sc\u00e8nes et associations membres (de <strong>Bobigny<\/strong> \u00e0 <strong>Lyon<\/strong>, en passant par <strong>Reims<\/strong> ou <strong>Rennes<\/strong>).<\/li>\n<li>\n    Les sites de festivals historiques \u2014 <strong>Grand Slam de Panam<\/strong>, <strong>Bouchazoreill\u2019Slam<\/strong> et <strong>Nuit du Slam<\/strong> \u2014 conservent archives vid\u00e9o, souvenirs de programmations pass\u00e9es, et listes des artistes prim\u00e9s.\n  <\/li>\n<li>\n    De nombreuses associations r\u00e9gionales, comme <u>Slam United<\/u> (Paris) ou <u>Slam So What<\/u> (Vitry-sur-Seine), tiennent actualis\u00e9es des galeries de photos, des recueils de textes et la chronique des soir\u00e9es les plus m\u00e9morables, illustrant l\u2019ancrage territorial du slam.\n  <\/li>\n<\/ul>\n<p>\nCes espaces d\u2019archives t\u00e9moignent de la <strong>diversit\u00e9 g\u00e9ographique et sociale<\/strong> du slam, documentant la grande vari\u00e9t\u00e9 des styles, des influences et des parcours d\u2019artistes, tout en consolidant l\u2019identit\u00e9 collective du mouvement \u00e0 chaque \u00e9chelle locale.\n<\/p>\n<h2>Sources alternatives : blogs, podcasts et plateformes d\u2019artistes<\/h2>\n<p>\nAu-del\u00e0 des institutions et collectifs, la <strong>m\u00e9moire du slam<\/strong> se transmet et s\u2019enrichit sur les plateformes personnelles, blogs, <strong>podcasts<\/strong> et cha\u00eenes d\u2019artistes ind\u00e9pendants. Ces ressources alternatives offrent un acc\u00e8s in\u00e9dit \u00e0 la parole des cr\u00e9ateurs et \u00e0 des archives souvent m\u00e9connues.\n<\/p>\n<ul>\n<li>\n    <strong>Le blog de l\u2019historien du slam Fred Nevch\u00e9<\/strong> propose des analyses d\u00e9taill\u00e9es, des archives de performances et des commentaires sur les \u00e9volutions artistiques du mouvement, tout en interrogeant ses enjeux sociaux et politiques r\u00e9cents.\n  <\/li>\n<li>\n    Les <strong>podcasts Slam Connection<\/strong> et <strong>Slam Radio<\/strong> r\u00e9unissent t\u00e9moignages d\u2019artistes, r\u00e9cits d\u2019\u00e9v\u00e9nements fondateurs, et archives sonores d\u2019ateliers ou de festivals, restituant la dynamique collective et intime du genre.\n  <\/li>\n<li>\n    Sur <strong>Bandcamp<\/strong> et <strong>SoundCloud<\/strong>, les slameurs et slameuses publient archives audio, extraits in\u00e9dits de sc\u00e8nes et captations live, offrant un aper\u00e7u direct de la vari\u00e9t\u00e9 des styles et \u00e9coles r\u00e9gionales.\n  <\/li>\n<\/ul>\n<p>\n\u00c0 notre avis, explorer ces ressources alternatives permet de saisir la <strong>dimension exp\u00e9rientielle<\/strong> et <strong>cr\u00e9ative<\/strong> du slam, au plus pr\u00e8s de sa r\u00e9alit\u00e9 quotidienne. Les blogs d\u2019artistes, journaux de bord de collectifs et plateformes d\u2019auto-\u00e9dition constituent une m\u00e9moire vivante et foisonnante, souvent plus libre, nourrissant la diversit\u00e9 et l\u2019\u00e9volution du mouvement au fil des voix qui la portent.<\/p>\n","protected":false},"excerpt":{"rendered":"","protected":false},"author":34,"featured_media":7649,"comment_status":"open","ping_status":"open","sticky":false,"template":"","format":"standard","meta":{"_acf_changed":false,"manual_indexmenow":false,"indexmenow_id_project":0,"footnotes":""},"categories":[1],"tags":[4686,4685,4526],"class_list":["post-7520","post","type-post","status-publish","format-standard","has-post-thumbnail","hentry","category-a-la-une","tag-archives","tag-histoire","tag-slam","generate-columns","tablet-grid-50","mobile-grid-100","grid-parent","grid-25"],"acf":[],"yoast_head":"<!-- This site is optimized with the Yoast SEO Premium plugin v21.3 (Yoast SEO v26.5) - https:\/\/yoast.com\/wordpress\/plugins\/seo\/ -->\n<title>Les archives pour explorer l&#039;histoire du slam<\/title>\n<meta name=\"description\" content=\"Les portails sp\u00e9cialis\u00e9s rassemblent une documentation inestimable sur l\u2019histoire et la pratique du slam.\" \/>\n<meta name=\"robots\" content=\"index, follow, max-snippet:-1, max-image-preview:large, max-video-preview:-1\" \/>\n<link rel=\"canonical\" href=\"https:\/\/slams.fr\/blog\/a-la-une\/les-incontournables-archives-pour-explorer-lhistoire-du-mouvement-slam\/\" \/>\n<meta property=\"og:locale\" content=\"fr_FR\" \/>\n<meta property=\"og:type\" content=\"article\" \/>\n<meta property=\"og:title\" content=\"Les archives pour explorer l&#039;histoire du slam\" \/>\n<meta property=\"og:description\" content=\"Les portails sp\u00e9cialis\u00e9s rassemblent une documentation inestimable sur l\u2019histoire et la pratique du slam.\" \/>\n<meta property=\"og:url\" content=\"https:\/\/slams.fr\/blog\/a-la-une\/les-incontournables-archives-pour-explorer-lhistoire-du-mouvement-slam\/\" \/>\n<meta property=\"og:site_name\" content=\"slams\" \/>\n<meta property=\"og:image\" content=\"https:\/\/slams.fr\/blog\/wp-content\/uploads\/2025\/07\/sdxl-9733d87cd87d2fde53071c375904f912-scaled.png\" \/>\n\t<meta property=\"og:image:width\" content=\"1200\" \/>\n\t<meta property=\"og:image:height\" content=\"500\" \/>\n\t<meta property=\"og:image:type\" content=\"image\/png\" \/>\n<meta name=\"author\" content=\"Rapha\u00ebl D.\" \/>\n<meta name=\"twitter:card\" content=\"summary_large_image\" \/>\n<script type=\"application\/ld+json\" class=\"yoast-schema-graph\">{\"@context\":\"https:\/\/schema.org\",\"@graph\":[{\"@type\":\"NewsArticle\",\"@id\":\"https:\/\/slams.fr\/blog\/a-la-une\/les-incontournables-archives-pour-explorer-lhistoire-du-mouvement-slam\/#article\",\"isPartOf\":{\"@id\":\"https:\/\/slams.fr\/blog\/a-la-une\/les-incontournables-archives-pour-explorer-lhistoire-du-mouvement-slam\/\"},\"author\":{\"name\":\"Rapha\u00ebl D.\",\"@id\":\"https:\/\/slams.fr\/blog\/#\/schema\/person\/3c864cdc320801e3db34b663e7e3f816\"},\"headline\":\"Les incontournables archives pour explorer l\u2019histoire du mouvement slam\",\"datePublished\":\"2025-06-14T20:34:06+00:00\",\"mainEntityOfPage\":{\"@id\":\"https:\/\/slams.fr\/blog\/a-la-une\/les-incontournables-archives-pour-explorer-lhistoire-du-mouvement-slam\/\"},\"wordCount\":1170,\"commentCount\":0,\"publisher\":{\"@id\":\"https:\/\/slams.fr\/blog\/#organization\"},\"image\":{\"@id\":\"https:\/\/slams.fr\/blog\/a-la-une\/les-incontournables-archives-pour-explorer-lhistoire-du-mouvement-slam\/#primaryimage\"},\"thumbnailUrl\":\"https:\/\/slams.fr\/blog\/wp-content\/uploads\/2025\/07\/sdxl-9733d87cd87d2fde53071c375904f912-scaled.png\",\"keywords\":[\"archives\",\"histoire\",\"Slam\"],\"articleSection\":[\"\u00c0 la une\"],\"inLanguage\":\"fr-FR\",\"potentialAction\":[{\"@type\":\"CommentAction\",\"name\":\"Comment\",\"target\":[\"https:\/\/slams.fr\/blog\/a-la-une\/les-incontournables-archives-pour-explorer-lhistoire-du-mouvement-slam\/#respond\"]}]},{\"@type\":\"WebPage\",\"@id\":\"https:\/\/slams.fr\/blog\/a-la-une\/les-incontournables-archives-pour-explorer-lhistoire-du-mouvement-slam\/\",\"url\":\"https:\/\/slams.fr\/blog\/a-la-une\/les-incontournables-archives-pour-explorer-lhistoire-du-mouvement-slam\/\",\"name\":\"Les archives pour explorer l'histoire du slam\",\"isPartOf\":{\"@id\":\"https:\/\/slams.fr\/blog\/#website\"},\"primaryImageOfPage\":{\"@id\":\"https:\/\/slams.fr\/blog\/a-la-une\/les-incontournables-archives-pour-explorer-lhistoire-du-mouvement-slam\/#primaryimage\"},\"image\":{\"@id\":\"https:\/\/slams.fr\/blog\/a-la-une\/les-incontournables-archives-pour-explorer-lhistoire-du-mouvement-slam\/#primaryimage\"},\"thumbnailUrl\":\"https:\/\/slams.fr\/blog\/wp-content\/uploads\/2025\/07\/sdxl-9733d87cd87d2fde53071c375904f912-scaled.png\",\"datePublished\":\"2025-06-14T20:34:06+00:00\",\"description\":\"Les portails sp\u00e9cialis\u00e9s rassemblent une documentation inestimable sur l\u2019histoire et la pratique du slam.\",\"inLanguage\":\"fr-FR\",\"potentialAction\":[{\"@type\":\"ReadAction\",\"target\":[\"https:\/\/slams.fr\/blog\/a-la-une\/les-incontournables-archives-pour-explorer-lhistoire-du-mouvement-slam\/\"]}]},{\"@type\":\"ImageObject\",\"inLanguage\":\"fr-FR\",\"@id\":\"https:\/\/slams.fr\/blog\/a-la-une\/les-incontournables-archives-pour-explorer-lhistoire-du-mouvement-slam\/#primaryimage\",\"url\":\"https:\/\/slams.fr\/blog\/wp-content\/uploads\/2025\/07\/sdxl-9733d87cd87d2fde53071c375904f912-scaled.png\",\"contentUrl\":\"https:\/\/slams.fr\/blog\/wp-content\/uploads\/2025\/07\/sdxl-9733d87cd87d2fde53071c375904f912-scaled.png\",\"width\":1200,\"height\":500},{\"@type\":\"WebSite\",\"@id\":\"https:\/\/slams.fr\/blog\/#website\",\"url\":\"https:\/\/slams.fr\/blog\/\",\"name\":\"slams.fr\",\"description\":\"Slams, l&#039;\u00e9nergie des mots en action\",\"publisher\":{\"@id\":\"https:\/\/slams.fr\/blog\/#organization\"},\"alternateName\":\"Slams, l'\u00e9nergie des mots en action\",\"potentialAction\":[{\"@type\":\"SearchAction\",\"target\":{\"@type\":\"EntryPoint\",\"urlTemplate\":\"https:\/\/slams.fr\/blog\/?s={search_term_string}\"},\"query-input\":{\"@type\":\"PropertyValueSpecification\",\"valueRequired\":true,\"valueName\":\"search_term_string\"}}],\"inLanguage\":\"fr-FR\"},{\"@type\":\"Organization\",\"@id\":\"https:\/\/slams.fr\/blog\/#organization\",\"name\":\"Foretsensations.fr\",\"url\":\"https:\/\/slams.fr\/blog\/\",\"logo\":{\"@type\":\"ImageObject\",\"inLanguage\":\"fr-FR\",\"@id\":\"https:\/\/slams.fr\/blog\/#\/schema\/logo\/image\/\",\"url\":\"https:\/\/slams.fr\/blog\/wp-content\/uploads\/2026\/07\/logo-auto-1.png\",\"contentUrl\":\"https:\/\/slams.fr\/blog\/wp-content\/uploads\/2026\/07\/logo-auto-1.png\",\"width\":1024,\"height\":1024,\"caption\":\"Foretsensations.fr\"},\"image\":{\"@id\":\"https:\/\/slams.fr\/blog\/#\/schema\/logo\/image\/\"}},{\"@type\":\"Person\",\"@id\":\"https:\/\/slams.fr\/blog\/#\/schema\/person\/3c864cdc320801e3db34b663e7e3f816\",\"name\":\"Rapha\u00ebl D.\",\"image\":{\"@type\":\"ImageObject\",\"inLanguage\":\"fr-FR\",\"@id\":\"https:\/\/slams.fr\/blog\/#\/schema\/person\/image\/\",\"url\":\"https:\/\/slams.fr\/blog\/wp-content\/uploads\/2026\/06\/persona_raphael-d-96x96.jpg\",\"contentUrl\":\"https:\/\/slams.fr\/blog\/wp-content\/uploads\/2026\/06\/persona_raphael-d-96x96.jpg\",\"caption\":\"Rapha\u00ebl D.\"},\"description\":\"La culture est mon terrain de jeu depuis une dizaine d'ann\u00e9es : arts visuels, s\u00e9ries, cr\u00e9ation et tout ce qui nourrit l'imaginaire. J'\u00e9cris aussi bien sur l'actualit\u00e9 des \u0153uvres que sur les coulisses de la cr\u00e9ation, avec l'envie de relier l'amateur curieux \u00e0 des univers parfois jug\u00e9s intimidants. J'aime analyser une s\u00e9rie ou une d\u00e9marche artistique sans p\u00e9dantisme, replacer une \u0153uvre dans son contexte et donner des cl\u00e9s de lecture accessibles. Avant de publier, je v\u00e9rifie mes r\u00e9f\u00e9rences, je recoupe les sources et je distingue clairement le fait de mon interpr\u00e9tation subjective. Je crois qu'une critique vaut surtout par les arguments qu'elle expose, pas par la sentence qu'elle rend. Mon angle : transmettre l'envie de d\u00e9couvrir, de regarder autrement et de se forger son propre go\u00fbt. La culture n'appartient pas qu'aux initi\u00e9s, et c'est tout l'enjeu de mon \u00e9criture.\",\"url\":\"https:\/\/slams.fr\/blog\/auteur\/raphael-d\/\",\"jobTitle\":\"R\u00e9dacteur en chef \u00b7 Culture & Cr\u00e9ation\",\"knowsAbout\":[\"Culture\",\"Cr\u00e9ation\"],\"email\":\"raphael.d@a-l-asso-de-l-art.fr\"}]}<\/script>\n<!-- \/ Yoast SEO Premium plugin. -->","yoast_head_json":{"title":"Les archives pour explorer l'histoire du slam","description":"Les portails sp\u00e9cialis\u00e9s rassemblent une documentation inestimable sur l\u2019histoire et la pratique du slam.","robots":{"index":"index","follow":"follow","max-snippet":"max-snippet:-1","max-image-preview":"max-image-preview:large","max-video-preview":"max-video-preview:-1"},"canonical":"https:\/\/slams.fr\/blog\/a-la-une\/les-incontournables-archives-pour-explorer-lhistoire-du-mouvement-slam\/","og_locale":"fr_FR","og_type":"article","og_title":"Les archives pour explorer l'histoire du slam","og_description":"Les portails sp\u00e9cialis\u00e9s rassemblent une documentation inestimable sur l\u2019histoire et la pratique du slam.","og_url":"https:\/\/slams.fr\/blog\/a-la-une\/les-incontournables-archives-pour-explorer-lhistoire-du-mouvement-slam\/","og_site_name":"slams","og_image":[{"width":1200,"height":500,"url":"https:\/\/slams.fr\/blog\/wp-content\/uploads\/2025\/07\/sdxl-9733d87cd87d2fde53071c375904f912-scaled.png","type":"image\/png"}],"author":"Rapha\u00ebl D.","twitter_card":"summary_large_image","schema":{"@context":"https:\/\/schema.org","@graph":[{"@type":"NewsArticle","@id":"https:\/\/slams.fr\/blog\/a-la-une\/les-incontournables-archives-pour-explorer-lhistoire-du-mouvement-slam\/#article","isPartOf":{"@id":"https:\/\/slams.fr\/blog\/a-la-une\/les-incontournables-archives-pour-explorer-lhistoire-du-mouvement-slam\/"},"author":{"name":"Rapha\u00ebl D.","@id":"https:\/\/slams.fr\/blog\/#\/schema\/person\/3c864cdc320801e3db34b663e7e3f816"},"headline":"Les incontournables archives pour explorer l\u2019histoire du mouvement slam","datePublished":"2025-06-14T20:34:06+00:00","mainEntityOfPage":{"@id":"https:\/\/slams.fr\/blog\/a-la-une\/les-incontournables-archives-pour-explorer-lhistoire-du-mouvement-slam\/"},"wordCount":1170,"commentCount":0,"publisher":{"@id":"https:\/\/slams.fr\/blog\/#organization"},"image":{"@id":"https:\/\/slams.fr\/blog\/a-la-une\/les-incontournables-archives-pour-explorer-lhistoire-du-mouvement-slam\/#primaryimage"},"thumbnailUrl":"https:\/\/slams.fr\/blog\/wp-content\/uploads\/2025\/07\/sdxl-9733d87cd87d2fde53071c375904f912-scaled.png","keywords":["archives","histoire","Slam"],"articleSection":["\u00c0 la une"],"inLanguage":"fr-FR","potentialAction":[{"@type":"CommentAction","name":"Comment","target":["https:\/\/slams.fr\/blog\/a-la-une\/les-incontournables-archives-pour-explorer-lhistoire-du-mouvement-slam\/#respond"]}]},{"@type":"WebPage","@id":"https:\/\/slams.fr\/blog\/a-la-une\/les-incontournables-archives-pour-explorer-lhistoire-du-mouvement-slam\/","url":"https:\/\/slams.fr\/blog\/a-la-une\/les-incontournables-archives-pour-explorer-lhistoire-du-mouvement-slam\/","name":"Les archives pour explorer l'histoire du slam","isPartOf":{"@id":"https:\/\/slams.fr\/blog\/#website"},"primaryImageOfPage":{"@id":"https:\/\/slams.fr\/blog\/a-la-une\/les-incontournables-archives-pour-explorer-lhistoire-du-mouvement-slam\/#primaryimage"},"image":{"@id":"https:\/\/slams.fr\/blog\/a-la-une\/les-incontournables-archives-pour-explorer-lhistoire-du-mouvement-slam\/#primaryimage"},"thumbnailUrl":"https:\/\/slams.fr\/blog\/wp-content\/uploads\/2025\/07\/sdxl-9733d87cd87d2fde53071c375904f912-scaled.png","datePublished":"2025-06-14T20:34:06+00:00","description":"Les portails sp\u00e9cialis\u00e9s rassemblent une documentation inestimable sur l\u2019histoire et la pratique du slam.","inLanguage":"fr-FR","potentialAction":[{"@type":"ReadAction","target":["https:\/\/slams.fr\/blog\/a-la-une\/les-incontournables-archives-pour-explorer-lhistoire-du-mouvement-slam\/"]}]},{"@type":"ImageObject","inLanguage":"fr-FR","@id":"https:\/\/slams.fr\/blog\/a-la-une\/les-incontournables-archives-pour-explorer-lhistoire-du-mouvement-slam\/#primaryimage","url":"https:\/\/slams.fr\/blog\/wp-content\/uploads\/2025\/07\/sdxl-9733d87cd87d2fde53071c375904f912-scaled.png","contentUrl":"https:\/\/slams.fr\/blog\/wp-content\/uploads\/2025\/07\/sdxl-9733d87cd87d2fde53071c375904f912-scaled.png","width":1200,"height":500},{"@type":"WebSite","@id":"https:\/\/slams.fr\/blog\/#website","url":"https:\/\/slams.fr\/blog\/","name":"slams.fr","description":"Slams, l&#039;\u00e9nergie des mots en action","publisher":{"@id":"https:\/\/slams.fr\/blog\/#organization"},"alternateName":"Slams, l'\u00e9nergie des mots en action","potentialAction":[{"@type":"SearchAction","target":{"@type":"EntryPoint","urlTemplate":"https:\/\/slams.fr\/blog\/?s={search_term_string}"},"query-input":{"@type":"PropertyValueSpecification","valueRequired":true,"valueName":"search_term_string"}}],"inLanguage":"fr-FR"},{"@type":"Organization","@id":"https:\/\/slams.fr\/blog\/#organization","name":"Foretsensations.fr","url":"https:\/\/slams.fr\/blog\/","logo":{"@type":"ImageObject","inLanguage":"fr-FR","@id":"https:\/\/slams.fr\/blog\/#\/schema\/logo\/image\/","url":"https:\/\/slams.fr\/blog\/wp-content\/uploads\/2026\/07\/logo-auto-1.png","contentUrl":"https:\/\/slams.fr\/blog\/wp-content\/uploads\/2026\/07\/logo-auto-1.png","width":1024,"height":1024,"caption":"Foretsensations.fr"},"image":{"@id":"https:\/\/slams.fr\/blog\/#\/schema\/logo\/image\/"}},{"@type":"Person","@id":"https:\/\/slams.fr\/blog\/#\/schema\/person\/3c864cdc320801e3db34b663e7e3f816","name":"Rapha\u00ebl D.","image":{"@type":"ImageObject","inLanguage":"fr-FR","@id":"https:\/\/slams.fr\/blog\/#\/schema\/person\/image\/","url":"https:\/\/slams.fr\/blog\/wp-content\/uploads\/2026\/06\/persona_raphael-d-96x96.jpg","contentUrl":"https:\/\/slams.fr\/blog\/wp-content\/uploads\/2026\/06\/persona_raphael-d-96x96.jpg","caption":"Rapha\u00ebl D."},"description":"La culture est mon terrain de jeu depuis une dizaine d'ann\u00e9es : arts visuels, s\u00e9ries, cr\u00e9ation et tout ce qui nourrit l'imaginaire. J'\u00e9cris aussi bien sur l'actualit\u00e9 des \u0153uvres que sur les coulisses de la cr\u00e9ation, avec l'envie de relier l'amateur curieux \u00e0 des univers parfois jug\u00e9s intimidants. J'aime analyser une s\u00e9rie ou une d\u00e9marche artistique sans p\u00e9dantisme, replacer une \u0153uvre dans son contexte et donner des cl\u00e9s de lecture accessibles. Avant de publier, je v\u00e9rifie mes r\u00e9f\u00e9rences, je recoupe les sources et je distingue clairement le fait de mon interpr\u00e9tation subjective. Je crois qu'une critique vaut surtout par les arguments qu'elle expose, pas par la sentence qu'elle rend. Mon angle : transmettre l'envie de d\u00e9couvrir, de regarder autrement et de se forger son propre go\u00fbt. La culture n'appartient pas qu'aux initi\u00e9s, et c'est tout l'enjeu de mon \u00e9criture.","url":"https:\/\/slams.fr\/blog\/auteur\/raphael-d\/","jobTitle":"R\u00e9dacteur en chef \u00b7 Culture & Cr\u00e9ation","knowsAbout":["Culture","Cr\u00e9ation"],"email":"raphael.d@a-l-asso-de-l-art.fr"}]}},"_links":{"self":[{"href":"https:\/\/slams.fr\/blog\/wp-json\/wp\/v2\/posts\/7520","targetHints":{"allow":["GET"]}}],"collection":[{"href":"https:\/\/slams.fr\/blog\/wp-json\/wp\/v2\/posts"}],"about":[{"href":"https:\/\/slams.fr\/blog\/wp-json\/wp\/v2\/types\/post"}],"author":[{"embeddable":true,"href":"https:\/\/slams.fr\/blog\/wp-json\/wp\/v2\/users\/34"}],"replies":[{"embeddable":true,"href":"https:\/\/slams.fr\/blog\/wp-json\/wp\/v2\/comments?post=7520"}],"version-history":[{"count":0,"href":"https:\/\/slams.fr\/blog\/wp-json\/wp\/v2\/posts\/7520\/revisions"}],"wp:featuredmedia":[{"embeddable":true,"href":"https:\/\/slams.fr\/blog\/wp-json\/wp\/v2\/media\/7649"}],"wp:attachment":[{"href":"https:\/\/slams.fr\/blog\/wp-json\/wp\/v2\/media?parent=7520"}],"wp:term":[{"taxonomy":"category","embeddable":true,"href":"https:\/\/slams.fr\/blog\/wp-json\/wp\/v2\/categories?post=7520"},{"taxonomy":"post_tag","embeddable":true,"href":"https:\/\/slams.fr\/blog\/wp-json\/wp\/v2\/tags?post=7520"}],"curies":[{"name":"wp","href":"https:\/\/api.w.org\/{rel}","templated":true}]}}