{"id":7521,"date":"2025-06-14T22:34:15","date_gmt":"2025-06-14T20:34:15","guid":{"rendered":"https:\/\/slams.fr\/blog\/a-la-une\/les-comptes-instagram-incontournables-pour-sinspirer-du-slam-visuel\/"},"modified":"2025-06-14T22:34:15","modified_gmt":"2025-06-14T20:34:15","slug":"les-comptes-instagram-incontournables-pour-sinspirer-du-slam-visuel","status":"publish","type":"post","link":"https:\/\/slams.fr\/blog\/a-la-une\/les-comptes-instagram-incontournables-pour-sinspirer-du-slam-visuel\/","title":{"rendered":"Les Comptes Instagram Incontournables pour S\u2019inspirer du Slam Visuel"},"content":{"rendered":"<h1>Les Comptes Instagram Incontournables pour S\u2019inspirer du Slam Visuel<\/h1>\n<h2>Exploration du slam visuel : au croisement de l\u2019art et de la po\u00e9sie<\/h2>\n<p>Le <strong>slam visuel<\/strong> incarne une rencontre novatrice entre <u>l\u2019\u00e9loquence sc\u00e9nique<\/u> et la <strong>cr\u00e9ation graphique<\/strong>. L\u00e0 o\u00f9 le slam traditionnel se concentre sur la performance orale, ces artistes fusionnent le texte, la typographie et l\u2019image pour amplifier la port\u00e9e de chaque mot, suscitant ainsi une \u00e9motion imm\u00e9diate. La <u>sp\u00e9cificit\u00e9<\/u> de ces comptes tient dans leur approche <strong>hybride<\/strong>\u202f: le texte n\u2019y est jamais seul, il dialogue sans cesse avec la couleur, le geste pictural, la sc\u00e9nographie. Pour s\u00e9lectionner les pages Instagram les plus qualitatives du slam visuel, il convient d\u2019observer :<\/p>\n<ul>\n<li><strong>Cr\u00e9ativit\u00e9 de la mise en page<\/strong>\u202f: L\u2019alliage subtil du texte et de l\u2019image, la capacit\u00e9 \u00e0 jouer avec les contrastes et la superposition des \u00e9l\u00e9ments pour servir le propos.<\/li>\n<li><strong>Esth\u00e9tisme singulier<\/strong>\u202f: Chaque compte retient l\u2019attention par une identit\u00e9 visuelle marqu\u00e9e, des palettes chromatiques audacieuses ou un soin tout particulier apport\u00e9 \u00e0 la photographie et \u00e0 l\u2019illustration.<\/li>\n<li><strong>Engagement communautaire<\/strong>\u202f: La dimension participative prime, les \u00e9changes avec la communaut\u00e9 alimentent la dynamique des contenus, invitant chaque abonn\u00e9\u00b7e \u00e0 devenir acteur du projet artistique.<\/li>\n<\/ul>\n<p>Cette alliance de disciplines favorise l\u2019\u00e9mergence d\u2019un <strong>genre unique<\/strong>, v\u00e9ritable laboratoire d\u2019id\u00e9es, o\u00f9 chaque \u0153uvre invite \u00e0 la r\u00e9flexion, la prise de parole et la contemplation.<\/p>\n<h2>Focus sur les communaut\u00e9s engag\u00e9es autour du slam visuel<\/h2>\n<p>Les comptes rassemblant des <strong>communaut\u00e9s solidaires<\/strong> et investies jouent un r\u00f4le central dans la diffusion et la d\u00e9mocratisation du slam visuel. Au premier plan, on trouve <strong>Slam Out Loud<\/strong>, une initiative sociale remarquable qui utilise le slam et l\u2019art visuel pour offrir une voix \u00e0 la jeunesse issue de milieux d\u00e9favoris\u00e9s. L\u2019association met en sc\u00e8ne des performances po\u00e9tiques o\u00f9 la vid\u00e9o, le graphisme et la sc\u00e9nographie valorisent le talent brut et l\u2019engagement de jeunes artistes.<\/p>\n<p>Ce type de page Instagram se distingue par :<\/p>\n<ul>\n<li><strong>La valorisation des t\u00e9moignages individuels<\/strong>\u202f: Vid\u00e9os de performances en direct, portraits d\u2019artistes et courts formats permettant \u00e0 chaque voix de r\u00e9sonner.<\/li>\n<li><strong>L\u2019interactivit\u00e9<\/strong>\u202f: Appels \u00e0 participation, ateliers virtuels et projets collaboratifs renforcent le sentiment d\u2019appartenance \u00e0 un collectif cr\u00e9atif.<\/li>\n<li><strong>Utilisation de l\u2019art comme levier d\u2019autonomisation<\/strong>\u202f: Ces espaces num\u00e9riques transforment l\u2019expression artistique en outil d\u2019\u00e9mancipation et de sensibilisation sociale.<\/li>\n<\/ul>\n<p>En suivant de tels comptes, vous plongez dans un univers o\u00f9 <u>l\u2019engagement citoyen<\/u> et <u>l\u2019action artistique<\/u> se rejoignent pour mobiliser, inspirer et f\u00e9d\u00e9rer autour de valeurs partag\u00e9es.<\/p>\n<h2>L\u2019alliance du rythme et de la couleur : comptes innovants \u00e0 suivre<\/h2>\n<p>Certains comptes vont bien au-del\u00e0 du simple partage d\u2019extraits po\u00e9tiques ou de photos. Sur <strong>Slam Academy<\/strong>, par exemple, le slam trouve une nouvelle dimension en s\u2019entrem\u00ealant avec la <strong>musique<\/strong> et la <strong>peinture<\/strong>. Chaque post pr\u00e9sente des cr\u00e9ations interactives o\u00f9 l\u2019on per\u00e7oit la vibration du rythme dans le coup de pinceau, la puissance de la rime dans l\u2019\u00e9clat visuel. Le compte <strong>@marcolivierslam<\/strong>, suivi par plus de 225 000 personnes, propulse lui aussi le genre avec des vid\u00e9os sc\u00e9naris\u00e9es, entre humour, performance et exp\u00e9rimentation graphique.<\/p>\n<ul>\n<li><strong>Performances film\u00e9es en temps r\u00e9el<\/strong> o\u00f9 la voix du slameur \u00e9pouse spontan\u00e9ment les jeux de lumi\u00e8re et de couleur.<\/li>\n<li><strong>Utilisation de l\u2019animation<\/strong> et des effets sp\u00e9ciaux, dynamisant chaque publication.<\/li>\n<li><strong>Collaborations avec des artistes visuels<\/strong> et musiciens pour enrichir la diversit\u00e9 des contenus.<\/li>\n<\/ul>\n<p>Nous constatons qu\u2019Instagram, loin d\u2019\u00eatre un simple r\u00e9pertoire d\u2019images, devient la sc\u00e8ne d\u2019un <u>dialogue permanent entre la forme et le fond<\/u>.<\/p>\n<h2>L\u2019impact des visuels et de la sc\u00e9nographie dans la mise en avant du slam<\/h2>\n<p>Le r\u00f4le du <strong>visuel<\/strong> dans la pr\u00e9sentation du slam ne cesse de prendre de l\u2019ampleur, transformant chaque performance en une <u>exp\u00e9rience immersive<\/u>. Sur Instagram, la sc\u00e9nographie se mat\u00e9rialise par l\u2019utilisation de fonds peints, d\u2019environnements soigneusement compos\u00e9s, d\u2019int\u00e9gration de typographies originales \u00e0 l\u2019image et de montages vid\u00e9os.<\/p>\n<ul>\n<li><strong>Illustrations num\u00e9riques<\/strong>\u202f: Superposition d\u2019\u00e9l\u00e9ments graphiques sur les vid\u00e9os pour souligner des vers, accentuer une \u00e9motion ou rythmer la lecture.<\/li>\n<li><strong>Stories sc\u00e9naris\u00e9es<\/strong>\u202f: Utilisation de s\u00e9ries d&rsquo;images successives pour donner une dimension narrative au slam, captant l\u2019attention de l\u2019audience.<\/li>\n<li><strong>Clips courts et teasers artistiques<\/strong> con\u00e7us pour susciter l\u2019engagement imm\u00e9diat et l\u2019envie de partager.<\/li>\n<\/ul>\n<p>Nous remarquons que cette approche attire un public \u00e9largi, des amateurs de <strong>po\u00e9sie contemporaine<\/strong> aux enthousiastes d\u2019<strong>arts graphiques<\/strong>, tous s\u00e9duits par la richesse d\u2019un format audio-visuel renouvel\u00e9.<\/p>\n<h2>Techniques et inspirations : comment ces pages stimulent la cr\u00e9ativit\u00e9<\/h2>\n<p>La force des grands comptes Instagram de slam visuel r\u00e9side dans leur capacit\u00e9 \u00e0 <strong>dynamiser l\u2019imaginaire<\/strong> de leurs abonn\u00e9s. Les administrateurs recourent \u00e0 des techniques avanc\u00e9es\u202f: <u>mises en page dynamiques<\/u>, typographies inattendues, ajouts de sons, animations graphiques ou transitions fluides. Cette diversit\u00e9 des formats encourage \u00e0 sortir des sentiers battus.<\/p>\n<ul>\n<li><strong>Int\u00e9gration de la typographie cr\u00e9ative<\/strong> : Des lettres manuscrites flottant sur l\u2019image ou des mots \u00e9clat\u00e9s pour exprimer la tension du texte.<\/li>\n<li><strong>Exp\u00e9rimentation des formats<\/strong> : Passages du carrousel au reel, inclusion de bruitages ou de bandes-son originales.<\/li>\n<li><strong>Mise en avant de processus cr\u00e9atifs<\/strong> : Stories ou IGTV montrant l\u2019artiste au travail, capturant l\u2019\u00e9bauche, la recherche, l\u2019accident heureux transform\u00e9 en \u0153uvre finale.<\/li>\n<\/ul>\n<p>Ce sont ces initiatives qui stimulent l\u2019expression individuelle, favorisent l\u2019\u00e9mulation collective, et impulsent un <strong>renouvellement permanent<\/strong> du slam sur Instagram. Nous recommandons d\u2019observer de pr\u00e8s ces techniques, car l\u2019inspiration r\u00e9side souvent dans le d\u00e9tail du geste ou l\u2019audace d\u2019une composition inattendue.<\/p>\n<h2>Tendances \u00e9mergentes et nouveaux acteurs du slam visuel sur Instagram<\/h2>\n<p>Les mutations rapides du <strong>slam visuel<\/strong> sur Instagram refl\u00e8tent un foisonnement de nouveaux formats et l\u2019apparition de collectifs port\u00e9s par une vision innovante. La croissance des <strong>micro-collectifs<\/strong>, la diversit\u00e9 des supports (reels, carrousels, live) et le rayonnement international de certaines communaut\u00e9s bouleversent la sc\u00e8ne contemporaine. \u00c0 ce titre, <strong>Slam Worldwide<\/strong> s\u2019impose comme un acteur majeur, promouvant le slam dans toutes ses d\u00e9clinaisons culturelles et esth\u00e9tiques \u00e0 l\u2019\u00e9chelle plan\u00e9taire.<\/p>\n<ul>\n<li><strong>Micro-collectifs artistiques<\/strong> r\u00e9unissant autour d\u2019un manifeste esth\u00e9tique des cr\u00e9ateurs venus d\u2019horizons vari\u00e9s.<\/li>\n<li><strong>Adepte des formats live<\/strong>, Slam Worldwide propose r\u00e9guli\u00e8rement des joutes po\u00e9tiques interactives, favorisant l\u2019immersion et la participation directe.<\/li>\n<li><strong>Adaptation constante aux tendances visuelles<\/strong>\u202f: recours aux memes, d\u00e9tournements d\u2019influenceurs, hybridation avec l\u2019art urbain.<\/li>\n<\/ul>\n<p>Ce dynamisme offre \u00e0 la communaut\u00e9 une grande <u>vari\u00e9t\u00e9 d\u2019exp\u00e9riences<\/u> et contribue \u00e0 installer le slam visuel comme une <strong>nouvelle discipline de la culture num\u00e9rique<\/strong>. Nous consid\u00e9rons que suivre ces nouveaux acteurs, c\u2019est s\u2019offrir une veille permanente sur les formes \u00e9mergentes et les innovations techniques du genre.<\/p>\n","protected":false},"excerpt":{"rendered":"","protected":false},"author":34,"featured_media":7648,"comment_status":"open","ping_status":"open","sticky":false,"template":"","format":"standard","meta":{"_acf_changed":false,"manual_indexmenow":false,"indexmenow_id_project":0,"footnotes":""},"categories":[1],"tags":[4688,4687,4678],"class_list":["post-7521","post","type-post","status-publish","format-standard","has-post-thumbnail","hentry","category-a-la-une","tag-comptes-creatifs","tag-inspiration-instagram","tag-slam-visuel","generate-columns","tablet-grid-50","mobile-grid-100","grid-parent","grid-25"],"acf":[],"yoast_head":"<!-- This site is optimized with the Yoast SEO Premium plugin v21.3 (Yoast SEO v26.5) - https:\/\/yoast.com\/wordpress\/plugins\/seo\/ -->\n<title>Les comptes Instagram pour s&#039;inspirer du slam visuel<\/title>\n<meta name=\"description\" content=\"Le slam visuel incarne une rencontre novatrice entre l\u2019\u00e9loquence sc\u00e9nique et la cr\u00e9ation graphique.\" \/>\n<meta name=\"robots\" content=\"index, follow, max-snippet:-1, max-image-preview:large, max-video-preview:-1\" \/>\n<link rel=\"canonical\" href=\"https:\/\/slams.fr\/blog\/a-la-une\/les-comptes-instagram-incontournables-pour-sinspirer-du-slam-visuel\/\" \/>\n<meta property=\"og:locale\" content=\"fr_FR\" \/>\n<meta property=\"og:type\" content=\"article\" \/>\n<meta property=\"og:title\" content=\"Les comptes Instagram pour s&#039;inspirer du slam visuel\" \/>\n<meta property=\"og:description\" content=\"Le slam visuel incarne une rencontre novatrice entre l\u2019\u00e9loquence sc\u00e9nique et la cr\u00e9ation graphique.\" \/>\n<meta property=\"og:url\" content=\"https:\/\/slams.fr\/blog\/a-la-une\/les-comptes-instagram-incontournables-pour-sinspirer-du-slam-visuel\/\" \/>\n<meta property=\"og:site_name\" content=\"slams\" \/>\n<meta property=\"og:image\" content=\"https:\/\/slams.fr\/blog\/wp-content\/uploads\/2025\/07\/sdxl-535f5961db9646246ee6827b5befa177-scaled.png\" \/>\n\t<meta property=\"og:image:width\" content=\"1200\" \/>\n\t<meta property=\"og:image:height\" content=\"500\" \/>\n\t<meta property=\"og:image:type\" content=\"image\/png\" \/>\n<meta name=\"author\" content=\"Rapha\u00ebl D.\" \/>\n<meta name=\"twitter:card\" content=\"summary_large_image\" \/>\n<script type=\"application\/ld+json\" class=\"yoast-schema-graph\">{\"@context\":\"https:\/\/schema.org\",\"@graph\":[{\"@type\":\"NewsArticle\",\"@id\":\"https:\/\/slams.fr\/blog\/a-la-une\/les-comptes-instagram-incontournables-pour-sinspirer-du-slam-visuel\/#article\",\"isPartOf\":{\"@id\":\"https:\/\/slams.fr\/blog\/a-la-une\/les-comptes-instagram-incontournables-pour-sinspirer-du-slam-visuel\/\"},\"author\":{\"name\":\"Rapha\u00ebl D.\",\"@id\":\"https:\/\/slams.fr\/blog\/#\/schema\/person\/3c864cdc320801e3db34b663e7e3f816\"},\"headline\":\"Les Comptes Instagram Incontournables pour S\u2019inspirer du Slam Visuel\",\"datePublished\":\"2025-06-14T20:34:15+00:00\",\"mainEntityOfPage\":{\"@id\":\"https:\/\/slams.fr\/blog\/a-la-une\/les-comptes-instagram-incontournables-pour-sinspirer-du-slam-visuel\/\"},\"wordCount\":1177,\"commentCount\":0,\"publisher\":{\"@id\":\"https:\/\/slams.fr\/blog\/#organization\"},\"image\":{\"@id\":\"https:\/\/slams.fr\/blog\/a-la-une\/les-comptes-instagram-incontournables-pour-sinspirer-du-slam-visuel\/#primaryimage\"},\"thumbnailUrl\":\"https:\/\/slams.fr\/blog\/wp-content\/uploads\/2025\/07\/sdxl-535f5961db9646246ee6827b5befa177-scaled.png\",\"keywords\":[\"comptes creatifs\",\"inspiration instagram\",\"slam visuel\"],\"articleSection\":[\"\u00c0 la une\"],\"inLanguage\":\"fr-FR\",\"potentialAction\":[{\"@type\":\"CommentAction\",\"name\":\"Comment\",\"target\":[\"https:\/\/slams.fr\/blog\/a-la-une\/les-comptes-instagram-incontournables-pour-sinspirer-du-slam-visuel\/#respond\"]}]},{\"@type\":\"WebPage\",\"@id\":\"https:\/\/slams.fr\/blog\/a-la-une\/les-comptes-instagram-incontournables-pour-sinspirer-du-slam-visuel\/\",\"url\":\"https:\/\/slams.fr\/blog\/a-la-une\/les-comptes-instagram-incontournables-pour-sinspirer-du-slam-visuel\/\",\"name\":\"Les comptes Instagram pour s'inspirer du slam visuel\",\"isPartOf\":{\"@id\":\"https:\/\/slams.fr\/blog\/#website\"},\"primaryImageOfPage\":{\"@id\":\"https:\/\/slams.fr\/blog\/a-la-une\/les-comptes-instagram-incontournables-pour-sinspirer-du-slam-visuel\/#primaryimage\"},\"image\":{\"@id\":\"https:\/\/slams.fr\/blog\/a-la-une\/les-comptes-instagram-incontournables-pour-sinspirer-du-slam-visuel\/#primaryimage\"},\"thumbnailUrl\":\"https:\/\/slams.fr\/blog\/wp-content\/uploads\/2025\/07\/sdxl-535f5961db9646246ee6827b5befa177-scaled.png\",\"datePublished\":\"2025-06-14T20:34:15+00:00\",\"description\":\"Le slam visuel incarne une rencontre novatrice entre l\u2019\u00e9loquence sc\u00e9nique et la cr\u00e9ation graphique.\",\"inLanguage\":\"fr-FR\",\"potentialAction\":[{\"@type\":\"ReadAction\",\"target\":[\"https:\/\/slams.fr\/blog\/a-la-une\/les-comptes-instagram-incontournables-pour-sinspirer-du-slam-visuel\/\"]}]},{\"@type\":\"ImageObject\",\"inLanguage\":\"fr-FR\",\"@id\":\"https:\/\/slams.fr\/blog\/a-la-une\/les-comptes-instagram-incontournables-pour-sinspirer-du-slam-visuel\/#primaryimage\",\"url\":\"https:\/\/slams.fr\/blog\/wp-content\/uploads\/2025\/07\/sdxl-535f5961db9646246ee6827b5befa177-scaled.png\",\"contentUrl\":\"https:\/\/slams.fr\/blog\/wp-content\/uploads\/2025\/07\/sdxl-535f5961db9646246ee6827b5befa177-scaled.png\",\"width\":1200,\"height\":500},{\"@type\":\"WebSite\",\"@id\":\"https:\/\/slams.fr\/blog\/#website\",\"url\":\"https:\/\/slams.fr\/blog\/\",\"name\":\"slams.fr\",\"description\":\"Slams, l&#039;\u00e9nergie des mots en action\",\"publisher\":{\"@id\":\"https:\/\/slams.fr\/blog\/#organization\"},\"alternateName\":\"Slams, l'\u00e9nergie des mots en action\",\"potentialAction\":[{\"@type\":\"SearchAction\",\"target\":{\"@type\":\"EntryPoint\",\"urlTemplate\":\"https:\/\/slams.fr\/blog\/?s={search_term_string}\"},\"query-input\":{\"@type\":\"PropertyValueSpecification\",\"valueRequired\":true,\"valueName\":\"search_term_string\"}}],\"inLanguage\":\"fr-FR\"},{\"@type\":\"Organization\",\"@id\":\"https:\/\/slams.fr\/blog\/#organization\",\"name\":\"Foretsensations.fr\",\"url\":\"https:\/\/slams.fr\/blog\/\",\"logo\":{\"@type\":\"ImageObject\",\"inLanguage\":\"fr-FR\",\"@id\":\"https:\/\/slams.fr\/blog\/#\/schema\/logo\/image\/\",\"url\":\"https:\/\/slams.fr\/blog\/wp-content\/uploads\/2026\/07\/logo-auto-1.png\",\"contentUrl\":\"https:\/\/slams.fr\/blog\/wp-content\/uploads\/2026\/07\/logo-auto-1.png\",\"width\":1024,\"height\":1024,\"caption\":\"Foretsensations.fr\"},\"image\":{\"@id\":\"https:\/\/slams.fr\/blog\/#\/schema\/logo\/image\/\"}},{\"@type\":\"Person\",\"@id\":\"https:\/\/slams.fr\/blog\/#\/schema\/person\/3c864cdc320801e3db34b663e7e3f816\",\"name\":\"Rapha\u00ebl D.\",\"image\":{\"@type\":\"ImageObject\",\"inLanguage\":\"fr-FR\",\"@id\":\"https:\/\/slams.fr\/blog\/#\/schema\/person\/image\/\",\"url\":\"https:\/\/slams.fr\/blog\/wp-content\/uploads\/2026\/06\/persona_raphael-d-96x96.jpg\",\"contentUrl\":\"https:\/\/slams.fr\/blog\/wp-content\/uploads\/2026\/06\/persona_raphael-d-96x96.jpg\",\"caption\":\"Rapha\u00ebl D.\"},\"description\":\"La culture est mon terrain de jeu depuis une dizaine d'ann\u00e9es : arts visuels, s\u00e9ries, cr\u00e9ation et tout ce qui nourrit l'imaginaire. J'\u00e9cris aussi bien sur l'actualit\u00e9 des \u0153uvres que sur les coulisses de la cr\u00e9ation, avec l'envie de relier l'amateur curieux \u00e0 des univers parfois jug\u00e9s intimidants. J'aime analyser une s\u00e9rie ou une d\u00e9marche artistique sans p\u00e9dantisme, replacer une \u0153uvre dans son contexte et donner des cl\u00e9s de lecture accessibles. Avant de publier, je v\u00e9rifie mes r\u00e9f\u00e9rences, je recoupe les sources et je distingue clairement le fait de mon interpr\u00e9tation subjective. Je crois qu'une critique vaut surtout par les arguments qu'elle expose, pas par la sentence qu'elle rend. Mon angle : transmettre l'envie de d\u00e9couvrir, de regarder autrement et de se forger son propre go\u00fbt. La culture n'appartient pas qu'aux initi\u00e9s, et c'est tout l'enjeu de mon \u00e9criture.\",\"url\":\"https:\/\/slams.fr\/blog\/auteur\/raphael-d\/\",\"jobTitle\":\"R\u00e9dacteur en chef \u00b7 Culture & Cr\u00e9ation\",\"knowsAbout\":[\"Culture\",\"Cr\u00e9ation\"],\"email\":\"raphael.d@a-l-asso-de-l-art.fr\"}]}<\/script>\n<!-- \/ Yoast SEO Premium plugin. -->","yoast_head_json":{"title":"Les comptes Instagram pour s'inspirer du slam visuel","description":"Le slam visuel incarne une rencontre novatrice entre l\u2019\u00e9loquence sc\u00e9nique et la cr\u00e9ation graphique.","robots":{"index":"index","follow":"follow","max-snippet":"max-snippet:-1","max-image-preview":"max-image-preview:large","max-video-preview":"max-video-preview:-1"},"canonical":"https:\/\/slams.fr\/blog\/a-la-une\/les-comptes-instagram-incontournables-pour-sinspirer-du-slam-visuel\/","og_locale":"fr_FR","og_type":"article","og_title":"Les comptes Instagram pour s'inspirer du slam visuel","og_description":"Le slam visuel incarne une rencontre novatrice entre l\u2019\u00e9loquence sc\u00e9nique et la cr\u00e9ation graphique.","og_url":"https:\/\/slams.fr\/blog\/a-la-une\/les-comptes-instagram-incontournables-pour-sinspirer-du-slam-visuel\/","og_site_name":"slams","og_image":[{"width":1200,"height":500,"url":"https:\/\/slams.fr\/blog\/wp-content\/uploads\/2025\/07\/sdxl-535f5961db9646246ee6827b5befa177-scaled.png","type":"image\/png"}],"author":"Rapha\u00ebl D.","twitter_card":"summary_large_image","schema":{"@context":"https:\/\/schema.org","@graph":[{"@type":"NewsArticle","@id":"https:\/\/slams.fr\/blog\/a-la-une\/les-comptes-instagram-incontournables-pour-sinspirer-du-slam-visuel\/#article","isPartOf":{"@id":"https:\/\/slams.fr\/blog\/a-la-une\/les-comptes-instagram-incontournables-pour-sinspirer-du-slam-visuel\/"},"author":{"name":"Rapha\u00ebl D.","@id":"https:\/\/slams.fr\/blog\/#\/schema\/person\/3c864cdc320801e3db34b663e7e3f816"},"headline":"Les Comptes Instagram Incontournables pour S\u2019inspirer du Slam Visuel","datePublished":"2025-06-14T20:34:15+00:00","mainEntityOfPage":{"@id":"https:\/\/slams.fr\/blog\/a-la-une\/les-comptes-instagram-incontournables-pour-sinspirer-du-slam-visuel\/"},"wordCount":1177,"commentCount":0,"publisher":{"@id":"https:\/\/slams.fr\/blog\/#organization"},"image":{"@id":"https:\/\/slams.fr\/blog\/a-la-une\/les-comptes-instagram-incontournables-pour-sinspirer-du-slam-visuel\/#primaryimage"},"thumbnailUrl":"https:\/\/slams.fr\/blog\/wp-content\/uploads\/2025\/07\/sdxl-535f5961db9646246ee6827b5befa177-scaled.png","keywords":["comptes creatifs","inspiration instagram","slam visuel"],"articleSection":["\u00c0 la une"],"inLanguage":"fr-FR","potentialAction":[{"@type":"CommentAction","name":"Comment","target":["https:\/\/slams.fr\/blog\/a-la-une\/les-comptes-instagram-incontournables-pour-sinspirer-du-slam-visuel\/#respond"]}]},{"@type":"WebPage","@id":"https:\/\/slams.fr\/blog\/a-la-une\/les-comptes-instagram-incontournables-pour-sinspirer-du-slam-visuel\/","url":"https:\/\/slams.fr\/blog\/a-la-une\/les-comptes-instagram-incontournables-pour-sinspirer-du-slam-visuel\/","name":"Les comptes Instagram pour s'inspirer du slam visuel","isPartOf":{"@id":"https:\/\/slams.fr\/blog\/#website"},"primaryImageOfPage":{"@id":"https:\/\/slams.fr\/blog\/a-la-une\/les-comptes-instagram-incontournables-pour-sinspirer-du-slam-visuel\/#primaryimage"},"image":{"@id":"https:\/\/slams.fr\/blog\/a-la-une\/les-comptes-instagram-incontournables-pour-sinspirer-du-slam-visuel\/#primaryimage"},"thumbnailUrl":"https:\/\/slams.fr\/blog\/wp-content\/uploads\/2025\/07\/sdxl-535f5961db9646246ee6827b5befa177-scaled.png","datePublished":"2025-06-14T20:34:15+00:00","description":"Le slam visuel incarne une rencontre novatrice entre l\u2019\u00e9loquence sc\u00e9nique et la cr\u00e9ation graphique.","inLanguage":"fr-FR","potentialAction":[{"@type":"ReadAction","target":["https:\/\/slams.fr\/blog\/a-la-une\/les-comptes-instagram-incontournables-pour-sinspirer-du-slam-visuel\/"]}]},{"@type":"ImageObject","inLanguage":"fr-FR","@id":"https:\/\/slams.fr\/blog\/a-la-une\/les-comptes-instagram-incontournables-pour-sinspirer-du-slam-visuel\/#primaryimage","url":"https:\/\/slams.fr\/blog\/wp-content\/uploads\/2025\/07\/sdxl-535f5961db9646246ee6827b5befa177-scaled.png","contentUrl":"https:\/\/slams.fr\/blog\/wp-content\/uploads\/2025\/07\/sdxl-535f5961db9646246ee6827b5befa177-scaled.png","width":1200,"height":500},{"@type":"WebSite","@id":"https:\/\/slams.fr\/blog\/#website","url":"https:\/\/slams.fr\/blog\/","name":"slams.fr","description":"Slams, l&#039;\u00e9nergie des mots en action","publisher":{"@id":"https:\/\/slams.fr\/blog\/#organization"},"alternateName":"Slams, l'\u00e9nergie des mots en action","potentialAction":[{"@type":"SearchAction","target":{"@type":"EntryPoint","urlTemplate":"https:\/\/slams.fr\/blog\/?s={search_term_string}"},"query-input":{"@type":"PropertyValueSpecification","valueRequired":true,"valueName":"search_term_string"}}],"inLanguage":"fr-FR"},{"@type":"Organization","@id":"https:\/\/slams.fr\/blog\/#organization","name":"Foretsensations.fr","url":"https:\/\/slams.fr\/blog\/","logo":{"@type":"ImageObject","inLanguage":"fr-FR","@id":"https:\/\/slams.fr\/blog\/#\/schema\/logo\/image\/","url":"https:\/\/slams.fr\/blog\/wp-content\/uploads\/2026\/07\/logo-auto-1.png","contentUrl":"https:\/\/slams.fr\/blog\/wp-content\/uploads\/2026\/07\/logo-auto-1.png","width":1024,"height":1024,"caption":"Foretsensations.fr"},"image":{"@id":"https:\/\/slams.fr\/blog\/#\/schema\/logo\/image\/"}},{"@type":"Person","@id":"https:\/\/slams.fr\/blog\/#\/schema\/person\/3c864cdc320801e3db34b663e7e3f816","name":"Rapha\u00ebl D.","image":{"@type":"ImageObject","inLanguage":"fr-FR","@id":"https:\/\/slams.fr\/blog\/#\/schema\/person\/image\/","url":"https:\/\/slams.fr\/blog\/wp-content\/uploads\/2026\/06\/persona_raphael-d-96x96.jpg","contentUrl":"https:\/\/slams.fr\/blog\/wp-content\/uploads\/2026\/06\/persona_raphael-d-96x96.jpg","caption":"Rapha\u00ebl D."},"description":"La culture est mon terrain de jeu depuis une dizaine d'ann\u00e9es : arts visuels, s\u00e9ries, cr\u00e9ation et tout ce qui nourrit l'imaginaire. J'\u00e9cris aussi bien sur l'actualit\u00e9 des \u0153uvres que sur les coulisses de la cr\u00e9ation, avec l'envie de relier l'amateur curieux \u00e0 des univers parfois jug\u00e9s intimidants. J'aime analyser une s\u00e9rie ou une d\u00e9marche artistique sans p\u00e9dantisme, replacer une \u0153uvre dans son contexte et donner des cl\u00e9s de lecture accessibles. Avant de publier, je v\u00e9rifie mes r\u00e9f\u00e9rences, je recoupe les sources et je distingue clairement le fait de mon interpr\u00e9tation subjective. Je crois qu'une critique vaut surtout par les arguments qu'elle expose, pas par la sentence qu'elle rend. Mon angle : transmettre l'envie de d\u00e9couvrir, de regarder autrement et de se forger son propre go\u00fbt. La culture n'appartient pas qu'aux initi\u00e9s, et c'est tout l'enjeu de mon \u00e9criture.","url":"https:\/\/slams.fr\/blog\/auteur\/raphael-d\/","jobTitle":"R\u00e9dacteur en chef \u00b7 Culture & Cr\u00e9ation","knowsAbout":["Culture","Cr\u00e9ation"],"email":"raphael.d@a-l-asso-de-l-art.fr"}]}},"_links":{"self":[{"href":"https:\/\/slams.fr\/blog\/wp-json\/wp\/v2\/posts\/7521","targetHints":{"allow":["GET"]}}],"collection":[{"href":"https:\/\/slams.fr\/blog\/wp-json\/wp\/v2\/posts"}],"about":[{"href":"https:\/\/slams.fr\/blog\/wp-json\/wp\/v2\/types\/post"}],"author":[{"embeddable":true,"href":"https:\/\/slams.fr\/blog\/wp-json\/wp\/v2\/users\/34"}],"replies":[{"embeddable":true,"href":"https:\/\/slams.fr\/blog\/wp-json\/wp\/v2\/comments?post=7521"}],"version-history":[{"count":0,"href":"https:\/\/slams.fr\/blog\/wp-json\/wp\/v2\/posts\/7521\/revisions"}],"wp:featuredmedia":[{"embeddable":true,"href":"https:\/\/slams.fr\/blog\/wp-json\/wp\/v2\/media\/7648"}],"wp:attachment":[{"href":"https:\/\/slams.fr\/blog\/wp-json\/wp\/v2\/media?parent=7521"}],"wp:term":[{"taxonomy":"category","embeddable":true,"href":"https:\/\/slams.fr\/blog\/wp-json\/wp\/v2\/categories?post=7521"},{"taxonomy":"post_tag","embeddable":true,"href":"https:\/\/slams.fr\/blog\/wp-json\/wp\/v2\/tags?post=7521"}],"curies":[{"name":"wp","href":"https:\/\/api.w.org\/{rel}","templated":true}]}}