{"id":7522,"date":"2025-06-14T22:34:20","date_gmt":"2025-06-14T20:34:20","guid":{"rendered":"https:\/\/slams.fr\/blog\/a-la-une\/panorama-des-collectifs-et-associations-de-slam-locaux-dynamiser-lart-oratoire-dans-chaque-territoire-3\/"},"modified":"2025-06-14T22:34:20","modified_gmt":"2025-06-14T20:34:20","slug":"panorama-des-collectifs-et-associations-de-slam-locaux-dynamiser-lart-oratoire-dans-chaque-territoire-3","status":"publish","type":"post","link":"https:\/\/slams.fr\/blog\/a-la-une\/panorama-des-collectifs-et-associations-de-slam-locaux-dynamiser-lart-oratoire-dans-chaque-territoire-3\/","title":{"rendered":"Panorama des collectifs et associations de slam locaux : dynamiser l\u2019art oratoire dans chaque territoire"},"content":{"rendered":"<h1>Panorama des collectifs et associations de slam locaux : dynamiser l\u2019art oratoire dans chaque territoire<\/h1>\n<h2>Cartographie des r\u00e9seaux structurants et f\u00e9d\u00e9rations nationales<\/h2>\n<p>\nLa structuration du slam en France repose sur une organisation f\u00e9d\u00e9ratrice qui tisse des liens entre les initiatives locales et assure la repr\u00e9sentativit\u00e9 du mouvement au niveau national. La <strong>Ligue Slam de France<\/strong> se d\u00e9marque \u00e0 ce titre comme la principale instance de coordination, regroupant des collectifs, des associations, des slammasters et des intervenants ind\u00e9pendants. Fond\u00e9e pour garantir l\u2019acc\u00e8s \u00e0 une <u>repr\u00e9sentation nationale coh\u00e9rente du slam<\/u>, la Ligue facilite le r\u00e9seautage, offre un soutien logistique et m\u00e9diatique \u00e0 ses membres, et accompagne la cr\u00e9ation d\u2019\u00e9v\u00e9nements majeurs, tels que la Coupe de la Ligue Slam de France.\n<\/p>\n<ul>\n<li><strong>Mise en r\u00e9seau efficace :<\/strong> la LSF propose une vitrine m\u00e9diatique et un centre d\u2019information qui recense toutes les structures affili\u00e9es, avec un acc\u00e8s prioritaire \u00e0 la communication des \u00e9v\u00e9nements et projets majeurs.<\/li>\n<li><strong>Coordination d\u2019\u00e9v\u00e9nements nationaux :<\/strong> la Ligue orchestre des spectacles d\u2019envergure, structur\u00e9s par la <strong>French Slam Connection<\/strong> et port\u00e9s par des artistes reconnus internationalement, renfor\u00e7ant la visibilit\u00e9 du slam fran\u00e7ais \u00e0 l\u2019\u00e9tranger.<\/li>\n<li><strong>Fonctionnement participatif :<\/strong> chaque membre dispose d\u2019une voix consultative \u00e0 l\u2019assembl\u00e9e g\u00e9n\u00e9rale, encourageant la <u>gouvernance partag\u00e9e<\/u> et la circulation des id\u00e9es nouvelles au sein du r\u00e9seau.<\/li>\n<\/ul>\n<p>\nL\u2019histoire de la <strong>Ligue Slam de France<\/strong> s\u2019inscrit dans une volont\u00e9 d\u2019unification, tout en respectant la diversit\u00e9 des approches r\u00e9gionales. Son r\u00f4le de hub facilite le rayonnement national du slam, stimule la cr\u00e9ation locale et permet l\u2019\u00e9mergence de projets collaboratifs ambitieux. \u00c0 travers ses membres et associations partenaires, la LSF influe sur le d\u00e9veloppement de l\u2019art oratoire et accompagne la professionnalisation des artistes du secteur.\n<\/p>\n<h2>Implantation r\u00e9gionale : diversit\u00e9 et sp\u00e9cificit\u00e9s des collectifs locaux<\/h2>\n<p>\nSur l\u2019ensemble du territoire, la sc\u00e8ne slam s\u2019anime gr\u00e2ce \u00e0 une mosa\u00efque d\u2019associations et de collectifs, chacun poss\u00e9dant un <strong>ancrage territorial fort<\/strong> et des modes d\u2019organisation adapt\u00e9s \u00e0 leur contexte. Au sein du r\u00e9seau de la LSF, on retrouve des acteurs historiques comme <strong>Slam Connexion<\/strong>, <strong>La Meute Slam<\/strong>, <strong>Uppercut Prod<\/strong>, <strong>Les Ateliers Slam.com<\/strong> ou encore <strong>129 H Productions<\/strong>, qui op\u00e8rent dans des grandes villes comme Paris, Lyon, Lille, mais aussi dans des zones rurales et p\u00e9riurbaines.\n<\/p>\n<ul>\n<li><strong>Slam Connexion<\/strong> (Occitanie) : structure phare de Toulouse, organisant r\u00e9guli\u00e8rement des sc\u00e8nes ouvertes et des ateliers d\u2019\u00e9criture ; son mod\u00e8le favorise la transversalit\u00e9 avec les cultures urbaines et les publics \u00e9loign\u00e9s.<\/li>\n<li><strong>La Meute Slam<\/strong> (Grand Est) : collectif strasbourgeois reconnu pour son dynamisme et sa capacit\u00e9 \u00e0 f\u00e9d\u00e9rer toute une communaut\u00e9 autour d\u2019\u00e9v\u00e9nements participatifs.<\/li>\n<li><strong>Uppercut Prod<\/strong> (\u00cele-de-France) : association bas\u00e9e \u00e0 Paris, impliqu\u00e9e dans la production de spectacles, la m\u00e9diation culturelle et la formation de jeunes talents.<\/li>\n<li><strong>Les Ateliers Slam.com<\/strong> (Nouvelle-Aquitaine) : acteurs majeurs de Bordeaux et du Sud-Ouest, sp\u00e9cialistes de l\u2019intervention dans les \u00e9tablissements scolaires et structures de proximit\u00e9.<\/li>\n<li><strong>129 H Productions<\/strong> (Paris, 20\u00e8me arrondissement) : collectif pionnier des ateliers slam depuis 2002, ayant collabor\u00e9 avec plus de 180 structures partenaires.<\/li>\n<\/ul>\n<p>\nLe caract\u00e8re h\u00e9t\u00e9rog\u00e8ne des collectifs locaux se traduit par une adaptabilit\u00e9 \u00e0 la g\u00e9ographie et au tissu populationnel : en ville, la programmation propose des sc\u00e8nes r\u00e9guli\u00e8res et des festivals, tandis qu\u2019en milieu rural, le slam est investi comme outil de coh\u00e9sion et de lutte contre l\u2019isolement culturel. Cette diversit\u00e9 est une richesse, chaque structure d\u00e9veloppant un <strong>territoire d\u2019action sp\u00e9cifique<\/strong> (\u00e9coles, MJC, m\u00e9diath\u00e8ques, prisons, quartiers populaires) et une sensibilit\u00e9 artistique propre.\n<\/p>\n<h2>Missions et actions au c\u0153ur des territoires<\/h2>\n<p>\nLes associations et collectifs de slam r\u00e9pondent \u00e0 des missions plurielles, touchant \u00e0 l\u2019\u00e9ducation populaire, \u00e0 la m\u00e9diation culturelle et au d\u00e9veloppement social. Leur action se d\u00e9cline principalement autour de la <strong>cr\u00e9ation de sc\u00e8nes ouvertes<\/strong>, de l\u2019animation d\u2019<strong>ateliers d\u2019\u00e9criture<\/strong> et de la conception d\u2019<strong>\u00e9v\u00e9nements f\u00e9d\u00e9rateurs<\/strong>. Ces initiatives visent \u00e0 d\u00e9mocratiser l\u2019acc\u00e8s \u00e0 la parole, \u00e0 encourager la pratique artistique et \u00e0 r\u00e9v\u00e9ler de nouveaux talents dans des contextes parfois \u00e9loign\u00e9s de l\u2019offre culturelle institutionnelle.\n<\/p>\n<ul>\n<li><strong>Organisation de sc\u00e8nes ouvertes :<\/strong> de Paris \u00e0 Marseille, plus de cent sc\u00e8nes ouvertes par an permettent \u00e0 chaque citoyen de s\u2019essayer \u00e0 la performance oratoire, sans s\u00e9lection pr\u00e9alable ni jugement artistique, dans un esprit d\u2019inclusion et de cr\u00e9ativit\u00e9.<\/li>\n<li><strong>Ateliers d\u2019\u00e9criture et d\u2019expression :<\/strong> ces ateliers, propos\u00e9s dans des \u00e9coles, prisons, h\u00f4pitaux ou centres sociaux, favorisent l\u2019\u00e9mergence d\u2019une parole authentique et structurent des processus d\u2019accompagnement personnalis\u00e9s pour les jeunes slameurs.<\/li>\n<li><strong>Cr\u00e9ation d\u2019\u00e9v\u00e9nements f\u00e9d\u00e9rateurs :<\/strong> festivals interr\u00e9gionaux, coupes de slam et rencontres nationales stimulent la circulation des artistes et la d\u00e9couverte de nouveaux publics.<\/li>\n<li><strong>Soutien \u00e0 l\u2019\u00e9mergence de jeunes artistes :<\/strong> accompagnement sc\u00e9nique, mentorat, r\u00e9sidence d\u2019artistes, acc\u00e8s aux r\u00e9seaux professionnels.<\/li>\n<\/ul>\n<p>\nL\u2019action de ces collectifs rev\u00eat une dimension sociale : en favorisant la prise de parole de chacun, ils \u0153uvrent contre le repli sur soi et insufflent un esprit d\u2019ouverture dans les territoires. L\u2019exp\u00e9rience acquise depuis plus de deux d\u00e9cennies montre que le slam constitue un formidable levier pour rapprocher les g\u00e9n\u00e9rations, encourager la diversit\u00e9 et cr\u00e9er du lien social.\n<\/p>\n<h2>Le r\u00f4le des associations de slam dans l\u2019\u00e9ducation et le lien social<\/h2>\n<p>\nL\u2019engagement des associations de slam dans l\u2019\u00e9ducation, la pr\u00e9vention et la lutte contre l\u2019exclusion s\u2019inscrit aujourd\u2019hui dans une dynamique nationale. Plusieurs d\u2019entre elles b\u00e9n\u00e9ficient d\u2019un <strong>agr\u00e9ment de l\u2019\u00c9ducation nationale<\/strong>, t\u00e9moignage de la reconnaissance institutionnelle du r\u00f4le social et p\u00e9dagogique du slam. Les collaborations avec les \u00e9tablissements scolaires, les centres sociaux et les collectivit\u00e9s locales se multiplient, faisant du slam un <u>outil d\u2019\u00e9ducation populaire et de coh\u00e9sion sociale<\/u>.\n<\/p>\n<ul>\n<li><strong>Interventions \u00e9ducatives :<\/strong> dans l\u2019acad\u00e9mie de Paris, 129 H Productions a sensibilis\u00e9 des milliers de coll\u00e9giens \u00e0 l\u2019\u00e9criture po\u00e9tique, au d\u00e9veloppement de l\u2019esprit critique et \u00e0 l\u2019estime de soi.<\/li>\n<li><strong>Actions de pr\u00e9vention :<\/strong> des associations comme <strong>La Prose des Sables<\/strong> en Nouvelle-Aquitaine portent des projets de lutte contre le d\u00e9crochage scolaire et d\u2019inclusion linguistique aupr\u00e8s des publics migrants ou allophones.<\/li>\n<li><strong>Partenariats institutionnels :<\/strong> le travail commun avec les DAAC, les rectorats et les missions locales permet d\u2019inscrire durablement les ateliers de slam dans les parcours \u00e9ducatifs et socio-culturels.<\/li>\n<li><strong>Projets interg\u00e9n\u00e9rationnels :<\/strong> plusieurs collectifs, \u00e0 l\u2019image de <strong>Passages Pi\u00e9tons<\/strong> ou <strong>La Slameuse<\/strong>, d\u00e9veloppent des ateliers associant enfants, adultes et seniors pour valoriser la m\u00e9moire locale et encourager le dialogue entre g\u00e9n\u00e9rations.<\/li>\n<\/ul>\n<p>\nL\u2019exp\u00e9rience du slam en milieu scolaire ou associatif montre son impact positif sur la confiance en soi, la fluidit\u00e9 de l\u2019expression orale et la capacit\u00e9 \u00e0 travailler en groupe. Il constitue un espace de valorisation pour les profils atypiques et un vecteur efficace de lutte contre les discriminations ou la stigmatisation. Les associations s\u2019inscrivent ainsi pleinement dans la politique culturelle et sociale des territoires.\n<\/p>\n<h2>Comment rejoindre ou soutenir une association de slam pr\u00e8s de chez soi<\/h2>\n<p>\nInt\u00e9grer un collectif ou une association de slam repr\u00e9sente une d\u00e9marche accessible, enrichissante et f\u00e9d\u00e9ratrice. Plusieurs possibilit\u00e9s s\u2019offrent \u00e0 chacun, que l\u2019on souhaite simplement participer \u00e0 des \u00e9v\u00e9nements, rejoindre un groupe existant ou s\u2019impliquer dans l\u2019animation culturelle locale.\n<\/p>\n<ul>\n<li><strong>Rep\u00e9rer les structures actives :<\/strong> la consultation du site de la Ligue Slam de France permet d\u2019identifier les associations dans chaque r\u00e9gion, leur coordonn\u00e9es et leur programmation. Les sites municipaux, r\u00e9seaux sociaux et plateformes culturelles recensent aussi les opportunit\u00e9s locales.<\/li>\n<li><strong>Participer \u00e0 une sc\u00e8ne ouverte :<\/strong> assistez \u00e0 une soir\u00e9e slam, prenez contact avec les organisateurs, exp\u00e9rimentez la performance, \u00e9crivez votre premier texte et impr\u00e9gnez-vous de la dynamique du groupe.<\/li>\n<li><strong>S\u2019engager comme b\u00e9n\u00e9vole ou intervenant :<\/strong> les associations sollicitent des soutiens pour l\u2019organisation des ateliers, l\u2019accueil du public, la m\u00e9diation scolaire, la logistique ou la communication.<\/li>\n<li><strong>Lancer un collectif :<\/strong> dans les territoires d\u00e9pourvus de structure, il est possible de cr\u00e9er un collectif en b\u00e9n\u00e9ficiant du soutien et de l\u2019accompagnement de la Ligue Slam de France, qui propose conseils, mise en r\u00e9seau et ressources p\u00e9dagogiques.<\/li>\n<\/ul>\n<p>\nSoutenir une association de slam, c\u2019est contribuer \u00e0 la vitalit\u00e9 culturelle de son territoire, encourager la libert\u00e9 d\u2019expression et participer \u00e0 une aventure humaine d\u2019une rare intensit\u00e9. Les ressources propos\u00e9es par la Ligue (adh\u00e9sion, formation, partenariat) permettent d\u2019inscrire son engagement dans une d\u00e9marche professionnelle et structur\u00e9e.<\/p>\n","protected":false},"excerpt":{"rendered":"","protected":false},"author":34,"featured_media":7647,"comment_status":"open","ping_status":"open","sticky":false,"template":"","format":"standard","meta":{"_acf_changed":false,"manual_indexmenow":false,"indexmenow_id_project":0,"footnotes":""},"categories":[1],"tags":[4676,4675,4526],"class_list":["post-7522","post","type-post","status-publish","format-standard","has-post-thumbnail","hentry","category-a-la-une","tag-art-oratoire","tag-associations-locales","tag-slam","generate-columns","tablet-grid-50","mobile-grid-100","grid-parent","grid-25"],"acf":[],"yoast_head":"<!-- This site is optimized with the Yoast SEO Premium plugin v21.3 (Yoast SEO v26.5) - https:\/\/yoast.com\/wordpress\/plugins\/seo\/ -->\n<title>Les collectifs et associations de slam locaux<\/title>\n<meta name=\"description\" content=\"La structuration du slam en France repose sur une organisation f\u00e9d\u00e9ratrice qui tisse des liens entre les initiatives locales et assure\" \/>\n<meta name=\"robots\" content=\"index, follow, max-snippet:-1, max-image-preview:large, max-video-preview:-1\" \/>\n<link rel=\"canonical\" href=\"https:\/\/slams.fr\/blog\/a-la-une\/panorama-des-collectifs-et-associations-de-slam-locaux-dynamiser-lart-oratoire-dans-chaque-territoire-3\/\" \/>\n<meta property=\"og:locale\" content=\"fr_FR\" \/>\n<meta property=\"og:type\" content=\"article\" \/>\n<meta property=\"og:title\" content=\"Les collectifs et associations de slam locaux\" \/>\n<meta property=\"og:description\" content=\"La structuration du slam en France repose sur une organisation f\u00e9d\u00e9ratrice qui tisse des liens entre les initiatives locales et assure\" \/>\n<meta property=\"og:url\" content=\"https:\/\/slams.fr\/blog\/a-la-une\/panorama-des-collectifs-et-associations-de-slam-locaux-dynamiser-lart-oratoire-dans-chaque-territoire-3\/\" \/>\n<meta property=\"og:site_name\" content=\"slams\" \/>\n<meta property=\"og:image\" content=\"https:\/\/slams.fr\/blog\/wp-content\/uploads\/2025\/07\/sdxl-6153ef8d4610372b60edc5411a046566-scaled.png\" \/>\n\t<meta property=\"og:image:width\" content=\"1200\" \/>\n\t<meta property=\"og:image:height\" content=\"500\" \/>\n\t<meta property=\"og:image:type\" content=\"image\/png\" \/>\n<meta name=\"author\" content=\"Rapha\u00ebl D.\" \/>\n<meta name=\"twitter:card\" content=\"summary_large_image\" \/>\n<script type=\"application\/ld+json\" class=\"yoast-schema-graph\">{\"@context\":\"https:\/\/schema.org\",\"@graph\":[{\"@type\":\"NewsArticle\",\"@id\":\"https:\/\/slams.fr\/blog\/a-la-une\/panorama-des-collectifs-et-associations-de-slam-locaux-dynamiser-lart-oratoire-dans-chaque-territoire-3\/#article\",\"isPartOf\":{\"@id\":\"https:\/\/slams.fr\/blog\/a-la-une\/panorama-des-collectifs-et-associations-de-slam-locaux-dynamiser-lart-oratoire-dans-chaque-territoire-3\/\"},\"author\":{\"name\":\"Rapha\u00ebl D.\",\"@id\":\"https:\/\/slams.fr\/blog\/#\/schema\/person\/3c864cdc320801e3db34b663e7e3f816\"},\"headline\":\"Panorama des collectifs et associations de slam locaux : dynamiser l\u2019art oratoire dans chaque territoire\",\"datePublished\":\"2025-06-14T20:34:20+00:00\",\"mainEntityOfPage\":{\"@id\":\"https:\/\/slams.fr\/blog\/a-la-une\/panorama-des-collectifs-et-associations-de-slam-locaux-dynamiser-lart-oratoire-dans-chaque-territoire-3\/\"},\"wordCount\":1491,\"commentCount\":0,\"publisher\":{\"@id\":\"https:\/\/slams.fr\/blog\/#organization\"},\"image\":{\"@id\":\"https:\/\/slams.fr\/blog\/a-la-une\/panorama-des-collectifs-et-associations-de-slam-locaux-dynamiser-lart-oratoire-dans-chaque-territoire-3\/#primaryimage\"},\"thumbnailUrl\":\"https:\/\/slams.fr\/blog\/wp-content\/uploads\/2025\/07\/sdxl-6153ef8d4610372b60edc5411a046566-scaled.png\",\"keywords\":[\"art oratoire\",\"associations locales\",\"Slam\"],\"articleSection\":[\"\u00c0 la une\"],\"inLanguage\":\"fr-FR\",\"potentialAction\":[{\"@type\":\"CommentAction\",\"name\":\"Comment\",\"target\":[\"https:\/\/slams.fr\/blog\/a-la-une\/panorama-des-collectifs-et-associations-de-slam-locaux-dynamiser-lart-oratoire-dans-chaque-territoire-3\/#respond\"]}]},{\"@type\":\"WebPage\",\"@id\":\"https:\/\/slams.fr\/blog\/a-la-une\/panorama-des-collectifs-et-associations-de-slam-locaux-dynamiser-lart-oratoire-dans-chaque-territoire-3\/\",\"url\":\"https:\/\/slams.fr\/blog\/a-la-une\/panorama-des-collectifs-et-associations-de-slam-locaux-dynamiser-lart-oratoire-dans-chaque-territoire-3\/\",\"name\":\"Les collectifs et associations de slam locaux\",\"isPartOf\":{\"@id\":\"https:\/\/slams.fr\/blog\/#website\"},\"primaryImageOfPage\":{\"@id\":\"https:\/\/slams.fr\/blog\/a-la-une\/panorama-des-collectifs-et-associations-de-slam-locaux-dynamiser-lart-oratoire-dans-chaque-territoire-3\/#primaryimage\"},\"image\":{\"@id\":\"https:\/\/slams.fr\/blog\/a-la-une\/panorama-des-collectifs-et-associations-de-slam-locaux-dynamiser-lart-oratoire-dans-chaque-territoire-3\/#primaryimage\"},\"thumbnailUrl\":\"https:\/\/slams.fr\/blog\/wp-content\/uploads\/2025\/07\/sdxl-6153ef8d4610372b60edc5411a046566-scaled.png\",\"datePublished\":\"2025-06-14T20:34:20+00:00\",\"description\":\"La structuration du slam en France repose sur une organisation f\u00e9d\u00e9ratrice qui tisse des liens entre les initiatives locales et assure\",\"inLanguage\":\"fr-FR\",\"potentialAction\":[{\"@type\":\"ReadAction\",\"target\":[\"https:\/\/slams.fr\/blog\/a-la-une\/panorama-des-collectifs-et-associations-de-slam-locaux-dynamiser-lart-oratoire-dans-chaque-territoire-3\/\"]}]},{\"@type\":\"ImageObject\",\"inLanguage\":\"fr-FR\",\"@id\":\"https:\/\/slams.fr\/blog\/a-la-une\/panorama-des-collectifs-et-associations-de-slam-locaux-dynamiser-lart-oratoire-dans-chaque-territoire-3\/#primaryimage\",\"url\":\"https:\/\/slams.fr\/blog\/wp-content\/uploads\/2025\/07\/sdxl-6153ef8d4610372b60edc5411a046566-scaled.png\",\"contentUrl\":\"https:\/\/slams.fr\/blog\/wp-content\/uploads\/2025\/07\/sdxl-6153ef8d4610372b60edc5411a046566-scaled.png\",\"width\":1200,\"height\":500},{\"@type\":\"WebSite\",\"@id\":\"https:\/\/slams.fr\/blog\/#website\",\"url\":\"https:\/\/slams.fr\/blog\/\",\"name\":\"slams.fr\",\"description\":\"Slams, l&#039;\u00e9nergie des mots en action\",\"publisher\":{\"@id\":\"https:\/\/slams.fr\/blog\/#organization\"},\"alternateName\":\"Slams, l'\u00e9nergie des mots en action\",\"potentialAction\":[{\"@type\":\"SearchAction\",\"target\":{\"@type\":\"EntryPoint\",\"urlTemplate\":\"https:\/\/slams.fr\/blog\/?s={search_term_string}\"},\"query-input\":{\"@type\":\"PropertyValueSpecification\",\"valueRequired\":true,\"valueName\":\"search_term_string\"}}],\"inLanguage\":\"fr-FR\"},{\"@type\":\"Organization\",\"@id\":\"https:\/\/slams.fr\/blog\/#organization\",\"name\":\"Foretsensations.fr\",\"url\":\"https:\/\/slams.fr\/blog\/\",\"logo\":{\"@type\":\"ImageObject\",\"inLanguage\":\"fr-FR\",\"@id\":\"https:\/\/slams.fr\/blog\/#\/schema\/logo\/image\/\",\"url\":\"https:\/\/slams.fr\/blog\/wp-content\/uploads\/2026\/07\/logo-auto-1.png\",\"contentUrl\":\"https:\/\/slams.fr\/blog\/wp-content\/uploads\/2026\/07\/logo-auto-1.png\",\"width\":1024,\"height\":1024,\"caption\":\"Foretsensations.fr\"},\"image\":{\"@id\":\"https:\/\/slams.fr\/blog\/#\/schema\/logo\/image\/\"}},{\"@type\":\"Person\",\"@id\":\"https:\/\/slams.fr\/blog\/#\/schema\/person\/3c864cdc320801e3db34b663e7e3f816\",\"name\":\"Rapha\u00ebl D.\",\"image\":{\"@type\":\"ImageObject\",\"inLanguage\":\"fr-FR\",\"@id\":\"https:\/\/slams.fr\/blog\/#\/schema\/person\/image\/\",\"url\":\"https:\/\/slams.fr\/blog\/wp-content\/uploads\/2026\/06\/persona_raphael-d-96x96.jpg\",\"contentUrl\":\"https:\/\/slams.fr\/blog\/wp-content\/uploads\/2026\/06\/persona_raphael-d-96x96.jpg\",\"caption\":\"Rapha\u00ebl D.\"},\"description\":\"La culture est mon terrain de jeu depuis une dizaine d'ann\u00e9es : arts visuels, s\u00e9ries, cr\u00e9ation et tout ce qui nourrit l'imaginaire. J'\u00e9cris aussi bien sur l'actualit\u00e9 des \u0153uvres que sur les coulisses de la cr\u00e9ation, avec l'envie de relier l'amateur curieux \u00e0 des univers parfois jug\u00e9s intimidants. J'aime analyser une s\u00e9rie ou une d\u00e9marche artistique sans p\u00e9dantisme, replacer une \u0153uvre dans son contexte et donner des cl\u00e9s de lecture accessibles. Avant de publier, je v\u00e9rifie mes r\u00e9f\u00e9rences, je recoupe les sources et je distingue clairement le fait de mon interpr\u00e9tation subjective. Je crois qu'une critique vaut surtout par les arguments qu'elle expose, pas par la sentence qu'elle rend. Mon angle : transmettre l'envie de d\u00e9couvrir, de regarder autrement et de se forger son propre go\u00fbt. La culture n'appartient pas qu'aux initi\u00e9s, et c'est tout l'enjeu de mon \u00e9criture.\",\"url\":\"https:\/\/slams.fr\/blog\/auteur\/raphael-d\/\",\"jobTitle\":\"R\u00e9dacteur en chef \u00b7 Culture & Cr\u00e9ation\",\"knowsAbout\":[\"Culture\",\"Cr\u00e9ation\"],\"email\":\"raphael.d@a-l-asso-de-l-art.fr\"}]}<\/script>\n<!-- \/ Yoast SEO Premium plugin. -->","yoast_head_json":{"title":"Les collectifs et associations de slam locaux","description":"La structuration du slam en France repose sur une organisation f\u00e9d\u00e9ratrice qui tisse des liens entre les initiatives locales et assure","robots":{"index":"index","follow":"follow","max-snippet":"max-snippet:-1","max-image-preview":"max-image-preview:large","max-video-preview":"max-video-preview:-1"},"canonical":"https:\/\/slams.fr\/blog\/a-la-une\/panorama-des-collectifs-et-associations-de-slam-locaux-dynamiser-lart-oratoire-dans-chaque-territoire-3\/","og_locale":"fr_FR","og_type":"article","og_title":"Les collectifs et associations de slam locaux","og_description":"La structuration du slam en France repose sur une organisation f\u00e9d\u00e9ratrice qui tisse des liens entre les initiatives locales et assure","og_url":"https:\/\/slams.fr\/blog\/a-la-une\/panorama-des-collectifs-et-associations-de-slam-locaux-dynamiser-lart-oratoire-dans-chaque-territoire-3\/","og_site_name":"slams","og_image":[{"width":1200,"height":500,"url":"https:\/\/slams.fr\/blog\/wp-content\/uploads\/2025\/07\/sdxl-6153ef8d4610372b60edc5411a046566-scaled.png","type":"image\/png"}],"author":"Rapha\u00ebl D.","twitter_card":"summary_large_image","schema":{"@context":"https:\/\/schema.org","@graph":[{"@type":"NewsArticle","@id":"https:\/\/slams.fr\/blog\/a-la-une\/panorama-des-collectifs-et-associations-de-slam-locaux-dynamiser-lart-oratoire-dans-chaque-territoire-3\/#article","isPartOf":{"@id":"https:\/\/slams.fr\/blog\/a-la-une\/panorama-des-collectifs-et-associations-de-slam-locaux-dynamiser-lart-oratoire-dans-chaque-territoire-3\/"},"author":{"name":"Rapha\u00ebl D.","@id":"https:\/\/slams.fr\/blog\/#\/schema\/person\/3c864cdc320801e3db34b663e7e3f816"},"headline":"Panorama des collectifs et associations de slam locaux : dynamiser l\u2019art oratoire dans chaque territoire","datePublished":"2025-06-14T20:34:20+00:00","mainEntityOfPage":{"@id":"https:\/\/slams.fr\/blog\/a-la-une\/panorama-des-collectifs-et-associations-de-slam-locaux-dynamiser-lart-oratoire-dans-chaque-territoire-3\/"},"wordCount":1491,"commentCount":0,"publisher":{"@id":"https:\/\/slams.fr\/blog\/#organization"},"image":{"@id":"https:\/\/slams.fr\/blog\/a-la-une\/panorama-des-collectifs-et-associations-de-slam-locaux-dynamiser-lart-oratoire-dans-chaque-territoire-3\/#primaryimage"},"thumbnailUrl":"https:\/\/slams.fr\/blog\/wp-content\/uploads\/2025\/07\/sdxl-6153ef8d4610372b60edc5411a046566-scaled.png","keywords":["art oratoire","associations locales","Slam"],"articleSection":["\u00c0 la une"],"inLanguage":"fr-FR","potentialAction":[{"@type":"CommentAction","name":"Comment","target":["https:\/\/slams.fr\/blog\/a-la-une\/panorama-des-collectifs-et-associations-de-slam-locaux-dynamiser-lart-oratoire-dans-chaque-territoire-3\/#respond"]}]},{"@type":"WebPage","@id":"https:\/\/slams.fr\/blog\/a-la-une\/panorama-des-collectifs-et-associations-de-slam-locaux-dynamiser-lart-oratoire-dans-chaque-territoire-3\/","url":"https:\/\/slams.fr\/blog\/a-la-une\/panorama-des-collectifs-et-associations-de-slam-locaux-dynamiser-lart-oratoire-dans-chaque-territoire-3\/","name":"Les collectifs et associations de slam locaux","isPartOf":{"@id":"https:\/\/slams.fr\/blog\/#website"},"primaryImageOfPage":{"@id":"https:\/\/slams.fr\/blog\/a-la-une\/panorama-des-collectifs-et-associations-de-slam-locaux-dynamiser-lart-oratoire-dans-chaque-territoire-3\/#primaryimage"},"image":{"@id":"https:\/\/slams.fr\/blog\/a-la-une\/panorama-des-collectifs-et-associations-de-slam-locaux-dynamiser-lart-oratoire-dans-chaque-territoire-3\/#primaryimage"},"thumbnailUrl":"https:\/\/slams.fr\/blog\/wp-content\/uploads\/2025\/07\/sdxl-6153ef8d4610372b60edc5411a046566-scaled.png","datePublished":"2025-06-14T20:34:20+00:00","description":"La structuration du slam en France repose sur une organisation f\u00e9d\u00e9ratrice qui tisse des liens entre les initiatives locales et assure","inLanguage":"fr-FR","potentialAction":[{"@type":"ReadAction","target":["https:\/\/slams.fr\/blog\/a-la-une\/panorama-des-collectifs-et-associations-de-slam-locaux-dynamiser-lart-oratoire-dans-chaque-territoire-3\/"]}]},{"@type":"ImageObject","inLanguage":"fr-FR","@id":"https:\/\/slams.fr\/blog\/a-la-une\/panorama-des-collectifs-et-associations-de-slam-locaux-dynamiser-lart-oratoire-dans-chaque-territoire-3\/#primaryimage","url":"https:\/\/slams.fr\/blog\/wp-content\/uploads\/2025\/07\/sdxl-6153ef8d4610372b60edc5411a046566-scaled.png","contentUrl":"https:\/\/slams.fr\/blog\/wp-content\/uploads\/2025\/07\/sdxl-6153ef8d4610372b60edc5411a046566-scaled.png","width":1200,"height":500},{"@type":"WebSite","@id":"https:\/\/slams.fr\/blog\/#website","url":"https:\/\/slams.fr\/blog\/","name":"slams.fr","description":"Slams, l&#039;\u00e9nergie des mots en action","publisher":{"@id":"https:\/\/slams.fr\/blog\/#organization"},"alternateName":"Slams, l'\u00e9nergie des mots en action","potentialAction":[{"@type":"SearchAction","target":{"@type":"EntryPoint","urlTemplate":"https:\/\/slams.fr\/blog\/?s={search_term_string}"},"query-input":{"@type":"PropertyValueSpecification","valueRequired":true,"valueName":"search_term_string"}}],"inLanguage":"fr-FR"},{"@type":"Organization","@id":"https:\/\/slams.fr\/blog\/#organization","name":"Foretsensations.fr","url":"https:\/\/slams.fr\/blog\/","logo":{"@type":"ImageObject","inLanguage":"fr-FR","@id":"https:\/\/slams.fr\/blog\/#\/schema\/logo\/image\/","url":"https:\/\/slams.fr\/blog\/wp-content\/uploads\/2026\/07\/logo-auto-1.png","contentUrl":"https:\/\/slams.fr\/blog\/wp-content\/uploads\/2026\/07\/logo-auto-1.png","width":1024,"height":1024,"caption":"Foretsensations.fr"},"image":{"@id":"https:\/\/slams.fr\/blog\/#\/schema\/logo\/image\/"}},{"@type":"Person","@id":"https:\/\/slams.fr\/blog\/#\/schema\/person\/3c864cdc320801e3db34b663e7e3f816","name":"Rapha\u00ebl D.","image":{"@type":"ImageObject","inLanguage":"fr-FR","@id":"https:\/\/slams.fr\/blog\/#\/schema\/person\/image\/","url":"https:\/\/slams.fr\/blog\/wp-content\/uploads\/2026\/06\/persona_raphael-d-96x96.jpg","contentUrl":"https:\/\/slams.fr\/blog\/wp-content\/uploads\/2026\/06\/persona_raphael-d-96x96.jpg","caption":"Rapha\u00ebl D."},"description":"La culture est mon terrain de jeu depuis une dizaine d'ann\u00e9es : arts visuels, s\u00e9ries, cr\u00e9ation et tout ce qui nourrit l'imaginaire. J'\u00e9cris aussi bien sur l'actualit\u00e9 des \u0153uvres que sur les coulisses de la cr\u00e9ation, avec l'envie de relier l'amateur curieux \u00e0 des univers parfois jug\u00e9s intimidants. J'aime analyser une s\u00e9rie ou une d\u00e9marche artistique sans p\u00e9dantisme, replacer une \u0153uvre dans son contexte et donner des cl\u00e9s de lecture accessibles. Avant de publier, je v\u00e9rifie mes r\u00e9f\u00e9rences, je recoupe les sources et je distingue clairement le fait de mon interpr\u00e9tation subjective. Je crois qu'une critique vaut surtout par les arguments qu'elle expose, pas par la sentence qu'elle rend. Mon angle : transmettre l'envie de d\u00e9couvrir, de regarder autrement et de se forger son propre go\u00fbt. La culture n'appartient pas qu'aux initi\u00e9s, et c'est tout l'enjeu de mon \u00e9criture.","url":"https:\/\/slams.fr\/blog\/auteur\/raphael-d\/","jobTitle":"R\u00e9dacteur en chef \u00b7 Culture & Cr\u00e9ation","knowsAbout":["Culture","Cr\u00e9ation"],"email":"raphael.d@a-l-asso-de-l-art.fr"}]}},"_links":{"self":[{"href":"https:\/\/slams.fr\/blog\/wp-json\/wp\/v2\/posts\/7522","targetHints":{"allow":["GET"]}}],"collection":[{"href":"https:\/\/slams.fr\/blog\/wp-json\/wp\/v2\/posts"}],"about":[{"href":"https:\/\/slams.fr\/blog\/wp-json\/wp\/v2\/types\/post"}],"author":[{"embeddable":true,"href":"https:\/\/slams.fr\/blog\/wp-json\/wp\/v2\/users\/34"}],"replies":[{"embeddable":true,"href":"https:\/\/slams.fr\/blog\/wp-json\/wp\/v2\/comments?post=7522"}],"version-history":[{"count":0,"href":"https:\/\/slams.fr\/blog\/wp-json\/wp\/v2\/posts\/7522\/revisions"}],"wp:featuredmedia":[{"embeddable":true,"href":"https:\/\/slams.fr\/blog\/wp-json\/wp\/v2\/media\/7647"}],"wp:attachment":[{"href":"https:\/\/slams.fr\/blog\/wp-json\/wp\/v2\/media?parent=7522"}],"wp:term":[{"taxonomy":"category","embeddable":true,"href":"https:\/\/slams.fr\/blog\/wp-json\/wp\/v2\/categories?post=7522"},{"taxonomy":"post_tag","embeddable":true,"href":"https:\/\/slams.fr\/blog\/wp-json\/wp\/v2\/tags?post=7522"}],"curies":[{"name":"wp","href":"https:\/\/api.w.org\/{rel}","templated":true}]}}