{"id":7525,"date":"2025-06-14T22:35:21","date_gmt":"2025-06-14T20:35:21","guid":{"rendered":"https:\/\/slams.fr\/blog\/a-la-une\/portails-de-rencontres-entre-slameurs-et-slameuses-connecter-la-scene-poetique-francophone\/"},"modified":"2025-06-14T22:35:21","modified_gmt":"2025-06-14T20:35:21","slug":"portails-de-rencontres-entre-slameurs-et-slameuses-connecter-la-scene-poetique-francophone","status":"publish","type":"post","link":"https:\/\/slams.fr\/blog\/a-la-une\/portails-de-rencontres-entre-slameurs-et-slameuses-connecter-la-scene-poetique-francophone\/","title":{"rendered":"Portails de rencontres entre slameurs et slameuses : connecter la sc\u00e8ne po\u00e9tique francophone"},"content":{"rendered":"<h1>Portails de rencontres entre slameurs et slameuses : connecter la sc\u00e8ne po\u00e9tique francophone<\/h1>\n<h2>L\u2019\u00e9mergence des plateformes d\u00e9di\u00e9es au slam<\/h2>\n<p>\nLe <strong>slam<\/strong>, n\u00e9 au croisement de la po\u00e9sie urbaine et de la prise de parole engag\u00e9e, s\u2019est digitalis\u00e9 avec l\u2019apparition massive de plateformes sp\u00e9cialis\u00e9es d\u00e8s les ann\u00e9es 2000. Nous observons que ces espaces num\u00e9riques se sont structur\u00e9s autour de <u>trois axes principaux<\/u>\u202f: la diffusion des textes, la cr\u00e9ation d\u2019\u00e9v\u00e9nements et la mise en relation.\n<\/p>\n<ul>\n<li>En 2020, la plateforme de T\u00e9l\u00e9-Qu\u00e9bec en classe a propos\u00e9 une s\u00e9rie de <strong>capsules SLAM<\/strong> anim\u00e9es par l\u2019artiste \u00c9l\u00e9mo, initiant des milliers de jeunes \u00e0 la po\u00e9sie d\u00e9clam\u00e9e et \u00e0 la richesse des figures de style, montrant la capacit\u00e9 de ces portails \u00e0 toucher de nouveaux publics et \u00e0 diversifier les formes d&rsquo;acc\u00e8s \u00e0 la discipline.<\/li>\n<li>La <strong>Ligue Slam de France<\/strong>, initi\u00e9e en 2008, a f\u00e9d\u00e9r\u00e9 des dizaines d\u2019associations et permis la cr\u00e9ation d\u2019un agenda national regroupant des centaines d\u2019\u00e9v\u00e9nements, ateliers et tournois, assurant ainsi la p\u00e9rennit\u00e9 d\u2019un r\u00e9seau dynamique.<\/li>\n<li>La <strong>plateforme Slam Qu\u00e9bec-France<\/strong> organise r\u00e9guli\u00e8rement des sessions, finales et ateliers via des outils comme Zoom ou Facebook, red\u00e9finissant le rapport \u00e0 la sc\u00e8ne et multipliant les passerelles hybrides entre le r\u00e9el et le virtuel.<\/li>\n<\/ul>\n<p>\nCette structuration technique, pens\u00e9e pour favoriser l\u2019interaction, contribue \u00e0 professionnaliser la sc\u00e8ne slam tout en rendant la discipline accessible \u00e0 des territoires et des profils longtemps \u00e9loign\u00e9s des circuits classiques de l\u2019art oratoire.\n<\/p>\n<h2>Favoriser les \u00e9changes cr\u00e9atifs et les collaborations artistiques<\/h2>\n<p>\nL\u2019un des apports majeurs des portails de rencontre pour slameurs et slameuses r\u00e9side dans la <strong>stimulation des \u00e9changes cr\u00e9atifs<\/strong> et la naissance de collaborations in\u00e9dites. Ces plateformes ouvrent de nombreuses portes, transformant chaque membre en acteur d\u2019un projet collectif plus vaste.\n<\/p>\n<ul>\n<li>En 2024, l\u2019association Africulturban \u00e0 Dakar a \u00e9t\u00e9 le th\u00e9\u00e2tre d\u2019une collaboration marquante entre le slameur s\u00e9n\u00e9galais William Mendy (Slam Korban) et la Fran\u00e7aise Juliette Roest, tous deux r\u00e9unis par la passion du slam et le d\u00e9sir de cr\u00e9er au sein d\u2019ateliers d\u2019\u00e9criture partag\u00e9s. Cette exp\u00e9rience a permis l\u2019\u00e9mergence de textes crois\u00e9s, reflet de la pluralit\u00e9 des influences et des parcours.<\/li>\n<li>Les ateliers d\u2019\u00e9criture organis\u00e9s par des structures telles que le Centre de la francophonie des Am\u00e9riques offrent un cadre formel \u00e0 l\u2019\u00e9panouissement des voix nouvelles. Encadr\u00e9s par des artistes reconnus comme \u00c9l\u00e9mo, ces ateliers rassemblent chaque ann\u00e9e des membres venus de plusieurs pays, g\u00e9n\u00e9rant une v\u00e9ritable effervescence cr\u00e9ative.<\/li>\n<\/ul>\n<p>\nNous constatons que le recours \u00e0 la publication en ligne, \u00e0 la diffusion de performances audio ou vid\u00e9o, ainsi qu\u2019\u00e0 la cr\u00e9ation de duos ou de collectifs virtuels, rend possible l\u2019\u00e9change de styles, la confrontation esth\u00e9tique et l\u2019exp\u00e9rimentation de nouvelles formes po\u00e9tiques. Gr\u00e2ce \u00e0 l\u2019expertise partag\u00e9e sur ces portails, les slameurs peuvent consolider leur identit\u00e9 artistique tout en s\u2019ouvrant \u00e0 la richesse des expressions du monde francophone.\n<\/p>\n<h2>Un tremplin pour la visibilit\u00e9 et l\u2019\u00e9panouissement artistique<\/h2>\n<p>\nLe passage par ces communaut\u00e9s num\u00e9riques repr\u00e9sente une \u00e9tape d\u00e9cisive pour tout artiste d\u00e9sireux de <strong>gagner en visibilit\u00e9<\/strong> et de d\u00e9velopper son parcours. Les portails sp\u00e9cialis\u00e9s fonctionnent comme de v\u00e9ritables vitrines, offrant aux slameurs et slameuses l\u2019acc\u00e8s \u00e0 un public \u00e9largi, \u00e0 des programmateurs et \u00e0 des sc\u00e8nes en qu\u00eate de nouveaux talents.\n<\/p>\n<ul>\n<li>En 2023, la page Facebook de Slam Qu\u00e9bec-France a diffus\u00e9 en direct la grande finale francophone, amplifiant la visibilit\u00e9 des participants \u00e0 l\u2019\u00e9chelle internationale et permettant l\u2019interaction instantan\u00e9e avec un public \u00e9loign\u00e9, voire non initi\u00e9.<\/li>\n<li>La Ligue Slam de France, en relayant les cr\u00e9ations des membres et les succ\u00e8s lors de festivals ou de comp\u00e9titions r\u00e9gionales, multiplie les opportunit\u00e9s d\u2019engagement et de reconnaissance professionnelle pour les slameurs \u00e9mergents.<\/li>\n<\/ul>\n<p>\nCe r\u00e9seau, en constante expansion, favorise l\u2019\u00e9closion de nouveaux talents et d\u00e9mocratise l\u2019acc\u00e8s \u00e0 la sc\u00e8ne, tout en renfor\u00e7ant le sentiment d\u2019appartenance \u00e0 une communaut\u00e9 soud\u00e9e. Nous jugeons que ces outils jouent un r\u00f4le pr\u00e9pond\u00e9rant dans la structuration d\u2019une carri\u00e8re artistique, en facilitant la prise de contact, la diffusion et la construction d\u2019une identit\u00e9 forte.\n<\/p>\n<h2>Des rencontres r\u00e9elles n\u00e9es du virtuel : de la sc\u00e8ne en ligne aux festivals<\/h2>\n<p>\nLes portails de rencontre num\u00e9riques ouvrent la voie \u00e0 des exp\u00e9riences humaines et artistiques qui d\u00e9passent largement le cadre du web. Tr\u00e8s souvent, la relation virtuelle d\u00e9bouche sur des collaborations en pr\u00e9sentiel, donnant naissance \u00e0 des \u00e9v\u00e9nements marquants, \u00e0 l\u2019image des festivals ou des comp\u00e9titions internationales.\n<\/p>\n<ul>\n<li>En ao\u00fbt 2024, la collaboration entre Juliette Roest et William Mendy a trouv\u00e9 un aboutissement concret \u00e0 Dakar, lors d\u2019ateliers et de performances en public, illustrant la <strong>passerelle continue entre l\u2019espace num\u00e9rique et la sc\u00e8ne r\u00e9elle<\/strong>.<\/li>\n<li>La s\u00e9rie d\u2019ateliers d\u2019\u00e9criture anim\u00e9s par \u00c9l\u00e9mo dans plusieurs pays europ\u00e9ens en 2021 et 2022 a permis de f\u00e9d\u00e9rer des communaut\u00e9s locales, de cr\u00e9er des synergies in\u00e9dites et de nourrir la vitalit\u00e9 des sc\u00e8nes \u00e9mergentes.<\/li>\n<li>Les soir\u00e9es et comp\u00e9titions hybrides, organis\u00e9es gr\u00e2ce \u00e0 Zoom ou aux r\u00e9seaux sociaux, offrent une exposition imm\u00e9diate et la possibilit\u00e9 de se confronter \u00e0 des publics vari\u00e9s, g\u00e9n\u00e9rant une dynamique unique d\u2019apprentissage par la pratique.<\/li>\n<\/ul>\n<p>\nLe succ\u00e8s de ces rencontres n\u00e9es du virtuel prouve l\u2019efficacit\u00e9 de ces dispositifs\u202f: ils transforment la mise en relation en moteur de projets concrets, en favorisant l\u2019entraide artistique, la confrontation bienveillante et la d\u00e9couverte d\u2019univers singuliers. Inscrire ces moments dans un parcours d\u2019artiste, c\u2019est garantir l\u2019acc\u00e8s \u00e0 une source continue d\u2019inspiration, d\u2019exp\u00e9rimentation et d\u2019ouverture.\n<\/p>\n<h2>Un r\u00e9seau international au service de l\u2019expression slam<\/h2>\n<p>\nDepuis quelques ann\u00e9es, le mod\u00e8le des <strong>portails de rencontre po\u00e9tiques<\/strong> a travers\u00e9 les fronti\u00e8res, s\u2019implantant dans des contextes tr\u00e8s divers pour refl\u00e9ter la richesse et la complexit\u00e9 du slam francophone. Cette globalisation des \u00e9changes permet non seulement de valoriser les sp\u00e9cificit\u00e9s locales, mais aussi d\u2019engager des dialogues transfrontaliers, essentiels \u00e0 la vitalit\u00e9 de la discipline.\n<\/p>\n<ul>\n<li>En 2022, le projet Slam Qu\u00e9bec-France a permis de connecter des artistes du Canada, de la France et de la Belgique lors d\u2019une s\u00e9rie de rencontres retransmises en ligne, cr\u00e9ant un espace d\u2019\u00e9coute mutuelle et de d\u00e9couverte des singularit\u00e9s culturelles propres \u00e0 chaque territoire.<\/li>\n<li>Le r\u00e9seau Africulturban \u00e0 Dakar s\u2019appuie sur des portails pour organiser des comp\u00e9titions internationales, des ateliers et des r\u00e9sidences, proposant une plateforme de rayonnement \u00e0 des slameurs du S\u00e9n\u00e9gal, du Maroc, de C\u00f4te d\u2019Ivoire ou du Cameroun.<\/li>\n<li>\u00c0 travers la Ligue Slam de France, des \u00e9changes et r\u00e9sidences avec l\u2019Italie, la Suisse romande ou le Qu\u00e9bec s\u2019intensifient, multipliant les ponts cr\u00e9atifs et les initiatives partag\u00e9es \u00e0 l\u2019\u00e9chelle continentale.<\/li>\n<\/ul>\n<p>\nNous percevons cette tendance comme d\u00e9cisive\u202f: elle encourage la diversit\u00e9, permet de d\u00e9velopper des projets communs malgr\u00e9 la distance et assure une circulation rapide des \u0153uvres et des id\u00e9es. Le slam, dans cette configuration, incarne un art sans fronti\u00e8re, ouvert au dialogue et \u00e0 l\u2019inclusion, o\u00f9 chaque voix peut se faire entendre et s\u2019inscrire dans un grand mouvement collectif.\n<\/p>\n<h2>Bilan et perspectives\u202f: renforcer l\u2019\u00e9cosyst\u00e8me des portails de rencontres slam<\/h2>\n<p>\n\u00c0 la lumi\u00e8re de ces \u00e9l\u00e9ments, il appara\u00eet fondamental de consolider et d\u2019\u00e9largir l\u2019offre des portails d\u00e9di\u00e9s au slam. La diversit\u00e9 des formats, la multiplication des outils et la capacit\u00e9 \u00e0 tisser des liens entre les sc\u00e8nes francophones dessinent un avenir propice \u00e0 l\u2019innovation et \u00e0 la diffusion de la parole po\u00e9tique.\n<\/p>\n<ul>\n<li><u>Structurer la gouvernance des plateformes<\/u>\u202f: investir dans la formation des administrateurs, la transparence des processus et le soutien aux initiatives locales pour assurer la p\u00e9rennit\u00e9 et l\u2019\u00e9quit\u00e9 de l\u2019acc\u00e8s aux ressources.<\/li>\n<li><u>Favoriser l\u2019inclusion<\/u>\u202f: encourager la participation de nouveaux profils, notamment les femmes, les jeunes issus de r\u00e9gions rurales ou les diasporas, afin de refl\u00e9ter la mosa\u00efque des voix francophones.<\/li>\n<li><u>D\u00e9velopper de nouveaux formats interactifs<\/u>\u202f: int\u00e9grer des outils de r\u00e9alit\u00e9 augment\u00e9e, des modules vid\u00e9o immersifs ou des espaces de co-\u00e9criture, stimulant la cr\u00e9ativit\u00e9 et la transmission interg\u00e9n\u00e9rationnelle.<\/li>\n<li><u>Renforcer le maillage international<\/u>\u202f: multiplier les partenariats entre festivals, r\u00e9seaux associatifs et institutions culturelles pour irriguer tous les territoires et garantir une circulation fluide des artistes et des \u0153uvres.<\/li>\n<\/ul>\n<p>\nNous estimons que ce panorama des portails de rencontres entre slameurs et slameuses d\u00e9montre la <strong>capacit\u00e9 d\u2019innovation, de transmission et de solidarit\u00e9<\/strong> de la sc\u00e8ne po\u00e9tique francophone. Ces espaces hybrides, \u00e0 la fois vitrines, laboratoires et carrefours d\u2019\u00e9changes, constituent un atout strat\u00e9gique pour l\u2019avenir du slam\u202f: ils rendent le po\u00e8te-acteur de son propre destin collectif, et offrent \u00e0 la francophonie un levier puissant de rayonnement culturel.<\/p>\n","protected":false},"excerpt":{"rendered":"","protected":false},"author":34,"featured_media":7579,"comment_status":"open","ping_status":"open","sticky":false,"template":"","format":"standard","meta":{"_acf_changed":false,"manual_indexmenow":false,"indexmenow_id_project":0,"footnotes":""},"categories":[1],"tags":[4693,4694,4598],"class_list":["post-7525","post","type-post","status-publish","format-standard","has-post-thumbnail","hentry","category-a-la-une","tag-rencontres-slam","tag-scene-francophone","tag-slam-poesie","generate-columns","tablet-grid-50","mobile-grid-100","grid-parent","grid-25"],"acf":[],"yoast_head":"<!-- This site is optimized with the Yoast SEO Premium plugin v21.3 (Yoast SEO v26.5) - https:\/\/yoast.com\/wordpress\/plugins\/seo\/ -->\n<title>Portails de rencontres entre slameurs et slameuses<\/title>\n<meta name=\"description\" content=\"Le slam, n\u00e9 au croisement de la po\u00e9sie urbaine et de la prise de parole engag\u00e9e, s\u2019est digitalis\u00e9 avec l\u2019apparition massive de plateformes sp\u00e9cialis\u00e9es\" \/>\n<meta name=\"robots\" content=\"index, follow, max-snippet:-1, max-image-preview:large, max-video-preview:-1\" \/>\n<link rel=\"canonical\" href=\"https:\/\/slams.fr\/blog\/a-la-une\/portails-de-rencontres-entre-slameurs-et-slameuses-connecter-la-scene-poetique-francophone\/\" \/>\n<meta property=\"og:locale\" content=\"fr_FR\" \/>\n<meta property=\"og:type\" content=\"article\" \/>\n<meta property=\"og:title\" content=\"Portails de rencontres entre slameurs et slameuses\" \/>\n<meta property=\"og:description\" content=\"Le slam, n\u00e9 au croisement de la po\u00e9sie urbaine et de la prise de parole engag\u00e9e, s\u2019est digitalis\u00e9 avec l\u2019apparition massive de plateformes sp\u00e9cialis\u00e9es\" \/>\n<meta property=\"og:url\" content=\"https:\/\/slams.fr\/blog\/a-la-une\/portails-de-rencontres-entre-slameurs-et-slameuses-connecter-la-scene-poetique-francophone\/\" \/>\n<meta property=\"og:site_name\" content=\"slams\" \/>\n<meta property=\"og:image\" content=\"https:\/\/slams.fr\/blog\/wp-content\/uploads\/2025\/07\/sdxl-e926dd8630441a5a888ce5c26a07a78a-scaled.png\" \/>\n\t<meta property=\"og:image:width\" content=\"1200\" \/>\n\t<meta property=\"og:image:height\" content=\"500\" \/>\n\t<meta property=\"og:image:type\" content=\"image\/png\" \/>\n<meta name=\"author\" content=\"Rapha\u00ebl D.\" \/>\n<meta name=\"twitter:card\" content=\"summary_large_image\" \/>\n<script type=\"application\/ld+json\" class=\"yoast-schema-graph\">{\"@context\":\"https:\/\/schema.org\",\"@graph\":[{\"@type\":\"NewsArticle\",\"@id\":\"https:\/\/slams.fr\/blog\/a-la-une\/portails-de-rencontres-entre-slameurs-et-slameuses-connecter-la-scene-poetique-francophone\/#article\",\"isPartOf\":{\"@id\":\"https:\/\/slams.fr\/blog\/a-la-une\/portails-de-rencontres-entre-slameurs-et-slameuses-connecter-la-scene-poetique-francophone\/\"},\"author\":{\"name\":\"Rapha\u00ebl D.\",\"@id\":\"https:\/\/slams.fr\/blog\/#\/schema\/person\/3c864cdc320801e3db34b663e7e3f816\"},\"headline\":\"Portails de rencontres entre slameurs et slameuses : connecter la sc\u00e8ne po\u00e9tique francophone\",\"datePublished\":\"2025-06-14T20:35:21+00:00\",\"mainEntityOfPage\":{\"@id\":\"https:\/\/slams.fr\/blog\/a-la-une\/portails-de-rencontres-entre-slameurs-et-slameuses-connecter-la-scene-poetique-francophone\/\"},\"wordCount\":1566,\"commentCount\":0,\"publisher\":{\"@id\":\"https:\/\/slams.fr\/blog\/#organization\"},\"image\":{\"@id\":\"https:\/\/slams.fr\/blog\/a-la-une\/portails-de-rencontres-entre-slameurs-et-slameuses-connecter-la-scene-poetique-francophone\/#primaryimage\"},\"thumbnailUrl\":\"https:\/\/slams.fr\/blog\/wp-content\/uploads\/2025\/07\/sdxl-e926dd8630441a5a888ce5c26a07a78a-scaled.png\",\"keywords\":[\"rencontres slam\",\"scene francophone\",\"slam poesie\"],\"articleSection\":[\"\u00c0 la une\"],\"inLanguage\":\"fr-FR\",\"potentialAction\":[{\"@type\":\"CommentAction\",\"name\":\"Comment\",\"target\":[\"https:\/\/slams.fr\/blog\/a-la-une\/portails-de-rencontres-entre-slameurs-et-slameuses-connecter-la-scene-poetique-francophone\/#respond\"]}]},{\"@type\":\"WebPage\",\"@id\":\"https:\/\/slams.fr\/blog\/a-la-une\/portails-de-rencontres-entre-slameurs-et-slameuses-connecter-la-scene-poetique-francophone\/\",\"url\":\"https:\/\/slams.fr\/blog\/a-la-une\/portails-de-rencontres-entre-slameurs-et-slameuses-connecter-la-scene-poetique-francophone\/\",\"name\":\"Portails de rencontres entre slameurs et slameuses\",\"isPartOf\":{\"@id\":\"https:\/\/slams.fr\/blog\/#website\"},\"primaryImageOfPage\":{\"@id\":\"https:\/\/slams.fr\/blog\/a-la-une\/portails-de-rencontres-entre-slameurs-et-slameuses-connecter-la-scene-poetique-francophone\/#primaryimage\"},\"image\":{\"@id\":\"https:\/\/slams.fr\/blog\/a-la-une\/portails-de-rencontres-entre-slameurs-et-slameuses-connecter-la-scene-poetique-francophone\/#primaryimage\"},\"thumbnailUrl\":\"https:\/\/slams.fr\/blog\/wp-content\/uploads\/2025\/07\/sdxl-e926dd8630441a5a888ce5c26a07a78a-scaled.png\",\"datePublished\":\"2025-06-14T20:35:21+00:00\",\"description\":\"Le slam, n\u00e9 au croisement de la po\u00e9sie urbaine et de la prise de parole engag\u00e9e, s\u2019est digitalis\u00e9 avec l\u2019apparition massive de plateformes sp\u00e9cialis\u00e9es\",\"inLanguage\":\"fr-FR\",\"potentialAction\":[{\"@type\":\"ReadAction\",\"target\":[\"https:\/\/slams.fr\/blog\/a-la-une\/portails-de-rencontres-entre-slameurs-et-slameuses-connecter-la-scene-poetique-francophone\/\"]}]},{\"@type\":\"ImageObject\",\"inLanguage\":\"fr-FR\",\"@id\":\"https:\/\/slams.fr\/blog\/a-la-une\/portails-de-rencontres-entre-slameurs-et-slameuses-connecter-la-scene-poetique-francophone\/#primaryimage\",\"url\":\"https:\/\/slams.fr\/blog\/wp-content\/uploads\/2025\/07\/sdxl-e926dd8630441a5a888ce5c26a07a78a-scaled.png\",\"contentUrl\":\"https:\/\/slams.fr\/blog\/wp-content\/uploads\/2025\/07\/sdxl-e926dd8630441a5a888ce5c26a07a78a-scaled.png\",\"width\":1200,\"height\":500},{\"@type\":\"WebSite\",\"@id\":\"https:\/\/slams.fr\/blog\/#website\",\"url\":\"https:\/\/slams.fr\/blog\/\",\"name\":\"slams.fr\",\"description\":\"Slams, l&#039;\u00e9nergie des mots en action\",\"publisher\":{\"@id\":\"https:\/\/slams.fr\/blog\/#organization\"},\"alternateName\":\"Slams, l'\u00e9nergie des mots en action\",\"potentialAction\":[{\"@type\":\"SearchAction\",\"target\":{\"@type\":\"EntryPoint\",\"urlTemplate\":\"https:\/\/slams.fr\/blog\/?s={search_term_string}\"},\"query-input\":{\"@type\":\"PropertyValueSpecification\",\"valueRequired\":true,\"valueName\":\"search_term_string\"}}],\"inLanguage\":\"fr-FR\"},{\"@type\":\"Organization\",\"@id\":\"https:\/\/slams.fr\/blog\/#organization\",\"name\":\"Foretsensations.fr\",\"url\":\"https:\/\/slams.fr\/blog\/\",\"logo\":{\"@type\":\"ImageObject\",\"inLanguage\":\"fr-FR\",\"@id\":\"https:\/\/slams.fr\/blog\/#\/schema\/logo\/image\/\",\"url\":\"https:\/\/slams.fr\/blog\/wp-content\/uploads\/2026\/07\/logo-auto-1.png\",\"contentUrl\":\"https:\/\/slams.fr\/blog\/wp-content\/uploads\/2026\/07\/logo-auto-1.png\",\"width\":1024,\"height\":1024,\"caption\":\"Foretsensations.fr\"},\"image\":{\"@id\":\"https:\/\/slams.fr\/blog\/#\/schema\/logo\/image\/\"}},{\"@type\":\"Person\",\"@id\":\"https:\/\/slams.fr\/blog\/#\/schema\/person\/3c864cdc320801e3db34b663e7e3f816\",\"name\":\"Rapha\u00ebl D.\",\"image\":{\"@type\":\"ImageObject\",\"inLanguage\":\"fr-FR\",\"@id\":\"https:\/\/slams.fr\/blog\/#\/schema\/person\/image\/\",\"url\":\"https:\/\/slams.fr\/blog\/wp-content\/uploads\/2026\/06\/persona_raphael-d-96x96.jpg\",\"contentUrl\":\"https:\/\/slams.fr\/blog\/wp-content\/uploads\/2026\/06\/persona_raphael-d-96x96.jpg\",\"caption\":\"Rapha\u00ebl D.\"},\"description\":\"La culture est mon terrain de jeu depuis une dizaine d'ann\u00e9es : arts visuels, s\u00e9ries, cr\u00e9ation et tout ce qui nourrit l'imaginaire. J'\u00e9cris aussi bien sur l'actualit\u00e9 des \u0153uvres que sur les coulisses de la cr\u00e9ation, avec l'envie de relier l'amateur curieux \u00e0 des univers parfois jug\u00e9s intimidants. J'aime analyser une s\u00e9rie ou une d\u00e9marche artistique sans p\u00e9dantisme, replacer une \u0153uvre dans son contexte et donner des cl\u00e9s de lecture accessibles. Avant de publier, je v\u00e9rifie mes r\u00e9f\u00e9rences, je recoupe les sources et je distingue clairement le fait de mon interpr\u00e9tation subjective. Je crois qu'une critique vaut surtout par les arguments qu'elle expose, pas par la sentence qu'elle rend. Mon angle : transmettre l'envie de d\u00e9couvrir, de regarder autrement et de se forger son propre go\u00fbt. La culture n'appartient pas qu'aux initi\u00e9s, et c'est tout l'enjeu de mon \u00e9criture.\",\"url\":\"https:\/\/slams.fr\/blog\/auteur\/raphael-d\/\",\"jobTitle\":\"R\u00e9dacteur en chef \u00b7 Culture & Cr\u00e9ation\",\"knowsAbout\":[\"Culture\",\"Cr\u00e9ation\"],\"email\":\"raphael.d@a-l-asso-de-l-art.fr\"}]}<\/script>\n<!-- \/ Yoast SEO Premium plugin. -->","yoast_head_json":{"title":"Portails de rencontres entre slameurs et slameuses","description":"Le slam, n\u00e9 au croisement de la po\u00e9sie urbaine et de la prise de parole engag\u00e9e, s\u2019est digitalis\u00e9 avec l\u2019apparition massive de plateformes sp\u00e9cialis\u00e9es","robots":{"index":"index","follow":"follow","max-snippet":"max-snippet:-1","max-image-preview":"max-image-preview:large","max-video-preview":"max-video-preview:-1"},"canonical":"https:\/\/slams.fr\/blog\/a-la-une\/portails-de-rencontres-entre-slameurs-et-slameuses-connecter-la-scene-poetique-francophone\/","og_locale":"fr_FR","og_type":"article","og_title":"Portails de rencontres entre slameurs et slameuses","og_description":"Le slam, n\u00e9 au croisement de la po\u00e9sie urbaine et de la prise de parole engag\u00e9e, s\u2019est digitalis\u00e9 avec l\u2019apparition massive de plateformes sp\u00e9cialis\u00e9es","og_url":"https:\/\/slams.fr\/blog\/a-la-une\/portails-de-rencontres-entre-slameurs-et-slameuses-connecter-la-scene-poetique-francophone\/","og_site_name":"slams","og_image":[{"width":1200,"height":500,"url":"https:\/\/slams.fr\/blog\/wp-content\/uploads\/2025\/07\/sdxl-e926dd8630441a5a888ce5c26a07a78a-scaled.png","type":"image\/png"}],"author":"Rapha\u00ebl D.","twitter_card":"summary_large_image","schema":{"@context":"https:\/\/schema.org","@graph":[{"@type":"NewsArticle","@id":"https:\/\/slams.fr\/blog\/a-la-une\/portails-de-rencontres-entre-slameurs-et-slameuses-connecter-la-scene-poetique-francophone\/#article","isPartOf":{"@id":"https:\/\/slams.fr\/blog\/a-la-une\/portails-de-rencontres-entre-slameurs-et-slameuses-connecter-la-scene-poetique-francophone\/"},"author":{"name":"Rapha\u00ebl D.","@id":"https:\/\/slams.fr\/blog\/#\/schema\/person\/3c864cdc320801e3db34b663e7e3f816"},"headline":"Portails de rencontres entre slameurs et slameuses : connecter la sc\u00e8ne po\u00e9tique francophone","datePublished":"2025-06-14T20:35:21+00:00","mainEntityOfPage":{"@id":"https:\/\/slams.fr\/blog\/a-la-une\/portails-de-rencontres-entre-slameurs-et-slameuses-connecter-la-scene-poetique-francophone\/"},"wordCount":1566,"commentCount":0,"publisher":{"@id":"https:\/\/slams.fr\/blog\/#organization"},"image":{"@id":"https:\/\/slams.fr\/blog\/a-la-une\/portails-de-rencontres-entre-slameurs-et-slameuses-connecter-la-scene-poetique-francophone\/#primaryimage"},"thumbnailUrl":"https:\/\/slams.fr\/blog\/wp-content\/uploads\/2025\/07\/sdxl-e926dd8630441a5a888ce5c26a07a78a-scaled.png","keywords":["rencontres slam","scene francophone","slam poesie"],"articleSection":["\u00c0 la une"],"inLanguage":"fr-FR","potentialAction":[{"@type":"CommentAction","name":"Comment","target":["https:\/\/slams.fr\/blog\/a-la-une\/portails-de-rencontres-entre-slameurs-et-slameuses-connecter-la-scene-poetique-francophone\/#respond"]}]},{"@type":"WebPage","@id":"https:\/\/slams.fr\/blog\/a-la-une\/portails-de-rencontres-entre-slameurs-et-slameuses-connecter-la-scene-poetique-francophone\/","url":"https:\/\/slams.fr\/blog\/a-la-une\/portails-de-rencontres-entre-slameurs-et-slameuses-connecter-la-scene-poetique-francophone\/","name":"Portails de rencontres entre slameurs et slameuses","isPartOf":{"@id":"https:\/\/slams.fr\/blog\/#website"},"primaryImageOfPage":{"@id":"https:\/\/slams.fr\/blog\/a-la-une\/portails-de-rencontres-entre-slameurs-et-slameuses-connecter-la-scene-poetique-francophone\/#primaryimage"},"image":{"@id":"https:\/\/slams.fr\/blog\/a-la-une\/portails-de-rencontres-entre-slameurs-et-slameuses-connecter-la-scene-poetique-francophone\/#primaryimage"},"thumbnailUrl":"https:\/\/slams.fr\/blog\/wp-content\/uploads\/2025\/07\/sdxl-e926dd8630441a5a888ce5c26a07a78a-scaled.png","datePublished":"2025-06-14T20:35:21+00:00","description":"Le slam, n\u00e9 au croisement de la po\u00e9sie urbaine et de la prise de parole engag\u00e9e, s\u2019est digitalis\u00e9 avec l\u2019apparition massive de plateformes sp\u00e9cialis\u00e9es","inLanguage":"fr-FR","potentialAction":[{"@type":"ReadAction","target":["https:\/\/slams.fr\/blog\/a-la-une\/portails-de-rencontres-entre-slameurs-et-slameuses-connecter-la-scene-poetique-francophone\/"]}]},{"@type":"ImageObject","inLanguage":"fr-FR","@id":"https:\/\/slams.fr\/blog\/a-la-une\/portails-de-rencontres-entre-slameurs-et-slameuses-connecter-la-scene-poetique-francophone\/#primaryimage","url":"https:\/\/slams.fr\/blog\/wp-content\/uploads\/2025\/07\/sdxl-e926dd8630441a5a888ce5c26a07a78a-scaled.png","contentUrl":"https:\/\/slams.fr\/blog\/wp-content\/uploads\/2025\/07\/sdxl-e926dd8630441a5a888ce5c26a07a78a-scaled.png","width":1200,"height":500},{"@type":"WebSite","@id":"https:\/\/slams.fr\/blog\/#website","url":"https:\/\/slams.fr\/blog\/","name":"slams.fr","description":"Slams, l&#039;\u00e9nergie des mots en action","publisher":{"@id":"https:\/\/slams.fr\/blog\/#organization"},"alternateName":"Slams, l'\u00e9nergie des mots en action","potentialAction":[{"@type":"SearchAction","target":{"@type":"EntryPoint","urlTemplate":"https:\/\/slams.fr\/blog\/?s={search_term_string}"},"query-input":{"@type":"PropertyValueSpecification","valueRequired":true,"valueName":"search_term_string"}}],"inLanguage":"fr-FR"},{"@type":"Organization","@id":"https:\/\/slams.fr\/blog\/#organization","name":"Foretsensations.fr","url":"https:\/\/slams.fr\/blog\/","logo":{"@type":"ImageObject","inLanguage":"fr-FR","@id":"https:\/\/slams.fr\/blog\/#\/schema\/logo\/image\/","url":"https:\/\/slams.fr\/blog\/wp-content\/uploads\/2026\/07\/logo-auto-1.png","contentUrl":"https:\/\/slams.fr\/blog\/wp-content\/uploads\/2026\/07\/logo-auto-1.png","width":1024,"height":1024,"caption":"Foretsensations.fr"},"image":{"@id":"https:\/\/slams.fr\/blog\/#\/schema\/logo\/image\/"}},{"@type":"Person","@id":"https:\/\/slams.fr\/blog\/#\/schema\/person\/3c864cdc320801e3db34b663e7e3f816","name":"Rapha\u00ebl D.","image":{"@type":"ImageObject","inLanguage":"fr-FR","@id":"https:\/\/slams.fr\/blog\/#\/schema\/person\/image\/","url":"https:\/\/slams.fr\/blog\/wp-content\/uploads\/2026\/06\/persona_raphael-d-96x96.jpg","contentUrl":"https:\/\/slams.fr\/blog\/wp-content\/uploads\/2026\/06\/persona_raphael-d-96x96.jpg","caption":"Rapha\u00ebl D."},"description":"La culture est mon terrain de jeu depuis une dizaine d'ann\u00e9es : arts visuels, s\u00e9ries, cr\u00e9ation et tout ce qui nourrit l'imaginaire. J'\u00e9cris aussi bien sur l'actualit\u00e9 des \u0153uvres que sur les coulisses de la cr\u00e9ation, avec l'envie de relier l'amateur curieux \u00e0 des univers parfois jug\u00e9s intimidants. J'aime analyser une s\u00e9rie ou une d\u00e9marche artistique sans p\u00e9dantisme, replacer une \u0153uvre dans son contexte et donner des cl\u00e9s de lecture accessibles. Avant de publier, je v\u00e9rifie mes r\u00e9f\u00e9rences, je recoupe les sources et je distingue clairement le fait de mon interpr\u00e9tation subjective. Je crois qu'une critique vaut surtout par les arguments qu'elle expose, pas par la sentence qu'elle rend. Mon angle : transmettre l'envie de d\u00e9couvrir, de regarder autrement et de se forger son propre go\u00fbt. La culture n'appartient pas qu'aux initi\u00e9s, et c'est tout l'enjeu de mon \u00e9criture.","url":"https:\/\/slams.fr\/blog\/auteur\/raphael-d\/","jobTitle":"R\u00e9dacteur en chef \u00b7 Culture & Cr\u00e9ation","knowsAbout":["Culture","Cr\u00e9ation"],"email":"raphael.d@a-l-asso-de-l-art.fr"}]}},"_links":{"self":[{"href":"https:\/\/slams.fr\/blog\/wp-json\/wp\/v2\/posts\/7525","targetHints":{"allow":["GET"]}}],"collection":[{"href":"https:\/\/slams.fr\/blog\/wp-json\/wp\/v2\/posts"}],"about":[{"href":"https:\/\/slams.fr\/blog\/wp-json\/wp\/v2\/types\/post"}],"author":[{"embeddable":true,"href":"https:\/\/slams.fr\/blog\/wp-json\/wp\/v2\/users\/34"}],"replies":[{"embeddable":true,"href":"https:\/\/slams.fr\/blog\/wp-json\/wp\/v2\/comments?post=7525"}],"version-history":[{"count":0,"href":"https:\/\/slams.fr\/blog\/wp-json\/wp\/v2\/posts\/7525\/revisions"}],"wp:featuredmedia":[{"embeddable":true,"href":"https:\/\/slams.fr\/blog\/wp-json\/wp\/v2\/media\/7579"}],"wp:attachment":[{"href":"https:\/\/slams.fr\/blog\/wp-json\/wp\/v2\/media?parent=7525"}],"wp:term":[{"taxonomy":"category","embeddable":true,"href":"https:\/\/slams.fr\/blog\/wp-json\/wp\/v2\/categories?post=7525"},{"taxonomy":"post_tag","embeddable":true,"href":"https:\/\/slams.fr\/blog\/wp-json\/wp\/v2\/tags?post=7525"}],"curies":[{"name":"wp","href":"https:\/\/api.w.org\/{rel}","templated":true}]}}