{"id":7529,"date":"2025-06-14T22:37:07","date_gmt":"2025-06-14T20:37:07","guid":{"rendered":"https:\/\/slams.fr\/blog\/a-la-une\/le-guide-ultime-pour-reperer-les-evenements-slam-virtuels-incontournables-en-2025\/"},"modified":"2025-06-14T22:37:07","modified_gmt":"2025-06-14T20:37:07","slug":"le-guide-ultime-pour-reperer-les-evenements-slam-virtuels-incontournables-en-2025","status":"publish","type":"post","link":"https:\/\/slams.fr\/blog\/a-la-une\/le-guide-ultime-pour-reperer-les-evenements-slam-virtuels-incontournables-en-2025\/","title":{"rendered":"Le guide ultime pour rep\u00e9rer les \u00e9v\u00e9nements slam virtuels incontournables en 2025"},"content":{"rendered":"<h1>Le guide ultime pour rep\u00e9rer les \u00e9v\u00e9nements slam virtuels incontournables en 2025<\/h1>\n<h2>Panorama des festivals de slam internationaux retransmis sur le web<\/h2>\n<p>\nLes rendez-vous mondiaux du <strong>slam<\/strong> en 2025 offrent une exp\u00e9rience d\u00e9cupl\u00e9e par la retransmission en direct, ouvrant la sc\u00e8ne \u00e0 tous, bien au-del\u00e0 des fronti\u00e8res. Parmi les festivals majeurs, le <strong>Grand Poetry Slam 2025<\/strong> figure en t\u00eate de liste, rassemblant chaque ann\u00e9e des po\u00e8tes venus de plus de quarante pays, avec des phases retransmises sur des plateformes interactives dot\u00e9es de chats en temps r\u00e9el, de \u00ab\u202fsalons virtuels\u202f\u00bb et de sessions de networking textuel. Ce festival se distingue par sa capacit\u00e9 \u00e0 mettre en sc\u00e8ne, lors de soir\u00e9es th\u00e9matiques, des figures historiques du slam mondial, tout comme des r\u00e9v\u00e9lations issues de sc\u00e8nes \u00e9mergentes, cr\u00e9ant ainsi une fabrique d\u2019audaces po\u00e9tiques accessible \u00e0 tous.\n<\/p>\n<p>\nD\u2019autres rencontres internationales se d\u00e9marquent\u202f: le <strong>Slamdance Festival 2025<\/strong>, qui, install\u00e9 \u00e0 Los Angeles du 20 au 26 f\u00e9vrier, propose une \u00e9dition virtuelle du 24 f\u00e9vrier au 7 mars, est reconnu pour sa programmation pointue et son engagement en faveur de la diversit\u00e9 cr\u00e9ative. Avec la rediffusion sur la plateforme <strong>slamdancechannel.com<\/strong>, chaque spectateur peut d\u00e9couvrir des performances en direct, des ateliers interactifs et acc\u00e9der \u00e0 des archives vid\u00e9o exclusives. La <strong>FIVARS 2025<\/strong>, Festival of International Virtual &amp; Augmented Reality Stories, fait fusionner slam, r\u00e9alit\u00e9 virtuelle et narration immersive\u202f: lors de sa onzi\u00e8me \u00e9dition, des performances po\u00e9tiques interactives sont propos\u00e9es entre le 3 f\u00e9vrier et le 6 juin, avec des exp\u00e9riences narratives 360\u00b0 venant du Qatar, de la France, de la Cor\u00e9e, et bien d\u2019autres territoires cr\u00e9atifs.\n<\/p>\n<ul>\n<li><strong>Grand Poetry Slam 2025<\/strong>\u202f: diffusion sur plateformes d\u00e9di\u00e9es, traduction multilingue, acc\u00e8s sur inscription.<\/li>\n<li><strong>Slamdance 2025<\/strong>\u202f: \u00e9dition hybride \u00e0 Los Angeles et en ligne, programmation internationale, acc\u00e8s payant ou abonnement.<\/li>\n<li><strong>FIVARS 2025<\/strong>\u202f: narration immersive, VR, 4K, acc\u00e8s via interface WebXR, repr\u00e9sentation de 15 pays.<\/li>\n<\/ul>\n<p>\nCes \u00e9v\u00e9nements, souvent prim\u00e9s, sont reconnus pour la qualit\u00e9 technique de leur captation et la pluralit\u00e9 des formats propos\u00e9s, alliant concours individuels, joutes collectives et open mics internationaux.\n<\/p>\n<h2>Zoom sur les sc\u00e8nes slam fran\u00e7aises accessibles \u00e0 distance<\/h2>\n<p>\nLa sc\u00e8ne fran\u00e7aise ne cesse de renforcer son attractivit\u00e9 gr\u00e2ce \u00e0 un maillage territorial dense et \u00e0 une politique d\u2019ouverture num\u00e9rique. En 2025, des institutions comme <strong>Slam Production France<\/strong> basculent l\u2019ensemble de leurs soir\u00e9es r\u00e9gionales embl\u00e9matiques sur des plateformes de captation haute-d\u00e9finition, avec options de replay int\u00e9gral et modules interactifs de questions-r\u00e9ponses entre les po\u00e8tes et leur public. \u00c0 Paris, le cycle \u00ab\u202f<strong>Phares du Slam<\/strong>\u202f\u00bb propose des retransmissions simultan\u00e9es sur Twitch et YouTube, accentuant l\u2019interaction au moyen de votes du public, de r\u00e9actions \u00e0 chaud et de tchats mod\u00e9r\u00e9s par des slameurs reconnus pour leur expertise.\n<\/p>\n<p>\nEn r\u00e9gion, des comp\u00e9titions phares comme la <strong>Ligue Slam de France<\/strong> ou les <strong>Nuits du Verbe<\/strong> \u00e0 Lyon s\u2019organisent en hybride\u202f: les demi-finales et finales sont syst\u00e9matiquement diffus\u00e9es en direct, accessibles sur inscription ou en libre visionnage gr\u00e2ce \u00e0 des partenariats associatifs. Les collaborations in\u00e9dites, telles que l\u2019alliance entre la sc\u00e8ne marseillaise \u00ab\u202fChant Libre\u202f\u00bb et des collectifs belges, favorisent l\u2019apparition de nouveaux formats\u202f: d\u00e9fis d\u2019\u00e9criture collectifs en visio, performances crois\u00e9es sur Discord, ou encore ateliers th\u00e9matiques ouverts \u00e0 l\u2019international.\n<\/p>\n<ul>\n<li><strong>Phares du Slam<\/strong> (Paris)\u202f: lives r\u00e9guliers sur Twitch, votes instantan\u00e9s, tchat communautaire.<\/li>\n<li><strong>Nuits du Verbe<\/strong> (Lyon)\u202f: rediffusions accessibles, plateforme de replay, interaction apr\u00e8s \u00e9v\u00e9nement.<\/li>\n<li><strong>Ligue Slam de France<\/strong>\u202f: comp\u00e9titions nationales, acc\u00e8s \u00e0 distance, ateliers associ\u00e9s.<\/li>\n<\/ul>\n<p>\nCes initiatives favorisent la d\u00e9couverte de <strong>nouveaux talents<\/strong> issus de toutes les r\u00e9gions, tout en maintenant une forte dimension interactive et p\u00e9dagogique.\n<\/p>\n<h2>Crit\u00e8res pour identifier un \u00e9v\u00e9nement slam en ligne de qualit\u00e9<\/h2>\n<p>\nRep\u00e9rer un <strong>\u00e9v\u00e9nement slam<\/strong> de r\u00e9f\u00e9rence implique de s\u2019appuyer sur une grille rigoureuse d\u2019analyse. Le premier indicateur r\u00e9side dans le niveau d\u2019<strong>interactivit\u00e9<\/strong> propos\u00e9\u202f: pr\u00e9sence de tchat durant la soir\u00e9e, organisation de \u00ab\u202fsc\u00e8nes ouvertes\u202f\u00bb o\u00f9 le public peut partager ses textes, sessions de vote en direct pour influencer le palmar\u00e8s. La <strong>diversit\u00e9 des artistes<\/strong> invit\u00e9s demeure un crit\u00e8re central\u202f: sc\u00e8ne mixte, \u00e9galit\u00e9 de genres, repr\u00e9sentativit\u00e9 de diff\u00e9rentes cultures et \u00e9coles stylistiques.\n<\/p>\n<p>\nL\u2019<strong>accessibilit\u00e9 technique<\/strong> est un autre point majeur\u202f: une plateforme ergonomique, adapt\u00e9e \u00e0 tous les syst\u00e8mes d\u2019exploitation, dot\u00e9e d\u2019une gestion fluide des flux vid\u00e9o et audio, garantit une exp\u00e9rience sans frustration. La <strong>qualit\u00e9 de la captation<\/strong> (image, son, r\u00e9alisation multi-cam\u00e9ras) distingue g\u00e9n\u00e9ralement les organisations professionnelles. Enfin, l\u2019<strong>animation \u00e9ditoriale<\/strong> et l\u2019<strong>originalit\u00e9 du format<\/strong> d\u00e9finissent l\u2019identit\u00e9 du rendez-vous\u202f: alternance entre solo, battles collectives, slam musicalis\u00e9, et cr\u00e9ation in\u00e9dite (slam VR, parcours immersif, ateliers interactifs).\n<\/p>\n<ul>\n<li><strong>Interactivit\u00e9<\/strong>\u202f: tchat, sc\u00e8nes ouvertes, Q&amp;A avec les artistes.<\/li>\n<li><strong>Diversit\u00e9<\/strong>\u202f: mixit\u00e9 artistique, ouverture internationale, inclusion r\u00e9gionale.<\/li>\n<li><strong>Accessibilit\u00e9<\/strong>\u202f: plateformes multiplateformes, plugins l\u00e9gers, exp\u00e9rience mobile optimis\u00e9e.<\/li>\n<li><strong>Qualit\u00e9 technique<\/strong>\u202f: haute d\u00e9finition, bande-son sans latence, captation dynamique.<\/li>\n<li><strong>Animation<\/strong>\u202f: animateurs exp\u00e9riment\u00e9s, sc\u00e9narisation originale, rythme adapt\u00e9.<\/li>\n<\/ul>\n<p>\nNous conseillons de privil\u00e9gier les \u00e9v\u00e9nements offrant une immersion compl\u00e8te et une participation r\u00e9elle du public, gage d\u2019une exp\u00e9rience m\u00e9morable.\n<\/p>\n<h2>Calendrier des moments forts \u00e0 ne pas manquer pour l\u2019ann\u00e9e<\/h2>\n<p>\nL\u2019agenda du <strong>slam en ligne 2025<\/strong> se structure autour de dates cl\u00e9s, marquant les rendez-vous \u00e0 forte valeur artistique et collaborative. D\u00e8s f\u00e9vrier, le <strong>Slamdance Festival<\/strong> d\u00e9roule sa programmation du 20 au 26, suivi de son extension virtuelle \u00e0 partir du 24. Mars accueille la <strong>Grande Finale du Grand Poetry Slam<\/strong>, r\u00e9unissant les laur\u00e9ats de toutes les sc\u00e8nes locales lors d\u2019un marathon po\u00e9tique retransmis en direct, ponctu\u00e9 par des masterclass d\u2019\u00e9criture anim\u00e9es par des artistes confirm\u00e9s.\n<\/p>\n<p>\nEn avril, la <strong>FIVARS<\/strong> propose des exp\u00e9riences slam immersives associant r\u00e9alit\u00e9 virtuelle et vid\u00e9o 360\u00b0, tandis que juin voit na\u00eetre des collaborations interdisciplinaires avec la participation de chor\u00e9graphes, musiciens et vid\u00e9astes. \u00c0 l\u2019automne, la s\u00e9rie \u00ab\u202f<strong>Automne Slam<\/strong>\u202f\u00bb met en avant des voix alternatives lors d\u2019\u00e9v\u00e9nements accessibles en direct et en replay, tandis que d\u00e9cembre cl\u00f4t l\u2019ann\u00e9e avec des comp\u00e9titions de <strong>po\u00e9sie urbaine<\/strong> et des battles slam musique en ligne.\n<\/p>\n<ul>\n<li>F\u00e9vrier\u202f: Slamdance Festival (pr\u00e9sentiel + virtuel), FIVARS d\u00e9bute ses inscriptions.<\/li>\n<li>Mars\u202f: Grand Poetry Slam \u2013 Grande Finale internationale et ateliers.<\/li>\n<li>Avril\u202f: FIVARS \u2013 exp\u00e9riences VR et performances hybrides.<\/li>\n<li>Juin\u202f: Collaborations interdisciplinaires France\/Europe.<\/li>\n<li>Septembre\/Novembre\u202f: Automne Slam, open mics nationaux, rencontres th\u00e9matiques.<\/li>\n<li>D\u00e9cembre\u202f: Battles de slam urbain, comp\u00e9titions finales et remise des distinctions.<\/li>\n<\/ul>\n<p>\nCe calendrier accompagne tous les styles\u202f: du <strong>spoken word<\/strong> engag\u00e9 \u00e0 la po\u00e9sie performative la plus exp\u00e9rimentale.\n<\/p>\n<h2>Comment rejoindre une communaut\u00e9 slam virtuelle active<\/h2>\n<p>\nInt\u00e9grer une <strong>communaut\u00e9 slam<\/strong> dynamique, c\u2019est s\u2019ouvrir \u00e0 un r\u00e9seau d\u2019\u00e9changes, de soutien et d\u2019inspiration. En 2025, les r\u00e9seaux sociaux structurent ces communaut\u00e9s\u202f: de nombreux groupes priv\u00e9s sur Facebook, Discord ou Telegram servent de points de ralliement pour partager les dates d\u2019\u00e9v\u00e9nements confidentiels, relayer des appels \u00e0 texte ou organiser des ateliers d\u2019\u00e9criture collectifs. La popularit\u00e9 de Slack et des salons priv\u00e9s sur Twitch facilite l\u2019\u00e9mergence de collectifs ax\u00e9s sur l\u2019innovation po\u00e9tique et l\u2019exp\u00e9rimentation performative.\n<\/p>\n<p>\nLes plateformes g\u00e9n\u00e9ralistes telles que Meetup ou Eventbrite r\u00e9pertorient, via des filtres par langue ou par th\u00e9matique, des sc\u00e8nes slam r\u00e9guli\u00e8res, des masterclass virtuelles, ou encore des sessions \u00ab\u202fmicro-ouvert\u202f\u00bb accessibles \u00e0 tous. La participation \u00e0 ces groupes ouvre l\u2019acc\u00e8s \u00e0 des coulisses exclusives\u202f: discussions avec les artistes, partage d\u2019outils de travail, invitations en avant-premi\u00e8re.\n<\/p>\n<ul>\n<li><strong>Groupes Facebook<\/strong>\u202f: calendriers partag\u00e9s, discussions, annonces de concours.<\/li>\n<li><strong>Discord<\/strong>\u202f: salons vocaux \u00ab\u202fopen mic\u202f\u00bb, partage de textes, workshops collectifs.<\/li>\n<li><strong>Slack et Twitch<\/strong>\u202f: r\u00e9seaux d\u2019entraide cr\u00e9ative, live critique, soutiens techniques.<\/li>\n<li><strong>Eventbrite\/Meetup<\/strong>\u202f: ateliers \u00e9criture, masterclass internationales, acc\u00e8s privil\u00e9gi\u00e9.<\/li>\n<\/ul>\n<p>\nS\u2019investir dans ces r\u00e9seaux, c\u2019est garantir la richesse de son exp\u00e9rience, d\u00e9velopper des collaborations in\u00e9dites et rester inform\u00e9 des derni\u00e8res tendances du slam connect\u00e9.\n<\/p>\n<h2>L\u2019\u00e9volution du slam num\u00e9rique\u202f: nouvelles tendances et perspectives<\/h2>\n<p>\nLe <strong>slam num\u00e9rique<\/strong> conna\u00eet une mutation profonde, port\u00e9e par des innovations artistiques et technologiques qui repoussent sans cesse les limites du genre. En 2025, <strong>l\u2019int\u00e9gration de la r\u00e9alit\u00e9 virtuelle<\/strong> au sein des festivals embl\u00e9matiques comme <strong>FIVARS<\/strong> r\u00e9volutionne l\u2019immersion des spectateurs\u202f: chaque performance devient un environnement interactif o\u00f9 le public navigue autour de la sc\u00e8ne, choisit sa perspective et interagit directement avec les artistes via des avatars personnalis\u00e9s. Le d\u00e9veloppement de formats hybrides, m\u00ealant captation live et s\u00e9quences mont\u00e9es, cr\u00e9e de nouveaux standards d\u2019esth\u00e9tique et de narration.\n<\/p>\n<p>\nL\u2019essor des <strong>exp\u00e9riences interactives<\/strong> \u2013 dialogues en direct, mod\u00e9ration participative, co-\u00e9criture via Google Docs ou plateformes cr\u00e9atives \u2013 favorise l\u2019\u00e9mergence de mouvements alternatifs, o\u00f9 performance po\u00e9tique et engagement communautaire s\u2019entrelacent. Des collectifs investissent la blockchain pour archiver textes et performances, garantissant la tra\u00e7abilit\u00e9 et la p\u00e9rennit\u00e9 de la cr\u00e9ation.\n<\/p>\n<ul>\n<li><strong>R\u00e9alit\u00e9 virtuelle<\/strong>\u202f: immersion totale, choix des angles, interaction personnalis\u00e9e.<\/li>\n<li><strong>Formats hybrides<\/strong>\u202f: vid\u00e9os multi-cam\u00e9ras + direct live, s\u00e9quences enrichies.<\/li>\n<li><strong>Co-\u00e9criture et mod\u00e9ration participative<\/strong>\u202f: sc\u00e9narios ouverts, implication du public.<\/li>\n<li><strong>Archivage blockchain<\/strong>\u202f: certification des \u0153uvres, diffusion s\u00e9curis\u00e9e.<\/li>\n<\/ul>\n<p>\nL\u2019engagement constant des artistes et des organisateurs, la mont\u00e9e des outils immersifs et l\u2019ouverture \u00e0 la pluralit\u00e9 des styles renforcent la place du slam num\u00e9rique comme laboratoire d\u2019inventivit\u00e9 et d\u2019expression libre. Nous pr\u00e9voyons une structuration accrue des communaut\u00e9s hybrides, o\u00f9 la cr\u00e9ation po\u00e9tique fusionne avec les meilleures technologies collaboratives.<\/p>\n","protected":false},"excerpt":{"rendered":"","protected":false},"author":34,"featured_media":7575,"comment_status":"open","ping_status":"open","sticky":false,"template":"","format":"standard","meta":{"_acf_changed":false,"manual_indexmenow":false,"indexmenow_id_project":0,"footnotes":""},"categories":[1],"tags":[4701,4699,4700],"class_list":["post-7529","post","type-post","status-publish","format-standard","has-post-thumbnail","hentry","category-a-la-une","tag-guide","tag-slam-virtuel","tag-vnements-2025","generate-columns","tablet-grid-50","mobile-grid-100","grid-parent","grid-25"],"acf":[],"yoast_head":"<!-- This site is optimized with the Yoast SEO Premium plugin v21.3 (Yoast SEO v26.5) - https:\/\/yoast.com\/wordpress\/plugins\/seo\/ -->\n<title>Rep\u00e9rer les \u00e9v\u00e9nements slam virtuels en 2025<\/title>\n<meta name=\"description\" content=\"Les rendez-vous mondiaux du slam en 2025 offrent une exp\u00e9rience d\u00e9cupl\u00e9e par la retransmission en direct, ouvrant la sc\u00e8ne \u00e0 tous, bien au-del\u00e0\" \/>\n<meta name=\"robots\" content=\"index, follow, max-snippet:-1, max-image-preview:large, max-video-preview:-1\" \/>\n<link rel=\"canonical\" href=\"https:\/\/slams.fr\/blog\/a-la-une\/le-guide-ultime-pour-reperer-les-evenements-slam-virtuels-incontournables-en-2025\/\" \/>\n<meta property=\"og:locale\" content=\"fr_FR\" \/>\n<meta property=\"og:type\" content=\"article\" \/>\n<meta property=\"og:title\" content=\"Rep\u00e9rer les \u00e9v\u00e9nements slam virtuels en 2025\" \/>\n<meta property=\"og:description\" content=\"Les rendez-vous mondiaux du slam en 2025 offrent une exp\u00e9rience d\u00e9cupl\u00e9e par la retransmission en direct, ouvrant la sc\u00e8ne \u00e0 tous, bien au-del\u00e0\" \/>\n<meta property=\"og:url\" content=\"https:\/\/slams.fr\/blog\/a-la-une\/le-guide-ultime-pour-reperer-les-evenements-slam-virtuels-incontournables-en-2025\/\" \/>\n<meta property=\"og:site_name\" content=\"slams\" \/>\n<meta property=\"og:image\" content=\"https:\/\/slams.fr\/blog\/wp-content\/uploads\/2025\/07\/sdxl-2175e11e5b034e24ff804bff5a74e5b0-scaled.png\" \/>\n\t<meta property=\"og:image:width\" content=\"1200\" \/>\n\t<meta property=\"og:image:height\" content=\"500\" \/>\n\t<meta property=\"og:image:type\" content=\"image\/png\" \/>\n<meta name=\"author\" content=\"Rapha\u00ebl D.\" \/>\n<meta name=\"twitter:card\" content=\"summary_large_image\" \/>\n<script type=\"application\/ld+json\" class=\"yoast-schema-graph\">{\"@context\":\"https:\/\/schema.org\",\"@graph\":[{\"@type\":\"NewsArticle\",\"@id\":\"https:\/\/slams.fr\/blog\/a-la-une\/le-guide-ultime-pour-reperer-les-evenements-slam-virtuels-incontournables-en-2025\/#article\",\"isPartOf\":{\"@id\":\"https:\/\/slams.fr\/blog\/a-la-une\/le-guide-ultime-pour-reperer-les-evenements-slam-virtuels-incontournables-en-2025\/\"},\"author\":{\"name\":\"Rapha\u00ebl D.\",\"@id\":\"https:\/\/slams.fr\/blog\/#\/schema\/person\/3c864cdc320801e3db34b663e7e3f816\"},\"headline\":\"Le guide ultime pour rep\u00e9rer les \u00e9v\u00e9nements slam virtuels incontournables en 2025\",\"datePublished\":\"2025-06-14T20:37:07+00:00\",\"mainEntityOfPage\":{\"@id\":\"https:\/\/slams.fr\/blog\/a-la-une\/le-guide-ultime-pour-reperer-les-evenements-slam-virtuels-incontournables-en-2025\/\"},\"wordCount\":1666,\"commentCount\":0,\"publisher\":{\"@id\":\"https:\/\/slams.fr\/blog\/#organization\"},\"image\":{\"@id\":\"https:\/\/slams.fr\/blog\/a-la-une\/le-guide-ultime-pour-reperer-les-evenements-slam-virtuels-incontournables-en-2025\/#primaryimage\"},\"thumbnailUrl\":\"https:\/\/slams.fr\/blog\/wp-content\/uploads\/2025\/07\/sdxl-2175e11e5b034e24ff804bff5a74e5b0-scaled.png\",\"keywords\":[\"guide\",\"slam virtuel\",\"vnements 2025\"],\"articleSection\":[\"\u00c0 la une\"],\"inLanguage\":\"fr-FR\",\"potentialAction\":[{\"@type\":\"CommentAction\",\"name\":\"Comment\",\"target\":[\"https:\/\/slams.fr\/blog\/a-la-une\/le-guide-ultime-pour-reperer-les-evenements-slam-virtuels-incontournables-en-2025\/#respond\"]}]},{\"@type\":\"WebPage\",\"@id\":\"https:\/\/slams.fr\/blog\/a-la-une\/le-guide-ultime-pour-reperer-les-evenements-slam-virtuels-incontournables-en-2025\/\",\"url\":\"https:\/\/slams.fr\/blog\/a-la-une\/le-guide-ultime-pour-reperer-les-evenements-slam-virtuels-incontournables-en-2025\/\",\"name\":\"Rep\u00e9rer les \u00e9v\u00e9nements slam virtuels en 2025\",\"isPartOf\":{\"@id\":\"https:\/\/slams.fr\/blog\/#website\"},\"primaryImageOfPage\":{\"@id\":\"https:\/\/slams.fr\/blog\/a-la-une\/le-guide-ultime-pour-reperer-les-evenements-slam-virtuels-incontournables-en-2025\/#primaryimage\"},\"image\":{\"@id\":\"https:\/\/slams.fr\/blog\/a-la-une\/le-guide-ultime-pour-reperer-les-evenements-slam-virtuels-incontournables-en-2025\/#primaryimage\"},\"thumbnailUrl\":\"https:\/\/slams.fr\/blog\/wp-content\/uploads\/2025\/07\/sdxl-2175e11e5b034e24ff804bff5a74e5b0-scaled.png\",\"datePublished\":\"2025-06-14T20:37:07+00:00\",\"description\":\"Les rendez-vous mondiaux du slam en 2025 offrent une exp\u00e9rience d\u00e9cupl\u00e9e par la retransmission en direct, ouvrant la sc\u00e8ne \u00e0 tous, bien au-del\u00e0\",\"inLanguage\":\"fr-FR\",\"potentialAction\":[{\"@type\":\"ReadAction\",\"target\":[\"https:\/\/slams.fr\/blog\/a-la-une\/le-guide-ultime-pour-reperer-les-evenements-slam-virtuels-incontournables-en-2025\/\"]}]},{\"@type\":\"ImageObject\",\"inLanguage\":\"fr-FR\",\"@id\":\"https:\/\/slams.fr\/blog\/a-la-une\/le-guide-ultime-pour-reperer-les-evenements-slam-virtuels-incontournables-en-2025\/#primaryimage\",\"url\":\"https:\/\/slams.fr\/blog\/wp-content\/uploads\/2025\/07\/sdxl-2175e11e5b034e24ff804bff5a74e5b0-scaled.png\",\"contentUrl\":\"https:\/\/slams.fr\/blog\/wp-content\/uploads\/2025\/07\/sdxl-2175e11e5b034e24ff804bff5a74e5b0-scaled.png\",\"width\":1200,\"height\":500},{\"@type\":\"WebSite\",\"@id\":\"https:\/\/slams.fr\/blog\/#website\",\"url\":\"https:\/\/slams.fr\/blog\/\",\"name\":\"slams.fr\",\"description\":\"Slams, l&#039;\u00e9nergie des mots en action\",\"publisher\":{\"@id\":\"https:\/\/slams.fr\/blog\/#organization\"},\"alternateName\":\"Slams, l'\u00e9nergie des mots en action\",\"potentialAction\":[{\"@type\":\"SearchAction\",\"target\":{\"@type\":\"EntryPoint\",\"urlTemplate\":\"https:\/\/slams.fr\/blog\/?s={search_term_string}\"},\"query-input\":{\"@type\":\"PropertyValueSpecification\",\"valueRequired\":true,\"valueName\":\"search_term_string\"}}],\"inLanguage\":\"fr-FR\"},{\"@type\":\"Organization\",\"@id\":\"https:\/\/slams.fr\/blog\/#organization\",\"name\":\"Foretsensations.fr\",\"url\":\"https:\/\/slams.fr\/blog\/\",\"logo\":{\"@type\":\"ImageObject\",\"inLanguage\":\"fr-FR\",\"@id\":\"https:\/\/slams.fr\/blog\/#\/schema\/logo\/image\/\",\"url\":\"https:\/\/slams.fr\/blog\/wp-content\/uploads\/2026\/07\/logo-auto-1.png\",\"contentUrl\":\"https:\/\/slams.fr\/blog\/wp-content\/uploads\/2026\/07\/logo-auto-1.png\",\"width\":1024,\"height\":1024,\"caption\":\"Foretsensations.fr\"},\"image\":{\"@id\":\"https:\/\/slams.fr\/blog\/#\/schema\/logo\/image\/\"}},{\"@type\":\"Person\",\"@id\":\"https:\/\/slams.fr\/blog\/#\/schema\/person\/3c864cdc320801e3db34b663e7e3f816\",\"name\":\"Rapha\u00ebl D.\",\"image\":{\"@type\":\"ImageObject\",\"inLanguage\":\"fr-FR\",\"@id\":\"https:\/\/slams.fr\/blog\/#\/schema\/person\/image\/\",\"url\":\"https:\/\/slams.fr\/blog\/wp-content\/uploads\/2026\/06\/persona_raphael-d-96x96.jpg\",\"contentUrl\":\"https:\/\/slams.fr\/blog\/wp-content\/uploads\/2026\/06\/persona_raphael-d-96x96.jpg\",\"caption\":\"Rapha\u00ebl D.\"},\"description\":\"La culture est mon terrain de jeu depuis une dizaine d'ann\u00e9es : arts visuels, s\u00e9ries, cr\u00e9ation et tout ce qui nourrit l'imaginaire. J'\u00e9cris aussi bien sur l'actualit\u00e9 des \u0153uvres que sur les coulisses de la cr\u00e9ation, avec l'envie de relier l'amateur curieux \u00e0 des univers parfois jug\u00e9s intimidants. J'aime analyser une s\u00e9rie ou une d\u00e9marche artistique sans p\u00e9dantisme, replacer une \u0153uvre dans son contexte et donner des cl\u00e9s de lecture accessibles. Avant de publier, je v\u00e9rifie mes r\u00e9f\u00e9rences, je recoupe les sources et je distingue clairement le fait de mon interpr\u00e9tation subjective. Je crois qu'une critique vaut surtout par les arguments qu'elle expose, pas par la sentence qu'elle rend. Mon angle : transmettre l'envie de d\u00e9couvrir, de regarder autrement et de se forger son propre go\u00fbt. La culture n'appartient pas qu'aux initi\u00e9s, et c'est tout l'enjeu de mon \u00e9criture.\",\"url\":\"https:\/\/slams.fr\/blog\/auteur\/raphael-d\/\",\"jobTitle\":\"R\u00e9dacteur en chef \u00b7 Culture & Cr\u00e9ation\",\"knowsAbout\":[\"Culture\",\"Cr\u00e9ation\"],\"email\":\"raphael.d@a-l-asso-de-l-art.fr\"}]}<\/script>\n<!-- \/ Yoast SEO Premium plugin. -->","yoast_head_json":{"title":"Rep\u00e9rer les \u00e9v\u00e9nements slam virtuels en 2025","description":"Les rendez-vous mondiaux du slam en 2025 offrent une exp\u00e9rience d\u00e9cupl\u00e9e par la retransmission en direct, ouvrant la sc\u00e8ne \u00e0 tous, bien au-del\u00e0","robots":{"index":"index","follow":"follow","max-snippet":"max-snippet:-1","max-image-preview":"max-image-preview:large","max-video-preview":"max-video-preview:-1"},"canonical":"https:\/\/slams.fr\/blog\/a-la-une\/le-guide-ultime-pour-reperer-les-evenements-slam-virtuels-incontournables-en-2025\/","og_locale":"fr_FR","og_type":"article","og_title":"Rep\u00e9rer les \u00e9v\u00e9nements slam virtuels en 2025","og_description":"Les rendez-vous mondiaux du slam en 2025 offrent une exp\u00e9rience d\u00e9cupl\u00e9e par la retransmission en direct, ouvrant la sc\u00e8ne \u00e0 tous, bien au-del\u00e0","og_url":"https:\/\/slams.fr\/blog\/a-la-une\/le-guide-ultime-pour-reperer-les-evenements-slam-virtuels-incontournables-en-2025\/","og_site_name":"slams","og_image":[{"width":1200,"height":500,"url":"https:\/\/slams.fr\/blog\/wp-content\/uploads\/2025\/07\/sdxl-2175e11e5b034e24ff804bff5a74e5b0-scaled.png","type":"image\/png"}],"author":"Rapha\u00ebl D.","twitter_card":"summary_large_image","schema":{"@context":"https:\/\/schema.org","@graph":[{"@type":"NewsArticle","@id":"https:\/\/slams.fr\/blog\/a-la-une\/le-guide-ultime-pour-reperer-les-evenements-slam-virtuels-incontournables-en-2025\/#article","isPartOf":{"@id":"https:\/\/slams.fr\/blog\/a-la-une\/le-guide-ultime-pour-reperer-les-evenements-slam-virtuels-incontournables-en-2025\/"},"author":{"name":"Rapha\u00ebl D.","@id":"https:\/\/slams.fr\/blog\/#\/schema\/person\/3c864cdc320801e3db34b663e7e3f816"},"headline":"Le guide ultime pour rep\u00e9rer les \u00e9v\u00e9nements slam virtuels incontournables en 2025","datePublished":"2025-06-14T20:37:07+00:00","mainEntityOfPage":{"@id":"https:\/\/slams.fr\/blog\/a-la-une\/le-guide-ultime-pour-reperer-les-evenements-slam-virtuels-incontournables-en-2025\/"},"wordCount":1666,"commentCount":0,"publisher":{"@id":"https:\/\/slams.fr\/blog\/#organization"},"image":{"@id":"https:\/\/slams.fr\/blog\/a-la-une\/le-guide-ultime-pour-reperer-les-evenements-slam-virtuels-incontournables-en-2025\/#primaryimage"},"thumbnailUrl":"https:\/\/slams.fr\/blog\/wp-content\/uploads\/2025\/07\/sdxl-2175e11e5b034e24ff804bff5a74e5b0-scaled.png","keywords":["guide","slam virtuel","vnements 2025"],"articleSection":["\u00c0 la une"],"inLanguage":"fr-FR","potentialAction":[{"@type":"CommentAction","name":"Comment","target":["https:\/\/slams.fr\/blog\/a-la-une\/le-guide-ultime-pour-reperer-les-evenements-slam-virtuels-incontournables-en-2025\/#respond"]}]},{"@type":"WebPage","@id":"https:\/\/slams.fr\/blog\/a-la-une\/le-guide-ultime-pour-reperer-les-evenements-slam-virtuels-incontournables-en-2025\/","url":"https:\/\/slams.fr\/blog\/a-la-une\/le-guide-ultime-pour-reperer-les-evenements-slam-virtuels-incontournables-en-2025\/","name":"Rep\u00e9rer les \u00e9v\u00e9nements slam virtuels en 2025","isPartOf":{"@id":"https:\/\/slams.fr\/blog\/#website"},"primaryImageOfPage":{"@id":"https:\/\/slams.fr\/blog\/a-la-une\/le-guide-ultime-pour-reperer-les-evenements-slam-virtuels-incontournables-en-2025\/#primaryimage"},"image":{"@id":"https:\/\/slams.fr\/blog\/a-la-une\/le-guide-ultime-pour-reperer-les-evenements-slam-virtuels-incontournables-en-2025\/#primaryimage"},"thumbnailUrl":"https:\/\/slams.fr\/blog\/wp-content\/uploads\/2025\/07\/sdxl-2175e11e5b034e24ff804bff5a74e5b0-scaled.png","datePublished":"2025-06-14T20:37:07+00:00","description":"Les rendez-vous mondiaux du slam en 2025 offrent une exp\u00e9rience d\u00e9cupl\u00e9e par la retransmission en direct, ouvrant la sc\u00e8ne \u00e0 tous, bien au-del\u00e0","inLanguage":"fr-FR","potentialAction":[{"@type":"ReadAction","target":["https:\/\/slams.fr\/blog\/a-la-une\/le-guide-ultime-pour-reperer-les-evenements-slam-virtuels-incontournables-en-2025\/"]}]},{"@type":"ImageObject","inLanguage":"fr-FR","@id":"https:\/\/slams.fr\/blog\/a-la-une\/le-guide-ultime-pour-reperer-les-evenements-slam-virtuels-incontournables-en-2025\/#primaryimage","url":"https:\/\/slams.fr\/blog\/wp-content\/uploads\/2025\/07\/sdxl-2175e11e5b034e24ff804bff5a74e5b0-scaled.png","contentUrl":"https:\/\/slams.fr\/blog\/wp-content\/uploads\/2025\/07\/sdxl-2175e11e5b034e24ff804bff5a74e5b0-scaled.png","width":1200,"height":500},{"@type":"WebSite","@id":"https:\/\/slams.fr\/blog\/#website","url":"https:\/\/slams.fr\/blog\/","name":"slams.fr","description":"Slams, l&#039;\u00e9nergie des mots en action","publisher":{"@id":"https:\/\/slams.fr\/blog\/#organization"},"alternateName":"Slams, l'\u00e9nergie des mots en action","potentialAction":[{"@type":"SearchAction","target":{"@type":"EntryPoint","urlTemplate":"https:\/\/slams.fr\/blog\/?s={search_term_string}"},"query-input":{"@type":"PropertyValueSpecification","valueRequired":true,"valueName":"search_term_string"}}],"inLanguage":"fr-FR"},{"@type":"Organization","@id":"https:\/\/slams.fr\/blog\/#organization","name":"Foretsensations.fr","url":"https:\/\/slams.fr\/blog\/","logo":{"@type":"ImageObject","inLanguage":"fr-FR","@id":"https:\/\/slams.fr\/blog\/#\/schema\/logo\/image\/","url":"https:\/\/slams.fr\/blog\/wp-content\/uploads\/2026\/07\/logo-auto-1.png","contentUrl":"https:\/\/slams.fr\/blog\/wp-content\/uploads\/2026\/07\/logo-auto-1.png","width":1024,"height":1024,"caption":"Foretsensations.fr"},"image":{"@id":"https:\/\/slams.fr\/blog\/#\/schema\/logo\/image\/"}},{"@type":"Person","@id":"https:\/\/slams.fr\/blog\/#\/schema\/person\/3c864cdc320801e3db34b663e7e3f816","name":"Rapha\u00ebl D.","image":{"@type":"ImageObject","inLanguage":"fr-FR","@id":"https:\/\/slams.fr\/blog\/#\/schema\/person\/image\/","url":"https:\/\/slams.fr\/blog\/wp-content\/uploads\/2026\/06\/persona_raphael-d-96x96.jpg","contentUrl":"https:\/\/slams.fr\/blog\/wp-content\/uploads\/2026\/06\/persona_raphael-d-96x96.jpg","caption":"Rapha\u00ebl D."},"description":"La culture est mon terrain de jeu depuis une dizaine d'ann\u00e9es : arts visuels, s\u00e9ries, cr\u00e9ation et tout ce qui nourrit l'imaginaire. J'\u00e9cris aussi bien sur l'actualit\u00e9 des \u0153uvres que sur les coulisses de la cr\u00e9ation, avec l'envie de relier l'amateur curieux \u00e0 des univers parfois jug\u00e9s intimidants. J'aime analyser une s\u00e9rie ou une d\u00e9marche artistique sans p\u00e9dantisme, replacer une \u0153uvre dans son contexte et donner des cl\u00e9s de lecture accessibles. Avant de publier, je v\u00e9rifie mes r\u00e9f\u00e9rences, je recoupe les sources et je distingue clairement le fait de mon interpr\u00e9tation subjective. Je crois qu'une critique vaut surtout par les arguments qu'elle expose, pas par la sentence qu'elle rend. Mon angle : transmettre l'envie de d\u00e9couvrir, de regarder autrement et de se forger son propre go\u00fbt. La culture n'appartient pas qu'aux initi\u00e9s, et c'est tout l'enjeu de mon \u00e9criture.","url":"https:\/\/slams.fr\/blog\/auteur\/raphael-d\/","jobTitle":"R\u00e9dacteur en chef \u00b7 Culture & Cr\u00e9ation","knowsAbout":["Culture","Cr\u00e9ation"],"email":"raphael.d@a-l-asso-de-l-art.fr"}]}},"_links":{"self":[{"href":"https:\/\/slams.fr\/blog\/wp-json\/wp\/v2\/posts\/7529","targetHints":{"allow":["GET"]}}],"collection":[{"href":"https:\/\/slams.fr\/blog\/wp-json\/wp\/v2\/posts"}],"about":[{"href":"https:\/\/slams.fr\/blog\/wp-json\/wp\/v2\/types\/post"}],"author":[{"embeddable":true,"href":"https:\/\/slams.fr\/blog\/wp-json\/wp\/v2\/users\/34"}],"replies":[{"embeddable":true,"href":"https:\/\/slams.fr\/blog\/wp-json\/wp\/v2\/comments?post=7529"}],"version-history":[{"count":0,"href":"https:\/\/slams.fr\/blog\/wp-json\/wp\/v2\/posts\/7529\/revisions"}],"wp:featuredmedia":[{"embeddable":true,"href":"https:\/\/slams.fr\/blog\/wp-json\/wp\/v2\/media\/7575"}],"wp:attachment":[{"href":"https:\/\/slams.fr\/blog\/wp-json\/wp\/v2\/media?parent=7529"}],"wp:term":[{"taxonomy":"category","embeddable":true,"href":"https:\/\/slams.fr\/blog\/wp-json\/wp\/v2\/categories?post=7529"},{"taxonomy":"post_tag","embeddable":true,"href":"https:\/\/slams.fr\/blog\/wp-json\/wp\/v2\/tags?post=7529"}],"curies":[{"name":"wp","href":"https:\/\/api.w.org\/{rel}","templated":true}]}}