{"id":7530,"date":"2025-06-14T22:37:39","date_gmt":"2025-06-14T20:37:39","guid":{"rendered":"https:\/\/slams.fr\/blog\/a-la-une\/devoiler-la-scene-les-meilleures-plateformes-pour-celebrer-le-slam-et-la-poesie-performative\/"},"modified":"2025-06-14T22:37:39","modified_gmt":"2025-06-14T20:37:39","slug":"devoiler-la-scene-les-meilleures-plateformes-pour-celebrer-le-slam-et-la-poesie-performative","status":"publish","type":"post","link":"https:\/\/slams.fr\/blog\/a-la-une\/devoiler-la-scene-les-meilleures-plateformes-pour-celebrer-le-slam-et-la-poesie-performative\/","title":{"rendered":"D\u00e9voiler la sc\u00e8ne : Les meilleures plateformes pour c\u00e9l\u00e9brer le slam et la po\u00e9sie performative"},"content":{"rendered":"<h1>D\u00e9voiler la sc\u00e8ne : Les meilleures plateformes pour c\u00e9l\u00e9brer le slam et la po\u00e9sie performative<\/h1>\n<h2>Sc\u00e8nes ouvertes : tremplins cr\u00e9atifs pour slameurs en herbe et confirm\u00e9s<\/h2>\n<p>Les <strong>sc\u00e8nes ouvertes<\/strong> incarnent le socle du mouvement slam francophone. Elles se distinguent par leur <u>accessibilit\u00e9 totale<\/u>, ne requ\u00e9rant aucune s\u00e9lection ni exp\u00e9rience pr\u00e9alable pour monter sur sc\u00e8ne. Ce mod\u00e8le encourage la participation spontan\u00e9e, favorisant ainsi l\u2019\u00e9mergence de voix in\u00e9dites et la diversit\u00e9 des styles. Les soir\u00e9es embl\u00e9matiques telles que celles du <strong>Caf\u00e9 de Paris<\/strong> ou du <strong>Cabaret Po\u00e9sie de Lyon<\/strong> accueillent chaque semaine des passionn\u00e9s de tous horizons.<\/p>\n<p>\n    L\u2019ambiance y est caract\u00e9ris\u00e9e par une <strong>\u00e9coute active<\/strong> et <u>l\u2019absence de hi\u00e9rarchie<\/u> entre les performeurs : chacun b\u00e9n\u00e9ficie du m\u00eame temps de parole. Concr\u00e8tement, nous pouvons assister \u00e0 des rencontres o\u00f9 des slameurs d\u00e9butants croisent des artistes d\u00e9j\u00e0 reconnus, le tout sous le regard bienveillant d\u2019un public engag\u00e9.\n  <\/p>\n<ul>\n<li>Le <strong>Cabaret Po\u00e9sie de Lyon<\/strong> organise chaque mois des sessions ouvertes, offrant un soutien constant \u00e0 la sc\u00e8ne r\u00e9gionale.<\/li>\n<li>Les soir\u00e9es <strong>Slam Poetry Paris<\/strong> accueillent r\u00e9guli\u00e8rement jusqu\u2019\u00e0 30 performeurs dans une atmosph\u00e8re chaleureuse.<\/li>\n<li>\u00c0 Marseille, l\u2019espace <strong>Le Tambour<\/strong> se distingue par ses soir\u00e9es th\u00e9matiques, favorisant l\u2019exp\u00e9rimentation textuelle et sc\u00e9nique.<\/li>\n<\/ul>\n<h2>Comp\u00e9titions de slam : ar\u00e8nes du verbe et de l\u2019\u00e9motion<\/h2>\n<p>Au-del\u00e0 du partage libre, les <strong>comp\u00e9titions de slam<\/strong> apportent une dimension suppl\u00e9mentaire \u00e0 la performance, introduisant la notion de d\u00e9fi artistique et d\u2019\u00e9valuation publique. Ces tournois, orchestr\u00e9s localement ou \u00e0 l\u2019\u00e9chelle nationale, structurent la sc\u00e8ne en permettant de distinguer les talents \u00e9mergents et de consacrer les auteurs les plus percutants.<\/p>\n<p>C\u2019est lors d\u2019\u00e9v\u00e9nements comme le <strong>Grand Slam National de France<\/strong> ou les <strong>Slam Sessions de Montr\u00e9al<\/strong> qu\u2019appara\u00eet la notion d\u2019<u>ar\u00e8ne po\u00e9tique<\/u>. Les textes sont jug\u00e9s par un panel issu du public, sur la <strong>pr\u00e9sence sc\u00e9nique<\/strong>, la <strong>puissance du message<\/strong> et la capacit\u00e9 \u00e0 \u00e9mouvoir ou provoquer la r\u00e9flexion. Cette dynamique comp\u00e9titive pousse les performeurs \u00e0 affiner leur art, \u00e0 exp\u00e9rimenter des formes narratives nouvelles et \u00e0 se d\u00e9passer devant une salle souvent survolt\u00e9e.<\/p>\n<ul>\n<li>En 2024, la <strong>Ligue Slam de France<\/strong> a r\u00e9uni plus de 100 po\u00e8tes venus de tout l\u2019Hexagone lors de sa grande finale \u00e0 Toulouse.<\/li>\n<li>\u00c0 Bruxelles, la <strong>Slam Zone<\/strong> propose un format duel o\u00f9 l\u2019improvisation et la r\u00e9activit\u00e9 sont essentielles.<\/li>\n<li>Le <strong>Slam Poetry World Cup<\/strong> attire chaque ann\u00e9e des artistes internationaux, illustrant l\u2019effervescence et la diversit\u00e9 du mouvement.<\/li>\n<\/ul>\n<h2>Festivals et rencontres po\u00e9tiques : c\u00e9l\u00e9bration collective de la parole vivante<\/h2>\n<p>Les <strong>festivals de slam<\/strong> marquent des temps forts, mettant en lumi\u00e8re la <u>puissance du collectif<\/u> et la richesse des \u00e9changes artistiques. Ces \u00e9v\u00e9nements s\u2019\u00e9talent sur plusieurs jours, alternant spectacles, ateliers immersifs, conf\u00e9rences et rencontres informelles entre cr\u00e9ateurs et publics. Le <strong>Festival international du Slam de Paris<\/strong>, par exemple, s\u2019impose comme un carrefour incontournable depuis plus d\u2019une d\u00e9cennie.<\/p>\n<p>\n    Les festivals comme <strong>Les Nuits du Slam de Lyon<\/strong> et <strong>Slam Montr\u00e9al<\/strong> rassemblent des artistes venus d\u2019univers vari\u00e9s. On y retrouve :\n  <\/p>\n<ul>\n<li>Des <strong>soir\u00e9es marathon<\/strong> de performances, souvent retransmises en direct sur internet.<\/li>\n<li>Des <strong>ateliers participatifs<\/strong> pour d\u00e9butants et confirm\u00e9s, guid\u00e9s par des slameurs de renom.<\/li>\n<li>Des <strong>tables rondes<\/strong> sur les enjeux soci\u00e9taux port\u00e9s par la po\u00e9sie performative.<\/li>\n<\/ul>\n<p>\n    Participer \u00e0 ces festivals, c\u2019est vivre l\u2019intensit\u00e9 d\u2019une <u>communaut\u00e9 \u00e9ph\u00e9m\u00e8re<\/u> soud\u00e9e par la passion du mot, tout en d\u00e9couvrant les derni\u00e8res tendances du genre. Notre exp\u00e9rience confirme que ces rendez-vous sont cruciaux pour \u00e9largir ses horizons et tisser des liens forts avec la sc\u00e8ne internationale.\n  <\/p>\n<h2>Ateliers et formations : forges de la cr\u00e9ativit\u00e9 et de la technique<\/h2>\n<p>Les <strong>ateliers d\u2019\u00e9criture<\/strong> et les <strong>formations au slam<\/strong> jouent un r\u00f4le central dans la structuration et la transmission de la discipline. Offrant un cadre structur\u00e9, ces espaces sont anim\u00e9s par des po\u00e8tes professionnels comme <strong>Grand Corps Malade<\/strong> ou <strong>Rouda<\/strong>, qui partagent savoir-faire et astuces de composition.<\/p>\n<p>\n    Les b\u00e9n\u00e9fices sont multiples : acquisition des techniques de rythmique, travail sur la projection vocale, gestion du trac, \u00e9laboration d\u2019un univers personnel. De nombreuses structures institutionnelles et associatives s\u2019appuient sur ces programmes pour faire \u00e9merger de nouveaux talents ou int\u00e9grer la pratique dans leurs d\u00e9marches p\u00e9dagogiques. En 2023, le r\u00e9seau <strong>La Plume Slam<\/strong> a accompagn\u00e9 plus de 200 jeunes lors de stages intensifs dans toute la France.\n  <\/p>\n<ul>\n<li>Les ateliers de <strong>la Francophonie des Am\u00e9riques<\/strong> apportent des outils concrets pour \u00e9crire et interpr\u00e9ter des textes originaux.<\/li>\n<li>La <strong>Maison de la Po\u00e9sie de Paris<\/strong> propose des cycles th\u00e9matiques ouverts \u00e0 tous publics.<\/li>\n<li>Les programmes scolaires de <strong>Slam \u00c9ducatif<\/strong> favorisent l\u2019expression orale et la confiance en soi chez les adolescents.<\/li>\n<\/ul>\n<h2>Ressources en ligne et plateformes num\u00e9riques : le slam \u00e0 port\u00e9e de clic<\/h2>\n<p>L\u2019essor du num\u00e9rique transforme radicalement l\u2019acc\u00e8s au <strong>slam<\/strong> et \u00e0 la <strong>po\u00e9sie performative<\/strong>. De nouveaux espaces virtuels permettent de partager, d\u2019archiver et de diffuser les performances au-del\u00e0 des fronti\u00e8res physiques. La cr\u00e9ation de la plateforme <strong>Slamfy<\/strong>, d\u00e9di\u00e9e au streaming de textes d\u00e9clam\u00e9s, illustre cette dynamique d\u2019innovation, offrant un espace pour d\u00e9couvrir en continu des \u0153uvres originales en fran\u00e7ais.<\/p>\n<p>\n    Les <strong>sites sp\u00e9cialis\u00e9s<\/strong> \u2014 comme <strong>Slams.fr<\/strong> ou <strong>Po\u00e9sie Slam France<\/strong> \u2014 jouent un r\u00f4le de relais, publiant calendriers, archives vid\u00e9o, guides pratiques et appels \u00e0 participation. Les r\u00e9seaux sociaux constituent des vecteurs puissants pour tisser des \u00e9changes et annoncer des \u00e9v\u00e9nements. \u00c0 ce titre, plusieurs collectifs proposent des <strong>open-mic virtuels<\/strong> en live sur YouTube, Facebook ou Instagram.\n  <\/p>\n<ul>\n<li><strong>Slamfy<\/strong> propose, depuis 2022, une base de donn\u00e9es sonore et visuelle regroupant plus de 1000 performances.<\/li>\n<li><strong>Slams.fr<\/strong> publie chaque semaine un agenda exhaustif des sc\u00e8nes et comp\u00e9titions sur le territoire francophone.<\/li>\n<li>Des forums d\u00e9di\u00e9s comme <strong>Poetry Slam Connection<\/strong> facilitent l\u2019entraide technique et la promotion des artistes \u00e9mergents.<\/li>\n<\/ul>\n<p>\n    Notre avis se confirme : l\u2019horizontalit\u00e9 et la rapidit\u00e9 de diffusion offertes par le web contribuent \u00e0 d\u00e9mocratiser la pratique et \u00e0 renforcer les liens entre communaut\u00e9s dispers\u00e9es.\n  <\/p>\n<h2>Tableau comparatif \u2013 Plateformes et formats majeurs du slam francophone<\/h2>\n<table border=\"1\" cellpadding=\"6\" style=\"border-collapse: collapse;width:100%;margin-bottom:1em\">\n<thead>\n<tr>\n<th>Type de plateforme<\/th>\n<th>Exemples embl\u00e9matiques<\/th>\n<th>Sp\u00e9cificit\u00e9s<\/th>\n<th>Public cible<\/th>\n<\/tr>\n<\/thead>\n<tbody>\n<tr>\n<td><strong>Sc\u00e8ne ouverte<\/strong><\/td>\n<td>Caf\u00e9 de Paris, Cabaret Po\u00e9sie Lyon<\/td>\n<td><u>Accessibilit\u00e9 imm\u00e9diate<\/u>, mixit\u00e9 des niveaux, accueil chaleureux<\/td>\n<td>D\u00e9butants, curieux, slameurs confirm\u00e9s<\/td>\n<\/tr>\n<tr>\n<td><strong>Comp\u00e9tition<\/strong><\/td>\n<td>Grand Slam National, Slam Zone Bruxelles<\/td>\n<td>\u00c9valuation par jury, mont\u00e9e en exigence technique, \u00e9mulation cr\u00e9ative<\/td>\n<td>Slameurs exp\u00e9riment\u00e9s, amateurs d\u2019\u00e9motion forte<\/td>\n<\/tr>\n<tr>\n<td><strong>Festival<\/strong><\/td>\n<td>Festival international du Slam de Paris, Nuits du Slam Lyon<\/td>\n<td>M\u00e9lange des genres, rencontres et collaborations, visibilit\u00e9 accrue<\/td>\n<td>Passionn\u00e9s, grand public, professionnels<\/td>\n<\/tr>\n<tr>\n<td><strong>Atelier\/Formation<\/strong><\/td>\n<td>Francophonie des Am\u00e9riques, Slam \u00c9ducatif, Maison de la Po\u00e9sie<\/td>\n<td>Accompagnement technique, transmission de savoir-faire<\/td>\n<td>\u00c9l\u00e8ves, enseignants, futurs slameurs<\/td>\n<\/tr>\n<tr>\n<td><strong>Plateforme num\u00e9rique<\/strong><\/td>\n<td>Slamfy, Slams.fr<\/td>\n<td>Acc\u00e8s illimit\u00e9, diffusion mondiale, interaction \u00e0 distance<\/td>\n<td>Slameurs isol\u00e9s, public international, curieux<\/td>\n<\/tr>\n<\/tbody>\n<\/table>\n<h2>Perspectives et innovations : l\u2019avenir du slam francophone<\/h2>\n<p>\n    L\u2019\u00e9cosyst\u00e8me du <strong>slam<\/strong> et de la <strong>po\u00e9sie performative<\/strong> ne cesse de se r\u00e9inventer, port\u00e9 par une g\u00e9n\u00e9ration d\u2019artistes audacieux et le soutien croissant des institutions culturelles. De nouvelles formes hybrides voient le jour, entre art num\u00e9rique, vid\u00e9o et musique exp\u00e9rimentale. Notre exp\u00e9rience souligne que la transversalit\u00e9 de ces pratiques attire d\u00e9sormais des publics vari\u00e9s, bien au-del\u00e0 du cercle traditionnel des amateurs de po\u00e9sie.\n  <\/p>\n<ul>\n<li>Des festivals comme <strong>Po\u00e9sie en libert\u00e9<\/strong> int\u00e8grent d\u00e9sormais des modules de r\u00e9alit\u00e9 augment\u00e9e.<\/li>\n<li>Les formats <strong>slam vid\u00e9o<\/strong> gagnent en popularit\u00e9 sur TikTok et Instagram, rajeunissant l\u2019audience.<\/li>\n<li>Des collaborations originales \u00e9mergent entre slameurs et artistes visuels, produisant des \u0153uvres immersives et engag\u00e9es.<\/li>\n<\/ul>\n<p>\n    Nous estimons que la diversification des supports et la mont\u00e9e en puissance du num\u00e9rique ouvrent de nouvelles perspectives pour la sc\u00e8ne francophone. Le <u>slam<\/u> s\u2019affirme plus que jamais comme un mode d\u2019expression libre, un outil p\u00e9dagogique, et un vecteur puissant de transformation sociale.\n  <\/p>\n","protected":false},"excerpt":{"rendered":"","protected":false},"author":34,"featured_media":7619,"comment_status":"open","ping_status":"open","sticky":false,"template":"","format":"standard","meta":{"_acf_changed":false,"manual_indexmenow":false,"indexmenow_id_project":0,"footnotes":""},"categories":[1],"tags":[4537,4702,4526],"class_list":["post-7530","post","type-post","status-publish","format-standard","has-post-thumbnail","hentry","category-a-la-une","tag-performance","tag-scene-poetique","tag-slam","generate-columns","tablet-grid-50","mobile-grid-100","grid-parent","grid-25"],"acf":[],"yoast_head":"<!-- This site is optimized with the Yoast SEO Premium plugin v21.3 (Yoast SEO v26.5) - https:\/\/yoast.com\/wordpress\/plugins\/seo\/ -->\n<title>Les meilleures plateformes du slam et de la po\u00e9sie<\/title>\n<meta name=\"description\" content=\"Les sc\u00e8nes ouvertes incarnent le socle du mouvement slam francophone.\" \/>\n<meta name=\"robots\" content=\"index, follow, max-snippet:-1, max-image-preview:large, max-video-preview:-1\" \/>\n<link rel=\"canonical\" href=\"https:\/\/slams.fr\/blog\/a-la-une\/devoiler-la-scene-les-meilleures-plateformes-pour-celebrer-le-slam-et-la-poesie-performative\/\" \/>\n<meta property=\"og:locale\" content=\"fr_FR\" \/>\n<meta property=\"og:type\" content=\"article\" \/>\n<meta property=\"og:title\" content=\"Les meilleures plateformes du slam et de la po\u00e9sie\" \/>\n<meta property=\"og:description\" content=\"Les sc\u00e8nes ouvertes incarnent le socle du mouvement slam francophone.\" \/>\n<meta property=\"og:url\" content=\"https:\/\/slams.fr\/blog\/a-la-une\/devoiler-la-scene-les-meilleures-plateformes-pour-celebrer-le-slam-et-la-poesie-performative\/\" \/>\n<meta property=\"og:site_name\" content=\"slams\" \/>\n<meta property=\"og:image\" content=\"https:\/\/slams.fr\/blog\/wp-content\/uploads\/2025\/07\/sdxl-cb6eb1e4ff48b872339a712a06a9980b-scaled.png\" \/>\n\t<meta property=\"og:image:width\" content=\"1200\" \/>\n\t<meta property=\"og:image:height\" content=\"500\" \/>\n\t<meta property=\"og:image:type\" content=\"image\/png\" \/>\n<meta name=\"author\" content=\"Rapha\u00ebl D.\" \/>\n<meta name=\"twitter:card\" content=\"summary_large_image\" \/>\n<script type=\"application\/ld+json\" class=\"yoast-schema-graph\">{\"@context\":\"https:\/\/schema.org\",\"@graph\":[{\"@type\":\"NewsArticle\",\"@id\":\"https:\/\/slams.fr\/blog\/a-la-une\/devoiler-la-scene-les-meilleures-plateformes-pour-celebrer-le-slam-et-la-poesie-performative\/#article\",\"isPartOf\":{\"@id\":\"https:\/\/slams.fr\/blog\/a-la-une\/devoiler-la-scene-les-meilleures-plateformes-pour-celebrer-le-slam-et-la-poesie-performative\/\"},\"author\":{\"name\":\"Rapha\u00ebl D.\",\"@id\":\"https:\/\/slams.fr\/blog\/#\/schema\/person\/3c864cdc320801e3db34b663e7e3f816\"},\"headline\":\"D\u00e9voiler la sc\u00e8ne : Les meilleures plateformes pour c\u00e9l\u00e9brer le slam et la po\u00e9sie performative\",\"datePublished\":\"2025-06-14T20:37:39+00:00\",\"mainEntityOfPage\":{\"@id\":\"https:\/\/slams.fr\/blog\/a-la-une\/devoiler-la-scene-les-meilleures-plateformes-pour-celebrer-le-slam-et-la-poesie-performative\/\"},\"wordCount\":1400,\"commentCount\":0,\"publisher\":{\"@id\":\"https:\/\/slams.fr\/blog\/#organization\"},\"image\":{\"@id\":\"https:\/\/slams.fr\/blog\/a-la-une\/devoiler-la-scene-les-meilleures-plateformes-pour-celebrer-le-slam-et-la-poesie-performative\/#primaryimage\"},\"thumbnailUrl\":\"https:\/\/slams.fr\/blog\/wp-content\/uploads\/2025\/07\/sdxl-cb6eb1e4ff48b872339a712a06a9980b-scaled.png\",\"keywords\":[\"Performance\",\"scene poetique\",\"Slam\"],\"articleSection\":[\"\u00c0 la une\"],\"inLanguage\":\"fr-FR\",\"potentialAction\":[{\"@type\":\"CommentAction\",\"name\":\"Comment\",\"target\":[\"https:\/\/slams.fr\/blog\/a-la-une\/devoiler-la-scene-les-meilleures-plateformes-pour-celebrer-le-slam-et-la-poesie-performative\/#respond\"]}]},{\"@type\":\"WebPage\",\"@id\":\"https:\/\/slams.fr\/blog\/a-la-une\/devoiler-la-scene-les-meilleures-plateformes-pour-celebrer-le-slam-et-la-poesie-performative\/\",\"url\":\"https:\/\/slams.fr\/blog\/a-la-une\/devoiler-la-scene-les-meilleures-plateformes-pour-celebrer-le-slam-et-la-poesie-performative\/\",\"name\":\"Les meilleures plateformes du slam et de la po\u00e9sie\",\"isPartOf\":{\"@id\":\"https:\/\/slams.fr\/blog\/#website\"},\"primaryImageOfPage\":{\"@id\":\"https:\/\/slams.fr\/blog\/a-la-une\/devoiler-la-scene-les-meilleures-plateformes-pour-celebrer-le-slam-et-la-poesie-performative\/#primaryimage\"},\"image\":{\"@id\":\"https:\/\/slams.fr\/blog\/a-la-une\/devoiler-la-scene-les-meilleures-plateformes-pour-celebrer-le-slam-et-la-poesie-performative\/#primaryimage\"},\"thumbnailUrl\":\"https:\/\/slams.fr\/blog\/wp-content\/uploads\/2025\/07\/sdxl-cb6eb1e4ff48b872339a712a06a9980b-scaled.png\",\"datePublished\":\"2025-06-14T20:37:39+00:00\",\"description\":\"Les sc\u00e8nes ouvertes incarnent le socle du mouvement slam francophone.\",\"inLanguage\":\"fr-FR\",\"potentialAction\":[{\"@type\":\"ReadAction\",\"target\":[\"https:\/\/slams.fr\/blog\/a-la-une\/devoiler-la-scene-les-meilleures-plateformes-pour-celebrer-le-slam-et-la-poesie-performative\/\"]}]},{\"@type\":\"ImageObject\",\"inLanguage\":\"fr-FR\",\"@id\":\"https:\/\/slams.fr\/blog\/a-la-une\/devoiler-la-scene-les-meilleures-plateformes-pour-celebrer-le-slam-et-la-poesie-performative\/#primaryimage\",\"url\":\"https:\/\/slams.fr\/blog\/wp-content\/uploads\/2025\/07\/sdxl-cb6eb1e4ff48b872339a712a06a9980b-scaled.png\",\"contentUrl\":\"https:\/\/slams.fr\/blog\/wp-content\/uploads\/2025\/07\/sdxl-cb6eb1e4ff48b872339a712a06a9980b-scaled.png\",\"width\":1200,\"height\":500},{\"@type\":\"WebSite\",\"@id\":\"https:\/\/slams.fr\/blog\/#website\",\"url\":\"https:\/\/slams.fr\/blog\/\",\"name\":\"slams.fr\",\"description\":\"Slams, l&#039;\u00e9nergie des mots en action\",\"publisher\":{\"@id\":\"https:\/\/slams.fr\/blog\/#organization\"},\"alternateName\":\"Slams, l'\u00e9nergie des mots en action\",\"potentialAction\":[{\"@type\":\"SearchAction\",\"target\":{\"@type\":\"EntryPoint\",\"urlTemplate\":\"https:\/\/slams.fr\/blog\/?s={search_term_string}\"},\"query-input\":{\"@type\":\"PropertyValueSpecification\",\"valueRequired\":true,\"valueName\":\"search_term_string\"}}],\"inLanguage\":\"fr-FR\"},{\"@type\":\"Organization\",\"@id\":\"https:\/\/slams.fr\/blog\/#organization\",\"name\":\"Foretsensations.fr\",\"url\":\"https:\/\/slams.fr\/blog\/\",\"logo\":{\"@type\":\"ImageObject\",\"inLanguage\":\"fr-FR\",\"@id\":\"https:\/\/slams.fr\/blog\/#\/schema\/logo\/image\/\",\"url\":\"https:\/\/slams.fr\/blog\/wp-content\/uploads\/2026\/07\/logo-auto-1.png\",\"contentUrl\":\"https:\/\/slams.fr\/blog\/wp-content\/uploads\/2026\/07\/logo-auto-1.png\",\"width\":1024,\"height\":1024,\"caption\":\"Foretsensations.fr\"},\"image\":{\"@id\":\"https:\/\/slams.fr\/blog\/#\/schema\/logo\/image\/\"}},{\"@type\":\"Person\",\"@id\":\"https:\/\/slams.fr\/blog\/#\/schema\/person\/3c864cdc320801e3db34b663e7e3f816\",\"name\":\"Rapha\u00ebl D.\",\"image\":{\"@type\":\"ImageObject\",\"inLanguage\":\"fr-FR\",\"@id\":\"https:\/\/slams.fr\/blog\/#\/schema\/person\/image\/\",\"url\":\"https:\/\/slams.fr\/blog\/wp-content\/uploads\/2026\/06\/persona_raphael-d-96x96.jpg\",\"contentUrl\":\"https:\/\/slams.fr\/blog\/wp-content\/uploads\/2026\/06\/persona_raphael-d-96x96.jpg\",\"caption\":\"Rapha\u00ebl D.\"},\"description\":\"La culture est mon terrain de jeu depuis une dizaine d'ann\u00e9es : arts visuels, s\u00e9ries, cr\u00e9ation et tout ce qui nourrit l'imaginaire. J'\u00e9cris aussi bien sur l'actualit\u00e9 des \u0153uvres que sur les coulisses de la cr\u00e9ation, avec l'envie de relier l'amateur curieux \u00e0 des univers parfois jug\u00e9s intimidants. J'aime analyser une s\u00e9rie ou une d\u00e9marche artistique sans p\u00e9dantisme, replacer une \u0153uvre dans son contexte et donner des cl\u00e9s de lecture accessibles. Avant de publier, je v\u00e9rifie mes r\u00e9f\u00e9rences, je recoupe les sources et je distingue clairement le fait de mon interpr\u00e9tation subjective. Je crois qu'une critique vaut surtout par les arguments qu'elle expose, pas par la sentence qu'elle rend. Mon angle : transmettre l'envie de d\u00e9couvrir, de regarder autrement et de se forger son propre go\u00fbt. La culture n'appartient pas qu'aux initi\u00e9s, et c'est tout l'enjeu de mon \u00e9criture.\",\"url\":\"https:\/\/slams.fr\/blog\/auteur\/raphael-d\/\",\"jobTitle\":\"R\u00e9dacteur en chef \u00b7 Culture & Cr\u00e9ation\",\"knowsAbout\":[\"Culture\",\"Cr\u00e9ation\"],\"email\":\"raphael.d@a-l-asso-de-l-art.fr\"}]}<\/script>\n<!-- \/ Yoast SEO Premium plugin. -->","yoast_head_json":{"title":"Les meilleures plateformes du slam et de la po\u00e9sie","description":"Les sc\u00e8nes ouvertes incarnent le socle du mouvement slam francophone.","robots":{"index":"index","follow":"follow","max-snippet":"max-snippet:-1","max-image-preview":"max-image-preview:large","max-video-preview":"max-video-preview:-1"},"canonical":"https:\/\/slams.fr\/blog\/a-la-une\/devoiler-la-scene-les-meilleures-plateformes-pour-celebrer-le-slam-et-la-poesie-performative\/","og_locale":"fr_FR","og_type":"article","og_title":"Les meilleures plateformes du slam et de la po\u00e9sie","og_description":"Les sc\u00e8nes ouvertes incarnent le socle du mouvement slam francophone.","og_url":"https:\/\/slams.fr\/blog\/a-la-une\/devoiler-la-scene-les-meilleures-plateformes-pour-celebrer-le-slam-et-la-poesie-performative\/","og_site_name":"slams","og_image":[{"width":1200,"height":500,"url":"https:\/\/slams.fr\/blog\/wp-content\/uploads\/2025\/07\/sdxl-cb6eb1e4ff48b872339a712a06a9980b-scaled.png","type":"image\/png"}],"author":"Rapha\u00ebl D.","twitter_card":"summary_large_image","schema":{"@context":"https:\/\/schema.org","@graph":[{"@type":"NewsArticle","@id":"https:\/\/slams.fr\/blog\/a-la-une\/devoiler-la-scene-les-meilleures-plateformes-pour-celebrer-le-slam-et-la-poesie-performative\/#article","isPartOf":{"@id":"https:\/\/slams.fr\/blog\/a-la-une\/devoiler-la-scene-les-meilleures-plateformes-pour-celebrer-le-slam-et-la-poesie-performative\/"},"author":{"name":"Rapha\u00ebl D.","@id":"https:\/\/slams.fr\/blog\/#\/schema\/person\/3c864cdc320801e3db34b663e7e3f816"},"headline":"D\u00e9voiler la sc\u00e8ne : Les meilleures plateformes pour c\u00e9l\u00e9brer le slam et la po\u00e9sie performative","datePublished":"2025-06-14T20:37:39+00:00","mainEntityOfPage":{"@id":"https:\/\/slams.fr\/blog\/a-la-une\/devoiler-la-scene-les-meilleures-plateformes-pour-celebrer-le-slam-et-la-poesie-performative\/"},"wordCount":1400,"commentCount":0,"publisher":{"@id":"https:\/\/slams.fr\/blog\/#organization"},"image":{"@id":"https:\/\/slams.fr\/blog\/a-la-une\/devoiler-la-scene-les-meilleures-plateformes-pour-celebrer-le-slam-et-la-poesie-performative\/#primaryimage"},"thumbnailUrl":"https:\/\/slams.fr\/blog\/wp-content\/uploads\/2025\/07\/sdxl-cb6eb1e4ff48b872339a712a06a9980b-scaled.png","keywords":["Performance","scene poetique","Slam"],"articleSection":["\u00c0 la une"],"inLanguage":"fr-FR","potentialAction":[{"@type":"CommentAction","name":"Comment","target":["https:\/\/slams.fr\/blog\/a-la-une\/devoiler-la-scene-les-meilleures-plateformes-pour-celebrer-le-slam-et-la-poesie-performative\/#respond"]}]},{"@type":"WebPage","@id":"https:\/\/slams.fr\/blog\/a-la-une\/devoiler-la-scene-les-meilleures-plateformes-pour-celebrer-le-slam-et-la-poesie-performative\/","url":"https:\/\/slams.fr\/blog\/a-la-une\/devoiler-la-scene-les-meilleures-plateformes-pour-celebrer-le-slam-et-la-poesie-performative\/","name":"Les meilleures plateformes du slam et de la po\u00e9sie","isPartOf":{"@id":"https:\/\/slams.fr\/blog\/#website"},"primaryImageOfPage":{"@id":"https:\/\/slams.fr\/blog\/a-la-une\/devoiler-la-scene-les-meilleures-plateformes-pour-celebrer-le-slam-et-la-poesie-performative\/#primaryimage"},"image":{"@id":"https:\/\/slams.fr\/blog\/a-la-une\/devoiler-la-scene-les-meilleures-plateformes-pour-celebrer-le-slam-et-la-poesie-performative\/#primaryimage"},"thumbnailUrl":"https:\/\/slams.fr\/blog\/wp-content\/uploads\/2025\/07\/sdxl-cb6eb1e4ff48b872339a712a06a9980b-scaled.png","datePublished":"2025-06-14T20:37:39+00:00","description":"Les sc\u00e8nes ouvertes incarnent le socle du mouvement slam francophone.","inLanguage":"fr-FR","potentialAction":[{"@type":"ReadAction","target":["https:\/\/slams.fr\/blog\/a-la-une\/devoiler-la-scene-les-meilleures-plateformes-pour-celebrer-le-slam-et-la-poesie-performative\/"]}]},{"@type":"ImageObject","inLanguage":"fr-FR","@id":"https:\/\/slams.fr\/blog\/a-la-une\/devoiler-la-scene-les-meilleures-plateformes-pour-celebrer-le-slam-et-la-poesie-performative\/#primaryimage","url":"https:\/\/slams.fr\/blog\/wp-content\/uploads\/2025\/07\/sdxl-cb6eb1e4ff48b872339a712a06a9980b-scaled.png","contentUrl":"https:\/\/slams.fr\/blog\/wp-content\/uploads\/2025\/07\/sdxl-cb6eb1e4ff48b872339a712a06a9980b-scaled.png","width":1200,"height":500},{"@type":"WebSite","@id":"https:\/\/slams.fr\/blog\/#website","url":"https:\/\/slams.fr\/blog\/","name":"slams.fr","description":"Slams, l&#039;\u00e9nergie des mots en action","publisher":{"@id":"https:\/\/slams.fr\/blog\/#organization"},"alternateName":"Slams, l'\u00e9nergie des mots en action","potentialAction":[{"@type":"SearchAction","target":{"@type":"EntryPoint","urlTemplate":"https:\/\/slams.fr\/blog\/?s={search_term_string}"},"query-input":{"@type":"PropertyValueSpecification","valueRequired":true,"valueName":"search_term_string"}}],"inLanguage":"fr-FR"},{"@type":"Organization","@id":"https:\/\/slams.fr\/blog\/#organization","name":"Foretsensations.fr","url":"https:\/\/slams.fr\/blog\/","logo":{"@type":"ImageObject","inLanguage":"fr-FR","@id":"https:\/\/slams.fr\/blog\/#\/schema\/logo\/image\/","url":"https:\/\/slams.fr\/blog\/wp-content\/uploads\/2026\/07\/logo-auto-1.png","contentUrl":"https:\/\/slams.fr\/blog\/wp-content\/uploads\/2026\/07\/logo-auto-1.png","width":1024,"height":1024,"caption":"Foretsensations.fr"},"image":{"@id":"https:\/\/slams.fr\/blog\/#\/schema\/logo\/image\/"}},{"@type":"Person","@id":"https:\/\/slams.fr\/blog\/#\/schema\/person\/3c864cdc320801e3db34b663e7e3f816","name":"Rapha\u00ebl D.","image":{"@type":"ImageObject","inLanguage":"fr-FR","@id":"https:\/\/slams.fr\/blog\/#\/schema\/person\/image\/","url":"https:\/\/slams.fr\/blog\/wp-content\/uploads\/2026\/06\/persona_raphael-d-96x96.jpg","contentUrl":"https:\/\/slams.fr\/blog\/wp-content\/uploads\/2026\/06\/persona_raphael-d-96x96.jpg","caption":"Rapha\u00ebl D."},"description":"La culture est mon terrain de jeu depuis une dizaine d'ann\u00e9es : arts visuels, s\u00e9ries, cr\u00e9ation et tout ce qui nourrit l'imaginaire. J'\u00e9cris aussi bien sur l'actualit\u00e9 des \u0153uvres que sur les coulisses de la cr\u00e9ation, avec l'envie de relier l'amateur curieux \u00e0 des univers parfois jug\u00e9s intimidants. J'aime analyser une s\u00e9rie ou une d\u00e9marche artistique sans p\u00e9dantisme, replacer une \u0153uvre dans son contexte et donner des cl\u00e9s de lecture accessibles. Avant de publier, je v\u00e9rifie mes r\u00e9f\u00e9rences, je recoupe les sources et je distingue clairement le fait de mon interpr\u00e9tation subjective. Je crois qu'une critique vaut surtout par les arguments qu'elle expose, pas par la sentence qu'elle rend. Mon angle : transmettre l'envie de d\u00e9couvrir, de regarder autrement et de se forger son propre go\u00fbt. La culture n'appartient pas qu'aux initi\u00e9s, et c'est tout l'enjeu de mon \u00e9criture.","url":"https:\/\/slams.fr\/blog\/auteur\/raphael-d\/","jobTitle":"R\u00e9dacteur en chef \u00b7 Culture & Cr\u00e9ation","knowsAbout":["Culture","Cr\u00e9ation"],"email":"raphael.d@a-l-asso-de-l-art.fr"}]}},"_links":{"self":[{"href":"https:\/\/slams.fr\/blog\/wp-json\/wp\/v2\/posts\/7530","targetHints":{"allow":["GET"]}}],"collection":[{"href":"https:\/\/slams.fr\/blog\/wp-json\/wp\/v2\/posts"}],"about":[{"href":"https:\/\/slams.fr\/blog\/wp-json\/wp\/v2\/types\/post"}],"author":[{"embeddable":true,"href":"https:\/\/slams.fr\/blog\/wp-json\/wp\/v2\/users\/34"}],"replies":[{"embeddable":true,"href":"https:\/\/slams.fr\/blog\/wp-json\/wp\/v2\/comments?post=7530"}],"version-history":[{"count":0,"href":"https:\/\/slams.fr\/blog\/wp-json\/wp\/v2\/posts\/7530\/revisions"}],"wp:featuredmedia":[{"embeddable":true,"href":"https:\/\/slams.fr\/blog\/wp-json\/wp\/v2\/media\/7619"}],"wp:attachment":[{"href":"https:\/\/slams.fr\/blog\/wp-json\/wp\/v2\/media?parent=7530"}],"wp:term":[{"taxonomy":"category","embeddable":true,"href":"https:\/\/slams.fr\/blog\/wp-json\/wp\/v2\/categories?post=7530"},{"taxonomy":"post_tag","embeddable":true,"href":"https:\/\/slams.fr\/blog\/wp-json\/wp\/v2\/tags?post=7530"}],"curies":[{"name":"wp","href":"https:\/\/api.w.org\/{rel}","templated":true}]}}