{"id":7531,"date":"2025-06-14T22:37:47","date_gmt":"2025-06-14T20:37:47","guid":{"rendered":"https:\/\/slams.fr\/blog\/a-la-une\/des-lieux-inspirants-pour-organiser-des-ateliers-slam-intergenerationnels\/"},"modified":"2025-06-14T22:37:47","modified_gmt":"2025-06-14T20:37:47","slug":"des-lieux-inspirants-pour-organiser-des-ateliers-slam-intergenerationnels","status":"publish","type":"post","link":"https:\/\/slams.fr\/blog\/a-la-une\/des-lieux-inspirants-pour-organiser-des-ateliers-slam-intergenerationnels\/","title":{"rendered":"Des lieux inspirants pour organiser des ateliers slam interg\u00e9n\u00e9rationnels"},"content":{"rendered":"<h1>Des lieux inspirants pour organiser des ateliers slam interg\u00e9n\u00e9rationnels<\/h1>\n<h2>Centres culturels : carrefours de diversit\u00e9 et d\u2019\u00e9change<\/h2>\n<p>\nDans le panorama des structures h\u00f4tes, les <strong>centres culturels<\/strong> s\u2019illustrent comme <u>carrefours de diversit\u00e9 et d\u2019\u00e9change<\/u>. Ils incarnent l\u2019engagement municipal en faveur de la culture accessible \u00e0 tous et multiplient les projets associant diff\u00e9rentes g\u00e9n\u00e9rations.\n<\/p>\n<ul>\n<li>Les ateliers organis\u00e9s par <strong>Le Panorama<\/strong> \u00e0 Vernou (Seine-et-Marne) impliquent syst\u00e9matiquement des jeunes, des adultes et des seniors, sous la houlette de champions de France de slam de po\u00e9sie. Les participants s\u2019initient \u00e0 l\u2019\u00e9criture, \u00e0 la performance sc\u00e9nique et b\u00e9n\u00e9ficient d\u2019un accompagnement adapt\u00e9 \u00e0 leur niveau et \u00e0 leur \u00e2ge.<\/li>\n<li>En 2021, la Ville de La Seyne-sur-Mer, avec le concours de la Caisse des \u00e9coles, du P\u00f4le Seniors et du Service Jeunesse, a impuls\u00e9 une s\u00e9ance de slam interg\u00e9n\u00e9rationnel en ext\u00e9rieur, mobilisant animateurs sp\u00e9cialis\u00e9s et \u00e9lus. Cette initiative s\u2019inscrivait dans une politique globale de renforcement du lien social, selon la charte Ville amie des a\u00een\u00e9s.<\/li>\n<\/ul>\n<p>\nLe cadre logistique de ces structures, dot\u00e9 de salles \u00e9quip\u00e9es, permet d\u2019assurer des sessions en toute saison, avec une accessibilit\u00e9 facilit\u00e9e pour les personnes \u00e0 mobilit\u00e9 r\u00e9duite. Nous consid\u00e9rons que l\u2019action en centre culturel, gr\u00e2ce \u00e0 sa capacit\u00e9 \u00e0 f\u00e9d\u00e9rer et \u00e0 accueillir des projets porteurs de sens, constitue un point d\u2019ancrage privil\u00e9gi\u00e9 pour tout atelier slam interg\u00e9n\u00e9rationnel ambitieux.\n<\/p>\n<h2>M\u00e9diath\u00e8ques et biblioth\u00e8ques : espaces d\u00e9di\u00e9s \u00e0 la cr\u00e9ativit\u00e9 litt\u00e9raire<\/h2>\n<p>\nLes <strong>m\u00e9diath\u00e8ques<\/strong> et <strong>biblioth\u00e8ques<\/strong> se distinguent par leur capacit\u00e9 \u00e0 stimuler la cr\u00e9ativit\u00e9 litt\u00e9raire dans une ambiance propice au recueillement et \u00e0 la d\u00e9couverte. Leur biblioth\u00e8que de ressources et l\u2019acc\u00e8s aux supports multim\u00e9dias apportent une richesse documentaire essentielle \u00e0 l\u2019\u00e9laboration et \u00e0 la mise en voix des textes.\n<\/p>\n<ul>\n<li>\u00c0 Saint-Paul-l\u00e8s-Dax, la M\u00e9diath\u00e8que Louis Aragon accueille r\u00e9guli\u00e8rement des ateliers slam o\u00f9 l\u2019on voit se c\u00f4toyer des classes de primaire, des groupes de retrait\u00e9s et des associations culturelles locales, favorisant ainsi une dynamique collective autour du verbe.<\/li>\n<li>La Biblioth\u00e8que municipale de Lyon a initi\u00e9 en 2022 le cycle \u00ab\u00a0Paroles partag\u00e9es\u00a0\u00bb, associant clubs lecture seniors et ateliers slam pour adolescents. Les intervenants ext\u00e9rieurs, sp\u00e9cialistes de la po\u00e9sie orale, animent des s\u00e9ances rythm\u00e9es par la restitution publique des textes, favorisant la rencontre de g\u00e9n\u00e9rations parfois \u00e9loign\u00e9es.<\/li>\n<\/ul>\n<p>\nCe cadre favorise une <strong>atmosph\u00e8re conviviale<\/strong>, id\u00e9ale pour d\u00e9sinhiber la parole, stimuler la cr\u00e9ativit\u00e9 et favoriser l\u2019\u00e9change entre publics vari\u00e9s. Au vu de leur mission d\u2019\u00e9ducation populaire et de m\u00e9diation culturelle, nous estimons que les m\u00e9diath\u00e8ques sont des lieux strat\u00e9giques pour implanter des ateliers slam \u00e0 la crois\u00e9e des \u00e2ges.\n<\/p>\n<h2>\u00c9tablissements scolaires et centres de loisirs : tremplins pour le dialogue entre \u00e2ges<\/h2>\n<p>\nFavoriser le <u>dialogue interg\u00e9n\u00e9rationnel<\/u> passe aussi par les \u00e9tablissements scolaires et les centres de loisirs, espaces d\u2019\u00e9ducation et de socialisation o\u00f9 les interactions avec des a\u00een\u00e9s prennent tout leur sens. Ces structures sont des terrains fertiles pour initier des projets o\u00f9 transmission, \u00e9coute et d\u00e9couverte se conjuguent au quotidien.\n<\/p>\n<ul>\n<li>Au coll\u00e8ge Saint-Exup\u00e9ry de La Seyne-sur-Mer, un projet associant le centre de loisirs et le p\u00f4le Seniors municipal aboutit chaque ann\u00e9e \u00e0 des ateliers de slam anim\u00e9s par des professionnels, o\u00f9 \u00e9l\u00e8ves et r\u00e9sidents \u00e9changent, r\u00e9digent et d\u00e9clament leurs propres textes.<\/li>\n<li>\u00c0 Cergy, l\u2019association La Ruche propose, depuis septembre 2023, des ateliers hebdomadaires au coll\u00e8ge, ouverts \u00e0 tous volontaires, avec des restitutions publiques impliquant parfois des seniors invit\u00e9s, renfor\u00e7ant l\u2019\u00e9loquence et l\u2019esprit critique des plus jeunes tout en valorisant la parole des anciens.<\/li>\n<\/ul>\n<p>\nCe type de partenariat renforce le tissu social local et inscrit la pratique du slam dans une dynamique p\u00e9dagogique et citoyenne. Nous constatons une port\u00e9e \u00e9ducative et humaine remarquable, qui m\u00e9rite d\u2019\u00eatre syst\u00e9matiquement encourag\u00e9e au sein des \u00e9tablissements scolaires et structures de loisirs.\n<\/p>\n<h2>Maisons de quartier et espaces interg\u00e9n\u00e9rationnels : au c\u0153ur du tissu social<\/h2>\n<p>\nLes <strong>maisons de quartier<\/strong> et <strong>espaces interg\u00e9n\u00e9rationnels<\/strong> sont des acteurs incontournables du <u>vivre-ensemble<\/u>. Leur vocation : rassembler des habitants d\u2019horizons divers pour initier et renforcer le lien social \u00e0 travers des activit\u00e9s artistiques f\u00e9d\u00e9ratrices, dont le slam.\n<\/p>\n<ul>\n<li>Le centre social La Ruche \u00e0 Cergy, par exemple, accueille tous les vendredis des ateliers slam sous la direction de l\u2019artiste Mabeck. Ces rencontres rassemblent habituellement des familles, des adolescents, des retrait\u00e9s et des adultes en r\u00e9insertion, cr\u00e9ant ainsi un cadre d\u2019expression o\u00f9 chacun peut contribuer et s\u2019\u00e9panouir.<\/li>\n<li>Le centre social Le Plateau \u00e0 Lille s\u2019est illustr\u00e9 en 2022 par son projet \u00ab\u00a0Paroles m\u00eal\u00e9es\u00a0\u00bb : des sessions mensuelles r\u00e9unissant habitants du quartier, enfants, parents et a\u00een\u00e9s autour d\u2019ateliers slam, suivis de sc\u00e8nes ouvertes anim\u00e9es par des collectifs reconnus.<\/li>\n<\/ul>\n<p>\nCes structures sont attentives \u00e0 l\u2019inclusion, \u00e0 la mixit\u00e9 sociale, et privil\u00e9gient des dispositifs d\u2019\u00e9coute et de bienveillance. Elles constituent \u00e0 notre avis un incubateur id\u00e9al pour consolider l\u2019ancrage territorial du slam interg\u00e9n\u00e9rationnel, tout en impulsant une dynamique collective durable.\n<\/p>\n<h2>R\u00e9sidences seniors et foyers-logements : po\u00e9sie au service du bien vieillir<\/h2>\n<p>\nS\u2019ouvrir \u00e0 la po\u00e9sie slam dans les <strong>r\u00e9sidences seniors<\/strong> et foyers-logements, c\u2019est miser sur la <u>valorisation de la parole<\/u> et l\u2019animation de la m\u00e9moire. Ces \u00e9tablissements recherchent aujourd\u2019hui des solutions innovantes pour lutter contre l\u2019isolement et renouveler l\u2019animation quotidienne.\n<\/p>\n<ul>\n<li>\u00c0 Brest, la r\u00e9sidence Espace &#038; Vie Le Petit Jardin a multipli\u00e9, entre janvier et mars 2023, des ateliers d\u2019\u00e9criture slam anim\u00e9s par le collectif Synergie et la compagnie Slamical. Les textes issus des r\u00e9sidents ont \u00e9t\u00e9 pr\u00e9sent\u00e9s lors d\u2019une grande sc\u00e8ne ouverte qui a r\u00e9uni \u00e0 la fois seniors, artistes et familles, prouvant l\u2019impact psychosocial de ces initiatives.<\/li>\n<li>\u00c0 Strasbourg, la r\u00e9sidence Les Jardins d\u2019Arcadie a mis en place des ateliers conjoints entre \u00e9tudiants de la facult\u00e9 de lettres et r\u00e9sidents. Cette alliance interg\u00e9n\u00e9rationnelle a permis d\u2019encourager la communication, la transmission de souvenirs et de stimuler la cr\u00e9ativit\u00e9 aupr\u00e8s d\u2019un public parfois en perte de rep\u00e8res.<\/li>\n<\/ul>\n<p>\nNous sommes convaincus que la mise en \u0153uvre d\u2019ateliers slam en r\u00e9sidence senior s\u2019inscrit dans une d\u00e9marche de qualit\u00e9 de vie et de pr\u00e9vention du vieillissement cognitif, tout en favorisant l\u2019inclusion et la reconnaissance des a\u00een\u00e9s comme acteurs culturels \u00e0 part enti\u00e8re.\n<\/p>\n<h2>Espaces publics et \u00e9v\u00e9nements ext\u00e9rieurs : le slam hors les murs<\/h2>\n<p>\nSortir des cadres traditionnels et investir l\u2019espace public, c\u2019est offrir au slam une visibilit\u00e9 et une port\u00e9e in\u00e9dites. Les <strong>\u00e9v\u00e9nements ext\u00e9rieurs<\/strong> et festivals multiplient les occasions de rencontres spontan\u00e9es, favorisant l\u2019\u00e9mergence de projets originaux et de publics inattendus.\n<\/p>\n<ul>\n<li>En juin 2021, la ville de La Seyne-sur-Mer a organis\u00e9 une sc\u00e8ne slam interg\u00e9n\u00e9rationnelle sur la plage des Sablettes, rassemblant enfants, ados, seniors et familles dans une ambiance festive, d\u00e9montrant l\u2019efficacit\u00e9 du format en plein air pour briser les barri\u00e8res entre g\u00e9n\u00e9rations.<\/li>\n<li>Lors du festival \u00ab\u00a0Clionne Slam\u00a0\u00bb \u00e0 Tours, des ateliers et sc\u00e8nes ouvertes en ext\u00e9rieur accueillent chaque ann\u00e9e un public vari\u00e9, avec la pr\u00e9sence de slameurs professionnels, d\u2019associations de quartier, d\u2019\u00e9l\u00e8ves et de seniors, f\u00e9d\u00e9rant autour d\u2019un langage universel : la po\u00e9sie vivante.<\/li>\n<\/ul>\n<p>\nCe format, particuli\u00e8rement adapt\u00e9 \u00e0 la saison estivale, encourage <strong>spontan\u00e9it\u00e9<\/strong>, <strong>improvisation<\/strong> et prise de parole non conventionnelle. Nous estimons que ces initiatives hors les murs r\u00e9pondent \u00e0 un besoin croissant de r\u00e9appropriation de l\u2019espace public par des actions artistiques inclusives et participatives.\n<\/p>\n<h2>Tableau de synth\u00e8se : lieux, avantages et exemples concrets<\/h2>\n<table border=\"1\" cellpadding=\"6\" cellspacing=\"0\">\n<thead>\n<tr>\n<th><strong>Lieu<\/strong><\/th>\n<th><strong>Avantages principaux<\/strong><\/th>\n<th><strong>Exemples r\u00e9els<\/strong><\/th>\n<\/tr>\n<\/thead>\n<tbody>\n<tr>\n<td>Centres culturels<\/td>\n<td>\n<ul>\n<li>Infrastructure adapt\u00e9e<\/li>\n<li>Mixit\u00e9 des publics<\/li>\n<li>Encadrement professionnel<\/li>\n<\/ul>\n<\/td>\n<td>\n<ul>\n<li>Le Panorama, Vernou (77)<\/li>\n<li>Ville de La Seyne-sur-Mer<\/li>\n<\/ul>\n<\/td>\n<\/tr>\n<tr>\n<td>M\u00e9diath\u00e8ques et biblioth\u00e8ques<\/td>\n<td>\n<ul>\n<li>Acc\u00e8s \u00e0 de nombreux supports<\/li>\n<li>Ambiance propice \u00e0 la cr\u00e9ation<\/li>\n<li>Animation par des po\u00e8tes sp\u00e9cialis\u00e9s<\/li>\n<\/ul>\n<\/td>\n<td>\n<ul>\n<li>M\u00e9diath\u00e8que Louis Aragon, St-Paul-l\u00e8s-Dax<\/li>\n<li>Biblioth\u00e8que Municipale, Lyon<\/li>\n<\/ul>\n<\/td>\n<\/tr>\n<tr>\n<td>\u00c9coles, coll\u00e8ges, centres de loisirs<\/td>\n<td>\n<ul>\n<li>Dynamique \u00e9ducative<\/li>\n<li>Renforcement du dialogue interg\u00e9n\u00e9rationnel<\/li>\n<li>Partenariats avec municipalit\u00e9s<\/li>\n<\/ul>\n<\/td>\n<td>\n<ul>\n<li>Coll\u00e8ge Saint-Exup\u00e9ry, La Seyne-sur-Mer<\/li>\n<li>La Ruche, Cergy<\/li>\n<\/ul>\n<\/td>\n<\/tr>\n<tr>\n<td>Maisons de quartier, espaces interg\u00e9n\u00e9rationnels<\/td>\n<td>\n<ul>\n<li>Mixit\u00e9 sociale<\/li>\n<li>Accueil de tous profils<\/li>\n<li>Dispositifs de soutien et d\u2019entraide<\/li>\n<\/ul>\n<\/td>\n<td>\n<ul>\n<li>Centre social La Ruche, Cergy<\/li>\n<li>Le Plateau, Lille<\/li>\n<\/ul>\n<\/td>\n<\/tr>\n<tr>\n<td>R\u00e9sidences seniors, foyers-logements<\/td>\n<td>\n<ul>\n<li>Lutte contre l\u2019isolement<\/li>\n<li>Valorisation des souvenirs<\/li>\n<li>Stimulation cognitive<\/li>\n<\/ul>\n<\/td>\n<td>\n<ul>\n<li>Espace &#038; Vie, Brest<\/li>\n<li>Les Jardins d\u2019Arcadie, Strasbourg<\/li>\n<\/ul>\n<\/td>\n<\/tr>\n<tr>\n<td>Espaces publics, festivals, \u00e9v\u00e9nements ext\u00e9rieurs<\/td>\n<td>\n<ul>\n<li>Visibilit\u00e9 accrue<\/li>\n<li>Ambiance festive<\/li>\n<li>Participation \u00e9largie<\/li>\n<\/ul>\n<\/td>\n<td>\n<ul>\n<li>Plage des Sablettes, La Seyne-sur-Mer<\/li>\n<li>Festival Clionne Slam, Tours<\/li>\n<\/ul>\n<\/td>\n<\/tr>\n<\/tbody>\n<\/table>\n<h2>Conseils pratiques pour r\u00e9ussir un atelier slam interg\u00e9n\u00e9rationnel<\/h2>\n<p>\nPour concevoir une dynamique o\u00f9 chaque g\u00e9n\u00e9ration trouve sa place, plusieurs \u00e9l\u00e9ments doivent \u00eatre r\u00e9unis.\n<\/p>\n<ul>\n<li><strong>Diagnostics des attentes<\/strong> : Recueillir attentes et envies des participants via des questionnaires ou des \u00e9changes informels. \u00c0 Brest, les organisateurs ont ajust\u00e9 les s\u00e9ances selon les retours des r\u00e9sidents seniors, assurant une meilleure adh\u00e9sion.<\/li>\n<li><strong>Encadrement qualifi\u00e9<\/strong> : Collaborer avec des animateurs professionnels ou des slameurs reconnus, comme \u00e0 Vernou ou \u00e0 Lille, pour garantir la qualit\u00e9 et la bienveillance dans les \u00e9changes.<\/li>\n<li><strong>Adaptation des formats<\/strong> : Privil\u00e9gier des s\u00e9quences vari\u00e9es (\u00e9criture, oral, improvisation, restitution), adapt\u00e9es aux rythmes et contraintes de chaque public. Les sc\u00e8nes ouvertes permettent de valoriser la spontan\u00e9it\u00e9, tandis que les ateliers en petit groupe s\u00e9curisent les plus r\u00e9serv\u00e9s.<\/li>\n<\/ul>\n<p>\nD\u2019exp\u00e9rience, la mixit\u00e9 g\u00e9n\u00e9rationnelle s\u2019op\u00e8re d\u2019autant mieux que l\u2019on multiplie les occasions de se d\u00e9couvrir, d\u2019\u00e9couter les histoires d\u2019autrui, et de partager un objectif cr\u00e9atif commun. Chaque lieu peut devenir, avec un accompagnement pertinent, le th\u00e9\u00e2tre d\u2019une aventure po\u00e9tique singuli\u00e8re.\n<\/p>\n<h2>Vers une d\u00e9mocratisation du slam interg\u00e9n\u00e9rationnel en France<\/h2>\n<p>\nNous assistons, ces derni\u00e8res ann\u00e9es, \u00e0 une <strong>acc\u00e9l\u00e9ration de la d\u00e9mocratisation du slam interg\u00e9n\u00e9rationnel<\/strong> sur tout le territoire. <u>Le croisement des g\u00e9n\u00e9rations<\/u> dans un atelier slam n\u2019est plus l\u2019exception mais tend \u00e0 devenir la norme, port\u00e9 par la volont\u00e9 de nombreuses communes et associations.\n<\/p>\n<ul>\n<li>En 2024, \u00e0 Paris, le centre d\u2019animation Ken Saro-Wiwa a propos\u00e9 un cycle de huit semaines incluant ados du quartier, retrait\u00e9s et familles, ponctu\u00e9 par une restitution publique, preuve tangible que la po\u00e9sie slam favorise l\u2019int\u00e9gration sociale et l\u2019expression citoyenne.<\/li>\n<li>\u00c0 Nantes, le festival SLAM\u2019O\u2019NANTES a int\u00e9gr\u00e9 dans sa programmation des ateliers mixtes ouverts au grand public, mobilisant des slameurs professionnels, des m\u00e9diateurs culturels et des animateurs issus des quartiers prioritaires.<\/li>\n<li>Le taux de participation, lors de ces initiatives, a augment\u00e9 de 25% en deux ans selon les porteurs de projets, tout \u00e2ge confondu.<\/li>\n<\/ul>\n<p>\nCette dynamique s\u2019inscrit pleinement dans les priorit\u00e9s nationales de la lutte contre l\u2019isolement, de la revitalisation des territoires et du d\u00e9veloppement du dialogue interculturel. Le slam interg\u00e9n\u00e9rationnel, par sa capacit\u00e9 \u00e0 f\u00e9d\u00e9rer et \u00e0 r\u00e9v\u00e9ler les talents cach\u00e9s, s\u2019affirme comme un outil de coh\u00e9sion sociale, d\u2019\u00e9ducation populaire et de transmission patrimoniale.\n<\/p>\n<h2>Conclusion : Oser croiser les voix, miser sur la po\u00e9sie partag\u00e9e<\/h2>\n<p>\nOrganiser des ateliers slam interg\u00e9n\u00e9rationnels, c\u2019est faire le pari de la <strong>cr\u00e9ativit\u00e9 partag\u00e9e<\/strong>, de la <strong>rencontre<\/strong> et de l\u2019<strong>ouverture<\/strong>. Les multiples exp\u00e9riences en centres culturels, m\u00e9diath\u00e8ques, \u00e9tablissements scolaires, quartiers, r\u00e9sidences ou espaces publics r\u00e9v\u00e8lent l\u2019<u>immense potentiel<\/u> de cette d\u00e9marche. L\u2019engouement croissant pour ces ateliers confirme qu\u2019il existe, dans nos villes comme dans nos campagnes, une soif de parole authentique et de reconnaissance mutuelle.\n<\/p>\n<ul>\n<li>Les retours des participants, qu\u2019ils soient enfants, adolescents ou seniors, t\u00e9moignent d\u2019un enthousiasme partag\u00e9 et d\u2019une envie de renouveler l\u2019aventure.<\/li>\n<li>L\u2019accompagnement par des artistes engag\u00e9s, le soutien des collectivit\u00e9s et le choix r\u00e9fl\u00e9chi des lieux demeurent les cl\u00e9s de la r\u00e9ussite.<\/li>\n<li>Nous recommandons vivement \u00e0 toute structure d\u00e9sireuse de renforcer le vivre-ensemble d\u2019oser l\u2019exp\u00e9rience du slam interg\u00e9n\u00e9rationnel, en s\u2019appuyant sur les outils et r\u00e9seaux existants.<\/li>\n<\/ul>\n<p>\nLa po\u00e9sie n\u2019a pas d\u2019\u00e2ge et la sc\u00e8ne slam, qu\u2019elle prenne place dans un centre culturel, une m\u00e9diath\u00e8que, une \u00e9cole ou un espace public, s\u2019offre \u00e0 tous. C\u2019est dans la diversit\u00e9 des lieux et des histoires que s\u2019\u00e9crit le futur du slam interg\u00e9n\u00e9rationnel : un futur o\u00f9 chaque voix compte, o\u00f9 chaque parole tisse le lien n\u00e9cessaire pour regarder ensemble vers demain.<\/p>\n","protected":false},"excerpt":{"rendered":"","protected":false},"author":34,"featured_media":7618,"comment_status":"open","ping_status":"open","sticky":false,"template":"","format":"standard","meta":{"_acf_changed":false,"manual_indexmenow":false,"indexmenow_id_project":0,"footnotes":""},"categories":[1],"tags":[4585,4704,4703],"class_list":["post-7531","post","type-post","status-publish","format-standard","has-post-thumbnail","hentry","category-a-la-une","tag-atelier-slam","tag-intergenerationnel","tag-lieux-culturels","generate-columns","tablet-grid-50","mobile-grid-100","grid-parent","grid-25"],"acf":[],"yoast_head":"<!-- This site is optimized with the Yoast SEO Premium plugin v21.3 (Yoast SEO v26.5) - https:\/\/yoast.com\/wordpress\/plugins\/seo\/ -->\n<title>Lieux pour des ateliers slam interg\u00e9n\u00e9rationnels<\/title>\n<meta name=\"description\" content=\"Dans le panorama des structures h\u00f4tes, les centres culturels s\u2019illustrent comme carrefours de diversit\u00e9 et d\u2019\u00e9change.\" \/>\n<meta name=\"robots\" content=\"index, follow, max-snippet:-1, max-image-preview:large, max-video-preview:-1\" \/>\n<link rel=\"canonical\" href=\"https:\/\/slams.fr\/blog\/a-la-une\/des-lieux-inspirants-pour-organiser-des-ateliers-slam-intergenerationnels\/\" \/>\n<meta property=\"og:locale\" content=\"fr_FR\" \/>\n<meta property=\"og:type\" content=\"article\" \/>\n<meta property=\"og:title\" content=\"Lieux pour des ateliers slam interg\u00e9n\u00e9rationnels\" \/>\n<meta property=\"og:description\" content=\"Dans le panorama des structures h\u00f4tes, les centres culturels s\u2019illustrent comme carrefours de diversit\u00e9 et d\u2019\u00e9change.\" \/>\n<meta property=\"og:url\" content=\"https:\/\/slams.fr\/blog\/a-la-une\/des-lieux-inspirants-pour-organiser-des-ateliers-slam-intergenerationnels\/\" \/>\n<meta property=\"og:site_name\" content=\"slams\" \/>\n<meta property=\"og:image\" content=\"https:\/\/slams.fr\/blog\/wp-content\/uploads\/2025\/07\/sdxl-e11f4f3fe4f5df331951648f03e11717-scaled.png\" \/>\n\t<meta property=\"og:image:width\" content=\"1200\" \/>\n\t<meta property=\"og:image:height\" content=\"500\" \/>\n\t<meta property=\"og:image:type\" content=\"image\/png\" \/>\n<meta name=\"author\" content=\"Rapha\u00ebl D.\" \/>\n<meta name=\"twitter:card\" content=\"summary_large_image\" \/>\n<script type=\"application\/ld+json\" class=\"yoast-schema-graph\">{\"@context\":\"https:\/\/schema.org\",\"@graph\":[{\"@type\":\"NewsArticle\",\"@id\":\"https:\/\/slams.fr\/blog\/a-la-une\/des-lieux-inspirants-pour-organiser-des-ateliers-slam-intergenerationnels\/#article\",\"isPartOf\":{\"@id\":\"https:\/\/slams.fr\/blog\/a-la-une\/des-lieux-inspirants-pour-organiser-des-ateliers-slam-intergenerationnels\/\"},\"author\":{\"name\":\"Rapha\u00ebl D.\",\"@id\":\"https:\/\/slams.fr\/blog\/#\/schema\/person\/3c864cdc320801e3db34b663e7e3f816\"},\"headline\":\"Des lieux inspirants pour organiser des ateliers slam interg\u00e9n\u00e9rationnels\",\"datePublished\":\"2025-06-14T20:37:47+00:00\",\"mainEntityOfPage\":{\"@id\":\"https:\/\/slams.fr\/blog\/a-la-une\/des-lieux-inspirants-pour-organiser-des-ateliers-slam-intergenerationnels\/\"},\"wordCount\":2163,\"commentCount\":0,\"publisher\":{\"@id\":\"https:\/\/slams.fr\/blog\/#organization\"},\"image\":{\"@id\":\"https:\/\/slams.fr\/blog\/a-la-une\/des-lieux-inspirants-pour-organiser-des-ateliers-slam-intergenerationnels\/#primaryimage\"},\"thumbnailUrl\":\"https:\/\/slams.fr\/blog\/wp-content\/uploads\/2025\/07\/sdxl-e11f4f3fe4f5df331951648f03e11717-scaled.png\",\"keywords\":[\"atelier slam\",\"intergenerationnel\",\"lieux culturels\"],\"articleSection\":[\"\u00c0 la une\"],\"inLanguage\":\"fr-FR\",\"potentialAction\":[{\"@type\":\"CommentAction\",\"name\":\"Comment\",\"target\":[\"https:\/\/slams.fr\/blog\/a-la-une\/des-lieux-inspirants-pour-organiser-des-ateliers-slam-intergenerationnels\/#respond\"]}]},{\"@type\":\"WebPage\",\"@id\":\"https:\/\/slams.fr\/blog\/a-la-une\/des-lieux-inspirants-pour-organiser-des-ateliers-slam-intergenerationnels\/\",\"url\":\"https:\/\/slams.fr\/blog\/a-la-une\/des-lieux-inspirants-pour-organiser-des-ateliers-slam-intergenerationnels\/\",\"name\":\"Lieux pour des ateliers slam interg\u00e9n\u00e9rationnels\",\"isPartOf\":{\"@id\":\"https:\/\/slams.fr\/blog\/#website\"},\"primaryImageOfPage\":{\"@id\":\"https:\/\/slams.fr\/blog\/a-la-une\/des-lieux-inspirants-pour-organiser-des-ateliers-slam-intergenerationnels\/#primaryimage\"},\"image\":{\"@id\":\"https:\/\/slams.fr\/blog\/a-la-une\/des-lieux-inspirants-pour-organiser-des-ateliers-slam-intergenerationnels\/#primaryimage\"},\"thumbnailUrl\":\"https:\/\/slams.fr\/blog\/wp-content\/uploads\/2025\/07\/sdxl-e11f4f3fe4f5df331951648f03e11717-scaled.png\",\"datePublished\":\"2025-06-14T20:37:47+00:00\",\"description\":\"Dans le panorama des structures h\u00f4tes, les centres culturels s\u2019illustrent comme carrefours de diversit\u00e9 et d\u2019\u00e9change.\",\"inLanguage\":\"fr-FR\",\"potentialAction\":[{\"@type\":\"ReadAction\",\"target\":[\"https:\/\/slams.fr\/blog\/a-la-une\/des-lieux-inspirants-pour-organiser-des-ateliers-slam-intergenerationnels\/\"]}]},{\"@type\":\"ImageObject\",\"inLanguage\":\"fr-FR\",\"@id\":\"https:\/\/slams.fr\/blog\/a-la-une\/des-lieux-inspirants-pour-organiser-des-ateliers-slam-intergenerationnels\/#primaryimage\",\"url\":\"https:\/\/slams.fr\/blog\/wp-content\/uploads\/2025\/07\/sdxl-e11f4f3fe4f5df331951648f03e11717-scaled.png\",\"contentUrl\":\"https:\/\/slams.fr\/blog\/wp-content\/uploads\/2025\/07\/sdxl-e11f4f3fe4f5df331951648f03e11717-scaled.png\",\"width\":1200,\"height\":500},{\"@type\":\"WebSite\",\"@id\":\"https:\/\/slams.fr\/blog\/#website\",\"url\":\"https:\/\/slams.fr\/blog\/\",\"name\":\"slams.fr\",\"description\":\"Slams, l&#039;\u00e9nergie des mots en action\",\"publisher\":{\"@id\":\"https:\/\/slams.fr\/blog\/#organization\"},\"alternateName\":\"Slams, l'\u00e9nergie des mots en action\",\"potentialAction\":[{\"@type\":\"SearchAction\",\"target\":{\"@type\":\"EntryPoint\",\"urlTemplate\":\"https:\/\/slams.fr\/blog\/?s={search_term_string}\"},\"query-input\":{\"@type\":\"PropertyValueSpecification\",\"valueRequired\":true,\"valueName\":\"search_term_string\"}}],\"inLanguage\":\"fr-FR\"},{\"@type\":\"Organization\",\"@id\":\"https:\/\/slams.fr\/blog\/#organization\",\"name\":\"Foretsensations.fr\",\"url\":\"https:\/\/slams.fr\/blog\/\",\"logo\":{\"@type\":\"ImageObject\",\"inLanguage\":\"fr-FR\",\"@id\":\"https:\/\/slams.fr\/blog\/#\/schema\/logo\/image\/\",\"url\":\"https:\/\/slams.fr\/blog\/wp-content\/uploads\/2026\/07\/logo-auto-1.png\",\"contentUrl\":\"https:\/\/slams.fr\/blog\/wp-content\/uploads\/2026\/07\/logo-auto-1.png\",\"width\":1024,\"height\":1024,\"caption\":\"Foretsensations.fr\"},\"image\":{\"@id\":\"https:\/\/slams.fr\/blog\/#\/schema\/logo\/image\/\"}},{\"@type\":\"Person\",\"@id\":\"https:\/\/slams.fr\/blog\/#\/schema\/person\/3c864cdc320801e3db34b663e7e3f816\",\"name\":\"Rapha\u00ebl D.\",\"image\":{\"@type\":\"ImageObject\",\"inLanguage\":\"fr-FR\",\"@id\":\"https:\/\/slams.fr\/blog\/#\/schema\/person\/image\/\",\"url\":\"https:\/\/slams.fr\/blog\/wp-content\/uploads\/2026\/06\/persona_raphael-d-96x96.jpg\",\"contentUrl\":\"https:\/\/slams.fr\/blog\/wp-content\/uploads\/2026\/06\/persona_raphael-d-96x96.jpg\",\"caption\":\"Rapha\u00ebl D.\"},\"description\":\"La culture est mon terrain de jeu depuis une dizaine d'ann\u00e9es : arts visuels, s\u00e9ries, cr\u00e9ation et tout ce qui nourrit l'imaginaire. J'\u00e9cris aussi bien sur l'actualit\u00e9 des \u0153uvres que sur les coulisses de la cr\u00e9ation, avec l'envie de relier l'amateur curieux \u00e0 des univers parfois jug\u00e9s intimidants. J'aime analyser une s\u00e9rie ou une d\u00e9marche artistique sans p\u00e9dantisme, replacer une \u0153uvre dans son contexte et donner des cl\u00e9s de lecture accessibles. Avant de publier, je v\u00e9rifie mes r\u00e9f\u00e9rences, je recoupe les sources et je distingue clairement le fait de mon interpr\u00e9tation subjective. Je crois qu'une critique vaut surtout par les arguments qu'elle expose, pas par la sentence qu'elle rend. Mon angle : transmettre l'envie de d\u00e9couvrir, de regarder autrement et de se forger son propre go\u00fbt. La culture n'appartient pas qu'aux initi\u00e9s, et c'est tout l'enjeu de mon \u00e9criture.\",\"url\":\"https:\/\/slams.fr\/blog\/auteur\/raphael-d\/\",\"jobTitle\":\"R\u00e9dacteur en chef \u00b7 Culture & Cr\u00e9ation\",\"knowsAbout\":[\"Culture\",\"Cr\u00e9ation\"],\"email\":\"raphael.d@a-l-asso-de-l-art.fr\"}]}<\/script>\n<!-- \/ Yoast SEO Premium plugin. -->","yoast_head_json":{"title":"Lieux pour des ateliers slam interg\u00e9n\u00e9rationnels","description":"Dans le panorama des structures h\u00f4tes, les centres culturels s\u2019illustrent comme carrefours de diversit\u00e9 et d\u2019\u00e9change.","robots":{"index":"index","follow":"follow","max-snippet":"max-snippet:-1","max-image-preview":"max-image-preview:large","max-video-preview":"max-video-preview:-1"},"canonical":"https:\/\/slams.fr\/blog\/a-la-une\/des-lieux-inspirants-pour-organiser-des-ateliers-slam-intergenerationnels\/","og_locale":"fr_FR","og_type":"article","og_title":"Lieux pour des ateliers slam interg\u00e9n\u00e9rationnels","og_description":"Dans le panorama des structures h\u00f4tes, les centres culturels s\u2019illustrent comme carrefours de diversit\u00e9 et d\u2019\u00e9change.","og_url":"https:\/\/slams.fr\/blog\/a-la-une\/des-lieux-inspirants-pour-organiser-des-ateliers-slam-intergenerationnels\/","og_site_name":"slams","og_image":[{"width":1200,"height":500,"url":"https:\/\/slams.fr\/blog\/wp-content\/uploads\/2025\/07\/sdxl-e11f4f3fe4f5df331951648f03e11717-scaled.png","type":"image\/png"}],"author":"Rapha\u00ebl D.","twitter_card":"summary_large_image","schema":{"@context":"https:\/\/schema.org","@graph":[{"@type":"NewsArticle","@id":"https:\/\/slams.fr\/blog\/a-la-une\/des-lieux-inspirants-pour-organiser-des-ateliers-slam-intergenerationnels\/#article","isPartOf":{"@id":"https:\/\/slams.fr\/blog\/a-la-une\/des-lieux-inspirants-pour-organiser-des-ateliers-slam-intergenerationnels\/"},"author":{"name":"Rapha\u00ebl D.","@id":"https:\/\/slams.fr\/blog\/#\/schema\/person\/3c864cdc320801e3db34b663e7e3f816"},"headline":"Des lieux inspirants pour organiser des ateliers slam interg\u00e9n\u00e9rationnels","datePublished":"2025-06-14T20:37:47+00:00","mainEntityOfPage":{"@id":"https:\/\/slams.fr\/blog\/a-la-une\/des-lieux-inspirants-pour-organiser-des-ateliers-slam-intergenerationnels\/"},"wordCount":2163,"commentCount":0,"publisher":{"@id":"https:\/\/slams.fr\/blog\/#organization"},"image":{"@id":"https:\/\/slams.fr\/blog\/a-la-une\/des-lieux-inspirants-pour-organiser-des-ateliers-slam-intergenerationnels\/#primaryimage"},"thumbnailUrl":"https:\/\/slams.fr\/blog\/wp-content\/uploads\/2025\/07\/sdxl-e11f4f3fe4f5df331951648f03e11717-scaled.png","keywords":["atelier slam","intergenerationnel","lieux culturels"],"articleSection":["\u00c0 la une"],"inLanguage":"fr-FR","potentialAction":[{"@type":"CommentAction","name":"Comment","target":["https:\/\/slams.fr\/blog\/a-la-une\/des-lieux-inspirants-pour-organiser-des-ateliers-slam-intergenerationnels\/#respond"]}]},{"@type":"WebPage","@id":"https:\/\/slams.fr\/blog\/a-la-une\/des-lieux-inspirants-pour-organiser-des-ateliers-slam-intergenerationnels\/","url":"https:\/\/slams.fr\/blog\/a-la-une\/des-lieux-inspirants-pour-organiser-des-ateliers-slam-intergenerationnels\/","name":"Lieux pour des ateliers slam interg\u00e9n\u00e9rationnels","isPartOf":{"@id":"https:\/\/slams.fr\/blog\/#website"},"primaryImageOfPage":{"@id":"https:\/\/slams.fr\/blog\/a-la-une\/des-lieux-inspirants-pour-organiser-des-ateliers-slam-intergenerationnels\/#primaryimage"},"image":{"@id":"https:\/\/slams.fr\/blog\/a-la-une\/des-lieux-inspirants-pour-organiser-des-ateliers-slam-intergenerationnels\/#primaryimage"},"thumbnailUrl":"https:\/\/slams.fr\/blog\/wp-content\/uploads\/2025\/07\/sdxl-e11f4f3fe4f5df331951648f03e11717-scaled.png","datePublished":"2025-06-14T20:37:47+00:00","description":"Dans le panorama des structures h\u00f4tes, les centres culturels s\u2019illustrent comme carrefours de diversit\u00e9 et d\u2019\u00e9change.","inLanguage":"fr-FR","potentialAction":[{"@type":"ReadAction","target":["https:\/\/slams.fr\/blog\/a-la-une\/des-lieux-inspirants-pour-organiser-des-ateliers-slam-intergenerationnels\/"]}]},{"@type":"ImageObject","inLanguage":"fr-FR","@id":"https:\/\/slams.fr\/blog\/a-la-une\/des-lieux-inspirants-pour-organiser-des-ateliers-slam-intergenerationnels\/#primaryimage","url":"https:\/\/slams.fr\/blog\/wp-content\/uploads\/2025\/07\/sdxl-e11f4f3fe4f5df331951648f03e11717-scaled.png","contentUrl":"https:\/\/slams.fr\/blog\/wp-content\/uploads\/2025\/07\/sdxl-e11f4f3fe4f5df331951648f03e11717-scaled.png","width":1200,"height":500},{"@type":"WebSite","@id":"https:\/\/slams.fr\/blog\/#website","url":"https:\/\/slams.fr\/blog\/","name":"slams.fr","description":"Slams, l&#039;\u00e9nergie des mots en action","publisher":{"@id":"https:\/\/slams.fr\/blog\/#organization"},"alternateName":"Slams, l'\u00e9nergie des mots en action","potentialAction":[{"@type":"SearchAction","target":{"@type":"EntryPoint","urlTemplate":"https:\/\/slams.fr\/blog\/?s={search_term_string}"},"query-input":{"@type":"PropertyValueSpecification","valueRequired":true,"valueName":"search_term_string"}}],"inLanguage":"fr-FR"},{"@type":"Organization","@id":"https:\/\/slams.fr\/blog\/#organization","name":"Foretsensations.fr","url":"https:\/\/slams.fr\/blog\/","logo":{"@type":"ImageObject","inLanguage":"fr-FR","@id":"https:\/\/slams.fr\/blog\/#\/schema\/logo\/image\/","url":"https:\/\/slams.fr\/blog\/wp-content\/uploads\/2026\/07\/logo-auto-1.png","contentUrl":"https:\/\/slams.fr\/blog\/wp-content\/uploads\/2026\/07\/logo-auto-1.png","width":1024,"height":1024,"caption":"Foretsensations.fr"},"image":{"@id":"https:\/\/slams.fr\/blog\/#\/schema\/logo\/image\/"}},{"@type":"Person","@id":"https:\/\/slams.fr\/blog\/#\/schema\/person\/3c864cdc320801e3db34b663e7e3f816","name":"Rapha\u00ebl D.","image":{"@type":"ImageObject","inLanguage":"fr-FR","@id":"https:\/\/slams.fr\/blog\/#\/schema\/person\/image\/","url":"https:\/\/slams.fr\/blog\/wp-content\/uploads\/2026\/06\/persona_raphael-d-96x96.jpg","contentUrl":"https:\/\/slams.fr\/blog\/wp-content\/uploads\/2026\/06\/persona_raphael-d-96x96.jpg","caption":"Rapha\u00ebl D."},"description":"La culture est mon terrain de jeu depuis une dizaine d'ann\u00e9es : arts visuels, s\u00e9ries, cr\u00e9ation et tout ce qui nourrit l'imaginaire. J'\u00e9cris aussi bien sur l'actualit\u00e9 des \u0153uvres que sur les coulisses de la cr\u00e9ation, avec l'envie de relier l'amateur curieux \u00e0 des univers parfois jug\u00e9s intimidants. J'aime analyser une s\u00e9rie ou une d\u00e9marche artistique sans p\u00e9dantisme, replacer une \u0153uvre dans son contexte et donner des cl\u00e9s de lecture accessibles. Avant de publier, je v\u00e9rifie mes r\u00e9f\u00e9rences, je recoupe les sources et je distingue clairement le fait de mon interpr\u00e9tation subjective. Je crois qu'une critique vaut surtout par les arguments qu'elle expose, pas par la sentence qu'elle rend. Mon angle : transmettre l'envie de d\u00e9couvrir, de regarder autrement et de se forger son propre go\u00fbt. La culture n'appartient pas qu'aux initi\u00e9s, et c'est tout l'enjeu de mon \u00e9criture.","url":"https:\/\/slams.fr\/blog\/auteur\/raphael-d\/","jobTitle":"R\u00e9dacteur en chef \u00b7 Culture & Cr\u00e9ation","knowsAbout":["Culture","Cr\u00e9ation"],"email":"raphael.d@a-l-asso-de-l-art.fr"}]}},"_links":{"self":[{"href":"https:\/\/slams.fr\/blog\/wp-json\/wp\/v2\/posts\/7531","targetHints":{"allow":["GET"]}}],"collection":[{"href":"https:\/\/slams.fr\/blog\/wp-json\/wp\/v2\/posts"}],"about":[{"href":"https:\/\/slams.fr\/blog\/wp-json\/wp\/v2\/types\/post"}],"author":[{"embeddable":true,"href":"https:\/\/slams.fr\/blog\/wp-json\/wp\/v2\/users\/34"}],"replies":[{"embeddable":true,"href":"https:\/\/slams.fr\/blog\/wp-json\/wp\/v2\/comments?post=7531"}],"version-history":[{"count":0,"href":"https:\/\/slams.fr\/blog\/wp-json\/wp\/v2\/posts\/7531\/revisions"}],"wp:featuredmedia":[{"embeddable":true,"href":"https:\/\/slams.fr\/blog\/wp-json\/wp\/v2\/media\/7618"}],"wp:attachment":[{"href":"https:\/\/slams.fr\/blog\/wp-json\/wp\/v2\/media?parent=7531"}],"wp:term":[{"taxonomy":"category","embeddable":true,"href":"https:\/\/slams.fr\/blog\/wp-json\/wp\/v2\/categories?post=7531"},{"taxonomy":"post_tag","embeddable":true,"href":"https:\/\/slams.fr\/blog\/wp-json\/wp\/v2\/tags?post=7531"}],"curies":[{"name":"wp","href":"https:\/\/api.w.org\/{rel}","templated":true}]}}