{"id":7533,"date":"2025-06-14T22:38:14","date_gmt":"2025-06-14T20:38:14","guid":{"rendered":"https:\/\/slams.fr\/blog\/a-la-une\/devoiler-la-scene-les-meilleures-plateformes-pour-celebrer-le-slam-et-la-poesie-performative-2\/"},"modified":"2025-06-14T22:38:14","modified_gmt":"2025-06-14T20:38:14","slug":"devoiler-la-scene-les-meilleures-plateformes-pour-celebrer-le-slam-et-la-poesie-performative-2","status":"publish","type":"post","link":"https:\/\/slams.fr\/blog\/a-la-une\/devoiler-la-scene-les-meilleures-plateformes-pour-celebrer-le-slam-et-la-poesie-performative-2\/","title":{"rendered":"D\u00e9voiler la sc\u00e8ne : Les meilleures plateformes pour c\u00e9l\u00e9brer le slam et la po\u00e9sie performative"},"content":{"rendered":"<h1>D\u00e9voiler la sc\u00e8ne : Les meilleures plateformes pour c\u00e9l\u00e9brer le slam et la po\u00e9sie performative<\/h1>\n<h2>Sc\u00e8nes ouvertes : tremplins cr\u00e9atifs pour slameurs en herbe et confirm\u00e9s<\/h2>\n<p>Les <strong>sc\u00e8nes ouvertes<\/strong> incarnent l\u2019ADN du <strong>slam<\/strong> : <u>libert\u00e9 d\u2019expression<\/u>, <strong>accueil inconditionnel<\/strong>, <u>pluralit\u00e9 des voix<\/u>. Ces \u00e9v\u00e9nements, que l\u2019on retrouve dans des bars embl\u00e9matiques comme le Paname Art Caf\u00e9 \u00e0 Paris ou le Slam Tribu \u00e0 Lyon, encouragent la diversit\u00e9 des textes et des styles. Chacun peut venir sans inscription, prendre le micro et se confronter au ressenti imm\u00e9diat du public. <\/p>\n<ul>\n<li>Le <strong>Cercle Po\u00e9tique de Bruxelles<\/strong> r\u00e9unit chaque mois une communaut\u00e9 vibrante, attentive \u00e0 la nouveaut\u00e9.<\/li>\n<li>Les <strong>Jeudis Slam de Bordeaux<\/strong> offrent une sc\u00e8ne r\u00e9currente aux artistes locaux et de passage, cr\u00e9ant des \u00e9changes interg\u00e9n\u00e9rationnels.<\/li>\n<li>\u00c0 Montr\u00e9al, le <strong>Slam Montr\u00e9al<\/strong> attire autant les performeurs engag\u00e9s que les curieux venus s\u2019essayer \u00e0 la sc\u00e8ne pour la premi\u00e8re fois.<\/li>\n<\/ul>\n<p>Le climat bienveillant est une caract\u00e9ristique majeure : chaque intervenant re\u00e7oit les applaudissements du public, qu\u2019il soit novice ou aguerri. <strong>L\u2019absence de s\u00e9lection<\/strong> renforce une dynamique de d\u00e9couverte et d\u2019inclusion, permettant aux participants de se forger une voix singuli\u00e8re. Fr\u00e9quenter r\u00e9guli\u00e8rement ces sc\u00e8nes, c\u2019est int\u00e9grer un r\u00e9seau d\u2019inspiration, profiter des retours, et parfois se surprendre \u00e0 franchir une nouvelle \u00e9tape artistique. L\u2019exp\u00e9rience d\u00e9montre que <u>c\u2019est souvent sur ces sc\u00e8nes que naissent les premiers \u00e9lans des futurs grands noms du slam<\/u>.<\/p>\n<h2>Comp\u00e9titions de slam : ar\u00e8nes du verbe et de l\u2019\u00e9motion<\/h2>\n<p>Lorsque le <strong>slam<\/strong> devient <u>joute po\u00e9tique<\/u>, il gagne en intensit\u00e9 et en exigence. Les <strong>comp\u00e9titions de slam<\/strong> structurent la discipline en proposant des d\u00e9fis cr\u00e9atifs \u00e0 la hauteur de l\u2019engagement des participants. \u00c0 Paris, la <strong>Ligue Slam de France<\/strong> impose chaque ann\u00e9e un rendez-vous incontournable, o\u00f9 des po\u00e8tes venus de toute la France s\u2019affrontent devant un jury populaire et des passionn\u00e9s survolt\u00e9s. <\/p>\n<ul>\n<li>Le <strong>Grand Slam National<\/strong>, organis\u00e9 chaque printemps, r\u00e9unit les laur\u00e9ats des sc\u00e8nes locales et offre un tremplin vers la reconnaissance nationale.<\/li>\n<li>Le <strong>SlamOuest<\/strong>, \u00e0 Nantes, met en lumi\u00e8re les talents \u00e9mergents de l\u2019arc atlantique gr\u00e2ce \u00e0 un format innovant m\u00ealant matches en \u00e9quipe et solo.<\/li>\n<\/ul>\n<p>Lors de ces comp\u00e9titions, la <u>pr\u00e9sence sc\u00e9nique<\/u>, l\u2019<strong>originalit\u00e9<\/strong> et l\u2019<strong>impact \u00e9motionnel<\/strong> du texte deviennent d\u00e9cisifs : chaque prestation est not\u00e9e \u00e0 chaud par un panel de membres du public. Cette m\u00e9canique rend le jugement participatif et d\u00e9mocratique, renfor\u00e7ant les interactions entre artistes et spectateurs. Nous consid\u00e9rons que ces ar\u00e8nes aff\u00fbtent la cr\u00e9ativit\u00e9, poussent \u00e0 d\u00e9passer ses limites et permettent d\u2019atteindre une rigueur artistique rare. Ultimement, acc\u00e9der \u00e0 la finale d\u2019un grand slam, c\u2019est rejoindre les rangs des po\u00e8tes les plus respect\u00e9s de la sc\u00e8ne francophone.<\/p>\n<h2>Festivals et rencontres po\u00e9tiques : c\u00e9l\u00e9bration collective de la parole vivante<\/h2>\n<p>Les <strong>festivals de slam<\/strong> s\u2019affirment comme de v\u00e9ritables \u00e9picentres de la <u>po\u00e9sie performative<\/u>, r\u00e9unissant artistes renomm\u00e9s et talents naissants. \u00c0 Lausanne, le <strong>Festival \u201cBouche \u00e0 Oreille\u201d<\/strong> propose des journ\u00e9es enti\u00e8res de performances, d\u2019ateliers participatifs et de d\u00e9bats sur la place du po\u00e8te dans la cit\u00e9 contemporaine. <\/p>\n<ul>\n<li>\u00c0 Paris, le <strong>Festival Paris Slam<\/strong> investit des espaces vari\u00e9s \u2014 biblioth\u00e8ques, th\u00e9\u00e2tres, places publiques \u2014 pour rendre la culture accessible et f\u00e9d\u00e9rer de nouveaux publics.<\/li>\n<li>Le <strong>Festival International de Slam de Casablanca<\/strong> accueille chaque automne des po\u00e8tes francophones et arabophones, favorisant ainsi la diversit\u00e9 linguistique et culturelle.<\/li>\n<li>Le <strong>Slam Tribu Festival<\/strong> \u00e0 Lyon rythme la rentr\u00e9e avec des spectacles, des ateliers pour enfants et des masterclass.<\/li>\n<\/ul>\n<p>Ce sont des moments privil\u00e9gi\u00e9s pour <strong>exp\u00e9rimenter<\/strong> de nouvelles formes, s\u2019essayer \u00e0 l\u2019improvisation, confronter son travail dans des <u>joutes amicales<\/u> et enrichir son r\u00e9seau artistique. Les participants d\u00e9couvrent l\u2019\u00e9nergie collaborative et apprennent, au fil des rencontres, \u00e0 d\u00e9passer les codes habituels du chant ou du th\u00e9\u00e2tre. Nous estimons que <u>ces rassemblements sont des incubateurs d\u2019innovations po\u00e9tiques<\/u>, o\u00f9 la parole prend toute sa dimension collective et engag\u00e9e.<\/p>\n<h2>Ateliers et formations : forges de la cr\u00e9ativit\u00e9 et de la technique<\/h2>\n<p>Bien au-del\u00e0 des projecteurs, les <strong>ateliers d\u2019\u00e9criture<\/strong> et de <strong>pratique sc\u00e9nique<\/strong> structurent l\u2019apprentissage du slam. \u00c0 Montpellier, <strong>Slam &#038; Cie<\/strong> propose tout au long de l\u2019ann\u00e9e des sessions encadr\u00e9es par des slameurs professionnels, ax\u00e9es sur la <u>construction du texte<\/u>, la <strong>gestion du rythme<\/strong> et la <strong>prise de parole en public<\/strong>. <\/p>\n<ul>\n<li>L\u2019<strong>Atelier Slam de la Maison de la Po\u00e9sie de Paris<\/strong> offre des parcours d\u00e9di\u00e9s aux adolescents, int\u00e9grant la cr\u00e9ation collective et l\u2019analyse critique.<\/li>\n<li>\u00c0 Montr\u00e9al, les <strong>Ateliers d\u2019\u00e9criture Slamontr\u00e9al<\/strong> accompagnent la d\u00e9couverte de la po\u00e9sie urbaine, du rep\u00e9rage des th\u00e8mes \u00e0 la diction sc\u00e9nique.<\/li>\n<li>L\u2019association <strong>Odyslam<\/strong> \u00e0 Rennes anime r\u00e9guli\u00e8rement des formations pour enseignants et \u00e9ducateurs, facilitant l\u2019introduction du slam dans les contextes scolaires.<\/li>\n<\/ul>\n<p>Ces ateliers constituent une v\u00e9ritable <u>forge de la cr\u00e9ativit\u00e9<\/u> : ils permettent d\u2019acqu\u00e9rir les fondamentaux, affiner son style et perfectionner la ma\u00eetrise technique, tout en d\u00e9veloppant l\u2019\u00e9coute et la confiance en soi. Beaucoup de participants profitent de cet encadrement pour construire des projets p\u00e9dagogiques, organiser des sc\u00e8nes scolaires ou imaginer des performances collectives originales. Selon nous, cette approche structur\u00e9e est fondamentale pour qui souhaite progresser rapidement et durablement dans le milieu du slam.<\/p>\n<h2>Ressources en ligne et plateformes num\u00e9riques : le slam \u00e0 port\u00e9e de clic<\/h2>\n<p>L\u2019<strong>\u00e9mergence des plateformes num\u00e9riques<\/strong> bouleverse l\u2019acc\u00e8s au slam, offrant la possibilit\u00e9 de partager et d\u00e9couvrir des performances au-del\u00e0 de toute contrainte g\u00e9ographique. En France, <strong>SLAMFY<\/strong> s\u2019impose comme la premi\u00e8re plateforme de streaming d\u00e9di\u00e9e exclusivement au slam et \u00e0 la po\u00e9sie performative, permettant d\u2019\u00e9couter des centaines de po\u00e8tes, de publier ses propres textes et d\u2019interagir avec la communaut\u00e9.<\/p>\n<ul>\n<li><strong>Slams.fr<\/strong> recense les principaux \u00e9v\u00e9nements, propose des guides pour monter sa propre sc\u00e8ne et archive des performances marquantes pour l\u2019inspiration quotidienne.<\/li>\n<li><strong>Youtube<\/strong> concentre une vaste communaut\u00e9 d\u2019artistes, avec des cha\u00eenes comme <strong>Slam Po\u00e9sie Officielle<\/strong> et <strong>Grand Slam National<\/strong> qui relayent des finales et des rencontres in\u00e9dites.<\/li>\n<li>Le <strong>groupe Facebook \u201cSlam Po\u00e9sie Francophone\u201d<\/strong> f\u00e9d\u00e8re de nombreux passionn\u00e9s, favorisant le partage d\u2019informations sur les appels \u00e0 texte et les \u00e9v\u00e9nements \u00e0 venir dans toute la francophonie.<\/li>\n<\/ul>\n<p>Nous estimons que ces outils num\u00e9riques sont essentiels pour se tenir inform\u00e9, s\u2019entra\u00eener et diffuser sa voix, en facilitant l\u2019\u00e9change avec des slameurs du monde entier. Ils permettent notamment \u00e0 ceux \u00e9loign\u00e9s des grandes m\u00e9tropoles de participer \u00e0 la dynamique du slam, en publiant leurs cr\u00e9ations, \u00e9changeant sur les pratiques et d\u00e9couvrant les tendances du moment. Cette ouverture virtuelle a permis \u00e0 de nombreux talents d\u2019\u00e9merger et d\u2019acc\u00e9der \u00e0 un public international, vecteur d\u2019\u00e9volution pour la discipline.<\/p>\n","protected":false},"excerpt":{"rendered":"","protected":false},"author":34,"featured_media":7616,"comment_status":"open","ping_status":"open","sticky":false,"template":"","format":"standard","meta":{"_acf_changed":false,"manual_indexmenow":false,"indexmenow_id_project":0,"footnotes":""},"categories":[1],"tags":[4668,4702,4526],"class_list":["post-7533","post","type-post","status-publish","format-standard","has-post-thumbnail","hentry","category-a-la-une","tag-plateforme","tag-scene-poetique","tag-slam","generate-columns","tablet-grid-50","mobile-grid-100","grid-parent","grid-25"],"acf":[],"yoast_head":"<!-- This site is optimized with the Yoast SEO Premium plugin v21.3 (Yoast SEO v26.5) - https:\/\/yoast.com\/wordpress\/plugins\/seo\/ -->\n<title>Les meilleures plateformes du slam et de la po\u00e9sie<\/title>\n<meta name=\"description\" content=\"Les sc\u00e8nes ouvertes incarnent l\u2019ADN du slam : libert\u00e9 d\u2019expression, accueil inconditionnel, pluralit\u00e9 des voix.\" \/>\n<meta name=\"robots\" content=\"index, follow, max-snippet:-1, max-image-preview:large, max-video-preview:-1\" \/>\n<link rel=\"canonical\" href=\"https:\/\/slams.fr\/blog\/a-la-une\/devoiler-la-scene-les-meilleures-plateformes-pour-celebrer-le-slam-et-la-poesie-performative-2\/\" \/>\n<meta property=\"og:locale\" content=\"fr_FR\" \/>\n<meta property=\"og:type\" content=\"article\" \/>\n<meta property=\"og:title\" content=\"Les meilleures plateformes du slam et de la po\u00e9sie\" \/>\n<meta property=\"og:description\" content=\"Les sc\u00e8nes ouvertes incarnent l\u2019ADN du slam : libert\u00e9 d\u2019expression, accueil inconditionnel, pluralit\u00e9 des voix.\" \/>\n<meta property=\"og:url\" content=\"https:\/\/slams.fr\/blog\/a-la-une\/devoiler-la-scene-les-meilleures-plateformes-pour-celebrer-le-slam-et-la-poesie-performative-2\/\" \/>\n<meta property=\"og:site_name\" content=\"slams\" \/>\n<meta property=\"og:image\" content=\"https:\/\/slams.fr\/blog\/wp-content\/uploads\/2025\/07\/sdxl-b3dede4473234d00664b51e41cecbd0b-scaled.png\" \/>\n\t<meta property=\"og:image:width\" content=\"1200\" \/>\n\t<meta property=\"og:image:height\" content=\"500\" \/>\n\t<meta property=\"og:image:type\" content=\"image\/png\" \/>\n<meta name=\"author\" content=\"Rapha\u00ebl D.\" \/>\n<meta name=\"twitter:card\" content=\"summary_large_image\" \/>\n<script type=\"application\/ld+json\" class=\"yoast-schema-graph\">{\"@context\":\"https:\/\/schema.org\",\"@graph\":[{\"@type\":\"NewsArticle\",\"@id\":\"https:\/\/slams.fr\/blog\/a-la-une\/devoiler-la-scene-les-meilleures-plateformes-pour-celebrer-le-slam-et-la-poesie-performative-2\/#article\",\"isPartOf\":{\"@id\":\"https:\/\/slams.fr\/blog\/a-la-une\/devoiler-la-scene-les-meilleures-plateformes-pour-celebrer-le-slam-et-la-poesie-performative-2\/\"},\"author\":{\"name\":\"Rapha\u00ebl D.\",\"@id\":\"https:\/\/slams.fr\/blog\/#\/schema\/person\/3c864cdc320801e3db34b663e7e3f816\"},\"headline\":\"D\u00e9voiler la sc\u00e8ne : Les meilleures plateformes pour c\u00e9l\u00e9brer le slam et la po\u00e9sie performative\",\"datePublished\":\"2025-06-14T20:38:14+00:00\",\"mainEntityOfPage\":{\"@id\":\"https:\/\/slams.fr\/blog\/a-la-une\/devoiler-la-scene-les-meilleures-plateformes-pour-celebrer-le-slam-et-la-poesie-performative-2\/\"},\"wordCount\":1213,\"commentCount\":0,\"publisher\":{\"@id\":\"https:\/\/slams.fr\/blog\/#organization\"},\"image\":{\"@id\":\"https:\/\/slams.fr\/blog\/a-la-une\/devoiler-la-scene-les-meilleures-plateformes-pour-celebrer-le-slam-et-la-poesie-performative-2\/#primaryimage\"},\"thumbnailUrl\":\"https:\/\/slams.fr\/blog\/wp-content\/uploads\/2025\/07\/sdxl-b3dede4473234d00664b51e41cecbd0b-scaled.png\",\"keywords\":[\"plateforme\",\"scene poetique\",\"Slam\"],\"articleSection\":[\"\u00c0 la une\"],\"inLanguage\":\"fr-FR\",\"potentialAction\":[{\"@type\":\"CommentAction\",\"name\":\"Comment\",\"target\":[\"https:\/\/slams.fr\/blog\/a-la-une\/devoiler-la-scene-les-meilleures-plateformes-pour-celebrer-le-slam-et-la-poesie-performative-2\/#respond\"]}]},{\"@type\":\"WebPage\",\"@id\":\"https:\/\/slams.fr\/blog\/a-la-une\/devoiler-la-scene-les-meilleures-plateformes-pour-celebrer-le-slam-et-la-poesie-performative-2\/\",\"url\":\"https:\/\/slams.fr\/blog\/a-la-une\/devoiler-la-scene-les-meilleures-plateformes-pour-celebrer-le-slam-et-la-poesie-performative-2\/\",\"name\":\"Les meilleures plateformes du slam et de la po\u00e9sie\",\"isPartOf\":{\"@id\":\"https:\/\/slams.fr\/blog\/#website\"},\"primaryImageOfPage\":{\"@id\":\"https:\/\/slams.fr\/blog\/a-la-une\/devoiler-la-scene-les-meilleures-plateformes-pour-celebrer-le-slam-et-la-poesie-performative-2\/#primaryimage\"},\"image\":{\"@id\":\"https:\/\/slams.fr\/blog\/a-la-une\/devoiler-la-scene-les-meilleures-plateformes-pour-celebrer-le-slam-et-la-poesie-performative-2\/#primaryimage\"},\"thumbnailUrl\":\"https:\/\/slams.fr\/blog\/wp-content\/uploads\/2025\/07\/sdxl-b3dede4473234d00664b51e41cecbd0b-scaled.png\",\"datePublished\":\"2025-06-14T20:38:14+00:00\",\"description\":\"Les sc\u00e8nes ouvertes incarnent l\u2019ADN du slam : libert\u00e9 d\u2019expression, accueil inconditionnel, pluralit\u00e9 des voix.\",\"inLanguage\":\"fr-FR\",\"potentialAction\":[{\"@type\":\"ReadAction\",\"target\":[\"https:\/\/slams.fr\/blog\/a-la-une\/devoiler-la-scene-les-meilleures-plateformes-pour-celebrer-le-slam-et-la-poesie-performative-2\/\"]}]},{\"@type\":\"ImageObject\",\"inLanguage\":\"fr-FR\",\"@id\":\"https:\/\/slams.fr\/blog\/a-la-une\/devoiler-la-scene-les-meilleures-plateformes-pour-celebrer-le-slam-et-la-poesie-performative-2\/#primaryimage\",\"url\":\"https:\/\/slams.fr\/blog\/wp-content\/uploads\/2025\/07\/sdxl-b3dede4473234d00664b51e41cecbd0b-scaled.png\",\"contentUrl\":\"https:\/\/slams.fr\/blog\/wp-content\/uploads\/2025\/07\/sdxl-b3dede4473234d00664b51e41cecbd0b-scaled.png\",\"width\":1200,\"height\":500},{\"@type\":\"WebSite\",\"@id\":\"https:\/\/slams.fr\/blog\/#website\",\"url\":\"https:\/\/slams.fr\/blog\/\",\"name\":\"slams.fr\",\"description\":\"Slams, l&#039;\u00e9nergie des mots en action\",\"publisher\":{\"@id\":\"https:\/\/slams.fr\/blog\/#organization\"},\"alternateName\":\"Slams, l'\u00e9nergie des mots en action\",\"potentialAction\":[{\"@type\":\"SearchAction\",\"target\":{\"@type\":\"EntryPoint\",\"urlTemplate\":\"https:\/\/slams.fr\/blog\/?s={search_term_string}\"},\"query-input\":{\"@type\":\"PropertyValueSpecification\",\"valueRequired\":true,\"valueName\":\"search_term_string\"}}],\"inLanguage\":\"fr-FR\"},{\"@type\":\"Organization\",\"@id\":\"https:\/\/slams.fr\/blog\/#organization\",\"name\":\"Foretsensations.fr\",\"url\":\"https:\/\/slams.fr\/blog\/\",\"logo\":{\"@type\":\"ImageObject\",\"inLanguage\":\"fr-FR\",\"@id\":\"https:\/\/slams.fr\/blog\/#\/schema\/logo\/image\/\",\"url\":\"https:\/\/slams.fr\/blog\/wp-content\/uploads\/2026\/07\/logo-auto-1.png\",\"contentUrl\":\"https:\/\/slams.fr\/blog\/wp-content\/uploads\/2026\/07\/logo-auto-1.png\",\"width\":1024,\"height\":1024,\"caption\":\"Foretsensations.fr\"},\"image\":{\"@id\":\"https:\/\/slams.fr\/blog\/#\/schema\/logo\/image\/\"}},{\"@type\":\"Person\",\"@id\":\"https:\/\/slams.fr\/blog\/#\/schema\/person\/3c864cdc320801e3db34b663e7e3f816\",\"name\":\"Rapha\u00ebl D.\",\"image\":{\"@type\":\"ImageObject\",\"inLanguage\":\"fr-FR\",\"@id\":\"https:\/\/slams.fr\/blog\/#\/schema\/person\/image\/\",\"url\":\"https:\/\/slams.fr\/blog\/wp-content\/uploads\/2026\/06\/persona_raphael-d-96x96.jpg\",\"contentUrl\":\"https:\/\/slams.fr\/blog\/wp-content\/uploads\/2026\/06\/persona_raphael-d-96x96.jpg\",\"caption\":\"Rapha\u00ebl D.\"},\"description\":\"La culture est mon terrain de jeu depuis une dizaine d'ann\u00e9es : arts visuels, s\u00e9ries, cr\u00e9ation et tout ce qui nourrit l'imaginaire. J'\u00e9cris aussi bien sur l'actualit\u00e9 des \u0153uvres que sur les coulisses de la cr\u00e9ation, avec l'envie de relier l'amateur curieux \u00e0 des univers parfois jug\u00e9s intimidants. J'aime analyser une s\u00e9rie ou une d\u00e9marche artistique sans p\u00e9dantisme, replacer une \u0153uvre dans son contexte et donner des cl\u00e9s de lecture accessibles. Avant de publier, je v\u00e9rifie mes r\u00e9f\u00e9rences, je recoupe les sources et je distingue clairement le fait de mon interpr\u00e9tation subjective. Je crois qu'une critique vaut surtout par les arguments qu'elle expose, pas par la sentence qu'elle rend. Mon angle : transmettre l'envie de d\u00e9couvrir, de regarder autrement et de se forger son propre go\u00fbt. La culture n'appartient pas qu'aux initi\u00e9s, et c'est tout l'enjeu de mon \u00e9criture.\",\"url\":\"https:\/\/slams.fr\/blog\/auteur\/raphael-d\/\",\"jobTitle\":\"R\u00e9dacteur en chef \u00b7 Culture & Cr\u00e9ation\",\"knowsAbout\":[\"Culture\",\"Cr\u00e9ation\"],\"email\":\"raphael.d@a-l-asso-de-l-art.fr\"}]}<\/script>\n<!-- \/ Yoast SEO Premium plugin. -->","yoast_head_json":{"title":"Les meilleures plateformes du slam et de la po\u00e9sie","description":"Les sc\u00e8nes ouvertes incarnent l\u2019ADN du slam : libert\u00e9 d\u2019expression, accueil inconditionnel, pluralit\u00e9 des voix.","robots":{"index":"index","follow":"follow","max-snippet":"max-snippet:-1","max-image-preview":"max-image-preview:large","max-video-preview":"max-video-preview:-1"},"canonical":"https:\/\/slams.fr\/blog\/a-la-une\/devoiler-la-scene-les-meilleures-plateformes-pour-celebrer-le-slam-et-la-poesie-performative-2\/","og_locale":"fr_FR","og_type":"article","og_title":"Les meilleures plateformes du slam et de la po\u00e9sie","og_description":"Les sc\u00e8nes ouvertes incarnent l\u2019ADN du slam : libert\u00e9 d\u2019expression, accueil inconditionnel, pluralit\u00e9 des voix.","og_url":"https:\/\/slams.fr\/blog\/a-la-une\/devoiler-la-scene-les-meilleures-plateformes-pour-celebrer-le-slam-et-la-poesie-performative-2\/","og_site_name":"slams","og_image":[{"width":1200,"height":500,"url":"https:\/\/slams.fr\/blog\/wp-content\/uploads\/2025\/07\/sdxl-b3dede4473234d00664b51e41cecbd0b-scaled.png","type":"image\/png"}],"author":"Rapha\u00ebl D.","twitter_card":"summary_large_image","schema":{"@context":"https:\/\/schema.org","@graph":[{"@type":"NewsArticle","@id":"https:\/\/slams.fr\/blog\/a-la-une\/devoiler-la-scene-les-meilleures-plateformes-pour-celebrer-le-slam-et-la-poesie-performative-2\/#article","isPartOf":{"@id":"https:\/\/slams.fr\/blog\/a-la-une\/devoiler-la-scene-les-meilleures-plateformes-pour-celebrer-le-slam-et-la-poesie-performative-2\/"},"author":{"name":"Rapha\u00ebl D.","@id":"https:\/\/slams.fr\/blog\/#\/schema\/person\/3c864cdc320801e3db34b663e7e3f816"},"headline":"D\u00e9voiler la sc\u00e8ne : Les meilleures plateformes pour c\u00e9l\u00e9brer le slam et la po\u00e9sie performative","datePublished":"2025-06-14T20:38:14+00:00","mainEntityOfPage":{"@id":"https:\/\/slams.fr\/blog\/a-la-une\/devoiler-la-scene-les-meilleures-plateformes-pour-celebrer-le-slam-et-la-poesie-performative-2\/"},"wordCount":1213,"commentCount":0,"publisher":{"@id":"https:\/\/slams.fr\/blog\/#organization"},"image":{"@id":"https:\/\/slams.fr\/blog\/a-la-une\/devoiler-la-scene-les-meilleures-plateformes-pour-celebrer-le-slam-et-la-poesie-performative-2\/#primaryimage"},"thumbnailUrl":"https:\/\/slams.fr\/blog\/wp-content\/uploads\/2025\/07\/sdxl-b3dede4473234d00664b51e41cecbd0b-scaled.png","keywords":["plateforme","scene poetique","Slam"],"articleSection":["\u00c0 la une"],"inLanguage":"fr-FR","potentialAction":[{"@type":"CommentAction","name":"Comment","target":["https:\/\/slams.fr\/blog\/a-la-une\/devoiler-la-scene-les-meilleures-plateformes-pour-celebrer-le-slam-et-la-poesie-performative-2\/#respond"]}]},{"@type":"WebPage","@id":"https:\/\/slams.fr\/blog\/a-la-une\/devoiler-la-scene-les-meilleures-plateformes-pour-celebrer-le-slam-et-la-poesie-performative-2\/","url":"https:\/\/slams.fr\/blog\/a-la-une\/devoiler-la-scene-les-meilleures-plateformes-pour-celebrer-le-slam-et-la-poesie-performative-2\/","name":"Les meilleures plateformes du slam et de la po\u00e9sie","isPartOf":{"@id":"https:\/\/slams.fr\/blog\/#website"},"primaryImageOfPage":{"@id":"https:\/\/slams.fr\/blog\/a-la-une\/devoiler-la-scene-les-meilleures-plateformes-pour-celebrer-le-slam-et-la-poesie-performative-2\/#primaryimage"},"image":{"@id":"https:\/\/slams.fr\/blog\/a-la-une\/devoiler-la-scene-les-meilleures-plateformes-pour-celebrer-le-slam-et-la-poesie-performative-2\/#primaryimage"},"thumbnailUrl":"https:\/\/slams.fr\/blog\/wp-content\/uploads\/2025\/07\/sdxl-b3dede4473234d00664b51e41cecbd0b-scaled.png","datePublished":"2025-06-14T20:38:14+00:00","description":"Les sc\u00e8nes ouvertes incarnent l\u2019ADN du slam : libert\u00e9 d\u2019expression, accueil inconditionnel, pluralit\u00e9 des voix.","inLanguage":"fr-FR","potentialAction":[{"@type":"ReadAction","target":["https:\/\/slams.fr\/blog\/a-la-une\/devoiler-la-scene-les-meilleures-plateformes-pour-celebrer-le-slam-et-la-poesie-performative-2\/"]}]},{"@type":"ImageObject","inLanguage":"fr-FR","@id":"https:\/\/slams.fr\/blog\/a-la-une\/devoiler-la-scene-les-meilleures-plateformes-pour-celebrer-le-slam-et-la-poesie-performative-2\/#primaryimage","url":"https:\/\/slams.fr\/blog\/wp-content\/uploads\/2025\/07\/sdxl-b3dede4473234d00664b51e41cecbd0b-scaled.png","contentUrl":"https:\/\/slams.fr\/blog\/wp-content\/uploads\/2025\/07\/sdxl-b3dede4473234d00664b51e41cecbd0b-scaled.png","width":1200,"height":500},{"@type":"WebSite","@id":"https:\/\/slams.fr\/blog\/#website","url":"https:\/\/slams.fr\/blog\/","name":"slams.fr","description":"Slams, l&#039;\u00e9nergie des mots en action","publisher":{"@id":"https:\/\/slams.fr\/blog\/#organization"},"alternateName":"Slams, l'\u00e9nergie des mots en action","potentialAction":[{"@type":"SearchAction","target":{"@type":"EntryPoint","urlTemplate":"https:\/\/slams.fr\/blog\/?s={search_term_string}"},"query-input":{"@type":"PropertyValueSpecification","valueRequired":true,"valueName":"search_term_string"}}],"inLanguage":"fr-FR"},{"@type":"Organization","@id":"https:\/\/slams.fr\/blog\/#organization","name":"Foretsensations.fr","url":"https:\/\/slams.fr\/blog\/","logo":{"@type":"ImageObject","inLanguage":"fr-FR","@id":"https:\/\/slams.fr\/blog\/#\/schema\/logo\/image\/","url":"https:\/\/slams.fr\/blog\/wp-content\/uploads\/2026\/07\/logo-auto-1.png","contentUrl":"https:\/\/slams.fr\/blog\/wp-content\/uploads\/2026\/07\/logo-auto-1.png","width":1024,"height":1024,"caption":"Foretsensations.fr"},"image":{"@id":"https:\/\/slams.fr\/blog\/#\/schema\/logo\/image\/"}},{"@type":"Person","@id":"https:\/\/slams.fr\/blog\/#\/schema\/person\/3c864cdc320801e3db34b663e7e3f816","name":"Rapha\u00ebl D.","image":{"@type":"ImageObject","inLanguage":"fr-FR","@id":"https:\/\/slams.fr\/blog\/#\/schema\/person\/image\/","url":"https:\/\/slams.fr\/blog\/wp-content\/uploads\/2026\/06\/persona_raphael-d-96x96.jpg","contentUrl":"https:\/\/slams.fr\/blog\/wp-content\/uploads\/2026\/06\/persona_raphael-d-96x96.jpg","caption":"Rapha\u00ebl D."},"description":"La culture est mon terrain de jeu depuis une dizaine d'ann\u00e9es : arts visuels, s\u00e9ries, cr\u00e9ation et tout ce qui nourrit l'imaginaire. J'\u00e9cris aussi bien sur l'actualit\u00e9 des \u0153uvres que sur les coulisses de la cr\u00e9ation, avec l'envie de relier l'amateur curieux \u00e0 des univers parfois jug\u00e9s intimidants. J'aime analyser une s\u00e9rie ou une d\u00e9marche artistique sans p\u00e9dantisme, replacer une \u0153uvre dans son contexte et donner des cl\u00e9s de lecture accessibles. Avant de publier, je v\u00e9rifie mes r\u00e9f\u00e9rences, je recoupe les sources et je distingue clairement le fait de mon interpr\u00e9tation subjective. Je crois qu'une critique vaut surtout par les arguments qu'elle expose, pas par la sentence qu'elle rend. Mon angle : transmettre l'envie de d\u00e9couvrir, de regarder autrement et de se forger son propre go\u00fbt. La culture n'appartient pas qu'aux initi\u00e9s, et c'est tout l'enjeu de mon \u00e9criture.","url":"https:\/\/slams.fr\/blog\/auteur\/raphael-d\/","jobTitle":"R\u00e9dacteur en chef \u00b7 Culture & Cr\u00e9ation","knowsAbout":["Culture","Cr\u00e9ation"],"email":"raphael.d@a-l-asso-de-l-art.fr"}]}},"_links":{"self":[{"href":"https:\/\/slams.fr\/blog\/wp-json\/wp\/v2\/posts\/7533","targetHints":{"allow":["GET"]}}],"collection":[{"href":"https:\/\/slams.fr\/blog\/wp-json\/wp\/v2\/posts"}],"about":[{"href":"https:\/\/slams.fr\/blog\/wp-json\/wp\/v2\/types\/post"}],"author":[{"embeddable":true,"href":"https:\/\/slams.fr\/blog\/wp-json\/wp\/v2\/users\/34"}],"replies":[{"embeddable":true,"href":"https:\/\/slams.fr\/blog\/wp-json\/wp\/v2\/comments?post=7533"}],"version-history":[{"count":0,"href":"https:\/\/slams.fr\/blog\/wp-json\/wp\/v2\/posts\/7533\/revisions"}],"wp:featuredmedia":[{"embeddable":true,"href":"https:\/\/slams.fr\/blog\/wp-json\/wp\/v2\/media\/7616"}],"wp:attachment":[{"href":"https:\/\/slams.fr\/blog\/wp-json\/wp\/v2\/media?parent=7533"}],"wp:term":[{"taxonomy":"category","embeddable":true,"href":"https:\/\/slams.fr\/blog\/wp-json\/wp\/v2\/categories?post=7533"},{"taxonomy":"post_tag","embeddable":true,"href":"https:\/\/slams.fr\/blog\/wp-json\/wp\/v2\/tags?post=7533"}],"curies":[{"name":"wp","href":"https:\/\/api.w.org\/{rel}","templated":true}]}}