{"id":7535,"date":"2025-06-14T22:38:46","date_gmt":"2025-06-14T20:38:46","guid":{"rendered":"https:\/\/slams.fr\/blog\/a-la-une\/les-portails-de-slam-bilingue-et-multilingue-carrefours-dexpression-sans-frontieres\/"},"modified":"2025-06-14T22:38:46","modified_gmt":"2025-06-14T20:38:46","slug":"les-portails-de-slam-bilingue-et-multilingue-carrefours-dexpression-sans-frontieres","status":"publish","type":"post","link":"https:\/\/slams.fr\/blog\/a-la-une\/les-portails-de-slam-bilingue-et-multilingue-carrefours-dexpression-sans-frontieres\/","title":{"rendered":"Les portails de slam bilingue et multilingue : carrefours d\u2019expression sans fronti\u00e8res"},"content":{"rendered":"<h1>Les portails de slam bilingue et multilingue : carrefours d\u2019expression sans fronti\u00e8res<\/h1>\n<h2>Dynamiques cr\u00e9atives du slam en plusieurs langues<\/h2>\n<p>\nL\u2019alternance entre deux, voire plusieurs langues, fa\u00e7onne dans le slam des <strong>formes po\u00e9tiques singuli\u00e8res<\/strong> o\u00f9 la <u>diversit\u00e9 linguistique<\/u> se mue en ressource cr\u00e9ative centrale. Chaque idiome poss\u00e8de ses sonorit\u00e9s, ses rythmiques propres et son imaginaire, enrichissant la structure du texte et la puissance de la performance. L\u2019insertion de mots, d\u2019expressions ou de vers emprunt\u00e9s \u00e0 d\u2019autres langues provoque des ruptures de rythme, des jeux de sens et des effets de surprise qui intensifient l\u2019engagement du public.\n<\/p>\n<p>\nDe nombreuses sc\u00e8nes illustrent cette vitalit\u00e9. \u00c0 Montr\u00e9al, la sc\u00e8ne du <strong>slam franglo<\/strong> associe le fran\u00e7ais et l\u2019anglais dans des joutes verbales o\u00f9 l\u2019auditeur oscille entre reconnaissance et d\u00e9couverte. \u00c0 Bruxelles, le collectif <strong>Slameke<\/strong> explore les passerelles entre le n\u00e9erlandais, le fran\u00e7ais et l\u2019arabe, cr\u00e9ant des performances o\u00f9 chaque langue semble dialoguer avec l\u2019autre au sein d\u2019un m\u00eame texte. Le passage volontaire d\u2019un idiome \u00e0 l\u2019autre, appel\u00e9 code-switching, ne rel\u00e8ve pas seulement de la virtuosit\u00e9 linguistique\u202f: il affirme une identit\u00e9 plurielle et ouvre le slam \u00e0 une audience cosmopolite.\n<\/p>\n<ul>\n<li><strong>Renouvellement stylistique<\/strong>\u202f: la juxtaposition de langues permet l\u2019\u00e9mergence de nouveaux styles, alliant humour, musicalit\u00e9 et jeux de mots in\u00e9dits.<\/li>\n<li><strong>Cr\u00e9ation de passerelles culturelles<\/strong>\u202f: chaque idiome apporte ses nuances, ses r\u00e9f\u00e9rences et contribue \u00e0 \u00e9largir la port\u00e9e symbolique du texte.<\/li>\n<li><strong>Fen\u00eatre cr\u00e9ative plurilingue<\/strong>\u202f: la cohabitation de langues sur une m\u00eame sc\u00e8ne ouvre le slam \u00e0 des exp\u00e9rimentations o\u00f9 la forme rejoint le fond, et o\u00f9 la diversit\u00e9 devient moteur d\u2019invention.<\/li>\n<\/ul>\n<p>\nL\u2019\u00e9coute du slam multilingue s\u2019av\u00e8re singuli\u00e8re\u202f: m\u00eame sans tout comprendre, le public \u00e9prouve, par la musicalit\u00e9 et l\u2019\u00e9nergie, la port\u00e9e \u00e9motionnelle du verbe. Cette exp\u00e9rience sensorielle transcende le sens strict des mots\u202f: le rythme, la voix et l\u2019\u00e9motion prennent parfois le relais du langage.\n<\/p>\n<h2>Les portails de slam plurilingue : points de rencontre et de partage<\/h2>\n<p>\nLes <strong>portails d\u00e9di\u00e9s au slam bilingue et multilingue<\/strong> jouent un r\u00f4le structurant dans l\u2019\u00e9cosyst\u00e8me international du slam. Ces espaces, \u00e0 la fois num\u00e9riques et physiques, facilitent la mise en r\u00e9seau des artistes de diff\u00e9rentes origines, favorisent la visibilit\u00e9 des \u0153uvres et stimulent la co-cr\u00e9ation au-del\u00e0 des fronti\u00e8res.\n<\/p>\n<p>\n\u00c0 travers le monde, plusieurs dispositifs structurent cette effervescence. La plateforme <strong>Le Fil Plurilingue<\/strong> met en relation des classes et des collectifs bilingues souhaitant porter des projets artistiques conjoints, permettant ainsi une circulation des id\u00e9es et des pratiques[2]. Ces \u00e9changes aboutissent souvent \u00e0 des cr\u00e9ations partag\u00e9es, o\u00f9 chaque participant apporte sa langue de c\u0153ur, transformant le slam en un espace polyphonique. Sur la sc\u00e8ne parisienne, le festival <strong>Slam United<\/strong> convie des po\u00e8tes de tous horizons \u00e0 d\u00e9clamer dans plusieurs langues, cr\u00e9ant une v\u00e9ritable mosa\u00efque linguistique.\n<\/p>\n<ul>\n<li><strong>Espace d\u2019\u00e9change et de visibilit\u00e9<\/strong>\u202f: les portails offrent un tremplin aux slameurs issus de minorit\u00e9s linguistiques, qui peuvent ainsi toucher un public international parfois difficile d\u2019acc\u00e8s par d\u2019autres biais.<\/li>\n<li><strong>Facilitation de la co-cr\u00e9ation<\/strong>\u202f: par la mise en relation, la mutualisation de ressources p\u00e9dagogiques (unit\u00e9s didactiques cl\u00e9s en main, ateliers multilingues), et l\u2019organisation de sc\u00e8nes mixtes, ces portails stimulent la cr\u00e9ation collaborative[3].<\/li>\n<li><strong>Mise en voix plurielle<\/strong>\u202f: la sc\u00e8ne virtuelle ou r\u00e9elle devient ainsi le th\u00e9\u00e2tre d\u2019une performance collective, o\u00f9 la pluralit\u00e9 des langues fait \u00e9cho \u00e0 la pluralit\u00e9 des v\u00e9cus.<\/li>\n<\/ul>\n<p>\nEn misant sur la pluralit\u00e9 linguistique, ces espaces red\u00e9finissent les contours de la sc\u00e8ne slam\u202f: ils transforment l\u2019\u00e9coute, invitent \u00e0 la d\u00e9couverte et r\u00e9inventent le partage autour du texte perform\u00e9.\n<\/p>\n<h2>Le slam comme outil d\u2019inclusion et de transmission<\/h2>\n<p>\nLa pratique du <strong>slam multilingue<\/strong> s\u2019impose comme un puissant levier d\u2019inclusion sociale et de transmission culturelle. Par la valorisation des identit\u00e9s hybrides et des histoires individuelles, elle permet \u00e0 chacun de revendiquer ses origines, ses langues, et de construire un r\u00e9cit commun. Ainsi, les portails favorisent l\u2019expression de la diversit\u00e9 culturelle, tout en posant le slam comme support \u00e9ducatif et f\u00e9d\u00e9rateur.\n<\/p>\n<p>\nLe dispositif <strong>Le Fil Plurilingue<\/strong> a d\u00e9montr\u00e9 sa capacit\u00e9 \u00e0 connecter des classes bilingues francophones \u00e0 travers le monde, g\u00e9n\u00e9rant des projets o\u00f9 le slam devient l\u2019occasion d\u2019\u00e9changer, de d\u00e9battre et de mettre en sc\u00e8ne la pluralit\u00e9[2]. \u00c0 l\u2019<strong>International French School de Singapour<\/strong>, l\u2019int\u00e9gration du slam dans l\u2019apprentissage multilingue encourage les \u00e9l\u00e8ves \u00e0 explorer et \u00e0 partager leurs langues maternelles dans un cadre artistique valorisant[5].\n<\/p>\n<ul>\n<li><strong>Valorisation des h\u00e9ritages linguistiques<\/strong>\u202f: les interpr\u00e8tes puisent dans leur patrimoine familial pour le mettre en lumi\u00e8re sur sc\u00e8ne, rompant avec les sch\u00e9mas d\u2019assimilation et affirmant leur unicit\u00e9.<\/li>\n<li><strong>Inclusion des publics minoritaires<\/strong>\u202f: l\u2019expression en plusieurs langues permet \u00e0 chacun de trouver sa place, de s\u2019identifier et de participer, y compris ceux pour qui la langue dominante n\u2019est pas la langue premi\u00e8re.<\/li>\n<li><strong>Transmission \u00e9ducative<\/strong>\u202f: la p\u00e9dagogie du slam multilingue stimule la curiosit\u00e9, l\u2019empathie et l\u2019ouverture d\u2019esprit, et s\u2019av\u00e8re un outil pr\u00e9cieux pour l\u2019apprentissage et l\u2019acquisition de nouvelles langues[4].<\/li>\n<\/ul>\n<p>\nL\u2019inclusion, au c\u0153ur de la d\u00e9marche, entra\u00eene une red\u00e9finition des r\u00f4les\u202f: le public, souvent lui-m\u00eame plurilingue, se transforme en acteur, dialoguant avec les slameurs autour de leurs univers respectifs.\n<\/p>\n<h2>D\u00e9fis techniques et \u00e9ditoriaux pour les plateformes plurilingues<\/h2>\n<p>\nMettre en place et animer des <strong>plateformes de slam multilingues<\/strong> comporte des d\u00e9fis sp\u00e9cifiques, touchant autant \u00e0 la gestion des contenus qu\u2019\u00e0 la performance \u00e9ditoriale. La <u>mod\u00e9ration<\/u> de textes multilingues requiert des \u00e9quipes comp\u00e9tentes dans les langues concern\u00e9es, capables de garantir la qualit\u00e9, l\u2019\u00e9quit\u00e9 et la s\u00e9curit\u00e9 des \u00e9changes.\n<\/p>\n<p>\nLa traduction pose un enjeu d\u00e9cisif\u202f: traduire un slam revient \u00e0 restituer la musicalit\u00e9, la puissance \u00e9motionnelle et les jeux de mots d\u2019un idiome \u00e0 l\u2019autre, ce qui exige cr\u00e9ativit\u00e9 et expertise. L\u2019<strong>accessibilit\u00e9<\/strong> des textes et performances, la clart\u00e9 de navigation et le sous-titrage pour les vid\u00e9os sont autant d\u2019\u00e9l\u00e9ments essentiels, surtout pour toucher le public international. La protection des donn\u00e9es des artistes et la fiabilit\u00e9 des outils collaboratifs figurent parmi les attentes majeures.\n<\/p>\n<ul>\n<li><strong>Adaptation technologique<\/strong>\u202f: il devient indispensable de proposer des outils intuitifs de gestion de contenus, de traduction collaborative et d\u2019accompagnement \u00e9ditorial.<\/li>\n<li><strong>\u00c9quilibre entre fid\u00e9lit\u00e9 linguistique et cr\u00e9ativit\u00e9<\/strong>\u202f: chaque traduction implique un arbitrage entre la pr\u00e9servation du message initial et l\u2019adaptation aux r\u00e9alit\u00e9s linguistiques et culturelles de la langue d\u2019accueil.<\/li>\n<li><strong>Audience internationale<\/strong>\u202f: la diversit\u00e9 des utilisateurs oblige \u00e0 repenser l\u2019organisation des sc\u00e8nes, l\u2019int\u00e9gration de l\u2019audio et du texte, et le support technique multilingue.<\/li>\n<\/ul>\n<p>\n\u00c0 notre sens, seule une conception ouverte et \u00e9volutive de ces plateformes permettra d\u2019offrir une exp\u00e9rience inclusive, respectueuse de la richesse de chaque idiome, et propice \u00e0 l\u2019innovation artistique.\n<\/p>\n<h2>Perspectives d\u2019\u00e9volution et innovations \u00e0 venir<\/h2>\n<p>\nLa trajectoire des portails de slam bilingue et multilingue \u00e9volue rapidement, port\u00e9e par l\u2019irruption de nouvelles langues, la mont\u00e9e en puissance des technologies interactives et l\u2019\u00e9largissement constant des communaut\u00e9s participantes. Les innovations attendues dessinent un espace o\u00f9 l\u2019expression artistique et la rencontre interculturelle sont en perp\u00e9tuelle expansion.\n<\/p>\n<p>\nLa plateforme <strong>Le Fil Plurilingue<\/strong>, qui a r\u00e9cemment int\u00e9gr\u00e9 de nouveaux dispositifs d\u2019\u00e9changes interclasses et de co-cr\u00e9ation artistique, illustre ce mouvement de fond vers une ouverture sans pr\u00e9c\u00e9dent[1]. L\u2019\u00e9mergence de fonctionnalit\u00e9s interactives \u2013 chat multilingue, traduction automatique enrichie, r\u00e9alit\u00e9 augment\u00e9e appliqu\u00e9e au spectacle vivant \u2013 promet de repousser les limites actuelles de la performance et de la participation du public. Nous observons, dans plusieurs festivals internationaux, une hybridation croissante avec d\u2019autres disciplines comme la musique, la danse ou les arts visuels, qui enrichit l\u2019exp\u00e9rience sc\u00e9nique et favorise la transversalit\u00e9.\n<\/p>\n<ul>\n<li><strong>Int\u00e9gration de nouvelles langues<\/strong>\u202f: le passage d\u2019un mod\u00e8le bilingue \u00e0 un mod\u00e8le multilingue int\u00e9grant une dizaine d\u2019idiomes ouvre la participation \u00e0 de nouveaux publics et \u00e0 des projets in\u00e9dits.<\/li>\n<li><strong>Fonctionnalit\u00e9s interactives avanc\u00e9es<\/strong>\u202f: des outils de co-\u00e9criture temps r\u00e9el, de traduction collaborative et de vote participatif renforcent la dimension communautaire.<\/li>\n<li><strong>Communaut\u00e9s transnationales<\/strong>\u202f: les slameurs se f\u00e9d\u00e8rent autour de projets internationaux, brisant l\u2019isolement des minorit\u00e9s linguistiques et favorisant la construction de r\u00e9seaux mondiaux.<\/li>\n<\/ul>\n<p>\n\u00c0 notre avis, l\u2019avenir des portails de slam bilingue et multilingue r\u00e9side dans leur capacit\u00e9 \u00e0 s\u2019\u00e9riger en v\u00e9ritables <u>laboratoires de l\u2019expression mondiale<\/u>, o\u00f9 la pluralit\u00e9 n\u2019est ni un obstacle ni un simple d\u00e9cor, mais le moteur d\u2019une cr\u00e9ativit\u00e9 collective en constante r\u00e9invention.<\/p>\n","protected":false},"excerpt":{"rendered":"","protected":false},"author":34,"featured_media":7573,"comment_status":"open","ping_status":"open","sticky":false,"template":"","format":"standard","meta":{"_acf_changed":false,"manual_indexmenow":false,"indexmenow_id_project":0,"footnotes":""},"categories":[1],"tags":[4708,4709,4598],"class_list":["post-7535","post","type-post","status-publish","format-standard","has-post-thumbnail","hentry","category-a-la-une","tag-bilinguisme","tag-multilingue","tag-slam-poesie","generate-columns","tablet-grid-50","mobile-grid-100","grid-parent","grid-25"],"acf":[],"yoast_head":"<!-- This site is optimized with the Yoast SEO Premium plugin v21.3 (Yoast SEO v26.5) - https:\/\/yoast.com\/wordpress\/plugins\/seo\/ -->\n<title>Les portails de slam bilingue et multilingue<\/title>\n<meta name=\"description\" content=\"L\u2019alternance entre deux, voire plusieurs langues, fa\u00e7onne dans le slam des formes po\u00e9tiques singuli\u00e8res o\u00f9 la diversit\u00e9 linguistique se mue en ressource\" \/>\n<meta name=\"robots\" content=\"index, follow, max-snippet:-1, max-image-preview:large, max-video-preview:-1\" \/>\n<link rel=\"canonical\" href=\"https:\/\/slams.fr\/blog\/a-la-une\/les-portails-de-slam-bilingue-et-multilingue-carrefours-dexpression-sans-frontieres\/\" \/>\n<meta property=\"og:locale\" content=\"fr_FR\" \/>\n<meta property=\"og:type\" content=\"article\" \/>\n<meta property=\"og:title\" content=\"Les portails de slam bilingue et multilingue\" \/>\n<meta property=\"og:description\" content=\"L\u2019alternance entre deux, voire plusieurs langues, fa\u00e7onne dans le slam des formes po\u00e9tiques singuli\u00e8res o\u00f9 la diversit\u00e9 linguistique se mue en ressource\" \/>\n<meta property=\"og:url\" content=\"https:\/\/slams.fr\/blog\/a-la-une\/les-portails-de-slam-bilingue-et-multilingue-carrefours-dexpression-sans-frontieres\/\" \/>\n<meta property=\"og:site_name\" content=\"slams\" \/>\n<meta property=\"og:image\" content=\"https:\/\/slams.fr\/blog\/wp-content\/uploads\/2025\/07\/sdxl-f8f8c062801e5d7fb57e283bacf443f4-scaled.png\" \/>\n\t<meta property=\"og:image:width\" content=\"1200\" \/>\n\t<meta property=\"og:image:height\" content=\"500\" \/>\n\t<meta property=\"og:image:type\" content=\"image\/png\" \/>\n<meta name=\"author\" content=\"Rapha\u00ebl D.\" \/>\n<meta name=\"twitter:card\" content=\"summary_large_image\" \/>\n<script type=\"application\/ld+json\" class=\"yoast-schema-graph\">{\"@context\":\"https:\/\/schema.org\",\"@graph\":[{\"@type\":\"NewsArticle\",\"@id\":\"https:\/\/slams.fr\/blog\/a-la-une\/les-portails-de-slam-bilingue-et-multilingue-carrefours-dexpression-sans-frontieres\/#article\",\"isPartOf\":{\"@id\":\"https:\/\/slams.fr\/blog\/a-la-une\/les-portails-de-slam-bilingue-et-multilingue-carrefours-dexpression-sans-frontieres\/\"},\"author\":{\"name\":\"Rapha\u00ebl D.\",\"@id\":\"https:\/\/slams.fr\/blog\/#\/schema\/person\/3c864cdc320801e3db34b663e7e3f816\"},\"headline\":\"Les portails de slam bilingue et multilingue : carrefours d\u2019expression sans fronti\u00e8res\",\"datePublished\":\"2025-06-14T20:38:46+00:00\",\"mainEntityOfPage\":{\"@id\":\"https:\/\/slams.fr\/blog\/a-la-une\/les-portails-de-slam-bilingue-et-multilingue-carrefours-dexpression-sans-frontieres\/\"},\"wordCount\":1497,\"commentCount\":0,\"publisher\":{\"@id\":\"https:\/\/slams.fr\/blog\/#organization\"},\"image\":{\"@id\":\"https:\/\/slams.fr\/blog\/a-la-une\/les-portails-de-slam-bilingue-et-multilingue-carrefours-dexpression-sans-frontieres\/#primaryimage\"},\"thumbnailUrl\":\"https:\/\/slams.fr\/blog\/wp-content\/uploads\/2025\/07\/sdxl-f8f8c062801e5d7fb57e283bacf443f4-scaled.png\",\"keywords\":[\"bilinguisme\",\"multilingue\",\"slam poesie\"],\"articleSection\":[\"\u00c0 la une\"],\"inLanguage\":\"fr-FR\",\"potentialAction\":[{\"@type\":\"CommentAction\",\"name\":\"Comment\",\"target\":[\"https:\/\/slams.fr\/blog\/a-la-une\/les-portails-de-slam-bilingue-et-multilingue-carrefours-dexpression-sans-frontieres\/#respond\"]}]},{\"@type\":\"WebPage\",\"@id\":\"https:\/\/slams.fr\/blog\/a-la-une\/les-portails-de-slam-bilingue-et-multilingue-carrefours-dexpression-sans-frontieres\/\",\"url\":\"https:\/\/slams.fr\/blog\/a-la-une\/les-portails-de-slam-bilingue-et-multilingue-carrefours-dexpression-sans-frontieres\/\",\"name\":\"Les portails de slam bilingue et multilingue\",\"isPartOf\":{\"@id\":\"https:\/\/slams.fr\/blog\/#website\"},\"primaryImageOfPage\":{\"@id\":\"https:\/\/slams.fr\/blog\/a-la-une\/les-portails-de-slam-bilingue-et-multilingue-carrefours-dexpression-sans-frontieres\/#primaryimage\"},\"image\":{\"@id\":\"https:\/\/slams.fr\/blog\/a-la-une\/les-portails-de-slam-bilingue-et-multilingue-carrefours-dexpression-sans-frontieres\/#primaryimage\"},\"thumbnailUrl\":\"https:\/\/slams.fr\/blog\/wp-content\/uploads\/2025\/07\/sdxl-f8f8c062801e5d7fb57e283bacf443f4-scaled.png\",\"datePublished\":\"2025-06-14T20:38:46+00:00\",\"description\":\"L\u2019alternance entre deux, voire plusieurs langues, fa\u00e7onne dans le slam des formes po\u00e9tiques singuli\u00e8res o\u00f9 la diversit\u00e9 linguistique se mue en ressource\",\"inLanguage\":\"fr-FR\",\"potentialAction\":[{\"@type\":\"ReadAction\",\"target\":[\"https:\/\/slams.fr\/blog\/a-la-une\/les-portails-de-slam-bilingue-et-multilingue-carrefours-dexpression-sans-frontieres\/\"]}]},{\"@type\":\"ImageObject\",\"inLanguage\":\"fr-FR\",\"@id\":\"https:\/\/slams.fr\/blog\/a-la-une\/les-portails-de-slam-bilingue-et-multilingue-carrefours-dexpression-sans-frontieres\/#primaryimage\",\"url\":\"https:\/\/slams.fr\/blog\/wp-content\/uploads\/2025\/07\/sdxl-f8f8c062801e5d7fb57e283bacf443f4-scaled.png\",\"contentUrl\":\"https:\/\/slams.fr\/blog\/wp-content\/uploads\/2025\/07\/sdxl-f8f8c062801e5d7fb57e283bacf443f4-scaled.png\",\"width\":1200,\"height\":500},{\"@type\":\"WebSite\",\"@id\":\"https:\/\/slams.fr\/blog\/#website\",\"url\":\"https:\/\/slams.fr\/blog\/\",\"name\":\"slams.fr\",\"description\":\"Slams, l&#039;\u00e9nergie des mots en action\",\"publisher\":{\"@id\":\"https:\/\/slams.fr\/blog\/#organization\"},\"alternateName\":\"Slams, l'\u00e9nergie des mots en action\",\"potentialAction\":[{\"@type\":\"SearchAction\",\"target\":{\"@type\":\"EntryPoint\",\"urlTemplate\":\"https:\/\/slams.fr\/blog\/?s={search_term_string}\"},\"query-input\":{\"@type\":\"PropertyValueSpecification\",\"valueRequired\":true,\"valueName\":\"search_term_string\"}}],\"inLanguage\":\"fr-FR\"},{\"@type\":\"Organization\",\"@id\":\"https:\/\/slams.fr\/blog\/#organization\",\"name\":\"Foretsensations.fr\",\"url\":\"https:\/\/slams.fr\/blog\/\",\"logo\":{\"@type\":\"ImageObject\",\"inLanguage\":\"fr-FR\",\"@id\":\"https:\/\/slams.fr\/blog\/#\/schema\/logo\/image\/\",\"url\":\"https:\/\/slams.fr\/blog\/wp-content\/uploads\/2026\/07\/logo-auto-1.png\",\"contentUrl\":\"https:\/\/slams.fr\/blog\/wp-content\/uploads\/2026\/07\/logo-auto-1.png\",\"width\":1024,\"height\":1024,\"caption\":\"Foretsensations.fr\"},\"image\":{\"@id\":\"https:\/\/slams.fr\/blog\/#\/schema\/logo\/image\/\"}},{\"@type\":\"Person\",\"@id\":\"https:\/\/slams.fr\/blog\/#\/schema\/person\/3c864cdc320801e3db34b663e7e3f816\",\"name\":\"Rapha\u00ebl D.\",\"image\":{\"@type\":\"ImageObject\",\"inLanguage\":\"fr-FR\",\"@id\":\"https:\/\/slams.fr\/blog\/#\/schema\/person\/image\/\",\"url\":\"https:\/\/slams.fr\/blog\/wp-content\/uploads\/2026\/06\/persona_raphael-d-96x96.jpg\",\"contentUrl\":\"https:\/\/slams.fr\/blog\/wp-content\/uploads\/2026\/06\/persona_raphael-d-96x96.jpg\",\"caption\":\"Rapha\u00ebl D.\"},\"description\":\"La culture est mon terrain de jeu depuis une dizaine d'ann\u00e9es : arts visuels, s\u00e9ries, cr\u00e9ation et tout ce qui nourrit l'imaginaire. J'\u00e9cris aussi bien sur l'actualit\u00e9 des \u0153uvres que sur les coulisses de la cr\u00e9ation, avec l'envie de relier l'amateur curieux \u00e0 des univers parfois jug\u00e9s intimidants. J'aime analyser une s\u00e9rie ou une d\u00e9marche artistique sans p\u00e9dantisme, replacer une \u0153uvre dans son contexte et donner des cl\u00e9s de lecture accessibles. Avant de publier, je v\u00e9rifie mes r\u00e9f\u00e9rences, je recoupe les sources et je distingue clairement le fait de mon interpr\u00e9tation subjective. Je crois qu'une critique vaut surtout par les arguments qu'elle expose, pas par la sentence qu'elle rend. Mon angle : transmettre l'envie de d\u00e9couvrir, de regarder autrement et de se forger son propre go\u00fbt. La culture n'appartient pas qu'aux initi\u00e9s, et c'est tout l'enjeu de mon \u00e9criture.\",\"url\":\"https:\/\/slams.fr\/blog\/auteur\/raphael-d\/\",\"jobTitle\":\"R\u00e9dacteur en chef \u00b7 Culture & Cr\u00e9ation\",\"knowsAbout\":[\"Culture\",\"Cr\u00e9ation\"],\"email\":\"raphael.d@a-l-asso-de-l-art.fr\"}]}<\/script>\n<!-- \/ Yoast SEO Premium plugin. -->","yoast_head_json":{"title":"Les portails de slam bilingue et multilingue","description":"L\u2019alternance entre deux, voire plusieurs langues, fa\u00e7onne dans le slam des formes po\u00e9tiques singuli\u00e8res o\u00f9 la diversit\u00e9 linguistique se mue en ressource","robots":{"index":"index","follow":"follow","max-snippet":"max-snippet:-1","max-image-preview":"max-image-preview:large","max-video-preview":"max-video-preview:-1"},"canonical":"https:\/\/slams.fr\/blog\/a-la-une\/les-portails-de-slam-bilingue-et-multilingue-carrefours-dexpression-sans-frontieres\/","og_locale":"fr_FR","og_type":"article","og_title":"Les portails de slam bilingue et multilingue","og_description":"L\u2019alternance entre deux, voire plusieurs langues, fa\u00e7onne dans le slam des formes po\u00e9tiques singuli\u00e8res o\u00f9 la diversit\u00e9 linguistique se mue en ressource","og_url":"https:\/\/slams.fr\/blog\/a-la-une\/les-portails-de-slam-bilingue-et-multilingue-carrefours-dexpression-sans-frontieres\/","og_site_name":"slams","og_image":[{"width":1200,"height":500,"url":"https:\/\/slams.fr\/blog\/wp-content\/uploads\/2025\/07\/sdxl-f8f8c062801e5d7fb57e283bacf443f4-scaled.png","type":"image\/png"}],"author":"Rapha\u00ebl D.","twitter_card":"summary_large_image","schema":{"@context":"https:\/\/schema.org","@graph":[{"@type":"NewsArticle","@id":"https:\/\/slams.fr\/blog\/a-la-une\/les-portails-de-slam-bilingue-et-multilingue-carrefours-dexpression-sans-frontieres\/#article","isPartOf":{"@id":"https:\/\/slams.fr\/blog\/a-la-une\/les-portails-de-slam-bilingue-et-multilingue-carrefours-dexpression-sans-frontieres\/"},"author":{"name":"Rapha\u00ebl D.","@id":"https:\/\/slams.fr\/blog\/#\/schema\/person\/3c864cdc320801e3db34b663e7e3f816"},"headline":"Les portails de slam bilingue et multilingue : carrefours d\u2019expression sans fronti\u00e8res","datePublished":"2025-06-14T20:38:46+00:00","mainEntityOfPage":{"@id":"https:\/\/slams.fr\/blog\/a-la-une\/les-portails-de-slam-bilingue-et-multilingue-carrefours-dexpression-sans-frontieres\/"},"wordCount":1497,"commentCount":0,"publisher":{"@id":"https:\/\/slams.fr\/blog\/#organization"},"image":{"@id":"https:\/\/slams.fr\/blog\/a-la-une\/les-portails-de-slam-bilingue-et-multilingue-carrefours-dexpression-sans-frontieres\/#primaryimage"},"thumbnailUrl":"https:\/\/slams.fr\/blog\/wp-content\/uploads\/2025\/07\/sdxl-f8f8c062801e5d7fb57e283bacf443f4-scaled.png","keywords":["bilinguisme","multilingue","slam poesie"],"articleSection":["\u00c0 la une"],"inLanguage":"fr-FR","potentialAction":[{"@type":"CommentAction","name":"Comment","target":["https:\/\/slams.fr\/blog\/a-la-une\/les-portails-de-slam-bilingue-et-multilingue-carrefours-dexpression-sans-frontieres\/#respond"]}]},{"@type":"WebPage","@id":"https:\/\/slams.fr\/blog\/a-la-une\/les-portails-de-slam-bilingue-et-multilingue-carrefours-dexpression-sans-frontieres\/","url":"https:\/\/slams.fr\/blog\/a-la-une\/les-portails-de-slam-bilingue-et-multilingue-carrefours-dexpression-sans-frontieres\/","name":"Les portails de slam bilingue et multilingue","isPartOf":{"@id":"https:\/\/slams.fr\/blog\/#website"},"primaryImageOfPage":{"@id":"https:\/\/slams.fr\/blog\/a-la-une\/les-portails-de-slam-bilingue-et-multilingue-carrefours-dexpression-sans-frontieres\/#primaryimage"},"image":{"@id":"https:\/\/slams.fr\/blog\/a-la-une\/les-portails-de-slam-bilingue-et-multilingue-carrefours-dexpression-sans-frontieres\/#primaryimage"},"thumbnailUrl":"https:\/\/slams.fr\/blog\/wp-content\/uploads\/2025\/07\/sdxl-f8f8c062801e5d7fb57e283bacf443f4-scaled.png","datePublished":"2025-06-14T20:38:46+00:00","description":"L\u2019alternance entre deux, voire plusieurs langues, fa\u00e7onne dans le slam des formes po\u00e9tiques singuli\u00e8res o\u00f9 la diversit\u00e9 linguistique se mue en ressource","inLanguage":"fr-FR","potentialAction":[{"@type":"ReadAction","target":["https:\/\/slams.fr\/blog\/a-la-une\/les-portails-de-slam-bilingue-et-multilingue-carrefours-dexpression-sans-frontieres\/"]}]},{"@type":"ImageObject","inLanguage":"fr-FR","@id":"https:\/\/slams.fr\/blog\/a-la-une\/les-portails-de-slam-bilingue-et-multilingue-carrefours-dexpression-sans-frontieres\/#primaryimage","url":"https:\/\/slams.fr\/blog\/wp-content\/uploads\/2025\/07\/sdxl-f8f8c062801e5d7fb57e283bacf443f4-scaled.png","contentUrl":"https:\/\/slams.fr\/blog\/wp-content\/uploads\/2025\/07\/sdxl-f8f8c062801e5d7fb57e283bacf443f4-scaled.png","width":1200,"height":500},{"@type":"WebSite","@id":"https:\/\/slams.fr\/blog\/#website","url":"https:\/\/slams.fr\/blog\/","name":"slams.fr","description":"Slams, l&#039;\u00e9nergie des mots en action","publisher":{"@id":"https:\/\/slams.fr\/blog\/#organization"},"alternateName":"Slams, l'\u00e9nergie des mots en action","potentialAction":[{"@type":"SearchAction","target":{"@type":"EntryPoint","urlTemplate":"https:\/\/slams.fr\/blog\/?s={search_term_string}"},"query-input":{"@type":"PropertyValueSpecification","valueRequired":true,"valueName":"search_term_string"}}],"inLanguage":"fr-FR"},{"@type":"Organization","@id":"https:\/\/slams.fr\/blog\/#organization","name":"Foretsensations.fr","url":"https:\/\/slams.fr\/blog\/","logo":{"@type":"ImageObject","inLanguage":"fr-FR","@id":"https:\/\/slams.fr\/blog\/#\/schema\/logo\/image\/","url":"https:\/\/slams.fr\/blog\/wp-content\/uploads\/2026\/07\/logo-auto-1.png","contentUrl":"https:\/\/slams.fr\/blog\/wp-content\/uploads\/2026\/07\/logo-auto-1.png","width":1024,"height":1024,"caption":"Foretsensations.fr"},"image":{"@id":"https:\/\/slams.fr\/blog\/#\/schema\/logo\/image\/"}},{"@type":"Person","@id":"https:\/\/slams.fr\/blog\/#\/schema\/person\/3c864cdc320801e3db34b663e7e3f816","name":"Rapha\u00ebl D.","image":{"@type":"ImageObject","inLanguage":"fr-FR","@id":"https:\/\/slams.fr\/blog\/#\/schema\/person\/image\/","url":"https:\/\/slams.fr\/blog\/wp-content\/uploads\/2026\/06\/persona_raphael-d-96x96.jpg","contentUrl":"https:\/\/slams.fr\/blog\/wp-content\/uploads\/2026\/06\/persona_raphael-d-96x96.jpg","caption":"Rapha\u00ebl D."},"description":"La culture est mon terrain de jeu depuis une dizaine d'ann\u00e9es : arts visuels, s\u00e9ries, cr\u00e9ation et tout ce qui nourrit l'imaginaire. J'\u00e9cris aussi bien sur l'actualit\u00e9 des \u0153uvres que sur les coulisses de la cr\u00e9ation, avec l'envie de relier l'amateur curieux \u00e0 des univers parfois jug\u00e9s intimidants. J'aime analyser une s\u00e9rie ou une d\u00e9marche artistique sans p\u00e9dantisme, replacer une \u0153uvre dans son contexte et donner des cl\u00e9s de lecture accessibles. Avant de publier, je v\u00e9rifie mes r\u00e9f\u00e9rences, je recoupe les sources et je distingue clairement le fait de mon interpr\u00e9tation subjective. Je crois qu'une critique vaut surtout par les arguments qu'elle expose, pas par la sentence qu'elle rend. Mon angle : transmettre l'envie de d\u00e9couvrir, de regarder autrement et de se forger son propre go\u00fbt. La culture n'appartient pas qu'aux initi\u00e9s, et c'est tout l'enjeu de mon \u00e9criture.","url":"https:\/\/slams.fr\/blog\/auteur\/raphael-d\/","jobTitle":"R\u00e9dacteur en chef \u00b7 Culture & Cr\u00e9ation","knowsAbout":["Culture","Cr\u00e9ation"],"email":"raphael.d@a-l-asso-de-l-art.fr"}]}},"_links":{"self":[{"href":"https:\/\/slams.fr\/blog\/wp-json\/wp\/v2\/posts\/7535","targetHints":{"allow":["GET"]}}],"collection":[{"href":"https:\/\/slams.fr\/blog\/wp-json\/wp\/v2\/posts"}],"about":[{"href":"https:\/\/slams.fr\/blog\/wp-json\/wp\/v2\/types\/post"}],"author":[{"embeddable":true,"href":"https:\/\/slams.fr\/blog\/wp-json\/wp\/v2\/users\/34"}],"replies":[{"embeddable":true,"href":"https:\/\/slams.fr\/blog\/wp-json\/wp\/v2\/comments?post=7535"}],"version-history":[{"count":0,"href":"https:\/\/slams.fr\/blog\/wp-json\/wp\/v2\/posts\/7535\/revisions"}],"wp:featuredmedia":[{"embeddable":true,"href":"https:\/\/slams.fr\/blog\/wp-json\/wp\/v2\/media\/7573"}],"wp:attachment":[{"href":"https:\/\/slams.fr\/blog\/wp-json\/wp\/v2\/media?parent=7535"}],"wp:term":[{"taxonomy":"category","embeddable":true,"href":"https:\/\/slams.fr\/blog\/wp-json\/wp\/v2\/categories?post=7535"},{"taxonomy":"post_tag","embeddable":true,"href":"https:\/\/slams.fr\/blog\/wp-json\/wp\/v2\/tags?post=7535"}],"curies":[{"name":"wp","href":"https:\/\/api.w.org\/{rel}","templated":true}]}}