{"id":7538,"date":"2025-06-14T22:39:31","date_gmt":"2025-06-14T20:39:31","guid":{"rendered":"https:\/\/slams.fr\/blog\/a-la-une\/les-portails-de-slam-bilingue-et-multilingue-catalyseurs-de-creativite-sans-frontieres\/"},"modified":"2025-06-14T22:39:31","modified_gmt":"2025-06-14T20:39:31","slug":"les-portails-de-slam-bilingue-et-multilingue-catalyseurs-de-creativite-sans-frontieres","status":"publish","type":"post","link":"https:\/\/slams.fr\/blog\/a-la-une\/les-portails-de-slam-bilingue-et-multilingue-catalyseurs-de-creativite-sans-frontieres\/","title":{"rendered":"Les portails de slam bilingue et multilingue : catalyseurs de cr\u00e9ativit\u00e9 sans fronti\u00e8res"},"content":{"rendered":"<h1>Les portails de slam bilingue et multilingue : catalyseurs de cr\u00e9ativit\u00e9 sans fronti\u00e8res<\/h1>\n<h2>D\u00e9finir le slam plurilingue : entre hybridit\u00e9 linguistique et identit\u00e9 sc\u00e9nique<\/h2>\n<p>Le <strong>slam plurilingue<\/strong> incarne une <u>pratique artistique<\/u> o\u00f9 l\u2019<strong>alternance codique<\/strong> \u2014 soit le passage d\u00e9lib\u00e9r\u00e9 d\u2019une langue \u00e0 l\u2019autre au sein d\u2019un m\u00eame texte, d\u2019une m\u00eame performance \u2014 devient un vecteur de cr\u00e9ation et d\u2019affirmation identitaire. Cette hybridit\u00e9 linguistique d\u00e9passe la simple traduction\u202f: elle consiste \u00e0 <u>fusionner des r\u00e9pertoires culturels<\/u>, \u00e0 m\u00e9tisser les sonorit\u00e9s, les rythmes et les imaginaires des langues en pr\u00e9sence.<\/p>\n<p>Ce ph\u00e9nom\u00e8ne s\u2019observe, par exemple, lors de festivals tels que <strong>Urban Poetry \u00e0 Montr\u00e9al<\/strong>, o\u00f9 des artistes comme Queen KA ou Samian alternent entre fran\u00e7ais, anglais et langues autochtones, donnant naissance \u00e0 des performances qui refl\u00e8tent la r\u00e9alit\u00e9 polyphonique des soci\u00e9t\u00e9s urbaines contemporaines. Sur la plateforme <strong>SlamFind<\/strong>, on retrouve des vid\u00e9os de slameurs du monde entier qui entrem\u00ealent espagnol et arabe, ou encore wolof et fran\u00e7ais, r\u00e9v\u00e9lant toute la vitalit\u00e9 du plurilinguisme sc\u00e9nique.<\/p>\n<ul>\n<li><strong>L\u2019alternance des langues<\/strong> insuffle une \u00e9nergie neuve, cr\u00e9ant des effets de surprise et de dialogue au sein du texte.<\/li>\n<li>La <u>cohabitation linguistique<\/u> permet aux slameurs de revendiquer leur histoire, leur appartenance \u00e0 des communaut\u00e9s distinctes ou multiples.<\/li>\n<li>Le <strong>slam plurilingue<\/strong> interroge les normes et conventions du genre, contribuant \u00e0 renouveler l\u2019esth\u00e9tique de la po\u00e9sie orale contemporaine.<\/li>\n<\/ul>\n<p>En articulant plusieurs langues sur sc\u00e8ne, les artistes forgent des identit\u00e9s transversales, o\u00f9 chaque idiome porte une part de sens, de m\u00e9moire et de r\u00e9volte. Cette dynamique fait du <strong>slam plurilingue<\/strong> un espace de r\u00e9sistance face \u00e0 l\u2019uniformisation culturelle, mais aussi un lieu d\u2019invention permanente, o\u00f9 la langue devient instrument de transformation et de partage.<\/p>\n<h2>R\u00f4le des portails num\u00e9riques dans la diffusion du slam bilingue et multilingue<\/h2>\n<p>L\u2019av\u00e8nement des <strong>plateformes num\u00e9riques d\u00e9di\u00e9es au slam multilingue<\/strong> a r\u00e9volutionn\u00e9 les modes de diffusion et de collaboration entre artistes. Des portails comme <strong>Button Poetry<\/strong>, <strong>SlamFind<\/strong> ou le site <strong>Slam Po\u00e9sie<\/strong> permettent \u00e0 des slameuses et slameurs de publier des textes, des vid\u00e9os et des cr\u00e9ations sonores en plusieurs langues, g\u00e9n\u00e9rant un <u>espace d\u2019\u00e9changes transnationaux<\/u> o\u00f9 la barri\u00e8re linguistique s\u2019efface devant la puissance du verbe.<\/p>\n<p>Le fonctionnement de ces plateformes est fond\u00e9 sur une logique participative\u202f: chacun peut soumettre ses \u0153uvres, interagir par commentaires, rejoindre des ateliers virtuels ou participer \u00e0 des comp\u00e9titions internationales. L\u2019accessibilit\u00e9 accrue offerte par ces outils a eu pour effet de d\u00e9mocratiser l\u2019expression po\u00e9tique, tout en favorisant l\u2019\u00e9mergence de r\u00e9seaux collaboratifs qui s\u2019affranchissent des contraintes g\u00e9ographiques.<\/p>\n<ul>\n<li>La <strong>traduction collaborative<\/strong> y est fr\u00e9quente\u202f: sur <strong>The Poetry Translation Centre<\/strong>, des textes sont traduits collectivement, cr\u00e9ant ainsi des passerelles entre des langues rarement associ\u00e9es sur sc\u00e8ne.<\/li>\n<li>Les plateformes proposent souvent des sous-titres multilingues ou des versions audiovisuelles adapt\u00e9es pour un public international.<\/li>\n<li>Des collaborations entre artistes issus de pays diff\u00e9rents \u00e9mergent, donnant lieu \u00e0 des cr\u00e9ations biculturelles, voire triculturelles.<\/li>\n<\/ul>\n<p>L\u2019utilisation de ces portails permet au <strong>slam multilingue<\/strong> d\u2019atteindre de nouvelles audiences, de sensibiliser \u00e0 la richesse des idiomes minoritaires, et de f\u00e9d\u00e9rer une communaut\u00e9 d\u2019artistes qui revendiquent la pluralit\u00e9 comme valeur fondatrice.<\/p>\n<h2>L&rsquo;apport p\u00e9dagogique des espaces slam en plusieurs langues<\/h2>\n<p>Les <strong>espaces p\u00e9dagogiques d\u00e9di\u00e9s au slam plurilingue<\/strong> occupent une place croissante dans le champ de l\u2019\u00e9ducation et de la m\u00e9diation linguistique. En organisant <u>ateliers d\u2019\u00e9criture et de performance multilingues<\/u>, des structures comme <strong>La Ligue Slam de France<\/strong>, <strong>Urban Word NYC<\/strong> ou <strong>Poetry in Voice\/Les voix de la po\u00e9sie<\/strong> offrent aux participants la possibilit\u00e9 d\u2019exp\u00e9rimenter l\u2019alternance des langues pour construire un r\u00e9cit personnel et collectif.<\/p>\n<p>Ces dispositifs p\u00e9dagogiques misent sur la <strong>cr\u00e9ativit\u00e9 langagi\u00e8re<\/strong> comme outil d\u2019acquisition ou de consolidation des comp\u00e9tences linguistiques, tout en donnant une valeur expressive au bilinguisme et au multilinguisme. Des exp\u00e9riences men\u00e9es en Suisse romande ou \u00e0 Bruxelles ont d\u00e9montr\u00e9 l\u2019efficacit\u00e9 de cette d\u00e9marche\u202f: des \u00e9l\u00e8ves issus de milieux plurilingues cr\u00e9ent des \u00ab cartes postales sonores \u00bb adress\u00e9es \u00e0 leur pays d\u2019origine, oscillant entre la langue familiale et celle de l\u2019\u00e9cole, ce qui favorise une meilleure conscience des sp\u00e9cificit\u00e9s de chaque code linguistique.<\/p>\n<ul>\n<li>Les <u>ateliers de slam bilingue ou multilingue<\/u> favorisent l\u2019int\u00e9gration des nouveaux arrivants, leur permettant d\u2019exprimer leur v\u00e9cu sans renoncer \u00e0 leur langue maternelle.<\/li>\n<li>La pratique du slam encourage l\u2019<strong>\u00e9mancipation linguistique<\/strong>, notamment chez les jeunes confront\u00e9s \u00e0 des situations de diglossie ou de discrimination.<\/li>\n<li>Les ressources p\u00e9dagogiques \u2014 guides, vid\u00e9os, lexiques \u2014 renforcent le sentiment d\u2019appartenance \u00e0 des identit\u00e9s complexes et mouvantes.<\/li>\n<\/ul>\n<p>Nous constatons que le <strong>slam plurilingue<\/strong> s\u2019impose comme un levier d\u2019\u00e9veil culturel, d\u2019ouverture sur le monde et d\u2019<strong>apprentissage exp\u00e9rientiel<\/strong>, valorisant la diversit\u00e9 comme ressource et non comme obstacle.<\/p>\n<h2>Slam multilingue et inclusion : donner la parole \u00e0 toutes les voix<\/h2>\n<p>Les <strong>portails de slam multilingue<\/strong> jouent un r\u00f4le de <u>vecteur d\u2019inclusion sociale<\/u> en donnant acc\u00e8s \u00e0 la parole po\u00e9tique \u00e0 des communaut\u00e9s souvent sous-repr\u00e9sent\u00e9es dans les espaces culturels institutionnels. Sur des plateformes comme <strong>Open Mic Africa<\/strong> ou <strong>Slam Out Loud<\/strong> en Inde, des slameurs issus de zones rurales, de minorit\u00e9s linguistiques ou de diasporas s\u2019emparent de la sc\u00e8ne pour \u00e9voquer leur quotidien, leur langue, leur r\u00e9sistance.<\/p>\n<p>La multiplicit\u00e9 des langues et des registres conf\u00e8re \u00e0 ces portails une fonction d\u00e9mocratique\u202f: ils brisent la logique d\u2019homog\u00e9n\u00e9isation, rendent visible la richesse des trajectoires, et permettent un dialogue entre les marges et le centre. L\u2019initiative <strong>Slam Contre l\u2019Exclusion<\/strong> en Belgique, qui propose des ateliers en quatre langues (fran\u00e7ais, n\u00e9erlandais, arabe, turc), a d\u00e9montr\u00e9 sa capacit\u00e9 \u00e0 f\u00e9d\u00e9rer des jeunes aux origines diverses autour de th\u00e9matiques telles que l\u2019exil, la m\u00e9moire ou la lutte contre les discriminations.<\/p>\n<ul>\n<li>Ces plateformes accueillent des contenus traduits, sous-titr\u00e9s ou interpr\u00e9t\u00e9s en temps r\u00e9el, garantissant une \u00e9coute \u00e9quitable de chaque r\u00e9cit.<\/li>\n<li>Le <u>slam plurilingue<\/u> devient un moyen de lutter contre l\u2019effacement des langues minoritaires ou menac\u00e9es, en leur offrant un espace de valorisation.<\/li>\n<li>L\u2019accessibilit\u00e9 renforc\u00e9e des portails num\u00e9riques ouvre la sc\u00e8ne \u00e0 celles et ceux qui n\u2019y auraient jamais eu acc\u00e8s autrement.<\/li>\n<\/ul>\n<p>Nous saluons la capacit\u00e9 du slam multilingue \u00e0 amplifier la diversit\u00e9 des voix et \u00e0 transformer l\u2019espace num\u00e9rique en agora vivante, o\u00f9 la pluralit\u00e9 linguistique est un moteur d\u2019empowerment collectif.<\/p>\n<h2>Innovations et futurs possibles : vers une sc\u00e8ne mondiale interconnect\u00e9e<\/h2>\n<p>L\u2019\u00e9volution rapide des technologies bouleverse les pratiques du <strong>slam plurilingue<\/strong> et annonce de nouvelles opportunit\u00e9s de cr\u00e9ation. L\u2019int\u00e9gration de <u>traduction instantan\u00e9e<\/u> lors des performances en direct, l\u2019apparition de <strong>sous-titres interactifs<\/strong> sur Youtube ou Instagram, ainsi que les avanc\u00e9es en <strong>intelligence artificielle<\/strong> \u2014 capables de g\u00e9n\u00e9rer des transcriptions multilingues fid\u00e8les \u00e0 la prosodie du slam \u2014 ouvrent des perspectives in\u00e9dites pour la circulation des textes et la compr\u00e9hension mutuelle.<\/p>\n<p>Les plateformes exp\u00e9rimentent d\u00e9j\u00e0 des dispositifs immersifs\u202f: lors du <strong>Festival Mundial de Slam<\/strong> de 2024, les spectateurs pouvaient choisir la langue de leur sous-titre via une interface mobile, favorisant une exp\u00e9rience personnalis\u00e9e et inclusive. L\u2019usage de l\u2019IA dans la d\u00e9tection automatique des changements de langue permet d\u2019adapter le sous-titrage en temps r\u00e9el, respectant ainsi la sp\u00e9cificit\u00e9 de l\u2019alternance codique.<\/p>\n<ul>\n<li>L\u2019essor des <strong>communaut\u00e9s virtuelles<\/strong> favorise la co-cr\u00e9ation de textes et de performances au-del\u00e0 des fuseaux horaires.<\/li>\n<li>Le recours \u00e0 des outils d\u2019analyse linguistique assist\u00e9e par IA am\u00e9liore la qualit\u00e9 des traductions et leur adaptation aux contextes culturels.<\/li>\n<li>Des portails tels que <strong>Polyglot Slam<\/strong> d\u00e9veloppent des archives interactives reliant performance, traduction, annotation et partage p\u00e9dagogique.<\/li>\n<\/ul>\n<p>Ces innovations dessinent les contours d\u2019une <u>sc\u00e8ne mondiale interconnect\u00e9e<\/u>, o\u00f9 la singularit\u00e9 de chaque langue nourrit la dynamique collective, abolissant les fronti\u00e8res du possible. Nous croyons que l\u2019avenir du slam bilingue et multilingue r\u00e9sidera dans sa capacit\u00e9 \u00e0 concilier exigence artistique, implication sociale et adaptabilit\u00e9 technique, faisant ainsi du plurilinguisme un vecteur privil\u00e9gi\u00e9 de la po\u00e9sie du XXI\u1d49 si\u00e8cle.<\/p>\n","protected":false},"excerpt":{"rendered":"","protected":false},"author":34,"featured_media":7571,"comment_status":"open","ping_status":"open","sticky":false,"template":"","format":"standard","meta":{"_acf_changed":false,"manual_indexmenow":false,"indexmenow_id_project":0,"footnotes":""},"categories":[1],"tags":[4714,4713,4712],"class_list":["post-7538","post","type-post","status-publish","format-standard","has-post-thumbnail","hentry","category-a-la-une","tag-crativit","tag-multilinguisme","tag-slam-posie","generate-columns","tablet-grid-50","mobile-grid-100","grid-parent","grid-25"],"acf":[],"yoast_head":"<!-- This site is optimized with the Yoast SEO Premium plugin v21.3 (Yoast SEO v26.5) - https:\/\/yoast.com\/wordpress\/plugins\/seo\/ -->\n<title>Portails de slam bilingue et multilingue cr\u00e9atifs<\/title>\n<meta name=\"description\" content=\"Le slam plurilingue incarne une pratique artistique o\u00f9 l\u2019alternance codique \u2014 soit le passage d\u00e9lib\u00e9r\u00e9 d\u2019une langue \u00e0 l\u2019autre au sein d\u2019un m\u00eame texte\" \/>\n<meta name=\"robots\" content=\"index, follow, max-snippet:-1, max-image-preview:large, max-video-preview:-1\" \/>\n<link rel=\"canonical\" href=\"https:\/\/slams.fr\/blog\/a-la-une\/les-portails-de-slam-bilingue-et-multilingue-catalyseurs-de-creativite-sans-frontieres\/\" \/>\n<meta property=\"og:locale\" content=\"fr_FR\" \/>\n<meta property=\"og:type\" content=\"article\" \/>\n<meta property=\"og:title\" content=\"Portails de slam bilingue et multilingue cr\u00e9atifs\" \/>\n<meta property=\"og:description\" content=\"Le slam plurilingue incarne une pratique artistique o\u00f9 l\u2019alternance codique \u2014 soit le passage d\u00e9lib\u00e9r\u00e9 d\u2019une langue \u00e0 l\u2019autre au sein d\u2019un m\u00eame texte\" \/>\n<meta property=\"og:url\" content=\"https:\/\/slams.fr\/blog\/a-la-une\/les-portails-de-slam-bilingue-et-multilingue-catalyseurs-de-creativite-sans-frontieres\/\" \/>\n<meta property=\"og:site_name\" content=\"slams\" \/>\n<meta property=\"og:image\" content=\"https:\/\/slams.fr\/blog\/wp-content\/uploads\/2025\/07\/sdxl-fa4e1b4267f62fae3ab40466f049b473-scaled.png\" \/>\n\t<meta property=\"og:image:width\" content=\"1200\" \/>\n\t<meta property=\"og:image:height\" content=\"500\" \/>\n\t<meta property=\"og:image:type\" content=\"image\/png\" \/>\n<meta name=\"author\" content=\"Rapha\u00ebl D.\" \/>\n<meta name=\"twitter:card\" content=\"summary_large_image\" \/>\n<script type=\"application\/ld+json\" class=\"yoast-schema-graph\">{\"@context\":\"https:\/\/schema.org\",\"@graph\":[{\"@type\":\"NewsArticle\",\"@id\":\"https:\/\/slams.fr\/blog\/a-la-une\/les-portails-de-slam-bilingue-et-multilingue-catalyseurs-de-creativite-sans-frontieres\/#article\",\"isPartOf\":{\"@id\":\"https:\/\/slams.fr\/blog\/a-la-une\/les-portails-de-slam-bilingue-et-multilingue-catalyseurs-de-creativite-sans-frontieres\/\"},\"author\":{\"name\":\"Rapha\u00ebl D.\",\"@id\":\"https:\/\/slams.fr\/blog\/#\/schema\/person\/3c864cdc320801e3db34b663e7e3f816\"},\"headline\":\"Les portails de slam bilingue et multilingue : catalyseurs de cr\u00e9ativit\u00e9 sans fronti\u00e8res\",\"datePublished\":\"2025-06-14T20:39:31+00:00\",\"mainEntityOfPage\":{\"@id\":\"https:\/\/slams.fr\/blog\/a-la-une\/les-portails-de-slam-bilingue-et-multilingue-catalyseurs-de-creativite-sans-frontieres\/\"},\"wordCount\":1422,\"commentCount\":0,\"publisher\":{\"@id\":\"https:\/\/slams.fr\/blog\/#organization\"},\"image\":{\"@id\":\"https:\/\/slams.fr\/blog\/a-la-une\/les-portails-de-slam-bilingue-et-multilingue-catalyseurs-de-creativite-sans-frontieres\/#primaryimage\"},\"thumbnailUrl\":\"https:\/\/slams.fr\/blog\/wp-content\/uploads\/2025\/07\/sdxl-fa4e1b4267f62fae3ab40466f049b473-scaled.png\",\"keywords\":[\"crativit\",\"multilinguisme\",\"slam posie\"],\"articleSection\":[\"\u00c0 la une\"],\"inLanguage\":\"fr-FR\",\"potentialAction\":[{\"@type\":\"CommentAction\",\"name\":\"Comment\",\"target\":[\"https:\/\/slams.fr\/blog\/a-la-une\/les-portails-de-slam-bilingue-et-multilingue-catalyseurs-de-creativite-sans-frontieres\/#respond\"]}]},{\"@type\":\"WebPage\",\"@id\":\"https:\/\/slams.fr\/blog\/a-la-une\/les-portails-de-slam-bilingue-et-multilingue-catalyseurs-de-creativite-sans-frontieres\/\",\"url\":\"https:\/\/slams.fr\/blog\/a-la-une\/les-portails-de-slam-bilingue-et-multilingue-catalyseurs-de-creativite-sans-frontieres\/\",\"name\":\"Portails de slam bilingue et multilingue cr\u00e9atifs\",\"isPartOf\":{\"@id\":\"https:\/\/slams.fr\/blog\/#website\"},\"primaryImageOfPage\":{\"@id\":\"https:\/\/slams.fr\/blog\/a-la-une\/les-portails-de-slam-bilingue-et-multilingue-catalyseurs-de-creativite-sans-frontieres\/#primaryimage\"},\"image\":{\"@id\":\"https:\/\/slams.fr\/blog\/a-la-une\/les-portails-de-slam-bilingue-et-multilingue-catalyseurs-de-creativite-sans-frontieres\/#primaryimage\"},\"thumbnailUrl\":\"https:\/\/slams.fr\/blog\/wp-content\/uploads\/2025\/07\/sdxl-fa4e1b4267f62fae3ab40466f049b473-scaled.png\",\"datePublished\":\"2025-06-14T20:39:31+00:00\",\"description\":\"Le slam plurilingue incarne une pratique artistique o\u00f9 l\u2019alternance codique \u2014 soit le passage d\u00e9lib\u00e9r\u00e9 d\u2019une langue \u00e0 l\u2019autre au sein d\u2019un m\u00eame texte\",\"inLanguage\":\"fr-FR\",\"potentialAction\":[{\"@type\":\"ReadAction\",\"target\":[\"https:\/\/slams.fr\/blog\/a-la-une\/les-portails-de-slam-bilingue-et-multilingue-catalyseurs-de-creativite-sans-frontieres\/\"]}]},{\"@type\":\"ImageObject\",\"inLanguage\":\"fr-FR\",\"@id\":\"https:\/\/slams.fr\/blog\/a-la-une\/les-portails-de-slam-bilingue-et-multilingue-catalyseurs-de-creativite-sans-frontieres\/#primaryimage\",\"url\":\"https:\/\/slams.fr\/blog\/wp-content\/uploads\/2025\/07\/sdxl-fa4e1b4267f62fae3ab40466f049b473-scaled.png\",\"contentUrl\":\"https:\/\/slams.fr\/blog\/wp-content\/uploads\/2025\/07\/sdxl-fa4e1b4267f62fae3ab40466f049b473-scaled.png\",\"width\":1200,\"height\":500},{\"@type\":\"WebSite\",\"@id\":\"https:\/\/slams.fr\/blog\/#website\",\"url\":\"https:\/\/slams.fr\/blog\/\",\"name\":\"slams.fr\",\"description\":\"Slams, l&#039;\u00e9nergie des mots en action\",\"publisher\":{\"@id\":\"https:\/\/slams.fr\/blog\/#organization\"},\"alternateName\":\"Slams, l'\u00e9nergie des mots en action\",\"potentialAction\":[{\"@type\":\"SearchAction\",\"target\":{\"@type\":\"EntryPoint\",\"urlTemplate\":\"https:\/\/slams.fr\/blog\/?s={search_term_string}\"},\"query-input\":{\"@type\":\"PropertyValueSpecification\",\"valueRequired\":true,\"valueName\":\"search_term_string\"}}],\"inLanguage\":\"fr-FR\"},{\"@type\":\"Organization\",\"@id\":\"https:\/\/slams.fr\/blog\/#organization\",\"name\":\"Foretsensations.fr\",\"url\":\"https:\/\/slams.fr\/blog\/\",\"logo\":{\"@type\":\"ImageObject\",\"inLanguage\":\"fr-FR\",\"@id\":\"https:\/\/slams.fr\/blog\/#\/schema\/logo\/image\/\",\"url\":\"https:\/\/slams.fr\/blog\/wp-content\/uploads\/2026\/07\/logo-auto-1.png\",\"contentUrl\":\"https:\/\/slams.fr\/blog\/wp-content\/uploads\/2026\/07\/logo-auto-1.png\",\"width\":1024,\"height\":1024,\"caption\":\"Foretsensations.fr\"},\"image\":{\"@id\":\"https:\/\/slams.fr\/blog\/#\/schema\/logo\/image\/\"}},{\"@type\":\"Person\",\"@id\":\"https:\/\/slams.fr\/blog\/#\/schema\/person\/3c864cdc320801e3db34b663e7e3f816\",\"name\":\"Rapha\u00ebl D.\",\"image\":{\"@type\":\"ImageObject\",\"inLanguage\":\"fr-FR\",\"@id\":\"https:\/\/slams.fr\/blog\/#\/schema\/person\/image\/\",\"url\":\"https:\/\/slams.fr\/blog\/wp-content\/uploads\/2026\/06\/persona_raphael-d-96x96.jpg\",\"contentUrl\":\"https:\/\/slams.fr\/blog\/wp-content\/uploads\/2026\/06\/persona_raphael-d-96x96.jpg\",\"caption\":\"Rapha\u00ebl D.\"},\"description\":\"La culture est mon terrain de jeu depuis une dizaine d'ann\u00e9es : arts visuels, s\u00e9ries, cr\u00e9ation et tout ce qui nourrit l'imaginaire. J'\u00e9cris aussi bien sur l'actualit\u00e9 des \u0153uvres que sur les coulisses de la cr\u00e9ation, avec l'envie de relier l'amateur curieux \u00e0 des univers parfois jug\u00e9s intimidants. J'aime analyser une s\u00e9rie ou une d\u00e9marche artistique sans p\u00e9dantisme, replacer une \u0153uvre dans son contexte et donner des cl\u00e9s de lecture accessibles. Avant de publier, je v\u00e9rifie mes r\u00e9f\u00e9rences, je recoupe les sources et je distingue clairement le fait de mon interpr\u00e9tation subjective. Je crois qu'une critique vaut surtout par les arguments qu'elle expose, pas par la sentence qu'elle rend. Mon angle : transmettre l'envie de d\u00e9couvrir, de regarder autrement et de se forger son propre go\u00fbt. La culture n'appartient pas qu'aux initi\u00e9s, et c'est tout l'enjeu de mon \u00e9criture.\",\"url\":\"https:\/\/slams.fr\/blog\/auteur\/raphael-d\/\",\"jobTitle\":\"R\u00e9dacteur en chef \u00b7 Culture & Cr\u00e9ation\",\"knowsAbout\":[\"Culture\",\"Cr\u00e9ation\"],\"email\":\"raphael.d@a-l-asso-de-l-art.fr\"}]}<\/script>\n<!-- \/ Yoast SEO Premium plugin. -->","yoast_head_json":{"title":"Portails de slam bilingue et multilingue cr\u00e9atifs","description":"Le slam plurilingue incarne une pratique artistique o\u00f9 l\u2019alternance codique \u2014 soit le passage d\u00e9lib\u00e9r\u00e9 d\u2019une langue \u00e0 l\u2019autre au sein d\u2019un m\u00eame texte","robots":{"index":"index","follow":"follow","max-snippet":"max-snippet:-1","max-image-preview":"max-image-preview:large","max-video-preview":"max-video-preview:-1"},"canonical":"https:\/\/slams.fr\/blog\/a-la-une\/les-portails-de-slam-bilingue-et-multilingue-catalyseurs-de-creativite-sans-frontieres\/","og_locale":"fr_FR","og_type":"article","og_title":"Portails de slam bilingue et multilingue cr\u00e9atifs","og_description":"Le slam plurilingue incarne une pratique artistique o\u00f9 l\u2019alternance codique \u2014 soit le passage d\u00e9lib\u00e9r\u00e9 d\u2019une langue \u00e0 l\u2019autre au sein d\u2019un m\u00eame texte","og_url":"https:\/\/slams.fr\/blog\/a-la-une\/les-portails-de-slam-bilingue-et-multilingue-catalyseurs-de-creativite-sans-frontieres\/","og_site_name":"slams","og_image":[{"width":1200,"height":500,"url":"https:\/\/slams.fr\/blog\/wp-content\/uploads\/2025\/07\/sdxl-fa4e1b4267f62fae3ab40466f049b473-scaled.png","type":"image\/png"}],"author":"Rapha\u00ebl D.","twitter_card":"summary_large_image","schema":{"@context":"https:\/\/schema.org","@graph":[{"@type":"NewsArticle","@id":"https:\/\/slams.fr\/blog\/a-la-une\/les-portails-de-slam-bilingue-et-multilingue-catalyseurs-de-creativite-sans-frontieres\/#article","isPartOf":{"@id":"https:\/\/slams.fr\/blog\/a-la-une\/les-portails-de-slam-bilingue-et-multilingue-catalyseurs-de-creativite-sans-frontieres\/"},"author":{"name":"Rapha\u00ebl D.","@id":"https:\/\/slams.fr\/blog\/#\/schema\/person\/3c864cdc320801e3db34b663e7e3f816"},"headline":"Les portails de slam bilingue et multilingue : catalyseurs de cr\u00e9ativit\u00e9 sans fronti\u00e8res","datePublished":"2025-06-14T20:39:31+00:00","mainEntityOfPage":{"@id":"https:\/\/slams.fr\/blog\/a-la-une\/les-portails-de-slam-bilingue-et-multilingue-catalyseurs-de-creativite-sans-frontieres\/"},"wordCount":1422,"commentCount":0,"publisher":{"@id":"https:\/\/slams.fr\/blog\/#organization"},"image":{"@id":"https:\/\/slams.fr\/blog\/a-la-une\/les-portails-de-slam-bilingue-et-multilingue-catalyseurs-de-creativite-sans-frontieres\/#primaryimage"},"thumbnailUrl":"https:\/\/slams.fr\/blog\/wp-content\/uploads\/2025\/07\/sdxl-fa4e1b4267f62fae3ab40466f049b473-scaled.png","keywords":["crativit","multilinguisme","slam posie"],"articleSection":["\u00c0 la une"],"inLanguage":"fr-FR","potentialAction":[{"@type":"CommentAction","name":"Comment","target":["https:\/\/slams.fr\/blog\/a-la-une\/les-portails-de-slam-bilingue-et-multilingue-catalyseurs-de-creativite-sans-frontieres\/#respond"]}]},{"@type":"WebPage","@id":"https:\/\/slams.fr\/blog\/a-la-une\/les-portails-de-slam-bilingue-et-multilingue-catalyseurs-de-creativite-sans-frontieres\/","url":"https:\/\/slams.fr\/blog\/a-la-une\/les-portails-de-slam-bilingue-et-multilingue-catalyseurs-de-creativite-sans-frontieres\/","name":"Portails de slam bilingue et multilingue cr\u00e9atifs","isPartOf":{"@id":"https:\/\/slams.fr\/blog\/#website"},"primaryImageOfPage":{"@id":"https:\/\/slams.fr\/blog\/a-la-une\/les-portails-de-slam-bilingue-et-multilingue-catalyseurs-de-creativite-sans-frontieres\/#primaryimage"},"image":{"@id":"https:\/\/slams.fr\/blog\/a-la-une\/les-portails-de-slam-bilingue-et-multilingue-catalyseurs-de-creativite-sans-frontieres\/#primaryimage"},"thumbnailUrl":"https:\/\/slams.fr\/blog\/wp-content\/uploads\/2025\/07\/sdxl-fa4e1b4267f62fae3ab40466f049b473-scaled.png","datePublished":"2025-06-14T20:39:31+00:00","description":"Le slam plurilingue incarne une pratique artistique o\u00f9 l\u2019alternance codique \u2014 soit le passage d\u00e9lib\u00e9r\u00e9 d\u2019une langue \u00e0 l\u2019autre au sein d\u2019un m\u00eame texte","inLanguage":"fr-FR","potentialAction":[{"@type":"ReadAction","target":["https:\/\/slams.fr\/blog\/a-la-une\/les-portails-de-slam-bilingue-et-multilingue-catalyseurs-de-creativite-sans-frontieres\/"]}]},{"@type":"ImageObject","inLanguage":"fr-FR","@id":"https:\/\/slams.fr\/blog\/a-la-une\/les-portails-de-slam-bilingue-et-multilingue-catalyseurs-de-creativite-sans-frontieres\/#primaryimage","url":"https:\/\/slams.fr\/blog\/wp-content\/uploads\/2025\/07\/sdxl-fa4e1b4267f62fae3ab40466f049b473-scaled.png","contentUrl":"https:\/\/slams.fr\/blog\/wp-content\/uploads\/2025\/07\/sdxl-fa4e1b4267f62fae3ab40466f049b473-scaled.png","width":1200,"height":500},{"@type":"WebSite","@id":"https:\/\/slams.fr\/blog\/#website","url":"https:\/\/slams.fr\/blog\/","name":"slams.fr","description":"Slams, l&#039;\u00e9nergie des mots en action","publisher":{"@id":"https:\/\/slams.fr\/blog\/#organization"},"alternateName":"Slams, l'\u00e9nergie des mots en action","potentialAction":[{"@type":"SearchAction","target":{"@type":"EntryPoint","urlTemplate":"https:\/\/slams.fr\/blog\/?s={search_term_string}"},"query-input":{"@type":"PropertyValueSpecification","valueRequired":true,"valueName":"search_term_string"}}],"inLanguage":"fr-FR"},{"@type":"Organization","@id":"https:\/\/slams.fr\/blog\/#organization","name":"Foretsensations.fr","url":"https:\/\/slams.fr\/blog\/","logo":{"@type":"ImageObject","inLanguage":"fr-FR","@id":"https:\/\/slams.fr\/blog\/#\/schema\/logo\/image\/","url":"https:\/\/slams.fr\/blog\/wp-content\/uploads\/2026\/07\/logo-auto-1.png","contentUrl":"https:\/\/slams.fr\/blog\/wp-content\/uploads\/2026\/07\/logo-auto-1.png","width":1024,"height":1024,"caption":"Foretsensations.fr"},"image":{"@id":"https:\/\/slams.fr\/blog\/#\/schema\/logo\/image\/"}},{"@type":"Person","@id":"https:\/\/slams.fr\/blog\/#\/schema\/person\/3c864cdc320801e3db34b663e7e3f816","name":"Rapha\u00ebl D.","image":{"@type":"ImageObject","inLanguage":"fr-FR","@id":"https:\/\/slams.fr\/blog\/#\/schema\/person\/image\/","url":"https:\/\/slams.fr\/blog\/wp-content\/uploads\/2026\/06\/persona_raphael-d-96x96.jpg","contentUrl":"https:\/\/slams.fr\/blog\/wp-content\/uploads\/2026\/06\/persona_raphael-d-96x96.jpg","caption":"Rapha\u00ebl D."},"description":"La culture est mon terrain de jeu depuis une dizaine d'ann\u00e9es : arts visuels, s\u00e9ries, cr\u00e9ation et tout ce qui nourrit l'imaginaire. J'\u00e9cris aussi bien sur l'actualit\u00e9 des \u0153uvres que sur les coulisses de la cr\u00e9ation, avec l'envie de relier l'amateur curieux \u00e0 des univers parfois jug\u00e9s intimidants. J'aime analyser une s\u00e9rie ou une d\u00e9marche artistique sans p\u00e9dantisme, replacer une \u0153uvre dans son contexte et donner des cl\u00e9s de lecture accessibles. Avant de publier, je v\u00e9rifie mes r\u00e9f\u00e9rences, je recoupe les sources et je distingue clairement le fait de mon interpr\u00e9tation subjective. Je crois qu'une critique vaut surtout par les arguments qu'elle expose, pas par la sentence qu'elle rend. Mon angle : transmettre l'envie de d\u00e9couvrir, de regarder autrement et de se forger son propre go\u00fbt. La culture n'appartient pas qu'aux initi\u00e9s, et c'est tout l'enjeu de mon \u00e9criture.","url":"https:\/\/slams.fr\/blog\/auteur\/raphael-d\/","jobTitle":"R\u00e9dacteur en chef \u00b7 Culture & Cr\u00e9ation","knowsAbout":["Culture","Cr\u00e9ation"],"email":"raphael.d@a-l-asso-de-l-art.fr"}]}},"_links":{"self":[{"href":"https:\/\/slams.fr\/blog\/wp-json\/wp\/v2\/posts\/7538","targetHints":{"allow":["GET"]}}],"collection":[{"href":"https:\/\/slams.fr\/blog\/wp-json\/wp\/v2\/posts"}],"about":[{"href":"https:\/\/slams.fr\/blog\/wp-json\/wp\/v2\/types\/post"}],"author":[{"embeddable":true,"href":"https:\/\/slams.fr\/blog\/wp-json\/wp\/v2\/users\/34"}],"replies":[{"embeddable":true,"href":"https:\/\/slams.fr\/blog\/wp-json\/wp\/v2\/comments?post=7538"}],"version-history":[{"count":0,"href":"https:\/\/slams.fr\/blog\/wp-json\/wp\/v2\/posts\/7538\/revisions"}],"wp:featuredmedia":[{"embeddable":true,"href":"https:\/\/slams.fr\/blog\/wp-json\/wp\/v2\/media\/7571"}],"wp:attachment":[{"href":"https:\/\/slams.fr\/blog\/wp-json\/wp\/v2\/media?parent=7538"}],"wp:term":[{"taxonomy":"category","embeddable":true,"href":"https:\/\/slams.fr\/blog\/wp-json\/wp\/v2\/categories?post=7538"},{"taxonomy":"post_tag","embeddable":true,"href":"https:\/\/slams.fr\/blog\/wp-json\/wp\/v2\/tags?post=7538"}],"curies":[{"name":"wp","href":"https:\/\/api.w.org\/{rel}","templated":true}]}}