{"id":7540,"date":"2025-06-14T22:39:59","date_gmt":"2025-06-14T20:39:59","guid":{"rendered":"https:\/\/slams.fr\/blog\/a-la-une\/references-incontournables-du-slam-pour-dynamiser-lapprentissage-du-francais\/"},"modified":"2025-06-14T22:39:59","modified_gmt":"2025-06-14T20:39:59","slug":"references-incontournables-du-slam-pour-dynamiser-lapprentissage-du-francais","status":"publish","type":"post","link":"https:\/\/slams.fr\/blog\/a-la-une\/references-incontournables-du-slam-pour-dynamiser-lapprentissage-du-francais\/","title":{"rendered":"R\u00e9f\u00e9rences incontournables du slam pour dynamiser l&rsquo;apprentissage du fran\u00e7ais"},"content":{"rendered":"<h1>R\u00e9f\u00e9rences incontournables du slam pour dynamiser l&rsquo;apprentissage du fran\u00e7ais<\/h1>\n<h2>Figures majeures du slam francophone et leur impact p\u00e9dagogique<\/h2>\n<p>\n    Le <strong>slam francophone<\/strong> tire sa richesse de personnalit\u00e9s artistiques dont l\u2019engagement et la cr\u00e9ativit\u00e9 ouvrent de nouveaux horizons p\u00e9dagogiques. <strong>Grand Corps Malade<\/strong>, ic\u00f4ne incontournable, a su populariser le slam tout en conservant une authenticit\u00e9 rare\u202f: ses textes, tels que <u>\u00ab\u202fMidi 20\u202f\u00bb<\/u> ou <u>\u00ab\u202fRom\u00e9o kiffe Juliette\u202f\u00bb<\/u>, abordent des sujets de soci\u00e9t\u00e9, l\u2019amour ou encore l\u2019inclusion scolaire. Son style, marqu\u00e9 par une scansion ma\u00eetris\u00e9e et des images po\u00e9tiques fortes, offre aux apprenants une mati\u00e8re id\u00e9ale pour explorer la richesse du fran\u00e7ais oral et \u00e9crit.\n  <\/p>\n<p>\n    <strong>Am\u00e9lie Pr\u00e9vost<\/strong>, laur\u00e9ate de la Coupe mondiale de slam en 2016, propose une vision r\u00e9solument moderne\u202f: ses performances, marqu\u00e9es par un travail subtil sur les jeux de mots et les \u00e9motions, suscitent l\u2019identification et favorisent l\u2019expression personnelle. D\u2019autres voix, telles qu\u2019<strong>Amber O\u2019Reilly<\/strong>, contribuent \u00e0 renouveler les th\u00e9matiques du slam, mettant en avant les questions d\u2019identit\u00e9, de diversit\u00e9 culturelle et d\u2019\u00e9galit\u00e9. Ces artistes deviennent de v\u00e9ritables r\u00e9f\u00e9rences p\u00e9dagogiques car ils offrent\u202f:<\/p>\n<ul>\n<li>des textes adapt\u00e9s \u00e0 la <strong>pratique de l\u2019oral<\/strong> et \u00e0 l\u2019analyse stylistique<\/li>\n<li>des supports pour aborder l\u2019<strong>engagement citoyen<\/strong> et social en classe<\/li>\n<li>une ouverture vers la <strong>cr\u00e9ativit\u00e9 individuelle<\/strong> des apprenants<\/li>\n<\/ul>\n<p>    Leur contribution ne se limite pas \u00e0 l\u2019inspiration\u202f: ils incarnent l\u2019audace et la libert\u00e9 d\u2019expression, ouvrant la voie \u00e0 une p\u00e9dagogie vivante et inclusive.\n  <\/p>\n<h2>Activit\u00e9s de slam : ateliers, recueils et espaces d\u2019expression en classe de FLE<\/h2>\n<p>\n    L\u2019int\u00e9gration du <strong>slam dans le cadre \u00e9ducatif<\/strong> transforme la classe en un lieu d\u2019exp\u00e9rimentation o\u00f9 l\u2019<strong>\u00e9criture<\/strong> et l\u2019<strong>oralit\u00e9<\/strong> se rencontrent. De nombreux enseignants mettent en place des cycles d\u2019ateliers qui associent temps d\u2019<u>\u00e9chauffement<\/u> corporel et vocal, phases d\u2019\u00e9criture individuelle ou collaborative, puis restitution orale en collectif. Les retours issus d\u2019exp\u00e9riences men\u00e9es dans des \u00e9tablissements secondaires ou au sein d\u2019associations montrent que ces ateliers favorisent\u202f:<\/p>\n<ul>\n<li>la <strong>prise de parole<\/strong> et la r\u00e9duction de l\u2019anxi\u00e9t\u00e9 li\u00e9e \u00e0 l\u2019expression en public<\/li>\n<li>l\u2019<strong>am\u00e9lioration de la confiance<\/strong> en soi et de l\u2019autonomie langagi\u00e8re<\/li>\n<li>le d\u00e9veloppement d\u2019une <strong>comp\u00e9tence r\u00e9flexive<\/strong> sur la langue<\/li>\n<\/ul>\n<p>    En 2024, le projet \u00ab Slam \u00e0 l\u2019\u00e9cole \u00bb a ainsi permis la publication de recueils regroupant les textes des \u00e9l\u00e8ves, valorisant leur investissement et cr\u00e9ant des archives vivantes pour de futurs apprenants.\n  <\/p>\n<p>\n    Les ateliers de slam d\u00e9passent la simple production textuelle\u202f: ils instaurent un espace de <strong>coconstruction<\/strong> entre <u>\u00e9crit<\/u> et <u>oral<\/u>, favorisant une p\u00e9dagogie active o\u00f9 chaque \u00e9l\u00e8ve devient acteur de son apprentissage. Le recours \u00e0 des supports vari\u00e9s (vid\u00e9os de performances, recueils de textes, s\u00e9ances de jeux vocaux) facilite l\u2019engagement et cr\u00e9e un climat de bienveillance incontournable pour lib\u00e9rer la parole.\n  <\/p>\n<h2>Analyse stylistique&nbsp;: jeux de mots, rythmes et musicalit\u00e9 au service du vocabulaire<\/h2>\n<p>\n    Le <strong>travail stylistique<\/strong> constitue l\u2019essence m\u00eame du slam. Les slameurs francophones excellent dans l\u2019usage de proc\u00e9d\u00e9s tels que l\u2019<u>allit\u00e9ration<\/u>, l\u2019<u>assonance<\/u>, la <strong>rime riche<\/strong> et la <strong>scansion<\/strong>. Ces outils, loin d\u2019\u00eatre de simples ornements po\u00e9tiques, fonctionnent comme de formidables leviers d\u2019enrichissement lexical et d\u2019am\u00e9lioration de la prononciation. Ainsi, un texte de Grand Corps Malade va multiplier les jeux de sonorit\u00e9s pour souligner un ressenti ou une id\u00e9e, tandis que les productions d\u2019Am\u00e9lie Pr\u00e9vost invitent \u00e0 la cr\u00e9ativit\u00e9 syntaxique et \u00e0 l\u2019invention n\u00e9ologique.\n  <\/p>\n<p>\n    Les enseignants qui int\u00e8grent l\u2019analyse du rythme et des structures po\u00e9tiques constatent que\u202f:<\/p>\n<ul>\n<li>les <strong>jeux de mots<\/strong> stimulent la curiosit\u00e9 linguistique et la m\u00e9morisation du vocabulaire<\/li>\n<li>l\u2019attention port\u00e9e \u00e0 la <strong>musicalit\u00e9<\/strong> des phrases transforme l\u2019apprentissage phon\u00e9tique<\/li>\n<li>la <strong>d\u00e9couverte des variantes rythmiques<\/strong> permet une sensibilisation fine aux accents et \u00e0 l\u2019intonation<\/li>\n<\/ul>\n<p>    Ce travail stylistique d\u00e9veloppe chez les apprenants une r\u00e9elle capacit\u00e9 \u00e0 jouer avec la langue, \u00e0 comprendre ses subtilit\u00e9s et \u00e0 s\u2019approprier la dimension expressive du fran\u00e7ais.\n  <\/p>\n<h2>Ressources et recueils contemporains de slam pour l\u2019enseignement du fran\u00e7ais<\/h2>\n<p>\n    Tirer profit de l\u2019essor du slam suppose de s\u2019appuyer sur des <strong>ressources actualis\u00e9es<\/strong> et accessibles. De nombreux ouvrages parus entre 2022 et 2025 regroupent des textes adapt\u00e9s \u00e0 une utilisation p\u00e9dagogique, avec des niveaux gradu\u00e9s, des th\u00e9matiques vari\u00e9es (identit\u00e9, environnement urbain, \u00e9galit\u00e9, inclusion) et des conseils pour l\u2019accompagnement en classe. Les plateformes sp\u00e9cialis\u00e9es proposent aussi l\u2019\u00e9coute de performances originales, enrichies de commentaires analytiques et d\u2019outils de compr\u00e9hension orale.\n  <\/p>\n<p>\n    Pour constituer une base solide, il est recommand\u00e9 aux enseignants de diversifier leurs supports\u202f:<\/p>\n<ul>\n<li>recueils comme <strong>\u00ab Slam et po\u00e9sie \u00e0 l\u2019\u00e9cole \u00bb<\/strong>, \u00e9dit\u00e9 en 2023, regroupant des textes contemporains analys\u00e9s<\/li>\n<li>s\u00e9lections th\u00e9matiques sur le site de la <strong>Semaine de la langue fran\u00e7aise et de la francophonie<\/strong><\/li>\n<li>vid\u00e9oth\u00e8ques p\u00e9dagogiques, telles que celles de la <strong>F\u00e9d\u00e9ration internationale des professeurs de fran\u00e7ais<\/strong>, proposant des performances film\u00e9es avec fiches d\u2019exploitation<\/li>\n<\/ul>\n<p>    Ces ressources permettent une adaptation \u00e0 diff\u00e9rents publics, du coll\u00e8ge au lyc\u00e9e, mais aussi en formation adulte ou en ateliers associatifs, assurant une diversit\u00e9 et une richesse dans les approches et les activit\u00e9s propos\u00e9es.\n  <\/p>\n<h2>Cr\u00e9er un projet slam&nbsp;: \u00e9tapes, conseils et \u00e9cueils \u00e0 \u00e9viter en contexte \u00e9ducatif<\/h2>\n<p>\n    Structurer un <strong>projet slam<\/strong> en classe requiert m\u00e9thode et anticipation. Il convient de planifier des s\u00e9quences claires\u202f: introduction aux codes du slam, exploration d\u2019\u0153uvres r\u00e9f\u00e9renc\u00e9es, initiation \u00e0 l\u2019\u00e9criture individuelle puis collective, restitution orale avec captation vid\u00e9o \u00e9ventuelle. Une attention particuli\u00e8re doit \u00eatre port\u00e9e au choix des th\u00e8mes, qui doivent faire sens pour le groupe et encourager la prise de parole personnelle.\n  <\/p>\n<p>\n    L\u2019exp\u00e9rience montre que les projets les plus aboutis respectent un certain nombre d\u2019\u00e9tapes cl\u00e9s\u202f:<\/p>\n<ul>\n<li><strong>pr\u00e9sentation<\/strong> du genre slam, de ses valeurs et de ses r\u00e8gles<\/li>\n<li>temps d\u2019<strong>\u00e9chauffement corporel et vocal<\/strong> pour lib\u00e9rer l\u2019expression<\/li>\n<li>ateliers d\u2019<strong>\u00e9criture guid\u00e9e<\/strong> avec soutien m\u00e9thodologique<\/li>\n<li>performances orales devant un public bienveillant<\/li>\n<li>retour r\u00e9flexif et valorisation via un recueil collectif ou une captation audiovisuelle<\/li>\n<\/ul>\n<p>    Les principaux \u00e9cueils \u00e0 \u00e9viter concernent la gestion de l\u2019h\u00e9t\u00e9rog\u00e9n\u00e9it\u00e9 des niveaux linguistiques, la r\u00e9sistance de certains apprenants \u00e0 l\u2019expression orale, ou la tentation de survaloriser la \u00ab performance \u00bb au d\u00e9triment du cheminement personnel. Adapter la d\u00e9marche, valoriser chacun, garantir un cadre s\u00e9curisant et encourager la prise de risque artistique constituent autant de points de vigilance cruciaux pour assurer le succ\u00e8s du projet.\n  <\/p>\n<p>\n    L\u2019<strong>accompagnement par un intervenant ext\u00e9rieur<\/strong> ou un artiste slameur, la co-animation avec d\u2019autres disciplines (musique, th\u00e9\u00e2tre, histoire) et l\u2019ouverture sur la sc\u00e8ne locale sont des leviers puissants pour enrichir la dynamique de groupe et favoriser l\u2019\u00e9mergence de talents insoup\u00e7onn\u00e9s. Nous recommandons de toujours ancrer l\u2019activit\u00e9 dans une perspective de progression \u00e0 long terme, o\u00f9 chaque cr\u00e9ation individuelle alimente un projet collectif f\u00e9d\u00e9rateur.\n  <\/p>\n","protected":false},"excerpt":{"rendered":"","protected":false},"author":34,"featured_media":7634,"comment_status":"open","ping_status":"open","sticky":false,"template":"","format":"standard","meta":{"_acf_changed":false,"manual_indexmenow":false,"indexmenow_id_project":0,"footnotes":""},"categories":[1],"tags":[4718,4719,4526],"class_list":["post-7540","post","type-post","status-publish","format-standard","has-post-thumbnail","hentry","category-a-la-une","tag-apprentissage-francais","tag-references","tag-slam","generate-columns","tablet-grid-50","mobile-grid-100","grid-parent","grid-25"],"acf":[],"yoast_head":"<!-- This site is optimized with the Yoast SEO Premium plugin v21.3 (Yoast SEO v26.5) - https:\/\/yoast.com\/wordpress\/plugins\/seo\/ -->\n<title>Le slam pour dynamiser l&#039;apprentissage du fran\u00e7ais<\/title>\n<meta name=\"description\" content=\"Le slam francophone tire sa richesse de personnalit\u00e9s artistiques dont l\u2019engagement et la cr\u00e9ativit\u00e9 ouvrent de nouveaux horizons p\u00e9dagogiques.\" \/>\n<meta name=\"robots\" content=\"index, follow, max-snippet:-1, max-image-preview:large, max-video-preview:-1\" \/>\n<link rel=\"canonical\" href=\"https:\/\/slams.fr\/blog\/a-la-une\/references-incontournables-du-slam-pour-dynamiser-lapprentissage-du-francais\/\" \/>\n<meta property=\"og:locale\" content=\"fr_FR\" \/>\n<meta property=\"og:type\" content=\"article\" \/>\n<meta property=\"og:title\" content=\"Le slam pour dynamiser l&#039;apprentissage du fran\u00e7ais\" \/>\n<meta property=\"og:description\" content=\"Le slam francophone tire sa richesse de personnalit\u00e9s artistiques dont l\u2019engagement et la cr\u00e9ativit\u00e9 ouvrent de nouveaux horizons p\u00e9dagogiques.\" \/>\n<meta property=\"og:url\" content=\"https:\/\/slams.fr\/blog\/a-la-une\/references-incontournables-du-slam-pour-dynamiser-lapprentissage-du-francais\/\" \/>\n<meta property=\"og:site_name\" content=\"slams\" \/>\n<meta property=\"og:image\" content=\"https:\/\/slams.fr\/blog\/wp-content\/uploads\/2025\/07\/sdxl-29c14398002170ea90a7d77a648bed50-scaled.png\" \/>\n\t<meta property=\"og:image:width\" content=\"1200\" \/>\n\t<meta property=\"og:image:height\" content=\"500\" \/>\n\t<meta property=\"og:image:type\" content=\"image\/png\" \/>\n<meta name=\"author\" content=\"Rapha\u00ebl D.\" \/>\n<meta name=\"twitter:card\" content=\"summary_large_image\" \/>\n<script type=\"application\/ld+json\" class=\"yoast-schema-graph\">{\"@context\":\"https:\/\/schema.org\",\"@graph\":[{\"@type\":\"NewsArticle\",\"@id\":\"https:\/\/slams.fr\/blog\/a-la-une\/references-incontournables-du-slam-pour-dynamiser-lapprentissage-du-francais\/#article\",\"isPartOf\":{\"@id\":\"https:\/\/slams.fr\/blog\/a-la-une\/references-incontournables-du-slam-pour-dynamiser-lapprentissage-du-francais\/\"},\"author\":{\"name\":\"Rapha\u00ebl D.\",\"@id\":\"https:\/\/slams.fr\/blog\/#\/schema\/person\/3c864cdc320801e3db34b663e7e3f816\"},\"headline\":\"R\u00e9f\u00e9rences incontournables du slam pour dynamiser l&rsquo;apprentissage du fran\u00e7ais\",\"datePublished\":\"2025-06-14T20:39:59+00:00\",\"mainEntityOfPage\":{\"@id\":\"https:\/\/slams.fr\/blog\/a-la-une\/references-incontournables-du-slam-pour-dynamiser-lapprentissage-du-francais\/\"},\"wordCount\":1217,\"commentCount\":0,\"publisher\":{\"@id\":\"https:\/\/slams.fr\/blog\/#organization\"},\"image\":{\"@id\":\"https:\/\/slams.fr\/blog\/a-la-une\/references-incontournables-du-slam-pour-dynamiser-lapprentissage-du-francais\/#primaryimage\"},\"thumbnailUrl\":\"https:\/\/slams.fr\/blog\/wp-content\/uploads\/2025\/07\/sdxl-29c14398002170ea90a7d77a648bed50-scaled.png\",\"keywords\":[\"apprentissage francais\",\"references\",\"Slam\"],\"articleSection\":[\"\u00c0 la une\"],\"inLanguage\":\"fr-FR\",\"potentialAction\":[{\"@type\":\"CommentAction\",\"name\":\"Comment\",\"target\":[\"https:\/\/slams.fr\/blog\/a-la-une\/references-incontournables-du-slam-pour-dynamiser-lapprentissage-du-francais\/#respond\"]}]},{\"@type\":\"WebPage\",\"@id\":\"https:\/\/slams.fr\/blog\/a-la-une\/references-incontournables-du-slam-pour-dynamiser-lapprentissage-du-francais\/\",\"url\":\"https:\/\/slams.fr\/blog\/a-la-une\/references-incontournables-du-slam-pour-dynamiser-lapprentissage-du-francais\/\",\"name\":\"Le slam pour dynamiser l'apprentissage du fran\u00e7ais\",\"isPartOf\":{\"@id\":\"https:\/\/slams.fr\/blog\/#website\"},\"primaryImageOfPage\":{\"@id\":\"https:\/\/slams.fr\/blog\/a-la-une\/references-incontournables-du-slam-pour-dynamiser-lapprentissage-du-francais\/#primaryimage\"},\"image\":{\"@id\":\"https:\/\/slams.fr\/blog\/a-la-une\/references-incontournables-du-slam-pour-dynamiser-lapprentissage-du-francais\/#primaryimage\"},\"thumbnailUrl\":\"https:\/\/slams.fr\/blog\/wp-content\/uploads\/2025\/07\/sdxl-29c14398002170ea90a7d77a648bed50-scaled.png\",\"datePublished\":\"2025-06-14T20:39:59+00:00\",\"description\":\"Le slam francophone tire sa richesse de personnalit\u00e9s artistiques dont l\u2019engagement et la cr\u00e9ativit\u00e9 ouvrent de nouveaux horizons p\u00e9dagogiques.\",\"inLanguage\":\"fr-FR\",\"potentialAction\":[{\"@type\":\"ReadAction\",\"target\":[\"https:\/\/slams.fr\/blog\/a-la-une\/references-incontournables-du-slam-pour-dynamiser-lapprentissage-du-francais\/\"]}]},{\"@type\":\"ImageObject\",\"inLanguage\":\"fr-FR\",\"@id\":\"https:\/\/slams.fr\/blog\/a-la-une\/references-incontournables-du-slam-pour-dynamiser-lapprentissage-du-francais\/#primaryimage\",\"url\":\"https:\/\/slams.fr\/blog\/wp-content\/uploads\/2025\/07\/sdxl-29c14398002170ea90a7d77a648bed50-scaled.png\",\"contentUrl\":\"https:\/\/slams.fr\/blog\/wp-content\/uploads\/2025\/07\/sdxl-29c14398002170ea90a7d77a648bed50-scaled.png\",\"width\":1200,\"height\":500},{\"@type\":\"WebSite\",\"@id\":\"https:\/\/slams.fr\/blog\/#website\",\"url\":\"https:\/\/slams.fr\/blog\/\",\"name\":\"slams.fr\",\"description\":\"Slams, l&#039;\u00e9nergie des mots en action\",\"publisher\":{\"@id\":\"https:\/\/slams.fr\/blog\/#organization\"},\"alternateName\":\"Slams, l'\u00e9nergie des mots en action\",\"potentialAction\":[{\"@type\":\"SearchAction\",\"target\":{\"@type\":\"EntryPoint\",\"urlTemplate\":\"https:\/\/slams.fr\/blog\/?s={search_term_string}\"},\"query-input\":{\"@type\":\"PropertyValueSpecification\",\"valueRequired\":true,\"valueName\":\"search_term_string\"}}],\"inLanguage\":\"fr-FR\"},{\"@type\":\"Organization\",\"@id\":\"https:\/\/slams.fr\/blog\/#organization\",\"name\":\"Foretsensations.fr\",\"url\":\"https:\/\/slams.fr\/blog\/\",\"logo\":{\"@type\":\"ImageObject\",\"inLanguage\":\"fr-FR\",\"@id\":\"https:\/\/slams.fr\/blog\/#\/schema\/logo\/image\/\",\"url\":\"https:\/\/slams.fr\/blog\/wp-content\/uploads\/2026\/07\/logo-auto-1.png\",\"contentUrl\":\"https:\/\/slams.fr\/blog\/wp-content\/uploads\/2026\/07\/logo-auto-1.png\",\"width\":1024,\"height\":1024,\"caption\":\"Foretsensations.fr\"},\"image\":{\"@id\":\"https:\/\/slams.fr\/blog\/#\/schema\/logo\/image\/\"}},{\"@type\":\"Person\",\"@id\":\"https:\/\/slams.fr\/blog\/#\/schema\/person\/3c864cdc320801e3db34b663e7e3f816\",\"name\":\"Rapha\u00ebl D.\",\"image\":{\"@type\":\"ImageObject\",\"inLanguage\":\"fr-FR\",\"@id\":\"https:\/\/slams.fr\/blog\/#\/schema\/person\/image\/\",\"url\":\"https:\/\/slams.fr\/blog\/wp-content\/uploads\/2026\/06\/persona_raphael-d-96x96.jpg\",\"contentUrl\":\"https:\/\/slams.fr\/blog\/wp-content\/uploads\/2026\/06\/persona_raphael-d-96x96.jpg\",\"caption\":\"Rapha\u00ebl D.\"},\"description\":\"La culture est mon terrain de jeu depuis une dizaine d'ann\u00e9es : arts visuels, s\u00e9ries, cr\u00e9ation et tout ce qui nourrit l'imaginaire. J'\u00e9cris aussi bien sur l'actualit\u00e9 des \u0153uvres que sur les coulisses de la cr\u00e9ation, avec l'envie de relier l'amateur curieux \u00e0 des univers parfois jug\u00e9s intimidants. J'aime analyser une s\u00e9rie ou une d\u00e9marche artistique sans p\u00e9dantisme, replacer une \u0153uvre dans son contexte et donner des cl\u00e9s de lecture accessibles. Avant de publier, je v\u00e9rifie mes r\u00e9f\u00e9rences, je recoupe les sources et je distingue clairement le fait de mon interpr\u00e9tation subjective. Je crois qu'une critique vaut surtout par les arguments qu'elle expose, pas par la sentence qu'elle rend. Mon angle : transmettre l'envie de d\u00e9couvrir, de regarder autrement et de se forger son propre go\u00fbt. La culture n'appartient pas qu'aux initi\u00e9s, et c'est tout l'enjeu de mon \u00e9criture.\",\"url\":\"https:\/\/slams.fr\/blog\/auteur\/raphael-d\/\",\"jobTitle\":\"R\u00e9dacteur en chef \u00b7 Culture & Cr\u00e9ation\",\"knowsAbout\":[\"Culture\",\"Cr\u00e9ation\"],\"email\":\"raphael.d@a-l-asso-de-l-art.fr\"}]}<\/script>\n<!-- \/ Yoast SEO Premium plugin. -->","yoast_head_json":{"title":"Le slam pour dynamiser l'apprentissage du fran\u00e7ais","description":"Le slam francophone tire sa richesse de personnalit\u00e9s artistiques dont l\u2019engagement et la cr\u00e9ativit\u00e9 ouvrent de nouveaux horizons p\u00e9dagogiques.","robots":{"index":"index","follow":"follow","max-snippet":"max-snippet:-1","max-image-preview":"max-image-preview:large","max-video-preview":"max-video-preview:-1"},"canonical":"https:\/\/slams.fr\/blog\/a-la-une\/references-incontournables-du-slam-pour-dynamiser-lapprentissage-du-francais\/","og_locale":"fr_FR","og_type":"article","og_title":"Le slam pour dynamiser l'apprentissage du fran\u00e7ais","og_description":"Le slam francophone tire sa richesse de personnalit\u00e9s artistiques dont l\u2019engagement et la cr\u00e9ativit\u00e9 ouvrent de nouveaux horizons p\u00e9dagogiques.","og_url":"https:\/\/slams.fr\/blog\/a-la-une\/references-incontournables-du-slam-pour-dynamiser-lapprentissage-du-francais\/","og_site_name":"slams","og_image":[{"width":1200,"height":500,"url":"https:\/\/slams.fr\/blog\/wp-content\/uploads\/2025\/07\/sdxl-29c14398002170ea90a7d77a648bed50-scaled.png","type":"image\/png"}],"author":"Rapha\u00ebl D.","twitter_card":"summary_large_image","schema":{"@context":"https:\/\/schema.org","@graph":[{"@type":"NewsArticle","@id":"https:\/\/slams.fr\/blog\/a-la-une\/references-incontournables-du-slam-pour-dynamiser-lapprentissage-du-francais\/#article","isPartOf":{"@id":"https:\/\/slams.fr\/blog\/a-la-une\/references-incontournables-du-slam-pour-dynamiser-lapprentissage-du-francais\/"},"author":{"name":"Rapha\u00ebl D.","@id":"https:\/\/slams.fr\/blog\/#\/schema\/person\/3c864cdc320801e3db34b663e7e3f816"},"headline":"R\u00e9f\u00e9rences incontournables du slam pour dynamiser l&rsquo;apprentissage du fran\u00e7ais","datePublished":"2025-06-14T20:39:59+00:00","mainEntityOfPage":{"@id":"https:\/\/slams.fr\/blog\/a-la-une\/references-incontournables-du-slam-pour-dynamiser-lapprentissage-du-francais\/"},"wordCount":1217,"commentCount":0,"publisher":{"@id":"https:\/\/slams.fr\/blog\/#organization"},"image":{"@id":"https:\/\/slams.fr\/blog\/a-la-une\/references-incontournables-du-slam-pour-dynamiser-lapprentissage-du-francais\/#primaryimage"},"thumbnailUrl":"https:\/\/slams.fr\/blog\/wp-content\/uploads\/2025\/07\/sdxl-29c14398002170ea90a7d77a648bed50-scaled.png","keywords":["apprentissage francais","references","Slam"],"articleSection":["\u00c0 la une"],"inLanguage":"fr-FR","potentialAction":[{"@type":"CommentAction","name":"Comment","target":["https:\/\/slams.fr\/blog\/a-la-une\/references-incontournables-du-slam-pour-dynamiser-lapprentissage-du-francais\/#respond"]}]},{"@type":"WebPage","@id":"https:\/\/slams.fr\/blog\/a-la-une\/references-incontournables-du-slam-pour-dynamiser-lapprentissage-du-francais\/","url":"https:\/\/slams.fr\/blog\/a-la-une\/references-incontournables-du-slam-pour-dynamiser-lapprentissage-du-francais\/","name":"Le slam pour dynamiser l'apprentissage du fran\u00e7ais","isPartOf":{"@id":"https:\/\/slams.fr\/blog\/#website"},"primaryImageOfPage":{"@id":"https:\/\/slams.fr\/blog\/a-la-une\/references-incontournables-du-slam-pour-dynamiser-lapprentissage-du-francais\/#primaryimage"},"image":{"@id":"https:\/\/slams.fr\/blog\/a-la-une\/references-incontournables-du-slam-pour-dynamiser-lapprentissage-du-francais\/#primaryimage"},"thumbnailUrl":"https:\/\/slams.fr\/blog\/wp-content\/uploads\/2025\/07\/sdxl-29c14398002170ea90a7d77a648bed50-scaled.png","datePublished":"2025-06-14T20:39:59+00:00","description":"Le slam francophone tire sa richesse de personnalit\u00e9s artistiques dont l\u2019engagement et la cr\u00e9ativit\u00e9 ouvrent de nouveaux horizons p\u00e9dagogiques.","inLanguage":"fr-FR","potentialAction":[{"@type":"ReadAction","target":["https:\/\/slams.fr\/blog\/a-la-une\/references-incontournables-du-slam-pour-dynamiser-lapprentissage-du-francais\/"]}]},{"@type":"ImageObject","inLanguage":"fr-FR","@id":"https:\/\/slams.fr\/blog\/a-la-une\/references-incontournables-du-slam-pour-dynamiser-lapprentissage-du-francais\/#primaryimage","url":"https:\/\/slams.fr\/blog\/wp-content\/uploads\/2025\/07\/sdxl-29c14398002170ea90a7d77a648bed50-scaled.png","contentUrl":"https:\/\/slams.fr\/blog\/wp-content\/uploads\/2025\/07\/sdxl-29c14398002170ea90a7d77a648bed50-scaled.png","width":1200,"height":500},{"@type":"WebSite","@id":"https:\/\/slams.fr\/blog\/#website","url":"https:\/\/slams.fr\/blog\/","name":"slams.fr","description":"Slams, l&#039;\u00e9nergie des mots en action","publisher":{"@id":"https:\/\/slams.fr\/blog\/#organization"},"alternateName":"Slams, l'\u00e9nergie des mots en action","potentialAction":[{"@type":"SearchAction","target":{"@type":"EntryPoint","urlTemplate":"https:\/\/slams.fr\/blog\/?s={search_term_string}"},"query-input":{"@type":"PropertyValueSpecification","valueRequired":true,"valueName":"search_term_string"}}],"inLanguage":"fr-FR"},{"@type":"Organization","@id":"https:\/\/slams.fr\/blog\/#organization","name":"Foretsensations.fr","url":"https:\/\/slams.fr\/blog\/","logo":{"@type":"ImageObject","inLanguage":"fr-FR","@id":"https:\/\/slams.fr\/blog\/#\/schema\/logo\/image\/","url":"https:\/\/slams.fr\/blog\/wp-content\/uploads\/2026\/07\/logo-auto-1.png","contentUrl":"https:\/\/slams.fr\/blog\/wp-content\/uploads\/2026\/07\/logo-auto-1.png","width":1024,"height":1024,"caption":"Foretsensations.fr"},"image":{"@id":"https:\/\/slams.fr\/blog\/#\/schema\/logo\/image\/"}},{"@type":"Person","@id":"https:\/\/slams.fr\/blog\/#\/schema\/person\/3c864cdc320801e3db34b663e7e3f816","name":"Rapha\u00ebl D.","image":{"@type":"ImageObject","inLanguage":"fr-FR","@id":"https:\/\/slams.fr\/blog\/#\/schema\/person\/image\/","url":"https:\/\/slams.fr\/blog\/wp-content\/uploads\/2026\/06\/persona_raphael-d-96x96.jpg","contentUrl":"https:\/\/slams.fr\/blog\/wp-content\/uploads\/2026\/06\/persona_raphael-d-96x96.jpg","caption":"Rapha\u00ebl D."},"description":"La culture est mon terrain de jeu depuis une dizaine d'ann\u00e9es : arts visuels, s\u00e9ries, cr\u00e9ation et tout ce qui nourrit l'imaginaire. J'\u00e9cris aussi bien sur l'actualit\u00e9 des \u0153uvres que sur les coulisses de la cr\u00e9ation, avec l'envie de relier l'amateur curieux \u00e0 des univers parfois jug\u00e9s intimidants. J'aime analyser une s\u00e9rie ou une d\u00e9marche artistique sans p\u00e9dantisme, replacer une \u0153uvre dans son contexte et donner des cl\u00e9s de lecture accessibles. Avant de publier, je v\u00e9rifie mes r\u00e9f\u00e9rences, je recoupe les sources et je distingue clairement le fait de mon interpr\u00e9tation subjective. Je crois qu'une critique vaut surtout par les arguments qu'elle expose, pas par la sentence qu'elle rend. Mon angle : transmettre l'envie de d\u00e9couvrir, de regarder autrement et de se forger son propre go\u00fbt. La culture n'appartient pas qu'aux initi\u00e9s, et c'est tout l'enjeu de mon \u00e9criture.","url":"https:\/\/slams.fr\/blog\/auteur\/raphael-d\/","jobTitle":"R\u00e9dacteur en chef \u00b7 Culture & Cr\u00e9ation","knowsAbout":["Culture","Cr\u00e9ation"],"email":"raphael.d@a-l-asso-de-l-art.fr"}]}},"_links":{"self":[{"href":"https:\/\/slams.fr\/blog\/wp-json\/wp\/v2\/posts\/7540","targetHints":{"allow":["GET"]}}],"collection":[{"href":"https:\/\/slams.fr\/blog\/wp-json\/wp\/v2\/posts"}],"about":[{"href":"https:\/\/slams.fr\/blog\/wp-json\/wp\/v2\/types\/post"}],"author":[{"embeddable":true,"href":"https:\/\/slams.fr\/blog\/wp-json\/wp\/v2\/users\/34"}],"replies":[{"embeddable":true,"href":"https:\/\/slams.fr\/blog\/wp-json\/wp\/v2\/comments?post=7540"}],"version-history":[{"count":0,"href":"https:\/\/slams.fr\/blog\/wp-json\/wp\/v2\/posts\/7540\/revisions"}],"wp:featuredmedia":[{"embeddable":true,"href":"https:\/\/slams.fr\/blog\/wp-json\/wp\/v2\/media\/7634"}],"wp:attachment":[{"href":"https:\/\/slams.fr\/blog\/wp-json\/wp\/v2\/media?parent=7540"}],"wp:term":[{"taxonomy":"category","embeddable":true,"href":"https:\/\/slams.fr\/blog\/wp-json\/wp\/v2\/categories?post=7540"},{"taxonomy":"post_tag","embeddable":true,"href":"https:\/\/slams.fr\/blog\/wp-json\/wp\/v2\/tags?post=7540"}],"curies":[{"name":"wp","href":"https:\/\/api.w.org\/{rel}","templated":true}]}}