{"id":7541,"date":"2025-06-14T22:40:42","date_gmt":"2025-06-14T20:40:42","guid":{"rendered":"https:\/\/slams.fr\/blog\/a-la-une\/podcasts-incontournables-pour-explorer-le-debat-et-la-reflexion-autour-du-slam\/"},"modified":"2025-06-14T22:40:42","modified_gmt":"2025-06-14T20:40:42","slug":"podcasts-incontournables-pour-explorer-le-debat-et-la-reflexion-autour-du-slam","status":"publish","type":"post","link":"https:\/\/slams.fr\/blog\/a-la-une\/podcasts-incontournables-pour-explorer-le-debat-et-la-reflexion-autour-du-slam\/","title":{"rendered":"Podcasts incontournables pour explorer le d\u00e9bat et la r\u00e9flexion autour du slam"},"content":{"rendered":"<h1>Podcasts incontournables pour explorer le d\u00e9bat et la r\u00e9flexion autour du slam<\/h1>\n<h2>Pourquoi le slam se pr\u00eate-t-il si bien au podcast de r\u00e9flexion&nbsp;?<\/h2>\n<p>\n    Le <strong>slam<\/strong> repose avant tout sur la <u>parole vivante<\/u>, la spontan\u00e9it\u00e9 et l\u2019authenticit\u00e9 de l\u2019expression. Cette discipline, popularis\u00e9e par Marc Smith \u00e0 Chicago dans les ann\u00e9es 1980, s\u2019est rapidement impos\u00e9e comme un v\u00e9hicule de libert\u00e9 d&rsquo;expression et d\u2019\u00e9change. Le format podcast \u00e9pouse naturellement cette dimension, offrant un espace sans contrainte de temps ni de format, propice \u00e0 la confrontation d\u2019id\u00e9es et \u00e0 l\u2019introspection collective.\n  <\/p>\n<ul>\n<li>La <strong>libert\u00e9 \u00e9ditoriale<\/strong> du podcast permet aux slameurs et penseurs d\u2019aborder des sujets sensibles ou rarement trait\u00e9s dans les m\u00e9dias traditionnels.<\/li>\n<li>Le <strong>caract\u00e8re immersif<\/strong> du m\u00e9dia audio valorise la voix, ses inflexions, ses silences, renfor\u00e7ant l\u2019impact \u00e9motionnel du slam.<\/li>\n<li><u>La diversit\u00e9 des formats<\/u> encourage l\u2019interaction entre performances live, discussions approfondies et analyses critiques.<\/li>\n<\/ul>\n<p>\n    De nombreux cr\u00e9ateurs utilisent ce terrain pour remettre en question les normes, explorer l\u2019actualit\u00e9, questionner la soci\u00e9t\u00e9 et favoriser le dialogue interg\u00e9n\u00e9rationnel. Nous pensons que le slam, par sa capacit\u00e9 \u00e0 f\u00e9d\u00e9rer et \u00e0 bousculer, trouve dans le podcast un prolongement naturel, permettant \u00e0 la fois de diffuser la parole et de la confronter au regard critique d\u2019autres disciplines.\n  <\/p>\n<h2>Panorama des podcasts centr\u00e9s sur la parole slam\u00e9e et le d\u00e9bat<\/h2>\n<p>\n    Le paysage francophone regorge aujourd\u2019hui de <strong>podcasts d\u00e9di\u00e9s au slam<\/strong> et \u00e0 la r\u00e9flexion sur la po\u00e9sie orale, avec des \u00e9missions qui se distinguent par leur diversit\u00e9 \u00e9ditoriale et leur engagement dans le d\u00e9bat public. Certaines plateformes, telles que <strong>Player FM<\/strong>, recensent de nombreux programmes embl\u00e9matiques comme \u00ab\u00a0Sur le pont des arts\u00a0\u00bb (RFI), \u00ab\u00a0Division Slam\u00a0\u00bb, ou \u00ab\u00a0De vive(s) voix\u00a0\u00bb, tous reconnus pour leur analyse approfondie des textes, des th\u00e8mes et des enjeux du slam contemporain[1].\n  <\/p>\n<ul>\n<li>\n      <strong>Voyage au pays du slam<\/strong> (France Culture)\u00a0: cette s\u00e9rie documentaire invite \u00e0 une <u>immersion dans l\u2019univers des slameurs<\/u>, de la gen\u00e8se des textes \u00e0 leur impact sur le public, et analyse la mani\u00e8re dont le slam dialogue avec d\u2019autres arts de la sc\u00e8ne[3].\n    <\/li>\n<li>\n      <strong>Sur le pont des arts<\/strong> (RFI)\u00a0: met en lumi\u00e8re des artistes internationaux, m\u00ealant analyse de textes, d\u00e9bats sur la libert\u00e9 d\u2019expression et r\u00e9flexions sur la port\u00e9e politique du slam dans des contextes diversifi\u00e9s[1].\n    <\/li>\n<li>\n      <strong>Division Slam<\/strong>\u00a0: donne la parole \u00e0 des slameurs issus de tous horizons, abordant les th\u00e9matiques sociales contemporaines \u00e0 travers leurs cr\u00e9ations et des discussions avec des sp\u00e9cialistes de la litt\u00e9rature urbaine[1].\n    <\/li>\n<li>\n      <strong>Nouvelles \u00c9coutes<\/strong>\u00a0: ce studio propose des podcasts ax\u00e9s sur la soci\u00e9t\u00e9 et la culture, analysant l\u2019impact du slam sur l\u2019espace public et l\u2019inclusion, en proposant des formats alliant performance et d\u00e9bat[2].\n    <\/li>\n<\/ul>\n<p>\n    Les \u00e9missions s\u2019attachent \u00e0 d\u00e9construire les clich\u00e9s, \u00e0 interroger la pluralit\u00e9 des points de vue, et \u00e0 d\u00e9montrer la puissance de la parole individuelle au service du collectif. Nous valorisons les podcasts qui privil\u00e9gient la confrontation d\u2019id\u00e9es, l\u2019analyse textuelle et les t\u00e9moignages d\u2019acteurs du mouvement slam, indispensable pour saisir toute la profondeur de ce ph\u00e9nom\u00e8ne culturel.\n  <\/p>\n<h2>Analyse des grandes th\u00e9matiques abord\u00e9es dans ces \u00e9missions<\/h2>\n<p>\n    Les podcasts consacr\u00e9s au slam abordent des sujets vari\u00e9s, illustrant la richesse des pr\u00e9occupations contemporaines travers\u00e9es par la sc\u00e8ne slam\u00e9e. On retrouve une pr\u00e9dominance de questions li\u00e9es \u00e0 <strong>l\u2019\u00e9galit\u00e9<\/strong>, <strong>la justice sociale<\/strong>, <strong>l\u2019identit\u00e9<\/strong> et la <u>m\u00e9moire collective<\/u>. Loin de se cantonner \u00e0 la seule performance artistique, ces d\u00e9bats sont le reflet d\u2019une r\u00e9flexion profonde sur la place du citoyen et du po\u00e8te dans la soci\u00e9t\u00e9.\n  <\/p>\n<ul>\n<li>\n      L\u2019\u00e9mission \u00ab\u00a0Voyage au pays du slam\u00a0\u00bb a, en 2023, explor\u00e9 la <strong>m\u00e9moire de la colonisation<\/strong> \u00e0 travers la parole de jeunes slameurs d\u2019Afrique et d\u2019Europe, interrogeant la construction du r\u00e9cit historique par le biais du spoken word[3].\n    <\/li>\n<li>\n      \u00ab\u00a0De vive(s) voix\u00a0\u00bb a consacr\u00e9 plusieurs \u00e9pisodes \u00e0 la <strong>lutte contre la discrimination<\/strong> et \u00e0 la question de la repr\u00e9sentation des minorit\u00e9s dans l\u2019espace public, donnant la parole \u00e0 des artistes engag\u00e9s dans des causes sociales majeures[1].\n    <\/li>\n<li>\n      Sur \u00ab\u00a0Sur le pont des arts\u00a0\u00bb, de nombreux invit\u00e9s ont \u00e9voqu\u00e9 l\u2019impact du slam sur la jeunesse, ses effets sur l\u2019inclusion, l\u2019\u00e9ducation \u00e0 la citoyennet\u00e9 et l\u2019\u00e9mancipation par la prise de parole[1].\n    <\/li>\n<\/ul>\n<p>\n    Ces th\u00e9matiques sont toujours trait\u00e9es \u00e0 partir de textes slam\u00e9s, de dialogues ouverts et d\u2019analyses sophistiqu\u00e9es, permettant d\u2019inscrire chaque \u00e9pisode dans une perspective \u00e0 la fois litt\u00e9raire et politique. Nous consid\u00e9rons que ce croisement entre r\u00e9alit\u00e9 sociale et po\u00e9sie slam\u00e9e donne une v\u00e9ritable \u00e9paisseur \u00e0 ces contenus, rendant leur \u00e9coute incontournable pour les amateurs de r\u00e9flexion critique.\n  <\/p>\n<h2>Formats innovants pour d\u00e9battre du slam en podcast<\/h2>\n<p>\n    La richesse des podcasts d\u00e9di\u00e9s au slam tient aussi \u00e0 la diversit\u00e9 de leurs formats, qui favorisent le renouvellement constant du d\u00e9bat et la pluralit\u00e9 des expressions. Certains choisissent la <strong>table ronde<\/strong>, r\u00e9unissant plusieurs sp\u00e9cialistes, slameurs et auditeurs autour d\u2019un th\u00e8me d\u2019actualit\u00e9 ou d\u2019un texte marquant. Ce mod\u00e8le, adopt\u00e9 par des \u00e9missions comme \u00ab\u00a0Division Slam\u00a0\u00bb ou \u00ab\u00a0Sur le pont des arts\u00a0\u00bb, permet des \u00e9changes fluides, parfois contradictoires, rendant compte de la vitalit\u00e9 du mouvement[1].\n  <\/p>\n<ul>\n<li>\n      Les <strong>entretiens longs<\/strong> et immersifs, privil\u00e9gi\u00e9s par \u00ab\u00a0Nouvelles \u00c9coutes\u00a0\u00bb, offrent une plong\u00e9e dans l\u2019univers d\u2019un artiste, enrichie par l\u2019analyse de ses \u0153uvres et sa vision du monde[2].\n    <\/li>\n<li>\n      L\u2019insertion d\u2019<strong>extraits de performances live<\/strong> dans \u00ab\u00a0Voyage au pays du slam\u00a0\u00bb redonne \u00e0 la parole slam\u00e9e toute son \u00e9nergie, tout en invitant l\u2019auditeur \u00e0 ressentir le texte dans sa dimension performative[3].\n    <\/li>\n<li>\n      Certains \u00e9pisodes ouvrent l\u2019antenne aux <strong>r\u00e9actions d\u2019auditeurs<\/strong>, transformant la s\u00e9quence en v\u00e9ritable agora virtuelle o\u00f9 la parole circule, se confronte et se compl\u00e8te.<\/li>\n<\/ul>\n<p>\n    Cette multiplicit\u00e9 structurelle permet aux podcasts d\u2019adapter leur discours \u00e0 chaque sujet, de jouer sur les temporalit\u00e9s et d\u2019int\u00e9grer de nouveaux m\u00e9dias (vid\u00e9o, r\u00e9seaux sociaux), prolongeant l\u2019exp\u00e9rience auditive vers une v\u00e9ritable exp\u00e9rience interactive. \u00c0 notre sens, cette modularit\u00e9 est l\u2019un des moteurs de la vitalit\u00e9 du d\u00e9bat autour du slam, car elle fid\u00e9lise l\u2019auditoire tout en favorisant la diversit\u00e9 des voix entendues.\n  <\/p>\n<h2>Le slam podcast\u00e9 comme trait d\u2019union entre oralit\u00e9 et r\u00e9flexion critique<\/h2>\n<p>\n    Les podcasts consacr\u00e9s au slam repr\u00e9sentent une <u>plateforme hybride<\/u> o\u00f9 se rencontrent <strong>oralit\u00e9, transmission et analyse critique<\/strong>. Le m\u00e9dia audio redonne sa place centrale \u00e0 la voix, revalorisant l\u2019art du dire et de l\u2019\u00e9coute, tout en facilitant une approche p\u00e9dagogique et participative.\n  <\/p>\n<ul>\n<li>\n      Les productions comme \u00ab\u00a0De vive(s) voix\u00a0\u00bb et \u00ab\u00a0Voyage au pays du slam\u00a0\u00bb participent \u00e0 l\u2019\u00e9largissement du public, en touchant des auditeurs qui n\u2019ont parfois jamais assist\u00e9 \u00e0 une sc\u00e8ne slam\u00e9e en direct[1][3].\n    <\/li>\n<li>\n      Des studios ind\u00e9pendants tels que <strong>Louie Media<\/strong> et <strong>Podcut<\/strong> s\u2019emparent du slam comme sujet pour explorer les dimensions psychologiques, \u00e9ducatives ou historiques de l\u2019oralit\u00e9 contemporaine, contribuant \u00e0 la vulgarisation de cette forme d\u2019expression[2].\n    <\/li>\n<li>\n      La diffusion de podcasts sur des plateformes internationales (Player FM, France Culture, RFI) cr\u00e9e des <strong>ponts culturels<\/strong> et encourage l\u2019\u00e9mergence de d\u00e9bats rares dans l\u2019espace m\u00e9diatique classique.<\/li>\n<\/ul>\n<p>\n    Nous sommes convaincus que le podcast repr\u00e9sente aujourd\u2019hui un levier essentiel pour inscrire le slam dans une dynamique de partage, de r\u00e9flexion et d\u2019action collective. \u00c0 travers la circulation libre de la parole slam\u00e9e, les podcasts favorisent une prise de recul, une \u00e9coute active et une <u>nouvelle forme d\u2019engagement citoyen<\/u>, o\u00f9 la performance ne dissocie plus le fond de la forme.\n  <\/p>\n<h2>S\u00e9lection de podcasts incontournables et cas concrets<\/h2>\n<p>\n    Plusieurs \u00e9missions se sont impos\u00e9es comme r\u00e9f\u00e9rences pour quiconque s\u2019int\u00e9resse \u00e0 la r\u00e9flexion autour du slam en France et \u00e0 l\u2019international. Chacune d\u2019elles propose une entr\u00e9e originale et fouill\u00e9e dans cet univers, que nous vous conseillons fortement pour la qualit\u00e9 de leur analyse et l\u2019originalit\u00e9 de leur approche.\n  <\/p>\n<ul>\n<li>\n      <strong>Sur le pont des arts<\/strong>\u00a0: \u00e9mission de RFI, elle croise litt\u00e9ralement le slam avec d\u2019autres disciplines artistiques (musique, th\u00e9\u00e2tre, arts visuels). En 2024, un \u00e9pisode marquant a mis \u00e0 l\u2019honneur le collectif congolais \u00ab\u00a0Collectif Slamus\u00a0\u00bb, abordant la th\u00e9matique du dialogue entre g\u00e9n\u00e9rations par la po\u00e9sie.<\/li>\n<li>\n      <strong>Voyage au pays du slam<\/strong>\u00a0: produit par France Culture, ce podcast adopte une dimension documentaire, alternant r\u00e9cits d\u2019artistes, extraits de sc\u00e8nes, et analyses sociologiques. En 2022, un reportage a suivi le parcours de la slameuse Kwalanda, mettant en lumi\u00e8re le slam comme outil de reconstruction apr\u00e8s des conflits[3].\n    <\/li>\n<li>\n      <strong>De vive(s) voix<\/strong>\u00a0: \u00e9mission orient\u00e9e vers les d\u00e9bats de soci\u00e9t\u00e9, elle accueille r\u00e9guli\u00e8rement des personnalit\u00e9s du slam comme Grand Corps Malade ou Myriam Le Sirac, pour discuter de th\u00e9matiques telles que la r\u00e9silience, l\u2019inclusion ou la transmission.\n    <\/li>\n<li>\n      <strong>Division Slam<\/strong>\u00a0: diffus\u00e9e sur diff\u00e9rentes plateformes, cette \u00e9mission se caract\u00e9rise par la pr\u00e9sence d\u2019universitaires, de p\u00e9dagogues et d\u2019artistes, confrontant leurs visions du slam comme projet \u00e9ducatif et citoyen.\n    <\/li>\n<\/ul>\n<p>\n    Ces podcasts, disponibles gratuitement sur la plupart des plateformes majeures, se distinguent par leur <strong>qualit\u00e9 \u00e9ditoriale<\/strong>, la diversit\u00e9 de leurs invit\u00e9s et la richesse des points de vue exprim\u00e9s. L\u2019auditeur y trouve mati\u00e8re \u00e0 enrichir sa r\u00e9flexion et \u00e0 d\u00e9couvrir de nouveaux courants artistiques influenc\u00e9s par le slam contemporain.\n  <\/p>\n<h2>Tableau comparatif des principaux podcasts analysant le slam et la r\u00e9flexion critique<\/h2>\n<table border=\"1\" cellpadding=\"7\" style=\"border-collapse:collapse;width:100%\">\n<thead>\n<tr>\n<th><strong>Podcast<\/strong><\/th>\n<th><strong>Producteur<\/strong><\/th>\n<th><strong>Points forts<\/strong><\/th>\n<th><strong>Th\u00e9matiques phares<\/strong><\/th>\n<\/tr>\n<\/thead>\n<tbody>\n<tr>\n<td>Sur le pont des arts<\/td>\n<td>RFI<\/td>\n<td>Pluridisciplinarit\u00e9, artistes internationaux<\/td>\n<td>Libert\u00e9 d\u2019expression, inclusion, transmission<\/td>\n<\/tr>\n<tr>\n<td>Voyage au pays du slam<\/td>\n<td>France Culture<\/td>\n<td>Format documentaire, analyses sociologiques<\/td>\n<td>M\u00e9moire, jeunesse, engagement<\/td>\n<\/tr>\n<tr>\n<td>De vive(s) voix<\/td>\n<td>RFI<\/td>\n<td>D\u00e9bat social, personnalit\u00e9s du slam<\/td>\n<td>R\u00e9silience, discriminations, \u00e9galit\u00e9<\/td>\n<\/tr>\n<tr>\n<td>Division Slam<\/td>\n<td>Ind\u00e9pendant<\/td>\n<td>Approche p\u00e9dagogique, interdisciplinarit\u00e9<\/td>\n<td>\u00c9ducation, citoyennet\u00e9, langue<\/td>\n<\/tr>\n<tr>\n<td>Nouvelles \u00c9coutes<\/td>\n<td>Studio ind\u00e9pendant<\/td>\n<td>Immersion narrative, d\u00e9bats engag\u00e9s<\/td>\n<td>Rapport \u00e0 l\u2019espace public, innovation artistique<\/td>\n<\/tr>\n<\/tbody>\n<\/table>\n<p>\n    Nous sugg\u00e9rons de varier les sources pour obtenir une vue d\u2019ensemble pr\u00e9cise des courants \u00e9mergents et des d\u00e9bats souvent absents des sc\u00e8nes m\u00e9diatiques traditionnelles. L\u2019\u00e9coute crois\u00e9e de ces podcasts permet d&rsquo;appr\u00e9hender toute la complexit\u00e9, la puissance et le potentiel du slam dans le d\u00e9bat contemporain.\n  <\/p>\n","protected":false},"excerpt":{"rendered":"","protected":false},"author":34,"featured_media":7632,"comment_status":"open","ping_status":"open","sticky":false,"template":"","format":"standard","meta":{"_acf_changed":false,"manual_indexmenow":false,"indexmenow_id_project":0,"footnotes":""},"categories":[1],"tags":[4720,4593,4722],"class_list":["post-7541","post","type-post","status-publish","format-standard","has-post-thumbnail","hentry","category-a-la-une","tag-debat","tag-podcast-slam","tag-reflexion","generate-columns","tablet-grid-50","mobile-grid-100","grid-parent","grid-25"],"acf":[],"yoast_head":"<!-- This site is optimized with the Yoast SEO Premium plugin v21.3 (Yoast SEO v26.5) - https:\/\/yoast.com\/wordpress\/plugins\/seo\/ -->\n<title>Podcasts pour explorer le d\u00e9bat autour du slam<\/title>\n<meta name=\"description\" content=\"Le slam repose avant tout sur la parole vivante, la spontan\u00e9it\u00e9 et l\u2019authenticit\u00e9 de l\u2019expression.\" \/>\n<meta name=\"robots\" content=\"index, follow, max-snippet:-1, max-image-preview:large, max-video-preview:-1\" \/>\n<link rel=\"canonical\" href=\"https:\/\/slams.fr\/blog\/a-la-une\/podcasts-incontournables-pour-explorer-le-debat-et-la-reflexion-autour-du-slam\/\" \/>\n<meta property=\"og:locale\" content=\"fr_FR\" \/>\n<meta property=\"og:type\" content=\"article\" \/>\n<meta property=\"og:title\" content=\"Podcasts pour explorer le d\u00e9bat autour du slam\" \/>\n<meta property=\"og:description\" content=\"Le slam repose avant tout sur la parole vivante, la spontan\u00e9it\u00e9 et l\u2019authenticit\u00e9 de l\u2019expression.\" \/>\n<meta property=\"og:url\" content=\"https:\/\/slams.fr\/blog\/a-la-une\/podcasts-incontournables-pour-explorer-le-debat-et-la-reflexion-autour-du-slam\/\" \/>\n<meta property=\"og:site_name\" content=\"slams\" \/>\n<meta property=\"og:image\" content=\"https:\/\/slams.fr\/blog\/wp-content\/uploads\/2025\/07\/sdxl-ba581b75b8208374864160ff4588214d-scaled.png\" \/>\n\t<meta property=\"og:image:width\" content=\"1200\" \/>\n\t<meta property=\"og:image:height\" content=\"500\" \/>\n\t<meta property=\"og:image:type\" content=\"image\/png\" \/>\n<meta name=\"author\" content=\"Rapha\u00ebl D.\" \/>\n<meta name=\"twitter:card\" content=\"summary_large_image\" \/>\n<script type=\"application\/ld+json\" class=\"yoast-schema-graph\">{\"@context\":\"https:\/\/schema.org\",\"@graph\":[{\"@type\":\"NewsArticle\",\"@id\":\"https:\/\/slams.fr\/blog\/a-la-une\/podcasts-incontournables-pour-explorer-le-debat-et-la-reflexion-autour-du-slam\/#article\",\"isPartOf\":{\"@id\":\"https:\/\/slams.fr\/blog\/a-la-une\/podcasts-incontournables-pour-explorer-le-debat-et-la-reflexion-autour-du-slam\/\"},\"author\":{\"name\":\"Rapha\u00ebl D.\",\"@id\":\"https:\/\/slams.fr\/blog\/#\/schema\/person\/3c864cdc320801e3db34b663e7e3f816\"},\"headline\":\"Podcasts incontournables pour explorer le d\u00e9bat et la r\u00e9flexion autour du slam\",\"datePublished\":\"2025-06-14T20:40:42+00:00\",\"mainEntityOfPage\":{\"@id\":\"https:\/\/slams.fr\/blog\/a-la-une\/podcasts-incontournables-pour-explorer-le-debat-et-la-reflexion-autour-du-slam\/\"},\"wordCount\":1774,\"commentCount\":0,\"publisher\":{\"@id\":\"https:\/\/slams.fr\/blog\/#organization\"},\"image\":{\"@id\":\"https:\/\/slams.fr\/blog\/a-la-une\/podcasts-incontournables-pour-explorer-le-debat-et-la-reflexion-autour-du-slam\/#primaryimage\"},\"thumbnailUrl\":\"https:\/\/slams.fr\/blog\/wp-content\/uploads\/2025\/07\/sdxl-ba581b75b8208374864160ff4588214d-scaled.png\",\"keywords\":[\"debat\",\"podcast slam\",\"reflexion\"],\"articleSection\":[\"\u00c0 la une\"],\"inLanguage\":\"fr-FR\",\"potentialAction\":[{\"@type\":\"CommentAction\",\"name\":\"Comment\",\"target\":[\"https:\/\/slams.fr\/blog\/a-la-une\/podcasts-incontournables-pour-explorer-le-debat-et-la-reflexion-autour-du-slam\/#respond\"]}]},{\"@type\":\"WebPage\",\"@id\":\"https:\/\/slams.fr\/blog\/a-la-une\/podcasts-incontournables-pour-explorer-le-debat-et-la-reflexion-autour-du-slam\/\",\"url\":\"https:\/\/slams.fr\/blog\/a-la-une\/podcasts-incontournables-pour-explorer-le-debat-et-la-reflexion-autour-du-slam\/\",\"name\":\"Podcasts pour explorer le d\u00e9bat autour du slam\",\"isPartOf\":{\"@id\":\"https:\/\/slams.fr\/blog\/#website\"},\"primaryImageOfPage\":{\"@id\":\"https:\/\/slams.fr\/blog\/a-la-une\/podcasts-incontournables-pour-explorer-le-debat-et-la-reflexion-autour-du-slam\/#primaryimage\"},\"image\":{\"@id\":\"https:\/\/slams.fr\/blog\/a-la-une\/podcasts-incontournables-pour-explorer-le-debat-et-la-reflexion-autour-du-slam\/#primaryimage\"},\"thumbnailUrl\":\"https:\/\/slams.fr\/blog\/wp-content\/uploads\/2025\/07\/sdxl-ba581b75b8208374864160ff4588214d-scaled.png\",\"datePublished\":\"2025-06-14T20:40:42+00:00\",\"description\":\"Le slam repose avant tout sur la parole vivante, la spontan\u00e9it\u00e9 et l\u2019authenticit\u00e9 de l\u2019expression.\",\"inLanguage\":\"fr-FR\",\"potentialAction\":[{\"@type\":\"ReadAction\",\"target\":[\"https:\/\/slams.fr\/blog\/a-la-une\/podcasts-incontournables-pour-explorer-le-debat-et-la-reflexion-autour-du-slam\/\"]}]},{\"@type\":\"ImageObject\",\"inLanguage\":\"fr-FR\",\"@id\":\"https:\/\/slams.fr\/blog\/a-la-une\/podcasts-incontournables-pour-explorer-le-debat-et-la-reflexion-autour-du-slam\/#primaryimage\",\"url\":\"https:\/\/slams.fr\/blog\/wp-content\/uploads\/2025\/07\/sdxl-ba581b75b8208374864160ff4588214d-scaled.png\",\"contentUrl\":\"https:\/\/slams.fr\/blog\/wp-content\/uploads\/2025\/07\/sdxl-ba581b75b8208374864160ff4588214d-scaled.png\",\"width\":1200,\"height\":500},{\"@type\":\"WebSite\",\"@id\":\"https:\/\/slams.fr\/blog\/#website\",\"url\":\"https:\/\/slams.fr\/blog\/\",\"name\":\"slams.fr\",\"description\":\"Slams, l&#039;\u00e9nergie des mots en action\",\"publisher\":{\"@id\":\"https:\/\/slams.fr\/blog\/#organization\"},\"alternateName\":\"Slams, l'\u00e9nergie des mots en action\",\"potentialAction\":[{\"@type\":\"SearchAction\",\"target\":{\"@type\":\"EntryPoint\",\"urlTemplate\":\"https:\/\/slams.fr\/blog\/?s={search_term_string}\"},\"query-input\":{\"@type\":\"PropertyValueSpecification\",\"valueRequired\":true,\"valueName\":\"search_term_string\"}}],\"inLanguage\":\"fr-FR\"},{\"@type\":\"Organization\",\"@id\":\"https:\/\/slams.fr\/blog\/#organization\",\"name\":\"Foretsensations.fr\",\"url\":\"https:\/\/slams.fr\/blog\/\",\"logo\":{\"@type\":\"ImageObject\",\"inLanguage\":\"fr-FR\",\"@id\":\"https:\/\/slams.fr\/blog\/#\/schema\/logo\/image\/\",\"url\":\"https:\/\/slams.fr\/blog\/wp-content\/uploads\/2026\/07\/logo-auto-1.png\",\"contentUrl\":\"https:\/\/slams.fr\/blog\/wp-content\/uploads\/2026\/07\/logo-auto-1.png\",\"width\":1024,\"height\":1024,\"caption\":\"Foretsensations.fr\"},\"image\":{\"@id\":\"https:\/\/slams.fr\/blog\/#\/schema\/logo\/image\/\"}},{\"@type\":\"Person\",\"@id\":\"https:\/\/slams.fr\/blog\/#\/schema\/person\/3c864cdc320801e3db34b663e7e3f816\",\"name\":\"Rapha\u00ebl D.\",\"image\":{\"@type\":\"ImageObject\",\"inLanguage\":\"fr-FR\",\"@id\":\"https:\/\/slams.fr\/blog\/#\/schema\/person\/image\/\",\"url\":\"https:\/\/slams.fr\/blog\/wp-content\/uploads\/2026\/06\/persona_raphael-d-96x96.jpg\",\"contentUrl\":\"https:\/\/slams.fr\/blog\/wp-content\/uploads\/2026\/06\/persona_raphael-d-96x96.jpg\",\"caption\":\"Rapha\u00ebl D.\"},\"description\":\"La culture est mon terrain de jeu depuis une dizaine d'ann\u00e9es : arts visuels, s\u00e9ries, cr\u00e9ation et tout ce qui nourrit l'imaginaire. J'\u00e9cris aussi bien sur l'actualit\u00e9 des \u0153uvres que sur les coulisses de la cr\u00e9ation, avec l'envie de relier l'amateur curieux \u00e0 des univers parfois jug\u00e9s intimidants. J'aime analyser une s\u00e9rie ou une d\u00e9marche artistique sans p\u00e9dantisme, replacer une \u0153uvre dans son contexte et donner des cl\u00e9s de lecture accessibles. Avant de publier, je v\u00e9rifie mes r\u00e9f\u00e9rences, je recoupe les sources et je distingue clairement le fait de mon interpr\u00e9tation subjective. Je crois qu'une critique vaut surtout par les arguments qu'elle expose, pas par la sentence qu'elle rend. Mon angle : transmettre l'envie de d\u00e9couvrir, de regarder autrement et de se forger son propre go\u00fbt. La culture n'appartient pas qu'aux initi\u00e9s, et c'est tout l'enjeu de mon \u00e9criture.\",\"url\":\"https:\/\/slams.fr\/blog\/auteur\/raphael-d\/\",\"jobTitle\":\"R\u00e9dacteur en chef \u00b7 Culture & Cr\u00e9ation\",\"knowsAbout\":[\"Culture\",\"Cr\u00e9ation\"],\"email\":\"raphael.d@a-l-asso-de-l-art.fr\"}]}<\/script>\n<!-- \/ Yoast SEO Premium plugin. -->","yoast_head_json":{"title":"Podcasts pour explorer le d\u00e9bat autour du slam","description":"Le slam repose avant tout sur la parole vivante, la spontan\u00e9it\u00e9 et l\u2019authenticit\u00e9 de l\u2019expression.","robots":{"index":"index","follow":"follow","max-snippet":"max-snippet:-1","max-image-preview":"max-image-preview:large","max-video-preview":"max-video-preview:-1"},"canonical":"https:\/\/slams.fr\/blog\/a-la-une\/podcasts-incontournables-pour-explorer-le-debat-et-la-reflexion-autour-du-slam\/","og_locale":"fr_FR","og_type":"article","og_title":"Podcasts pour explorer le d\u00e9bat autour du slam","og_description":"Le slam repose avant tout sur la parole vivante, la spontan\u00e9it\u00e9 et l\u2019authenticit\u00e9 de l\u2019expression.","og_url":"https:\/\/slams.fr\/blog\/a-la-une\/podcasts-incontournables-pour-explorer-le-debat-et-la-reflexion-autour-du-slam\/","og_site_name":"slams","og_image":[{"width":1200,"height":500,"url":"https:\/\/slams.fr\/blog\/wp-content\/uploads\/2025\/07\/sdxl-ba581b75b8208374864160ff4588214d-scaled.png","type":"image\/png"}],"author":"Rapha\u00ebl D.","twitter_card":"summary_large_image","schema":{"@context":"https:\/\/schema.org","@graph":[{"@type":"NewsArticle","@id":"https:\/\/slams.fr\/blog\/a-la-une\/podcasts-incontournables-pour-explorer-le-debat-et-la-reflexion-autour-du-slam\/#article","isPartOf":{"@id":"https:\/\/slams.fr\/blog\/a-la-une\/podcasts-incontournables-pour-explorer-le-debat-et-la-reflexion-autour-du-slam\/"},"author":{"name":"Rapha\u00ebl D.","@id":"https:\/\/slams.fr\/blog\/#\/schema\/person\/3c864cdc320801e3db34b663e7e3f816"},"headline":"Podcasts incontournables pour explorer le d\u00e9bat et la r\u00e9flexion autour du slam","datePublished":"2025-06-14T20:40:42+00:00","mainEntityOfPage":{"@id":"https:\/\/slams.fr\/blog\/a-la-une\/podcasts-incontournables-pour-explorer-le-debat-et-la-reflexion-autour-du-slam\/"},"wordCount":1774,"commentCount":0,"publisher":{"@id":"https:\/\/slams.fr\/blog\/#organization"},"image":{"@id":"https:\/\/slams.fr\/blog\/a-la-une\/podcasts-incontournables-pour-explorer-le-debat-et-la-reflexion-autour-du-slam\/#primaryimage"},"thumbnailUrl":"https:\/\/slams.fr\/blog\/wp-content\/uploads\/2025\/07\/sdxl-ba581b75b8208374864160ff4588214d-scaled.png","keywords":["debat","podcast slam","reflexion"],"articleSection":["\u00c0 la une"],"inLanguage":"fr-FR","potentialAction":[{"@type":"CommentAction","name":"Comment","target":["https:\/\/slams.fr\/blog\/a-la-une\/podcasts-incontournables-pour-explorer-le-debat-et-la-reflexion-autour-du-slam\/#respond"]}]},{"@type":"WebPage","@id":"https:\/\/slams.fr\/blog\/a-la-une\/podcasts-incontournables-pour-explorer-le-debat-et-la-reflexion-autour-du-slam\/","url":"https:\/\/slams.fr\/blog\/a-la-une\/podcasts-incontournables-pour-explorer-le-debat-et-la-reflexion-autour-du-slam\/","name":"Podcasts pour explorer le d\u00e9bat autour du slam","isPartOf":{"@id":"https:\/\/slams.fr\/blog\/#website"},"primaryImageOfPage":{"@id":"https:\/\/slams.fr\/blog\/a-la-une\/podcasts-incontournables-pour-explorer-le-debat-et-la-reflexion-autour-du-slam\/#primaryimage"},"image":{"@id":"https:\/\/slams.fr\/blog\/a-la-une\/podcasts-incontournables-pour-explorer-le-debat-et-la-reflexion-autour-du-slam\/#primaryimage"},"thumbnailUrl":"https:\/\/slams.fr\/blog\/wp-content\/uploads\/2025\/07\/sdxl-ba581b75b8208374864160ff4588214d-scaled.png","datePublished":"2025-06-14T20:40:42+00:00","description":"Le slam repose avant tout sur la parole vivante, la spontan\u00e9it\u00e9 et l\u2019authenticit\u00e9 de l\u2019expression.","inLanguage":"fr-FR","potentialAction":[{"@type":"ReadAction","target":["https:\/\/slams.fr\/blog\/a-la-une\/podcasts-incontournables-pour-explorer-le-debat-et-la-reflexion-autour-du-slam\/"]}]},{"@type":"ImageObject","inLanguage":"fr-FR","@id":"https:\/\/slams.fr\/blog\/a-la-une\/podcasts-incontournables-pour-explorer-le-debat-et-la-reflexion-autour-du-slam\/#primaryimage","url":"https:\/\/slams.fr\/blog\/wp-content\/uploads\/2025\/07\/sdxl-ba581b75b8208374864160ff4588214d-scaled.png","contentUrl":"https:\/\/slams.fr\/blog\/wp-content\/uploads\/2025\/07\/sdxl-ba581b75b8208374864160ff4588214d-scaled.png","width":1200,"height":500},{"@type":"WebSite","@id":"https:\/\/slams.fr\/blog\/#website","url":"https:\/\/slams.fr\/blog\/","name":"slams.fr","description":"Slams, l&#039;\u00e9nergie des mots en action","publisher":{"@id":"https:\/\/slams.fr\/blog\/#organization"},"alternateName":"Slams, l'\u00e9nergie des mots en action","potentialAction":[{"@type":"SearchAction","target":{"@type":"EntryPoint","urlTemplate":"https:\/\/slams.fr\/blog\/?s={search_term_string}"},"query-input":{"@type":"PropertyValueSpecification","valueRequired":true,"valueName":"search_term_string"}}],"inLanguage":"fr-FR"},{"@type":"Organization","@id":"https:\/\/slams.fr\/blog\/#organization","name":"Foretsensations.fr","url":"https:\/\/slams.fr\/blog\/","logo":{"@type":"ImageObject","inLanguage":"fr-FR","@id":"https:\/\/slams.fr\/blog\/#\/schema\/logo\/image\/","url":"https:\/\/slams.fr\/blog\/wp-content\/uploads\/2026\/07\/logo-auto-1.png","contentUrl":"https:\/\/slams.fr\/blog\/wp-content\/uploads\/2026\/07\/logo-auto-1.png","width":1024,"height":1024,"caption":"Foretsensations.fr"},"image":{"@id":"https:\/\/slams.fr\/blog\/#\/schema\/logo\/image\/"}},{"@type":"Person","@id":"https:\/\/slams.fr\/blog\/#\/schema\/person\/3c864cdc320801e3db34b663e7e3f816","name":"Rapha\u00ebl D.","image":{"@type":"ImageObject","inLanguage":"fr-FR","@id":"https:\/\/slams.fr\/blog\/#\/schema\/person\/image\/","url":"https:\/\/slams.fr\/blog\/wp-content\/uploads\/2026\/06\/persona_raphael-d-96x96.jpg","contentUrl":"https:\/\/slams.fr\/blog\/wp-content\/uploads\/2026\/06\/persona_raphael-d-96x96.jpg","caption":"Rapha\u00ebl D."},"description":"La culture est mon terrain de jeu depuis une dizaine d'ann\u00e9es : arts visuels, s\u00e9ries, cr\u00e9ation et tout ce qui nourrit l'imaginaire. J'\u00e9cris aussi bien sur l'actualit\u00e9 des \u0153uvres que sur les coulisses de la cr\u00e9ation, avec l'envie de relier l'amateur curieux \u00e0 des univers parfois jug\u00e9s intimidants. J'aime analyser une s\u00e9rie ou une d\u00e9marche artistique sans p\u00e9dantisme, replacer une \u0153uvre dans son contexte et donner des cl\u00e9s de lecture accessibles. Avant de publier, je v\u00e9rifie mes r\u00e9f\u00e9rences, je recoupe les sources et je distingue clairement le fait de mon interpr\u00e9tation subjective. Je crois qu'une critique vaut surtout par les arguments qu'elle expose, pas par la sentence qu'elle rend. Mon angle : transmettre l'envie de d\u00e9couvrir, de regarder autrement et de se forger son propre go\u00fbt. La culture n'appartient pas qu'aux initi\u00e9s, et c'est tout l'enjeu de mon \u00e9criture.","url":"https:\/\/slams.fr\/blog\/auteur\/raphael-d\/","jobTitle":"R\u00e9dacteur en chef \u00b7 Culture & Cr\u00e9ation","knowsAbout":["Culture","Cr\u00e9ation"],"email":"raphael.d@a-l-asso-de-l-art.fr"}]}},"_links":{"self":[{"href":"https:\/\/slams.fr\/blog\/wp-json\/wp\/v2\/posts\/7541","targetHints":{"allow":["GET"]}}],"collection":[{"href":"https:\/\/slams.fr\/blog\/wp-json\/wp\/v2\/posts"}],"about":[{"href":"https:\/\/slams.fr\/blog\/wp-json\/wp\/v2\/types\/post"}],"author":[{"embeddable":true,"href":"https:\/\/slams.fr\/blog\/wp-json\/wp\/v2\/users\/34"}],"replies":[{"embeddable":true,"href":"https:\/\/slams.fr\/blog\/wp-json\/wp\/v2\/comments?post=7541"}],"version-history":[{"count":0,"href":"https:\/\/slams.fr\/blog\/wp-json\/wp\/v2\/posts\/7541\/revisions"}],"wp:featuredmedia":[{"embeddable":true,"href":"https:\/\/slams.fr\/blog\/wp-json\/wp\/v2\/media\/7632"}],"wp:attachment":[{"href":"https:\/\/slams.fr\/blog\/wp-json\/wp\/v2\/media?parent=7541"}],"wp:term":[{"taxonomy":"category","embeddable":true,"href":"https:\/\/slams.fr\/blog\/wp-json\/wp\/v2\/categories?post=7541"},{"taxonomy":"post_tag","embeddable":true,"href":"https:\/\/slams.fr\/blog\/wp-json\/wp\/v2\/tags?post=7541"}],"curies":[{"name":"wp","href":"https:\/\/api.w.org\/{rel}","templated":true}]}}