{"id":7543,"date":"2025-06-14T22:40:44","date_gmt":"2025-06-14T20:40:44","guid":{"rendered":"https:\/\/slams.fr\/blog\/a-la-une\/explorer-les-plateformes-phares-du-slam-et-de-la-poesie-sonore-experimentale\/"},"modified":"2025-06-14T22:40:44","modified_gmt":"2025-06-14T20:40:44","slug":"explorer-les-plateformes-phares-du-slam-et-de-la-poesie-sonore-experimentale","status":"publish","type":"post","link":"https:\/\/slams.fr\/blog\/a-la-une\/explorer-les-plateformes-phares-du-slam-et-de-la-poesie-sonore-experimentale\/","title":{"rendered":"Explorer les plateformes phares du slam et de la po\u00e9sie sonore exp\u00e9rimentale"},"content":{"rendered":"<h1>Explorer les plateformes phares du slam et de la po\u00e9sie sonore exp\u00e9rimentale<\/h1>\n<h2>Portails majeurs pour \u00e9couter du spoken word innovant<\/h2>\n<p>\nLa sc\u00e8ne du <strong>spoken word<\/strong> et du <strong>slam contemporain<\/strong> s\u2019ancre aujourd\u2019hui dans des plateformes qui valorisent la densit\u00e9 des textes, la prouesse vocale et l\u2019exp\u00e9rimentation rythmique. Les groupes comme le <strong>Mots Paum\u00e9s Trio<\/strong>, install\u00e9s \u00e0 Grenoble, incarnent cette hybridation audacieuse entre <strong>slam<\/strong> et <strong>spoken word<\/strong>. Leur approche fusionne une <u>d\u00e9construction sonore<\/u> o\u00f9 chaque phon\u00e8me se mue en instrument, offrant des performances o\u00f9 la rapidit\u00e9 d\u2019ex\u00e9cution n\u2019alt\u00e8re ni la <strong>qualit\u00e9 litt\u00e9raire<\/strong> ni la puissance des th\u00e9matiques : saturation num\u00e9rique, consum\u00e9risme ou errance existentielle.\n<\/p>\n<ul>\n<li>\n\t\t<strong>Strophe.fr<\/strong> publie des analyses de performances innovantes. On peut y d\u00e9couvrir des vid\u00e9os exclusives du <strong>Mots Paum\u00e9s Trio<\/strong>, reconnu pour son tempo survolt\u00e9, mais aussi des entretiens avec les auteurs.\n\t<\/li>\n<li>\n\t\tLa cha\u00eene de podcasts \u00ab\u00a0Qu\u00e9bec enslam\u00e9\u00a0\u00bb, produite par le Tremplin d\u2019actualisation de po\u00e9sie, recense 27 enregistrements live r\u00e9alis\u00e9s lors du Printemps des po\u00e8tes \u00e0 Qu\u00e9bec. Cette <strong>anthologie<\/strong> offre une immersion dans la parole vivante de figures majeures du slam qu\u00e9b\u00e9cois, r\u00e9v\u00e9lant la diversit\u00e9 du genre et la richesse des styles.\n\t<\/li>\n<li>\n\t\t<strong>SensCritique<\/strong> propose une s\u00e9lection de morceaux phares, allant de la po\u00e9sie sonore dada\u00efste (\u00ab\u00a0Ursonate\u00a0\u00bb de Kurt Schwitters) \u00e0 des performances contemporaines, pour qui souhaite comparer l\u2019\u00e9volution de l\u2019oralit\u00e9 po\u00e9tique.\n\t<\/li>\n<\/ul>\n<p>\nCes portails constituent des archives vivantes o\u00f9 l\u2019on ressent l\u2019engagement des artistes, la modernit\u00e9 des dispositifs sc\u00e9niques et la diversit\u00e9 des courants. Nous les consid\u00e9rons comme essentiels pour s&rsquo;impr\u00e9gner de l\u2019actualit\u00e9 et des tendances du <strong>spoken word exp\u00e9rimental<\/strong>.\n<\/p>\n<h2>Espaces communautaires pour partager et \u00e9changer autour du slam exp\u00e9rimental<\/h2>\n<p>\nUne sp\u00e9cificit\u00e9 du <strong>slam exp\u00e9rimental<\/strong> r\u00e9side dans l\u2019esprit de partage et l\u2019interconnexion des cr\u00e9ateurs. Plusieurs sites agissent en <u>carrefours communautaires<\/u> : forums, groupes de discussion et plateformes de publication facilitent la diffusion des \u0153uvres et la coop\u00e9ration entre po\u00e8tes.\n<\/p>\n<ul>\n<li>\n\t\t<strong>La Zone<\/strong> \u00e0 Li\u00e8ge propose une approche libre du slam, avec des sc\u00e8nes ouvertes en mode \u00ab\u00a0prix libre\u00a0\u00bb et la possibilit\u00e9 de pr\u00e9senter ses textes originaux en trois minutes. L\u2019espace privil\u00e9gie la diversit\u00e9 des voix et l\u2019entraide entre participants.\n\t<\/li>\n<li>\n\t\t<strong>TApoesie.com<\/strong> met \u00e0 disposition des publications audio, mais aussi un espace interactif o\u00f9 les slameurs et po\u00e8tes partagent en ligne critiques constructives et conseils techniques, pr\u00e9parant souvent des collaborations hybrides.\n\t<\/li>\n<li>\n\t\tLes groupes Facebook ou Discord sp\u00e9cialis\u00e9s, souvent associ\u00e9s \u00e0 ces plateformes, favorisent l\u2019organisation d\u2019ateliers d\u2019\u00e9criture collectifs et l\u2019\u00e9change de ressources pour affiner sa pratique exp\u00e9rimentale.\n\t<\/li>\n<\/ul>\n<p>\nCe tissu communautaire favorise la confrontation d\u2019id\u00e9es, la circulation rapide des nouvelles tendances et l\u2019organisation d\u2019\u00e9v\u00e9nements hors des circuits institutionnels. Nous estimons que ces espaces acc\u00e9l\u00e8rent l\u2019innovation dans la po\u00e9sie orale, stimulant la cr\u00e9ativit\u00e9 individuelle et collective.\n<\/p>\n<h2>Sc\u00e8nes et \u00e9v\u00e9nements en ligne \u00e0 ne pas manquer<\/h2>\n<p>\nLe c\u0153ur battant du <strong>slam contemporain<\/strong> se trouve dans ses <u>sc\u00e8nes ouvertes<\/u> et ses \u00e9v\u00e9nements num\u00e9riques, v\u00e9ritables laboratoires d\u2019exp\u00e9rimentation o\u00f9 l\u2019interdisciplinarit\u00e9 prime. Les calendriers et portails d\u2019actualit\u00e9s permettent de suivre en direct les comp\u00e9titions, festivals et initiatives qui repoussent les fronti\u00e8res entre arts visuels, musique, et performance verbale.\n<\/p>\n<ul>\n<li>\n\t\tLe site du <strong>colloque international Performances po\u00e9tiques<\/strong> recense les prochaines rencontres, ateliers et conf\u00e9rences qui interrogent la diffusion orale de la po\u00e9sie et sa mutation \u00e0 l\u2019\u00e8re num\u00e9rique.\n\t<\/li>\n<li>\n\t\tLe collectif <strong>Enterr\u00e9 sous X<\/strong> (Toulouse) multiplie les live sessions m\u00ealant slam, improvisation musicale et dispositifs technologiques, offrant des spectacles qui sont relay\u00e9s simultan\u00e9ment sur YouTube et Twitch.\n\t<\/li>\n<li>\n\t\tLes programmations de La Zone et TApoesie, actualis\u00e9es chaque saison, informent sur les prochains <strong>open mics<\/strong>, concours de slam virtuels et festivals hybrides \u2014 autant d\u2019occasions de pr\u00e9senter ses textes \u00e0 un public international.\n\t<\/li>\n<\/ul>\n<p>\nGr\u00e2ce \u00e0 la pluralit\u00e9 de ces rendez-vous virtuels, la sc\u00e8ne slam\/sonore exp\u00e9rimentale se renouvelle en continu. Les \u00e9v\u00e9nements en ligne, souvent gratuits ou \u00e0 tarif libre, d\u00e9mocratisent l\u2019acc\u00e8s \u00e0 la performance, tout en exposant les participants \u00e0 des publics mixtes issus des quatre coins de la francophonie.\n<\/p>\n<h2>Ressources pour approfondir sa pratique de la po\u00e9sie orale exp\u00e9rimentale<\/h2>\n<p>\nL\u2019apprentissage et la progression dans le domaine du <strong>slam exp\u00e9rimental<\/strong> passent par des <u>ressources p\u00e9dagogiques cibl\u00e9es<\/u>. Certains sites se sont impos\u00e9s comme des r\u00e9f\u00e9rences en proposant des contenus adapt\u00e9s \u00e0 tous niveaux, favorisant l\u2019\u00e9panouissement des voix singuli\u00e8res.\n<\/p>\n<ul>\n<li>\n\t\t<strong>TApoesie.com<\/strong> propose non seulement des anthologies audio, mais aussi des ateliers virtuels accessibles sur inscription, centr\u00e9s sur la <strong>diction sc\u00e9nique<\/strong>, la <strong>projection vocale<\/strong> et le travail rythmique.\n\t<\/li>\n<li>\n\t\tDes podcasts sp\u00e9cialis\u00e9s, disponibles sur les plateformes majeures, offrent des analyses sur les sp\u00e9cificit\u00e9s de la <strong>po\u00e9sie sonore contemporaine<\/strong> et l\u2019\u00e9mancipation de la parole, invitant r\u00e9guli\u00e8rement des slameurs prim\u00e9s et des chercheurs.\n\t<\/li>\n<li>\n\t\tLes vid\u00e9os p\u00e9dagogiques h\u00e9berg\u00e9es par les grandes institutions culturelles (telles que la BnF ou la Maison de la Po\u00e9sie) permettent de d\u00e9couvrir les techniques vocales avanc\u00e9es, la gestion du souffle et la pr\u00e9paration d\u2019une sc\u00e8ne exp\u00e9rimentale.\n\t<\/li>\n<\/ul>\n<p>\nNous recommandons vivement de croiser ces supports pour \u00e9toffer sa palette technique et explorer de nouvelles formes narratives. L\u2019apport de ces ressources enrichit la qualit\u00e9 des prestations orales et favorise une approche plus r\u00e9flexive de la mise en voix po\u00e9tique.\n<\/p>\n<h2>Focus sur l\u2019actualit\u00e9 de la sc\u00e8ne francophone et ses collectifs novateurs<\/h2>\n<p>\nLa sc\u00e8ne francophone du <strong>slam<\/strong> et de la <strong>po\u00e9sie sonore exp\u00e9rimentale<\/strong> se distingue par une effervescence constante, incarn\u00e9e par des collectifs, m\u00e9dias et associations qui documentent, analysent et accompagnent les mutations de l\u2019oralit\u00e9 contemporaine. Leur r\u00f4le est essentiel pour r\u00e9v\u00e9ler les nouveaux talents, d\u00e9chiffrer les tendances et garantir la circulation des \u0153uvres aupr\u00e8s d\u2019un public large.\n<\/p>\n<ul>\n<li>\n\t\tLe collectif grenoblois <strong>Mots Paum\u00e9s Trio<\/strong> s\u2019est impos\u00e9 comme figure de proue du spoken word \u00e0 haute intensit\u00e9, multipliant les collaborations transdisciplinaires et les r\u00e9sidences artistiques dans toute la francophonie.\n\t<\/li>\n<li>\n\t\t<span style=\"font-weight: bold;\">TApoesie<\/span> met en avant les innovations de la sc\u00e8ne qu\u00e9b\u00e9coise, notamment gr\u00e2ce \u00e0 ses anthologies et ses podcasts, contribuant \u00e0 faire dialoguer les traditions orales du Vieux Continent et de l\u2019Am\u00e9rique francophone.\n\t<\/li>\n<li>\n\t\tDes m\u00e9dias sp\u00e9cialis\u00e9s comme <strong>Strophe.fr<\/strong> et <strong>SensCritique<\/strong> publient r\u00e9guli\u00e8rement des critiques, reportages et dossiers sp\u00e9ciaux sur les mutations du slam, consacrant des analyses approfondies aux enjeux socio-politiques, aux hybridations stylistiques et \u00e0 la place nouvelle de la performance dans l\u2019espace public.\n\t<\/li>\n<\/ul>\n<p>\nNous constatons que l\u2019ancrage local de ces collectifs et leur ouverture internationale cr\u00e9ent un terrain fertile pour les exp\u00e9rimentations les plus radicales. L\u2019acc\u00e8s aux contenus \u00e9ditoriaux pointus, la tenue de festivals hybrides et la promotion de l\u2019inclusion des voix minoritaires contribuent \u00e0 renouveler continuellement la vitalit\u00e9 de la sc\u00e8ne.\n<\/p>\n<table border=\"1\" cellpadding=\"6\" cellspacing=\"0\" style=\"margin: 24px 0;\">\n<tr>\n<th>Nom de la plateforme\/collectif<\/th>\n<th>Sp\u00e9cificit\u00e9<\/th>\n<th>Ressources disponibles<\/th>\n<\/tr>\n<tr>\n<td>Strophe.fr<\/td>\n<td><strong>Analyses<\/strong> et <strong>vid\u00e9os de performances<\/strong> de groupes innovants,focus sur la sc\u00e8ne fran\u00e7aise contemporaine<\/td>\n<td>Interviews, critiques, captations vid\u00e9o, dossiers th\u00e9matiques<\/td>\n<\/tr>\n<tr>\n<td>Mots Paum\u00e9s Trio<\/td>\n<td><strong>Spoken word<\/strong> \u00e0 haute vitesseFusion slam\/po\u00e9sie sonore<\/td>\n<td>Performances live, podcasts, archives sonores<\/td>\n<\/tr>\n<tr>\n<td>TApoesie.com<\/td>\n<td>Anthologies et atelier virtuelsFocus sur le <strong>slam qu\u00e9b\u00e9cois<\/strong><\/td>\n<td>Enregistrements audio, forums, ateliers en ligne, podcasts<\/td>\n<\/tr>\n<tr>\n<td>La Zone (Li\u00e8ge)<\/td>\n<td>Sc\u00e8nes ouvertes et <strong>open mics<\/strong>Mixit\u00e9 des publics<\/td>\n<td>\u00c9v\u00e9nements live, calendrier interactif, archives vid\u00e9o<\/td>\n<\/tr>\n<tr>\n<td>Enterr\u00e9 sous X<\/td>\n<td>Exp\u00e9rimentation visuelle et musicalePerformances hybrides<\/td>\n<td>Live streams, archives sc\u00e9niques, workshops en ligne<\/td>\n<\/tr>\n<tr>\n<td>SensCritique<\/td>\n<td>S\u00e9lections pointuesDossiers th\u00e9matiques sur la po\u00e9sie sonore<\/td>\n<td>Morceaux audio, playlists, analyses comparatives<\/td>\n<\/tr>\n<\/table>\n<p>\nL\u2019\u00e9cosyst\u00e8me du <strong>slam<\/strong> et de la <strong>po\u00e9sie sonore exp\u00e9rimentale<\/strong> ne cesse de s\u2019enrichir, chaque plateforme apportant sa couleur, ses innovations et ses outils de transmission. Nous invitons tous les passionn\u00e9s \u00e0 s\u2019impr\u00e9gner de cette pluralit\u00e9, \u00e0 saisir la port\u00e9e des dialogues en ligne et \u00e0 s\u2019engager dans la dynamique collective qui r\u00e9invente la po\u00e9sie contemporaine.<\/p>\n","protected":false},"excerpt":{"rendered":"","protected":false},"author":34,"featured_media":7631,"comment_status":"open","ping_status":"open","sticky":false,"template":"","format":"standard","meta":{"_acf_changed":false,"manual_indexmenow":false,"indexmenow_id_project":0,"footnotes":""},"categories":[1],"tags":[4698,4723,4526],"class_list":["post-7543","post","type-post","status-publish","format-standard","has-post-thumbnail","hentry","category-a-la-une","tag-plateformes","tag-poesie-sonore","tag-slam","generate-columns","tablet-grid-50","mobile-grid-100","grid-parent","grid-25"],"acf":[],"yoast_head":"<!-- This site is optimized with the Yoast SEO Premium plugin v21.3 (Yoast SEO v26.5) - https:\/\/yoast.com\/wordpress\/plugins\/seo\/ -->\n<title>Les plateformes du slam et de la po\u00e9sie sonore<\/title>\n<meta name=\"description\" content=\"La sc\u00e8ne du spoken word et du slam contemporain s\u2019ancre aujourd\u2019hui dans des plateformes qui valorisent la densit\u00e9 des textes, la prouesse vocale\" \/>\n<meta name=\"robots\" content=\"index, follow, max-snippet:-1, max-image-preview:large, max-video-preview:-1\" \/>\n<link rel=\"canonical\" href=\"https:\/\/slams.fr\/blog\/a-la-une\/explorer-les-plateformes-phares-du-slam-et-de-la-poesie-sonore-experimentale\/\" \/>\n<meta property=\"og:locale\" content=\"fr_FR\" \/>\n<meta property=\"og:type\" content=\"article\" \/>\n<meta property=\"og:title\" content=\"Les plateformes du slam et de la po\u00e9sie sonore\" \/>\n<meta property=\"og:description\" content=\"La sc\u00e8ne du spoken word et du slam contemporain s\u2019ancre aujourd\u2019hui dans des plateformes qui valorisent la densit\u00e9 des textes, la prouesse vocale\" \/>\n<meta property=\"og:url\" content=\"https:\/\/slams.fr\/blog\/a-la-une\/explorer-les-plateformes-phares-du-slam-et-de-la-poesie-sonore-experimentale\/\" \/>\n<meta property=\"og:site_name\" content=\"slams\" \/>\n<meta property=\"og:image\" content=\"https:\/\/slams.fr\/blog\/wp-content\/uploads\/2025\/07\/sdxl-a2f07c2a31961d184509db7f52fac388-scaled.png\" \/>\n\t<meta property=\"og:image:width\" content=\"1200\" \/>\n\t<meta property=\"og:image:height\" content=\"500\" \/>\n\t<meta property=\"og:image:type\" content=\"image\/png\" \/>\n<meta name=\"author\" content=\"Rapha\u00ebl D.\" \/>\n<meta name=\"twitter:card\" content=\"summary_large_image\" \/>\n<script type=\"application\/ld+json\" class=\"yoast-schema-graph\">{\"@context\":\"https:\/\/schema.org\",\"@graph\":[{\"@type\":\"NewsArticle\",\"@id\":\"https:\/\/slams.fr\/blog\/a-la-une\/explorer-les-plateformes-phares-du-slam-et-de-la-poesie-sonore-experimentale\/#article\",\"isPartOf\":{\"@id\":\"https:\/\/slams.fr\/blog\/a-la-une\/explorer-les-plateformes-phares-du-slam-et-de-la-poesie-sonore-experimentale\/\"},\"author\":{\"name\":\"Rapha\u00ebl D.\",\"@id\":\"https:\/\/slams.fr\/blog\/#\/schema\/person\/3c864cdc320801e3db34b663e7e3f816\"},\"headline\":\"Explorer les plateformes phares du slam et de la po\u00e9sie sonore exp\u00e9rimentale\",\"datePublished\":\"2025-06-14T20:40:44+00:00\",\"mainEntityOfPage\":{\"@id\":\"https:\/\/slams.fr\/blog\/a-la-une\/explorer-les-plateformes-phares-du-slam-et-de-la-poesie-sonore-experimentale\/\"},\"wordCount\":1398,\"commentCount\":0,\"publisher\":{\"@id\":\"https:\/\/slams.fr\/blog\/#organization\"},\"image\":{\"@id\":\"https:\/\/slams.fr\/blog\/a-la-une\/explorer-les-plateformes-phares-du-slam-et-de-la-poesie-sonore-experimentale\/#primaryimage\"},\"thumbnailUrl\":\"https:\/\/slams.fr\/blog\/wp-content\/uploads\/2025\/07\/sdxl-a2f07c2a31961d184509db7f52fac388-scaled.png\",\"keywords\":[\"plateformes\",\"poesie sonore\",\"Slam\"],\"articleSection\":[\"\u00c0 la une\"],\"inLanguage\":\"fr-FR\",\"potentialAction\":[{\"@type\":\"CommentAction\",\"name\":\"Comment\",\"target\":[\"https:\/\/slams.fr\/blog\/a-la-une\/explorer-les-plateformes-phares-du-slam-et-de-la-poesie-sonore-experimentale\/#respond\"]}]},{\"@type\":\"WebPage\",\"@id\":\"https:\/\/slams.fr\/blog\/a-la-une\/explorer-les-plateformes-phares-du-slam-et-de-la-poesie-sonore-experimentale\/\",\"url\":\"https:\/\/slams.fr\/blog\/a-la-une\/explorer-les-plateformes-phares-du-slam-et-de-la-poesie-sonore-experimentale\/\",\"name\":\"Les plateformes du slam et de la po\u00e9sie sonore\",\"isPartOf\":{\"@id\":\"https:\/\/slams.fr\/blog\/#website\"},\"primaryImageOfPage\":{\"@id\":\"https:\/\/slams.fr\/blog\/a-la-une\/explorer-les-plateformes-phares-du-slam-et-de-la-poesie-sonore-experimentale\/#primaryimage\"},\"image\":{\"@id\":\"https:\/\/slams.fr\/blog\/a-la-une\/explorer-les-plateformes-phares-du-slam-et-de-la-poesie-sonore-experimentale\/#primaryimage\"},\"thumbnailUrl\":\"https:\/\/slams.fr\/blog\/wp-content\/uploads\/2025\/07\/sdxl-a2f07c2a31961d184509db7f52fac388-scaled.png\",\"datePublished\":\"2025-06-14T20:40:44+00:00\",\"description\":\"La sc\u00e8ne du spoken word et du slam contemporain s\u2019ancre aujourd\u2019hui dans des plateformes qui valorisent la densit\u00e9 des textes, la prouesse vocale\",\"inLanguage\":\"fr-FR\",\"potentialAction\":[{\"@type\":\"ReadAction\",\"target\":[\"https:\/\/slams.fr\/blog\/a-la-une\/explorer-les-plateformes-phares-du-slam-et-de-la-poesie-sonore-experimentale\/\"]}]},{\"@type\":\"ImageObject\",\"inLanguage\":\"fr-FR\",\"@id\":\"https:\/\/slams.fr\/blog\/a-la-une\/explorer-les-plateformes-phares-du-slam-et-de-la-poesie-sonore-experimentale\/#primaryimage\",\"url\":\"https:\/\/slams.fr\/blog\/wp-content\/uploads\/2025\/07\/sdxl-a2f07c2a31961d184509db7f52fac388-scaled.png\",\"contentUrl\":\"https:\/\/slams.fr\/blog\/wp-content\/uploads\/2025\/07\/sdxl-a2f07c2a31961d184509db7f52fac388-scaled.png\",\"width\":1200,\"height\":500},{\"@type\":\"WebSite\",\"@id\":\"https:\/\/slams.fr\/blog\/#website\",\"url\":\"https:\/\/slams.fr\/blog\/\",\"name\":\"slams.fr\",\"description\":\"Slams, l&#039;\u00e9nergie des mots en action\",\"publisher\":{\"@id\":\"https:\/\/slams.fr\/blog\/#organization\"},\"alternateName\":\"Slams, l'\u00e9nergie des mots en action\",\"potentialAction\":[{\"@type\":\"SearchAction\",\"target\":{\"@type\":\"EntryPoint\",\"urlTemplate\":\"https:\/\/slams.fr\/blog\/?s={search_term_string}\"},\"query-input\":{\"@type\":\"PropertyValueSpecification\",\"valueRequired\":true,\"valueName\":\"search_term_string\"}}],\"inLanguage\":\"fr-FR\"},{\"@type\":\"Organization\",\"@id\":\"https:\/\/slams.fr\/blog\/#organization\",\"name\":\"Foretsensations.fr\",\"url\":\"https:\/\/slams.fr\/blog\/\",\"logo\":{\"@type\":\"ImageObject\",\"inLanguage\":\"fr-FR\",\"@id\":\"https:\/\/slams.fr\/blog\/#\/schema\/logo\/image\/\",\"url\":\"https:\/\/slams.fr\/blog\/wp-content\/uploads\/2026\/07\/logo-auto-1.png\",\"contentUrl\":\"https:\/\/slams.fr\/blog\/wp-content\/uploads\/2026\/07\/logo-auto-1.png\",\"width\":1024,\"height\":1024,\"caption\":\"Foretsensations.fr\"},\"image\":{\"@id\":\"https:\/\/slams.fr\/blog\/#\/schema\/logo\/image\/\"}},{\"@type\":\"Person\",\"@id\":\"https:\/\/slams.fr\/blog\/#\/schema\/person\/3c864cdc320801e3db34b663e7e3f816\",\"name\":\"Rapha\u00ebl D.\",\"image\":{\"@type\":\"ImageObject\",\"inLanguage\":\"fr-FR\",\"@id\":\"https:\/\/slams.fr\/blog\/#\/schema\/person\/image\/\",\"url\":\"https:\/\/slams.fr\/blog\/wp-content\/uploads\/2026\/06\/persona_raphael-d-96x96.jpg\",\"contentUrl\":\"https:\/\/slams.fr\/blog\/wp-content\/uploads\/2026\/06\/persona_raphael-d-96x96.jpg\",\"caption\":\"Rapha\u00ebl D.\"},\"description\":\"La culture est mon terrain de jeu depuis une dizaine d'ann\u00e9es : arts visuels, s\u00e9ries, cr\u00e9ation et tout ce qui nourrit l'imaginaire. J'\u00e9cris aussi bien sur l'actualit\u00e9 des \u0153uvres que sur les coulisses de la cr\u00e9ation, avec l'envie de relier l'amateur curieux \u00e0 des univers parfois jug\u00e9s intimidants. J'aime analyser une s\u00e9rie ou une d\u00e9marche artistique sans p\u00e9dantisme, replacer une \u0153uvre dans son contexte et donner des cl\u00e9s de lecture accessibles. Avant de publier, je v\u00e9rifie mes r\u00e9f\u00e9rences, je recoupe les sources et je distingue clairement le fait de mon interpr\u00e9tation subjective. Je crois qu'une critique vaut surtout par les arguments qu'elle expose, pas par la sentence qu'elle rend. Mon angle : transmettre l'envie de d\u00e9couvrir, de regarder autrement et de se forger son propre go\u00fbt. La culture n'appartient pas qu'aux initi\u00e9s, et c'est tout l'enjeu de mon \u00e9criture.\",\"url\":\"https:\/\/slams.fr\/blog\/auteur\/raphael-d\/\",\"jobTitle\":\"R\u00e9dacteur en chef \u00b7 Culture & Cr\u00e9ation\",\"knowsAbout\":[\"Culture\",\"Cr\u00e9ation\"],\"email\":\"raphael.d@a-l-asso-de-l-art.fr\"}]}<\/script>\n<!-- \/ Yoast SEO Premium plugin. -->","yoast_head_json":{"title":"Les plateformes du slam et de la po\u00e9sie sonore","description":"La sc\u00e8ne du spoken word et du slam contemporain s\u2019ancre aujourd\u2019hui dans des plateformes qui valorisent la densit\u00e9 des textes, la prouesse vocale","robots":{"index":"index","follow":"follow","max-snippet":"max-snippet:-1","max-image-preview":"max-image-preview:large","max-video-preview":"max-video-preview:-1"},"canonical":"https:\/\/slams.fr\/blog\/a-la-une\/explorer-les-plateformes-phares-du-slam-et-de-la-poesie-sonore-experimentale\/","og_locale":"fr_FR","og_type":"article","og_title":"Les plateformes du slam et de la po\u00e9sie sonore","og_description":"La sc\u00e8ne du spoken word et du slam contemporain s\u2019ancre aujourd\u2019hui dans des plateformes qui valorisent la densit\u00e9 des textes, la prouesse vocale","og_url":"https:\/\/slams.fr\/blog\/a-la-une\/explorer-les-plateformes-phares-du-slam-et-de-la-poesie-sonore-experimentale\/","og_site_name":"slams","og_image":[{"width":1200,"height":500,"url":"https:\/\/slams.fr\/blog\/wp-content\/uploads\/2025\/07\/sdxl-a2f07c2a31961d184509db7f52fac388-scaled.png","type":"image\/png"}],"author":"Rapha\u00ebl D.","twitter_card":"summary_large_image","schema":{"@context":"https:\/\/schema.org","@graph":[{"@type":"NewsArticle","@id":"https:\/\/slams.fr\/blog\/a-la-une\/explorer-les-plateformes-phares-du-slam-et-de-la-poesie-sonore-experimentale\/#article","isPartOf":{"@id":"https:\/\/slams.fr\/blog\/a-la-une\/explorer-les-plateformes-phares-du-slam-et-de-la-poesie-sonore-experimentale\/"},"author":{"name":"Rapha\u00ebl D.","@id":"https:\/\/slams.fr\/blog\/#\/schema\/person\/3c864cdc320801e3db34b663e7e3f816"},"headline":"Explorer les plateformes phares du slam et de la po\u00e9sie sonore exp\u00e9rimentale","datePublished":"2025-06-14T20:40:44+00:00","mainEntityOfPage":{"@id":"https:\/\/slams.fr\/blog\/a-la-une\/explorer-les-plateformes-phares-du-slam-et-de-la-poesie-sonore-experimentale\/"},"wordCount":1398,"commentCount":0,"publisher":{"@id":"https:\/\/slams.fr\/blog\/#organization"},"image":{"@id":"https:\/\/slams.fr\/blog\/a-la-une\/explorer-les-plateformes-phares-du-slam-et-de-la-poesie-sonore-experimentale\/#primaryimage"},"thumbnailUrl":"https:\/\/slams.fr\/blog\/wp-content\/uploads\/2025\/07\/sdxl-a2f07c2a31961d184509db7f52fac388-scaled.png","keywords":["plateformes","poesie sonore","Slam"],"articleSection":["\u00c0 la une"],"inLanguage":"fr-FR","potentialAction":[{"@type":"CommentAction","name":"Comment","target":["https:\/\/slams.fr\/blog\/a-la-une\/explorer-les-plateformes-phares-du-slam-et-de-la-poesie-sonore-experimentale\/#respond"]}]},{"@type":"WebPage","@id":"https:\/\/slams.fr\/blog\/a-la-une\/explorer-les-plateformes-phares-du-slam-et-de-la-poesie-sonore-experimentale\/","url":"https:\/\/slams.fr\/blog\/a-la-une\/explorer-les-plateformes-phares-du-slam-et-de-la-poesie-sonore-experimentale\/","name":"Les plateformes du slam et de la po\u00e9sie sonore","isPartOf":{"@id":"https:\/\/slams.fr\/blog\/#website"},"primaryImageOfPage":{"@id":"https:\/\/slams.fr\/blog\/a-la-une\/explorer-les-plateformes-phares-du-slam-et-de-la-poesie-sonore-experimentale\/#primaryimage"},"image":{"@id":"https:\/\/slams.fr\/blog\/a-la-une\/explorer-les-plateformes-phares-du-slam-et-de-la-poesie-sonore-experimentale\/#primaryimage"},"thumbnailUrl":"https:\/\/slams.fr\/blog\/wp-content\/uploads\/2025\/07\/sdxl-a2f07c2a31961d184509db7f52fac388-scaled.png","datePublished":"2025-06-14T20:40:44+00:00","description":"La sc\u00e8ne du spoken word et du slam contemporain s\u2019ancre aujourd\u2019hui dans des plateformes qui valorisent la densit\u00e9 des textes, la prouesse vocale","inLanguage":"fr-FR","potentialAction":[{"@type":"ReadAction","target":["https:\/\/slams.fr\/blog\/a-la-une\/explorer-les-plateformes-phares-du-slam-et-de-la-poesie-sonore-experimentale\/"]}]},{"@type":"ImageObject","inLanguage":"fr-FR","@id":"https:\/\/slams.fr\/blog\/a-la-une\/explorer-les-plateformes-phares-du-slam-et-de-la-poesie-sonore-experimentale\/#primaryimage","url":"https:\/\/slams.fr\/blog\/wp-content\/uploads\/2025\/07\/sdxl-a2f07c2a31961d184509db7f52fac388-scaled.png","contentUrl":"https:\/\/slams.fr\/blog\/wp-content\/uploads\/2025\/07\/sdxl-a2f07c2a31961d184509db7f52fac388-scaled.png","width":1200,"height":500},{"@type":"WebSite","@id":"https:\/\/slams.fr\/blog\/#website","url":"https:\/\/slams.fr\/blog\/","name":"slams.fr","description":"Slams, l&#039;\u00e9nergie des mots en action","publisher":{"@id":"https:\/\/slams.fr\/blog\/#organization"},"alternateName":"Slams, l'\u00e9nergie des mots en action","potentialAction":[{"@type":"SearchAction","target":{"@type":"EntryPoint","urlTemplate":"https:\/\/slams.fr\/blog\/?s={search_term_string}"},"query-input":{"@type":"PropertyValueSpecification","valueRequired":true,"valueName":"search_term_string"}}],"inLanguage":"fr-FR"},{"@type":"Organization","@id":"https:\/\/slams.fr\/blog\/#organization","name":"Foretsensations.fr","url":"https:\/\/slams.fr\/blog\/","logo":{"@type":"ImageObject","inLanguage":"fr-FR","@id":"https:\/\/slams.fr\/blog\/#\/schema\/logo\/image\/","url":"https:\/\/slams.fr\/blog\/wp-content\/uploads\/2026\/07\/logo-auto-1.png","contentUrl":"https:\/\/slams.fr\/blog\/wp-content\/uploads\/2026\/07\/logo-auto-1.png","width":1024,"height":1024,"caption":"Foretsensations.fr"},"image":{"@id":"https:\/\/slams.fr\/blog\/#\/schema\/logo\/image\/"}},{"@type":"Person","@id":"https:\/\/slams.fr\/blog\/#\/schema\/person\/3c864cdc320801e3db34b663e7e3f816","name":"Rapha\u00ebl D.","image":{"@type":"ImageObject","inLanguage":"fr-FR","@id":"https:\/\/slams.fr\/blog\/#\/schema\/person\/image\/","url":"https:\/\/slams.fr\/blog\/wp-content\/uploads\/2026\/06\/persona_raphael-d-96x96.jpg","contentUrl":"https:\/\/slams.fr\/blog\/wp-content\/uploads\/2026\/06\/persona_raphael-d-96x96.jpg","caption":"Rapha\u00ebl D."},"description":"La culture est mon terrain de jeu depuis une dizaine d'ann\u00e9es : arts visuels, s\u00e9ries, cr\u00e9ation et tout ce qui nourrit l'imaginaire. J'\u00e9cris aussi bien sur l'actualit\u00e9 des \u0153uvres que sur les coulisses de la cr\u00e9ation, avec l'envie de relier l'amateur curieux \u00e0 des univers parfois jug\u00e9s intimidants. J'aime analyser une s\u00e9rie ou une d\u00e9marche artistique sans p\u00e9dantisme, replacer une \u0153uvre dans son contexte et donner des cl\u00e9s de lecture accessibles. Avant de publier, je v\u00e9rifie mes r\u00e9f\u00e9rences, je recoupe les sources et je distingue clairement le fait de mon interpr\u00e9tation subjective. Je crois qu'une critique vaut surtout par les arguments qu'elle expose, pas par la sentence qu'elle rend. Mon angle : transmettre l'envie de d\u00e9couvrir, de regarder autrement et de se forger son propre go\u00fbt. La culture n'appartient pas qu'aux initi\u00e9s, et c'est tout l'enjeu de mon \u00e9criture.","url":"https:\/\/slams.fr\/blog\/auteur\/raphael-d\/","jobTitle":"R\u00e9dacteur en chef \u00b7 Culture & Cr\u00e9ation","knowsAbout":["Culture","Cr\u00e9ation"],"email":"raphael.d@a-l-asso-de-l-art.fr"}]}},"_links":{"self":[{"href":"https:\/\/slams.fr\/blog\/wp-json\/wp\/v2\/posts\/7543","targetHints":{"allow":["GET"]}}],"collection":[{"href":"https:\/\/slams.fr\/blog\/wp-json\/wp\/v2\/posts"}],"about":[{"href":"https:\/\/slams.fr\/blog\/wp-json\/wp\/v2\/types\/post"}],"author":[{"embeddable":true,"href":"https:\/\/slams.fr\/blog\/wp-json\/wp\/v2\/users\/34"}],"replies":[{"embeddable":true,"href":"https:\/\/slams.fr\/blog\/wp-json\/wp\/v2\/comments?post=7543"}],"version-history":[{"count":0,"href":"https:\/\/slams.fr\/blog\/wp-json\/wp\/v2\/posts\/7543\/revisions"}],"wp:featuredmedia":[{"embeddable":true,"href":"https:\/\/slams.fr\/blog\/wp-json\/wp\/v2\/media\/7631"}],"wp:attachment":[{"href":"https:\/\/slams.fr\/blog\/wp-json\/wp\/v2\/media?parent=7543"}],"wp:term":[{"taxonomy":"category","embeddable":true,"href":"https:\/\/slams.fr\/blog\/wp-json\/wp\/v2\/categories?post=7543"},{"taxonomy":"post_tag","embeddable":true,"href":"https:\/\/slams.fr\/blog\/wp-json\/wp\/v2\/tags?post=7543"}],"curies":[{"name":"wp","href":"https:\/\/api.w.org\/{rel}","templated":true}]}}