{"id":7545,"date":"2025-06-14T22:41:28","date_gmt":"2025-06-14T20:41:28","guid":{"rendered":"https:\/\/slams.fr\/blog\/a-la-une\/les-incontournables-du-slam-et-de-la-poesie-sonore-experimentale-sur-le-web\/"},"modified":"2025-06-14T22:41:28","modified_gmt":"2025-06-14T20:41:28","slug":"les-incontournables-du-slam-et-de-la-poesie-sonore-experimentale-sur-le-web","status":"publish","type":"post","link":"https:\/\/slams.fr\/blog\/a-la-une\/les-incontournables-du-slam-et-de-la-poesie-sonore-experimentale-sur-le-web\/","title":{"rendered":"Les incontournables du slam et de la po\u00e9sie sonore exp\u00e9rimentale sur le web"},"content":{"rendered":"<h1>Les incontournables du slam et de la po\u00e9sie sonore exp\u00e9rimentale sur le web<\/h1>\n<h2>Sc\u00e8nes et plateformes en ligne d\u00e9di\u00e9es au slam et \u00e0 la po\u00e9sie perform\u00e9e<\/h2>\n<p>Le <strong>slam<\/strong> et la <strong>po\u00e9sie perform\u00e9e<\/strong> trouvent sur internet des terrains de jeu privil\u00e9gi\u00e9s, propices \u00e0 la r\u00e9sonance des voix multiples et \u00e0 la rencontre d\u2019horizons stylistiques vari\u00e9s. Les sc\u00e8nes ouvertes virtuelles, v\u00e9ritables laboratoires d\u2019expression, rassemblent po\u00e8tes confirm\u00e9s et jeunes voix \u00e9mergentes autour du partage imm\u00e9diat de la parole.<\/p>\n<ul>\n<li><strong>La Zone<\/strong> : Bas\u00e9e \u00e0 Li\u00e8ge, cette plateforme propose un format unique : chaque prestation doit durer moins de trois minutes, \u00eatre \u00e9crite par l\u2019interpr\u00e8te et r\u00e9alis\u00e9e sans musique d\u2019accompagnement. Les slams y sont diffus\u00e9s en direct et disponibles ensuite en replay. L\u2019accent est mis sur la spontan\u00e9it\u00e9, l\u2019improvisation et l\u2019accessibilit\u00e9, attirant une communaut\u00e9 internationale dynamique et interg\u00e9n\u00e9rationnelle.<\/li>\n<li><strong>Qu\u00e9bec enslam\u00e9<\/strong> : V\u00e9ritable anthologie audio, ce projet propose une s\u00e9lection de 27 slams capt\u00e9s en public \u00e0 Qu\u00e9bec, reflet de la vitalit\u00e9 du slam francophone d\u2019Am\u00e9rique du Nord. Des figures comme <strong>Marjolaine Beauchamp<\/strong> ou <strong>Fred Carrier<\/strong> y livrent des textes engag\u00e9s, port\u00e9s par une esth\u00e9tique \u00e0 la fois urbaine et profond\u00e9ment personnelle.<\/li>\n<\/ul>\n<p>Ces plateformes favorisent la diffusion \u00e0 grande \u00e9chelle des performances, encourageant la prise de parole sur des th\u00e8mes contemporains et la cr\u00e9ation de r\u00e9seaux solidaires. En f\u00e9d\u00e9rant des passionn\u00e9s de tous horizons, elles rendent la <u>po\u00e9sie orale<\/u> plus vivante, inclusive et accessible que jamais.<\/p>\n<h2>Collectifs exp\u00e9rimentaux et hybridations artistiques remarquables<\/h2>\n<p>Certains collectifs repoussent sans cesse les limites de la po\u00e9sie sonore, osant des <strong>hybridations<\/strong> in\u00e9dites o\u00f9 le spoken word croise l\u2019exp\u00e9rimentation sonore, la critique sociale et l\u2019acrobatie linguistique. Ces groupes s\u2019imposent par leur inventivit\u00e9, leur virtuosit\u00e9 et la force de leur engagement artistique.<\/p>\n<ul>\n<li><strong>Mots Paum\u00e9s Trio<\/strong> : Originaire de Grenoble, ce trio s\u2019empare du spoken word pour le r\u00e9inventer \u00e0 une cadence fulgurante, s\u2019apparentant parfois \u00e0 l\u2019acappella hip-hop. Chaque syllabe y devient instrument, chaque texte, un terrain de jeu sonore. Leurs cr\u00e9ations abordent la saturation num\u00e9rique, les d\u00e9rives consum\u00e9ristes et la qu\u00eate de sens avec une pr\u00e9cision litt\u00e9raire impressionnante, signe d\u2019une recherche artistique profonde et sans compromis.<\/li>\n<li><strong>Enterr\u00e9 sous X<\/strong> : Ce collectif toulousain m\u00eale spoken word, musique et exp\u00e9rimentation sc\u00e9nique. Leurs spectacles, naviguant entre temp\u00eates sonores et accalmies po\u00e9tiques, conjuguent voix synchronis\u00e9es, batterie, basse et violoncelle (acoustique et \u00e9lectrique). La force narrative, l\u2019intensit\u00e9 collective et la capacit\u00e9 \u00e0 questionner le monde contemporain font de chaque performance un acte artistique total.<\/li>\n<\/ul>\n<p>D\u2019autres groupes explorent les intersections entre po\u00e9sie, musique \u00e9lectronique, th\u00e9\u00e2tre visuel ou arts num\u00e9riques, affirmant le r\u00f4le fondamental du collectif comme <u>moteur d\u2019innovation<\/u> et de renouvellement des formes po\u00e9tiques. Leurs d\u00e9marches artistiques, souvent collaboratives, insufflent une vie nouvelle \u00e0 la po\u00e9sie sonore, en la pla\u00e7ant au c\u0153ur des d\u00e9bats culturels et sociaux contemporains.<\/p>\n<h2>R\u00e9seaux sociaux et cha\u00eenes sp\u00e9cialis\u00e9es : relais contemporains de la po\u00e9sie sonore<\/h2>\n<p>\u00c0 l\u2019\u00e8re du num\u00e9rique, la diffusion des performances po\u00e9tiques s\u2019intensifie gr\u00e2ce \u00e0 une multitude de r\u00e9seaux sociaux, cha\u00eenes vid\u00e9o et podcasts sp\u00e9cialis\u00e9s. Ces supports bouleversent les canaux traditionnels, soutenant l\u2019\u00e9mergence de <strong>jeunes talents<\/strong> et propulsant la po\u00e9sie orale dans des sph\u00e8res jusque-l\u00e0 r\u00e9serv\u00e9es \u00e0 la musique ou \u00e0 la vid\u00e9o.<\/p>\n<ul>\n<li><strong>YouTube<\/strong> : De nombreuses cha\u00eenes francophones r\u00e9alisent des captations de sc\u00e8nes slam, des battles ou des cr\u00e9ations originales, comme celle du collectif <strong>Slam \u00f4 f\u00e9minin<\/strong> ou du <strong>Printemps des Po\u00e8tes<\/strong>, offrant un acc\u00e8s libre et permanent \u00e0 la cr\u00e9ation contemporaine.<\/li>\n<li><strong>Podcasts d\u00e9di\u00e9s au spoken word<\/strong> : Des \u00e9missions sp\u00e9cialis\u00e9es, telles que <strong>Slam Po\u00e9sie Exp\u00e9rimentale<\/strong>, diffusent sur les plateformes de podcast des enregistrements in\u00e9dits, interviews d\u2019artistes et focus sur des d\u00e9marches exp\u00e9rimentales, \u00e9largissant l\u2019audience et inspirant la pratique.<\/li>\n<li><strong>Instagram &amp; TikTok<\/strong> : Les formats courts de ces r\u00e9seaux permettent de partager instantan\u00e9ment des extraits de performances, cr\u00e9ant des communaut\u00e9s vibrantes et interactives autour de la po\u00e9sie orale.<\/li>\n<\/ul>\n<p>L\u2019impact de ces relais num\u00e9riques se traduit par une <u>d\u00e9mocratisation<\/u> de la po\u00e9sie parl\u00e9e, la possibilit\u00e9 de collaborations artistiques internationales et l\u2019int\u00e9gration d\u2019\u00e9l\u00e9ments multim\u00e9dias, du remix sonore au visuel augment\u00e9. Les \u0153uvres y deviennent virales, invitant des publics nouveaux \u00e0 investir l\u2019espace po\u00e9tique.<\/p>\n<h2>Cartographie des \u00e9v\u00e9nements phares et lieux embl\u00e9matiques du slam en France<\/h2>\n<p>Le paysage hexagonal du slam et de la <strong>po\u00e9sie perform\u00e9e<\/strong> s\u2019articule autour de sc\u00e8nes embl\u00e9matiques et d\u2019\u00e9v\u00e9nements phares, v\u00e9ritables foyers de cr\u00e9ation et de diffusion. Ces espaces, physiques ou virtuels, accueillent concours, sc\u00e8nes ouvertes et festivals, offrant aux artistes des points d\u2019ancrage et de rayonnement in\u00e9gal\u00e9s.<\/p>\n<ul>\n<li><strong>Le Caf\u00e9 Culturel de Paris<\/strong> : Institution fondatrice du mouvement slam en France, ce lieu organise r\u00e9guli\u00e8rement des soir\u00e9es \u00e0 th\u00e8me, o\u00f9 s\u2019expriment des figures majeures du genre et des voix \u00e9mergentes, dans une ambiance inclusive et interg\u00e9n\u00e9rationnelle.<\/li>\n<li><strong>Le festival \u00ab Nuit du Slam \u00bb<\/strong> : Pr\u00e9sent dans des villes comme Grenoble, Marseille et Albi, ce rendez-vous f\u00e9d\u00e8re la sc\u00e8ne nationale autour de comp\u00e9titions, ateliers d\u2019\u00e9criture et performances collaboratives, r\u00e9v\u00e9lant chaque ann\u00e9e de nouveaux talents.<\/li>\n<li><strong>Sc\u00e8ne slam de Brest<\/strong> : Laboratoire d\u2019innovation artistique, cette sc\u00e8ne brestoise accorde une large place aux hybridations avec la musique \u00e9lectronique et les arts num\u00e9riques, illustrant la vitalit\u00e9 r\u00e9gionale de la po\u00e9sie orale.<\/li>\n<li><strong>Performances de Narcisse<\/strong> : Artiste suisse couronn\u00e9 \u00e0 plusieurs reprises, Narcisse incarne la convergence entre po\u00e9sie, vid\u00e9o et technologie interactive. Son spectacle, organis\u00e9 dans le cadre de la Semaine de la langue fran\u00e7aise, red\u00e9finit l\u2019exp\u00e9rience sc\u00e9nique gr\u00e2ce \u00e0 un dispositif visuel et sonore immersif.<\/li>\n<\/ul>\n<p>Cette cartographie met en lumi\u00e8re l\u2019extraordinaire diversit\u00e9 des espaces d\u00e9di\u00e9s \u00e0 la po\u00e9sie orale en France. Caf\u00e9s, salles de concert, festivals et plateformes digitales forment un \u00e9cosyst\u00e8me riche, dynamique et propice \u00e0 l\u2019innovation continue.<\/p>\n<h2>La po\u00e9sie sonore exp\u00e9rimentale comme laboratoire d\u2019innovation culturelle<\/h2>\n<p>En se r\u00e9inventant sans cesse \u00e0 travers des plateformes num\u00e9riques, collectifs audacieux et \u00e9v\u00e9nements phares, la <strong>po\u00e9sie sonore exp\u00e9rimentale<\/strong> s\u2019affirme comme un laboratoire d\u2019innovation culturelle. Elle renouvelle non seulement les formes de la cr\u00e9ation litt\u00e9raire, mais interroge aussi les enjeux de soci\u00e9t\u00e9, l\u2019inclusion des voix minoritaires et le rapport entre public et cr\u00e9ateurs.<\/p>\n<ul>\n<li><u>Renouvellement de l\u2019oralit\u00e9<\/u> : Le mouvement exp\u00e9rimental s\u2019inscrit dans une dynamique cr\u00e9ative o\u00f9 la voix devient m\u00e9dium de r\u00e9flexion, d\u2019\u00e9mancipation et de critique. Les artistes exp\u00e9rimentent les textures acoustiques, les dispositifs technologiques et les alliances interdisciplinaires, suscitant de nouveaux modes de r\u00e9ception.<\/li>\n<li><u>Laboratoire social<\/u> : Ces espaces virtuels et physiques questionnent la place de la po\u00e9sie dans la cit\u00e9, favorisent la participation citoyenne et rendent l\u2019art accessible en dehors des circuits institutionnels classiques.<\/li>\n<li><u>Moteur d\u2019inclusion<\/u> : En ouvrant la sc\u00e8ne \u00e0 toutes les identit\u00e9s, la po\u00e9sie sonore exp\u00e9rimentale s\u2019impose comme un vecteur d\u2019expression libre, inclusive et transformative, r\u00e9v\u00e9lant la pluralit\u00e9 des exp\u00e9riences et des imaginaires contemporains.<\/li>\n<\/ul>\n<p>En conclusion, nous percevons ces plateformes et collectifs comme les v\u00e9ritables moteurs d\u2019une <strong>r\u00e9volution po\u00e9tique<\/strong> du XXIe si\u00e8cle, o\u00f9 la cr\u00e9ativit\u00e9 sonore rencontre la force du texte et la puissance de la communaut\u00e9. \u00c0 travers l\u2019innovation technique et l\u2019audace litt\u00e9raire, la po\u00e9sie perform\u00e9e fa\u00e7onne une nouvelle esth\u00e9tique de l\u2019\u00e9coute, de la rencontre et de la parole partag\u00e9e, au c\u0153ur de la modernit\u00e9 culturelle.<\/p>\n","protected":false},"excerpt":{"rendered":"","protected":false},"author":34,"featured_media":7569,"comment_status":"open","ping_status":"open","sticky":false,"template":"","format":"standard","meta":{"_acf_changed":false,"manual_indexmenow":false,"indexmenow_id_project":0,"footnotes":""},"categories":[1],"tags":[4537,4726,4526],"class_list":["post-7545","post","type-post","status-publish","format-standard","has-post-thumbnail","hentry","category-a-la-une","tag-performance","tag-posie-sonore","tag-slam","generate-columns","tablet-grid-50","mobile-grid-100","grid-parent","grid-25"],"acf":[],"yoast_head":"<!-- This site is optimized with the Yoast SEO Premium plugin v21.3 (Yoast SEO v26.5) - https:\/\/yoast.com\/wordpress\/plugins\/seo\/ -->\n<title>Le slam et la po\u00e9sie sonore exp\u00e9rimentale sur le web<\/title>\n<meta name=\"description\" content=\"Le slam et la po\u00e9sie perform\u00e9e trouvent sur internet des terrains de jeu privil\u00e9gi\u00e9s, propices \u00e0 la r\u00e9sonance des voix multiples et \u00e0 la rencontre\" \/>\n<meta name=\"robots\" content=\"index, follow, max-snippet:-1, max-image-preview:large, max-video-preview:-1\" \/>\n<link rel=\"canonical\" href=\"https:\/\/slams.fr\/blog\/a-la-une\/les-incontournables-du-slam-et-de-la-poesie-sonore-experimentale-sur-le-web\/\" \/>\n<meta property=\"og:locale\" content=\"fr_FR\" \/>\n<meta property=\"og:type\" content=\"article\" \/>\n<meta property=\"og:title\" content=\"Le slam et la po\u00e9sie sonore exp\u00e9rimentale sur le web\" \/>\n<meta property=\"og:description\" content=\"Le slam et la po\u00e9sie perform\u00e9e trouvent sur internet des terrains de jeu privil\u00e9gi\u00e9s, propices \u00e0 la r\u00e9sonance des voix multiples et \u00e0 la rencontre\" \/>\n<meta property=\"og:url\" content=\"https:\/\/slams.fr\/blog\/a-la-une\/les-incontournables-du-slam-et-de-la-poesie-sonore-experimentale-sur-le-web\/\" \/>\n<meta property=\"og:site_name\" content=\"slams\" \/>\n<meta property=\"og:image\" content=\"https:\/\/slams.fr\/blog\/wp-content\/uploads\/2025\/07\/sdxl-8ef2e43ee6c2c6fc43acb725205ee5c8-scaled.png\" \/>\n\t<meta property=\"og:image:width\" content=\"1200\" \/>\n\t<meta property=\"og:image:height\" content=\"500\" \/>\n\t<meta property=\"og:image:type\" content=\"image\/png\" \/>\n<meta name=\"author\" content=\"Rapha\u00ebl D.\" \/>\n<meta name=\"twitter:card\" content=\"summary_large_image\" \/>\n<script type=\"application\/ld+json\" class=\"yoast-schema-graph\">{\"@context\":\"https:\/\/schema.org\",\"@graph\":[{\"@type\":\"NewsArticle\",\"@id\":\"https:\/\/slams.fr\/blog\/a-la-une\/les-incontournables-du-slam-et-de-la-poesie-sonore-experimentale-sur-le-web\/#article\",\"isPartOf\":{\"@id\":\"https:\/\/slams.fr\/blog\/a-la-une\/les-incontournables-du-slam-et-de-la-poesie-sonore-experimentale-sur-le-web\/\"},\"author\":{\"name\":\"Rapha\u00ebl D.\",\"@id\":\"https:\/\/slams.fr\/blog\/#\/schema\/person\/3c864cdc320801e3db34b663e7e3f816\"},\"headline\":\"Les incontournables du slam et de la po\u00e9sie sonore exp\u00e9rimentale sur le web\",\"datePublished\":\"2025-06-14T20:41:28+00:00\",\"mainEntityOfPage\":{\"@id\":\"https:\/\/slams.fr\/blog\/a-la-une\/les-incontournables-du-slam-et-de-la-poesie-sonore-experimentale-sur-le-web\/\"},\"wordCount\":1357,\"commentCount\":0,\"publisher\":{\"@id\":\"https:\/\/slams.fr\/blog\/#organization\"},\"image\":{\"@id\":\"https:\/\/slams.fr\/blog\/a-la-une\/les-incontournables-du-slam-et-de-la-poesie-sonore-experimentale-sur-le-web\/#primaryimage\"},\"thumbnailUrl\":\"https:\/\/slams.fr\/blog\/wp-content\/uploads\/2025\/07\/sdxl-8ef2e43ee6c2c6fc43acb725205ee5c8-scaled.png\",\"keywords\":[\"Performance\",\"posie sonore\",\"Slam\"],\"articleSection\":[\"\u00c0 la une\"],\"inLanguage\":\"fr-FR\",\"potentialAction\":[{\"@type\":\"CommentAction\",\"name\":\"Comment\",\"target\":[\"https:\/\/slams.fr\/blog\/a-la-une\/les-incontournables-du-slam-et-de-la-poesie-sonore-experimentale-sur-le-web\/#respond\"]}]},{\"@type\":\"WebPage\",\"@id\":\"https:\/\/slams.fr\/blog\/a-la-une\/les-incontournables-du-slam-et-de-la-poesie-sonore-experimentale-sur-le-web\/\",\"url\":\"https:\/\/slams.fr\/blog\/a-la-une\/les-incontournables-du-slam-et-de-la-poesie-sonore-experimentale-sur-le-web\/\",\"name\":\"Le slam et la po\u00e9sie sonore exp\u00e9rimentale sur le web\",\"isPartOf\":{\"@id\":\"https:\/\/slams.fr\/blog\/#website\"},\"primaryImageOfPage\":{\"@id\":\"https:\/\/slams.fr\/blog\/a-la-une\/les-incontournables-du-slam-et-de-la-poesie-sonore-experimentale-sur-le-web\/#primaryimage\"},\"image\":{\"@id\":\"https:\/\/slams.fr\/blog\/a-la-une\/les-incontournables-du-slam-et-de-la-poesie-sonore-experimentale-sur-le-web\/#primaryimage\"},\"thumbnailUrl\":\"https:\/\/slams.fr\/blog\/wp-content\/uploads\/2025\/07\/sdxl-8ef2e43ee6c2c6fc43acb725205ee5c8-scaled.png\",\"datePublished\":\"2025-06-14T20:41:28+00:00\",\"description\":\"Le slam et la po\u00e9sie perform\u00e9e trouvent sur internet des terrains de jeu privil\u00e9gi\u00e9s, propices \u00e0 la r\u00e9sonance des voix multiples et \u00e0 la rencontre\",\"inLanguage\":\"fr-FR\",\"potentialAction\":[{\"@type\":\"ReadAction\",\"target\":[\"https:\/\/slams.fr\/blog\/a-la-une\/les-incontournables-du-slam-et-de-la-poesie-sonore-experimentale-sur-le-web\/\"]}]},{\"@type\":\"ImageObject\",\"inLanguage\":\"fr-FR\",\"@id\":\"https:\/\/slams.fr\/blog\/a-la-une\/les-incontournables-du-slam-et-de-la-poesie-sonore-experimentale-sur-le-web\/#primaryimage\",\"url\":\"https:\/\/slams.fr\/blog\/wp-content\/uploads\/2025\/07\/sdxl-8ef2e43ee6c2c6fc43acb725205ee5c8-scaled.png\",\"contentUrl\":\"https:\/\/slams.fr\/blog\/wp-content\/uploads\/2025\/07\/sdxl-8ef2e43ee6c2c6fc43acb725205ee5c8-scaled.png\",\"width\":1200,\"height\":500},{\"@type\":\"WebSite\",\"@id\":\"https:\/\/slams.fr\/blog\/#website\",\"url\":\"https:\/\/slams.fr\/blog\/\",\"name\":\"slams.fr\",\"description\":\"Slams, l&#039;\u00e9nergie des mots en action\",\"publisher\":{\"@id\":\"https:\/\/slams.fr\/blog\/#organization\"},\"alternateName\":\"Slams, l'\u00e9nergie des mots en action\",\"potentialAction\":[{\"@type\":\"SearchAction\",\"target\":{\"@type\":\"EntryPoint\",\"urlTemplate\":\"https:\/\/slams.fr\/blog\/?s={search_term_string}\"},\"query-input\":{\"@type\":\"PropertyValueSpecification\",\"valueRequired\":true,\"valueName\":\"search_term_string\"}}],\"inLanguage\":\"fr-FR\"},{\"@type\":\"Organization\",\"@id\":\"https:\/\/slams.fr\/blog\/#organization\",\"name\":\"Foretsensations.fr\",\"url\":\"https:\/\/slams.fr\/blog\/\",\"logo\":{\"@type\":\"ImageObject\",\"inLanguage\":\"fr-FR\",\"@id\":\"https:\/\/slams.fr\/blog\/#\/schema\/logo\/image\/\",\"url\":\"https:\/\/slams.fr\/blog\/wp-content\/uploads\/2026\/07\/logo-auto-1.png\",\"contentUrl\":\"https:\/\/slams.fr\/blog\/wp-content\/uploads\/2026\/07\/logo-auto-1.png\",\"width\":1024,\"height\":1024,\"caption\":\"Foretsensations.fr\"},\"image\":{\"@id\":\"https:\/\/slams.fr\/blog\/#\/schema\/logo\/image\/\"}},{\"@type\":\"Person\",\"@id\":\"https:\/\/slams.fr\/blog\/#\/schema\/person\/3c864cdc320801e3db34b663e7e3f816\",\"name\":\"Rapha\u00ebl D.\",\"image\":{\"@type\":\"ImageObject\",\"inLanguage\":\"fr-FR\",\"@id\":\"https:\/\/slams.fr\/blog\/#\/schema\/person\/image\/\",\"url\":\"https:\/\/slams.fr\/blog\/wp-content\/uploads\/2026\/06\/persona_raphael-d-96x96.jpg\",\"contentUrl\":\"https:\/\/slams.fr\/blog\/wp-content\/uploads\/2026\/06\/persona_raphael-d-96x96.jpg\",\"caption\":\"Rapha\u00ebl D.\"},\"description\":\"La culture est mon terrain de jeu depuis une dizaine d'ann\u00e9es : arts visuels, s\u00e9ries, cr\u00e9ation et tout ce qui nourrit l'imaginaire. J'\u00e9cris aussi bien sur l'actualit\u00e9 des \u0153uvres que sur les coulisses de la cr\u00e9ation, avec l'envie de relier l'amateur curieux \u00e0 des univers parfois jug\u00e9s intimidants. J'aime analyser une s\u00e9rie ou une d\u00e9marche artistique sans p\u00e9dantisme, replacer une \u0153uvre dans son contexte et donner des cl\u00e9s de lecture accessibles. Avant de publier, je v\u00e9rifie mes r\u00e9f\u00e9rences, je recoupe les sources et je distingue clairement le fait de mon interpr\u00e9tation subjective. Je crois qu'une critique vaut surtout par les arguments qu'elle expose, pas par la sentence qu'elle rend. Mon angle : transmettre l'envie de d\u00e9couvrir, de regarder autrement et de se forger son propre go\u00fbt. La culture n'appartient pas qu'aux initi\u00e9s, et c'est tout l'enjeu de mon \u00e9criture.\",\"url\":\"https:\/\/slams.fr\/blog\/auteur\/raphael-d\/\",\"jobTitle\":\"R\u00e9dacteur en chef \u00b7 Culture & Cr\u00e9ation\",\"knowsAbout\":[\"Culture\",\"Cr\u00e9ation\"],\"email\":\"raphael.d@a-l-asso-de-l-art.fr\"}]}<\/script>\n<!-- \/ Yoast SEO Premium plugin. -->","yoast_head_json":{"title":"Le slam et la po\u00e9sie sonore exp\u00e9rimentale sur le web","description":"Le slam et la po\u00e9sie perform\u00e9e trouvent sur internet des terrains de jeu privil\u00e9gi\u00e9s, propices \u00e0 la r\u00e9sonance des voix multiples et \u00e0 la rencontre","robots":{"index":"index","follow":"follow","max-snippet":"max-snippet:-1","max-image-preview":"max-image-preview:large","max-video-preview":"max-video-preview:-1"},"canonical":"https:\/\/slams.fr\/blog\/a-la-une\/les-incontournables-du-slam-et-de-la-poesie-sonore-experimentale-sur-le-web\/","og_locale":"fr_FR","og_type":"article","og_title":"Le slam et la po\u00e9sie sonore exp\u00e9rimentale sur le web","og_description":"Le slam et la po\u00e9sie perform\u00e9e trouvent sur internet des terrains de jeu privil\u00e9gi\u00e9s, propices \u00e0 la r\u00e9sonance des voix multiples et \u00e0 la rencontre","og_url":"https:\/\/slams.fr\/blog\/a-la-une\/les-incontournables-du-slam-et-de-la-poesie-sonore-experimentale-sur-le-web\/","og_site_name":"slams","og_image":[{"width":1200,"height":500,"url":"https:\/\/slams.fr\/blog\/wp-content\/uploads\/2025\/07\/sdxl-8ef2e43ee6c2c6fc43acb725205ee5c8-scaled.png","type":"image\/png"}],"author":"Rapha\u00ebl D.","twitter_card":"summary_large_image","schema":{"@context":"https:\/\/schema.org","@graph":[{"@type":"NewsArticle","@id":"https:\/\/slams.fr\/blog\/a-la-une\/les-incontournables-du-slam-et-de-la-poesie-sonore-experimentale-sur-le-web\/#article","isPartOf":{"@id":"https:\/\/slams.fr\/blog\/a-la-une\/les-incontournables-du-slam-et-de-la-poesie-sonore-experimentale-sur-le-web\/"},"author":{"name":"Rapha\u00ebl D.","@id":"https:\/\/slams.fr\/blog\/#\/schema\/person\/3c864cdc320801e3db34b663e7e3f816"},"headline":"Les incontournables du slam et de la po\u00e9sie sonore exp\u00e9rimentale sur le web","datePublished":"2025-06-14T20:41:28+00:00","mainEntityOfPage":{"@id":"https:\/\/slams.fr\/blog\/a-la-une\/les-incontournables-du-slam-et-de-la-poesie-sonore-experimentale-sur-le-web\/"},"wordCount":1357,"commentCount":0,"publisher":{"@id":"https:\/\/slams.fr\/blog\/#organization"},"image":{"@id":"https:\/\/slams.fr\/blog\/a-la-une\/les-incontournables-du-slam-et-de-la-poesie-sonore-experimentale-sur-le-web\/#primaryimage"},"thumbnailUrl":"https:\/\/slams.fr\/blog\/wp-content\/uploads\/2025\/07\/sdxl-8ef2e43ee6c2c6fc43acb725205ee5c8-scaled.png","keywords":["Performance","posie sonore","Slam"],"articleSection":["\u00c0 la une"],"inLanguage":"fr-FR","potentialAction":[{"@type":"CommentAction","name":"Comment","target":["https:\/\/slams.fr\/blog\/a-la-une\/les-incontournables-du-slam-et-de-la-poesie-sonore-experimentale-sur-le-web\/#respond"]}]},{"@type":"WebPage","@id":"https:\/\/slams.fr\/blog\/a-la-une\/les-incontournables-du-slam-et-de-la-poesie-sonore-experimentale-sur-le-web\/","url":"https:\/\/slams.fr\/blog\/a-la-une\/les-incontournables-du-slam-et-de-la-poesie-sonore-experimentale-sur-le-web\/","name":"Le slam et la po\u00e9sie sonore exp\u00e9rimentale sur le web","isPartOf":{"@id":"https:\/\/slams.fr\/blog\/#website"},"primaryImageOfPage":{"@id":"https:\/\/slams.fr\/blog\/a-la-une\/les-incontournables-du-slam-et-de-la-poesie-sonore-experimentale-sur-le-web\/#primaryimage"},"image":{"@id":"https:\/\/slams.fr\/blog\/a-la-une\/les-incontournables-du-slam-et-de-la-poesie-sonore-experimentale-sur-le-web\/#primaryimage"},"thumbnailUrl":"https:\/\/slams.fr\/blog\/wp-content\/uploads\/2025\/07\/sdxl-8ef2e43ee6c2c6fc43acb725205ee5c8-scaled.png","datePublished":"2025-06-14T20:41:28+00:00","description":"Le slam et la po\u00e9sie perform\u00e9e trouvent sur internet des terrains de jeu privil\u00e9gi\u00e9s, propices \u00e0 la r\u00e9sonance des voix multiples et \u00e0 la rencontre","inLanguage":"fr-FR","potentialAction":[{"@type":"ReadAction","target":["https:\/\/slams.fr\/blog\/a-la-une\/les-incontournables-du-slam-et-de-la-poesie-sonore-experimentale-sur-le-web\/"]}]},{"@type":"ImageObject","inLanguage":"fr-FR","@id":"https:\/\/slams.fr\/blog\/a-la-une\/les-incontournables-du-slam-et-de-la-poesie-sonore-experimentale-sur-le-web\/#primaryimage","url":"https:\/\/slams.fr\/blog\/wp-content\/uploads\/2025\/07\/sdxl-8ef2e43ee6c2c6fc43acb725205ee5c8-scaled.png","contentUrl":"https:\/\/slams.fr\/blog\/wp-content\/uploads\/2025\/07\/sdxl-8ef2e43ee6c2c6fc43acb725205ee5c8-scaled.png","width":1200,"height":500},{"@type":"WebSite","@id":"https:\/\/slams.fr\/blog\/#website","url":"https:\/\/slams.fr\/blog\/","name":"slams.fr","description":"Slams, l&#039;\u00e9nergie des mots en action","publisher":{"@id":"https:\/\/slams.fr\/blog\/#organization"},"alternateName":"Slams, l'\u00e9nergie des mots en action","potentialAction":[{"@type":"SearchAction","target":{"@type":"EntryPoint","urlTemplate":"https:\/\/slams.fr\/blog\/?s={search_term_string}"},"query-input":{"@type":"PropertyValueSpecification","valueRequired":true,"valueName":"search_term_string"}}],"inLanguage":"fr-FR"},{"@type":"Organization","@id":"https:\/\/slams.fr\/blog\/#organization","name":"Foretsensations.fr","url":"https:\/\/slams.fr\/blog\/","logo":{"@type":"ImageObject","inLanguage":"fr-FR","@id":"https:\/\/slams.fr\/blog\/#\/schema\/logo\/image\/","url":"https:\/\/slams.fr\/blog\/wp-content\/uploads\/2026\/07\/logo-auto-1.png","contentUrl":"https:\/\/slams.fr\/blog\/wp-content\/uploads\/2026\/07\/logo-auto-1.png","width":1024,"height":1024,"caption":"Foretsensations.fr"},"image":{"@id":"https:\/\/slams.fr\/blog\/#\/schema\/logo\/image\/"}},{"@type":"Person","@id":"https:\/\/slams.fr\/blog\/#\/schema\/person\/3c864cdc320801e3db34b663e7e3f816","name":"Rapha\u00ebl D.","image":{"@type":"ImageObject","inLanguage":"fr-FR","@id":"https:\/\/slams.fr\/blog\/#\/schema\/person\/image\/","url":"https:\/\/slams.fr\/blog\/wp-content\/uploads\/2026\/06\/persona_raphael-d-96x96.jpg","contentUrl":"https:\/\/slams.fr\/blog\/wp-content\/uploads\/2026\/06\/persona_raphael-d-96x96.jpg","caption":"Rapha\u00ebl D."},"description":"La culture est mon terrain de jeu depuis une dizaine d'ann\u00e9es : arts visuels, s\u00e9ries, cr\u00e9ation et tout ce qui nourrit l'imaginaire. J'\u00e9cris aussi bien sur l'actualit\u00e9 des \u0153uvres que sur les coulisses de la cr\u00e9ation, avec l'envie de relier l'amateur curieux \u00e0 des univers parfois jug\u00e9s intimidants. J'aime analyser une s\u00e9rie ou une d\u00e9marche artistique sans p\u00e9dantisme, replacer une \u0153uvre dans son contexte et donner des cl\u00e9s de lecture accessibles. Avant de publier, je v\u00e9rifie mes r\u00e9f\u00e9rences, je recoupe les sources et je distingue clairement le fait de mon interpr\u00e9tation subjective. Je crois qu'une critique vaut surtout par les arguments qu'elle expose, pas par la sentence qu'elle rend. Mon angle : transmettre l'envie de d\u00e9couvrir, de regarder autrement et de se forger son propre go\u00fbt. La culture n'appartient pas qu'aux initi\u00e9s, et c'est tout l'enjeu de mon \u00e9criture.","url":"https:\/\/slams.fr\/blog\/auteur\/raphael-d\/","jobTitle":"R\u00e9dacteur en chef \u00b7 Culture & Cr\u00e9ation","knowsAbout":["Culture","Cr\u00e9ation"],"email":"raphael.d@a-l-asso-de-l-art.fr"}]}},"_links":{"self":[{"href":"https:\/\/slams.fr\/blog\/wp-json\/wp\/v2\/posts\/7545","targetHints":{"allow":["GET"]}}],"collection":[{"href":"https:\/\/slams.fr\/blog\/wp-json\/wp\/v2\/posts"}],"about":[{"href":"https:\/\/slams.fr\/blog\/wp-json\/wp\/v2\/types\/post"}],"author":[{"embeddable":true,"href":"https:\/\/slams.fr\/blog\/wp-json\/wp\/v2\/users\/34"}],"replies":[{"embeddable":true,"href":"https:\/\/slams.fr\/blog\/wp-json\/wp\/v2\/comments?post=7545"}],"version-history":[{"count":0,"href":"https:\/\/slams.fr\/blog\/wp-json\/wp\/v2\/posts\/7545\/revisions"}],"wp:featuredmedia":[{"embeddable":true,"href":"https:\/\/slams.fr\/blog\/wp-json\/wp\/v2\/media\/7569"}],"wp:attachment":[{"href":"https:\/\/slams.fr\/blog\/wp-json\/wp\/v2\/media?parent=7545"}],"wp:term":[{"taxonomy":"category","embeddable":true,"href":"https:\/\/slams.fr\/blog\/wp-json\/wp\/v2\/categories?post=7545"},{"taxonomy":"post_tag","embeddable":true,"href":"https:\/\/slams.fr\/blog\/wp-json\/wp\/v2\/tags?post=7545"}],"curies":[{"name":"wp","href":"https:\/\/api.w.org\/{rel}","templated":true}]}}