{"id":7549,"date":"2025-06-14T22:43:06","date_gmt":"2025-06-14T20:43:06","guid":{"rendered":"https:\/\/slams.fr\/blog\/a-la-une\/top-5-des-plateformes-incontournables-pour-slam-et-poesie-visuelle-en-video\/"},"modified":"2025-06-14T22:43:06","modified_gmt":"2025-06-14T20:43:06","slug":"top-5-des-plateformes-incontournables-pour-slam-et-poesie-visuelle-en-video","status":"publish","type":"post","link":"https:\/\/slams.fr\/blog\/a-la-une\/top-5-des-plateformes-incontournables-pour-slam-et-poesie-visuelle-en-video\/","title":{"rendered":"Top 5 des plateformes incontournables pour slam et po\u00e9sie visuelle en vid\u00e9o"},"content":{"rendered":"<h1>Top 5 des plateformes incontournables pour slam et po\u00e9sie visuelle en vid\u00e9o<\/h1>\n<h2>Visites en slam-po\u00e9sie : l\u2019art du parcours sc\u00e9naris\u00e9<\/h2>\n<p>\nL\u2019exp\u00e9rience orchestr\u00e9e par <strong>Elvi Slam Po\u00e9sie<\/strong> incarne parfaitement la fusion entre <u>d\u00e9couverte culturelle<\/u> et <strong>po\u00e9sie perform\u00e9e<\/strong> sc\u00e9naris\u00e9e. Ce collectif propose des <strong>visites immersives<\/strong> \u00e0 travers des lieux embl\u00e9matiques \u2013 mus\u00e9es, th\u00e9\u00e2tres, espaces industriels \u2013 o\u00f9 chaque arr\u00eat devient pr\u00e9texte \u00e0 une cr\u00e9ation in\u00e9dite, capt\u00e9e en vid\u00e9o et pens\u00e9e pour le spectateur d\u2019aujourd\u2019hui.\n<\/p>\n<ul>\n<li><strong>Elvi Slam Po\u00e9sie<\/strong> a r\u00e9cemment transform\u00e9 <u>la visite de la brasserie Sainte-C\u00e9cile<\/u> en parcours slam visuel, \u00e0 la crois\u00e9e d\u2019une visite guid\u00e9e et d\u2019une installation po\u00e9tique.<\/li>\n<li>Le collectif orchestre des \u00e9v\u00e9nements collaboratifs, o\u00f9 chaque performance constitue un <strong>moment de po\u00e9sie vivante<\/strong> diffus\u00e9 en streaming ou capt\u00e9 pour le web.<\/li>\n<\/ul>\n<p>\nNous valorisons cette approche qui favorise une <strong>interaction directe<\/strong> avec le public, tout en posant la po\u00e9sie comme vecteur de m\u00e9diation et d\u2019\u00e9motion. Cette sc\u00e8ne permet aux nouveaux talents de se confronter au regard du public et de r\u00e9inventer la po\u00e9sie hors des cadres habituels.\n<\/p>\n<h2>Collectifs de slam en ch\u0153ur : puissance de la po\u00e9sie collaborative film\u00e9e<\/h2>\n<p>\nLa dynamique du <strong>slam collectif<\/strong>, initi\u00e9e et port\u00e9e par <strong>Incendies de Paroles<\/strong>, renouvelle profond\u00e9ment l\u2019univers de la po\u00e9sie vid\u00e9o. Cette plateforme se distingue par la production et la diffusion de captations de performances, souvent r\u00e9alis\u00e9es <u>en temps r\u00e9el<\/u>, o\u00f9 la <strong>polyphonie<\/strong> des voix et la synergie du groupe d\u00e9multiplient la port\u00e9e \u00e9motionnelle des textes.\n<\/p>\n<ul>\n<li><strong>Incendies de Paroles<\/strong> invite r\u00e9guli\u00e8rement des slameurs \u00e0 composer et interpr\u00e9ter des textes \u00e0 plusieurs mains, film\u00e9s lors de sessions publiques ou priv\u00e9es.<\/li>\n<li>La <u>mise en voix collective<\/u>, alli\u00e9e au format vid\u00e9o, met en lumi\u00e8re l\u2019\u00e9coute et l\u2019ouverture \u00e0 l\u2019autre, essentiels \u00e0 ce genre litt\u00e9raire.<\/li>\n<li>Les vid\u00e9os issues de ces ateliers ont permis de r\u00e9v\u00e9ler de nouvelles plumes, tout en offrant des archives pr\u00e9cieuses sur l\u2019\u00e9volution du slam collaboratif.<\/li>\n<\/ul>\n<p>\nNous estimons indispensable de soutenir ces d\u00e9marches, car elles placent le <strong>collectif<\/strong> au c\u0153ur de la cr\u00e9ation et brouillent les fronti\u00e8res entre <u>spectacle vivant<\/u> et m\u00e9dia num\u00e9rique. Ce format encourage l\u2019audace, la diversit\u00e9 et la transmission, valeurs structurantes pour la po\u00e9sie contemporaine.\n<\/p>\n<h2>R\u00e9seaux francophones et \u00e9v\u00e9nements vid\u00e9o-po\u00e9sie : tremplins transatlantiques<\/h2>\n<p>\nLe <strong>R\u00e9seau Qu\u00e9bec-France Francophonie<\/strong> joue un r\u00f4le cl\u00e9 dans la diffusion du slam et de la po\u00e9sie visuelle \u00e0 l\u2019\u00e9chelle internationale. Ce r\u00e9seau f\u00e9d\u00e8re artistes, collectifs et festivals autour d\u2019<u>\u00e9v\u00e9nements transatlantiques<\/u> et d\u2019une programmation r\u00e9solument multim\u00e9dia, int\u00e9grant concours vid\u00e9o, webdocumentaires et capsules de performances.\n<\/p>\n<ul>\n<li>Lors du <strong>Festival Francophonie en Slam<\/strong> \u00e0 Montr\u00e9al, des capsules vid\u00e9o-po\u00e9tiques produites en direct ont r\u00e9uni des auteurs du Qu\u00e9bec, de France, de Belgique et d\u2019Afrique de l\u2019Ouest.<\/li>\n<li>Plusieurs concours \u2013 tels que <strong>Po\u00e9sie en images<\/strong> \u2013 r\u00e9compensent chaque ann\u00e9e des cr\u00e9ations vid\u00e9o originales, diffus\u00e9es sur les r\u00e9seaux sociaux du R\u00e9seau.<\/li>\n<li>Une attention particuli\u00e8re est accord\u00e9e \u00e0 la jeunesse, avec des ateliers d\u2019initiation \u00e0 la vid\u00e9o-po\u00e9sie dans les lyc\u00e9es et universit\u00e9s partenaires.<\/li>\n<\/ul>\n<p>\nCe dispositif favorise l\u2019\u00e9mergence de nouveaux talents et rend visible une diversit\u00e9 d\u2019expressions, tout en stimulant la circulation des \u0153uvres po\u00e9tiques au sein de la francophonie. Nous saluons la capacit\u00e9 de ce r\u00e9seau \u00e0 insuffler un souffle nouveau dans la sc\u00e8ne vid\u00e9o-po\u00e9tique, en multipliant les passerelles entre les continents et les publics.\n<\/p>\n<h2>Les ressources incontournables pour po\u00e9sie contemporaine et cr\u00e9ations vid\u00e9os<\/h2>\n<p>\nLa s\u00e9lection experte de <strong>Sandra Dulier<\/strong> s\u2019impose comme une source de r\u00e9f\u00e9rence pour tout amateur de <u>po\u00e9sie contemporaine<\/u> et de formats hybrides. Son espace rassemble des liens vers des <strong>anthologies en ligne<\/strong>, des <strong>communaut\u00e9s francophones actives<\/strong> et des plateformes sp\u00e9cialis\u00e9es dans la diffusion ou la production de vid\u00e9o-po\u00e9sie, offrant un panorama complet du genre.\n<\/p>\n<ul>\n<li>Sur son site, <strong>Sandra Dulier<\/strong> met en avant des adresses telles que <u>Po\u00e9sie en libert\u00e9<\/u>, <u>Le Capital des Mots<\/u> ou encore <u>Dailymotion Slam Officiel<\/u>, qui publient r\u00e9guli\u00e8rement des cr\u00e9ations vid\u00e9o-po\u00e9tiques.<\/li>\n<li>Elle accompagne ses s\u00e9lections de conseils techniques pour filmer, monter et partager ses propres \u0153uvres, permettant \u00e0 chacun de progresser dans cette discipline.<\/li>\n<li>Des focus r\u00e9guliers sur l\u2019actualit\u00e9 du <strong>slam francophone<\/strong> enrichissent la rubrique, garantissant un regard neuf et document\u00e9 sur la sc\u00e8ne actuelle.<\/li>\n<\/ul>\n<p>\nNous recommandons vivement ce type de ressources, car elles favorisent la <strong>d\u00e9couverte de nouvelles voix<\/strong> et l\u2019exp\u00e9rimentation de formats novateurs, essentiels pour inspirer l\u2019\u00e9criture et la cr\u00e9ation vid\u00e9o.\n<\/p>\n<h2>Slam de po\u00e9sie en direct : vivez l\u2019intensit\u00e9 sc\u00e9nique en streaming<\/h2>\n<p>\nLa <strong>Maison de la Litt\u00e9rature \u00e0 Qu\u00e9bec<\/strong> offre une vitrine spectaculaire aux soir\u00e9es slam, capt\u00e9es et diffus\u00e9es en streaming pour un public \u00e9largi. Ce dispositif permet de saisir, \u00e0 travers l\u2019objectif, <u>l\u2019intensit\u00e9 sc\u00e9nique<\/u> et la spontan\u00e9it\u00e9 du verbe, au plus pr\u00e8s de la performance du slameur.\n<\/p>\n<ul>\n<li>Les captations r\u00e9centes mettent en avant de jeunes talents tels que <strong>Jenny Salgado<\/strong> ou <strong>David Goudreault<\/strong>, proposant des textes forts incarn\u00e9s en direct, souvent accompagn\u00e9s de cr\u00e9ations visuelles en temps r\u00e9el.<\/li>\n<li>La Maison anime aussi des ateliers de pratique et des soir\u00e9es ouvertes, incitant chacun \u00e0 s\u2019essayer devant cam\u00e9ra et public, avec une attention particuli\u00e8re port\u00e9e \u00e0 la qualit\u00e9 sonore et visuelle des diffusions.<\/li>\n<li>Les archives vid\u00e9o constituent une m\u00e9moire vivante du slam qu\u00e9b\u00e9cois, accessible \u00e0 tous et consultable en ligne gratuitement.<\/li>\n<\/ul>\n<p>\n\u00c0 notre sens, cet espace place la <strong>performance orale<\/strong> au centre de l\u2019exp\u00e9rience, en soulignant la <u>richesse du direct<\/u> et la puissance du <strong>verbe incarn\u00e9<\/strong>. Les captations streaming rendent la po\u00e9sie accessible, interactive et r\u00e9solument contemporaine.<\/p>\n","protected":false},"excerpt":{"rendered":"","protected":false},"author":34,"featured_media":7565,"comment_status":"open","ping_status":"open","sticky":false,"template":"","format":"standard","meta":{"_acf_changed":false,"manual_indexmenow":false,"indexmenow_id_project":0,"footnotes":""},"categories":[1],"tags":[4734,4735,4727],"class_list":["post-7549","post","type-post","status-publish","format-standard","has-post-thumbnail","hentry","category-a-la-une","tag-plateforme-poesie","tag-slam-numerique","tag-slam-video","generate-columns","tablet-grid-50","mobile-grid-100","grid-parent","grid-25"],"acf":[],"yoast_head":"<!-- This site is optimized with the Yoast SEO Premium plugin v21.3 (Yoast SEO v26.5) - https:\/\/yoast.com\/wordpress\/plugins\/seo\/ -->\n<title>Top 5 des plateformes de slam et po\u00e9sie en vid\u00e9o<\/title>\n<meta name=\"description\" content=\"L\u2019exp\u00e9rience orchestr\u00e9e par Elvi Slam Po\u00e9sie incarne parfaitement la fusion entre d\u00e9couverte culturelle et po\u00e9sie perform\u00e9e sc\u00e9naris\u00e9e.\" \/>\n<meta name=\"robots\" content=\"index, follow, max-snippet:-1, max-image-preview:large, max-video-preview:-1\" \/>\n<link rel=\"canonical\" href=\"https:\/\/slams.fr\/blog\/a-la-une\/top-5-des-plateformes-incontournables-pour-slam-et-poesie-visuelle-en-video\/\" \/>\n<meta property=\"og:locale\" content=\"fr_FR\" \/>\n<meta property=\"og:type\" content=\"article\" \/>\n<meta property=\"og:title\" content=\"Top 5 des plateformes de slam et po\u00e9sie en vid\u00e9o\" \/>\n<meta property=\"og:description\" content=\"L\u2019exp\u00e9rience orchestr\u00e9e par Elvi Slam Po\u00e9sie incarne parfaitement la fusion entre d\u00e9couverte culturelle et po\u00e9sie perform\u00e9e sc\u00e9naris\u00e9e.\" \/>\n<meta property=\"og:url\" content=\"https:\/\/slams.fr\/blog\/a-la-une\/top-5-des-plateformes-incontournables-pour-slam-et-poesie-visuelle-en-video\/\" \/>\n<meta property=\"og:site_name\" content=\"slams\" \/>\n<meta property=\"og:image\" content=\"https:\/\/slams.fr\/blog\/wp-content\/uploads\/2025\/07\/sdxl-3f7b972d73c5c24374c9120c478474e4-scaled.png\" \/>\n\t<meta property=\"og:image:width\" content=\"1200\" \/>\n\t<meta property=\"og:image:height\" content=\"500\" \/>\n\t<meta property=\"og:image:type\" content=\"image\/png\" \/>\n<meta name=\"author\" content=\"Rapha\u00ebl D.\" \/>\n<meta name=\"twitter:card\" content=\"summary_large_image\" \/>\n<script type=\"application\/ld+json\" class=\"yoast-schema-graph\">{\"@context\":\"https:\/\/schema.org\",\"@graph\":[{\"@type\":\"NewsArticle\",\"@id\":\"https:\/\/slams.fr\/blog\/a-la-une\/top-5-des-plateformes-incontournables-pour-slam-et-poesie-visuelle-en-video\/#article\",\"isPartOf\":{\"@id\":\"https:\/\/slams.fr\/blog\/a-la-une\/top-5-des-plateformes-incontournables-pour-slam-et-poesie-visuelle-en-video\/\"},\"author\":{\"name\":\"Rapha\u00ebl D.\",\"@id\":\"https:\/\/slams.fr\/blog\/#\/schema\/person\/3c864cdc320801e3db34b663e7e3f816\"},\"headline\":\"Top 5 des plateformes incontournables pour slam et po\u00e9sie visuelle en vid\u00e9o\",\"datePublished\":\"2025-06-14T20:43:06+00:00\",\"mainEntityOfPage\":{\"@id\":\"https:\/\/slams.fr\/blog\/a-la-une\/top-5-des-plateformes-incontournables-pour-slam-et-poesie-visuelle-en-video\/\"},\"wordCount\":1033,\"commentCount\":0,\"publisher\":{\"@id\":\"https:\/\/slams.fr\/blog\/#organization\"},\"image\":{\"@id\":\"https:\/\/slams.fr\/blog\/a-la-une\/top-5-des-plateformes-incontournables-pour-slam-et-poesie-visuelle-en-video\/#primaryimage\"},\"thumbnailUrl\":\"https:\/\/slams.fr\/blog\/wp-content\/uploads\/2025\/07\/sdxl-3f7b972d73c5c24374c9120c478474e4-scaled.png\",\"keywords\":[\"plateforme poesie\",\"slam numerique\",\"slam video\"],\"articleSection\":[\"\u00c0 la une\"],\"inLanguage\":\"fr-FR\",\"potentialAction\":[{\"@type\":\"CommentAction\",\"name\":\"Comment\",\"target\":[\"https:\/\/slams.fr\/blog\/a-la-une\/top-5-des-plateformes-incontournables-pour-slam-et-poesie-visuelle-en-video\/#respond\"]}]},{\"@type\":\"WebPage\",\"@id\":\"https:\/\/slams.fr\/blog\/a-la-une\/top-5-des-plateformes-incontournables-pour-slam-et-poesie-visuelle-en-video\/\",\"url\":\"https:\/\/slams.fr\/blog\/a-la-une\/top-5-des-plateformes-incontournables-pour-slam-et-poesie-visuelle-en-video\/\",\"name\":\"Top 5 des plateformes de slam et po\u00e9sie en vid\u00e9o\",\"isPartOf\":{\"@id\":\"https:\/\/slams.fr\/blog\/#website\"},\"primaryImageOfPage\":{\"@id\":\"https:\/\/slams.fr\/blog\/a-la-une\/top-5-des-plateformes-incontournables-pour-slam-et-poesie-visuelle-en-video\/#primaryimage\"},\"image\":{\"@id\":\"https:\/\/slams.fr\/blog\/a-la-une\/top-5-des-plateformes-incontournables-pour-slam-et-poesie-visuelle-en-video\/#primaryimage\"},\"thumbnailUrl\":\"https:\/\/slams.fr\/blog\/wp-content\/uploads\/2025\/07\/sdxl-3f7b972d73c5c24374c9120c478474e4-scaled.png\",\"datePublished\":\"2025-06-14T20:43:06+00:00\",\"description\":\"L\u2019exp\u00e9rience orchestr\u00e9e par Elvi Slam Po\u00e9sie incarne parfaitement la fusion entre d\u00e9couverte culturelle et po\u00e9sie perform\u00e9e sc\u00e9naris\u00e9e.\",\"inLanguage\":\"fr-FR\",\"potentialAction\":[{\"@type\":\"ReadAction\",\"target\":[\"https:\/\/slams.fr\/blog\/a-la-une\/top-5-des-plateformes-incontournables-pour-slam-et-poesie-visuelle-en-video\/\"]}]},{\"@type\":\"ImageObject\",\"inLanguage\":\"fr-FR\",\"@id\":\"https:\/\/slams.fr\/blog\/a-la-une\/top-5-des-plateformes-incontournables-pour-slam-et-poesie-visuelle-en-video\/#primaryimage\",\"url\":\"https:\/\/slams.fr\/blog\/wp-content\/uploads\/2025\/07\/sdxl-3f7b972d73c5c24374c9120c478474e4-scaled.png\",\"contentUrl\":\"https:\/\/slams.fr\/blog\/wp-content\/uploads\/2025\/07\/sdxl-3f7b972d73c5c24374c9120c478474e4-scaled.png\",\"width\":1200,\"height\":500},{\"@type\":\"WebSite\",\"@id\":\"https:\/\/slams.fr\/blog\/#website\",\"url\":\"https:\/\/slams.fr\/blog\/\",\"name\":\"slams.fr\",\"description\":\"Slams, l&#039;\u00e9nergie des mots en action\",\"publisher\":{\"@id\":\"https:\/\/slams.fr\/blog\/#organization\"},\"alternateName\":\"Slams, l'\u00e9nergie des mots en action\",\"potentialAction\":[{\"@type\":\"SearchAction\",\"target\":{\"@type\":\"EntryPoint\",\"urlTemplate\":\"https:\/\/slams.fr\/blog\/?s={search_term_string}\"},\"query-input\":{\"@type\":\"PropertyValueSpecification\",\"valueRequired\":true,\"valueName\":\"search_term_string\"}}],\"inLanguage\":\"fr-FR\"},{\"@type\":\"Organization\",\"@id\":\"https:\/\/slams.fr\/blog\/#organization\",\"name\":\"Foretsensations.fr\",\"url\":\"https:\/\/slams.fr\/blog\/\",\"logo\":{\"@type\":\"ImageObject\",\"inLanguage\":\"fr-FR\",\"@id\":\"https:\/\/slams.fr\/blog\/#\/schema\/logo\/image\/\",\"url\":\"https:\/\/slams.fr\/blog\/wp-content\/uploads\/2026\/07\/logo-auto-1.png\",\"contentUrl\":\"https:\/\/slams.fr\/blog\/wp-content\/uploads\/2026\/07\/logo-auto-1.png\",\"width\":1024,\"height\":1024,\"caption\":\"Foretsensations.fr\"},\"image\":{\"@id\":\"https:\/\/slams.fr\/blog\/#\/schema\/logo\/image\/\"}},{\"@type\":\"Person\",\"@id\":\"https:\/\/slams.fr\/blog\/#\/schema\/person\/3c864cdc320801e3db34b663e7e3f816\",\"name\":\"Rapha\u00ebl D.\",\"image\":{\"@type\":\"ImageObject\",\"inLanguage\":\"fr-FR\",\"@id\":\"https:\/\/slams.fr\/blog\/#\/schema\/person\/image\/\",\"url\":\"https:\/\/slams.fr\/blog\/wp-content\/uploads\/2026\/06\/persona_raphael-d-96x96.jpg\",\"contentUrl\":\"https:\/\/slams.fr\/blog\/wp-content\/uploads\/2026\/06\/persona_raphael-d-96x96.jpg\",\"caption\":\"Rapha\u00ebl D.\"},\"description\":\"La culture est mon terrain de jeu depuis une dizaine d'ann\u00e9es : arts visuels, s\u00e9ries, cr\u00e9ation et tout ce qui nourrit l'imaginaire. J'\u00e9cris aussi bien sur l'actualit\u00e9 des \u0153uvres que sur les coulisses de la cr\u00e9ation, avec l'envie de relier l'amateur curieux \u00e0 des univers parfois jug\u00e9s intimidants. J'aime analyser une s\u00e9rie ou une d\u00e9marche artistique sans p\u00e9dantisme, replacer une \u0153uvre dans son contexte et donner des cl\u00e9s de lecture accessibles. Avant de publier, je v\u00e9rifie mes r\u00e9f\u00e9rences, je recoupe les sources et je distingue clairement le fait de mon interpr\u00e9tation subjective. Je crois qu'une critique vaut surtout par les arguments qu'elle expose, pas par la sentence qu'elle rend. Mon angle : transmettre l'envie de d\u00e9couvrir, de regarder autrement et de se forger son propre go\u00fbt. La culture n'appartient pas qu'aux initi\u00e9s, et c'est tout l'enjeu de mon \u00e9criture.\",\"url\":\"https:\/\/slams.fr\/blog\/auteur\/raphael-d\/\",\"jobTitle\":\"R\u00e9dacteur en chef \u00b7 Culture & Cr\u00e9ation\",\"knowsAbout\":[\"Culture\",\"Cr\u00e9ation\"],\"email\":\"raphael.d@a-l-asso-de-l-art.fr\"}]}<\/script>\n<!-- \/ Yoast SEO Premium plugin. -->","yoast_head_json":{"title":"Top 5 des plateformes de slam et po\u00e9sie en vid\u00e9o","description":"L\u2019exp\u00e9rience orchestr\u00e9e par Elvi Slam Po\u00e9sie incarne parfaitement la fusion entre d\u00e9couverte culturelle et po\u00e9sie perform\u00e9e sc\u00e9naris\u00e9e.","robots":{"index":"index","follow":"follow","max-snippet":"max-snippet:-1","max-image-preview":"max-image-preview:large","max-video-preview":"max-video-preview:-1"},"canonical":"https:\/\/slams.fr\/blog\/a-la-une\/top-5-des-plateformes-incontournables-pour-slam-et-poesie-visuelle-en-video\/","og_locale":"fr_FR","og_type":"article","og_title":"Top 5 des plateformes de slam et po\u00e9sie en vid\u00e9o","og_description":"L\u2019exp\u00e9rience orchestr\u00e9e par Elvi Slam Po\u00e9sie incarne parfaitement la fusion entre d\u00e9couverte culturelle et po\u00e9sie perform\u00e9e sc\u00e9naris\u00e9e.","og_url":"https:\/\/slams.fr\/blog\/a-la-une\/top-5-des-plateformes-incontournables-pour-slam-et-poesie-visuelle-en-video\/","og_site_name":"slams","og_image":[{"width":1200,"height":500,"url":"https:\/\/slams.fr\/blog\/wp-content\/uploads\/2025\/07\/sdxl-3f7b972d73c5c24374c9120c478474e4-scaled.png","type":"image\/png"}],"author":"Rapha\u00ebl D.","twitter_card":"summary_large_image","schema":{"@context":"https:\/\/schema.org","@graph":[{"@type":"NewsArticle","@id":"https:\/\/slams.fr\/blog\/a-la-une\/top-5-des-plateformes-incontournables-pour-slam-et-poesie-visuelle-en-video\/#article","isPartOf":{"@id":"https:\/\/slams.fr\/blog\/a-la-une\/top-5-des-plateformes-incontournables-pour-slam-et-poesie-visuelle-en-video\/"},"author":{"name":"Rapha\u00ebl D.","@id":"https:\/\/slams.fr\/blog\/#\/schema\/person\/3c864cdc320801e3db34b663e7e3f816"},"headline":"Top 5 des plateformes incontournables pour slam et po\u00e9sie visuelle en vid\u00e9o","datePublished":"2025-06-14T20:43:06+00:00","mainEntityOfPage":{"@id":"https:\/\/slams.fr\/blog\/a-la-une\/top-5-des-plateformes-incontournables-pour-slam-et-poesie-visuelle-en-video\/"},"wordCount":1033,"commentCount":0,"publisher":{"@id":"https:\/\/slams.fr\/blog\/#organization"},"image":{"@id":"https:\/\/slams.fr\/blog\/a-la-une\/top-5-des-plateformes-incontournables-pour-slam-et-poesie-visuelle-en-video\/#primaryimage"},"thumbnailUrl":"https:\/\/slams.fr\/blog\/wp-content\/uploads\/2025\/07\/sdxl-3f7b972d73c5c24374c9120c478474e4-scaled.png","keywords":["plateforme poesie","slam numerique","slam video"],"articleSection":["\u00c0 la une"],"inLanguage":"fr-FR","potentialAction":[{"@type":"CommentAction","name":"Comment","target":["https:\/\/slams.fr\/blog\/a-la-une\/top-5-des-plateformes-incontournables-pour-slam-et-poesie-visuelle-en-video\/#respond"]}]},{"@type":"WebPage","@id":"https:\/\/slams.fr\/blog\/a-la-une\/top-5-des-plateformes-incontournables-pour-slam-et-poesie-visuelle-en-video\/","url":"https:\/\/slams.fr\/blog\/a-la-une\/top-5-des-plateformes-incontournables-pour-slam-et-poesie-visuelle-en-video\/","name":"Top 5 des plateformes de slam et po\u00e9sie en vid\u00e9o","isPartOf":{"@id":"https:\/\/slams.fr\/blog\/#website"},"primaryImageOfPage":{"@id":"https:\/\/slams.fr\/blog\/a-la-une\/top-5-des-plateformes-incontournables-pour-slam-et-poesie-visuelle-en-video\/#primaryimage"},"image":{"@id":"https:\/\/slams.fr\/blog\/a-la-une\/top-5-des-plateformes-incontournables-pour-slam-et-poesie-visuelle-en-video\/#primaryimage"},"thumbnailUrl":"https:\/\/slams.fr\/blog\/wp-content\/uploads\/2025\/07\/sdxl-3f7b972d73c5c24374c9120c478474e4-scaled.png","datePublished":"2025-06-14T20:43:06+00:00","description":"L\u2019exp\u00e9rience orchestr\u00e9e par Elvi Slam Po\u00e9sie incarne parfaitement la fusion entre d\u00e9couverte culturelle et po\u00e9sie perform\u00e9e sc\u00e9naris\u00e9e.","inLanguage":"fr-FR","potentialAction":[{"@type":"ReadAction","target":["https:\/\/slams.fr\/blog\/a-la-une\/top-5-des-plateformes-incontournables-pour-slam-et-poesie-visuelle-en-video\/"]}]},{"@type":"ImageObject","inLanguage":"fr-FR","@id":"https:\/\/slams.fr\/blog\/a-la-une\/top-5-des-plateformes-incontournables-pour-slam-et-poesie-visuelle-en-video\/#primaryimage","url":"https:\/\/slams.fr\/blog\/wp-content\/uploads\/2025\/07\/sdxl-3f7b972d73c5c24374c9120c478474e4-scaled.png","contentUrl":"https:\/\/slams.fr\/blog\/wp-content\/uploads\/2025\/07\/sdxl-3f7b972d73c5c24374c9120c478474e4-scaled.png","width":1200,"height":500},{"@type":"WebSite","@id":"https:\/\/slams.fr\/blog\/#website","url":"https:\/\/slams.fr\/blog\/","name":"slams.fr","description":"Slams, l&#039;\u00e9nergie des mots en action","publisher":{"@id":"https:\/\/slams.fr\/blog\/#organization"},"alternateName":"Slams, l'\u00e9nergie des mots en action","potentialAction":[{"@type":"SearchAction","target":{"@type":"EntryPoint","urlTemplate":"https:\/\/slams.fr\/blog\/?s={search_term_string}"},"query-input":{"@type":"PropertyValueSpecification","valueRequired":true,"valueName":"search_term_string"}}],"inLanguage":"fr-FR"},{"@type":"Organization","@id":"https:\/\/slams.fr\/blog\/#organization","name":"Foretsensations.fr","url":"https:\/\/slams.fr\/blog\/","logo":{"@type":"ImageObject","inLanguage":"fr-FR","@id":"https:\/\/slams.fr\/blog\/#\/schema\/logo\/image\/","url":"https:\/\/slams.fr\/blog\/wp-content\/uploads\/2026\/07\/logo-auto-1.png","contentUrl":"https:\/\/slams.fr\/blog\/wp-content\/uploads\/2026\/07\/logo-auto-1.png","width":1024,"height":1024,"caption":"Foretsensations.fr"},"image":{"@id":"https:\/\/slams.fr\/blog\/#\/schema\/logo\/image\/"}},{"@type":"Person","@id":"https:\/\/slams.fr\/blog\/#\/schema\/person\/3c864cdc320801e3db34b663e7e3f816","name":"Rapha\u00ebl D.","image":{"@type":"ImageObject","inLanguage":"fr-FR","@id":"https:\/\/slams.fr\/blog\/#\/schema\/person\/image\/","url":"https:\/\/slams.fr\/blog\/wp-content\/uploads\/2026\/06\/persona_raphael-d-96x96.jpg","contentUrl":"https:\/\/slams.fr\/blog\/wp-content\/uploads\/2026\/06\/persona_raphael-d-96x96.jpg","caption":"Rapha\u00ebl D."},"description":"La culture est mon terrain de jeu depuis une dizaine d'ann\u00e9es : arts visuels, s\u00e9ries, cr\u00e9ation et tout ce qui nourrit l'imaginaire. J'\u00e9cris aussi bien sur l'actualit\u00e9 des \u0153uvres que sur les coulisses de la cr\u00e9ation, avec l'envie de relier l'amateur curieux \u00e0 des univers parfois jug\u00e9s intimidants. J'aime analyser une s\u00e9rie ou une d\u00e9marche artistique sans p\u00e9dantisme, replacer une \u0153uvre dans son contexte et donner des cl\u00e9s de lecture accessibles. Avant de publier, je v\u00e9rifie mes r\u00e9f\u00e9rences, je recoupe les sources et je distingue clairement le fait de mon interpr\u00e9tation subjective. Je crois qu'une critique vaut surtout par les arguments qu'elle expose, pas par la sentence qu'elle rend. Mon angle : transmettre l'envie de d\u00e9couvrir, de regarder autrement et de se forger son propre go\u00fbt. La culture n'appartient pas qu'aux initi\u00e9s, et c'est tout l'enjeu de mon \u00e9criture.","url":"https:\/\/slams.fr\/blog\/auteur\/raphael-d\/","jobTitle":"R\u00e9dacteur en chef \u00b7 Culture & Cr\u00e9ation","knowsAbout":["Culture","Cr\u00e9ation"],"email":"raphael.d@a-l-asso-de-l-art.fr"}]}},"_links":{"self":[{"href":"https:\/\/slams.fr\/blog\/wp-json\/wp\/v2\/posts\/7549","targetHints":{"allow":["GET"]}}],"collection":[{"href":"https:\/\/slams.fr\/blog\/wp-json\/wp\/v2\/posts"}],"about":[{"href":"https:\/\/slams.fr\/blog\/wp-json\/wp\/v2\/types\/post"}],"author":[{"embeddable":true,"href":"https:\/\/slams.fr\/blog\/wp-json\/wp\/v2\/users\/34"}],"replies":[{"embeddable":true,"href":"https:\/\/slams.fr\/blog\/wp-json\/wp\/v2\/comments?post=7549"}],"version-history":[{"count":0,"href":"https:\/\/slams.fr\/blog\/wp-json\/wp\/v2\/posts\/7549\/revisions"}],"wp:featuredmedia":[{"embeddable":true,"href":"https:\/\/slams.fr\/blog\/wp-json\/wp\/v2\/media\/7565"}],"wp:attachment":[{"href":"https:\/\/slams.fr\/blog\/wp-json\/wp\/v2\/media?parent=7549"}],"wp:term":[{"taxonomy":"category","embeddable":true,"href":"https:\/\/slams.fr\/blog\/wp-json\/wp\/v2\/categories?post=7549"},{"taxonomy":"post_tag","embeddable":true,"href":"https:\/\/slams.fr\/blog\/wp-json\/wp\/v2\/tags?post=7549"}],"curies":[{"name":"wp","href":"https:\/\/api.w.org\/{rel}","templated":true}]}}