{"id":7550,"date":"2025-06-14T22:43:34","date_gmt":"2025-06-14T20:43:34","guid":{"rendered":"https:\/\/slams.fr\/blog\/a-la-une\/top-5-des-plateformes-incontournables-pour-slam-et-poesie-visuelle-en-video-2\/"},"modified":"2025-06-14T22:43:34","modified_gmt":"2025-06-14T20:43:34","slug":"top-5-des-plateformes-incontournables-pour-slam-et-poesie-visuelle-en-video-2","status":"publish","type":"post","link":"https:\/\/slams.fr\/blog\/a-la-une\/top-5-des-plateformes-incontournables-pour-slam-et-poesie-visuelle-en-video-2\/","title":{"rendered":"Top 5 des plateformes incontournables pour slam et po\u00e9sie visuelle en vid\u00e9o"},"content":{"rendered":"<h1>Top 5 des plateformes incontournables pour slam et po\u00e9sie visuelle en vid\u00e9o<\/h1>\n<h2>Visites en slam-po\u00e9sie : l\u2019art du parcours sc\u00e9naris\u00e9<\/h2>\n<p>\nL\u2019initiative <strong>Elvi Slam Po\u00e9sie<\/strong> se distingue par une approche immersive et sc\u00e9naris\u00e9e de la po\u00e9sie orale. Ce collectif propose des <u>parcours artistiques au c\u0153ur de lieux embl\u00e9matiques<\/u> : mus\u00e9es, th\u00e9\u00e2tres, brasseries deviennent le d\u00e9cor vivant de performances slam, film\u00e9es et mises en ligne pour toucher un public \u00e9largi. L\u2019exp\u00e9rience ne se limite pas \u00e0 la d\u00e9clamation, elle engage le spectateur dans une <strong>relecture des espaces culturels<\/strong> par la po\u00e9sie vivante, transformant chaque visite en \u00e9v\u00e9nement in\u00e9dit et participatif.\n<\/p>\n<ul>\n<li><strong>Visites sc\u00e9naris\u00e9es<\/strong> : \u00e0 la Fondation Taylor \u00e0 Paris, chaque salle accueille une prestation \u00e9crite et improvis\u00e9e, captur\u00e9e en vid\u00e9o et diffus\u00e9e sur les r\u00e9seaux sociaux.<\/li>\n<li><strong>Exp\u00e9riences p\u00e9dagogiques<\/strong> : des ateliers de slam r\u00e9unissent scolaires et artistes, avec restitution film\u00e9e pour prolonger la r\u00e9flexion bien au-del\u00e0 des murs du lieu visit\u00e9.<\/li>\n<li><strong>Valorisation du patrimoine<\/strong> : le slam devient pr\u00e9texte \u00e0 d\u00e9couvrir monuments et expositions, favorisant le dialogue entre texte et architecture.<\/li>\n<\/ul>\n<p>\nNous conseillons vivement ces parcours, car ils valorisent \u00e0 la fois la <strong>cr\u00e9ation po\u00e9tique in situ<\/strong> et la <strong>captation vid\u00e9o professionnelle<\/strong>. Les vid\u00e9os produites offrent une exp\u00e9rience compl\u00e9mentaire et multiplient les portes d\u2019entr\u00e9e dans l\u2019univers de la po\u00e9sie contemporaine.\n<\/p>\n<h2>Collectifs de slam en ch\u0153ur : puissance de la po\u00e9sie collaborative film\u00e9e<\/h2>\n<p>\nLe collectif <strong>Incendies de Paroles<\/strong> incarne cette dynamique collaborative qui d\u00e9finit le slam moderne. Les sc\u00e8nes ouvertes et concours qu\u2019il organise s\u2019articulent autour de <u>performances collectives film\u00e9es en direct<\/u>, o\u00f9 la parole se partage, se croise et s\u2019unit dans une \u00e9nergie polyphonique. L\u2019accent est mis sur la <strong>captation vid\u00e9o de prestations multi-voix<\/strong>, ce qui bouleverse les codes de la vid\u00e9o-po\u00e9sie par une mise en sc\u00e8ne dynamique et collective.\n<\/p>\n<ul>\n<li><strong>Performances sc\u00e9niques<\/strong> : lors du dernier festival \u00e0 Lyon, une dizaine de po\u00e8tes sont mont\u00e9s sur sc\u00e8ne ensemble, alternant ch\u0153urs parl\u00e9s et improvisations en duo, avec une retransmission compl\u00e8te en streaming.<\/li>\n<li><strong>Ateliers vid\u00e9o-po\u00e9sie<\/strong> : des sessions th\u00e9matiques sont organis\u00e9es pour initier les participants \u00e0 la mise en image de leurs po\u00e8mes collectifs, int\u00e9grant voix, gestuelle et interactions visuelles.<\/li>\n<li><strong>Communaut\u00e9 active<\/strong> : la plateforme diffuse en continu des clips issus de ces cr\u00e9ations collectives, offrant une vitrine sur un panorama renouvel\u00e9 du slam francophone.<\/li>\n<\/ul>\n<p>\nNous appr\u00e9cions particuli\u00e8rement la diversit\u00e9 des approches, qui fait du collectif un laboratoire vivant o\u00f9 <strong>oralit\u00e9 rythm\u00e9e et cr\u00e9ation audiovisuelle<\/strong> s\u2019entrem\u00ealent pour r\u00e9v\u00e9ler une nouvelle forme d\u2019\u00e9criture sc\u00e9nique.\n<\/p>\n<h2>R\u00e9seaux francophones et \u00e9v\u00e9nements vid\u00e9o-po\u00e9sie : tremplins transatlantiques<\/h2>\n<p>\nLe <strong>R\u00e9seau Qu\u00e9bec-France Francophonie<\/strong> est central pour qui veut suivre les \u00e9volutions du slam et de la po\u00e9sie visuelle \u00e0 \u00e9chelle internationale. Cette structure f\u00e9d\u00e8re des \u00e9v\u00e9nements, des concours et des r\u00e9sidences dans toute la francophonie, notamment via <u>des soir\u00e9es vid\u00e9o-po\u00e9sie et des festivals hybrides<\/u>. L\u2019accent est mis sur la <strong>diffusion multim\u00e9dia<\/strong>, le partage de performances en ligne et la cr\u00e9ation de synergies transatlantiques.\n<\/p>\n<ul>\n<li><strong>Festival Slam \u00c9mergence<\/strong> : en 2024, plus de 40 po\u00e8tes et vid\u00e9astes de cinq continents ont pr\u00e9sent\u00e9 des \u0153uvres m\u00ealant texte, musique et images, la plupart diffus\u00e9es en direct sur la plateforme du r\u00e9seau.<\/li>\n<li><strong>Concours vid\u00e9o-po\u00e9sie<\/strong> : des appels \u00e0 projets r\u00e9guliers incitent les cr\u00e9ateurs \u00e0 soumettre des clips de slam, qui sont \u00e9valu\u00e9s par des jurys franco-qu\u00e9b\u00e9cois puis diffus\u00e9s aupr\u00e8s d\u2019un vaste public.<\/li>\n<li><strong>Partenariats m\u00e9dias<\/strong> : le r\u00e9seau collabore avec plusieurs cha\u00eenes et sites sp\u00e9cialis\u00e9s pour relayer en continu le meilleur de la cr\u00e9ation audiovisuelle francophone.<\/li>\n<\/ul>\n<p>\nCe r\u00e9seau repr\u00e9sente \u00e0 nos yeux un passage oblig\u00e9 pour tout acteur d\u00e9sireux de rayonner au-del\u00e0 de son territoire et de b\u00e9n\u00e9ficier de <strong>retours critiques<\/strong> et <strong>visibilit\u00e9<\/strong> sur l\u2019ensemble du monde francophone.\n<\/p>\n<h2>Les ressources incontournables pour po\u00e9sie contemporaine et cr\u00e9ations vid\u00e9os<\/h2>\n<p>\nLa s\u00e9lection \u00e9labor\u00e9e par Sandra Dulier s\u2019impose comme une r\u00e9f\u00e9rence pour d\u00e9couvrir la <strong>po\u00e9sie contemporaine<\/strong> et ses d\u00e9clinaisons vid\u00e9os. Son site propose une <u>cartographie pr\u00e9cise d\u2019initiatives, d\u2019anthologies en ligne et de communaut\u00e9s sp\u00e9cialis\u00e9es<\/u>. Cette curation met \u00e0 disposition des ressources pour lire, \u00e9couter et regarder des po\u00e8mes, tout en favorisant la rencontre entre po\u00e8tes, vid\u00e9astes, et lecteurs engag\u00e9s.\n<\/p>\n<ul>\n<li><strong>Anthologies num\u00e9riques<\/strong> : la rubrique \u00ab\u00a0Po\u00e9sie actuelle\u00a0\u00bb recense les festivals en ligne, les recueils vid\u00e9o et les cha\u00eenes qui diffusent r\u00e9guli\u00e8rement des \u0153uvres de slam film\u00e9.<\/li>\n<li><strong>Communaut\u00e9s cr\u00e9atives<\/strong> : elle oriente vers des groupes actifs sur les r\u00e9seaux sociaux o\u00f9 se partagent conseils, appels \u00e0 projets et retours critiques sur les productions en vid\u00e9o-po\u00e9sie.<\/li>\n<li><strong>Initiatives hybrides<\/strong> : des exemples comme \u00ab\u00a0Paroles Nomades\u00a0\u00bb, qui documente les projets m\u00ealant ateliers d\u2019\u00e9criture et captation vid\u00e9o dans l\u2019espace public, y sont mis en valeur.<\/li>\n<\/ul>\n<p>\nL\u2019approche \u00e9ditoriale privil\u00e9gie la diversit\u00e9 des formats et la circulation des contenus originaux, permettant aux cr\u00e9ateurs de promouvoir leurs \u0153uvres et aux curieux de s\u2019immerger dans la <strong>po\u00e9sie num\u00e9rique<\/strong> sous toutes ses formes.\n<\/p>\n<h2>Slam de po\u00e9sie en direct : vivez l\u2019intensit\u00e9 sc\u00e9nique en streaming<\/h2>\n<p>\nLa <strong>Maison de la Litt\u00e9rature \u00e0 Qu\u00e9bec<\/strong> offre un acc\u00e8s privil\u00e9gi\u00e9 \u00e0 des soir\u00e9es de <u>slam de po\u00e9sie capt\u00e9es en direct et diffus\u00e9es en streaming<\/u>. Ces \u00e9v\u00e9nements favorisent la spontan\u00e9it\u00e9 et l\u2019instantan\u00e9it\u00e9, deux composantes cl\u00e9s du <strong>slam sc\u00e9nique<\/strong>. Les vid\u00e9os partag\u00e9es sur la plateforme captent l\u2019\u00e9motion brute du moment, la diversit\u00e9 des styles et la capacit\u00e9 des slameurs \u00e0 improviser face \u00e0 un public exigeant.\n<\/p>\n<ul>\n<li><strong>Soir\u00e9es th\u00e9matiques<\/strong> : le \u00ab\u00a0Grand Slam de Qu\u00e9bec\u00a0\u00bb r\u00e9unit chaque ann\u00e9e des dizaines de performeurs, dont les meilleures prestations sont mont\u00e9es en clips accessibles \u00e0 tous en ligne.<\/li>\n<li><strong>Captation immersive<\/strong> : un dispositif multicam\u00e9ra et une prise de son professionnelle retranscrivent toute la tension dramatique et la richesse sonore des performances.<\/li>\n<li><strong>Accompagnement des talents<\/strong> : des interviews crois\u00e9es avec les artistes permettent de plonger dans les coulisses de la cr\u00e9ation et de suivre leur \u00e9volution, favorisant ainsi la fid\u00e9lisation d\u2019un public passionn\u00e9.<\/li>\n<\/ul>\n<p>\nSelon notre exp\u00e9rience, cette plateforme constitue un excellent tremplin pour quiconque souhaite s\u2019initier \u00e0 la <strong>po\u00e9sie orale film\u00e9e<\/strong> et ressentir, m\u00eame \u00e0 distance, la force collective qui anime chaque sc\u00e8ne de slam.\n<\/p>\n<h2>Tableau comparatif des plateformes de slam et vid\u00e9o-po\u00e9sie<\/h2>\n<table border=\"1\" cellpadding=\"6\" cellspacing=\"0\">\n<thead>\n<tr>\n<th>Plateforme<\/th>\n<th>Type d&rsquo;exp\u00e9rience<\/th>\n<th>Sp\u00e9cificit\u00e9s<\/th>\n<th>Public cibl\u00e9<\/th>\n<\/tr>\n<\/thead>\n<tbody>\n<tr>\n<td><strong>Elvi Slam Po\u00e9sie<\/strong><\/td>\n<td>Visites sc\u00e9naris\u00e9es<\/td>\n<td><u>Parcours immersifs<\/u>, captation vid\u00e9o professionnelle, valorisation du patrimoine<\/td>\n<td>Amateurs de culture, enseignants, sc\u00e9naristes<\/td>\n<\/tr>\n<tr>\n<td><strong>Incendies de Paroles<\/strong><\/td>\n<td>Collectif et streaming live<\/td>\n<td><u>Performances multi-voix<\/u>, ateliers de vid\u00e9o-po\u00e9sie, communaut\u00e9 active<\/td>\n<td>Slameurs, vid\u00e9astes, collectifs cr\u00e9atifs<\/td>\n<\/tr>\n<tr>\n<td><strong>R\u00e9seau Qu\u00e9bec-France Francophonie<\/strong><\/td>\n<td>\u00c9v\u00e9nements et concours<\/td>\n<td><u>Diffusion transatlantique<\/u>, festivals, concours vid\u00e9o-po\u00e9sie<\/td>\n<td>Cr\u00e9ateurs internationaux, francophones<\/td>\n<\/tr>\n<tr>\n<td><strong>S\u00e9lection Sandra Dulier<\/strong><\/td>\n<td>Ressources et anthologies<\/td>\n<td><u>Cartographie des initiatives<\/u>, groupes sociaux, anthologies vid\u00e9os<\/td>\n<td>Lecteurs, chercheurs, cr\u00e9ateurs hybrides<\/td>\n<\/tr>\n<tr>\n<td><strong>Maison de la Litt\u00e9rature Qu\u00e9bec<\/strong><\/td>\n<td>Captation en direct<\/td>\n<td><u>Streaming d\u2019\u00e9v\u00e9nements<\/u>, multicam\u00e9ra, accompagnement des artistes<\/td>\n<td>Passionn\u00e9s de slam, public num\u00e9rique, \u00e9tudiants<\/td>\n<\/tr>\n<\/tbody>\n<\/table>\n<h2>Conclusion : pourquoi explorer ces plateformes ?<\/h2>\n<p>\nCes cinq sites illustrent les multiples mutations du <strong>slam<\/strong> et de la <strong>po\u00e9sie visuelle<\/strong> \u00e0 l\u2019\u00e8re num\u00e9rique. En combinant performances, ateliers, concours et ressources multim\u00e9dias, ils constituent <u>des espaces-ressources in\u00e9gal\u00e9s pour l\u2019exp\u00e9rimentation et le partage<\/u>. Ils favorisent l\u2019\u00e9mergence de nouveaux formats, stimulent la cr\u00e9ativit\u00e9 collective et d\u00e9passent le simple cadre du texte d\u00e9clam\u00e9.\n<\/p>\n<p>\nEn tant qu\u2019adeptes de la <strong>cr\u00e9ation orale et audiovisuelle<\/strong>, nous recommandons sans r\u00e9serve ces plateformes, que vous soyez cr\u00e9ateur, spectateur, ou p\u00e9dagogue en qu\u00eate d\u2019outils innovants. Ces espaces participent activement \u00e0 la d\u00e9mocratisation de la <strong>po\u00e9sie contemporaine<\/strong>, \u00e0 l\u2019\u00e9chelle locale comme internationale, et offrent un terrain fertile pour que la parole po\u00e9tique se renouvelle, avec intensit\u00e9 et modernit\u00e9.<\/p>\n","protected":false},"excerpt":{"rendered":"","protected":false},"author":34,"featured_media":7614,"comment_status":"open","ping_status":"open","sticky":false,"template":"","format":"standard","meta":{"_acf_changed":false,"manual_indexmenow":false,"indexmenow_id_project":0,"footnotes":""},"categories":[1],"tags":[4534,4526,4736],"class_list":["post-7550","post","type-post","status-publish","format-standard","has-post-thumbnail","hentry","category-a-la-une","tag-poesie","tag-slam","tag-video","generate-columns","tablet-grid-50","mobile-grid-100","grid-parent","grid-25"],"acf":[],"yoast_head":"<!-- This site is optimized with the Yoast SEO Premium plugin v21.3 (Yoast SEO v26.5) - https:\/\/yoast.com\/wordpress\/plugins\/seo\/ -->\n<title>Top 5 des plateformes de slam et po\u00e9sie en vid\u00e9o<\/title>\n<meta name=\"description\" content=\"L\u2019initiative Elvi Slam Po\u00e9sie se distingue par une approche immersive et sc\u00e9naris\u00e9e de la po\u00e9sie orale.\" \/>\n<meta name=\"robots\" content=\"index, follow, max-snippet:-1, max-image-preview:large, max-video-preview:-1\" \/>\n<link rel=\"canonical\" href=\"https:\/\/slams.fr\/blog\/a-la-une\/top-5-des-plateformes-incontournables-pour-slam-et-poesie-visuelle-en-video-2\/\" \/>\n<meta property=\"og:locale\" content=\"fr_FR\" \/>\n<meta property=\"og:type\" content=\"article\" \/>\n<meta property=\"og:title\" content=\"Top 5 des plateformes de slam et po\u00e9sie en vid\u00e9o\" \/>\n<meta property=\"og:description\" content=\"L\u2019initiative Elvi Slam Po\u00e9sie se distingue par une approche immersive et sc\u00e9naris\u00e9e de la po\u00e9sie orale.\" \/>\n<meta property=\"og:url\" content=\"https:\/\/slams.fr\/blog\/a-la-une\/top-5-des-plateformes-incontournables-pour-slam-et-poesie-visuelle-en-video-2\/\" \/>\n<meta property=\"og:site_name\" content=\"slams\" \/>\n<meta property=\"og:image\" content=\"https:\/\/slams.fr\/blog\/wp-content\/uploads\/2025\/07\/sdxl-ce356a8a268a04362f1f3817c6cb8751-scaled.png\" \/>\n\t<meta property=\"og:image:width\" content=\"1200\" \/>\n\t<meta property=\"og:image:height\" content=\"500\" \/>\n\t<meta property=\"og:image:type\" content=\"image\/png\" \/>\n<meta name=\"author\" content=\"Rapha\u00ebl D.\" \/>\n<meta name=\"twitter:card\" content=\"summary_large_image\" \/>\n<script type=\"application\/ld+json\" class=\"yoast-schema-graph\">{\"@context\":\"https:\/\/schema.org\",\"@graph\":[{\"@type\":\"NewsArticle\",\"@id\":\"https:\/\/slams.fr\/blog\/a-la-une\/top-5-des-plateformes-incontournables-pour-slam-et-poesie-visuelle-en-video-2\/#article\",\"isPartOf\":{\"@id\":\"https:\/\/slams.fr\/blog\/a-la-une\/top-5-des-plateformes-incontournables-pour-slam-et-poesie-visuelle-en-video-2\/\"},\"author\":{\"name\":\"Rapha\u00ebl D.\",\"@id\":\"https:\/\/slams.fr\/blog\/#\/schema\/person\/3c864cdc320801e3db34b663e7e3f816\"},\"headline\":\"Top 5 des plateformes incontournables pour slam et po\u00e9sie visuelle en vid\u00e9o\",\"datePublished\":\"2025-06-14T20:43:34+00:00\",\"mainEntityOfPage\":{\"@id\":\"https:\/\/slams.fr\/blog\/a-la-une\/top-5-des-plateformes-incontournables-pour-slam-et-poesie-visuelle-en-video-2\/\"},\"wordCount\":1407,\"commentCount\":0,\"publisher\":{\"@id\":\"https:\/\/slams.fr\/blog\/#organization\"},\"image\":{\"@id\":\"https:\/\/slams.fr\/blog\/a-la-une\/top-5-des-plateformes-incontournables-pour-slam-et-poesie-visuelle-en-video-2\/#primaryimage\"},\"thumbnailUrl\":\"https:\/\/slams.fr\/blog\/wp-content\/uploads\/2025\/07\/sdxl-ce356a8a268a04362f1f3817c6cb8751-scaled.png\",\"keywords\":[\"Po\u00e9sie\",\"Slam\",\"video\"],\"articleSection\":[\"\u00c0 la une\"],\"inLanguage\":\"fr-FR\",\"potentialAction\":[{\"@type\":\"CommentAction\",\"name\":\"Comment\",\"target\":[\"https:\/\/slams.fr\/blog\/a-la-une\/top-5-des-plateformes-incontournables-pour-slam-et-poesie-visuelle-en-video-2\/#respond\"]}]},{\"@type\":\"WebPage\",\"@id\":\"https:\/\/slams.fr\/blog\/a-la-une\/top-5-des-plateformes-incontournables-pour-slam-et-poesie-visuelle-en-video-2\/\",\"url\":\"https:\/\/slams.fr\/blog\/a-la-une\/top-5-des-plateformes-incontournables-pour-slam-et-poesie-visuelle-en-video-2\/\",\"name\":\"Top 5 des plateformes de slam et po\u00e9sie en vid\u00e9o\",\"isPartOf\":{\"@id\":\"https:\/\/slams.fr\/blog\/#website\"},\"primaryImageOfPage\":{\"@id\":\"https:\/\/slams.fr\/blog\/a-la-une\/top-5-des-plateformes-incontournables-pour-slam-et-poesie-visuelle-en-video-2\/#primaryimage\"},\"image\":{\"@id\":\"https:\/\/slams.fr\/blog\/a-la-une\/top-5-des-plateformes-incontournables-pour-slam-et-poesie-visuelle-en-video-2\/#primaryimage\"},\"thumbnailUrl\":\"https:\/\/slams.fr\/blog\/wp-content\/uploads\/2025\/07\/sdxl-ce356a8a268a04362f1f3817c6cb8751-scaled.png\",\"datePublished\":\"2025-06-14T20:43:34+00:00\",\"description\":\"L\u2019initiative Elvi Slam Po\u00e9sie se distingue par une approche immersive et sc\u00e9naris\u00e9e de la po\u00e9sie orale.\",\"inLanguage\":\"fr-FR\",\"potentialAction\":[{\"@type\":\"ReadAction\",\"target\":[\"https:\/\/slams.fr\/blog\/a-la-une\/top-5-des-plateformes-incontournables-pour-slam-et-poesie-visuelle-en-video-2\/\"]}]},{\"@type\":\"ImageObject\",\"inLanguage\":\"fr-FR\",\"@id\":\"https:\/\/slams.fr\/blog\/a-la-une\/top-5-des-plateformes-incontournables-pour-slam-et-poesie-visuelle-en-video-2\/#primaryimage\",\"url\":\"https:\/\/slams.fr\/blog\/wp-content\/uploads\/2025\/07\/sdxl-ce356a8a268a04362f1f3817c6cb8751-scaled.png\",\"contentUrl\":\"https:\/\/slams.fr\/blog\/wp-content\/uploads\/2025\/07\/sdxl-ce356a8a268a04362f1f3817c6cb8751-scaled.png\",\"width\":1200,\"height\":500},{\"@type\":\"WebSite\",\"@id\":\"https:\/\/slams.fr\/blog\/#website\",\"url\":\"https:\/\/slams.fr\/blog\/\",\"name\":\"slams.fr\",\"description\":\"Slams, l&#039;\u00e9nergie des mots en action\",\"publisher\":{\"@id\":\"https:\/\/slams.fr\/blog\/#organization\"},\"alternateName\":\"Slams, l'\u00e9nergie des mots en action\",\"potentialAction\":[{\"@type\":\"SearchAction\",\"target\":{\"@type\":\"EntryPoint\",\"urlTemplate\":\"https:\/\/slams.fr\/blog\/?s={search_term_string}\"},\"query-input\":{\"@type\":\"PropertyValueSpecification\",\"valueRequired\":true,\"valueName\":\"search_term_string\"}}],\"inLanguage\":\"fr-FR\"},{\"@type\":\"Organization\",\"@id\":\"https:\/\/slams.fr\/blog\/#organization\",\"name\":\"Foretsensations.fr\",\"url\":\"https:\/\/slams.fr\/blog\/\",\"logo\":{\"@type\":\"ImageObject\",\"inLanguage\":\"fr-FR\",\"@id\":\"https:\/\/slams.fr\/blog\/#\/schema\/logo\/image\/\",\"url\":\"https:\/\/slams.fr\/blog\/wp-content\/uploads\/2026\/07\/logo-auto-1.png\",\"contentUrl\":\"https:\/\/slams.fr\/blog\/wp-content\/uploads\/2026\/07\/logo-auto-1.png\",\"width\":1024,\"height\":1024,\"caption\":\"Foretsensations.fr\"},\"image\":{\"@id\":\"https:\/\/slams.fr\/blog\/#\/schema\/logo\/image\/\"}},{\"@type\":\"Person\",\"@id\":\"https:\/\/slams.fr\/blog\/#\/schema\/person\/3c864cdc320801e3db34b663e7e3f816\",\"name\":\"Rapha\u00ebl D.\",\"image\":{\"@type\":\"ImageObject\",\"inLanguage\":\"fr-FR\",\"@id\":\"https:\/\/slams.fr\/blog\/#\/schema\/person\/image\/\",\"url\":\"https:\/\/slams.fr\/blog\/wp-content\/uploads\/2026\/06\/persona_raphael-d-96x96.jpg\",\"contentUrl\":\"https:\/\/slams.fr\/blog\/wp-content\/uploads\/2026\/06\/persona_raphael-d-96x96.jpg\",\"caption\":\"Rapha\u00ebl D.\"},\"description\":\"La culture est mon terrain de jeu depuis une dizaine d'ann\u00e9es : arts visuels, s\u00e9ries, cr\u00e9ation et tout ce qui nourrit l'imaginaire. J'\u00e9cris aussi bien sur l'actualit\u00e9 des \u0153uvres que sur les coulisses de la cr\u00e9ation, avec l'envie de relier l'amateur curieux \u00e0 des univers parfois jug\u00e9s intimidants. J'aime analyser une s\u00e9rie ou une d\u00e9marche artistique sans p\u00e9dantisme, replacer une \u0153uvre dans son contexte et donner des cl\u00e9s de lecture accessibles. Avant de publier, je v\u00e9rifie mes r\u00e9f\u00e9rences, je recoupe les sources et je distingue clairement le fait de mon interpr\u00e9tation subjective. Je crois qu'une critique vaut surtout par les arguments qu'elle expose, pas par la sentence qu'elle rend. Mon angle : transmettre l'envie de d\u00e9couvrir, de regarder autrement et de se forger son propre go\u00fbt. La culture n'appartient pas qu'aux initi\u00e9s, et c'est tout l'enjeu de mon \u00e9criture.\",\"url\":\"https:\/\/slams.fr\/blog\/auteur\/raphael-d\/\",\"jobTitle\":\"R\u00e9dacteur en chef \u00b7 Culture & Cr\u00e9ation\",\"knowsAbout\":[\"Culture\",\"Cr\u00e9ation\"],\"email\":\"raphael.d@a-l-asso-de-l-art.fr\"}]}<\/script>\n<!-- \/ Yoast SEO Premium plugin. -->","yoast_head_json":{"title":"Top 5 des plateformes de slam et po\u00e9sie en vid\u00e9o","description":"L\u2019initiative Elvi Slam Po\u00e9sie se distingue par une approche immersive et sc\u00e9naris\u00e9e de la po\u00e9sie orale.","robots":{"index":"index","follow":"follow","max-snippet":"max-snippet:-1","max-image-preview":"max-image-preview:large","max-video-preview":"max-video-preview:-1"},"canonical":"https:\/\/slams.fr\/blog\/a-la-une\/top-5-des-plateformes-incontournables-pour-slam-et-poesie-visuelle-en-video-2\/","og_locale":"fr_FR","og_type":"article","og_title":"Top 5 des plateformes de slam et po\u00e9sie en vid\u00e9o","og_description":"L\u2019initiative Elvi Slam Po\u00e9sie se distingue par une approche immersive et sc\u00e9naris\u00e9e de la po\u00e9sie orale.","og_url":"https:\/\/slams.fr\/blog\/a-la-une\/top-5-des-plateformes-incontournables-pour-slam-et-poesie-visuelle-en-video-2\/","og_site_name":"slams","og_image":[{"width":1200,"height":500,"url":"https:\/\/slams.fr\/blog\/wp-content\/uploads\/2025\/07\/sdxl-ce356a8a268a04362f1f3817c6cb8751-scaled.png","type":"image\/png"}],"author":"Rapha\u00ebl D.","twitter_card":"summary_large_image","schema":{"@context":"https:\/\/schema.org","@graph":[{"@type":"NewsArticle","@id":"https:\/\/slams.fr\/blog\/a-la-une\/top-5-des-plateformes-incontournables-pour-slam-et-poesie-visuelle-en-video-2\/#article","isPartOf":{"@id":"https:\/\/slams.fr\/blog\/a-la-une\/top-5-des-plateformes-incontournables-pour-slam-et-poesie-visuelle-en-video-2\/"},"author":{"name":"Rapha\u00ebl D.","@id":"https:\/\/slams.fr\/blog\/#\/schema\/person\/3c864cdc320801e3db34b663e7e3f816"},"headline":"Top 5 des plateformes incontournables pour slam et po\u00e9sie visuelle en vid\u00e9o","datePublished":"2025-06-14T20:43:34+00:00","mainEntityOfPage":{"@id":"https:\/\/slams.fr\/blog\/a-la-une\/top-5-des-plateformes-incontournables-pour-slam-et-poesie-visuelle-en-video-2\/"},"wordCount":1407,"commentCount":0,"publisher":{"@id":"https:\/\/slams.fr\/blog\/#organization"},"image":{"@id":"https:\/\/slams.fr\/blog\/a-la-une\/top-5-des-plateformes-incontournables-pour-slam-et-poesie-visuelle-en-video-2\/#primaryimage"},"thumbnailUrl":"https:\/\/slams.fr\/blog\/wp-content\/uploads\/2025\/07\/sdxl-ce356a8a268a04362f1f3817c6cb8751-scaled.png","keywords":["Po\u00e9sie","Slam","video"],"articleSection":["\u00c0 la une"],"inLanguage":"fr-FR","potentialAction":[{"@type":"CommentAction","name":"Comment","target":["https:\/\/slams.fr\/blog\/a-la-une\/top-5-des-plateformes-incontournables-pour-slam-et-poesie-visuelle-en-video-2\/#respond"]}]},{"@type":"WebPage","@id":"https:\/\/slams.fr\/blog\/a-la-une\/top-5-des-plateformes-incontournables-pour-slam-et-poesie-visuelle-en-video-2\/","url":"https:\/\/slams.fr\/blog\/a-la-une\/top-5-des-plateformes-incontournables-pour-slam-et-poesie-visuelle-en-video-2\/","name":"Top 5 des plateformes de slam et po\u00e9sie en vid\u00e9o","isPartOf":{"@id":"https:\/\/slams.fr\/blog\/#website"},"primaryImageOfPage":{"@id":"https:\/\/slams.fr\/blog\/a-la-une\/top-5-des-plateformes-incontournables-pour-slam-et-poesie-visuelle-en-video-2\/#primaryimage"},"image":{"@id":"https:\/\/slams.fr\/blog\/a-la-une\/top-5-des-plateformes-incontournables-pour-slam-et-poesie-visuelle-en-video-2\/#primaryimage"},"thumbnailUrl":"https:\/\/slams.fr\/blog\/wp-content\/uploads\/2025\/07\/sdxl-ce356a8a268a04362f1f3817c6cb8751-scaled.png","datePublished":"2025-06-14T20:43:34+00:00","description":"L\u2019initiative Elvi Slam Po\u00e9sie se distingue par une approche immersive et sc\u00e9naris\u00e9e de la po\u00e9sie orale.","inLanguage":"fr-FR","potentialAction":[{"@type":"ReadAction","target":["https:\/\/slams.fr\/blog\/a-la-une\/top-5-des-plateformes-incontournables-pour-slam-et-poesie-visuelle-en-video-2\/"]}]},{"@type":"ImageObject","inLanguage":"fr-FR","@id":"https:\/\/slams.fr\/blog\/a-la-une\/top-5-des-plateformes-incontournables-pour-slam-et-poesie-visuelle-en-video-2\/#primaryimage","url":"https:\/\/slams.fr\/blog\/wp-content\/uploads\/2025\/07\/sdxl-ce356a8a268a04362f1f3817c6cb8751-scaled.png","contentUrl":"https:\/\/slams.fr\/blog\/wp-content\/uploads\/2025\/07\/sdxl-ce356a8a268a04362f1f3817c6cb8751-scaled.png","width":1200,"height":500},{"@type":"WebSite","@id":"https:\/\/slams.fr\/blog\/#website","url":"https:\/\/slams.fr\/blog\/","name":"slams.fr","description":"Slams, l&#039;\u00e9nergie des mots en action","publisher":{"@id":"https:\/\/slams.fr\/blog\/#organization"},"alternateName":"Slams, l'\u00e9nergie des mots en action","potentialAction":[{"@type":"SearchAction","target":{"@type":"EntryPoint","urlTemplate":"https:\/\/slams.fr\/blog\/?s={search_term_string}"},"query-input":{"@type":"PropertyValueSpecification","valueRequired":true,"valueName":"search_term_string"}}],"inLanguage":"fr-FR"},{"@type":"Organization","@id":"https:\/\/slams.fr\/blog\/#organization","name":"Foretsensations.fr","url":"https:\/\/slams.fr\/blog\/","logo":{"@type":"ImageObject","inLanguage":"fr-FR","@id":"https:\/\/slams.fr\/blog\/#\/schema\/logo\/image\/","url":"https:\/\/slams.fr\/blog\/wp-content\/uploads\/2026\/07\/logo-auto-1.png","contentUrl":"https:\/\/slams.fr\/blog\/wp-content\/uploads\/2026\/07\/logo-auto-1.png","width":1024,"height":1024,"caption":"Foretsensations.fr"},"image":{"@id":"https:\/\/slams.fr\/blog\/#\/schema\/logo\/image\/"}},{"@type":"Person","@id":"https:\/\/slams.fr\/blog\/#\/schema\/person\/3c864cdc320801e3db34b663e7e3f816","name":"Rapha\u00ebl D.","image":{"@type":"ImageObject","inLanguage":"fr-FR","@id":"https:\/\/slams.fr\/blog\/#\/schema\/person\/image\/","url":"https:\/\/slams.fr\/blog\/wp-content\/uploads\/2026\/06\/persona_raphael-d-96x96.jpg","contentUrl":"https:\/\/slams.fr\/blog\/wp-content\/uploads\/2026\/06\/persona_raphael-d-96x96.jpg","caption":"Rapha\u00ebl D."},"description":"La culture est mon terrain de jeu depuis une dizaine d'ann\u00e9es : arts visuels, s\u00e9ries, cr\u00e9ation et tout ce qui nourrit l'imaginaire. J'\u00e9cris aussi bien sur l'actualit\u00e9 des \u0153uvres que sur les coulisses de la cr\u00e9ation, avec l'envie de relier l'amateur curieux \u00e0 des univers parfois jug\u00e9s intimidants. J'aime analyser une s\u00e9rie ou une d\u00e9marche artistique sans p\u00e9dantisme, replacer une \u0153uvre dans son contexte et donner des cl\u00e9s de lecture accessibles. Avant de publier, je v\u00e9rifie mes r\u00e9f\u00e9rences, je recoupe les sources et je distingue clairement le fait de mon interpr\u00e9tation subjective. Je crois qu'une critique vaut surtout par les arguments qu'elle expose, pas par la sentence qu'elle rend. Mon angle : transmettre l'envie de d\u00e9couvrir, de regarder autrement et de se forger son propre go\u00fbt. La culture n'appartient pas qu'aux initi\u00e9s, et c'est tout l'enjeu de mon \u00e9criture.","url":"https:\/\/slams.fr\/blog\/auteur\/raphael-d\/","jobTitle":"R\u00e9dacteur en chef \u00b7 Culture & Cr\u00e9ation","knowsAbout":["Culture","Cr\u00e9ation"],"email":"raphael.d@a-l-asso-de-l-art.fr"}]}},"_links":{"self":[{"href":"https:\/\/slams.fr\/blog\/wp-json\/wp\/v2\/posts\/7550","targetHints":{"allow":["GET"]}}],"collection":[{"href":"https:\/\/slams.fr\/blog\/wp-json\/wp\/v2\/posts"}],"about":[{"href":"https:\/\/slams.fr\/blog\/wp-json\/wp\/v2\/types\/post"}],"author":[{"embeddable":true,"href":"https:\/\/slams.fr\/blog\/wp-json\/wp\/v2\/users\/34"}],"replies":[{"embeddable":true,"href":"https:\/\/slams.fr\/blog\/wp-json\/wp\/v2\/comments?post=7550"}],"version-history":[{"count":0,"href":"https:\/\/slams.fr\/blog\/wp-json\/wp\/v2\/posts\/7550\/revisions"}],"wp:featuredmedia":[{"embeddable":true,"href":"https:\/\/slams.fr\/blog\/wp-json\/wp\/v2\/media\/7614"}],"wp:attachment":[{"href":"https:\/\/slams.fr\/blog\/wp-json\/wp\/v2\/media?parent=7550"}],"wp:term":[{"taxonomy":"category","embeddable":true,"href":"https:\/\/slams.fr\/blog\/wp-json\/wp\/v2\/categories?post=7550"},{"taxonomy":"post_tag","embeddable":true,"href":"https:\/\/slams.fr\/blog\/wp-json\/wp\/v2\/tags?post=7550"}],"curies":[{"name":"wp","href":"https:\/\/api.w.org\/{rel}","templated":true}]}}